{"id":451795,"date":"2019-12-05T00:12:02","date_gmt":"2019-12-05T03:12:02","guid":{"rendered":"https:\/\/www.estrategiaconcursos.com.br\/blog\/?p=451795"},"modified":"2023-06-26T11:08:58","modified_gmt":"2023-06-26T14:08:58","slug":"edital-pgm-sao-simao-sp-procurador","status":"publish","type":"post","link":"https:\/\/www.estrategiaconcursos.com.br\/blog\/edital-pgm-sao-simao-sp-procurador\/","title":{"rendered":"Edital PGM S\u00e3o Sim\u00e3o SP: inscri\u00e7\u00f5es encerradas para Procurador Jur\u00eddico"},"content":{"rendered":"\n<p>As inscri\u00e7\u00f5es para o concurso PGM S\u00e3o Sim\u00e3o est\u00e3o encerradas. S\u00e3o ofertadas <strong>02 vagas diretas<\/strong> mais cadastro reserva para <strong>Procurador Jur\u00eddico<\/strong> do Munic\u00edpio de S\u00e3o Sim\u00e3o, no interior do estado de S\u00e3o Paulo. <\/p>\n\n\n\n<p>A carga hor\u00e1ria \u00e9 de<strong> 20 horas<\/strong> semanais e a remunera\u00e7\u00e3o prevista \u00e9 de <strong>R$ 5.295,00. <\/strong><\/p>\n\n\n\n<p>Neste artigo voc\u00ea obter\u00e1 todas as informa\u00e7\u00f5es do certame e as principais caracter\u00edsticas da carreira, muito promissora aos bachar\u00e9is em Direito. <\/p>\n\n\n\n<h2 class=\"wp-block-heading\">Principais datas <\/h2>\n\n\n\n<p class=\"has-very-light-gray-background-color has-background\"><strong><em>Inscri\u00e7\u00f5es:<\/em><\/strong> 11 de novembro a 04 de dezembro<br \/><strong><em>Isen\u00e7\u00e3o:<\/em><\/strong> 11 de novembro a 12 de novembro<br \/><em><strong>Taxa:<\/strong><\/em> R$ 75,00<br \/><em><strong>Data da prova:<\/strong><\/em> 12 de janeiro de 2020<\/p>\n\n\n\n<h2 class=\"wp-block-heading\">Requisitos, atribui\u00e7\u00f5es e remunera\u00e7\u00e3o do cargo <\/h2>\n\n\n\n<p>Para concorrer ao certame, o candidato dever\u00e1 possuir forma\u00e7\u00e3o superior em Direito e inscri\u00e7\u00e3o na Ordem dos Advogados do Brasil. <\/p>\n\n\n\n<p>S\u00e3o atribui\u00e7\u00f5es do Procurador Jur\u00eddico do Munic\u00edpio de Itabora\u00ed RJ: <\/p>\n\n\n\n<ul class=\"wp-block-list\">\n<li>exercer as fun\u00e7\u00f5es de orienta\u00e7\u00e3o e consultoria jur\u00eddica da Administra\u00e7\u00e3o em geral, especialmente do Poder Executivo, em todas mat\u00e9rias jur\u00eddicas; <\/li>\n\n\n\n<li>representar judicial e extrajudicialmente o Munic\u00edpio de S\u00e3o Sim\u00e3o e a Fazenda Municipal perante o Tribunal de Contas do Estado; <\/li>\n\n\n\n<li>promover privativamente a cobran\u00e7a da d\u00edvida ativa e elaborar pareceres sobre consultas formuladas pelos \u00f3rg\u00e3os da Administra\u00e7\u00e3o Municipal, relativas a assuntos de natureza jur\u00eddico-administrativa e fiscal; <\/li>\n\n\n\n<li>coligir informa\u00e7\u00f5es sobre a legisla\u00e7\u00e3o federal, estadual e municipal, cientificando os demais \u00f3rg\u00e3os da administra\u00e7\u00e3o dos assuntos de interesse do Munic\u00edpio; <\/li>\n\n\n\n<li>prestar a necess\u00e1ria assist\u00eancia nos atos executivos referentes a desapropria\u00e7\u00e3o, aliena\u00e7\u00e3o e aquisi\u00e7\u00e3o de im\u00f3veis pelo Munic\u00edpio e pelos \u00f3rg\u00e3os de administra\u00e7\u00e3o indireta, assim como nos contratos e outros assuntos jur\u00eddicos ou de natureza t\u00e9cnico-legislativa; <\/li>\n\n\n\n<li>assessorar, o Prefeito e todos os Departamentos em assuntos jur\u00eddico-administrativos; quanto \u00e0 an\u00e1lise das rotinas jur\u00eddicos administrativa a eles apresentados; emitir pareceres sobre quest\u00f5es de natureza jur\u00eddica e assuntos que forem provocados, desde que relacionados a assuntos jur\u00eddicos administrativos da Administra\u00e7\u00e3o P\u00fablica. <\/li>\n\n\n\n<li>participar de inqu\u00e9ritos administrativos e dar-lhes a orienta\u00e7\u00e3o jur\u00eddica conveniente, assessorar as comiss\u00f5es de sindic\u00e2ncias, inqu\u00e9ritos administrativos e licita\u00e7\u00f5es, inclusive com pareceres e acompanhamentos di\u00e1rios; <\/li>\n\n\n\n<li>representar o Munic\u00edpio nos atos de tabelionato compreendidos nos da compet\u00eancia da Diretoria de Neg\u00f3cios Jur\u00eddicos; <\/li>\n\n\n\n<li>executar servi\u00e7os conexos e peculiares \u00e0 mat\u00e9ria judicial que lhe forem determinados pelo Senhor Diretor de Neg\u00f3cios Jur\u00eddicos ou Prefeito Municipal; e <\/li>\n\n\n\n<li>exercer outras atividades correlatas e executar as ordens do Prefeito Municipal, e atividades de compet\u00eancia de cargo de Procurador. <\/li>\n<\/ul>\n\n\n\n<p>O valor da remunera\u00e7\u00e3o base ser\u00e1 de  <strong>R$ 5.295,00<\/strong>, por\u00e9m o servidor n\u00e3o precisa atuar com dedica\u00e7\u00e3o exclusiva, tendo em vista a carga hor\u00e1ria semanal de 20 horas. <\/p>\n\n\n\n<p>Assim, o profissional poder\u00e1 patrocinar causas externas \u00e0 sua atua\u00e7\u00e3o na Procuradoria desde que n\u00e3o envolvam o Munic\u00edpio nem sejam de seu interesse. <\/p>\n\n\n\n<h2 class=\"wp-block-heading\">Etapas do concurso <\/h2>\n\n\n\n<p>O certame ser\u00e1 composto apenas de uma <strong>Prova Objetiva<\/strong>, composta de <strong>40 quest\u00f5es<\/strong> de m\u00faltipla escolha, com um peso de <strong>2.5 pontos<\/strong> cada uma. A prova ter\u00e1 dura\u00e7\u00e3o de <strong>02 horas<\/strong> e as disciplinas exigidas ser\u00e3o assim divididas: <\/p>\n\n\n\n<p><\/p>\n\n\n\n<figure class=\"wp-block-table aligncenter is-style-stripes\"><table class=\"has-subtle-pale-blue-background-color has-background has-fixed-layout\"><tbody><tr><td><strong>Disciplina<\/strong><\/td><td><strong>Quest\u00f5es<\/strong> <\/td><\/tr><tr><td>L\u00edngua Portuguesa   <\/td><td>10   <\/td><\/tr><tr><td>Matem\u00e1tica <\/td><td>05  <\/td><\/tr><tr><td>Conhecimentos em Inform\u00e1tica <\/td><td>05  <\/td><\/tr><tr><td>Conhecimentos Espec\u00edficos<\/td><td>20   <\/td><\/tr><\/tbody><\/table><\/figure>\n\n\n\n<p>A prova ser\u00e1 realizada no dia <strong>12 de janeiro de 2019<\/strong> \u00e0s<strong> 09 horas. <\/strong><\/p>\n\n\n\n<p>Ser\u00e3o considerados habilitados os candidatos que obtiverem, no m\u00ednimo, 50% de pontos nas provas.<\/p>\n\n\n\n<h2 class=\"wp-block-heading has-text-align-center\" id=\"cursos\">Quer estudar para o <strong>concurso PGM S\u00e3o Sim\u00e3o SP?<\/strong><\/h2>\n\n\n\n<p class=\"has-text-align-center has-pale-pink-background-color has-background\" style=\"font-size:clamp(15.197px, 0.95rem + ((1vw - 3.2px) * 0.765), 23px);px\"><strong><a href=\"https:\/\/www.estrategiaconcursos.com.br\/cursosPorConcurso\/procuradorias-municipais-pgms-cursos-regulares-procurador\/\">Curso Procuradorias Municipais<\/a><\/strong><\/p>\n\n\n\n<p class=\"has-text-align-center\"><strong>Fique por dentro de todos os concursos<\/strong><\/p>\n\n\n\n<p class=\"has-text-align-center has-pale-cyan-blue-background-color has-background\" style=\"font-size:clamp(15.197px, 0.95rem + ((1vw - 3.2px) * 0.765), 23px);px\"><a href=\"https:\/\/www.estrategiaconcursos.com.br\/blog\/concursos-abertos\/\" target=\"_blank\" rel=\"noreferrer noopener\"><strong>Concursos abertos<\/strong><\/a><\/p>\n\n\n\n<p class=\"has-text-align-center has-pale-cyan-blue-background-color has-background\" style=\"font-size:clamp(15.197px, 0.95rem + ((1vw - 3.2px) * 0.765), 23px);px\"><strong><a href=\"https:\/\/www.estrategiaconcursos.com.br\/blog\/concursos-de-direito\/\" target=\"_blank\" rel=\"noreferrer noopener\">Concursos de Direito<\/a><\/strong><\/p>\n\n\n\n<figure class=\"wp-block-image\"><img loading=\"lazy\" decoding=\"async\" width=\"300\" height=\"102\" src=\"https:\/\/dhg1h5j42swfq.cloudfront.net\/2017\/03\/28152500\/coruja-ficha-tecnica-300x102.png\" alt=\"Ficha t\u00e9cnica concurso PGM S\u00e3o Sim\u00e3o SP \" class=\"wp-image-68542\"\/><\/figure>\n\n\n\n<h3 class=\"wp-block-heading\" id=\"ficha-tecnica\"><strong>Informa\u00e7\u00f5es sobre o concurso PGM<\/strong> S\u00e3o Sim\u00e3o SP<\/h3>\n\n\n\n<p>\u25ba<strong>Inscri\u00e7\u00f5es<\/strong>: 11 de novembro a 04 de dezembro <br \/>\u25ba<strong>Prova<\/strong>: 12 de janeiro de 2020 <br \/>\u25ba<strong>Vagas<\/strong>: 2 + CR<br \/>\u25ba<strong>Cargo<\/strong>: Procurador do Munic\u00edpio<br \/>\u25ba<strong>Banca<\/strong>: INSTITUTO INDEC <br \/>\u25ba<strong>Edital<\/strong>: <a href=\"https:\/\/dhg1h5j42swfq.cloudfront.net\/2019\/11\/26145555\/Edital_PGM_S%C3%A3o_Sim%C3%A3o_SP.pdf\">Edital PGM S\u00e3o Sim\u00e3o<\/a> <\/p>\n\n\n\n<p><em>Ascom Estrat\u00e9gia<\/em><br \/>ascomestrategia@gmail.com\n\n<\/p>\n","protected":false},"excerpt":{"rendered":"<p>As inscri\u00e7\u00f5es para o concurso PGM S\u00e3o Sim\u00e3o est\u00e3o encerradas. S\u00e3o ofertadas 02 vagas diretas mais cadastro reserva para Procurador Jur\u00eddico do Munic\u00edpio de S\u00e3o Sim\u00e3o, no interior do estado de S\u00e3o Paulo. A carga hor\u00e1ria \u00e9 de 20 horas semanais e a remunera\u00e7\u00e3o prevista \u00e9 de R$ 5.295,00. Neste artigo voc\u00ea obter\u00e1 todas as [&hellip;]<\/p>\n","protected":false},"author":218,"featured_media":446933,"comment_status":"open","ping_status":"closed","sticky":false,"template":"","format":"standard","meta":{"post_tipo":"article","footnotes":""},"categories":[1,2185],"tags":[],"tax_estado":[],"class_list":["post-451795","post","type-post","status-publish","format-standard","has-post-thumbnail","hentry","category-cursos-e-concursos","category-carreiras-juridicas"],"acf":[],"yoast_head":"<!-- This site is optimized with the Yoast SEO Premium plugin v27.2 (Yoast SEO v27.2) - https:\/\/yoast.com\/product\/yoast-seo-premium-wordpress\/ -->\n<title>Edital PGM S\u00e3o Sim\u00e3o SP: inscri\u00e7\u00f5es encerradas para Procurador Jur\u00eddico<\/title>\n<meta name=\"description\" content=\"Concurso PGM S\u00e3o Sim\u00e3o: inscri\u00e7\u00f5es encerradas para provimento de 02 vagas diretas para Procurador Jur\u00eddico em S\u00e3o Sim\u00e3o, no interior de S\u00e3o Paulo.\" \/>\n<meta name=\"robots\" content=\"index, follow, max-snippet:-1, max-image-preview:large, max-video-preview:-1\" \/>\n<link rel=\"canonical\" href=\"https:\/\/www.estrategiaconcursos.com.br\/blog\/edital-pgm-sao-simao-sp-procurador\/\" \/>\n<meta property=\"og:locale\" content=\"pt_BR\" \/>\n<meta property=\"og:type\" content=\"article\" \/>\n<meta property=\"og:title\" content=\"Edital PGM S\u00e3o Sim\u00e3o SP: inscri\u00e7\u00f5es encerradas para Procurador Jur\u00eddico\" \/>\n<meta property=\"og:description\" content=\"Concurso PGM S\u00e3o Sim\u00e3o: inscri\u00e7\u00f5es encerradas para provimento de 02 vagas diretas para Procurador Jur\u00eddico em S\u00e3o Sim\u00e3o, no interior de S\u00e3o Paulo.\" \/>\n<meta property=\"og:url\" content=\"https:\/\/www.estrategiaconcursos.com.br\/blog\/edital-pgm-sao-simao-sp-procurador\/\" \/>\n<meta property=\"og:site_name\" content=\"Estrat\u00e9gia Concursos\" \/>\n<meta property=\"article:published_time\" content=\"2019-12-05T03:12:02+00:00\" \/>\n<meta property=\"article:modified_time\" content=\"2023-06-26T14:08:58+00:00\" \/>\n<meta property=\"og:image\" content=\"https:\/\/dhg1h5j42swfq.cloudfront.net\/2019\/11\/12073325\/Saiu-Edital-ECJ-4.png\" \/>\n\t<meta property=\"og:image:width\" content=\"1200\" \/>\n\t<meta property=\"og:image:height\" content=\"628\" \/>\n\t<meta property=\"og:image:type\" content=\"image\/png\" \/>\n<meta name=\"author\" content=\"Paulo H M Sousa\" \/>\n<meta name=\"twitter:card\" content=\"summary_large_image\" \/>\n<meta name=\"twitter:creator\" content=\"@EstratConcursos\" \/>\n<meta name=\"twitter:site\" content=\"@EstratConcursos\" \/>\n<meta name=\"twitter:label1\" content=\"Escrito por\" \/>\n\t<meta name=\"twitter:data1\" content=\"Paulo H M Sousa\" \/>\n\t<meta name=\"twitter:label2\" content=\"Est. tempo de leitura\" \/>\n\t<meta name=\"twitter:data2\" content=\"3 minutos\" \/>\n<script type=\"application\/ld+json\" class=\"yoast-schema-graph\">{\"@context\":\"https:\/\/schema.org\",\"@graph\":[{\"@type\":\"NewsArticle\",\"@id\":\"https:\/\/www.estrategiaconcursos.com.br\/blog\/edital-pgm-sao-simao-sp-procurador\/#article\",\"isPartOf\":{\"@id\":\"https:\/\/www.estrategiaconcursos.com.br\/blog\/edital-pgm-sao-simao-sp-procurador\/\"},\"author\":{\"name\":\"Paulo H M Sousa\",\"@id\":\"https:\/\/www.estrategiaconcursos.com.br\/blog\/#\/schema\/person\/659a4992e582a2be87908edc68d3786f\"},\"headline\":\"Edital PGM S\u00e3o Sim\u00e3o SP: inscri\u00e7\u00f5es encerradas para Procurador Jur\u00eddico\",\"datePublished\":\"2019-12-05T03:12:02+00:00\",\"dateModified\":\"2023-06-26T14:08:58+00:00\",\"mainEntityOfPage\":{\"@id\":\"https:\/\/www.estrategiaconcursos.com.br\/blog\/edital-pgm-sao-simao-sp-procurador\/\"},\"wordCount\":671,\"commentCount\":0,\"publisher\":{\"@id\":\"https:\/\/www.estrategiaconcursos.com.br\/blog\/#organization\"},\"image\":{\"@id\":\"https:\/\/www.estrategiaconcursos.com.br\/blog\/edital-pgm-sao-simao-sp-procurador\/#primaryimage\"},\"thumbnailUrl\":\"https:\/\/dhg1h5j42swfq.cloudfront.net\/2019\/11\/12073325\/Saiu-Edital-ECJ-4.png\",\"articleSection\":[\"Concursos P\u00fablicos\",\"Jur\u00eddico\"],\"inLanguage\":\"pt-BR\",\"potentialAction\":[{\"@type\":\"CommentAction\",\"name\":\"Comment\",\"target\":[\"https:\/\/www.estrategiaconcursos.com.br\/blog\/edital-pgm-sao-simao-sp-procurador\/#respond\"]}],\"copyrightYear\":\"2019\",\"copyrightHolder\":{\"@id\":\"https:\/\/www.estrategiaconcursos.com.br\/blog\/#organization\"}},{\"@type\":\"WebPage\",\"@id\":\"https:\/\/www.estrategiaconcursos.com.br\/blog\/edital-pgm-sao-simao-sp-procurador\/\",\"url\":\"https:\/\/www.estrategiaconcursos.com.br\/blog\/edital-pgm-sao-simao-sp-procurador\/\",\"name\":\"Edital PGM S\u00e3o Sim\u00e3o SP: inscri\u00e7\u00f5es encerradas para Procurador Jur\u00eddico\",\"isPartOf\":{\"@id\":\"https:\/\/www.estrategiaconcursos.com.br\/blog\/#website\"},\"primaryImageOfPage\":{\"@id\":\"https:\/\/www.estrategiaconcursos.com.br\/blog\/edital-pgm-sao-simao-sp-procurador\/#primaryimage\"},\"image\":{\"@id\":\"https:\/\/www.estrategiaconcursos.com.br\/blog\/edital-pgm-sao-simao-sp-procurador\/#primaryimage\"},\"thumbnailUrl\":\"https:\/\/dhg1h5j42swfq.cloudfront.net\/2019\/11\/12073325\/Saiu-Edital-ECJ-4.png\",\"datePublished\":\"2019-12-05T03:12:02+00:00\",\"dateModified\":\"2023-06-26T14:08:58+00:00\",\"description\":\"Concurso PGM S\u00e3o Sim\u00e3o: inscri\u00e7\u00f5es encerradas para provimento de 02 vagas diretas para Procurador Jur\u00eddico em S\u00e3o Sim\u00e3o, no interior de S\u00e3o Paulo.\",\"breadcrumb\":{\"@id\":\"https:\/\/www.estrategiaconcursos.com.br\/blog\/edital-pgm-sao-simao-sp-procurador\/#breadcrumb\"},\"inLanguage\":\"pt-BR\",\"potentialAction\":[{\"@type\":\"ReadAction\",\"target\":[\"https:\/\/www.estrategiaconcursos.com.br\/blog\/edital-pgm-sao-simao-sp-procurador\/\"]}]},{\"@type\":\"ImageObject\",\"inLanguage\":\"pt-BR\",\"@id\":\"https:\/\/www.estrategiaconcursos.com.br\/blog\/edital-pgm-sao-simao-sp-procurador\/#primaryimage\",\"url\":\"https:\/\/dhg1h5j42swfq.cloudfront.net\/2019\/11\/12073325\/Saiu-Edital-ECJ-4.png\",\"contentUrl\":\"https:\/\/dhg1h5j42swfq.cloudfront.net\/2019\/11\/12073325\/Saiu-Edital-ECJ-4.png\",\"width\":1200,\"height\":628,\"caption\":\"Concurso PGM Sinop\"},{\"@type\":\"BreadcrumbList\",\"@id\":\"https:\/\/www.estrategiaconcursos.com.br\/blog\/edital-pgm-sao-simao-sp-procurador\/#breadcrumb\",\"itemListElement\":[{\"@type\":\"ListItem\",\"position\":1,\"name\":\"In\u00edcio\",\"item\":\"https:\/\/www.estrategiaconcursos.com.br\/blog\/\"},{\"@type\":\"ListItem\",\"position\":2,\"name\":\"Edital PGM S\u00e3o Sim\u00e3o SP: inscri\u00e7\u00f5es encerradas para Procurador Jur\u00eddico\"}]},{\"@type\":\"WebSite\",\"@id\":\"https:\/\/www.estrategiaconcursos.com.br\/blog\/#website\",\"url\":\"https:\/\/www.estrategiaconcursos.com.br\/blog\/\",\"name\":\"Estrat\u00e9gia Concursos\",\"description\":\"O blog da Estrat\u00e9gia Concursos traz not\u00edcias sobre concursos e artigos de professores oferecendo cursos para concursos (pdf + videaulas) no site.\",\"publisher\":{\"@id\":\"https:\/\/www.estrategiaconcursos.com.br\/blog\/#organization\"},\"potentialAction\":[{\"@type\":\"SearchAction\",\"target\":{\"@type\":\"EntryPoint\",\"urlTemplate\":\"https:\/\/www.estrategiaconcursos.com.br\/blog\/?s={search_term_string}\"},\"query-input\":{\"@type\":\"PropertyValueSpecification\",\"valueRequired\":true,\"valueName\":\"search_term_string\"}}],\"inLanguage\":\"pt-BR\"},{\"@type\":\"Organization\",\"@id\":\"https:\/\/www.estrategiaconcursos.com.br\/blog\/#organization\",\"name\":\"Estrat\u00e9gia Concursos\",\"url\":\"https:\/\/www.estrategiaconcursos.com.br\/blog\/\",\"logo\":{\"@type\":\"ImageObject\",\"inLanguage\":\"pt-BR\",\"@id\":\"https:\/\/www.estrategiaconcursos.com.br\/blog\/#\/schema\/logo\/image\/\",\"url\":\"https:\/\/dhg1h5j42swfq.cloudfront.net\/2025\/06\/03203428\/logo_concursos-1.jpg\",\"contentUrl\":\"https:\/\/dhg1h5j42swfq.cloudfront.net\/2025\/06\/03203428\/logo_concursos-1.jpg\",\"width\":230,\"height\":60,\"caption\":\"Estrat\u00e9gia Concursos\"},\"image\":{\"@id\":\"https:\/\/www.estrategiaconcursos.com.br\/blog\/#\/schema\/logo\/image\/\"},\"sameAs\":[\"https:\/\/x.com\/EstratConcursos\"]},{\"@type\":\"Person\",\"@id\":\"https:\/\/www.estrategiaconcursos.com.br\/blog\/#\/schema\/person\/659a4992e582a2be87908edc68d3786f\",\"name\":\"Paulo H M Sousa\",\"image\":{\"@type\":\"ImageObject\",\"inLanguage\":\"pt-BR\",\"@id\":\"https:\/\/secure.gravatar.com\/avatar\/6c5538a36475e584e0a1a209a3b92f8b2ecca752f244b8d7db751faab2a292e2?s=96&d=mm&r=g\",\"url\":\"https:\/\/secure.gravatar.com\/avatar\/6c5538a36475e584e0a1a209a3b92f8b2ecca752f244b8d7db751faab2a292e2?s=96&d=mm&r=g\",\"contentUrl\":\"https:\/\/secure.gravatar.com\/avatar\/6c5538a36475e584e0a1a209a3b92f8b2ecca752f244b8d7db751faab2a292e2?s=96&d=mm&r=g\",\"caption\":\"Paulo H M Sousa\"},\"url\":\"https:\/\/www.estrategiaconcursos.com.br\/blog\/author\/paulosousaestrategiaconcursos-com-br\/\"}]}<\/script>\n<!-- \/ Yoast SEO Premium plugin. -->","yoast_head_json":{"title":"Edital PGM S\u00e3o Sim\u00e3o SP: inscri\u00e7\u00f5es encerradas para Procurador Jur\u00eddico","description":"Concurso PGM S\u00e3o Sim\u00e3o: inscri\u00e7\u00f5es encerradas para provimento de 02 vagas diretas para Procurador Jur\u00eddico em S\u00e3o Sim\u00e3o, no interior de S\u00e3o Paulo.","robots":{"index":"index","follow":"follow","max-snippet":"max-snippet:-1","max-image-preview":"max-image-preview:large","max-video-preview":"max-video-preview:-1"},"canonical":"https:\/\/www.estrategiaconcursos.com.br\/blog\/edital-pgm-sao-simao-sp-procurador\/","og_locale":"pt_BR","og_type":"article","og_title":"Edital PGM S\u00e3o Sim\u00e3o SP: inscri\u00e7\u00f5es encerradas para Procurador Jur\u00eddico","og_description":"Concurso PGM S\u00e3o Sim\u00e3o: inscri\u00e7\u00f5es encerradas para provimento de 02 vagas diretas para Procurador Jur\u00eddico em S\u00e3o Sim\u00e3o, no interior de S\u00e3o Paulo.","og_url":"https:\/\/www.estrategiaconcursos.com.br\/blog\/edital-pgm-sao-simao-sp-procurador\/","og_site_name":"Estrat\u00e9gia Concursos","article_published_time":"2019-12-05T03:12:02+00:00","article_modified_time":"2023-06-26T14:08:58+00:00","og_image":[{"width":1200,"height":628,"url":"https:\/\/dhg1h5j42swfq.cloudfront.net\/2019\/11\/12073325\/Saiu-Edital-ECJ-4.png","type":"image\/png"}],"author":"Paulo H M Sousa","twitter_card":"summary_large_image","twitter_creator":"@EstratConcursos","twitter_site":"@EstratConcursos","twitter_misc":{"Escrito por":"Paulo H M Sousa","Est. tempo de leitura":"3 minutos"},"schema":{"@context":"https:\/\/schema.org","@graph":[{"@type":"NewsArticle","@id":"https:\/\/www.estrategiaconcursos.com.br\/blog\/edital-pgm-sao-simao-sp-procurador\/#article","isPartOf":{"@id":"https:\/\/www.estrategiaconcursos.com.br\/blog\/edital-pgm-sao-simao-sp-procurador\/"},"author":{"name":"Paulo H M Sousa","@id":"https:\/\/www.estrategiaconcursos.com.br\/blog\/#\/schema\/person\/659a4992e582a2be87908edc68d3786f"},"headline":"Edital PGM S\u00e3o Sim\u00e3o SP: inscri\u00e7\u00f5es encerradas para Procurador Jur\u00eddico","datePublished":"2019-12-05T03:12:02+00:00","dateModified":"2023-06-26T14:08:58+00:00","mainEntityOfPage":{"@id":"https:\/\/www.estrategiaconcursos.com.br\/blog\/edital-pgm-sao-simao-sp-procurador\/"},"wordCount":671,"commentCount":0,"publisher":{"@id":"https:\/\/www.estrategiaconcursos.com.br\/blog\/#organization"},"image":{"@id":"https:\/\/www.estrategiaconcursos.com.br\/blog\/edital-pgm-sao-simao-sp-procurador\/#primaryimage"},"thumbnailUrl":"https:\/\/dhg1h5j42swfq.cloudfront.net\/2019\/11\/12073325\/Saiu-Edital-ECJ-4.png","articleSection":["Concursos P\u00fablicos","Jur\u00eddico"],"inLanguage":"pt-BR","potentialAction":[{"@type":"CommentAction","name":"Comment","target":["https:\/\/www.estrategiaconcursos.com.br\/blog\/edital-pgm-sao-simao-sp-procurador\/#respond"]}],"copyrightYear":"2019","copyrightHolder":{"@id":"https:\/\/www.estrategiaconcursos.com.br\/blog\/#organization"}},{"@type":"WebPage","@id":"https:\/\/www.estrategiaconcursos.com.br\/blog\/edital-pgm-sao-simao-sp-procurador\/","url":"https:\/\/www.estrategiaconcursos.com.br\/blog\/edital-pgm-sao-simao-sp-procurador\/","name":"Edital PGM S\u00e3o Sim\u00e3o SP: inscri\u00e7\u00f5es encerradas para Procurador Jur\u00eddico","isPartOf":{"@id":"https:\/\/www.estrategiaconcursos.com.br\/blog\/#website"},"primaryImageOfPage":{"@id":"https:\/\/www.estrategiaconcursos.com.br\/blog\/edital-pgm-sao-simao-sp-procurador\/#primaryimage"},"image":{"@id":"https:\/\/www.estrategiaconcursos.com.br\/blog\/edital-pgm-sao-simao-sp-procurador\/#primaryimage"},"thumbnailUrl":"https:\/\/dhg1h5j42swfq.cloudfront.net\/2019\/11\/12073325\/Saiu-Edital-ECJ-4.png","datePublished":"2019-12-05T03:12:02+00:00","dateModified":"2023-06-26T14:08:58+00:00","description":"Concurso PGM S\u00e3o Sim\u00e3o: inscri\u00e7\u00f5es encerradas para provimento de 02 vagas diretas para Procurador Jur\u00eddico em S\u00e3o Sim\u00e3o, no interior de S\u00e3o Paulo.","breadcrumb":{"@id":"https:\/\/www.estrategiaconcursos.com.br\/blog\/edital-pgm-sao-simao-sp-procurador\/#breadcrumb"},"inLanguage":"pt-BR","potentialAction":[{"@type":"ReadAction","target":["https:\/\/www.estrategiaconcursos.com.br\/blog\/edital-pgm-sao-simao-sp-procurador\/"]}]},{"@type":"ImageObject","inLanguage":"pt-BR","@id":"https:\/\/www.estrategiaconcursos.com.br\/blog\/edital-pgm-sao-simao-sp-procurador\/#primaryimage","url":"https:\/\/dhg1h5j42swfq.cloudfront.net\/2019\/11\/12073325\/Saiu-Edital-ECJ-4.png","contentUrl":"https:\/\/dhg1h5j42swfq.cloudfront.net\/2019\/11\/12073325\/Saiu-Edital-ECJ-4.png","width":1200,"height":628,"caption":"Concurso PGM Sinop"},{"@type":"BreadcrumbList","@id":"https:\/\/www.estrategiaconcursos.com.br\/blog\/edital-pgm-sao-simao-sp-procurador\/#breadcrumb","itemListElement":[{"@type":"ListItem","position":1,"name":"In\u00edcio","item":"https:\/\/www.estrategiaconcursos.com.br\/blog\/"},{"@type":"ListItem","position":2,"name":"Edital PGM S\u00e3o Sim\u00e3o SP: inscri\u00e7\u00f5es encerradas para Procurador Jur\u00eddico"}]},{"@type":"WebSite","@id":"https:\/\/www.estrategiaconcursos.com.br\/blog\/#website","url":"https:\/\/www.estrategiaconcursos.com.br\/blog\/","name":"Estrat\u00e9gia Concursos","description":"O blog da Estrat\u00e9gia Concursos traz not\u00edcias sobre concursos e artigos de professores oferecendo cursos para concursos (pdf + videaulas) no site.","publisher":{"@id":"https:\/\/www.estrategiaconcursos.com.br\/blog\/#organization"},"potentialAction":[{"@type":"SearchAction","target":{"@type":"EntryPoint","urlTemplate":"https:\/\/www.estrategiaconcursos.com.br\/blog\/?s={search_term_string}"},"query-input":{"@type":"PropertyValueSpecification","valueRequired":true,"valueName":"search_term_string"}}],"inLanguage":"pt-BR"},{"@type":"Organization","@id":"https:\/\/www.estrategiaconcursos.com.br\/blog\/#organization","name":"Estrat\u00e9gia Concursos","url":"https:\/\/www.estrategiaconcursos.com.br\/blog\/","logo":{"@type":"ImageObject","inLanguage":"pt-BR","@id":"https:\/\/www.estrategiaconcursos.com.br\/blog\/#\/schema\/logo\/image\/","url":"https:\/\/dhg1h5j42swfq.cloudfront.net\/2025\/06\/03203428\/logo_concursos-1.jpg","contentUrl":"https:\/\/dhg1h5j42swfq.cloudfront.net\/2025\/06\/03203428\/logo_concursos-1.jpg","width":230,"height":60,"caption":"Estrat\u00e9gia Concursos"},"image":{"@id":"https:\/\/www.estrategiaconcursos.com.br\/blog\/#\/schema\/logo\/image\/"},"sameAs":["https:\/\/x.com\/EstratConcursos"]},{"@type":"Person","@id":"https:\/\/www.estrategiaconcursos.com.br\/blog\/#\/schema\/person\/659a4992e582a2be87908edc68d3786f","name":"Paulo H M Sousa","image":{"@type":"ImageObject","inLanguage":"pt-BR","@id":"https:\/\/secure.gravatar.com\/avatar\/6c5538a36475e584e0a1a209a3b92f8b2ecca752f244b8d7db751faab2a292e2?s=96&d=mm&r=g","url":"https:\/\/secure.gravatar.com\/avatar\/6c5538a36475e584e0a1a209a3b92f8b2ecca752f244b8d7db751faab2a292e2?s=96&d=mm&r=g","contentUrl":"https:\/\/secure.gravatar.com\/avatar\/6c5538a36475e584e0a1a209a3b92f8b2ecca752f244b8d7db751faab2a292e2?s=96&d=mm&r=g","caption":"Paulo H M Sousa"},"url":"https:\/\/www.estrategiaconcursos.com.br\/blog\/author\/paulosousaestrategiaconcursos-com-br\/"}]}},"_links":{"self":[{"href":"https:\/\/www.estrategiaconcursos.com.br\/blog\/wp-json\/wp\/v2\/posts\/451795","targetHints":{"allow":["GET"]}}],"collection":[{"href":"https:\/\/www.estrategiaconcursos.com.br\/blog\/wp-json\/wp\/v2\/posts"}],"about":[{"href":"https:\/\/www.estrategiaconcursos.com.br\/blog\/wp-json\/wp\/v2\/types\/post"}],"author":[{"embeddable":true,"href":"https:\/\/www.estrategiaconcursos.com.br\/blog\/wp-json\/wp\/v2\/users\/218"}],"replies":[{"embeddable":true,"href":"https:\/\/www.estrategiaconcursos.com.br\/blog\/wp-json\/wp\/v2\/comments?post=451795"}],"version-history":[{"count":14,"href":"https:\/\/www.estrategiaconcursos.com.br\/blog\/wp-json\/wp\/v2\/posts\/451795\/revisions"}],"predecessor-version":[{"id":1238776,"href":"https:\/\/www.estrategiaconcursos.com.br\/blog\/wp-json\/wp\/v2\/posts\/451795\/revisions\/1238776"}],"wp:featuredmedia":[{"embeddable":true,"href":"https:\/\/www.estrategiaconcursos.com.br\/blog\/wp-json\/wp\/v2\/media\/446933"}],"wp:attachment":[{"href":"https:\/\/www.estrategiaconcursos.com.br\/blog\/wp-json\/wp\/v2\/media?parent=451795"}],"wp:term":[{"taxonomy":"category","embeddable":true,"href":"https:\/\/www.estrategiaconcursos.com.br\/blog\/wp-json\/wp\/v2\/categories?post=451795"},{"taxonomy":"post_tag","embeddable":true,"href":"https:\/\/www.estrategiaconcursos.com.br\/blog\/wp-json\/wp\/v2\/tags?post=451795"},{"taxonomy":"tax_estado","embeddable":true,"href":"https:\/\/www.estrategiaconcursos.com.br\/blog\/wp-json\/wp\/v2\/tax_estado?post=451795"}],"curies":[{"name":"wp","href":"https:\/\/api.w.org\/{rel}","templated":true}]}}