{"id":451586,"date":"2020-02-27T00:00:00","date_gmt":"2020-02-27T03:00:00","guid":{"rendered":"https:\/\/www.estrategiaconcursos.com.br\/blog\/?p=451586"},"modified":"2023-06-23T09:28:03","modified_gmt":"2023-06-23T12:28:03","slug":"edital-codau-uberaba","status":"publish","type":"post","link":"https:\/\/www.estrategiaconcursos.com.br\/blog\/edital-codau-uberaba\/","title":{"rendered":"Edital Codau Uberaba: inscri\u00e7\u00f5es encerradas; edital com 08 vagas"},"content":{"rendered":"\n<p>O edital do concurso p\u00fablico da&nbsp;Companhia Operacional de Desenvolvimento, Saneamento e A\u00e7\u00f5es Urbanas de Uberaba, localizado em Minas Gerais, oferta, ao todo, 08 vagas. <\/p>\n\n\n\n<p>As oportunidades s\u00e3o distribu\u00eddas entre os cargos de Assistente de Servi\u00e7os de Saneamento, Agente Saneamento e Agente com Especialidade para Atendimento em Libras. <\/p>\n\n\n\n<p>Os sal\u00e1rios variam de acordo com o cargo desejado, entre R$ 1.440,86 a R$ 2.160,74. Vale ressaltar que as vagas exigem forma\u00e7\u00e3o em n\u00edvel m\u00e9dio e fundamental.<\/p>\n\n\n\n<p>Os interessados puderam se inscrever no concurso Codau Uberaba, no site da banca organizadora, <strong>APTA Assessoria Consultoria<\/strong>, at\u00e9 o dia 27 de fevereiro.<\/p>\n\n\n\n<p>Os valores correspondentes \u00e0s taxas de inscri\u00e7\u00e3o foram determinados de acordo com o Cargo P\u00fablico pretendido, conforme abaixo: <\/p>\n\n\n\n<ul class=\"wp-block-list\">\n<li>Assistente de Servi\u00e7os de Saneamento &#8211; <strong>R$ 60,00 <\/strong><\/li>\n\n\n\n<li>Agente de Saneamento e Agente de Saneamento\/ Especialidade para atendimento em LIBRAS (L\u00edngua Brasileira de Sinais) &#8211; <strong>R$ 90,00<\/strong> <\/li>\n<\/ul>\n\n\n\n<h2 class=\"wp-block-heading\">An\u00e1lise de edital <\/h2>\n\n\n<figure class=\"wp-block-embed-youtube wp-block-embed is-type-video is-provider-youtube wp-embed-aspect-16-9 wp-has-aspect-ratio lyte-align aligncenter\"><div class=\"lyte-wrapper\" style=\"width:853px;max-width:100%;margin:5px;\"><div class=\"lyMe\" id=\"WYL_drjWQH3usD0\"><div id=\"lyte_drjWQH3usD0\" data-src=\"\/\/i.ytimg.com\/vi\/drjWQH3usD0\/hqdefault.jpg\" class=\"pL\"><div class=\"tC\"><div class=\"tT\"><\/div><\/div><div class=\"play\"><\/div><div class=\"ctrl\"><div class=\"Lctrl\"><\/div><div class=\"Rctrl\"><\/div><\/div><\/div><noscript><a href=\"https:\/\/youtu.be\/drjWQH3usD0\" rel=\"nofollow\"><img loading=\"lazy\" decoding=\"async\" src=\"https:\/\/i.ytimg.com\/vi\/drjWQH3usD0\/0.jpg\" alt=\"YouTube video thumbnail\" width=\"853\" height=\"460\" \/><br \/>Assista a este v\u00eddeo no YouTube<\/a><\/noscript><\/div><\/div><div class=\"lL\" style=\"max-width:100%;width:853px;margin:5px;\"><\/div><figcaption><\/figcaption><\/figure>\n\n\n<h2 class=\"wp-block-heading\">Principais datas<\/h2>\n\n\n\n<p class=\"has-very-light-gray-background-color has-background\"><strong>Inscri\u00e7\u00f5es<\/strong>: <s>23\/01\/2020 a 27\/02\/2020<\/s> <br \/><strong>Isen\u00e7\u00e3o da taxa<\/strong>: <span style=\"text-decoration: underline;\"><s>24 a 27\/01\/2020<\/s><\/span> <br \/><strong>Provas Objetivas:<\/strong> 05\/04\/2020 <\/p>\n\n\n\n<h2 class=\"wp-block-heading\">Cargos\/vagas do edital Codau Uberaba <\/h2>\n\n\n\n<p>As vagas ser\u00e3o distribu\u00eddas entre candidatos da ampla concorr\u00eancia e reserva para negros. A jornada de trabalho para todos os cargos \u00e9 de 180 horas mensais, sujeito a escala de revezamento de 12&#215;36, 24&#215;48 e outras. <\/p>\n\n\n\n<p>Confira abaixo os cargos e suas respectivas remunera\u00e7\u00f5es:<\/p>\n\n\n\n<ul class=\"wp-block-list\">\n<li><strong>Assistente de Servi\u00e7os de Saneamento: <\/strong>3 vagas (sendo 1 reservada para negros) &#8211; R$ 1.440,86 + R$ 700,00 (aux\u00edlio alimenta\u00e7\u00e3o) + plano de sa\u00fade<\/li>\n\n\n\n<li><strong>Agente Saneamento<\/strong>: 3 vagas (sendo 1 reservada para negros) &#8211; R$ 2.160,74 + R$ 700,00 (aux\u00edlio alimenta\u00e7\u00e3o) + plano de sa\u00fade<\/li>\n\n\n\n<li><strong>Agente Saneamento\/Especialidade para atendimento em libras:<\/strong>  <br \/>2 vagas&nbsp;&#8211; R$ 2.160,74 + R$ 700,00 (aux\u00edlio alimenta\u00e7\u00e3o) + plano de sa\u00fade<\/li>\n<\/ul>\n\n\n\n<h2 class=\"wp-block-heading\">Etapa de provas do edital Codau Uberaba <\/h2>\n\n\n\n<p>O presente Concurso P\u00fablico ser\u00e1 distribu\u00eddo nas seguintes fases: Prova Objetiva e Teste de Aptid\u00e3o F\u00edsica, conforme quadro abaixo:<\/p>\n\n\n\n<p><\/p>\n\n\n\n<figure class=\"wp-block-table is-style-stripes\"><table class=\"has-background has-fixed-layout\" style=\"background-color:#e7f5fe\"><tbody><tr><td><strong>Cargos <\/strong><\/td><td><strong>Fases <\/strong><\/td><\/tr><tr><td>Assistente de Servi\u00e7os de Saneamento<\/td><td>Prova Objetiva e Prova de Teste de Aptid\u00e3o F\u00edsica <\/td><\/tr><tr><td>Agente Saneamento<\/td><td>Prova Objetiva <\/td><\/tr><tr><td>Agente de Saneamento\/ Especialidade para atendimento em Libras (L\u00edngua Brasileira de Sinais) <\/td><td>Prova Objetiva <\/td><\/tr><\/tbody><\/table><\/figure>\n\n\n\n<p>A realiza\u00e7\u00e3o da Prova Objetiva est\u00e1 prevista para o dia 05 de abril de 2020 com dura\u00e7\u00e3o de 3 horas. Os respectivos locais e hor\u00e1rios de aplica\u00e7\u00e3o devem ser publicados \u00e0 partir do dia 20 de mar\u00e7o de 2020.<\/p>\n\n\n\n<p>A Prova Objetiva ser\u00e1 composta de 40 quest\u00f5es de m\u00faltipla escolha com quatro alternativas (A, B, C ou D). As quest\u00f5es de m\u00faltipla escolha ser\u00e3o avaliadas na escala de 0 (zero) a 100 (cem) pontos, onde cada quest\u00e3o valer\u00e1 de acordo com a tabela abaixo contendo n\u00famero de quest\u00f5es em cada \u00e1rea de conhecimento:  <\/p>\n\n\n\n<figure class=\"wp-block-image aligncenter is-resized\"><img loading=\"lazy\" decoding=\"async\" src=\"https:\/\/dhg1h5j42swfq.cloudfront.net\/2019\/11\/26085135\/DISCIPLINAS.png.png\" alt=\"\" class=\"wp-image-451609\" width=\"746\" height=\"405\" srcset=\"https:\/\/dhg1h5j42swfq.cloudfront.net\/2019\/11\/26085135\/DISCIPLINAS.png.png 1160w, https:\/\/dhg1h5j42swfq.cloudfront.net\/2019\/11\/26085135\/DISCIPLINAS.png.png 300w, https:\/\/dhg1h5j42swfq.cloudfront.net\/2019\/11\/26085135\/DISCIPLINAS.png.png 768w, https:\/\/dhg1h5j42swfq.cloudfront.net\/2019\/11\/26085135\/DISCIPLINAS.png.png 1024w, https:\/\/dhg1h5j42swfq.cloudfront.net\/2019\/11\/26085135\/DISCIPLINAS.png.png 610w\" sizes=\"auto, (max-width: 746px) 100vw, 746px\" \/><\/figure>\n\n\n\n<figure class=\"wp-block-image aligncenter is-resized\"><img loading=\"lazy\" decoding=\"async\" src=\"https:\/\/dhg1h5j42swfq.cloudfront.net\/2019\/11\/26085234\/disciplinas-2.png.png\" alt=\"\" class=\"wp-image-451611\" width=\"752\" height=\"70\" srcset=\"https:\/\/dhg1h5j42swfq.cloudfront.net\/2019\/11\/26085234\/disciplinas-2.png.png 1162w, https:\/\/dhg1h5j42swfq.cloudfront.net\/2019\/11\/26085234\/disciplinas-2.png.png 300w, https:\/\/dhg1h5j42swfq.cloudfront.net\/2019\/11\/26085234\/disciplinas-2.png.png 768w, https:\/\/dhg1h5j42swfq.cloudfront.net\/2019\/11\/26085234\/disciplinas-2.png.png 1024w, https:\/\/dhg1h5j42swfq.cloudfront.net\/2019\/11\/26085234\/disciplinas-2.png.png 610w\" sizes=\"auto, (max-width: 752px) 100vw, 752px\" \/><\/figure>\n\n\n\n<h3 class=\"wp-block-heading\"> TAF &#8211; Teste de Aptid\u00e3o F\u00edsica <\/h3>\n\n\n\n<p>Ser\u00e3o convocados o Teste de Aptid\u00e3o F\u00edsica os aprovados na fase objetiva. Esta etapa ser\u00e1 de car\u00e1ter eliminat\u00f3rio e avaliado de 0 a 30 pontos, onde ser\u00e1 o considerado apto o candidato que tiver o aproveitamento m\u00ednimo em cada exerc\u00edcio e que a somat\u00f3ria totalize pelo menos 12 pontos. <\/p>\n\n\n\n<p>Os concurseiros que n\u00e3o alcan\u00e7arem a pontua\u00e7\u00e3o m\u00ednima de aproveitamento em um dos 3 exerc\u00edcios propostos, ser\u00e1 considerado inapto e desclassificado do concurso.&nbsp; <\/p>\n\n\n\n<h2 class=\"wp-block-heading has-text-align-center\" id=\"cursos-assinatura\"><strong><em>Quer estudar para o concurso Codau Uberada ?<\/em><\/strong><\/h2>\n\n\n\n<p class=\"has-text-align-center\"><em>Gostou desta oportunidade e deseja come\u00e7ar se preparar agora mesmo? Ent\u00e3o, confira os nossos cursos e n\u00e3o perca tempo!<\/em><\/p>\n\n\n\n<p class=\"has-text-align-center has-light-green-cyan-background-color has-background\" style=\"font-size:clamp(16.293px, 1.018rem + ((1vw - 3.2px) * 0.854), 25px);px\"><strong><a href=\"https:\/\/www.estrategiaconcursos.com.br\/cursosPorConcurso\/companhia-operacional-de-saneamento-de-uberaba-mg-codau-uberaba\/\" target=\"_blank\" rel=\"noreferrer noopener\" aria-label=\"CURSOS CODAU (abre numa nova aba)\">CURSOS CODAU<\/a><\/strong><\/p>\n\n\n\n<p class=\"has-text-align-center\"><em><strong>Fique por dentro de todos os concursos<\/strong><\/em>:<\/p>\n\n\n\n<p class=\"has-text-align-center has-pale-cyan-blue-background-color has-background\" style=\"font-size:clamp(14.642px, 0.915rem + ((1vw - 3.2px) * 0.721), 22px);px\"><strong><a href=\"https:\/\/www.estrategiaconcursos.com.br\/blog\/concursos-abertos\/\" target=\"_blank\" rel=\"noreferrer noopener\">Concursos abertos<\/a><\/strong><\/p>\n\n\n\n<figure class=\"wp-block-image\"><img loading=\"lazy\" decoding=\"async\" width=\"300\" height=\"102\" src=\"https:\/\/dhg1h5j42swfq.cloudfront.net\/2019\/05\/27120444\/coruja-ficha-tecnica-300x1024.png\" alt=\"\" class=\"wp-image-378638\"\/><\/figure>\n\n\n\n<h3 class=\"wp-block-heading\" id=\"ficha\"><strong>\u2666 Informa\u00e7\u00f5es do concurso Codau Uberaba <\/strong><\/h3>\n\n\n\n<p><strong>\u25baData<\/strong> <strong>da prova:<\/strong> 05 de abril de 2020<br \/><strong>\u25baVagas:&nbsp;<\/strong>8<br \/><strong>\u25baCargo:&nbsp;<\/strong>diversos<br \/><strong>\u25baRequisito:&nbsp;<\/strong>N\u00edvel m\u00e9dio e fundamental<br \/><strong>\u25baBanca:&nbsp;<\/strong>APTA Assessoria Consultoria <br \/><strong>\u25baEdital: <a rel=\"noreferrer noopener\" aria-label=\"Edital:&nbsp;Codau Uberaba  (abre numa nova aba)\" href=\"https:\/\/dhg1h5j42swfq.cloudfront.net\/2019\/11\/26090325\/Edital_CODAU_UBERABA.pdf\" target=\"_blank\">Edital&nbsp;Codau Uberaba<\/a><\/strong><\/p>\n","protected":false},"excerpt":{"rendered":"<p>O edital do concurso p\u00fablico da&nbsp;Companhia Operacional de Desenvolvimento, Saneamento e A\u00e7\u00f5es Urbanas de Uberaba, localizado em Minas Gerais, oferta, ao todo, 08 vagas. As oportunidades s\u00e3o distribu\u00eddas entre os cargos de Assistente de Servi\u00e7os de Saneamento, Agente Saneamento e Agente com Especialidade para Atendimento em Libras. Os sal\u00e1rios variam de acordo com o cargo [&hellip;]<\/p>\n","protected":false},"author":254,"featured_media":444273,"comment_status":"open","ping_status":"closed","sticky":false,"template":"","format":"standard","meta":{"post_tipo":"article","footnotes":""},"categories":[1],"tags":[],"tax_estado":[],"class_list":["post-451586","post","type-post","status-publish","format-standard","has-post-thumbnail","hentry","category-cursos-e-concursos"],"acf":[],"yoast_head":"<!-- This site is optimized with the Yoast SEO Premium plugin v27.2 (Yoast SEO v27.2) - https:\/\/yoast.com\/product\/yoast-seo-premium-wordpress\/ -->\n<title>Edital Codau Uberaba: inscri\u00e7\u00f5es encerradas; edital com 08 vagas<\/title>\n<meta name=\"robots\" content=\"index, follow, max-snippet:-1, max-image-preview:large, max-video-preview:-1\" \/>\n<link rel=\"canonical\" href=\"https:\/\/www.estrategiaconcursos.com.br\/blog\/edital-codau-uberaba\/\" \/>\n<meta property=\"og:locale\" content=\"pt_BR\" \/>\n<meta property=\"og:type\" content=\"article\" \/>\n<meta property=\"og:title\" content=\"Edital Codau Uberaba: inscri\u00e7\u00f5es encerradas; edital com 08 vagas\" \/>\n<meta property=\"og:description\" content=\"O edital do concurso p\u00fablico da&nbsp;Companhia Operacional de Desenvolvimento, Saneamento e A\u00e7\u00f5es Urbanas de Uberaba, localizado em Minas Gerais, oferta, ao todo, 08 vagas. As oportunidades s\u00e3o distribu\u00eddas entre os cargos de Assistente de Servi\u00e7os de Saneamento, Agente Saneamento e Agente com Especialidade para Atendimento em Libras. Os sal\u00e1rios variam de acordo com o cargo [&hellip;]\" \/>\n<meta property=\"og:url\" content=\"https:\/\/www.estrategiaconcursos.com.br\/blog\/edital-codau-uberaba\/\" \/>\n<meta property=\"og:site_name\" content=\"Estrat\u00e9gia Concursos\" \/>\n<meta property=\"article:published_time\" content=\"2020-02-27T03:00:00+00:00\" \/>\n<meta property=\"article:modified_time\" content=\"2023-06-23T12:28:03+00:00\" \/>\n<meta property=\"og:image\" content=\"https:\/\/dhg1h5j42swfq.cloudfront.net\/2019\/11\/05113826\/Saiu-Edital-8.png\" \/>\n\t<meta property=\"og:image:width\" content=\"1200\" \/>\n\t<meta property=\"og:image:height\" content=\"628\" \/>\n\t<meta property=\"og:image:type\" content=\"image\/png\" \/>\n<meta name=\"author\" content=\"Carlos Roberto Correa\" \/>\n<meta name=\"twitter:card\" content=\"summary_large_image\" \/>\n<meta name=\"twitter:creator\" content=\"@EstratConcursos\" \/>\n<meta name=\"twitter:site\" content=\"@EstratConcursos\" \/>\n<meta name=\"twitter:label1\" content=\"Escrito por\" \/>\n\t<meta name=\"twitter:data1\" content=\"Carlos Roberto Correa\" \/>\n\t<meta name=\"twitter:label2\" content=\"Est. tempo de leitura\" \/>\n\t<meta name=\"twitter:data2\" content=\"3 minutos\" \/>\n<script type=\"application\/ld+json\" class=\"yoast-schema-graph\">{\"@context\":\"https:\/\/schema.org\",\"@graph\":[{\"@type\":\"NewsArticle\",\"@id\":\"https:\/\/www.estrategiaconcursos.com.br\/blog\/edital-codau-uberaba\/#article\",\"isPartOf\":{\"@id\":\"https:\/\/www.estrategiaconcursos.com.br\/blog\/edital-codau-uberaba\/\"},\"author\":{\"name\":\"Carlos Roberto Correa\",\"@id\":\"https:\/\/www.estrategiaconcursos.com.br\/blog\/#\/schema\/person\/b04f52b4e46b9c2763b237dc0302b7a7\"},\"headline\":\"Edital Codau Uberaba: inscri\u00e7\u00f5es encerradas; edital com 08 vagas\",\"datePublished\":\"2020-02-27T03:00:00+00:00\",\"dateModified\":\"2023-06-23T12:28:03+00:00\",\"mainEntityOfPage\":{\"@id\":\"https:\/\/www.estrategiaconcursos.com.br\/blog\/edital-codau-uberaba\/\"},\"wordCount\":626,\"commentCount\":1,\"publisher\":{\"@id\":\"https:\/\/www.estrategiaconcursos.com.br\/blog\/#organization\"},\"image\":{\"@id\":\"https:\/\/www.estrategiaconcursos.com.br\/blog\/edital-codau-uberaba\/#primaryimage\"},\"thumbnailUrl\":\"https:\/\/dhg1h5j42swfq.cloudfront.net\/2019\/11\/05113826\/Saiu-Edital-8.png\",\"articleSection\":[\"Concursos P\u00fablicos\"],\"inLanguage\":\"pt-BR\",\"potentialAction\":[{\"@type\":\"CommentAction\",\"name\":\"Comment\",\"target\":[\"https:\/\/www.estrategiaconcursos.com.br\/blog\/edital-codau-uberaba\/#respond\"]}],\"copyrightYear\":\"2020\",\"copyrightHolder\":{\"@id\":\"https:\/\/www.estrategiaconcursos.com.br\/blog\/#organization\"}},{\"@type\":\"WebPage\",\"@id\":\"https:\/\/www.estrategiaconcursos.com.br\/blog\/edital-codau-uberaba\/\",\"url\":\"https:\/\/www.estrategiaconcursos.com.br\/blog\/edital-codau-uberaba\/\",\"name\":\"Edital Codau Uberaba: inscri\u00e7\u00f5es encerradas; edital com 08 vagas\",\"isPartOf\":{\"@id\":\"https:\/\/www.estrategiaconcursos.com.br\/blog\/#website\"},\"primaryImageOfPage\":{\"@id\":\"https:\/\/www.estrategiaconcursos.com.br\/blog\/edital-codau-uberaba\/#primaryimage\"},\"image\":{\"@id\":\"https:\/\/www.estrategiaconcursos.com.br\/blog\/edital-codau-uberaba\/#primaryimage\"},\"thumbnailUrl\":\"https:\/\/dhg1h5j42swfq.cloudfront.net\/2019\/11\/05113826\/Saiu-Edital-8.png\",\"datePublished\":\"2020-02-27T03:00:00+00:00\",\"dateModified\":\"2023-06-23T12:28:03+00:00\",\"breadcrumb\":{\"@id\":\"https:\/\/www.estrategiaconcursos.com.br\/blog\/edital-codau-uberaba\/#breadcrumb\"},\"inLanguage\":\"pt-BR\",\"potentialAction\":[{\"@type\":\"ReadAction\",\"target\":[\"https:\/\/www.estrategiaconcursos.com.br\/blog\/edital-codau-uberaba\/\"]}]},{\"@type\":\"ImageObject\",\"inLanguage\":\"pt-BR\",\"@id\":\"https:\/\/www.estrategiaconcursos.com.br\/blog\/edital-codau-uberaba\/#primaryimage\",\"url\":\"https:\/\/dhg1h5j42swfq.cloudfront.net\/2019\/11\/05113826\/Saiu-Edital-8.png\",\"contentUrl\":\"https:\/\/dhg1h5j42swfq.cloudfront.net\/2019\/11\/05113826\/Saiu-Edital-8.png\",\"width\":1200,\"height\":628,\"caption\":\"PSS NOVA IGUA\u00c7U RJ\"},{\"@type\":\"BreadcrumbList\",\"@id\":\"https:\/\/www.estrategiaconcursos.com.br\/blog\/edital-codau-uberaba\/#breadcrumb\",\"itemListElement\":[{\"@type\":\"ListItem\",\"position\":1,\"name\":\"In\u00edcio\",\"item\":\"https:\/\/www.estrategiaconcursos.com.br\/blog\/\"},{\"@type\":\"ListItem\",\"position\":2,\"name\":\"Edital Codau Uberaba: inscri\u00e7\u00f5es encerradas; edital com 08 vagas\"}]},{\"@type\":\"WebSite\",\"@id\":\"https:\/\/www.estrategiaconcursos.com.br\/blog\/#website\",\"url\":\"https:\/\/www.estrategiaconcursos.com.br\/blog\/\",\"name\":\"Estrat\u00e9gia Concursos\",\"description\":\"O blog da Estrat\u00e9gia Concursos traz not\u00edcias sobre concursos e artigos de professores oferecendo cursos para concursos (pdf + videaulas) no site.\",\"publisher\":{\"@id\":\"https:\/\/www.estrategiaconcursos.com.br\/blog\/#organization\"},\"potentialAction\":[{\"@type\":\"SearchAction\",\"target\":{\"@type\":\"EntryPoint\",\"urlTemplate\":\"https:\/\/www.estrategiaconcursos.com.br\/blog\/?s={search_term_string}\"},\"query-input\":{\"@type\":\"PropertyValueSpecification\",\"valueRequired\":true,\"valueName\":\"search_term_string\"}}],\"inLanguage\":\"pt-BR\"},{\"@type\":\"Organization\",\"@id\":\"https:\/\/www.estrategiaconcursos.com.br\/blog\/#organization\",\"name\":\"Estrat\u00e9gia Concursos\",\"url\":\"https:\/\/www.estrategiaconcursos.com.br\/blog\/\",\"logo\":{\"@type\":\"ImageObject\",\"inLanguage\":\"pt-BR\",\"@id\":\"https:\/\/www.estrategiaconcursos.com.br\/blog\/#\/schema\/logo\/image\/\",\"url\":\"https:\/\/dhg1h5j42swfq.cloudfront.net\/2025\/06\/03203428\/logo_concursos-1.jpg\",\"contentUrl\":\"https:\/\/dhg1h5j42swfq.cloudfront.net\/2025\/06\/03203428\/logo_concursos-1.jpg\",\"width\":230,\"height\":60,\"caption\":\"Estrat\u00e9gia Concursos\"},\"image\":{\"@id\":\"https:\/\/www.estrategiaconcursos.com.br\/blog\/#\/schema\/logo\/image\/\"},\"sameAs\":[\"https:\/\/x.com\/EstratConcursos\"]},{\"@type\":\"Person\",\"@id\":\"https:\/\/www.estrategiaconcursos.com.br\/blog\/#\/schema\/person\/b04f52b4e46b9c2763b237dc0302b7a7\",\"name\":\"Carlos Roberto Correa\",\"image\":{\"@type\":\"ImageObject\",\"inLanguage\":\"pt-BR\",\"@id\":\"https:\/\/secure.gravatar.com\/avatar\/f4b738aef9d1cc2c2cfd779e48e5b0dee98cb28b76e015eb2f1d475ca568f24a?s=96&d=mm&r=g\",\"url\":\"https:\/\/secure.gravatar.com\/avatar\/f4b738aef9d1cc2c2cfd779e48e5b0dee98cb28b76e015eb2f1d475ca568f24a?s=96&d=mm&r=g\",\"contentUrl\":\"https:\/\/secure.gravatar.com\/avatar\/f4b738aef9d1cc2c2cfd779e48e5b0dee98cb28b76e015eb2f1d475ca568f24a?s=96&d=mm&r=g\",\"caption\":\"Carlos Roberto Correa\"},\"url\":\"https:\/\/www.estrategiaconcursos.com.br\/blog\/author\/carlosrobertoestrategiaconcursos-com-br\/\"}]}<\/script>\n<!-- \/ Yoast SEO Premium plugin. -->","yoast_head_json":{"title":"Edital Codau Uberaba: inscri\u00e7\u00f5es encerradas; edital com 08 vagas","robots":{"index":"index","follow":"follow","max-snippet":"max-snippet:-1","max-image-preview":"max-image-preview:large","max-video-preview":"max-video-preview:-1"},"canonical":"https:\/\/www.estrategiaconcursos.com.br\/blog\/edital-codau-uberaba\/","og_locale":"pt_BR","og_type":"article","og_title":"Edital Codau Uberaba: inscri\u00e7\u00f5es encerradas; edital com 08 vagas","og_description":"O edital do concurso p\u00fablico da&nbsp;Companhia Operacional de Desenvolvimento, Saneamento e A\u00e7\u00f5es Urbanas de Uberaba, localizado em Minas Gerais, oferta, ao todo, 08 vagas. As oportunidades s\u00e3o distribu\u00eddas entre os cargos de Assistente de Servi\u00e7os de Saneamento, Agente Saneamento e Agente com Especialidade para Atendimento em Libras. Os sal\u00e1rios variam de acordo com o cargo [&hellip;]","og_url":"https:\/\/www.estrategiaconcursos.com.br\/blog\/edital-codau-uberaba\/","og_site_name":"Estrat\u00e9gia Concursos","article_published_time":"2020-02-27T03:00:00+00:00","article_modified_time":"2023-06-23T12:28:03+00:00","og_image":[{"width":1200,"height":628,"url":"https:\/\/dhg1h5j42swfq.cloudfront.net\/2019\/11\/05113826\/Saiu-Edital-8.png","type":"image\/png"}],"author":"Carlos Roberto Correa","twitter_card":"summary_large_image","twitter_creator":"@EstratConcursos","twitter_site":"@EstratConcursos","twitter_misc":{"Escrito por":"Carlos Roberto Correa","Est. tempo de leitura":"3 minutos"},"schema":{"@context":"https:\/\/schema.org","@graph":[{"@type":"NewsArticle","@id":"https:\/\/www.estrategiaconcursos.com.br\/blog\/edital-codau-uberaba\/#article","isPartOf":{"@id":"https:\/\/www.estrategiaconcursos.com.br\/blog\/edital-codau-uberaba\/"},"author":{"name":"Carlos Roberto Correa","@id":"https:\/\/www.estrategiaconcursos.com.br\/blog\/#\/schema\/person\/b04f52b4e46b9c2763b237dc0302b7a7"},"headline":"Edital Codau Uberaba: inscri\u00e7\u00f5es encerradas; edital com 08 vagas","datePublished":"2020-02-27T03:00:00+00:00","dateModified":"2023-06-23T12:28:03+00:00","mainEntityOfPage":{"@id":"https:\/\/www.estrategiaconcursos.com.br\/blog\/edital-codau-uberaba\/"},"wordCount":626,"commentCount":1,"publisher":{"@id":"https:\/\/www.estrategiaconcursos.com.br\/blog\/#organization"},"image":{"@id":"https:\/\/www.estrategiaconcursos.com.br\/blog\/edital-codau-uberaba\/#primaryimage"},"thumbnailUrl":"https:\/\/dhg1h5j42swfq.cloudfront.net\/2019\/11\/05113826\/Saiu-Edital-8.png","articleSection":["Concursos P\u00fablicos"],"inLanguage":"pt-BR","potentialAction":[{"@type":"CommentAction","name":"Comment","target":["https:\/\/www.estrategiaconcursos.com.br\/blog\/edital-codau-uberaba\/#respond"]}],"copyrightYear":"2020","copyrightHolder":{"@id":"https:\/\/www.estrategiaconcursos.com.br\/blog\/#organization"}},{"@type":"WebPage","@id":"https:\/\/www.estrategiaconcursos.com.br\/blog\/edital-codau-uberaba\/","url":"https:\/\/www.estrategiaconcursos.com.br\/blog\/edital-codau-uberaba\/","name":"Edital Codau Uberaba: inscri\u00e7\u00f5es encerradas; edital com 08 vagas","isPartOf":{"@id":"https:\/\/www.estrategiaconcursos.com.br\/blog\/#website"},"primaryImageOfPage":{"@id":"https:\/\/www.estrategiaconcursos.com.br\/blog\/edital-codau-uberaba\/#primaryimage"},"image":{"@id":"https:\/\/www.estrategiaconcursos.com.br\/blog\/edital-codau-uberaba\/#primaryimage"},"thumbnailUrl":"https:\/\/dhg1h5j42swfq.cloudfront.net\/2019\/11\/05113826\/Saiu-Edital-8.png","datePublished":"2020-02-27T03:00:00+00:00","dateModified":"2023-06-23T12:28:03+00:00","breadcrumb":{"@id":"https:\/\/www.estrategiaconcursos.com.br\/blog\/edital-codau-uberaba\/#breadcrumb"},"inLanguage":"pt-BR","potentialAction":[{"@type":"ReadAction","target":["https:\/\/www.estrategiaconcursos.com.br\/blog\/edital-codau-uberaba\/"]}]},{"@type":"ImageObject","inLanguage":"pt-BR","@id":"https:\/\/www.estrategiaconcursos.com.br\/blog\/edital-codau-uberaba\/#primaryimage","url":"https:\/\/dhg1h5j42swfq.cloudfront.net\/2019\/11\/05113826\/Saiu-Edital-8.png","contentUrl":"https:\/\/dhg1h5j42swfq.cloudfront.net\/2019\/11\/05113826\/Saiu-Edital-8.png","width":1200,"height":628,"caption":"PSS NOVA IGUA\u00c7U RJ"},{"@type":"BreadcrumbList","@id":"https:\/\/www.estrategiaconcursos.com.br\/blog\/edital-codau-uberaba\/#breadcrumb","itemListElement":[{"@type":"ListItem","position":1,"name":"In\u00edcio","item":"https:\/\/www.estrategiaconcursos.com.br\/blog\/"},{"@type":"ListItem","position":2,"name":"Edital Codau Uberaba: inscri\u00e7\u00f5es encerradas; edital com 08 vagas"}]},{"@type":"WebSite","@id":"https:\/\/www.estrategiaconcursos.com.br\/blog\/#website","url":"https:\/\/www.estrategiaconcursos.com.br\/blog\/","name":"Estrat\u00e9gia Concursos","description":"O blog da Estrat\u00e9gia Concursos traz not\u00edcias sobre concursos e artigos de professores oferecendo cursos para concursos (pdf + videaulas) no site.","publisher":{"@id":"https:\/\/www.estrategiaconcursos.com.br\/blog\/#organization"},"potentialAction":[{"@type":"SearchAction","target":{"@type":"EntryPoint","urlTemplate":"https:\/\/www.estrategiaconcursos.com.br\/blog\/?s={search_term_string}"},"query-input":{"@type":"PropertyValueSpecification","valueRequired":true,"valueName":"search_term_string"}}],"inLanguage":"pt-BR"},{"@type":"Organization","@id":"https:\/\/www.estrategiaconcursos.com.br\/blog\/#organization","name":"Estrat\u00e9gia Concursos","url":"https:\/\/www.estrategiaconcursos.com.br\/blog\/","logo":{"@type":"ImageObject","inLanguage":"pt-BR","@id":"https:\/\/www.estrategiaconcursos.com.br\/blog\/#\/schema\/logo\/image\/","url":"https:\/\/dhg1h5j42swfq.cloudfront.net\/2025\/06\/03203428\/logo_concursos-1.jpg","contentUrl":"https:\/\/dhg1h5j42swfq.cloudfront.net\/2025\/06\/03203428\/logo_concursos-1.jpg","width":230,"height":60,"caption":"Estrat\u00e9gia Concursos"},"image":{"@id":"https:\/\/www.estrategiaconcursos.com.br\/blog\/#\/schema\/logo\/image\/"},"sameAs":["https:\/\/x.com\/EstratConcursos"]},{"@type":"Person","@id":"https:\/\/www.estrategiaconcursos.com.br\/blog\/#\/schema\/person\/b04f52b4e46b9c2763b237dc0302b7a7","name":"Carlos Roberto Correa","image":{"@type":"ImageObject","inLanguage":"pt-BR","@id":"https:\/\/secure.gravatar.com\/avatar\/f4b738aef9d1cc2c2cfd779e48e5b0dee98cb28b76e015eb2f1d475ca568f24a?s=96&d=mm&r=g","url":"https:\/\/secure.gravatar.com\/avatar\/f4b738aef9d1cc2c2cfd779e48e5b0dee98cb28b76e015eb2f1d475ca568f24a?s=96&d=mm&r=g","contentUrl":"https:\/\/secure.gravatar.com\/avatar\/f4b738aef9d1cc2c2cfd779e48e5b0dee98cb28b76e015eb2f1d475ca568f24a?s=96&d=mm&r=g","caption":"Carlos Roberto Correa"},"url":"https:\/\/www.estrategiaconcursos.com.br\/blog\/author\/carlosrobertoestrategiaconcursos-com-br\/"}]}},"_links":{"self":[{"href":"https:\/\/www.estrategiaconcursos.com.br\/blog\/wp-json\/wp\/v2\/posts\/451586","targetHints":{"allow":["GET"]}}],"collection":[{"href":"https:\/\/www.estrategiaconcursos.com.br\/blog\/wp-json\/wp\/v2\/posts"}],"about":[{"href":"https:\/\/www.estrategiaconcursos.com.br\/blog\/wp-json\/wp\/v2\/types\/post"}],"author":[{"embeddable":true,"href":"https:\/\/www.estrategiaconcursos.com.br\/blog\/wp-json\/wp\/v2\/users\/254"}],"replies":[{"embeddable":true,"href":"https:\/\/www.estrategiaconcursos.com.br\/blog\/wp-json\/wp\/v2\/comments?post=451586"}],"version-history":[{"count":18,"href":"https:\/\/www.estrategiaconcursos.com.br\/blog\/wp-json\/wp\/v2\/posts\/451586\/revisions"}],"predecessor-version":[{"id":1237780,"href":"https:\/\/www.estrategiaconcursos.com.br\/blog\/wp-json\/wp\/v2\/posts\/451586\/revisions\/1237780"}],"wp:featuredmedia":[{"embeddable":true,"href":"https:\/\/www.estrategiaconcursos.com.br\/blog\/wp-json\/wp\/v2\/media\/444273"}],"wp:attachment":[{"href":"https:\/\/www.estrategiaconcursos.com.br\/blog\/wp-json\/wp\/v2\/media?parent=451586"}],"wp:term":[{"taxonomy":"category","embeddable":true,"href":"https:\/\/www.estrategiaconcursos.com.br\/blog\/wp-json\/wp\/v2\/categories?post=451586"},{"taxonomy":"post_tag","embeddable":true,"href":"https:\/\/www.estrategiaconcursos.com.br\/blog\/wp-json\/wp\/v2\/tags?post=451586"},{"taxonomy":"tax_estado","embeddable":true,"href":"https:\/\/www.estrategiaconcursos.com.br\/blog\/wp-json\/wp\/v2\/tax_estado?post=451586"}],"curies":[{"name":"wp","href":"https:\/\/api.w.org\/{rel}","templated":true}]}}