{"id":451027,"date":"2026-04-10T08:40:00","date_gmt":"2026-04-10T11:40:00","guid":{"rendered":"https:\/\/www.estrategiaconcursos.com.br\/blog\/?p=451027"},"modified":"2026-04-10T08:47:41","modified_gmt":"2026-04-10T11:47:41","slug":"concurso-crefono-rj","status":"publish","type":"post","link":"https:\/\/www.estrategiaconcursos.com.br\/blog\/concurso-crefono-rj\/","title":{"rendered":"Concurso CREFONO RJ: gabaritos dispon\u00edveis!"},"content":{"rendered":"\n<p>O <a href=\"https:\/\/www.estrategiaconcursos.com.br\/pesquisa\/?q=crefono\" target=\"_blank\" rel=\"noreferrer noopener\">Conselho Regional de Fonoaudiologia da 1\u00aa Regi\u00e3o<\/a>, localizado no Rio de Janeiro, divulgou o gabarito preliminar das <strong>provas objetivas<\/strong> aplicadas no dia <strong>22 de mar\u00e7o<\/strong>, na cidade de Rio de Janeiro. <\/p>\n\n\n\n<p>O concurso destinado ao preenchimento de <strong>140 vagas em cadastro de reserva<\/strong> para cargos de n\u00edveis m\u00e9dio e superior, com sal\u00e1rios que chegam a <strong>R$6.412,45<\/strong>, al\u00e9m de benef\u00edcios.Veja todos os detalhes ao longo do artigo!<\/p>\n\n\n\n<ul class=\"wp-block-list has-very-light-gray-to-cyan-bluish-gray-gradient-background has-background\">\n<li><strong>Concurso Crefono 1<\/strong><\/li>\n\n\n\n<li><strong>Status:<\/strong> gabaritos dispon\u00edveis<\/li>\n\n\n\n<li><strong>Banca:<\/strong> <a href=\"https:\/\/quadrix.selecao.net.br\">Instituto Quadrix<\/a><\/li>\n\n\n\n<li><strong>Vagas:<\/strong> 140 CR<\/li>\n\n\n\n<li><strong>Sal\u00e1rio inicial:<\/strong> at\u00e9 <strong>R$6.412,45<\/strong> + benef\u00edcios <\/li>\n\n\n\n<li><strong>Edital:<\/strong> <a href=\"https:\/\/dhg1h5j42swfq.cloudfront.net\/2025\/05\/22120344\/e8350236-2e1c-4102-acb5-06a55cb15f33.pdf\" target=\"_blank\" rel=\"noreferrer noopener\">CREFONO RJ 2025<\/a><\/li>\n<\/ul>\n\n\n\n<p>A fim de te deixar sempre bem informado, elaboramos este artigo com as principais informa\u00e7\u00f5es e novidades sobre o concurso. Acompanhe os t\u00f3picos abaixo e n\u00e3o perca nenhum detalhe:<\/p>\n\n\n\n<ul id=\"indice\" class=\"wp-block-list\">\n<li><a href=\"#datas\">Situa\u00e7\u00e3o-atual<\/a><\/li>\n\n\n\n<li><a href=\"#cargos-vagas\">Cargos e vagas<\/a><\/li>\n\n\n\n<li><a href=\"#provas\">Provas e etapas<\/a><\/li>\n\n\n\n<li><a href=\"#etapas\">\u00daltimo concurso<\/a><\/li>\n\n\n\n<li><a href=\"#cursos\">Cursos e assinaturas<\/a><\/li>\n\n\n\n<li><a href=\"#ficha\">Ficha t\u00e9cnica<\/a><\/li>\n<\/ul>\n\n\n\n<div class=\"container\" id=\"boxes\">\n  <div class=\"row\">\n\n    <div class=\"col-sm\">\n      <div class=\"banner-estrategia\" id=\"box-assinatura\">\n        <h3 class=\"titulo-assinatura\">Cursos para concursos<\/h3>\n        <p class=\"subtitulo-assinatura\">Conhe\u00e7a os cursos<\/p>\n        <div class=\"box-botao\">\n          <a class=\"btn-assinatura\" target=\"_blank\" href=\"https:\/\/www.estrategiaconcursos.com.br\/cursos\/\" role=\"button\" rel=\"noopener noreferrer\">Conhe\u00e7a mais<\/a>\n        <\/div>\n      <\/div>\n     \n    <\/div>\n\n  <\/div>\n<\/div>\n\n\n\n<h2 class=\"wp-block-heading\" id=\"datas\">Concurso CREFONO RJ: situa\u00e7\u00e3o atual<\/h2>\n\n\n\n<ul class=\"wp-block-list\">\n<li>23\/03\/2026: <a href=\"https:\/\/dhg1h5j42swfq.cloudfront.net\/2026\/02\/10084706\/3139082e-77d9-423f-9119-6f07f227ba56.pdf\" target=\"_blank\" rel=\"noreferrer noopener\">gabarito preliminar divulgado<\/a><\/li>\n<\/ul>\n\n\n\n<h2 class=\"wp-block-heading\" id=\"cargos-vagas\">Concurso CREFONO RJ: cargos e vagas<\/h2>\n\n\n\n<figure class=\"wp-block-table is-style-stripes\"><table class=\"has-fixed-layout\"><tbody><tr><td>Cargo<\/td><td>N\u00edvel<\/td><td>Cadastro de Reserva (AC, PCD, PN, PI, PQ)<\/td><td>Total<\/td><td>Cidade de Lota\u00e7\u00e3o<\/td><td>Carga Hor\u00e1ria<\/td><td>Sal\u00e1rio Base*<\/td><\/tr><tr><td><strong>Assistente Administrativo<\/strong><\/td><td>M\u00e9dio<\/td><td>18, 2, 8, 1, 1<\/td><td><strong>30<\/strong><\/td><td>Rio de Janeiro<\/td><td>40h<\/td><td><strong>R$ 2.777,41<\/strong> + benef\u00edcios<\/td><\/tr><tr><td><strong>Analista Administrativo<\/strong><\/td><td>Superior<\/td><td>18, 2, 8, 1, 1<\/td><td><strong>30<\/strong><\/td><td>Rio de Janeiro<\/td><td>40h<\/td><td><strong>R$ 4.597,63<\/strong> + benef\u00edcios<\/td><\/tr><tr><td><strong>Contador<\/strong><\/td><td>Superior<\/td><td>18, 2, 8, 1, 1<\/td><td><strong>30<\/strong><\/td><td>Rio de Janeiro<\/td><td>40h<\/td><td><strong>R$ 4.597,63<\/strong> + benef\u00edcios<\/td><\/tr><tr><td><strong>Fonoaudi\u00f3logo Fiscal<\/strong><\/td><td>Superior<\/td><td>30, 3, 12, 2, 1<\/td><td><strong>50<\/strong><\/td><td>Rio de Janeiro<\/td><td>30h<\/td><td><strong>R$ 4.862,45<\/strong> + benef\u00edcios<\/td><\/tr><\/tbody><\/table><figcaption class=\"wp-element-caption\"><strong>Legenda das siglas de reserva de vagas:<\/strong> <strong>AC:<\/strong> Ampla concorr\u00eancia; <strong>PCD:<\/strong> Pessoa com defici\u00eancia; <strong>PN:<\/strong> Pessoa negra (preta ou parda); <strong>PI:<\/strong> Pessoa ind\u00edgena;<strong>PQ:<\/strong> Pessoa quilombola.<\/figcaption><\/figure>\n\n\n\n<p><strong>Observa\u00e7\u00e3o sobre remunera\u00e7\u00e3o:<\/strong> Al\u00e9m do <strong>sal\u00e1rio base<\/strong> indicado, ser\u00e3o acrescidos <strong>benef\u00edcios<\/strong>, sendo:<\/p>\n\n\n\n<ul class=\"wp-block-list\">\n<li>Vale Refei\u00e7\u00e3o, no valor de R$ 50,00 por dia;<\/li>\n\n\n\n<li>Vale Alimenta\u00e7\u00e3o, no valor de R$ 450,00 por m\u00eas;<\/li>\n\n\n\n<li>Plano de Sa\u00fade;<\/li>\n<\/ul>\n\n\n\n<h2 class=\"wp-block-heading\" id=\"provas\">Concurso CREFONO RJ: provas e etapas<\/h2>\n\n\n\n<p>O processo de sele\u00e7\u00e3o para o <strong>Conselho Regional de Fonoaudiologia (Crefono RJ)<\/strong> ter\u00e1 sua etapa de avalia\u00e7\u00e3o objetiva realizada no dia <strong>22 de mar\u00e7o<\/strong>, na cidade do Rio de Janeiro. <\/p>\n\n\n\n<p>Conforme o cronograma, a prova ocorrer\u00e1 no turno da tarde com dura\u00e7\u00e3o de tr\u00eas horas, sendo que os locais de prova e hor\u00e1rios espec\u00edficos ser\u00e3o publicados no site do <strong>Instituto Quadrix<\/strong> em 17 de mar\u00e7o.<\/p>\n\n\n\n<p>A estrutura da prova objetiva visa avaliar os candidatos aos cargos de <strong>n\u00edvel m\u00e9dio e superior<\/strong>. A avalia\u00e7\u00e3o ser\u00e1 composta por <strong>120 itens<\/strong>, organizados da seguinte forma:<\/p>\n\n\n\n<p>\u2022 <strong>Conhecimentos B\u00e1sicos:<\/strong> 40 quest\u00f5es;<\/p>\n\n\n\n<p>\u2022 <strong>Conhecimentos Complementares:<\/strong> 30 quest\u00f5es;<\/p>\n\n\n\n<p>\u2022 <strong>Conhecimentos Espec\u00edficos:<\/strong> 50 quest\u00f5es.<\/p>\n\n\n\n<p>\u00c9 importante destacar que, al\u00e9m das provas, o concurso contar\u00e1 com procedimentos de <strong>heteroidentifica\u00e7\u00e3o e per\u00edcia m\u00e9dica<\/strong>, etapas cruciais para validar as reservas de vagas destinadas a pessoas negras (PN), ind\u00edgenas (PI), quilombolas (PQ) e pessoas com defici\u00eancia (PCD).<\/p>\n\n\n\n<h2 class=\"wp-block-heading\" id=\"INFORMA\u00c7\u00c3O-CREFONORJ\">\u00daltimo concurso CREFONO RJ<\/h2>\n\n\n\n<p>Em 2019, foram disponibilizadas as seguintes vagas com os respectivos benef\u00edcios:<\/p>\n\n\n\n<h3 class=\"wp-block-heading\">N\u00edvel M\u00e9dio<\/h3>\n\n\n\n<figure class=\"wp-block-table aligncenter is-style-stripes\"><table class=\"has-background has-fixed-layout\" style=\"background-color:#e7f5fe\"><tbody><tr><td><strong>CARGOS<\/strong><\/td><td><strong>VAGAS<\/strong><\/td><td><strong>SAL\u00c1RIOS<\/strong><\/td><\/tr><tr><td> Profissional Administrativo <\/td><td>1 + 19 CR<\/td><td>R$ 1.422,56 + benef\u00edcios <\/td><\/tr><tr><td> Profissional Administrativo <\/td><td>1 + 19 CR<\/td><td> R$ 1.422,56 + benef\u00edcios <\/td><\/tr><\/tbody><\/table><\/figure>\n\n\n\n<h3 class=\"wp-block-heading\">N\u00edvel Superior<\/h3>\n\n\n\n<figure class=\"wp-block-table aligncenter is-style-stripes\"><table class=\"has-background has-fixed-layout\" style=\"background-color:#e7f5fe\"><tbody><tr><td><strong>CARGOS<\/strong><\/td><td><strong>VAGAS<\/strong><\/td><td><strong>SAL\u00c1RIOS<\/strong><\/td><\/tr><tr><td> Agente Fiscal <\/td><td>2 + 28 CR<\/td><td>R$ 3.245,37 + benef\u00edcios <\/td><\/tr><\/tbody><\/table><\/figure>\n\n\n\n<h3 class=\"wp-block-heading\">Benef\u00edcios <\/h3>\n\n\n\n<ul class=\"wp-block-list\">\n<li>Vale Refei\u00e7\u00e3o, no valor de <strong>R$ 32,00<\/strong> por dia laborado;<\/li>\n\n\n\n<li>Vale Alimenta\u00e7\u00e3o, no valor de <strong>R$ 175,00 <\/strong>por m\u00eas;<\/li>\n\n\n\n<li>Plano de Sa\u00fade (M\u00e9dico, Hospitalar).<\/li>\n\n\n\n<li>Plano de Cargos e Sal\u00e1rios; <\/li>\n\n\n\n<li>Vale transporte, conforme legisla\u00e7\u00e3o. <\/li>\n<\/ul>\n\n\n\n<p>O concurso CREFONO RJ disponibilizou para os candidatos duas etapas de provas, sendo elas objetiva e discursiva. As provas foram aplicadas no dia 16 de fevereiro de 2020. <\/p>\n\n\n\n<p>A prova objetiva, de car\u00e1ter eliminat\u00f3rio e classificat\u00f3rio, foi composta de 120 itens, com peso 1,0, valendo no m\u00e1ximo <strong>120 pontos<\/strong>, assim divididos: <\/p>\n\n\n\n<ul class=\"wp-block-list\">\n<li>Conhecimentos B\u00e1sicos &#8211; 40 quest\u00f5es <\/li>\n\n\n\n<li>Conhecimentos Complementares &#8211; 20 quest\u00f5es<\/li>\n\n\n\n<li>Conhecimentos Espec\u00edficos &#8211; 60 quest\u00f5es<\/li>\n<\/ul>\n\n\n\n<p>A nota em cada item da prova objetiva ser\u00e1 igual a: <br \/>a) <strong>1,00 ponto<\/strong>, caso a resposta do candidato esteja em <em>concord\u00e2ncia com o gabarito <\/em>oficial definitivo da prova; <br \/>b) <strong>0,50 ponto negativo<\/strong>, caso a resposta do candidato esteja em <em>discord\u00e2ncia com o gabarito oficial<\/em> definitivo da prova; <br \/>c) <strong>0,00<\/strong>, caso <em>n\u00e3o haja marca\u00e7\u00e3o ou haja marca\u00e7\u00e3o dupla<\/em> (C e E).&nbsp; <\/p>\n\n\n\n<h2 class=\"wp-block-heading has-text-align-center\" id=\"h-quer-saber-tudo-sobre-concursos-previstos-confira-nossos-artigos\">Quer saber tudo sobre concursos previstos?<br \/>Confira nossos artigos!<\/h2>\n\n\n\n<ul class=\"wp-block-list\">\n<li><a href=\"https:\/\/www.estrategiaconcursos.com.br\/blog\/concursos-abertos\/\" target=\"_blank\" rel=\"noreferrer noopener\">Concursos abertos<\/a><\/li>\n\n\n\n<li><a href=\"https:\/\/www.estrategiaconcursos.com.br\/blog\/concursos-conselhos\/\">Concursos conselhos<\/a><\/li>\n\n\n\n<li><a href=\"https:\/\/www.estrategiaconcursos.com.br\/blog\/concursos-2026\/\" target=\"_blank\" rel=\"noreferrer noopener\">Concursos 2026<\/a><\/li>\n<\/ul>\n\n\n\n<h2 class=\"wp-block-heading has-text-align-center\" id=\"cursos\">Quer estudar para o concurso Crefono RJ?<\/h2>\n\n\n\n<div class=\"container\" id=\"boxes\">\n  <div class=\"row\">\n\n    <div class=\"col-sm\">\n      <div class=\"banner-estrategia\" id=\"box-assinatura\">\n        <h3 class=\"titulo-assinatura\">Cursos para concursos<\/h3>\n        <p class=\"subtitulo-assinatura\">Conhe\u00e7a os cursos<\/p>\n        <div class=\"box-botao\">\n          <a class=\"btn-assinatura\" target=\"_blank\" href=\"https:\/\/www.estrategiaconcursos.com.br\/cursos\/\" role=\"button\" rel=\"noopener noreferrer\">Conhe\u00e7a mais<\/a>\n        <\/div>\n      <\/div>\n     \n    <\/div>\n\n  <\/div>\n<\/div>\n\n\n\n<div class=\"container\" id=\"boxes\">\n  <div class=\"row\">\n\n    <div class=\"col-sm\">\n      <div class=\"estrategia\" id=\"box-assinatura\">\n        <h3 class=\"titulo-assinatura\">Assinatura Concursos<\/h3>\n        <p class=\"subtitulo-assinatura\">Assinatura de 1 ano ou 2 anos<\/p>\n        <div class=\"box-botao\">\n          <a class=\"btn-assinatura\" target=\"_blank\" href=\"https:\/\/www.estrategiaconcursos.com.br\/assinaturas\/\" role=\"button\" rel=\"noopener noreferrer\">ASSINE AGORA<\/a>\n        <\/div>\n      <\/div><\/div><\/div><\/div>\n\n\n\n<figure class=\"wp-block-image size-large is-resized\"><img loading=\"lazy\" decoding=\"async\" width=\"1024\" height=\"632\" src=\"https:\/\/dhg1h5j42swfq.cloudfront.net\/2025\/06\/27101122\/ficha-tecnica-1-1024x632.png\" alt=\"Ficha t\u00e9cnica\" class=\"wp-image-702728\" style=\"aspect-ratio:1.620253164556962;width:282px;height:auto\" srcset=\"https:\/\/dhg1h5j42swfq.cloudfront.net\/2025\/06\/27101122\/ficha-tecnica-1-1024x632.png 1024w, https:\/\/dhg1h5j42swfq.cloudfront.net\/2025\/06\/27101122\/ficha-tecnica-1-300x185.png 300w, https:\/\/dhg1h5j42swfq.cloudfront.net\/2025\/06\/27101122\/ficha-tecnica-1-768x474.png 768w, https:\/\/dhg1h5j42swfq.cloudfront.net\/2025\/06\/27101122\/ficha-tecnica-1-1536x948.png 1536w, https:\/\/dhg1h5j42swfq.cloudfront.net\/2025\/06\/27101122\/ficha-tecnica-1-610x377.png 610w, https:\/\/dhg1h5j42swfq.cloudfront.net\/2025\/06\/27101122\/ficha-tecnica-1.png 1571w\" sizes=\"auto, (max-width: 1024px) 100vw, 1024px\" \/><\/figure>\n\n\n\n<h3 class=\"wp-block-heading\" id=\"ficha\">Informa\u00e7\u00f5es do concurso CREFONO RJ<\/h3>\n\n\n\n<p><br \/>\u25ba<strong>Prova Objetiva<\/strong>: 22\/03\/2026<br \/>\u25ba<strong>Vagas<\/strong>: 140 CR<br \/>\u25ba<strong>Cargos<\/strong>: Diversos<br \/>\u25ba<strong>Banca<\/strong>: Quadrix<br \/>\u25ba<strong>Escolaridade<\/strong>: N\u00edvel superior e m\u00e9dio<br \/>\u25ba<strong>Edital<\/strong>: <a href=\"https:\/\/dhg1h5j42swfq.cloudfront.net\/2019\/11\/25093829\/1_CREFONO-1_concurso_publico_2019_edital_1.pdf\"><\/a><a href=\"https:\/\/dhg1h5j42swfq.cloudfront.net\/2025\/05\/22120344\/e8350236-2e1c-4102-acb5-06a55cb15f33.pdf\" target=\"_blank\" rel=\"noreferrer noopener\">CREFONO RJ 2025<\/a><\/p>\n","protected":false},"excerpt":{"rendered":"<p>O Conselho Regional de Fonoaudiologia da 1\u00aa Regi\u00e3o, localizado no Rio de Janeiro, divulgou o gabarito preliminar das provas objetivas aplicadas no dia 22 de mar\u00e7o, na cidade de Rio de Janeiro. O concurso destinado ao preenchimento de 140 vagas em cadastro de reserva para cargos de n\u00edveis m\u00e9dio e superior, com sal\u00e1rios que chegam [&hellip;]<\/p>\n","protected":false},"author":1,"featured_media":1532409,"comment_status":"open","ping_status":"closed","sticky":false,"template":"","format":"standard","meta":{"post_tipo":"news_page","footnotes":""},"categories":[222234,220219],"tags":[],"tax_estado":[219982],"class_list":["post-451027","post","type-post","status-publish","format-standard","has-post-thumbnail","hentry","category-conselhos-regionais","category-noticias","tax_estado-rj"],"acf":[],"yoast_head":"<!-- This site is optimized with the Yoast SEO Premium plugin v27.2 (Yoast SEO v27.2) - https:\/\/yoast.com\/product\/yoast-seo-premium-wordpress\/ -->\n<title>Concurso CREFONO RJ: gabaritos dispon\u00edveis!<\/title>\n<meta name=\"description\" content=\"Concurso Crefono RJ: s\u00e3o ofertadas 140 vagas em CR para cargos de n\u00edveis m\u00e9dio e superior. Inscri\u00e7\u00f5es at\u00e9 18\/02!\" \/>\n<meta name=\"robots\" content=\"index, follow, max-snippet:-1, max-image-preview:large, max-video-preview:-1\" \/>\n<link rel=\"canonical\" href=\"https:\/\/www.estrategiaconcursos.com.br\/blog\/concurso-crefono-rj\/\" \/>\n<meta property=\"og:locale\" content=\"pt_BR\" \/>\n<meta property=\"og:type\" content=\"article\" \/>\n<meta property=\"og:title\" content=\"Concurso CREFONO RJ: gabaritos dispon\u00edveis!\" \/>\n<meta property=\"og:description\" content=\"Concurso Crefono RJ: s\u00e3o ofertadas 140 vagas em CR para cargos de n\u00edveis m\u00e9dio e superior. Inscri\u00e7\u00f5es at\u00e9 18\/02!\" \/>\n<meta property=\"og:url\" content=\"https:\/\/www.estrategiaconcursos.com.br\/blog\/concurso-crefono-rj\/\" \/>\n<meta property=\"og:site_name\" content=\"Estrat\u00e9gia Concursos\" \/>\n<meta property=\"article:author\" content=\"https:\/\/www.facebook.com\/EstrategiaConcursos\" \/>\n<meta property=\"article:published_time\" content=\"2026-04-10T11:40:00+00:00\" \/>\n<meta property=\"article:modified_time\" content=\"2026-04-10T11:47:41+00:00\" \/>\n<meta property=\"og:image\" content=\"https:\/\/dhg1h5j42swfq.cloudfront.net\/2025\/02\/14111851\/concursos-conselhos.jpg\" \/>\n\t<meta property=\"og:image:width\" content=\"768\" \/>\n\t<meta property=\"og:image:height\" content=\"432\" \/>\n\t<meta property=\"og:image:type\" content=\"image\/jpeg\" \/>\n<meta name=\"author\" content=\"Coordena\u00e7\u00e3o\" \/>\n<meta name=\"twitter:card\" content=\"summary_large_image\" \/>\n<meta name=\"twitter:creator\" content=\"@EstratConcursos\" \/>\n<meta name=\"twitter:site\" content=\"@EstratConcursos\" \/>\n<meta name=\"twitter:label1\" content=\"Escrito por\" \/>\n\t<meta name=\"twitter:data1\" content=\"Coordena\u00e7\u00e3o\" \/>\n\t<meta name=\"twitter:label2\" content=\"Est. tempo de leitura\" \/>\n\t<meta name=\"twitter:data2\" content=\"4 minutos\" \/>\n<script type=\"application\/ld+json\" class=\"yoast-schema-graph\">{\"@context\":\"https:\/\/schema.org\",\"@graph\":[{\"@type\":\"NewsArticle\",\"@id\":\"https:\/\/www.estrategiaconcursos.com.br\/blog\/concurso-crefono-rj\/#article\",\"isPartOf\":{\"@id\":\"https:\/\/www.estrategiaconcursos.com.br\/blog\/concurso-crefono-rj\/\"},\"author\":{\"name\":\"Coordena\u00e7\u00e3o\",\"@id\":\"https:\/\/www.estrategiaconcursos.com.br\/blog\/#\/schema\/person\/b4a388c97673c5f483d72185668afa1f\"},\"headline\":\"Concurso CREFONO RJ: gabaritos dispon\u00edveis!\",\"datePublished\":\"2026-04-10T11:40:00+00:00\",\"dateModified\":\"2026-04-10T11:47:41+00:00\",\"mainEntityOfPage\":{\"@id\":\"https:\/\/www.estrategiaconcursos.com.br\/blog\/concurso-crefono-rj\/\"},\"wordCount\":753,\"commentCount\":0,\"publisher\":{\"@id\":\"https:\/\/www.estrategiaconcursos.com.br\/blog\/#organization\"},\"image\":{\"@id\":\"https:\/\/www.estrategiaconcursos.com.br\/blog\/concurso-crefono-rj\/#primaryimage\"},\"thumbnailUrl\":\"https:\/\/dhg1h5j42swfq.cloudfront.net\/2025\/02\/14111851\/concursos-conselhos.jpg\",\"articleSection\":[\"Conselhos Regionais\",\"\u00daltimas not\u00edcias\"],\"inLanguage\":\"pt-BR\",\"potentialAction\":[{\"@type\":\"CommentAction\",\"name\":\"Comment\",\"target\":[\"https:\/\/www.estrategiaconcursos.com.br\/blog\/concurso-crefono-rj\/#respond\"]}],\"copyrightYear\":\"2026\",\"copyrightHolder\":{\"@id\":\"https:\/\/www.estrategiaconcursos.com.br\/blog\/#organization\"}},{\"@type\":\"WebPage\",\"@id\":\"https:\/\/www.estrategiaconcursos.com.br\/blog\/concurso-crefono-rj\/\",\"url\":\"https:\/\/www.estrategiaconcursos.com.br\/blog\/concurso-crefono-rj\/\",\"name\":\"Concurso CREFONO RJ: gabaritos dispon\u00edveis!\",\"isPartOf\":{\"@id\":\"https:\/\/www.estrategiaconcursos.com.br\/blog\/#website\"},\"primaryImageOfPage\":{\"@id\":\"https:\/\/www.estrategiaconcursos.com.br\/blog\/concurso-crefono-rj\/#primaryimage\"},\"image\":{\"@id\":\"https:\/\/www.estrategiaconcursos.com.br\/blog\/concurso-crefono-rj\/#primaryimage\"},\"thumbnailUrl\":\"https:\/\/dhg1h5j42swfq.cloudfront.net\/2025\/02\/14111851\/concursos-conselhos.jpg\",\"datePublished\":\"2026-04-10T11:40:00+00:00\",\"dateModified\":\"2026-04-10T11:47:41+00:00\",\"description\":\"Concurso Crefono RJ: s\u00e3o ofertadas 140 vagas em CR para cargos de n\u00edveis m\u00e9dio e superior. Inscri\u00e7\u00f5es at\u00e9 18\/02!\",\"breadcrumb\":{\"@id\":\"https:\/\/www.estrategiaconcursos.com.br\/blog\/concurso-crefono-rj\/#breadcrumb\"},\"inLanguage\":\"pt-BR\",\"potentialAction\":[{\"@type\":\"ReadAction\",\"target\":[\"https:\/\/www.estrategiaconcursos.com.br\/blog\/concurso-crefono-rj\/\"]}]},{\"@type\":\"ImageObject\",\"inLanguage\":\"pt-BR\",\"@id\":\"https:\/\/www.estrategiaconcursos.com.br\/blog\/concurso-crefono-rj\/#primaryimage\",\"url\":\"https:\/\/dhg1h5j42swfq.cloudfront.net\/2025\/02\/14111851\/concursos-conselhos.jpg\",\"contentUrl\":\"https:\/\/dhg1h5j42swfq.cloudfront.net\/2025\/02\/14111851\/concursos-conselhos.jpg\",\"width\":768,\"height\":432,\"caption\":\"Concursos Conselhos\"},{\"@type\":\"BreadcrumbList\",\"@id\":\"https:\/\/www.estrategiaconcursos.com.br\/blog\/concurso-crefono-rj\/#breadcrumb\",\"itemListElement\":[{\"@type\":\"ListItem\",\"position\":1,\"name\":\"In\u00edcio\",\"item\":\"https:\/\/www.estrategiaconcursos.com.br\/blog\/\"},{\"@type\":\"ListItem\",\"position\":2,\"name\":\"Concurso CREFONO RJ: gabaritos dispon\u00edveis!\"}]},{\"@type\":\"WebSite\",\"@id\":\"https:\/\/www.estrategiaconcursos.com.br\/blog\/#website\",\"url\":\"https:\/\/www.estrategiaconcursos.com.br\/blog\/\",\"name\":\"Estrat\u00e9gia Concursos\",\"description\":\"O blog da Estrat\u00e9gia Concursos traz not\u00edcias sobre concursos e artigos de professores oferecendo cursos para concursos (pdf + videaulas) no site.\",\"publisher\":{\"@id\":\"https:\/\/www.estrategiaconcursos.com.br\/blog\/#organization\"},\"potentialAction\":[{\"@type\":\"SearchAction\",\"target\":{\"@type\":\"EntryPoint\",\"urlTemplate\":\"https:\/\/www.estrategiaconcursos.com.br\/blog\/?s={search_term_string}\"},\"query-input\":{\"@type\":\"PropertyValueSpecification\",\"valueRequired\":true,\"valueName\":\"search_term_string\"}}],\"inLanguage\":\"pt-BR\"},{\"@type\":\"Organization\",\"@id\":\"https:\/\/www.estrategiaconcursos.com.br\/blog\/#organization\",\"name\":\"Estrat\u00e9gia Concursos\",\"url\":\"https:\/\/www.estrategiaconcursos.com.br\/blog\/\",\"logo\":{\"@type\":\"ImageObject\",\"inLanguage\":\"pt-BR\",\"@id\":\"https:\/\/www.estrategiaconcursos.com.br\/blog\/#\/schema\/logo\/image\/\",\"url\":\"https:\/\/dhg1h5j42swfq.cloudfront.net\/2025\/06\/03203428\/logo_concursos-1.jpg\",\"contentUrl\":\"https:\/\/dhg1h5j42swfq.cloudfront.net\/2025\/06\/03203428\/logo_concursos-1.jpg\",\"width\":230,\"height\":60,\"caption\":\"Estrat\u00e9gia Concursos\"},\"image\":{\"@id\":\"https:\/\/www.estrategiaconcursos.com.br\/blog\/#\/schema\/logo\/image\/\"},\"sameAs\":[\"https:\/\/x.com\/EstratConcursos\"]},{\"@type\":\"Person\",\"@id\":\"https:\/\/www.estrategiaconcursos.com.br\/blog\/#\/schema\/person\/b4a388c97673c5f483d72185668afa1f\",\"name\":\"Coordena\u00e7\u00e3o\",\"image\":{\"@type\":\"ImageObject\",\"inLanguage\":\"pt-BR\",\"@id\":\"https:\/\/secure.gravatar.com\/avatar\/b720319e4c9a967eb58678d110f4fe35452fc5d5f97b202bac7b8acceb18c6ad?s=96&d=mm&r=g\",\"url\":\"https:\/\/secure.gravatar.com\/avatar\/b720319e4c9a967eb58678d110f4fe35452fc5d5f97b202bac7b8acceb18c6ad?s=96&d=mm&r=g\",\"contentUrl\":\"https:\/\/secure.gravatar.com\/avatar\/b720319e4c9a967eb58678d110f4fe35452fc5d5f97b202bac7b8acceb18c6ad?s=96&d=mm&r=g\",\"caption\":\"Coordena\u00e7\u00e3o\"},\"sameAs\":[\"https:\/\/www.facebook.com\/EstrategiaConcursos\",\"https:\/\/x.com\/EstratConcursos\"],\"url\":\"https:\/\/www.estrategiaconcursos.com.br\/blog\/author\/estrategia2013\/\"}]}<\/script>\n<!-- \/ Yoast SEO Premium plugin. -->","yoast_head_json":{"title":"Concurso CREFONO RJ: gabaritos dispon\u00edveis!","description":"Concurso Crefono RJ: s\u00e3o ofertadas 140 vagas em CR para cargos de n\u00edveis m\u00e9dio e superior. Inscri\u00e7\u00f5es at\u00e9 18\/02!","robots":{"index":"index","follow":"follow","max-snippet":"max-snippet:-1","max-image-preview":"max-image-preview:large","max-video-preview":"max-video-preview:-1"},"canonical":"https:\/\/www.estrategiaconcursos.com.br\/blog\/concurso-crefono-rj\/","og_locale":"pt_BR","og_type":"article","og_title":"Concurso CREFONO RJ: gabaritos dispon\u00edveis!","og_description":"Concurso Crefono RJ: s\u00e3o ofertadas 140 vagas em CR para cargos de n\u00edveis m\u00e9dio e superior. Inscri\u00e7\u00f5es at\u00e9 18\/02!","og_url":"https:\/\/www.estrategiaconcursos.com.br\/blog\/concurso-crefono-rj\/","og_site_name":"Estrat\u00e9gia Concursos","article_author":"https:\/\/www.facebook.com\/EstrategiaConcursos","article_published_time":"2026-04-10T11:40:00+00:00","article_modified_time":"2026-04-10T11:47:41+00:00","og_image":[{"width":768,"height":432,"url":"https:\/\/dhg1h5j42swfq.cloudfront.net\/2025\/02\/14111851\/concursos-conselhos.jpg","type":"image\/jpeg"}],"author":"Coordena\u00e7\u00e3o","twitter_card":"summary_large_image","twitter_creator":"@EstratConcursos","twitter_site":"@EstratConcursos","twitter_misc":{"Escrito por":"Coordena\u00e7\u00e3o","Est. tempo de leitura":"4 minutos"},"schema":{"@context":"https:\/\/schema.org","@graph":[{"@type":"NewsArticle","@id":"https:\/\/www.estrategiaconcursos.com.br\/blog\/concurso-crefono-rj\/#article","isPartOf":{"@id":"https:\/\/www.estrategiaconcursos.com.br\/blog\/concurso-crefono-rj\/"},"author":{"name":"Coordena\u00e7\u00e3o","@id":"https:\/\/www.estrategiaconcursos.com.br\/blog\/#\/schema\/person\/b4a388c97673c5f483d72185668afa1f"},"headline":"Concurso CREFONO RJ: gabaritos dispon\u00edveis!","datePublished":"2026-04-10T11:40:00+00:00","dateModified":"2026-04-10T11:47:41+00:00","mainEntityOfPage":{"@id":"https:\/\/www.estrategiaconcursos.com.br\/blog\/concurso-crefono-rj\/"},"wordCount":753,"commentCount":0,"publisher":{"@id":"https:\/\/www.estrategiaconcursos.com.br\/blog\/#organization"},"image":{"@id":"https:\/\/www.estrategiaconcursos.com.br\/blog\/concurso-crefono-rj\/#primaryimage"},"thumbnailUrl":"https:\/\/dhg1h5j42swfq.cloudfront.net\/2025\/02\/14111851\/concursos-conselhos.jpg","articleSection":["Conselhos Regionais","\u00daltimas not\u00edcias"],"inLanguage":"pt-BR","potentialAction":[{"@type":"CommentAction","name":"Comment","target":["https:\/\/www.estrategiaconcursos.com.br\/blog\/concurso-crefono-rj\/#respond"]}],"copyrightYear":"2026","copyrightHolder":{"@id":"https:\/\/www.estrategiaconcursos.com.br\/blog\/#organization"}},{"@type":"WebPage","@id":"https:\/\/www.estrategiaconcursos.com.br\/blog\/concurso-crefono-rj\/","url":"https:\/\/www.estrategiaconcursos.com.br\/blog\/concurso-crefono-rj\/","name":"Concurso CREFONO RJ: gabaritos dispon\u00edveis!","isPartOf":{"@id":"https:\/\/www.estrategiaconcursos.com.br\/blog\/#website"},"primaryImageOfPage":{"@id":"https:\/\/www.estrategiaconcursos.com.br\/blog\/concurso-crefono-rj\/#primaryimage"},"image":{"@id":"https:\/\/www.estrategiaconcursos.com.br\/blog\/concurso-crefono-rj\/#primaryimage"},"thumbnailUrl":"https:\/\/dhg1h5j42swfq.cloudfront.net\/2025\/02\/14111851\/concursos-conselhos.jpg","datePublished":"2026-04-10T11:40:00+00:00","dateModified":"2026-04-10T11:47:41+00:00","description":"Concurso Crefono RJ: s\u00e3o ofertadas 140 vagas em CR para cargos de n\u00edveis m\u00e9dio e superior. Inscri\u00e7\u00f5es at\u00e9 18\/02!","breadcrumb":{"@id":"https:\/\/www.estrategiaconcursos.com.br\/blog\/concurso-crefono-rj\/#breadcrumb"},"inLanguage":"pt-BR","potentialAction":[{"@type":"ReadAction","target":["https:\/\/www.estrategiaconcursos.com.br\/blog\/concurso-crefono-rj\/"]}]},{"@type":"ImageObject","inLanguage":"pt-BR","@id":"https:\/\/www.estrategiaconcursos.com.br\/blog\/concurso-crefono-rj\/#primaryimage","url":"https:\/\/dhg1h5j42swfq.cloudfront.net\/2025\/02\/14111851\/concursos-conselhos.jpg","contentUrl":"https:\/\/dhg1h5j42swfq.cloudfront.net\/2025\/02\/14111851\/concursos-conselhos.jpg","width":768,"height":432,"caption":"Concursos Conselhos"},{"@type":"BreadcrumbList","@id":"https:\/\/www.estrategiaconcursos.com.br\/blog\/concurso-crefono-rj\/#breadcrumb","itemListElement":[{"@type":"ListItem","position":1,"name":"In\u00edcio","item":"https:\/\/www.estrategiaconcursos.com.br\/blog\/"},{"@type":"ListItem","position":2,"name":"Concurso CREFONO RJ: gabaritos dispon\u00edveis!"}]},{"@type":"WebSite","@id":"https:\/\/www.estrategiaconcursos.com.br\/blog\/#website","url":"https:\/\/www.estrategiaconcursos.com.br\/blog\/","name":"Estrat\u00e9gia Concursos","description":"O blog da Estrat\u00e9gia Concursos traz not\u00edcias sobre concursos e artigos de professores oferecendo cursos para concursos (pdf + videaulas) no site.","publisher":{"@id":"https:\/\/www.estrategiaconcursos.com.br\/blog\/#organization"},"potentialAction":[{"@type":"SearchAction","target":{"@type":"EntryPoint","urlTemplate":"https:\/\/www.estrategiaconcursos.com.br\/blog\/?s={search_term_string}"},"query-input":{"@type":"PropertyValueSpecification","valueRequired":true,"valueName":"search_term_string"}}],"inLanguage":"pt-BR"},{"@type":"Organization","@id":"https:\/\/www.estrategiaconcursos.com.br\/blog\/#organization","name":"Estrat\u00e9gia Concursos","url":"https:\/\/www.estrategiaconcursos.com.br\/blog\/","logo":{"@type":"ImageObject","inLanguage":"pt-BR","@id":"https:\/\/www.estrategiaconcursos.com.br\/blog\/#\/schema\/logo\/image\/","url":"https:\/\/dhg1h5j42swfq.cloudfront.net\/2025\/06\/03203428\/logo_concursos-1.jpg","contentUrl":"https:\/\/dhg1h5j42swfq.cloudfront.net\/2025\/06\/03203428\/logo_concursos-1.jpg","width":230,"height":60,"caption":"Estrat\u00e9gia Concursos"},"image":{"@id":"https:\/\/www.estrategiaconcursos.com.br\/blog\/#\/schema\/logo\/image\/"},"sameAs":["https:\/\/x.com\/EstratConcursos"]},{"@type":"Person","@id":"https:\/\/www.estrategiaconcursos.com.br\/blog\/#\/schema\/person\/b4a388c97673c5f483d72185668afa1f","name":"Coordena\u00e7\u00e3o","image":{"@type":"ImageObject","inLanguage":"pt-BR","@id":"https:\/\/secure.gravatar.com\/avatar\/b720319e4c9a967eb58678d110f4fe35452fc5d5f97b202bac7b8acceb18c6ad?s=96&d=mm&r=g","url":"https:\/\/secure.gravatar.com\/avatar\/b720319e4c9a967eb58678d110f4fe35452fc5d5f97b202bac7b8acceb18c6ad?s=96&d=mm&r=g","contentUrl":"https:\/\/secure.gravatar.com\/avatar\/b720319e4c9a967eb58678d110f4fe35452fc5d5f97b202bac7b8acceb18c6ad?s=96&d=mm&r=g","caption":"Coordena\u00e7\u00e3o"},"sameAs":["https:\/\/www.facebook.com\/EstrategiaConcursos","https:\/\/x.com\/EstratConcursos"],"url":"https:\/\/www.estrategiaconcursos.com.br\/blog\/author\/estrategia2013\/"}]}},"_links":{"self":[{"href":"https:\/\/www.estrategiaconcursos.com.br\/blog\/wp-json\/wp\/v2\/posts\/451027","targetHints":{"allow":["GET"]}}],"collection":[{"href":"https:\/\/www.estrategiaconcursos.com.br\/blog\/wp-json\/wp\/v2\/posts"}],"about":[{"href":"https:\/\/www.estrategiaconcursos.com.br\/blog\/wp-json\/wp\/v2\/types\/post"}],"author":[{"embeddable":true,"href":"https:\/\/www.estrategiaconcursos.com.br\/blog\/wp-json\/wp\/v2\/users\/1"}],"replies":[{"embeddable":true,"href":"https:\/\/www.estrategiaconcursos.com.br\/blog\/wp-json\/wp\/v2\/comments?post=451027"}],"version-history":[{"count":42,"href":"https:\/\/www.estrategiaconcursos.com.br\/blog\/wp-json\/wp\/v2\/posts\/451027\/revisions"}],"predecessor-version":[{"id":1751456,"href":"https:\/\/www.estrategiaconcursos.com.br\/blog\/wp-json\/wp\/v2\/posts\/451027\/revisions\/1751456"}],"wp:featuredmedia":[{"embeddable":true,"href":"https:\/\/www.estrategiaconcursos.com.br\/blog\/wp-json\/wp\/v2\/media\/1532409"}],"wp:attachment":[{"href":"https:\/\/www.estrategiaconcursos.com.br\/blog\/wp-json\/wp\/v2\/media?parent=451027"}],"wp:term":[{"taxonomy":"category","embeddable":true,"href":"https:\/\/www.estrategiaconcursos.com.br\/blog\/wp-json\/wp\/v2\/categories?post=451027"},{"taxonomy":"post_tag","embeddable":true,"href":"https:\/\/www.estrategiaconcursos.com.br\/blog\/wp-json\/wp\/v2\/tags?post=451027"},{"taxonomy":"tax_estado","embeddable":true,"href":"https:\/\/www.estrategiaconcursos.com.br\/blog\/wp-json\/wp\/v2\/tax_estado?post=451027"}],"curies":[{"name":"wp","href":"https:\/\/api.w.org\/{rel}","templated":true}]}}