{"id":450983,"date":"2019-11-24T22:48:08","date_gmt":"2019-11-25T01:48:08","guid":{"rendered":"https:\/\/www.estrategiaconcursos.com.br\/blog\/?p=450983"},"modified":"2019-11-25T08:28:28","modified_gmt":"2019-11-25T11:28:28","slug":"mp-rj-questoes-de-direito-adminsitrativo-cargo-de-tecnico-administrativo","status":"publish","type":"post","link":"https:\/\/www.estrategiaconcursos.com.br\/blog\/mp-rj-questoes-de-direito-adminsitrativo-cargo-de-tecnico-administrativo\/","title":{"rendered":"MP-RJ \u2013 Gabarito de Direito Adminsitrativo \u2013 cargo de T\u00e9cnico Administrativo"},"content":{"rendered":"\n<p>Ol\u00e1, pessoal !!<\/p>\n\n\n\n<p>Como foram de prova? =) <\/p>\n\n\n\n<p> Espero que tenham se sa\u00eddo muito bem! Diferentemente das provas para  Analista Administrativo, para o cargo de T\u00e9cnico as quest\u00f5es vieram dentro da complexidade esperada.<\/p>\n\n\n\n<p>Seguem abaixo breves coment\u00e1rios: <\/p>\n\n\n\n<figure class=\"wp-block-embed-slideshare wp-block-embed is-type-rich is-provider-slideshare wp-embed-aspect-9-16 wp-has-aspect-ratio\"><div class=\"wp-block-embed__wrapper\">\n<iframe loading=\"lazy\" title=\"MP-RJ - T\u00e9cnico Administrativo\" src=\"https:\/\/www.slideshare.net\/slideshow\/embed_code\/key\/n0AKgJUesIwfU5\" width=\"479\" height=\"511\" frameborder=\"0\" marginwidth=\"0\" marginheight=\"0\" scrolling=\"no\" style=\"border:1px solid #CCC; border-width:1px; margin-bottom:5px; max-width: 100%;\" allowfullscreen> <\/iframe> <div style=\"margin-bottom:5px\"> <strong> <a href=\"https:\/\/pt.slideshare.net\/ProfAntonioDaud\/mprj-tcnico-administrativo\" title=\"MP-RJ - T\u00e9cnico Administrativo\" target=\"_blank\">MP-RJ &#8211; T\u00e9cnico Administrativo<\/a> <\/strong> from <strong><a href=\"https:\/\/www.slideshare.net\/ProfAntonioDaud\" target=\"_blank\">Prof. Antonio Daud Jr<\/a><\/strong> <\/div>\n<\/div><\/figure>\n\n\n\n<p>\u2014\u2014\u2014\u2013<\/p>\n\n\n\n<p>Qualquer d\u00favida ou sugest\u00e3o, estamos \u00e0 disposi\u00e7\u00e3o, principalmente por meio do Instagram:<a href=\"https:\/\/www.instagram.com\/professordaud\/?hl=pt-br\">&nbsp;@professordaud<\/a><\/p>\n\n\n\n<p>Um forte abra\u00e7o!!!<\/p>\n","protected":false},"excerpt":{"rendered":"<p>Ol\u00e1, pessoal !! Como foram de prova? =) Espero que tenham se sa\u00eddo muito bem! Diferentemente das provas para Analista Administrativo, para o cargo de T\u00e9cnico as quest\u00f5es vieram dentro da complexidade esperada. Seguem abaixo breves coment\u00e1rios: \u2014\u2014\u2014\u2013 Qualquer d\u00favida ou sugest\u00e3o, estamos \u00e0 disposi\u00e7\u00e3o, principalmente por meio do Instagram:&nbsp;@professordaud Um forte abra\u00e7o!!!<\/p>\n","protected":false},"author":135,"featured_media":0,"comment_status":"open","ping_status":"closed","sticky":false,"template":"","format":"standard","meta":{"post_tipo":"article","footnotes":""},"categories":[1],"tags":[],"tax_estado":[],"class_list":["post-450983","post","type-post","status-publish","format-standard","hentry","category-cursos-e-concursos"],"acf":[],"yoast_head":"<!-- This site is optimized with the Yoast SEO Premium plugin v27.2 (Yoast SEO v27.2) - https:\/\/yoast.com\/product\/yoast-seo-premium-wordpress\/ -->\n<title>MP-RJ \u2013 Gabarito de Direito Adminsitrativo \u2013 cargo de T\u00e9cnico Administrativo<\/title>\n<meta name=\"robots\" content=\"index, follow, max-snippet:-1, max-image-preview:large, max-video-preview:-1\" \/>\n<link rel=\"canonical\" href=\"https:\/\/www.estrategiaconcursos.com.br\/blog\/mp-rj-questoes-de-direito-adminsitrativo-cargo-de-tecnico-administrativo\/\" \/>\n<meta property=\"og:locale\" content=\"pt_BR\" \/>\n<meta property=\"og:type\" content=\"article\" \/>\n<meta property=\"og:title\" content=\"MP-RJ \u2013 Gabarito de Direito Adminsitrativo \u2013 cargo de T\u00e9cnico Administrativo\" \/>\n<meta property=\"og:description\" content=\"Ol\u00e1, pessoal !! Como foram de prova? =) Espero que tenham se sa\u00eddo muito bem! Diferentemente das provas para Analista Administrativo, para o cargo de T\u00e9cnico as quest\u00f5es vieram dentro da complexidade esperada. Seguem abaixo breves coment\u00e1rios: \u2014\u2014\u2014\u2013 Qualquer d\u00favida ou sugest\u00e3o, estamos \u00e0 disposi\u00e7\u00e3o, principalmente por meio do Instagram:&nbsp;@professordaud Um forte abra\u00e7o!!!\" \/>\n<meta property=\"og:url\" content=\"https:\/\/www.estrategiaconcursos.com.br\/blog\/mp-rj-questoes-de-direito-adminsitrativo-cargo-de-tecnico-administrativo\/\" \/>\n<meta property=\"og:site_name\" content=\"Estrat\u00e9gia Concursos\" \/>\n<meta property=\"article:published_time\" content=\"2019-11-25T01:48:08+00:00\" \/>\n<meta property=\"article:modified_time\" content=\"2019-11-25T11:28:28+00:00\" \/>\n<meta name=\"author\" content=\"Antonio Daud\" \/>\n<meta name=\"twitter:card\" content=\"summary_large_image\" \/>\n<meta name=\"twitter:creator\" content=\"@EstratConcursos\" \/>\n<meta name=\"twitter:site\" content=\"@EstratConcursos\" \/>\n<meta name=\"twitter:label1\" content=\"Escrito por\" \/>\n\t<meta name=\"twitter:data1\" content=\"Antonio Daud\" \/>\n<script type=\"application\/ld+json\" class=\"yoast-schema-graph\">{\"@context\":\"https:\/\/schema.org\",\"@graph\":[{\"@type\":\"NewsArticle\",\"@id\":\"https:\/\/www.estrategiaconcursos.com.br\/blog\/mp-rj-questoes-de-direito-adminsitrativo-cargo-de-tecnico-administrativo\/#article\",\"isPartOf\":{\"@id\":\"https:\/\/www.estrategiaconcursos.com.br\/blog\/mp-rj-questoes-de-direito-adminsitrativo-cargo-de-tecnico-administrativo\/\"},\"author\":{\"name\":\"Antonio Daud\",\"@id\":\"https:\/\/www.estrategiaconcursos.com.br\/blog\/#\/schema\/person\/90692507130b147bb9128fc093141dad\"},\"headline\":\"MP-RJ \u2013 Gabarito de Direito Adminsitrativo \u2013 cargo de T\u00e9cnico Administrativo\",\"datePublished\":\"2019-11-25T01:48:08+00:00\",\"dateModified\":\"2019-11-25T11:28:28+00:00\",\"mainEntityOfPage\":{\"@id\":\"https:\/\/www.estrategiaconcursos.com.br\/blog\/mp-rj-questoes-de-direito-adminsitrativo-cargo-de-tecnico-administrativo\/\"},\"wordCount\":75,\"commentCount\":0,\"publisher\":{\"@id\":\"https:\/\/www.estrategiaconcursos.com.br\/blog\/#organization\"},\"articleSection\":[\"Concursos P\u00fablicos\"],\"inLanguage\":\"pt-BR\",\"potentialAction\":[{\"@type\":\"CommentAction\",\"name\":\"Comment\",\"target\":[\"https:\/\/www.estrategiaconcursos.com.br\/blog\/mp-rj-questoes-de-direito-adminsitrativo-cargo-de-tecnico-administrativo\/#respond\"]}],\"copyrightYear\":\"2019\",\"copyrightHolder\":{\"@id\":\"https:\/\/www.estrategiaconcursos.com.br\/blog\/#organization\"}},{\"@type\":\"WebPage\",\"@id\":\"https:\/\/www.estrategiaconcursos.com.br\/blog\/mp-rj-questoes-de-direito-adminsitrativo-cargo-de-tecnico-administrativo\/\",\"url\":\"https:\/\/www.estrategiaconcursos.com.br\/blog\/mp-rj-questoes-de-direito-adminsitrativo-cargo-de-tecnico-administrativo\/\",\"name\":\"MP-RJ \u2013 Gabarito de Direito Adminsitrativo \u2013 cargo de T\u00e9cnico Administrativo\",\"isPartOf\":{\"@id\":\"https:\/\/www.estrategiaconcursos.com.br\/blog\/#website\"},\"datePublished\":\"2019-11-25T01:48:08+00:00\",\"dateModified\":\"2019-11-25T11:28:28+00:00\",\"breadcrumb\":{\"@id\":\"https:\/\/www.estrategiaconcursos.com.br\/blog\/mp-rj-questoes-de-direito-adminsitrativo-cargo-de-tecnico-administrativo\/#breadcrumb\"},\"inLanguage\":\"pt-BR\",\"potentialAction\":[{\"@type\":\"ReadAction\",\"target\":[\"https:\/\/www.estrategiaconcursos.com.br\/blog\/mp-rj-questoes-de-direito-adminsitrativo-cargo-de-tecnico-administrativo\/\"]}]},{\"@type\":\"BreadcrumbList\",\"@id\":\"https:\/\/www.estrategiaconcursos.com.br\/blog\/mp-rj-questoes-de-direito-adminsitrativo-cargo-de-tecnico-administrativo\/#breadcrumb\",\"itemListElement\":[{\"@type\":\"ListItem\",\"position\":1,\"name\":\"In\u00edcio\",\"item\":\"https:\/\/www.estrategiaconcursos.com.br\/blog\/\"},{\"@type\":\"ListItem\",\"position\":2,\"name\":\"MP-RJ \u2013 Gabarito de Direito Adminsitrativo \u2013 cargo de T\u00e9cnico Administrativo\"}]},{\"@type\":\"WebSite\",\"@id\":\"https:\/\/www.estrategiaconcursos.com.br\/blog\/#website\",\"url\":\"https:\/\/www.estrategiaconcursos.com.br\/blog\/\",\"name\":\"Estrat\u00e9gia Concursos\",\"description\":\"O blog da Estrat\u00e9gia Concursos traz not\u00edcias sobre concursos e artigos de professores oferecendo cursos para concursos (pdf + videaulas) no site.\",\"publisher\":{\"@id\":\"https:\/\/www.estrategiaconcursos.com.br\/blog\/#organization\"},\"potentialAction\":[{\"@type\":\"SearchAction\",\"target\":{\"@type\":\"EntryPoint\",\"urlTemplate\":\"https:\/\/www.estrategiaconcursos.com.br\/blog\/?s={search_term_string}\"},\"query-input\":{\"@type\":\"PropertyValueSpecification\",\"valueRequired\":true,\"valueName\":\"search_term_string\"}}],\"inLanguage\":\"pt-BR\"},{\"@type\":\"Organization\",\"@id\":\"https:\/\/www.estrategiaconcursos.com.br\/blog\/#organization\",\"name\":\"Estrat\u00e9gia Concursos\",\"url\":\"https:\/\/www.estrategiaconcursos.com.br\/blog\/\",\"logo\":{\"@type\":\"ImageObject\",\"inLanguage\":\"pt-BR\",\"@id\":\"https:\/\/www.estrategiaconcursos.com.br\/blog\/#\/schema\/logo\/image\/\",\"url\":\"https:\/\/dhg1h5j42swfq.cloudfront.net\/2025\/06\/03203428\/logo_concursos-1.jpg\",\"contentUrl\":\"https:\/\/dhg1h5j42swfq.cloudfront.net\/2025\/06\/03203428\/logo_concursos-1.jpg\",\"width\":230,\"height\":60,\"caption\":\"Estrat\u00e9gia Concursos\"},\"image\":{\"@id\":\"https:\/\/www.estrategiaconcursos.com.br\/blog\/#\/schema\/logo\/image\/\"},\"sameAs\":[\"https:\/\/x.com\/EstratConcursos\"]},{\"@type\":\"Person\",\"@id\":\"https:\/\/www.estrategiaconcursos.com.br\/blog\/#\/schema\/person\/90692507130b147bb9128fc093141dad\",\"name\":\"Antonio Daud\",\"image\":{\"@type\":\"ImageObject\",\"inLanguage\":\"pt-BR\",\"@id\":\"https:\/\/secure.gravatar.com\/avatar\/9a6539d0d807c3d7c2aaa709166f9aa9824103126593f30916973bcaedf16896?s=96&d=mm&r=g\",\"url\":\"https:\/\/secure.gravatar.com\/avatar\/9a6539d0d807c3d7c2aaa709166f9aa9824103126593f30916973bcaedf16896?s=96&d=mm&r=g\",\"contentUrl\":\"https:\/\/secure.gravatar.com\/avatar\/9a6539d0d807c3d7c2aaa709166f9aa9824103126593f30916973bcaedf16896?s=96&d=mm&r=g\",\"caption\":\"Antonio Daud\"},\"description\":\"Antonio Daud J\u00fanior \u00e9 bacharel em Engenharia El\u00e9trica e em Direito. Foi Analista de Finan\u00e7as e Controle da Controladoria-Geral da Uni\u00e3o\/Presid\u00eancia da Rep\u00fablica (CGU\/PR), aprovado no concurso de 2008. Atualmente \u00e9 Auditor Federal de Controle Externo (AUFC) do Tribunal de Contas da Uni\u00e3o (TCU), aprovado tamb\u00e9m em 2008.\",\"sameAs\":[\"https:\/\/www.instagram.com\/professordaud\/?hl=en\"],\"url\":\"https:\/\/www.estrategiaconcursos.com.br\/blog\/author\/antoniodaudestrategiaconcursos-com-br\/\"}]}<\/script>\n<!-- \/ Yoast SEO Premium plugin. -->","yoast_head_json":{"title":"MP-RJ \u2013 Gabarito de Direito Adminsitrativo \u2013 cargo de T\u00e9cnico Administrativo","robots":{"index":"index","follow":"follow","max-snippet":"max-snippet:-1","max-image-preview":"max-image-preview:large","max-video-preview":"max-video-preview:-1"},"canonical":"https:\/\/www.estrategiaconcursos.com.br\/blog\/mp-rj-questoes-de-direito-adminsitrativo-cargo-de-tecnico-administrativo\/","og_locale":"pt_BR","og_type":"article","og_title":"MP-RJ \u2013 Gabarito de Direito Adminsitrativo \u2013 cargo de T\u00e9cnico Administrativo","og_description":"Ol\u00e1, pessoal !! Como foram de prova? =) Espero que tenham se sa\u00eddo muito bem! Diferentemente das provas para Analista Administrativo, para o cargo de T\u00e9cnico as quest\u00f5es vieram dentro da complexidade esperada. Seguem abaixo breves coment\u00e1rios: \u2014\u2014\u2014\u2013 Qualquer d\u00favida ou sugest\u00e3o, estamos \u00e0 disposi\u00e7\u00e3o, principalmente por meio do Instagram:&nbsp;@professordaud Um forte abra\u00e7o!!!","og_url":"https:\/\/www.estrategiaconcursos.com.br\/blog\/mp-rj-questoes-de-direito-adminsitrativo-cargo-de-tecnico-administrativo\/","og_site_name":"Estrat\u00e9gia Concursos","article_published_time":"2019-11-25T01:48:08+00:00","article_modified_time":"2019-11-25T11:28:28+00:00","author":"Antonio Daud","twitter_card":"summary_large_image","twitter_creator":"@EstratConcursos","twitter_site":"@EstratConcursos","twitter_misc":{"Escrito por":"Antonio Daud"},"schema":{"@context":"https:\/\/schema.org","@graph":[{"@type":"NewsArticle","@id":"https:\/\/www.estrategiaconcursos.com.br\/blog\/mp-rj-questoes-de-direito-adminsitrativo-cargo-de-tecnico-administrativo\/#article","isPartOf":{"@id":"https:\/\/www.estrategiaconcursos.com.br\/blog\/mp-rj-questoes-de-direito-adminsitrativo-cargo-de-tecnico-administrativo\/"},"author":{"name":"Antonio Daud","@id":"https:\/\/www.estrategiaconcursos.com.br\/blog\/#\/schema\/person\/90692507130b147bb9128fc093141dad"},"headline":"MP-RJ \u2013 Gabarito de Direito Adminsitrativo \u2013 cargo de T\u00e9cnico Administrativo","datePublished":"2019-11-25T01:48:08+00:00","dateModified":"2019-11-25T11:28:28+00:00","mainEntityOfPage":{"@id":"https:\/\/www.estrategiaconcursos.com.br\/blog\/mp-rj-questoes-de-direito-adminsitrativo-cargo-de-tecnico-administrativo\/"},"wordCount":75,"commentCount":0,"publisher":{"@id":"https:\/\/www.estrategiaconcursos.com.br\/blog\/#organization"},"articleSection":["Concursos P\u00fablicos"],"inLanguage":"pt-BR","potentialAction":[{"@type":"CommentAction","name":"Comment","target":["https:\/\/www.estrategiaconcursos.com.br\/blog\/mp-rj-questoes-de-direito-adminsitrativo-cargo-de-tecnico-administrativo\/#respond"]}],"copyrightYear":"2019","copyrightHolder":{"@id":"https:\/\/www.estrategiaconcursos.com.br\/blog\/#organization"}},{"@type":"WebPage","@id":"https:\/\/www.estrategiaconcursos.com.br\/blog\/mp-rj-questoes-de-direito-adminsitrativo-cargo-de-tecnico-administrativo\/","url":"https:\/\/www.estrategiaconcursos.com.br\/blog\/mp-rj-questoes-de-direito-adminsitrativo-cargo-de-tecnico-administrativo\/","name":"MP-RJ \u2013 Gabarito de Direito Adminsitrativo \u2013 cargo de T\u00e9cnico Administrativo","isPartOf":{"@id":"https:\/\/www.estrategiaconcursos.com.br\/blog\/#website"},"datePublished":"2019-11-25T01:48:08+00:00","dateModified":"2019-11-25T11:28:28+00:00","breadcrumb":{"@id":"https:\/\/www.estrategiaconcursos.com.br\/blog\/mp-rj-questoes-de-direito-adminsitrativo-cargo-de-tecnico-administrativo\/#breadcrumb"},"inLanguage":"pt-BR","potentialAction":[{"@type":"ReadAction","target":["https:\/\/www.estrategiaconcursos.com.br\/blog\/mp-rj-questoes-de-direito-adminsitrativo-cargo-de-tecnico-administrativo\/"]}]},{"@type":"BreadcrumbList","@id":"https:\/\/www.estrategiaconcursos.com.br\/blog\/mp-rj-questoes-de-direito-adminsitrativo-cargo-de-tecnico-administrativo\/#breadcrumb","itemListElement":[{"@type":"ListItem","position":1,"name":"In\u00edcio","item":"https:\/\/www.estrategiaconcursos.com.br\/blog\/"},{"@type":"ListItem","position":2,"name":"MP-RJ \u2013 Gabarito de Direito Adminsitrativo \u2013 cargo de T\u00e9cnico Administrativo"}]},{"@type":"WebSite","@id":"https:\/\/www.estrategiaconcursos.com.br\/blog\/#website","url":"https:\/\/www.estrategiaconcursos.com.br\/blog\/","name":"Estrat\u00e9gia Concursos","description":"O blog da Estrat\u00e9gia Concursos traz not\u00edcias sobre concursos e artigos de professores oferecendo cursos para concursos (pdf + videaulas) no site.","publisher":{"@id":"https:\/\/www.estrategiaconcursos.com.br\/blog\/#organization"},"potentialAction":[{"@type":"SearchAction","target":{"@type":"EntryPoint","urlTemplate":"https:\/\/www.estrategiaconcursos.com.br\/blog\/?s={search_term_string}"},"query-input":{"@type":"PropertyValueSpecification","valueRequired":true,"valueName":"search_term_string"}}],"inLanguage":"pt-BR"},{"@type":"Organization","@id":"https:\/\/www.estrategiaconcursos.com.br\/blog\/#organization","name":"Estrat\u00e9gia Concursos","url":"https:\/\/www.estrategiaconcursos.com.br\/blog\/","logo":{"@type":"ImageObject","inLanguage":"pt-BR","@id":"https:\/\/www.estrategiaconcursos.com.br\/blog\/#\/schema\/logo\/image\/","url":"https:\/\/dhg1h5j42swfq.cloudfront.net\/2025\/06\/03203428\/logo_concursos-1.jpg","contentUrl":"https:\/\/dhg1h5j42swfq.cloudfront.net\/2025\/06\/03203428\/logo_concursos-1.jpg","width":230,"height":60,"caption":"Estrat\u00e9gia Concursos"},"image":{"@id":"https:\/\/www.estrategiaconcursos.com.br\/blog\/#\/schema\/logo\/image\/"},"sameAs":["https:\/\/x.com\/EstratConcursos"]},{"@type":"Person","@id":"https:\/\/www.estrategiaconcursos.com.br\/blog\/#\/schema\/person\/90692507130b147bb9128fc093141dad","name":"Antonio Daud","image":{"@type":"ImageObject","inLanguage":"pt-BR","@id":"https:\/\/secure.gravatar.com\/avatar\/9a6539d0d807c3d7c2aaa709166f9aa9824103126593f30916973bcaedf16896?s=96&d=mm&r=g","url":"https:\/\/secure.gravatar.com\/avatar\/9a6539d0d807c3d7c2aaa709166f9aa9824103126593f30916973bcaedf16896?s=96&d=mm&r=g","contentUrl":"https:\/\/secure.gravatar.com\/avatar\/9a6539d0d807c3d7c2aaa709166f9aa9824103126593f30916973bcaedf16896?s=96&d=mm&r=g","caption":"Antonio Daud"},"description":"Antonio Daud J\u00fanior \u00e9 bacharel em Engenharia El\u00e9trica e em Direito. Foi Analista de Finan\u00e7as e Controle da Controladoria-Geral da Uni\u00e3o\/Presid\u00eancia da Rep\u00fablica (CGU\/PR), aprovado no concurso de 2008. Atualmente \u00e9 Auditor Federal de Controle Externo (AUFC) do Tribunal de Contas da Uni\u00e3o (TCU), aprovado tamb\u00e9m em 2008.","sameAs":["https:\/\/www.instagram.com\/professordaud\/?hl=en"],"url":"https:\/\/www.estrategiaconcursos.com.br\/blog\/author\/antoniodaudestrategiaconcursos-com-br\/"}]}},"_links":{"self":[{"href":"https:\/\/www.estrategiaconcursos.com.br\/blog\/wp-json\/wp\/v2\/posts\/450983","targetHints":{"allow":["GET"]}}],"collection":[{"href":"https:\/\/www.estrategiaconcursos.com.br\/blog\/wp-json\/wp\/v2\/posts"}],"about":[{"href":"https:\/\/www.estrategiaconcursos.com.br\/blog\/wp-json\/wp\/v2\/types\/post"}],"author":[{"embeddable":true,"href":"https:\/\/www.estrategiaconcursos.com.br\/blog\/wp-json\/wp\/v2\/users\/135"}],"replies":[{"embeddable":true,"href":"https:\/\/www.estrategiaconcursos.com.br\/blog\/wp-json\/wp\/v2\/comments?post=450983"}],"version-history":[{"count":2,"href":"https:\/\/www.estrategiaconcursos.com.br\/blog\/wp-json\/wp\/v2\/posts\/450983\/revisions"}],"predecessor-version":[{"id":451000,"href":"https:\/\/www.estrategiaconcursos.com.br\/blog\/wp-json\/wp\/v2\/posts\/450983\/revisions\/451000"}],"wp:attachment":[{"href":"https:\/\/www.estrategiaconcursos.com.br\/blog\/wp-json\/wp\/v2\/media?parent=450983"}],"wp:term":[{"taxonomy":"category","embeddable":true,"href":"https:\/\/www.estrategiaconcursos.com.br\/blog\/wp-json\/wp\/v2\/categories?post=450983"},{"taxonomy":"post_tag","embeddable":true,"href":"https:\/\/www.estrategiaconcursos.com.br\/blog\/wp-json\/wp\/v2\/tags?post=450983"},{"taxonomy":"tax_estado","embeddable":true,"href":"https:\/\/www.estrategiaconcursos.com.br\/blog\/wp-json\/wp\/v2\/tax_estado?post=450983"}],"curies":[{"name":"wp","href":"https:\/\/api.w.org\/{rel}","templated":true}]}}