{"id":450499,"date":"2019-11-25T08:00:55","date_gmt":"2019-11-25T11:00:55","guid":{"rendered":"https:\/\/www.estrategiaconcursos.com.br\/blog\/?p=450499"},"modified":"2019-11-25T13:43:48","modified_gmt":"2019-11-25T16:43:48","slug":"gabarito-extraoficial-agepen-go","status":"publish","type":"post","link":"https:\/\/www.estrategiaconcursos.com.br\/blog\/gabarito-extraoficial-agepen-go\/","title":{"rendered":"Gabarito Extraoficial AGEPEN GO: acompanhe a corre\u00e7\u00e3o ao vivo"},"content":{"rendered":"\n<p>Aconteceu neste&nbsp;<strong>domingo, 24 de novembro<\/strong>, no per\u00edodo das 14h \u00e0s 18h00, a&nbsp;<strong>prova do concurso AGEPEN GO<\/strong>&nbsp;para o cargo de Agente de Seguran\u00e7a Prisional. Acompanhe no final deste artigo o gabarito extraoficial do exame.<\/p>\n\n\n\n<p>A prova objetiva do concurso ser\u00e1 composta por&nbsp;<strong>60 quest\u00f5es<\/strong>&nbsp;de m\u00faltipla escolha com cinco alternativas e ter\u00e1 dura\u00e7\u00e3o de&nbsp;<strong>4 horas<\/strong>.<\/p>\n\n\n\n<p>Ap\u00f3s realizar o exame bate a ansiedade de saber se foi bem ou n\u00e3o. Para ajudar voc\u00ea a equipe de professores do Estrat\u00e9gia vai disponibilizar uma<strong> Gabarito<\/strong> extraoficial neste artigo. <\/p>\n\n\n\n<p>Al\u00e9m disso voc\u00ea poder\u00e1 conferir uma corre\u00e7\u00e3o ao vivo e gratuitamente atrav\u00e9s do canal do Estrat\u00e9gia Concursos no Youtube. <\/p>\n\n\n\n<p>Por isso, convidamos voc\u00ea a acompanhar nossa<strong>&nbsp;Corre\u00e7\u00e3o da Prova AGEPEN GO<\/strong>. A transmiss\u00e3o ser\u00e1 realizada neste&nbsp;<strong>domingo, 24 de novembro de 2019, a partir das 18:15<\/strong>.<\/p>\n\n\n\n<h2 class=\"wp-block-heading\">Ranking AGEPEN GO \u2013 <strong>Agente de Seguran\u00e7a Prisional<\/strong>  <\/h2>\n\n\n\n<p>Voc\u00ea pode participar do nosso&nbsp;<strong>ranking classificat\u00f3rio<\/strong>&nbsp;e comparar seu desempenho com seus concorrentes. Para conferir sua nota, basta preencher suas respostas no nosso gabarito eletr\u00f4nico e aguardar a libera\u00e7\u00e3o da classifica\u00e7\u00e3o.<\/p>\n\n\n\n<p style=\"text-align:center\" class=\"has-background has-medium-font-size has-very-light-gray-background-color\"><strong><a href=\"https:\/\/docs.google.com\/forms\/d\/e\/1FAIpQLScTHx2sy9vZ_lJfmyktjC9AlNJCrhpnWkiYshiXr_2IR1QAuA\/viewform\">Preencha seu gabarito<\/a><\/strong><\/p>\n\n\n\n<p style=\"text-align:center\" class=\"has-background has-medium-font-size has-very-light-gray-background-color\"><strong><a href=\"https:\/\/docs.google.com\/spreadsheets\/d\/1qMoKv1wGi5G52jLC8rdXqRn3lFm_pAZDLHixFWiuCXg\/edit#gid=569530903\">Ranking AGEPEN GO \u2013 Agente de Seguran\u00e7a Prisional<\/a><\/strong><a href=\"https:\/\/docs.google.com\/spreadsheets\/d\/1qMoKv1wGi5G52jLC8rdXqRn3lFm_pAZDLHixFWiuCXg\/edit#gid=569530903\"> <\/a><\/p>\n\n\n\n<h2 class=\"wp-block-heading\">Corre\u00e7\u00e3o AO VIVO<\/h2>\n\n\n<figure class=\"wp-block-embed-youtube wp-block-embed is-type-video is-provider-youtube wp-embed-aspect-16-9 wp-has-aspect-ratio lyte-align aligncenter\"><div class=\"lyte-wrapper\" style=\"width:853px;max-width:100%;margin:5px;\"><div class=\"lyMe\" id=\"WYL_1WPdKbvYmb8\"><div id=\"lyte_1WPdKbvYmb8\" data-src=\"\/\/i.ytimg.com\/vi\/1WPdKbvYmb8\/hqdefault.jpg\" class=\"pL\"><div class=\"tC\"><div class=\"tT\"><\/div><\/div><div class=\"play\"><\/div><div class=\"ctrl\"><div class=\"Lctrl\"><\/div><div class=\"Rctrl\"><\/div><\/div><\/div><noscript><a href=\"https:\/\/youtu.be\/1WPdKbvYmb8\" rel=\"nofollow\"><img loading=\"lazy\" decoding=\"async\" src=\"https:\/\/i.ytimg.com\/vi\/1WPdKbvYmb8\/0.jpg\" alt=\"YouTube video thumbnail\" width=\"853\" height=\"460\" \/><br \/>Assista a este v\u00eddeo no YouTube<\/a><\/noscript><\/div><\/div><div class=\"lL\" style=\"max-width:100%;width:853px;margin:5px;\"><\/div><figcaption><\/figcaption><\/figure>\n\n\n<h2 class=\"wp-block-heading\">Gabarito extraoficial: AGEPEN GO \u2013  <br \/><strong>Agente de Seguran\u00e7a Prisional<\/strong>  <\/h2>\n\n\n<p>A prova corrigida foi do <strong>TIPO A<\/strong>, mas voc\u00ea pode\u00a0 conferir o in\u00edcio da quest\u00e3o e da resposta.<\/p>\n<p><strong>Quest\u00e3o 1:\u00a0<\/strong>Considerando como refer\u00eancia a norma \u2013 padr\u00e3o e as quest\u00f5es gramaticais&#8230;<br \/><em><strong>Resposta: <\/strong><\/em><em>E \u2013 caso o autor resolvesse empregar a constru\u00e7\u00e3o&#8230;<\/em><\/p>\n<p><strong>Quest\u00e3o 2: <\/strong><strong>A respeito das estruturas do texto e das regras para uso do sinal indicativo de crase&#8230;<\/strong><br \/><em><strong>Resposta: <\/strong><\/em><em>C \u2013 caso o autor resolvesse substituir o voc\u00e1bulo&#8230;<\/em><\/p>\n<p><strong>Quest\u00e3o 3: <\/strong><strong>Considerando a hipot\u00e9tica necessidade de se registrar, no livro de ocorr\u00eancias de uma penitenci\u00e1ria&#8230;<\/strong><br \/><em><strong>Resposta: <\/strong><\/em><em>A \u2013 relatou que ainda agia como se estivesse na pris\u00e3o&#8230;<\/em><\/p>\n<p><strong>Quest\u00e3o 4: <\/strong><strong>Suponha que a psic\u00f3loga Mariek Liema, a servi\u00e7o da universidade de Goi\u00e1s&#8230;<\/strong><br \/><em><strong>Resposta: <\/strong><\/em><em>D \u2013 deveria apresentar o fecho alinhado&#8230;<\/em><\/p>\n<p><strong>Quest\u00e3o 5: <\/strong><strong>Com base nas rela\u00e7\u00f5es morfossint\u00e1ticas estabelecidas pelo autor&#8230;<\/strong><br \/><em><strong>Resposta:<\/strong><\/em> B \u2013 os termos \u201cem pris\u00f5es\u201d (linha1)&#8230;<\/p>\n<p><strong>Quest\u00e3o 6: <\/strong><strong>Acerca das rela\u00e7\u00f5es que se estabelecem em \u201cEsta parceria entre o Estado e a sociedade Civil&#8230;\u00a0<\/strong> <br \/><em><strong>Resposta:<\/strong><\/em>\u00a0C \u2013 a cria\u00e7\u00e3o de um novo referencial de seguran\u00e7a&#8230;<\/p>\n<p><strong>Quest\u00e3o 7:\u00a0<\/strong>Assinale a alternativa em que todas as palavras s\u00e3o acentuadas por serem proparox\u00edtonas ou parox\u00edtonas&#8230; <br \/><em><strong>Resposta: <\/strong><\/em><em>A \u2013 \u201cpres\u00eddios\u201d (linha3), \u201cpolicia\u201d&#8230;<\/em><\/p>\n<p><strong>Quest\u00e3o 8:\u00a0<\/strong><strong>Com rela\u00e7\u00e3o a tipologia assinale a alternativa correta&#8230;<\/strong> <br \/><em><strong>Resposta: <\/strong><\/em><em>A \u2013 os dois primeiros per\u00edodos&#8230;<\/em><\/p>\n<p><strong>Quest\u00e3o 9:\u00a0<\/strong><strong>Assinale a alternativa em que o referente sem\u00e2ntico da palavra sublinhada em \u201cPode-se dizer que n\u00e3o h\u00e1 nisso nada de extraordin\u00e1rio nisso\u201d&#8230;<\/strong> <br \/><em><strong>Resposta: <\/strong><\/em><em>D \u2013 na presen\u00e7a de \u201celementos e personagens&#8230;<\/em><\/p>\n<p><strong>Quest\u00e3o 10:\u00a0<\/strong>Em \u201cMas uma coisa \u00e9 singular na justi\u00e7a criminal moderna:<br \/><em><strong>Resposta:<\/strong><\/em><em> B \u2013 se op\u00f5e \u00e0 de que \u00e9 comum&#8230;<\/em><\/p>\n<p><strong>Quest\u00e3o 11:\u00a0<\/strong>A Secretaria de Seguran\u00e7a P\u00fablica do Estado apresentou no dia 21\/09\/2018&#8230;<\/p>\n<p><em><strong>Resposta: <\/strong><\/em><em>E \u2013 no cumprimento das metas&#8230;<\/em><\/p>\n<p><strong>Quest\u00e3o 12:\u00a0<\/strong>Ap\u00f3s a ocorr\u00eancia de tr\u00eas motins&#8230;<br \/><em><strong>Resposta: <\/strong><\/em><em>A \u2013a regionaliza\u00e7\u00e3o dos pres\u00eddios&#8230;<\/em><\/p>\n<p><strong>Quest\u00e3o 13:\u00a0<\/strong>No que se refere ao tema do texto, em rela\u00e7\u00e3o aos fatores respons\u00e1veis pelo crescimento econ\u00f4mico&#8230;<br \/><em><strong>Resposta: <\/strong><\/em><em>A \u2013 o setor de servi\u00e7os foi maior respons\u00e1vel&#8230;<\/em><\/p>\n<p><strong>Quest\u00e3o 14: <\/strong><strong>No que tange as transforma\u00e7\u00f5es socioecon\u00f4micas e ao aumento da produtividade&#8230;\u00a0<\/strong> <br \/><em><strong>Resposta: <\/strong><\/em><em>A \u2013 o bom desempenho do agroneg\u00f3cio goiano&#8230;<\/em><\/p>\n<p><strong>Quest\u00e3o 15: <\/strong>Suponha que uma unidade prisional seja<br \/>limitada por um muro irregular&#8230;<br \/><em><b>Resposta:<\/b><\/em> D &#8211; 680<\/p>\n<p><!-- [if gte mso 10]>\n\n\n\n\n\n\n\n\n\n\n<style>\n \/* Style Definitions *\/\n table.MsoNormalTable\n\t{mso-style-name:\"Tabela normal\";\n\tmso-tstyle-rowband-size:0;\n\tmso-tstyle-colband-size:0;\n\tmso-style-noshow:yes;\n\tmso-style-priority:99;\n\tmso-style-parent:\"\";\n\tmso-padding-alt:0cm 5.4pt 0cm 5.4pt;\n\tmso-para-margin-top:0cm;\n\tmso-para-margin-right:0cm;\n\tmso-para-margin-bottom:8.0pt;\n\tmso-para-margin-left:0cm;\n\tline-height:107%;\n\tmso-pagination:widow-orphan;\n\tfont-size:11.0pt;\n\tfont-family:\"Calibri\",sans-serif;\n\tmso-ascii-font-family:Calibri;\n\tmso-ascii-theme-font:minor-latin;\n\tmso-hansi-font-family:Calibri;\n\tmso-hansi-theme-font:minor-latin;\n\tmso-bidi-font-family:\"Times New Roman\";\n\tmso-bidi-theme-font:minor-bidi;\n\tmso-fareast-language:EN-US;}\n<\/style>\n\n\n\n\n\n\n\n\n\n\n< ![endif]--><\/p>\n<p><!-- \/wp:post-content --><!-- wp:paragraph --><\/p>\n<p><strong>Quest\u00e3o 16:\u00a0<\/strong><strong><span style=\"font-weight: normal; mso-bidi-font-weight: bold;\">Considere que o conjunto carcer\u00e1rio de uma unidade<br \/>prisional&#8230;<\/span><\/strong> <br \/><em><b>Resposta:<\/b><\/em>\u00a0B &#8211; 23<\/p>\n<p><!-- \/wp:paragraph --><!-- wp:paragraph --><\/p>\n<p><strong>Quest\u00e3o 17:\u00a0<\/strong>Com base nessas declara\u00e7\u00f5es, e correto<br \/>concluir que: <br \/><em><b>Resposta: <\/b><\/em><em><span style=\"mso-bidi-font-weight: bold; font-style: normal; mso-bidi-font-style: italic;\">D \u2013 A e C mentem<\/span><b> <\/b><\/em><\/p>\n<p><strong>Quest\u00e3o 18:\u00a0<\/strong>O servidor p\u00fablico deve se fundamentar nos valores \u00e9ticos&#8230;<br \/><em><strong>Resposta: <\/strong><\/em><em>B &#8211; honestidade<\/em><\/p>\n<p><strong>Quest\u00e3o 19:\u00a0<\/strong><strong>Sabendo que<\/strong> o Agente Prisional de 3\u00ba classe&#8230;<br \/><em><strong>Resposta: <\/strong><\/em><em>E \u2013 salvaguardar dados e conhecimentos&#8230;<\/em><\/p>\n<p><strong>Quest\u00e3o 20:\u00a0<\/strong>Com rela\u00e7\u00e3o ao uso de formulas de cortesia&#8230;<br \/><em><strong>Resposta: <\/strong><\/em><em>C \u2013 ancora-se na cultura de grupo e pode variar&#8230;<\/em><\/p>\n<p><strong>Quest\u00e3o 21:\u00a0<\/strong>As disposi\u00e7\u00f5es constitucionais acerca da remunera\u00e7\u00e3o&#8230;<br \/><em><strong>Resposta: <\/strong><\/em><em>E \u2013 nas hip\u00f3teses previstas constitucionalmente&#8230;<\/em><\/p>\n<p><strong>Quest\u00e3o 22:\u00a0<\/strong>No que concerne \u00e0s disposi\u00e7\u00f5es relativas h\u00e1 seguran\u00e7a p\u00fablica&#8230;<br \/><em><strong>Resposta: <\/strong><\/em><em>C \u2013 al\u00e9m de lact\u00e1rios e de ber\u00e7\u00e1rios&#8230;<\/em><\/p>\n<p><strong>Quest\u00e3o 23: <\/strong><strong>A Constitui\u00e7\u00e3o Federal de 1988 imp\u00f5em ao Estado&#8230;<\/strong><br \/><em><strong>Resposta: <\/strong><\/em><em>A \u2013 a impossibilidade da concess\u00e3o da extradi\u00e7\u00e3o&#8230;<\/em><\/p>\n<p><strong>Quest\u00e3o 24:\u00a0<\/strong>Acerca do conceito, das classifica\u00e7\u00f5es e dos princ\u00edpios fundamentais da Constitui\u00e7\u00e3o&#8230;<br \/><em><strong>Resposta: <\/strong><\/em><em>D \u2013 Constitui\u00e7\u00e3o n\u00e3o \u00e9 escrita \u00e9 o conjunto de regras&#8230;<\/em><\/p>\n<p><strong>Quest\u00e3o 25:\u00a0<\/strong>Quanto h\u00e1 organiza\u00e7\u00e3o pol\u00edtico-administrativa do Estado&#8230;<br \/><em><strong>Resposta:<\/strong><\/em> B \u2013 os Estados \u2013 Membros possuem autonomia&#8230;<\/p>\n<p><strong>Quest\u00e3o 26:\u00a0<\/strong>No que se refere aos direitos e as garantias fundamentais&#8230;<br \/><em><strong>Resposta:<\/strong><\/em>\u00a0E \u2013 a pris\u00e3o ilegal ser\u00e1 imediatamente relaxada&#8230;<\/p>\n<p><!-- \/wp:paragraph --><!-- wp:paragraph --><!--EndFragment--><\/p>\n<p><strong>Quest\u00e3o 27:\u00a0<\/strong>Nesse contexto, o ato administrativo cont\u00e9m&#8230;<br \/><em><strong>Resposta: <\/strong><\/em><em>A \u2013 Compet\u00eancia<\/em><\/p>\n<p><strong>Quest\u00e3o 28:\u00a0<\/strong>C.M.R, supervisor dos Agentes de Seguran\u00e7a Prisional, durante curso&#8230;<br \/><em><strong>Resposta: : <\/strong><\/em>C &#8211; suspens\u00e3o<\/p>\n<p><strong>Quest\u00e3o 29:\u00a0<\/strong>Suponha que E.P.O. tenha praticado ato administrativo&#8230;<br \/><em><strong>Resposta: <\/strong><\/em><em>\u00a0B \u2013 com valid\u00e1-lo <\/em><\/p>\n<p><strong>Quest\u00e3o 30:\u00a0<\/strong>C.I.V., Agente de Seguran\u00e7a Prisional, estava realizando sua ronda&#8230;<br \/><em><strong>Resposta: <\/strong><\/em><em>D \u2013 excesso de poder <\/em><\/p>\n<p><strong>Quest\u00e3o 31:\u00a0<\/strong><strong>Com a chegada adas chuvas, uma tempestade&#8230;<\/strong><br \/><em><strong>Resposta: <\/strong><\/em><em>E \u2013 em raz\u00e3o da situa\u00e7\u00e3o emergencial&#8230;<\/em><\/p>\n<p><strong>Quest\u00e3o 32:\u00a0<\/strong>Considere hipoteticamente que M.C.S.eL.N.L, agentes de seguran\u00e7a prisional, acompanhem&#8230;<br \/><em><strong>Resposta: <\/strong><\/em><em>B- de pol\u00edcia&#8230;<\/em><\/p>\n<p><strong>Quest\u00e3o 33:\u00a0<\/strong> Tais argumentos se fundamentam no princ\u00edpio da:<br \/><em><strong>Resposta: <\/strong><\/em><em>E \u2013 legalidade <\/em><\/p>\n<p><strong>Quest\u00e3o 34:\u00a0<\/strong> Suponha que A.D.M tenha sido condenado&#8230;<br \/><em><strong>Resposta: <\/strong><\/em><em>A \u2013 20 de mar\u00e7o de 2023<\/em><\/p>\n<p><strong>Quest\u00e3o 35:\u00a0<\/strong> E.L.P pegou o carro de M.A.V, com devida&#8230;<br \/><em><strong>Resposta:<\/strong><\/em> B \u2013 apropria\u00e7\u00e3o ind\u00e9bita<\/p>\n<p><strong>Quest\u00e3o 36:\u00a0<\/strong> Considere hipoteticamente que H.T.B., meliante conhecido na regi\u00e3o do Rio Vermelho&#8230;<br \/><em><strong>Resposta:<\/strong><\/em>\u00a0D \u2013 H.T.B configura uso de drogas<\/p>\n<p><strong>Quest\u00e3o 37:\u00a0<\/strong>A respeito da Lei n\u00ba 9.455\/1997 (lei da tortura)&#8230;<\/p>\n<p><em><strong>Resposta: <\/strong><\/em>B \u2013 a tortura \u2013 castigo exige&#8230;<\/p>\n<p><strong>Quest\u00e3o 38:\u00a0<\/strong> Em certo domingo, J.M.S, com vontade livre e consciente&#8230;<\/p>\n<p><em><strong>Resposta: <\/strong><\/em><em>C \u2013 disparo de arma de fogo&#8230;<\/em><\/p>\n<p><strong>Quest\u00e3o 39:\u00a0<\/strong> O C\u00f3digo Penal estabelece o crime de Peculato&#8230;<br \/><em><strong>Resposta: <\/strong><\/em><em>A \u2013 peculato \u2013 culposo&#8230;<\/em><\/p>\n<p><strong>Quest\u00e3o 40:\u00a0<\/strong>O sistema penal constitucional estabelece disposi\u00e7\u00f5es&#8230;<br \/><em><strong>Resposta: <\/strong><\/em><em>C \u2013 \u00e0s presidi\u00e1rias ser\u00e3o&#8230;<\/em><\/p>\n<p><strong>Quest\u00e3o 41:\u00a0<\/strong> A partir do momento em que determinado delito \u00e9 praticado&#8230;<br \/><em><strong>Resposta: <\/strong><\/em><em>C \u2013 levando-se em considera\u00e7\u00e3o que os elementos&#8230;<\/em><\/p>\n<p><strong>Quest\u00e3o 42:\u00a0<\/strong>Suponha que uma agente de seguran\u00e7a prisional tenha sido preso&#8230;<br \/><em><strong>Resposta: <\/strong><\/em><em>C \u2013 O inqu\u00e9rito policial dever\u00e1 ser conclu\u00eddo&#8230;<\/em><\/p>\n<p><strong>Quest\u00e3o 43:\u00a0<\/strong>Considerando o texto apresentado no que se refere \u00e0s pris\u00f5es \u2013 pena&#8230;<br \/><em><strong>Resposta: <\/strong><\/em><em>E \u2013 consiste em sofrimento imposto pelo Estado&#8230;<\/em><\/p>\n<p><strong>Quest\u00e3o 44:\u00a0<\/strong>A respeito do princ\u00edpio da unidade da jurisdi\u00e7\u00e3o&#8230; <br \/><em><strong>Resposta: <\/strong><\/em><em>B \u2013 esse \u00e9 o princ\u00edpio segundo o qual a jurisdi\u00e7\u00e3o&#8230;<\/em><\/p>\n<p><strong>Quest\u00e3o 46:\u00a0<\/strong>Um agente de seguran\u00e7a prisional solicitou vantagem&#8230;<br \/><em><strong>Resposta:<\/strong><\/em>\u00a0B \u2013 p\u00fablica incondicionada&#8230;<\/p>\n<p><strong>Quest\u00e3o 47:\u00a0<\/strong><strong>No que tange aos crimes de responsabilidade dos funcion\u00e1rios p\u00fablicos&#8230;<\/strong><\/p>\n<p><em><strong>Resposta: <\/strong><\/em><em>E \u2013 O Juiz rejeitar\u00e1 a queixa ou denuncia em despacho&#8230;<\/em><\/p>\n<p><strong>Quest\u00e3o 48:\u00a0<\/strong>O Habeas Corpus \u00e9 uma garantia&#8230;<br \/><em><strong>Resposta: <\/strong><\/em><em>D \u2013 \u00e9 medida que tutela o direito de permanecer&#8230;<\/em><\/p>\n<p><strong>Quest\u00e3o 49:\u00a0<\/strong><strong>Com rela\u00e7\u00e3o a essa rela\u00e7\u00e3o assinale a alternativa correta&#8230;<\/strong><br \/><em><strong>Resposta: <\/strong><\/em><em>A \u2013 <\/em><strong>O preso provis\u00f3rio, diferentemente do condenado&#8230;<\/strong><\/p>\n<p><strong>Quest\u00e3o 50:\u00a0<\/strong>Considerando o que define a Lei n\u00ba 7.210\/1984 acerca da aloca\u00e7\u00e3o&#8230;<br \/><em><strong>Resposta: <\/strong><\/em><em>C \u2013 a mulher e o maior de 60 anos idade&#8230;<\/em><\/p>\n<p><strong>Quest\u00e3o 51:\u00a0<\/strong>Todos os presos condenados a penas privativas&#8230;<br \/><em><strong>Resposta: <\/strong><\/em><em>A \u2013 se preenchidos determinados requisitos legais&#8230;<\/em><\/p>\n<p><strong>Quest\u00e3o 52:\u00a0<\/strong><strong>Considerando essa situa\u00e7\u00e3o hipot\u00e9tica com base na lei de execu\u00e7\u00e3o penal&#8230;<\/strong><br \/><em><strong>Resposta: <\/strong><\/em><em>D \u2013 foi concedida ao condenado&#8230;<\/em><\/p>\n<p><strong>Quest\u00e3o 53:\u00a0<\/strong>A lei de execu\u00e7\u00e3o penal disp\u00f5em acerca dos departamentos penitenci\u00e1rios&#8230;<br \/><em><strong>Resposta: <\/strong><\/em><em>C \u2013 no estabelecimento para mulheres somente se permitir\u00e1&#8230;<\/em><\/p>\n<p><strong>Quest\u00e3o 54:\u00a0<\/strong>Uma das atribui\u00e7\u00f5es poss\u00edveis do agente de seguran\u00e7a prisional&#8230;<br \/><em><strong>Resposta: <\/strong><\/em><em>E \u2013 a fiscaliza\u00e7\u00e3o por meio da monitora\u00e7\u00e3o eletr\u00f4nica&#8230;<\/em><\/p>\n<p><strong>Quest\u00e3o 55:\u00a0<\/strong>Enquanto cumpria pena no regime fechado&#8230;<br \/><em><strong>Resposta:<\/strong><\/em><em> D- em virtude da tentativa de fuga&#8230;<\/em><\/p>\n<p><strong>Quest\u00e3o 56:\u00a0<\/strong>Considerando que o cumprimento de pena deve ser pautado&#8230;<br \/><em><strong>Resposta:<\/strong><\/em>\u00a0 B- a classifica\u00e7\u00e3o ser\u00e1 feita por Comiss\u00e3o T\u00e9cnica de Classifica\u00e7\u00e3o&#8230;<\/p>\n<p><strong>Quest\u00e3o 57:\u00a0<\/strong>Considerando o caso concreto, bem como as Regras M\u00ednimas&#8230;<br \/><em><strong>Resposta: <\/strong><\/em><em>E \u2013 poder\u00e1 realizar o traslado utilizando algemas por ordem do diretor&#8230;<\/em><\/p>\n<p><strong>Quest\u00e3o 58:\u00a0<\/strong> Considerando o caso concreto, bem como as Regras M\u00ednimas para o Tratamento de Prisioneiros, que estabelecem regras&#8230;<br \/><em><strong>Resposta: <\/strong><\/em><em>C \u2013 O transporte de U.T.T., de Y.J.K., e de J.K.L., dever\u00e1 ser realizado&#8230;<\/em><\/p>\n<p><strong>Quest\u00e3o 59:\u00a0<\/strong> Suponha que certa penitenci\u00e1ria esteja localizada no mun\u00edcipio de Tranquiri&#8230; De acordo com essas informa\u00e7\u00f5es assinale a alternativa correta:<br \/><em><strong>Resposta: <\/strong><\/em><em>A \u2013 I.P.R.; agente respons\u00e1vel pela triagem para o trabalho interno&#8230;<\/em><\/p>\n<p><strong>Quest\u00e3o 60:<\/strong> O ambiente prisional consiste em um local de constri\u00e7\u00e3o, fiscaliza\u00e7\u00e3o e vigil\u00e2ncia&#8230;<br \/><em><strong>Resposta: <\/strong><\/em><em>D \u2013 O.D.F. poder\u00e1 fazer uso de for\u00e7a estritamente necess\u00e1ria para evitar a fuga do preso.<\/em><\/p>\n<p><strong><em>Confira tamb\u00e9m o gabarito preliminar divulgado pela banca organizadora:\u00a0<\/em><\/strong><\/p>\n<p style=\"text-align: center;\"><a href=\"https:\/\/dhg1h5j42swfq.cloudfront.net\/2019\/11\/25134321\/gabarito-AGEPEN-GO1.pdf\"><strong>Gabarito preliminar Agepen GO<\/strong><\/a><\/p>\n<p><!-- wp:paragraph --><\/p>\n<p>\u00a0<\/p>\n<p><!-- \/wp:paragraph --><\/p>\n<p><!-- wp:paragraph {\"align\":\"center\",\"backgroundColor\":\"very-light-gray\",\"fontSize\":\"medium\"} --><\/p>\n<p class=\"has-background has-medium-font-size has-very-light-gray-background-color\" style=\"text-align: center;\"><a href=\"https:\/\/www.estrategiaconcursos.com.br\/app\/dashboard\/renovacao\" target=\"_blank\" rel=\"noreferrer noopener\"><strong>PROMO\u00c7\u00c3O: \u00c9 MELHOR QUE BLACK FRIDAY!<\/strong><\/a><\/p>\n<p><!-- \/wp:paragraph --><\/p>\n<p><!-- wp:image {\"id\":444182,\"align\":\"center\",\"linkDestination\":\"custom\"} --><\/p>\n<div class=\"wp-block-image\">\n<figure class=\"aligncenter\"><a href=\"https:\/\/www.estrategiaconcursos.com.br\/app\/dashboard\/renovacao\" target=\"_blank\" rel=\"noreferrer noopener\"><img loading=\"lazy\" decoding=\"async\" width=\"1280\" height=\"320\" class=\"wp-image-444182\" src=\"https:\/\/dhg1h5j42swfq.cloudfront.net\/2019\/11\/05093753\/WhatsApp-Image-2019-11-04-at-10.27.201.jpeg\" alt=\"\" srcset=\"https:\/\/dhg1h5j42swfq.cloudfront.net\/2019\/11\/05093753\/WhatsApp-Image-2019-11-04-at-10.27.201.jpeg 1280w, https:\/\/dhg1h5j42swfq.cloudfront.net\/2019\/11\/05093753\/WhatsApp-Image-2019-11-04-at-10.27.201.jpeg 300w, https:\/\/dhg1h5j42swfq.cloudfront.net\/2019\/11\/05093753\/WhatsApp-Image-2019-11-04-at-10.27.201.jpeg 768w, https:\/\/dhg1h5j42swfq.cloudfront.net\/2019\/11\/05093753\/WhatsApp-Image-2019-11-04-at-10.27.201.jpeg 1024w, https:\/\/dhg1h5j42swfq.cloudfront.net\/2019\/11\/05093753\/WhatsApp-Image-2019-11-04-at-10.27.201.jpeg 610w\" sizes=\"auto, (max-width: 1280px) 100vw, 1280px\" \/><\/a><\/figure>\n<\/div>\n<p><!-- \/wp:image --><\/p>\n<p><!-- wp:paragraph {\"align\":\"center\"} --><\/p>\n<p style=\"text-align: center;\"><em><strong>Fique por dentro de todos os concursos<\/strong><\/em><\/p>\n<p><!-- \/wp:paragraph --><\/p>\n<p><!-- wp:paragraph {\"align\":\"center\",\"backgroundColor\":\"pale-cyan-blue\",\"customFontSize\":23} --><\/p>\n<p class=\"has-background has-pale-cyan-blue-background-color\" style=\"font-size: 23px; text-align: center;\"><a href=\"https:\/\/www.estrategiaconcursos.com.br\/blog\/concursos-abertos\/\" target=\"_blank\" rel=\"noreferrer noopener\"><strong>Concursos abertos<\/strong><\/a><\/p>\n<p><!-- \/wp:paragraph --><\/p>\n<p><!-- wp:paragraph {\"align\":\"center\",\"backgroundColor\":\"pale-cyan-blue\",\"customFontSize\":23} --><\/p>\n<p class=\"has-background has-pale-cyan-blue-background-color\" style=\"font-size: 23px; text-align: center;\"><a href=\"https:\/\/www.estrategiaconcursos.com.br\/blog\/concursos-2019\/\" target=\"_blank\" rel=\"noreferrer noopener\"><strong>Concursos 2019<\/strong><\/a><\/p>\n<p><!-- \/wp:paragraph --><\/p>\n<p><!-- wp:paragraph {\"align\":\"center\",\"backgroundColor\":\"pale-cyan-blue\",\"customFontSize\":23} --><\/p>\n<p class=\"has-background has-pale-cyan-blue-background-color\" style=\"font-size: 23px; text-align: center;\"><a href=\"https:\/\/www.estrategiaconcursos.com.br\/blog\/concursos-2020\/\" target=\"_blank\" rel=\"noreferrer noopener\"><strong>Concursos 2020<\/strong><\/a><\/p>\n<p><!-- \/wp:paragraph --><\/p>","protected":false},"excerpt":{"rendered":"<p>Aconteceu neste&nbsp;domingo, 24 de novembro, no per\u00edodo das 14h \u00e0s 18h00, a&nbsp;prova do concurso AGEPEN GO&nbsp;para o cargo de Agente de Seguran\u00e7a Prisional. Acompanhe no final deste artigo o gabarito extraoficial do exame. A prova objetiva do concurso ser\u00e1 composta por&nbsp;60 quest\u00f5es&nbsp;de m\u00faltipla escolha com cinco alternativas e ter\u00e1 dura\u00e7\u00e3o de&nbsp;4 horas. Ap\u00f3s realizar o [&hellip;]<\/p>\n","protected":false},"author":1,"featured_media":450795,"comment_status":"open","ping_status":"closed","sticky":false,"template":"","format":"standard","meta":{"post_tipo":"news","footnotes":""},"categories":[1],"tags":[],"tax_estado":[],"class_list":["post-450499","post","type-post","status-publish","format-standard","has-post-thumbnail","hentry","category-cursos-e-concursos"],"acf":[],"yoast_head":"<!-- This site is optimized with the Yoast SEO Premium plugin v27.2 (Yoast SEO v27.2) - https:\/\/yoast.com\/product\/yoast-seo-premium-wordpress\/ -->\n<title>Gabarito Extraoficial AGEPEN GO: acompanhe a corre\u00e7\u00e3o ao vivo<\/title>\n<meta name=\"robots\" content=\"index, follow, max-snippet:-1, max-image-preview:large, max-video-preview:-1\" \/>\n<link rel=\"canonical\" href=\"https:\/\/www.estrategiaconcursos.com.br\/blog\/gabarito-extraoficial-agepen-go\/\" \/>\n<meta property=\"og:locale\" content=\"pt_BR\" \/>\n<meta property=\"og:type\" content=\"article\" \/>\n<meta property=\"og:title\" content=\"Gabarito Extraoficial AGEPEN GO: acompanhe a corre\u00e7\u00e3o ao vivo\" \/>\n<meta property=\"og:description\" content=\"Aconteceu neste&nbsp;domingo, 24 de novembro, no per\u00edodo das 14h \u00e0s 18h00, a&nbsp;prova do concurso AGEPEN GO&nbsp;para o cargo de Agente de Seguran\u00e7a Prisional. Acompanhe no final deste artigo o gabarito extraoficial do exame. A prova objetiva do concurso ser\u00e1 composta por&nbsp;60 quest\u00f5es&nbsp;de m\u00faltipla escolha com cinco alternativas e ter\u00e1 dura\u00e7\u00e3o de&nbsp;4 horas. Ap\u00f3s realizar o [&hellip;]\" \/>\n<meta property=\"og:url\" content=\"https:\/\/www.estrategiaconcursos.com.br\/blog\/gabarito-extraoficial-agepen-go\/\" \/>\n<meta property=\"og:site_name\" content=\"Estrat\u00e9gia Concursos\" \/>\n<meta property=\"article:author\" content=\"https:\/\/www.facebook.com\/EstrategiaConcursos\" \/>\n<meta property=\"article:published_time\" content=\"2019-11-25T11:00:55+00:00\" \/>\n<meta property=\"article:modified_time\" content=\"2019-11-25T16:43:48+00:00\" \/>\n<meta property=\"og:image\" content=\"https:\/\/dhg1h5j42swfq.cloudfront.net\/2019\/11\/24100015\/YTB_AGEPEN-GO.jpg\" \/>\n\t<meta property=\"og:image:width\" content=\"1200\" \/>\n\t<meta property=\"og:image:height\" content=\"675\" \/>\n\t<meta property=\"og:image:type\" content=\"image\/jpeg\" \/>\n<meta name=\"author\" content=\"Coordena\u00e7\u00e3o\" \/>\n<meta name=\"twitter:card\" content=\"summary_large_image\" \/>\n<meta name=\"twitter:creator\" content=\"@EstratConcursos\" \/>\n<meta name=\"twitter:site\" content=\"@EstratConcursos\" \/>\n<meta name=\"twitter:label1\" content=\"Escrito por\" \/>\n\t<meta name=\"twitter:data1\" content=\"Coordena\u00e7\u00e3o\" \/>\n\t<meta name=\"twitter:label2\" content=\"Est. tempo de leitura\" \/>\n\t<meta name=\"twitter:data2\" content=\"8 minutos\" \/>\n<script type=\"application\/ld+json\" class=\"yoast-schema-graph\">{\"@context\":\"https:\/\/schema.org\",\"@graph\":[{\"@type\":\"NewsArticle\",\"@id\":\"https:\/\/www.estrategiaconcursos.com.br\/blog\/gabarito-extraoficial-agepen-go\/#article\",\"isPartOf\":{\"@id\":\"https:\/\/www.estrategiaconcursos.com.br\/blog\/gabarito-extraoficial-agepen-go\/\"},\"author\":{\"name\":\"Coordena\u00e7\u00e3o\",\"@id\":\"https:\/\/www.estrategiaconcursos.com.br\/blog\/#\/schema\/person\/b4a388c97673c5f483d72185668afa1f\"},\"headline\":\"Gabarito Extraoficial AGEPEN GO: acompanhe a corre\u00e7\u00e3o ao vivo\",\"datePublished\":\"2019-11-25T11:00:55+00:00\",\"dateModified\":\"2019-11-25T16:43:48+00:00\",\"mainEntityOfPage\":{\"@id\":\"https:\/\/www.estrategiaconcursos.com.br\/blog\/gabarito-extraoficial-agepen-go\/\"},\"wordCount\":1574,\"commentCount\":2,\"publisher\":{\"@id\":\"https:\/\/www.estrategiaconcursos.com.br\/blog\/#organization\"},\"image\":{\"@id\":\"https:\/\/www.estrategiaconcursos.com.br\/blog\/gabarito-extraoficial-agepen-go\/#primaryimage\"},\"thumbnailUrl\":\"https:\/\/dhg1h5j42swfq.cloudfront.net\/2019\/11\/24100015\/YTB_AGEPEN-GO.jpg\",\"articleSection\":[\"Concursos P\u00fablicos\"],\"inLanguage\":\"pt-BR\",\"potentialAction\":[{\"@type\":\"CommentAction\",\"name\":\"Comment\",\"target\":[\"https:\/\/www.estrategiaconcursos.com.br\/blog\/gabarito-extraoficial-agepen-go\/#respond\"]}],\"copyrightYear\":\"2019\",\"copyrightHolder\":{\"@id\":\"https:\/\/www.estrategiaconcursos.com.br\/blog\/#organization\"}},{\"@type\":\"WebPage\",\"@id\":\"https:\/\/www.estrategiaconcursos.com.br\/blog\/gabarito-extraoficial-agepen-go\/\",\"url\":\"https:\/\/www.estrategiaconcursos.com.br\/blog\/gabarito-extraoficial-agepen-go\/\",\"name\":\"Gabarito Extraoficial AGEPEN GO: acompanhe a corre\u00e7\u00e3o ao vivo\",\"isPartOf\":{\"@id\":\"https:\/\/www.estrategiaconcursos.com.br\/blog\/#website\"},\"primaryImageOfPage\":{\"@id\":\"https:\/\/www.estrategiaconcursos.com.br\/blog\/gabarito-extraoficial-agepen-go\/#primaryimage\"},\"image\":{\"@id\":\"https:\/\/www.estrategiaconcursos.com.br\/blog\/gabarito-extraoficial-agepen-go\/#primaryimage\"},\"thumbnailUrl\":\"https:\/\/dhg1h5j42swfq.cloudfront.net\/2019\/11\/24100015\/YTB_AGEPEN-GO.jpg\",\"datePublished\":\"2019-11-25T11:00:55+00:00\",\"dateModified\":\"2019-11-25T16:43:48+00:00\",\"breadcrumb\":{\"@id\":\"https:\/\/www.estrategiaconcursos.com.br\/blog\/gabarito-extraoficial-agepen-go\/#breadcrumb\"},\"inLanguage\":\"pt-BR\",\"potentialAction\":[{\"@type\":\"ReadAction\",\"target\":[\"https:\/\/www.estrategiaconcursos.com.br\/blog\/gabarito-extraoficial-agepen-go\/\"]}]},{\"@type\":\"ImageObject\",\"inLanguage\":\"pt-BR\",\"@id\":\"https:\/\/www.estrategiaconcursos.com.br\/blog\/gabarito-extraoficial-agepen-go\/#primaryimage\",\"url\":\"https:\/\/dhg1h5j42swfq.cloudfront.net\/2019\/11\/24100015\/YTB_AGEPEN-GO.jpg\",\"contentUrl\":\"https:\/\/dhg1h5j42swfq.cloudfront.net\/2019\/11\/24100015\/YTB_AGEPEN-GO.jpg\",\"width\":1200,\"height\":675},{\"@type\":\"BreadcrumbList\",\"@id\":\"https:\/\/www.estrategiaconcursos.com.br\/blog\/gabarito-extraoficial-agepen-go\/#breadcrumb\",\"itemListElement\":[{\"@type\":\"ListItem\",\"position\":1,\"name\":\"In\u00edcio\",\"item\":\"https:\/\/www.estrategiaconcursos.com.br\/blog\/\"},{\"@type\":\"ListItem\",\"position\":2,\"name\":\"Gabarito Extraoficial AGEPEN GO: acompanhe a corre\u00e7\u00e3o ao vivo\"}]},{\"@type\":\"WebSite\",\"@id\":\"https:\/\/www.estrategiaconcursos.com.br\/blog\/#website\",\"url\":\"https:\/\/www.estrategiaconcursos.com.br\/blog\/\",\"name\":\"Estrat\u00e9gia Concursos\",\"description\":\"O blog da Estrat\u00e9gia Concursos traz not\u00edcias sobre concursos e artigos de professores oferecendo cursos para concursos (pdf + videaulas) no site.\",\"publisher\":{\"@id\":\"https:\/\/www.estrategiaconcursos.com.br\/blog\/#organization\"},\"potentialAction\":[{\"@type\":\"SearchAction\",\"target\":{\"@type\":\"EntryPoint\",\"urlTemplate\":\"https:\/\/www.estrategiaconcursos.com.br\/blog\/?s={search_term_string}\"},\"query-input\":{\"@type\":\"PropertyValueSpecification\",\"valueRequired\":true,\"valueName\":\"search_term_string\"}}],\"inLanguage\":\"pt-BR\"},{\"@type\":\"Organization\",\"@id\":\"https:\/\/www.estrategiaconcursos.com.br\/blog\/#organization\",\"name\":\"Estrat\u00e9gia Concursos\",\"url\":\"https:\/\/www.estrategiaconcursos.com.br\/blog\/\",\"logo\":{\"@type\":\"ImageObject\",\"inLanguage\":\"pt-BR\",\"@id\":\"https:\/\/www.estrategiaconcursos.com.br\/blog\/#\/schema\/logo\/image\/\",\"url\":\"https:\/\/dhg1h5j42swfq.cloudfront.net\/2025\/06\/03203428\/logo_concursos-1.jpg\",\"contentUrl\":\"https:\/\/dhg1h5j42swfq.cloudfront.net\/2025\/06\/03203428\/logo_concursos-1.jpg\",\"width\":230,\"height\":60,\"caption\":\"Estrat\u00e9gia Concursos\"},\"image\":{\"@id\":\"https:\/\/www.estrategiaconcursos.com.br\/blog\/#\/schema\/logo\/image\/\"},\"sameAs\":[\"https:\/\/x.com\/EstratConcursos\"]},{\"@type\":\"Person\",\"@id\":\"https:\/\/www.estrategiaconcursos.com.br\/blog\/#\/schema\/person\/b4a388c97673c5f483d72185668afa1f\",\"name\":\"Coordena\u00e7\u00e3o\",\"image\":{\"@type\":\"ImageObject\",\"inLanguage\":\"pt-BR\",\"@id\":\"https:\/\/secure.gravatar.com\/avatar\/b720319e4c9a967eb58678d110f4fe35452fc5d5f97b202bac7b8acceb18c6ad?s=96&d=mm&r=g\",\"url\":\"https:\/\/secure.gravatar.com\/avatar\/b720319e4c9a967eb58678d110f4fe35452fc5d5f97b202bac7b8acceb18c6ad?s=96&d=mm&r=g\",\"contentUrl\":\"https:\/\/secure.gravatar.com\/avatar\/b720319e4c9a967eb58678d110f4fe35452fc5d5f97b202bac7b8acceb18c6ad?s=96&d=mm&r=g\",\"caption\":\"Coordena\u00e7\u00e3o\"},\"sameAs\":[\"https:\/\/www.facebook.com\/EstrategiaConcursos\",\"https:\/\/x.com\/EstratConcursos\"],\"url\":\"https:\/\/www.estrategiaconcursos.com.br\/blog\/author\/estrategia2013\/\"}]}<\/script>\n<!-- \/ Yoast SEO Premium plugin. -->","yoast_head_json":{"title":"Gabarito Extraoficial AGEPEN GO: acompanhe a corre\u00e7\u00e3o ao vivo","robots":{"index":"index","follow":"follow","max-snippet":"max-snippet:-1","max-image-preview":"max-image-preview:large","max-video-preview":"max-video-preview:-1"},"canonical":"https:\/\/www.estrategiaconcursos.com.br\/blog\/gabarito-extraoficial-agepen-go\/","og_locale":"pt_BR","og_type":"article","og_title":"Gabarito Extraoficial AGEPEN GO: acompanhe a corre\u00e7\u00e3o ao vivo","og_description":"Aconteceu neste&nbsp;domingo, 24 de novembro, no per\u00edodo das 14h \u00e0s 18h00, a&nbsp;prova do concurso AGEPEN GO&nbsp;para o cargo de Agente de Seguran\u00e7a Prisional. Acompanhe no final deste artigo o gabarito extraoficial do exame. A prova objetiva do concurso ser\u00e1 composta por&nbsp;60 quest\u00f5es&nbsp;de m\u00faltipla escolha com cinco alternativas e ter\u00e1 dura\u00e7\u00e3o de&nbsp;4 horas. Ap\u00f3s realizar o [&hellip;]","og_url":"https:\/\/www.estrategiaconcursos.com.br\/blog\/gabarito-extraoficial-agepen-go\/","og_site_name":"Estrat\u00e9gia Concursos","article_author":"https:\/\/www.facebook.com\/EstrategiaConcursos","article_published_time":"2019-11-25T11:00:55+00:00","article_modified_time":"2019-11-25T16:43:48+00:00","og_image":[{"width":1200,"height":675,"url":"https:\/\/dhg1h5j42swfq.cloudfront.net\/2019\/11\/24100015\/YTB_AGEPEN-GO.jpg","type":"image\/jpeg"}],"author":"Coordena\u00e7\u00e3o","twitter_card":"summary_large_image","twitter_creator":"@EstratConcursos","twitter_site":"@EstratConcursos","twitter_misc":{"Escrito por":"Coordena\u00e7\u00e3o","Est. tempo de leitura":"8 minutos"},"schema":{"@context":"https:\/\/schema.org","@graph":[{"@type":"NewsArticle","@id":"https:\/\/www.estrategiaconcursos.com.br\/blog\/gabarito-extraoficial-agepen-go\/#article","isPartOf":{"@id":"https:\/\/www.estrategiaconcursos.com.br\/blog\/gabarito-extraoficial-agepen-go\/"},"author":{"name":"Coordena\u00e7\u00e3o","@id":"https:\/\/www.estrategiaconcursos.com.br\/blog\/#\/schema\/person\/b4a388c97673c5f483d72185668afa1f"},"headline":"Gabarito Extraoficial AGEPEN GO: acompanhe a corre\u00e7\u00e3o ao vivo","datePublished":"2019-11-25T11:00:55+00:00","dateModified":"2019-11-25T16:43:48+00:00","mainEntityOfPage":{"@id":"https:\/\/www.estrategiaconcursos.com.br\/blog\/gabarito-extraoficial-agepen-go\/"},"wordCount":1574,"commentCount":2,"publisher":{"@id":"https:\/\/www.estrategiaconcursos.com.br\/blog\/#organization"},"image":{"@id":"https:\/\/www.estrategiaconcursos.com.br\/blog\/gabarito-extraoficial-agepen-go\/#primaryimage"},"thumbnailUrl":"https:\/\/dhg1h5j42swfq.cloudfront.net\/2019\/11\/24100015\/YTB_AGEPEN-GO.jpg","articleSection":["Concursos P\u00fablicos"],"inLanguage":"pt-BR","potentialAction":[{"@type":"CommentAction","name":"Comment","target":["https:\/\/www.estrategiaconcursos.com.br\/blog\/gabarito-extraoficial-agepen-go\/#respond"]}],"copyrightYear":"2019","copyrightHolder":{"@id":"https:\/\/www.estrategiaconcursos.com.br\/blog\/#organization"}},{"@type":"WebPage","@id":"https:\/\/www.estrategiaconcursos.com.br\/blog\/gabarito-extraoficial-agepen-go\/","url":"https:\/\/www.estrategiaconcursos.com.br\/blog\/gabarito-extraoficial-agepen-go\/","name":"Gabarito Extraoficial AGEPEN GO: acompanhe a corre\u00e7\u00e3o ao vivo","isPartOf":{"@id":"https:\/\/www.estrategiaconcursos.com.br\/blog\/#website"},"primaryImageOfPage":{"@id":"https:\/\/www.estrategiaconcursos.com.br\/blog\/gabarito-extraoficial-agepen-go\/#primaryimage"},"image":{"@id":"https:\/\/www.estrategiaconcursos.com.br\/blog\/gabarito-extraoficial-agepen-go\/#primaryimage"},"thumbnailUrl":"https:\/\/dhg1h5j42swfq.cloudfront.net\/2019\/11\/24100015\/YTB_AGEPEN-GO.jpg","datePublished":"2019-11-25T11:00:55+00:00","dateModified":"2019-11-25T16:43:48+00:00","breadcrumb":{"@id":"https:\/\/www.estrategiaconcursos.com.br\/blog\/gabarito-extraoficial-agepen-go\/#breadcrumb"},"inLanguage":"pt-BR","potentialAction":[{"@type":"ReadAction","target":["https:\/\/www.estrategiaconcursos.com.br\/blog\/gabarito-extraoficial-agepen-go\/"]}]},{"@type":"ImageObject","inLanguage":"pt-BR","@id":"https:\/\/www.estrategiaconcursos.com.br\/blog\/gabarito-extraoficial-agepen-go\/#primaryimage","url":"https:\/\/dhg1h5j42swfq.cloudfront.net\/2019\/11\/24100015\/YTB_AGEPEN-GO.jpg","contentUrl":"https:\/\/dhg1h5j42swfq.cloudfront.net\/2019\/11\/24100015\/YTB_AGEPEN-GO.jpg","width":1200,"height":675},{"@type":"BreadcrumbList","@id":"https:\/\/www.estrategiaconcursos.com.br\/blog\/gabarito-extraoficial-agepen-go\/#breadcrumb","itemListElement":[{"@type":"ListItem","position":1,"name":"In\u00edcio","item":"https:\/\/www.estrategiaconcursos.com.br\/blog\/"},{"@type":"ListItem","position":2,"name":"Gabarito Extraoficial AGEPEN GO: acompanhe a corre\u00e7\u00e3o ao vivo"}]},{"@type":"WebSite","@id":"https:\/\/www.estrategiaconcursos.com.br\/blog\/#website","url":"https:\/\/www.estrategiaconcursos.com.br\/blog\/","name":"Estrat\u00e9gia Concursos","description":"O blog da Estrat\u00e9gia Concursos traz not\u00edcias sobre concursos e artigos de professores oferecendo cursos para concursos (pdf + videaulas) no site.","publisher":{"@id":"https:\/\/www.estrategiaconcursos.com.br\/blog\/#organization"},"potentialAction":[{"@type":"SearchAction","target":{"@type":"EntryPoint","urlTemplate":"https:\/\/www.estrategiaconcursos.com.br\/blog\/?s={search_term_string}"},"query-input":{"@type":"PropertyValueSpecification","valueRequired":true,"valueName":"search_term_string"}}],"inLanguage":"pt-BR"},{"@type":"Organization","@id":"https:\/\/www.estrategiaconcursos.com.br\/blog\/#organization","name":"Estrat\u00e9gia Concursos","url":"https:\/\/www.estrategiaconcursos.com.br\/blog\/","logo":{"@type":"ImageObject","inLanguage":"pt-BR","@id":"https:\/\/www.estrategiaconcursos.com.br\/blog\/#\/schema\/logo\/image\/","url":"https:\/\/dhg1h5j42swfq.cloudfront.net\/2025\/06\/03203428\/logo_concursos-1.jpg","contentUrl":"https:\/\/dhg1h5j42swfq.cloudfront.net\/2025\/06\/03203428\/logo_concursos-1.jpg","width":230,"height":60,"caption":"Estrat\u00e9gia Concursos"},"image":{"@id":"https:\/\/www.estrategiaconcursos.com.br\/blog\/#\/schema\/logo\/image\/"},"sameAs":["https:\/\/x.com\/EstratConcursos"]},{"@type":"Person","@id":"https:\/\/www.estrategiaconcursos.com.br\/blog\/#\/schema\/person\/b4a388c97673c5f483d72185668afa1f","name":"Coordena\u00e7\u00e3o","image":{"@type":"ImageObject","inLanguage":"pt-BR","@id":"https:\/\/secure.gravatar.com\/avatar\/b720319e4c9a967eb58678d110f4fe35452fc5d5f97b202bac7b8acceb18c6ad?s=96&d=mm&r=g","url":"https:\/\/secure.gravatar.com\/avatar\/b720319e4c9a967eb58678d110f4fe35452fc5d5f97b202bac7b8acceb18c6ad?s=96&d=mm&r=g","contentUrl":"https:\/\/secure.gravatar.com\/avatar\/b720319e4c9a967eb58678d110f4fe35452fc5d5f97b202bac7b8acceb18c6ad?s=96&d=mm&r=g","caption":"Coordena\u00e7\u00e3o"},"sameAs":["https:\/\/www.facebook.com\/EstrategiaConcursos","https:\/\/x.com\/EstratConcursos"],"url":"https:\/\/www.estrategiaconcursos.com.br\/blog\/author\/estrategia2013\/"}]}},"_links":{"self":[{"href":"https:\/\/www.estrategiaconcursos.com.br\/blog\/wp-json\/wp\/v2\/posts\/450499","targetHints":{"allow":["GET"]}}],"collection":[{"href":"https:\/\/www.estrategiaconcursos.com.br\/blog\/wp-json\/wp\/v2\/posts"}],"about":[{"href":"https:\/\/www.estrategiaconcursos.com.br\/blog\/wp-json\/wp\/v2\/types\/post"}],"author":[{"embeddable":true,"href":"https:\/\/www.estrategiaconcursos.com.br\/blog\/wp-json\/wp\/v2\/users\/1"}],"replies":[{"embeddable":true,"href":"https:\/\/www.estrategiaconcursos.com.br\/blog\/wp-json\/wp\/v2\/comments?post=450499"}],"version-history":[{"count":20,"href":"https:\/\/www.estrategiaconcursos.com.br\/blog\/wp-json\/wp\/v2\/posts\/450499\/revisions"}],"predecessor-version":[{"id":451303,"href":"https:\/\/www.estrategiaconcursos.com.br\/blog\/wp-json\/wp\/v2\/posts\/450499\/revisions\/451303"}],"wp:featuredmedia":[{"embeddable":true,"href":"https:\/\/www.estrategiaconcursos.com.br\/blog\/wp-json\/wp\/v2\/media\/450795"}],"wp:attachment":[{"href":"https:\/\/www.estrategiaconcursos.com.br\/blog\/wp-json\/wp\/v2\/media?parent=450499"}],"wp:term":[{"taxonomy":"category","embeddable":true,"href":"https:\/\/www.estrategiaconcursos.com.br\/blog\/wp-json\/wp\/v2\/categories?post=450499"},{"taxonomy":"post_tag","embeddable":true,"href":"https:\/\/www.estrategiaconcursos.com.br\/blog\/wp-json\/wp\/v2\/tags?post=450499"},{"taxonomy":"tax_estado","embeddable":true,"href":"https:\/\/www.estrategiaconcursos.com.br\/blog\/wp-json\/wp\/v2\/tax_estado?post=450499"}],"curies":[{"name":"wp","href":"https:\/\/api.w.org\/{rel}","templated":true}]}}