{"id":450462,"date":"2019-11-25T07:00:53","date_gmt":"2019-11-25T10:00:53","guid":{"rendered":"https:\/\/www.estrategiaconcursos.com.br\/blog\/?p=450462"},"modified":"2023-03-24T15:50:18","modified_gmt":"2023-03-24T18:50:18","slug":"gabarito-mp-rj","status":"publish","type":"post","link":"https:\/\/www.estrategiaconcursos.com.br\/blog\/gabarito-mp-rj\/","title":{"rendered":"Gabarito MP RJ: acompanhe nossa corre\u00e7\u00e3o AO VIVO"},"content":{"rendered":"\n<p>Acompanhe o gabarito extraoficial dos cargos de Analista Administrativo  e T\u00e9cnico Administrativo disponibilizado pelo Estrat\u00e9gia Concursos no final deste artigo. <\/p>\n\n\n\n<p>Vale lembrar que concurso MP RJ realiza neste domingo 24 de novembro as provas para os cargos de Analista e T\u00e9cnico do MP &#8211; \u00e1rea administrativa que ser\u00e3o aplicadas nas cidades de Cabo Frio, Campos dos Goytacazes, Duque de Caxias, Itaperuna, Niter\u00f3i, Nova Friburgo, Nova Igua\u00e7u, Petr\u00f3polis, Rio de Janeiro, Teres\u00f3polis e Volta Redonda. <\/p>\n\n\n\n<p>Vale lembrar que as provas de&nbsp;<strong>Analista do Minist\u00e9rio P\u00fablico<\/strong>&nbsp;ser\u00e3o compostas por 100 quest\u00f5es com 5 alternativas cada. O tempo de realiza\u00e7\u00e3o da avalia\u00e7\u00e3o \u00e9 de 5 horas.<\/p>\n\n\n\n<p>J\u00e1 as provas de&nbsp;<strong>T\u00e9cnico do Minist\u00e9rio P\u00fablico<\/strong>&nbsp;e&nbsp;<strong>Oficial do Minist\u00e9rio P\u00fablico<\/strong>&nbsp;ser\u00e3o compostas, cada uma, por 80 quest\u00f5es, tamb\u00e9m com dura\u00e7\u00e3o de 4h para realiza\u00e7\u00e3o da prova.<\/p>\n\n\n\n<p>Pensando em ajudar voc\u00ea, os professores do Estrat\u00e9gia Concursos v\u00e3o<strong> <em>disponibilizar neste artigo um gabarito extraoficial das provas de <\/em><\/strong> <br \/><em><strong>Analista &#8211; \u00c1rea Administrativa<\/strong><\/em> <strong>e<\/strong> <strong>T\u00e9cnico \u2013 \u00c1rea Administrativa<\/strong>  <strong><em>e tamb\u00e9m far\u00e3o uma corre\u00e7\u00e3o ao vivo atrav\u00e9s do canal do Estrat\u00e9gia no Youtube<\/em><\/strong><em>. <\/em><\/p>\n\n\n\n<p>Por isso, convidamos voc\u00ea a acompanhar nossa<strong>\u00a0<a href=\"https:\/\/youtu.be\/9PJ2DSyTYSg\" target=\"_blank\" rel=\"noreferrer noopener\">Corre\u00e7\u00e3o da Prova MP RJ<\/a><\/strong>. A transmiss\u00e3o ser\u00e1 realizada ao vivo e gratuitamente, neste\u00a0<strong>domingo, 24 de novembro de 2019, a partir das 19h<\/strong>.<\/p>\n\n\n\n<h2 class=\"wp-block-heading\" id=\"h-ranking-mp-rj-tecnico-administrativo\">Ranking MP RJ \u2013 T\u00e9cnico Administrativo<\/h2>\n\n\n\n<p>Voc\u00ea pode participar do nosso&nbsp;<strong>ranking classificat\u00f3rio<\/strong>&nbsp;e comparar seu desempenho com seus concorrentes. Para conferir sua nota, basta preencher suas respostas no nosso gabarito eletr\u00f4nico e aguardar a libera\u00e7\u00e3o da classifica\u00e7\u00e3o.<\/p>\n\n\n\n<p class=\"has-text-align-center has-very-light-gray-background-color has-background has-medium-font-size\"><strong><a href=\"https:\/\/docs.google.com\/forms\/d\/e\/1FAIpQLSe92Oma8YscJyxw5Sd4z67DgZeboGokakI1k0HPXxYJGflDlg\/viewform\">Preencha seu gabarito<\/a><\/strong><\/p>\n\n\n\n<p class=\"has-text-align-center has-very-light-gray-background-color has-background has-medium-font-size\"><strong><a href=\"https:\/\/docs.google.com\/spreadsheets\/d\/12Ks-18SOTAVpI5aI0BBBErikTI1TZjGSykyd9oyyPEk\/edit#gid=569530903\">Ranking MP RJ \u2013<\/a><\/strong><a href=\"https:\/\/docs.google.com\/spreadsheets\/d\/12Ks-18SOTAVpI5aI0BBBErikTI1TZjGSykyd9oyyPEk\/edit#gid=569530903\"> <\/a><strong><a href=\"https:\/\/docs.google.com\/spreadsheets\/d\/12Ks-18SOTAVpI5aI0BBBErikTI1TZjGSykyd9oyyPEk\/edit#gid=569530903\">T\u00e9cnico Administrativo<\/a><\/strong><\/p>\n\n\n\n<h2 class=\"wp-block-heading\" id=\"h-ranking-mp-rj-analista-administrativo\">Ranking MP RJ \u2013 Analista Administrativo<\/h2>\n\n\n\n<p>Voc\u00ea pode participar do nosso&nbsp;<strong>ranking classificat\u00f3rio<\/strong>&nbsp;e comparar seu desempenho com seus concorrentes. Para conferir sua nota, basta preencher suas respostas no nosso gabarito eletr\u00f4nico e aguardar a libera\u00e7\u00e3o da classifica\u00e7\u00e3o.<\/p>\n\n\n\n<p class=\"has-text-align-center has-very-light-gray-background-color has-background has-medium-font-size\"><strong><a href=\"https:\/\/docs.google.com\/forms\/d\/e\/1FAIpQLSe92Oma8YscJyxw5Sd4z67DgZeboGokakI1k0HPXxYJGflDlg\/viewform\">Preencha seu gabarito<\/a><\/strong><\/p>\n\n\n\n<p class=\"has-text-align-center has-very-light-gray-background-color has-background has-medium-font-size\"><strong><a href=\"https:\/\/docs.google.com\/spreadsheets\/d\/1kqTBTOz3joo-gBO0xWfUuOb0kxcQtlMLbtskTTasYhY\/edit#gid=569530903\">Ranking MP RJ \u2013 Analista Administrativo<\/a><\/strong><\/p>\n\n\n\n<h2 class=\"wp-block-heading\" id=\"h-gabarito-extraoficial-mp-rj-analista-administrativo\">Gabarito extraoficial MP RJ \u2013  <br \/>Analista Administrativo <\/h2>\n\n\n<p><strong>Quest\u00e3o 1<\/strong>: Na \u201capresenta\u00e7\u00e3o\u201d Do livro A Origem Curiosa das palavras&#8230; Sobre esse texto \u00e9 correto afirmar que: <br \/><em><strong>Resposta<\/strong><\/em>: <strong><em>C &#8211; o segundo per\u00edodo do texto&#8230;<\/em><\/strong><br \/><strong>Quest\u00e3o 2<\/strong>: Sobre a estrutura\u00e7\u00e3o e significa\u00e7\u00e3o do texto 1, \u00e9 correto afirmar que:<br \/><strong><em>Resposta<\/em><\/strong>:&nbsp;<b><i> E &#8211; um dicion\u00e1rio&nbsp; \u00e9, por defini\u00e7\u00e3o&#8230;<\/i><\/b><br \/><strong>Quest\u00e3o 3<\/strong>: Deduz-se desse segmento do texto 1 que:<br \/><em><strong>Resposta: A &#8211; os dicion\u00e1rios procuram&#8230;<\/strong><\/em><br \/><strong>Quest\u00e3o 4<\/strong>: Com essa frase, o escritor se refere a uma caracter\u00edstica da arte de escrever que est\u00e1 expressa &#8230;<br \/><em><strong>Resposta: C &#8211; &#8220;o que se l\u00ea \u00e9&#8230;<\/strong><\/em><br \/><strong>Quest\u00e3o 5<\/strong>: \u201cPesquisas especulativas (texto 2) s\u00e3o as que:<br \/><em><strong>Resposta: D &#8211; se dedicam a investiga\u00e7\u00f5es&#8230;<\/strong><\/em><br \/><strong>Quest\u00e3o 6<\/strong>: \u00c9 um exemplo desse primeiro projeto (Texto 2) o uso de: <br \/><strong><em>Resposta: E &#8211; tom por&#8230;<\/em><\/strong><br \/><strong>Quest\u00e3o 7<\/strong>: O termo \u201cdana\u00e7\u00e3o de Babel\u201d (Texto3) se refere:<br \/><strong><em>Resposta<\/em><\/strong>: B &#8211;&nbsp; ao desconhecimento&#8230;<br \/><strong>Quest\u00e3o 8<\/strong>: Ao dizer que \u201co ingl\u00eas \u00e9 uma l\u00edngua universal&#8230;<br \/><strong><em>Resposta:<\/em><\/strong> B &#8211; n\u00e3o \u00e9 igualmente&#8230;<br \/><strong>Quest\u00e3o 9<\/strong>: Abaixo aparecem indicados tipos diversos de textos; entre eles, o tipo que apresenta um modelo adequado \u00e9: <br \/><strong><em>Resposta<\/em><\/strong>: B &#8211;&nbsp; tipo normativo&#8230;<br \/><strong>Quest\u00e3o 10<\/strong>: Nesse caso, escrever bem corresponde \u00e0 seguinte defini\u00e7\u00e3o: <br \/><strong><em>Resposta<\/em><\/strong>: D- escrever de forma adequada \u00e0 situa\u00e7\u00e3o.<br \/><strong>Quest\u00e3o 11:<\/strong> Uma das marcas de um texto \u00e9 a sua coer\u00eancia, que tanto pode ser a do mundo l\u00f3gico como a&#8230;<br \/><strong><em>Resposta<\/em><\/strong>: A &#8211; o turista se afogou&#8230;<br \/><strong>Quest\u00e3o 12<\/strong>: Nesse caso, o mundo da leitura e da escrita se diferenciam&#8230; <br \/><strong><em>Resposta<\/em><\/strong>: A &#8211; compreens\u00e3o\/mudan\u00e7a<br \/><strong>Quest\u00e3o 13<\/strong>: O segmento textual abaixo que deve ser classificado predominantemente dissertativo-argumentativo \u00e9: <br \/><strong><em>Resposta<\/em><\/strong>: C &#8211; &#8221; Aprendi que&#8230;<br \/><strong>Quest\u00e3o 14:<\/strong> Esse texto \u00e9 intencionalmente impreciso e pouco claro. A estrat\u00e9gia de produ\u00e7\u00e3o de imprecis\u00e3o s\u00f3 N\u00c3O&#8230;<br \/><strong><em>Resposta<\/em><\/strong>: A &#8211; emprego de&#8230;<br \/><strong>Quest\u00e3o 15<\/strong>: Comparando as duas formas, pode-se inferir que a \u00fanica caracter\u00edstica que est\u00e1 ausente da l\u00edngua culta \u00e9: <br \/><strong><em>Resposta<\/em><\/strong>: D &#8211; as repeti\u00e7\u00f5es&#8230;<br \/><strong>Quest\u00e3o 16<\/strong>: Sobre a estrutura\u00e7\u00e3o do texto 4, a \u00fanica afirma\u00e7\u00e3o inadequada&#8230;<br \/><em><strong>Resposta<\/strong><\/em>: E &#8211; segundo tal hip\u00f3tese&#8230;<br \/><strong>Quest\u00e3o 17<\/strong>: Nesse segmento do texto 4, h\u00e1 uma forma reduzida de ger\u00fandio&#8230;<br \/><em><strong>Resposta<\/strong><\/em>: C &#8211; se houver ocasi\u00e3o<br \/><strong>Quest\u00e3o 18<\/strong>: Um texto \u00e9 constru\u00eddo com muitas reitera\u00e7\u00f5es de seus termos&#8230;<br \/><strong><em>Resposta<\/em><\/strong>: C &#8211;&nbsp; reitera\u00e7\u00e3o por substitui\u00e7\u00e3o<br \/><strong>Quest\u00e3o 19:<\/strong> Frequentemente, entre nossos motivos de a\u00e7\u00e3o h\u00e1 um mais forte que os demais&#8230; Nessa frase, o termo sublimado \u00e9 repetido por um conjunto de outros termos&#8230;<br \/><em><strong>Resposta<\/strong><\/em>: C &#8211; um\/ os demais&#8230;<br \/><strong>Quest\u00e3o 20<\/strong>: Uma das formas de indicar-se a coes\u00e3o num texto \u00e9 a utiliza\u00e7\u00e3o de formas de paralelismo em sua constru\u00e7\u00e3o&#8230;<br \/><strong><em>Resposta<\/em><\/strong>: B &#8211; P\u00e3o na padaria&#8230;<br \/><strong>Quest\u00e3o 21<\/strong>: A frase em que n\u00e3o h\u00e1 nenhum termo elidido \u00e9: <br \/><em><strong>Resposta<\/strong><\/em>: E &#8211;&nbsp; Os impostos&#8230;<\/p>\n<p><strong>Q<\/strong><strong>uest\u00e3o 22<\/strong>: Na frase \u201cEle sempre preocupou-se em comprar o mais barato, mas seus irm\u00e3os nem sempre fizeram isso\u201d&#8230; A frase abaixo em que ocorre o mesmo \u00e9:<br \/><strong><em>Resposta<\/em><\/strong>: A &#8211; O \u00e1rbitro&#8230;<br \/><strong>Quest\u00e3o 23<\/strong>: \u201cNo programa \u2018O Brasil visto do alto\u2019 s\u00f3 se observam as belezas do pa\u00eds\u201d&#8230; Nesse pequeno texto h\u00e1 uma refer\u00eancia a uma marca dos textos descritivos&#8230;<br \/><em><strong>Resposta<\/strong><strong>: C <\/strong><\/em>&#8211;<strong> o desejo&#8230;<\/strong><\/p>\n<p><strong>Quest\u00e3o 24<\/strong>: A frase abaixo que tem um exemplo de cat\u00e1fora \u00e9:<br \/><strong><em>Resposta:<\/em><\/strong> A -ele \u00e9 um&#8230;<br \/><strong>Quest\u00e3o 25<\/strong>: \u201cNo meio do terreno, as abelhas zumbiam debaixo de uma \u00e1rvore\u201d. Nessa frase h\u00e1 uma rela\u00e7\u00e3o direta entre o verbo zumbir e o som produzido pelas abelhas:<br \/><em><strong>Resposta<\/strong><\/em>: E &#8211; crepitas&#8230;<br \/><strong>Quest\u00e3o 26<\/strong>: Esses textos n\u00e3o s\u00e3o situados cronologicamente porque:<br \/><em><strong>Resposta<\/strong><\/em>: E &#8211;&nbsp; a mensagem&#8230;<br \/><strong>Quest\u00e3o 27:<\/strong> O texto acima \u00e9 um exemplo de silogismo que apresenta uma falha estrutural, que \u00e9:<br \/><strong><em>Resposta:<\/em><\/strong> B &#8211;&nbsp; \u00e9 feita de&#8230;<br \/><strong>Quest\u00e3o 28<\/strong>: O m\u00e9dico recomendou-me este xarope. Vou ficar bem logo&#8230; A ideia intermedi\u00e1ria desse racioc\u00ednio \u00e9:<br \/><strong><em>Resposta<\/em><\/strong>: A &#8211;&nbsp; o m\u00e9dico &#8230;<br \/><strong>Quest\u00e3o 29<\/strong>: Nesse caso a estrat\u00e9gia discursiva parte:<br \/><strong><em>Resposta<\/em><\/strong>: E &#8211;&nbsp; do todo para as partes.<br \/><strong>Quest\u00e3o 30<\/strong>: Como a narrativa \u00e9 marcada por uma sucess\u00e3o cronol\u00f3gica de fatos, uma sequ\u00eancia de tempos verbais que mostra essa sucess\u00e3o \u00e9:<br \/><strong><em>Resposta:<\/em><\/strong>E &#8211; observei\/ verifiquei&#8230;<\/p>\n<p><strong>Quest\u00e3o 31:&nbsp;<\/strong> O n\u00famero de maneiras diferentes de distribuir os quatros cart\u00f5es pelas tr\u00eas urnas de tal modo que uma das urnas fique com dois cart\u00f5es&#8230;<br \/><em><b>Resposta: A &#8211; 36<\/b><\/em><\/p>\n<p><!-- \/wp:post-content --><!-- wp:paragraph --><\/p>\n<p><strong>Quest\u00e3o 32:&nbsp;<\/strong>A velocidade m\u00e9dia de 80 km\/h percorre-se uma certa dist\u00e2ncia em 3 horas e 15 minutos. A velocidade m\u00e9dia de 60 km\/h&#8230;<br \/><em><b>Resposta: C \u2013 4 horas e 20 minutos<\/b><\/em><\/p>\n<p><!-- \/wp:paragraph --><!-- wp:paragraph --><\/p>\n<p><strong>Quest\u00e3o 33:&nbsp;<\/strong> A probabilidade de a soma dos n\u00fameros obtidos nos dois lan\u00e7amentos ser igual a 4 \u00e9&#8230;<br \/><em><b>Resposta: E <\/b><\/em><\/p>\n<p><strong>Quest\u00e3o 34:&nbsp;<\/strong> Se tivesse pagado a conta em dia, sem os juros, o valor que Carlos pagaria \u00e9&#8230;<br \/><em><b>Resposta: C \u2013 R$ 360,00<\/b><\/em><\/p>\n<p><!-- \/wp:paragraph --><!-- wp:paragraph --><\/p>\n<p><strong>Quest\u00e3o 35:&nbsp;<\/strong> Sobre os conjuntos A e B, sabe-se que&#8230;<br \/><em><b>Resposta:<\/b><\/em> D &#8211; 31<\/p>\n<p><!-- [if gte mso 10]>\n\n\n\n\n\n\n\n\n\n\n\n\n\n\n\n\n\n\n<style>\n \/* Style Definitions *\/\n table.MsoNormalTable\n\t{mso-style-name:\"Tabela normal\";\n\tmso-tstyle-rowband-size:0;\n\tmso-tstyle-colband-size:0;\n\tmso-style-noshow:yes;\n\tmso-style-priority:99;\n\tmso-style-parent:\"\";\n\tmso-padding-alt:0cm 5.4pt 0cm 5.4pt;\n\tmso-para-margin-top:0cm;\n\tmso-para-margin-right:0cm;\n\tmso-para-margin-bottom:8.0pt;\n\tmso-para-margin-left:0cm;\n\tline-height:107%;\n\tmso-pagination:widow-orphan;\n\tfont-size:11.0pt;\n\tfont-family:\"Calibri\",sans-serif;\n\tmso-ascii-font-family:Calibri;\n\tmso-ascii-theme-font:minor-latin;\n\tmso-hansi-font-family:Calibri;\n\tmso-hansi-theme-font:minor-latin;\n\tmso-bidi-font-family:\"Times New Roman\";\n\tmso-bidi-theme-font:minor-bidi;\n\tmso-fareast-language:EN-US;}\n<\/style>\n\n\n\n\n\n\n\n\n\n\n\n\n\n\n\n\n\n\n< ![endif]--><\/p>\n<p><!-- \/wp:paragraph --><!-- wp:paragraph --><\/p>\n<p><strong>Quest\u00e3o 36:&nbsp;<\/strong> Considere a senten\u00e7a \u201cSe n\u00e3o estou<br \/>cansado, ent\u00e3o vejo televis\u00e3o ou vou ao cinema\u201d: A nega\u00e7\u00e3o l\u00f3gica dessa<br \/>senten\u00e7a \u00e9&#8230;<br \/><em><b>Resposta:<\/b><\/em>&nbsp;D \u2013 N\u00e3o estou cansado e n\u00e3o vejo televis\u00e3o&#8230;<\/p>\n<p><!-- \/wp:paragraph --><!-- wp:paragraph --><\/p>\n<p><strong>Quest\u00e3o 37:&nbsp;<\/strong> Pode-se concluir que um quilo de A mais<br \/>um quilo de B custam&#8230;<br \/><em><b>Resposta: <\/b><\/em><em><span style=\"mso-bidi-font-weight: bold; font-style: normal; mso-bidi-font-style: italic;\">A \u2013 R$5,30<\/span><\/em><i style=\"mso-bidi-font-style: normal;\"><\/i><\/p>\n<p><!-- \/wp:paragraph --><!-- wp:paragraph --><\/p>\n<p><strong>Quest\u00e3o 38:&nbsp;<\/strong> Considere as proposi\u00e7\u00f5es a seguir&#8230;<br \/><em><b>Resposta: <\/b><\/em><em><span style=\"mso-bidi-font-weight: bold; font-style: normal; mso-bidi-font-style: italic;\">C \u2013 Apenas as proposi\u00e7\u00f5es II e<br \/>III s\u00e3o verdadeiras.<\/span><\/em><\/p>\n<p><!-- \/wp:paragraph --><!-- wp:paragraph --><\/p>\n<p><strong>Quest\u00e3o 39:&nbsp;<\/strong> Observe a sequ\u00eancia infinita a seguir&#8230;<br \/>A 2019\u00aa letra dessa sequ\u00eancia \u00e9:<br \/><em><b>Resposta: <\/b><\/em><em><span style=\"mso-bidi-font-weight: bold; font-style: normal; mso-bidi-font-style: italic;\">C &#8211; D<\/span><\/em><\/p>\n<p><!-- \/wp:paragraph --><!-- wp:paragraph --><\/p>\n<p><strong>Quest\u00e3o 40:&nbsp;<\/strong> A dist\u00e2ncia entre o 3\u00ba poste e o 27\u00ba<br \/>poste \u00e9&#8230;<br \/><em><b>Resposta: <\/b><\/em><em><span style=\"mso-bidi-font-weight: bold; font-style: normal; mso-bidi-font-style: italic;\">B \u2013 210 metros<\/span><\/em><\/p>\n<p><strong>Quest\u00e3o 41<\/strong>:&nbsp; Foi instaurado, no \u00e2mbito do Minist\u00e9rio P\u00fablico do Estado do Rio de Janeiro&#8230; \u00c0 luz da sistem\u00e1tica estabelecida pela Resolu\u00e7\u00e3o GPGJ n\u00ba 2.126\/2017, o referido projeto deve ser elaborado em conson\u00e2ncia com as seguintes diretrizes:<\/p>\n<p><strong><em>Resposta<\/em><\/strong><em>: <strong>D &#8211;<\/strong> &nbsp;&nbsp;<strong>ciclo de revis\u00e3o<\/strong><\/em><\/p>\n<p><!-- \/wp:paragraph --><!-- wp:paragraph --><!--EndFragment--><\/p>\n<p><strong>Quest\u00e3o 42:&nbsp;<\/strong> Caso haja outro cargo de natureza e vencimento compat\u00edvel com os do ocupado anteriormente&#8230;<br \/><em><b>Resposta: <\/b><\/em>C \u2013 O seu aproveitamento<b><\/b><em><b>;<\/b><\/em><\/p>\n<p><strong>Quest\u00e3o 43<\/strong>:&nbsp; Operante servidor do Minist\u00e9rio P\u00fablico do Estado do Rio de Janeiro percebeu que a&#8230;&nbsp; a aplica\u00e7\u00e3o das san\u00e7\u00f5es administrativas de que trata o referido diploma legal est\u00e1 condicionada \u00e0 decis\u00e3o<\/p>\n<p><strong><em>Resposta: B \u2013 processo administrativo de responsabiliza\u00e7\u00e3o, pelo Secret\u00e1rio-Geral&#8230;<\/em><\/strong><\/p>\n<p><strong>Quest\u00e3o 44:<\/strong>&nbsp; \u00c0 luz da sistematicamente de promo\u00e7\u00e3o e de progress\u00e3o na carreira&#8230;<\/p>\n<p><strong><em>Resposta: &nbsp;C \u2013 &nbsp;ser promovido&#8230; <\/em><\/strong><\/p>\n<p><strong>Quest\u00e3o 45<\/strong>:&nbsp; \u00c0 luz da sistem\u00e1tica estabelecida na resolu\u00e7\u00e3o GPGJ&#8230;<\/p>\n<p><strong><em>Resposta: A \u2013 as modalidades de concorr\u00eancia&#8230;<\/em><\/strong><\/p>\n<p><strong>Quest\u00e3o 46:<\/strong>&nbsp; \u00c0 luz da sistem\u00e1tica vigente, o referido arquivamento&#8230;<\/p>\n<p><strong><em>Resposta: B &#8211; &nbsp;deve ser homologado&#8230;<\/em><\/strong><\/p>\n<p><strong>Quest\u00e3o 47:<\/strong>&nbsp; Por tal raz\u00e3o, a chefia institucional indagou de sua assessoria&#8230;<\/p>\n<p><strong><em>Resposta: E &#8211; &nbsp;no Di\u00e1rio Oficial, em s\u00edtio eletr\u00f4nico da Institui\u00e7\u00e3o e em jornal de grande circula\u00e7\u00e3o regional ou nacional, devendo ser preferido o preg\u00e3o eletr\u00f4nico<\/em><\/strong><\/p>\n<p><strong>Quest\u00e3o 48:<\/strong>&nbsp; \u00c0 luz da sistem\u00e1tica vigente, o Conselho Nacional do Minist\u00e9rio P\u00fablico&#8230;<\/p>\n<p><strong><em>Resposta: C &#8211; &nbsp;pode deixar de conhecer&#8230;<\/em><\/strong><\/p>\n<p><strong>Quest\u00e3o 49:<\/strong>&nbsp; \u00c0 luz da sistem\u00e1tica constitucional, Pedro:<\/p>\n<p><strong><em>Resposta: E &#8211; &nbsp;pode ser removido&#8230;<\/em><\/strong><\/p>\n<p><strong>Quest\u00e3o 50:<\/strong>&nbsp; Caso o Procurador- Geral de Justi\u00e7a entendesse que as medidas alvitradas&#8230;<\/p>\n<p><strong><em>Resposta:&nbsp;<\/em><\/strong><\/p>\n<p><strong>Quest\u00e3o 51:&nbsp;<\/strong> Quando um site da Internet \u00e9 aberto, &#8230; No contexto &nbsp;do Chrome, operando sob o Windows 10, esses ajustes devem ser feitos:<br \/><em><strong>Resposta: <\/strong><\/em><em>A \u2013 Nas configura\u00e7\u00f5es do navegador<\/em><\/p>\n<p><strong>Quest\u00e3o 52:&nbsp;<\/strong> Numa planilha MS Excel 2010 BR, todas as c\u00e9lulas da regi\u00e3o&#8230; A combina\u00e7\u00e3o de f\u00f3rmulas cuja inser\u00e7\u00e3o nas c\u00e9lulas A3 e B3, respectivamente, provocaria um \u201caviso de refer\u00eancia circular\u201d, \u00e9:<br \/><em><strong>Resposta: <\/strong><\/em><em>B &nbsp;= SOMA (A1:C3) = SOMA (A1:C2)<\/em><\/p>\n<p><strong>Quest\u00e3o 53:&nbsp;<\/strong> Maria procura um arquivo dentre os milhares gravados em seu computador&#8230; Nesse caso, o processo de busca \u00e9 capaz de considerar:<br \/><em><strong>Resposta: <\/strong><\/em><em>E \u2013 O tamanho, a data e o tipo.<\/em><\/p>\n<p><strong>Quest\u00e3o 54:&nbsp;<\/strong> Arquivos do MS Excel 2010 BR podem ser danosos quando gravados com a extens\u00e3o \u201cxlsm\u201d. Nesse caso, a amea\u00e7a adv\u00e9m, especialmente: <br \/><em><strong>Resposta: <\/strong><\/em><em>D \u2013 Da exist\u00eancia de macros anexadas;<\/em><\/p>\n<p><strong>Quest\u00e3o 55:&nbsp;<\/strong> Jo\u00e3o abriu uma planilha nova no MS Excel 2010 BR&#8230;Nesse cen\u00e1rio, essa mensagem poderia ser provocada somente pelos comandos:<br \/><em><strong>Resposta:<\/strong><\/em> B \u2013 I, II e III.<\/p>\n<p><strong>Quest\u00e3o 56:&nbsp;<\/strong> Caio quer ter acesso \u00e0s p\u00e1ginas do site http:\/\/blograro.com.br&#8230; No contexto do site de buscas do Google, o texto de busca que deve ser utilizado para esse fim \u00e9: <br \/><em><strong>Resposta:<\/strong><\/em>&nbsp;A \u2013 site:.blograro.com.br brasil -governo<\/p>\n<p><strong>Quest\u00e3o 57:&nbsp;<\/strong> Jo\u00e3o est\u00e1 preparando um documento no MS Word 2010 BR&#8230; Para obter esse efeito de modo autom\u00e1tico, Jo\u00e3o deve, para cada cap\u00edtulo, usar uma quebra de:<br \/><em><strong>Resposta: <\/strong><\/em><em>E &#8211; Se\u00e7\u00e3o<\/em><\/p>\n<p><strong>Quest\u00e3o 58:&nbsp;<\/strong> A transfer\u00eancia de arquivos entre empresas, institui\u00e7\u00f5es e pessoas&#8230; Programas que executam esse tipo de tarefa s\u00e3o baseados num protocolo de Internet amplamente conhecido pela sigla: <br \/><em><strong>Resposta: <\/strong><\/em><em>A &#8211; FTP<\/em><\/p>\n<p><strong>Quest\u00e3o 59:&nbsp;<\/strong> Observe&nbsp; a seguir, um trecho do documento que est\u00e1 sendo editado por Maria no MS Word 2010 BR&#8230; Realizadas essas opera\u00e7\u00f5es, o trecho \u00e9 exibido como:<br \/><em><strong>Resposta: <\/strong><\/em><em>C \u2013 O maior <span style=\"text-decoration: line-through;\">time<\/span> <u>her\u00f3i<\/u> do mundo.<\/em><\/p>\n<p><strong>Quest\u00e3o 60:<\/strong> Carlos abriu um novo documento no MS Word&#8230; Sabendo-se que o teclado est\u00e1 configurado para o idioma portugu\u00eas e que a instala\u00e7\u00e3o do Word disp\u00f5e apenas das fontes usuais, pode-se deduzir que a fonte escolhida por Carlos foi: <br \/><em><strong>Resposta: <\/strong><\/em><em>C \u2013 Symbol.<\/em><\/p>\n<p><strong>Quest\u00e3o 61:<\/strong> \u00c0 luz da sistem\u00e1tica estabelecida pela Lei n 12.846\/2013, a referida pessoa jur\u00eddica:<br \/><em><b>Resposta: B \u2013 somente poder\u00e1 ser administrativamente&#8230;<\/b><\/em><\/p>\n<p><!-- \/wp:paragraph --><\/p>\n<p><strong>Quest\u00e3o 62:<\/strong> \u00c0 luz da sistem\u00e1tica constitucional e da possibilidade de ser, ou n\u00e3o, perquirida a culpa&#8230;<br \/><em><b>Resposta: C \u2013 objetiva, observada a teoria do risco administrativo&#8230;<\/b><\/em><\/p>\n<p><!-- \/wp:paragraph --><\/p>\n<p><strong>Quest\u00e3o 63:<\/strong> \u00c0 luz da sistem\u00e1tica legal, a referida san\u00e7\u00e3o faz com que a sociedade empres\u00e1ria Beta&#8230;<br \/><em><b>Resposta: B \u2013 licitar ou contratar com todos os \u00f3rg\u00e3os&#8230; <\/b><\/em><\/p>\n<p><!-- \/wp:paragraph --><\/p>\n<p><strong>Quest\u00e3o 64:<\/strong> Considerando que a inst\u00e2ncia ordin\u00e1ria foi devidamente exaurida&#8230;<br \/><em><b>Resposta: C \u2013 Extraordin\u00e1rio, a ser julgado pelo Supremo Tribunal Federal&#8230;<\/b><\/em><b><i><\/i><\/b><\/p>\n<p><strong>Quest\u00e3o 65:<\/strong> \u00c0 luz da ordem jur\u00eddica vigente, a modalidade de licita\u00e7\u00e3o que se enquadra&#8230;<br \/><em><b>Resposta: C \u2013 tomada de pre\u00e7os<\/b><\/em><\/p>\n<p><strong>Quest\u00e3o 66:<\/strong> A explica\u00e7\u00e3o de Jo\u00e3o se ajusta a uma concep\u00e7\u00e3o&#8230;<br \/><em><b>Resposta: D- Concretista da constitui\u00e7\u00e3o&#8230;<\/b><\/em><\/p>\n<p><!-- \/wp:paragraph --><\/p>\n<p><strong>Quest\u00e3o 67:<\/strong> \u00c0 luz da sistem\u00e1tica constitucional, \u00e9 correto afirmar que Jo\u00e3o&#8230;<br \/><em><b>Resposta: C \u2013 tem legitimidade para postular&#8230;<\/b><\/em><\/p>\n<p><strong>Quest\u00e3o 68:<\/strong> Para sua surpresa, o Departamento de Recursos Humanos lhe informou que, de acordo com a sistem\u00e1tica constitucional&#8230;<br \/><em><b>Resposta: A \u2013 em virtude de senten\u00e7a judicial transitada&#8230;<\/b><\/em><\/p>\n<p><!-- \/wp:paragraph --><\/p>\n<p><strong>Quest\u00e3o 69:<\/strong> \u00c0 luz da sistem\u00e1tica constitucional, a referida proposta deve ser elaborada em harmonia com:<br \/><em><b>Resposta: E \u2013 A Lei de Diretrizes Or\u00e7ament\u00e1rias&#8230;<\/b><\/em><\/p>\n<p><!-- \/wp:paragraph --><\/p>\n<p><strong>Quest\u00e3o 70:<\/strong> A assessoria respondeu, corretamente, que a lei n XX\/2018 \u00e9:<br \/><em><b>Resposta: A \u2013 Inconstitucional, pois o servi\u00e7o \u00e9 explorado pela Uni\u00e3o&#8230;<\/b><\/em><b><i><\/i><\/b><\/p>\n<p><!-- \/wp:paragraph --><\/p>\n<p><!-- \/wp:paragraph --><\/p>\n<p><strong>Quest\u00e3o 71:<\/strong> Considerado que a senten\u00e7a foi proferida no \u00e2mbito de uma a\u00e7\u00e3o civil&#8230;<br \/><em><b>Resposta: C \u2013 Absolver Pedro e Jos\u00e9&#8230;<\/b><\/em><\/p>\n<p><!-- \/wp:paragraph --><\/p>\n<p><strong>Quest\u00e3o 72:<\/strong> \u00c0 luz da sistem\u00e1tica constitucional, a referida Emenda \u00e9 inconstitucional por:<br \/><em><b>Resposta: A \u2013 Apresentar v\u00edcio de iniciativa&#8230; <\/b><\/em><\/p>\n<p><!-- \/wp:paragraph --><\/p>\n<p><strong>Quest\u00e3o 73:<\/strong> \u00c0 luz da sistem\u00e1tica legal, \u00e9 correto afirmar que:<br \/><em><b>Resposta: A \u2013 Ambas as situa\u00e7\u00f5es s\u00e3o exemplos&#8230;<\/b><\/em><\/p>\n<p><!-- \/wp:paragraph --><\/p>\n<p><strong>Quest\u00e3o 74:<\/strong> \u00c0 luz da sistem\u00e1tica vigente, o referido ajuste ter\u00e1 a forma de:<br \/><em><b>Resposta: D \u2013 Termo de colabora\u00e7\u00e3o&#8230;<\/b><\/em><\/p>\n<p><!-- \/wp:paragraph --><\/p>\n<p><strong>Quest\u00e3o 75:<\/strong> \u00c0 luz da ordem jur\u00eddica vigente, o assessor somente est\u00e1 certo em rela\u00e7\u00e3o \u00e0(s) observa\u00e7\u00e3o (\u00f5es):<br \/><em><b>Resposta: B \u2013 \u201cd\u201d<\/b><\/em><\/p>\n<p><!-- \/wp:paragraph --><\/p>\n<p><strong>Quest\u00e3o 77:<\/strong> A nova estrutura de codifica\u00e7\u00e3o&#8230; Nessa categoria, o d\u00edgito 3 representa:<br \/><em><strong>Resposta: <\/strong><\/em><em>D \u2013 d\u00edvida ativa da receita principal.<\/em><\/p>\n<p><strong>Quest\u00e3o 78:<\/strong> Uma unidade da Federa\u00e7\u00e3o incluiu no or\u00e7amento anual um programa&#8230; Uma medida de desempenho para esse programa poderia ser: <br \/><em><strong>Resposta: <\/strong><\/em><em>E \u2013 redu\u00e7\u00e3o de 10% na taxa de analfabetismo no primeiro ano do programa.<\/em><\/p>\n<p><strong>Quest\u00e3o 79:<\/strong> No Anexo de Metas Fiscais<br \/><em><strong>Resposta: <\/strong><\/em><em>D \u2013 ser\u00e1 acompanhada de metodologia e mem\u00f3ria de c\u00e1lculo.<\/em><\/p>\n<p><strong>Quest\u00e3o 80:<\/strong> A Constitui\u00e7\u00e3o da Rep\u00fablica de 1988 estabeleceu tr\u00eas instrumentos de planejamento e or\u00e7amento. Sobre esses instrumentos, \u00e9 INCORRETO afirmar que:<br \/><em><strong>Resposta: <\/strong><\/em><em>D \u2013 o Plano Plurianual tem vig\u00eancia de quatro anos, iniciando-se no primeiro exerc\u00edcio do mandato do chefe do Poder Executivo;<\/em><\/p>\n<p><strong>Quest\u00e3o 81:<\/strong> Uma organiza\u00e7\u00e3o compra de um fornecedor pe\u00e7as para a manuten\u00e7\u00e3o&#8230; Nessas condi\u00e7\u00f5es, o lote econ\u00f4mico de compra das pe\u00e7as de manuten\u00e7\u00e3o e o n\u00famero de pedidos ao ano s\u00e3o, respectivamente:<br \/><em><b>Resposta: C \u2013 75 unidades e 12 pedidos&#8230;<\/b><\/em><\/p>\n<p><strong>Quest\u00e3o 82:<\/strong> O Plano Nacional de Educa\u00e7\u00e3o 2014-2024 \u00e9 um importante instrumento de planejamento da pol\u00edtica de educa\u00e7\u00e3o, pois consiste em:<\/p>\n<p><strong><em>Resposta:&nbsp; A &#8211; &nbsp;conjunto de objetivos&#8230;<\/em><\/strong><\/p>\n<p><strong>Quest\u00e3o 83:<\/strong> Os governantes atuais de determinado munic\u00edpio analisaram a pol\u00edtica de agricultura familiar org\u00e2nica, &#8230; Nessa situa\u00e7\u00e3o, o estilo de tomada de decis\u00e3o desses governantes \u00e9:<\/p>\n<p><strong><em>Resposta: C- &nbsp;incremental;<\/em><\/strong><\/p>\n<p><!-- \/wp:paragraph --><\/p>\n<p><strong>Quest\u00e3o 84:<\/strong> A evolu\u00e7\u00e3o da disciplina de Administra\u00e7\u00e3o P\u00fablica&#8230; O conceito de governo onde predomina a ideia de que governar \u00e9 administrar corresponde ao paradigma:<br \/><em><b>Resposta: B \u2013 Administra\u00e7\u00e3o p\u00fablica burocr\u00e1tica<\/b><\/em><\/p>\n<p><strong>Quest\u00e3o 85: <\/strong><strong>A figura abaixo mostra uma matriz do tipo \u201cNine-Box\u201d&#8230; Em rela\u00e7\u00e3o aos funcion\u00e1rios, os dados indicam as seguintes situa\u00e7\u00f5es e possibilidades de a\u00e7\u00e3o adequadas:<\/strong> <br \/><em><strong>Resposta: C \u2013 B mostra aderente aos valores e est\u00e1 no meio da carreira&#8230; A est\u00e1 em in\u00edcio de carreira&#8230;<\/strong><\/em><\/p>\n<p><strong>Quest\u00e3o 86:<\/strong> Em seus processos de tomada de decis\u00e3o, &#8230; Essa armadilha \u00e9 conhecida como: <br \/><em><strong>Resposta: B \u2013 custo irrecuper\u00e1vel <\/strong><\/em><\/p>\n<p><strong>Quest\u00e3o 87:<\/strong> Existem diversas tipologias para classificar as pol\u00edticas p\u00fablicas. Considerando esse crit\u00e9rio, \u00e9 correto afirmar que as pol\u00edticas do sistema previdenci\u00e1rio e a amplia\u00e7\u00e3o da gera\u00e7\u00e3o de energia el\u00e9trica s\u00e3o, respectivamente:<br \/><em><b>Resposta: D \u2013 redistributiva e distributiva<\/b><\/em><\/p>\n<p><!-- \/wp:paragraph --><\/p>\n<p><!-- \/wp:paragraph --><\/p>\n<p><strong>Quest\u00e3o 88:<\/strong> Considerando apenas as informa\u00e7\u00f5es fornecidas no Quadro I, se o gestor da unidade da Federa\u00e7\u00e3o precisa abrir um novo cr\u00e9dito adicional especial no in\u00edcio do m\u00eas de julho, ele poder\u00e1 contar com o valor de (milhares de reais):<br \/><em><strong>Resposta: <\/strong><\/em><em>C \u2013 1.460,00<\/em><\/p>\n<p><strong>Quest\u00e3o 89<\/strong>: A partir das informa\u00e7\u00f5es apresentadas no Quadro I, o saldo patrimonial da unidade da Federa\u00e7\u00e3o ao final do exerc\u00edcio de 2018 corresponde, em milhares de reais, a:<\/p>\n<p><strong><em>Resposta: &nbsp;B \u2013 15.150,00;<\/em><\/strong><\/p>\n<p><strong>Quest\u00e3o 90:<\/strong> O secret\u00e1rio de planejamento de um estado da Federa\u00e7\u00e3o,&#8230; O procedimento do secret\u00e1rio de planejamento est\u00e1 em desacordo com o princ\u00edpio do (a):<br \/><em><strong>Resposta: <\/strong><\/em><em>E \u2013 Universalidade.<\/em><\/p>\n<p><strong>Quest\u00e3o 91:<\/strong> O ciclo or\u00e7ament\u00e1rio contempla as fases&#8230; No que tange \u00e0 participa\u00e7\u00e3o do Poder Legislativo, as altera\u00e7\u00f5es promovidas por parlamentares no projeto de lei do or\u00e7amento antes da sua vota\u00e7\u00e3o s\u00e3o chamadas de:<br \/><em><strong>Resposta: <\/strong><\/em><em>C \u2013 Emendas.<\/em><\/p>\n<p><strong>Quest\u00e3o 92:<\/strong> Existem diversas estrat\u00e9gias para flexibiliza\u00e7\u00e3o da a\u00e7\u00e3o estatal. A alternativa a seguir que indica a estrat\u00e9gia e o conceito correto \u00e9: <br \/><em><b>Resposta: E \u2013 desregulamenta\u00e7\u00e3o \u00e9 a elimina\u00e7\u00e3o de diplomas legais, normas, regulamentos e procedimentos burocr\u00e1ticos&#8230;<\/b><\/em><\/p>\n<p><!-- \/wp:paragraph --><\/p>\n<p><strong>Quest\u00e3o 93:<\/strong> A partir da an\u00e1lise das informa\u00e7\u00f5es fornecidas no Quadro II, \u00e9 correto afirmar que: <br \/><em><strong>Resposta: <\/strong><\/em><em>D \u2013 a a\u00e7\u00e3o or\u00e7ament\u00e1ria tem dota\u00e7\u00e3o superior a R$5 milh\u00f5es.<\/em><\/p>\n<p><strong>Quest\u00e3o 94:<\/strong> Com base nas informa\u00e7\u00f5es do Quadro II, a descri\u00e7\u00e3o dos itens de despesa da a\u00e7\u00e3o or\u00e7ament\u00e1ria representa a classifica\u00e7\u00e3o da despesa por: <br \/><em><strong>Resposta: <\/strong><\/em><em>B \u2013 Elemento.<\/em><\/p>\n<p><strong>Quest\u00e3o 95:<\/strong> A partir da an\u00e1lise das informa\u00e7\u00f5es constantes do Quadro II, apurou-se que o valor das despesas or\u00e7ament\u00e1rias n\u00e3o efetivas, ou seja, que n\u00e3o reduzem a situa\u00e7\u00e3o l\u00edquida patrimonial da entidade, corresponde, em milhares de reais, a: <br \/><em><strong>Resposta: <\/strong><\/em><em>E \u2013 855,00<\/em><\/p>\n<p><strong>Quest\u00e3o 96:<\/strong> O or\u00e7amento na data de conclus\u00e3o (BAC) \u00e9:<br \/><em><b>Resposta: A \u2013 R$ 1.500,00<\/b><\/em><\/p>\n<p><!-- \/wp:paragraph --><\/p>\n<p><strong>Quest\u00e3o 97:<\/strong> Com base nessa fala, conclui-se que o novo gestor&#8230;<br \/><em><b>Resposta: D \u2013 new public management<\/b><\/em><\/p>\n<p><!-- \/wp:paragraph --><\/p>\n<p><strong>Quest\u00e3o 98:<\/strong> Sobre o contrato de resultados, que \u00e9 um instrumento de gest\u00e3o p\u00fablica, \u00e9 Incorreto afirmar que:<br \/><em><b>Resposta: D \u2013 substitui o controle cl\u00e1ssico pela hierarquia e pela burocr\u00e1cia<\/b><\/em><\/p>\n<p><strong>Quest\u00e3o 99:<\/strong> Na situa\u00e7\u00e3o descrita, \u00e9 correto afirmar que:<br \/><em><b>Resposta: D \u2013 O pre\u00e7o de reserva do gerente \u00e9&#8230;.<\/b><\/em><\/p>\n<p><!-- \/wp:paragraph --><\/p>\n<p><strong>Quest\u00e3o 100:<\/strong> Entre as vantagens do tipo de departamentaliza\u00e7\u00e3o adotada&#8230;<br \/><em><b>Resposta: E \u2013 Favorecer o controle do desempenho&#8230;<\/b><\/em><\/p>\n<p><!-- \/wp:paragraph --><\/p>\n<p><!-- \/wp:paragraph --><\/p>\n<p><!-- \/wp:paragraph --><!-- wp:paragraph --><\/p>\n<p><!-- wp:heading --><\/p>\n<p><!-- \/wp:paragraph --><\/p>\n<p><!-- wp:paragraph --><\/p>\n<p><!-- \/wp:paragraph --><\/p>\n<p><!-- wp:heading --><\/p>\n<h2>Gabarito extraoficial MP RJ &#8211; T\u00e9cnico Administrativo<\/h2>\n<p><strong>Quest\u00e3o 1:&nbsp;<\/strong>Ao dizer que o livro foi sempre&#8230; <br \/><em><strong>Resposta: <\/strong><\/em><em>E &#8211; <\/em><em>traz a marca hist\u00f3rica de ter veiculado&#8230;<\/em><\/p>\n<p><strong>Quest\u00e3o 2: <\/strong>A introdu\u00e7\u00e3o do n\u00ba 13 da revista Educatrix&#8230;<br \/><em><strong>Resposta: &nbsp;<\/strong><\/em><em>B &#8211; <\/em><em>no segmento agora mesmo&#8230;<\/em><\/p>\n<p><strong>Quest\u00e3o 3: <\/strong>No mesmo n\u00famero da revista Educatrix aparece o seguinte texto sobre criatividade&#8230;<br \/><em><strong>Resposta: <\/strong><\/em><em>D \u2013 a prepara\u00e7\u00e3o para o vestibular \u00e9 uma oportunidade&#8230;<\/em><\/p>\n<p><strong>Quest\u00e3o 4: <\/strong>A afirma\u00e7\u00e3o inadequada sobre o texto 1 \u00e9: <br \/><em><strong>Resposta: <\/strong><\/em><em>C \u2013 o senso comum, segundo CF&#8230;<\/em><\/p>\n<p><strong>Quest\u00e3o 5: <\/strong><strong>No texto 1 h\u00e1 um conjunto de segmentos&#8230;<\/strong><br \/><em><strong>Resposta:<\/strong><\/em> A- o que \u00e9 ser uma pessoa criativa&#8230;<\/p>\n<p><strong>Quest\u00e3o 6: <\/strong><strong>Numa entrevista, \u00e0s vezes o entrevistador&#8230;<\/strong><br \/><em><strong>Resposta:<\/strong><\/em>&nbsp;B \u2013 que estrat\u00e9gias educacionais o senhor&#8230;<\/p>\n<p><strong>Quest\u00e3o 7:&nbsp;<\/strong>Uma segunda pergunta da mesma entrevista com a C\u00e1ssia&#8230;<br \/><em><strong>Resposta: <\/strong><\/em><em>E \u2013 indica claramente a segunda das op\u00e7\u00f5es&#8230;<\/em><\/p>\n<p><strong>Quest\u00e3o 8:&nbsp;<\/strong> Sou contra essa vis\u00e3o utilit\u00e1ria&#8230;<br \/><em><strong>Resposta: <\/strong><\/em><em>E \u2013 \u00e9 assim que funciona a menos que eu seja&#8230;<\/em><\/p>\n<p><strong>Quest\u00e3o 9:&nbsp;<\/strong>A psic\u00f3loga Fernanda Furia escreveu&#8230;<br \/><em><strong>Resposta: <\/strong><\/em><em>B- diversas tecnologias = tecnologias diferentes<\/em><\/p>\n<p><strong>Quest\u00e3o 10:&nbsp;<\/strong><strong>Todo cidad\u00e3o, numa sociedade democr\u00e1tica&#8230;<\/strong><\/p>\n<p><em><strong>Resposta:<\/strong><\/em><em> E \u2013 a pedagogia escolar<\/em><\/p>\n<p><strong>Quest\u00e3o 11:&nbsp;<\/strong><strong>Ler n\u00e3o \u00e9 natural&#8230;<\/strong><\/p>\n<p><em><strong>Resposta: <\/strong><\/em><em>E \u2013 a humanidade criou alguns&#8230;<\/em><\/p>\n<p><strong>Quest\u00e3o 12:<\/strong><strong> Entre as estrat\u00e9gias did\u00e1ticas&#8230;&nbsp;<\/strong> <br \/><em><strong>Resposta: <\/strong><\/em><em>E \u2013 a pausa reflexiva<\/em><\/p>\n<p><strong>Quest\u00e3o 13:&nbsp;<\/strong>A caracter\u00edstica que n\u00e3o est\u00e1 presente&#8230;<br \/><em><strong>Resposta: <\/strong><\/em><em>D \u2013 Falha na estrutura\u00e7\u00e3o gramatical<\/em><\/p>\n<p><strong>Quest\u00e3o 14: <\/strong><strong>A \u00fanica frase abaixo&#8230;<\/strong><br \/><em><strong>Resposta: <\/strong><\/em><em>C \u2013 a raz\u00e3o \u00e9 um sol severo&#8230;<\/em><\/p>\n<p><strong>Quest\u00e3o 15:&nbsp;<\/strong> Um segmento incoerente retirado&#8230;<br \/><em><strong>Resposta:<\/strong><\/em> B \u2013 num texto at\u00e9 o que n\u00e3o&#8230;<\/p>\n<p><em><strong>Resposta:<\/strong><\/em>&nbsp;A- a estrutura\u00e7\u00e3o do texto&#8230;<\/p>\n<p><strong>Quest\u00e3o 17:&nbsp;<\/strong>A frase de Henry Ford&#8230;<br \/><em><strong>Resposta: <\/strong><\/em><em>B- Em si mesmo em lugar de&#8230;<\/em><\/p>\n<p><strong>Quest\u00e3o 18:&nbsp;<\/strong>Velhos e jovens no texto&#8230;<br \/><em><strong>Resposta: <\/strong><\/em><em>A- os homens realmente&#8230; <\/em><\/p>\n<p><strong>Quest\u00e3o 19:&nbsp;<\/strong><strong>No terreno da educa\u00e7\u00e3o&#8230;<\/strong> <br \/><em><strong>Resposta: <\/strong><\/em><em>A \u2013 o cozinheiro se faz&#8230;<\/em><\/p>\n<p><strong>Quest\u00e3o 20:&nbsp;<\/strong>A frase abaixo em que&#8230;<br \/><em><strong>Resposta: <\/strong><\/em><em>C \u2013n\u00e3o pretendas ser demasiado&#8230;<\/em><\/p>\n<p><strong>Quest\u00e3o 21:&nbsp;<\/strong>A leitura de todos os bons livros&#8230;<br \/><em><strong>Resposta: <\/strong><\/em><em>E \u2013 de todos os bons livros\/ com todos os homens&#8230;<\/em><\/p>\n<p><strong>Quest\u00e3o 22:&nbsp;<\/strong>Esse pensamento apresenta&#8230;<br \/><em><strong>Resposta: <\/strong><\/em><em>B \u2013 inverter a ordem dos fatos&#8230;<\/em><\/p>\n<p><strong>Quest\u00e3o 23: <\/strong><strong>O primeiro par\u00e1grafo do texto&#8230;<\/strong><br \/><em><strong>Resposta: <\/strong><\/em><em>C \u2013 descritivo <\/em><\/p>\n<p><strong>Quest\u00e3o 24:&nbsp;<\/strong>No texto 4, o segundo per\u00edodo&#8230;<br \/><em><strong>Resposta: <\/strong><\/em><em>D \u2013 uma quebra de expectativa&#8230;<\/em><\/p>\n<p><strong>Quest\u00e3o 25: <\/strong><strong>O segundo par\u00e1grafo do texto 4&#8230;<\/strong><br \/><em><strong>Resposta:<\/strong><\/em> C \u2013 indica uma estrat\u00e9gia&#8230;<\/p>\n<p><strong>Quest\u00e3o 26:&nbsp;<\/strong><strong>Quando escrevemos, usamos linguagem&#8230;<\/strong><br \/><em><strong>Resposta:<\/strong><\/em>&nbsp;D \u2013 tecnologias&#8230;<\/p>\n<p><strong>Quest\u00e3o 27:&nbsp;<\/strong>O sinal gr\u00e1fico do texto 5&#8230;<br \/><em><strong>Resposta: <\/strong><\/em><em>E \u2013 os pequenos travess\u00f5es&#8230;<\/em><\/p>\n<p><strong>Quest\u00e3o 28:&nbsp;<\/strong>No texto 5 s\u00e3o utilizados&#8230;<br \/><em><strong>Resposta: <\/strong><\/em><em>D \u2013 palavras de coes\u00e3o&#8230;<\/em><\/p>\n<p><strong>Quest\u00e3o 29:&nbsp;<\/strong>O t\u00edtulo dado ao texto de onde&#8230;<br \/><em><strong>Resposta: <\/strong><\/em><em>&nbsp;A \u2013 a import\u00e2ncia da educa\u00e7\u00e3o em geral &#8230;<\/em><\/p>\n<p><strong>Quest\u00e3o 30:&nbsp;<\/strong> Em todas as palavras abaixo&#8230;<br \/><em><strong>Resposta: <\/strong><\/em><em>D \u2013 possibilidade: manipul\u00e1vel e nome\u00e1vel&#8230;<\/em><\/p>\n<p><!-- \/wp:heading --><\/p>\n<p><!-- wp:paragraph --><\/p>\n<p>Quest\u00e3o 31: Valdo \u00e9 estagi\u00e1rio&#8230;<\/p>\n<p><!-- \/wp:paragraph --><\/p>\n<p><!-- wp:paragraph --><\/p>\n<p>Resposta: C \u2013 4<\/p>\n<p><!-- \/wp:paragraph --><\/p>\n<p><!-- wp:paragraph --><\/p>\n<p>Quest\u00e3o 32: Ernesto foi promovido&#8230;<\/p>\n<p><!-- \/wp:paragraph --><\/p>\n<p><!-- wp:paragraph --><\/p>\n<p>Resposta: D \u2013 R$ 2.500,00<\/p>\n<p><!-- \/wp:paragraph --><\/p>\n<p><!-- wp:paragraph --><\/p>\n<p>Quest\u00e3o 33: Considere a senten\u00e7a \u201cJo\u00e3o&#8230;<\/p>\n<p><!-- \/wp:paragraph --><\/p>\n<p><!-- wp:paragraph --><\/p>\n<p>Resposta: E \u2013 Jo\u00e3o tomou caf\u00e9 ou n\u00e3o saiu de casa<\/p>\n<p><!-- \/wp:paragraph --><\/p>\n<p><!-- wp:paragraph --><\/p>\n<p>Quest\u00e3o 34: Um saco cont\u00e9m&#8230;<\/p>\n<p><!-- \/wp:paragraph --><\/p>\n<p><!-- wp:paragraph --><\/p>\n<p>Resposta: A \u2013 9<\/p>\n<p><!-- \/wp:paragraph --><\/p>\n<p><!-- wp:paragraph --><\/p>\n<p>Quest\u00e3o 35: Uma empresa criou&#8230;<\/p>\n<p><!-- \/wp:paragraph --><\/p>\n<p><!-- wp:paragraph --><\/p>\n<p>Resposta: D \u2013 185<\/p>\n<p><!-- \/wp:paragraph --><\/p>\n<p><!-- wp:paragraph --><\/p>\n<p>Quest\u00e3o 36: Chico, Serafim&#8230;<\/p>\n<p><!-- \/wp:paragraph --><\/p>\n<p><!-- wp:paragraph --><\/p>\n<p>Resposta: B \u2013 14<\/p>\n<p><!-- \/wp:paragraph --><\/p>\n<p><!-- wp:paragraph --><\/p>\n<p>Quest\u00e3o 37: O jantar de comemora\u00e7\u00e3o&#8230;<\/p>\n<p><!-- \/wp:paragraph --><\/p>\n<p><!-- wp:paragraph --><\/p>\n<p>Resposta: B \u2013 102<\/p>\n<p><!-- \/wp:paragraph --><\/p>\n<p><!-- wp:paragraph --><\/p>\n<p>Quest\u00e3o 38: Certa calculadora&#8230;<\/p>\n<p><!-- \/wp:paragraph --><\/p>\n<p><!-- wp:paragraph --><\/p>\n<p>Resposta: E \u2013 13<\/p>\n<p><!-- \/wp:paragraph --><\/p>\n<p><!-- wp:paragraph --><\/p>\n<p>Quest\u00e3o 39: Moacir possui&#8230;<\/p>\n<p><!-- \/wp:paragraph --><\/p>\n<p><!-- wp:paragraph --><\/p>\n<p>Resposta: B &#8211; junho<\/p>\n<p><!-- \/wp:paragraph --><\/p>\n<p><!-- wp:paragraph --><\/p>\n<p>Quest\u00e3o 40 : Entre as pessoas A, B&#8230;<\/p>\n<p><!-- \/wp:paragraph --><\/p>\n<p><!-- wp:paragraph --><\/p>\n<p>Resposta: C &#8211; 50%<\/p>\n<p><!-- \/wp:paragraph --><\/p>\n<p><!-- wp:paragraph --><\/p>\n<p>Quest\u00e3o 41 &#8211; Jo\u00e3o, T\u00e9cnico do Minist\u00e9rio P\u00fablico, lotado&#8230;<\/p>\n<p><!-- \/wp:paragraph --><\/p>\n<p><!-- wp:paragraph --><\/p>\n<p>Resposta: E &#8211; demiss\u00e3o, cuja&#8230;<\/p>\n<p><strong>Quest\u00e3o 42:&nbsp;<\/strong>No cumprimento de suas fun\u00e7\u00f5es&#8230;<br \/><em><strong>Resposta: <\/strong><\/em><em>D- cumprir as determina\u00e7\u00f5es do Promotor de justi\u00e7a&#8230; <\/em><\/p>\n<p><strong>Quest\u00e3o 43:&nbsp;<\/strong>De acordo com a citada lei&#8230;<br \/><em><strong>Resposta: <\/strong><\/em><em>C \u2013 o t\u00e9cnico do Minist\u00e9rio P\u00fablico&#8230;<\/em><\/p>\n<p><strong>Quest\u00e3o 44:&nbsp;<\/strong>\u00c0 luz do que determinam&#8230;<br \/><em><strong>Resposta: <\/strong><\/em><em>C \u2013 cientifique o noticiante da decis\u00e3o&#8230;<\/em><\/p>\n<p><strong>Quest\u00e3o 45:&nbsp;<\/strong>De acordo com as disposi\u00e7\u00f5es&#8230;<br \/><em><strong>Resposta:<\/strong><\/em> C \u2013 procedimento administrativo&#8230;<\/p>\n<p><strong>Quest\u00e3o 46:&nbsp;<\/strong>De acordo com a lei org\u00e2nica&#8230;<br \/><em><strong>Resposta:<\/strong><\/em>&nbsp; B \u2013 O Centro de Estudos e Aperfei\u00e7oamento&#8230;<\/p>\n<p><strong>Quest\u00e3o 47:&nbsp;<\/strong><strong>De acordo com a portaria SGM&#8230;<\/strong><\/p>\n<p><em><strong>Resposta: <\/strong><\/em><em>C \u2013Instaura\u00e7\u00e3o de procedimento pr\u00f3prio&#8230;<\/em><\/p>\n<p><strong>Quest\u00e3o 48:&nbsp;<\/strong>De acordo com a resolu\u00e7\u00e3o SNMP&#8230;<br \/><em><strong>Resposta: <\/strong><\/em><em>E- poder\u00e1 instaurar internamente&#8230;<\/em><\/p>\n<p><strong>Quest\u00e3o 49:&nbsp;<\/strong>Em se tratando de documento n\u00e3o sigiloso&#8230;<br \/><em><strong>Resposta: <\/strong><\/em><em>D \u2013\u00e9 permitida a utiliza\u00e7\u00e3o&#8230;<\/em><\/p>\n<p><strong>Quest\u00e3o 50:&nbsp;<\/strong>De acordo com a resolu\u00e7\u00e3o&#8230;<br \/><em><strong>Resposta: <\/strong><\/em><em>B \u2013 \u00c9 norteado, dentre outras&#8230;<\/em><\/p>\n<p><!-- \/wp:paragraph --><\/p>\n<p><!-- wp:paragraph --><\/p>\n<p>Quest\u00e3o 51: No Windos, a extens\u00e3o&#8230;<\/p>\n<p><!-- \/wp:paragraph --><\/p>\n<p><!-- wp:paragraph --><\/p>\n<p>Resposta: B &#8211; 3<\/p>\n<p><!-- \/wp:paragraph --><\/p>\n<p><!-- wp:paragraph --><\/p>\n<p>Quest\u00e3o 52: Considere uma planilha&#8230;<\/p>\n<p><!-- \/wp:paragraph --><\/p>\n<p><!-- wp:paragraph --><\/p>\n<p>Resposta: B &#8211; 5<\/p>\n<p><!-- \/wp:paragraph --><\/p>\n<p><!-- wp:paragraph --><\/p>\n<p>Quest\u00e3o: 53: Maria recebeu&#8230;<\/p>\n<p><!-- \/wp:paragraph --><\/p>\n<p><!-- wp:paragraph --><\/p>\n<p>Resposta: C \u2013 ajustar a configura\u00e7\u00e3o&#8230;<\/p>\n<p><!-- \/wp:paragraph --><\/p>\n<p><!-- wp:paragraph --><\/p>\n<p>Quest\u00e3o 54: A troca de dados&#8230;<\/p>\n<p><!-- \/wp:paragraph --><\/p>\n<p><!-- wp:paragraph --><\/p>\n<p>Resposta: E &#8211; XML<\/p>\n<p><!-- \/wp:paragraph --><\/p>\n<p><!-- wp:paragraph --><\/p>\n<p>Quest\u00e3o 55: No contexto do MS&#8230;<\/p>\n<p><!-- \/wp:paragraph --><\/p>\n<p><!-- wp:paragraph --><\/p>\n<p>Resposta: E &#8211; VBA<\/p>\n<p><!-- \/wp:paragraph --><\/p>\n<p><!-- wp:paragraph --><\/p>\n<p>Quest\u00e3o 56: No Windows \u00e9 poss\u00edvel&#8230;<\/p>\n<p><!-- \/wp:paragraph --><\/p>\n<p><!-- wp:paragraph --><\/p>\n<p>Resposta: B \u2013 Gerenciador de Tarefas<\/p>\n<p><!-- \/wp:paragraph --><\/p>\n<p><!-- wp:paragraph --><\/p>\n<p>Quest\u00e3o 57: No Pincel de Formata\u00e7\u00e3o&#8230;<\/p>\n<p><!-- \/wp:paragraph --><\/p>\n<p><!-- wp:paragraph --><\/p>\n<p>Resposta: A \u2013 copiar a formata\u00e7\u00e3o&#8230;<\/p>\n<p><!-- \/wp:paragraph --><\/p>\n<p><!-- wp:paragraph --><\/p>\n<p>Quest\u00e3o 58: No contexto da formata\u00e7\u00e3o<\/p>\n<p><!-- \/wp:paragraph --><\/p>\n<p><!-- wp:paragraph --><\/p>\n<p>Resposta: E \u2013 \u00e9 poss\u00edvel&#8230;<\/p>\n<p><!-- \/wp:paragraph --><\/p>\n<p><!-- wp:paragraph --><\/p>\n<p>Quest\u00e3o 59: O navegador&#8230;<\/p>\n<p><!-- \/wp:paragraph --><\/p>\n<p><!-- wp:paragraph --><\/p>\n<p>Resposta: C \u2013 II, III e IV<\/p>\n<p><!-- \/wp:paragraph --><\/p>\n<p><!-- wp:paragraph --><\/p>\n<p>Quest\u00e3o 60:<\/p>\n<p><!-- \/wp:paragraph --><\/p>\n<p><!-- wp:paragraph --><\/p>\n<p>Resposta: A \u2013 somente I<\/p>\n<p><!-- \/wp:paragraph --><\/p>\n<p><!-- wp:paragraph --><\/p>\n<p>Quest\u00e3o 61: O Minist\u00e9rio P\u00fablico:<\/p>\n<p><!-- \/wp:paragraph --><\/p>\n<p><!-- wp:paragraph --><\/p>\n<p>Resposta: C \u2013 unilateralmente&#8230;<\/p>\n<p><!-- \/wp:paragraph --><\/p>\n<p><!-- wp:paragraph --><\/p>\n<p>Quest\u00e3o 62: Determinado Munic\u00edpio<\/p>\n<p><!-- \/wp:paragraph --><\/p>\n<p><!-- wp:paragraph --><\/p>\n<p>Resposta: A \u2013 encampa\u00e7\u00e3o&#8230;<\/p>\n<p><!-- \/wp:paragraph --><\/p>\n<p><!-- wp:paragraph --><\/p>\n<p>Quest\u00e3o 63: Jo\u00e3o, estagi\u00e1rio&#8230;<\/p>\n<p><!-- \/wp:paragraph --><\/p>\n<p><!-- wp:paragraph --><\/p>\n<p>Resposta: C \u2013 autoexecutoriedade&#8230;<\/p>\n<p><!-- \/wp:paragraph --><\/p>\n<p><!-- wp:paragraph --><\/p>\n<p>Quest\u00e3o 64: &nbsp;Em<br \/>determinado munic\u00edpio<\/p>\n<p><!-- \/wp:paragraph --><\/p>\n<p><!-- wp:paragraph --><\/p>\n<p>Resposta: A \u2013 objetiva&#8230;<\/p>\n<p><!-- \/wp:paragraph --><\/p>\n<p><!-- wp:paragraph --><\/p>\n<p>Quest\u00e3o 65: Determinado estado&#8230;<\/p>\n<p><!-- \/wp:paragraph --><\/p>\n<p><!-- wp:paragraph --><\/p>\n<p>Resposta: D \u2013 inconstitucionalidade da lei&#8230;<\/p>\n<p><!-- \/wp:paragraph --><\/p>\n<p><!-- wp:paragraph --><\/p>\n<p>Quest\u00e3o 66: Jo\u00e3o, agente p\u00fablico&#8230;<\/p>\n<p><!-- \/wp:paragraph --><\/p>\n<p><!-- wp:paragraph --><\/p>\n<p>Resposta: B \u2013 &nbsp;Jo\u00e3o e Alberto<br \/>praticaram&#8230;<\/p>\n<p><!-- \/wp:paragraph --><\/p>\n<p><!-- wp:paragraph --><\/p>\n<p>Quest\u00e3o 67: Assembleia Legislativa&#8230;<\/p>\n<p><!-- \/wp:paragraph --><\/p>\n<p><!-- wp:paragraph --><\/p>\n<p>Resposta:&nbsp; A &#8211; legalidade&#8230;<\/p>\n<p><!-- \/wp:paragraph --><\/p>\n<p><!-- wp:paragraph --><\/p>\n<p>Quest\u00e3o 68: O Procurador-Geral de&#8230;<\/p>\n<p><!-- \/wp:paragraph --><\/p>\n<p><!-- wp:paragraph --><\/p>\n<p>Resposta: D \u2013 normativo de&#8230;<\/p>\n<p><!-- \/wp:paragraph --><\/p>\n<p><!-- wp:paragraph --><\/p>\n<p>Quest\u00e3o 69: Jo\u00e3o, renomado&#8230;<\/p>\n<p><!-- \/wp:paragraph --><\/p>\n<p><!-- wp:paragraph --><\/p>\n<p>Resposta: C \u2013 n\u00e3o merece<\/p>\n<p><!-- \/wp:paragraph --><\/p>\n<p><!-- wp:paragraph --><\/p>\n<p>Quest\u00e3o 70: &nbsp;Jo\u00e3o,<br \/>servidor p\u00fablico ocupante de cargo efetivo&#8230;<\/p>\n<p><!-- \/wp:paragraph --><\/p>\n<p><!-- wp:paragraph --><\/p>\n<p>Resposta: B \u2013 de inser\u00e7\u00e3o de dados&#8230;<\/p>\n<p><!-- \/wp:paragraph --><\/p>\n<p><!-- wp:paragraph --><\/p>\n<p>Quest\u00e3o 71: Para que possam&#8230;<\/p>\n<p><!-- \/wp:paragraph --><\/p>\n<p><!-- wp:paragraph --><\/p>\n<p>Resposta: E &#8211; &nbsp;vitaliciedade&#8230;.<\/p>\n<p><!-- \/wp:paragraph --><\/p>\n<p><!-- wp:paragraph --><\/p>\n<p>Quest\u00e3o 72: Tribunal de Contas<\/p>\n<p><!-- \/wp:paragraph --><\/p>\n<p><!-- wp:paragraph --><\/p>\n<p>Resposta: C \u2013 Procurador-Geral da Rep\u00fablica<\/p>\n<p><!-- \/wp:paragraph --><\/p>\n<p><!-- wp:paragraph --><\/p>\n<p>Quest\u00e3o 73: Jo\u00e3o, servidor p\u00fablico&#8230;.<\/p>\n<p><!-- \/wp:paragraph --><\/p>\n<p><!-- wp:paragraph --><\/p>\n<p>Resposta: C &#8211; recondu\u00e7\u00e3o<\/p>\n<p><!-- \/wp:paragraph --><\/p>\n<p><!-- wp:paragraph --><\/p>\n<p>Quest\u00e3o 74: O Minist\u00e9rio P\u00fablico do Estado do Rio de<br \/>Janeiro&#8230;<\/p>\n<p><!-- \/wp:paragraph --><\/p>\n<p><!-- wp:paragraph --><\/p>\n<p>Resposta: A \u2013 legal, desde que o pre\u00e7o&#8230;<\/p>\n<p><!-- \/wp:paragraph --><\/p>\n<p><!-- wp:paragraph --><\/p>\n<p>Quest\u00e3o 75: Em rela\u00e7\u00e3o ao Poder Judici\u00e1rio&#8230;.<\/p>\n<p><!-- \/wp:paragraph --><\/p>\n<p><!-- wp:paragraph --><\/p>\n<p>Resposta: E \u2013 membros do Minist\u00e9rio P\u00fablico&#8230;<\/p>\n<p><!-- \/wp:paragraph --><\/p>\n<p><!-- wp:paragraph --><\/p>\n<p>Quest\u00e3o 76: Em rela\u00e7\u00e3o ao regime&#8230;<\/p>\n<p><!-- \/wp:paragraph --><\/p>\n<p><!-- wp:paragraph --><\/p>\n<p>Resposta: C \u2013 somente por&#8230;<\/p>\n<p><!-- \/wp:paragraph --><\/p>\n<p><!-- wp:paragraph --><\/p>\n<p>Quest\u00e3o 77: De acordo com a Constitui\u00e7\u00e3o da Rep\u00fablica de 1988,<br \/>compete&#8230;<\/p>\n<p><!-- \/wp:paragraph --><\/p>\n<p><!-- wp:paragraph --><\/p>\n<p>Resposta: B \u2013 apreciar, de of\u00edcio&#8230;<\/p>\n<p><!-- \/wp:paragraph --><\/p>\n<p><!-- wp:paragraph --><\/p>\n<p>Quest\u00e3o 78:&nbsp;<br \/>Imagine&#8230;<\/p>\n<p><!-- \/wp:paragraph --><\/p>\n<p><!-- wp:paragraph --><\/p>\n<p>Resposta: C \u2013 o ato I&nbsp;<br \/>\u00e9 valido&#8230;<\/p>\n<p><!-- \/wp:paragraph --><\/p>\n<p><!-- wp:paragraph --><\/p>\n<p>Quest\u00e3o 79: De acordo com o texto constitucional&#8230;<\/p>\n<p><!-- \/wp:paragraph --><\/p>\n<p><!-- wp:paragraph --><\/p>\n<p>Resposta: E \u2013 pela Assembleia Legialativa&#8230;<\/p>\n<p><!-- \/wp:paragraph --><\/p>\n<p><!-- wp:paragraph --><\/p>\n<p>Quest\u00e3o 80: De acordo com a Constitui\u00e7\u00e3o da Rep\u00fablica de<br \/>1988, o Minist\u00e9rio P\u00fablico&#8230;<\/p>\n<p><!-- \/wp:paragraph --><\/p>\n<p><!-- wp:paragraph --><\/p>\n<p>Resposta: B \u2013 representa\u00e7\u00e3o&#8230;<\/p>\n<p><\/p>\n<p><!-- \/wp:paragraph --><\/p>\n<h2>&nbsp;<\/h2>\n<p><!-- \/wp:heading --><\/p>\n<p><!-- wp:paragraph {\"align\":\"center\",\"backgroundColor\":\"very-light-gray\",\"fontSize\":\"medium\"} --><\/p>\n<p class=\"has-background has-medium-font-size has-very-light-gray-background-color\" style=\"text-align: center;\"><a href=\"https:\/\/www.estrategiaconcursos.com.br\/app\/dashboard\/renovacao\" target=\"_blank\" rel=\"noreferrer noopener\"><strong>PROMO\u00c7\u00c3O: \u00c9 MELHOR QUE BLACK FRIDAY!<\/strong><\/a><\/p>\n<p><!-- \/wp:paragraph --><\/p>\n<p><!-- wp:image {\"id\":444182,\"align\":\"center\",\"linkDestination\":\"custom\"} --><\/p>\n<div class=\"wp-block-image\">\n<figure class=\"aligncenter\"><a href=\"https:\/\/www.estrategiaconcursos.com.br\/app\/dashboard\/renovacao\" target=\"_blank\" rel=\"noreferrer noopener\"><img loading=\"lazy\" decoding=\"async\" width=\"1280\" height=\"320\" class=\"wp-image-444182\" src=\"https:\/\/dhg1h5j42swfq.cloudfront.net\/2019\/11\/05093753\/WhatsApp-Image-2019-11-04-at-10.27.201.jpeg\" alt=\"\" srcset=\"https:\/\/dhg1h5j42swfq.cloudfront.net\/2019\/11\/05093753\/WhatsApp-Image-2019-11-04-at-10.27.201.jpeg 1280w, https:\/\/dhg1h5j42swfq.cloudfront.net\/2019\/11\/05093753\/WhatsApp-Image-2019-11-04-at-10.27.201.jpeg 300w, https:\/\/dhg1h5j42swfq.cloudfront.net\/2019\/11\/05093753\/WhatsApp-Image-2019-11-04-at-10.27.201.jpeg 768w, https:\/\/dhg1h5j42swfq.cloudfront.net\/2019\/11\/05093753\/WhatsApp-Image-2019-11-04-at-10.27.201.jpeg 1024w, https:\/\/dhg1h5j42swfq.cloudfront.net\/2019\/11\/05093753\/WhatsApp-Image-2019-11-04-at-10.27.201.jpeg 610w\" sizes=\"auto, (max-width: 1280px) 100vw, 1280px\" \/><\/a><\/figure>\n<\/div>\n<p><!-- \/wp:image --><\/p>\n<p><!-- wp:paragraph {\"align\":\"center\"} --><\/p>\n<p style=\"text-align: center;\"><em><strong>Fique por dentro de todos os concursos<\/strong><\/em><\/p>\n<p><!-- \/wp:paragraph --><\/p>\n<p><!-- wp:paragraph {\"align\":\"center\",\"backgroundColor\":\"pale-cyan-blue\",\"customFontSize\":23} --><\/p>\n<p class=\"has-background has-pale-cyan-blue-background-color\" style=\"font-size: 23px; text-align: center;\"><a href=\"https:\/\/www.estrategiaconcursos.com.br\/blog\/concursos-abertos\/\" target=\"_blank\" rel=\"noreferrer noopener\"><strong>Concursos abertos<\/strong><\/a><\/p>\n<p><!-- \/wp:paragraph --><\/p>\n<p><!-- wp:paragraph {\"align\":\"center\",\"backgroundColor\":\"pale-cyan-blue\",\"customFontSize\":23} --><\/p>\n<p class=\"has-background has-pale-cyan-blue-background-color\" style=\"font-size: 23px; text-align: center;\"><a href=\"https:\/\/www.estrategiaconcursos.com.br\/blog\/concursos-2019\/\" target=\"_blank\" rel=\"noreferrer noopener\"><strong>Concursos 2019<\/strong><\/a><\/p>\n<p><!-- \/wp:paragraph --><\/p>\n<p><!-- wp:paragraph {\"align\":\"center\",\"backgroundColor\":\"pale-cyan-blue\",\"customFontSize\":23} --><\/p>\n<p class=\"has-background has-pale-cyan-blue-background-color\" style=\"font-size: 23px; text-align: center;\"><a href=\"https:\/\/www.estrategiaconcursos.com.br\/blog\/concursos-2020\/\" target=\"_blank\" rel=\"noreferrer noopener\"><strong>Concursos 2020<\/strong><\/a><\/p>\n<p><!--EndFragment--><\/p>","protected":false},"excerpt":{"rendered":"<p>Acompanhe o gabarito extraoficial dos cargos de Analista Administrativo e T\u00e9cnico Administrativo disponibilizado pelo Estrat\u00e9gia Concursos no final deste artigo. Vale lembrar que concurso MP RJ realiza neste domingo 24 de novembro as provas para os cargos de Analista e T\u00e9cnico do MP &#8211; \u00e1rea administrativa que ser\u00e3o aplicadas nas cidades de Cabo Frio, Campos [&hellip;]<\/p>\n","protected":false},"author":1,"featured_media":450796,"comment_status":"open","ping_status":"closed","sticky":false,"template":"","format":"standard","meta":{"post_tipo":"news","footnotes":""},"categories":[1],"tags":[],"tax_estado":[],"class_list":["post-450462","post","type-post","status-publish","format-standard","has-post-thumbnail","hentry","category-cursos-e-concursos"],"acf":[],"yoast_head":"<!-- This site is optimized with the Yoast SEO Premium plugin v27.2 (Yoast SEO v27.2) - https:\/\/yoast.com\/product\/yoast-seo-premium-wordpress\/ -->\n<title>Gabarito MP RJ: acompanhe nossa corre\u00e7\u00e3o AO VIVO<\/title>\n<meta name=\"robots\" content=\"index, follow, max-snippet:-1, max-image-preview:large, max-video-preview:-1\" \/>\n<link rel=\"canonical\" href=\"https:\/\/www.estrategiaconcursos.com.br\/blog\/gabarito-mp-rj\/\" \/>\n<meta property=\"og:locale\" content=\"pt_BR\" \/>\n<meta property=\"og:type\" content=\"article\" \/>\n<meta property=\"og:title\" content=\"Gabarito MP RJ: acompanhe nossa corre\u00e7\u00e3o AO VIVO\" \/>\n<meta property=\"og:description\" content=\"Acompanhe o gabarito extraoficial dos cargos de Analista Administrativo e T\u00e9cnico Administrativo disponibilizado pelo Estrat\u00e9gia Concursos no final deste artigo. Vale lembrar que concurso MP RJ realiza neste domingo 24 de novembro as provas para os cargos de Analista e T\u00e9cnico do MP &#8211; \u00e1rea administrativa que ser\u00e3o aplicadas nas cidades de Cabo Frio, Campos [&hellip;]\" \/>\n<meta property=\"og:url\" content=\"https:\/\/www.estrategiaconcursos.com.br\/blog\/gabarito-mp-rj\/\" \/>\n<meta property=\"og:site_name\" content=\"Estrat\u00e9gia Concursos\" \/>\n<meta property=\"article:author\" content=\"https:\/\/www.facebook.com\/EstrategiaConcursos\" \/>\n<meta property=\"article:published_time\" content=\"2019-11-25T10:00:53+00:00\" \/>\n<meta property=\"article:modified_time\" content=\"2023-03-24T18:50:18+00:00\" \/>\n<meta property=\"og:image\" content=\"https:\/\/dhg1h5j42swfq.cloudfront.net\/2019\/11\/24100102\/YTB_PGM-RJ.jpg\" \/>\n\t<meta property=\"og:image:width\" content=\"1200\" \/>\n\t<meta property=\"og:image:height\" content=\"675\" \/>\n\t<meta property=\"og:image:type\" content=\"image\/jpeg\" \/>\n<meta name=\"author\" content=\"Coordena\u00e7\u00e3o\" \/>\n<meta name=\"twitter:card\" content=\"summary_large_image\" \/>\n<meta name=\"twitter:creator\" content=\"@EstratConcursos\" \/>\n<meta name=\"twitter:site\" content=\"@EstratConcursos\" \/>\n<meta name=\"twitter:label1\" content=\"Escrito por\" \/>\n\t<meta name=\"twitter:data1\" content=\"Coordena\u00e7\u00e3o\" \/>\n\t<meta name=\"twitter:label2\" content=\"Est. tempo de leitura\" \/>\n\t<meta name=\"twitter:data2\" content=\"21 minutos\" \/>\n<script type=\"application\/ld+json\" class=\"yoast-schema-graph\">{\"@context\":\"https:\/\/schema.org\",\"@graph\":[{\"@type\":\"NewsArticle\",\"@id\":\"https:\/\/www.estrategiaconcursos.com.br\/blog\/gabarito-mp-rj\/#article\",\"isPartOf\":{\"@id\":\"https:\/\/www.estrategiaconcursos.com.br\/blog\/gabarito-mp-rj\/\"},\"author\":{\"name\":\"Coordena\u00e7\u00e3o\",\"@id\":\"https:\/\/www.estrategiaconcursos.com.br\/blog\/#\/schema\/person\/b4a388c97673c5f483d72185668afa1f\"},\"headline\":\"Gabarito MP RJ: acompanhe nossa corre\u00e7\u00e3o AO VIVO\",\"datePublished\":\"2019-11-25T10:00:53+00:00\",\"dateModified\":\"2023-03-24T18:50:18+00:00\",\"mainEntityOfPage\":{\"@id\":\"https:\/\/www.estrategiaconcursos.com.br\/blog\/gabarito-mp-rj\/\"},\"wordCount\":4191,\"commentCount\":0,\"publisher\":{\"@id\":\"https:\/\/www.estrategiaconcursos.com.br\/blog\/#organization\"},\"image\":{\"@id\":\"https:\/\/www.estrategiaconcursos.com.br\/blog\/gabarito-mp-rj\/#primaryimage\"},\"thumbnailUrl\":\"https:\/\/dhg1h5j42swfq.cloudfront.net\/2019\/11\/24100102\/YTB_PGM-RJ.jpg\",\"articleSection\":[\"Concursos P\u00fablicos\"],\"inLanguage\":\"pt-BR\",\"potentialAction\":[{\"@type\":\"CommentAction\",\"name\":\"Comment\",\"target\":[\"https:\/\/www.estrategiaconcursos.com.br\/blog\/gabarito-mp-rj\/#respond\"]}],\"copyrightYear\":\"2019\",\"copyrightHolder\":{\"@id\":\"https:\/\/www.estrategiaconcursos.com.br\/blog\/#organization\"}},{\"@type\":\"WebPage\",\"@id\":\"https:\/\/www.estrategiaconcursos.com.br\/blog\/gabarito-mp-rj\/\",\"url\":\"https:\/\/www.estrategiaconcursos.com.br\/blog\/gabarito-mp-rj\/\",\"name\":\"Gabarito MP RJ: acompanhe nossa corre\u00e7\u00e3o AO VIVO\",\"isPartOf\":{\"@id\":\"https:\/\/www.estrategiaconcursos.com.br\/blog\/#website\"},\"primaryImageOfPage\":{\"@id\":\"https:\/\/www.estrategiaconcursos.com.br\/blog\/gabarito-mp-rj\/#primaryimage\"},\"image\":{\"@id\":\"https:\/\/www.estrategiaconcursos.com.br\/blog\/gabarito-mp-rj\/#primaryimage\"},\"thumbnailUrl\":\"https:\/\/dhg1h5j42swfq.cloudfront.net\/2019\/11\/24100102\/YTB_PGM-RJ.jpg\",\"datePublished\":\"2019-11-25T10:00:53+00:00\",\"dateModified\":\"2023-03-24T18:50:18+00:00\",\"breadcrumb\":{\"@id\":\"https:\/\/www.estrategiaconcursos.com.br\/blog\/gabarito-mp-rj\/#breadcrumb\"},\"inLanguage\":\"pt-BR\",\"potentialAction\":[{\"@type\":\"ReadAction\",\"target\":[\"https:\/\/www.estrategiaconcursos.com.br\/blog\/gabarito-mp-rj\/\"]}]},{\"@type\":\"ImageObject\",\"inLanguage\":\"pt-BR\",\"@id\":\"https:\/\/www.estrategiaconcursos.com.br\/blog\/gabarito-mp-rj\/#primaryimage\",\"url\":\"https:\/\/dhg1h5j42swfq.cloudfront.net\/2019\/11\/24100102\/YTB_PGM-RJ.jpg\",\"contentUrl\":\"https:\/\/dhg1h5j42swfq.cloudfront.net\/2019\/11\/24100102\/YTB_PGM-RJ.jpg\",\"width\":1200,\"height\":675},{\"@type\":\"BreadcrumbList\",\"@id\":\"https:\/\/www.estrategiaconcursos.com.br\/blog\/gabarito-mp-rj\/#breadcrumb\",\"itemListElement\":[{\"@type\":\"ListItem\",\"position\":1,\"name\":\"In\u00edcio\",\"item\":\"https:\/\/www.estrategiaconcursos.com.br\/blog\/\"},{\"@type\":\"ListItem\",\"position\":2,\"name\":\"Gabarito MP RJ: acompanhe nossa corre\u00e7\u00e3o AO VIVO\"}]},{\"@type\":\"WebSite\",\"@id\":\"https:\/\/www.estrategiaconcursos.com.br\/blog\/#website\",\"url\":\"https:\/\/www.estrategiaconcursos.com.br\/blog\/\",\"name\":\"Estrat\u00e9gia Concursos\",\"description\":\"O blog da Estrat\u00e9gia Concursos traz not\u00edcias sobre concursos e artigos de professores oferecendo cursos para concursos (pdf + videaulas) no site.\",\"publisher\":{\"@id\":\"https:\/\/www.estrategiaconcursos.com.br\/blog\/#organization\"},\"potentialAction\":[{\"@type\":\"SearchAction\",\"target\":{\"@type\":\"EntryPoint\",\"urlTemplate\":\"https:\/\/www.estrategiaconcursos.com.br\/blog\/?s={search_term_string}\"},\"query-input\":{\"@type\":\"PropertyValueSpecification\",\"valueRequired\":true,\"valueName\":\"search_term_string\"}}],\"inLanguage\":\"pt-BR\"},{\"@type\":\"Organization\",\"@id\":\"https:\/\/www.estrategiaconcursos.com.br\/blog\/#organization\",\"name\":\"Estrat\u00e9gia Concursos\",\"url\":\"https:\/\/www.estrategiaconcursos.com.br\/blog\/\",\"logo\":{\"@type\":\"ImageObject\",\"inLanguage\":\"pt-BR\",\"@id\":\"https:\/\/www.estrategiaconcursos.com.br\/blog\/#\/schema\/logo\/image\/\",\"url\":\"https:\/\/dhg1h5j42swfq.cloudfront.net\/2025\/06\/03203428\/logo_concursos-1.jpg\",\"contentUrl\":\"https:\/\/dhg1h5j42swfq.cloudfront.net\/2025\/06\/03203428\/logo_concursos-1.jpg\",\"width\":230,\"height\":60,\"caption\":\"Estrat\u00e9gia Concursos\"},\"image\":{\"@id\":\"https:\/\/www.estrategiaconcursos.com.br\/blog\/#\/schema\/logo\/image\/\"},\"sameAs\":[\"https:\/\/x.com\/EstratConcursos\"]},{\"@type\":\"Person\",\"@id\":\"https:\/\/www.estrategiaconcursos.com.br\/blog\/#\/schema\/person\/b4a388c97673c5f483d72185668afa1f\",\"name\":\"Coordena\u00e7\u00e3o\",\"image\":{\"@type\":\"ImageObject\",\"inLanguage\":\"pt-BR\",\"@id\":\"https:\/\/secure.gravatar.com\/avatar\/b720319e4c9a967eb58678d110f4fe35452fc5d5f97b202bac7b8acceb18c6ad?s=96&d=mm&r=g\",\"url\":\"https:\/\/secure.gravatar.com\/avatar\/b720319e4c9a967eb58678d110f4fe35452fc5d5f97b202bac7b8acceb18c6ad?s=96&d=mm&r=g\",\"contentUrl\":\"https:\/\/secure.gravatar.com\/avatar\/b720319e4c9a967eb58678d110f4fe35452fc5d5f97b202bac7b8acceb18c6ad?s=96&d=mm&r=g\",\"caption\":\"Coordena\u00e7\u00e3o\"},\"sameAs\":[\"https:\/\/www.facebook.com\/EstrategiaConcursos\",\"https:\/\/x.com\/EstratConcursos\"],\"url\":\"https:\/\/www.estrategiaconcursos.com.br\/blog\/author\/estrategia2013\/\"}]}<\/script>\n<!-- \/ Yoast SEO Premium plugin. -->","yoast_head_json":{"title":"Gabarito MP RJ: acompanhe nossa corre\u00e7\u00e3o AO VIVO","robots":{"index":"index","follow":"follow","max-snippet":"max-snippet:-1","max-image-preview":"max-image-preview:large","max-video-preview":"max-video-preview:-1"},"canonical":"https:\/\/www.estrategiaconcursos.com.br\/blog\/gabarito-mp-rj\/","og_locale":"pt_BR","og_type":"article","og_title":"Gabarito MP RJ: acompanhe nossa corre\u00e7\u00e3o AO VIVO","og_description":"Acompanhe o gabarito extraoficial dos cargos de Analista Administrativo e T\u00e9cnico Administrativo disponibilizado pelo Estrat\u00e9gia Concursos no final deste artigo. Vale lembrar que concurso MP RJ realiza neste domingo 24 de novembro as provas para os cargos de Analista e T\u00e9cnico do MP &#8211; \u00e1rea administrativa que ser\u00e3o aplicadas nas cidades de Cabo Frio, Campos [&hellip;]","og_url":"https:\/\/www.estrategiaconcursos.com.br\/blog\/gabarito-mp-rj\/","og_site_name":"Estrat\u00e9gia Concursos","article_author":"https:\/\/www.facebook.com\/EstrategiaConcursos","article_published_time":"2019-11-25T10:00:53+00:00","article_modified_time":"2023-03-24T18:50:18+00:00","og_image":[{"width":1200,"height":675,"url":"https:\/\/dhg1h5j42swfq.cloudfront.net\/2019\/11\/24100102\/YTB_PGM-RJ.jpg","type":"image\/jpeg"}],"author":"Coordena\u00e7\u00e3o","twitter_card":"summary_large_image","twitter_creator":"@EstratConcursos","twitter_site":"@EstratConcursos","twitter_misc":{"Escrito por":"Coordena\u00e7\u00e3o","Est. tempo de leitura":"21 minutos"},"schema":{"@context":"https:\/\/schema.org","@graph":[{"@type":"NewsArticle","@id":"https:\/\/www.estrategiaconcursos.com.br\/blog\/gabarito-mp-rj\/#article","isPartOf":{"@id":"https:\/\/www.estrategiaconcursos.com.br\/blog\/gabarito-mp-rj\/"},"author":{"name":"Coordena\u00e7\u00e3o","@id":"https:\/\/www.estrategiaconcursos.com.br\/blog\/#\/schema\/person\/b4a388c97673c5f483d72185668afa1f"},"headline":"Gabarito MP RJ: acompanhe nossa corre\u00e7\u00e3o AO VIVO","datePublished":"2019-11-25T10:00:53+00:00","dateModified":"2023-03-24T18:50:18+00:00","mainEntityOfPage":{"@id":"https:\/\/www.estrategiaconcursos.com.br\/blog\/gabarito-mp-rj\/"},"wordCount":4191,"commentCount":0,"publisher":{"@id":"https:\/\/www.estrategiaconcursos.com.br\/blog\/#organization"},"image":{"@id":"https:\/\/www.estrategiaconcursos.com.br\/blog\/gabarito-mp-rj\/#primaryimage"},"thumbnailUrl":"https:\/\/dhg1h5j42swfq.cloudfront.net\/2019\/11\/24100102\/YTB_PGM-RJ.jpg","articleSection":["Concursos P\u00fablicos"],"inLanguage":"pt-BR","potentialAction":[{"@type":"CommentAction","name":"Comment","target":["https:\/\/www.estrategiaconcursos.com.br\/blog\/gabarito-mp-rj\/#respond"]}],"copyrightYear":"2019","copyrightHolder":{"@id":"https:\/\/www.estrategiaconcursos.com.br\/blog\/#organization"}},{"@type":"WebPage","@id":"https:\/\/www.estrategiaconcursos.com.br\/blog\/gabarito-mp-rj\/","url":"https:\/\/www.estrategiaconcursos.com.br\/blog\/gabarito-mp-rj\/","name":"Gabarito MP RJ: acompanhe nossa corre\u00e7\u00e3o AO VIVO","isPartOf":{"@id":"https:\/\/www.estrategiaconcursos.com.br\/blog\/#website"},"primaryImageOfPage":{"@id":"https:\/\/www.estrategiaconcursos.com.br\/blog\/gabarito-mp-rj\/#primaryimage"},"image":{"@id":"https:\/\/www.estrategiaconcursos.com.br\/blog\/gabarito-mp-rj\/#primaryimage"},"thumbnailUrl":"https:\/\/dhg1h5j42swfq.cloudfront.net\/2019\/11\/24100102\/YTB_PGM-RJ.jpg","datePublished":"2019-11-25T10:00:53+00:00","dateModified":"2023-03-24T18:50:18+00:00","breadcrumb":{"@id":"https:\/\/www.estrategiaconcursos.com.br\/blog\/gabarito-mp-rj\/#breadcrumb"},"inLanguage":"pt-BR","potentialAction":[{"@type":"ReadAction","target":["https:\/\/www.estrategiaconcursos.com.br\/blog\/gabarito-mp-rj\/"]}]},{"@type":"ImageObject","inLanguage":"pt-BR","@id":"https:\/\/www.estrategiaconcursos.com.br\/blog\/gabarito-mp-rj\/#primaryimage","url":"https:\/\/dhg1h5j42swfq.cloudfront.net\/2019\/11\/24100102\/YTB_PGM-RJ.jpg","contentUrl":"https:\/\/dhg1h5j42swfq.cloudfront.net\/2019\/11\/24100102\/YTB_PGM-RJ.jpg","width":1200,"height":675},{"@type":"BreadcrumbList","@id":"https:\/\/www.estrategiaconcursos.com.br\/blog\/gabarito-mp-rj\/#breadcrumb","itemListElement":[{"@type":"ListItem","position":1,"name":"In\u00edcio","item":"https:\/\/www.estrategiaconcursos.com.br\/blog\/"},{"@type":"ListItem","position":2,"name":"Gabarito MP RJ: acompanhe nossa corre\u00e7\u00e3o AO VIVO"}]},{"@type":"WebSite","@id":"https:\/\/www.estrategiaconcursos.com.br\/blog\/#website","url":"https:\/\/www.estrategiaconcursos.com.br\/blog\/","name":"Estrat\u00e9gia Concursos","description":"O blog da Estrat\u00e9gia Concursos traz not\u00edcias sobre concursos e artigos de professores oferecendo cursos para concursos (pdf + videaulas) no site.","publisher":{"@id":"https:\/\/www.estrategiaconcursos.com.br\/blog\/#organization"},"potentialAction":[{"@type":"SearchAction","target":{"@type":"EntryPoint","urlTemplate":"https:\/\/www.estrategiaconcursos.com.br\/blog\/?s={search_term_string}"},"query-input":{"@type":"PropertyValueSpecification","valueRequired":true,"valueName":"search_term_string"}}],"inLanguage":"pt-BR"},{"@type":"Organization","@id":"https:\/\/www.estrategiaconcursos.com.br\/blog\/#organization","name":"Estrat\u00e9gia Concursos","url":"https:\/\/www.estrategiaconcursos.com.br\/blog\/","logo":{"@type":"ImageObject","inLanguage":"pt-BR","@id":"https:\/\/www.estrategiaconcursos.com.br\/blog\/#\/schema\/logo\/image\/","url":"https:\/\/dhg1h5j42swfq.cloudfront.net\/2025\/06\/03203428\/logo_concursos-1.jpg","contentUrl":"https:\/\/dhg1h5j42swfq.cloudfront.net\/2025\/06\/03203428\/logo_concursos-1.jpg","width":230,"height":60,"caption":"Estrat\u00e9gia Concursos"},"image":{"@id":"https:\/\/www.estrategiaconcursos.com.br\/blog\/#\/schema\/logo\/image\/"},"sameAs":["https:\/\/x.com\/EstratConcursos"]},{"@type":"Person","@id":"https:\/\/www.estrategiaconcursos.com.br\/blog\/#\/schema\/person\/b4a388c97673c5f483d72185668afa1f","name":"Coordena\u00e7\u00e3o","image":{"@type":"ImageObject","inLanguage":"pt-BR","@id":"https:\/\/secure.gravatar.com\/avatar\/b720319e4c9a967eb58678d110f4fe35452fc5d5f97b202bac7b8acceb18c6ad?s=96&d=mm&r=g","url":"https:\/\/secure.gravatar.com\/avatar\/b720319e4c9a967eb58678d110f4fe35452fc5d5f97b202bac7b8acceb18c6ad?s=96&d=mm&r=g","contentUrl":"https:\/\/secure.gravatar.com\/avatar\/b720319e4c9a967eb58678d110f4fe35452fc5d5f97b202bac7b8acceb18c6ad?s=96&d=mm&r=g","caption":"Coordena\u00e7\u00e3o"},"sameAs":["https:\/\/www.facebook.com\/EstrategiaConcursos","https:\/\/x.com\/EstratConcursos"],"url":"https:\/\/www.estrategiaconcursos.com.br\/blog\/author\/estrategia2013\/"}]}},"_links":{"self":[{"href":"https:\/\/www.estrategiaconcursos.com.br\/blog\/wp-json\/wp\/v2\/posts\/450462","targetHints":{"allow":["GET"]}}],"collection":[{"href":"https:\/\/www.estrategiaconcursos.com.br\/blog\/wp-json\/wp\/v2\/posts"}],"about":[{"href":"https:\/\/www.estrategiaconcursos.com.br\/blog\/wp-json\/wp\/v2\/types\/post"}],"author":[{"embeddable":true,"href":"https:\/\/www.estrategiaconcursos.com.br\/blog\/wp-json\/wp\/v2\/users\/1"}],"replies":[{"embeddable":true,"href":"https:\/\/www.estrategiaconcursos.com.br\/blog\/wp-json\/wp\/v2\/comments?post=450462"}],"version-history":[{"count":61,"href":"https:\/\/www.estrategiaconcursos.com.br\/blog\/wp-json\/wp\/v2\/posts\/450462\/revisions"}],"predecessor-version":[{"id":1191772,"href":"https:\/\/www.estrategiaconcursos.com.br\/blog\/wp-json\/wp\/v2\/posts\/450462\/revisions\/1191772"}],"wp:featuredmedia":[{"embeddable":true,"href":"https:\/\/www.estrategiaconcursos.com.br\/blog\/wp-json\/wp\/v2\/media\/450796"}],"wp:attachment":[{"href":"https:\/\/www.estrategiaconcursos.com.br\/blog\/wp-json\/wp\/v2\/media?parent=450462"}],"wp:term":[{"taxonomy":"category","embeddable":true,"href":"https:\/\/www.estrategiaconcursos.com.br\/blog\/wp-json\/wp\/v2\/categories?post=450462"},{"taxonomy":"post_tag","embeddable":true,"href":"https:\/\/www.estrategiaconcursos.com.br\/blog\/wp-json\/wp\/v2\/tags?post=450462"},{"taxonomy":"tax_estado","embeddable":true,"href":"https:\/\/www.estrategiaconcursos.com.br\/blog\/wp-json\/wp\/v2\/tax_estado?post=450462"}],"curies":[{"name":"wp","href":"https:\/\/api.w.org\/{rel}","templated":true}]}}