{"id":450242,"date":"2019-11-22T08:25:24","date_gmt":"2019-11-22T11:25:24","guid":{"rendered":"https:\/\/blog-estrategia.mystagingwebsite.com\/blog\/?p=450242"},"modified":"2019-11-22T08:37:07","modified_gmt":"2019-11-22T11:37:07","slug":"prova-discursiva-do-concurso-pcdf-sofre-alteracoes","status":"publish","type":"post","link":"https:\/\/www.estrategiaconcursos.com.br\/blog\/prova-discursiva-do-concurso-pcdf-sofre-alteracoes\/","title":{"rendered":"Prova Discursiva do concurso PCDF sofre ALTERA\u00c7\u00d5ES"},"content":{"rendered":"\n<p class=\"wp-block-paragraph\">A <strong>prova discursiva<\/strong> do concurso da Pol\u00edcia Civil do Distrito Federal, <strong>concurso PCDF<\/strong>, para o cargo de <strong>Escriv\u00e3o<\/strong> passou por <strong>altera\u00e7\u00f5es<\/strong> relacionadas ao seu <strong>formato<\/strong>. <\/p>\n\n\n\n<p class=\"wp-block-paragraph\">Foi decidido entre a Cebraspe, banca organizadora do certame, e a PCDF que a <strong>avalia\u00e7\u00e3o<\/strong> <strong>ser\u00e1<\/strong> <strong>composta de uma reda\u00e7\u00e3o<\/strong> com at\u00e9 30 linhas com tema inerente ao conte\u00fado program\u00e1tico do concurso.<\/p>\n\n\n\n<p class=\"wp-block-paragraph\">No contrato estabelecido com a Cebraspe no dia 24 de outubro, a etapa discursiva seria composta de 3 quest\u00f5es discursivas, respondidas com no m\u00e1ximo at\u00e9 10 linhas.<\/p>\n\n\n\n<p class=\"wp-block-paragraph\">O <strong>concurso da PCDF <\/strong>para <strong>Escriv\u00e3o<\/strong> ofertar\u00e1 <strong>300 vagas<\/strong> e o e<strong>dital<\/strong> ser\u00e1 publicado em <strong>dezembro<\/strong>, data confirmada pelo secret\u00e1rio de seguran\u00e7a Anderson Torres.<\/p>\n\n\n\n<p class=\"wp-block-paragraph\">J\u00e1 o <strong>edital <\/strong>para <strong>Agente de Pol\u00edcia<\/strong> tamb\u00e9m comentado por pelo secret\u00e1rio no evento solene de reajuste salarial para policiais e bombeiros, ser\u00e1 lan\u00e7ado em<strong> janeiro de 2020<\/strong>.  Ser\u00e3o <strong>600 vagas<\/strong> imediatas e <strong>1.200 vagas de cadastro reserva<\/strong>. <\/p>\n\n\n\n<p class=\"wp-block-paragraph\">Confira a re-ratifica\u00e7\u00e3o da prova discursiva.<\/p>\n\n\n\n<div class=\"wp-block-image\"><figure class=\"aligncenter\"><img decoding=\"async\" src=\"https:\/\/dhg1h5j42swfq.cloudfront.net\/2019\/11\/22083223\/concurso-PCDF-altera%C3%A7%C3%A3o-prova-discursiva.png\" alt=\"concurso PCDF altera\u00e7\u00e3o prova discursiva\" class=\"wp-image-450252\"\/><figcaption>A prova discursiva do concurso PCDF foi alterada. A avalia\u00e7\u00e3o ser\u00e1 composta por uma reda\u00e7\u00e3o.<\/figcaption><\/figure><\/div>\n\n\n\n<p class=\"has-background has-very-light-gray-background-color wp-block-paragraph\">Preparamos um <strong>artigo com todas as informa\u00e7\u00f5es<\/strong> que voc\u00ea precisa: remunera\u00e7\u00e3o, etapas, concorr\u00eancia e muitos mais. N\u00e3o deixe de conferir!<\/p>\n\n\n\n<p style=\"font-size:27px;text-align:center\" class=\"has-background has-luminous-vivid-amber-background-color wp-block-paragraph\"><strong>Mais informa\u00e7\u00f5es<\/strong>: <strong><a rel=\"noreferrer noopener\" aria-label=\"Concurso PCDF (abre numa nova aba)\" href=\"https:\/\/www.estrategiaconcursos.com.br\/blog\/concurso-pcdf\/\" target=\"_blank\">Concurso PCDF<\/a><\/strong><\/p>\n\n\n\n<p class=\"wp-block-paragraph\" style=\"font-size:25px;text-align:center\"><strong><em>Quer estudar para Concurso PCDF?<\/em><\/strong><\/p>\n\n\n\n<p class=\"wp-block-paragraph\" style=\"text-align:center\"><em><strong>Gostou desta oportunidade e deseja come\u00e7ar se preparar agora mesmo? Ent\u00e3o, confira os nossos cursos e comece a estudar para o concurso PC DF:<\/strong><\/em><\/p>\n\n\n\n<p style=\"font-size:25px;text-align:center\" class=\"has-background has-vivid-green-cyan-background-color wp-block-paragraph\"><span class=\"underline\" style=\"text-decoration: underline\"><a aria-label=\" (opens in a new tab)\" href=\"https:\/\/www.estrategiaconcursos.com.br\/cursosPorConcurso\/policia-civil-do-distrito-federal-pc-df\/\" target=\"_blank\" rel=\"noreferrer noopener\">CURSO PCDF<\/a><\/span><\/p>\n\n\n\n<p class=\"wp-block-paragraph\" style=\"font-size:25px;text-align:center\"><em><strong>Assinatura Anual Ilimitada*<\/strong><\/em><\/p>\n\n\n\n<p class=\"wp-block-paragraph\" style=\"text-align:center\"><em>Prepare-se com o melhor material e com quem mais aprova em Concursos P\u00fablicos em todo o pa\u00eds. Assine agora a nossa Assinatura Anual e tenha acesso ilimitado* a todos os nossos cursos.<\/em><\/p>\n\n\n\n<p style=\"font-size:25px;text-align:center\" class=\"has-background has-light-green-cyan-background-color wp-block-paragraph\"><strong>ASSINE AGORA<\/strong> &#8211; <span class=\"underline\" style=\"text-decoration: underline\"><a aria-label=\" (opens in a new tab)\" href=\"https:\/\/www.estrategiaconcursos.com.br\/blog\/assinaturas\/\" target=\"_blank\" rel=\"noreferrer noopener\">Assinatura Ilimitada<\/a><\/span><\/p>\n\n\n\n<p style=\"font-size:23px;text-align:center\" class=\"has-background has-pale-cyan-blue-background-color wp-block-paragraph\"><strong><a href=\"https:\/\/www.estrategiaconcursos.com.br\/blog\/concursos-abertos\/\">CONCURSOS ABERTOS<\/a><\/strong><\/p>\n\n\n\n<p style=\"font-size:23px;text-align:center\" class=\"has-background has-pale-cyan-blue-background-color wp-block-paragraph\"><a href=\"https:\/\/www.estrategiaconcursos.com.br\/blog\/concursos-2019\/\"><strong>CONCURSOS 2019<\/strong><\/a><\/p>\n\n\n\n<p style=\"font-size:23px;text-align:center\" class=\"has-background has-pale-cyan-blue-background-color wp-block-paragraph\"><a href=\"https:\/\/www.estrategiaconcursos.com.br\/blog\/concursos-2020\/\"><strong>CONCURSOS<\/strong><\/a><strong><a href=\"https:\/\/www.estrategiaconcursos.com.br\/blog\/concursos-2020\/\">&nbsp;2020<\/a><\/strong><\/p>\n","protected":false},"excerpt":{"rendered":"<p>A prova discursiva do concurso da Pol\u00edcia Civil do Distrito Federal, concurso PCDF, para o cargo de Escriv\u00e3o passou por altera\u00e7\u00f5es relacionadas ao seu formato. Foi decidido entre a Cebraspe, banca organizadora do certame, e a PCDF que a avalia\u00e7\u00e3o ser\u00e1 composta de uma reda\u00e7\u00e3o com at\u00e9 30 linhas com tema inerente ao conte\u00fado program\u00e1tico [&hellip;]<\/p>\n","protected":false},"author":552,"featured_media":166319,"comment_status":"open","ping_status":"closed","sticky":false,"template":"","format":"standard","meta":{"_acf_changed":false,"post_tipo":"article","footnotes":""},"categories":[1],"tags":[],"tax_estado":[],"class_list":["post-450242","post","type-post","status-publish","format-standard","has-post-thumbnail","hentry","category-cursos-e-concursos"],"acf":[],"yoast_head":"<!-- This site is optimized with the Yoast SEO Premium plugin v28.1 (Yoast SEO v28.1) - https:\/\/yoast.com\/product\/yoast-seo-premium-wordpress\/ -->\n<title>Prova Discursiva do concurso PCDF sofre ALTERA\u00c7\u00d5ES<\/title>\n<meta name=\"robots\" content=\"index, follow, max-snippet:-1, max-image-preview:large, max-video-preview:-1\" \/>\n<link rel=\"canonical\" href=\"https:\/\/www.estrategiaconcursos.com.br\/blog\/prova-discursiva-do-concurso-pcdf-sofre-alteracoes\/\" \/>\n<meta property=\"og:locale\" content=\"pt_BR\" \/>\n<meta property=\"og:type\" content=\"article\" \/>\n<meta property=\"og:title\" content=\"Prova Discursiva do concurso PCDF sofre ALTERA\u00c7\u00d5ES\" \/>\n<meta property=\"og:description\" content=\"A prova discursiva do concurso da Pol\u00edcia Civil do Distrito Federal, concurso PCDF, para o cargo de Escriv\u00e3o passou por altera\u00e7\u00f5es relacionadas ao seu formato. Foi decidido entre a Cebraspe, banca organizadora do certame, e a PCDF que a avalia\u00e7\u00e3o ser\u00e1 composta de uma reda\u00e7\u00e3o com at\u00e9 30 linhas com tema inerente ao conte\u00fado program\u00e1tico [&hellip;]\" \/>\n<meta property=\"og:url\" content=\"https:\/\/www.estrategiaconcursos.com.br\/blog\/prova-discursiva-do-concurso-pcdf-sofre-alteracoes\/\" \/>\n<meta property=\"og:site_name\" content=\"Estrat\u00e9gia Concursos\" \/>\n<meta property=\"article:published_time\" content=\"2019-11-22T11:25:24+00:00\" \/>\n<meta property=\"article:modified_time\" content=\"2019-11-22T11:37:07+00:00\" \/>\n<meta property=\"og:image\" content=\"https:\/\/dhg1h5j42swfq.cloudfront.net\/2019\/02\/15161407\/PCDF_NOME.jpg\" \/>\n\t<meta property=\"og:image:width\" content=\"1200\" \/>\n\t<meta property=\"og:image:height\" content=\"628\" \/>\n\t<meta property=\"og:image:type\" content=\"image\/jpeg\" \/>\n<meta name=\"author\" content=\"Paulo Bilynskyj\" \/>\n<meta name=\"twitter:card\" content=\"summary_large_image\" \/>\n<meta name=\"twitter:creator\" content=\"@EstratConcursos\" \/>\n<meta name=\"twitter:site\" content=\"@EstratConcursos\" \/>\n<meta name=\"twitter:label1\" content=\"Escrito por\" \/>\n\t<meta name=\"twitter:data1\" content=\"Paulo Bilynskyj\" \/>\n\t<meta name=\"twitter:label2\" content=\"Est. tempo de leitura\" \/>\n\t<meta name=\"twitter:data2\" content=\"1 minuto\" \/>\n<script type=\"application\/ld+json\" class=\"yoast-schema-graph\">{\"@context\":\"https:\\\/\\\/schema.org\",\"@graph\":[{\"@type\":\"NewsArticle\",\"@id\":\"https:\\\/\\\/www.estrategiaconcursos.com.br\\\/blog\\\/prova-discursiva-do-concurso-pcdf-sofre-alteracoes\\\/#article\",\"isPartOf\":{\"@id\":\"https:\\\/\\\/www.estrategiaconcursos.com.br\\\/blog\\\/prova-discursiva-do-concurso-pcdf-sofre-alteracoes\\\/\"},\"author\":{\"name\":\"Paulo Bilynskyj\",\"@id\":\"https:\\\/\\\/blog-estrategia.mystagingwebsite.com\\\/#\\\/schema\\\/person\\\/a630b15e36f45b4c21fed01219843cb5\"},\"headline\":\"Prova Discursiva do concurso PCDF sofre ALTERA\u00c7\u00d5ES\",\"datePublished\":\"2019-11-22T11:25:24+00:00\",\"dateModified\":\"2019-11-22T11:37:07+00:00\",\"mainEntityOfPage\":{\"@id\":\"https:\\\/\\\/www.estrategiaconcursos.com.br\\\/blog\\\/prova-discursiva-do-concurso-pcdf-sofre-alteracoes\\\/\"},\"wordCount\":296,\"commentCount\":0,\"publisher\":{\"@id\":\"https:\\\/\\\/blog-estrategia.mystagingwebsite.com\\\/#organization\"},\"image\":{\"@id\":\"https:\\\/\\\/www.estrategiaconcursos.com.br\\\/blog\\\/prova-discursiva-do-concurso-pcdf-sofre-alteracoes\\\/#primaryimage\"},\"thumbnailUrl\":\"https:\\\/\\\/dhg1h5j42swfq.cloudfront.net\\\/2019\\\/02\\\/15161407\\\/PCDF_NOME.jpg\",\"articleSection\":[\"Concursos P\u00fablicos\"],\"inLanguage\":\"pt-BR\",\"potentialAction\":[{\"@type\":\"CommentAction\",\"name\":\"Comment\",\"target\":[\"https:\\\/\\\/www.estrategiaconcursos.com.br\\\/blog\\\/prova-discursiva-do-concurso-pcdf-sofre-alteracoes\\\/#respond\"]}],\"copyrightYear\":\"2019\",\"copyrightHolder\":{\"@id\":\"https:\\\/\\\/www.estrategiaconcursos.com.br\\\/blog\\\/#organization\"}},{\"@type\":\"WebPage\",\"@id\":\"https:\\\/\\\/www.estrategiaconcursos.com.br\\\/blog\\\/prova-discursiva-do-concurso-pcdf-sofre-alteracoes\\\/\",\"url\":\"https:\\\/\\\/www.estrategiaconcursos.com.br\\\/blog\\\/prova-discursiva-do-concurso-pcdf-sofre-alteracoes\\\/\",\"name\":\"Prova Discursiva do concurso PCDF sofre ALTERA\u00c7\u00d5ES\",\"isPartOf\":{\"@id\":\"https:\\\/\\\/blog-estrategia.mystagingwebsite.com\\\/#website\"},\"primaryImageOfPage\":{\"@id\":\"https:\\\/\\\/www.estrategiaconcursos.com.br\\\/blog\\\/prova-discursiva-do-concurso-pcdf-sofre-alteracoes\\\/#primaryimage\"},\"image\":{\"@id\":\"https:\\\/\\\/www.estrategiaconcursos.com.br\\\/blog\\\/prova-discursiva-do-concurso-pcdf-sofre-alteracoes\\\/#primaryimage\"},\"thumbnailUrl\":\"https:\\\/\\\/dhg1h5j42swfq.cloudfront.net\\\/2019\\\/02\\\/15161407\\\/PCDF_NOME.jpg\",\"datePublished\":\"2019-11-22T11:25:24+00:00\",\"dateModified\":\"2019-11-22T11:37:07+00:00\",\"breadcrumb\":{\"@id\":\"https:\\\/\\\/www.estrategiaconcursos.com.br\\\/blog\\\/prova-discursiva-do-concurso-pcdf-sofre-alteracoes\\\/#breadcrumb\"},\"inLanguage\":\"pt-BR\",\"potentialAction\":[{\"@type\":\"ReadAction\",\"target\":[\"https:\\\/\\\/www.estrategiaconcursos.com.br\\\/blog\\\/prova-discursiva-do-concurso-pcdf-sofre-alteracoes\\\/\"]}]},{\"@type\":\"ImageObject\",\"inLanguage\":\"pt-BR\",\"@id\":\"https:\\\/\\\/www.estrategiaconcursos.com.br\\\/blog\\\/prova-discursiva-do-concurso-pcdf-sofre-alteracoes\\\/#primaryimage\",\"url\":\"https:\\\/\\\/dhg1h5j42swfq.cloudfront.net\\\/2019\\\/02\\\/15161407\\\/PCDF_NOME.jpg\",\"contentUrl\":\"https:\\\/\\\/dhg1h5j42swfq.cloudfront.net\\\/2019\\\/02\\\/15161407\\\/PCDF_NOME.jpg\",\"width\":1200,\"height\":628,\"caption\":\"concurso pcdf\"},{\"@type\":\"BreadcrumbList\",\"@id\":\"https:\\\/\\\/www.estrategiaconcursos.com.br\\\/blog\\\/prova-discursiva-do-concurso-pcdf-sofre-alteracoes\\\/#breadcrumb\",\"itemListElement\":[{\"@type\":\"ListItem\",\"position\":1,\"name\":\"In\u00edcio\",\"item\":\"https:\\\/\\\/blog-estrategia.mystagingwebsite.com\\\/\"},{\"@type\":\"ListItem\",\"position\":2,\"name\":\"Prova Discursiva do concurso PCDF sofre ALTERA\u00c7\u00d5ES\"}]},{\"@type\":\"WebSite\",\"@id\":\"https:\\\/\\\/blog-estrategia.mystagingwebsite.com\\\/#website\",\"url\":\"https:\\\/\\\/blog-estrategia.mystagingwebsite.com\\\/\",\"name\":\"Estrat\u00e9gia Concursos\",\"description\":\"O blog da Estrat\u00e9gia Concursos traz not\u00edcias sobre concursos e artigos de professores oferecendo cursos para concursos (pdf + videaulas) no site.\",\"publisher\":{\"@id\":\"https:\\\/\\\/blog-estrategia.mystagingwebsite.com\\\/#organization\"},\"potentialAction\":[{\"@type\":\"SearchAction\",\"target\":{\"@type\":\"EntryPoint\",\"urlTemplate\":\"https:\\\/\\\/blog-estrategia.mystagingwebsite.com\\\/?s={search_term_string}\"},\"query-input\":{\"@type\":\"PropertyValueSpecification\",\"valueRequired\":true,\"valueName\":\"search_term_string\"}}],\"inLanguage\":\"pt-BR\"},{\"@type\":\"Organization\",\"@id\":\"https:\\\/\\\/blog-estrategia.mystagingwebsite.com\\\/#organization\",\"name\":\"Estrat\u00e9gia Concursos\",\"url\":\"https:\\\/\\\/blog-estrategia.mystagingwebsite.com\\\/\",\"logo\":{\"@type\":\"ImageObject\",\"inLanguage\":\"pt-BR\",\"@id\":\"https:\\\/\\\/blog-estrategia.mystagingwebsite.com\\\/#\\\/schema\\\/logo\\\/image\\\/\",\"url\":\"https:\\\/\\\/dhg1h5j42swfq.cloudfront.net\\\/2025\\\/06\\\/03203428\\\/logo_concursos-1.jpg\",\"contentUrl\":\"https:\\\/\\\/dhg1h5j42swfq.cloudfront.net\\\/2025\\\/06\\\/03203428\\\/logo_concursos-1.jpg\",\"width\":230,\"height\":60,\"caption\":\"Estrat\u00e9gia Concursos\"},\"image\":{\"@id\":\"https:\\\/\\\/blog-estrategia.mystagingwebsite.com\\\/#\\\/schema\\\/logo\\\/image\\\/\"},\"sameAs\":[\"https:\\\/\\\/x.com\\\/EstratConcursos\"]},{\"@type\":\"Person\",\"@id\":\"https:\\\/\\\/blog-estrategia.mystagingwebsite.com\\\/#\\\/schema\\\/person\\\/a630b15e36f45b4c21fed01219843cb5\",\"name\":\"Paulo Bilynskyj\",\"image\":{\"@type\":\"ImageObject\",\"inLanguage\":\"pt-BR\",\"@id\":\"https:\\\/\\\/secure.gravatar.com\\\/avatar\\\/37e21f70c9042e7456beffdc6d31fe051f3f6dcbf252f69343a791b144852057?s=96&d=mm&r=g\",\"url\":\"https:\\\/\\\/secure.gravatar.com\\\/avatar\\\/37e21f70c9042e7456beffdc6d31fe051f3f6dcbf252f69343a791b144852057?s=96&d=mm&r=g\",\"contentUrl\":\"https:\\\/\\\/secure.gravatar.com\\\/avatar\\\/37e21f70c9042e7456beffdc6d31fe051f3f6dcbf252f69343a791b144852057?s=96&d=mm&r=g\",\"caption\":\"Paulo Bilynskyj\"},\"url\":\"https:\\\/\\\/www.estrategiaconcursos.com.br\\\/blog\\\/author\\\/pbilynskyjgmail-com\\\/\"}]}<\/script>\n<!-- \/ Yoast SEO Premium plugin. -->","yoast_head_json":{"title":"Prova Discursiva do concurso PCDF sofre ALTERA\u00c7\u00d5ES","robots":{"index":"index","follow":"follow","max-snippet":"max-snippet:-1","max-image-preview":"max-image-preview:large","max-video-preview":"max-video-preview:-1"},"canonical":"https:\/\/www.estrategiaconcursos.com.br\/blog\/prova-discursiva-do-concurso-pcdf-sofre-alteracoes\/","og_locale":"pt_BR","og_type":"article","og_title":"Prova Discursiva do concurso PCDF sofre ALTERA\u00c7\u00d5ES","og_description":"A prova discursiva do concurso da Pol\u00edcia Civil do Distrito Federal, concurso PCDF, para o cargo de Escriv\u00e3o passou por altera\u00e7\u00f5es relacionadas ao seu formato. Foi decidido entre a Cebraspe, banca organizadora do certame, e a PCDF que a avalia\u00e7\u00e3o ser\u00e1 composta de uma reda\u00e7\u00e3o com at\u00e9 30 linhas com tema inerente ao conte\u00fado program\u00e1tico [&hellip;]","og_url":"https:\/\/www.estrategiaconcursos.com.br\/blog\/prova-discursiva-do-concurso-pcdf-sofre-alteracoes\/","og_site_name":"Estrat\u00e9gia Concursos","article_published_time":"2019-11-22T11:25:24+00:00","article_modified_time":"2019-11-22T11:37:07+00:00","og_image":[{"width":1200,"height":628,"url":"https:\/\/dhg1h5j42swfq.cloudfront.net\/2019\/02\/15161407\/PCDF_NOME.jpg","type":"image\/jpeg"}],"author":"Paulo Bilynskyj","twitter_card":"summary_large_image","twitter_creator":"@EstratConcursos","twitter_site":"@EstratConcursos","twitter_misc":{"Escrito por":"Paulo Bilynskyj","Est. tempo de leitura":"1 minuto"},"schema":{"@context":"https:\/\/schema.org","@graph":[{"@type":"NewsArticle","@id":"https:\/\/www.estrategiaconcursos.com.br\/blog\/prova-discursiva-do-concurso-pcdf-sofre-alteracoes\/#article","isPartOf":{"@id":"https:\/\/www.estrategiaconcursos.com.br\/blog\/prova-discursiva-do-concurso-pcdf-sofre-alteracoes\/"},"author":{"name":"Paulo Bilynskyj","@id":"https:\/\/blog-estrategia.mystagingwebsite.com\/#\/schema\/person\/a630b15e36f45b4c21fed01219843cb5"},"headline":"Prova Discursiva do concurso PCDF sofre ALTERA\u00c7\u00d5ES","datePublished":"2019-11-22T11:25:24+00:00","dateModified":"2019-11-22T11:37:07+00:00","mainEntityOfPage":{"@id":"https:\/\/www.estrategiaconcursos.com.br\/blog\/prova-discursiva-do-concurso-pcdf-sofre-alteracoes\/"},"wordCount":296,"commentCount":0,"publisher":{"@id":"https:\/\/blog-estrategia.mystagingwebsite.com\/#organization"},"image":{"@id":"https:\/\/www.estrategiaconcursos.com.br\/blog\/prova-discursiva-do-concurso-pcdf-sofre-alteracoes\/#primaryimage"},"thumbnailUrl":"https:\/\/dhg1h5j42swfq.cloudfront.net\/2019\/02\/15161407\/PCDF_NOME.jpg","articleSection":["Concursos P\u00fablicos"],"inLanguage":"pt-BR","potentialAction":[{"@type":"CommentAction","name":"Comment","target":["https:\/\/www.estrategiaconcursos.com.br\/blog\/prova-discursiva-do-concurso-pcdf-sofre-alteracoes\/#respond"]}],"copyrightYear":"2019","copyrightHolder":{"@id":"https:\/\/www.estrategiaconcursos.com.br\/blog\/#organization"}},{"@type":"WebPage","@id":"https:\/\/www.estrategiaconcursos.com.br\/blog\/prova-discursiva-do-concurso-pcdf-sofre-alteracoes\/","url":"https:\/\/www.estrategiaconcursos.com.br\/blog\/prova-discursiva-do-concurso-pcdf-sofre-alteracoes\/","name":"Prova Discursiva do concurso PCDF sofre ALTERA\u00c7\u00d5ES","isPartOf":{"@id":"https:\/\/blog-estrategia.mystagingwebsite.com\/#website"},"primaryImageOfPage":{"@id":"https:\/\/www.estrategiaconcursos.com.br\/blog\/prova-discursiva-do-concurso-pcdf-sofre-alteracoes\/#primaryimage"},"image":{"@id":"https:\/\/www.estrategiaconcursos.com.br\/blog\/prova-discursiva-do-concurso-pcdf-sofre-alteracoes\/#primaryimage"},"thumbnailUrl":"https:\/\/dhg1h5j42swfq.cloudfront.net\/2019\/02\/15161407\/PCDF_NOME.jpg","datePublished":"2019-11-22T11:25:24+00:00","dateModified":"2019-11-22T11:37:07+00:00","breadcrumb":{"@id":"https:\/\/www.estrategiaconcursos.com.br\/blog\/prova-discursiva-do-concurso-pcdf-sofre-alteracoes\/#breadcrumb"},"inLanguage":"pt-BR","potentialAction":[{"@type":"ReadAction","target":["https:\/\/www.estrategiaconcursos.com.br\/blog\/prova-discursiva-do-concurso-pcdf-sofre-alteracoes\/"]}]},{"@type":"ImageObject","inLanguage":"pt-BR","@id":"https:\/\/www.estrategiaconcursos.com.br\/blog\/prova-discursiva-do-concurso-pcdf-sofre-alteracoes\/#primaryimage","url":"https:\/\/dhg1h5j42swfq.cloudfront.net\/2019\/02\/15161407\/PCDF_NOME.jpg","contentUrl":"https:\/\/dhg1h5j42swfq.cloudfront.net\/2019\/02\/15161407\/PCDF_NOME.jpg","width":1200,"height":628,"caption":"concurso pcdf"},{"@type":"BreadcrumbList","@id":"https:\/\/www.estrategiaconcursos.com.br\/blog\/prova-discursiva-do-concurso-pcdf-sofre-alteracoes\/#breadcrumb","itemListElement":[{"@type":"ListItem","position":1,"name":"In\u00edcio","item":"https:\/\/blog-estrategia.mystagingwebsite.com\/"},{"@type":"ListItem","position":2,"name":"Prova Discursiva do concurso PCDF sofre ALTERA\u00c7\u00d5ES"}]},{"@type":"WebSite","@id":"https:\/\/blog-estrategia.mystagingwebsite.com\/#website","url":"https:\/\/blog-estrategia.mystagingwebsite.com\/","name":"Estrat\u00e9gia Concursos","description":"O blog da Estrat\u00e9gia Concursos traz not\u00edcias sobre concursos e artigos de professores oferecendo cursos para concursos (pdf + videaulas) no site.","publisher":{"@id":"https:\/\/blog-estrategia.mystagingwebsite.com\/#organization"},"potentialAction":[{"@type":"SearchAction","target":{"@type":"EntryPoint","urlTemplate":"https:\/\/blog-estrategia.mystagingwebsite.com\/?s={search_term_string}"},"query-input":{"@type":"PropertyValueSpecification","valueRequired":true,"valueName":"search_term_string"}}],"inLanguage":"pt-BR"},{"@type":"Organization","@id":"https:\/\/blog-estrategia.mystagingwebsite.com\/#organization","name":"Estrat\u00e9gia Concursos","url":"https:\/\/blog-estrategia.mystagingwebsite.com\/","logo":{"@type":"ImageObject","inLanguage":"pt-BR","@id":"https:\/\/blog-estrategia.mystagingwebsite.com\/#\/schema\/logo\/image\/","url":"https:\/\/dhg1h5j42swfq.cloudfront.net\/2025\/06\/03203428\/logo_concursos-1.jpg","contentUrl":"https:\/\/dhg1h5j42swfq.cloudfront.net\/2025\/06\/03203428\/logo_concursos-1.jpg","width":230,"height":60,"caption":"Estrat\u00e9gia Concursos"},"image":{"@id":"https:\/\/blog-estrategia.mystagingwebsite.com\/#\/schema\/logo\/image\/"},"sameAs":["https:\/\/x.com\/EstratConcursos"]},{"@type":"Person","@id":"https:\/\/blog-estrategia.mystagingwebsite.com\/#\/schema\/person\/a630b15e36f45b4c21fed01219843cb5","name":"Paulo Bilynskyj","image":{"@type":"ImageObject","inLanguage":"pt-BR","@id":"https:\/\/secure.gravatar.com\/avatar\/37e21f70c9042e7456beffdc6d31fe051f3f6dcbf252f69343a791b144852057?s=96&d=mm&r=g","url":"https:\/\/secure.gravatar.com\/avatar\/37e21f70c9042e7456beffdc6d31fe051f3f6dcbf252f69343a791b144852057?s=96&d=mm&r=g","contentUrl":"https:\/\/secure.gravatar.com\/avatar\/37e21f70c9042e7456beffdc6d31fe051f3f6dcbf252f69343a791b144852057?s=96&d=mm&r=g","caption":"Paulo Bilynskyj"},"url":"https:\/\/www.estrategiaconcursos.com.br\/blog\/author\/pbilynskyjgmail-com\/"}]}},"_links":{"self":[{"href":"https:\/\/www.estrategiaconcursos.com.br\/blog\/wp-json\/wp\/v2\/posts\/450242","targetHints":{"allow":["GET"]}}],"collection":[{"href":"https:\/\/www.estrategiaconcursos.com.br\/blog\/wp-json\/wp\/v2\/posts"}],"about":[{"href":"https:\/\/www.estrategiaconcursos.com.br\/blog\/wp-json\/wp\/v2\/types\/post"}],"author":[{"embeddable":true,"href":"https:\/\/www.estrategiaconcursos.com.br\/blog\/wp-json\/wp\/v2\/users\/552"}],"replies":[{"embeddable":true,"href":"https:\/\/www.estrategiaconcursos.com.br\/blog\/wp-json\/wp\/v2\/comments?post=450242"}],"version-history":[{"count":0,"href":"https:\/\/www.estrategiaconcursos.com.br\/blog\/wp-json\/wp\/v2\/posts\/450242\/revisions"}],"wp:featuredmedia":[{"embeddable":true,"href":"https:\/\/www.estrategiaconcursos.com.br\/blog\/wp-json\/wp\/v2\/media\/166319"}],"wp:attachment":[{"href":"https:\/\/www.estrategiaconcursos.com.br\/blog\/wp-json\/wp\/v2\/media?parent=450242"}],"wp:term":[{"taxonomy":"category","embeddable":true,"href":"https:\/\/www.estrategiaconcursos.com.br\/blog\/wp-json\/wp\/v2\/categories?post=450242"},{"taxonomy":"post_tag","embeddable":true,"href":"https:\/\/www.estrategiaconcursos.com.br\/blog\/wp-json\/wp\/v2\/tags?post=450242"},{"taxonomy":"tax_estado","embeddable":true,"href":"https:\/\/www.estrategiaconcursos.com.br\/blog\/wp-json\/wp\/v2\/tax_estado?post=450242"}],"curies":[{"name":"wp","href":"https:\/\/api.w.org\/{rel}","templated":true}]}}