{"id":450034,"date":"2019-11-23T07:15:50","date_gmt":"2019-11-23T10:15:50","guid":{"rendered":"https:\/\/www.estrategiaconcursos.com.br\/blog\/?p=450034"},"modified":"2023-01-09T18:10:44","modified_gmt":"2023-01-09T21:10:44","slug":"mp-ce-promotor-questoes-cespe-comentadas","status":"publish","type":"post","link":"https:\/\/www.estrategiaconcursos.com.br\/blog\/mp-ce-promotor-questoes-cespe-comentadas\/","title":{"rendered":"MP CE Promotor: Evento exclusivo s\u00f3 de quest\u00f5es CESPE comentadas"},"content":{"rendered":"\n<p>Em sess\u00e3o realizada na \u00faltima ter\u00e7a-feira, <strong>19 de novembro,<\/strong> o&nbsp;<strong>Conselho Superior<\/strong>&nbsp;<strong>do Minist\u00e9rio P\u00fablico do Cear\u00e1<\/strong>&nbsp;aprovou a&nbsp;<strong>minuta do edital<\/strong>&nbsp;de seu novo concurso p\u00fablico para&nbsp;<strong>Promotor de Justi\u00e7a<\/strong>. <\/p>\n\n\n\n<p>A minuta segue agora para o&nbsp;<strong>Cebraspe\/Cespe<\/strong>, banca organizadora do certame, que deve definir a data da publica\u00e7\u00e3o do edital, a ser lan\u00e7ado&nbsp;<strong>em breve<\/strong>, bem como o cronograma do concurso.<\/p>\n\n\n\n<p>O certame foi autorizado ainda em 2018 e prev\u00ea o provimento de&nbsp;<strong>44 vagas imediatas<\/strong>&nbsp;para Promotor de Justi\u00e7a Substituto. O valor da taxa de inscri\u00e7\u00e3o j\u00e1 foi divulgado e ser\u00e1 de <strong>R$ 280,00.<\/strong><\/p>\n\n\n\n<p>Para ajudar na organiza\u00e7\u00e3o dos estudos e revis\u00f5es daqueles que se preparam pra esse certame, o Estrat\u00e9gia Concursos preparou um evento exclusivo para esse <em><strong>s\u00e1bado<\/strong><\/em>, <em><strong>23 de novembro<\/strong><\/em>, s\u00f3 tratando de coment\u00e1rios \u00e0 \u00faltima prova CESPE. <\/p>\n\n\n\n<p>A transmiss\u00e3o ser\u00e1 <em><strong>ao vivo e gratuita<\/strong><\/em> e ocorrer\u00e1 pelo canal do Estrat\u00e9gia no Youtube a partir das <strong><em>08h30<\/em><\/strong> e ir\u00e1 at\u00e9 o fim do dia. Confira abaixo a programa\u00e7\u00e3o: <\/p>\n\n\n\n<p>&#8211; <strong>Direito Constitucional &#8211; <\/strong>Prof.\u00ba Felipo Luz <br \/>&#8211; <strong>Direito Eleitoral<\/strong>&nbsp; &#8211; Prof.\u00ba Ricardo Torques <br \/>&#8211;<strong> Direito Penal &#8211; <\/strong>Prof.\u00ba Michael Proc\u00f3pio <br \/>&#8211; <strong>Direito Processual Penal<\/strong> &#8211; Prof.\u00ba Leonardo Tavares<br \/>&#8211; <strong>Direito Civil &#8211; <\/strong>Prof.\u00ba Paulo Sousa<br \/>&#8211; <strong>Direito Processual Civil&nbsp; <\/strong>&#8211; Prof.\u00ba Rodrigo Vaslin <br \/>&#8211; <strong>Direito da Inf\u00e2ncia e Juventude &#8211; <\/strong>Prof.\u00ba Ricardo Torques <br \/>&#8211; <strong>Direito do Consumidor <\/strong>&#8211; Prof.\u00ba Igor Maciel <br \/>&#8211; <strong>Direito Administrativo &#8211; <\/strong>Prof.\u00ba Wagner Dam\u00e1zio <br \/>&#8211; <strong>Direito Ambienta<\/strong>l &#8211; Prof.\u00ba Thiago Leite<br \/>&#8211; <strong>Direito Financeiro e Tribut\u00e1rio <\/strong>&#8211; Prof.\u00ba Nat\u00e1lia Riche <br \/>&#8211; <strong>Direito Material Coletivo (difusos, coletivos e individuais homog\u00eaneos) <\/strong>&#8211; Prof.\u00ba Vanderlei Garcia Jr. <br \/>&#8211; <strong>Direito Processual Coletivo &#8211; <\/strong>Prof.\u00ba Vanderlei<strong> <\/strong>Garcia Jr. <br \/>&#8211; <strong>Legisla\u00e7\u00e3o do Minist\u00e9rio P\u00fablico<\/strong> &#8211; Prof.\u00ba Igor Maciel<br \/>&#8211; <strong>No\u00e7\u00f5es Gerais de Direito e Forma\u00e7\u00e3o Human\u00edstica&nbsp;&#8211; <\/strong>Prof.\u00ba Jean Vilbert  <\/p>\n\n\n\n<p>N\u00e3o fique de fora dessa! <\/p>\n\n\n\n<h2 class=\"has-text-align-center wp-block-heading\" id=\"cursos-concurso-mpmg\">Quer se preparar para o pr\u00f3ximo concurso MP CE Promotor?<\/h2>\n\n\n\n<p class=\"has-text-align-center\"><em>Gostou dessa oportunidade e deseja se preparar para o concurso MP CE? Acesse e confira nosso curso abaixo:<\/em><\/p>\n\n\n\n<p class=\"has-text-align-center has-light-green-cyan-background-color has-background\" style=\"font-size:clamp(16.293px, 1.018rem + ((1vw - 3.2px) * 0.854), 25px);px\"><a href=\"https:\/\/www.estrategiaconcursos.com.br\/cursosPorConcurso\/ministerio-publico-do-estado-do-ceara-mp-ce-promotor\/\"><strong>CURSO MP CE PROMOTOR<\/strong><\/a><\/p>\n\n\n\n<p class=\"has-text-align-center has-very-light-gray-background-color has-background\" style=\"font-size:clamp(14.642px, 0.915rem + ((1vw - 3.2px) * 0.721), 22px);px\"><strong><em>Mais informa\u00e7\u00f5es:&nbsp;<\/em><\/strong><a href=\"https:\/\/www.estrategiaconcursos.com.br\/blog\/concurso-mp-ce-promotor\/\"><strong><em>concurso MP CE Promotor<\/em><\/strong><\/a><\/p>\n\n\n\n<p class=\"has-text-align-center has-luminous-vivid-amber-background-color has-background\" style=\"font-size:clamp(14.642px, 0.915rem + ((1vw - 3.2px) * 0.721), 22px);px\"><strong><a href=\"https:\/\/www.estrategiaconcursos.com.br\/gratis\/melhor-black-friday\/\" target=\"_blank\" rel=\"noreferrer noopener\">PROMO\u00c7\u00c3O: \u00c9 MELHOR QUE BLACK FRIDAY!<\/a><\/strong><\/p>\n\n\n\n<p class=\"has-text-align-center\"><em><strong>Fique por dentro de todos os concursos<\/strong><\/em>:<\/p>\n\n\n\n<p class=\"has-text-align-center has-pale-cyan-blue-background-color has-background\" style=\"font-size:clamp(16.293px, 1.018rem + ((1vw - 3.2px) * 0.854), 25px);px\"><strong><a href=\"https:\/\/www.estrategiaconcursos.com.br\/blog\/concursos-abertos\/\" target=\"_blank\" rel=\"noreferrer noopener\">Concursos abertos<\/a><\/strong><\/p>\n\n\n\n<p class=\"has-text-align-center has-pale-cyan-blue-background-color has-background\" style=\"font-size:clamp(16.293px, 1.018rem + ((1vw - 3.2px) * 0.854), 25px);px\"><strong><a href=\"https:\/\/www.estrategiaconcursos.com.br\/blog\/concursos-2019\/\" target=\"_blank\" rel=\"noreferrer noopener\">Concursos 2019<\/a><\/strong><\/p>\n\n\n\n<p class=\"has-text-align-center has-pale-cyan-blue-background-color has-background\" style=\"font-size:clamp(16.293px, 1.018rem + ((1vw - 3.2px) * 0.854), 25px);px\"><a rel=\"noreferrer noopener\" href=\"https:\/\/www.estrategiaconcursos.com.br\/blog\/concursos-2020\/\" target=\"_blank\"><strong>Concursos 2020<\/strong><\/a><\/p>\n\n\n\n<p class=\"has-text-align-center has-light-green-cyan-background-color has-background\" style=\"font-size:clamp(16.293px, 1.018rem + ((1vw - 3.2px) * 0.854), 25px);px\"><strong><a href=\"https:\/\/www.estrategiaconcursos.com.br\/blog\/concursos-de-direito\/\" target=\"_blank\" rel=\"noreferrer noopener\">Concursos de Direito<\/a><\/strong><\/p>\n","protected":false},"excerpt":{"rendered":"<p>Em sess\u00e3o realizada na \u00faltima ter\u00e7a-feira, 19 de novembro, o&nbsp;Conselho Superior&nbsp;do Minist\u00e9rio P\u00fablico do Cear\u00e1&nbsp;aprovou a&nbsp;minuta do edital&nbsp;de seu novo concurso p\u00fablico para&nbsp;Promotor de Justi\u00e7a. A minuta segue agora para o&nbsp;Cebraspe\/Cespe, banca organizadora do certame, que deve definir a data da publica\u00e7\u00e3o do edital, a ser lan\u00e7ado&nbsp;em breve, bem como o cronograma do concurso. O [&hellip;]<\/p>\n","protected":false},"author":180,"featured_media":113574,"comment_status":"open","ping_status":"closed","sticky":false,"template":"","format":"standard","meta":{"post_tipo":"article","footnotes":""},"categories":[1,2185],"tags":[],"tax_estado":[],"class_list":["post-450034","post","type-post","status-publish","format-standard","has-post-thumbnail","hentry","category-cursos-e-concursos","category-carreiras-juridicas"],"acf":[],"yoast_head":"<!-- This site is optimized with the Yoast SEO Premium plugin v27.2 (Yoast SEO v27.2) - https:\/\/yoast.com\/product\/yoast-seo-premium-wordpress\/ -->\n<title>MP CE Promotor: Evento exclusivo s\u00f3 de quest\u00f5es CESPE comentadas<\/title>\n<meta name=\"robots\" content=\"index, follow, max-snippet:-1, max-image-preview:large, max-video-preview:-1\" \/>\n<link rel=\"canonical\" href=\"https:\/\/www.estrategiaconcursos.com.br\/blog\/mp-ce-promotor-questoes-cespe-comentadas\/\" \/>\n<meta property=\"og:locale\" content=\"pt_BR\" \/>\n<meta property=\"og:type\" content=\"article\" \/>\n<meta property=\"og:title\" content=\"MP CE Promotor: Evento exclusivo s\u00f3 de quest\u00f5es CESPE comentadas\" \/>\n<meta property=\"og:description\" content=\"Em sess\u00e3o realizada na \u00faltima ter\u00e7a-feira, 19 de novembro, o&nbsp;Conselho Superior&nbsp;do Minist\u00e9rio P\u00fablico do Cear\u00e1&nbsp;aprovou a&nbsp;minuta do edital&nbsp;de seu novo concurso p\u00fablico para&nbsp;Promotor de Justi\u00e7a. A minuta segue agora para o&nbsp;Cebraspe\/Cespe, banca organizadora do certame, que deve definir a data da publica\u00e7\u00e3o do edital, a ser lan\u00e7ado&nbsp;em breve, bem como o cronograma do concurso. O [&hellip;]\" \/>\n<meta property=\"og:url\" content=\"https:\/\/www.estrategiaconcursos.com.br\/blog\/mp-ce-promotor-questoes-cespe-comentadas\/\" \/>\n<meta property=\"og:site_name\" content=\"Estrat\u00e9gia Concursos\" \/>\n<meta property=\"article:author\" content=\"https:\/\/www.facebook.com\/ricardo.s.torques\" \/>\n<meta property=\"article:published_time\" content=\"2019-11-23T10:15:50+00:00\" \/>\n<meta property=\"article:modified_time\" content=\"2023-01-09T21:10:44+00:00\" \/>\n<meta property=\"og:image\" content=\"https:\/\/dhg1h5j42swfq.cloudfront.net\/2018\/03\/27101655\/MP-CE6-e1565721091265.jpg\" \/>\n\t<meta property=\"og:image:width\" content=\"400\" \/>\n\t<meta property=\"og:image:height\" content=\"209\" \/>\n\t<meta property=\"og:image:type\" content=\"image\/jpeg\" \/>\n<meta name=\"author\" content=\"Ricardo Torques\" \/>\n<meta name=\"twitter:card\" content=\"summary_large_image\" \/>\n<meta name=\"twitter:creator\" content=\"@EstratConcursos\" \/>\n<meta name=\"twitter:site\" content=\"@EstratConcursos\" \/>\n<meta name=\"twitter:label1\" content=\"Escrito por\" \/>\n\t<meta name=\"twitter:data1\" content=\"Ricardo Torques\" \/>\n\t<meta name=\"twitter:label2\" content=\"Est. tempo de leitura\" \/>\n\t<meta name=\"twitter:data2\" content=\"2 minutos\" \/>\n<script type=\"application\/ld+json\" class=\"yoast-schema-graph\">{\"@context\":\"https:\/\/schema.org\",\"@graph\":[{\"@type\":\"NewsArticle\",\"@id\":\"https:\/\/www.estrategiaconcursos.com.br\/blog\/mp-ce-promotor-questoes-cespe-comentadas\/#article\",\"isPartOf\":{\"@id\":\"https:\/\/www.estrategiaconcursos.com.br\/blog\/mp-ce-promotor-questoes-cespe-comentadas\/\"},\"author\":{\"name\":\"Ricardo Torques\",\"@id\":\"https:\/\/www.estrategiaconcursos.com.br\/blog\/#\/schema\/person\/aa39cf5ddb518e5bdce27c35788405e2\"},\"headline\":\"MP CE Promotor: Evento exclusivo s\u00f3 de quest\u00f5es CESPE comentadas\",\"datePublished\":\"2019-11-23T10:15:50+00:00\",\"dateModified\":\"2023-01-09T21:10:44+00:00\",\"mainEntityOfPage\":{\"@id\":\"https:\/\/www.estrategiaconcursos.com.br\/blog\/mp-ce-promotor-questoes-cespe-comentadas\/\"},\"wordCount\":403,\"commentCount\":0,\"publisher\":{\"@id\":\"https:\/\/www.estrategiaconcursos.com.br\/blog\/#organization\"},\"image\":{\"@id\":\"https:\/\/www.estrategiaconcursos.com.br\/blog\/mp-ce-promotor-questoes-cespe-comentadas\/#primaryimage\"},\"thumbnailUrl\":\"https:\/\/dhg1h5j42swfq.cloudfront.net\/2018\/03\/27101655\/MP-CE6-e1565721091265.jpg\",\"articleSection\":[\"Concursos P\u00fablicos\",\"Jur\u00eddico\"],\"inLanguage\":\"pt-BR\",\"potentialAction\":[{\"@type\":\"CommentAction\",\"name\":\"Comment\",\"target\":[\"https:\/\/www.estrategiaconcursos.com.br\/blog\/mp-ce-promotor-questoes-cespe-comentadas\/#respond\"]}],\"copyrightYear\":\"2019\",\"copyrightHolder\":{\"@id\":\"https:\/\/www.estrategiaconcursos.com.br\/blog\/#organization\"}},{\"@type\":\"WebPage\",\"@id\":\"https:\/\/www.estrategiaconcursos.com.br\/blog\/mp-ce-promotor-questoes-cespe-comentadas\/\",\"url\":\"https:\/\/www.estrategiaconcursos.com.br\/blog\/mp-ce-promotor-questoes-cespe-comentadas\/\",\"name\":\"MP CE Promotor: Evento exclusivo s\u00f3 de quest\u00f5es CESPE comentadas\",\"isPartOf\":{\"@id\":\"https:\/\/www.estrategiaconcursos.com.br\/blog\/#website\"},\"primaryImageOfPage\":{\"@id\":\"https:\/\/www.estrategiaconcursos.com.br\/blog\/mp-ce-promotor-questoes-cespe-comentadas\/#primaryimage\"},\"image\":{\"@id\":\"https:\/\/www.estrategiaconcursos.com.br\/blog\/mp-ce-promotor-questoes-cespe-comentadas\/#primaryimage\"},\"thumbnailUrl\":\"https:\/\/dhg1h5j42swfq.cloudfront.net\/2018\/03\/27101655\/MP-CE6-e1565721091265.jpg\",\"datePublished\":\"2019-11-23T10:15:50+00:00\",\"dateModified\":\"2023-01-09T21:10:44+00:00\",\"breadcrumb\":{\"@id\":\"https:\/\/www.estrategiaconcursos.com.br\/blog\/mp-ce-promotor-questoes-cespe-comentadas\/#breadcrumb\"},\"inLanguage\":\"pt-BR\",\"potentialAction\":[{\"@type\":\"ReadAction\",\"target\":[\"https:\/\/www.estrategiaconcursos.com.br\/blog\/mp-ce-promotor-questoes-cespe-comentadas\/\"]}]},{\"@type\":\"ImageObject\",\"inLanguage\":\"pt-BR\",\"@id\":\"https:\/\/www.estrategiaconcursos.com.br\/blog\/mp-ce-promotor-questoes-cespe-comentadas\/#primaryimage\",\"url\":\"https:\/\/dhg1h5j42swfq.cloudfront.net\/2018\/03\/27101655\/MP-CE6-e1565721091265.jpg\",\"contentUrl\":\"https:\/\/dhg1h5j42swfq.cloudfront.net\/2018\/03\/27101655\/MP-CE6-e1565721091265.jpg\",\"width\":400,\"height\":209,\"caption\":\"concurso mp ce\"},{\"@type\":\"BreadcrumbList\",\"@id\":\"https:\/\/www.estrategiaconcursos.com.br\/blog\/mp-ce-promotor-questoes-cespe-comentadas\/#breadcrumb\",\"itemListElement\":[{\"@type\":\"ListItem\",\"position\":1,\"name\":\"In\u00edcio\",\"item\":\"https:\/\/www.estrategiaconcursos.com.br\/blog\/\"},{\"@type\":\"ListItem\",\"position\":2,\"name\":\"MP CE Promotor: Evento exclusivo s\u00f3 de quest\u00f5es CESPE comentadas\"}]},{\"@type\":\"WebSite\",\"@id\":\"https:\/\/www.estrategiaconcursos.com.br\/blog\/#website\",\"url\":\"https:\/\/www.estrategiaconcursos.com.br\/blog\/\",\"name\":\"Estrat\u00e9gia Concursos\",\"description\":\"O blog da Estrat\u00e9gia Concursos traz not\u00edcias sobre concursos e artigos de professores oferecendo cursos para concursos (pdf + videaulas) no site.\",\"publisher\":{\"@id\":\"https:\/\/www.estrategiaconcursos.com.br\/blog\/#organization\"},\"potentialAction\":[{\"@type\":\"SearchAction\",\"target\":{\"@type\":\"EntryPoint\",\"urlTemplate\":\"https:\/\/www.estrategiaconcursos.com.br\/blog\/?s={search_term_string}\"},\"query-input\":{\"@type\":\"PropertyValueSpecification\",\"valueRequired\":true,\"valueName\":\"search_term_string\"}}],\"inLanguage\":\"pt-BR\"},{\"@type\":\"Organization\",\"@id\":\"https:\/\/www.estrategiaconcursos.com.br\/blog\/#organization\",\"name\":\"Estrat\u00e9gia Concursos\",\"url\":\"https:\/\/www.estrategiaconcursos.com.br\/blog\/\",\"logo\":{\"@type\":\"ImageObject\",\"inLanguage\":\"pt-BR\",\"@id\":\"https:\/\/www.estrategiaconcursos.com.br\/blog\/#\/schema\/logo\/image\/\",\"url\":\"https:\/\/dhg1h5j42swfq.cloudfront.net\/2025\/06\/03203428\/logo_concursos-1.jpg\",\"contentUrl\":\"https:\/\/dhg1h5j42swfq.cloudfront.net\/2025\/06\/03203428\/logo_concursos-1.jpg\",\"width\":230,\"height\":60,\"caption\":\"Estrat\u00e9gia Concursos\"},\"image\":{\"@id\":\"https:\/\/www.estrategiaconcursos.com.br\/blog\/#\/schema\/logo\/image\/\"},\"sameAs\":[\"https:\/\/x.com\/EstratConcursos\"]},{\"@type\":\"Person\",\"@id\":\"https:\/\/www.estrategiaconcursos.com.br\/blog\/#\/schema\/person\/aa39cf5ddb518e5bdce27c35788405e2\",\"name\":\"Ricardo Torques\",\"image\":{\"@type\":\"ImageObject\",\"inLanguage\":\"pt-BR\",\"@id\":\"https:\/\/secure.gravatar.com\/avatar\/ce9ac6c3cff25fe86d15ed568ebc64d1724baf5c0693133bcb1f6073f712f92a?s=96&d=mm&r=g\",\"url\":\"https:\/\/secure.gravatar.com\/avatar\/ce9ac6c3cff25fe86d15ed568ebc64d1724baf5c0693133bcb1f6073f712f92a?s=96&d=mm&r=g\",\"contentUrl\":\"https:\/\/secure.gravatar.com\/avatar\/ce9ac6c3cff25fe86d15ed568ebc64d1724baf5c0693133bcb1f6073f712f92a?s=96&d=mm&r=g\",\"caption\":\"Ricardo Torques\"},\"sameAs\":[\"https:\/\/www.facebook.com\/ricardo.s.torques\"],\"url\":\"https:\/\/www.estrategiaconcursos.com.br\/blog\/author\/ricardotorquesestrategiaconcursos-com-br\/\"}]}<\/script>\n<!-- \/ Yoast SEO Premium plugin. -->","yoast_head_json":{"title":"MP CE Promotor: Evento exclusivo s\u00f3 de quest\u00f5es CESPE comentadas","robots":{"index":"index","follow":"follow","max-snippet":"max-snippet:-1","max-image-preview":"max-image-preview:large","max-video-preview":"max-video-preview:-1"},"canonical":"https:\/\/www.estrategiaconcursos.com.br\/blog\/mp-ce-promotor-questoes-cespe-comentadas\/","og_locale":"pt_BR","og_type":"article","og_title":"MP CE Promotor: Evento exclusivo s\u00f3 de quest\u00f5es CESPE comentadas","og_description":"Em sess\u00e3o realizada na \u00faltima ter\u00e7a-feira, 19 de novembro, o&nbsp;Conselho Superior&nbsp;do Minist\u00e9rio P\u00fablico do Cear\u00e1&nbsp;aprovou a&nbsp;minuta do edital&nbsp;de seu novo concurso p\u00fablico para&nbsp;Promotor de Justi\u00e7a. A minuta segue agora para o&nbsp;Cebraspe\/Cespe, banca organizadora do certame, que deve definir a data da publica\u00e7\u00e3o do edital, a ser lan\u00e7ado&nbsp;em breve, bem como o cronograma do concurso. O [&hellip;]","og_url":"https:\/\/www.estrategiaconcursos.com.br\/blog\/mp-ce-promotor-questoes-cespe-comentadas\/","og_site_name":"Estrat\u00e9gia Concursos","article_author":"https:\/\/www.facebook.com\/ricardo.s.torques","article_published_time":"2019-11-23T10:15:50+00:00","article_modified_time":"2023-01-09T21:10:44+00:00","og_image":[{"width":400,"height":209,"url":"https:\/\/dhg1h5j42swfq.cloudfront.net\/2018\/03\/27101655\/MP-CE6-e1565721091265.jpg","type":"image\/jpeg"}],"author":"Ricardo Torques","twitter_card":"summary_large_image","twitter_creator":"@EstratConcursos","twitter_site":"@EstratConcursos","twitter_misc":{"Escrito por":"Ricardo Torques","Est. tempo de leitura":"2 minutos"},"schema":{"@context":"https:\/\/schema.org","@graph":[{"@type":"NewsArticle","@id":"https:\/\/www.estrategiaconcursos.com.br\/blog\/mp-ce-promotor-questoes-cespe-comentadas\/#article","isPartOf":{"@id":"https:\/\/www.estrategiaconcursos.com.br\/blog\/mp-ce-promotor-questoes-cespe-comentadas\/"},"author":{"name":"Ricardo Torques","@id":"https:\/\/www.estrategiaconcursos.com.br\/blog\/#\/schema\/person\/aa39cf5ddb518e5bdce27c35788405e2"},"headline":"MP CE Promotor: Evento exclusivo s\u00f3 de quest\u00f5es CESPE comentadas","datePublished":"2019-11-23T10:15:50+00:00","dateModified":"2023-01-09T21:10:44+00:00","mainEntityOfPage":{"@id":"https:\/\/www.estrategiaconcursos.com.br\/blog\/mp-ce-promotor-questoes-cespe-comentadas\/"},"wordCount":403,"commentCount":0,"publisher":{"@id":"https:\/\/www.estrategiaconcursos.com.br\/blog\/#organization"},"image":{"@id":"https:\/\/www.estrategiaconcursos.com.br\/blog\/mp-ce-promotor-questoes-cespe-comentadas\/#primaryimage"},"thumbnailUrl":"https:\/\/dhg1h5j42swfq.cloudfront.net\/2018\/03\/27101655\/MP-CE6-e1565721091265.jpg","articleSection":["Concursos P\u00fablicos","Jur\u00eddico"],"inLanguage":"pt-BR","potentialAction":[{"@type":"CommentAction","name":"Comment","target":["https:\/\/www.estrategiaconcursos.com.br\/blog\/mp-ce-promotor-questoes-cespe-comentadas\/#respond"]}],"copyrightYear":"2019","copyrightHolder":{"@id":"https:\/\/www.estrategiaconcursos.com.br\/blog\/#organization"}},{"@type":"WebPage","@id":"https:\/\/www.estrategiaconcursos.com.br\/blog\/mp-ce-promotor-questoes-cespe-comentadas\/","url":"https:\/\/www.estrategiaconcursos.com.br\/blog\/mp-ce-promotor-questoes-cespe-comentadas\/","name":"MP CE Promotor: Evento exclusivo s\u00f3 de quest\u00f5es CESPE comentadas","isPartOf":{"@id":"https:\/\/www.estrategiaconcursos.com.br\/blog\/#website"},"primaryImageOfPage":{"@id":"https:\/\/www.estrategiaconcursos.com.br\/blog\/mp-ce-promotor-questoes-cespe-comentadas\/#primaryimage"},"image":{"@id":"https:\/\/www.estrategiaconcursos.com.br\/blog\/mp-ce-promotor-questoes-cespe-comentadas\/#primaryimage"},"thumbnailUrl":"https:\/\/dhg1h5j42swfq.cloudfront.net\/2018\/03\/27101655\/MP-CE6-e1565721091265.jpg","datePublished":"2019-11-23T10:15:50+00:00","dateModified":"2023-01-09T21:10:44+00:00","breadcrumb":{"@id":"https:\/\/www.estrategiaconcursos.com.br\/blog\/mp-ce-promotor-questoes-cespe-comentadas\/#breadcrumb"},"inLanguage":"pt-BR","potentialAction":[{"@type":"ReadAction","target":["https:\/\/www.estrategiaconcursos.com.br\/blog\/mp-ce-promotor-questoes-cespe-comentadas\/"]}]},{"@type":"ImageObject","inLanguage":"pt-BR","@id":"https:\/\/www.estrategiaconcursos.com.br\/blog\/mp-ce-promotor-questoes-cespe-comentadas\/#primaryimage","url":"https:\/\/dhg1h5j42swfq.cloudfront.net\/2018\/03\/27101655\/MP-CE6-e1565721091265.jpg","contentUrl":"https:\/\/dhg1h5j42swfq.cloudfront.net\/2018\/03\/27101655\/MP-CE6-e1565721091265.jpg","width":400,"height":209,"caption":"concurso mp ce"},{"@type":"BreadcrumbList","@id":"https:\/\/www.estrategiaconcursos.com.br\/blog\/mp-ce-promotor-questoes-cespe-comentadas\/#breadcrumb","itemListElement":[{"@type":"ListItem","position":1,"name":"In\u00edcio","item":"https:\/\/www.estrategiaconcursos.com.br\/blog\/"},{"@type":"ListItem","position":2,"name":"MP CE Promotor: Evento exclusivo s\u00f3 de quest\u00f5es CESPE comentadas"}]},{"@type":"WebSite","@id":"https:\/\/www.estrategiaconcursos.com.br\/blog\/#website","url":"https:\/\/www.estrategiaconcursos.com.br\/blog\/","name":"Estrat\u00e9gia Concursos","description":"O blog da Estrat\u00e9gia Concursos traz not\u00edcias sobre concursos e artigos de professores oferecendo cursos para concursos (pdf + videaulas) no site.","publisher":{"@id":"https:\/\/www.estrategiaconcursos.com.br\/blog\/#organization"},"potentialAction":[{"@type":"SearchAction","target":{"@type":"EntryPoint","urlTemplate":"https:\/\/www.estrategiaconcursos.com.br\/blog\/?s={search_term_string}"},"query-input":{"@type":"PropertyValueSpecification","valueRequired":true,"valueName":"search_term_string"}}],"inLanguage":"pt-BR"},{"@type":"Organization","@id":"https:\/\/www.estrategiaconcursos.com.br\/blog\/#organization","name":"Estrat\u00e9gia Concursos","url":"https:\/\/www.estrategiaconcursos.com.br\/blog\/","logo":{"@type":"ImageObject","inLanguage":"pt-BR","@id":"https:\/\/www.estrategiaconcursos.com.br\/blog\/#\/schema\/logo\/image\/","url":"https:\/\/dhg1h5j42swfq.cloudfront.net\/2025\/06\/03203428\/logo_concursos-1.jpg","contentUrl":"https:\/\/dhg1h5j42swfq.cloudfront.net\/2025\/06\/03203428\/logo_concursos-1.jpg","width":230,"height":60,"caption":"Estrat\u00e9gia Concursos"},"image":{"@id":"https:\/\/www.estrategiaconcursos.com.br\/blog\/#\/schema\/logo\/image\/"},"sameAs":["https:\/\/x.com\/EstratConcursos"]},{"@type":"Person","@id":"https:\/\/www.estrategiaconcursos.com.br\/blog\/#\/schema\/person\/aa39cf5ddb518e5bdce27c35788405e2","name":"Ricardo Torques","image":{"@type":"ImageObject","inLanguage":"pt-BR","@id":"https:\/\/secure.gravatar.com\/avatar\/ce9ac6c3cff25fe86d15ed568ebc64d1724baf5c0693133bcb1f6073f712f92a?s=96&d=mm&r=g","url":"https:\/\/secure.gravatar.com\/avatar\/ce9ac6c3cff25fe86d15ed568ebc64d1724baf5c0693133bcb1f6073f712f92a?s=96&d=mm&r=g","contentUrl":"https:\/\/secure.gravatar.com\/avatar\/ce9ac6c3cff25fe86d15ed568ebc64d1724baf5c0693133bcb1f6073f712f92a?s=96&d=mm&r=g","caption":"Ricardo Torques"},"sameAs":["https:\/\/www.facebook.com\/ricardo.s.torques"],"url":"https:\/\/www.estrategiaconcursos.com.br\/blog\/author\/ricardotorquesestrategiaconcursos-com-br\/"}]}},"_links":{"self":[{"href":"https:\/\/www.estrategiaconcursos.com.br\/blog\/wp-json\/wp\/v2\/posts\/450034","targetHints":{"allow":["GET"]}}],"collection":[{"href":"https:\/\/www.estrategiaconcursos.com.br\/blog\/wp-json\/wp\/v2\/posts"}],"about":[{"href":"https:\/\/www.estrategiaconcursos.com.br\/blog\/wp-json\/wp\/v2\/types\/post"}],"author":[{"embeddable":true,"href":"https:\/\/www.estrategiaconcursos.com.br\/blog\/wp-json\/wp\/v2\/users\/180"}],"replies":[{"embeddable":true,"href":"https:\/\/www.estrategiaconcursos.com.br\/blog\/wp-json\/wp\/v2\/comments?post=450034"}],"version-history":[{"count":11,"href":"https:\/\/www.estrategiaconcursos.com.br\/blog\/wp-json\/wp\/v2\/posts\/450034\/revisions"}],"predecessor-version":[{"id":1149890,"href":"https:\/\/www.estrategiaconcursos.com.br\/blog\/wp-json\/wp\/v2\/posts\/450034\/revisions\/1149890"}],"wp:featuredmedia":[{"embeddable":true,"href":"https:\/\/www.estrategiaconcursos.com.br\/blog\/wp-json\/wp\/v2\/media\/113574"}],"wp:attachment":[{"href":"https:\/\/www.estrategiaconcursos.com.br\/blog\/wp-json\/wp\/v2\/media?parent=450034"}],"wp:term":[{"taxonomy":"category","embeddable":true,"href":"https:\/\/www.estrategiaconcursos.com.br\/blog\/wp-json\/wp\/v2\/categories?post=450034"},{"taxonomy":"post_tag","embeddable":true,"href":"https:\/\/www.estrategiaconcursos.com.br\/blog\/wp-json\/wp\/v2\/tags?post=450034"},{"taxonomy":"tax_estado","embeddable":true,"href":"https:\/\/www.estrategiaconcursos.com.br\/blog\/wp-json\/wp\/v2\/tax_estado?post=450034"}],"curies":[{"name":"wp","href":"https:\/\/api.w.org\/{rel}","templated":true}]}}