{"id":450028,"date":"2020-03-02T05:00:00","date_gmt":"2020-03-02T08:00:00","guid":{"rendered":"https:\/\/www.estrategiaconcursos.com.br\/blog\/?p=450028"},"modified":"2023-06-14T10:27:20","modified_gmt":"2023-06-14T13:27:20","slug":"concurso-camara-de-viamao-rs","status":"publish","type":"post","link":"https:\/\/www.estrategiaconcursos.com.br\/blog\/concurso-camara-de-viamao-rs\/","title":{"rendered":"Concurso C\u00e2mara de Viam\u00e3o RS: provas adiadas! S\u00e3o 9 vagas imediatas"},"content":{"rendered":"\n<p>O <strong>concurso C\u00e2mara de Viam\u00e3o RS, <\/strong>do Rio Grande do Sul, que prev\u00ea o preenchimento de <strong>9 vagas<\/strong> imediatas, para cargos de n\u00edvel fundamental e m\u00e9dio, teve a realiza\u00e7\u00e3o das provas adiada.<\/p>\n\n\n\n<p>Inicialmente, as provas do concurso seriam realizadas no dia 01 de mar\u00e7o de 2020 e, ap\u00f3s solicita\u00e7\u00e3o do presidente da C\u00e2mara de Viam\u00e3o RS, Dilamar de Jesus, foi adiada para<strong> 26 de abril<\/strong>.  <\/p>\n\n\n\n<p>Os interessados em prestar o concurso puderam se inscrever entre os dias <strong>21 de novembro e 22 de dezembro de 2019<\/strong>, no site do IDIB, <em><a rel=\"noreferrer noopener\" aria-label=\"Instituto de Desenvolvimento Institucional Brasileiro (IDIB). (abre numa nova aba)\" href=\"http:\/\/www.idib.org.br\/Concurso.aspx?ID=177\" target=\"_blank\">banca organizadora<\/a><\/em> do certame. Acompanhe a seguir mais informa\u00e7\u00f5es para prestar o certame.<\/p>\n\n\n\n<p><strong><a href=\"#data\">Principais datas:<\/a><br \/><a href=\"#vaga\">Vagas, cargos e remunera\u00e7\u00f5es:<\/a><br \/><a href=\"#etapa\">Etapas do concurso:<\/a><br \/><a href=\"#ficha\">Ficha t\u00e9cnica:<\/a><\/strong><\/p>\n\n\n\n<p style=\"font-size:clamp(14px, 0.875rem + ((1vw - 3.2px) * 0.49), 19px);px\"><strong>Valores da Taxa de Inscri\u00e7\u00e3o:<\/strong><\/p>\n\n\n\n<p><strong>Ensino M\u00e9dio<\/strong> &#8211; R$64,26 <br \/><strong>Ensino Fundamental<\/strong> &#8211; R$45,36   <\/p>\n\n\n\n<h2 class=\"wp-block-heading\" id=\"data\">Principais datas do concurso C\u00e2mara de Viam\u00e3o RS<\/h2>\n\n\n\n<p class=\"has-very-light-gray-background-color has-background\"><strong>Inscri\u00e7\u00f5es:<\/strong> 21 de novembro e 22 de dezembro de 2019 <br \/><strong>Isen\u00e7\u00e3o da taxa:<\/strong> At\u00e9 29 de novembro de 2019<br \/><strong>Data da prova:<\/strong> 26 de abril de 2020<\/p>\n\n\n\n<h2 class=\"wp-block-heading\" id=\"vaga\">Vagas e Remunera\u00e7\u00e3o no concurso C\u00e2mara de Viam\u00e3o RS<\/h2>\n\n\n\n<p>O concurso C\u00e2mara de Viam\u00e3o oferta 9 vagas para cargos de n\u00edvel m\u00e9dio e fundamental com sal\u00e1rios a partir de R$2.027,54. Confira abaixo os cargos com oportunidades em aberto.  <\/p>\n\n\n\n<p>AGENTE DE ARQUIVO &#8211; 1 vaga (25h\/semana)<br \/><strong>Requisito<\/strong>: Ensino m\u00e9dio completo e curso em t\u00e9cnicas de arquivo. <br \/><strong>Remunera\u00e7\u00e3o:<\/strong> R$2.027,54 <\/p>\n\n\n\n<p>AGENTE DE COMPRAS E PATRIM\u00d4NIO &#8211; 1 vaga (25h\/semana) <br \/><strong>Requisito<\/strong>: Ensino m\u00e9dio completo<br \/><strong>Remunera\u00e7\u00e3o<\/strong>: R$2.027,54<\/p>\n\n\n\n<p>AGENTE DE RECURSOS HUMANOS &#8211; 1 vaga (25h\/semana)   <br \/><strong>Requisito<\/strong>: Ensino m\u00e9dio completo <br \/><strong>Remunera\u00e7\u00e3o<\/strong>: R$2.027,54<\/p>\n\n\n\n<p>AGENTE DE SECRETARIA &#8211; 1 vaga (25h\/semana)   <br \/><strong>Requisito<\/strong>: Ensino m\u00e9dio completo <br \/><strong>Remunera\u00e7\u00e3o<\/strong>: R$2.027,54 <\/p>\n\n\n\n<p>AGENTE PARLAMENTAR &#8211; 1 vaga (25h\/semana)   <br \/><strong>Requisito:<\/strong> Ensino m\u00e9dio completo<br \/><strong>Remunera\u00e7\u00e3o<\/strong>: R$2.329,13  <\/p>\n\n\n\n<p>ALMOXARIFE PARLAMENTAR &#8211; 1 vaga (25h\/semana)   <br \/><strong>Requisito<\/strong>: Ensino m\u00e9dio completo <br \/><strong>Remunera\u00e7\u00e3o<\/strong>: R$2.329,13  <\/p>\n\n\n\n<p>AUXILIAR ADMINISTRATIVO PARLAMENTAR &#8211; 1 vaga (25h\/semana)   <br \/><strong>Requisito<\/strong>: Ensino m\u00e9dio completo <br \/><strong>Remunera\u00e7\u00e3o<\/strong>: R$ 2.225,12 <\/p>\n\n\n\n<p>AGENTE DE PORTARIA &#8211; 1 vaga (25h\/semana)<br \/><strong>Requisito:<\/strong> Ensino fundamental completo.<br \/><strong>Remunera\u00e7\u00e3o<\/strong>: R$2.027,54  <\/p>\n\n\n\n<p>MOTORISTA DO LEGISLATIVO &#8211; 1 vaga (25h\/semana)<br \/><strong>Requisito<\/strong>: Ensino fundamental completo e CNH tipo B<br \/><strong>Remunera\u00e7\u00e3o<\/strong>: R$2.131,03   <\/p>\n\n\n\n<h2 class=\"wp-block-heading\" id=\"etapa\">Etapas do concurso C\u00e2mara de Viam\u00e3o RS<\/h2>\n\n\n\n<p>O certame ser\u00e1 composto de <strong>uma etapa<\/strong> constitu\u00edda de<strong> prova objetiva<\/strong> com <strong>40 quest\u00f5es de m\u00faltipla escolha<\/strong>. Cada quest\u00e3o ter\u00e1 5 alternativas (A a E), sendo uma entre elas a correta.<\/p>\n\n\n\n<p>A avalia\u00e7\u00e3o tem <strong>dura\u00e7\u00e3o de 3 horas<\/strong> e ser\u00e1 <strong>aplicada no dia 01 de mar\u00e7o<\/strong> de 2020, no per\u00edodos da <strong>manh\u00e3<\/strong> (09 horas) para os cargos de <strong>n\u00edvel fundamental <\/strong>e a <strong>tarde<\/strong> (15 horas), <strong>n\u00edvel m\u00e9dio<\/strong>. <em>Veja abaixo as disciplinas cobradas e quantidade de quest\u00f5es.<\/em><\/p>\n\n\n\n<figure class=\"wp-block-table is-style-stripes\"><table class=\"has-background has-fixed-layout\" style=\"background-color:#e9fbe5\"><tbody><tr><td><strong>Disciplinas<\/strong><\/td><td><strong>Quantidade de quest\u00f5es<\/strong><\/td><td><strong>Peso<\/strong><\/td><td><strong>Total<\/strong><\/td><\/tr><tr><td>L\u00edngua Portuguesa  <\/td><td>10<\/td><td>1<\/td><td>10<\/td><\/tr><tr><td>Legisla\u00e7\u00e3o  <\/td><td>06<\/td><td>1<\/td><td>6<\/td><\/tr><tr><td>Inform\u00e1tica <\/td><td>04<\/td><td>1<\/td><td>4<\/td><\/tr><tr><td>Conhecimentos Espec\u00edficos  <\/td><td>20<\/td><td>2<\/td><td>40<\/td><\/tr><tr><td><strong>Total<\/strong><\/td><td>40<\/td><td><\/td><td>60<\/td><\/tr><\/tbody><\/table><\/figure>\n\n\n\n<p><\/p>\n\n\n\n<p>Os <strong>locais <\/strong>e os <strong>hor\u00e1rios<\/strong> de <strong>realiza\u00e7\u00e3o da prova objetiva<\/strong> ser\u00e1 divulgado no <strong>site do IDIB<\/strong>, em at\u00e9 <strong>10 dias anteriores <\/strong>a <strong>data de aplica\u00e7\u00e3o da avalia\u00e7\u00e3o<\/strong>.  <\/p>\n\n\n\n<h2 class=\"wp-block-heading\">Pontua\u00e7\u00e3o final no concurso C\u00e2mara de Viam\u00e3o RS<\/h2>\n\n\n\n<p>Ser\u00e1 considerado habilitado na prova objetiva o candidato que obtiver nota igual ou superior a 50% do total de pontos de cada conte\u00fado. A classifica\u00e7\u00e3o ser\u00e1 por ordem decrescente da Nota Final, em lista de classifica\u00e7\u00e3o por op\u00e7\u00e3o de cargo. <\/p>\n\n\n\n<p><em>A pontua\u00e7\u00e3o final \u00e9 dada pela f\u00f3rmula<\/em>: <\/p>\n\n\n\n<p>Pontua\u00e7\u00e3o Final = (TPO) Onde: TPO = Total de Pontos da Prova Objetiva <\/p>\n\n\n\n<p class=\"has-text-align-center has-luminous-vivid-amber-background-color has-background\" style=\"font-size:clamp(16.293px, 1.018rem + ((1vw - 3.2px) * 0.854), 25px);px\"><em><strong><a rel=\"noreferrer noopener\" href=\"https:\/\/www.estrategiaconcursos.com.br\/cursos\/concurso\/\" target=\"_blank\">Cursos para concursos<\/a><\/strong><\/em><\/p>\n\n\n\n<p class=\"has-text-align-center\"><em><strong>Assinatura Anual Ilimitada*<\/strong><\/em><\/p>\n\n\n\n<p><em>Prepare-se com o melhor material e com quem mais aprova em&nbsp;Concursos P\u00fablicos de todo o pa\u00eds. Assine agora a nossa Assinatura Anual e tenha acesso ilimitado a todos os nossos cursos.<\/em><\/p>\n\n\n\n<p class=\"has-text-align-center has-light-green-cyan-background-color has-background has-medium-font-size\"><strong>ASSINE AGORA<\/strong>&nbsp;\u2013&nbsp;<a rel=\"noreferrer noopener\" href=\"https:\/\/www.estrategiaconcursos.com.br\/assinaturas\" target=\"_blank\"><strong>Assinatura Ilimitada<\/strong><\/a><\/p>\n\n\n\n<p class=\"has-text-align-center\"><strong><em>Fique por dentro dos concursos vigentes:<\/em><\/strong><\/p>\n\n\n\n<p class=\"has-text-align-center has-pale-cyan-blue-background-color has-background has-medium-font-size\"><strong><a href=\"https:\/\/www.estrategiaconcursos.com.br\/blog\/concursos-abertos\/\" target=\"_blank\" rel=\"noreferrer noopener\">CONCURSOS ABERTOS<\/a><\/strong><\/p>\n\n\n\n<figure class=\"wp-block-image\"><img loading=\"lazy\" decoding=\"async\" width=\"300\" height=\"102\" src=\"https:\/\/dhg1h5j42swfq.cloudfront.net\/2017\/03\/28152500\/coruja-ficha-tecnica-300x102.png\" alt=\"concurso c\u00e2mara de viam\u00e3o\" class=\"wp-image-68542\"\/><\/figure>\n\n\n\n<h3 class=\"wp-block-heading\" id=\"ficha\"><strong>Informa\u00e7\u00f5es sobre o<\/strong> concurso C\u00e2mara de Viam\u00e3o RS<\/h3>\n\n\n\n<p>\u25ba<strong>Inscri\u00e7\u00f5es<\/strong>: 21\/11 a 22\/12<br \/>\u25ba<strong>Prova Objetiva<\/strong>: 01\/03\/2020<br \/>\u25ba<strong>Vagas<\/strong>: 9 + cadastro de reserva<br \/>\u25ba<strong>Cargos<\/strong>: Diversos<br \/>\u25ba<strong>Banca<\/strong>: IDIB<br \/>\u25ba<strong>Escolaridade<\/strong>: N\u00edvel fundamental e m\u00e9dio<br \/>\u25ba<strong>Edital<\/strong>:&nbsp;<a rel=\"noreferrer noopener\" aria-label=\"C\u00e2mara de Viam\u00e3o RS (abre numa nova aba)\" href=\"https:\/\/dhg1h5j42swfq.cloudfront.net\/2019\/11\/21153332\/Edital-C%C3%A2mara-de-Viam%C3%A3o-RS.pdf\" target=\"_blank\">C\u00e2mara de Viam\u00e3o RS<\/a><\/p>\n","protected":false},"excerpt":{"rendered":"<p>O concurso C\u00e2mara de Viam\u00e3o RS, do Rio Grande do Sul, que prev\u00ea o preenchimento de 9 vagas imediatas, para cargos de n\u00edvel fundamental e m\u00e9dio, teve a realiza\u00e7\u00e3o das provas adiada. Inicialmente, as provas do concurso seriam realizadas no dia 01 de mar\u00e7o de 2020 e, ap\u00f3s solicita\u00e7\u00e3o do presidente da C\u00e2mara de Viam\u00e3o [&hellip;]<\/p>\n","protected":false},"author":29,"featured_media":446933,"comment_status":"open","ping_status":"closed","sticky":false,"template":"","format":"standard","meta":{"post_tipo":"article","footnotes":""},"categories":[1,2017],"tags":[],"tax_estado":[],"class_list":["post-450028","post","type-post","status-publish","format-standard","has-post-thumbnail","hentry","category-cursos-e-concursos","category-concursos-legislativos"],"acf":[],"yoast_head":"<!-- This site is optimized with the Yoast SEO Premium plugin v27.2 (Yoast SEO v27.2) - https:\/\/yoast.com\/product\/yoast-seo-premium-wordpress\/ -->\n<title>Concurso C\u00e2mara de Viam\u00e3o RS: provas adiadas! S\u00e3o 9 vagas imediatas<\/title>\n<meta name=\"description\" content=\"Concurso C\u00e2mara de Viam\u00e3o: INSCRI\u00c7\u00d5ES ABERTAS para cargos de n\u00edvel m\u00e9dio e fundamental. Confira todas as informa\u00e7\u00f5es aqui!\" \/>\n<meta name=\"robots\" content=\"index, follow, max-snippet:-1, max-image-preview:large, max-video-preview:-1\" \/>\n<link rel=\"canonical\" href=\"https:\/\/www.estrategiaconcursos.com.br\/blog\/concurso-camara-de-viamao-rs\/\" \/>\n<meta property=\"og:locale\" content=\"pt_BR\" \/>\n<meta property=\"og:type\" content=\"article\" \/>\n<meta property=\"og:title\" content=\"Concurso C\u00e2mara de Viam\u00e3o RS: provas adiadas! S\u00e3o 9 vagas imediatas\" \/>\n<meta property=\"og:description\" content=\"Concurso C\u00e2mara de Viam\u00e3o: INSCRI\u00c7\u00d5ES ABERTAS para cargos de n\u00edvel m\u00e9dio e fundamental. Confira todas as informa\u00e7\u00f5es aqui!\" \/>\n<meta property=\"og:url\" content=\"https:\/\/www.estrategiaconcursos.com.br\/blog\/concurso-camara-de-viamao-rs\/\" \/>\n<meta property=\"og:site_name\" content=\"Estrat\u00e9gia Concursos\" \/>\n<meta property=\"article:author\" content=\"https:\/\/www.facebook.com\/profsergiomendes\" \/>\n<meta property=\"article:published_time\" content=\"2020-03-02T08:00:00+00:00\" \/>\n<meta property=\"article:modified_time\" content=\"2023-06-14T13:27:20+00:00\" \/>\n<meta property=\"og:image\" content=\"https:\/\/dhg1h5j42swfq.cloudfront.net\/2019\/11\/12073325\/Saiu-Edital-ECJ-4.png\" \/>\n\t<meta property=\"og:image:width\" content=\"1200\" \/>\n\t<meta property=\"og:image:height\" content=\"628\" \/>\n\t<meta property=\"og:image:type\" content=\"image\/png\" \/>\n<meta name=\"author\" content=\"S\u00e9rgio Mendes\" \/>\n<meta name=\"twitter:card\" content=\"summary_large_image\" \/>\n<meta name=\"twitter:creator\" content=\"@EstratConcursos\" \/>\n<meta name=\"twitter:site\" content=\"@EstratConcursos\" \/>\n<meta name=\"twitter:label1\" content=\"Escrito por\" \/>\n\t<meta name=\"twitter:data1\" content=\"S\u00e9rgio Mendes\" \/>\n\t<meta name=\"twitter:label2\" content=\"Est. tempo de leitura\" \/>\n\t<meta name=\"twitter:data2\" content=\"3 minutos\" \/>\n<script type=\"application\/ld+json\" class=\"yoast-schema-graph\">{\"@context\":\"https:\/\/schema.org\",\"@graph\":[{\"@type\":\"NewsArticle\",\"@id\":\"https:\/\/www.estrategiaconcursos.com.br\/blog\/concurso-camara-de-viamao-rs\/#article\",\"isPartOf\":{\"@id\":\"https:\/\/www.estrategiaconcursos.com.br\/blog\/concurso-camara-de-viamao-rs\/\"},\"author\":{\"name\":\"S\u00e9rgio Mendes\",\"@id\":\"https:\/\/www.estrategiaconcursos.com.br\/blog\/#\/schema\/person\/4ddc4a162b4fdffa2ea9956dbf62f583\"},\"headline\":\"Concurso C\u00e2mara de Viam\u00e3o RS: provas adiadas! S\u00e3o 9 vagas imediatas\",\"datePublished\":\"2020-03-02T08:00:00+00:00\",\"dateModified\":\"2023-06-14T13:27:20+00:00\",\"mainEntityOfPage\":{\"@id\":\"https:\/\/www.estrategiaconcursos.com.br\/blog\/concurso-camara-de-viamao-rs\/\"},\"wordCount\":677,\"commentCount\":3,\"publisher\":{\"@id\":\"https:\/\/www.estrategiaconcursos.com.br\/blog\/#organization\"},\"image\":{\"@id\":\"https:\/\/www.estrategiaconcursos.com.br\/blog\/concurso-camara-de-viamao-rs\/#primaryimage\"},\"thumbnailUrl\":\"https:\/\/dhg1h5j42swfq.cloudfront.net\/2019\/11\/12073325\/Saiu-Edital-ECJ-4.png\",\"articleSection\":[\"Concursos P\u00fablicos\",\"Legislativo\"],\"inLanguage\":\"pt-BR\",\"potentialAction\":[{\"@type\":\"CommentAction\",\"name\":\"Comment\",\"target\":[\"https:\/\/www.estrategiaconcursos.com.br\/blog\/concurso-camara-de-viamao-rs\/#respond\"]}],\"copyrightYear\":\"2020\",\"copyrightHolder\":{\"@id\":\"https:\/\/www.estrategiaconcursos.com.br\/blog\/#organization\"}},{\"@type\":\"WebPage\",\"@id\":\"https:\/\/www.estrategiaconcursos.com.br\/blog\/concurso-camara-de-viamao-rs\/\",\"url\":\"https:\/\/www.estrategiaconcursos.com.br\/blog\/concurso-camara-de-viamao-rs\/\",\"name\":\"Concurso C\u00e2mara de Viam\u00e3o RS: provas adiadas! S\u00e3o 9 vagas imediatas\",\"isPartOf\":{\"@id\":\"https:\/\/www.estrategiaconcursos.com.br\/blog\/#website\"},\"primaryImageOfPage\":{\"@id\":\"https:\/\/www.estrategiaconcursos.com.br\/blog\/concurso-camara-de-viamao-rs\/#primaryimage\"},\"image\":{\"@id\":\"https:\/\/www.estrategiaconcursos.com.br\/blog\/concurso-camara-de-viamao-rs\/#primaryimage\"},\"thumbnailUrl\":\"https:\/\/dhg1h5j42swfq.cloudfront.net\/2019\/11\/12073325\/Saiu-Edital-ECJ-4.png\",\"datePublished\":\"2020-03-02T08:00:00+00:00\",\"dateModified\":\"2023-06-14T13:27:20+00:00\",\"description\":\"Concurso C\u00e2mara de Viam\u00e3o: INSCRI\u00c7\u00d5ES ABERTAS para cargos de n\u00edvel m\u00e9dio e fundamental. Confira todas as informa\u00e7\u00f5es aqui!\",\"breadcrumb\":{\"@id\":\"https:\/\/www.estrategiaconcursos.com.br\/blog\/concurso-camara-de-viamao-rs\/#breadcrumb\"},\"inLanguage\":\"pt-BR\",\"potentialAction\":[{\"@type\":\"ReadAction\",\"target\":[\"https:\/\/www.estrategiaconcursos.com.br\/blog\/concurso-camara-de-viamao-rs\/\"]}]},{\"@type\":\"ImageObject\",\"inLanguage\":\"pt-BR\",\"@id\":\"https:\/\/www.estrategiaconcursos.com.br\/blog\/concurso-camara-de-viamao-rs\/#primaryimage\",\"url\":\"https:\/\/dhg1h5j42swfq.cloudfront.net\/2019\/11\/12073325\/Saiu-Edital-ECJ-4.png\",\"contentUrl\":\"https:\/\/dhg1h5j42swfq.cloudfront.net\/2019\/11\/12073325\/Saiu-Edital-ECJ-4.png\",\"width\":1200,\"height\":628,\"caption\":\"Concurso PGM Sinop\"},{\"@type\":\"BreadcrumbList\",\"@id\":\"https:\/\/www.estrategiaconcursos.com.br\/blog\/concurso-camara-de-viamao-rs\/#breadcrumb\",\"itemListElement\":[{\"@type\":\"ListItem\",\"position\":1,\"name\":\"In\u00edcio\",\"item\":\"https:\/\/www.estrategiaconcursos.com.br\/blog\/\"},{\"@type\":\"ListItem\",\"position\":2,\"name\":\"Concurso C\u00e2mara de Viam\u00e3o RS: provas adiadas! S\u00e3o 9 vagas imediatas\"}]},{\"@type\":\"WebSite\",\"@id\":\"https:\/\/www.estrategiaconcursos.com.br\/blog\/#website\",\"url\":\"https:\/\/www.estrategiaconcursos.com.br\/blog\/\",\"name\":\"Estrat\u00e9gia Concursos\",\"description\":\"O blog da Estrat\u00e9gia Concursos traz not\u00edcias sobre concursos e artigos de professores oferecendo cursos para concursos (pdf + videaulas) no site.\",\"publisher\":{\"@id\":\"https:\/\/www.estrategiaconcursos.com.br\/blog\/#organization\"},\"potentialAction\":[{\"@type\":\"SearchAction\",\"target\":{\"@type\":\"EntryPoint\",\"urlTemplate\":\"https:\/\/www.estrategiaconcursos.com.br\/blog\/?s={search_term_string}\"},\"query-input\":{\"@type\":\"PropertyValueSpecification\",\"valueRequired\":true,\"valueName\":\"search_term_string\"}}],\"inLanguage\":\"pt-BR\"},{\"@type\":\"Organization\",\"@id\":\"https:\/\/www.estrategiaconcursos.com.br\/blog\/#organization\",\"name\":\"Estrat\u00e9gia Concursos\",\"url\":\"https:\/\/www.estrategiaconcursos.com.br\/blog\/\",\"logo\":{\"@type\":\"ImageObject\",\"inLanguage\":\"pt-BR\",\"@id\":\"https:\/\/www.estrategiaconcursos.com.br\/blog\/#\/schema\/logo\/image\/\",\"url\":\"https:\/\/dhg1h5j42swfq.cloudfront.net\/2025\/06\/03203428\/logo_concursos-1.jpg\",\"contentUrl\":\"https:\/\/dhg1h5j42swfq.cloudfront.net\/2025\/06\/03203428\/logo_concursos-1.jpg\",\"width\":230,\"height\":60,\"caption\":\"Estrat\u00e9gia Concursos\"},\"image\":{\"@id\":\"https:\/\/www.estrategiaconcursos.com.br\/blog\/#\/schema\/logo\/image\/\"},\"sameAs\":[\"https:\/\/x.com\/EstratConcursos\"]},{\"@type\":\"Person\",\"@id\":\"https:\/\/www.estrategiaconcursos.com.br\/blog\/#\/schema\/person\/4ddc4a162b4fdffa2ea9956dbf62f583\",\"name\":\"S\u00e9rgio Mendes\",\"image\":{\"@type\":\"ImageObject\",\"inLanguage\":\"pt-BR\",\"@id\":\"https:\/\/secure.gravatar.com\/avatar\/4eb4b562c33f40d6f7f76579da7e07350c69579df7db305d32a69ed32ecfd5ce?s=96&d=mm&r=g\",\"url\":\"https:\/\/secure.gravatar.com\/avatar\/4eb4b562c33f40d6f7f76579da7e07350c69579df7db305d32a69ed32ecfd5ce?s=96&d=mm&r=g\",\"contentUrl\":\"https:\/\/secure.gravatar.com\/avatar\/4eb4b562c33f40d6f7f76579da7e07350c69579df7db305d32a69ed32ecfd5ce?s=96&d=mm&r=g\",\"caption\":\"S\u00e9rgio Mendes\"},\"sameAs\":[\"https:\/\/www.facebook.com\/profsergiomendes\"],\"url\":\"https:\/\/www.estrategiaconcursos.com.br\/blog\/author\/sergiomendesestrategiaconcursos-com-br\/\"}]}<\/script>\n<!-- \/ Yoast SEO Premium plugin. -->","yoast_head_json":{"title":"Concurso C\u00e2mara de Viam\u00e3o RS: provas adiadas! S\u00e3o 9 vagas imediatas","description":"Concurso C\u00e2mara de Viam\u00e3o: INSCRI\u00c7\u00d5ES ABERTAS para cargos de n\u00edvel m\u00e9dio e fundamental. Confira todas as informa\u00e7\u00f5es aqui!","robots":{"index":"index","follow":"follow","max-snippet":"max-snippet:-1","max-image-preview":"max-image-preview:large","max-video-preview":"max-video-preview:-1"},"canonical":"https:\/\/www.estrategiaconcursos.com.br\/blog\/concurso-camara-de-viamao-rs\/","og_locale":"pt_BR","og_type":"article","og_title":"Concurso C\u00e2mara de Viam\u00e3o RS: provas adiadas! S\u00e3o 9 vagas imediatas","og_description":"Concurso C\u00e2mara de Viam\u00e3o: INSCRI\u00c7\u00d5ES ABERTAS para cargos de n\u00edvel m\u00e9dio e fundamental. Confira todas as informa\u00e7\u00f5es aqui!","og_url":"https:\/\/www.estrategiaconcursos.com.br\/blog\/concurso-camara-de-viamao-rs\/","og_site_name":"Estrat\u00e9gia Concursos","article_author":"https:\/\/www.facebook.com\/profsergiomendes","article_published_time":"2020-03-02T08:00:00+00:00","article_modified_time":"2023-06-14T13:27:20+00:00","og_image":[{"width":1200,"height":628,"url":"https:\/\/dhg1h5j42swfq.cloudfront.net\/2019\/11\/12073325\/Saiu-Edital-ECJ-4.png","type":"image\/png"}],"author":"S\u00e9rgio Mendes","twitter_card":"summary_large_image","twitter_creator":"@EstratConcursos","twitter_site":"@EstratConcursos","twitter_misc":{"Escrito por":"S\u00e9rgio Mendes","Est. tempo de leitura":"3 minutos"},"schema":{"@context":"https:\/\/schema.org","@graph":[{"@type":"NewsArticle","@id":"https:\/\/www.estrategiaconcursos.com.br\/blog\/concurso-camara-de-viamao-rs\/#article","isPartOf":{"@id":"https:\/\/www.estrategiaconcursos.com.br\/blog\/concurso-camara-de-viamao-rs\/"},"author":{"name":"S\u00e9rgio Mendes","@id":"https:\/\/www.estrategiaconcursos.com.br\/blog\/#\/schema\/person\/4ddc4a162b4fdffa2ea9956dbf62f583"},"headline":"Concurso C\u00e2mara de Viam\u00e3o RS: provas adiadas! S\u00e3o 9 vagas imediatas","datePublished":"2020-03-02T08:00:00+00:00","dateModified":"2023-06-14T13:27:20+00:00","mainEntityOfPage":{"@id":"https:\/\/www.estrategiaconcursos.com.br\/blog\/concurso-camara-de-viamao-rs\/"},"wordCount":677,"commentCount":3,"publisher":{"@id":"https:\/\/www.estrategiaconcursos.com.br\/blog\/#organization"},"image":{"@id":"https:\/\/www.estrategiaconcursos.com.br\/blog\/concurso-camara-de-viamao-rs\/#primaryimage"},"thumbnailUrl":"https:\/\/dhg1h5j42swfq.cloudfront.net\/2019\/11\/12073325\/Saiu-Edital-ECJ-4.png","articleSection":["Concursos P\u00fablicos","Legislativo"],"inLanguage":"pt-BR","potentialAction":[{"@type":"CommentAction","name":"Comment","target":["https:\/\/www.estrategiaconcursos.com.br\/blog\/concurso-camara-de-viamao-rs\/#respond"]}],"copyrightYear":"2020","copyrightHolder":{"@id":"https:\/\/www.estrategiaconcursos.com.br\/blog\/#organization"}},{"@type":"WebPage","@id":"https:\/\/www.estrategiaconcursos.com.br\/blog\/concurso-camara-de-viamao-rs\/","url":"https:\/\/www.estrategiaconcursos.com.br\/blog\/concurso-camara-de-viamao-rs\/","name":"Concurso C\u00e2mara de Viam\u00e3o RS: provas adiadas! S\u00e3o 9 vagas imediatas","isPartOf":{"@id":"https:\/\/www.estrategiaconcursos.com.br\/blog\/#website"},"primaryImageOfPage":{"@id":"https:\/\/www.estrategiaconcursos.com.br\/blog\/concurso-camara-de-viamao-rs\/#primaryimage"},"image":{"@id":"https:\/\/www.estrategiaconcursos.com.br\/blog\/concurso-camara-de-viamao-rs\/#primaryimage"},"thumbnailUrl":"https:\/\/dhg1h5j42swfq.cloudfront.net\/2019\/11\/12073325\/Saiu-Edital-ECJ-4.png","datePublished":"2020-03-02T08:00:00+00:00","dateModified":"2023-06-14T13:27:20+00:00","description":"Concurso C\u00e2mara de Viam\u00e3o: INSCRI\u00c7\u00d5ES ABERTAS para cargos de n\u00edvel m\u00e9dio e fundamental. Confira todas as informa\u00e7\u00f5es aqui!","breadcrumb":{"@id":"https:\/\/www.estrategiaconcursos.com.br\/blog\/concurso-camara-de-viamao-rs\/#breadcrumb"},"inLanguage":"pt-BR","potentialAction":[{"@type":"ReadAction","target":["https:\/\/www.estrategiaconcursos.com.br\/blog\/concurso-camara-de-viamao-rs\/"]}]},{"@type":"ImageObject","inLanguage":"pt-BR","@id":"https:\/\/www.estrategiaconcursos.com.br\/blog\/concurso-camara-de-viamao-rs\/#primaryimage","url":"https:\/\/dhg1h5j42swfq.cloudfront.net\/2019\/11\/12073325\/Saiu-Edital-ECJ-4.png","contentUrl":"https:\/\/dhg1h5j42swfq.cloudfront.net\/2019\/11\/12073325\/Saiu-Edital-ECJ-4.png","width":1200,"height":628,"caption":"Concurso PGM Sinop"},{"@type":"BreadcrumbList","@id":"https:\/\/www.estrategiaconcursos.com.br\/blog\/concurso-camara-de-viamao-rs\/#breadcrumb","itemListElement":[{"@type":"ListItem","position":1,"name":"In\u00edcio","item":"https:\/\/www.estrategiaconcursos.com.br\/blog\/"},{"@type":"ListItem","position":2,"name":"Concurso C\u00e2mara de Viam\u00e3o RS: provas adiadas! S\u00e3o 9 vagas imediatas"}]},{"@type":"WebSite","@id":"https:\/\/www.estrategiaconcursos.com.br\/blog\/#website","url":"https:\/\/www.estrategiaconcursos.com.br\/blog\/","name":"Estrat\u00e9gia Concursos","description":"O blog da Estrat\u00e9gia Concursos traz not\u00edcias sobre concursos e artigos de professores oferecendo cursos para concursos (pdf + videaulas) no site.","publisher":{"@id":"https:\/\/www.estrategiaconcursos.com.br\/blog\/#organization"},"potentialAction":[{"@type":"SearchAction","target":{"@type":"EntryPoint","urlTemplate":"https:\/\/www.estrategiaconcursos.com.br\/blog\/?s={search_term_string}"},"query-input":{"@type":"PropertyValueSpecification","valueRequired":true,"valueName":"search_term_string"}}],"inLanguage":"pt-BR"},{"@type":"Organization","@id":"https:\/\/www.estrategiaconcursos.com.br\/blog\/#organization","name":"Estrat\u00e9gia Concursos","url":"https:\/\/www.estrategiaconcursos.com.br\/blog\/","logo":{"@type":"ImageObject","inLanguage":"pt-BR","@id":"https:\/\/www.estrategiaconcursos.com.br\/blog\/#\/schema\/logo\/image\/","url":"https:\/\/dhg1h5j42swfq.cloudfront.net\/2025\/06\/03203428\/logo_concursos-1.jpg","contentUrl":"https:\/\/dhg1h5j42swfq.cloudfront.net\/2025\/06\/03203428\/logo_concursos-1.jpg","width":230,"height":60,"caption":"Estrat\u00e9gia Concursos"},"image":{"@id":"https:\/\/www.estrategiaconcursos.com.br\/blog\/#\/schema\/logo\/image\/"},"sameAs":["https:\/\/x.com\/EstratConcursos"]},{"@type":"Person","@id":"https:\/\/www.estrategiaconcursos.com.br\/blog\/#\/schema\/person\/4ddc4a162b4fdffa2ea9956dbf62f583","name":"S\u00e9rgio Mendes","image":{"@type":"ImageObject","inLanguage":"pt-BR","@id":"https:\/\/secure.gravatar.com\/avatar\/4eb4b562c33f40d6f7f76579da7e07350c69579df7db305d32a69ed32ecfd5ce?s=96&d=mm&r=g","url":"https:\/\/secure.gravatar.com\/avatar\/4eb4b562c33f40d6f7f76579da7e07350c69579df7db305d32a69ed32ecfd5ce?s=96&d=mm&r=g","contentUrl":"https:\/\/secure.gravatar.com\/avatar\/4eb4b562c33f40d6f7f76579da7e07350c69579df7db305d32a69ed32ecfd5ce?s=96&d=mm&r=g","caption":"S\u00e9rgio Mendes"},"sameAs":["https:\/\/www.facebook.com\/profsergiomendes"],"url":"https:\/\/www.estrategiaconcursos.com.br\/blog\/author\/sergiomendesestrategiaconcursos-com-br\/"}]}},"_links":{"self":[{"href":"https:\/\/www.estrategiaconcursos.com.br\/blog\/wp-json\/wp\/v2\/posts\/450028","targetHints":{"allow":["GET"]}}],"collection":[{"href":"https:\/\/www.estrategiaconcursos.com.br\/blog\/wp-json\/wp\/v2\/posts"}],"about":[{"href":"https:\/\/www.estrategiaconcursos.com.br\/blog\/wp-json\/wp\/v2\/types\/post"}],"author":[{"embeddable":true,"href":"https:\/\/www.estrategiaconcursos.com.br\/blog\/wp-json\/wp\/v2\/users\/29"}],"replies":[{"embeddable":true,"href":"https:\/\/www.estrategiaconcursos.com.br\/blog\/wp-json\/wp\/v2\/comments?post=450028"}],"version-history":[{"count":18,"href":"https:\/\/www.estrategiaconcursos.com.br\/blog\/wp-json\/wp\/v2\/posts\/450028\/revisions"}],"predecessor-version":[{"id":1231970,"href":"https:\/\/www.estrategiaconcursos.com.br\/blog\/wp-json\/wp\/v2\/posts\/450028\/revisions\/1231970"}],"wp:featuredmedia":[{"embeddable":true,"href":"https:\/\/www.estrategiaconcursos.com.br\/blog\/wp-json\/wp\/v2\/media\/446933"}],"wp:attachment":[{"href":"https:\/\/www.estrategiaconcursos.com.br\/blog\/wp-json\/wp\/v2\/media?parent=450028"}],"wp:term":[{"taxonomy":"category","embeddable":true,"href":"https:\/\/www.estrategiaconcursos.com.br\/blog\/wp-json\/wp\/v2\/categories?post=450028"},{"taxonomy":"post_tag","embeddable":true,"href":"https:\/\/www.estrategiaconcursos.com.br\/blog\/wp-json\/wp\/v2\/tags?post=450028"},{"taxonomy":"tax_estado","embeddable":true,"href":"https:\/\/www.estrategiaconcursos.com.br\/blog\/wp-json\/wp\/v2\/tax_estado?post=450028"}],"curies":[{"name":"wp","href":"https:\/\/api.w.org\/{rel}","templated":true}]}}