{"id":449956,"date":"2019-11-23T08:00:52","date_gmt":"2019-11-23T11:00:52","guid":{"rendered":"https:\/\/www.estrategiaconcursos.com.br\/blog\/?p=449956"},"modified":"2019-11-22T11:45:31","modified_gmt":"2019-11-22T14:45:31","slug":"promotor-mp-mg-revisao-de-vespera-23-11","status":"publish","type":"post","link":"https:\/\/www.estrategiaconcursos.com.br\/blog\/promotor-mp-mg-revisao-de-vespera-23-11\/","title":{"rendered":"Promotor MPMG: Revis\u00e3o de v\u00e9spera neste s\u00e1bado, 23\/11"},"content":{"rendered":"\n<p>Ser\u00e1 aplicada neste domingo, <strong>24 de novembro<\/strong>, a aplica\u00e7\u00e3o da prova objetiva para o cargo de <strong>Promotor de Justi\u00e7a do Minist\u00e9rio P\u00fablico de Minas Gerais<\/strong>. O certame oferta <strong>50 vagas<\/strong> para o cargo de Promotor de Justi\u00e7a Substituto, com remunera\u00e7\u00e3o inicial de <strong>R$ 30.404,42.<\/strong> <\/p>\n\n\n\n<p>Para ingressar na carreira, \u00e9 necess\u00e1rio ser&nbsp;<strong>bacharel em Direito<\/strong>&nbsp;e contar com&nbsp;<strong>tr\u00eas anos de atividade jur\u00eddica<\/strong>, completados at\u00e9 a data da&nbsp;<strong>inscri\u00e7\u00e3o definitiva<\/strong>, fase anterior \u00e0 <em>quarta etapa<\/em> do concurso, a Prova Oral. <\/p>\n\n\n\n<p>A Prova Objetiva ser\u00e1 composta por&nbsp;<strong><em>80 quest\u00f5es objetivas<\/em><\/strong>, de m\u00faltipla escolha, divididas em&nbsp;<strong><em>quatro grupos tem\u00e1ticos<\/em><\/strong> de disciplinas, com&nbsp;<strong><em>20 quest\u00f5es<\/em><\/strong> cada e dura\u00e7\u00e3o<strong><em>&nbsp;<\/em><\/strong>de<strong><em> 4 horas<\/em><\/strong>.<\/p>\n\n\n\n<p>Para ajudar os candidatos que est\u00e3o ansiosos nesses \u00faltimos dias antes do certame, o Estrat\u00e9gia Concursos preparou uma <em><strong>Revis\u00e3o de V\u00e9spera <\/strong><\/em>totalmente <strong><em>gratuita<\/em><\/strong><em> <\/em>que ocorrer\u00e1 neste <strong>s\u00e1bado<\/strong>, <strong>23 de novembro<\/strong>, transmitida <strong><em>ao vivo<\/em><\/strong> diretamente do <strong><em>canal do Estrat\u00e9gia no Youtube<\/em><\/strong>. <\/p>\n\n\n\n<p>Veja abaixo a programa\u00e7\u00e3o completa:  <\/p>\n\n\n\n<table class=\"wp-block-table aligncenter has-subtle-pale-blue-background-color has-fixed-layout has-background is-style-stripes\"><tbody><tr><td><strong>Hor\u00e1rio <\/strong><\/td><td><strong>Disciplina <\/strong><\/td><td><strong>Professor <\/strong><\/td><\/tr><tr><td>08:30 \u00e0s 9:30  <\/td><td>Direito Constitucional  <\/td><td>Prof.\u00ba Felipo Luz <\/td><\/tr><tr><td>09:30 \u00e0s 10:30 <\/td><td>Direito Penal <\/td><td>Prof.\u00ba Michael Proc\u00f3pio <\/td><\/tr><tr><td>10:30 \u00e0s 11:30 <\/td><td>Direito Processual Penal  <\/td><td>Prof.\u00ba Leonardo Tavares <\/td><\/tr><tr><td>11:30 \u00e0s 12:30 <\/td><td>Legisla\u00e7\u00e3o Penal e Processual Penal <\/td><td>Prof.\u00ba Ivan Marques <\/td><\/tr><tr><td><strong>12:30 \u00e0s 13:30<\/strong><\/td><td><strong>INTERVALO<\/strong><\/td><td><\/td><\/tr><tr><td>13:30 \u00e0s 14:30 <\/td><td>Direito Civil <\/td><td>Prof.\u00ba Paulo Sousa <\/td><\/tr><tr><td>14:30 \u00e0s 15:30 <\/td><td>Direito Processual Civil <\/td><td>Prof.\u00ba Rodrigo Vaslin <\/td><\/tr><tr><td>15:30 \u00e0s 16:30  <\/td><td>Direito Material e Processual Coletivo <\/td><td>Prof.\u00ba Vanderlei Garcia Jr. <\/td><\/tr><tr><td>16:30 \u00e0s 17:30  <\/td><td>Legisla\u00e7\u00e3o Institucional <\/td><td>Prof.\u00ba Igor Maciel <\/td><\/tr><\/tbody><\/table>\n\n\n\n<p><strong><em>Ser\u00e3o mais de 8 horas de revis\u00e3o para voc\u00ea tirar todas as suas d\u00favidas e relembrar os pontos mais importantes!<\/em><\/strong><\/p>\n\n\n\n<p style=\"font-size:25px;text-align:center\"><a href=\"https:\/\/www.estrategiaconcursos.com.br\/gratis\/aula-gratuita-mppg\/\">Inscreva-se Gr\u00e1tis<\/a><\/p>\n\n\n\n<div class=\"wp-block-image\"><figure class=\"aligncenter\"><img loading=\"lazy\" decoding=\"async\" width=\"1200\" height=\"300\" src=\"https:\/\/dhg1h5j42swfq.cloudfront.net\/2019\/11\/22114241\/banner-mp-mg.jpg\" alt=\"\" class=\"wp-image-450430\" srcset=\"https:\/\/dhg1h5j42swfq.cloudfront.net\/2019\/11\/22114241\/banner-mp-mg.jpg 1200w, https:\/\/dhg1h5j42swfq.cloudfront.net\/2019\/11\/22114241\/banner-mp-mg.jpg 300w, https:\/\/dhg1h5j42swfq.cloudfront.net\/2019\/11\/22114241\/banner-mp-mg.jpg 768w, https:\/\/dhg1h5j42swfq.cloudfront.net\/2019\/11\/22114241\/banner-mp-mg.jpg 1024w, https:\/\/dhg1h5j42swfq.cloudfront.net\/2019\/11\/22114241\/banner-mp-mg.jpg 610w\" sizes=\"auto, (max-width: 1200px) 100vw, 1200px\" \/><\/figure><\/div>\n\n\n\n<p style=\"font-size:22px;text-align:center\" class=\"has-background has-light-green-cyan-background-color\"><strong><em>Mais informa\u00e7\u00f5es:&nbsp;<\/em><\/strong><a href=\"https:\/\/www.estrategiaconcursos.com.br\/blog\/concurso-mp-mg-promotor\/\"><strong><em>concurso MPMG Promotor<\/em><\/strong><\/a><\/p>\n\n\n\n<h2 class=\"wp-block-heading\" style=\"text-align:center\" id=\"cursos-concurso-mpmg\">Quer se preparar para o pr\u00f3ximo concurso MPMG Promotor?<\/h2>\n\n\n\n<p style=\"font-size:22px;text-align:center\" class=\"has-background has-very-light-gray-background-color\"><a rel=\"noreferrer noopener\" href=\"https:\/\/www.estrategiaconcursos.com.br\/cursosPorConcurso\/mp-mg-promotor-de-justica\/\" target=\"_blank\"><strong>CURSO MPMG PROMOTOR<\/strong><\/a><\/p>\n\n\n\n<p style=\"font-size:22px;text-align:center\" class=\"has-background has-luminous-vivid-amber-background-color\"><strong><a href=\"https:\/\/www.estrategiaconcursos.com.br\/gratis\/melhor-black-friday\/\" target=\"_blank\" rel=\"noreferrer noopener\">PROMO\u00c7\u00c3O: \u00c9 MELHOR QUE BLACK FRIDAY!<\/a><\/strong><\/p>\n\n\n\n<p style=\"text-align:center\"><em><strong>Fique por dentro de todos os concursos<\/strong><\/em>:<\/p>\n\n\n\n<p style=\"font-size:25px;text-align:center\" class=\"has-background has-pale-cyan-blue-background-color\"><strong><a href=\"https:\/\/www.estrategiaconcursos.com.br\/blog\/concursos-abertos\/\" target=\"_blank\" rel=\"noreferrer noopener\">Concursos abertos<\/a><\/strong><\/p>\n\n\n\n<p style=\"font-size:25px;text-align:center\" class=\"has-background has-pale-cyan-blue-background-color\"><strong><a href=\"https:\/\/www.estrategiaconcursos.com.br\/blog\/concursos-2019\/\" target=\"_blank\" rel=\"noreferrer noopener\">Concursos 2019<\/a><\/strong><\/p>\n\n\n\n<p style=\"font-size:25px;text-align:center\" class=\"has-background has-pale-cyan-blue-background-color\"><a rel=\"noreferrer noopener\" href=\"https:\/\/www.estrategiaconcursos.com.br\/blog\/concursos-2020\/\" target=\"_blank\"><strong>Concursos 2020<\/strong><\/a><\/p>\n\n\n\n<p style=\"font-size:25px;text-align:center\" class=\"has-background has-light-green-cyan-background-color\"><strong><a href=\"https:\/\/www.estrategiaconcursos.com.br\/blog\/concursos-de-direito\/\" target=\"_blank\" rel=\"noreferrer noopener\">Concursos de Direito<\/a><\/strong><\/p>\n","protected":false},"excerpt":{"rendered":"<p>Ser\u00e1 aplicada neste domingo, 24 de novembro, a aplica\u00e7\u00e3o da prova objetiva para o cargo de Promotor de Justi\u00e7a do Minist\u00e9rio P\u00fablico de Minas Gerais. O certame oferta 50 vagas para o cargo de Promotor de Justi\u00e7a Substituto, com remunera\u00e7\u00e3o inicial de R$ 30.404,42. Para ingressar na carreira, \u00e9 necess\u00e1rio ser&nbsp;bacharel em Direito&nbsp;e contar com&nbsp;tr\u00eas [&hellip;]<\/p>\n","protected":false},"author":180,"featured_media":450127,"comment_status":"open","ping_status":"closed","sticky":false,"template":"","format":"standard","meta":{"post_tipo":"article","footnotes":""},"categories":[1,2185],"tags":[],"tax_estado":[],"class_list":["post-449956","post","type-post","status-publish","format-standard","has-post-thumbnail","hentry","category-cursos-e-concursos","category-carreiras-juridicas"],"acf":[],"yoast_head":"<!-- This site is optimized with the Yoast SEO Premium plugin v27.2 (Yoast SEO v27.2) - https:\/\/yoast.com\/product\/yoast-seo-premium-wordpress\/ -->\n<title>Promotor MPMG: Revis\u00e3o de v\u00e9spera neste s\u00e1bado, 23\/11<\/title>\n<meta name=\"robots\" content=\"index, follow, max-snippet:-1, max-image-preview:large, max-video-preview:-1\" \/>\n<link rel=\"canonical\" href=\"https:\/\/www.estrategiaconcursos.com.br\/blog\/promotor-mp-mg-revisao-de-vespera-23-11\/\" \/>\n<meta property=\"og:locale\" content=\"pt_BR\" \/>\n<meta property=\"og:type\" content=\"article\" \/>\n<meta property=\"og:title\" content=\"Promotor MPMG: Revis\u00e3o de v\u00e9spera neste s\u00e1bado, 23\/11\" \/>\n<meta property=\"og:description\" content=\"Ser\u00e1 aplicada neste domingo, 24 de novembro, a aplica\u00e7\u00e3o da prova objetiva para o cargo de Promotor de Justi\u00e7a do Minist\u00e9rio P\u00fablico de Minas Gerais. O certame oferta 50 vagas para o cargo de Promotor de Justi\u00e7a Substituto, com remunera\u00e7\u00e3o inicial de R$ 30.404,42. Para ingressar na carreira, \u00e9 necess\u00e1rio ser&nbsp;bacharel em Direito&nbsp;e contar com&nbsp;tr\u00eas [&hellip;]\" \/>\n<meta property=\"og:url\" content=\"https:\/\/www.estrategiaconcursos.com.br\/blog\/promotor-mp-mg-revisao-de-vespera-23-11\/\" \/>\n<meta property=\"og:site_name\" content=\"Estrat\u00e9gia Concursos\" \/>\n<meta property=\"article:author\" content=\"https:\/\/www.facebook.com\/ricardo.s.torques\" \/>\n<meta property=\"article:published_time\" content=\"2019-11-23T11:00:52+00:00\" \/>\n<meta property=\"og:image\" content=\"https:\/\/dhg1h5j42swfq.cloudfront.net\/2019\/11\/21162237\/youtube-mp-mg.jpg\" \/>\n\t<meta property=\"og:image:width\" content=\"1200\" \/>\n\t<meta property=\"og:image:height\" content=\"675\" \/>\n\t<meta property=\"og:image:type\" content=\"image\/jpeg\" \/>\n<meta name=\"author\" content=\"Ricardo Torques\" \/>\n<meta name=\"twitter:card\" content=\"summary_large_image\" \/>\n<meta name=\"twitter:creator\" content=\"@EstratConcursos\" \/>\n<meta name=\"twitter:site\" content=\"@EstratConcursos\" \/>\n<meta name=\"twitter:label1\" content=\"Escrito por\" \/>\n\t<meta name=\"twitter:data1\" content=\"Ricardo Torques\" \/>\n\t<meta name=\"twitter:label2\" content=\"Est. tempo de leitura\" \/>\n\t<meta name=\"twitter:data2\" content=\"2 minutos\" \/>\n<script type=\"application\/ld+json\" class=\"yoast-schema-graph\">{\"@context\":\"https:\/\/schema.org\",\"@graph\":[{\"@type\":\"NewsArticle\",\"@id\":\"https:\/\/www.estrategiaconcursos.com.br\/blog\/promotor-mp-mg-revisao-de-vespera-23-11\/#article\",\"isPartOf\":{\"@id\":\"https:\/\/www.estrategiaconcursos.com.br\/blog\/promotor-mp-mg-revisao-de-vespera-23-11\/\"},\"author\":{\"name\":\"Ricardo Torques\",\"@id\":\"https:\/\/www.estrategiaconcursos.com.br\/blog\/#\/schema\/person\/aa39cf5ddb518e5bdce27c35788405e2\"},\"headline\":\"Promotor MPMG: Revis\u00e3o de v\u00e9spera neste s\u00e1bado, 23\/11\",\"datePublished\":\"2019-11-23T11:00:52+00:00\",\"mainEntityOfPage\":{\"@id\":\"https:\/\/www.estrategiaconcursos.com.br\/blog\/promotor-mp-mg-revisao-de-vespera-23-11\/\"},\"wordCount\":314,\"commentCount\":0,\"publisher\":{\"@id\":\"https:\/\/www.estrategiaconcursos.com.br\/blog\/#organization\"},\"image\":{\"@id\":\"https:\/\/www.estrategiaconcursos.com.br\/blog\/promotor-mp-mg-revisao-de-vespera-23-11\/#primaryimage\"},\"thumbnailUrl\":\"https:\/\/dhg1h5j42swfq.cloudfront.net\/2019\/11\/21162237\/youtube-mp-mg.jpg\",\"articleSection\":[\"Concursos P\u00fablicos\",\"Jur\u00eddico\"],\"inLanguage\":\"pt-BR\",\"potentialAction\":[{\"@type\":\"CommentAction\",\"name\":\"Comment\",\"target\":[\"https:\/\/www.estrategiaconcursos.com.br\/blog\/promotor-mp-mg-revisao-de-vespera-23-11\/#respond\"]}],\"copyrightYear\":\"2019\",\"copyrightHolder\":{\"@id\":\"https:\/\/www.estrategiaconcursos.com.br\/blog\/#organization\"}},{\"@type\":\"WebPage\",\"@id\":\"https:\/\/www.estrategiaconcursos.com.br\/blog\/promotor-mp-mg-revisao-de-vespera-23-11\/\",\"url\":\"https:\/\/www.estrategiaconcursos.com.br\/blog\/promotor-mp-mg-revisao-de-vespera-23-11\/\",\"name\":\"Promotor MPMG: Revis\u00e3o de v\u00e9spera neste s\u00e1bado, 23\/11\",\"isPartOf\":{\"@id\":\"https:\/\/www.estrategiaconcursos.com.br\/blog\/#website\"},\"primaryImageOfPage\":{\"@id\":\"https:\/\/www.estrategiaconcursos.com.br\/blog\/promotor-mp-mg-revisao-de-vespera-23-11\/#primaryimage\"},\"image\":{\"@id\":\"https:\/\/www.estrategiaconcursos.com.br\/blog\/promotor-mp-mg-revisao-de-vespera-23-11\/#primaryimage\"},\"thumbnailUrl\":\"https:\/\/dhg1h5j42swfq.cloudfront.net\/2019\/11\/21162237\/youtube-mp-mg.jpg\",\"datePublished\":\"2019-11-23T11:00:52+00:00\",\"breadcrumb\":{\"@id\":\"https:\/\/www.estrategiaconcursos.com.br\/blog\/promotor-mp-mg-revisao-de-vespera-23-11\/#breadcrumb\"},\"inLanguage\":\"pt-BR\",\"potentialAction\":[{\"@type\":\"ReadAction\",\"target\":[\"https:\/\/www.estrategiaconcursos.com.br\/blog\/promotor-mp-mg-revisao-de-vespera-23-11\/\"]}]},{\"@type\":\"ImageObject\",\"inLanguage\":\"pt-BR\",\"@id\":\"https:\/\/www.estrategiaconcursos.com.br\/blog\/promotor-mp-mg-revisao-de-vespera-23-11\/#primaryimage\",\"url\":\"https:\/\/dhg1h5j42swfq.cloudfront.net\/2019\/11\/21162237\/youtube-mp-mg.jpg\",\"contentUrl\":\"https:\/\/dhg1h5j42swfq.cloudfront.net\/2019\/11\/21162237\/youtube-mp-mg.jpg\",\"width\":1200,\"height\":675},{\"@type\":\"BreadcrumbList\",\"@id\":\"https:\/\/www.estrategiaconcursos.com.br\/blog\/promotor-mp-mg-revisao-de-vespera-23-11\/#breadcrumb\",\"itemListElement\":[{\"@type\":\"ListItem\",\"position\":1,\"name\":\"In\u00edcio\",\"item\":\"https:\/\/www.estrategiaconcursos.com.br\/blog\/\"},{\"@type\":\"ListItem\",\"position\":2,\"name\":\"Promotor MPMG: Revis\u00e3o de v\u00e9spera neste s\u00e1bado, 23\/11\"}]},{\"@type\":\"WebSite\",\"@id\":\"https:\/\/www.estrategiaconcursos.com.br\/blog\/#website\",\"url\":\"https:\/\/www.estrategiaconcursos.com.br\/blog\/\",\"name\":\"Estrat\u00e9gia Concursos\",\"description\":\"O blog da Estrat\u00e9gia Concursos traz not\u00edcias sobre concursos e artigos de professores oferecendo cursos para concursos (pdf + videaulas) no site.\",\"publisher\":{\"@id\":\"https:\/\/www.estrategiaconcursos.com.br\/blog\/#organization\"},\"potentialAction\":[{\"@type\":\"SearchAction\",\"target\":{\"@type\":\"EntryPoint\",\"urlTemplate\":\"https:\/\/www.estrategiaconcursos.com.br\/blog\/?s={search_term_string}\"},\"query-input\":{\"@type\":\"PropertyValueSpecification\",\"valueRequired\":true,\"valueName\":\"search_term_string\"}}],\"inLanguage\":\"pt-BR\"},{\"@type\":\"Organization\",\"@id\":\"https:\/\/www.estrategiaconcursos.com.br\/blog\/#organization\",\"name\":\"Estrat\u00e9gia Concursos\",\"url\":\"https:\/\/www.estrategiaconcursos.com.br\/blog\/\",\"logo\":{\"@type\":\"ImageObject\",\"inLanguage\":\"pt-BR\",\"@id\":\"https:\/\/www.estrategiaconcursos.com.br\/blog\/#\/schema\/logo\/image\/\",\"url\":\"https:\/\/dhg1h5j42swfq.cloudfront.net\/2025\/06\/03203428\/logo_concursos-1.jpg\",\"contentUrl\":\"https:\/\/dhg1h5j42swfq.cloudfront.net\/2025\/06\/03203428\/logo_concursos-1.jpg\",\"width\":230,\"height\":60,\"caption\":\"Estrat\u00e9gia Concursos\"},\"image\":{\"@id\":\"https:\/\/www.estrategiaconcursos.com.br\/blog\/#\/schema\/logo\/image\/\"},\"sameAs\":[\"https:\/\/x.com\/EstratConcursos\"]},{\"@type\":\"Person\",\"@id\":\"https:\/\/www.estrategiaconcursos.com.br\/blog\/#\/schema\/person\/aa39cf5ddb518e5bdce27c35788405e2\",\"name\":\"Ricardo Torques\",\"image\":{\"@type\":\"ImageObject\",\"inLanguage\":\"pt-BR\",\"@id\":\"https:\/\/secure.gravatar.com\/avatar\/ce9ac6c3cff25fe86d15ed568ebc64d1724baf5c0693133bcb1f6073f712f92a?s=96&d=mm&r=g\",\"url\":\"https:\/\/secure.gravatar.com\/avatar\/ce9ac6c3cff25fe86d15ed568ebc64d1724baf5c0693133bcb1f6073f712f92a?s=96&d=mm&r=g\",\"contentUrl\":\"https:\/\/secure.gravatar.com\/avatar\/ce9ac6c3cff25fe86d15ed568ebc64d1724baf5c0693133bcb1f6073f712f92a?s=96&d=mm&r=g\",\"caption\":\"Ricardo Torques\"},\"sameAs\":[\"https:\/\/www.facebook.com\/ricardo.s.torques\"],\"url\":\"https:\/\/www.estrategiaconcursos.com.br\/blog\/author\/ricardotorquesestrategiaconcursos-com-br\/\"}]}<\/script>\n<!-- \/ Yoast SEO Premium plugin. -->","yoast_head_json":{"title":"Promotor MPMG: Revis\u00e3o de v\u00e9spera neste s\u00e1bado, 23\/11","robots":{"index":"index","follow":"follow","max-snippet":"max-snippet:-1","max-image-preview":"max-image-preview:large","max-video-preview":"max-video-preview:-1"},"canonical":"https:\/\/www.estrategiaconcursos.com.br\/blog\/promotor-mp-mg-revisao-de-vespera-23-11\/","og_locale":"pt_BR","og_type":"article","og_title":"Promotor MPMG: Revis\u00e3o de v\u00e9spera neste s\u00e1bado, 23\/11","og_description":"Ser\u00e1 aplicada neste domingo, 24 de novembro, a aplica\u00e7\u00e3o da prova objetiva para o cargo de Promotor de Justi\u00e7a do Minist\u00e9rio P\u00fablico de Minas Gerais. O certame oferta 50 vagas para o cargo de Promotor de Justi\u00e7a Substituto, com remunera\u00e7\u00e3o inicial de R$ 30.404,42. Para ingressar na carreira, \u00e9 necess\u00e1rio ser&nbsp;bacharel em Direito&nbsp;e contar com&nbsp;tr\u00eas [&hellip;]","og_url":"https:\/\/www.estrategiaconcursos.com.br\/blog\/promotor-mp-mg-revisao-de-vespera-23-11\/","og_site_name":"Estrat\u00e9gia Concursos","article_author":"https:\/\/www.facebook.com\/ricardo.s.torques","article_published_time":"2019-11-23T11:00:52+00:00","og_image":[{"width":1200,"height":675,"url":"https:\/\/dhg1h5j42swfq.cloudfront.net\/2019\/11\/21162237\/youtube-mp-mg.jpg","type":"image\/jpeg"}],"author":"Ricardo Torques","twitter_card":"summary_large_image","twitter_creator":"@EstratConcursos","twitter_site":"@EstratConcursos","twitter_misc":{"Escrito por":"Ricardo Torques","Est. tempo de leitura":"2 minutos"},"schema":{"@context":"https:\/\/schema.org","@graph":[{"@type":"NewsArticle","@id":"https:\/\/www.estrategiaconcursos.com.br\/blog\/promotor-mp-mg-revisao-de-vespera-23-11\/#article","isPartOf":{"@id":"https:\/\/www.estrategiaconcursos.com.br\/blog\/promotor-mp-mg-revisao-de-vespera-23-11\/"},"author":{"name":"Ricardo Torques","@id":"https:\/\/www.estrategiaconcursos.com.br\/blog\/#\/schema\/person\/aa39cf5ddb518e5bdce27c35788405e2"},"headline":"Promotor MPMG: Revis\u00e3o de v\u00e9spera neste s\u00e1bado, 23\/11","datePublished":"2019-11-23T11:00:52+00:00","mainEntityOfPage":{"@id":"https:\/\/www.estrategiaconcursos.com.br\/blog\/promotor-mp-mg-revisao-de-vespera-23-11\/"},"wordCount":314,"commentCount":0,"publisher":{"@id":"https:\/\/www.estrategiaconcursos.com.br\/blog\/#organization"},"image":{"@id":"https:\/\/www.estrategiaconcursos.com.br\/blog\/promotor-mp-mg-revisao-de-vespera-23-11\/#primaryimage"},"thumbnailUrl":"https:\/\/dhg1h5j42swfq.cloudfront.net\/2019\/11\/21162237\/youtube-mp-mg.jpg","articleSection":["Concursos P\u00fablicos","Jur\u00eddico"],"inLanguage":"pt-BR","potentialAction":[{"@type":"CommentAction","name":"Comment","target":["https:\/\/www.estrategiaconcursos.com.br\/blog\/promotor-mp-mg-revisao-de-vespera-23-11\/#respond"]}],"copyrightYear":"2019","copyrightHolder":{"@id":"https:\/\/www.estrategiaconcursos.com.br\/blog\/#organization"}},{"@type":"WebPage","@id":"https:\/\/www.estrategiaconcursos.com.br\/blog\/promotor-mp-mg-revisao-de-vespera-23-11\/","url":"https:\/\/www.estrategiaconcursos.com.br\/blog\/promotor-mp-mg-revisao-de-vespera-23-11\/","name":"Promotor MPMG: Revis\u00e3o de v\u00e9spera neste s\u00e1bado, 23\/11","isPartOf":{"@id":"https:\/\/www.estrategiaconcursos.com.br\/blog\/#website"},"primaryImageOfPage":{"@id":"https:\/\/www.estrategiaconcursos.com.br\/blog\/promotor-mp-mg-revisao-de-vespera-23-11\/#primaryimage"},"image":{"@id":"https:\/\/www.estrategiaconcursos.com.br\/blog\/promotor-mp-mg-revisao-de-vespera-23-11\/#primaryimage"},"thumbnailUrl":"https:\/\/dhg1h5j42swfq.cloudfront.net\/2019\/11\/21162237\/youtube-mp-mg.jpg","datePublished":"2019-11-23T11:00:52+00:00","breadcrumb":{"@id":"https:\/\/www.estrategiaconcursos.com.br\/blog\/promotor-mp-mg-revisao-de-vespera-23-11\/#breadcrumb"},"inLanguage":"pt-BR","potentialAction":[{"@type":"ReadAction","target":["https:\/\/www.estrategiaconcursos.com.br\/blog\/promotor-mp-mg-revisao-de-vespera-23-11\/"]}]},{"@type":"ImageObject","inLanguage":"pt-BR","@id":"https:\/\/www.estrategiaconcursos.com.br\/blog\/promotor-mp-mg-revisao-de-vespera-23-11\/#primaryimage","url":"https:\/\/dhg1h5j42swfq.cloudfront.net\/2019\/11\/21162237\/youtube-mp-mg.jpg","contentUrl":"https:\/\/dhg1h5j42swfq.cloudfront.net\/2019\/11\/21162237\/youtube-mp-mg.jpg","width":1200,"height":675},{"@type":"BreadcrumbList","@id":"https:\/\/www.estrategiaconcursos.com.br\/blog\/promotor-mp-mg-revisao-de-vespera-23-11\/#breadcrumb","itemListElement":[{"@type":"ListItem","position":1,"name":"In\u00edcio","item":"https:\/\/www.estrategiaconcursos.com.br\/blog\/"},{"@type":"ListItem","position":2,"name":"Promotor MPMG: Revis\u00e3o de v\u00e9spera neste s\u00e1bado, 23\/11"}]},{"@type":"WebSite","@id":"https:\/\/www.estrategiaconcursos.com.br\/blog\/#website","url":"https:\/\/www.estrategiaconcursos.com.br\/blog\/","name":"Estrat\u00e9gia Concursos","description":"O blog da Estrat\u00e9gia Concursos traz not\u00edcias sobre concursos e artigos de professores oferecendo cursos para concursos (pdf + videaulas) no site.","publisher":{"@id":"https:\/\/www.estrategiaconcursos.com.br\/blog\/#organization"},"potentialAction":[{"@type":"SearchAction","target":{"@type":"EntryPoint","urlTemplate":"https:\/\/www.estrategiaconcursos.com.br\/blog\/?s={search_term_string}"},"query-input":{"@type":"PropertyValueSpecification","valueRequired":true,"valueName":"search_term_string"}}],"inLanguage":"pt-BR"},{"@type":"Organization","@id":"https:\/\/www.estrategiaconcursos.com.br\/blog\/#organization","name":"Estrat\u00e9gia Concursos","url":"https:\/\/www.estrategiaconcursos.com.br\/blog\/","logo":{"@type":"ImageObject","inLanguage":"pt-BR","@id":"https:\/\/www.estrategiaconcursos.com.br\/blog\/#\/schema\/logo\/image\/","url":"https:\/\/dhg1h5j42swfq.cloudfront.net\/2025\/06\/03203428\/logo_concursos-1.jpg","contentUrl":"https:\/\/dhg1h5j42swfq.cloudfront.net\/2025\/06\/03203428\/logo_concursos-1.jpg","width":230,"height":60,"caption":"Estrat\u00e9gia Concursos"},"image":{"@id":"https:\/\/www.estrategiaconcursos.com.br\/blog\/#\/schema\/logo\/image\/"},"sameAs":["https:\/\/x.com\/EstratConcursos"]},{"@type":"Person","@id":"https:\/\/www.estrategiaconcursos.com.br\/blog\/#\/schema\/person\/aa39cf5ddb518e5bdce27c35788405e2","name":"Ricardo Torques","image":{"@type":"ImageObject","inLanguage":"pt-BR","@id":"https:\/\/secure.gravatar.com\/avatar\/ce9ac6c3cff25fe86d15ed568ebc64d1724baf5c0693133bcb1f6073f712f92a?s=96&d=mm&r=g","url":"https:\/\/secure.gravatar.com\/avatar\/ce9ac6c3cff25fe86d15ed568ebc64d1724baf5c0693133bcb1f6073f712f92a?s=96&d=mm&r=g","contentUrl":"https:\/\/secure.gravatar.com\/avatar\/ce9ac6c3cff25fe86d15ed568ebc64d1724baf5c0693133bcb1f6073f712f92a?s=96&d=mm&r=g","caption":"Ricardo Torques"},"sameAs":["https:\/\/www.facebook.com\/ricardo.s.torques"],"url":"https:\/\/www.estrategiaconcursos.com.br\/blog\/author\/ricardotorquesestrategiaconcursos-com-br\/"}]}},"_links":{"self":[{"href":"https:\/\/www.estrategiaconcursos.com.br\/blog\/wp-json\/wp\/v2\/posts\/449956","targetHints":{"allow":["GET"]}}],"collection":[{"href":"https:\/\/www.estrategiaconcursos.com.br\/blog\/wp-json\/wp\/v2\/posts"}],"about":[{"href":"https:\/\/www.estrategiaconcursos.com.br\/blog\/wp-json\/wp\/v2\/types\/post"}],"author":[{"embeddable":true,"href":"https:\/\/www.estrategiaconcursos.com.br\/blog\/wp-json\/wp\/v2\/users\/180"}],"replies":[{"embeddable":true,"href":"https:\/\/www.estrategiaconcursos.com.br\/blog\/wp-json\/wp\/v2\/comments?post=449956"}],"version-history":[{"count":21,"href":"https:\/\/www.estrategiaconcursos.com.br\/blog\/wp-json\/wp\/v2\/posts\/449956\/revisions"}],"predecessor-version":[{"id":450432,"href":"https:\/\/www.estrategiaconcursos.com.br\/blog\/wp-json\/wp\/v2\/posts\/449956\/revisions\/450432"}],"wp:featuredmedia":[{"embeddable":true,"href":"https:\/\/www.estrategiaconcursos.com.br\/blog\/wp-json\/wp\/v2\/media\/450127"}],"wp:attachment":[{"href":"https:\/\/www.estrategiaconcursos.com.br\/blog\/wp-json\/wp\/v2\/media?parent=449956"}],"wp:term":[{"taxonomy":"category","embeddable":true,"href":"https:\/\/www.estrategiaconcursos.com.br\/blog\/wp-json\/wp\/v2\/categories?post=449956"},{"taxonomy":"post_tag","embeddable":true,"href":"https:\/\/www.estrategiaconcursos.com.br\/blog\/wp-json\/wp\/v2\/tags?post=449956"},{"taxonomy":"tax_estado","embeddable":true,"href":"https:\/\/www.estrategiaconcursos.com.br\/blog\/wp-json\/wp\/v2\/tax_estado?post=449956"}],"curies":[{"name":"wp","href":"https:\/\/api.w.org\/{rel}","templated":true}]}}