{"id":449518,"date":"2019-11-20T01:09:56","date_gmt":"2019-11-20T04:09:56","guid":{"rendered":"https:\/\/www.estrategiaconcursos.com.br\/blog\/?p=449518"},"modified":"2019-11-20T01:10:00","modified_gmt":"2019-11-20T04:10:00","slug":"lancamento-da-trilha-estrategica-pos-edital-ebserh-nacional-area-administrativa","status":"publish","type":"post","link":"https:\/\/www.estrategiaconcursos.com.br\/blog\/lancamento-da-trilha-estrategica-pos-edital-ebserh-nacional-area-administrativa\/","title":{"rendered":"Lan\u00e7amento da Trilha Estrat\u00e9gica p\u00f3s-edital EBSERH (Nacional) \u2013 \u00c1rea Administrativa"},"content":{"rendered":"\n<p>Ol\u00e1, futuros servidores! Ap\u00f3s a publica\u00e7\u00e3o do edital,\nchegou a hora de intensificar os estudos.<\/p>\n\n\n\n<p><strong>E como ser\u00e1 esse\nconcurso?<\/strong><\/p>\n\n\n\n<p>O concurso da &nbsp;EBSERH para a \u00e1rea administrativa (abrang\u00eancia\nnacional) traz 129 vagas e remunera\u00e7\u00f5es que variam entre R$ 2.451,14 e R$\n10.350,46, a depender do cargo e carga hor\u00e1ria.<\/p>\n\n\n\n<p>As provas objetivas possuir\u00e3o somente quest\u00f5es de m\u00faltipla escolha, ter\u00e3o dura\u00e7\u00e3o de 4 horas e ser\u00e3o aplicadas no dia <strong>02 de fevereiro de 2020<\/strong>. Ou seja, temos apenas 10 semanas para estudar o conte\u00fado program\u00e1tico previsto no Edital.<\/p>\n\n\n\n<p>Temos pouco tempo? Sim! Por\u00e9m, quem estuda com o\nEstrat\u00e9gia Concursos ter\u00e1 acesso a uma ferramenta fant\u00e1stica, que otimizar\u00e1\nmuito seu estudo nesse per\u00edodo curto e conturbado: o p\u00f3s-edital.<\/p>\n\n\n\n<p><strong>A prova j\u00e1 est\u00e1\na\u00ed&#8230; E agora? Como me preparar melhor?<\/strong><\/p>\n\n\n\n<p>Al\u00e9m do material te\u00f3rico completo para este\ncertame, voc\u00ea, aluno do Estrat\u00e9gia, contar\u00e1 com a <strong><em>Trilha Estrat\u00e9gica<\/em><\/strong>,\nque nada mais \u00e9 do que o <strong>caminho das\npedras para a aprova\u00e7\u00e3o!<\/strong><\/p>\n\n\n\n<p><strong>Mas, afinal, o que\n\u00e9 a Trilha Estrat\u00e9gica?<\/strong><\/p>\n\n\n\n<p>Trata-se de um arquivo em PDF, lan\u00e7ado semanalmente\nna \u00e1rea do aluno, <strong>indicando sugest\u00f5es de estudo, por disciplina e ciclos de\nestudos<\/strong>, que funciona da seguinte forma:<\/p>\n\n\n\n<ul class=\"wp-block-list\"><li>Os\n     arquivos <em>pdfs<\/em> s\u00e3o liberados <strong><em>semanalmente<\/em><\/strong>, o aluno\n     consultar\u00e1 as tarefas de estudo indicadas para aquela determinada semana.<\/li><li>A\n     libera\u00e7\u00e3o dos <em>pdfs<\/em> das trilhas ocorrer\u00e1 \u00e0s <strong><em>segundas-feiras<\/em><\/strong>,\n     at\u00e9 a segunda-feira anterior \u00e0 data da prova.<\/li><li>Como\n     h\u00e1 <strong><em>alunos de diversos n\u00edveis<\/em><\/strong> acompanhando as trilhas, vamos\n     sempre indicando a import\u00e2ncia de estudo de cada assunto e o seu custo x\n     benef\u00edcio. Dessa forma, <strong>o aluno<\/strong> pode decidir se tem tempo para\n     estudar uma tarefa com baixo custo x benef\u00edcio ou se vale a pena pular\n     essa tarefa.<\/li><li>A\n     ideia aqui \u00e9 simples: se tiver<strong><em> tempo para estudar apenas<\/em><\/strong> <strong>parte\n     do conte\u00fado<\/strong> program\u00e1tico do edital, ent\u00e3o invista esse tempo que tem\n     nos conte\u00fados mais relevantes, que ser\u00e3o apontados nas tarefas. Dessa\n     forma, dentro do seu tempo dispon\u00edvel, estar\u00e1 fazendo o estudo mais\n     estrat\u00e9gico poss\u00edvel.<\/li><li>Nas\n     trilhas, recomendamos o estudo das aulas do <strong><em>pacote completo do\n     Estrat\u00e9gia<\/em><\/strong> e cadernos de quest\u00f5es do site <strong><em>TEC Concursos<\/em><\/strong>.\n     Quem possui o pacote completo automaticamente possui todas as aulas do\n     curso. Entretanto, pode ser que tenhamos alunos aqui que n\u00e3o sejam\n     assinantes do TEC Concursos. Nesse caso, basta pular as tarefas que\n     indiquem esse material. Mas recomendamos fortemente tal plataforma, pois\n     assim conseguiremos praticar mais exerc\u00edcios at\u00e9 a prova.<\/li><li>Temos\n     como <strong><em>objetivo cobrir todo o edital<\/em> <\/strong>da EBSERH nas tarefas da\n     Trilha. Entretanto, como explicamos acima, o concurseiro mais iniciante\n     e\/ou com menos tempo precisar\u00e1 levar em considera\u00e7\u00e3o a execu\u00e7\u00e3o em cada\n     tarefa e sua relev\u00e2ncia.<\/li><\/ul>\n\n\n\n<p>Em suma, as <strong>Trilhas Estrat\u00e9gicas<\/strong> s\u00e3o um <strong>guia\nde estudos<\/strong>: toda semana, um PDF com orienta\u00e7\u00f5es de estudos \u00e9 liberado na\n\u00e1rea do aluno assinante. A meta \u00e9 que o aluno tente estudar o que \u00e9 proposto em\ncada PDF da Trilha em 01 semana, conforme a periodicidade de libera\u00e7\u00e3o. Mas,\ncomo cada um possui a sua pr\u00f3pria carga hor\u00e1ria de estudos e n\u00edvel diferente de\nprepara\u00e7\u00e3o, o aluno pode fazer pequenas adapta\u00e7\u00f5es.<\/p>\n\n\n\n<p>Portanto, iniciamos um projeto de estudo P\u00f3s-Edital\ncom um objetivo nobre e desafiador: queremos, nessa reta final at\u00e9 a prova, <strong>fazer\na melhor prepara\u00e7\u00e3o <\/strong>a fim de voc\u00ea seja<strong> APROVADO <\/strong>no concurso da\nEBSERH.<\/p>\n\n\n\n<p>Se voc\u00ea j\u00e1 est\u00e1 estudando firme h\u00e1 bastante tempo,\na <strong><em>Trilha Estrat\u00e9gica<\/em><\/strong> ser\u00e1 uma \u00f3tima oportunidade para que voc\u00ea\npossa <strong>aumentar<\/strong> ainda mais seu <strong>rendimento<\/strong>.<\/p>\n\n\n\n<p>Por\u00e9m, se voc\u00ea est\u00e1 iniciando agora os estudos, e\nprecisa tirar atrasos e priorizar assuntos, a <strong><em>Trilha Estrat\u00e9gica<\/em><\/strong>\nser\u00e1 essencial, porque vai permitir justamente que voc\u00ea se concentre naquilo\nque ser\u00e1 <strong>necess\u00e1rio<\/strong> para a sua aprova\u00e7\u00e3o.<\/p>\n\n\n\n<p>Em r\u00e1pidas palavras, as Trilhas Estrat\u00e9gicas s\u00e3o formadas por tr\u00eas elementos: arquivos em\u00a0<em>pdf<\/em>,\u00a0<em>Telegram<\/em>\u00a0e o\u00a0<em>coach<\/em>.<\/p>\n\n\n\n<p>Os&nbsp;<strong><em>arquivos em pdf<\/em><\/strong>&nbsp;das\nTrilhas s\u00e3o elaborados e liberados, semanalmente, pelo organizador da trilha,\natrav\u00e9s da \u00c1rea do Aluno assinante ou que adquirir o pacote completo da EBSERH.\nEsses arquivos trazem direcionamento para 1 (uma) semana de estudo.<\/p>\n\n\n\n<p>O&nbsp;<strong><em>Telegram<\/em><\/strong>&nbsp;\u00e9 a plataforma\nque vai permitir o contato do organizador da trilha com os alunos assinantes.\nAtrav\u00e9s do&nbsp;<em>Telegram<\/em>, o organizador manter\u00e1 contato com os alunos,\nenviando informa\u00e7\u00f5es importantes, dicas e conte\u00fados motivacionais. E os alunos\npoder\u00e3o enviar suas d\u00favidas.<\/p>\n\n\n\n<p>O&nbsp;<strong><em>coach<\/em><\/strong>&nbsp;ser\u00e1 o <strong><em>organizador<\/em><\/strong>\nda Trilha Estrat\u00e9gica e ser\u00e1 o respons\u00e1vel pelo acompanhamento dos alunos por\nmeio do&nbsp;<em>Telegram<\/em>. Ele realizar\u00e1 lives ao vivo, periodicamente, a\nfim de tirar d\u00favidas dos alunos, conversar sobre o andamento do estudo e dar\ndicas.<\/p>\n\n\n\n<p>Nestas tr\u00eas Trilhas (Analista \u2013 Administra\u00e7\u00e3o,\nAnalista \u2013 Qualquer N\u00edvel Superior e Assistente Administrativo); eu, <strong><em>Ana\nCaroline<\/em><\/strong>, estarei como <strong><em>coach<\/em><\/strong> <strong><em>organizador<\/em><\/strong><strong><em>a.<\/em><\/strong><\/p>\n\n\n\n<p>N\u00e3o podemos perder tempo na nossa prepara\u00e7\u00e3o! Aproveite,\nent\u00e3o, essa oportunidade \u00edmpar! As Trilhas iniciais j\u00e1 est\u00e3o na \u00e1rea do aluno! <\/p>\n\n\n\n<p>Agora, \u00e9 <strong>FOCO<\/strong>,\n<strong>DETERMINA\u00c7\u00c3O<\/strong> e <strong>DISCIPLINA<\/strong>! <\/p>\n\n\n\n<p>Deixo aqui meu perfil no <strong><em>Instagram<\/em><\/strong>,\nem caso de d\u00favidas: <strong><em>@anacaroline.flima<\/em><\/strong><\/p>\n\n\n\n<p>Conte comigo!<\/p>\n\n\n\n<p><strong><em>Ana Caroline Lima<\/em><\/strong><\/p>\n","protected":false},"excerpt":{"rendered":"<p>Ol\u00e1, futuros servidores! Ap\u00f3s a publica\u00e7\u00e3o do edital, chegou a hora de intensificar os estudos. E como ser\u00e1 esse concurso? O concurso da &nbsp;EBSERH para a \u00e1rea administrativa (abrang\u00eancia nacional) traz 129 vagas e remunera\u00e7\u00f5es que variam entre R$ 2.451,14 e R$ 10.350,46, a depender do cargo e carga hor\u00e1ria. As provas objetivas possuir\u00e3o somente [&hellip;]<\/p>\n","protected":false},"author":1384,"featured_media":0,"comment_status":"open","ping_status":"closed","sticky":false,"template":"","format":"standard","meta":{"post_tipo":"article","footnotes":""},"categories":[1],"tags":[508],"tax_estado":[],"class_list":["post-449518","post","type-post","status-publish","format-standard","hentry","category-cursos-e-concursos","tag-ebserh"],"acf":[],"yoast_head":"<!-- This site is optimized with the Yoast SEO Premium plugin v27.2 (Yoast SEO v27.2) - https:\/\/yoast.com\/product\/yoast-seo-premium-wordpress\/ -->\n<title>Lan\u00e7amento da Trilha Estrat\u00e9gica p\u00f3s-edital EBSERH (Nacional) \u2013 \u00c1rea Administrativa<\/title>\n<meta name=\"robots\" content=\"index, follow, max-snippet:-1, max-image-preview:large, max-video-preview:-1\" \/>\n<link rel=\"canonical\" href=\"https:\/\/www.estrategiaconcursos.com.br\/blog\/lancamento-da-trilha-estrategica-pos-edital-ebserh-nacional-area-administrativa\/\" \/>\n<meta property=\"og:locale\" content=\"pt_BR\" \/>\n<meta property=\"og:type\" content=\"article\" \/>\n<meta property=\"og:title\" content=\"Lan\u00e7amento da Trilha Estrat\u00e9gica p\u00f3s-edital EBSERH (Nacional) \u2013 \u00c1rea Administrativa\" \/>\n<meta property=\"og:description\" content=\"Ol\u00e1, futuros servidores! Ap\u00f3s a publica\u00e7\u00e3o do edital, chegou a hora de intensificar os estudos. E como ser\u00e1 esse concurso? O concurso da &nbsp;EBSERH para a \u00e1rea administrativa (abrang\u00eancia nacional) traz 129 vagas e remunera\u00e7\u00f5es que variam entre R$ 2.451,14 e R$ 10.350,46, a depender do cargo e carga hor\u00e1ria. As provas objetivas possuir\u00e3o somente [&hellip;]\" \/>\n<meta property=\"og:url\" content=\"https:\/\/www.estrategiaconcursos.com.br\/blog\/lancamento-da-trilha-estrategica-pos-edital-ebserh-nacional-area-administrativa\/\" \/>\n<meta property=\"og:site_name\" content=\"Estrat\u00e9gia Concursos\" \/>\n<meta property=\"article:published_time\" content=\"2019-11-20T04:09:56+00:00\" \/>\n<meta property=\"article:modified_time\" content=\"2019-11-20T04:10:00+00:00\" \/>\n<meta name=\"author\" content=\"Ana Caroline Fonseca de Lima\" \/>\n<meta name=\"twitter:card\" content=\"summary_large_image\" \/>\n<meta name=\"twitter:creator\" content=\"@EstratConcursos\" \/>\n<meta name=\"twitter:site\" content=\"@EstratConcursos\" \/>\n<meta name=\"twitter:label1\" content=\"Escrito por\" \/>\n\t<meta name=\"twitter:data1\" content=\"Ana Caroline Fonseca de Lima\" \/>\n\t<meta name=\"twitter:label2\" content=\"Est. tempo de leitura\" \/>\n\t<meta name=\"twitter:data2\" content=\"4 minutos\" \/>\n<script type=\"application\/ld+json\" class=\"yoast-schema-graph\">{\"@context\":\"https:\/\/schema.org\",\"@graph\":[{\"@type\":\"NewsArticle\",\"@id\":\"https:\/\/www.estrategiaconcursos.com.br\/blog\/lancamento-da-trilha-estrategica-pos-edital-ebserh-nacional-area-administrativa\/#article\",\"isPartOf\":{\"@id\":\"https:\/\/www.estrategiaconcursos.com.br\/blog\/lancamento-da-trilha-estrategica-pos-edital-ebserh-nacional-area-administrativa\/\"},\"author\":{\"name\":\"Ana Caroline Fonseca de Lima\",\"@id\":\"https:\/\/www.estrategiaconcursos.com.br\/blog\/#\/schema\/person\/383e5cab9cfdc3da0df6011df1298527\"},\"headline\":\"Lan\u00e7amento da Trilha Estrat\u00e9gica p\u00f3s-edital EBSERH (Nacional) \u2013 \u00c1rea Administrativa\",\"datePublished\":\"2019-11-20T04:09:56+00:00\",\"dateModified\":\"2019-11-20T04:10:00+00:00\",\"mainEntityOfPage\":{\"@id\":\"https:\/\/www.estrategiaconcursos.com.br\/blog\/lancamento-da-trilha-estrategica-pos-edital-ebserh-nacional-area-administrativa\/\"},\"wordCount\":895,\"commentCount\":0,\"publisher\":{\"@id\":\"https:\/\/www.estrategiaconcursos.com.br\/blog\/#organization\"},\"keywords\":[\"EBSERH\"],\"articleSection\":[\"Concursos P\u00fablicos\"],\"inLanguage\":\"pt-BR\",\"potentialAction\":[{\"@type\":\"CommentAction\",\"name\":\"Comment\",\"target\":[\"https:\/\/www.estrategiaconcursos.com.br\/blog\/lancamento-da-trilha-estrategica-pos-edital-ebserh-nacional-area-administrativa\/#respond\"]}],\"copyrightYear\":\"2019\",\"copyrightHolder\":{\"@id\":\"https:\/\/www.estrategiaconcursos.com.br\/blog\/#organization\"}},{\"@type\":\"WebPage\",\"@id\":\"https:\/\/www.estrategiaconcursos.com.br\/blog\/lancamento-da-trilha-estrategica-pos-edital-ebserh-nacional-area-administrativa\/\",\"url\":\"https:\/\/www.estrategiaconcursos.com.br\/blog\/lancamento-da-trilha-estrategica-pos-edital-ebserh-nacional-area-administrativa\/\",\"name\":\"Lan\u00e7amento da Trilha Estrat\u00e9gica p\u00f3s-edital EBSERH (Nacional) \u2013 \u00c1rea Administrativa\",\"isPartOf\":{\"@id\":\"https:\/\/www.estrategiaconcursos.com.br\/blog\/#website\"},\"datePublished\":\"2019-11-20T04:09:56+00:00\",\"dateModified\":\"2019-11-20T04:10:00+00:00\",\"breadcrumb\":{\"@id\":\"https:\/\/www.estrategiaconcursos.com.br\/blog\/lancamento-da-trilha-estrategica-pos-edital-ebserh-nacional-area-administrativa\/#breadcrumb\"},\"inLanguage\":\"pt-BR\",\"potentialAction\":[{\"@type\":\"ReadAction\",\"target\":[\"https:\/\/www.estrategiaconcursos.com.br\/blog\/lancamento-da-trilha-estrategica-pos-edital-ebserh-nacional-area-administrativa\/\"]}]},{\"@type\":\"BreadcrumbList\",\"@id\":\"https:\/\/www.estrategiaconcursos.com.br\/blog\/lancamento-da-trilha-estrategica-pos-edital-ebserh-nacional-area-administrativa\/#breadcrumb\",\"itemListElement\":[{\"@type\":\"ListItem\",\"position\":1,\"name\":\"In\u00edcio\",\"item\":\"https:\/\/www.estrategiaconcursos.com.br\/blog\/\"},{\"@type\":\"ListItem\",\"position\":2,\"name\":\"Lan\u00e7amento da Trilha Estrat\u00e9gica p\u00f3s-edital EBSERH (Nacional) \u2013 \u00c1rea Administrativa\"}]},{\"@type\":\"WebSite\",\"@id\":\"https:\/\/www.estrategiaconcursos.com.br\/blog\/#website\",\"url\":\"https:\/\/www.estrategiaconcursos.com.br\/blog\/\",\"name\":\"Estrat\u00e9gia Concursos\",\"description\":\"O blog da Estrat\u00e9gia Concursos traz not\u00edcias sobre concursos e artigos de professores oferecendo cursos para concursos (pdf + videaulas) no site.\",\"publisher\":{\"@id\":\"https:\/\/www.estrategiaconcursos.com.br\/blog\/#organization\"},\"potentialAction\":[{\"@type\":\"SearchAction\",\"target\":{\"@type\":\"EntryPoint\",\"urlTemplate\":\"https:\/\/www.estrategiaconcursos.com.br\/blog\/?s={search_term_string}\"},\"query-input\":{\"@type\":\"PropertyValueSpecification\",\"valueRequired\":true,\"valueName\":\"search_term_string\"}}],\"inLanguage\":\"pt-BR\"},{\"@type\":\"Organization\",\"@id\":\"https:\/\/www.estrategiaconcursos.com.br\/blog\/#organization\",\"name\":\"Estrat\u00e9gia Concursos\",\"url\":\"https:\/\/www.estrategiaconcursos.com.br\/blog\/\",\"logo\":{\"@type\":\"ImageObject\",\"inLanguage\":\"pt-BR\",\"@id\":\"https:\/\/www.estrategiaconcursos.com.br\/blog\/#\/schema\/logo\/image\/\",\"url\":\"https:\/\/dhg1h5j42swfq.cloudfront.net\/2025\/06\/03203428\/logo_concursos-1.jpg\",\"contentUrl\":\"https:\/\/dhg1h5j42swfq.cloudfront.net\/2025\/06\/03203428\/logo_concursos-1.jpg\",\"width\":230,\"height\":60,\"caption\":\"Estrat\u00e9gia Concursos\"},\"image\":{\"@id\":\"https:\/\/www.estrategiaconcursos.com.br\/blog\/#\/schema\/logo\/image\/\"},\"sameAs\":[\"https:\/\/x.com\/EstratConcursos\"]},{\"@type\":\"Person\",\"@id\":\"https:\/\/www.estrategiaconcursos.com.br\/blog\/#\/schema\/person\/383e5cab9cfdc3da0df6011df1298527\",\"name\":\"Ana Caroline Fonseca de Lima\",\"image\":{\"@type\":\"ImageObject\",\"inLanguage\":\"pt-BR\",\"@id\":\"https:\/\/secure.gravatar.com\/avatar\/692f024bcfac8d55be7ef1c552ddcfb3330c1cfe48f430e7e8d7de62c3191f66?s=96&d=mm&r=g\",\"url\":\"https:\/\/secure.gravatar.com\/avatar\/692f024bcfac8d55be7ef1c552ddcfb3330c1cfe48f430e7e8d7de62c3191f66?s=96&d=mm&r=g\",\"contentUrl\":\"https:\/\/secure.gravatar.com\/avatar\/692f024bcfac8d55be7ef1c552ddcfb3330c1cfe48f430e7e8d7de62c3191f66?s=96&d=mm&r=g\",\"caption\":\"Ana Caroline Fonseca de Lima\"},\"description\":\"Auditora Fiscal do Trabalho (AFT). Oficial da Reserva da For\u00e7a A\u00e9rea Brasileira, formada na Academia da For\u00e7a A\u00e9rea (Capit\u00e3o Intendente da Reserva N\u00e3o Remunerada), permanecendo na ativa por 12 anos - Bacharel em Administra\u00e7\u00e3o (2005) - Bacharel em Direito (2011) - Especializada em Gest\u00e3o da Administra\u00e7\u00e3o P\u00fablica pela Universidade Castelo Branco (2009) - P\u00f3s-graduada em Direito e Processo do Trabalho pela Universidade Anhanguera -UNIDERP (2013) Aprova\u00e7\u00f5es em concursos p\u00fablicos: - Col\u00e9gio Militar do Rio de Janeiro - CMRJ (1999) - Academia da For\u00e7a A\u00e9rea - AFA (2002) - Auditor Fiscal do Trabalho - AFT (2013) https:\/\/www.instagram.com\/anacaroline.flima\/\",\"sameAs\":[\"https:\/\/www.instagram.com\/anacaroline.flima\/\"],\"url\":\"https:\/\/www.estrategiaconcursos.com.br\/blog\/author\/anacaroline-fonsecayahoo-com-br\/\"}]}<\/script>\n<!-- \/ Yoast SEO Premium plugin. -->","yoast_head_json":{"title":"Lan\u00e7amento da Trilha Estrat\u00e9gica p\u00f3s-edital EBSERH (Nacional) \u2013 \u00c1rea Administrativa","robots":{"index":"index","follow":"follow","max-snippet":"max-snippet:-1","max-image-preview":"max-image-preview:large","max-video-preview":"max-video-preview:-1"},"canonical":"https:\/\/www.estrategiaconcursos.com.br\/blog\/lancamento-da-trilha-estrategica-pos-edital-ebserh-nacional-area-administrativa\/","og_locale":"pt_BR","og_type":"article","og_title":"Lan\u00e7amento da Trilha Estrat\u00e9gica p\u00f3s-edital EBSERH (Nacional) \u2013 \u00c1rea Administrativa","og_description":"Ol\u00e1, futuros servidores! Ap\u00f3s a publica\u00e7\u00e3o do edital, chegou a hora de intensificar os estudos. E como ser\u00e1 esse concurso? O concurso da &nbsp;EBSERH para a \u00e1rea administrativa (abrang\u00eancia nacional) traz 129 vagas e remunera\u00e7\u00f5es que variam entre R$ 2.451,14 e R$ 10.350,46, a depender do cargo e carga hor\u00e1ria. As provas objetivas possuir\u00e3o somente [&hellip;]","og_url":"https:\/\/www.estrategiaconcursos.com.br\/blog\/lancamento-da-trilha-estrategica-pos-edital-ebserh-nacional-area-administrativa\/","og_site_name":"Estrat\u00e9gia Concursos","article_published_time":"2019-11-20T04:09:56+00:00","article_modified_time":"2019-11-20T04:10:00+00:00","author":"Ana Caroline Fonseca de Lima","twitter_card":"summary_large_image","twitter_creator":"@EstratConcursos","twitter_site":"@EstratConcursos","twitter_misc":{"Escrito por":"Ana Caroline Fonseca de Lima","Est. tempo de leitura":"4 minutos"},"schema":{"@context":"https:\/\/schema.org","@graph":[{"@type":"NewsArticle","@id":"https:\/\/www.estrategiaconcursos.com.br\/blog\/lancamento-da-trilha-estrategica-pos-edital-ebserh-nacional-area-administrativa\/#article","isPartOf":{"@id":"https:\/\/www.estrategiaconcursos.com.br\/blog\/lancamento-da-trilha-estrategica-pos-edital-ebserh-nacional-area-administrativa\/"},"author":{"name":"Ana Caroline Fonseca de Lima","@id":"https:\/\/www.estrategiaconcursos.com.br\/blog\/#\/schema\/person\/383e5cab9cfdc3da0df6011df1298527"},"headline":"Lan\u00e7amento da Trilha Estrat\u00e9gica p\u00f3s-edital EBSERH (Nacional) \u2013 \u00c1rea Administrativa","datePublished":"2019-11-20T04:09:56+00:00","dateModified":"2019-11-20T04:10:00+00:00","mainEntityOfPage":{"@id":"https:\/\/www.estrategiaconcursos.com.br\/blog\/lancamento-da-trilha-estrategica-pos-edital-ebserh-nacional-area-administrativa\/"},"wordCount":895,"commentCount":0,"publisher":{"@id":"https:\/\/www.estrategiaconcursos.com.br\/blog\/#organization"},"keywords":["EBSERH"],"articleSection":["Concursos P\u00fablicos"],"inLanguage":"pt-BR","potentialAction":[{"@type":"CommentAction","name":"Comment","target":["https:\/\/www.estrategiaconcursos.com.br\/blog\/lancamento-da-trilha-estrategica-pos-edital-ebserh-nacional-area-administrativa\/#respond"]}],"copyrightYear":"2019","copyrightHolder":{"@id":"https:\/\/www.estrategiaconcursos.com.br\/blog\/#organization"}},{"@type":"WebPage","@id":"https:\/\/www.estrategiaconcursos.com.br\/blog\/lancamento-da-trilha-estrategica-pos-edital-ebserh-nacional-area-administrativa\/","url":"https:\/\/www.estrategiaconcursos.com.br\/blog\/lancamento-da-trilha-estrategica-pos-edital-ebserh-nacional-area-administrativa\/","name":"Lan\u00e7amento da Trilha Estrat\u00e9gica p\u00f3s-edital EBSERH (Nacional) \u2013 \u00c1rea Administrativa","isPartOf":{"@id":"https:\/\/www.estrategiaconcursos.com.br\/blog\/#website"},"datePublished":"2019-11-20T04:09:56+00:00","dateModified":"2019-11-20T04:10:00+00:00","breadcrumb":{"@id":"https:\/\/www.estrategiaconcursos.com.br\/blog\/lancamento-da-trilha-estrategica-pos-edital-ebserh-nacional-area-administrativa\/#breadcrumb"},"inLanguage":"pt-BR","potentialAction":[{"@type":"ReadAction","target":["https:\/\/www.estrategiaconcursos.com.br\/blog\/lancamento-da-trilha-estrategica-pos-edital-ebserh-nacional-area-administrativa\/"]}]},{"@type":"BreadcrumbList","@id":"https:\/\/www.estrategiaconcursos.com.br\/blog\/lancamento-da-trilha-estrategica-pos-edital-ebserh-nacional-area-administrativa\/#breadcrumb","itemListElement":[{"@type":"ListItem","position":1,"name":"In\u00edcio","item":"https:\/\/www.estrategiaconcursos.com.br\/blog\/"},{"@type":"ListItem","position":2,"name":"Lan\u00e7amento da Trilha Estrat\u00e9gica p\u00f3s-edital EBSERH (Nacional) \u2013 \u00c1rea Administrativa"}]},{"@type":"WebSite","@id":"https:\/\/www.estrategiaconcursos.com.br\/blog\/#website","url":"https:\/\/www.estrategiaconcursos.com.br\/blog\/","name":"Estrat\u00e9gia Concursos","description":"O blog da Estrat\u00e9gia Concursos traz not\u00edcias sobre concursos e artigos de professores oferecendo cursos para concursos (pdf + videaulas) no site.","publisher":{"@id":"https:\/\/www.estrategiaconcursos.com.br\/blog\/#organization"},"potentialAction":[{"@type":"SearchAction","target":{"@type":"EntryPoint","urlTemplate":"https:\/\/www.estrategiaconcursos.com.br\/blog\/?s={search_term_string}"},"query-input":{"@type":"PropertyValueSpecification","valueRequired":true,"valueName":"search_term_string"}}],"inLanguage":"pt-BR"},{"@type":"Organization","@id":"https:\/\/www.estrategiaconcursos.com.br\/blog\/#organization","name":"Estrat\u00e9gia Concursos","url":"https:\/\/www.estrategiaconcursos.com.br\/blog\/","logo":{"@type":"ImageObject","inLanguage":"pt-BR","@id":"https:\/\/www.estrategiaconcursos.com.br\/blog\/#\/schema\/logo\/image\/","url":"https:\/\/dhg1h5j42swfq.cloudfront.net\/2025\/06\/03203428\/logo_concursos-1.jpg","contentUrl":"https:\/\/dhg1h5j42swfq.cloudfront.net\/2025\/06\/03203428\/logo_concursos-1.jpg","width":230,"height":60,"caption":"Estrat\u00e9gia Concursos"},"image":{"@id":"https:\/\/www.estrategiaconcursos.com.br\/blog\/#\/schema\/logo\/image\/"},"sameAs":["https:\/\/x.com\/EstratConcursos"]},{"@type":"Person","@id":"https:\/\/www.estrategiaconcursos.com.br\/blog\/#\/schema\/person\/383e5cab9cfdc3da0df6011df1298527","name":"Ana Caroline Fonseca de Lima","image":{"@type":"ImageObject","inLanguage":"pt-BR","@id":"https:\/\/secure.gravatar.com\/avatar\/692f024bcfac8d55be7ef1c552ddcfb3330c1cfe48f430e7e8d7de62c3191f66?s=96&d=mm&r=g","url":"https:\/\/secure.gravatar.com\/avatar\/692f024bcfac8d55be7ef1c552ddcfb3330c1cfe48f430e7e8d7de62c3191f66?s=96&d=mm&r=g","contentUrl":"https:\/\/secure.gravatar.com\/avatar\/692f024bcfac8d55be7ef1c552ddcfb3330c1cfe48f430e7e8d7de62c3191f66?s=96&d=mm&r=g","caption":"Ana Caroline Fonseca de Lima"},"description":"Auditora Fiscal do Trabalho (AFT). Oficial da Reserva da For\u00e7a A\u00e9rea Brasileira, formada na Academia da For\u00e7a A\u00e9rea (Capit\u00e3o Intendente da Reserva N\u00e3o Remunerada), permanecendo na ativa por 12 anos - Bacharel em Administra\u00e7\u00e3o (2005) - Bacharel em Direito (2011) - Especializada em Gest\u00e3o da Administra\u00e7\u00e3o P\u00fablica pela Universidade Castelo Branco (2009) - P\u00f3s-graduada em Direito e Processo do Trabalho pela Universidade Anhanguera -UNIDERP (2013) Aprova\u00e7\u00f5es em concursos p\u00fablicos: - Col\u00e9gio Militar do Rio de Janeiro - CMRJ (1999) - Academia da For\u00e7a A\u00e9rea - AFA (2002) - Auditor Fiscal do Trabalho - AFT (2013) https:\/\/www.instagram.com\/anacaroline.flima\/","sameAs":["https:\/\/www.instagram.com\/anacaroline.flima\/"],"url":"https:\/\/www.estrategiaconcursos.com.br\/blog\/author\/anacaroline-fonsecayahoo-com-br\/"}]}},"_links":{"self":[{"href":"https:\/\/www.estrategiaconcursos.com.br\/blog\/wp-json\/wp\/v2\/posts\/449518","targetHints":{"allow":["GET"]}}],"collection":[{"href":"https:\/\/www.estrategiaconcursos.com.br\/blog\/wp-json\/wp\/v2\/posts"}],"about":[{"href":"https:\/\/www.estrategiaconcursos.com.br\/blog\/wp-json\/wp\/v2\/types\/post"}],"author":[{"embeddable":true,"href":"https:\/\/www.estrategiaconcursos.com.br\/blog\/wp-json\/wp\/v2\/users\/1384"}],"replies":[{"embeddable":true,"href":"https:\/\/www.estrategiaconcursos.com.br\/blog\/wp-json\/wp\/v2\/comments?post=449518"}],"version-history":[{"count":1,"href":"https:\/\/www.estrategiaconcursos.com.br\/blog\/wp-json\/wp\/v2\/posts\/449518\/revisions"}],"predecessor-version":[{"id":449519,"href":"https:\/\/www.estrategiaconcursos.com.br\/blog\/wp-json\/wp\/v2\/posts\/449518\/revisions\/449519"}],"wp:attachment":[{"href":"https:\/\/www.estrategiaconcursos.com.br\/blog\/wp-json\/wp\/v2\/media?parent=449518"}],"wp:term":[{"taxonomy":"category","embeddable":true,"href":"https:\/\/www.estrategiaconcursos.com.br\/blog\/wp-json\/wp\/v2\/categories?post=449518"},{"taxonomy":"post_tag","embeddable":true,"href":"https:\/\/www.estrategiaconcursos.com.br\/blog\/wp-json\/wp\/v2\/tags?post=449518"},{"taxonomy":"tax_estado","embeddable":true,"href":"https:\/\/www.estrategiaconcursos.com.br\/blog\/wp-json\/wp\/v2\/tax_estado?post=449518"}],"curies":[{"name":"wp","href":"https:\/\/api.w.org\/{rel}","templated":true}]}}