{"id":449270,"date":"2019-11-19T14:56:52","date_gmt":"2019-11-19T17:56:52","guid":{"rendered":"https:\/\/www.estrategiaconcursos.com.br\/blog\/?p=449270"},"modified":"2019-11-22T16:48:23","modified_gmt":"2019-11-22T19:48:23","slug":"gabarito-definitivo-concurso-seplag-porto-alegre","status":"publish","type":"post","link":"https:\/\/www.estrategiaconcursos.com.br\/blog\/gabarito-definitivo-concurso-seplag-porto-alegre\/","title":{"rendered":"Saiu gabarito DEFINITIVO das provas do concurso SEPLAG Porto Alegre"},"content":{"rendered":"\n<p>Foi publicado nesta ter\u00e7a-feira, 19 de novembro, o gabarito definitivo das provas do concurso p\u00fablico da Seplag Porto Alegre. O certame oferta vagas para o cargo de Auditor de Controle Interno. <\/p>\n\n\n\n<p>Al\u00e9m disso, saiu o edital de Justificativas para manuten\u00e7\u00e3o ou altera\u00e7\u00e3o de gabaritos preliminares do certame e as notas preliminares da prova te\u00f3rico-objetiva. <\/p>\n\n\n\n<p>Segundo informa\u00e7\u00f5es disponibilizadas no edital de justificativas, argumenta\u00e7\u00f5es inconsistentes, extempor\u00e2neas, que estiverem fora das especifica\u00e7\u00f5es estabelecidas para a interposi\u00e7\u00e3o, n\u00e3o obter\u00e3o resposta da banca.<\/p>\n\n\n\n<p>Vale ressaltar que n\u00e3o ser\u00e3o computadas as quest\u00f5es n\u00e3o assinaladas na grade de respostas, nem as que contiverem mais de uma resposta, emenda ou rasura, ainda que leg\u00edvel. Os candidatos que n\u00e3o concordam com alguma resposta oficial, podem<strong>&nbsp;interpor recurso<\/strong>, atrav\u00e9s do site da banca organizadora FUNDATEC, entre os dias 21 e 25 de novembro. <\/p>\n\n\n\n<p>A sele\u00e7\u00e3o do concurso Seplag Porto Alegre foi composta por Prova Te\u00f3rico-objetiva, de car\u00e1ter eliminat\u00f3ria e classificat\u00f3ria. Com dura\u00e7\u00e3o de 4 horas, a aplica\u00e7\u00e3o aconteceu no dia 20 de outubro. <\/p>\n\n\n\n<p>Confira abaixo o gabarito definitivo, as notas preliminares e o edital de altera\u00e7\u00e3o do gabarito:<\/p>\n\n\n\n<p style=\"font-size:22px;text-align:center\" class=\"has-background has-very-light-gray-background-color\"><strong><a href=\"https:\/\/dhg1h5j42swfq.cloudfront.net\/2019\/11\/19145023\/3107_ce_273265_1.pdf\" target=\"_blank\" rel=\"noreferrer noopener\" aria-label=\"Gabarito definitivo SEPLAG Porto Alegre (abre numa nova aba)\">Gabarito definitivo SEPLAG Porto Alegre<\/a><\/strong><\/p>\n\n\n\n<p style=\"font-size:22px;text-align:center\" class=\"has-background has-very-light-gray-background-color\"><strong><a href=\"https:\/\/dhg1h5j42swfq.cloudfront.net\/2019\/11\/19145049\/3107_ce_273265_3.pdf\" target=\"_blank\" rel=\"noreferrer noopener\" aria-label=\"Notas preliminares do concurso SEPLAG Porto Alegre (abre numa nova aba)\">Notas preliminares do concurso SEPLAG Porto Alegre<\/a><\/strong><\/p>\n\n\n\n<p style=\"font-size:22px;text-align:center\" class=\"has-background has-very-light-gray-background-color\"><strong><a href=\"https:\/\/dhg1h5j42swfq.cloudfront.net\/2019\/11\/19145114\/3107_ce_273265_2.pdf\" target=\"_blank\" rel=\"noreferrer noopener\" aria-label=\"Edital de altera\u00e7\u00e3o de gabaritos preliminares (abre numa nova aba)\">Edital de altera\u00e7\u00e3o de gabaritos preliminares<\/a><\/strong><\/p>\n\n\n\n<p>Quer saber mais sobre o concurso da SEPLAG Porto Alegre? N\u00e3o deixe de acessar nosso artigo com todas as informa\u00e7\u00f5es na \u00edntegra! Acesse agora mesmo o link abaixo!<\/p>\n\n\n\n<p style=\"font-size:22px;text-align:center\" class=\"has-background has-light-green-cyan-background-color\"><strong>Saiba mais: <a rel=\"noreferrer noopener\" aria-label=\"Saiba mais: SEPLAG PORTO ALEGRE (abre numa nova aba)\" href=\"https:\/\/www.estrategiaconcursos.com.br\/blog\/concurso-seplag-porto-alegre\/\" target=\"_blank\">SEPLAG PORTO ALEGRE<\/a><\/strong><\/p>\n\n\n\n<h2 class=\"wp-block-heading\" style=\"text-align:center\" id=\"cursos-assinatura\"><strong><em>Quer estudar para o concurso SEPLAG Porto Alegre?<\/em><\/strong><\/h2>\n\n\n\n<p style=\"text-align:center\"><em>Gostou desta oportunidade e deseja come\u00e7ar se preparar agora mesmo? Ent\u00e3o, confira os nossos cursos e comece a estudar para o SEPLAG Porto Alegre:<\/em><\/p>\n\n\n\n<p style=\"font-size:22px;text-align:center\" class=\"has-background has-very-light-gray-background-color\"><a rel=\"noreferrer noopener\" href=\"https:\/\/www.estrategiaconcursos.com.br\/cursosPorConcurso\/secretaria-municipal-de-planejamento-e-gestao-seplag-porto-alegre\/\" target=\"_blank\"><strong>CURSO SEPLAG PORTO ALEGRE<\/strong><\/a><\/p>\n\n\n\n<p style=\"text-align:center\"><strong><em>Fique por dentro de todos os concursos:<\/em><\/strong><\/p>\n\n\n\n<p style=\"text-align:center\" class=\"has-background has-pale-cyan-blue-background-color\"><strong><a href=\"https:\/\/www.estrategiaconcursos.com.br\/blog\/concursos-abertos\/\">CONCURSOS ABERTOS<\/a><\/strong><\/p>\n\n\n\n<p style=\"text-align:center\" class=\"has-background has-pale-cyan-blue-background-color\"><a href=\"https:\/\/www.estrategiaconcursos.com.br\/blog\/concursos-2019\/\"><strong>CONCURSOS 2019<\/strong><\/a><\/p>\n\n\n\n<p style=\"text-align:center\" class=\"has-background has-pale-cyan-blue-background-color\"><a href=\"https:\/\/www.estrategiaconcursos.com.br\/blog\/concursos-2020\/\"><strong>CONCURSOS<\/strong><\/a><strong><a href=\"https:\/\/www.estrategiaconcursos.com.br\/blog\/concursos-2020\/\">&nbsp;2020<\/a><\/strong><\/p>\n\n\n\n<div class=\"wp-block-image\"><figure class=\"aligncenter\"><a href=\"https:\/\/www.estrategiaconcursos.com.br\/app\/dashboard\/renovacao\" target=\"_blank\" rel=\"noreferrer noopener\"><img loading=\"lazy\" decoding=\"async\" width=\"1280\" height=\"320\" src=\"https:\/\/dhg1h5j42swfq.cloudfront.net\/2019\/11\/04100759\/WhatsApp-Image-2019-11-04-at-09.27.20.jpeg\" alt=\"\" class=\"wp-image-443639\" srcset=\"https:\/\/dhg1h5j42swfq.cloudfront.net\/2019\/11\/04100759\/WhatsApp-Image-2019-11-04-at-09.27.20.jpeg 1280w, https:\/\/dhg1h5j42swfq.cloudfront.net\/2019\/11\/04100759\/WhatsApp-Image-2019-11-04-at-09.27.20.jpeg 300w, https:\/\/dhg1h5j42swfq.cloudfront.net\/2019\/11\/04100759\/WhatsApp-Image-2019-11-04-at-09.27.20.jpeg 768w, https:\/\/dhg1h5j42swfq.cloudfront.net\/2019\/11\/04100759\/WhatsApp-Image-2019-11-04-at-09.27.20.jpeg 1024w, https:\/\/dhg1h5j42swfq.cloudfront.net\/2019\/11\/04100759\/WhatsApp-Image-2019-11-04-at-09.27.20.jpeg 610w\" sizes=\"auto, (max-width: 1280px) 100vw, 1280px\" \/><\/a><\/figure><\/div>\n\n\n\n<p style=\"text-align:center\" class=\"has-background has-luminous-vivid-amber-background-color\"><strong><a rel=\"noreferrer noopener\" href=\"https:\/\/www.estrategiaconcursos.com.br\/gratis\/melhor-black-friday\/\" target=\"_blank\">PROMO\u00c7\u00c3O: \u00c9 MELHOR QUE BLACK FRIDAY!<\/a><\/strong><\/p>\n","protected":false},"excerpt":{"rendered":"<p>Foi publicado nesta ter\u00e7a-feira, 19 de novembro, o gabarito definitivo das provas do concurso p\u00fablico da Seplag Porto Alegre. O certame oferta vagas para o cargo de Auditor de Controle Interno. Al\u00e9m disso, saiu o edital de Justificativas para manuten\u00e7\u00e3o ou altera\u00e7\u00e3o de gabaritos preliminares do certame e as notas preliminares da prova te\u00f3rico-objetiva. Segundo [&hellip;]<\/p>\n","protected":false},"author":129,"featured_media":412270,"comment_status":"open","ping_status":"closed","sticky":false,"template":"","format":"standard","meta":{"post_tipo":"article","footnotes":""},"categories":[1],"tags":[],"tax_estado":[],"class_list":["post-449270","post","type-post","status-publish","format-standard","has-post-thumbnail","hentry","category-cursos-e-concursos"],"acf":[],"yoast_head":"<!-- This site is optimized with the Yoast SEO Premium plugin v27.2 (Yoast SEO v27.2) - https:\/\/yoast.com\/product\/yoast-seo-premium-wordpress\/ -->\n<title>Saiu gabarito DEFINITIVO das provas do concurso SEPLAG Porto Alegre<\/title>\n<meta name=\"robots\" content=\"index, follow, max-snippet:-1, max-image-preview:large, max-video-preview:-1\" \/>\n<link rel=\"canonical\" href=\"https:\/\/www.estrategiaconcursos.com.br\/blog\/gabarito-definitivo-concurso-seplag-porto-alegre\/\" \/>\n<meta property=\"og:locale\" content=\"pt_BR\" \/>\n<meta property=\"og:type\" content=\"article\" \/>\n<meta property=\"og:title\" content=\"Saiu gabarito DEFINITIVO das provas do concurso SEPLAG Porto Alegre\" \/>\n<meta property=\"og:description\" content=\"Foi publicado nesta ter\u00e7a-feira, 19 de novembro, o gabarito definitivo das provas do concurso p\u00fablico da Seplag Porto Alegre. O certame oferta vagas para o cargo de Auditor de Controle Interno. Al\u00e9m disso, saiu o edital de Justificativas para manuten\u00e7\u00e3o ou altera\u00e7\u00e3o de gabaritos preliminares do certame e as notas preliminares da prova te\u00f3rico-objetiva. Segundo [&hellip;]\" \/>\n<meta property=\"og:url\" content=\"https:\/\/www.estrategiaconcursos.com.br\/blog\/gabarito-definitivo-concurso-seplag-porto-alegre\/\" \/>\n<meta property=\"og:site_name\" content=\"Estrat\u00e9gia Concursos\" \/>\n<meta property=\"article:published_time\" content=\"2019-11-19T17:56:52+00:00\" \/>\n<meta property=\"article:modified_time\" content=\"2019-11-22T19:48:23+00:00\" \/>\n<meta property=\"og:image\" content=\"https:\/\/dhg1h5j42swfq.cloudfront.net\/2019\/08\/22172245\/seplag-porto-alegre.jpg\" \/>\n\t<meta property=\"og:image:width\" content=\"1200\" \/>\n\t<meta property=\"og:image:height\" content=\"628\" \/>\n\t<meta property=\"og:image:type\" content=\"image\/jpeg\" \/>\n<meta name=\"author\" content=\"Herbert Almeida\" \/>\n<meta name=\"twitter:card\" content=\"summary_large_image\" \/>\n<meta name=\"twitter:creator\" content=\"@EstratConcursos\" \/>\n<meta name=\"twitter:site\" content=\"@EstratConcursos\" \/>\n<meta name=\"twitter:label1\" content=\"Escrito por\" \/>\n\t<meta name=\"twitter:data1\" content=\"Herbert Almeida\" \/>\n\t<meta name=\"twitter:label2\" content=\"Est. tempo de leitura\" \/>\n\t<meta name=\"twitter:data2\" content=\"2 minutos\" \/>\n<script type=\"application\/ld+json\" class=\"yoast-schema-graph\">{\"@context\":\"https:\/\/schema.org\",\"@graph\":[{\"@type\":\"NewsArticle\",\"@id\":\"https:\/\/www.estrategiaconcursos.com.br\/blog\/gabarito-definitivo-concurso-seplag-porto-alegre\/#article\",\"isPartOf\":{\"@id\":\"https:\/\/www.estrategiaconcursos.com.br\/blog\/gabarito-definitivo-concurso-seplag-porto-alegre\/\"},\"author\":{\"name\":\"Herbert Almeida\",\"@id\":\"https:\/\/www.estrategiaconcursos.com.br\/blog\/#\/schema\/person\/59717c75350fa01aa0fd68a52a8d02e0\"},\"headline\":\"Saiu gabarito DEFINITIVO das provas do concurso SEPLAG Porto Alegre\",\"datePublished\":\"2019-11-19T17:56:52+00:00\",\"dateModified\":\"2019-11-22T19:48:23+00:00\",\"mainEntityOfPage\":{\"@id\":\"https:\/\/www.estrategiaconcursos.com.br\/blog\/gabarito-definitivo-concurso-seplag-porto-alegre\/\"},\"wordCount\":322,\"commentCount\":0,\"publisher\":{\"@id\":\"https:\/\/www.estrategiaconcursos.com.br\/blog\/#organization\"},\"image\":{\"@id\":\"https:\/\/www.estrategiaconcursos.com.br\/blog\/gabarito-definitivo-concurso-seplag-porto-alegre\/#primaryimage\"},\"thumbnailUrl\":\"https:\/\/dhg1h5j42swfq.cloudfront.net\/2019\/08\/22172245\/seplag-porto-alegre.jpg\",\"articleSection\":[\"Concursos P\u00fablicos\"],\"inLanguage\":\"pt-BR\",\"potentialAction\":[{\"@type\":\"CommentAction\",\"name\":\"Comment\",\"target\":[\"https:\/\/www.estrategiaconcursos.com.br\/blog\/gabarito-definitivo-concurso-seplag-porto-alegre\/#respond\"]}],\"copyrightYear\":\"2019\",\"copyrightHolder\":{\"@id\":\"https:\/\/www.estrategiaconcursos.com.br\/blog\/#organization\"}},{\"@type\":\"WebPage\",\"@id\":\"https:\/\/www.estrategiaconcursos.com.br\/blog\/gabarito-definitivo-concurso-seplag-porto-alegre\/\",\"url\":\"https:\/\/www.estrategiaconcursos.com.br\/blog\/gabarito-definitivo-concurso-seplag-porto-alegre\/\",\"name\":\"Saiu gabarito DEFINITIVO das provas do concurso SEPLAG Porto Alegre\",\"isPartOf\":{\"@id\":\"https:\/\/www.estrategiaconcursos.com.br\/blog\/#website\"},\"primaryImageOfPage\":{\"@id\":\"https:\/\/www.estrategiaconcursos.com.br\/blog\/gabarito-definitivo-concurso-seplag-porto-alegre\/#primaryimage\"},\"image\":{\"@id\":\"https:\/\/www.estrategiaconcursos.com.br\/blog\/gabarito-definitivo-concurso-seplag-porto-alegre\/#primaryimage\"},\"thumbnailUrl\":\"https:\/\/dhg1h5j42swfq.cloudfront.net\/2019\/08\/22172245\/seplag-porto-alegre.jpg\",\"datePublished\":\"2019-11-19T17:56:52+00:00\",\"dateModified\":\"2019-11-22T19:48:23+00:00\",\"breadcrumb\":{\"@id\":\"https:\/\/www.estrategiaconcursos.com.br\/blog\/gabarito-definitivo-concurso-seplag-porto-alegre\/#breadcrumb\"},\"inLanguage\":\"pt-BR\",\"potentialAction\":[{\"@type\":\"ReadAction\",\"target\":[\"https:\/\/www.estrategiaconcursos.com.br\/blog\/gabarito-definitivo-concurso-seplag-porto-alegre\/\"]}]},{\"@type\":\"ImageObject\",\"inLanguage\":\"pt-BR\",\"@id\":\"https:\/\/www.estrategiaconcursos.com.br\/blog\/gabarito-definitivo-concurso-seplag-porto-alegre\/#primaryimage\",\"url\":\"https:\/\/dhg1h5j42swfq.cloudfront.net\/2019\/08\/22172245\/seplag-porto-alegre.jpg\",\"contentUrl\":\"https:\/\/dhg1h5j42swfq.cloudfront.net\/2019\/08\/22172245\/seplag-porto-alegre.jpg\",\"width\":1200,\"height\":628,\"caption\":\"seplag porto alegre\"},{\"@type\":\"BreadcrumbList\",\"@id\":\"https:\/\/www.estrategiaconcursos.com.br\/blog\/gabarito-definitivo-concurso-seplag-porto-alegre\/#breadcrumb\",\"itemListElement\":[{\"@type\":\"ListItem\",\"position\":1,\"name\":\"In\u00edcio\",\"item\":\"https:\/\/www.estrategiaconcursos.com.br\/blog\/\"},{\"@type\":\"ListItem\",\"position\":2,\"name\":\"Saiu gabarito DEFINITIVO das provas do concurso SEPLAG Porto Alegre\"}]},{\"@type\":\"WebSite\",\"@id\":\"https:\/\/www.estrategiaconcursos.com.br\/blog\/#website\",\"url\":\"https:\/\/www.estrategiaconcursos.com.br\/blog\/\",\"name\":\"Estrat\u00e9gia Concursos\",\"description\":\"O blog da Estrat\u00e9gia Concursos traz not\u00edcias sobre concursos e artigos de professores oferecendo cursos para concursos (pdf + videaulas) no site.\",\"publisher\":{\"@id\":\"https:\/\/www.estrategiaconcursos.com.br\/blog\/#organization\"},\"potentialAction\":[{\"@type\":\"SearchAction\",\"target\":{\"@type\":\"EntryPoint\",\"urlTemplate\":\"https:\/\/www.estrategiaconcursos.com.br\/blog\/?s={search_term_string}\"},\"query-input\":{\"@type\":\"PropertyValueSpecification\",\"valueRequired\":true,\"valueName\":\"search_term_string\"}}],\"inLanguage\":\"pt-BR\"},{\"@type\":\"Organization\",\"@id\":\"https:\/\/www.estrategiaconcursos.com.br\/blog\/#organization\",\"name\":\"Estrat\u00e9gia Concursos\",\"url\":\"https:\/\/www.estrategiaconcursos.com.br\/blog\/\",\"logo\":{\"@type\":\"ImageObject\",\"inLanguage\":\"pt-BR\",\"@id\":\"https:\/\/www.estrategiaconcursos.com.br\/blog\/#\/schema\/logo\/image\/\",\"url\":\"https:\/\/dhg1h5j42swfq.cloudfront.net\/2025\/06\/03203428\/logo_concursos-1.jpg\",\"contentUrl\":\"https:\/\/dhg1h5j42swfq.cloudfront.net\/2025\/06\/03203428\/logo_concursos-1.jpg\",\"width\":230,\"height\":60,\"caption\":\"Estrat\u00e9gia Concursos\"},\"image\":{\"@id\":\"https:\/\/www.estrategiaconcursos.com.br\/blog\/#\/schema\/logo\/image\/\"},\"sameAs\":[\"https:\/\/x.com\/EstratConcursos\"]},{\"@type\":\"Person\",\"@id\":\"https:\/\/www.estrategiaconcursos.com.br\/blog\/#\/schema\/person\/59717c75350fa01aa0fd68a52a8d02e0\",\"name\":\"Herbert Almeida\",\"image\":{\"@type\":\"ImageObject\",\"inLanguage\":\"pt-BR\",\"@id\":\"https:\/\/secure.gravatar.com\/avatar\/b6461a43893c24d5fc91efc433971ffec025c84c0341129f4578034d77f9a536?s=96&d=mm&r=g\",\"url\":\"https:\/\/secure.gravatar.com\/avatar\/b6461a43893c24d5fc91efc433971ffec025c84c0341129f4578034d77f9a536?s=96&d=mm&r=g\",\"contentUrl\":\"https:\/\/secure.gravatar.com\/avatar\/b6461a43893c24d5fc91efc433971ffec025c84c0341129f4578034d77f9a536?s=96&d=mm&r=g\",\"caption\":\"Herbert Almeida\"},\"url\":\"https:\/\/www.estrategiaconcursos.com.br\/blog\/author\/herbertestrategiaconcursos-com-br\/\"}]}<\/script>\n<!-- \/ Yoast SEO Premium plugin. -->","yoast_head_json":{"title":"Saiu gabarito DEFINITIVO das provas do concurso SEPLAG Porto Alegre","robots":{"index":"index","follow":"follow","max-snippet":"max-snippet:-1","max-image-preview":"max-image-preview:large","max-video-preview":"max-video-preview:-1"},"canonical":"https:\/\/www.estrategiaconcursos.com.br\/blog\/gabarito-definitivo-concurso-seplag-porto-alegre\/","og_locale":"pt_BR","og_type":"article","og_title":"Saiu gabarito DEFINITIVO das provas do concurso SEPLAG Porto Alegre","og_description":"Foi publicado nesta ter\u00e7a-feira, 19 de novembro, o gabarito definitivo das provas do concurso p\u00fablico da Seplag Porto Alegre. O certame oferta vagas para o cargo de Auditor de Controle Interno. Al\u00e9m disso, saiu o edital de Justificativas para manuten\u00e7\u00e3o ou altera\u00e7\u00e3o de gabaritos preliminares do certame e as notas preliminares da prova te\u00f3rico-objetiva. Segundo [&hellip;]","og_url":"https:\/\/www.estrategiaconcursos.com.br\/blog\/gabarito-definitivo-concurso-seplag-porto-alegre\/","og_site_name":"Estrat\u00e9gia Concursos","article_published_time":"2019-11-19T17:56:52+00:00","article_modified_time":"2019-11-22T19:48:23+00:00","og_image":[{"width":1200,"height":628,"url":"https:\/\/dhg1h5j42swfq.cloudfront.net\/2019\/08\/22172245\/seplag-porto-alegre.jpg","type":"image\/jpeg"}],"author":"Herbert Almeida","twitter_card":"summary_large_image","twitter_creator":"@EstratConcursos","twitter_site":"@EstratConcursos","twitter_misc":{"Escrito por":"Herbert Almeida","Est. tempo de leitura":"2 minutos"},"schema":{"@context":"https:\/\/schema.org","@graph":[{"@type":"NewsArticle","@id":"https:\/\/www.estrategiaconcursos.com.br\/blog\/gabarito-definitivo-concurso-seplag-porto-alegre\/#article","isPartOf":{"@id":"https:\/\/www.estrategiaconcursos.com.br\/blog\/gabarito-definitivo-concurso-seplag-porto-alegre\/"},"author":{"name":"Herbert Almeida","@id":"https:\/\/www.estrategiaconcursos.com.br\/blog\/#\/schema\/person\/59717c75350fa01aa0fd68a52a8d02e0"},"headline":"Saiu gabarito DEFINITIVO das provas do concurso SEPLAG Porto Alegre","datePublished":"2019-11-19T17:56:52+00:00","dateModified":"2019-11-22T19:48:23+00:00","mainEntityOfPage":{"@id":"https:\/\/www.estrategiaconcursos.com.br\/blog\/gabarito-definitivo-concurso-seplag-porto-alegre\/"},"wordCount":322,"commentCount":0,"publisher":{"@id":"https:\/\/www.estrategiaconcursos.com.br\/blog\/#organization"},"image":{"@id":"https:\/\/www.estrategiaconcursos.com.br\/blog\/gabarito-definitivo-concurso-seplag-porto-alegre\/#primaryimage"},"thumbnailUrl":"https:\/\/dhg1h5j42swfq.cloudfront.net\/2019\/08\/22172245\/seplag-porto-alegre.jpg","articleSection":["Concursos P\u00fablicos"],"inLanguage":"pt-BR","potentialAction":[{"@type":"CommentAction","name":"Comment","target":["https:\/\/www.estrategiaconcursos.com.br\/blog\/gabarito-definitivo-concurso-seplag-porto-alegre\/#respond"]}],"copyrightYear":"2019","copyrightHolder":{"@id":"https:\/\/www.estrategiaconcursos.com.br\/blog\/#organization"}},{"@type":"WebPage","@id":"https:\/\/www.estrategiaconcursos.com.br\/blog\/gabarito-definitivo-concurso-seplag-porto-alegre\/","url":"https:\/\/www.estrategiaconcursos.com.br\/blog\/gabarito-definitivo-concurso-seplag-porto-alegre\/","name":"Saiu gabarito DEFINITIVO das provas do concurso SEPLAG Porto Alegre","isPartOf":{"@id":"https:\/\/www.estrategiaconcursos.com.br\/blog\/#website"},"primaryImageOfPage":{"@id":"https:\/\/www.estrategiaconcursos.com.br\/blog\/gabarito-definitivo-concurso-seplag-porto-alegre\/#primaryimage"},"image":{"@id":"https:\/\/www.estrategiaconcursos.com.br\/blog\/gabarito-definitivo-concurso-seplag-porto-alegre\/#primaryimage"},"thumbnailUrl":"https:\/\/dhg1h5j42swfq.cloudfront.net\/2019\/08\/22172245\/seplag-porto-alegre.jpg","datePublished":"2019-11-19T17:56:52+00:00","dateModified":"2019-11-22T19:48:23+00:00","breadcrumb":{"@id":"https:\/\/www.estrategiaconcursos.com.br\/blog\/gabarito-definitivo-concurso-seplag-porto-alegre\/#breadcrumb"},"inLanguage":"pt-BR","potentialAction":[{"@type":"ReadAction","target":["https:\/\/www.estrategiaconcursos.com.br\/blog\/gabarito-definitivo-concurso-seplag-porto-alegre\/"]}]},{"@type":"ImageObject","inLanguage":"pt-BR","@id":"https:\/\/www.estrategiaconcursos.com.br\/blog\/gabarito-definitivo-concurso-seplag-porto-alegre\/#primaryimage","url":"https:\/\/dhg1h5j42swfq.cloudfront.net\/2019\/08\/22172245\/seplag-porto-alegre.jpg","contentUrl":"https:\/\/dhg1h5j42swfq.cloudfront.net\/2019\/08\/22172245\/seplag-porto-alegre.jpg","width":1200,"height":628,"caption":"seplag porto alegre"},{"@type":"BreadcrumbList","@id":"https:\/\/www.estrategiaconcursos.com.br\/blog\/gabarito-definitivo-concurso-seplag-porto-alegre\/#breadcrumb","itemListElement":[{"@type":"ListItem","position":1,"name":"In\u00edcio","item":"https:\/\/www.estrategiaconcursos.com.br\/blog\/"},{"@type":"ListItem","position":2,"name":"Saiu gabarito DEFINITIVO das provas do concurso SEPLAG Porto Alegre"}]},{"@type":"WebSite","@id":"https:\/\/www.estrategiaconcursos.com.br\/blog\/#website","url":"https:\/\/www.estrategiaconcursos.com.br\/blog\/","name":"Estrat\u00e9gia Concursos","description":"O blog da Estrat\u00e9gia Concursos traz not\u00edcias sobre concursos e artigos de professores oferecendo cursos para concursos (pdf + videaulas) no site.","publisher":{"@id":"https:\/\/www.estrategiaconcursos.com.br\/blog\/#organization"},"potentialAction":[{"@type":"SearchAction","target":{"@type":"EntryPoint","urlTemplate":"https:\/\/www.estrategiaconcursos.com.br\/blog\/?s={search_term_string}"},"query-input":{"@type":"PropertyValueSpecification","valueRequired":true,"valueName":"search_term_string"}}],"inLanguage":"pt-BR"},{"@type":"Organization","@id":"https:\/\/www.estrategiaconcursos.com.br\/blog\/#organization","name":"Estrat\u00e9gia Concursos","url":"https:\/\/www.estrategiaconcursos.com.br\/blog\/","logo":{"@type":"ImageObject","inLanguage":"pt-BR","@id":"https:\/\/www.estrategiaconcursos.com.br\/blog\/#\/schema\/logo\/image\/","url":"https:\/\/dhg1h5j42swfq.cloudfront.net\/2025\/06\/03203428\/logo_concursos-1.jpg","contentUrl":"https:\/\/dhg1h5j42swfq.cloudfront.net\/2025\/06\/03203428\/logo_concursos-1.jpg","width":230,"height":60,"caption":"Estrat\u00e9gia Concursos"},"image":{"@id":"https:\/\/www.estrategiaconcursos.com.br\/blog\/#\/schema\/logo\/image\/"},"sameAs":["https:\/\/x.com\/EstratConcursos"]},{"@type":"Person","@id":"https:\/\/www.estrategiaconcursos.com.br\/blog\/#\/schema\/person\/59717c75350fa01aa0fd68a52a8d02e0","name":"Herbert Almeida","image":{"@type":"ImageObject","inLanguage":"pt-BR","@id":"https:\/\/secure.gravatar.com\/avatar\/b6461a43893c24d5fc91efc433971ffec025c84c0341129f4578034d77f9a536?s=96&d=mm&r=g","url":"https:\/\/secure.gravatar.com\/avatar\/b6461a43893c24d5fc91efc433971ffec025c84c0341129f4578034d77f9a536?s=96&d=mm&r=g","contentUrl":"https:\/\/secure.gravatar.com\/avatar\/b6461a43893c24d5fc91efc433971ffec025c84c0341129f4578034d77f9a536?s=96&d=mm&r=g","caption":"Herbert Almeida"},"url":"https:\/\/www.estrategiaconcursos.com.br\/blog\/author\/herbertestrategiaconcursos-com-br\/"}]}},"_links":{"self":[{"href":"https:\/\/www.estrategiaconcursos.com.br\/blog\/wp-json\/wp\/v2\/posts\/449270","targetHints":{"allow":["GET"]}}],"collection":[{"href":"https:\/\/www.estrategiaconcursos.com.br\/blog\/wp-json\/wp\/v2\/posts"}],"about":[{"href":"https:\/\/www.estrategiaconcursos.com.br\/blog\/wp-json\/wp\/v2\/types\/post"}],"author":[{"embeddable":true,"href":"https:\/\/www.estrategiaconcursos.com.br\/blog\/wp-json\/wp\/v2\/users\/129"}],"replies":[{"embeddable":true,"href":"https:\/\/www.estrategiaconcursos.com.br\/blog\/wp-json\/wp\/v2\/comments?post=449270"}],"version-history":[{"count":4,"href":"https:\/\/www.estrategiaconcursos.com.br\/blog\/wp-json\/wp\/v2\/posts\/449270\/revisions"}],"predecessor-version":[{"id":450543,"href":"https:\/\/www.estrategiaconcursos.com.br\/blog\/wp-json\/wp\/v2\/posts\/449270\/revisions\/450543"}],"wp:featuredmedia":[{"embeddable":true,"href":"https:\/\/www.estrategiaconcursos.com.br\/blog\/wp-json\/wp\/v2\/media\/412270"}],"wp:attachment":[{"href":"https:\/\/www.estrategiaconcursos.com.br\/blog\/wp-json\/wp\/v2\/media?parent=449270"}],"wp:term":[{"taxonomy":"category","embeddable":true,"href":"https:\/\/www.estrategiaconcursos.com.br\/blog\/wp-json\/wp\/v2\/categories?post=449270"},{"taxonomy":"post_tag","embeddable":true,"href":"https:\/\/www.estrategiaconcursos.com.br\/blog\/wp-json\/wp\/v2\/tags?post=449270"},{"taxonomy":"tax_estado","embeddable":true,"href":"https:\/\/www.estrategiaconcursos.com.br\/blog\/wp-json\/wp\/v2\/tax_estado?post=449270"}],"curies":[{"name":"wp","href":"https:\/\/api.w.org\/{rel}","templated":true}]}}