{"id":449099,"date":"2019-12-09T01:00:47","date_gmt":"2019-12-09T04:00:47","guid":{"rendered":"https:\/\/www.estrategiaconcursos.com.br\/blog\/?p=449099"},"modified":"2020-01-17T09:20:48","modified_gmt":"2020-01-17T12:20:48","slug":"concurso-sao-sebastiao-do-paraiso","status":"publish","type":"post","link":"https:\/\/www.estrategiaconcursos.com.br\/blog\/concurso-sao-sebastiao-do-paraiso\/","title":{"rendered":"Concurso S\u00e3o Sebasti\u00e3o do Para\u00edso: provas previstas para fevereiro"},"content":{"rendered":"\n<h2 class=\"wp-block-heading\"><em>Inscri\u00e7\u00f5es do Concurso S\u00e3o Sebasti\u00e3o do Para\u00edso j\u00e1 est\u00e3o encerradas<\/em><\/h2>\n\n\n\n<p>Foi publicado o edital do <strong>concurso S\u00e3o Sebasti\u00e3o do Para\u00edso<\/strong>, munic\u00edpio localizado no Estado de Minas Gerais. S\u00e3o ofertadas 224 vagas distribu\u00eddas entre cargos que abrangem todos os n\u00edveis de escolaridade.<\/p>\n\n\n\n<p>Os interessados em participar da sele\u00e7\u00e3o puderam realizar as <em>inscri\u00e7\u00f5es <\/em>at\u00e9 16 de janeiro de 2020, no site da banca organizadora, o IMAM. As taxas foram definidas de acordo com o cargo pretendido, variando de R$ 50 a R$ 100.<\/p>\n\n\n\n<p>Destacamos neste artigo tudo o que voc\u00ea precisa saber sobre o concurso da Prefeitura de S\u00e3o Sebasti\u00e3o do Para\u00edso. Acompanhe os t\u00f3picos abaixo e n\u00e3o perca nenhum detalhe:<\/p>\n\n\n\n<ul class=\"wp-block-list\"><li><strong><em><a href=\"#informacoes-concurso\">Informa\u00e7\u00f5es do concurso<\/a><\/em><\/strong><\/li><li><strong><em><a href=\"http:\/\/datas\">Principais datas<\/a><\/em><\/strong><\/li><li><strong><em><a href=\"#cargos-vagas\">Cargos e vagas<\/a><\/em><\/strong><\/li><li><strong><em><a href=\"#etapas\">Etapas do concurso<\/a><\/em><\/strong><\/li><li><strong><em><a href=\"#objetiva\">Prova Objetiva<\/a><\/em><\/strong><\/li><li><strong><em><a href=\"#redacao\">Prova de Reda\u00e7\u00e3o<\/a><\/em><\/strong><\/li><li><strong><em><a href=\"#titulos\">Prova de T\u00edtulos<\/a><\/em><\/strong><\/li><li><strong><em><a href=\"#cursos-assinatura\">Cursos e Assinatura<\/a><\/em><\/strong><\/li><li><strong><em><a href=\"#ficha-tecnica\">Ficha t\u00e9cnica<\/a><\/em><\/strong><\/li><\/ul>\n\n\n\n<h2 class=\"wp-block-heading\" id=\"informacoes-concurso\">Principais informa\u00e7\u00f5es do concurso S\u00e3o Sebasti\u00e3o do Para\u00edso<\/h2>\n\n\n\n<p>O edital do concurso p\u00fablico de S\u00e3o Sebasti\u00e3o do Para\u00edso, munic\u00edpio de Minas Gerais, foi publicado com oferta de 224 vagas para diversos cargos de n\u00edvel alfabetizado, fundamental, m\u00e9dio e superior. <\/p>\n\n\n\n<p>Vale ressaltar que as vagas abrangem tanto a ampla concorr\u00eancia como PcD, com sal\u00e1rios que podem variar conforme o cargo desejado, entre R$ 998,00 a R$ 20.458,48.<strong> <\/strong>Al\u00e9m disso, todos os cargos recebem aux\u00edlio alimenta\u00e7\u00e3o no valor de R$ 168,53.<\/p>\n\n\n\n<h3 class=\"wp-block-heading\" id=\"datas\">Datas importantes<\/h3>\n\n\n\n<p class=\"has-background has-very-light-gray-background-color\"><strong>Inscri\u00e7\u00e3o<\/strong>: <s>09 de dezembro a 16 de janeiro de 2020<\/s> [ENCERRADO]<br \/><strong>Isen\u00e7\u00e3o da taxa<\/strong>: <s>09 a 13 de dezembro<\/s> [ENCERRADO]<br \/><strong>Prova<\/strong>: 15 e 16 de fevereiro de 2020<\/p>\n\n\n\n<h2 class=\"wp-block-heading\" id=\"cargos-vagas\">Cargos e vagas do concurso S\u00e3o Sebasti\u00e3o do Para\u00edso <\/h2>\n\n\n\n<p>Confira abaixo os cargos que ser\u00e3o ofertados no concurso S\u00e3o Sebasti\u00e3o do Para\u00edso. <\/p>\n\n\n\n<h3 class=\"wp-block-heading\">N\u00edvel alfabetizado<\/h3>\n\n\n\n<p><\/p>\n\n\n\n<figure class=\"wp-block-table is-style-stripes\"><table class=\"has-subtle-pale-blue-background-color has-fixed-layout has-background\"><tbody><tr><td><strong>CARGO<\/strong><\/td><td><strong>VAGAS<\/strong><\/td><td><strong>REMUNERA\u00c7\u00c3O (R$)<\/strong><\/td><\/tr><tr><td> Agente de Obras e Servi\u00e7os P\u00fablicos I <\/td><td> 10 <\/td><td> 1.105,27 <\/td><\/tr><tr><td> Operador de M\u00e1quinas  <\/td><td> 03 <\/td><td> 1.415,84 <\/td><\/tr><\/tbody><\/table><\/figure>\n\n\n\n<h3 class=\"wp-block-heading\">N\u00edvel fundamental<\/h3>\n\n\n\n<p><\/p>\n\n\n\n<figure class=\"wp-block-table is-style-stripes\"><table class=\"has-subtle-pale-blue-background-color has-fixed-layout has-background\"><tbody><tr><td><strong>CARGO<\/strong><\/td><td><strong>VAGAS<\/strong><\/td><td><strong>REMUNERA\u00c7\u00c3O (R$)<\/strong><\/td><\/tr><tr><td> Eletricista I  <\/td><td>01<\/td><td> 1.105,27 <\/td><\/tr><tr><td> Merendeiro <\/td><td>04<\/td><td> 1.105,27 <\/td><\/tr><tr><td> Motorista II  <\/td><td>05<\/td><td> 1.415,84 <\/td><\/tr><tr><td> Atendente de Unidade de Sa\u00fade <\/td><td>05<\/td><td> 1.105,27 <\/td><\/tr><tr><td> Auxiliar em Sa\u00fade Bucal <\/td><td>13<\/td><td> 1.105,27 <\/td><\/tr><tr><td> Mec\u00e2nico de M\u00e1quinas e Ve\u00edculos Pesados I  <\/td><td>02<\/td><td> 1.196,63  <\/td><\/tr><tr><td> Merendeiro do CAPS <\/td><td>01<\/td><td> 998,00 <\/td><\/tr><tr><td> Monitor de Atividades do CAPS <\/td><td>02<\/td><td> 1.415,84 <\/td><\/tr><\/tbody><\/table><\/figure>\n\n\n\n<h3 class=\"wp-block-heading\">N\u00edvel m\u00e9dio e t\u00e9cnico<\/h3>\n\n\n\n<p><\/p>\n\n\n\n<figure class=\"wp-block-table is-style-stripes\"><table class=\"has-subtle-pale-blue-background-color has-fixed-layout has-background\"><tbody><tr><td><strong>CARGO<\/strong><\/td><td><strong>VAGAS<\/strong><\/td><td><strong>REMUNERA\u00c7\u00c3O<\/strong> <strong>(R$)<\/strong><\/td><\/tr><tr><td> Agente Administrativo I <\/td><td> 05 <\/td><td> 1.415,84 <\/td><\/tr><tr><td> Auxiliar de Secretaria Escolar <\/td><td> 01 <\/td><td> 1.415,84 <\/td><\/tr><tr><td> Fiscal de Tributos I <\/td><td> 01 <\/td><td> 2.052,68 <\/td><\/tr><tr><td> Fiscal de Urbanismo I <\/td><td> 01 <\/td><td> 1.602,44 <\/td><\/tr><tr><td> Secretario Escolar <\/td><td> 01 <\/td><td> 1.813,64 <\/td><\/tr><tr><td> T\u00e9cnico em Inform\u00e1tica I <\/td><td> 01 <\/td><td> 1.415,84 <\/td><\/tr><tr><td> Monitor de Educa\u00e7\u00e3o Infantil <\/td><td> 02 <\/td><td> 1.250,96 <\/td><\/tr><tr><td> Prot\u00e9tico <\/td><td> 01 <\/td><td> 2.323,23 <\/td><\/tr><tr><td> T\u00e9cnico em Enfermagem I <\/td><td> 40 <\/td><td> 1.415,84 <\/td><\/tr><tr><td> T\u00e9cnico em Radiologia  <\/td><td> 03 <\/td><td> 1.415,84 <\/td><\/tr><tr><td> Top\u00f3grafo I  <\/td><td> 02  <\/td><td> 1.415,84 <\/td><\/tr><\/tbody><\/table><\/figure>\n\n\n\n<h3 class=\"wp-block-heading\">N\u00edvel superior<\/h3>\n\n\n\n<p><\/p>\n\n\n\n<figure class=\"wp-block-table is-style-stripes\"><table class=\"has-subtle-pale-blue-background-color has-fixed-layout has-background\"><tbody><tr><td><strong>CARGO<\/strong><\/td><td><strong>VAGAS<\/strong><\/td><td><strong>REMUNERA\u00c7\u00c3O (R$)<\/strong><\/td><\/tr><tr><td> Arquiteto I  <\/td><td> 01  <\/td><td> 3.099,61  <\/td><\/tr><tr><td> Assistente Social I  <\/td><td> 10  <\/td><td> 2.629,40  <\/td><\/tr><tr><td> Cirurgi\u00e3o Dentista I  <\/td><td> 01  <\/td><td> 3.099,61  <\/td><\/tr><tr><td> Contador I  <\/td><td> 01  <\/td><td> 3.099,61  <\/td><\/tr><tr><td> Coordenador Pedag\u00f3gico  <\/td><td> 03 <\/td><td> 2.689,65  <\/td><\/tr><tr><td> Educador F\u00edsico <\/td><td> 03 <\/td><td> 2.629,40  <\/td><\/tr><tr><td> Enfermeiro I  <\/td><td> 08  <\/td><td> 3.099,61  <\/td><\/tr><tr><td> Engenheiro Agr\u00f4nomo I  <\/td><td> 01  <\/td><td> 2.629,40  <\/td><\/tr><tr><td> Engenheiro Civil I  <\/td><td> 01  <\/td><td> 3.099,61  <\/td><\/tr><tr><td> Farmac\u00eautico Bioqu\u00edmico I  <\/td><td> 01  <\/td><td> 2.629,40  <\/td><\/tr><tr><td> Fisioterapeuta I  <\/td><td> 01  <\/td><td> 2.629,40  <\/td><\/tr><tr><td> Fonoaudi\u00f3logo I  <\/td><td> 01  <\/td><td> 2.629,40  <\/td><\/tr><tr><td> M\u00e9dico (diversas especialidades)<\/td><td> 18<\/td><td> 3.099,61 <\/td><\/tr><tr><td> M\u00e9dico Cl\u00ednico do CAPS  <\/td><td> 02  <\/td><td> 8.468,94  <\/td><\/tr><tr><td> M\u00e9dico de Regula\u00e7\u00e3o, Controle e Avalia\u00e7\u00e3o e Auditoria <\/td><td> 03  <\/td><td> 118,44 <\/td><\/tr><tr><td> M\u00e9dico de Unidade de Sa\u00fade da Fam\u00edlia <\/td><td> 14  <\/td><td> 20.458,48 <\/td><\/tr><tr><td> M\u00e9dico Infectologista  <\/td><td> 01 <\/td><td> 8.468,94 <\/td><\/tr><tr><td> M\u00e9dico Plantonista I  <\/td><td> 08 <\/td><td> 141,14 <\/td><\/tr><tr><td> M\u00e9dico Plantonista Pediatra I <\/td><td> 04  <\/td><td> 169,38 <\/td><\/tr><tr><td> M\u00e9dico Psiquiatra  <\/td><td> 01  <\/td><td> 11.291,92 <\/td><\/tr><tr><td> Orientador Social  <\/td><td> 06  <\/td><td> 1.602,40  <\/td><\/tr><tr><td> Professor N\u00edvel II (v\u00e1rias disciplinas)<\/td><td> 22<\/td><td> 1.778,87  <\/td><\/tr><tr><td> Psic\u00f3logo I  <\/td><td> 03  <\/td><td> 2.629,40  <\/td><\/tr><tr><td> Psicopedagogo I<\/td><td> 01  <\/td><td> 2.629,40  <\/td><\/tr><tr><td> T\u00e9cnico de Esportes I <\/td><td> 01  <\/td><td> 2.629,40  <\/td><\/tr><tr><td> Terapeuta Ocupacional  <\/td><td> 02  <\/td><td> 2.629,40  <\/td><\/tr><tr><td> Turism\u00f3logo I  <\/td><td> 01  <\/td><td> 2.629,40  <\/td><\/tr><\/tbody><\/table><\/figure>\n\n\n\n<p>As especialidades do cargo de <strong>M\u00e9dico<\/strong> s\u00e3o:<\/p>\n\n\n\n<div class=\"wp-block-columns has-2-columns is-layout-flex wp-container-core-columns-is-layout-28f84493 wp-block-columns-is-layout-flex\">\n<div class=\"wp-block-column is-layout-flow wp-block-column-is-layout-flow\">\n<p>\u2022 Cardiologista <br \/>\u2022 Cl\u00ednico Geral<br \/>\u2022 Dermatologista<br \/>\u2022 Endocrinologista<br \/>\u2022 Gastroenterologista<br \/>\u2022 Geriatra<br \/>\u2022 Ginecologista \/ Obstetra<br \/>\u2022 M\u00e9dico I<br \/>\u2022 Nefrologista<\/p>\n<\/div>\n\n\n\n<div class=\"wp-block-column is-layout-flow wp-block-column-is-layout-flow\">\n<p>\u2022 Neurologista<br \/>\u2022 Oftalmologista<br \/>\u2022 Ortopedista<br \/>\u2022 Otorrinolaringologista<br \/>\u2022 Pediatra<br \/>\u2022 Pneumologista<br \/>\u2022 Reumatologista<br \/>\u2022 Urologista<br \/>\u2022 Vascular<\/p>\n<\/div>\n<\/div>\n\n\n\n<p>As disciplinas do cargo de <strong>Professor <\/strong>s\u00e3o:<\/p>\n\n\n\n<div class=\"wp-block-columns has-2-columns is-layout-flex wp-container-core-columns-is-layout-28f84493 wp-block-columns-is-layout-flex\">\n<div class=\"wp-block-column is-layout-flow wp-block-column-is-layout-flow\">\n<p>\u2022 Ci\u00eancias<br \/>\u2022 Educa\u00e7\u00e3o F\u00edsica <br \/>\u2022 Educa\u00e7\u00e3o Musical <br \/>\u2022 Ensino Religioso <br \/>\u2022 Geografia<\/p>\n<\/div>\n\n\n\n<div class=\"wp-block-column is-layout-flow wp-block-column-is-layout-flow\">\n<p>\u2022 Hist\u00f3ria<br \/>\u2022 Libras<br \/>\u2022 L\u00edngua Inglesa<br \/>\u2022 L\u00edngua Portuguesa<br \/>\u2022 S\u00e9ries iniciais<\/p>\n<\/div>\n<\/div>\n\n\n\n<h2 class=\"wp-block-heading\" id=\"etapas\">Etapas do concurso S\u00e3o Sebasti\u00e3o do Para\u00edso <\/h2>\n\n\n\n<p>O concurso S\u00e3o Sebasti\u00e3o do Para\u00edso ser\u00e1 dividido em em tr\u00eas importantes etapas, sendo elas: Prova Objetiva, Prova de Reda\u00e7\u00e3o e Prova de T\u00edtulos, previstas para serem aplicadas nos dias <strong>15 e 16 de fevereiro de 2020<\/strong>, a depender do cargo pretendido.<\/p>\n\n\n\n<h3 class=\"wp-block-heading\" id=\"objetiva\">Prova Objetiva<\/h3>\n\n\n\n<p>A Prova Objetiva de M\u00faltipla Escolha ser\u00e1 para todos os cargos, de car\u00e1ter eliminat\u00f3rio e classificat\u00f3rio, conforme abaixo:<\/p>\n\n\n\n<ul class=\"wp-block-list\"><li><strong>Cargos de n\u00edvel Alfabetizado:<\/strong><ul><li><em>Portugu\u00eas &#8211; 10 <\/em><\/li><li><em>Matem\u00e1tica &#8211; 10 <\/em><\/li><\/ul><\/li><\/ul>\n\n\n\n<ul class=\"wp-block-list\"><li><strong>Cargos de n\u00edvel Fundamental:<\/strong><ul><li><em>Portugu\u00eas &#8211; 08 <\/em><\/li><li><em>Matem\u00e1tica &#8211; 07 <\/em><\/li><li><em>Espec\u00edficos &#8211; 05<\/em><\/li><\/ul><\/li><\/ul>\n\n\n\n<ul class=\"wp-block-list\"><li><strong>Cargos de n\u00edvel M\u00e9dio e T\u00e9cnico (Monitor de Educa\u00e7\u00e3o Infantil e Top\u00f3grafo I):<\/strong><ul><li><em>Portugu\u00eas &#8211; 08<\/em><\/li><li><em>Matem\u00e1tica &#8211; 07 <\/em><\/li><li><em>Espec\u00edficos &#8211; 10<\/em><\/li><\/ul><\/li><\/ul>\n\n\n\n<ul class=\"wp-block-list\"><li><strong>Prot\u00e9tico, T\u00e9cnico de Enfermagem e T\u00e9cnico em Radiologia:<\/strong><ul><li><em>Portugu\u00eas &#8211; 08 <\/em><\/li><li><em>Sistema \u00danico de Sa\u00fade\/Sa\u00fade P\u00fablica &#8211; 07<\/em><\/li><li><em>Espec\u00edficos &#8211; 10<\/em><\/li><\/ul><\/li><\/ul>\n\n\n\n<ul class=\"wp-block-list\"><li><strong>Arquiteto I, Contador I, Educador F\u00edsico, Engenheiro Agr\u00f4nomo I, Engenheiro Civil I, Orientador Social, T\u00e9cnico de Esportes I e Turism\u00f3logo I:<\/strong><ul><li><em>Portugu\u00eas &#8211; 15 <\/em><\/li><li><em>Conhecimentos Gerais &#8211; 10<\/em><\/li><li><em>Espec\u00edficos &#8211; 15<\/em><\/li><\/ul><\/li><\/ul>\n\n\n\n<ul class=\"wp-block-list\"><li><strong>Assistente Social I, Cirurgi\u00e3o Dentista I, Enfermeiro I, Farmac\u00eautico Bioqu\u00edmico I, Fisioterapeuta I, Fonoaudi\u00f3logo I, M\u00e9dicos, Psic\u00f3logo I e Terapeuta Ocupacional:<\/strong><ul><li><em>Portugu\u00eas &#8211; 15 <\/em><\/li><li><em>Sistema \u00danico de Sa\u00fade \/ Sa\u00fade P\u00fablica &#8211; 10 <\/em><\/li><li><em>Espec\u00edficos &#8211; 15<\/em><\/li><\/ul><\/li><\/ul>\n\n\n\n<ul class=\"wp-block-list\"><li><strong>Coordenador Pedag\u00f3gico, Professor e Psicopedagogo I:<\/strong><ul><li><em>Portugu\u00eas &#8211; 15 <\/em><\/li><li><em>Teoria e Pr\u00e1tica da Educa\u00e7\u00e3o &#8211; 10 <\/em><\/li><li><em>Espec\u00edficos &#8211; 15<\/em><\/li><\/ul><\/li><\/ul>\n\n\n\n<h3 class=\"wp-block-heading\" id=\"redacao\">Prova de Reda\u00e7\u00e3o<\/h3>\n\n\n\n<p>A Prova de Reda\u00e7\u00e3o ser\u00e1 aplicada somente aos cargos de Professores, de car\u00e1ter eliminat\u00f3rio e classificat\u00f3rio. <\/p>\n\n\n\n<p>O candidato dever\u00e1 escrever um texto dissertativo-argumentativo, versando sobre tema da atualidade, com o m\u00ednimo de 20 e o m\u00e1ximo de 30 linhas, no valor m\u00e1ximo de 20 pontos, sendo considerado aprovado o que obtiver o m\u00ednimo de 60% dos pontos.  <\/p>\n\n\n\n<p><\/p>\n\n\n\n<figure class=\"wp-block-table aligncenter is-style-stripes\"><table class=\"has-subtle-pale-blue-background-color has-fixed-layout has-background\"><tbody><tr><td><strong>Cargo<\/strong><\/td><td><strong>Reda\u00e7\u00f5es corrigidas<\/strong><\/td><\/tr><tr><td> Professor N\u00edvel II &#8211; Ci\u00eancias <\/td><td> 50 <\/td><\/tr><tr><td> Professor N\u00edvel II &#8211; Educa\u00e7\u00e3o F\u00edsica <\/td><td> 90 <\/td><\/tr><tr><td> Professor N\u00edvel II &#8211; Educa\u00e7\u00e3o Musical <\/td><td> 40 <\/td><\/tr><tr><td> Professor N\u00edvel II &#8211; Ensino Religioso <\/td><td> 30 <\/td><\/tr><tr><td> Professor N\u00edvel II &#8211; Geografia <\/td><td> 50 <\/td><\/tr><tr><td> Professor N\u00edvel II &#8211; Hist\u00f3ria <\/td><td> 50 <\/td><\/tr><tr><td> Professor N\u00edvel II &#8211; Libras <\/td><td> 30 <\/td><\/tr><tr><td> Professor N\u00edvel II &#8211; L\u00edngua Inglesa <\/td><td> 50 <\/td><\/tr><tr><td> Professor N\u00edvel II &#8211; L\u00edngua Portuguesa <\/td><td> 80 <\/td><\/tr><tr><td> Professor N\u00edvel II &#8211; S\u00e9ries iniciais <\/td><td>200<\/td><\/tr><tr><td> Pessoas com defici\u00eancia <\/td><td> ser\u00e3o corrigidas as reda\u00e7\u00f5es de todos os candidatos aprovados na Prova Objetiva de M\u00faltipla Escolha <\/td><\/tr><\/tbody><\/table><\/figure>\n\n\n\n<h3 class=\"wp-block-heading\" id=\"titulos\">Prova de T\u00edtulos<\/h3>\n\n\n\n<p>A Prova de T\u00edtulos ser\u00e1 para os cargos de n\u00edvel superior, de car\u00e1ter classificat\u00f3rio, no valor m\u00e1ximo de 9 sendo pontuada de acordo com a tabela abaixo: <\/p>\n\n\n\n<ul class=\"wp-block-list\"><li><strong>Doutorado <\/strong>na \u00e1rea de atua\u00e7\u00e3o do cargo pretendido pelo candidato &#8211; 4 pontos<\/li><li><strong>Mestrado <\/strong>na \u00e1rea de atua\u00e7\u00e3o do cargo pretendido pelo candidato &#8211; 3 pontos<\/li><li><strong>P\u00f3s-gradua\u00e7\u00e3o em n\u00edvel de especializa\u00e7\u00e3o <em>lato sensu<\/em><\/strong> exclusiva na \u00e1rea espec\u00edfica*, de atua\u00e7\u00e3o pretendida com carga hor\u00e1ria m\u00ednima de 360 horas &#8211; 2 pontos<\/li><\/ul>\n\n\n\n<p>\n\n*Considera-se \u00e1rea espec\u00edfica os cursos\/t\u00edtulos que sejam relacionados diretamente com o cargo a que concorre\n\n<\/p>\n\n\n\n<hr class=\"wp-block-separator\"\/>\n\n\n\n<h2 class=\"has-text-align-center wp-block-heading\" id=\"cursos-assinatura\">Quer estudar para o concurso S\u00e3o Sebasti\u00e3o do Para\u00edso?<\/h2>\n\n\n\n<p class=\"has-text-align-center\"><em>Gostou desta oportunidade e deseja come\u00e7ar se preparar agora mesmo? Ent\u00e3o, confira os nossos cursos e comece a estudar:<\/em><\/p>\n\n\n\n<p style=\"font-size:22px\" class=\"has-background has-text-align-center has-light-green-cyan-background-color\"><strong><a href=\"https:\/\/www.estrategiaconcursos.com.br\/cursosPorConcurso\/prefeitura-municipal-de-sao-sebastiao-do-paraiso-mg\/\" target=\"_blank\" rel=\"noreferrer noopener\" aria-label=\"CURSOS S\u00c3O SEBASTI\u00c3O DO PARA\u00cdSO (abre numa nova aba)\">CURSOS S\u00c3O SEBASTI\u00c3O DO PARA\u00cdSO<\/a><\/strong><\/p>\n\n\n\n<p style=\"font-size:22px\" class=\"has-text-align-center\"><em><strong>Fique por dentro de todos os concursos<\/strong><\/em>:<\/p>\n\n\n\n<p style=\"font-size:22px\" class=\"has-background has-text-align-center has-pale-cyan-blue-background-color\"><a rel=\"noreferrer noopener\" href=\"https:\/\/www.estrategiaconcursos.com.br\/blog\/concursos-abertos\/\" target=\"_blank\"><strong>Concursos Abertos<\/strong><\/a><\/p>\n\n\n\n<p style=\"font-size:22px\" class=\"has-background has-text-align-center has-pale-cyan-blue-background-color\"><a rel=\"noreferrer noopener\" href=\"https:\/\/www.estrategiaconcursos.com.br\/blog\/concursos-2020\/\" target=\"_blank\"><strong>Concursos 2020<\/strong><\/a><\/p>\n\n\n\n<figure class=\"wp-block-image\"><img loading=\"lazy\" decoding=\"async\" width=\"300\" height=\"102\" src=\"https:\/\/dhg1h5j42swfq.cloudfront.net\/2017\/03\/28152500\/coruja-ficha-tecnica-300x102.png\" alt=\"Ficha t\u00e9cnica do concurso S\u00e3o Sebasti\u00e3o do Para\u00edso\" class=\"wp-image-68542\"\/><\/figure>\n\n\n\n<h3 class=\"wp-block-heading\" id=\"ficha-tecnica\"><strong>Informa\u00e7\u00f5es sobre o concurso S\u00e3o Sebasti\u00e3o do Para\u00edso<\/strong><\/h3>\n\n\n\n<p>\u25ba<strong>Provas<\/strong>:&nbsp;15 e 16\/02\/2020<br \/>\u25ba<strong>Vagas<\/strong>: 224<br \/>\u25ba<strong>Cargos<\/strong>: diversos<br \/>\u25ba<strong>Banca<\/strong>: IMAM<br \/>\u25ba<strong>Escolaridade<\/strong>: N\u00edvel fundamental, m\u00e9dio e superior<br \/>\u25ba<strong>Edital<\/strong>: <strong><a rel=\"noreferrer noopener\" aria-label=\"Edital S\u00e3o Sebasti\u00e3o do Para\u00edso (abre numa nova aba)\" href=\"https:\/\/dhg1h5j42swfq.cloudfront.net\/2019\/11\/19113941\/Edital_S%C3%A3o_Sebasti%C3%A3o_do_Para%C3%ADso.pdf\" target=\"_blank\">Edital S\u00e3o Sebasti\u00e3o do Para\u00edso<\/a> <\/strong><\/p>\n\n\n\n<p><br \/><em>Ascom Estrat\u00e9gia<br \/><\/em>ascomestrategia@gmail.com<\/p>\n","protected":false},"excerpt":{"rendered":"<p>Inscri\u00e7\u00f5es do Concurso S\u00e3o Sebasti\u00e3o do Para\u00edso j\u00e1 est\u00e3o encerradas Foi publicado o edital do concurso S\u00e3o Sebasti\u00e3o do Para\u00edso, munic\u00edpio localizado no Estado de Minas Gerais. S\u00e3o ofertadas 224 vagas distribu\u00eddas entre cargos que abrangem todos os n\u00edveis de escolaridade. Os interessados em participar da sele\u00e7\u00e3o puderam realizar as inscri\u00e7\u00f5es at\u00e9 16 de janeiro [&hellip;]<\/p>\n","protected":false},"author":1,"featured_media":444275,"comment_status":"open","ping_status":"closed","sticky":false,"template":"","format":"standard","meta":{"post_tipo":"news","footnotes":""},"categories":[1],"tags":[],"tax_estado":[],"class_list":["post-449099","post","type-post","status-publish","format-standard","has-post-thumbnail","hentry","category-cursos-e-concursos"],"acf":[],"yoast_head":"<!-- This site is optimized with the Yoast SEO Premium plugin v27.2 (Yoast SEO v27.2) - https:\/\/yoast.com\/product\/yoast-seo-premium-wordpress\/ -->\n<title>Concurso S\u00e3o Sebasti\u00e3o do Para\u00edso: provas previstas para fevereiro<\/title>\n<meta name=\"description\" content=\"Concurso S\u00e3o Sebasti\u00e3o do Para\u00edso: inscri\u00e7\u00f5es ENCERRADAS com vagas para todos os n\u00edveis de escolaridade. Acesse e confira os detalhes!\" \/>\n<meta name=\"robots\" content=\"index, follow, max-snippet:-1, max-image-preview:large, max-video-preview:-1\" \/>\n<link rel=\"canonical\" href=\"https:\/\/www.estrategiaconcursos.com.br\/blog\/concurso-sao-sebastiao-do-paraiso\/\" \/>\n<meta property=\"og:locale\" content=\"pt_BR\" \/>\n<meta property=\"og:type\" content=\"article\" \/>\n<meta property=\"og:title\" content=\"Concurso S\u00e3o Sebasti\u00e3o do Para\u00edso: provas previstas para fevereiro\" \/>\n<meta property=\"og:description\" content=\"Concurso S\u00e3o Sebasti\u00e3o do Para\u00edso: inscri\u00e7\u00f5es ENCERRADAS com vagas para todos os n\u00edveis de escolaridade. Acesse e confira os detalhes!\" \/>\n<meta property=\"og:url\" content=\"https:\/\/www.estrategiaconcursos.com.br\/blog\/concurso-sao-sebastiao-do-paraiso\/\" \/>\n<meta property=\"og:site_name\" content=\"Estrat\u00e9gia Concursos\" \/>\n<meta property=\"article:author\" content=\"https:\/\/www.facebook.com\/EstrategiaConcursos\" \/>\n<meta property=\"article:published_time\" content=\"2019-12-09T04:00:47+00:00\" \/>\n<meta property=\"article:modified_time\" content=\"2020-01-17T12:20:48+00:00\" \/>\n<meta property=\"og:image\" content=\"https:\/\/dhg1h5j42swfq.cloudfront.net\/2019\/11\/05113847\/Saiu-Edital-6.png\" \/>\n\t<meta property=\"og:image:width\" content=\"1200\" \/>\n\t<meta property=\"og:image:height\" content=\"628\" \/>\n\t<meta property=\"og:image:type\" content=\"image\/png\" \/>\n<meta name=\"author\" content=\"Coordena\u00e7\u00e3o\" \/>\n<meta name=\"twitter:card\" content=\"summary_large_image\" \/>\n<meta name=\"twitter:creator\" content=\"@EstratConcursos\" \/>\n<meta name=\"twitter:site\" content=\"@EstratConcursos\" \/>\n<meta name=\"twitter:label1\" content=\"Escrito por\" \/>\n\t<meta name=\"twitter:data1\" content=\"Coordena\u00e7\u00e3o\" \/>\n\t<meta name=\"twitter:label2\" content=\"Est. tempo de leitura\" \/>\n\t<meta name=\"twitter:data2\" content=\"6 minutos\" \/>\n<script type=\"application\/ld+json\" class=\"yoast-schema-graph\">{\"@context\":\"https:\/\/schema.org\",\"@graph\":[{\"@type\":\"NewsArticle\",\"@id\":\"https:\/\/www.estrategiaconcursos.com.br\/blog\/concurso-sao-sebastiao-do-paraiso\/#article\",\"isPartOf\":{\"@id\":\"https:\/\/www.estrategiaconcursos.com.br\/blog\/concurso-sao-sebastiao-do-paraiso\/\"},\"author\":{\"name\":\"Coordena\u00e7\u00e3o\",\"@id\":\"https:\/\/www.estrategiaconcursos.com.br\/blog\/#\/schema\/person\/b4a388c97673c5f483d72185668afa1f\"},\"headline\":\"Concurso S\u00e3o Sebasti\u00e3o do Para\u00edso: provas previstas para fevereiro\",\"datePublished\":\"2019-12-09T04:00:47+00:00\",\"dateModified\":\"2020-01-17T12:20:48+00:00\",\"mainEntityOfPage\":{\"@id\":\"https:\/\/www.estrategiaconcursos.com.br\/blog\/concurso-sao-sebastiao-do-paraiso\/\"},\"wordCount\":1226,\"commentCount\":0,\"publisher\":{\"@id\":\"https:\/\/www.estrategiaconcursos.com.br\/blog\/#organization\"},\"image\":{\"@id\":\"https:\/\/www.estrategiaconcursos.com.br\/blog\/concurso-sao-sebastiao-do-paraiso\/#primaryimage\"},\"thumbnailUrl\":\"https:\/\/dhg1h5j42swfq.cloudfront.net\/2019\/11\/05113847\/Saiu-Edital-6.png\",\"articleSection\":[\"Concursos P\u00fablicos\"],\"inLanguage\":\"pt-BR\",\"potentialAction\":[{\"@type\":\"CommentAction\",\"name\":\"Comment\",\"target\":[\"https:\/\/www.estrategiaconcursos.com.br\/blog\/concurso-sao-sebastiao-do-paraiso\/#respond\"]}],\"copyrightYear\":\"2019\",\"copyrightHolder\":{\"@id\":\"https:\/\/www.estrategiaconcursos.com.br\/blog\/#organization\"}},{\"@type\":\"WebPage\",\"@id\":\"https:\/\/www.estrategiaconcursos.com.br\/blog\/concurso-sao-sebastiao-do-paraiso\/\",\"url\":\"https:\/\/www.estrategiaconcursos.com.br\/blog\/concurso-sao-sebastiao-do-paraiso\/\",\"name\":\"Concurso S\u00e3o Sebasti\u00e3o do Para\u00edso: provas previstas para fevereiro\",\"isPartOf\":{\"@id\":\"https:\/\/www.estrategiaconcursos.com.br\/blog\/#website\"},\"primaryImageOfPage\":{\"@id\":\"https:\/\/www.estrategiaconcursos.com.br\/blog\/concurso-sao-sebastiao-do-paraiso\/#primaryimage\"},\"image\":{\"@id\":\"https:\/\/www.estrategiaconcursos.com.br\/blog\/concurso-sao-sebastiao-do-paraiso\/#primaryimage\"},\"thumbnailUrl\":\"https:\/\/dhg1h5j42swfq.cloudfront.net\/2019\/11\/05113847\/Saiu-Edital-6.png\",\"datePublished\":\"2019-12-09T04:00:47+00:00\",\"dateModified\":\"2020-01-17T12:20:48+00:00\",\"description\":\"Concurso S\u00e3o Sebasti\u00e3o do Para\u00edso: inscri\u00e7\u00f5es ENCERRADAS com vagas para todos os n\u00edveis de escolaridade. Acesse e confira os detalhes!\",\"breadcrumb\":{\"@id\":\"https:\/\/www.estrategiaconcursos.com.br\/blog\/concurso-sao-sebastiao-do-paraiso\/#breadcrumb\"},\"inLanguage\":\"pt-BR\",\"potentialAction\":[{\"@type\":\"ReadAction\",\"target\":[\"https:\/\/www.estrategiaconcursos.com.br\/blog\/concurso-sao-sebastiao-do-paraiso\/\"]}]},{\"@type\":\"ImageObject\",\"inLanguage\":\"pt-BR\",\"@id\":\"https:\/\/www.estrategiaconcursos.com.br\/blog\/concurso-sao-sebastiao-do-paraiso\/#primaryimage\",\"url\":\"https:\/\/dhg1h5j42swfq.cloudfront.net\/2019\/11\/05113847\/Saiu-Edital-6.png\",\"contentUrl\":\"https:\/\/dhg1h5j42swfq.cloudfront.net\/2019\/11\/05113847\/Saiu-Edital-6.png\",\"width\":1200,\"height\":628,\"caption\":\"Concurso CRBM 14\"},{\"@type\":\"BreadcrumbList\",\"@id\":\"https:\/\/www.estrategiaconcursos.com.br\/blog\/concurso-sao-sebastiao-do-paraiso\/#breadcrumb\",\"itemListElement\":[{\"@type\":\"ListItem\",\"position\":1,\"name\":\"In\u00edcio\",\"item\":\"https:\/\/www.estrategiaconcursos.com.br\/blog\/\"},{\"@type\":\"ListItem\",\"position\":2,\"name\":\"Concurso S\u00e3o Sebasti\u00e3o do Para\u00edso: provas previstas para fevereiro\"}]},{\"@type\":\"WebSite\",\"@id\":\"https:\/\/www.estrategiaconcursos.com.br\/blog\/#website\",\"url\":\"https:\/\/www.estrategiaconcursos.com.br\/blog\/\",\"name\":\"Estrat\u00e9gia Concursos\",\"description\":\"O blog da Estrat\u00e9gia Concursos traz not\u00edcias sobre concursos e artigos de professores oferecendo cursos para concursos (pdf + videaulas) no site.\",\"publisher\":{\"@id\":\"https:\/\/www.estrategiaconcursos.com.br\/blog\/#organization\"},\"potentialAction\":[{\"@type\":\"SearchAction\",\"target\":{\"@type\":\"EntryPoint\",\"urlTemplate\":\"https:\/\/www.estrategiaconcursos.com.br\/blog\/?s={search_term_string}\"},\"query-input\":{\"@type\":\"PropertyValueSpecification\",\"valueRequired\":true,\"valueName\":\"search_term_string\"}}],\"inLanguage\":\"pt-BR\"},{\"@type\":\"Organization\",\"@id\":\"https:\/\/www.estrategiaconcursos.com.br\/blog\/#organization\",\"name\":\"Estrat\u00e9gia Concursos\",\"url\":\"https:\/\/www.estrategiaconcursos.com.br\/blog\/\",\"logo\":{\"@type\":\"ImageObject\",\"inLanguage\":\"pt-BR\",\"@id\":\"https:\/\/www.estrategiaconcursos.com.br\/blog\/#\/schema\/logo\/image\/\",\"url\":\"https:\/\/dhg1h5j42swfq.cloudfront.net\/2025\/06\/03203428\/logo_concursos-1.jpg\",\"contentUrl\":\"https:\/\/dhg1h5j42swfq.cloudfront.net\/2025\/06\/03203428\/logo_concursos-1.jpg\",\"width\":230,\"height\":60,\"caption\":\"Estrat\u00e9gia Concursos\"},\"image\":{\"@id\":\"https:\/\/www.estrategiaconcursos.com.br\/blog\/#\/schema\/logo\/image\/\"},\"sameAs\":[\"https:\/\/x.com\/EstratConcursos\"]},{\"@type\":\"Person\",\"@id\":\"https:\/\/www.estrategiaconcursos.com.br\/blog\/#\/schema\/person\/b4a388c97673c5f483d72185668afa1f\",\"name\":\"Coordena\u00e7\u00e3o\",\"image\":{\"@type\":\"ImageObject\",\"inLanguage\":\"pt-BR\",\"@id\":\"https:\/\/secure.gravatar.com\/avatar\/b720319e4c9a967eb58678d110f4fe35452fc5d5f97b202bac7b8acceb18c6ad?s=96&d=mm&r=g\",\"url\":\"https:\/\/secure.gravatar.com\/avatar\/b720319e4c9a967eb58678d110f4fe35452fc5d5f97b202bac7b8acceb18c6ad?s=96&d=mm&r=g\",\"contentUrl\":\"https:\/\/secure.gravatar.com\/avatar\/b720319e4c9a967eb58678d110f4fe35452fc5d5f97b202bac7b8acceb18c6ad?s=96&d=mm&r=g\",\"caption\":\"Coordena\u00e7\u00e3o\"},\"sameAs\":[\"https:\/\/www.facebook.com\/EstrategiaConcursos\",\"https:\/\/x.com\/EstratConcursos\"],\"url\":\"https:\/\/www.estrategiaconcursos.com.br\/blog\/author\/estrategia2013\/\"}]}<\/script>\n<!-- \/ Yoast SEO Premium plugin. -->","yoast_head_json":{"title":"Concurso S\u00e3o Sebasti\u00e3o do Para\u00edso: provas previstas para fevereiro","description":"Concurso S\u00e3o Sebasti\u00e3o do Para\u00edso: inscri\u00e7\u00f5es ENCERRADAS com vagas para todos os n\u00edveis de escolaridade. Acesse e confira os detalhes!","robots":{"index":"index","follow":"follow","max-snippet":"max-snippet:-1","max-image-preview":"max-image-preview:large","max-video-preview":"max-video-preview:-1"},"canonical":"https:\/\/www.estrategiaconcursos.com.br\/blog\/concurso-sao-sebastiao-do-paraiso\/","og_locale":"pt_BR","og_type":"article","og_title":"Concurso S\u00e3o Sebasti\u00e3o do Para\u00edso: provas previstas para fevereiro","og_description":"Concurso S\u00e3o Sebasti\u00e3o do Para\u00edso: inscri\u00e7\u00f5es ENCERRADAS com vagas para todos os n\u00edveis de escolaridade. Acesse e confira os detalhes!","og_url":"https:\/\/www.estrategiaconcursos.com.br\/blog\/concurso-sao-sebastiao-do-paraiso\/","og_site_name":"Estrat\u00e9gia Concursos","article_author":"https:\/\/www.facebook.com\/EstrategiaConcursos","article_published_time":"2019-12-09T04:00:47+00:00","article_modified_time":"2020-01-17T12:20:48+00:00","og_image":[{"width":1200,"height":628,"url":"https:\/\/dhg1h5j42swfq.cloudfront.net\/2019\/11\/05113847\/Saiu-Edital-6.png","type":"image\/png"}],"author":"Coordena\u00e7\u00e3o","twitter_card":"summary_large_image","twitter_creator":"@EstratConcursos","twitter_site":"@EstratConcursos","twitter_misc":{"Escrito por":"Coordena\u00e7\u00e3o","Est. tempo de leitura":"6 minutos"},"schema":{"@context":"https:\/\/schema.org","@graph":[{"@type":"NewsArticle","@id":"https:\/\/www.estrategiaconcursos.com.br\/blog\/concurso-sao-sebastiao-do-paraiso\/#article","isPartOf":{"@id":"https:\/\/www.estrategiaconcursos.com.br\/blog\/concurso-sao-sebastiao-do-paraiso\/"},"author":{"name":"Coordena\u00e7\u00e3o","@id":"https:\/\/www.estrategiaconcursos.com.br\/blog\/#\/schema\/person\/b4a388c97673c5f483d72185668afa1f"},"headline":"Concurso S\u00e3o Sebasti\u00e3o do Para\u00edso: provas previstas para fevereiro","datePublished":"2019-12-09T04:00:47+00:00","dateModified":"2020-01-17T12:20:48+00:00","mainEntityOfPage":{"@id":"https:\/\/www.estrategiaconcursos.com.br\/blog\/concurso-sao-sebastiao-do-paraiso\/"},"wordCount":1226,"commentCount":0,"publisher":{"@id":"https:\/\/www.estrategiaconcursos.com.br\/blog\/#organization"},"image":{"@id":"https:\/\/www.estrategiaconcursos.com.br\/blog\/concurso-sao-sebastiao-do-paraiso\/#primaryimage"},"thumbnailUrl":"https:\/\/dhg1h5j42swfq.cloudfront.net\/2019\/11\/05113847\/Saiu-Edital-6.png","articleSection":["Concursos P\u00fablicos"],"inLanguage":"pt-BR","potentialAction":[{"@type":"CommentAction","name":"Comment","target":["https:\/\/www.estrategiaconcursos.com.br\/blog\/concurso-sao-sebastiao-do-paraiso\/#respond"]}],"copyrightYear":"2019","copyrightHolder":{"@id":"https:\/\/www.estrategiaconcursos.com.br\/blog\/#organization"}},{"@type":"WebPage","@id":"https:\/\/www.estrategiaconcursos.com.br\/blog\/concurso-sao-sebastiao-do-paraiso\/","url":"https:\/\/www.estrategiaconcursos.com.br\/blog\/concurso-sao-sebastiao-do-paraiso\/","name":"Concurso S\u00e3o Sebasti\u00e3o do Para\u00edso: provas previstas para fevereiro","isPartOf":{"@id":"https:\/\/www.estrategiaconcursos.com.br\/blog\/#website"},"primaryImageOfPage":{"@id":"https:\/\/www.estrategiaconcursos.com.br\/blog\/concurso-sao-sebastiao-do-paraiso\/#primaryimage"},"image":{"@id":"https:\/\/www.estrategiaconcursos.com.br\/blog\/concurso-sao-sebastiao-do-paraiso\/#primaryimage"},"thumbnailUrl":"https:\/\/dhg1h5j42swfq.cloudfront.net\/2019\/11\/05113847\/Saiu-Edital-6.png","datePublished":"2019-12-09T04:00:47+00:00","dateModified":"2020-01-17T12:20:48+00:00","description":"Concurso S\u00e3o Sebasti\u00e3o do Para\u00edso: inscri\u00e7\u00f5es ENCERRADAS com vagas para todos os n\u00edveis de escolaridade. Acesse e confira os detalhes!","breadcrumb":{"@id":"https:\/\/www.estrategiaconcursos.com.br\/blog\/concurso-sao-sebastiao-do-paraiso\/#breadcrumb"},"inLanguage":"pt-BR","potentialAction":[{"@type":"ReadAction","target":["https:\/\/www.estrategiaconcursos.com.br\/blog\/concurso-sao-sebastiao-do-paraiso\/"]}]},{"@type":"ImageObject","inLanguage":"pt-BR","@id":"https:\/\/www.estrategiaconcursos.com.br\/blog\/concurso-sao-sebastiao-do-paraiso\/#primaryimage","url":"https:\/\/dhg1h5j42swfq.cloudfront.net\/2019\/11\/05113847\/Saiu-Edital-6.png","contentUrl":"https:\/\/dhg1h5j42swfq.cloudfront.net\/2019\/11\/05113847\/Saiu-Edital-6.png","width":1200,"height":628,"caption":"Concurso CRBM 14"},{"@type":"BreadcrumbList","@id":"https:\/\/www.estrategiaconcursos.com.br\/blog\/concurso-sao-sebastiao-do-paraiso\/#breadcrumb","itemListElement":[{"@type":"ListItem","position":1,"name":"In\u00edcio","item":"https:\/\/www.estrategiaconcursos.com.br\/blog\/"},{"@type":"ListItem","position":2,"name":"Concurso S\u00e3o Sebasti\u00e3o do Para\u00edso: provas previstas para fevereiro"}]},{"@type":"WebSite","@id":"https:\/\/www.estrategiaconcursos.com.br\/blog\/#website","url":"https:\/\/www.estrategiaconcursos.com.br\/blog\/","name":"Estrat\u00e9gia Concursos","description":"O blog da Estrat\u00e9gia Concursos traz not\u00edcias sobre concursos e artigos de professores oferecendo cursos para concursos (pdf + videaulas) no site.","publisher":{"@id":"https:\/\/www.estrategiaconcursos.com.br\/blog\/#organization"},"potentialAction":[{"@type":"SearchAction","target":{"@type":"EntryPoint","urlTemplate":"https:\/\/www.estrategiaconcursos.com.br\/blog\/?s={search_term_string}"},"query-input":{"@type":"PropertyValueSpecification","valueRequired":true,"valueName":"search_term_string"}}],"inLanguage":"pt-BR"},{"@type":"Organization","@id":"https:\/\/www.estrategiaconcursos.com.br\/blog\/#organization","name":"Estrat\u00e9gia Concursos","url":"https:\/\/www.estrategiaconcursos.com.br\/blog\/","logo":{"@type":"ImageObject","inLanguage":"pt-BR","@id":"https:\/\/www.estrategiaconcursos.com.br\/blog\/#\/schema\/logo\/image\/","url":"https:\/\/dhg1h5j42swfq.cloudfront.net\/2025\/06\/03203428\/logo_concursos-1.jpg","contentUrl":"https:\/\/dhg1h5j42swfq.cloudfront.net\/2025\/06\/03203428\/logo_concursos-1.jpg","width":230,"height":60,"caption":"Estrat\u00e9gia Concursos"},"image":{"@id":"https:\/\/www.estrategiaconcursos.com.br\/blog\/#\/schema\/logo\/image\/"},"sameAs":["https:\/\/x.com\/EstratConcursos"]},{"@type":"Person","@id":"https:\/\/www.estrategiaconcursos.com.br\/blog\/#\/schema\/person\/b4a388c97673c5f483d72185668afa1f","name":"Coordena\u00e7\u00e3o","image":{"@type":"ImageObject","inLanguage":"pt-BR","@id":"https:\/\/secure.gravatar.com\/avatar\/b720319e4c9a967eb58678d110f4fe35452fc5d5f97b202bac7b8acceb18c6ad?s=96&d=mm&r=g","url":"https:\/\/secure.gravatar.com\/avatar\/b720319e4c9a967eb58678d110f4fe35452fc5d5f97b202bac7b8acceb18c6ad?s=96&d=mm&r=g","contentUrl":"https:\/\/secure.gravatar.com\/avatar\/b720319e4c9a967eb58678d110f4fe35452fc5d5f97b202bac7b8acceb18c6ad?s=96&d=mm&r=g","caption":"Coordena\u00e7\u00e3o"},"sameAs":["https:\/\/www.facebook.com\/EstrategiaConcursos","https:\/\/x.com\/EstratConcursos"],"url":"https:\/\/www.estrategiaconcursos.com.br\/blog\/author\/estrategia2013\/"}]}},"_links":{"self":[{"href":"https:\/\/www.estrategiaconcursos.com.br\/blog\/wp-json\/wp\/v2\/posts\/449099","targetHints":{"allow":["GET"]}}],"collection":[{"href":"https:\/\/www.estrategiaconcursos.com.br\/blog\/wp-json\/wp\/v2\/posts"}],"about":[{"href":"https:\/\/www.estrategiaconcursos.com.br\/blog\/wp-json\/wp\/v2\/types\/post"}],"author":[{"embeddable":true,"href":"https:\/\/www.estrategiaconcursos.com.br\/blog\/wp-json\/wp\/v2\/users\/1"}],"replies":[{"embeddable":true,"href":"https:\/\/www.estrategiaconcursos.com.br\/blog\/wp-json\/wp\/v2\/comments?post=449099"}],"version-history":[{"count":18,"href":"https:\/\/www.estrategiaconcursos.com.br\/blog\/wp-json\/wp\/v2\/posts\/449099\/revisions"}],"predecessor-version":[{"id":470997,"href":"https:\/\/www.estrategiaconcursos.com.br\/blog\/wp-json\/wp\/v2\/posts\/449099\/revisions\/470997"}],"wp:featuredmedia":[{"embeddable":true,"href":"https:\/\/www.estrategiaconcursos.com.br\/blog\/wp-json\/wp\/v2\/media\/444275"}],"wp:attachment":[{"href":"https:\/\/www.estrategiaconcursos.com.br\/blog\/wp-json\/wp\/v2\/media?parent=449099"}],"wp:term":[{"taxonomy":"category","embeddable":true,"href":"https:\/\/www.estrategiaconcursos.com.br\/blog\/wp-json\/wp\/v2\/categories?post=449099"},{"taxonomy":"post_tag","embeddable":true,"href":"https:\/\/www.estrategiaconcursos.com.br\/blog\/wp-json\/wp\/v2\/tags?post=449099"},{"taxonomy":"tax_estado","embeddable":true,"href":"https:\/\/www.estrategiaconcursos.com.br\/blog\/wp-json\/wp\/v2\/tax_estado?post=449099"}],"curies":[{"name":"wp","href":"https:\/\/api.w.org\/{rel}","templated":true}]}}