{"id":448959,"date":"2019-11-19T09:29:54","date_gmt":"2019-11-19T12:29:54","guid":{"rendered":"https:\/\/www.estrategiaconcursos.com.br\/blog\/?p=448959"},"modified":"2019-11-19T16:32:52","modified_gmt":"2019-11-19T19:32:52","slug":"concurso-semus-nova-iguacu-rj","status":"publish","type":"post","link":"https:\/\/www.estrategiaconcursos.com.br\/blog\/concurso-semus-nova-iguacu-rj\/","title":{"rendered":"Concurso SEMUS Nova Igua\u00e7u RJ: Aviso de Licita\u00e7\u00e3o \u00e9 publicado"},"content":{"rendered":"\n<p>Foi publicado nesta ter\u00e7a-feira, 19 de novembro, no Di\u00e1rio Oficial, um Aviso de Licita\u00e7\u00e3o, para um novo concurso da Secretaria Municipal de Sa\u00fade de Nova Igua\u00e7u, munic\u00edpio do Rio de Janeiro.<\/p>\n\n\n\n<p>O aviso de licita\u00e7\u00e3o tem por objetivo contratar uma institui\u00e7\u00e3o especializada na presta\u00e7\u00e3o de servi\u00e7os t\u00e9cnico-especializados para a realiza\u00e7\u00e3o de concursos p\u00fablicos.<\/p>\n\n\n\n<p>A contrata\u00e7\u00e3o ser\u00e1 da empresa que apresentar o menor valor da taxa de inscri\u00e7\u00e3o. As empresas interessadas devem comparecer com as propostas na Sala da CPL no Centro de Nova Igua\u00e7u.<\/p>\n\n\n\n<p>Confira abaixo o extrato do documento:<\/p>\n\n\n\n<div class=\"wp-block-image\"><figure class=\"aligncenter\"><img decoding=\"async\" src=\"https:\/\/trello-attachments.s3.amazonaws.com\/5b58e1496cd37eb9a1dc29a2\/5dd3c636265c0a10dda97cfa\/b25043e1cc6a511165e465b55febf7c3\/image.png\" alt=\"\"\/><\/figure><\/div>\n\n\n\n<p>Al\u00e9m disso, foi disponibilizado o Projeto Base com informa\u00e7\u00f5es sobre o pr\u00f3ximo concurso da Secretaria Municipal de Sa\u00fade de Nova Igua\u00e7u. Confira abaixo:<\/p>\n\n\n\n<p style=\"font-size:22px\"><strong>Valor m\u00e1ximo para a Taxa de inscri\u00e7\u00e3o:<\/strong><\/p>\n\n\n\n<ul class=\"wp-block-list\"><li><em>N\u00edvel Fundamental R$ 40,00 <\/em><\/li><li><em>N\u00edvel M\u00e9dio R$ 60,00 <\/em><\/li><li><em>N\u00edvel Superior R$ 80,00 <\/em><\/li><\/ul>\n\n\n\n<h2 class=\"wp-block-heading\">Cargos Ofertados &#8211; SEMUS Nova Igua\u00e7u RJ<\/h2>\n\n\n\n<p>Ser\u00e3o ofertados vagas para todos os n\u00edveis. Confira abaixo as informa\u00e7\u00f5es de cargos, vagas e remunera\u00e7\u00e3o:<\/p>\n\n\n\n<p style=\"font-size:22px\"><strong>Cargos, vagas e remunera\u00e7\u00e3o<\/strong><\/p>\n\n\n\n<ul class=\"wp-block-list\"><li><em>AUXILIAR ADMINISTRATIVO III  (31 vagas)  R$1.389,73 <\/em><\/li><li><em> VIGIA PATRIMONIAL II  ( 8  vagas)  R$ 1.259,03 <\/em><\/li><li><em>ASSISTENTE SOCIAL III  (31 vagas)  R$ 3.058,46 <\/em><\/li><li><em> AUXILIAR DE SA\u00daDE BUCAL (ASB) III   (24 vagas)  R$ 1.460,08  <\/em><\/li><li><em> ENFERMEIRO III  (142 vagas)  R$ 3.058,46  <\/em><\/li><li><em> ENFERMEIRO PSF III (100 vagas)  R$  3.915,09  <\/em><\/li><li><em> FARMAC\u00caUTICO III  (20 vagas)  R$ 3.058,46  <\/em><\/li><li><em> FISIOTERAPEUTA III (7 vagas)  R$ 3.058,46 <\/em><\/li><li><em> FONOAUDIOLOGO III  (7 vagas)  R$ 3.058,46  <\/em><\/li><li><em> M\u00c9DICO III (940 vagas)  R$1.389,73 <\/em><\/li><li><em> MEDICO PSF III  (80 vagas)  R$ 6.607,78  <\/em><\/li><li><em> NUTRICIONISTA III (9 vagas)  R$ 3.058,46  <\/em><\/li><li><em> ODONT\u00d3LOGO III (15 vagas)  R$ 3.915,09  <\/em><\/li><li><em> ODONT\u00d3LOGO PSF III (32 vagas)  R$ 2 6.607,78 <\/em><\/li><li><em> PSICOLOGO III  (47 vagas)   R$ 3.058,46 <\/em><\/li><li><em> T\u00c9CNICO AUXILIAR DE REGULA\u00c7\u00c3O M\u00c9DICA III (10 vagas)  R$ 1.693,25  <\/em><\/li><li><em> T\u00c9CNICO DE APARELHO GESSADO III (16 vagas)  R$1.693,25<\/em><\/li><li><em> T\u00c9CNICO DE SA\u00daDE BUCAL III  (12 vagas)  R$1.389,73 <\/em><\/li><li><em> T\u00c9CNICO DE ENFERMAGEM III  (799 vagas)  R$  1.693,25  <\/em><\/li><li><em> T\u00c9CNICO DE LABORAT\u00d3RIO III  (86 vagas)  R$  1.693,25<\/em><\/li><li><em> T\u00c9CNICO DE FARM\u00c1CIA III    (2 vagas)  R$ 1.693,25 <\/em><\/li><li><em> T\u00c9CNICO DE RADIOLOGIA III  (66 vagas)  R$ 1.693,25<\/em><\/li><li><em>TERAPEUTA OCUPACIONAL III  (20 vagas)  R$ 3.058,46  <\/em><\/li><\/ul>\n\n\n\n<h2 class=\"wp-block-heading\">Etapas do concurso &#8211; SEMUS Nova Igua\u00e7u RJ <\/h2>\n\n\n\n<p> Ainda n\u00e3o disponibilizado as etapas espec\u00edficas para cada cargo, por\u00e9m abaixo encontra-se um cronograma sugerido pela Prefeitura de Nova Igua\u00e7u para que sirva como base para a elabora\u00e7\u00e3o dos Cronogramas definitivos:<\/p>\n\n\n\n<figure class=\"wp-block-image\"><img loading=\"lazy\" decoding=\"async\" width=\"546\" height=\"405\" src=\"https:\/\/dhg1h5j42swfq.cloudfront.net\/2019\/11\/19162826\/image69.png\" alt=\"\" class=\"wp-image-449404\" srcset=\"https:\/\/dhg1h5j42swfq.cloudfront.net\/2019\/11\/19162826\/image69.png 546w, https:\/\/dhg1h5j42swfq.cloudfront.net\/2019\/11\/19162826\/image69.png 300w\" sizes=\"auto, (max-width: 546px) 100vw, 546px\" \/><\/figure>\n\n\n\n<p style=\"font-size:22px\"><strong>Atribui\u00e7\u00f5es da Secretaria Municipal de Sa\u00fade<\/strong><\/p>\n\n\n\n<p>I \u2013 gest\u00e3o, formula\u00e7\u00e3o e coordena\u00e7\u00e3o da pol\u00edtica de sa\u00fade do munic\u00edpio de acordo os instrumentos legais que disp\u00f5em sobre o Sistema \u00danicos de Sa\u00fade \u2013 SUS;<br \/>II \u2013 garantir a aten\u00e7\u00e3o b\u00e1sica como porta de entrada do Sistema \u00danico de Sa\u00fade no munic\u00edpio;<br \/>III \u2013 realizar a\u00e7\u00f5es de promo\u00e7\u00e3o da sa\u00fade da popula\u00e7\u00e3o, vigil\u00e2ncia, prote\u00e7\u00e3o, preven\u00e7\u00e3o e controle das doen\u00e7as e agravos \u00e0 sa\u00fade, abrangendo vigil\u00e2ncia epidemiol\u00f3gica, sanit\u00e1ria, ambiental e do trabalhador;<br \/>IV \u2013 planejamento, regula\u00e7\u00e3o, controle e a avalia\u00e7\u00e3o das a\u00e7\u00f5es e dos servi\u00e7os de sa\u00fade de compet\u00eancia do Munic\u00edpio;<br \/>V \u2013 gest\u00e3o e controle financeiro dos recursos or\u00e7ament\u00e1rios previstos na sua Unidade, bem como \u00e0 gest\u00e3o de pessoas e recursos materiais existentes,<br \/>VI \u2013 realizar de a\u00e7\u00f5es de sa\u00fade com foco na integralidade e longitudinalidade;<br \/>VII \u2013 apoiar e incentivar o processo de mobiliza\u00e7\u00e3o social em defesa do Sistema \u00danico de Sa\u00fade;<br \/>VIII \u2013 realiza\u00e7\u00e3o de estudos e pesquisas relativas \u00e0s condi\u00e7\u00f5es de sa\u00fade da popula\u00e7\u00e3o e de oferta e demanda por servi\u00e7os e a\u00e7\u00f5es de sa\u00fade;<br \/>IX \u2013 participar dos foros regional e nacional visando \u00e0 integra\u00e7\u00e3o e a oferta de servi\u00e7os com os demais entes federativos;<br \/>X \u2013 incentivar permanentemente o desenvolvimento de novas tecnologias em beneficio da sa\u00fade da popula\u00e7\u00e3o.<\/p>\n\n\n\n<h2 class=\"wp-block-heading\" style=\"text-align:center\" id=\"cursos-assinatura\"><strong><em>Quer estudar para Concurso <\/em><\/strong><em>SEMUS Nova Igua\u00e7u RJ<\/em><strong><em>?<\/em><\/strong><\/h2>\n\n\n\n<p style=\"text-align:center\"><em><strong>Gostou desta oportunidade e deseja come\u00e7ar se preparar agora mesmo? Ent\u00e3o, confira os nossos cursos e comece a estudar para <\/strong><\/em><strong><em>SEMUS Nova Igua\u00e7u RJ<\/em><\/strong>:<\/p>\n\n\n\n<p style=\"text-align:center\" class=\"has-background has-luminous-vivid-amber-background-color\"><a rel=\"noreferrer noopener\" href=\"https:\/\/www.estrategiaconcursos.com.br\/cursos\/concurso\/\" target=\"_blank\"><strong><em>Curso para concurso<\/em><\/strong><\/a><\/p>\n\n\n\n<h4 class=\"wp-block-heading\" style=\"text-align:center\" id=\"assinatura\"><em><strong>Assinatura Anual Ilimitada*<\/strong><\/em><\/h4>\n\n\n\n<p style=\"text-align:center\"><em>Prepare-se com o melhor material e com quem mais aprova em Concursos P\u00fablicos em todo o pa\u00eds. Assine agora a nossa Assinatura Anual e tenha acesso ilimitado* a todos os nossos cursos.<\/em><\/p>\n\n\n\n<p style=\"text-align:center\" class=\"has-background has-light-green-cyan-background-color\"><strong>ASSINE AGORA<\/strong>&nbsp;\u2013&nbsp;<a rel=\"noreferrer noopener\" href=\"https:\/\/www.estrategiaconcursos.com.br\/assinaturas\" target=\"_blank\">Assinatura Ilimitada<\/a><\/p>\n\n\n\n<p style=\"text-align:center\"><strong><em>Fique por dentro dos concursos vigentes:<\/em><\/strong><\/p>\n\n\n\n<p style=\"text-align:center\" class=\"has-background has-pale-cyan-blue-background-color\"><strong><a href=\"https:\/\/www.estrategiaconcursos.com.br\/blog\/concursos-abertos\/\" target=\"_blank\" rel=\"noreferrer noopener\">CONCURSOS ABERTOS<\/a><\/strong><\/p>\n\n\n\n<p style=\"text-align:center\" class=\"has-background has-pale-cyan-blue-background-color\"><strong><a href=\"https:\/\/www.estrategiaconcursos.com.br\/blog\/concursos-2019\/\" target=\"_blank\" rel=\"noreferrer noopener\">CONCURSOS 2019<\/a><\/strong><\/p>\n\n\n\n<p style=\"text-align:center\" class=\"has-background has-pale-cyan-blue-background-color\"><strong><a rel=\"noreferrer noopener\" href=\"https:\/\/www.estrategiaconcursos.com.br\/blog\/concursos-2020\/\" target=\"_blank\">CONCURSOS&nbsp;2020<\/a><\/strong><\/p>\n\n\n\n<p><br \/><\/p>\n","protected":false},"excerpt":{"rendered":"<p>Foi publicado nesta ter\u00e7a-feira, 19 de novembro, no Di\u00e1rio Oficial, um Aviso de Licita\u00e7\u00e3o, para um novo concurso da Secretaria Municipal de Sa\u00fade de Nova Igua\u00e7u, munic\u00edpio do Rio de Janeiro. O aviso de licita\u00e7\u00e3o tem por objetivo contratar uma institui\u00e7\u00e3o especializada na presta\u00e7\u00e3o de servi\u00e7os t\u00e9cnico-especializados para a realiza\u00e7\u00e3o de concursos p\u00fablicos. A contrata\u00e7\u00e3o [&hellip;]<\/p>\n","protected":false},"author":561,"featured_media":0,"comment_status":"open","ping_status":"closed","sticky":false,"template":"","format":"standard","meta":{"post_tipo":"article","footnotes":""},"categories":[1],"tags":[],"tax_estado":[],"class_list":["post-448959","post","type-post","status-publish","format-standard","hentry","category-cursos-e-concursos"],"acf":[],"yoast_head":"<!-- This site is optimized with the Yoast SEO Premium plugin v27.2 (Yoast SEO v27.2) - https:\/\/yoast.com\/product\/yoast-seo-premium-wordpress\/ -->\n<title>Concurso SEMUS Nova Igua\u00e7u RJ: Aviso de Licita\u00e7\u00e3o \u00e9 publicado<\/title>\n<meta name=\"robots\" content=\"index, follow, max-snippet:-1, max-image-preview:large, max-video-preview:-1\" \/>\n<link rel=\"canonical\" href=\"https:\/\/www.estrategiaconcursos.com.br\/blog\/concurso-semus-nova-iguacu-rj\/\" \/>\n<meta property=\"og:locale\" content=\"pt_BR\" \/>\n<meta property=\"og:type\" content=\"article\" \/>\n<meta property=\"og:title\" content=\"Concurso SEMUS Nova Igua\u00e7u RJ: Aviso de Licita\u00e7\u00e3o \u00e9 publicado\" \/>\n<meta property=\"og:description\" content=\"Foi publicado nesta ter\u00e7a-feira, 19 de novembro, no Di\u00e1rio Oficial, um Aviso de Licita\u00e7\u00e3o, para um novo concurso da Secretaria Municipal de Sa\u00fade de Nova Igua\u00e7u, munic\u00edpio do Rio de Janeiro. O aviso de licita\u00e7\u00e3o tem por objetivo contratar uma institui\u00e7\u00e3o especializada na presta\u00e7\u00e3o de servi\u00e7os t\u00e9cnico-especializados para a realiza\u00e7\u00e3o de concursos p\u00fablicos. A contrata\u00e7\u00e3o [&hellip;]\" \/>\n<meta property=\"og:url\" content=\"https:\/\/www.estrategiaconcursos.com.br\/blog\/concurso-semus-nova-iguacu-rj\/\" \/>\n<meta property=\"og:site_name\" content=\"Estrat\u00e9gia Concursos\" \/>\n<meta property=\"article:published_time\" content=\"2019-11-19T12:29:54+00:00\" \/>\n<meta property=\"article:modified_time\" content=\"2019-11-19T19:32:52+00:00\" \/>\n<meta property=\"og:image\" content=\"https:\/\/trello-attachments.s3.amazonaws.com\/5b58e1496cd37eb9a1dc29a2\/5dd3c636265c0a10dda97cfa\/b25043e1cc6a511165e465b55febf7c3\/image.png\" \/>\n<meta name=\"author\" content=\"Ligia Carvalheiro Fernandes\" \/>\n<meta name=\"twitter:card\" content=\"summary_large_image\" \/>\n<meta name=\"twitter:creator\" content=\"@EstratConcursos\" \/>\n<meta name=\"twitter:site\" content=\"@EstratConcursos\" \/>\n<meta name=\"twitter:label1\" content=\"Escrito por\" \/>\n\t<meta name=\"twitter:data1\" content=\"Ligia Carvalheiro Fernandes\" \/>\n\t<meta name=\"twitter:label2\" content=\"Est. tempo de leitura\" \/>\n\t<meta name=\"twitter:data2\" content=\"4 minutos\" \/>\n<script type=\"application\/ld+json\" class=\"yoast-schema-graph\">{\"@context\":\"https:\/\/schema.org\",\"@graph\":[{\"@type\":\"NewsArticle\",\"@id\":\"https:\/\/www.estrategiaconcursos.com.br\/blog\/concurso-semus-nova-iguacu-rj\/#article\",\"isPartOf\":{\"@id\":\"https:\/\/www.estrategiaconcursos.com.br\/blog\/concurso-semus-nova-iguacu-rj\/\"},\"author\":{\"name\":\"Ligia Carvalheiro Fernandes\",\"@id\":\"https:\/\/www.estrategiaconcursos.com.br\/blog\/#\/schema\/person\/cc76e9dac392d5e35e7d00c493eee792\"},\"headline\":\"Concurso SEMUS Nova Igua\u00e7u RJ: Aviso de Licita\u00e7\u00e3o \u00e9 publicado\",\"datePublished\":\"2019-11-19T12:29:54+00:00\",\"dateModified\":\"2019-11-19T19:32:52+00:00\",\"mainEntityOfPage\":{\"@id\":\"https:\/\/www.estrategiaconcursos.com.br\/blog\/concurso-semus-nova-iguacu-rj\/\"},\"wordCount\":725,\"commentCount\":2,\"publisher\":{\"@id\":\"https:\/\/www.estrategiaconcursos.com.br\/blog\/#organization\"},\"image\":{\"@id\":\"https:\/\/www.estrategiaconcursos.com.br\/blog\/concurso-semus-nova-iguacu-rj\/#primaryimage\"},\"thumbnailUrl\":\"https:\/\/trello-attachments.s3.amazonaws.com\/5b58e1496cd37eb9a1dc29a2\/5dd3c636265c0a10dda97cfa\/b25043e1cc6a511165e465b55febf7c3\/image.png\",\"articleSection\":[\"Concursos P\u00fablicos\"],\"inLanguage\":\"pt-BR\",\"potentialAction\":[{\"@type\":\"CommentAction\",\"name\":\"Comment\",\"target\":[\"https:\/\/www.estrategiaconcursos.com.br\/blog\/concurso-semus-nova-iguacu-rj\/#respond\"]}],\"copyrightYear\":\"2019\",\"copyrightHolder\":{\"@id\":\"https:\/\/www.estrategiaconcursos.com.br\/blog\/#organization\"}},{\"@type\":\"WebPage\",\"@id\":\"https:\/\/www.estrategiaconcursos.com.br\/blog\/concurso-semus-nova-iguacu-rj\/\",\"url\":\"https:\/\/www.estrategiaconcursos.com.br\/blog\/concurso-semus-nova-iguacu-rj\/\",\"name\":\"Concurso SEMUS Nova Igua\u00e7u RJ: Aviso de Licita\u00e7\u00e3o \u00e9 publicado\",\"isPartOf\":{\"@id\":\"https:\/\/www.estrategiaconcursos.com.br\/blog\/#website\"},\"primaryImageOfPage\":{\"@id\":\"https:\/\/www.estrategiaconcursos.com.br\/blog\/concurso-semus-nova-iguacu-rj\/#primaryimage\"},\"image\":{\"@id\":\"https:\/\/www.estrategiaconcursos.com.br\/blog\/concurso-semus-nova-iguacu-rj\/#primaryimage\"},\"thumbnailUrl\":\"https:\/\/trello-attachments.s3.amazonaws.com\/5b58e1496cd37eb9a1dc29a2\/5dd3c636265c0a10dda97cfa\/b25043e1cc6a511165e465b55febf7c3\/image.png\",\"datePublished\":\"2019-11-19T12:29:54+00:00\",\"dateModified\":\"2019-11-19T19:32:52+00:00\",\"breadcrumb\":{\"@id\":\"https:\/\/www.estrategiaconcursos.com.br\/blog\/concurso-semus-nova-iguacu-rj\/#breadcrumb\"},\"inLanguage\":\"pt-BR\",\"potentialAction\":[{\"@type\":\"ReadAction\",\"target\":[\"https:\/\/www.estrategiaconcursos.com.br\/blog\/concurso-semus-nova-iguacu-rj\/\"]}]},{\"@type\":\"ImageObject\",\"inLanguage\":\"pt-BR\",\"@id\":\"https:\/\/www.estrategiaconcursos.com.br\/blog\/concurso-semus-nova-iguacu-rj\/#primaryimage\",\"url\":\"https:\/\/trello-attachments.s3.amazonaws.com\/5b58e1496cd37eb9a1dc29a2\/5dd3c636265c0a10dda97cfa\/b25043e1cc6a511165e465b55febf7c3\/image.png\",\"contentUrl\":\"https:\/\/trello-attachments.s3.amazonaws.com\/5b58e1496cd37eb9a1dc29a2\/5dd3c636265c0a10dda97cfa\/b25043e1cc6a511165e465b55febf7c3\/image.png\"},{\"@type\":\"BreadcrumbList\",\"@id\":\"https:\/\/www.estrategiaconcursos.com.br\/blog\/concurso-semus-nova-iguacu-rj\/#breadcrumb\",\"itemListElement\":[{\"@type\":\"ListItem\",\"position\":1,\"name\":\"In\u00edcio\",\"item\":\"https:\/\/www.estrategiaconcursos.com.br\/blog\/\"},{\"@type\":\"ListItem\",\"position\":2,\"name\":\"Concurso SEMUS Nova Igua\u00e7u RJ: Aviso de Licita\u00e7\u00e3o \u00e9 publicado\"}]},{\"@type\":\"WebSite\",\"@id\":\"https:\/\/www.estrategiaconcursos.com.br\/blog\/#website\",\"url\":\"https:\/\/www.estrategiaconcursos.com.br\/blog\/\",\"name\":\"Estrat\u00e9gia Concursos\",\"description\":\"O blog da Estrat\u00e9gia Concursos traz not\u00edcias sobre concursos e artigos de professores oferecendo cursos para concursos (pdf + videaulas) no site.\",\"publisher\":{\"@id\":\"https:\/\/www.estrategiaconcursos.com.br\/blog\/#organization\"},\"potentialAction\":[{\"@type\":\"SearchAction\",\"target\":{\"@type\":\"EntryPoint\",\"urlTemplate\":\"https:\/\/www.estrategiaconcursos.com.br\/blog\/?s={search_term_string}\"},\"query-input\":{\"@type\":\"PropertyValueSpecification\",\"valueRequired\":true,\"valueName\":\"search_term_string\"}}],\"inLanguage\":\"pt-BR\"},{\"@type\":\"Organization\",\"@id\":\"https:\/\/www.estrategiaconcursos.com.br\/blog\/#organization\",\"name\":\"Estrat\u00e9gia Concursos\",\"url\":\"https:\/\/www.estrategiaconcursos.com.br\/blog\/\",\"logo\":{\"@type\":\"ImageObject\",\"inLanguage\":\"pt-BR\",\"@id\":\"https:\/\/www.estrategiaconcursos.com.br\/blog\/#\/schema\/logo\/image\/\",\"url\":\"https:\/\/dhg1h5j42swfq.cloudfront.net\/2025\/06\/03203428\/logo_concursos-1.jpg\",\"contentUrl\":\"https:\/\/dhg1h5j42swfq.cloudfront.net\/2025\/06\/03203428\/logo_concursos-1.jpg\",\"width\":230,\"height\":60,\"caption\":\"Estrat\u00e9gia Concursos\"},\"image\":{\"@id\":\"https:\/\/www.estrategiaconcursos.com.br\/blog\/#\/schema\/logo\/image\/\"},\"sameAs\":[\"https:\/\/x.com\/EstratConcursos\"]},{\"@type\":\"Person\",\"@id\":\"https:\/\/www.estrategiaconcursos.com.br\/blog\/#\/schema\/person\/cc76e9dac392d5e35e7d00c493eee792\",\"name\":\"Ligia Carvalheiro Fernandes\",\"image\":{\"@type\":\"ImageObject\",\"inLanguage\":\"pt-BR\",\"@id\":\"https:\/\/secure.gravatar.com\/avatar\/26e4636c44dabc043eaf634f767ecd1d80505b210d3981d4ebd176a3f373e3ec?s=96&d=mm&r=g\",\"url\":\"https:\/\/secure.gravatar.com\/avatar\/26e4636c44dabc043eaf634f767ecd1d80505b210d3981d4ebd176a3f373e3ec?s=96&d=mm&r=g\",\"contentUrl\":\"https:\/\/secure.gravatar.com\/avatar\/26e4636c44dabc043eaf634f767ecd1d80505b210d3981d4ebd176a3f373e3ec?s=96&d=mm&r=g\",\"caption\":\"Ligia Carvalheiro Fernandes\"},\"url\":\"https:\/\/www.estrategiaconcursos.com.br\/blog\/author\/licarfegmail-com\/\"}]}<\/script>\n<!-- \/ Yoast SEO Premium plugin. -->","yoast_head_json":{"title":"Concurso SEMUS Nova Igua\u00e7u RJ: Aviso de Licita\u00e7\u00e3o \u00e9 publicado","robots":{"index":"index","follow":"follow","max-snippet":"max-snippet:-1","max-image-preview":"max-image-preview:large","max-video-preview":"max-video-preview:-1"},"canonical":"https:\/\/www.estrategiaconcursos.com.br\/blog\/concurso-semus-nova-iguacu-rj\/","og_locale":"pt_BR","og_type":"article","og_title":"Concurso SEMUS Nova Igua\u00e7u RJ: Aviso de Licita\u00e7\u00e3o \u00e9 publicado","og_description":"Foi publicado nesta ter\u00e7a-feira, 19 de novembro, no Di\u00e1rio Oficial, um Aviso de Licita\u00e7\u00e3o, para um novo concurso da Secretaria Municipal de Sa\u00fade de Nova Igua\u00e7u, munic\u00edpio do Rio de Janeiro. O aviso de licita\u00e7\u00e3o tem por objetivo contratar uma institui\u00e7\u00e3o especializada na presta\u00e7\u00e3o de servi\u00e7os t\u00e9cnico-especializados para a realiza\u00e7\u00e3o de concursos p\u00fablicos. A contrata\u00e7\u00e3o [&hellip;]","og_url":"https:\/\/www.estrategiaconcursos.com.br\/blog\/concurso-semus-nova-iguacu-rj\/","og_site_name":"Estrat\u00e9gia Concursos","article_published_time":"2019-11-19T12:29:54+00:00","article_modified_time":"2019-11-19T19:32:52+00:00","og_image":[{"url":"https:\/\/trello-attachments.s3.amazonaws.com\/5b58e1496cd37eb9a1dc29a2\/5dd3c636265c0a10dda97cfa\/b25043e1cc6a511165e465b55febf7c3\/image.png","type":"","width":"","height":""}],"author":"Ligia Carvalheiro Fernandes","twitter_card":"summary_large_image","twitter_creator":"@EstratConcursos","twitter_site":"@EstratConcursos","twitter_misc":{"Escrito por":"Ligia Carvalheiro Fernandes","Est. tempo de leitura":"4 minutos"},"schema":{"@context":"https:\/\/schema.org","@graph":[{"@type":"NewsArticle","@id":"https:\/\/www.estrategiaconcursos.com.br\/blog\/concurso-semus-nova-iguacu-rj\/#article","isPartOf":{"@id":"https:\/\/www.estrategiaconcursos.com.br\/blog\/concurso-semus-nova-iguacu-rj\/"},"author":{"name":"Ligia Carvalheiro Fernandes","@id":"https:\/\/www.estrategiaconcursos.com.br\/blog\/#\/schema\/person\/cc76e9dac392d5e35e7d00c493eee792"},"headline":"Concurso SEMUS Nova Igua\u00e7u RJ: Aviso de Licita\u00e7\u00e3o \u00e9 publicado","datePublished":"2019-11-19T12:29:54+00:00","dateModified":"2019-11-19T19:32:52+00:00","mainEntityOfPage":{"@id":"https:\/\/www.estrategiaconcursos.com.br\/blog\/concurso-semus-nova-iguacu-rj\/"},"wordCount":725,"commentCount":2,"publisher":{"@id":"https:\/\/www.estrategiaconcursos.com.br\/blog\/#organization"},"image":{"@id":"https:\/\/www.estrategiaconcursos.com.br\/blog\/concurso-semus-nova-iguacu-rj\/#primaryimage"},"thumbnailUrl":"https:\/\/trello-attachments.s3.amazonaws.com\/5b58e1496cd37eb9a1dc29a2\/5dd3c636265c0a10dda97cfa\/b25043e1cc6a511165e465b55febf7c3\/image.png","articleSection":["Concursos P\u00fablicos"],"inLanguage":"pt-BR","potentialAction":[{"@type":"CommentAction","name":"Comment","target":["https:\/\/www.estrategiaconcursos.com.br\/blog\/concurso-semus-nova-iguacu-rj\/#respond"]}],"copyrightYear":"2019","copyrightHolder":{"@id":"https:\/\/www.estrategiaconcursos.com.br\/blog\/#organization"}},{"@type":"WebPage","@id":"https:\/\/www.estrategiaconcursos.com.br\/blog\/concurso-semus-nova-iguacu-rj\/","url":"https:\/\/www.estrategiaconcursos.com.br\/blog\/concurso-semus-nova-iguacu-rj\/","name":"Concurso SEMUS Nova Igua\u00e7u RJ: Aviso de Licita\u00e7\u00e3o \u00e9 publicado","isPartOf":{"@id":"https:\/\/www.estrategiaconcursos.com.br\/blog\/#website"},"primaryImageOfPage":{"@id":"https:\/\/www.estrategiaconcursos.com.br\/blog\/concurso-semus-nova-iguacu-rj\/#primaryimage"},"image":{"@id":"https:\/\/www.estrategiaconcursos.com.br\/blog\/concurso-semus-nova-iguacu-rj\/#primaryimage"},"thumbnailUrl":"https:\/\/trello-attachments.s3.amazonaws.com\/5b58e1496cd37eb9a1dc29a2\/5dd3c636265c0a10dda97cfa\/b25043e1cc6a511165e465b55febf7c3\/image.png","datePublished":"2019-11-19T12:29:54+00:00","dateModified":"2019-11-19T19:32:52+00:00","breadcrumb":{"@id":"https:\/\/www.estrategiaconcursos.com.br\/blog\/concurso-semus-nova-iguacu-rj\/#breadcrumb"},"inLanguage":"pt-BR","potentialAction":[{"@type":"ReadAction","target":["https:\/\/www.estrategiaconcursos.com.br\/blog\/concurso-semus-nova-iguacu-rj\/"]}]},{"@type":"ImageObject","inLanguage":"pt-BR","@id":"https:\/\/www.estrategiaconcursos.com.br\/blog\/concurso-semus-nova-iguacu-rj\/#primaryimage","url":"https:\/\/trello-attachments.s3.amazonaws.com\/5b58e1496cd37eb9a1dc29a2\/5dd3c636265c0a10dda97cfa\/b25043e1cc6a511165e465b55febf7c3\/image.png","contentUrl":"https:\/\/trello-attachments.s3.amazonaws.com\/5b58e1496cd37eb9a1dc29a2\/5dd3c636265c0a10dda97cfa\/b25043e1cc6a511165e465b55febf7c3\/image.png"},{"@type":"BreadcrumbList","@id":"https:\/\/www.estrategiaconcursos.com.br\/blog\/concurso-semus-nova-iguacu-rj\/#breadcrumb","itemListElement":[{"@type":"ListItem","position":1,"name":"In\u00edcio","item":"https:\/\/www.estrategiaconcursos.com.br\/blog\/"},{"@type":"ListItem","position":2,"name":"Concurso SEMUS Nova Igua\u00e7u RJ: Aviso de Licita\u00e7\u00e3o \u00e9 publicado"}]},{"@type":"WebSite","@id":"https:\/\/www.estrategiaconcursos.com.br\/blog\/#website","url":"https:\/\/www.estrategiaconcursos.com.br\/blog\/","name":"Estrat\u00e9gia Concursos","description":"O blog da Estrat\u00e9gia Concursos traz not\u00edcias sobre concursos e artigos de professores oferecendo cursos para concursos (pdf + videaulas) no site.","publisher":{"@id":"https:\/\/www.estrategiaconcursos.com.br\/blog\/#organization"},"potentialAction":[{"@type":"SearchAction","target":{"@type":"EntryPoint","urlTemplate":"https:\/\/www.estrategiaconcursos.com.br\/blog\/?s={search_term_string}"},"query-input":{"@type":"PropertyValueSpecification","valueRequired":true,"valueName":"search_term_string"}}],"inLanguage":"pt-BR"},{"@type":"Organization","@id":"https:\/\/www.estrategiaconcursos.com.br\/blog\/#organization","name":"Estrat\u00e9gia Concursos","url":"https:\/\/www.estrategiaconcursos.com.br\/blog\/","logo":{"@type":"ImageObject","inLanguage":"pt-BR","@id":"https:\/\/www.estrategiaconcursos.com.br\/blog\/#\/schema\/logo\/image\/","url":"https:\/\/dhg1h5j42swfq.cloudfront.net\/2025\/06\/03203428\/logo_concursos-1.jpg","contentUrl":"https:\/\/dhg1h5j42swfq.cloudfront.net\/2025\/06\/03203428\/logo_concursos-1.jpg","width":230,"height":60,"caption":"Estrat\u00e9gia Concursos"},"image":{"@id":"https:\/\/www.estrategiaconcursos.com.br\/blog\/#\/schema\/logo\/image\/"},"sameAs":["https:\/\/x.com\/EstratConcursos"]},{"@type":"Person","@id":"https:\/\/www.estrategiaconcursos.com.br\/blog\/#\/schema\/person\/cc76e9dac392d5e35e7d00c493eee792","name":"Ligia Carvalheiro Fernandes","image":{"@type":"ImageObject","inLanguage":"pt-BR","@id":"https:\/\/secure.gravatar.com\/avatar\/26e4636c44dabc043eaf634f767ecd1d80505b210d3981d4ebd176a3f373e3ec?s=96&d=mm&r=g","url":"https:\/\/secure.gravatar.com\/avatar\/26e4636c44dabc043eaf634f767ecd1d80505b210d3981d4ebd176a3f373e3ec?s=96&d=mm&r=g","contentUrl":"https:\/\/secure.gravatar.com\/avatar\/26e4636c44dabc043eaf634f767ecd1d80505b210d3981d4ebd176a3f373e3ec?s=96&d=mm&r=g","caption":"Ligia Carvalheiro Fernandes"},"url":"https:\/\/www.estrategiaconcursos.com.br\/blog\/author\/licarfegmail-com\/"}]}},"_links":{"self":[{"href":"https:\/\/www.estrategiaconcursos.com.br\/blog\/wp-json\/wp\/v2\/posts\/448959","targetHints":{"allow":["GET"]}}],"collection":[{"href":"https:\/\/www.estrategiaconcursos.com.br\/blog\/wp-json\/wp\/v2\/posts"}],"about":[{"href":"https:\/\/www.estrategiaconcursos.com.br\/blog\/wp-json\/wp\/v2\/types\/post"}],"author":[{"embeddable":true,"href":"https:\/\/www.estrategiaconcursos.com.br\/blog\/wp-json\/wp\/v2\/users\/561"}],"replies":[{"embeddable":true,"href":"https:\/\/www.estrategiaconcursos.com.br\/blog\/wp-json\/wp\/v2\/comments?post=448959"}],"version-history":[{"count":4,"href":"https:\/\/www.estrategiaconcursos.com.br\/blog\/wp-json\/wp\/v2\/posts\/448959\/revisions"}],"predecessor-version":[{"id":449406,"href":"https:\/\/www.estrategiaconcursos.com.br\/blog\/wp-json\/wp\/v2\/posts\/448959\/revisions\/449406"}],"wp:attachment":[{"href":"https:\/\/www.estrategiaconcursos.com.br\/blog\/wp-json\/wp\/v2\/media?parent=448959"}],"wp:term":[{"taxonomy":"category","embeddable":true,"href":"https:\/\/www.estrategiaconcursos.com.br\/blog\/wp-json\/wp\/v2\/categories?post=448959"},{"taxonomy":"post_tag","embeddable":true,"href":"https:\/\/www.estrategiaconcursos.com.br\/blog\/wp-json\/wp\/v2\/tags?post=448959"},{"taxonomy":"tax_estado","embeddable":true,"href":"https:\/\/www.estrategiaconcursos.com.br\/blog\/wp-json\/wp\/v2\/tax_estado?post=448959"}],"curies":[{"name":"wp","href":"https:\/\/api.w.org\/{rel}","templated":true}]}}