{"id":447752,"date":"2019-11-14T08:20:33","date_gmt":"2019-11-14T11:20:33","guid":{"rendered":"https:\/\/www.estrategiaconcursos.com.br\/blog\/?p=447752"},"modified":"2019-11-16T10:45:57","modified_gmt":"2019-11-16T13:45:57","slug":"edital-tre-pa","status":"publish","type":"post","link":"https:\/\/www.estrategiaconcursos.com.br\/blog\/edital-tre-pa\/","title":{"rendered":"Edital TRE PA: certame oferta 3 vagas diretas para n\u00edvel m\u00e9dio e superior"},"content":{"rendered":"\n<p>Foi publicado, nesta quinta-feira, <strong>13 de novembro<\/strong>, o edital TRE-PA, que oferta <strong>3 vagas diretas mais cadastro reserva<\/strong>, sendo <strong>2 vagas<\/strong> de Analista Judici\u00e1rio \u2013 \u00c1rea Judici\u00e1ria, <strong>1 vaga<\/strong> de T\u00e9cnico Judici\u00e1rio \u2013 \u00c1rea Administrativa e cadastro reserva para outros cargos de t\u00e9cnico e analista para o Tribunal Regional Eleitoral do estado do Par\u00e1. <\/p>\n\n\n\n<p>O prazo para publica\u00e7\u00e3o do edital, assim como a previs\u00e3o da data da prova  j\u00e1 haviam sido divulgados pelo Secret\u00e1rio de Gest\u00e3o de Pessoas do Tribunal Regional Eleitoral do Estado do Par\u00e1, Rodrigo Valdez, em uma transmiss\u00e3o ao vivo no Facebook oficial do \u00f3rg\u00e3o. <\/p>\n\n\n\n<p>Os candidatos interessados em concorrer \u00e0s vagas dever\u00e3o se inscrever no site da banca IBFC, no per\u00edodo das <strong>10 horas<\/strong> do dia<strong> 18 de novembro<\/strong> at\u00e9 \u00e0s <strong>22 horas<\/strong> do dia <strong>17 de dezembro de 2019<\/strong>, sendo o dia 18\/12\/2019 o \u00faltimo dia para o pagamento do boleto da taxa de inscri\u00e7\u00e3o. <\/p>\n\n\n\n<p>O valor da inscri\u00e7\u00e3o ser\u00e1 de <strong>R$ 70,00 <\/strong>para o cargo de <em>Analista Judici\u00e1rio<\/em> e <strong>R$ 55,00<\/strong> para o cargo de <em>T\u00e9cnico Judici\u00e1rio<\/em>. Os sal\u00e1rios iniciais s\u00e3o de<strong> R$ 7.591,37<\/strong> para n\u00edvel m\u00e9dio e <strong>R$ 12.455,30 <\/strong>para n\u00edvel superior, al\u00e9m de aux\u00edlio alimenta\u00e7\u00e3o no valor de <strong>R$ 910,08<\/strong> para todos os cargos. <\/p>\n\n\n\n<p>Neste artigo voc\u00ea encontrar\u00e1 as principais informa\u00e7\u00f5es sobre o certame, acompanhe: <\/p>\n\n\n\n<ul class=\"wp-block-list\"><li><em><a href=\"#principais-datas\">Principais datas<\/a><\/em><\/li><li><em><a href=\"#vagas-cargos-oferecidos\">Vagas e cargos oferecidos <\/a><\/em><\/li><li><em><a href=\"#etapas-concurso\">Etapas do concurso <\/a><\/em><\/li><li><em><a href=\"#cursos-assinatura\">Cursos e assinatura<\/a><\/em> <\/li><\/ul>\n\n\n\n<h2 class=\"wp-block-heading\">Edital Estrat\u00e9gico<\/h2>\n\n\n\n<p>Para ajudar a refor\u00e7ar sua prepara\u00e7\u00e3o, a equipe de professores do Estrat\u00e9gia Concursos desenvolveu o&nbsp;<strong>Edital Estrat\u00e9gico<\/strong>. Nada mais \u00e9 do que planilhas personalizadas, focadas no edital do concurso, com recursos para ajud\u00e1-los no registro das diferentes tarefas de estudo: teoria, revis\u00e3o e exerc\u00edcios.<\/p>\n\n\n\n<p>O registro de cada tarefa ser\u00e1 feito para cada assunto exigido no conte\u00fado program\u00e1tico do edital. No caso dos Editais Estrat\u00e9gicos de concursos que n\u00e3o est\u00e3o com \u201c<em>edital na pra\u00e7a<\/em>\u201d (ou seja, com inscri\u00e7\u00f5es abertas). A divis\u00e3o dos assuntos ser\u00e1 feita com base no edital.<\/p>\n\n\n\n<p>A partir das informa\u00e7\u00f5es preenchidas pelo aluno, uma \u201caba\u201d do Edital Estrat\u00e9gico ir\u00e1 demonstrar a progress\u00e3o em cada tarefa e assunto. A edi\u00e7\u00e3o poder\u00e1 ser realizada apenas na 3\u00aa aba, relativa ao preenchimento do progresso nas disciplinas. Caso voc\u00ea queira fazer outras modifica\u00e7\u00f5es no arquivo, \u00e9 s\u00f3 usar a&nbsp;senha \u201cadmin\u201d&nbsp;na op\u00e7\u00e3o&nbsp;<em><strong>desproteger<\/strong><\/em>&nbsp;planilha do Excel.<\/p>\n\n\n\n<p>Dando um espa\u00e7o para o Edital Estrat\u00e9gico entrar em sua rotina de estudos, ser\u00e1 poss\u00edvel acompanhar seu desempenho atrav\u00e9s de gr\u00e1ficos, garantindo uma vis\u00e3o completa das mat\u00e9rias que necessitam de mais revis\u00f5es.<\/p>\n\n\n\n<p style=\"text-align:center\" class=\"has-medium-font-size\"><a href=\"https:\/\/drive.google.com\/open?id=0B9ZvqIbaLYTFNnZPNmN3LTNvYzE1VC1taHNaUlh3eVUtMF8w\">Analista Judici\u00e1rio &#8211; \u00c1rea Judici\u00e1ria<\/a><br \/><a href=\"https:\/\/drive.google.com\/a\/estrategiaconcursos.com.br\/file\/d\/0B9ZvqIbaLYTFeHBTNE5uTWRqV2ZyNjNCYlhJMjlkTXpfSkxN\/view?usp=drive_open\">T\u00e9cnico Judici\u00e1rio &#8211; Opera\u00e7\u00e3o de computadores<\/a><br \/><a href=\"https:\/\/drive.google.com\/file\/d\/0B9ZvqIbaLYTFMGxuM0V2LXo3aXk0emRLNW1vUnNULTV0aHdr\/view\">T\u00e9cnico Judici\u00e1rio &#8211; \u00c1rea Administrativa<\/a><br \/><a href=\"https:\/\/drive.google.com\/file\/d\/0B9ZvqIbaLYTFcURNZm1XZkpyTFJOck9KZElrVGtQaWxTQms4\/view\">Analista Judici\u00e1rio &#8211; \u00c1rea Administrativa<\/a><\/p>\n\n\n\n<p><strong>IMPORTANTE<\/strong>: Ao clicar no link acima, ser\u00e1 aberta uma janela do Google Drive que tentar\u00e1 carregar a visualiza\u00e7\u00e3o da planilha no seu navegador. N\u00e3o h\u00e1 necessidade de esperar essa visualiza\u00e7\u00e3o (talvez at\u00e9 nem carregue, j\u00e1 que os arquivos s\u00e3o pesados).<\/p>\n\n\n\n<h2 class=\"wp-block-heading\" id=\"principais-datas\">Principais datas no edital TRE PA                                 <\/h2>\n\n\n\n<p class=\"has-background has-very-light-gray-background-color\"><strong>Inscri\u00e7\u00f5es:  <\/strong>18 de novembro a 17 de dezembro<strong> <br \/>Per\u00edodo de isen\u00e7\u00e3o: <\/strong>18\/11 a  20\/11<strong><br \/>Taxa de inscri\u00e7\u00e3o: <\/strong>R$ 55,00 (t\u00e9cnico) e R$ 70,00 (analista)<strong><br \/>Data da prova: <\/strong>16 de fevereiro de 2020<\/p>\n\n\n\n<h2 class=\"wp-block-heading\" id=\"vagas-cargos-oferecidos\">Vagas e cargos oferecidos no edital TRE PA <\/h2>\n\n\n\n<p>Os cargos e o n\u00famero de vagas ofertados s\u00e3o os seguintes: <\/p>\n\n\n\n<ul class=\"wp-block-list\"><li>Analista Judici\u00e1rio da \u00c1rea Judici\u00e1ria: <strong>1 vaga + CR<\/strong><\/li><li>T\u00e9cnico Judici\u00e1rio da \u00c1rea Administrativa (N\u00edvel M\u00e9dio): <strong>2 vagas + CR<\/strong><\/li><li>Analista Judici\u00e1rio\/ Medicina (Psiquiatria):<strong> CR<\/strong><\/li><li>T\u00e9cnico Judici\u00e1rio\/Opera\u00e7\u00e3o de computadores: <strong> CR<\/strong><\/li><li>Analista Judici\u00e1rio da \u00c1rea Administrativa: <strong> CR<\/strong><\/li><li>Analista Judici\u00e1rio\/An\u00e1lise de Sistemas: <strong> CR<\/strong><\/li><\/ul>\n\n\n\n<h2 class=\"wp-block-heading\" id=\"etapas-concurso\">Etapas do concurso pelo edital TRE PA <\/h2>\n\n\n\n<ul class=\"wp-block-list\"><li><strong><em>Prova Objetiva<\/em><\/strong><em> (todos os cargos)<\/em>: car\u00e1ter eliminat\u00f3rio e classificat\u00f3rio <\/li><li><strong><em>Prova Discursiva <\/em><\/strong>(<em>cargos n\u00edvel superior<\/em>): car\u00e1ter eliminat\u00f3rio e classificat\u00f3rio  <\/li><\/ul>\n\n\n\n<h3 class=\"wp-block-heading\">Prova Objetiva <\/h3>\n\n\n\n<p>As provas objetivas para todos os cargos ter\u00e3o <strong>80 quest\u00f5es<\/strong> e ser\u00e3o divididas em <em>Conhecimentos Gerais<\/em> e <em>Conhecimentos Espec\u00edficos<\/em>, conforme tabela a seguir: <\/p>\n\n\n\n<table class=\"wp-block-table aligncenter has-subtle-pale-blue-background-color has-fixed-layout has-background is-style-stripes\"><tbody><tr><td><strong>Mat\u00e9rias<\/strong><\/td><td><strong>N\u00famero de Quest\u00f5es <\/strong><\/td><td><strong>Peso<\/strong><\/td><td><strong>Quantidade m\u00ednima de acertos <\/strong><\/td><\/tr><tr><td><strong>Conhecimentos Gerais<\/strong> <\/td><td>40<\/td><td>1<\/td><td>24<\/td><\/tr><tr><td><strong>Conhecimentos Espec\u00edficos<\/strong> <\/td><td>40<\/td><td>3<\/td><td>24<\/td><\/tr><\/tbody><\/table>\n\n\n\n<p>As disciplinas presentes dentro dos grupos Conhecimentos Gerais e Conhecimentos Espec\u00edficos depender\u00e1 do n\u00edvel de escolaridade do cargo pretendido, assim como a forma de abordagem de seus conte\u00fados. <\/p>\n\n\n\n<h3 class=\"wp-block-heading\">N\u00edvel M\u00e9dio &#8211; T\u00e9cnico Judici\u00e1rio <\/h3>\n\n\n\n<p>As provas para n\u00edvel m\u00e9dio ter\u00e3o dura\u00e7\u00e3o de <strong>3 horas<\/strong> e ser\u00e3o aplicadas no per\u00edodo da <strong>tarde. <\/strong>As mat\u00e9rias pertencentes a cada grupo depender\u00e1 da \u00e1rea e especialidade de cada cargo. <\/p>\n\n\n\n<h3 class=\"wp-block-heading\">N\u00edvel Superior &#8211; Analista Judici\u00e1rio <\/h3>\n\n\n\n<p>As provas objetivas mais a prova discursiva ter\u00e3o o tempo total de<strong> 4 horas <\/strong>de dura\u00e7\u00e3o e ser\u00e3o aplicadas no per\u00edodo da <strong>manh\u00e3<\/strong>. As mat\u00e9rias pertencentes a cada grupo de conhecimentos depender\u00e1 da \u00e1rea e especialidade de cada cargo.  <\/p>\n\n\n\n<h4 class=\"wp-block-heading\">Habilitados na Prova Objetiva <\/h4>\n\n\n\n<p>Ser\u00e3o considerados habilitados:<\/p>\n\n\n\n<ul class=\"wp-block-list\"><li>Para o cargo de T\u00e9cnico Judici\u00e1rio \u2013 \u00c1rea Administrativa (sem especialidade): classificados <strong>at\u00e9 a 200\u00aa coloca\u00e7\u00e3o<\/strong>.<\/li><li>Para os demais cargos de T\u00e9cnico Judici\u00e1rio: <strong>at\u00e9 a 50\u00aa coloca\u00e7\u00e3o<\/strong>.<\/li><li>Para os cargos de Analista Judici\u00e1rio \u2013 \u00c1rea Judici\u00e1ria (sem especialidade): <strong>at\u00e9 a 200\u00aa coloca\u00e7\u00e3o<\/strong>;<\/li><li>Para os demais cargos de Analista Judici\u00e1rio: <strong>at\u00e9 a 50\u00aa coloca\u00e7\u00e3o<\/strong>.<\/li><\/ul>\n\n\n\n<h4 class=\"wp-block-heading\">Crit\u00e9rios de aprova\u00e7\u00e3o<\/h4>\n\n\n\n<p> Ser\u00e3o eliminados do concurso os candidatos que: <\/p>\n\n\n\n<ol class=\"wp-block-list\"><li>n\u00e3o tenham acertado, no m\u00ednimo, 60% (sessenta por cento) das quest\u00f5es da prova de conhecimentos gerais;<\/li><li>n\u00e3o tenham acertado, no m\u00ednimo, 60% (sessenta por cento) das quest\u00f5es da prova de conhecimentos espec\u00edficos.<\/li><\/ol>\n\n\n\n<h3 class=\"wp-block-heading\">Prova Discursiva<\/h3>\n\n\n\n<p>A prova discursiva, de car\u00e1ter eliminat\u00f3rio e classificat\u00f3rio, versar\u00e1 sobre tema previsto no conte\u00fado program\u00e1tico da proba objetiva e dever\u00e1 ser  redigida com clareza, concis\u00e3o, precis\u00e3o, coer\u00eancia e objetividade, sendo desconsiderado, para efeito de avalia\u00e7\u00e3o, qualquer fragmento de texto que for escrito fora do local apropriado, estiver rasurado, ileg\u00edvel ou incompreens\u00edvel ou escrito em l\u00edngua diferente da portuguesa. <\/p>\n\n\n\n<p>O candidato dever\u00e1 redigir <strong>no m\u00ednimo 20 (vinte) e no m\u00e1ximo 30 (trinta) linhas<\/strong>, observando os crit\u00e9rios de corre\u00e7\u00e3o a seguir: <\/p>\n\n\n\n<table class=\"wp-block-table aligncenter has-subtle-pale-blue-background-color has-fixed-layout has-background is-style-stripes\"><tbody><tr><td>Item<\/td><td>Crit\u00e9rios de Corre\u00e7\u00e3o<\/td><td>Pontua\u00e7\u00e3o M\u00e1xima<\/td><\/tr><tr><td>1<\/td><td>ESTRUTURA: o conte\u00fado apresentado pelo candidato deve ser um texto predominantemente dissertativo-argumentativo, devendo constituir-se de um conjunto articulado de ideias relacionadas ao caso proposto.<\/td><td>3<\/td><\/tr><tr><td>2<\/td><td><strong>CONTE\u00daDO:<\/strong>an\u00e1lise das ideias fundamentais do texto observando a fidelidade ao caso proposto; consist\u00eancia e relev\u00e2ncia argumentativa; progress\u00e3o tem\u00e1tica; e senso cr\u00edtico do candidato.<\/td><td>5<\/td><\/tr><tr><td>3<\/td><td><strong>EXPRESS\u00c3O:<\/strong>aten\u00e7\u00e3o m\u00e1xima \u00e0 contribui\u00e7\u00e3o ideativa do candidato, avaliando, ao mesmo tempo, a sua adequa\u00e7\u00e3o vocabular ao caso e a fidelidade ao registro culto da l\u00edngua portuguesa.<\/td><td>2<\/td><\/tr><tr><td><\/td><td><strong>Total de pontos<\/strong><\/td><td><strong>10<\/strong><\/td><\/tr><\/tbody><\/table>\n\n\n\n<p>Ter\u00e3o as provas corrigidas os candidatos de n\u00edvel superior habilitados pelo crit\u00e9rio de avalia\u00e7\u00e3o da prova objetiva.  <\/p>\n\n\n\n<p>Ser\u00e3o eliminados e n\u00e3o ter\u00e3o classifica\u00e7\u00e3o alguma no concurso p\u00fablico os candidatos aos cargos de <strong>n\u00edvel superior<\/strong> que obtiverem nota inferior a 6 pontos na <strong>prova discursiva<\/strong>, na escala de 0 a 10 pontos. <\/p>\n\n\n\n<h4 class=\"wp-block-heading\">Nota final<\/h4>\n\n\n\n<p>A nota final de aprova\u00e7\u00e3o no concurso corresponder\u00e1 \u00e0 m\u00e9dia aritm\u00e9tica ponderada na escala de 0 a 10 , atribuindo-se:<\/p>\n\n\n\n<ul class=\"wp-block-list\"><li>peso 1 (um) \u00e0 nota da prova de conhecimentos b\u00e1sicos;<\/li><li>peso 3 (tr\u00eas) \u00e0 nota da prova de conhecimentos espec\u00edficos;<\/li><li>peso 2 (dois) \u00e0 nota da prova discursiva (para os cargos de Analista Judici\u00e1rio).<\/li><\/ul>\n\n\n\n<p style=\"font-size:25px;text-align:center\" class=\"has-background has-light-green-cyan-background-color\"><em>Mais informa\u00e7\u00f5es: <\/em><a href=\"https:\/\/www.estrategiaconcursos.com.br\/blog\/concurso-tre-pa\/\">Concurso TRE PA <\/a><\/p>\n\n\n\n<figure class=\"wp-block-image\"><img decoding=\"async\" src=\"https:\/\/dhg1h5j42swfq.cloudfront.net\/2019\/10\/22090037\/promo%C3%A7%C3%A3o.jpeg\" alt=\"O atributo alt desta imagem est\u00e1 vazio. O nome do arquivo \u00e9 promo%C3%A7%C3%A3o-1024x256.jpeg\"\/><\/figure>\n\n\n\n<p style=\"font-size:22px;text-align:center\" class=\"has-background has-luminous-vivid-amber-background-color\"><strong><a rel=\"noreferrer noopener\" href=\"https:\/\/www.estrategiaconcursos.com.br\/gratis\/melhor-black-friday\/\" target=\"_blank\">PROMO\u00c7\u00c3O: \u00c9 MELHOR QUE BLACK FRIDAY!<\/a><\/strong><\/p>\n\n\n\n<h2 class=\"wp-block-heading\" style=\"text-align:center\" id=\"cursos-assinatura\"><strong><em>Quer estudar para Concurso TRE PA?<\/em><\/strong><\/h2>\n\n\n\n<p style=\"text-align:center\"><em><strong>Gostou desta oportunidade e deseja come\u00e7ar se preparar agora mesmo? Ent\u00e3o, confira os nossos cursos e comece a estudar para&nbsp;<\/strong><\/em><br \/><em><strong>TRE PA:<\/strong><\/em><\/p>\n\n\n\n<p style=\"font-size:25px;text-align:center\" class=\"has-background has-light-green-cyan-background-color\"><strong><span style=\"text-decoration: underline;\"><a href=\"https:\/\/www.estrategiaconcursos.com.br\/cursosPorConcurso\/tribunal-regional-eleitoral-do-para-tre-pa\/\" target=\"_blank\" rel=\"noreferrer noopener\" aria-label=\"CURSO TRE PA (abre numa nova aba)\">CURSO TRE PA<\/a><\/span><\/strong><\/p>\n\n\n\n<p style=\"font-size:22px;text-align:center\"><em><strong>Assinatura Anual Ilimitada*<\/strong><\/em><\/p>\n\n\n\n<p style=\"text-align:center\"><em>Prepare-se com o melhor material e com quem mais aprova em Concursos P\u00fablicos em todo o pa\u00eds. Assine agora a nossa Assinatura Anual e tenha acesso ilimitado* a todos os nossos cursos.<\/em><\/p>\n\n\n\n<p style=\"font-size:23px;text-align:center\" class=\"has-background has-luminous-vivid-amber-background-color\"><strong>ASSINE AGORA<\/strong>&nbsp;\u2013&nbsp;<a rel=\"noreferrer noopener\" href=\"https:\/\/www.estrategiaconcursos.com.br\/assinaturas\" target=\"_blank\"><strong>Assinatura Ilimitada<\/strong><\/a><\/p>\n\n\n\n<p style=\"text-align:center\" class=\"has-medium-font-size\"><em><strong>Fique por dentro de todos os concursos<\/strong><\/em>:<\/p>\n\n\n\n<p style=\"font-size:24px;text-align:center\" class=\"has-background has-pale-cyan-blue-background-color\"><strong><a href=\"https:\/\/www.estrategiaconcursos.com.br\/blog\/concursos-abertos\/\" target=\"_blank\" rel=\"noreferrer noopener\" aria-label=\"Concursos abertos (abre numa nova aba)\">Concursos abertos<\/a><\/strong><\/p>\n\n\n\n<p style=\"font-size:23px;text-align:center\" class=\"has-background has-pale-cyan-blue-background-color\"><strong><a href=\"https:\/\/www.estrategiaconcursos.com.br\/blog\/concursos-2019\/\" target=\"_blank\" rel=\"noreferrer noopener\" aria-label=\"Concursos 2019 (abre numa nova aba)\">Concursos 2019<\/a><\/strong><\/p>\n\n\n\n<p style=\"font-size:23px;text-align:center\" class=\"has-background has-pale-cyan-blue-background-color\"><a rel=\"noreferrer noopener\" aria-label=\"Concursos 2020 (abre numa nova aba)\" href=\"https:\/\/www.estrategiaconcursos.com.br\/blog\/concursos-2020\/\" target=\"_blank\"><strong>Concursos 2020<\/strong><\/a><\/p>\n\n\n\n<p style=\"font-size:23px;text-align:center\" class=\"has-background has-pale-cyan-blue-background-color\"><strong><a href=\"https:\/\/www.estrategiaconcursos.com.br\/blog\/concursos-tribunais-2019\/\" target=\"_blank\" rel=\"noreferrer noopener\">Concursos Tribunais<\/a><\/strong><\/p>\n\n\n\n<figure class=\"wp-block-image\"><img loading=\"lazy\" decoding=\"async\" width=\"300\" height=\"102\" src=\"https:\/\/dhg1h5j42swfq.cloudfront.net\/2019\/05\/27120444\/coruja-ficha-tecnica-300x1024.png\" alt=\"\" class=\"wp-image-378638\"\/><\/figure>\n\n\n\n<h3 class=\"wp-block-heading\" id=\"ficha\"><strong>\u2666 Informa\u00e7\u00f5es do concurso TRE PA<\/strong><\/h3>\n\n\n\n<p><strong>\u25baData:&nbsp;<\/strong>16 de fevereiro de 2020<br \/><strong>\u25baVagas:&nbsp;<\/strong>3 diretas + CR<br \/><strong>\u25baCargo:&nbsp;<\/strong>Analista Judici\u00e1rio e T\u00e9cnico Judici\u00e1rio<br \/><strong>\u25baRequisito:&nbsp;<\/strong>N\u00edvel m\u00e9dio e superior<br \/><strong>\u25baBanca:&nbsp;<\/strong>IBFC<br \/><strong>\u25ba Edital:&nbsp;<a href=\"https:\/\/dhg1h5j42swfq.cloudfront.net\/2019\/11\/13204136\/Edital-001-Concurso-TRE-PA-2019.pdf\">Edital TRE PA &#8211; 201<\/a><\/strong><a href=\"https:\/\/dhg1h5j42swfq.cloudfront.net\/2019\/11\/13204136\/Edital-001-Concurso-TRE-PA-2019.pdf\">9<\/a><\/p>\n\n\n\n<p><em>Ascom Estrat\u00e9gia<\/em><br \/>ascomestrategia@gmail.com <\/p>\n\n\n\n<p><\/p>\n","protected":false},"excerpt":{"rendered":"<p>Foi publicado, nesta quinta-feira, 13 de novembro, o edital TRE-PA, que oferta 3 vagas diretas mais cadastro reserva, sendo 2 vagas de Analista Judici\u00e1rio \u2013 \u00c1rea Judici\u00e1ria, 1 vaga de T\u00e9cnico Judici\u00e1rio \u2013 \u00c1rea Administrativa e cadastro reserva para outros cargos de t\u00e9cnico e analista para o Tribunal Regional Eleitoral do estado do Par\u00e1. O [&hellip;]<\/p>\n","protected":false},"author":93,"featured_media":443658,"comment_status":"open","ping_status":"closed","sticky":false,"template":"","format":"standard","meta":{"post_tipo":"article","footnotes":""},"categories":[1,1984],"tags":[],"tax_estado":[],"class_list":["post-447752","post","type-post","status-publish","format-standard","has-post-thumbnail","hentry","category-cursos-e-concursos","category-tribunais"],"acf":[],"yoast_head":"<!-- This site is optimized with the Yoast SEO Premium plugin v27.2 (Yoast SEO v27.2) - https:\/\/yoast.com\/product\/yoast-seo-premium-wordpress\/ -->\n<title>Edital TRE PA: certame oferta 3 vagas diretas para n\u00edvel m\u00e9dio e superior<\/title>\n<meta name=\"description\" content=\"Edital TRE - PA: Publicado edital do certame com divulga\u00e7\u00e3o de n\u00famero de vagas, cargos, n\u00edvel de escolaridade, data da prova e taxa de inscri\u00e7\u00f5es.\" \/>\n<meta name=\"robots\" content=\"index, follow, max-snippet:-1, max-image-preview:large, max-video-preview:-1\" \/>\n<link rel=\"canonical\" href=\"https:\/\/www.estrategiaconcursos.com.br\/blog\/edital-tre-pa\/\" \/>\n<meta property=\"og:locale\" content=\"pt_BR\" \/>\n<meta property=\"og:type\" content=\"article\" \/>\n<meta property=\"og:title\" content=\"Edital TRE PA: certame oferta 3 vagas diretas para n\u00edvel m\u00e9dio e superior\" \/>\n<meta property=\"og:description\" content=\"Edital TRE - PA: Publicado edital do certame com divulga\u00e7\u00e3o de n\u00famero de vagas, cargos, n\u00edvel de escolaridade, data da prova e taxa de inscri\u00e7\u00f5es.\" \/>\n<meta property=\"og:url\" content=\"https:\/\/www.estrategiaconcursos.com.br\/blog\/edital-tre-pa\/\" \/>\n<meta property=\"og:site_name\" content=\"Estrat\u00e9gia Concursos\" \/>\n<meta property=\"article:published_time\" content=\"2019-11-14T11:20:33+00:00\" \/>\n<meta property=\"article:modified_time\" content=\"2019-11-16T13:45:57+00:00\" \/>\n<meta property=\"og:image\" content=\"https:\/\/dhg1h5j42swfq.cloudfront.net\/2019\/11\/04102558\/saiu-edital-ec.jpeg\" \/>\n\t<meta property=\"og:image:width\" content=\"1200\" \/>\n\t<meta property=\"og:image:height\" content=\"628\" \/>\n\t<meta property=\"og:image:type\" content=\"image\/jpeg\" \/>\n<meta name=\"author\" content=\"Vinicius Silva\" \/>\n<meta name=\"twitter:card\" content=\"summary_large_image\" \/>\n<meta name=\"twitter:creator\" content=\"@EstratConcursos\" \/>\n<meta name=\"twitter:site\" content=\"@EstratConcursos\" \/>\n<meta name=\"twitter:label1\" content=\"Escrito por\" \/>\n\t<meta name=\"twitter:data1\" content=\"Vinicius Silva\" \/>\n\t<meta name=\"twitter:label2\" content=\"Est. tempo de leitura\" \/>\n\t<meta name=\"twitter:data2\" content=\"7 minutos\" \/>\n<script type=\"application\/ld+json\" class=\"yoast-schema-graph\">{\"@context\":\"https:\/\/schema.org\",\"@graph\":[{\"@type\":\"NewsArticle\",\"@id\":\"https:\/\/www.estrategiaconcursos.com.br\/blog\/edital-tre-pa\/#article\",\"isPartOf\":{\"@id\":\"https:\/\/www.estrategiaconcursos.com.br\/blog\/edital-tre-pa\/\"},\"author\":{\"name\":\"Vinicius Silva\",\"@id\":\"https:\/\/www.estrategiaconcursos.com.br\/blog\/#\/schema\/person\/20030622a981f9a942ad6b3561fe4ca4\"},\"headline\":\"Edital TRE PA: certame oferta 3 vagas diretas para n\u00edvel m\u00e9dio e superior\",\"datePublished\":\"2019-11-14T11:20:33+00:00\",\"dateModified\":\"2019-11-16T13:45:57+00:00\",\"mainEntityOfPage\":{\"@id\":\"https:\/\/www.estrategiaconcursos.com.br\/blog\/edital-tre-pa\/\"},\"wordCount\":1420,\"commentCount\":0,\"publisher\":{\"@id\":\"https:\/\/www.estrategiaconcursos.com.br\/blog\/#organization\"},\"image\":{\"@id\":\"https:\/\/www.estrategiaconcursos.com.br\/blog\/edital-tre-pa\/#primaryimage\"},\"thumbnailUrl\":\"https:\/\/dhg1h5j42swfq.cloudfront.net\/2019\/11\/04102558\/saiu-edital-ec.jpeg\",\"articleSection\":[\"Concursos P\u00fablicos\",\"Tribunais\"],\"inLanguage\":\"pt-BR\",\"potentialAction\":[{\"@type\":\"CommentAction\",\"name\":\"Comment\",\"target\":[\"https:\/\/www.estrategiaconcursos.com.br\/blog\/edital-tre-pa\/#respond\"]}],\"copyrightYear\":\"2019\",\"copyrightHolder\":{\"@id\":\"https:\/\/www.estrategiaconcursos.com.br\/blog\/#organization\"}},{\"@type\":\"WebPage\",\"@id\":\"https:\/\/www.estrategiaconcursos.com.br\/blog\/edital-tre-pa\/\",\"url\":\"https:\/\/www.estrategiaconcursos.com.br\/blog\/edital-tre-pa\/\",\"name\":\"Edital TRE PA: certame oferta 3 vagas diretas para n\u00edvel m\u00e9dio e superior\",\"isPartOf\":{\"@id\":\"https:\/\/www.estrategiaconcursos.com.br\/blog\/#website\"},\"primaryImageOfPage\":{\"@id\":\"https:\/\/www.estrategiaconcursos.com.br\/blog\/edital-tre-pa\/#primaryimage\"},\"image\":{\"@id\":\"https:\/\/www.estrategiaconcursos.com.br\/blog\/edital-tre-pa\/#primaryimage\"},\"thumbnailUrl\":\"https:\/\/dhg1h5j42swfq.cloudfront.net\/2019\/11\/04102558\/saiu-edital-ec.jpeg\",\"datePublished\":\"2019-11-14T11:20:33+00:00\",\"dateModified\":\"2019-11-16T13:45:57+00:00\",\"description\":\"Edital TRE - PA: Publicado edital do certame com divulga\u00e7\u00e3o de n\u00famero de vagas, cargos, n\u00edvel de escolaridade, data da prova e taxa de inscri\u00e7\u00f5es.\",\"breadcrumb\":{\"@id\":\"https:\/\/www.estrategiaconcursos.com.br\/blog\/edital-tre-pa\/#breadcrumb\"},\"inLanguage\":\"pt-BR\",\"potentialAction\":[{\"@type\":\"ReadAction\",\"target\":[\"https:\/\/www.estrategiaconcursos.com.br\/blog\/edital-tre-pa\/\"]}]},{\"@type\":\"ImageObject\",\"inLanguage\":\"pt-BR\",\"@id\":\"https:\/\/www.estrategiaconcursos.com.br\/blog\/edital-tre-pa\/#primaryimage\",\"url\":\"https:\/\/dhg1h5j42swfq.cloudfront.net\/2019\/11\/04102558\/saiu-edital-ec.jpeg\",\"contentUrl\":\"https:\/\/dhg1h5j42swfq.cloudfront.net\/2019\/11\/04102558\/saiu-edital-ec.jpeg\",\"width\":1200,\"height\":628,\"caption\":\"Concurso cfq\"},{\"@type\":\"BreadcrumbList\",\"@id\":\"https:\/\/www.estrategiaconcursos.com.br\/blog\/edital-tre-pa\/#breadcrumb\",\"itemListElement\":[{\"@type\":\"ListItem\",\"position\":1,\"name\":\"In\u00edcio\",\"item\":\"https:\/\/www.estrategiaconcursos.com.br\/blog\/\"},{\"@type\":\"ListItem\",\"position\":2,\"name\":\"Edital TRE PA: certame oferta 3 vagas diretas para n\u00edvel m\u00e9dio e superior\"}]},{\"@type\":\"WebSite\",\"@id\":\"https:\/\/www.estrategiaconcursos.com.br\/blog\/#website\",\"url\":\"https:\/\/www.estrategiaconcursos.com.br\/blog\/\",\"name\":\"Estrat\u00e9gia Concursos\",\"description\":\"O blog da Estrat\u00e9gia Concursos traz not\u00edcias sobre concursos e artigos de professores oferecendo cursos para concursos (pdf + videaulas) no site.\",\"publisher\":{\"@id\":\"https:\/\/www.estrategiaconcursos.com.br\/blog\/#organization\"},\"potentialAction\":[{\"@type\":\"SearchAction\",\"target\":{\"@type\":\"EntryPoint\",\"urlTemplate\":\"https:\/\/www.estrategiaconcursos.com.br\/blog\/?s={search_term_string}\"},\"query-input\":{\"@type\":\"PropertyValueSpecification\",\"valueRequired\":true,\"valueName\":\"search_term_string\"}}],\"inLanguage\":\"pt-BR\"},{\"@type\":\"Organization\",\"@id\":\"https:\/\/www.estrategiaconcursos.com.br\/blog\/#organization\",\"name\":\"Estrat\u00e9gia Concursos\",\"url\":\"https:\/\/www.estrategiaconcursos.com.br\/blog\/\",\"logo\":{\"@type\":\"ImageObject\",\"inLanguage\":\"pt-BR\",\"@id\":\"https:\/\/www.estrategiaconcursos.com.br\/blog\/#\/schema\/logo\/image\/\",\"url\":\"https:\/\/dhg1h5j42swfq.cloudfront.net\/2025\/06\/03203428\/logo_concursos-1.jpg\",\"contentUrl\":\"https:\/\/dhg1h5j42swfq.cloudfront.net\/2025\/06\/03203428\/logo_concursos-1.jpg\",\"width\":230,\"height\":60,\"caption\":\"Estrat\u00e9gia Concursos\"},\"image\":{\"@id\":\"https:\/\/www.estrategiaconcursos.com.br\/blog\/#\/schema\/logo\/image\/\"},\"sameAs\":[\"https:\/\/x.com\/EstratConcursos\"]},{\"@type\":\"Person\",\"@id\":\"https:\/\/www.estrategiaconcursos.com.br\/blog\/#\/schema\/person\/20030622a981f9a942ad6b3561fe4ca4\",\"name\":\"Vinicius Silva\",\"image\":{\"@type\":\"ImageObject\",\"inLanguage\":\"pt-BR\",\"@id\":\"https:\/\/secure.gravatar.com\/avatar\/604d9670a4c7eea71feaa4381f3ae97e148292ac402671c5944aa67a3d127663?s=96&d=mm&r=g\",\"url\":\"https:\/\/secure.gravatar.com\/avatar\/604d9670a4c7eea71feaa4381f3ae97e148292ac402671c5944aa67a3d127663?s=96&d=mm&r=g\",\"contentUrl\":\"https:\/\/secure.gravatar.com\/avatar\/604d9670a4c7eea71feaa4381f3ae97e148292ac402671c5944aa67a3d127663?s=96&d=mm&r=g\",\"caption\":\"Vinicius Silva\"},\"url\":\"https:\/\/www.estrategiaconcursos.com.br\/blog\/author\/viniciussilvaestrategiaconcursos-com-br\/\"}]}<\/script>\n<!-- \/ Yoast SEO Premium plugin. -->","yoast_head_json":{"title":"Edital TRE PA: certame oferta 3 vagas diretas para n\u00edvel m\u00e9dio e superior","description":"Edital TRE - PA: Publicado edital do certame com divulga\u00e7\u00e3o de n\u00famero de vagas, cargos, n\u00edvel de escolaridade, data da prova e taxa de inscri\u00e7\u00f5es.","robots":{"index":"index","follow":"follow","max-snippet":"max-snippet:-1","max-image-preview":"max-image-preview:large","max-video-preview":"max-video-preview:-1"},"canonical":"https:\/\/www.estrategiaconcursos.com.br\/blog\/edital-tre-pa\/","og_locale":"pt_BR","og_type":"article","og_title":"Edital TRE PA: certame oferta 3 vagas diretas para n\u00edvel m\u00e9dio e superior","og_description":"Edital TRE - PA: Publicado edital do certame com divulga\u00e7\u00e3o de n\u00famero de vagas, cargos, n\u00edvel de escolaridade, data da prova e taxa de inscri\u00e7\u00f5es.","og_url":"https:\/\/www.estrategiaconcursos.com.br\/blog\/edital-tre-pa\/","og_site_name":"Estrat\u00e9gia Concursos","article_published_time":"2019-11-14T11:20:33+00:00","article_modified_time":"2019-11-16T13:45:57+00:00","og_image":[{"width":1200,"height":628,"url":"https:\/\/dhg1h5j42swfq.cloudfront.net\/2019\/11\/04102558\/saiu-edital-ec.jpeg","type":"image\/jpeg"}],"author":"Vinicius Silva","twitter_card":"summary_large_image","twitter_creator":"@EstratConcursos","twitter_site":"@EstratConcursos","twitter_misc":{"Escrito por":"Vinicius Silva","Est. tempo de leitura":"7 minutos"},"schema":{"@context":"https:\/\/schema.org","@graph":[{"@type":"NewsArticle","@id":"https:\/\/www.estrategiaconcursos.com.br\/blog\/edital-tre-pa\/#article","isPartOf":{"@id":"https:\/\/www.estrategiaconcursos.com.br\/blog\/edital-tre-pa\/"},"author":{"name":"Vinicius Silva","@id":"https:\/\/www.estrategiaconcursos.com.br\/blog\/#\/schema\/person\/20030622a981f9a942ad6b3561fe4ca4"},"headline":"Edital TRE PA: certame oferta 3 vagas diretas para n\u00edvel m\u00e9dio e superior","datePublished":"2019-11-14T11:20:33+00:00","dateModified":"2019-11-16T13:45:57+00:00","mainEntityOfPage":{"@id":"https:\/\/www.estrategiaconcursos.com.br\/blog\/edital-tre-pa\/"},"wordCount":1420,"commentCount":0,"publisher":{"@id":"https:\/\/www.estrategiaconcursos.com.br\/blog\/#organization"},"image":{"@id":"https:\/\/www.estrategiaconcursos.com.br\/blog\/edital-tre-pa\/#primaryimage"},"thumbnailUrl":"https:\/\/dhg1h5j42swfq.cloudfront.net\/2019\/11\/04102558\/saiu-edital-ec.jpeg","articleSection":["Concursos P\u00fablicos","Tribunais"],"inLanguage":"pt-BR","potentialAction":[{"@type":"CommentAction","name":"Comment","target":["https:\/\/www.estrategiaconcursos.com.br\/blog\/edital-tre-pa\/#respond"]}],"copyrightYear":"2019","copyrightHolder":{"@id":"https:\/\/www.estrategiaconcursos.com.br\/blog\/#organization"}},{"@type":"WebPage","@id":"https:\/\/www.estrategiaconcursos.com.br\/blog\/edital-tre-pa\/","url":"https:\/\/www.estrategiaconcursos.com.br\/blog\/edital-tre-pa\/","name":"Edital TRE PA: certame oferta 3 vagas diretas para n\u00edvel m\u00e9dio e superior","isPartOf":{"@id":"https:\/\/www.estrategiaconcursos.com.br\/blog\/#website"},"primaryImageOfPage":{"@id":"https:\/\/www.estrategiaconcursos.com.br\/blog\/edital-tre-pa\/#primaryimage"},"image":{"@id":"https:\/\/www.estrategiaconcursos.com.br\/blog\/edital-tre-pa\/#primaryimage"},"thumbnailUrl":"https:\/\/dhg1h5j42swfq.cloudfront.net\/2019\/11\/04102558\/saiu-edital-ec.jpeg","datePublished":"2019-11-14T11:20:33+00:00","dateModified":"2019-11-16T13:45:57+00:00","description":"Edital TRE - PA: Publicado edital do certame com divulga\u00e7\u00e3o de n\u00famero de vagas, cargos, n\u00edvel de escolaridade, data da prova e taxa de inscri\u00e7\u00f5es.","breadcrumb":{"@id":"https:\/\/www.estrategiaconcursos.com.br\/blog\/edital-tre-pa\/#breadcrumb"},"inLanguage":"pt-BR","potentialAction":[{"@type":"ReadAction","target":["https:\/\/www.estrategiaconcursos.com.br\/blog\/edital-tre-pa\/"]}]},{"@type":"ImageObject","inLanguage":"pt-BR","@id":"https:\/\/www.estrategiaconcursos.com.br\/blog\/edital-tre-pa\/#primaryimage","url":"https:\/\/dhg1h5j42swfq.cloudfront.net\/2019\/11\/04102558\/saiu-edital-ec.jpeg","contentUrl":"https:\/\/dhg1h5j42swfq.cloudfront.net\/2019\/11\/04102558\/saiu-edital-ec.jpeg","width":1200,"height":628,"caption":"Concurso cfq"},{"@type":"BreadcrumbList","@id":"https:\/\/www.estrategiaconcursos.com.br\/blog\/edital-tre-pa\/#breadcrumb","itemListElement":[{"@type":"ListItem","position":1,"name":"In\u00edcio","item":"https:\/\/www.estrategiaconcursos.com.br\/blog\/"},{"@type":"ListItem","position":2,"name":"Edital TRE PA: certame oferta 3 vagas diretas para n\u00edvel m\u00e9dio e superior"}]},{"@type":"WebSite","@id":"https:\/\/www.estrategiaconcursos.com.br\/blog\/#website","url":"https:\/\/www.estrategiaconcursos.com.br\/blog\/","name":"Estrat\u00e9gia Concursos","description":"O blog da Estrat\u00e9gia Concursos traz not\u00edcias sobre concursos e artigos de professores oferecendo cursos para concursos (pdf + videaulas) no site.","publisher":{"@id":"https:\/\/www.estrategiaconcursos.com.br\/blog\/#organization"},"potentialAction":[{"@type":"SearchAction","target":{"@type":"EntryPoint","urlTemplate":"https:\/\/www.estrategiaconcursos.com.br\/blog\/?s={search_term_string}"},"query-input":{"@type":"PropertyValueSpecification","valueRequired":true,"valueName":"search_term_string"}}],"inLanguage":"pt-BR"},{"@type":"Organization","@id":"https:\/\/www.estrategiaconcursos.com.br\/blog\/#organization","name":"Estrat\u00e9gia Concursos","url":"https:\/\/www.estrategiaconcursos.com.br\/blog\/","logo":{"@type":"ImageObject","inLanguage":"pt-BR","@id":"https:\/\/www.estrategiaconcursos.com.br\/blog\/#\/schema\/logo\/image\/","url":"https:\/\/dhg1h5j42swfq.cloudfront.net\/2025\/06\/03203428\/logo_concursos-1.jpg","contentUrl":"https:\/\/dhg1h5j42swfq.cloudfront.net\/2025\/06\/03203428\/logo_concursos-1.jpg","width":230,"height":60,"caption":"Estrat\u00e9gia Concursos"},"image":{"@id":"https:\/\/www.estrategiaconcursos.com.br\/blog\/#\/schema\/logo\/image\/"},"sameAs":["https:\/\/x.com\/EstratConcursos"]},{"@type":"Person","@id":"https:\/\/www.estrategiaconcursos.com.br\/blog\/#\/schema\/person\/20030622a981f9a942ad6b3561fe4ca4","name":"Vinicius Silva","image":{"@type":"ImageObject","inLanguage":"pt-BR","@id":"https:\/\/secure.gravatar.com\/avatar\/604d9670a4c7eea71feaa4381f3ae97e148292ac402671c5944aa67a3d127663?s=96&d=mm&r=g","url":"https:\/\/secure.gravatar.com\/avatar\/604d9670a4c7eea71feaa4381f3ae97e148292ac402671c5944aa67a3d127663?s=96&d=mm&r=g","contentUrl":"https:\/\/secure.gravatar.com\/avatar\/604d9670a4c7eea71feaa4381f3ae97e148292ac402671c5944aa67a3d127663?s=96&d=mm&r=g","caption":"Vinicius Silva"},"url":"https:\/\/www.estrategiaconcursos.com.br\/blog\/author\/viniciussilvaestrategiaconcursos-com-br\/"}]}},"_links":{"self":[{"href":"https:\/\/www.estrategiaconcursos.com.br\/blog\/wp-json\/wp\/v2\/posts\/447752","targetHints":{"allow":["GET"]}}],"collection":[{"href":"https:\/\/www.estrategiaconcursos.com.br\/blog\/wp-json\/wp\/v2\/posts"}],"about":[{"href":"https:\/\/www.estrategiaconcursos.com.br\/blog\/wp-json\/wp\/v2\/types\/post"}],"author":[{"embeddable":true,"href":"https:\/\/www.estrategiaconcursos.com.br\/blog\/wp-json\/wp\/v2\/users\/93"}],"replies":[{"embeddable":true,"href":"https:\/\/www.estrategiaconcursos.com.br\/blog\/wp-json\/wp\/v2\/comments?post=447752"}],"version-history":[{"count":24,"href":"https:\/\/www.estrategiaconcursos.com.br\/blog\/wp-json\/wp\/v2\/posts\/447752\/revisions"}],"predecessor-version":[{"id":448412,"href":"https:\/\/www.estrategiaconcursos.com.br\/blog\/wp-json\/wp\/v2\/posts\/447752\/revisions\/448412"}],"wp:featuredmedia":[{"embeddable":true,"href":"https:\/\/www.estrategiaconcursos.com.br\/blog\/wp-json\/wp\/v2\/media\/443658"}],"wp:attachment":[{"href":"https:\/\/www.estrategiaconcursos.com.br\/blog\/wp-json\/wp\/v2\/media?parent=447752"}],"wp:term":[{"taxonomy":"category","embeddable":true,"href":"https:\/\/www.estrategiaconcursos.com.br\/blog\/wp-json\/wp\/v2\/categories?post=447752"},{"taxonomy":"post_tag","embeddable":true,"href":"https:\/\/www.estrategiaconcursos.com.br\/blog\/wp-json\/wp\/v2\/tags?post=447752"},{"taxonomy":"tax_estado","embeddable":true,"href":"https:\/\/www.estrategiaconcursos.com.br\/blog\/wp-json\/wp\/v2\/tax_estado?post=447752"}],"curies":[{"name":"wp","href":"https:\/\/api.w.org\/{rel}","templated":true}]}}