{"id":447732,"date":"2019-11-17T18:40:05","date_gmt":"2019-11-17T21:40:05","guid":{"rendered":"https:\/\/www.estrategiaconcursos.com.br\/blog\/?p=447732"},"modified":"2019-12-04T14:09:41","modified_gmt":"2019-12-04T17:09:41","slug":"gabarito-mp-sp-extraoficial","status":"publish","type":"post","link":"https:\/\/www.estrategiaconcursos.com.br\/blog\/gabarito-mp-sp-extraoficial\/","title":{"rendered":"Gabarito MP SP Extraoficial: acompanhe nossa corre\u00e7\u00e3o ao vivo"},"content":{"rendered":"\n<p>Acontece neste <strong>domingo, 17 de novembro<\/strong>, no per\u00edodo das 14h \u00e0s 17h30, a <strong>prova do concurso do Minist\u00e9rio P\u00fablico de S\u00e3o Paulo<\/strong> para o cargo de Auxiliar de Promotoria I, na especialidade Administrativa. A Prova Objetiva ser\u00e1 composta por 60 quest\u00f5es de m\u00faltipla escolha, distribu\u00edda da seguinte maneira:<\/p>\n\n\n\n<ul class=\"wp-block-list\"><li><em>L\u00edngua Portuguesa \u2013 20 quest\u00f5es<\/em><\/li><li><em>Matem\u00e1tica \u2013 15 quest\u00f5es<\/em><\/li><li><em>Legisla\u00e7\u00e3o \u2013 05 quest\u00f5es<\/em><\/li><li><em>Hist\u00f3ria \u2013 05 quest\u00f5es<\/em><\/li><li><em>Geografia \u2013 05 quest\u00f5es<\/em><\/li><li><em>No\u00e7\u00f5es de Inform\u00e1tica \u2013 10 quest\u00f5es<\/em><\/li><\/ul>\n\n\n\n<p><strong><em>Voc\u00ea est\u00e1 pronto para ingressar no Minist\u00e9rio P\u00fablico do Estado de S\u00e3o Paulo e ocupar o cargo de Auxiliar de Promotoria?<\/em><\/strong> Cargo este que exige forma\u00e7\u00e3o de n\u00edvel fundamental e remunera\u00e7\u00e3o de R$ 2.789,81?<\/p>\n\n\n\n<p>Sabemos que a ansiedade bateu forte nesta \u00faltima semana. Afinal, foram meses de prepara\u00e7\u00e3o intensa, nos quais houve a necessidade de sacrificar alguns momentos de lazer e conv\u00edvio com a fam\u00edlia.<\/p>\n\n\n\n<p>Sabemos tamb\u00e9m que essa ansiedade permanece logo ap\u00f3s a realiza\u00e7\u00e3o da prova, mas, nesse caso, por outro motivo:<strong> conferir o gabarito!<\/strong> Mesmo depois de uma prepara\u00e7\u00e3o pesada e um dia cansativo respondendo a diversas quest\u00f5es, todo concurseiro tem o direito de saber como foi o seu desempenho, n\u00e3o \u00e9 verdade?<\/p>\n\n\n\n<p>Por isso, convidamos voc\u00ea a acompanhar nossa<strong> Corre\u00e7\u00e3o da Prova MP SP<\/strong>. A transmiss\u00e3o ser\u00e1 realizada ao vivo e gratuitamente, neste <strong>domingo, 17 de novembro de 2019, a partir das 18h<\/strong>.<\/p>\n\n\n\n<h2 class=\"wp-block-heading\">Ranking MP SP &#8211; Auxiliar de Promotoria I<\/h2>\n\n\n\n<p>Voc\u00ea pode participar do nosso&nbsp;<strong>ranking classificat\u00f3rio<\/strong> e comparar seu desempenho com seus concorrentes. Para conferir sua nota, basta preencher suas respostas no nosso gabarito eletr\u00f4nico e aguardar a libera\u00e7\u00e3o da classifica\u00e7\u00e3o.<\/p>\n\n\n\n<p style=\"font-size:22px;text-align:center\" class=\"has-background has-very-light-gray-background-color\"><strong><a href=\"https:\/\/docs.google.com\/forms\/d\/e\/1FAIpQLSds2qEqXiUeAQD7cLlRubqDrezf03g-4BFF0Sxb6oYvI4IWNg\/viewform\" target=\"_blank\" rel=\"noreferrer noopener\" aria-label=\"Preencha seu gabarito (abre numa nova aba)\">Preencha seu gabarito<\/a><\/strong><\/p>\n\n\n\n<p style=\"font-size:22px;text-align:center\" class=\"has-background has-very-light-gray-background-color\"><strong><a href=\"https:\/\/docs.google.com\/spreadsheets\/d\/1kW1QFS4nVhC4939HYIEwrKoTVSZdaQuO89LtlbMj0Vw\/edit#gid=569530903\" target=\"_blank\" rel=\"noreferrer noopener\" aria-label=\"Ranking MP SP - Auxiliar de Promotoria I (abre numa nova aba)\">Ranking MP SP &#8211; Auxiliar de Promotoria I<\/a><\/strong><\/p>\n\n\n\n<h2 class=\"wp-block-heading\">Corre\u00e7\u00e3o AO VIVO<\/h2>\n\n\n<figure class=\"wp-block-embed-youtube wp-block-embed is-type-video is-provider-youtube wp-embed-aspect-16-9 wp-has-aspect-ratio lyte-align aligncenter\"><div class=\"lyte-wrapper\" style=\"width:853px;max-width:100%;margin:5px;\"><div class=\"lyMe\" id=\"WYL_YXlIcY6ZEXg\"><div id=\"lyte_YXlIcY6ZEXg\" data-src=\"\/\/i.ytimg.com\/vi\/YXlIcY6ZEXg\/hqdefault.jpg\" class=\"pL\"><div class=\"tC\"><div class=\"tT\"><\/div><\/div><div class=\"play\"><\/div><div class=\"ctrl\"><div class=\"Lctrl\"><\/div><div class=\"Rctrl\"><\/div><\/div><\/div><noscript><a href=\"https:\/\/youtu.be\/YXlIcY6ZEXg\" rel=\"nofollow\"><img loading=\"lazy\" decoding=\"async\" src=\"https:\/\/i.ytimg.com\/vi\/YXlIcY6ZEXg\/0.jpg\" alt=\"YouTube video thumbnail\" width=\"853\" height=\"460\" \/><br \/>Assista a este v\u00eddeo no YouTube<\/a><\/noscript><\/div><\/div><div class=\"lL\" style=\"max-width:100%;width:853px;margin:5px;\"><\/div><figcaption><\/figcaption><\/figure>\n\n\n<h2 class=\"wp-block-heading\">Gabarito extraoficial: MP SP \u2013 Auxiliar de Promotoria I <\/h2>\n\n\n\n<p>Abaixo voc\u00ea confere os gabaritos das quest\u00f5es corrigidas pelos nossos professores. \u00c0 medida em que as corre\u00e7\u00f5es forem realizadas, o artigo ser\u00e1 atualizado.<\/p>\n\n\n\n<p><strong>Quest\u00e3o 1:&nbsp;<\/strong>De acordo com o 1\u00ba e o 2\u00ba par\u00e1grafos, \u00e9 correto afirmar que<br \/><strong><em>Resposta:&nbsp;<\/em><\/strong>B \u2013 o ser humano n\u00e3o aprendeu a consumir (\u2026)<\/p>\n\n\n\n<p><strong>Quest\u00e3o 2:&nbsp;<\/strong>A leitura do texto permite afirmar\u2026<br \/><strong><em>Resposta:&nbsp;<\/em><\/strong>C \u2013 ainda se prende a comportamentos&nbsp;(\u2026)<\/p>\n\n\n\n<p><strong>Quest\u00e3o 3:&nbsp;<\/strong>Conforme a leitura do \u00faltimo par\u00e1grafo\u2026<br \/><strong><em>Resposta:&nbsp;<\/em><\/strong>A \u2013 \u00e9 uma tarefa dif\u00edcil, que demanda tempo e aceita\u00e7\u00e3o<\/p>\n\n\n\n<p><strong>Quest\u00e3o 4:&nbsp;<\/strong>Considere os seguintes trechos\u2026<br \/><strong><em>Resposta:&nbsp;<\/em><\/strong>B \u2013 amplia\u00e7\u00e3o; essencial<\/p>\n\n\n\n<p><strong>Quest\u00e3o 5:&nbsp;<\/strong>No trecho \u201cisso significa\u201d que todos devem pensar\u2026<br \/><strong><em>Resposta:<\/em><\/strong>&nbsp;E \u2013 isso&nbsp;<span style=\"text-decoration: underline;\">significar\u00e1&nbsp;<\/span>que todos&nbsp;<span style=\"text-decoration: underline;\">dever\u00e3o&nbsp;<\/span>pensar (\u2026)<\/p>\n\n\n\n<p><strong>Quest\u00e3o 6:&nbsp;<\/strong>Na frase \u201c\u00e9 quando se pensa\u2026\u201d<br \/><strong><em>Resposta:<\/em><\/strong>&nbsp;A \u2013 tempo<\/p>\n\n\n\n<p><strong>Quest\u00e3o 7:&nbsp;<\/strong>A pontua\u00e7\u00e3o est\u00e1 de acordo com a norma-padr\u00e3o\u2026<br \/><strong><em>Resposta:&nbsp;<\/em><\/strong>C \u2013 os vegetarianos, pessoas que n\u00e3o comem (\u2026)<\/p>\n\n\n\n<p><strong>Quest\u00e3o 8:&nbsp;<\/strong>Assinale a alternativa em que o acento indicativo\u2026<br \/><strong><em>Resposta:&nbsp;<\/em><\/strong>D \u2013 \u00e0s vezes ele come carne, mas tem procurado&nbsp;(\u2026)<\/p>\n\n\n\n<p><strong>Quest\u00e3o 9:&nbsp;<\/strong>Assinale a alternativa em que a concord\u00e2ncia\u2026<br \/><strong><em>Resposta:&nbsp;<\/em><\/strong>E \u2013 chegaram novos alimentos que poder\u00e3o&nbsp;(\u2026)<\/p>\n\n\n\n<p><strong>Quest\u00e3o 10:&nbsp;<\/strong>A leitura do poema permite afirmar\u2026<br \/><strong><em>Resposta:&nbsp;<\/em><\/strong>A \u2013 piedade pelo modo de viver dos seres humanos<\/p>\n\n\n\n<p><strong>Quest\u00e3o 11:&nbsp;<\/strong>Conforme a leitura do poema, em rela\u00e7\u00e3o \u00e0 natureza\u2026<br \/><strong><em>Resposta:&nbsp;<\/em><\/strong>D \u2013 insens\u00edvel<\/p>\n\n\n\n<p><strong>Quest\u00e3o 12:&nbsp;<\/strong>No trecho impossibilidade de se organizarem\u2026<br \/><strong><em>Resposta:&nbsp;<\/em><\/strong>B \u2013 provis\u00f3rias e sup\u00e9rfluas<\/p>\n\n\n\n<p><strong>Quest\u00e3o 13:&nbsp;<\/strong>Assinale a alternativa em que h\u00e1 palavra ou express\u00e3o\u2026<br \/><strong><em>Resposta:&nbsp;<\/em><\/strong>E \u2013 sons que se despeda\u00e7am e tombam no campo<\/p>\n\n\n\n<p><strong>Quest\u00e3o 14:&nbsp;<\/strong>A alternativa cuja palavra destacada\u2026<br \/><strong><em>Resposta:&nbsp;<\/em><\/strong>D \u2013 atributo <span style=\"text-decoration: underline;\">essencial<\/span><\/p>\n\n\n\n<p><strong>Quest\u00e3o 15:&nbsp;<\/strong>Considere o trecho do poema\u2026<br \/><strong><em>Resposta:<\/em><\/strong>&nbsp;C \u2013 d\u00favida e intensidade<\/p>\n\n\n\n<p><strong>Quest\u00e3o 16:&nbsp;<\/strong>Conforme a leitura da tirinha\u2026<br \/><strong><em>Resposta:<\/em><\/strong>&nbsp;A \u2013 o menino demonstra preocupa\u00e7\u00e3o pelo que est\u00e1 acontecendo<\/p>\n\n\n\n<p><strong>Quest\u00e3o 17:&nbsp;<\/strong>No 1\u00ba quadrinho, na fala da menina\u2026<br \/><strong><em>Resposta:&nbsp;<\/em><\/strong>C \u2013 companhia<\/p>\n\n\n\n<p><strong>Quest\u00e3o 18:&nbsp;<\/strong>A reg\u00eancia das palavras est\u00e1 de acordo\u2026<br \/><strong><em>Resposta:&nbsp;<\/em><\/strong>D \u2013 muitas s\u00e3o as mudan\u00e7as de que o ser humano&nbsp;(\u2026)<\/p>\n\n\n\n<p><strong>Quest\u00e3o 19:&nbsp;<\/strong>Assinale a alternativa em que a coloca\u00e7\u00e3o\u2026<br \/><strong><em>Resposta:&nbsp;<\/em><\/strong>B \u2013 sempre nos alertaram para os riscos&nbsp;(\u2026)<\/p>\n\n\n\n<p><strong>Quest\u00e3o 20:&nbsp;<\/strong>Considerando a norma-padr\u00e3o da L\u00edngua Portuguesa\u2026<br \/><strong><em>Resposta:&nbsp;<\/em><\/strong>E \u2013 entretanto \u2026 o assustam<\/p>\n\n\n\n<p><strong>Quest\u00e3o 21:&nbsp;<\/strong>A espa\u00e7onave Apollo 11 era composta\u2026<br \/><strong><em>Resposta:&nbsp;<\/em><\/strong>C \u2013 11 m<\/p>\n\n\n\n<p><strong>Quest\u00e3o 22:&nbsp;<\/strong>\u00c0s 17 horas e 17 minutos (hor\u00e1rio de Bras\u00edlia) do dia 20.07.1969, o m\u00f3dulo\u2026<br \/><strong><em>Resposta:&nbsp;<\/em><\/strong>C \u2013 6 horas e 39 minutos<\/p>\n\n\n\n<p><strong>Quest\u00e3o 23:&nbsp;<\/strong>Transmitido pela televis\u00e3o, o pouso na Lua\u2026<br \/><strong><em>Resposta:&nbsp;<\/em><\/strong>B \u2013 600 milh\u00f5es<\/p>\n\n\n\n<p><strong>Quest\u00e3o 24:&nbsp;<\/strong>Aline reservou R$ 400,00 para comprar 3 presentes\u2026<br \/><strong><em>Resposta:&nbsp;<\/em><\/strong>D \u2013 R$ 70,00<\/p>\n\n\n\n<p><strong>Quest\u00e3o 25:&nbsp;<\/strong>Em um treinamento, um atleta percorre, em m\u00e9dia, 1.200 m\u2026<br \/><strong><em>Resposta:<\/em><\/strong>&nbsp;A \u2013 7,8 km<\/p>\n\n\n\n<p><strong>Quest\u00e3o 26:&nbsp;<\/strong>Carla comprou determinada TV, pagando 80% do pre\u00e7o\u2026<br \/><strong><em>Resposta:<\/em><\/strong>&nbsp;E \u2013 R$ 4.800,00<\/p>\n\n\n\n<p><strong>Quest\u00e3o 27:&nbsp;<\/strong>Certo ve\u00edculo de carga, quando totalmente vazio, tem massa de\u2026<br \/><strong><em>Resposta:&nbsp;<\/em><\/strong>C \u2013 1,2 t.<\/p>\n\n\n\n<p><strong>Quest\u00e3o 28:&nbsp;<\/strong>Um reservat\u00f3rio continha, inicialmente, 120 litros de\u2026<br \/><strong><em>Resposta:&nbsp;<\/em><\/strong>A \u2013 600 litros<\/p>\n\n\n\n<p><strong>Quest\u00e3o 29:&nbsp;<\/strong>Um jardim, com a forma do quadril\u00e1tero\u2026<br \/><strong><em>Resposta:&nbsp;<\/em><\/strong>C \u2013 26 m<\/p>\n\n\n\n<p><strong>Quest\u00e3o 30:&nbsp;<\/strong>Quando em opera\u00e7\u00e3o, tr\u00eas m\u00e1quinas industriais\u2026<br \/><strong><em>Resposta:&nbsp;<\/em><\/strong>D \u2013 9 horas<\/p>\n\n\n\n<p><strong>Quest\u00e3o 31:&nbsp;<\/strong>Em um painel de formato retangular\u2026<br \/><strong><em>Resposta:&nbsp;<\/em><\/strong>E \u2013 2.800 cm\u00b2<\/p>\n\n\n\n<p><strong>Quest\u00e3o 32:&nbsp;<\/strong>Alex guardou, em uma caixinha, somente notas de\u2026<br \/><strong><em>Resposta:&nbsp;<\/em><\/strong>C \u2013 R$ 450,00<\/p>\n\n\n\n<p><strong>Quest\u00e3o 33:&nbsp;<\/strong>Um piso quadrado foi totalmente revestido\u2026<br \/><strong><em>Resposta:&nbsp;<\/em><\/strong>E \u2013 24 m<\/p>\n\n\n\n<p><strong>Quest\u00e3o 34:&nbsp;<\/strong>A tabela a seguir mostra o desempenho de um grupo\u2026<br \/><strong><em>Resposta:&nbsp;<\/em><\/strong>B \u2013 16<\/p>\n\n\n\n<p><strong>Quest\u00e3o 35:&nbsp;<\/strong>Uma doceira comprou 16 latas iguais de leite condensado\u2026<br \/><strong><em>Resposta:<\/em><\/strong>&nbsp;D \u2013 4 latas a mais<\/p>\n\n\n\n<p><strong>Quest\u00e3o 36:&nbsp;<\/strong>Segundo a Lei Estadual n\u00ba 10.261\/1968, o funcion\u00e1rio p\u00fablico\u2026<br \/><strong><em>Resposta:<\/em><\/strong>&nbsp;A \u2013 residir no local onde exerce o cargo ou onde autorizado<\/p>\n\n\n\n<p><strong>Quest\u00e3o 37:&nbsp;<\/strong>Nos termos da Lei Estadual n\u00ba 10.261\/1968, ao funcion\u00e1rio p\u00fablico\u2026<br \/><strong><em>Resposta:&nbsp;<\/em><\/strong>A \u2013 constituir-se procurador de partes ou servir de (\u2026)<\/p>\n\n\n\n<p><strong>Quest\u00e3o 38:&nbsp;<\/strong>Considerando o que prev\u00ea a Lei Estadual n\u00ba 10.261\/1968, assinale a alternativa\u2026<br \/><strong><em>Resposta:&nbsp;<\/em><\/strong>C \u2013 exercer fun\u00e7\u00e3o de confian\u00e7a e livre escolha, sob as ordens&nbsp;(\u2026)<\/p>\n\n\n\n<p><strong>Quest\u00e3o 39:&nbsp;<\/strong>Assinale a alternativa correta sobre a responsabilidade\u2026<br \/><strong><em>Resposta:&nbsp;<\/em><\/strong>D \u2013 o funcion\u00e1rio \u00e9 respons\u00e1vel por todos os preju\u00edzos que, nessa qualidade, causar&nbsp;(\u2026)<\/p>\n\n\n\n<p><strong>Quest\u00e3o 40:&nbsp;<\/strong>Sobre a responsabilidade administrativa do funcion\u00e1rio p\u00fablico estadual\u2026<br \/><strong><em>Resposta:&nbsp;<\/em><\/strong>E \u2013 o processo administrativo s\u00f3 poder\u00e1 ser sobrestado para aguardar decis\u00e3o (\u2026)<\/p>\n\n\n\n<p><strong>Quest\u00e3o 41:&nbsp;<\/strong>Observe a imagem. O cartaz foi produzido\u2026<br \/><strong><em>Resposta:&nbsp;<\/em><\/strong>E \u2013 da Revolu\u00e7\u00e3o Constitucionalista de 1932 (\u2026)<\/p>\n\n\n\n<p><strong>Quest\u00e3o 42:&nbsp;<\/strong>No in\u00edcio da guerra, Get\u00falio Vargas manteve\u2026<br \/><strong><em>Resposta:&nbsp;<\/em><\/strong>C \u2013 se declarou guerra ao Eixo e houve e envio da For\u00e7a&nbsp;(\u2026)<\/p>\n\n\n\n<p><strong>Quest\u00e3o 43:&nbsp;<\/strong>Leia o texto. A como\u00e7\u00e3o pela not\u00edcia do Plano Cohan e o consequente medo\u2026<br \/><strong><em>Resposta:&nbsp;<\/em><\/strong>A \u2013 suspendeu as liberdades individuais&nbsp;(\u2026)<\/p>\n\n\n\n<p><strong>Quest\u00e3o 44:&nbsp;<\/strong>Os n\u00fameros variam, mas uma coisa \u00e9 certa\u2026<br \/><strong><em>Resposta:&nbsp;<\/em><\/strong>E \u2013 que fez parte da campanha Diretas-J\u00e1<\/p>\n\n\n\n<p><strong>Quest\u00e3o 45:&nbsp;<\/strong>Leia o texto. Em 1989, depois de una acirrada campanha, Fernando Collor\u2026<br \/><strong><em>Resposta:<\/em><\/strong>&nbsp;D \u2013 foi acusado de corrup\u00e7\u00e3o e sofreu um processo de afastamento do cargo (\u2026)<\/p>\n\n\n\n<p><strong>Quest\u00e3o 46:&nbsp;<\/strong>Observe a paisagem para responder \u00e0 quest\u00e3o\u2026<br \/><strong><em>Resposta:<\/em><\/strong>&nbsp;A \u2013 das caatingas<\/p>\n\n\n\n<p><strong>Quest\u00e3o 47:&nbsp;<\/strong>Segundos dados do Instituto Brasileiro de Geografia e Estat\u00edstica\u2026<br \/><strong><em>Resposta:&nbsp;<\/em><\/strong>C \u2013 a forte concentra\u00e7\u00e3o, principalmente no litoral (\u2026)<\/p>\n\n\n\n<p><strong>Quest\u00e3o 48:&nbsp;<\/strong>Leia os textos sobre dois importantes cultivos brasileiros\u2026<br \/><strong><em>Resposta:&nbsp;<\/em><\/strong>A \u2013 soja e cana-de-a\u00e7ucar<\/p>\n\n\n\n<p><strong>Quest\u00e3o 49:&nbsp;<\/strong>Observe o mapa para responder \u00e0 quest\u00e3o\u2026<br \/><strong><em>Resposta:&nbsp;<\/em><\/strong>B \u2013 principais concentra\u00e7\u00f5es industriais<\/p>\n\n\n\n<p><strong>Quest\u00e3o 50:&nbsp;<\/strong>Ap\u00f3s vinte anos de negocia\u00e7\u00e3o, o Mercosul e a Uni\u00e3o Europeia selaram\u2026<br \/><strong><em>Resposta:&nbsp;<\/em><\/strong>E \u2013 \u00e9 formado por pa\u00edses vizinhos entre os quais (\u2026)<\/p>\n\n\n\n<p><strong>Quest\u00e3o 51:&nbsp;<\/strong>Um usu\u00e1rio do Microsoft Windows 7, em sua configura\u00e7\u00e3o padr\u00e3o\u2026<br \/><strong><em>Resposta:&nbsp;<\/em><\/strong>B \u2013 mostrada a \u00c1rea de Trabalho (\u2026)<\/p>\n\n\n\n<p><strong>Quest\u00e3o 52:&nbsp;<\/strong>O programa que integra os Assess\u00f3rios do MS-Windows 7\u2026<br \/><strong><em>Resposta:&nbsp;<\/em><\/strong>D \u2013 Windows Explorer&nbsp;<\/p>\n\n\n\n<p><strong>Quest\u00e3o 53:&nbsp;<\/strong>Um funcion\u00e1rio est\u00e1 utilizando o programa Microsoft Word 2010, em sua configura\u00e7\u00e3o padr\u00e3o\u2026<br \/><strong><em>Resposta:&nbsp;<\/em><\/strong>C \u2013 ENTER<\/p>\n\n\n\n<p><strong>Quest\u00e3o 54:&nbsp;<\/strong>Os \u00edcones da figura est\u00e3o dispon\u00edveis na guia inserir\u2026<br \/><strong><em>Resposta:&nbsp;<\/em><\/strong>A \u2013 cabe\u00e7alho e rodap\u00e9<\/p>\n\n\n\n<p><strong>Quest\u00e3o 55:&nbsp;<\/strong>Um usu\u00e1rio est\u00e1 utilizando o programa MS Excel 2010\u2026<br \/><strong><em>Resposta:<\/em><\/strong>&nbsp;D \u2013 15<\/p>\n\n\n\n<p><strong>Quest\u00e3o 56:&nbsp;<\/strong>As c\u00e9lulas de uma planilha que est\u00e1 sendo editada com o programa Microsoft Excel 2010\u2026<br \/><strong><em>Resposta:<\/em><\/strong>&nbsp;B \u2013 47<\/p>\n\n\n\n<p><strong>Quest\u00e3o 57:&nbsp;<\/strong>Um usu\u00e1rio do programa Microsoft PowerPoint 2010, em sua configura\u00e7\u00e3o padr\u00e3o\u2026<br \/><strong><em>Resposta:&nbsp;<\/em><\/strong>E \u2013 dividir e descobrir<\/p>\n\n\n\n<p><strong>Quest\u00e3o 58:&nbsp;<\/strong>No programa Microsoft PowerPoint 2010\u2026<br \/><strong><em>Resposta:&nbsp;<\/em><\/strong>A \u2013 .wmv<\/p>\n\n\n\n<p><strong>Quest\u00e3o 59:&nbsp;<\/strong>Um programa cliente de e-mail permite\u2026<br \/><strong><em>Resposta:&nbsp;<\/em><\/strong>B \u2013 Microsoft Outlook&nbsp;<\/p>\n\n\n\n<p><strong>Quest\u00e3o 60:&nbsp;<\/strong>Quando um usu\u00e1rio est\u00e1 utilizando um browser para navegar pelas p\u00e1ginas\u2026<br \/><strong><em>Resposta:&nbsp;<\/em><\/strong>B \u2013 receba uma mensagem indicando que houve um erro<\/p>\n\n\n\n<hr class=\"wp-block-separator\"\/>\n\n\n\n<p style=\"text-align:center\" class=\"has-medium-font-size\"><em><strong>Fique por dentro de todos os concursos<\/strong><\/em><\/p>\n\n\n\n<p style=\"font-size:22px;text-align:center\" class=\"has-background has-pale-cyan-blue-background-color\"><a rel=\"noreferrer noopener\" href=\"https:\/\/www.estrategiaconcursos.com.br\/blog\/concursos-abertos\/\" target=\"_blank\"><strong>Concursos abertos<\/strong><\/a><\/p>\n\n\n\n<p style=\"font-size:22px;text-align:center\" class=\"has-background has-pale-cyan-blue-background-color\"><a rel=\"noreferrer noopener\" href=\"https:\/\/www.estrategiaconcursos.com.br\/blog\/concursos-2019\/\" target=\"_blank\"><strong>Concursos 2019<\/strong><\/a><\/p>\n\n\n\n<p style=\"font-size:22px;text-align:center\" class=\"has-background has-pale-cyan-blue-background-color\"><a rel=\"noreferrer noopener\" href=\"https:\/\/www.estrategiaconcursos.com.br\/blog\/concursos-2020\/\" target=\"_blank\"><strong>Concursos 2020<\/strong><\/a><\/p>\n","protected":false},"excerpt":{"rendered":"<p>Acontece neste domingo, 17 de novembro, no per\u00edodo das 14h \u00e0s 17h30, a prova do concurso do Minist\u00e9rio P\u00fablico de S\u00e3o Paulo para o cargo de Auxiliar de Promotoria I, na especialidade Administrativa. A Prova Objetiva ser\u00e1 composta por 60 quest\u00f5es de m\u00faltipla escolha, distribu\u00edda da seguinte maneira: L\u00edngua Portuguesa \u2013 20 quest\u00f5es Matem\u00e1tica \u2013 [&hellip;]<\/p>\n","protected":false},"author":1,"featured_media":448174,"comment_status":"open","ping_status":"closed","sticky":false,"template":"","format":"standard","meta":{"post_tipo":"news","footnotes":""},"categories":[1,2185],"tags":[],"tax_estado":[],"class_list":["post-447732","post","type-post","status-publish","format-standard","has-post-thumbnail","hentry","category-cursos-e-concursos","category-carreiras-juridicas"],"acf":[],"yoast_head":"<!-- This site is optimized with the Yoast SEO Premium plugin v27.2 (Yoast SEO v27.2) - https:\/\/yoast.com\/product\/yoast-seo-premium-wordpress\/ -->\n<title>Gabarito MP SP Extraoficial: acompanhe nossa corre\u00e7\u00e3o ao vivo<\/title>\n<meta name=\"robots\" content=\"index, follow, max-snippet:-1, max-image-preview:large, max-video-preview:-1\" \/>\n<link rel=\"canonical\" href=\"https:\/\/www.estrategiaconcursos.com.br\/blog\/gabarito-mp-sp-extraoficial\/\" \/>\n<meta property=\"og:locale\" content=\"pt_BR\" \/>\n<meta property=\"og:type\" content=\"article\" \/>\n<meta property=\"og:title\" content=\"Gabarito MP SP Extraoficial: acompanhe nossa corre\u00e7\u00e3o ao vivo\" \/>\n<meta property=\"og:description\" content=\"Acontece neste domingo, 17 de novembro, no per\u00edodo das 14h \u00e0s 17h30, a prova do concurso do Minist\u00e9rio P\u00fablico de S\u00e3o Paulo para o cargo de Auxiliar de Promotoria I, na especialidade Administrativa. A Prova Objetiva ser\u00e1 composta por 60 quest\u00f5es de m\u00faltipla escolha, distribu\u00edda da seguinte maneira: L\u00edngua Portuguesa \u2013 20 quest\u00f5es Matem\u00e1tica \u2013 [&hellip;]\" \/>\n<meta property=\"og:url\" content=\"https:\/\/www.estrategiaconcursos.com.br\/blog\/gabarito-mp-sp-extraoficial\/\" \/>\n<meta property=\"og:site_name\" content=\"Estrat\u00e9gia Concursos\" \/>\n<meta property=\"article:author\" content=\"https:\/\/www.facebook.com\/EstrategiaConcursos\" \/>\n<meta property=\"article:published_time\" content=\"2019-11-17T21:40:05+00:00\" \/>\n<meta property=\"article:modified_time\" content=\"2019-12-04T17:09:41+00:00\" \/>\n<meta property=\"og:image\" content=\"https:\/\/dhg1h5j42swfq.cloudfront.net\/2019\/11\/14174859\/YTB_MP-SP.jpg\" \/>\n\t<meta property=\"og:image:width\" content=\"1200\" \/>\n\t<meta property=\"og:image:height\" content=\"675\" \/>\n\t<meta property=\"og:image:type\" content=\"image\/jpeg\" \/>\n<meta name=\"author\" content=\"Coordena\u00e7\u00e3o\" \/>\n<meta name=\"twitter:card\" content=\"summary_large_image\" \/>\n<meta name=\"twitter:creator\" content=\"@EstratConcursos\" \/>\n<meta name=\"twitter:site\" content=\"@EstratConcursos\" \/>\n<meta name=\"twitter:label1\" content=\"Escrito por\" \/>\n\t<meta name=\"twitter:data1\" content=\"Coordena\u00e7\u00e3o\" \/>\n\t<meta name=\"twitter:label2\" content=\"Est. tempo de leitura\" \/>\n\t<meta name=\"twitter:data2\" content=\"8 minutos\" \/>\n<script type=\"application\/ld+json\" class=\"yoast-schema-graph\">{\"@context\":\"https:\/\/schema.org\",\"@graph\":[{\"@type\":\"NewsArticle\",\"@id\":\"https:\/\/www.estrategiaconcursos.com.br\/blog\/gabarito-mp-sp-extraoficial\/#article\",\"isPartOf\":{\"@id\":\"https:\/\/www.estrategiaconcursos.com.br\/blog\/gabarito-mp-sp-extraoficial\/\"},\"author\":{\"name\":\"Coordena\u00e7\u00e3o\",\"@id\":\"https:\/\/www.estrategiaconcursos.com.br\/blog\/#\/schema\/person\/b4a388c97673c5f483d72185668afa1f\"},\"headline\":\"Gabarito MP SP Extraoficial: acompanhe nossa corre\u00e7\u00e3o ao vivo\",\"datePublished\":\"2019-11-17T21:40:05+00:00\",\"dateModified\":\"2019-12-04T17:09:41+00:00\",\"mainEntityOfPage\":{\"@id\":\"https:\/\/www.estrategiaconcursos.com.br\/blog\/gabarito-mp-sp-extraoficial\/\"},\"wordCount\":1536,\"commentCount\":8,\"publisher\":{\"@id\":\"https:\/\/www.estrategiaconcursos.com.br\/blog\/#organization\"},\"image\":{\"@id\":\"https:\/\/www.estrategiaconcursos.com.br\/blog\/gabarito-mp-sp-extraoficial\/#primaryimage\"},\"thumbnailUrl\":\"https:\/\/dhg1h5j42swfq.cloudfront.net\/2019\/11\/14174859\/YTB_MP-SP.jpg\",\"articleSection\":[\"Concursos P\u00fablicos\",\"Jur\u00eddico\"],\"inLanguage\":\"pt-BR\",\"potentialAction\":[{\"@type\":\"CommentAction\",\"name\":\"Comment\",\"target\":[\"https:\/\/www.estrategiaconcursos.com.br\/blog\/gabarito-mp-sp-extraoficial\/#respond\"]}],\"copyrightYear\":\"2019\",\"copyrightHolder\":{\"@id\":\"https:\/\/www.estrategiaconcursos.com.br\/blog\/#organization\"}},{\"@type\":\"WebPage\",\"@id\":\"https:\/\/www.estrategiaconcursos.com.br\/blog\/gabarito-mp-sp-extraoficial\/\",\"url\":\"https:\/\/www.estrategiaconcursos.com.br\/blog\/gabarito-mp-sp-extraoficial\/\",\"name\":\"Gabarito MP SP Extraoficial: acompanhe nossa corre\u00e7\u00e3o ao vivo\",\"isPartOf\":{\"@id\":\"https:\/\/www.estrategiaconcursos.com.br\/blog\/#website\"},\"primaryImageOfPage\":{\"@id\":\"https:\/\/www.estrategiaconcursos.com.br\/blog\/gabarito-mp-sp-extraoficial\/#primaryimage\"},\"image\":{\"@id\":\"https:\/\/www.estrategiaconcursos.com.br\/blog\/gabarito-mp-sp-extraoficial\/#primaryimage\"},\"thumbnailUrl\":\"https:\/\/dhg1h5j42swfq.cloudfront.net\/2019\/11\/14174859\/YTB_MP-SP.jpg\",\"datePublished\":\"2019-11-17T21:40:05+00:00\",\"dateModified\":\"2019-12-04T17:09:41+00:00\",\"breadcrumb\":{\"@id\":\"https:\/\/www.estrategiaconcursos.com.br\/blog\/gabarito-mp-sp-extraoficial\/#breadcrumb\"},\"inLanguage\":\"pt-BR\",\"potentialAction\":[{\"@type\":\"ReadAction\",\"target\":[\"https:\/\/www.estrategiaconcursos.com.br\/blog\/gabarito-mp-sp-extraoficial\/\"]}]},{\"@type\":\"ImageObject\",\"inLanguage\":\"pt-BR\",\"@id\":\"https:\/\/www.estrategiaconcursos.com.br\/blog\/gabarito-mp-sp-extraoficial\/#primaryimage\",\"url\":\"https:\/\/dhg1h5j42swfq.cloudfront.net\/2019\/11\/14174859\/YTB_MP-SP.jpg\",\"contentUrl\":\"https:\/\/dhg1h5j42swfq.cloudfront.net\/2019\/11\/14174859\/YTB_MP-SP.jpg\",\"width\":1200,\"height\":675},{\"@type\":\"BreadcrumbList\",\"@id\":\"https:\/\/www.estrategiaconcursos.com.br\/blog\/gabarito-mp-sp-extraoficial\/#breadcrumb\",\"itemListElement\":[{\"@type\":\"ListItem\",\"position\":1,\"name\":\"In\u00edcio\",\"item\":\"https:\/\/www.estrategiaconcursos.com.br\/blog\/\"},{\"@type\":\"ListItem\",\"position\":2,\"name\":\"Gabarito MP SP Extraoficial: acompanhe nossa corre\u00e7\u00e3o ao vivo\"}]},{\"@type\":\"WebSite\",\"@id\":\"https:\/\/www.estrategiaconcursos.com.br\/blog\/#website\",\"url\":\"https:\/\/www.estrategiaconcursos.com.br\/blog\/\",\"name\":\"Estrat\u00e9gia Concursos\",\"description\":\"O blog da Estrat\u00e9gia Concursos traz not\u00edcias sobre concursos e artigos de professores oferecendo cursos para concursos (pdf + videaulas) no site.\",\"publisher\":{\"@id\":\"https:\/\/www.estrategiaconcursos.com.br\/blog\/#organization\"},\"potentialAction\":[{\"@type\":\"SearchAction\",\"target\":{\"@type\":\"EntryPoint\",\"urlTemplate\":\"https:\/\/www.estrategiaconcursos.com.br\/blog\/?s={search_term_string}\"},\"query-input\":{\"@type\":\"PropertyValueSpecification\",\"valueRequired\":true,\"valueName\":\"search_term_string\"}}],\"inLanguage\":\"pt-BR\"},{\"@type\":\"Organization\",\"@id\":\"https:\/\/www.estrategiaconcursos.com.br\/blog\/#organization\",\"name\":\"Estrat\u00e9gia Concursos\",\"url\":\"https:\/\/www.estrategiaconcursos.com.br\/blog\/\",\"logo\":{\"@type\":\"ImageObject\",\"inLanguage\":\"pt-BR\",\"@id\":\"https:\/\/www.estrategiaconcursos.com.br\/blog\/#\/schema\/logo\/image\/\",\"url\":\"https:\/\/dhg1h5j42swfq.cloudfront.net\/2025\/06\/03203428\/logo_concursos-1.jpg\",\"contentUrl\":\"https:\/\/dhg1h5j42swfq.cloudfront.net\/2025\/06\/03203428\/logo_concursos-1.jpg\",\"width\":230,\"height\":60,\"caption\":\"Estrat\u00e9gia Concursos\"},\"image\":{\"@id\":\"https:\/\/www.estrategiaconcursos.com.br\/blog\/#\/schema\/logo\/image\/\"},\"sameAs\":[\"https:\/\/x.com\/EstratConcursos\"]},{\"@type\":\"Person\",\"@id\":\"https:\/\/www.estrategiaconcursos.com.br\/blog\/#\/schema\/person\/b4a388c97673c5f483d72185668afa1f\",\"name\":\"Coordena\u00e7\u00e3o\",\"image\":{\"@type\":\"ImageObject\",\"inLanguage\":\"pt-BR\",\"@id\":\"https:\/\/secure.gravatar.com\/avatar\/b720319e4c9a967eb58678d110f4fe35452fc5d5f97b202bac7b8acceb18c6ad?s=96&d=mm&r=g\",\"url\":\"https:\/\/secure.gravatar.com\/avatar\/b720319e4c9a967eb58678d110f4fe35452fc5d5f97b202bac7b8acceb18c6ad?s=96&d=mm&r=g\",\"contentUrl\":\"https:\/\/secure.gravatar.com\/avatar\/b720319e4c9a967eb58678d110f4fe35452fc5d5f97b202bac7b8acceb18c6ad?s=96&d=mm&r=g\",\"caption\":\"Coordena\u00e7\u00e3o\"},\"sameAs\":[\"https:\/\/www.facebook.com\/EstrategiaConcursos\",\"https:\/\/x.com\/EstratConcursos\"],\"url\":\"https:\/\/www.estrategiaconcursos.com.br\/blog\/author\/estrategia2013\/\"}]}<\/script>\n<!-- \/ Yoast SEO Premium plugin. -->","yoast_head_json":{"title":"Gabarito MP SP Extraoficial: acompanhe nossa corre\u00e7\u00e3o ao vivo","robots":{"index":"index","follow":"follow","max-snippet":"max-snippet:-1","max-image-preview":"max-image-preview:large","max-video-preview":"max-video-preview:-1"},"canonical":"https:\/\/www.estrategiaconcursos.com.br\/blog\/gabarito-mp-sp-extraoficial\/","og_locale":"pt_BR","og_type":"article","og_title":"Gabarito MP SP Extraoficial: acompanhe nossa corre\u00e7\u00e3o ao vivo","og_description":"Acontece neste domingo, 17 de novembro, no per\u00edodo das 14h \u00e0s 17h30, a prova do concurso do Minist\u00e9rio P\u00fablico de S\u00e3o Paulo para o cargo de Auxiliar de Promotoria I, na especialidade Administrativa. A Prova Objetiva ser\u00e1 composta por 60 quest\u00f5es de m\u00faltipla escolha, distribu\u00edda da seguinte maneira: L\u00edngua Portuguesa \u2013 20 quest\u00f5es Matem\u00e1tica \u2013 [&hellip;]","og_url":"https:\/\/www.estrategiaconcursos.com.br\/blog\/gabarito-mp-sp-extraoficial\/","og_site_name":"Estrat\u00e9gia Concursos","article_author":"https:\/\/www.facebook.com\/EstrategiaConcursos","article_published_time":"2019-11-17T21:40:05+00:00","article_modified_time":"2019-12-04T17:09:41+00:00","og_image":[{"width":1200,"height":675,"url":"https:\/\/dhg1h5j42swfq.cloudfront.net\/2019\/11\/14174859\/YTB_MP-SP.jpg","type":"image\/jpeg"}],"author":"Coordena\u00e7\u00e3o","twitter_card":"summary_large_image","twitter_creator":"@EstratConcursos","twitter_site":"@EstratConcursos","twitter_misc":{"Escrito por":"Coordena\u00e7\u00e3o","Est. tempo de leitura":"8 minutos"},"schema":{"@context":"https:\/\/schema.org","@graph":[{"@type":"NewsArticle","@id":"https:\/\/www.estrategiaconcursos.com.br\/blog\/gabarito-mp-sp-extraoficial\/#article","isPartOf":{"@id":"https:\/\/www.estrategiaconcursos.com.br\/blog\/gabarito-mp-sp-extraoficial\/"},"author":{"name":"Coordena\u00e7\u00e3o","@id":"https:\/\/www.estrategiaconcursos.com.br\/blog\/#\/schema\/person\/b4a388c97673c5f483d72185668afa1f"},"headline":"Gabarito MP SP Extraoficial: acompanhe nossa corre\u00e7\u00e3o ao vivo","datePublished":"2019-11-17T21:40:05+00:00","dateModified":"2019-12-04T17:09:41+00:00","mainEntityOfPage":{"@id":"https:\/\/www.estrategiaconcursos.com.br\/blog\/gabarito-mp-sp-extraoficial\/"},"wordCount":1536,"commentCount":8,"publisher":{"@id":"https:\/\/www.estrategiaconcursos.com.br\/blog\/#organization"},"image":{"@id":"https:\/\/www.estrategiaconcursos.com.br\/blog\/gabarito-mp-sp-extraoficial\/#primaryimage"},"thumbnailUrl":"https:\/\/dhg1h5j42swfq.cloudfront.net\/2019\/11\/14174859\/YTB_MP-SP.jpg","articleSection":["Concursos P\u00fablicos","Jur\u00eddico"],"inLanguage":"pt-BR","potentialAction":[{"@type":"CommentAction","name":"Comment","target":["https:\/\/www.estrategiaconcursos.com.br\/blog\/gabarito-mp-sp-extraoficial\/#respond"]}],"copyrightYear":"2019","copyrightHolder":{"@id":"https:\/\/www.estrategiaconcursos.com.br\/blog\/#organization"}},{"@type":"WebPage","@id":"https:\/\/www.estrategiaconcursos.com.br\/blog\/gabarito-mp-sp-extraoficial\/","url":"https:\/\/www.estrategiaconcursos.com.br\/blog\/gabarito-mp-sp-extraoficial\/","name":"Gabarito MP SP Extraoficial: acompanhe nossa corre\u00e7\u00e3o ao vivo","isPartOf":{"@id":"https:\/\/www.estrategiaconcursos.com.br\/blog\/#website"},"primaryImageOfPage":{"@id":"https:\/\/www.estrategiaconcursos.com.br\/blog\/gabarito-mp-sp-extraoficial\/#primaryimage"},"image":{"@id":"https:\/\/www.estrategiaconcursos.com.br\/blog\/gabarito-mp-sp-extraoficial\/#primaryimage"},"thumbnailUrl":"https:\/\/dhg1h5j42swfq.cloudfront.net\/2019\/11\/14174859\/YTB_MP-SP.jpg","datePublished":"2019-11-17T21:40:05+00:00","dateModified":"2019-12-04T17:09:41+00:00","breadcrumb":{"@id":"https:\/\/www.estrategiaconcursos.com.br\/blog\/gabarito-mp-sp-extraoficial\/#breadcrumb"},"inLanguage":"pt-BR","potentialAction":[{"@type":"ReadAction","target":["https:\/\/www.estrategiaconcursos.com.br\/blog\/gabarito-mp-sp-extraoficial\/"]}]},{"@type":"ImageObject","inLanguage":"pt-BR","@id":"https:\/\/www.estrategiaconcursos.com.br\/blog\/gabarito-mp-sp-extraoficial\/#primaryimage","url":"https:\/\/dhg1h5j42swfq.cloudfront.net\/2019\/11\/14174859\/YTB_MP-SP.jpg","contentUrl":"https:\/\/dhg1h5j42swfq.cloudfront.net\/2019\/11\/14174859\/YTB_MP-SP.jpg","width":1200,"height":675},{"@type":"BreadcrumbList","@id":"https:\/\/www.estrategiaconcursos.com.br\/blog\/gabarito-mp-sp-extraoficial\/#breadcrumb","itemListElement":[{"@type":"ListItem","position":1,"name":"In\u00edcio","item":"https:\/\/www.estrategiaconcursos.com.br\/blog\/"},{"@type":"ListItem","position":2,"name":"Gabarito MP SP Extraoficial: acompanhe nossa corre\u00e7\u00e3o ao vivo"}]},{"@type":"WebSite","@id":"https:\/\/www.estrategiaconcursos.com.br\/blog\/#website","url":"https:\/\/www.estrategiaconcursos.com.br\/blog\/","name":"Estrat\u00e9gia Concursos","description":"O blog da Estrat\u00e9gia Concursos traz not\u00edcias sobre concursos e artigos de professores oferecendo cursos para concursos (pdf + videaulas) no site.","publisher":{"@id":"https:\/\/www.estrategiaconcursos.com.br\/blog\/#organization"},"potentialAction":[{"@type":"SearchAction","target":{"@type":"EntryPoint","urlTemplate":"https:\/\/www.estrategiaconcursos.com.br\/blog\/?s={search_term_string}"},"query-input":{"@type":"PropertyValueSpecification","valueRequired":true,"valueName":"search_term_string"}}],"inLanguage":"pt-BR"},{"@type":"Organization","@id":"https:\/\/www.estrategiaconcursos.com.br\/blog\/#organization","name":"Estrat\u00e9gia Concursos","url":"https:\/\/www.estrategiaconcursos.com.br\/blog\/","logo":{"@type":"ImageObject","inLanguage":"pt-BR","@id":"https:\/\/www.estrategiaconcursos.com.br\/blog\/#\/schema\/logo\/image\/","url":"https:\/\/dhg1h5j42swfq.cloudfront.net\/2025\/06\/03203428\/logo_concursos-1.jpg","contentUrl":"https:\/\/dhg1h5j42swfq.cloudfront.net\/2025\/06\/03203428\/logo_concursos-1.jpg","width":230,"height":60,"caption":"Estrat\u00e9gia Concursos"},"image":{"@id":"https:\/\/www.estrategiaconcursos.com.br\/blog\/#\/schema\/logo\/image\/"},"sameAs":["https:\/\/x.com\/EstratConcursos"]},{"@type":"Person","@id":"https:\/\/www.estrategiaconcursos.com.br\/blog\/#\/schema\/person\/b4a388c97673c5f483d72185668afa1f","name":"Coordena\u00e7\u00e3o","image":{"@type":"ImageObject","inLanguage":"pt-BR","@id":"https:\/\/secure.gravatar.com\/avatar\/b720319e4c9a967eb58678d110f4fe35452fc5d5f97b202bac7b8acceb18c6ad?s=96&d=mm&r=g","url":"https:\/\/secure.gravatar.com\/avatar\/b720319e4c9a967eb58678d110f4fe35452fc5d5f97b202bac7b8acceb18c6ad?s=96&d=mm&r=g","contentUrl":"https:\/\/secure.gravatar.com\/avatar\/b720319e4c9a967eb58678d110f4fe35452fc5d5f97b202bac7b8acceb18c6ad?s=96&d=mm&r=g","caption":"Coordena\u00e7\u00e3o"},"sameAs":["https:\/\/www.facebook.com\/EstrategiaConcursos","https:\/\/x.com\/EstratConcursos"],"url":"https:\/\/www.estrategiaconcursos.com.br\/blog\/author\/estrategia2013\/"}]}},"_links":{"self":[{"href":"https:\/\/www.estrategiaconcursos.com.br\/blog\/wp-json\/wp\/v2\/posts\/447732","targetHints":{"allow":["GET"]}}],"collection":[{"href":"https:\/\/www.estrategiaconcursos.com.br\/blog\/wp-json\/wp\/v2\/posts"}],"about":[{"href":"https:\/\/www.estrategiaconcursos.com.br\/blog\/wp-json\/wp\/v2\/types\/post"}],"author":[{"embeddable":true,"href":"https:\/\/www.estrategiaconcursos.com.br\/blog\/wp-json\/wp\/v2\/users\/1"}],"replies":[{"embeddable":true,"href":"https:\/\/www.estrategiaconcursos.com.br\/blog\/wp-json\/wp\/v2\/comments?post=447732"}],"version-history":[{"count":18,"href":"https:\/\/www.estrategiaconcursos.com.br\/blog\/wp-json\/wp\/v2\/posts\/447732\/revisions"}],"predecessor-version":[{"id":455616,"href":"https:\/\/www.estrategiaconcursos.com.br\/blog\/wp-json\/wp\/v2\/posts\/447732\/revisions\/455616"}],"wp:featuredmedia":[{"embeddable":true,"href":"https:\/\/www.estrategiaconcursos.com.br\/blog\/wp-json\/wp\/v2\/media\/448174"}],"wp:attachment":[{"href":"https:\/\/www.estrategiaconcursos.com.br\/blog\/wp-json\/wp\/v2\/media?parent=447732"}],"wp:term":[{"taxonomy":"category","embeddable":true,"href":"https:\/\/www.estrategiaconcursos.com.br\/blog\/wp-json\/wp\/v2\/categories?post=447732"},{"taxonomy":"post_tag","embeddable":true,"href":"https:\/\/www.estrategiaconcursos.com.br\/blog\/wp-json\/wp\/v2\/tags?post=447732"},{"taxonomy":"tax_estado","embeddable":true,"href":"https:\/\/www.estrategiaconcursos.com.br\/blog\/wp-json\/wp\/v2\/tax_estado?post=447732"}],"curies":[{"name":"wp","href":"https:\/\/api.w.org\/{rel}","templated":true}]}}