{"id":447277,"date":"2019-11-13T14:00:35","date_gmt":"2019-11-13T17:00:35","guid":{"rendered":"https:\/\/www.estrategiaconcursos.com.br\/blog\/?p=447277"},"modified":"2019-11-13T11:09:53","modified_gmt":"2019-11-13T14:09:53","slug":"edital-estrategico-feira-de-santana","status":"publish","type":"post","link":"https:\/\/www.estrategiaconcursos.com.br\/blog\/edital-estrategico-feira-de-santana\/","title":{"rendered":"Edital Estrat\u00e9gico Feira de Santana: baixe gr\u00e1tis e reforce seus estudos"},"content":{"rendered":"\n<p>Foi publicado o edital do <strong>Processo Seletivo<\/strong> para preenchimento de vagas, sob o Regime Especial de Direito Administrativo (REDA), destinadas \u00e0&nbsp;Secretaria Municipal de Desenvolvimento Social&nbsp;e atividades do&nbsp;Sistema \u00danico de Assist\u00eancia Social&nbsp;do <strong>Munic\u00edpio de Feira de Santana<\/strong>, na Bahia.<\/p>\n\n\n\n<p>Ao todo, s\u00e3o ofertadas&nbsp;<strong>1.266 vagas<\/strong>, sendo 211 para provimento imediato e 1.055 para cadastro reserva. As oportunidades s\u00e3o para todos os n\u00edveis de escolaridade: fundamental, m\u00e9dio e superior.<\/p>\n\n\n\n<p>Aqueles que pretendem participar da sele\u00e7\u00e3o, devem acessar o site do\u00a0Instituto Bahia <strong>at\u00e9 o dia 20 de novembro<\/strong>, al\u00e9m de pagar uma taxa no valor de R$ 30 ou R$ 40, a depender do cargo. As <em>provas <\/em>est\u00e3o previstas para acontecer no dia <strong>22 de dezembro<\/strong>.<\/p>\n\n\n\n<h2 class=\"wp-block-heading\">Edital Estrat\u00e9gico: baixe gratuitamente<\/h2>\n\n\n\n<p>Para ajudar a refor\u00e7ar sua prepara\u00e7\u00e3o, a equipe de professores do Estrat\u00e9gia Concursos desenvolveu o&nbsp;<strong>Edital Estrat\u00e9gico<\/strong>. Nada mais \u00e9 do que planilhas personalizadas, focadas no edital do concurso, com recursos para ajud\u00e1-los no registro das diferentes tarefas de estudo: teoria, revis\u00e3o e exerc\u00edcios.<\/p>\n\n\n\n<p>O registro de cada tarefa ser\u00e1 feito para cada assunto exigido no conte\u00fado program\u00e1tico do edital. No caso dos Editais Estrat\u00e9gicos de concursos que n\u00e3o est\u00e3o com \u201c<em>edital na pra\u00e7a<\/em>\u201d (ou seja, com inscri\u00e7\u00f5es abertas). A divis\u00e3o dos assuntos ser\u00e1 feita com base no edital.<\/p>\n\n\n\n<p>A partir das informa\u00e7\u00f5es preenchidas pelo aluno, uma \u201caba\u201d do Edital Estrat\u00e9gico ir\u00e1 demonstrar a progress\u00e3o em cada tarefa e assunto. A edi\u00e7\u00e3o poder\u00e1 ser realizada apenas na 3\u00aa aba, relativa ao preenchimento do progresso nas disciplinas. Caso voc\u00ea queira fazer outras modifica\u00e7\u00f5es no arquivo, \u00e9 s\u00f3 usar a&nbsp;senha \u201cadmin\u201d&nbsp;na op\u00e7\u00e3o&nbsp;<em><strong>desproteger<\/strong><\/em>&nbsp;planilha do Excel.<\/p>\n\n\n\n<p>Dando um espa\u00e7o para o Edital Estrat\u00e9gico entrar em sua rotina de estudos, ser\u00e1 poss\u00edvel acompanhar seu desempenho atrav\u00e9s de gr\u00e1ficos, garantindo uma vis\u00e3o completa das mat\u00e9rias que necessitam de mais revis\u00f5es.<\/p>\n\n\n\n<p style=\"font-size:22px;text-align:center\" class=\"has-background has-very-light-gray-background-color\"><strong><a href=\"https:\/\/drive.google.com\/open?id=1GcTrTbMO2hURHKiBsRW-VX-YOMMqroDf\" target=\"_blank\" rel=\"noreferrer noopener\" aria-label=\"Agente Administrativo (abre numa nova aba)\">Agente Administrativo<\/a><\/strong><\/p>\n\n\n\n<p style=\"font-size:22px;text-align:center\" class=\"has-background has-very-light-gray-background-color\"><strong><a href=\"https:\/\/drive.google.com\/open?id=1BF4jOegLFqZgHowDEUYHDMTJesifdpnY\" target=\"_blank\" rel=\"noreferrer noopener\" aria-label=\"T\u00e9cnico de N\u00edvel Superior - Administrador (abre numa nova aba)\">T\u00e9cnico de N\u00edvel Superior &#8211; Administrador<\/a><\/strong><\/p>\n\n\n\n<p style=\"font-size:22px;text-align:center\" class=\"has-background has-very-light-gray-background-color\"><strong><a href=\"https:\/\/drive.google.com\/open?id=1-BGobNtmjXDyfhKTFzYcj8hz1DP_OtYG\" target=\"_blank\" rel=\"noreferrer noopener\" aria-label=\"T\u00e9cnico de N\u00edvel Superior - Contabilidade (abre numa nova aba)\">T\u00e9cnico de N\u00edvel Superior &#8211; Contabilidade<\/a><\/strong><\/p>\n\n\n\n<p style=\"font-size:22px;text-align:center\" class=\"has-background has-very-light-gray-background-color\"><strong><a href=\"https:\/\/drive.google.com\/open?id=1hB-a2a5P3BpFWxmxBzkluGL6PttIo9GL\" target=\"_blank\" rel=\"noreferrer noopener\" aria-label=\"T\u00e9cnico de N\u00edvel Superior - Economia (abre numa nova aba)\">T\u00e9cnico de N\u00edvel Superior &#8211; Economia<\/a><\/strong><\/p>\n\n\n\n<p><strong>IMPORTANTE<\/strong>: Ao clicar no link acima, ser\u00e1 aberta uma janela do Google Drive que tentar\u00e1 carregar a visualiza\u00e7\u00e3o da planilha no seu navegador. N\u00e3o h\u00e1 necessidade de esperar essa visualiza\u00e7\u00e3o (talvez at\u00e9 nem carregue, j\u00e1 que os arquivos s\u00e3o pesados).<\/p>\n\n\n\n<p>Fa\u00e7a o download clicando na seta para baixo no canto superior direito da janela do Google Drive que vai ser aberta ao clicar nos links acima.<\/p>\n\n\n\n<p>Todos os arquivos foram testados em diferentes computadores e celulares e est\u00e3o ok. Talvez alguma incompatibilidade (ou mensagem de erro, como \u201carquivo inv\u00e1lido\u201d) ocorra em virtude do seu pr\u00f3prio computador ou do tamanho dos arquivos que possuem mais conte\u00fado.<\/p>\n\n\n\n<p style=\"font-size:22px;text-align:center\" class=\"has-background has-very-light-gray-background-color\"><strong>Saiba mais:&nbsp;<a href=\"https:\/\/www.estrategiaconcursos.com.br\/blog\/concurso-feira-de-santana\/\" target=\"_blank\" rel=\"noreferrer noopener\" aria-label=\"Concurso Feira de Santana (abre numa nova aba)\">Concurso Feira de Santana<\/a><\/strong><\/p>\n\n\n\n<hr class=\"wp-block-separator\"\/>\n\n\n\n<figure class=\"wp-block-image\"><a href=\"https:\/\/www.estrategiaconcursos.com.br\/gratis\/mbf-2\" target=\"_blank\" rel=\"noreferrer noopener\"><img loading=\"lazy\" decoding=\"async\" width=\"1280\" height=\"320\" src=\"https:\/\/dhg1h5j42swfq.cloudfront.net\/2019\/11\/04100759\/WhatsApp-Image-2019-11-04-at-09.27.20.jpeg\" alt=\"\" class=\"wp-image-443639\" srcset=\"https:\/\/dhg1h5j42swfq.cloudfront.net\/2019\/11\/04100759\/WhatsApp-Image-2019-11-04-at-09.27.20.jpeg 1280w, https:\/\/dhg1h5j42swfq.cloudfront.net\/2019\/11\/04100759\/WhatsApp-Image-2019-11-04-at-09.27.20.jpeg 300w, https:\/\/dhg1h5j42swfq.cloudfront.net\/2019\/11\/04100759\/WhatsApp-Image-2019-11-04-at-09.27.20.jpeg 768w, https:\/\/dhg1h5j42swfq.cloudfront.net\/2019\/11\/04100759\/WhatsApp-Image-2019-11-04-at-09.27.20.jpeg 1024w, https:\/\/dhg1h5j42swfq.cloudfront.net\/2019\/11\/04100759\/WhatsApp-Image-2019-11-04-at-09.27.20.jpeg 610w\" sizes=\"auto, (max-width: 1280px) 100vw, 1280px\" \/><\/a><\/figure>\n\n\n\n<p style=\"text-align:center\" class=\"has-background has-medium-font-size has-luminous-vivid-amber-background-color\"><strong><a href=\"https:\/\/www.estrategiaconcursos.com.br\/gratis\/mbf-2\" target=\"_blank\" rel=\"noreferrer noopener\">PROMO\u00c7\u00c3O: \u00c9 MELHOR QUE BLACK FRIDAY!<\/a><\/strong><\/p>\n\n\n\n<p style=\"text-align:center\" class=\"has-medium-font-size\"><strong><em>Fique por dentro de todos os concursos<\/em><\/strong><\/p>\n\n\n\n<p style=\"font-size:22px;text-align:center\" class=\"has-background has-pale-cyan-blue-background-color\"><a rel=\"noreferrer noopener\" href=\"https:\/\/www.estrategiaconcursos.com.br\/blog\/concursos-abertos\/\" target=\"_blank\"><strong>CONCURSOS ABERTOS<\/strong><\/a><\/p>\n\n\n\n<p style=\"font-size:22px;text-align:center\" class=\"has-background has-pale-cyan-blue-background-color\"><a rel=\"noreferrer noopener\" href=\"https:\/\/www.estrategiaconcursos.com.br\/blog\/concursos-2019\/\" target=\"_blank\"><strong>CONCURSOS 2019<\/strong><\/a><\/p>\n\n\n\n<p style=\"font-size:22px;text-align:center\" class=\"has-background has-pale-cyan-blue-background-color\"><a rel=\"noreferrer noopener\" href=\"https:\/\/www.estrategiaconcursos.com.br\/blog\/concursos-2020\/\" target=\"_blank\"><strong>CONCURSOS&nbsp;2020<\/strong><\/a><\/p>\n","protected":false},"excerpt":{"rendered":"<p>Foi publicado o edital do Processo Seletivo para preenchimento de vagas, sob o Regime Especial de Direito Administrativo (REDA), destinadas \u00e0&nbsp;Secretaria Municipal de Desenvolvimento Social&nbsp;e atividades do&nbsp;Sistema \u00danico de Assist\u00eancia Social&nbsp;do Munic\u00edpio de Feira de Santana, na Bahia. Ao todo, s\u00e3o ofertadas&nbsp;1.266 vagas, sendo 211 para provimento imediato e 1.055 para cadastro reserva. As oportunidades [&hellip;]<\/p>\n","protected":false},"author":129,"featured_media":441305,"comment_status":"open","ping_status":"closed","sticky":false,"template":"","format":"standard","meta":{"post_tipo":"article","footnotes":""},"categories":[1],"tags":[],"tax_estado":[],"class_list":["post-447277","post","type-post","status-publish","format-standard","has-post-thumbnail","hentry","category-cursos-e-concursos"],"acf":[],"yoast_head":"<!-- This site is optimized with the Yoast SEO Premium plugin v27.2 (Yoast SEO v27.2) - https:\/\/yoast.com\/product\/yoast-seo-premium-wordpress\/ -->\n<title>Edital Estrat\u00e9gico Feira de Santana: baixe gr\u00e1tis e reforce seus estudos<\/title>\n<meta name=\"robots\" content=\"index, follow, max-snippet:-1, max-image-preview:large, max-video-preview:-1\" \/>\n<link rel=\"canonical\" href=\"https:\/\/www.estrategiaconcursos.com.br\/blog\/edital-estrategico-feira-de-santana\/\" \/>\n<meta property=\"og:locale\" content=\"pt_BR\" \/>\n<meta property=\"og:type\" content=\"article\" \/>\n<meta property=\"og:title\" content=\"Edital Estrat\u00e9gico Feira de Santana: baixe gr\u00e1tis e reforce seus estudos\" \/>\n<meta property=\"og:description\" content=\"Foi publicado o edital do Processo Seletivo para preenchimento de vagas, sob o Regime Especial de Direito Administrativo (REDA), destinadas \u00e0&nbsp;Secretaria Municipal de Desenvolvimento Social&nbsp;e atividades do&nbsp;Sistema \u00danico de Assist\u00eancia Social&nbsp;do Munic\u00edpio de Feira de Santana, na Bahia. Ao todo, s\u00e3o ofertadas&nbsp;1.266 vagas, sendo 211 para provimento imediato e 1.055 para cadastro reserva. As oportunidades [&hellip;]\" \/>\n<meta property=\"og:url\" content=\"https:\/\/www.estrategiaconcursos.com.br\/blog\/edital-estrategico-feira-de-santana\/\" \/>\n<meta property=\"og:site_name\" content=\"Estrat\u00e9gia Concursos\" \/>\n<meta property=\"article:published_time\" content=\"2019-11-13T17:00:35+00:00\" \/>\n<meta property=\"og:image\" content=\"https:\/\/dhg1h5j42swfq.cloudfront.net\/2019\/10\/29091010\/EDITAL-ESTRATE%CC%81GICO1.jpg\" \/>\n\t<meta property=\"og:image:width\" content=\"1200\" \/>\n\t<meta property=\"og:image:height\" content=\"628\" \/>\n\t<meta property=\"og:image:type\" content=\"image\/jpeg\" \/>\n<meta name=\"author\" content=\"Herbert Almeida\" \/>\n<meta name=\"twitter:card\" content=\"summary_large_image\" \/>\n<meta name=\"twitter:creator\" content=\"@EstratConcursos\" \/>\n<meta name=\"twitter:site\" content=\"@EstratConcursos\" \/>\n<meta name=\"twitter:label1\" content=\"Escrito por\" \/>\n\t<meta name=\"twitter:data1\" content=\"Herbert Almeida\" \/>\n\t<meta name=\"twitter:label2\" content=\"Est. tempo de leitura\" \/>\n\t<meta name=\"twitter:data2\" content=\"3 minutos\" \/>\n<script type=\"application\/ld+json\" class=\"yoast-schema-graph\">{\"@context\":\"https:\/\/schema.org\",\"@graph\":[{\"@type\":\"NewsArticle\",\"@id\":\"https:\/\/www.estrategiaconcursos.com.br\/blog\/edital-estrategico-feira-de-santana\/#article\",\"isPartOf\":{\"@id\":\"https:\/\/www.estrategiaconcursos.com.br\/blog\/edital-estrategico-feira-de-santana\/\"},\"author\":{\"name\":\"Herbert Almeida\",\"@id\":\"https:\/\/www.estrategiaconcursos.com.br\/blog\/#\/schema\/person\/59717c75350fa01aa0fd68a52a8d02e0\"},\"headline\":\"Edital Estrat\u00e9gico Feira de Santana: baixe gr\u00e1tis e reforce seus estudos\",\"datePublished\":\"2019-11-13T17:00:35+00:00\",\"mainEntityOfPage\":{\"@id\":\"https:\/\/www.estrategiaconcursos.com.br\/blog\/edital-estrategico-feira-de-santana\/\"},\"wordCount\":516,\"commentCount\":0,\"publisher\":{\"@id\":\"https:\/\/www.estrategiaconcursos.com.br\/blog\/#organization\"},\"image\":{\"@id\":\"https:\/\/www.estrategiaconcursos.com.br\/blog\/edital-estrategico-feira-de-santana\/#primaryimage\"},\"thumbnailUrl\":\"https:\/\/dhg1h5j42swfq.cloudfront.net\/2019\/10\/29091010\/EDITAL-ESTRATE%CC%81GICO1.jpg\",\"articleSection\":[\"Concursos P\u00fablicos\"],\"inLanguage\":\"pt-BR\",\"potentialAction\":[{\"@type\":\"CommentAction\",\"name\":\"Comment\",\"target\":[\"https:\/\/www.estrategiaconcursos.com.br\/blog\/edital-estrategico-feira-de-santana\/#respond\"]}],\"copyrightYear\":\"2019\",\"copyrightHolder\":{\"@id\":\"https:\/\/www.estrategiaconcursos.com.br\/blog\/#organization\"}},{\"@type\":\"WebPage\",\"@id\":\"https:\/\/www.estrategiaconcursos.com.br\/blog\/edital-estrategico-feira-de-santana\/\",\"url\":\"https:\/\/www.estrategiaconcursos.com.br\/blog\/edital-estrategico-feira-de-santana\/\",\"name\":\"Edital Estrat\u00e9gico Feira de Santana: baixe gr\u00e1tis e reforce seus estudos\",\"isPartOf\":{\"@id\":\"https:\/\/www.estrategiaconcursos.com.br\/blog\/#website\"},\"primaryImageOfPage\":{\"@id\":\"https:\/\/www.estrategiaconcursos.com.br\/blog\/edital-estrategico-feira-de-santana\/#primaryimage\"},\"image\":{\"@id\":\"https:\/\/www.estrategiaconcursos.com.br\/blog\/edital-estrategico-feira-de-santana\/#primaryimage\"},\"thumbnailUrl\":\"https:\/\/dhg1h5j42swfq.cloudfront.net\/2019\/10\/29091010\/EDITAL-ESTRATE%CC%81GICO1.jpg\",\"datePublished\":\"2019-11-13T17:00:35+00:00\",\"breadcrumb\":{\"@id\":\"https:\/\/www.estrategiaconcursos.com.br\/blog\/edital-estrategico-feira-de-santana\/#breadcrumb\"},\"inLanguage\":\"pt-BR\",\"potentialAction\":[{\"@type\":\"ReadAction\",\"target\":[\"https:\/\/www.estrategiaconcursos.com.br\/blog\/edital-estrategico-feira-de-santana\/\"]}]},{\"@type\":\"ImageObject\",\"inLanguage\":\"pt-BR\",\"@id\":\"https:\/\/www.estrategiaconcursos.com.br\/blog\/edital-estrategico-feira-de-santana\/#primaryimage\",\"url\":\"https:\/\/dhg1h5j42swfq.cloudfront.net\/2019\/10\/29091010\/EDITAL-ESTRATE%CC%81GICO1.jpg\",\"contentUrl\":\"https:\/\/dhg1h5j42swfq.cloudfront.net\/2019\/10\/29091010\/EDITAL-ESTRATE%CC%81GICO1.jpg\",\"width\":1200,\"height\":628},{\"@type\":\"BreadcrumbList\",\"@id\":\"https:\/\/www.estrategiaconcursos.com.br\/blog\/edital-estrategico-feira-de-santana\/#breadcrumb\",\"itemListElement\":[{\"@type\":\"ListItem\",\"position\":1,\"name\":\"In\u00edcio\",\"item\":\"https:\/\/www.estrategiaconcursos.com.br\/blog\/\"},{\"@type\":\"ListItem\",\"position\":2,\"name\":\"Edital Estrat\u00e9gico Feira de Santana: baixe gr\u00e1tis e reforce seus estudos\"}]},{\"@type\":\"WebSite\",\"@id\":\"https:\/\/www.estrategiaconcursos.com.br\/blog\/#website\",\"url\":\"https:\/\/www.estrategiaconcursos.com.br\/blog\/\",\"name\":\"Estrat\u00e9gia Concursos\",\"description\":\"O blog da Estrat\u00e9gia Concursos traz not\u00edcias sobre concursos e artigos de professores oferecendo cursos para concursos (pdf + videaulas) no site.\",\"publisher\":{\"@id\":\"https:\/\/www.estrategiaconcursos.com.br\/blog\/#organization\"},\"potentialAction\":[{\"@type\":\"SearchAction\",\"target\":{\"@type\":\"EntryPoint\",\"urlTemplate\":\"https:\/\/www.estrategiaconcursos.com.br\/blog\/?s={search_term_string}\"},\"query-input\":{\"@type\":\"PropertyValueSpecification\",\"valueRequired\":true,\"valueName\":\"search_term_string\"}}],\"inLanguage\":\"pt-BR\"},{\"@type\":\"Organization\",\"@id\":\"https:\/\/www.estrategiaconcursos.com.br\/blog\/#organization\",\"name\":\"Estrat\u00e9gia Concursos\",\"url\":\"https:\/\/www.estrategiaconcursos.com.br\/blog\/\",\"logo\":{\"@type\":\"ImageObject\",\"inLanguage\":\"pt-BR\",\"@id\":\"https:\/\/www.estrategiaconcursos.com.br\/blog\/#\/schema\/logo\/image\/\",\"url\":\"https:\/\/dhg1h5j42swfq.cloudfront.net\/2025\/06\/03203428\/logo_concursos-1.jpg\",\"contentUrl\":\"https:\/\/dhg1h5j42swfq.cloudfront.net\/2025\/06\/03203428\/logo_concursos-1.jpg\",\"width\":230,\"height\":60,\"caption\":\"Estrat\u00e9gia Concursos\"},\"image\":{\"@id\":\"https:\/\/www.estrategiaconcursos.com.br\/blog\/#\/schema\/logo\/image\/\"},\"sameAs\":[\"https:\/\/x.com\/EstratConcursos\"]},{\"@type\":\"Person\",\"@id\":\"https:\/\/www.estrategiaconcursos.com.br\/blog\/#\/schema\/person\/59717c75350fa01aa0fd68a52a8d02e0\",\"name\":\"Herbert Almeida\",\"image\":{\"@type\":\"ImageObject\",\"inLanguage\":\"pt-BR\",\"@id\":\"https:\/\/secure.gravatar.com\/avatar\/b6461a43893c24d5fc91efc433971ffec025c84c0341129f4578034d77f9a536?s=96&d=mm&r=g\",\"url\":\"https:\/\/secure.gravatar.com\/avatar\/b6461a43893c24d5fc91efc433971ffec025c84c0341129f4578034d77f9a536?s=96&d=mm&r=g\",\"contentUrl\":\"https:\/\/secure.gravatar.com\/avatar\/b6461a43893c24d5fc91efc433971ffec025c84c0341129f4578034d77f9a536?s=96&d=mm&r=g\",\"caption\":\"Herbert Almeida\"},\"url\":\"https:\/\/www.estrategiaconcursos.com.br\/blog\/author\/herbertestrategiaconcursos-com-br\/\"}]}<\/script>\n<!-- \/ Yoast SEO Premium plugin. -->","yoast_head_json":{"title":"Edital Estrat\u00e9gico Feira de Santana: baixe gr\u00e1tis e reforce seus estudos","robots":{"index":"index","follow":"follow","max-snippet":"max-snippet:-1","max-image-preview":"max-image-preview:large","max-video-preview":"max-video-preview:-1"},"canonical":"https:\/\/www.estrategiaconcursos.com.br\/blog\/edital-estrategico-feira-de-santana\/","og_locale":"pt_BR","og_type":"article","og_title":"Edital Estrat\u00e9gico Feira de Santana: baixe gr\u00e1tis e reforce seus estudos","og_description":"Foi publicado o edital do Processo Seletivo para preenchimento de vagas, sob o Regime Especial de Direito Administrativo (REDA), destinadas \u00e0&nbsp;Secretaria Municipal de Desenvolvimento Social&nbsp;e atividades do&nbsp;Sistema \u00danico de Assist\u00eancia Social&nbsp;do Munic\u00edpio de Feira de Santana, na Bahia. Ao todo, s\u00e3o ofertadas&nbsp;1.266 vagas, sendo 211 para provimento imediato e 1.055 para cadastro reserva. As oportunidades [&hellip;]","og_url":"https:\/\/www.estrategiaconcursos.com.br\/blog\/edital-estrategico-feira-de-santana\/","og_site_name":"Estrat\u00e9gia Concursos","article_published_time":"2019-11-13T17:00:35+00:00","og_image":[{"width":1200,"height":628,"url":"https:\/\/dhg1h5j42swfq.cloudfront.net\/2019\/10\/29091010\/EDITAL-ESTRATE%CC%81GICO1.jpg","type":"image\/jpeg"}],"author":"Herbert Almeida","twitter_card":"summary_large_image","twitter_creator":"@EstratConcursos","twitter_site":"@EstratConcursos","twitter_misc":{"Escrito por":"Herbert Almeida","Est. tempo de leitura":"3 minutos"},"schema":{"@context":"https:\/\/schema.org","@graph":[{"@type":"NewsArticle","@id":"https:\/\/www.estrategiaconcursos.com.br\/blog\/edital-estrategico-feira-de-santana\/#article","isPartOf":{"@id":"https:\/\/www.estrategiaconcursos.com.br\/blog\/edital-estrategico-feira-de-santana\/"},"author":{"name":"Herbert Almeida","@id":"https:\/\/www.estrategiaconcursos.com.br\/blog\/#\/schema\/person\/59717c75350fa01aa0fd68a52a8d02e0"},"headline":"Edital Estrat\u00e9gico Feira de Santana: baixe gr\u00e1tis e reforce seus estudos","datePublished":"2019-11-13T17:00:35+00:00","mainEntityOfPage":{"@id":"https:\/\/www.estrategiaconcursos.com.br\/blog\/edital-estrategico-feira-de-santana\/"},"wordCount":516,"commentCount":0,"publisher":{"@id":"https:\/\/www.estrategiaconcursos.com.br\/blog\/#organization"},"image":{"@id":"https:\/\/www.estrategiaconcursos.com.br\/blog\/edital-estrategico-feira-de-santana\/#primaryimage"},"thumbnailUrl":"https:\/\/dhg1h5j42swfq.cloudfront.net\/2019\/10\/29091010\/EDITAL-ESTRATE%CC%81GICO1.jpg","articleSection":["Concursos P\u00fablicos"],"inLanguage":"pt-BR","potentialAction":[{"@type":"CommentAction","name":"Comment","target":["https:\/\/www.estrategiaconcursos.com.br\/blog\/edital-estrategico-feira-de-santana\/#respond"]}],"copyrightYear":"2019","copyrightHolder":{"@id":"https:\/\/www.estrategiaconcursos.com.br\/blog\/#organization"}},{"@type":"WebPage","@id":"https:\/\/www.estrategiaconcursos.com.br\/blog\/edital-estrategico-feira-de-santana\/","url":"https:\/\/www.estrategiaconcursos.com.br\/blog\/edital-estrategico-feira-de-santana\/","name":"Edital Estrat\u00e9gico Feira de Santana: baixe gr\u00e1tis e reforce seus estudos","isPartOf":{"@id":"https:\/\/www.estrategiaconcursos.com.br\/blog\/#website"},"primaryImageOfPage":{"@id":"https:\/\/www.estrategiaconcursos.com.br\/blog\/edital-estrategico-feira-de-santana\/#primaryimage"},"image":{"@id":"https:\/\/www.estrategiaconcursos.com.br\/blog\/edital-estrategico-feira-de-santana\/#primaryimage"},"thumbnailUrl":"https:\/\/dhg1h5j42swfq.cloudfront.net\/2019\/10\/29091010\/EDITAL-ESTRATE%CC%81GICO1.jpg","datePublished":"2019-11-13T17:00:35+00:00","breadcrumb":{"@id":"https:\/\/www.estrategiaconcursos.com.br\/blog\/edital-estrategico-feira-de-santana\/#breadcrumb"},"inLanguage":"pt-BR","potentialAction":[{"@type":"ReadAction","target":["https:\/\/www.estrategiaconcursos.com.br\/blog\/edital-estrategico-feira-de-santana\/"]}]},{"@type":"ImageObject","inLanguage":"pt-BR","@id":"https:\/\/www.estrategiaconcursos.com.br\/blog\/edital-estrategico-feira-de-santana\/#primaryimage","url":"https:\/\/dhg1h5j42swfq.cloudfront.net\/2019\/10\/29091010\/EDITAL-ESTRATE%CC%81GICO1.jpg","contentUrl":"https:\/\/dhg1h5j42swfq.cloudfront.net\/2019\/10\/29091010\/EDITAL-ESTRATE%CC%81GICO1.jpg","width":1200,"height":628},{"@type":"BreadcrumbList","@id":"https:\/\/www.estrategiaconcursos.com.br\/blog\/edital-estrategico-feira-de-santana\/#breadcrumb","itemListElement":[{"@type":"ListItem","position":1,"name":"In\u00edcio","item":"https:\/\/www.estrategiaconcursos.com.br\/blog\/"},{"@type":"ListItem","position":2,"name":"Edital Estrat\u00e9gico Feira de Santana: baixe gr\u00e1tis e reforce seus estudos"}]},{"@type":"WebSite","@id":"https:\/\/www.estrategiaconcursos.com.br\/blog\/#website","url":"https:\/\/www.estrategiaconcursos.com.br\/blog\/","name":"Estrat\u00e9gia Concursos","description":"O blog da Estrat\u00e9gia Concursos traz not\u00edcias sobre concursos e artigos de professores oferecendo cursos para concursos (pdf + videaulas) no site.","publisher":{"@id":"https:\/\/www.estrategiaconcursos.com.br\/blog\/#organization"},"potentialAction":[{"@type":"SearchAction","target":{"@type":"EntryPoint","urlTemplate":"https:\/\/www.estrategiaconcursos.com.br\/blog\/?s={search_term_string}"},"query-input":{"@type":"PropertyValueSpecification","valueRequired":true,"valueName":"search_term_string"}}],"inLanguage":"pt-BR"},{"@type":"Organization","@id":"https:\/\/www.estrategiaconcursos.com.br\/blog\/#organization","name":"Estrat\u00e9gia Concursos","url":"https:\/\/www.estrategiaconcursos.com.br\/blog\/","logo":{"@type":"ImageObject","inLanguage":"pt-BR","@id":"https:\/\/www.estrategiaconcursos.com.br\/blog\/#\/schema\/logo\/image\/","url":"https:\/\/dhg1h5j42swfq.cloudfront.net\/2025\/06\/03203428\/logo_concursos-1.jpg","contentUrl":"https:\/\/dhg1h5j42swfq.cloudfront.net\/2025\/06\/03203428\/logo_concursos-1.jpg","width":230,"height":60,"caption":"Estrat\u00e9gia Concursos"},"image":{"@id":"https:\/\/www.estrategiaconcursos.com.br\/blog\/#\/schema\/logo\/image\/"},"sameAs":["https:\/\/x.com\/EstratConcursos"]},{"@type":"Person","@id":"https:\/\/www.estrategiaconcursos.com.br\/blog\/#\/schema\/person\/59717c75350fa01aa0fd68a52a8d02e0","name":"Herbert Almeida","image":{"@type":"ImageObject","inLanguage":"pt-BR","@id":"https:\/\/secure.gravatar.com\/avatar\/b6461a43893c24d5fc91efc433971ffec025c84c0341129f4578034d77f9a536?s=96&d=mm&r=g","url":"https:\/\/secure.gravatar.com\/avatar\/b6461a43893c24d5fc91efc433971ffec025c84c0341129f4578034d77f9a536?s=96&d=mm&r=g","contentUrl":"https:\/\/secure.gravatar.com\/avatar\/b6461a43893c24d5fc91efc433971ffec025c84c0341129f4578034d77f9a536?s=96&d=mm&r=g","caption":"Herbert Almeida"},"url":"https:\/\/www.estrategiaconcursos.com.br\/blog\/author\/herbertestrategiaconcursos-com-br\/"}]}},"_links":{"self":[{"href":"https:\/\/www.estrategiaconcursos.com.br\/blog\/wp-json\/wp\/v2\/posts\/447277","targetHints":{"allow":["GET"]}}],"collection":[{"href":"https:\/\/www.estrategiaconcursos.com.br\/blog\/wp-json\/wp\/v2\/posts"}],"about":[{"href":"https:\/\/www.estrategiaconcursos.com.br\/blog\/wp-json\/wp\/v2\/types\/post"}],"author":[{"embeddable":true,"href":"https:\/\/www.estrategiaconcursos.com.br\/blog\/wp-json\/wp\/v2\/users\/129"}],"replies":[{"embeddable":true,"href":"https:\/\/www.estrategiaconcursos.com.br\/blog\/wp-json\/wp\/v2\/comments?post=447277"}],"version-history":[{"count":3,"href":"https:\/\/www.estrategiaconcursos.com.br\/blog\/wp-json\/wp\/v2\/posts\/447277\/revisions"}],"predecessor-version":[{"id":447516,"href":"https:\/\/www.estrategiaconcursos.com.br\/blog\/wp-json\/wp\/v2\/posts\/447277\/revisions\/447516"}],"wp:featuredmedia":[{"embeddable":true,"href":"https:\/\/www.estrategiaconcursos.com.br\/blog\/wp-json\/wp\/v2\/media\/441305"}],"wp:attachment":[{"href":"https:\/\/www.estrategiaconcursos.com.br\/blog\/wp-json\/wp\/v2\/media?parent=447277"}],"wp:term":[{"taxonomy":"category","embeddable":true,"href":"https:\/\/www.estrategiaconcursos.com.br\/blog\/wp-json\/wp\/v2\/categories?post=447277"},{"taxonomy":"post_tag","embeddable":true,"href":"https:\/\/www.estrategiaconcursos.com.br\/blog\/wp-json\/wp\/v2\/tags?post=447277"},{"taxonomy":"tax_estado","embeddable":true,"href":"https:\/\/www.estrategiaconcursos.com.br\/blog\/wp-json\/wp\/v2\/tax_estado?post=447277"}],"curies":[{"name":"wp","href":"https:\/\/api.w.org\/{rel}","templated":true}]}}