{"id":447120,"date":"2019-11-12T13:48:59","date_gmt":"2019-11-12T16:48:59","guid":{"rendered":"https:\/\/www.estrategiaconcursos.com.br\/blog\/?p=447120"},"modified":"2019-11-18T09:00:11","modified_gmt":"2019-11-18T12:00:11","slug":"edital-asf-sp","status":"publish","type":"post","link":"https:\/\/www.estrategiaconcursos.com.br\/blog\/edital-asf-sp\/","title":{"rendered":"Edital ASF SP: inscri\u00e7\u00f5es encerradas!"},"content":{"rendered":"\n<p>As <strong>inscri\u00e7\u00f5es <\/strong>para o <strong><em>edital do concurso <\/em><\/strong>d<strong><em>a Associa\u00e7\u00e3o Sa\u00fade da Fam\u00edlia<\/em><\/strong> localizada no Estado de S\u00e3o Paulo est\u00e3o <strong>encerradas<\/strong>! O certame visa ofertar aos candidatos\u00a0<em><strong>19 vagas + Cadastro de Reserva<\/strong> <\/em>para n\u00edvel superior, m\u00e9dio e t\u00e9cnico para a regi\u00e3o norte do munic\u00edpio de S\u00e3o Paulo.<\/p>\n\n\n\n<h2 class=\"wp-block-heading\">Principais informa\u00e7\u00f5es do edital ASF SP<\/h2>\n\n\n\n<p>A banca organizadora do certame \u00e9 a\u00a0<em>CONSESP<\/em>, respons\u00e1vel pelas etapas do concurso que ser\u00e1 constitu\u00eddo de <em>prova objetiva<\/em>\u00a0para\u00a0<em>todos os n\u00edveis<\/em>. A avalia\u00e7\u00e3o ser\u00e1 aplicada no dia\u00a0<strong>15 de dezembro de 2019.<\/strong><\/p>\n\n\n\n<h2 class=\"wp-block-heading\" id=\"cargos\">Cargos, vagas e Remunera\u00e7\u00f5es \u2013  <br \/>edital ASF SP <\/h2>\n\n\n\n<p>S\u00e3o oferecidas<strong> 20 vagas<\/strong> no total para cargos de n\u00edvel superior e m\u00e9dio\/ t\u00e9cnico. Os sal\u00e1rios podem chegar at\u00e9 R$ 8.954,31 para o cargo de Enfermeiro I.<\/p>\n\n\n\n<p>Acompanhe abaixo a quantidade de vagas para cada cargo com suas respectivas remunera\u00e7\u00f5es.<\/p>\n\n\n\n<h4 class=\"wp-block-heading\">N\u00edvel M\u00e9dio\/ T\u00e9cnico<\/h4>\n\n\n\n<ul class=\"wp-block-list\"><li><em> T\u00e9cnico de Enfermagem \u2013 (9 vagas+ CR) \u2013 R$ 3.388,76<\/em><\/li><li><em> Auxiliar T\u00e9cnico Administrativo II  \u2013 (7 vagas+ CR) \u2013  R$ 2.444,59 <\/em><\/li><\/ul>\n\n\n\n<h4 class=\"wp-block-heading\">N\u00edvel Superior<\/h4>\n\n\n\n<ul class=\"wp-block-list\"><li><em>  Enfermeiro I   \u2013 (3 vagas+ CR) \u2013  R$  8.954,31   <\/em><\/li><\/ul>\n\n\n\n<h2 class=\"wp-block-heading\">Etapas do Edital ASF SP<\/h2>\n\n\n\n<p>O concurso ASF SP ter\u00e1 a seguintes etapas: Prova Objetiva, Avalia\u00e7\u00e3o de T\u00edtulos e Avalia\u00e7\u00e3o Comportamental e T\u00e9cnica.<\/p>\n\n\n\n<p style=\"font-size:22px\"><strong>Prova Objetiva <\/strong><\/p>\n\n\n\n<p>As provas objetivas ser\u00e3o realizadas exclusivamente na cidade de S\u00e3o Paulo \u2013 SP, no dia 15 de dezembro de 2019 na parte da manh\u00e3. A prova objetiva ter\u00e1 a dura\u00e7\u00e3o de 3h por meio de quest\u00f5es de m\u00faltipla escolha, com 4  alternativas de resposta.<\/p>\n\n\n\n<p>A prova objetiva ser\u00e1 avaliada na escala de 0 a 100 pontos e ter\u00e1 car\u00e1ter eliminat\u00f3rio e classificat\u00f3rio.<\/p>\n\n\n\n<p>Os candidatos dever\u00e3o acertar no m\u00ednimo 60% dos pontos previstos para a prova de conhecimentos Espec\u00edficos e obter tamb\u00e9m no m\u00ednimo nota 60  no total de pontos da prova para ser considerado classificado na etapa de prova objetiva. <\/p>\n\n\n\n<p>Confira abaixo as disciplinas exigidas na Prova Objetiva:<\/p>\n\n\n\n<div class=\"wp-block-image\"><figure class=\"aligncenter\"><img loading=\"lazy\" decoding=\"async\" width=\"657\" height=\"304\" src=\"https:\/\/dhg1h5j42swfq.cloudfront.net\/2019\/11\/12133212\/image46.png\" alt=\"\" class=\"wp-image-447221\" srcset=\"https:\/\/dhg1h5j42swfq.cloudfront.net\/2019\/11\/12133212\/image46.png 657w, https:\/\/dhg1h5j42swfq.cloudfront.net\/2019\/11\/12133212\/image46.png 300w, https:\/\/dhg1h5j42swfq.cloudfront.net\/2019\/11\/12133212\/image46.png 610w\" sizes=\"auto, (max-width: 657px) 100vw, 657px\" \/><\/figure><\/div>\n\n\n\n<p style=\"font-size:22px\"><strong>Avalia\u00e7\u00e3o de T\u00edtulos<\/strong><\/p>\n\n\n\n<p>Os candidatos que tenham esta etapa dever\u00e3o no per\u00edodo de 06 a 17 de novembro de 2019 encaminhar via sedex com Aviso de Recebimento (AR) para CONSESP.<\/p>\n\n\n\n<p>Confira abaixo os crit\u00e9rios para avalia\u00e7\u00e3o de t\u00edtulos:<\/p>\n\n\n\n<div class=\"wp-block-image\"><figure class=\"aligncenter\"><img loading=\"lazy\" decoding=\"async\" width=\"654\" height=\"552\" src=\"https:\/\/dhg1h5j42swfq.cloudfront.net\/2019\/11\/12133539\/image47.png\" alt=\"\" class=\"wp-image-447222\" srcset=\"https:\/\/dhg1h5j42swfq.cloudfront.net\/2019\/11\/12133539\/image47.png 654w, https:\/\/dhg1h5j42swfq.cloudfront.net\/2019\/11\/12133539\/image47.png 300w, https:\/\/dhg1h5j42swfq.cloudfront.net\/2019\/11\/12133539\/image47.png 610w\" sizes=\"auto, (max-width: 654px) 100vw, 654px\" \/><\/figure><\/div>\n\n\n\n<p style=\"font-size:22px\"><strong>Avalia\u00e7\u00e3o Comportamental<\/strong><\/p>\n\n\n\n<p> A Avalia\u00e7\u00e3o Comportamental e T\u00e9cnica t\u00eam por objetivo avaliar as habilidades comportamentais e compet\u00eancias dos candidatos;  Esta etapa ser\u00e1 composta por uma Entrevista Comportamental e T\u00e9cnica, realizadas por profissional do RH, equipe t\u00e9cnica e\/ou Gestor da \u00e1rea da vaga em quest\u00e3o. <\/p>\n\n\n\n<p>Esta etapa tem car\u00e1ter eliminat\u00f3rio e dever\u00e1 avaliar as compet\u00eancias comportamentais referentes ao acolhimento, empatia, trabalho em equipe, organiza\u00e7\u00e3o, comunica\u00e7\u00e3o, relacionamento interpessoal, foco no cliente, flexibilidade e adaptabilidade, respeito \u00e0s normas, lideran\u00e7a e vis\u00e3o sist\u00eamica. <\/p>\n\n\n\n<h2 class=\"wp-block-heading\" style=\"text-align:center\" id=\"cursos-assinatura\"><strong><em>Quer estudar para Concurso <\/em><\/strong><em>ASF SP<\/em><strong><em>?<\/em><\/strong><\/h2>\n\n\n\n<p style=\"text-align:center\"><em><strong>Gostou desta oportunidade e deseja come\u00e7ar se preparar agora mesmo? Ent\u00e3o, confira os nossos cursos e comece a estudar para <\/strong><\/em><strong><em>ASF SP:<\/em><\/strong><\/p>\n\n\n\n<p style=\"text-align:center\" class=\"has-background has-very-light-gray-background-color\"><a rel=\"noreferrer noopener\" href=\"https:\/\/www.estrategiaconcursos.com.br\/cursos\/concurso\/\" target=\"_blank\"><strong><em>Curso para concurso<\/em><\/strong><\/a><\/p>\n\n\n\n<h4 class=\"wp-block-heading\" style=\"text-align:center\" id=\"assinatura\"><em><strong>Assinatura Anual Ilimitada*<\/strong><\/em><\/h4>\n\n\n\n<p style=\"text-align:center\"><em>Prepare-se com o melhor material e com quem mais aprova em Concursos P\u00fablicos em todo o pa\u00eds. Assine agora a nossa Assinatura Anual e tenha acesso ilimitado* a todos os nossos cursos.<\/em><\/p>\n\n\n\n<p style=\"text-align:center\" class=\"has-background has-luminous-vivid-amber-background-color\"><strong>ASSINE AGORA<\/strong>&nbsp;\u2013&nbsp;<a rel=\"noreferrer noopener\" href=\"https:\/\/www.estrategiaconcursos.com.br\/assinaturas\" target=\"_blank\">Assinatura Ilimitada<\/a><\/p>\n\n\n\n<p style=\"text-align:center\"><strong><em>Fique por dentro do mundo dos concursos:<\/em><\/strong><\/p>\n\n\n\n<p style=\"text-align:center\" class=\"has-background has-pale-cyan-blue-background-color\"><strong><a href=\"https:\/\/www.estrategiaconcursos.com.br\/blog\/concursos-abertos\/\">CONCURSOS ABERTOS<\/a><\/strong><\/p>\n\n\n\n<p style=\"text-align:center\" class=\"has-background has-pale-cyan-blue-background-color\"><a href=\"https:\/\/www.estrategiaconcursos.com.br\/blog\/concursos-2019\/\"><strong>CONCURSOS 2019<\/strong><\/a><\/p>\n\n\n\n<p style=\"text-align:center\" class=\"has-background has-pale-cyan-blue-background-color\"><a href=\"https:\/\/www.estrategiaconcursos.com.br\/blog\/concursos-2020\/\"><strong>CONCURSOS<\/strong><\/a><strong><a href=\"https:\/\/www.estrategiaconcursos.com.br\/blog\/concursos-2020\/\">&nbsp;2020<\/a><\/strong><\/p>\n\n\n\n<figure class=\"wp-block-image\"><img decoding=\"async\" src=\"https:\/\/dhg1h5j42swfq.cloudfront.net\/2017\/03\/28152500\/coruja-ficha-tecnica-300x102.png\" alt=\"Ficha T\u00e9cnica Concurso prefeitura de queimados\"\/><\/figure>\n\n\n\n<h4 class=\"wp-block-heading\" id=\"ficha-tecnica\"><strong>Informa\u00e7\u00f5es do&nbsp;<\/strong>Concurso <em>ASF SP<\/em> <\/h4>\n\n\n\n<p>\u25ba<strong>Data prevista:&nbsp;<\/strong> 15 de dezembro <strong><br \/>\u25baVagas:&nbsp;<\/strong>19 vagas<strong><br \/>\u25baLota\u00e7\u00f5es:&nbsp;<\/strong>S\u00e3o Paulo (SP)<strong><br \/>\u25baBanca:&nbsp;<\/strong> CONSESP <br \/><strong>\u25baEscolaridade:<\/strong>&nbsp;N\u00edvel m\u00e9dio\/t\u00e9cnico e superior<br \/><strong>\u25baEdital 2019:&nbsp;<\/strong><em><a href=\"https:\/\/dhg1h5j42swfq.cloudfront.net\/2019\/11\/12134254\/3373_asfsaopaulo0022019regiaonortecasaverdecachoeirinhafreguesiadoobrasilandia_2.pdf\">ASF SP<\/a><\/em><\/p>\n\n\n\n<p>Estefani Dantas<br \/><em>Ascom Estrat\u00e9gia<\/em><br \/>ascomestrategia@gmail.com<\/p>\n","protected":false},"excerpt":{"rendered":"<p>As inscri\u00e7\u00f5es para o edital do concurso da Associa\u00e7\u00e3o Sa\u00fade da Fam\u00edlia localizada no Estado de S\u00e3o Paulo est\u00e3o encerradas! O certame visa ofertar aos candidatos\u00a019 vagas + Cadastro de Reserva para n\u00edvel superior, m\u00e9dio e t\u00e9cnico para a regi\u00e3o norte do munic\u00edpio de S\u00e3o Paulo. Principais informa\u00e7\u00f5es do edital ASF SP A banca organizadora [&hellip;]<\/p>\n","protected":false},"author":561,"featured_media":0,"comment_status":"open","ping_status":"closed","sticky":false,"template":"","format":"standard","meta":{"post_tipo":"article","footnotes":""},"categories":[1],"tags":[],"tax_estado":[],"class_list":["post-447120","post","type-post","status-publish","format-standard","hentry","category-cursos-e-concursos"],"acf":[],"yoast_head":"<!-- This site is optimized with the Yoast SEO Premium plugin v27.2 (Yoast SEO v27.2) - https:\/\/yoast.com\/product\/yoast-seo-premium-wordpress\/ -->\n<title>Edital ASF SP: inscri\u00e7\u00f5es encerradas!<\/title>\n<meta name=\"robots\" content=\"index, follow, max-snippet:-1, max-image-preview:large, max-video-preview:-1\" \/>\n<link rel=\"canonical\" href=\"https:\/\/www.estrategiaconcursos.com.br\/blog\/edital-asf-sp\/\" \/>\n<meta property=\"og:locale\" content=\"pt_BR\" \/>\n<meta property=\"og:type\" content=\"article\" \/>\n<meta property=\"og:title\" content=\"Edital ASF SP: inscri\u00e7\u00f5es encerradas!\" \/>\n<meta property=\"og:description\" content=\"As inscri\u00e7\u00f5es para o edital do concurso da Associa\u00e7\u00e3o Sa\u00fade da Fam\u00edlia localizada no Estado de S\u00e3o Paulo est\u00e3o encerradas! O certame visa ofertar aos candidatos\u00a019 vagas + Cadastro de Reserva para n\u00edvel superior, m\u00e9dio e t\u00e9cnico para a regi\u00e3o norte do munic\u00edpio de S\u00e3o Paulo. Principais informa\u00e7\u00f5es do edital ASF SP A banca organizadora [&hellip;]\" \/>\n<meta property=\"og:url\" content=\"https:\/\/www.estrategiaconcursos.com.br\/blog\/edital-asf-sp\/\" \/>\n<meta property=\"og:site_name\" content=\"Estrat\u00e9gia Concursos\" \/>\n<meta property=\"article:published_time\" content=\"2019-11-12T16:48:59+00:00\" \/>\n<meta property=\"article:modified_time\" content=\"2019-11-18T12:00:11+00:00\" \/>\n<meta property=\"og:image\" content=\"https:\/\/www.estrategiaconcursos.com.br\/blog\/wp-content\/uploads\/2019\/11\/image46.png\" \/>\n<meta name=\"author\" content=\"Ligia Carvalheiro Fernandes\" \/>\n<meta name=\"twitter:card\" content=\"summary_large_image\" \/>\n<meta name=\"twitter:creator\" content=\"@EstratConcursos\" \/>\n<meta name=\"twitter:site\" content=\"@EstratConcursos\" \/>\n<meta name=\"twitter:label1\" content=\"Escrito por\" \/>\n\t<meta name=\"twitter:data1\" content=\"Ligia Carvalheiro Fernandes\" \/>\n\t<meta name=\"twitter:label2\" content=\"Est. tempo de leitura\" \/>\n\t<meta name=\"twitter:data2\" content=\"3 minutos\" \/>\n<script type=\"application\/ld+json\" class=\"yoast-schema-graph\">{\"@context\":\"https:\/\/schema.org\",\"@graph\":[{\"@type\":\"NewsArticle\",\"@id\":\"https:\/\/www.estrategiaconcursos.com.br\/blog\/edital-asf-sp\/#article\",\"isPartOf\":{\"@id\":\"https:\/\/www.estrategiaconcursos.com.br\/blog\/edital-asf-sp\/\"},\"author\":{\"name\":\"Ligia Carvalheiro Fernandes\",\"@id\":\"https:\/\/www.estrategiaconcursos.com.br\/blog\/#\/schema\/person\/cc76e9dac392d5e35e7d00c493eee792\"},\"headline\":\"Edital ASF SP: inscri\u00e7\u00f5es encerradas!\",\"datePublished\":\"2019-11-12T16:48:59+00:00\",\"dateModified\":\"2019-11-18T12:00:11+00:00\",\"mainEntityOfPage\":{\"@id\":\"https:\/\/www.estrategiaconcursos.com.br\/blog\/edital-asf-sp\/\"},\"wordCount\":601,\"commentCount\":0,\"publisher\":{\"@id\":\"https:\/\/www.estrategiaconcursos.com.br\/blog\/#organization\"},\"image\":{\"@id\":\"https:\/\/www.estrategiaconcursos.com.br\/blog\/edital-asf-sp\/#primaryimage\"},\"thumbnailUrl\":\"https:\/\/www.estrategiaconcursos.com.br\/blog\/wp-content\/uploads\/2019\/11\/image46.png\",\"articleSection\":[\"Concursos P\u00fablicos\"],\"inLanguage\":\"pt-BR\",\"potentialAction\":[{\"@type\":\"CommentAction\",\"name\":\"Comment\",\"target\":[\"https:\/\/www.estrategiaconcursos.com.br\/blog\/edital-asf-sp\/#respond\"]}],\"copyrightYear\":\"2019\",\"copyrightHolder\":{\"@id\":\"https:\/\/www.estrategiaconcursos.com.br\/blog\/#organization\"}},{\"@type\":\"WebPage\",\"@id\":\"https:\/\/www.estrategiaconcursos.com.br\/blog\/edital-asf-sp\/\",\"url\":\"https:\/\/www.estrategiaconcursos.com.br\/blog\/edital-asf-sp\/\",\"name\":\"Edital ASF SP: inscri\u00e7\u00f5es encerradas!\",\"isPartOf\":{\"@id\":\"https:\/\/www.estrategiaconcursos.com.br\/blog\/#website\"},\"primaryImageOfPage\":{\"@id\":\"https:\/\/www.estrategiaconcursos.com.br\/blog\/edital-asf-sp\/#primaryimage\"},\"image\":{\"@id\":\"https:\/\/www.estrategiaconcursos.com.br\/blog\/edital-asf-sp\/#primaryimage\"},\"thumbnailUrl\":\"https:\/\/www.estrategiaconcursos.com.br\/blog\/wp-content\/uploads\/2019\/11\/image46.png\",\"datePublished\":\"2019-11-12T16:48:59+00:00\",\"dateModified\":\"2019-11-18T12:00:11+00:00\",\"breadcrumb\":{\"@id\":\"https:\/\/www.estrategiaconcursos.com.br\/blog\/edital-asf-sp\/#breadcrumb\"},\"inLanguage\":\"pt-BR\",\"potentialAction\":[{\"@type\":\"ReadAction\",\"target\":[\"https:\/\/www.estrategiaconcursos.com.br\/blog\/edital-asf-sp\/\"]}]},{\"@type\":\"ImageObject\",\"inLanguage\":\"pt-BR\",\"@id\":\"https:\/\/www.estrategiaconcursos.com.br\/blog\/edital-asf-sp\/#primaryimage\",\"url\":\"https:\/\/dhg1h5j42swfq.cloudfront.net\/2019\/11\/12133212\/image46.png\",\"contentUrl\":\"https:\/\/dhg1h5j42swfq.cloudfront.net\/2019\/11\/12133212\/image46.png\",\"width\":657,\"height\":304},{\"@type\":\"BreadcrumbList\",\"@id\":\"https:\/\/www.estrategiaconcursos.com.br\/blog\/edital-asf-sp\/#breadcrumb\",\"itemListElement\":[{\"@type\":\"ListItem\",\"position\":1,\"name\":\"In\u00edcio\",\"item\":\"https:\/\/www.estrategiaconcursos.com.br\/blog\/\"},{\"@type\":\"ListItem\",\"position\":2,\"name\":\"Edital ASF SP: inscri\u00e7\u00f5es encerradas!\"}]},{\"@type\":\"WebSite\",\"@id\":\"https:\/\/www.estrategiaconcursos.com.br\/blog\/#website\",\"url\":\"https:\/\/www.estrategiaconcursos.com.br\/blog\/\",\"name\":\"Estrat\u00e9gia Concursos\",\"description\":\"O blog da Estrat\u00e9gia Concursos traz not\u00edcias sobre concursos e artigos de professores oferecendo cursos para concursos (pdf + videaulas) no site.\",\"publisher\":{\"@id\":\"https:\/\/www.estrategiaconcursos.com.br\/blog\/#organization\"},\"potentialAction\":[{\"@type\":\"SearchAction\",\"target\":{\"@type\":\"EntryPoint\",\"urlTemplate\":\"https:\/\/www.estrategiaconcursos.com.br\/blog\/?s={search_term_string}\"},\"query-input\":{\"@type\":\"PropertyValueSpecification\",\"valueRequired\":true,\"valueName\":\"search_term_string\"}}],\"inLanguage\":\"pt-BR\"},{\"@type\":\"Organization\",\"@id\":\"https:\/\/www.estrategiaconcursos.com.br\/blog\/#organization\",\"name\":\"Estrat\u00e9gia Concursos\",\"url\":\"https:\/\/www.estrategiaconcursos.com.br\/blog\/\",\"logo\":{\"@type\":\"ImageObject\",\"inLanguage\":\"pt-BR\",\"@id\":\"https:\/\/www.estrategiaconcursos.com.br\/blog\/#\/schema\/logo\/image\/\",\"url\":\"https:\/\/dhg1h5j42swfq.cloudfront.net\/2025\/06\/03203428\/logo_concursos-1.jpg\",\"contentUrl\":\"https:\/\/dhg1h5j42swfq.cloudfront.net\/2025\/06\/03203428\/logo_concursos-1.jpg\",\"width\":230,\"height\":60,\"caption\":\"Estrat\u00e9gia Concursos\"},\"image\":{\"@id\":\"https:\/\/www.estrategiaconcursos.com.br\/blog\/#\/schema\/logo\/image\/\"},\"sameAs\":[\"https:\/\/x.com\/EstratConcursos\"]},{\"@type\":\"Person\",\"@id\":\"https:\/\/www.estrategiaconcursos.com.br\/blog\/#\/schema\/person\/cc76e9dac392d5e35e7d00c493eee792\",\"name\":\"Ligia Carvalheiro Fernandes\",\"image\":{\"@type\":\"ImageObject\",\"inLanguage\":\"pt-BR\",\"@id\":\"https:\/\/secure.gravatar.com\/avatar\/26e4636c44dabc043eaf634f767ecd1d80505b210d3981d4ebd176a3f373e3ec?s=96&d=mm&r=g\",\"url\":\"https:\/\/secure.gravatar.com\/avatar\/26e4636c44dabc043eaf634f767ecd1d80505b210d3981d4ebd176a3f373e3ec?s=96&d=mm&r=g\",\"contentUrl\":\"https:\/\/secure.gravatar.com\/avatar\/26e4636c44dabc043eaf634f767ecd1d80505b210d3981d4ebd176a3f373e3ec?s=96&d=mm&r=g\",\"caption\":\"Ligia Carvalheiro Fernandes\"},\"url\":\"https:\/\/www.estrategiaconcursos.com.br\/blog\/author\/licarfegmail-com\/\"}]}<\/script>\n<!-- \/ Yoast SEO Premium plugin. -->","yoast_head_json":{"title":"Edital ASF SP: inscri\u00e7\u00f5es encerradas!","robots":{"index":"index","follow":"follow","max-snippet":"max-snippet:-1","max-image-preview":"max-image-preview:large","max-video-preview":"max-video-preview:-1"},"canonical":"https:\/\/www.estrategiaconcursos.com.br\/blog\/edital-asf-sp\/","og_locale":"pt_BR","og_type":"article","og_title":"Edital ASF SP: inscri\u00e7\u00f5es encerradas!","og_description":"As inscri\u00e7\u00f5es para o edital do concurso da Associa\u00e7\u00e3o Sa\u00fade da Fam\u00edlia localizada no Estado de S\u00e3o Paulo est\u00e3o encerradas! O certame visa ofertar aos candidatos\u00a019 vagas + Cadastro de Reserva para n\u00edvel superior, m\u00e9dio e t\u00e9cnico para a regi\u00e3o norte do munic\u00edpio de S\u00e3o Paulo. Principais informa\u00e7\u00f5es do edital ASF SP A banca organizadora [&hellip;]","og_url":"https:\/\/www.estrategiaconcursos.com.br\/blog\/edital-asf-sp\/","og_site_name":"Estrat\u00e9gia Concursos","article_published_time":"2019-11-12T16:48:59+00:00","article_modified_time":"2019-11-18T12:00:11+00:00","og_image":[{"url":"https:\/\/www.estrategiaconcursos.com.br\/blog\/wp-content\/uploads\/2019\/11\/image46.png","type":"","width":"","height":""}],"author":"Ligia Carvalheiro Fernandes","twitter_card":"summary_large_image","twitter_creator":"@EstratConcursos","twitter_site":"@EstratConcursos","twitter_misc":{"Escrito por":"Ligia Carvalheiro Fernandes","Est. tempo de leitura":"3 minutos"},"schema":{"@context":"https:\/\/schema.org","@graph":[{"@type":"NewsArticle","@id":"https:\/\/www.estrategiaconcursos.com.br\/blog\/edital-asf-sp\/#article","isPartOf":{"@id":"https:\/\/www.estrategiaconcursos.com.br\/blog\/edital-asf-sp\/"},"author":{"name":"Ligia Carvalheiro Fernandes","@id":"https:\/\/www.estrategiaconcursos.com.br\/blog\/#\/schema\/person\/cc76e9dac392d5e35e7d00c493eee792"},"headline":"Edital ASF SP: inscri\u00e7\u00f5es encerradas!","datePublished":"2019-11-12T16:48:59+00:00","dateModified":"2019-11-18T12:00:11+00:00","mainEntityOfPage":{"@id":"https:\/\/www.estrategiaconcursos.com.br\/blog\/edital-asf-sp\/"},"wordCount":601,"commentCount":0,"publisher":{"@id":"https:\/\/www.estrategiaconcursos.com.br\/blog\/#organization"},"image":{"@id":"https:\/\/www.estrategiaconcursos.com.br\/blog\/edital-asf-sp\/#primaryimage"},"thumbnailUrl":"https:\/\/www.estrategiaconcursos.com.br\/blog\/wp-content\/uploads\/2019\/11\/image46.png","articleSection":["Concursos P\u00fablicos"],"inLanguage":"pt-BR","potentialAction":[{"@type":"CommentAction","name":"Comment","target":["https:\/\/www.estrategiaconcursos.com.br\/blog\/edital-asf-sp\/#respond"]}],"copyrightYear":"2019","copyrightHolder":{"@id":"https:\/\/www.estrategiaconcursos.com.br\/blog\/#organization"}},{"@type":"WebPage","@id":"https:\/\/www.estrategiaconcursos.com.br\/blog\/edital-asf-sp\/","url":"https:\/\/www.estrategiaconcursos.com.br\/blog\/edital-asf-sp\/","name":"Edital ASF SP: inscri\u00e7\u00f5es encerradas!","isPartOf":{"@id":"https:\/\/www.estrategiaconcursos.com.br\/blog\/#website"},"primaryImageOfPage":{"@id":"https:\/\/www.estrategiaconcursos.com.br\/blog\/edital-asf-sp\/#primaryimage"},"image":{"@id":"https:\/\/www.estrategiaconcursos.com.br\/blog\/edital-asf-sp\/#primaryimage"},"thumbnailUrl":"https:\/\/www.estrategiaconcursos.com.br\/blog\/wp-content\/uploads\/2019\/11\/image46.png","datePublished":"2019-11-12T16:48:59+00:00","dateModified":"2019-11-18T12:00:11+00:00","breadcrumb":{"@id":"https:\/\/www.estrategiaconcursos.com.br\/blog\/edital-asf-sp\/#breadcrumb"},"inLanguage":"pt-BR","potentialAction":[{"@type":"ReadAction","target":["https:\/\/www.estrategiaconcursos.com.br\/blog\/edital-asf-sp\/"]}]},{"@type":"ImageObject","inLanguage":"pt-BR","@id":"https:\/\/www.estrategiaconcursos.com.br\/blog\/edital-asf-sp\/#primaryimage","url":"https:\/\/dhg1h5j42swfq.cloudfront.net\/2019\/11\/12133212\/image46.png","contentUrl":"https:\/\/dhg1h5j42swfq.cloudfront.net\/2019\/11\/12133212\/image46.png","width":657,"height":304},{"@type":"BreadcrumbList","@id":"https:\/\/www.estrategiaconcursos.com.br\/blog\/edital-asf-sp\/#breadcrumb","itemListElement":[{"@type":"ListItem","position":1,"name":"In\u00edcio","item":"https:\/\/www.estrategiaconcursos.com.br\/blog\/"},{"@type":"ListItem","position":2,"name":"Edital ASF SP: inscri\u00e7\u00f5es encerradas!"}]},{"@type":"WebSite","@id":"https:\/\/www.estrategiaconcursos.com.br\/blog\/#website","url":"https:\/\/www.estrategiaconcursos.com.br\/blog\/","name":"Estrat\u00e9gia Concursos","description":"O blog da Estrat\u00e9gia Concursos traz not\u00edcias sobre concursos e artigos de professores oferecendo cursos para concursos (pdf + videaulas) no site.","publisher":{"@id":"https:\/\/www.estrategiaconcursos.com.br\/blog\/#organization"},"potentialAction":[{"@type":"SearchAction","target":{"@type":"EntryPoint","urlTemplate":"https:\/\/www.estrategiaconcursos.com.br\/blog\/?s={search_term_string}"},"query-input":{"@type":"PropertyValueSpecification","valueRequired":true,"valueName":"search_term_string"}}],"inLanguage":"pt-BR"},{"@type":"Organization","@id":"https:\/\/www.estrategiaconcursos.com.br\/blog\/#organization","name":"Estrat\u00e9gia Concursos","url":"https:\/\/www.estrategiaconcursos.com.br\/blog\/","logo":{"@type":"ImageObject","inLanguage":"pt-BR","@id":"https:\/\/www.estrategiaconcursos.com.br\/blog\/#\/schema\/logo\/image\/","url":"https:\/\/dhg1h5j42swfq.cloudfront.net\/2025\/06\/03203428\/logo_concursos-1.jpg","contentUrl":"https:\/\/dhg1h5j42swfq.cloudfront.net\/2025\/06\/03203428\/logo_concursos-1.jpg","width":230,"height":60,"caption":"Estrat\u00e9gia Concursos"},"image":{"@id":"https:\/\/www.estrategiaconcursos.com.br\/blog\/#\/schema\/logo\/image\/"},"sameAs":["https:\/\/x.com\/EstratConcursos"]},{"@type":"Person","@id":"https:\/\/www.estrategiaconcursos.com.br\/blog\/#\/schema\/person\/cc76e9dac392d5e35e7d00c493eee792","name":"Ligia Carvalheiro Fernandes","image":{"@type":"ImageObject","inLanguage":"pt-BR","@id":"https:\/\/secure.gravatar.com\/avatar\/26e4636c44dabc043eaf634f767ecd1d80505b210d3981d4ebd176a3f373e3ec?s=96&d=mm&r=g","url":"https:\/\/secure.gravatar.com\/avatar\/26e4636c44dabc043eaf634f767ecd1d80505b210d3981d4ebd176a3f373e3ec?s=96&d=mm&r=g","contentUrl":"https:\/\/secure.gravatar.com\/avatar\/26e4636c44dabc043eaf634f767ecd1d80505b210d3981d4ebd176a3f373e3ec?s=96&d=mm&r=g","caption":"Ligia Carvalheiro Fernandes"},"url":"https:\/\/www.estrategiaconcursos.com.br\/blog\/author\/licarfegmail-com\/"}]}},"_links":{"self":[{"href":"https:\/\/www.estrategiaconcursos.com.br\/blog\/wp-json\/wp\/v2\/posts\/447120","targetHints":{"allow":["GET"]}}],"collection":[{"href":"https:\/\/www.estrategiaconcursos.com.br\/blog\/wp-json\/wp\/v2\/posts"}],"about":[{"href":"https:\/\/www.estrategiaconcursos.com.br\/blog\/wp-json\/wp\/v2\/types\/post"}],"author":[{"embeddable":true,"href":"https:\/\/www.estrategiaconcursos.com.br\/blog\/wp-json\/wp\/v2\/users\/561"}],"replies":[{"embeddable":true,"href":"https:\/\/www.estrategiaconcursos.com.br\/blog\/wp-json\/wp\/v2\/comments?post=447120"}],"version-history":[{"count":6,"href":"https:\/\/www.estrategiaconcursos.com.br\/blog\/wp-json\/wp\/v2\/posts\/447120\/revisions"}],"predecessor-version":[{"id":448639,"href":"https:\/\/www.estrategiaconcursos.com.br\/blog\/wp-json\/wp\/v2\/posts\/447120\/revisions\/448639"}],"wp:attachment":[{"href":"https:\/\/www.estrategiaconcursos.com.br\/blog\/wp-json\/wp\/v2\/media?parent=447120"}],"wp:term":[{"taxonomy":"category","embeddable":true,"href":"https:\/\/www.estrategiaconcursos.com.br\/blog\/wp-json\/wp\/v2\/categories?post=447120"},{"taxonomy":"post_tag","embeddable":true,"href":"https:\/\/www.estrategiaconcursos.com.br\/blog\/wp-json\/wp\/v2\/tags?post=447120"},{"taxonomy":"tax_estado","embeddable":true,"href":"https:\/\/www.estrategiaconcursos.com.br\/blog\/wp-json\/wp\/v2\/tax_estado?post=447120"}],"curies":[{"name":"wp","href":"https:\/\/api.w.org\/{rel}","templated":true}]}}