{"id":446637,"date":"2020-06-29T15:20:00","date_gmt":"2020-06-29T18:20:00","guid":{"rendered":"https:\/\/www.estrategiaconcursos.com.br\/blog\/?p=446637"},"modified":"2020-12-16T10:29:20","modified_gmt":"2020-12-16T13:29:20","slug":"edital-prefeitura-de-santo-andre","status":"publish","type":"post","link":"https:\/\/www.estrategiaconcursos.com.br\/blog\/edital-prefeitura-de-santo-andre\/","title":{"rendered":"Concurso Prefeitura de Santo Andr\u00e9: \u00f3rg\u00e3o homologa 10 cargos"},"content":{"rendered":"\n<p>A Prefeitura de Santo Andr\u00e9 revelou atrav\u00e9s de comunicado, divulgado pela banca do concurso, a Vunesp, a homologa\u00e7\u00e3o do concurso Prefeitura de Santo Andr\u00e9 para alguns cargos. Confira na lista abaixo:<\/p>\n\n\n\n<ul class=\"wp-block-list\"><li><strong><em>Agente de Desenvolvimento Infantil <\/em><\/strong><\/li><li><strong><em>Professor de Educa\u00e7\u00e3o F\u00edsica <\/em><\/strong><\/li><li><strong><em>Professor de Educa\u00e7\u00e3o Fundamental II \u2013 Arte <\/em><\/strong><\/li><li><strong><em> Professor de Educa\u00e7\u00e3o Fundamental II \u2013 Ci\u00eancias <\/em><\/strong><\/li><li><strong><em>Professor de Educa\u00e7\u00e3o Fundamental II \u2013 Geografia <\/em><\/strong><\/li><li><strong><em> Professor de Educa\u00e7\u00e3o Fundamental II \u2013 Hist\u00f3ria <\/em><\/strong><\/li><li><strong><em>Professor de Educa\u00e7\u00e3o Fundamental II \u2013 L\u00edngua Estrangeira (Ingl\u00eas) <\/em><\/strong><\/li><li><strong><em>Professor de Educa\u00e7\u00e3o Fundamental II \u2013 L\u00edngua Portuguesa <\/em><\/strong><\/li><li><strong><em>Professor de Educa\u00e7\u00e3o Fundamental II \u2013 Matem\u00e1tica <\/em><\/strong><\/li><li><strong><em>Professor de Educa\u00e7\u00e3o Infantil e Ensino Fundamental<\/em><\/strong><\/li><\/ul>\n\n\n\n<p>Vale lembrar que o <strong>edital<\/strong> do <strong>concurso Prefeitura de Santo Andr\u00e9<\/strong> oferta <strong>73 vagas imediatas mais cadastro reserva <\/strong>para diversos cargos de n\u00edveis de escolaridade fundamental at\u00e9 a quarta s\u00e9rie, fundamental completo, m\u00e9dio e superior exigidos. Foram registrados no total, <strong>34.074 candidatos inscritos<\/strong>.<\/p>\n\n\n\n<p>Neste artigo voc\u00ea obter\u00e1 todas as informa\u00e7\u00f5es sobre o concurso Prefeitura de Santo Andr\u00e9, tais como cargos oferecidos, etapas do concurso, crit\u00e9rios de avalia\u00e7\u00e3o e datas mais importantes para ficar por dentro de todos os requisitos necess\u00e1rios e se preparar da melhor forma poss\u00edvel. <\/p>\n\n\n\n<ul class=\"wp-block-list\"><li><a href=\"#gabarito\"><strong><em>Gabarito oficial da prova objetiva<\/em><\/strong><\/a><\/li><li><em><a href=\"#cargos-oferecidos\"><strong>Cargos oferecidos no edital<\/strong><\/a><\/em><\/li><li><a href=\"#cargos-oferecidos\"><em><strong>Etapas do concurso<\/strong><\/em><\/a><\/li><li><em><a href=\"http:\/\/cursos-assinatura\"><strong>Cursos e assinatura<\/strong><\/a><\/em><\/li><\/ul>\n\n\n\n<h2 class=\"wp-block-heading\" id=\"gabarito\">Gabarito oficial da prova objetiva<\/h2>\n\n\n\n<p>Foram publicados os gabaritos oficiais das provas objetivas do concurso Prefeitura de Santo Andr\u00e9, realizadas no dia 16 de fevereiro. Agora, fica aberto o per\u00edodo de recurso para aqueles candidatos que n\u00e3o concordam com alguma resposta. Todo o processo deve ser realizado no site da banca organizadora, a <strong>Funda\u00e7\u00e3o<\/strong> <strong>Vunesp.<\/strong><\/p>\n\n\n\n<p>Confira no link abaixo o gabarito oficial do concurso:<\/p>\n\n\n\n<p class=\"has-background has-text-align-center has-medium-font-size has-very-light-gray-background-color\"><strong><a aria-label=\"Gabarito Oficial (abre numa nova aba)\" href=\"https:\/\/dhg1h5j42swfq.cloudfront.net\/2020\/02\/19155553\/gabarito.pdf\" target=\"_blank\" rel=\"noreferrer noopener\">Gabarito Oficial<\/a><\/strong><\/p>\n\n\n\n<h2 class=\"wp-block-heading\" id=\"cargos-oferecidos\">Cargos oferecidos no concurso Prefeitura de Santo Andr\u00e9 <\/h2>\n\n\n\n<h3 class=\"wp-block-heading\">N\u00edvel Fundamental <\/h3>\n\n\n\n<figure class=\"wp-block-table aligncenter is-style-stripes\"><table class=\"has-subtle-pale-blue-background-color has-fixed-layout has-background\"><tbody><tr><td><strong>Cargos <\/strong><\/td><td><strong>Vagas<\/strong><\/td><td><strong>Vencimentos <\/strong><\/td><td><strong>Requisitos <\/strong><\/td><\/tr><tr><td> Merendeira <\/td><td>1<\/td><td> R$ 1.361,33 <\/td><td> Ensino Fundamental at\u00e9 a 4\u00aa s\u00e9rie (atual 5\u00ba ano) <\/td><\/tr><tr><td> Salva-vidas <\/td><td>9<\/td><td> R$ 1.512,15 <\/td><td> Ensino Fundamental at\u00e9 a 4\u00aa s\u00e9rie (atual 5\u00ba ano)  <\/td><\/tr><tr><td> Servente Geral <\/td><td>1<\/td><td> R$ 1.361,33 <\/td><td>Ensino Fundamental at\u00e9 a 4\u00aa s\u00e9rie (atual 5\u00ba ano)  <\/td><\/tr><tr><td>Lactarista<\/td><td>1<\/td><td> R$ 1.361,33 <\/td><td> Ensino Fundamental Completo<\/td><\/tr><\/tbody><\/table><\/figure>\n\n\n\n<h3 class=\"wp-block-heading\">N\u00edvel M\u00e9dio <\/h3>\n\n\n\n<figure class=\"wp-block-table aligncenter is-style-stripes\"><table class=\"has-subtle-pale-blue-background-color has-fixed-layout has-background\"><tbody><tr><td><strong>Cargos<\/strong><\/td><td><strong>Vagas <\/strong><\/td><td><strong>Vencimentos<\/strong><\/td><td><strong>Requisitos <\/strong><\/td><\/tr><tr><td> Agente de Atividades Escolares <\/td><td>1<\/td><td> R$ 1.685,68 <\/td><td> Ensino M\u00e9dio Completo <\/td><\/tr><tr><td> Agente de Desenvolviment o Infantil <\/td><td>20<\/td><td> R$ 1.906,63 <\/td><td> Ensino M\u00e9dio Completo <\/td><\/tr><tr><td> Agente de Inclus\u00e3o Escolar  <\/td><td>1<\/td><td> R$ 2.446,94 <\/td><td> Ensino M\u00e9dio Completo <\/td><\/tr><tr><td> Auxiliar Administrativo II <\/td><td>1<\/td><td> R$ 1.685,68 <\/td><td> Ensino M\u00e9dio Completo <\/td><\/tr><tr><td> Inspetor de Alunos  <\/td><td>2<\/td><td> R$ 1.512,15 <\/td><td> Ensino M\u00e9dio Completo <\/td><\/tr><tr><td> Monitor de Inclus\u00e3o Digital <\/td><td>4<\/td><td> R$ 2.133,24 <\/td><td> Ensino M\u00e9dio Completo + Conhecimento em Inform\u00e1tica <\/td><\/tr><\/tbody><\/table><\/figure>\n\n\n\n<h3 class=\"wp-block-heading\">N\u00edvel Superior <\/h3>\n\n\n\n<figure class=\"wp-block-table aligncenter is-style-stripes\"><table class=\"has-subtle-pale-blue-background-color has-fixed-layout has-background\"><tbody><tr><td><strong>Cargos<\/strong><\/td><td><strong>Vagas<\/strong><\/td><td><strong>Vencimentos <\/strong><\/td><td><strong>Requisitos<\/strong><\/td><\/tr><tr><td> Professor de Educa\u00e7\u00e3o F\u00edsica  <\/td><td>1<\/td><td> R$ 20,24\/por hora <\/td><td> Licenciatura Plena em Educa\u00e7\u00e3o F\u00edsica + registro no Conselho  <\/td><\/tr><tr><td> Professor de Educa\u00e7\u00e3o Infantil e Ensino Fundamental <\/td><td>20<\/td><td> R$ 16,67\/por hora (magist\u00e9rio) ou  R$ 20,24\/por hora (pedagogia)<\/td><td> Gradua\u00e7\u00e3o plena em curso de Pedagogia ou Normal Superior, ou forma\u00e7\u00e3o em n\u00edvel m\u00e9dio, na modalidade Normal <\/td><\/tr><tr><td> Professor de Educa\u00e7\u00e3o Fundamental II &#8211; L\u00edngua Portuguesa <\/td><td>1<\/td><td> R$ 20,24\/por hora <\/td><td>Licenciatura Plena em Letras com habilita\u00e7\u00e3o em Portugu\u00eas, ou  Programa Especial de Forma\u00e7\u00e3o Pedag\u00f3gica na disciplina \u201cPortugu\u00eas&#8221; <\/td><\/tr><tr><td> Professor de Educa\u00e7\u00e3o Fundamental II \u2013 Hist\u00f3ria <\/td><td>CR<\/td><td> R$ 20,24\/por hora <\/td><td> Licenciatura Plena em Hist\u00f3ria ou em Estudos Sociais com habilita\u00e7\u00e3o em Hist\u00f3ria, ou Programa Especial de Forma\u00e7\u00e3o Pedag\u00f3gica na disciplina \u201cHist\u00f3ria\u201d <\/td><\/tr><tr><td> Professor de Educa\u00e7\u00e3o Fundamental II &#8211; Matem\u00e1tica <\/td><td>4<\/td><td> R$ 20,24\/por hora <\/td><td> Licenciatura Plena em Matem\u00e1tica ou em Ci\u00eancias com habilita\u00e7\u00e3o em Matem\u00e1tica, ou Programa Especial de Forma\u00e7\u00e3o Pedag\u00f3gica na disciplina \u201cMatem\u00e1tica\u201d. <\/td><\/tr><tr><td> Professor de Educa\u00e7\u00e3o Fundamental II &#8211; Ci\u00eancias <\/td><td>1<\/td><td> R$ 20,24\/por hora <\/td><td> Licenciatura Plena em Ci\u00eancias com habilita\u00e7\u00e3o em Biologia, em Ci\u00eancias Biol\u00f3gicas ou em Ci\u00eancias da Natureza; ou Programa Especial de Forma\u00e7\u00e3o Pedag\u00f3gica na disciplina \u201cCi\u00eancias Biol\u00f3gicas&#8221; ou \u201cBiologia&#8221; <\/td><\/tr><tr><td> Professor de Educa\u00e7\u00e3o Fundamental II \u2013 Arte <\/td><td>2<\/td><td> R$ 20,24\/por hora <\/td><td> &#8211; Licenciatura Plena em Educa\u00e7\u00e3o Art\u00edstica; ou Licenciatura Plena em Artes em qualquer das linguagens: Artes Visuais, Artes Pl\u00e1sticas com \u00eanfase em Design, M\u00fasica\/Educa\u00e7\u00e3o Musical, Teatro, Artes C\u00eanicas e Dan\u00e7a; ou Programa Especial de Forma\u00e7\u00e3o Pedag\u00f3gica na disciplina \u201cEduca\u00e7\u00e3o Art\u00edstica\u201d ou \u201cArtes\u201d. <\/td><\/tr><tr><td> Professor de Educa\u00e7\u00e3o Fundamental II \u2013 Geografia <\/td><td>2<\/td><td> R$ 20,24\/por hora <\/td><td> &#8211; Licenciatura Plena em Geografia; ou &#8211; Licenciatura Plena em Estudos Sociais com habilita\u00e7\u00e3o em Geografia; ou &#8211; Programa Especial de Forma\u00e7\u00e3o Pedag\u00f3gica na disciplina \u201cgeografia\u201d.  <\/td><\/tr><tr><td> Professor de Educa\u00e7\u00e3o Fundamental II &#8211; L\u00edngua Estrangeira (Ingl\u00eas) <\/td><td>1<\/td><td> R$ 20,24\/por hora <\/td><td> Licenciatura Plena em Letras com habilita\u00e7\u00e3o em Ingl\u00eas; ou &#8211; Programa Especial de Forma\u00e7\u00e3o Pedag\u00f3gica na disciplina \u201cIngl\u00eas\u201d.   <\/td><\/tr><\/tbody><\/table><\/figure>\n\n\n\n<h2 class=\"wp-block-heading\" id=\"etapas-concurso\">Etapas do concurso Prefeitura de Santo Andr\u00e9 <\/h2>\n\n\n\n<p>O certame ter\u00e1 crit\u00e9rios de avalia\u00e7\u00e3o diferentes a depender do n\u00edvel de escolaridade do cargo pretendido, a saber:  <\/p>\n\n\n\n<ul class=\"wp-block-list\"><li><strong><em>Prova Objetiva (todos os cargos)<\/em><\/strong>: car\u00e1ter eliminat\u00f3rio e classificat\u00f3rio<\/li><li><strong><em>Prova Pr\u00e1tica (cargos n\u00edvel fundamental e m\u00e9dio):<\/em><\/strong> car\u00e1ter eliminat\u00f3rio e classificat\u00f3rio. <\/li><li><em><strong>Prova de Reda\u00e7\u00e3o (cargos de n\u00edvel superior)<\/strong><\/em>: car\u00e1ter eliminat\u00f3rio e classificat\u00f3rio. <\/li><li><strong><em>Prova de T\u00edtulos (cargos de n\u00edvel superior):<\/em><\/strong> car\u00e1ter classificat\u00f3rio<\/li><\/ul>\n\n\n\n<h3 class=\"wp-block-heading\">Concurso Prefeitura de Santo Andr\u00e9: Prova Objetiva<\/h3>\n\n\n\n<p>O n\u00famero de quest\u00f5es da prova objetiva <mark>concurso Prefeitura<\/mark> de <mark>Santo Andr\u00e9<\/mark>, assim como as disciplinas exigidas  dependeu do n\u00edvel de escolaridade do cargo exigido, conforme discriminado nas tabelas abaixo: <\/p>\n\n\n\n<p><strong>N\u00edvel Fundamental <\/strong><\/p>\n\n\n\n<p><\/p>\n\n\n\n<figure class=\"wp-block-table aligncenter is-style-stripes\"><table class=\"has-subtle-pale-blue-background-color has-fixed-layout has-background\"><tbody><tr><td><strong>Disciplinas<\/strong><\/td><td><strong>N\u00famero de quest\u00f5es <\/strong><\/td><\/tr><tr><td>L\u00edngua Portuguesa<\/td><td>15<\/td><\/tr><tr><td>Matem\u00e1tica<\/td><td>15<\/td><\/tr><tr><td>Conhecimentos Espec\u00edficos<\/td><td>10<\/td><\/tr><\/tbody><\/table><\/figure>\n\n\n\n<p><strong>N\u00edvel M\u00e9dio<\/strong><\/p>\n\n\n\n<p><\/p>\n\n\n\n<figure class=\"wp-block-table aligncenter is-style-stripes\"><table class=\"has-subtle-pale-blue-background-color has-fixed-layout has-background\"><tbody><tr><td><strong>Disciplinas<\/strong><\/td><td><strong>N\u00famero de quest\u00f5es <\/strong><\/td><\/tr><tr><td>L\u00edngua Portuguesa <\/td><td>15<\/td><\/tr><tr><td>Matem\u00e1tica <\/td><td>10<\/td><\/tr><tr><td>No\u00e7\u00f5es de Inform\u00e1tica<\/td><td>5<\/td><\/tr><tr><td>Conhecimentos Espec\u00edficos <\/td><td>20<\/td><\/tr><\/tbody><\/table><\/figure>\n\n\n\n<p>Tanto as provas objetivas para n\u00edvel fundamental como as de n\u00edvel m\u00e9dio tiveram dura\u00e7\u00e3o de<strong> 4 horas. <\/strong><\/p>\n\n\n\n<p><strong>N\u00edvel Superior <\/strong><\/p>\n\n\n\n<p><em> Professor de Educa\u00e7\u00e3o Infantil e Ensino Fundamental <\/em><\/p>\n\n\n\n<p><\/p>\n\n\n\n<figure class=\"wp-block-table aligncenter is-style-stripes\"><table class=\"has-subtle-pale-blue-background-color has-fixed-layout has-background\"><tbody><tr><td><strong>Disciplina<\/strong><\/td><td><strong>N\u00famero de quest\u00f5es <\/strong><\/td><\/tr><tr><td>L\u00edngua Portuguesa<\/td><td>15<\/td><\/tr><tr><td>Matem\u00e1tica<\/td><td>15<\/td><\/tr><tr><td>Conhecimentos Pedag\u00f3gicos e Legisla\u00e7\u00e3o<\/td><td>20<\/td><\/tr><\/tbody><\/table><\/figure>\n\n\n\n<p><em>Demais cargos de professor <\/em><\/p>\n\n\n\n<p><\/p>\n\n\n\n<figure class=\"wp-block-table aligncenter is-style-stripes\"><table class=\"has-subtle-pale-blue-background-color has-fixed-layout has-background\"><tbody><tr><td><strong>Disciplina<\/strong> <\/td><td><strong>N\u00famero de quest\u00f5es <\/strong> <\/td><\/tr><tr><td> L\u00edngua Portuguesa <\/td><td>10<\/td><\/tr><tr><td> Conhecimentos Pedag\u00f3gicos e Legisla\u00e7\u00e3o <\/td><td>15<\/td><\/tr><tr><td> Conhecimentos Espec\u00edficos <\/td><td>25<\/td><\/tr><\/tbody><\/table><\/figure>\n\n\n\n<p>Todas as provas objetivas aplicadas para o n\u00edvel superior tiveram dura\u00e7\u00e3o de <strong>4 horas e 30 minutos. <\/strong><\/p>\n\n\n\n<p>A prova objetiva foi avaliada numa escala de 0 a 100 pontos, sendo considerado habilitado o candidato que obtiver nota igual ou superior a 50 pontos e n\u00e3o zerar nenhuma das disciplinas. <\/p>\n\n\n\n<h3 class=\"wp-block-heading\">Concurso Prefeitura de Santo Andr\u00e9: Prova Pr\u00e1tica<\/h3>\n\n\n\n<p>A Prova Pr\u00e1tica, de car\u00e1ter eliminat\u00f3rio e classificat\u00f3rio <mark>concurso Prefeitura<\/mark> de <mark>Santo Andr\u00e9<\/mark> ser\u00e1 aplicada para os <em><strong>cargos de n\u00edvel fundamental e m\u00e9dio<\/strong><\/em>, consistindo na avalia\u00e7\u00e3o do grau de conhecimento e habilidades do candidato por meio de demonstra\u00e7\u00e3o pr\u00e1tica das atividades a serem desempenhadas no exerc\u00edcio do respectivo cargo.  <\/p>\n\n\n\n<p>Ser\u00e3o convocados para a realiza\u00e7\u00e3o da prova pr\u00e1tica, os candidatos mais bem habilitados na prova objetiva, conforme tabela abaixo: <\/p>\n\n\n\n<p><\/p>\n\n\n\n<figure class=\"wp-block-table aligncenter is-style-stripes\"><table class=\"has-subtle-pale-blue-background-color has-fixed-layout has-background\"><tbody><tr><td><strong>Cargos<\/strong><\/td><td><strong>Ampla Concorr\u00eancia<\/strong><\/td><td><strong>PCD<\/strong><\/td><\/tr><tr><td> Lactarista  <\/td><td>50 primeiros <\/td><td>3 primeiros  <\/td><\/tr><tr><td> Merendeira <\/td><td>100 primeiros <\/td><td>5 primeiros  <\/td><\/tr><tr><td> Servente Geral<\/td><td>500 primeiros <\/td><td>25 primeiros  <\/td><\/tr><tr><td>Salva-vidas<\/td><td>60 primeiros <\/td><td>&#8211;<\/td><\/tr><\/tbody><\/table><\/figure>\n\n\n\n<h3 class=\"wp-block-heading\">Concurso Prefeitura de Santo Andr\u00e9: Prova de Reda\u00e7\u00e3o <\/h3>\n\n\n\n<p>A Prova de Reda\u00e7\u00e3o, de car\u00e1ter eliminat\u00f3rio e classificat\u00f3rio, do concurso Prefeitura de Santo Andr\u00e9, ser\u00e1 aplicada aos candidatos a <strong>cargos de n\u00edvel superior<\/strong>, consistindo na avalia\u00e7\u00e3o da capacidade do candidato para escrever um texto coeso e coerente sobre um determinado tema, de acordo com a norma padr\u00e3o da l\u00edngua portuguesa. <\/p>\n\n\n\n<p>Os crit\u00e9rios de an\u00e1lise levar\u00e3o em conta o atendimento ao <strong>tema <\/strong>proposto; os aspectos referentes ao<strong> g\u00eanero de texto proposto e \u00e0 coer\u00eancia de ideias <\/strong>bem como os referentes \u00e0 <strong>coes\u00e3o textual<\/strong> e ao <strong>dom\u00ednio da norma padr\u00e3o da l\u00edngua portuguesa<\/strong>.  <\/p>\n\n\n\n<p>A prova ser\u00e1 aplicada na mesma data e per\u00edodo da prova objetiva. O candidato dever\u00e1 produzir um texto dissertativo-argumentativo, a partir da leitura de textos auxiliares como referencial para ampliar seus argumentos. <\/p>\n\n\n\n<p>Ser\u00e1 corrigida a reda\u00e7\u00e3o de todos os candidatos habilitados na prova objetiva. A reda\u00e7\u00e3o ser\u00e1 avaliada de 0 a 100 pontos, sendo considerado habilitado o candidato que obtiver nota igual ou superior a 50 pontos. <\/p>\n\n\n\n<h3 class=\"wp-block-heading\">Concurso Prefeitura de Santo Andr\u00e9: Prova de T\u00edtulos <\/h3>\n\n\n\n<p>A prova de t\u00edtulos do concurso Prefeitura de Santo Andr\u00e9 ter\u00e1 car\u00e1ter classificat\u00f3rio. Ter\u00e3o seus t\u00edtulos avaliados os candidatos ao <strong>cargos de n\u00edvel superior<\/strong> que forem melhor colocados na propor\u00e7\u00e3o a seguir: <\/p>\n\n\n\n<p><\/p>\n\n\n\n<figure class=\"wp-block-table aligncenter is-style-stripes\"><table class=\"has-subtle-pale-blue-background-color has-fixed-layout has-background\"><tbody><tr><td><strong>Cargos<\/strong><\/td><td><strong>Ampla Concorr\u00eancia<\/strong><\/td><td><strong>PCD<\/strong><\/td><\/tr><tr><td> Professor de Educa\u00e7\u00e3o Infantil e Ensino Fundamental <\/td><td>1500 primeiros <\/td><td>75 primeiros  <\/td><\/tr><tr><td> Professor de Educa\u00e7\u00e3o F\u00edsica <\/td><td> 200 primeiros <\/td><td>10 primeiros  <\/td><\/tr><tr><td>Demais cargos de Professor <\/td><td>100 primeiros <\/td><td>5 primeiros  <\/td><\/tr><\/tbody><\/table><\/figure>\n\n\n\n<p>A prova de t\u00edtulos estar\u00e1 limitada a 20 pontos e seguir\u00e1 a seguinte estrutura: <\/p>\n\n\n\n<div class=\"wp-block-image\"><figure class=\"aligncenter\"><img loading=\"lazy\" decoding=\"async\" width=\"634\" height=\"276\" src=\"https:\/\/dhg1h5j42swfq.cloudfront.net\/2019\/11\/11171901\/titulos-pref-santo-andre.png.png\" alt=\"\" class=\"wp-image-446836\" srcset=\"https:\/\/dhg1h5j42swfq.cloudfront.net\/2019\/11\/11171901\/titulos-pref-santo-andre.png.png 634w, https:\/\/dhg1h5j42swfq.cloudfront.net\/2019\/11\/11171901\/titulos-pref-santo-andre.png.png 300w, https:\/\/dhg1h5j42swfq.cloudfront.net\/2019\/11\/11171901\/titulos-pref-santo-andre.png.png 610w\" sizes=\"auto, (max-width: 634px) 100vw, 634px\" \/><\/figure><\/div>\n\n\n\n<p class=\"has-text-align-center\"><strong><em><strong>Sistema de Quest\u00f5es<\/strong><\/em><\/strong><\/p>\n\n\n\n<p class=\"has-text-align-center\">Estrat\u00e9gia Quest\u00f5es nasceu maior do que todos os concorrentes, com mais quest\u00f5es cadastradas e mais solu\u00e7\u00f5es por professores. Clique no link e aproveite os descontos e b\u00f4nus imperd\u00edveis!<\/p>\n\n\n\n<p class=\"has-background has-text-align-center has-vivid-green-cyan-background-color\"><strong>ASSINE AGORA \u2013 <a href=\"https:\/\/www.estrategiaconcursos.com.br\/cursosPorConcurso\/sistema-de-questoes\/#\/\" target=\"_blank\" rel=\"noreferrer noopener\">Sistema de Quest\u00f5es<\/a><\/strong><\/p>\n\n\n\n<h4 class=\"has-text-align-center wp-block-heading\" id=\"assinatura\"><em><strong>Assinatura Anual Ilimitada*<\/strong><\/em><\/h4>\n\n\n\n<p class=\"has-text-align-center\"><em>Prepare-se com o melhor material e com quem mais aprova em Concursos P\u00fablicos em todo o pa\u00eds. Assine agora a nossa Assinatura Anual e tenha acesso ilimitado* a todos os nossos cursos.<\/em><\/p>\n\n\n\n<p class=\"has-background has-text-align-center has-light-green-cyan-background-color\"><strong>ASSINE AGORA<\/strong>&nbsp;\u2013&nbsp;<a href=\"https:\/\/www.estrategiaconcursos.com.br\/assinaturas\" target=\"_blank\" rel=\"noreferrer noopener\">Assinatura Ilimitada<\/a><\/p>\n\n\n\n<p class=\"has-background has-text-align-center has-pale-cyan-blue-background-color\"><strong><a href=\"https:\/\/www.estrategiaconcursos.com.br\/blog\/concursos-abertos\/\">CONCURSOS ABERTOS<\/a><\/strong><\/p>\n\n\n\n<p class=\"has-background has-text-align-center has-pale-cyan-blue-background-color\"><a href=\"https:\/\/www.estrategiaconcursos.com.br\/blog\/concursos-2020\/\"><strong>CONCURSOS<\/strong><\/a><strong><a href=\"https:\/\/www.estrategiaconcursos.com.br\/blog\/concursos-2020\/\">&nbsp;2020<\/a><\/strong><\/p>\n\n\n\n<p class=\"has-background has-text-align-center has-pale-cyan-blue-background-color\"><a href=\"https:\/\/www.estrategiaconcursos.com.br\/blog\/concursos-2021\/\" target=\"_blank\" rel=\"noreferrer noopener\"><strong>CONCURSOS 2021<\/strong><\/a><\/p>\n\n\n\n<figure class=\"wp-block-image\"><img decoding=\"async\" src=\"https:\/\/dhg1h5j42swfq.cloudfront.net\/2017\/03\/28152500\/coruja-ficha-tecnica-300x102.png\" alt=\"Ficha T\u00e9cnica Edital Prefeitura de Santo Andr\u00e9 \"\/><\/figure>\n\n\n\n<h4 class=\"wp-block-heading\" id=\"ficha-tecnica\"><strong>Informa\u00e7\u00f5es do&nbsp;<\/strong>Concurso Prefeitura de Santo Andr\u00e9<\/h4>\n\n\n\n<p><strong>\u25baVagas:&nbsp;<\/strong>73 + CR<strong><br \/>\u25baBanca:&nbsp;<\/strong>VUNESP<br \/><strong>\u25baEscolaridade:<\/strong>&nbsp;N\u00edvel fundamental, m\u00e9dio e superior<br \/><strong>\u25baEdital 2019:&nbsp;<\/strong><a href=\"https:\/\/dhg1h5j42swfq.cloudfront.net\/2019\/11\/11125927\/Edital_Prefeitura_de_Santo_Andr%C3%A9_Educa%C3%A7%C3%A3o_2019.pdf\">Edital Prefeitura de Santo Andr\u00e9<\/a><\/p>\n\n\n\n<p><br \/><br \/><em>Ascom Estrat\u00e9gia<\/em><br \/>ascomestrategia@gmail.com<\/p>\n","protected":false},"excerpt":{"rendered":"<p>Edital Prefeitura de Santo Andr\u00e9 <\/p>\n","protected":false},"author":1,"featured_media":446686,"comment_status":"open","ping_status":"closed","sticky":false,"template":"","format":"standard","meta":{"post_tipo":"news","footnotes":""},"categories":[1],"tags":[],"tax_estado":[],"class_list":["post-446637","post","type-post","status-publish","format-standard","has-post-thumbnail","hentry","category-cursos-e-concursos"],"acf":[],"yoast_head":"<!-- This site is optimized with the Yoast SEO Premium plugin v27.2 (Yoast SEO v27.2) - https:\/\/yoast.com\/product\/yoast-seo-premium-wordpress\/ -->\n<title>Concurso Prefeitura de Santo Andr\u00e9: \u00f3rg\u00e3o homologa 10 cargos<\/title>\n<meta name=\"description\" content=\"Concurso Prefeitura de Santo Andr\u00e9 - SP: org\u00e3o homologou o concurso p\u00fablico para 10 cargos espec\u00edficos. Confira mais informa\u00e7\u00f5es neste artigo.\" \/>\n<meta name=\"robots\" content=\"index, follow, max-snippet:-1, max-image-preview:large, max-video-preview:-1\" \/>\n<link rel=\"canonical\" href=\"https:\/\/www.estrategiaconcursos.com.br\/blog\/edital-prefeitura-de-santo-andre\/\" \/>\n<meta property=\"og:locale\" content=\"pt_BR\" \/>\n<meta property=\"og:type\" content=\"article\" \/>\n<meta property=\"og:title\" content=\"Concurso Prefeitura de Santo Andr\u00e9: \u00f3rg\u00e3o homologa 10 cargos\" \/>\n<meta property=\"og:description\" content=\"Concurso Prefeitura de Santo Andr\u00e9 - SP: org\u00e3o homologou o concurso p\u00fablico para 10 cargos espec\u00edficos. Confira mais informa\u00e7\u00f5es neste artigo.\" \/>\n<meta property=\"og:url\" content=\"https:\/\/www.estrategiaconcursos.com.br\/blog\/edital-prefeitura-de-santo-andre\/\" \/>\n<meta property=\"og:site_name\" content=\"Estrat\u00e9gia Concursos\" \/>\n<meta property=\"article:author\" content=\"https:\/\/www.facebook.com\/EstrategiaConcursos\" \/>\n<meta property=\"article:published_time\" content=\"2020-06-29T18:20:00+00:00\" \/>\n<meta property=\"article:modified_time\" content=\"2020-12-16T13:29:20+00:00\" \/>\n<meta property=\"og:image\" content=\"https:\/\/dhg1h5j42swfq.cloudfront.net\/2019\/11\/11120208\/paco-santo-andre-aerea_38b6a17b.jpg\" \/>\n\t<meta property=\"og:image:width\" content=\"470\" \/>\n\t<meta property=\"og:image:height\" content=\"280\" \/>\n\t<meta property=\"og:image:type\" content=\"image\/jpeg\" \/>\n<meta name=\"author\" content=\"Coordena\u00e7\u00e3o\" \/>\n<meta name=\"twitter:card\" content=\"summary_large_image\" \/>\n<meta name=\"twitter:creator\" content=\"@EstratConcursos\" \/>\n<meta name=\"twitter:site\" content=\"@EstratConcursos\" \/>\n<meta name=\"twitter:label1\" content=\"Escrito por\" \/>\n\t<meta name=\"twitter:data1\" content=\"Coordena\u00e7\u00e3o\" \/>\n\t<meta name=\"twitter:label2\" content=\"Est. tempo de leitura\" \/>\n\t<meta name=\"twitter:data2\" content=\"8 minutos\" \/>\n<script type=\"application\/ld+json\" class=\"yoast-schema-graph\">{\"@context\":\"https:\/\/schema.org\",\"@graph\":[{\"@type\":\"NewsArticle\",\"@id\":\"https:\/\/www.estrategiaconcursos.com.br\/blog\/edital-prefeitura-de-santo-andre\/#article\",\"isPartOf\":{\"@id\":\"https:\/\/www.estrategiaconcursos.com.br\/blog\/edital-prefeitura-de-santo-andre\/\"},\"author\":{\"name\":\"Coordena\u00e7\u00e3o\",\"@id\":\"https:\/\/www.estrategiaconcursos.com.br\/blog\/#\/schema\/person\/b4a388c97673c5f483d72185668afa1f\"},\"headline\":\"Concurso Prefeitura de Santo Andr\u00e9: \u00f3rg\u00e3o homologa 10 cargos\",\"datePublished\":\"2020-06-29T18:20:00+00:00\",\"dateModified\":\"2020-12-16T13:29:20+00:00\",\"mainEntityOfPage\":{\"@id\":\"https:\/\/www.estrategiaconcursos.com.br\/blog\/edital-prefeitura-de-santo-andre\/\"},\"wordCount\":1573,\"commentCount\":3,\"publisher\":{\"@id\":\"https:\/\/www.estrategiaconcursos.com.br\/blog\/#organization\"},\"image\":{\"@id\":\"https:\/\/www.estrategiaconcursos.com.br\/blog\/edital-prefeitura-de-santo-andre\/#primaryimage\"},\"thumbnailUrl\":\"https:\/\/dhg1h5j42swfq.cloudfront.net\/2019\/11\/11120208\/paco-santo-andre-aerea_38b6a17b.jpg\",\"articleSection\":[\"Concursos P\u00fablicos\"],\"inLanguage\":\"pt-BR\",\"potentialAction\":[{\"@type\":\"CommentAction\",\"name\":\"Comment\",\"target\":[\"https:\/\/www.estrategiaconcursos.com.br\/blog\/edital-prefeitura-de-santo-andre\/#respond\"]}],\"copyrightYear\":\"2020\",\"copyrightHolder\":{\"@id\":\"https:\/\/www.estrategiaconcursos.com.br\/blog\/#organization\"}},{\"@type\":\"WebPage\",\"@id\":\"https:\/\/www.estrategiaconcursos.com.br\/blog\/edital-prefeitura-de-santo-andre\/\",\"url\":\"https:\/\/www.estrategiaconcursos.com.br\/blog\/edital-prefeitura-de-santo-andre\/\",\"name\":\"Concurso Prefeitura de Santo Andr\u00e9: \u00f3rg\u00e3o homologa 10 cargos\",\"isPartOf\":{\"@id\":\"https:\/\/www.estrategiaconcursos.com.br\/blog\/#website\"},\"primaryImageOfPage\":{\"@id\":\"https:\/\/www.estrategiaconcursos.com.br\/blog\/edital-prefeitura-de-santo-andre\/#primaryimage\"},\"image\":{\"@id\":\"https:\/\/www.estrategiaconcursos.com.br\/blog\/edital-prefeitura-de-santo-andre\/#primaryimage\"},\"thumbnailUrl\":\"https:\/\/dhg1h5j42swfq.cloudfront.net\/2019\/11\/11120208\/paco-santo-andre-aerea_38b6a17b.jpg\",\"datePublished\":\"2020-06-29T18:20:00+00:00\",\"dateModified\":\"2020-12-16T13:29:20+00:00\",\"description\":\"Concurso Prefeitura de Santo Andr\u00e9 - SP: org\u00e3o homologou o concurso p\u00fablico para 10 cargos espec\u00edficos. Confira mais informa\u00e7\u00f5es neste artigo.\",\"breadcrumb\":{\"@id\":\"https:\/\/www.estrategiaconcursos.com.br\/blog\/edital-prefeitura-de-santo-andre\/#breadcrumb\"},\"inLanguage\":\"pt-BR\",\"potentialAction\":[{\"@type\":\"ReadAction\",\"target\":[\"https:\/\/www.estrategiaconcursos.com.br\/blog\/edital-prefeitura-de-santo-andre\/\"]}]},{\"@type\":\"ImageObject\",\"inLanguage\":\"pt-BR\",\"@id\":\"https:\/\/www.estrategiaconcursos.com.br\/blog\/edital-prefeitura-de-santo-andre\/#primaryimage\",\"url\":\"https:\/\/dhg1h5j42swfq.cloudfront.net\/2019\/11\/11120208\/paco-santo-andre-aerea_38b6a17b.jpg\",\"contentUrl\":\"https:\/\/dhg1h5j42swfq.cloudfront.net\/2019\/11\/11120208\/paco-santo-andre-aerea_38b6a17b.jpg\",\"width\":470,\"height\":280,\"caption\":\"Edital Prefeitura de Santo Andr\u00e9\"},{\"@type\":\"BreadcrumbList\",\"@id\":\"https:\/\/www.estrategiaconcursos.com.br\/blog\/edital-prefeitura-de-santo-andre\/#breadcrumb\",\"itemListElement\":[{\"@type\":\"ListItem\",\"position\":1,\"name\":\"In\u00edcio\",\"item\":\"https:\/\/www.estrategiaconcursos.com.br\/blog\/\"},{\"@type\":\"ListItem\",\"position\":2,\"name\":\"Concurso Prefeitura de Santo Andr\u00e9: \u00f3rg\u00e3o homologa 10 cargos\"}]},{\"@type\":\"WebSite\",\"@id\":\"https:\/\/www.estrategiaconcursos.com.br\/blog\/#website\",\"url\":\"https:\/\/www.estrategiaconcursos.com.br\/blog\/\",\"name\":\"Estrat\u00e9gia Concursos\",\"description\":\"O blog da Estrat\u00e9gia Concursos traz not\u00edcias sobre concursos e artigos de professores oferecendo cursos para concursos (pdf + videaulas) no site.\",\"publisher\":{\"@id\":\"https:\/\/www.estrategiaconcursos.com.br\/blog\/#organization\"},\"potentialAction\":[{\"@type\":\"SearchAction\",\"target\":{\"@type\":\"EntryPoint\",\"urlTemplate\":\"https:\/\/www.estrategiaconcursos.com.br\/blog\/?s={search_term_string}\"},\"query-input\":{\"@type\":\"PropertyValueSpecification\",\"valueRequired\":true,\"valueName\":\"search_term_string\"}}],\"inLanguage\":\"pt-BR\"},{\"@type\":\"Organization\",\"@id\":\"https:\/\/www.estrategiaconcursos.com.br\/blog\/#organization\",\"name\":\"Estrat\u00e9gia Concursos\",\"url\":\"https:\/\/www.estrategiaconcursos.com.br\/blog\/\",\"logo\":{\"@type\":\"ImageObject\",\"inLanguage\":\"pt-BR\",\"@id\":\"https:\/\/www.estrategiaconcursos.com.br\/blog\/#\/schema\/logo\/image\/\",\"url\":\"https:\/\/dhg1h5j42swfq.cloudfront.net\/2025\/06\/03203428\/logo_concursos-1.jpg\",\"contentUrl\":\"https:\/\/dhg1h5j42swfq.cloudfront.net\/2025\/06\/03203428\/logo_concursos-1.jpg\",\"width\":230,\"height\":60,\"caption\":\"Estrat\u00e9gia Concursos\"},\"image\":{\"@id\":\"https:\/\/www.estrategiaconcursos.com.br\/blog\/#\/schema\/logo\/image\/\"},\"sameAs\":[\"https:\/\/x.com\/EstratConcursos\"]},{\"@type\":\"Person\",\"@id\":\"https:\/\/www.estrategiaconcursos.com.br\/blog\/#\/schema\/person\/b4a388c97673c5f483d72185668afa1f\",\"name\":\"Coordena\u00e7\u00e3o\",\"image\":{\"@type\":\"ImageObject\",\"inLanguage\":\"pt-BR\",\"@id\":\"https:\/\/secure.gravatar.com\/avatar\/b720319e4c9a967eb58678d110f4fe35452fc5d5f97b202bac7b8acceb18c6ad?s=96&d=mm&r=g\",\"url\":\"https:\/\/secure.gravatar.com\/avatar\/b720319e4c9a967eb58678d110f4fe35452fc5d5f97b202bac7b8acceb18c6ad?s=96&d=mm&r=g\",\"contentUrl\":\"https:\/\/secure.gravatar.com\/avatar\/b720319e4c9a967eb58678d110f4fe35452fc5d5f97b202bac7b8acceb18c6ad?s=96&d=mm&r=g\",\"caption\":\"Coordena\u00e7\u00e3o\"},\"sameAs\":[\"https:\/\/www.facebook.com\/EstrategiaConcursos\",\"https:\/\/x.com\/EstratConcursos\"],\"url\":\"https:\/\/www.estrategiaconcursos.com.br\/blog\/author\/estrategia2013\/\"}]}<\/script>\n<!-- \/ Yoast SEO Premium plugin. -->","yoast_head_json":{"title":"Concurso Prefeitura de Santo Andr\u00e9: \u00f3rg\u00e3o homologa 10 cargos","description":"Concurso Prefeitura de Santo Andr\u00e9 - SP: org\u00e3o homologou o concurso p\u00fablico para 10 cargos espec\u00edficos. Confira mais informa\u00e7\u00f5es neste artigo.","robots":{"index":"index","follow":"follow","max-snippet":"max-snippet:-1","max-image-preview":"max-image-preview:large","max-video-preview":"max-video-preview:-1"},"canonical":"https:\/\/www.estrategiaconcursos.com.br\/blog\/edital-prefeitura-de-santo-andre\/","og_locale":"pt_BR","og_type":"article","og_title":"Concurso Prefeitura de Santo Andr\u00e9: \u00f3rg\u00e3o homologa 10 cargos","og_description":"Concurso Prefeitura de Santo Andr\u00e9 - SP: org\u00e3o homologou o concurso p\u00fablico para 10 cargos espec\u00edficos. Confira mais informa\u00e7\u00f5es neste artigo.","og_url":"https:\/\/www.estrategiaconcursos.com.br\/blog\/edital-prefeitura-de-santo-andre\/","og_site_name":"Estrat\u00e9gia Concursos","article_author":"https:\/\/www.facebook.com\/EstrategiaConcursos","article_published_time":"2020-06-29T18:20:00+00:00","article_modified_time":"2020-12-16T13:29:20+00:00","og_image":[{"width":470,"height":280,"url":"https:\/\/dhg1h5j42swfq.cloudfront.net\/2019\/11\/11120208\/paco-santo-andre-aerea_38b6a17b.jpg","type":"image\/jpeg"}],"author":"Coordena\u00e7\u00e3o","twitter_card":"summary_large_image","twitter_creator":"@EstratConcursos","twitter_site":"@EstratConcursos","twitter_misc":{"Escrito por":"Coordena\u00e7\u00e3o","Est. tempo de leitura":"8 minutos"},"schema":{"@context":"https:\/\/schema.org","@graph":[{"@type":"NewsArticle","@id":"https:\/\/www.estrategiaconcursos.com.br\/blog\/edital-prefeitura-de-santo-andre\/#article","isPartOf":{"@id":"https:\/\/www.estrategiaconcursos.com.br\/blog\/edital-prefeitura-de-santo-andre\/"},"author":{"name":"Coordena\u00e7\u00e3o","@id":"https:\/\/www.estrategiaconcursos.com.br\/blog\/#\/schema\/person\/b4a388c97673c5f483d72185668afa1f"},"headline":"Concurso Prefeitura de Santo Andr\u00e9: \u00f3rg\u00e3o homologa 10 cargos","datePublished":"2020-06-29T18:20:00+00:00","dateModified":"2020-12-16T13:29:20+00:00","mainEntityOfPage":{"@id":"https:\/\/www.estrategiaconcursos.com.br\/blog\/edital-prefeitura-de-santo-andre\/"},"wordCount":1573,"commentCount":3,"publisher":{"@id":"https:\/\/www.estrategiaconcursos.com.br\/blog\/#organization"},"image":{"@id":"https:\/\/www.estrategiaconcursos.com.br\/blog\/edital-prefeitura-de-santo-andre\/#primaryimage"},"thumbnailUrl":"https:\/\/dhg1h5j42swfq.cloudfront.net\/2019\/11\/11120208\/paco-santo-andre-aerea_38b6a17b.jpg","articleSection":["Concursos P\u00fablicos"],"inLanguage":"pt-BR","potentialAction":[{"@type":"CommentAction","name":"Comment","target":["https:\/\/www.estrategiaconcursos.com.br\/blog\/edital-prefeitura-de-santo-andre\/#respond"]}],"copyrightYear":"2020","copyrightHolder":{"@id":"https:\/\/www.estrategiaconcursos.com.br\/blog\/#organization"}},{"@type":"WebPage","@id":"https:\/\/www.estrategiaconcursos.com.br\/blog\/edital-prefeitura-de-santo-andre\/","url":"https:\/\/www.estrategiaconcursos.com.br\/blog\/edital-prefeitura-de-santo-andre\/","name":"Concurso Prefeitura de Santo Andr\u00e9: \u00f3rg\u00e3o homologa 10 cargos","isPartOf":{"@id":"https:\/\/www.estrategiaconcursos.com.br\/blog\/#website"},"primaryImageOfPage":{"@id":"https:\/\/www.estrategiaconcursos.com.br\/blog\/edital-prefeitura-de-santo-andre\/#primaryimage"},"image":{"@id":"https:\/\/www.estrategiaconcursos.com.br\/blog\/edital-prefeitura-de-santo-andre\/#primaryimage"},"thumbnailUrl":"https:\/\/dhg1h5j42swfq.cloudfront.net\/2019\/11\/11120208\/paco-santo-andre-aerea_38b6a17b.jpg","datePublished":"2020-06-29T18:20:00+00:00","dateModified":"2020-12-16T13:29:20+00:00","description":"Concurso Prefeitura de Santo Andr\u00e9 - SP: org\u00e3o homologou o concurso p\u00fablico para 10 cargos espec\u00edficos. Confira mais informa\u00e7\u00f5es neste artigo.","breadcrumb":{"@id":"https:\/\/www.estrategiaconcursos.com.br\/blog\/edital-prefeitura-de-santo-andre\/#breadcrumb"},"inLanguage":"pt-BR","potentialAction":[{"@type":"ReadAction","target":["https:\/\/www.estrategiaconcursos.com.br\/blog\/edital-prefeitura-de-santo-andre\/"]}]},{"@type":"ImageObject","inLanguage":"pt-BR","@id":"https:\/\/www.estrategiaconcursos.com.br\/blog\/edital-prefeitura-de-santo-andre\/#primaryimage","url":"https:\/\/dhg1h5j42swfq.cloudfront.net\/2019\/11\/11120208\/paco-santo-andre-aerea_38b6a17b.jpg","contentUrl":"https:\/\/dhg1h5j42swfq.cloudfront.net\/2019\/11\/11120208\/paco-santo-andre-aerea_38b6a17b.jpg","width":470,"height":280,"caption":"Edital Prefeitura de Santo Andr\u00e9"},{"@type":"BreadcrumbList","@id":"https:\/\/www.estrategiaconcursos.com.br\/blog\/edital-prefeitura-de-santo-andre\/#breadcrumb","itemListElement":[{"@type":"ListItem","position":1,"name":"In\u00edcio","item":"https:\/\/www.estrategiaconcursos.com.br\/blog\/"},{"@type":"ListItem","position":2,"name":"Concurso Prefeitura de Santo Andr\u00e9: \u00f3rg\u00e3o homologa 10 cargos"}]},{"@type":"WebSite","@id":"https:\/\/www.estrategiaconcursos.com.br\/blog\/#website","url":"https:\/\/www.estrategiaconcursos.com.br\/blog\/","name":"Estrat\u00e9gia Concursos","description":"O blog da Estrat\u00e9gia Concursos traz not\u00edcias sobre concursos e artigos de professores oferecendo cursos para concursos (pdf + videaulas) no site.","publisher":{"@id":"https:\/\/www.estrategiaconcursos.com.br\/blog\/#organization"},"potentialAction":[{"@type":"SearchAction","target":{"@type":"EntryPoint","urlTemplate":"https:\/\/www.estrategiaconcursos.com.br\/blog\/?s={search_term_string}"},"query-input":{"@type":"PropertyValueSpecification","valueRequired":true,"valueName":"search_term_string"}}],"inLanguage":"pt-BR"},{"@type":"Organization","@id":"https:\/\/www.estrategiaconcursos.com.br\/blog\/#organization","name":"Estrat\u00e9gia Concursos","url":"https:\/\/www.estrategiaconcursos.com.br\/blog\/","logo":{"@type":"ImageObject","inLanguage":"pt-BR","@id":"https:\/\/www.estrategiaconcursos.com.br\/blog\/#\/schema\/logo\/image\/","url":"https:\/\/dhg1h5j42swfq.cloudfront.net\/2025\/06\/03203428\/logo_concursos-1.jpg","contentUrl":"https:\/\/dhg1h5j42swfq.cloudfront.net\/2025\/06\/03203428\/logo_concursos-1.jpg","width":230,"height":60,"caption":"Estrat\u00e9gia Concursos"},"image":{"@id":"https:\/\/www.estrategiaconcursos.com.br\/blog\/#\/schema\/logo\/image\/"},"sameAs":["https:\/\/x.com\/EstratConcursos"]},{"@type":"Person","@id":"https:\/\/www.estrategiaconcursos.com.br\/blog\/#\/schema\/person\/b4a388c97673c5f483d72185668afa1f","name":"Coordena\u00e7\u00e3o","image":{"@type":"ImageObject","inLanguage":"pt-BR","@id":"https:\/\/secure.gravatar.com\/avatar\/b720319e4c9a967eb58678d110f4fe35452fc5d5f97b202bac7b8acceb18c6ad?s=96&d=mm&r=g","url":"https:\/\/secure.gravatar.com\/avatar\/b720319e4c9a967eb58678d110f4fe35452fc5d5f97b202bac7b8acceb18c6ad?s=96&d=mm&r=g","contentUrl":"https:\/\/secure.gravatar.com\/avatar\/b720319e4c9a967eb58678d110f4fe35452fc5d5f97b202bac7b8acceb18c6ad?s=96&d=mm&r=g","caption":"Coordena\u00e7\u00e3o"},"sameAs":["https:\/\/www.facebook.com\/EstrategiaConcursos","https:\/\/x.com\/EstratConcursos"],"url":"https:\/\/www.estrategiaconcursos.com.br\/blog\/author\/estrategia2013\/"}]}},"_links":{"self":[{"href":"https:\/\/www.estrategiaconcursos.com.br\/blog\/wp-json\/wp\/v2\/posts\/446637","targetHints":{"allow":["GET"]}}],"collection":[{"href":"https:\/\/www.estrategiaconcursos.com.br\/blog\/wp-json\/wp\/v2\/posts"}],"about":[{"href":"https:\/\/www.estrategiaconcursos.com.br\/blog\/wp-json\/wp\/v2\/types\/post"}],"author":[{"embeddable":true,"href":"https:\/\/www.estrategiaconcursos.com.br\/blog\/wp-json\/wp\/v2\/users\/1"}],"replies":[{"embeddable":true,"href":"https:\/\/www.estrategiaconcursos.com.br\/blog\/wp-json\/wp\/v2\/comments?post=446637"}],"version-history":[{"count":59,"href":"https:\/\/www.estrategiaconcursos.com.br\/blog\/wp-json\/wp\/v2\/posts\/446637\/revisions"}],"predecessor-version":[{"id":545649,"href":"https:\/\/www.estrategiaconcursos.com.br\/blog\/wp-json\/wp\/v2\/posts\/446637\/revisions\/545649"}],"wp:featuredmedia":[{"embeddable":true,"href":"https:\/\/www.estrategiaconcursos.com.br\/blog\/wp-json\/wp\/v2\/media\/446686"}],"wp:attachment":[{"href":"https:\/\/www.estrategiaconcursos.com.br\/blog\/wp-json\/wp\/v2\/media?parent=446637"}],"wp:term":[{"taxonomy":"category","embeddable":true,"href":"https:\/\/www.estrategiaconcursos.com.br\/blog\/wp-json\/wp\/v2\/categories?post=446637"},{"taxonomy":"post_tag","embeddable":true,"href":"https:\/\/www.estrategiaconcursos.com.br\/blog\/wp-json\/wp\/v2\/tags?post=446637"},{"taxonomy":"tax_estado","embeddable":true,"href":"https:\/\/www.estrategiaconcursos.com.br\/blog\/wp-json\/wp\/v2\/tax_estado?post=446637"}],"curies":[{"name":"wp","href":"https:\/\/api.w.org\/{rel}","templated":true}]}}