{"id":446624,"date":"2019-11-11T16:00:44","date_gmt":"2019-11-11T19:00:44","guid":{"rendered":"https:\/\/www.estrategiaconcursos.com.br\/blog\/?p=446624"},"modified":"2023-06-26T10:49:34","modified_gmt":"2023-06-26T13:49:34","slug":"edital-iss-contagem","status":"publish","type":"post","link":"https:\/\/www.estrategiaconcursos.com.br\/blog\/edital-iss-contagem\/","title":{"rendered":"Edital ISS Contagem: PUBLICADO com vagas para o cargo de Auditor Fiscal"},"content":{"rendered":"\n<h2 class=\"wp-block-heading\"><em>Inscri\u00e7\u00f5es j\u00e1 est\u00e3o encerradas!<\/em><\/h2>\n\n\n\n<p>Foi publicado o edital do concurso p\u00fablico da Prefeitura de Contagem, no Estado de Minas Gerais. Ao todo s\u00e3o ofertadas 10 vagas para o cargo de Auditor Fiscal na Secretaria Municipal da Fazenda. <\/p>\n\n\n\n<p>Dentre as vagas ofertadas no certame, 7 ser\u00e3o para ampla concorr\u00eancia, 1 vaga para pessoas com defici\u00eancias e 2 para negros ou pardos. A remunera\u00e7\u00e3o prevista para o cargo em quest\u00e3o \u00e9 de&nbsp;R$ 4.229,81, al\u00e9m de gratifica\u00e7\u00f5es.&nbsp;<\/p>\n\n\n\n<p>Os interessados em participar do concurso puderam acessar o site da banca organizadora, a <strong>Funda\u00e7\u00e3o CEFETMINAS<\/strong>, entre os dias 13 de janeiro de 2020 a 13 de fevereiro de 2020. <\/p>\n\n\n\n<h2 class=\"wp-block-heading\"><a href=\"https:\/\/youtu.be\/qfTIpjEJrKg\" target=\"_blank\" rel=\"noreferrer noopener\">An\u00e1lise de edital<\/a><\/h2>\n\n\n\n<h2 class=\"wp-block-heading\">Principais datas:<\/h2>\n\n\n\n<p class=\"has-very-light-gray-background-color has-background\"><strong>Inscri\u00e7\u00f5es<\/strong>: <s>13\/01\/2020 a 13\/02\/2020<\/s> [ENCERRADO]<br \/><strong>Solicita\u00e7\u00e3o da isen\u00e7\u00e3o da taxa<\/strong>: <s>13 a 15\/01\/2020<\/s> [ENCERRADO]<br \/><strong>Prova<\/strong>: 15\/03\/2020<\/p>\n\n\n\n<h2 class=\"wp-block-heading\">Cargo\/vagas do edital ISS Contagem<\/h2>\n\n\n\n<p>O certame oferta ao todo 10 vagas para o cargo de Auditor Fiscal, com exig\u00eancia de n\u00edvel superior completo. A carga hor\u00e1ria semanal para o servidor ser\u00e1 de 40 horas com vencimento de R$ 4.229,81 mais gratifica\u00e7\u00f5es. Confira no quadro abaixo mais detalhes: <\/p>\n\n\n\n<figure class=\"wp-block-image aligncenter is-resized\"><img loading=\"lazy\" decoding=\"async\" src=\"https:\/\/dhg1h5j42swfq.cloudfront.net\/2019\/11\/11113823\/auditor.png.png\" alt=\"\" class=\"wp-image-446644\" width=\"756\" height=\"85\" srcset=\"https:\/\/dhg1h5j42swfq.cloudfront.net\/2019\/11\/11113823\/auditor.png.png 1515w, https:\/\/dhg1h5j42swfq.cloudfront.net\/2019\/11\/11113823\/auditor.png.png 300w, https:\/\/dhg1h5j42swfq.cloudfront.net\/2019\/11\/11113823\/auditor.png.png 768w, https:\/\/dhg1h5j42swfq.cloudfront.net\/2019\/11\/11113823\/auditor.png.png 1024w, https:\/\/dhg1h5j42swfq.cloudfront.net\/2019\/11\/11113823\/auditor.png.png 610w\" sizes=\"auto, (max-width: 756px) 100vw, 756px\" \/><\/figure>\n\n\n\n<h2 class=\"wp-block-heading\">O que faz um Auditor Fiscal?<\/h2>\n\n\n\n<p>A principal fun\u00e7\u00e3o de um Auditor Fiscal \u00e9 promover a constitui\u00e7\u00e3o do cr\u00e9dito tribut\u00e1rio a partir da fiscaliza\u00e7\u00e3o, compreendendo servi\u00e7os de dilig\u00eancias destinadas a verificar o cumprimento de obriga\u00e7\u00f5es tribut\u00e1rias, a apura\u00e7\u00e3o de dados do interesse do fisco. <\/p>\n\n\n\n<p>Al\u00e9m disso, efetuar a notifica\u00e7\u00e3o, a homologa\u00e7\u00e3o e o lan\u00e7amento de tributos e, quando for o caso promov\u00ea-los de of\u00edcio. Lavrar intima\u00e7\u00f5es, autua\u00e7\u00f5es, notifica\u00e7\u00f5es, ocorr\u00eancias e demais termos, laudos e boletins, que se fizerem necess\u00e1rios ao desempenho da atividade fiscal. Prestar orienta\u00e7\u00e3o \u00e0 popula\u00e7\u00e3o fornecendo informa\u00e7\u00f5es de natureza tribut\u00e1ria ou fiscal. Atuar no julgamento do contencioso administrativo fiscal.  <\/p>\n\n\n\n<h2 class=\"wp-block-heading\">Etapas do edital ISS Contagem <\/h2>\n\n\n\n<p>As provas objetivas do concurso ISS Contagem ser\u00e3o aplicadas na cidade de Contagem\/MG, na data do dia 15 de mar\u00e7o de 2020.&nbsp;Vale ressaltar que o certame \u00e9 dividido em tr\u00eas importantes etapas, sendo elas: <\/p>\n\n\n\n<p><strong>1\u00aa Etapa<\/strong>: Prova Objetiva de M\u00faltipla Escolha \u2013 Eliminat\u00f3ria e Classificat\u00f3ria <strong>2\u00aa Etapa: <\/strong>Prova Discursiva \u2013 Eliminat\u00f3ria e Classificat\u00f3ria <br \/><strong>3\u00ba Etapa:<\/strong> Prova de T\u00edtulos \u2013 Classificat\u00f3ria <\/p>\n\n\n\n<h3 class=\"wp-block-heading\">1\u00aa etapa &#8211; Prova Objetiva<\/h3>\n\n\n\n<p>Confira no quadro abaixo a rela\u00e7\u00e3o de disciplinas cobradas na primeira etapa do concurso e as respectivas quest\u00f5es\/peso: <\/p>\n\n\n\n<p><\/p>\n\n\n\n<figure class=\"wp-block-table is-style-stripes\"><table class=\"has-background has-fixed-layout\" style=\"background-color:#e7f5fe\"><tbody><tr><td><strong>Disciplina<\/strong> <\/td><td><strong>N\u00ba de quest\u00f5es<\/strong> <\/td><td><strong>Peso<\/strong> <\/td><\/tr><tr><td>L\u00edngua Portuguesa<\/td><td>5,00<\/td><td>1<\/td><\/tr><tr><td>Matem\u00e1tica e L\u00f3gica<\/td><td>8,00<\/td><td>1<\/td><\/tr><tr><td>Sistemas e tecnologias de informa\u00e7\u00e3o<\/td><td>10,00<\/td><td>1,5<\/td><\/tr><tr><td>Direito administrativo<\/td><td>3,00<\/td><td>1,5<\/td><\/tr><tr><td>Direito constitucional<\/td><td>3,00<\/td><td>1,5<\/td><\/tr><tr><td>Direito penal<\/td><td>2,00<\/td><td>1,5<\/td><\/tr><tr><td>Direito empresarial<\/td><td>2,00<\/td><td>1,5<\/td><\/tr><tr><td>Economia, Finan\u00e7as p\u00fablicas e \u00c9tica<\/td><td>5,00<\/td><td>1<\/td><\/tr><tr><td>Direito tribut\u00e1rio<\/td><td>8,00<\/td><td>1,5<\/td><\/tr><tr><td>Legisla\u00e7\u00e3o tribut\u00e1ria do Munic\u00edpio<\/td><td>10,00<\/td><td>1,5<\/td><\/tr><tr><td>Contabilidade geral e p\u00fablica<\/td><td>12,00<\/td><td>1,5<\/td><\/tr><tr><td>Auditoria<\/td><td>7,00<\/td><td>1<\/td><\/tr><\/tbody><\/table><\/figure>\n\n\n\n<h3 class=\"wp-block-heading\">2\u00aa etapa &#8211; Prova Discursiva<\/h3>\n\n\n\n<p>A segunda etapa do concurso ser\u00e1 composta por uma prova discursiva, de car\u00e1ter eliminat\u00f3rio e classificat\u00f3rio, que est\u00e1 marcada para ocorrer em at\u00e9 30 dias ap\u00f3s a realiza\u00e7\u00e3o da primeira etapa.<\/p>\n\n\n\n<p>Ser\u00e3o chamados para as provas discursivas candidatos com classifica\u00e7\u00e3o at\u00e9 a ordem 300 na Prova Objetiva, incluindo os candidatos empatados na \u00faltima coloca\u00e7\u00e3o. As provas ter\u00e3o at\u00e9 5 quest\u00f5es discursivas devendo abranger temas da \u00e1rea de <strong>Direito Tribut\u00e1rio, Legisla\u00e7\u00e3o Tribut\u00e1ria, Contabilidade Geral e P\u00fablica, Auditoria e Sistemas e Tecnologias de Informa\u00e7\u00e3o. <\/strong><\/p>\n\n\n\n<p>A avalia\u00e7\u00e3o das quest\u00f5es da prova discursiva resultar\u00e1 da an\u00e1lise dos crit\u00e9rios descritos a seguir: <\/p>\n\n\n\n<figure class=\"wp-block-image aligncenter is-resized\"><img loading=\"lazy\" decoding=\"async\" src=\"https:\/\/dhg1h5j42swfq.cloudfront.net\/2019\/11\/11115058\/2-etapa.png.png\" alt=\"\" class=\"wp-image-446667\" width=\"786\" height=\"182\" srcset=\"https:\/\/dhg1h5j42swfq.cloudfront.net\/2019\/11\/11115058\/2-etapa.png.png 1146w, https:\/\/dhg1h5j42swfq.cloudfront.net\/2019\/11\/11115058\/2-etapa.png.png 300w, https:\/\/dhg1h5j42swfq.cloudfront.net\/2019\/11\/11115058\/2-etapa.png.png 768w, https:\/\/dhg1h5j42swfq.cloudfront.net\/2019\/11\/11115058\/2-etapa.png.png 1024w, https:\/\/dhg1h5j42swfq.cloudfront.net\/2019\/11\/11115058\/2-etapa.png.png 610w\" sizes=\"auto, (max-width: 786px) 100vw, 786px\" \/><\/figure>\n\n\n\n<h3 class=\"wp-block-heading\">3\u00aa etapa<\/h3>\n\n\n\n<p>A avalia\u00e7\u00e3o de t\u00edtulos tem car\u00e1ter apenas classificat\u00f3rio. Esta etapa valer\u00e1 at\u00e9 5 pontos, ainda que a soma dos pontos obtidos pelos t\u00edtulos apresentados seja superior a esse valor. <\/p>\n\n\n\n<p>Os t\u00edtulos, acompanhados do Formul\u00e1rio de Envio de T\u00edtulos devidamente preenchido e assinado, dever\u00e3o ser entregues, em envelope identificado e lacrado, no dia previsto para a realiza\u00e7\u00e3o das provas discursivas, conforme o cronograma do concurso e edital de convoca\u00e7\u00e3o para a prova de t\u00edtulos.<\/p>\n\n\n\n<h2 class=\"wp-block-heading\">Edital Estrat\u00e9gico<\/h2>\n\n\n\n<p class=\"has-text-align-center has-very-light-gray-background-color has-background\" style=\"font-size:clamp(14.642px, 0.915rem + ((1vw - 3.2px) * 0.721), 22px);px\"><a rel=\"noreferrer noopener\" href=\"https:\/\/drive.google.com\/open?id=1QViqIF1Dy0YvK-5CUlsO7CXxDFqCRSTd\" target=\"_blank\"><strong>Auditor Fiscal<\/strong><\/a><\/p>\n\n\n\n<p><strong>IMPORTANTE<\/strong>: Ao clicar no link acima, vai ser aberta uma janela do Google Drive que tentar\u00e1 carregar a visualiza\u00e7\u00e3o da planilha no seu navegador. N\u00e3o h\u00e1 necessidade de esperar essa visualiza\u00e7\u00e3o (talvez at\u00e9 nem carregue, j\u00e1 que os arquivos s\u00e3o pesados).<\/p>\n\n\n\n<p>Fa\u00e7a o download clicando na seta para baixo no canto superior direito da janela do Google Drive que vai ser aberta ao clicar nos links acima.<\/p>\n\n\n\n<p>Todos os arquivos foram testados em diferentes computadores e celulares e est\u00e3o ok. Talvez alguma incompatibilidade (ou mensagem de erro, como &#8220;arquivo inv\u00e1lido&#8221;) ocorra em virtude do seu pr\u00f3prio computador ou do tamanho dos arquivos que possuem mais conte\u00fado.<\/p>\n\n\n\n<h4 class=\"wp-block-heading has-text-align-center\"><strong><em>Quer saber mais informa\u00e7\u00f5es sobre o concurso ISS Contagem? Ent\u00e3o n\u00e3o deixe de acessar o link abaixo e conferir tudo na \u00edntegra<\/em><\/strong>:<\/h4>\n\n\n\n<p class=\"has-text-align-center has-very-light-gray-background-color has-background\" style=\"font-size:clamp(15.197px, 0.95rem + ((1vw - 3.2px) * 0.765), 23px);px\"><strong>SAIBA MAIS: <a rel=\"noreferrer noopener\" aria-label=\"SAIBA MAIS: Concurso ISS Contagem  (abre numa nova aba)\" href=\"https:\/\/www.estrategiaconcursos.com.br\/blog\/concurso-iss-contagem\/\" target=\"_blank\">Concurso ISS Contagem<\/a><\/strong><\/p>\n\n\n\n<h2 class=\"wp-block-heading has-text-align-center\" id=\"cursos-assinatura\">Cursos e Assinatura ilimitada<\/h2>\n\n\n\n<p class=\"has-text-align-center has-luminous-vivid-amber-background-color has-background\" style=\"font-size:clamp(14.642px, 0.915rem + ((1vw - 3.2px) * 0.721), 22px);px\"><strong><a rel=\"noreferrer noopener\" href=\"https:\/\/www.estrategiaconcursos.com.br\/cursosPorConcurso\/iss-contagem\/\" target=\"_blank\">CURSOS ISS CONTAGEM<\/a><\/strong><\/p>\n\n\n\n<p class=\"has-text-align-center\"><em><strong>Fique por dentro de todos os concursos<\/strong><\/em>:<\/p>\n\n\n\n<p class=\"has-text-align-center has-pale-cyan-blue-background-color has-background\"><a href=\"https:\/\/www.estrategiaconcursos.com.br\/blog\/concursos-abertos\/\" target=\"_blank\" rel=\"noreferrer noopener\"><strong>Concursos abertos<\/strong><\/a><\/p>\n\n\n\n<figure class=\"wp-block-image\"><img loading=\"lazy\" decoding=\"async\" width=\"300\" height=\"102\" src=\"https:\/\/dhg1h5j42swfq.cloudfront.net\/2017\/03\/28152500\/coruja-ficha-tecnica-300x102.png\" alt=\"\" class=\"wp-image-68542\"\/><\/figure>\n\n\n\n<h3 class=\"wp-block-heading\" id=\"ficha-tecnica\"><strong>Informa\u00e7\u00f5es sobre o edital <\/strong>ISS Contagem<\/h3>\n\n\n\n<p>\u25ba<strong>Data prevista da prova:<\/strong>&nbsp;15 de mar\u00e7o<br \/>\u25ba<strong>Vagas<\/strong>: 10<br \/>\u25ba<strong>Cargos<\/strong>: Auditor Fiscal<br \/>\u25ba<strong>Banca<\/strong>: Funda\u00e7\u00e3o Cefetminas<br \/>\u25ba<strong>Escolaridade<\/strong>: N\u00edvel superior<br \/>\u25ba<strong>Edital<\/strong>:&nbsp;<strong><a rel=\"noreferrer noopener\" href=\"https:\/\/dhg1h5j42swfq.cloudfront.net\/2019\/11\/11111528\/edital-contegem-mg-03-2019-auditor.pdf\" target=\"_blank\">Edital ISS Contagem \u2013 2019<\/a><\/strong><\/p>\n\n\n\n<p><br \/><em>Ascom Estrat\u00e9gia<br \/><\/em>ascomestrategia@gmail.com<\/p>\n\n\n\n<p> <\/p>\n","protected":false},"excerpt":{"rendered":"<p>Inscri\u00e7\u00f5es j\u00e1 est\u00e3o encerradas! Foi publicado o edital do concurso p\u00fablico da Prefeitura de Contagem, no Estado de Minas Gerais. Ao todo s\u00e3o ofertadas 10 vagas para o cargo de Auditor Fiscal na Secretaria Municipal da Fazenda. Dentre as vagas ofertadas no certame, 7 ser\u00e3o para ampla concorr\u00eancia, 1 vaga para pessoas com defici\u00eancias e [&hellip;]<\/p>\n","protected":false},"author":218,"featured_media":439902,"comment_status":"open","ping_status":"closed","sticky":false,"template":"","format":"standard","meta":{"post_tipo":"article","footnotes":""},"categories":[1],"tags":[],"tax_estado":[],"class_list":["post-446624","post","type-post","status-publish","format-standard","has-post-thumbnail","hentry","category-cursos-e-concursos"],"acf":[],"yoast_head":"<!-- This site is optimized with the Yoast SEO Premium plugin v27.2 (Yoast SEO v27.2) - https:\/\/yoast.com\/product\/yoast-seo-premium-wordpress\/ -->\n<title>Edital ISS Contagem: PUBLICADO com vagas para o cargo de Auditor Fiscal<\/title>\n<meta name=\"robots\" content=\"index, follow, max-snippet:-1, max-image-preview:large, max-video-preview:-1\" \/>\n<link rel=\"canonical\" href=\"https:\/\/www.estrategiaconcursos.com.br\/blog\/edital-iss-contagem\/\" \/>\n<meta property=\"og:locale\" content=\"pt_BR\" \/>\n<meta property=\"og:type\" content=\"article\" \/>\n<meta property=\"og:title\" content=\"Edital ISS Contagem: PUBLICADO com vagas para o cargo de Auditor Fiscal\" \/>\n<meta property=\"og:description\" content=\"Inscri\u00e7\u00f5es j\u00e1 est\u00e3o encerradas! Foi publicado o edital do concurso p\u00fablico da Prefeitura de Contagem, no Estado de Minas Gerais. Ao todo s\u00e3o ofertadas 10 vagas para o cargo de Auditor Fiscal na Secretaria Municipal da Fazenda. Dentre as vagas ofertadas no certame, 7 ser\u00e3o para ampla concorr\u00eancia, 1 vaga para pessoas com defici\u00eancias e [&hellip;]\" \/>\n<meta property=\"og:url\" content=\"https:\/\/www.estrategiaconcursos.com.br\/blog\/edital-iss-contagem\/\" \/>\n<meta property=\"og:site_name\" content=\"Estrat\u00e9gia Concursos\" \/>\n<meta property=\"article:published_time\" content=\"2019-11-11T19:00:44+00:00\" \/>\n<meta property=\"article:modified_time\" content=\"2023-06-26T13:49:34+00:00\" \/>\n<meta property=\"og:image\" content=\"https:\/\/dhg1h5j42swfq.cloudfront.net\/2019\/10\/25102440\/ISS-CONTAGEM.jpg\" \/>\n\t<meta property=\"og:image:width\" content=\"1200\" \/>\n\t<meta property=\"og:image:height\" content=\"628\" \/>\n\t<meta property=\"og:image:type\" content=\"image\/jpeg\" \/>\n<meta name=\"author\" content=\"Paulo H M Sousa\" \/>\n<meta name=\"twitter:card\" content=\"summary_large_image\" \/>\n<meta name=\"twitter:creator\" content=\"@EstratConcursos\" \/>\n<meta name=\"twitter:site\" content=\"@EstratConcursos\" \/>\n<meta name=\"twitter:label1\" content=\"Escrito por\" \/>\n\t<meta name=\"twitter:data1\" content=\"Paulo H M Sousa\" \/>\n\t<meta name=\"twitter:label2\" content=\"Est. tempo de leitura\" \/>\n\t<meta name=\"twitter:data2\" content=\"4 minutos\" \/>\n<script type=\"application\/ld+json\" class=\"yoast-schema-graph\">{\"@context\":\"https:\/\/schema.org\",\"@graph\":[{\"@type\":\"NewsArticle\",\"@id\":\"https:\/\/www.estrategiaconcursos.com.br\/blog\/edital-iss-contagem\/#article\",\"isPartOf\":{\"@id\":\"https:\/\/www.estrategiaconcursos.com.br\/blog\/edital-iss-contagem\/\"},\"author\":{\"name\":\"Paulo H M Sousa\",\"@id\":\"https:\/\/www.estrategiaconcursos.com.br\/blog\/#\/schema\/person\/659a4992e582a2be87908edc68d3786f\"},\"headline\":\"Edital ISS Contagem: PUBLICADO com vagas para o cargo de Auditor Fiscal\",\"datePublished\":\"2019-11-11T19:00:44+00:00\",\"dateModified\":\"2023-06-26T13:49:34+00:00\",\"mainEntityOfPage\":{\"@id\":\"https:\/\/www.estrategiaconcursos.com.br\/blog\/edital-iss-contagem\/\"},\"wordCount\":867,\"commentCount\":0,\"publisher\":{\"@id\":\"https:\/\/www.estrategiaconcursos.com.br\/blog\/#organization\"},\"image\":{\"@id\":\"https:\/\/www.estrategiaconcursos.com.br\/blog\/edital-iss-contagem\/#primaryimage\"},\"thumbnailUrl\":\"https:\/\/dhg1h5j42swfq.cloudfront.net\/2019\/10\/25102440\/ISS-CONTAGEM.jpg\",\"articleSection\":[\"Concursos P\u00fablicos\"],\"inLanguage\":\"pt-BR\",\"potentialAction\":[{\"@type\":\"CommentAction\",\"name\":\"Comment\",\"target\":[\"https:\/\/www.estrategiaconcursos.com.br\/blog\/edital-iss-contagem\/#respond\"]}],\"copyrightYear\":\"2019\",\"copyrightHolder\":{\"@id\":\"https:\/\/www.estrategiaconcursos.com.br\/blog\/#organization\"}},{\"@type\":\"WebPage\",\"@id\":\"https:\/\/www.estrategiaconcursos.com.br\/blog\/edital-iss-contagem\/\",\"url\":\"https:\/\/www.estrategiaconcursos.com.br\/blog\/edital-iss-contagem\/\",\"name\":\"Edital ISS Contagem: PUBLICADO com vagas para o cargo de Auditor Fiscal\",\"isPartOf\":{\"@id\":\"https:\/\/www.estrategiaconcursos.com.br\/blog\/#website\"},\"primaryImageOfPage\":{\"@id\":\"https:\/\/www.estrategiaconcursos.com.br\/blog\/edital-iss-contagem\/#primaryimage\"},\"image\":{\"@id\":\"https:\/\/www.estrategiaconcursos.com.br\/blog\/edital-iss-contagem\/#primaryimage\"},\"thumbnailUrl\":\"https:\/\/dhg1h5j42swfq.cloudfront.net\/2019\/10\/25102440\/ISS-CONTAGEM.jpg\",\"datePublished\":\"2019-11-11T19:00:44+00:00\",\"dateModified\":\"2023-06-26T13:49:34+00:00\",\"breadcrumb\":{\"@id\":\"https:\/\/www.estrategiaconcursos.com.br\/blog\/edital-iss-contagem\/#breadcrumb\"},\"inLanguage\":\"pt-BR\",\"potentialAction\":[{\"@type\":\"ReadAction\",\"target\":[\"https:\/\/www.estrategiaconcursos.com.br\/blog\/edital-iss-contagem\/\"]}]},{\"@type\":\"ImageObject\",\"inLanguage\":\"pt-BR\",\"@id\":\"https:\/\/www.estrategiaconcursos.com.br\/blog\/edital-iss-contagem\/#primaryimage\",\"url\":\"https:\/\/dhg1h5j42swfq.cloudfront.net\/2019\/10\/25102440\/ISS-CONTAGEM.jpg\",\"contentUrl\":\"https:\/\/dhg1h5j42swfq.cloudfront.net\/2019\/10\/25102440\/ISS-CONTAGEM.jpg\",\"width\":1200,\"height\":628,\"caption\":\"Concurso ISS Contagem\"},{\"@type\":\"BreadcrumbList\",\"@id\":\"https:\/\/www.estrategiaconcursos.com.br\/blog\/edital-iss-contagem\/#breadcrumb\",\"itemListElement\":[{\"@type\":\"ListItem\",\"position\":1,\"name\":\"In\u00edcio\",\"item\":\"https:\/\/www.estrategiaconcursos.com.br\/blog\/\"},{\"@type\":\"ListItem\",\"position\":2,\"name\":\"Edital ISS Contagem: PUBLICADO com vagas para o cargo de Auditor Fiscal\"}]},{\"@type\":\"WebSite\",\"@id\":\"https:\/\/www.estrategiaconcursos.com.br\/blog\/#website\",\"url\":\"https:\/\/www.estrategiaconcursos.com.br\/blog\/\",\"name\":\"Estrat\u00e9gia Concursos\",\"description\":\"O blog da Estrat\u00e9gia Concursos traz not\u00edcias sobre concursos e artigos de professores oferecendo cursos para concursos (pdf + videaulas) no site.\",\"publisher\":{\"@id\":\"https:\/\/www.estrategiaconcursos.com.br\/blog\/#organization\"},\"potentialAction\":[{\"@type\":\"SearchAction\",\"target\":{\"@type\":\"EntryPoint\",\"urlTemplate\":\"https:\/\/www.estrategiaconcursos.com.br\/blog\/?s={search_term_string}\"},\"query-input\":{\"@type\":\"PropertyValueSpecification\",\"valueRequired\":true,\"valueName\":\"search_term_string\"}}],\"inLanguage\":\"pt-BR\"},{\"@type\":\"Organization\",\"@id\":\"https:\/\/www.estrategiaconcursos.com.br\/blog\/#organization\",\"name\":\"Estrat\u00e9gia Concursos\",\"url\":\"https:\/\/www.estrategiaconcursos.com.br\/blog\/\",\"logo\":{\"@type\":\"ImageObject\",\"inLanguage\":\"pt-BR\",\"@id\":\"https:\/\/www.estrategiaconcursos.com.br\/blog\/#\/schema\/logo\/image\/\",\"url\":\"https:\/\/dhg1h5j42swfq.cloudfront.net\/2025\/06\/03203428\/logo_concursos-1.jpg\",\"contentUrl\":\"https:\/\/dhg1h5j42swfq.cloudfront.net\/2025\/06\/03203428\/logo_concursos-1.jpg\",\"width\":230,\"height\":60,\"caption\":\"Estrat\u00e9gia Concursos\"},\"image\":{\"@id\":\"https:\/\/www.estrategiaconcursos.com.br\/blog\/#\/schema\/logo\/image\/\"},\"sameAs\":[\"https:\/\/x.com\/EstratConcursos\"]},{\"@type\":\"Person\",\"@id\":\"https:\/\/www.estrategiaconcursos.com.br\/blog\/#\/schema\/person\/659a4992e582a2be87908edc68d3786f\",\"name\":\"Paulo H M Sousa\",\"image\":{\"@type\":\"ImageObject\",\"inLanguage\":\"pt-BR\",\"@id\":\"https:\/\/secure.gravatar.com\/avatar\/6c5538a36475e584e0a1a209a3b92f8b2ecca752f244b8d7db751faab2a292e2?s=96&d=mm&r=g\",\"url\":\"https:\/\/secure.gravatar.com\/avatar\/6c5538a36475e584e0a1a209a3b92f8b2ecca752f244b8d7db751faab2a292e2?s=96&d=mm&r=g\",\"contentUrl\":\"https:\/\/secure.gravatar.com\/avatar\/6c5538a36475e584e0a1a209a3b92f8b2ecca752f244b8d7db751faab2a292e2?s=96&d=mm&r=g\",\"caption\":\"Paulo H M Sousa\"},\"url\":\"https:\/\/www.estrategiaconcursos.com.br\/blog\/author\/paulosousaestrategiaconcursos-com-br\/\"}]}<\/script>\n<!-- \/ Yoast SEO Premium plugin. -->","yoast_head_json":{"title":"Edital ISS Contagem: PUBLICADO com vagas para o cargo de Auditor Fiscal","robots":{"index":"index","follow":"follow","max-snippet":"max-snippet:-1","max-image-preview":"max-image-preview:large","max-video-preview":"max-video-preview:-1"},"canonical":"https:\/\/www.estrategiaconcursos.com.br\/blog\/edital-iss-contagem\/","og_locale":"pt_BR","og_type":"article","og_title":"Edital ISS Contagem: PUBLICADO com vagas para o cargo de Auditor Fiscal","og_description":"Inscri\u00e7\u00f5es j\u00e1 est\u00e3o encerradas! Foi publicado o edital do concurso p\u00fablico da Prefeitura de Contagem, no Estado de Minas Gerais. Ao todo s\u00e3o ofertadas 10 vagas para o cargo de Auditor Fiscal na Secretaria Municipal da Fazenda. Dentre as vagas ofertadas no certame, 7 ser\u00e3o para ampla concorr\u00eancia, 1 vaga para pessoas com defici\u00eancias e [&hellip;]","og_url":"https:\/\/www.estrategiaconcursos.com.br\/blog\/edital-iss-contagem\/","og_site_name":"Estrat\u00e9gia Concursos","article_published_time":"2019-11-11T19:00:44+00:00","article_modified_time":"2023-06-26T13:49:34+00:00","og_image":[{"width":1200,"height":628,"url":"https:\/\/dhg1h5j42swfq.cloudfront.net\/2019\/10\/25102440\/ISS-CONTAGEM.jpg","type":"image\/jpeg"}],"author":"Paulo H M Sousa","twitter_card":"summary_large_image","twitter_creator":"@EstratConcursos","twitter_site":"@EstratConcursos","twitter_misc":{"Escrito por":"Paulo H M Sousa","Est. tempo de leitura":"4 minutos"},"schema":{"@context":"https:\/\/schema.org","@graph":[{"@type":"NewsArticle","@id":"https:\/\/www.estrategiaconcursos.com.br\/blog\/edital-iss-contagem\/#article","isPartOf":{"@id":"https:\/\/www.estrategiaconcursos.com.br\/blog\/edital-iss-contagem\/"},"author":{"name":"Paulo H M Sousa","@id":"https:\/\/www.estrategiaconcursos.com.br\/blog\/#\/schema\/person\/659a4992e582a2be87908edc68d3786f"},"headline":"Edital ISS Contagem: PUBLICADO com vagas para o cargo de Auditor Fiscal","datePublished":"2019-11-11T19:00:44+00:00","dateModified":"2023-06-26T13:49:34+00:00","mainEntityOfPage":{"@id":"https:\/\/www.estrategiaconcursos.com.br\/blog\/edital-iss-contagem\/"},"wordCount":867,"commentCount":0,"publisher":{"@id":"https:\/\/www.estrategiaconcursos.com.br\/blog\/#organization"},"image":{"@id":"https:\/\/www.estrategiaconcursos.com.br\/blog\/edital-iss-contagem\/#primaryimage"},"thumbnailUrl":"https:\/\/dhg1h5j42swfq.cloudfront.net\/2019\/10\/25102440\/ISS-CONTAGEM.jpg","articleSection":["Concursos P\u00fablicos"],"inLanguage":"pt-BR","potentialAction":[{"@type":"CommentAction","name":"Comment","target":["https:\/\/www.estrategiaconcursos.com.br\/blog\/edital-iss-contagem\/#respond"]}],"copyrightYear":"2019","copyrightHolder":{"@id":"https:\/\/www.estrategiaconcursos.com.br\/blog\/#organization"}},{"@type":"WebPage","@id":"https:\/\/www.estrategiaconcursos.com.br\/blog\/edital-iss-contagem\/","url":"https:\/\/www.estrategiaconcursos.com.br\/blog\/edital-iss-contagem\/","name":"Edital ISS Contagem: PUBLICADO com vagas para o cargo de Auditor Fiscal","isPartOf":{"@id":"https:\/\/www.estrategiaconcursos.com.br\/blog\/#website"},"primaryImageOfPage":{"@id":"https:\/\/www.estrategiaconcursos.com.br\/blog\/edital-iss-contagem\/#primaryimage"},"image":{"@id":"https:\/\/www.estrategiaconcursos.com.br\/blog\/edital-iss-contagem\/#primaryimage"},"thumbnailUrl":"https:\/\/dhg1h5j42swfq.cloudfront.net\/2019\/10\/25102440\/ISS-CONTAGEM.jpg","datePublished":"2019-11-11T19:00:44+00:00","dateModified":"2023-06-26T13:49:34+00:00","breadcrumb":{"@id":"https:\/\/www.estrategiaconcursos.com.br\/blog\/edital-iss-contagem\/#breadcrumb"},"inLanguage":"pt-BR","potentialAction":[{"@type":"ReadAction","target":["https:\/\/www.estrategiaconcursos.com.br\/blog\/edital-iss-contagem\/"]}]},{"@type":"ImageObject","inLanguage":"pt-BR","@id":"https:\/\/www.estrategiaconcursos.com.br\/blog\/edital-iss-contagem\/#primaryimage","url":"https:\/\/dhg1h5j42swfq.cloudfront.net\/2019\/10\/25102440\/ISS-CONTAGEM.jpg","contentUrl":"https:\/\/dhg1h5j42swfq.cloudfront.net\/2019\/10\/25102440\/ISS-CONTAGEM.jpg","width":1200,"height":628,"caption":"Concurso ISS Contagem"},{"@type":"BreadcrumbList","@id":"https:\/\/www.estrategiaconcursos.com.br\/blog\/edital-iss-contagem\/#breadcrumb","itemListElement":[{"@type":"ListItem","position":1,"name":"In\u00edcio","item":"https:\/\/www.estrategiaconcursos.com.br\/blog\/"},{"@type":"ListItem","position":2,"name":"Edital ISS Contagem: PUBLICADO com vagas para o cargo de Auditor Fiscal"}]},{"@type":"WebSite","@id":"https:\/\/www.estrategiaconcursos.com.br\/blog\/#website","url":"https:\/\/www.estrategiaconcursos.com.br\/blog\/","name":"Estrat\u00e9gia Concursos","description":"O blog da Estrat\u00e9gia Concursos traz not\u00edcias sobre concursos e artigos de professores oferecendo cursos para concursos (pdf + videaulas) no site.","publisher":{"@id":"https:\/\/www.estrategiaconcursos.com.br\/blog\/#organization"},"potentialAction":[{"@type":"SearchAction","target":{"@type":"EntryPoint","urlTemplate":"https:\/\/www.estrategiaconcursos.com.br\/blog\/?s={search_term_string}"},"query-input":{"@type":"PropertyValueSpecification","valueRequired":true,"valueName":"search_term_string"}}],"inLanguage":"pt-BR"},{"@type":"Organization","@id":"https:\/\/www.estrategiaconcursos.com.br\/blog\/#organization","name":"Estrat\u00e9gia Concursos","url":"https:\/\/www.estrategiaconcursos.com.br\/blog\/","logo":{"@type":"ImageObject","inLanguage":"pt-BR","@id":"https:\/\/www.estrategiaconcursos.com.br\/blog\/#\/schema\/logo\/image\/","url":"https:\/\/dhg1h5j42swfq.cloudfront.net\/2025\/06\/03203428\/logo_concursos-1.jpg","contentUrl":"https:\/\/dhg1h5j42swfq.cloudfront.net\/2025\/06\/03203428\/logo_concursos-1.jpg","width":230,"height":60,"caption":"Estrat\u00e9gia Concursos"},"image":{"@id":"https:\/\/www.estrategiaconcursos.com.br\/blog\/#\/schema\/logo\/image\/"},"sameAs":["https:\/\/x.com\/EstratConcursos"]},{"@type":"Person","@id":"https:\/\/www.estrategiaconcursos.com.br\/blog\/#\/schema\/person\/659a4992e582a2be87908edc68d3786f","name":"Paulo H M Sousa","image":{"@type":"ImageObject","inLanguage":"pt-BR","@id":"https:\/\/secure.gravatar.com\/avatar\/6c5538a36475e584e0a1a209a3b92f8b2ecca752f244b8d7db751faab2a292e2?s=96&d=mm&r=g","url":"https:\/\/secure.gravatar.com\/avatar\/6c5538a36475e584e0a1a209a3b92f8b2ecca752f244b8d7db751faab2a292e2?s=96&d=mm&r=g","contentUrl":"https:\/\/secure.gravatar.com\/avatar\/6c5538a36475e584e0a1a209a3b92f8b2ecca752f244b8d7db751faab2a292e2?s=96&d=mm&r=g","caption":"Paulo H M Sousa"},"url":"https:\/\/www.estrategiaconcursos.com.br\/blog\/author\/paulosousaestrategiaconcursos-com-br\/"}]}},"_links":{"self":[{"href":"https:\/\/www.estrategiaconcursos.com.br\/blog\/wp-json\/wp\/v2\/posts\/446624","targetHints":{"allow":["GET"]}}],"collection":[{"href":"https:\/\/www.estrategiaconcursos.com.br\/blog\/wp-json\/wp\/v2\/posts"}],"about":[{"href":"https:\/\/www.estrategiaconcursos.com.br\/blog\/wp-json\/wp\/v2\/types\/post"}],"author":[{"embeddable":true,"href":"https:\/\/www.estrategiaconcursos.com.br\/blog\/wp-json\/wp\/v2\/users\/218"}],"replies":[{"embeddable":true,"href":"https:\/\/www.estrategiaconcursos.com.br\/blog\/wp-json\/wp\/v2\/comments?post=446624"}],"version-history":[{"count":16,"href":"https:\/\/www.estrategiaconcursos.com.br\/blog\/wp-json\/wp\/v2\/posts\/446624\/revisions"}],"predecessor-version":[{"id":1238751,"href":"https:\/\/www.estrategiaconcursos.com.br\/blog\/wp-json\/wp\/v2\/posts\/446624\/revisions\/1238751"}],"wp:featuredmedia":[{"embeddable":true,"href":"https:\/\/www.estrategiaconcursos.com.br\/blog\/wp-json\/wp\/v2\/media\/439902"}],"wp:attachment":[{"href":"https:\/\/www.estrategiaconcursos.com.br\/blog\/wp-json\/wp\/v2\/media?parent=446624"}],"wp:term":[{"taxonomy":"category","embeddable":true,"href":"https:\/\/www.estrategiaconcursos.com.br\/blog\/wp-json\/wp\/v2\/categories?post=446624"},{"taxonomy":"post_tag","embeddable":true,"href":"https:\/\/www.estrategiaconcursos.com.br\/blog\/wp-json\/wp\/v2\/tags?post=446624"},{"taxonomy":"tax_estado","embeddable":true,"href":"https:\/\/www.estrategiaconcursos.com.br\/blog\/wp-json\/wp\/v2\/tax_estado?post=446624"}],"curies":[{"name":"wp","href":"https:\/\/api.w.org\/{rel}","templated":true}]}}