{"id":445837,"date":"2019-11-08T17:06:35","date_gmt":"2019-11-08T20:06:35","guid":{"rendered":"https:\/\/www.estrategiaconcursos.com.br\/blog\/?p=445837"},"modified":"2019-11-08T17:06:39","modified_gmt":"2019-11-08T20:06:39","slug":"governo-de-sp-quer-antecipar-aplicacao-da-reforma-da-previdencia-no-estado","status":"publish","type":"post","link":"https:\/\/www.estrategiaconcursos.com.br\/blog\/governo-de-sp-quer-antecipar-aplicacao-da-reforma-da-previdencia-no-estado\/","title":{"rendered":"Governo de SP quer antecipar aplica\u00e7\u00e3o da Reforma da Previd\u00eancia no estado"},"content":{"rendered":"\n<p>No dia 23 de outubro foi conclu\u00edda a aprova\u00e7\u00e3o da Reforma da Previd\u00eancia no Congresso Nacional, com regras que passar\u00e3o a valer para os empregados da iniciativa privada e para os servidores p\u00fablicos federais. Agora a proposta que tramita no Senado Federal \u00e9 a da <em><strong>PEC Paralela<\/strong><\/em>, que permite a extens\u00e3o da Reforma aos Estados, Distrito Federal e Munic\u00edpios.<\/p>\n\n\n\n<p>A nova proposta j\u00e1 foi aprovada em primeiro turno pelo Senado, restando agora a vota\u00e7\u00e3o de algumas emendas, uma nova vota\u00e7\u00e3o em segundo turno na Casa e sua posterior an\u00e1lise pela C\u00e2mara dos Deputados, que tamb\u00e9m votar\u00e1 em dois turnos, exigindo-se a anu\u00eancia de 308 dos 513 deputados. <\/p>\n\n\n\n<p>Se o texto for mantido, a inclus\u00e3o ou o recuo desses entes na Reforma dever\u00e1 ocorrer por meio de lei ordin\u00e1ria promulgada pelo pr\u00f3prio Estado ou Munic\u00edpio. <\/p>\n\n\n\n<p>Temendo, por\u00e9m, uma demora excessiva no tr\u00e2mite, o governador de S\u00e3o Paulo, Jo\u00e3o D\u00f3ria anunciou nessa sexta-feira, 08 de novembro, que j\u00e1 ir\u00e1 apresentar na pr\u00f3xima ter\u00e7a-feira, uma proposta de emenda \u00e0 Constitui\u00e7\u00e3o paulista perante a Assembleia Legislativa do Estado. <\/p>\n\n\n\n<p>A proposta cria idade m\u00ednima para aposentadoria dos servidores estaduais e altera a al\u00edquota de contribui\u00e7\u00e3o dos servidores de 11% para 14%. O tempo m\u00ednimo de contribui\u00e7\u00e3o seria o mesmo estabelecido para servidores federais na reforma. Com a aprova\u00e7\u00e3o desta proposta, a inten\u00e7\u00e3o do governo \u00e9 de economizar 32 milh\u00f5es em dez anos. <\/p>\n\n\n\n<p>\u00c9 ineg\u00e1vel que a aprova\u00e7\u00e3o desse projeto ir\u00e1 impactar a carreira de muitos servidores j\u00e1 contratados e dos futuros nomeados no estado. O Estrat\u00e9gia acompanhar\u00e1 todos os passos dessa vota\u00e7\u00e3o. Acompanhe nosso site e n\u00e3o perca nenhum detalhe! <\/p>\n\n\n\n<h2 class=\"wp-block-heading\" style=\"text-align:center\" id=\"cursos-assinatura\"><strong><em>Quer estudar para o concurso p\u00fablico?<\/em><\/strong><\/h2>\n\n\n\n<p style=\"text-align:center\"><em>Gostou desta oportunidade e deseja come\u00e7ar se preparar agora mesmo? Ent\u00e3o, confira os nossos cursos e comece a estudar:<\/em><\/p>\n\n\n\n<p style=\"font-size:25px;text-align:center\" class=\"has-background has-light-green-cyan-background-color\"><strong><a href=\"https:\/\/www.estrategiaconcursos.com.br\/cursos\/concurso\/\">CURSOS PARA CONCURSO<\/a><\/strong><\/p>\n\n\n\n<figure class=\"wp-block-image\"><a href=\"https:\/\/www.estrategiaconcursos.com.br\/gratis\/mbf-2\" target=\"_blank\" rel=\"noreferrer noopener\"><img loading=\"lazy\" decoding=\"async\" width=\"1280\" height=\"320\" src=\"https:\/\/dhg1h5j42swfq.cloudfront.net\/2019\/11\/05093753\/WhatsApp-Image-2019-11-04-at-10.27.201.jpeg\" alt=\"\" class=\"wp-image-444182\" srcset=\"https:\/\/dhg1h5j42swfq.cloudfront.net\/2019\/11\/05093753\/WhatsApp-Image-2019-11-04-at-10.27.201.jpeg 1280w, https:\/\/dhg1h5j42swfq.cloudfront.net\/2019\/11\/05093753\/WhatsApp-Image-2019-11-04-at-10.27.201.jpeg 300w, https:\/\/dhg1h5j42swfq.cloudfront.net\/2019\/11\/05093753\/WhatsApp-Image-2019-11-04-at-10.27.201.jpeg 768w, https:\/\/dhg1h5j42swfq.cloudfront.net\/2019\/11\/05093753\/WhatsApp-Image-2019-11-04-at-10.27.201.jpeg 1024w, https:\/\/dhg1h5j42swfq.cloudfront.net\/2019\/11\/05093753\/WhatsApp-Image-2019-11-04-at-10.27.201.jpeg 610w\" sizes=\"auto, (max-width: 1280px) 100vw, 1280px\" \/><\/a><\/figure>\n\n\n\n<p style=\"font-size:22px;text-align:center\" class=\"has-background has-luminous-vivid-amber-background-color\"><strong><a href=\"https:\/\/www.estrategiaconcursos.com.br\/gratis\/mbf-2\">PROMO\u00c7\u00c3O: \u00c9 MELHOR QUE BLACK FRIDAY!<\/a><\/strong><\/p>\n\n\n\n<p style=\"text-align:center\"><em><strong>Fique por dentro de todos os concursos<\/strong><\/em>:<\/p>\n\n\n\n<p style=\"font-size:25px;text-align:center\" class=\"has-background has-pale-cyan-blue-background-color\"><a rel=\"noreferrer noopener\" href=\"https:\/\/www.estrategiaconcursos.com.br\/blog\/concursos-abertos\/\" target=\"_blank\"><strong>Concursos abertos<\/strong><\/a><\/p>\n\n\n\n<p style=\"font-size:25px;text-align:center\" class=\"has-background has-pale-cyan-blue-background-color\"><a rel=\"noreferrer noopener\" href=\"https:\/\/www.estrategiaconcursos.com.br\/blog\/concursos-2019\/\" target=\"_blank\"><strong>Concursos 2019<\/strong><\/a><\/p>\n\n\n\n<p style=\"font-size:25px;text-align:center\" class=\"has-background has-pale-cyan-blue-background-color\"><a rel=\"noreferrer noopener\" href=\"https:\/\/www.estrategiaconcursos.com.br\/blog\/concursos-2020\/\" target=\"_blank\"><strong>Concursos 2020<\/strong><\/a><\/p>\n\n\n\n<p><\/p>\n","protected":false},"excerpt":{"rendered":"<p>No dia 23 de outubro foi conclu\u00edda a aprova\u00e7\u00e3o da Reforma da Previd\u00eancia no Congresso Nacional, com regras que passar\u00e3o a valer para os empregados da iniciativa privada e para os servidores p\u00fablicos federais. Agora a proposta que tramita no Senado Federal \u00e9 a da PEC Paralela, que permite a extens\u00e3o da Reforma aos Estados, [&hellip;]<\/p>\n","protected":false},"author":129,"featured_media":0,"comment_status":"open","ping_status":"closed","sticky":false,"template":"","format":"standard","meta":{"post_tipo":"article","footnotes":""},"categories":[1],"tags":[],"tax_estado":[],"class_list":["post-445837","post","type-post","status-publish","format-standard","hentry","category-cursos-e-concursos"],"acf":[],"yoast_head":"<!-- This site is optimized with the Yoast SEO Premium plugin v27.2 (Yoast SEO v27.2) - https:\/\/yoast.com\/product\/yoast-seo-premium-wordpress\/ -->\n<title>Governo de SP quer antecipar aplica\u00e7\u00e3o da Reforma da Previd\u00eancia no estado<\/title>\n<meta name=\"robots\" content=\"index, follow, max-snippet:-1, max-image-preview:large, max-video-preview:-1\" \/>\n<link rel=\"canonical\" href=\"https:\/\/www.estrategiaconcursos.com.br\/blog\/governo-de-sp-quer-antecipar-aplicacao-da-reforma-da-previdencia-no-estado\/\" \/>\n<meta property=\"og:locale\" content=\"pt_BR\" \/>\n<meta property=\"og:type\" content=\"article\" \/>\n<meta property=\"og:title\" content=\"Governo de SP quer antecipar aplica\u00e7\u00e3o da Reforma da Previd\u00eancia no estado\" \/>\n<meta property=\"og:description\" content=\"No dia 23 de outubro foi conclu\u00edda a aprova\u00e7\u00e3o da Reforma da Previd\u00eancia no Congresso Nacional, com regras que passar\u00e3o a valer para os empregados da iniciativa privada e para os servidores p\u00fablicos federais. Agora a proposta que tramita no Senado Federal \u00e9 a da PEC Paralela, que permite a extens\u00e3o da Reforma aos Estados, [&hellip;]\" \/>\n<meta property=\"og:url\" content=\"https:\/\/www.estrategiaconcursos.com.br\/blog\/governo-de-sp-quer-antecipar-aplicacao-da-reforma-da-previdencia-no-estado\/\" \/>\n<meta property=\"og:site_name\" content=\"Estrat\u00e9gia Concursos\" \/>\n<meta property=\"article:published_time\" content=\"2019-11-08T20:06:35+00:00\" \/>\n<meta property=\"article:modified_time\" content=\"2019-11-08T20:06:39+00:00\" \/>\n<meta property=\"og:image\" content=\"https:\/\/www.estrategiaconcursos.com.br\/blog\/wp-content\/uploads\/2019\/11\/WhatsApp-Image-2019-11-04-at-10.27.201-1024x256.jpeg\" \/>\n<meta name=\"author\" content=\"Herbert Almeida\" \/>\n<meta name=\"twitter:card\" content=\"summary_large_image\" \/>\n<meta name=\"twitter:creator\" content=\"@EstratConcursos\" \/>\n<meta name=\"twitter:site\" content=\"@EstratConcursos\" \/>\n<meta name=\"twitter:label1\" content=\"Escrito por\" \/>\n\t<meta name=\"twitter:data1\" content=\"Herbert Almeida\" \/>\n\t<meta name=\"twitter:label2\" content=\"Est. tempo de leitura\" \/>\n\t<meta name=\"twitter:data2\" content=\"2 minutos\" \/>\n<script type=\"application\/ld+json\" class=\"yoast-schema-graph\">{\"@context\":\"https:\/\/schema.org\",\"@graph\":[{\"@type\":\"NewsArticle\",\"@id\":\"https:\/\/www.estrategiaconcursos.com.br\/blog\/governo-de-sp-quer-antecipar-aplicacao-da-reforma-da-previdencia-no-estado\/#article\",\"isPartOf\":{\"@id\":\"https:\/\/www.estrategiaconcursos.com.br\/blog\/governo-de-sp-quer-antecipar-aplicacao-da-reforma-da-previdencia-no-estado\/\"},\"author\":{\"name\":\"Herbert Almeida\",\"@id\":\"https:\/\/www.estrategiaconcursos.com.br\/blog\/#\/schema\/person\/59717c75350fa01aa0fd68a52a8d02e0\"},\"headline\":\"Governo de SP quer antecipar aplica\u00e7\u00e3o da Reforma da Previd\u00eancia no estado\",\"datePublished\":\"2019-11-08T20:06:35+00:00\",\"dateModified\":\"2019-11-08T20:06:39+00:00\",\"mainEntityOfPage\":{\"@id\":\"https:\/\/www.estrategiaconcursos.com.br\/blog\/governo-de-sp-quer-antecipar-aplicacao-da-reforma-da-previdencia-no-estado\/\"},\"wordCount\":354,\"commentCount\":0,\"publisher\":{\"@id\":\"https:\/\/www.estrategiaconcursos.com.br\/blog\/#organization\"},\"image\":{\"@id\":\"https:\/\/www.estrategiaconcursos.com.br\/blog\/governo-de-sp-quer-antecipar-aplicacao-da-reforma-da-previdencia-no-estado\/#primaryimage\"},\"thumbnailUrl\":\"https:\/\/www.estrategiaconcursos.com.br\/blog\/wp-content\/uploads\/2019\/11\/WhatsApp-Image-2019-11-04-at-10.27.201-1024x256.jpeg\",\"articleSection\":[\"Concursos P\u00fablicos\"],\"inLanguage\":\"pt-BR\",\"potentialAction\":[{\"@type\":\"CommentAction\",\"name\":\"Comment\",\"target\":[\"https:\/\/www.estrategiaconcursos.com.br\/blog\/governo-de-sp-quer-antecipar-aplicacao-da-reforma-da-previdencia-no-estado\/#respond\"]}],\"copyrightYear\":\"2019\",\"copyrightHolder\":{\"@id\":\"https:\/\/www.estrategiaconcursos.com.br\/blog\/#organization\"}},{\"@type\":\"WebPage\",\"@id\":\"https:\/\/www.estrategiaconcursos.com.br\/blog\/governo-de-sp-quer-antecipar-aplicacao-da-reforma-da-previdencia-no-estado\/\",\"url\":\"https:\/\/www.estrategiaconcursos.com.br\/blog\/governo-de-sp-quer-antecipar-aplicacao-da-reforma-da-previdencia-no-estado\/\",\"name\":\"Governo de SP quer antecipar aplica\u00e7\u00e3o da Reforma da Previd\u00eancia no estado\",\"isPartOf\":{\"@id\":\"https:\/\/www.estrategiaconcursos.com.br\/blog\/#website\"},\"primaryImageOfPage\":{\"@id\":\"https:\/\/www.estrategiaconcursos.com.br\/blog\/governo-de-sp-quer-antecipar-aplicacao-da-reforma-da-previdencia-no-estado\/#primaryimage\"},\"image\":{\"@id\":\"https:\/\/www.estrategiaconcursos.com.br\/blog\/governo-de-sp-quer-antecipar-aplicacao-da-reforma-da-previdencia-no-estado\/#primaryimage\"},\"thumbnailUrl\":\"https:\/\/www.estrategiaconcursos.com.br\/blog\/wp-content\/uploads\/2019\/11\/WhatsApp-Image-2019-11-04-at-10.27.201-1024x256.jpeg\",\"datePublished\":\"2019-11-08T20:06:35+00:00\",\"dateModified\":\"2019-11-08T20:06:39+00:00\",\"breadcrumb\":{\"@id\":\"https:\/\/www.estrategiaconcursos.com.br\/blog\/governo-de-sp-quer-antecipar-aplicacao-da-reforma-da-previdencia-no-estado\/#breadcrumb\"},\"inLanguage\":\"pt-BR\",\"potentialAction\":[{\"@type\":\"ReadAction\",\"target\":[\"https:\/\/www.estrategiaconcursos.com.br\/blog\/governo-de-sp-quer-antecipar-aplicacao-da-reforma-da-previdencia-no-estado\/\"]}]},{\"@type\":\"ImageObject\",\"inLanguage\":\"pt-BR\",\"@id\":\"https:\/\/www.estrategiaconcursos.com.br\/blog\/governo-de-sp-quer-antecipar-aplicacao-da-reforma-da-previdencia-no-estado\/#primaryimage\",\"url\":\"https:\/\/www.estrategiaconcursos.com.br\/blog\/wp-content\/uploads\/2019\/11\/WhatsApp-Image-2019-11-04-at-10.27.201-1024x256.jpeg\",\"contentUrl\":\"https:\/\/www.estrategiaconcursos.com.br\/blog\/wp-content\/uploads\/2019\/11\/WhatsApp-Image-2019-11-04-at-10.27.201-1024x256.jpeg\"},{\"@type\":\"BreadcrumbList\",\"@id\":\"https:\/\/www.estrategiaconcursos.com.br\/blog\/governo-de-sp-quer-antecipar-aplicacao-da-reforma-da-previdencia-no-estado\/#breadcrumb\",\"itemListElement\":[{\"@type\":\"ListItem\",\"position\":1,\"name\":\"In\u00edcio\",\"item\":\"https:\/\/www.estrategiaconcursos.com.br\/blog\/\"},{\"@type\":\"ListItem\",\"position\":2,\"name\":\"Governo de SP quer antecipar aplica\u00e7\u00e3o da Reforma da Previd\u00eancia no estado\"}]},{\"@type\":\"WebSite\",\"@id\":\"https:\/\/www.estrategiaconcursos.com.br\/blog\/#website\",\"url\":\"https:\/\/www.estrategiaconcursos.com.br\/blog\/\",\"name\":\"Estrat\u00e9gia Concursos\",\"description\":\"O blog da Estrat\u00e9gia Concursos traz not\u00edcias sobre concursos e artigos de professores oferecendo cursos para concursos (pdf + videaulas) no site.\",\"publisher\":{\"@id\":\"https:\/\/www.estrategiaconcursos.com.br\/blog\/#organization\"},\"potentialAction\":[{\"@type\":\"SearchAction\",\"target\":{\"@type\":\"EntryPoint\",\"urlTemplate\":\"https:\/\/www.estrategiaconcursos.com.br\/blog\/?s={search_term_string}\"},\"query-input\":{\"@type\":\"PropertyValueSpecification\",\"valueRequired\":true,\"valueName\":\"search_term_string\"}}],\"inLanguage\":\"pt-BR\"},{\"@type\":\"Organization\",\"@id\":\"https:\/\/www.estrategiaconcursos.com.br\/blog\/#organization\",\"name\":\"Estrat\u00e9gia Concursos\",\"url\":\"https:\/\/www.estrategiaconcursos.com.br\/blog\/\",\"logo\":{\"@type\":\"ImageObject\",\"inLanguage\":\"pt-BR\",\"@id\":\"https:\/\/www.estrategiaconcursos.com.br\/blog\/#\/schema\/logo\/image\/\",\"url\":\"https:\/\/dhg1h5j42swfq.cloudfront.net\/2025\/06\/03203428\/logo_concursos-1.jpg\",\"contentUrl\":\"https:\/\/dhg1h5j42swfq.cloudfront.net\/2025\/06\/03203428\/logo_concursos-1.jpg\",\"width\":230,\"height\":60,\"caption\":\"Estrat\u00e9gia Concursos\"},\"image\":{\"@id\":\"https:\/\/www.estrategiaconcursos.com.br\/blog\/#\/schema\/logo\/image\/\"},\"sameAs\":[\"https:\/\/x.com\/EstratConcursos\"]},{\"@type\":\"Person\",\"@id\":\"https:\/\/www.estrategiaconcursos.com.br\/blog\/#\/schema\/person\/59717c75350fa01aa0fd68a52a8d02e0\",\"name\":\"Herbert Almeida\",\"image\":{\"@type\":\"ImageObject\",\"inLanguage\":\"pt-BR\",\"@id\":\"https:\/\/secure.gravatar.com\/avatar\/b6461a43893c24d5fc91efc433971ffec025c84c0341129f4578034d77f9a536?s=96&d=mm&r=g\",\"url\":\"https:\/\/secure.gravatar.com\/avatar\/b6461a43893c24d5fc91efc433971ffec025c84c0341129f4578034d77f9a536?s=96&d=mm&r=g\",\"contentUrl\":\"https:\/\/secure.gravatar.com\/avatar\/b6461a43893c24d5fc91efc433971ffec025c84c0341129f4578034d77f9a536?s=96&d=mm&r=g\",\"caption\":\"Herbert Almeida\"},\"url\":\"https:\/\/www.estrategiaconcursos.com.br\/blog\/author\/herbertestrategiaconcursos-com-br\/\"}]}<\/script>\n<!-- \/ Yoast SEO Premium plugin. -->","yoast_head_json":{"title":"Governo de SP quer antecipar aplica\u00e7\u00e3o da Reforma da Previd\u00eancia no estado","robots":{"index":"index","follow":"follow","max-snippet":"max-snippet:-1","max-image-preview":"max-image-preview:large","max-video-preview":"max-video-preview:-1"},"canonical":"https:\/\/www.estrategiaconcursos.com.br\/blog\/governo-de-sp-quer-antecipar-aplicacao-da-reforma-da-previdencia-no-estado\/","og_locale":"pt_BR","og_type":"article","og_title":"Governo de SP quer antecipar aplica\u00e7\u00e3o da Reforma da Previd\u00eancia no estado","og_description":"No dia 23 de outubro foi conclu\u00edda a aprova\u00e7\u00e3o da Reforma da Previd\u00eancia no Congresso Nacional, com regras que passar\u00e3o a valer para os empregados da iniciativa privada e para os servidores p\u00fablicos federais. Agora a proposta que tramita no Senado Federal \u00e9 a da PEC Paralela, que permite a extens\u00e3o da Reforma aos Estados, [&hellip;]","og_url":"https:\/\/www.estrategiaconcursos.com.br\/blog\/governo-de-sp-quer-antecipar-aplicacao-da-reforma-da-previdencia-no-estado\/","og_site_name":"Estrat\u00e9gia Concursos","article_published_time":"2019-11-08T20:06:35+00:00","article_modified_time":"2019-11-08T20:06:39+00:00","og_image":[{"url":"https:\/\/www.estrategiaconcursos.com.br\/blog\/wp-content\/uploads\/2019\/11\/WhatsApp-Image-2019-11-04-at-10.27.201-1024x256.jpeg","type":"","width":"","height":""}],"author":"Herbert Almeida","twitter_card":"summary_large_image","twitter_creator":"@EstratConcursos","twitter_site":"@EstratConcursos","twitter_misc":{"Escrito por":"Herbert Almeida","Est. tempo de leitura":"2 minutos"},"schema":{"@context":"https:\/\/schema.org","@graph":[{"@type":"NewsArticle","@id":"https:\/\/www.estrategiaconcursos.com.br\/blog\/governo-de-sp-quer-antecipar-aplicacao-da-reforma-da-previdencia-no-estado\/#article","isPartOf":{"@id":"https:\/\/www.estrategiaconcursos.com.br\/blog\/governo-de-sp-quer-antecipar-aplicacao-da-reforma-da-previdencia-no-estado\/"},"author":{"name":"Herbert Almeida","@id":"https:\/\/www.estrategiaconcursos.com.br\/blog\/#\/schema\/person\/59717c75350fa01aa0fd68a52a8d02e0"},"headline":"Governo de SP quer antecipar aplica\u00e7\u00e3o da Reforma da Previd\u00eancia no estado","datePublished":"2019-11-08T20:06:35+00:00","dateModified":"2019-11-08T20:06:39+00:00","mainEntityOfPage":{"@id":"https:\/\/www.estrategiaconcursos.com.br\/blog\/governo-de-sp-quer-antecipar-aplicacao-da-reforma-da-previdencia-no-estado\/"},"wordCount":354,"commentCount":0,"publisher":{"@id":"https:\/\/www.estrategiaconcursos.com.br\/blog\/#organization"},"image":{"@id":"https:\/\/www.estrategiaconcursos.com.br\/blog\/governo-de-sp-quer-antecipar-aplicacao-da-reforma-da-previdencia-no-estado\/#primaryimage"},"thumbnailUrl":"https:\/\/www.estrategiaconcursos.com.br\/blog\/wp-content\/uploads\/2019\/11\/WhatsApp-Image-2019-11-04-at-10.27.201-1024x256.jpeg","articleSection":["Concursos P\u00fablicos"],"inLanguage":"pt-BR","potentialAction":[{"@type":"CommentAction","name":"Comment","target":["https:\/\/www.estrategiaconcursos.com.br\/blog\/governo-de-sp-quer-antecipar-aplicacao-da-reforma-da-previdencia-no-estado\/#respond"]}],"copyrightYear":"2019","copyrightHolder":{"@id":"https:\/\/www.estrategiaconcursos.com.br\/blog\/#organization"}},{"@type":"WebPage","@id":"https:\/\/www.estrategiaconcursos.com.br\/blog\/governo-de-sp-quer-antecipar-aplicacao-da-reforma-da-previdencia-no-estado\/","url":"https:\/\/www.estrategiaconcursos.com.br\/blog\/governo-de-sp-quer-antecipar-aplicacao-da-reforma-da-previdencia-no-estado\/","name":"Governo de SP quer antecipar aplica\u00e7\u00e3o da Reforma da Previd\u00eancia no estado","isPartOf":{"@id":"https:\/\/www.estrategiaconcursos.com.br\/blog\/#website"},"primaryImageOfPage":{"@id":"https:\/\/www.estrategiaconcursos.com.br\/blog\/governo-de-sp-quer-antecipar-aplicacao-da-reforma-da-previdencia-no-estado\/#primaryimage"},"image":{"@id":"https:\/\/www.estrategiaconcursos.com.br\/blog\/governo-de-sp-quer-antecipar-aplicacao-da-reforma-da-previdencia-no-estado\/#primaryimage"},"thumbnailUrl":"https:\/\/www.estrategiaconcursos.com.br\/blog\/wp-content\/uploads\/2019\/11\/WhatsApp-Image-2019-11-04-at-10.27.201-1024x256.jpeg","datePublished":"2019-11-08T20:06:35+00:00","dateModified":"2019-11-08T20:06:39+00:00","breadcrumb":{"@id":"https:\/\/www.estrategiaconcursos.com.br\/blog\/governo-de-sp-quer-antecipar-aplicacao-da-reforma-da-previdencia-no-estado\/#breadcrumb"},"inLanguage":"pt-BR","potentialAction":[{"@type":"ReadAction","target":["https:\/\/www.estrategiaconcursos.com.br\/blog\/governo-de-sp-quer-antecipar-aplicacao-da-reforma-da-previdencia-no-estado\/"]}]},{"@type":"ImageObject","inLanguage":"pt-BR","@id":"https:\/\/www.estrategiaconcursos.com.br\/blog\/governo-de-sp-quer-antecipar-aplicacao-da-reforma-da-previdencia-no-estado\/#primaryimage","url":"https:\/\/www.estrategiaconcursos.com.br\/blog\/wp-content\/uploads\/2019\/11\/WhatsApp-Image-2019-11-04-at-10.27.201-1024x256.jpeg","contentUrl":"https:\/\/www.estrategiaconcursos.com.br\/blog\/wp-content\/uploads\/2019\/11\/WhatsApp-Image-2019-11-04-at-10.27.201-1024x256.jpeg"},{"@type":"BreadcrumbList","@id":"https:\/\/www.estrategiaconcursos.com.br\/blog\/governo-de-sp-quer-antecipar-aplicacao-da-reforma-da-previdencia-no-estado\/#breadcrumb","itemListElement":[{"@type":"ListItem","position":1,"name":"In\u00edcio","item":"https:\/\/www.estrategiaconcursos.com.br\/blog\/"},{"@type":"ListItem","position":2,"name":"Governo de SP quer antecipar aplica\u00e7\u00e3o da Reforma da Previd\u00eancia no estado"}]},{"@type":"WebSite","@id":"https:\/\/www.estrategiaconcursos.com.br\/blog\/#website","url":"https:\/\/www.estrategiaconcursos.com.br\/blog\/","name":"Estrat\u00e9gia Concursos","description":"O blog da Estrat\u00e9gia Concursos traz not\u00edcias sobre concursos e artigos de professores oferecendo cursos para concursos (pdf + videaulas) no site.","publisher":{"@id":"https:\/\/www.estrategiaconcursos.com.br\/blog\/#organization"},"potentialAction":[{"@type":"SearchAction","target":{"@type":"EntryPoint","urlTemplate":"https:\/\/www.estrategiaconcursos.com.br\/blog\/?s={search_term_string}"},"query-input":{"@type":"PropertyValueSpecification","valueRequired":true,"valueName":"search_term_string"}}],"inLanguage":"pt-BR"},{"@type":"Organization","@id":"https:\/\/www.estrategiaconcursos.com.br\/blog\/#organization","name":"Estrat\u00e9gia Concursos","url":"https:\/\/www.estrategiaconcursos.com.br\/blog\/","logo":{"@type":"ImageObject","inLanguage":"pt-BR","@id":"https:\/\/www.estrategiaconcursos.com.br\/blog\/#\/schema\/logo\/image\/","url":"https:\/\/dhg1h5j42swfq.cloudfront.net\/2025\/06\/03203428\/logo_concursos-1.jpg","contentUrl":"https:\/\/dhg1h5j42swfq.cloudfront.net\/2025\/06\/03203428\/logo_concursos-1.jpg","width":230,"height":60,"caption":"Estrat\u00e9gia Concursos"},"image":{"@id":"https:\/\/www.estrategiaconcursos.com.br\/blog\/#\/schema\/logo\/image\/"},"sameAs":["https:\/\/x.com\/EstratConcursos"]},{"@type":"Person","@id":"https:\/\/www.estrategiaconcursos.com.br\/blog\/#\/schema\/person\/59717c75350fa01aa0fd68a52a8d02e0","name":"Herbert Almeida","image":{"@type":"ImageObject","inLanguage":"pt-BR","@id":"https:\/\/secure.gravatar.com\/avatar\/b6461a43893c24d5fc91efc433971ffec025c84c0341129f4578034d77f9a536?s=96&d=mm&r=g","url":"https:\/\/secure.gravatar.com\/avatar\/b6461a43893c24d5fc91efc433971ffec025c84c0341129f4578034d77f9a536?s=96&d=mm&r=g","contentUrl":"https:\/\/secure.gravatar.com\/avatar\/b6461a43893c24d5fc91efc433971ffec025c84c0341129f4578034d77f9a536?s=96&d=mm&r=g","caption":"Herbert Almeida"},"url":"https:\/\/www.estrategiaconcursos.com.br\/blog\/author\/herbertestrategiaconcursos-com-br\/"}]}},"_links":{"self":[{"href":"https:\/\/www.estrategiaconcursos.com.br\/blog\/wp-json\/wp\/v2\/posts\/445837","targetHints":{"allow":["GET"]}}],"collection":[{"href":"https:\/\/www.estrategiaconcursos.com.br\/blog\/wp-json\/wp\/v2\/posts"}],"about":[{"href":"https:\/\/www.estrategiaconcursos.com.br\/blog\/wp-json\/wp\/v2\/types\/post"}],"author":[{"embeddable":true,"href":"https:\/\/www.estrategiaconcursos.com.br\/blog\/wp-json\/wp\/v2\/users\/129"}],"replies":[{"embeddable":true,"href":"https:\/\/www.estrategiaconcursos.com.br\/blog\/wp-json\/wp\/v2\/comments?post=445837"}],"version-history":[{"count":6,"href":"https:\/\/www.estrategiaconcursos.com.br\/blog\/wp-json\/wp\/v2\/posts\/445837\/revisions"}],"predecessor-version":[{"id":446052,"href":"https:\/\/www.estrategiaconcursos.com.br\/blog\/wp-json\/wp\/v2\/posts\/445837\/revisions\/446052"}],"wp:attachment":[{"href":"https:\/\/www.estrategiaconcursos.com.br\/blog\/wp-json\/wp\/v2\/media?parent=445837"}],"wp:term":[{"taxonomy":"category","embeddable":true,"href":"https:\/\/www.estrategiaconcursos.com.br\/blog\/wp-json\/wp\/v2\/categories?post=445837"},{"taxonomy":"post_tag","embeddable":true,"href":"https:\/\/www.estrategiaconcursos.com.br\/blog\/wp-json\/wp\/v2\/tags?post=445837"},{"taxonomy":"tax_estado","embeddable":true,"href":"https:\/\/www.estrategiaconcursos.com.br\/blog\/wp-json\/wp\/v2\/tax_estado?post=445837"}],"curies":[{"name":"wp","href":"https:\/\/api.w.org\/{rel}","templated":true}]}}