{"id":445534,"date":"2019-11-25T00:00:02","date_gmt":"2019-11-25T03:00:02","guid":{"rendered":"https:\/\/www.estrategiaconcursos.com.br\/blog\/?p=445534"},"modified":"2020-01-31T10:08:51","modified_gmt":"2020-01-31T13:08:51","slug":"edital-crq-rj","status":"publish","type":"post","link":"https:\/\/www.estrategiaconcursos.com.br\/blog\/edital-crq-rj\/","title":{"rendered":"Edital CRQ RJ: inscri\u00e7\u00f5es encerradas para Analistas e T\u00e9cnicos"},"content":{"rendered":"\n<p>O candidatos interessados puderam realizar as<strong> inscri\u00e7\u00f5es<\/strong> de acordo com o \u00f3rg\u00e3o, atrav\u00e9s do portal online da banca organizadora do certame, o <strong>Instituto Consulplan<\/strong>\u00a0at\u00e9 o dia<strong> <\/strong>30 de janeiro de 2020.  <\/p>\n\n\n\n<p>A prova objetiva deve acontecer no dia 8 de mar\u00e7o de 2020 nas cidades do Rio de Janeiro (Capital\/Regi\u00e3o Metropolitana), Maca\u00e9\/Campos dos Goytacazes e Volta Redonda.&nbsp;  <\/p>\n\n\n\n<p>Vale lembrar que o <strong>edital<\/strong> do concurso p\u00fablico do <strong><em>Conselho Regional de Qu\u00edmica<\/em><\/strong> do Estado do Rio de Janeiro visa ofertar <strong>15 vagas para cargos de n\u00edveis de forma\u00e7\u00e3o m\u00e9dio, m\u00e9dio\/t\u00e9cnico e superior<\/strong>. <\/p>\n\n\n\n<h2 class=\"wp-block-heading\">Principais datas<\/h2>\n\n\n\n<p class=\"has-background has-very-light-gray-background-color\"><strong><em>Inscri\u00e7\u00e3o:<\/em><\/strong><em> 25 de novembro a 30 de janeiro de 2020 <\/em><strong><em><br \/>Taxa de inscri\u00e7\u00e3o:<\/em><\/strong><em> R$ 105,00 &#8211; R$ 85,00<\/em><strong><em><br \/>Prova: <\/em><\/strong><em>8 de mar\u00e7o de 2020<\/em><\/p>\n\n\n\n<h2 class=\"wp-block-heading\" id=\"vagas-crq-rj\">Concurso CRQ RJ: as vagas<\/h2>\n\n\n\n<p>O certame oferta oportunidades para N\u00edvel M\u00e9dio e Superior. De acordo com o edital do concurso confira abaixo os cargos ofertados e as vagas:<\/p>\n\n\n\n<h4 class=\"wp-block-heading\">N\u00edvel M\u00e9dio<\/h4>\n\n\n\n<ul class=\"wp-block-list\"><li> T\u00e9cnico Administrativo (3 + CR)<\/li><li>T\u00e9cnico Especializado de Fiscaliza\u00e7\u00e3o e Registro (1 + CR)<\/li><li>T\u00e9cnico de Tecnologia da Informa\u00e7\u00e3o e Comunica\u00e7\u00e3o (1 + CR)<\/li><\/ul>\n\n\n\n<h4 class=\"wp-block-heading\">N\u00edvel Superior (Analista Superior)<\/h4>\n\n\n\n<ul class=\"wp-block-list\"><li>Compras (1+CR)<\/li><li>Finan\u00e7as (1+CR)<\/li><li> Arquivo (1+CR)<\/li><li>Gest\u00e3o de Pessoas (1+CR)<\/li><li>Comunica\u00e7\u00e3o (1+CR)<\/li><li>Contabilidade (1+CR)<\/li><li>Tecnologia da Informa\u00e7\u00e3o (1+CR)<\/li><li>Fiscal I (1+CR)<\/li><li>Fiscal II (1+CR)<\/li><li>Fiscal III (1+CR)<\/li><\/ul>\n\n\n\n<h2 class=\"wp-block-heading\">Remunera\u00e7\u00e3o do concurso CRQ RJ<\/h2>\n\n\n\n<h4 class=\"wp-block-heading\">N\u00edvel M\u00e9dio<\/h4>\n\n\n\n<ul class=\"wp-block-list\"><li> T\u00e9cnico Administrativo &#8211; R$ 1.966,46 <\/li><li>T\u00e9cnico Especializado de Fiscaliza\u00e7\u00e3o e Registro &#8211; R$ 1.966,46 <\/li><li>T\u00e9cnico de Tecnologia da Informa\u00e7\u00e3o e Comunica\u00e7\u00e3o &#8211; R$ 1.966,46 <\/li><\/ul>\n\n\n\n<h4 class=\"wp-block-heading\">N\u00edvel Superior (Analista Superior)<\/h4>\n\n\n\n<ul class=\"wp-block-list\"><li>Compras &#8211; R$ 3.683,15 <\/li><li>Finan\u00e7as &#8211; R$ 3.683,15  <\/li><li> Arquivo &#8211; R$ 3.683,15 <\/li><li>Gest\u00e3o de Pessoas &#8211; R$ 3.683,15 <\/li><li>Comunica\u00e7\u00e3o &#8211; R$ 3.683,15 <\/li><li>Contabilidade &#8211; R$ 3.683,15 <\/li><li>Tecnologia da Informa\u00e7\u00e3o &#8211; R$ 3.683,15 <\/li><li>Fiscal I &#8211; R$ 3.683,15 <\/li><li>Fiscal II &#8211; R$ 3.683,15 <\/li><li>Fiscal III &#8211; R$ 3.683,15 <\/li><\/ul>\n\n\n\n<p>Vale lembrar que a remunera\u00e7\u00e3o conta ainda com Aux\u00edlio Refei\u00e7\u00e3o no valor de R$ 814,00; Aux\u00edlio creche\/ pr\u00e9-escolar \/ escolar de at\u00e9 R$ 505,00; e demais aux\u00edlios previstos no Acordo Coletivo de Trabalho (ACT) de 15 de julho de 2019. <\/p>\n\n\n\n<h2 class=\"wp-block-heading\">Etapas de provas do concurso CRQ RJ<\/h2>\n\n\n\n<ul class=\"wp-block-list\"><li>Prova Objetiva <\/li><li>Prova Discursiva<\/li><\/ul>\n\n\n\n<h3 class=\"wp-block-heading\">Prova Objetiva<\/h3>\n\n\n\n<p>A prova objetiva de m\u00faltipla escolha ser\u00e1 realizada no dia 8 de mar\u00e7o de 2020 e possui car\u00e1ter eliminat\u00f3rio e classificat\u00f3rio. O exame ter\u00e1 valor total de 80 pontos, distribu\u00eddos em 40  quest\u00f5es. <\/p>\n\n\n\n<h4 class=\"wp-block-heading\">N\u00edvel Superior  &#8211; Disciplinas<\/h4>\n\n\n\n<p><em>Conhecimentos Gerais<\/em>: <\/p>\n\n\n\n<ul class=\"wp-block-list\"><li>L\u00edngua Portuguesa &#8211; 10 &#8211; quest\u00f5es<\/li><li>Racioc\u00ednio L\u00f3gico &#8211; 05 &#8211; quest\u00f5es<\/li><li>No\u00e7\u00f5es de Inform\u00e1tica &#8211; 05 quest\u00f5es<\/li><\/ul>\n\n\n\n<p><em>Conhecimentos Espec\u00edficos<\/em>: <\/p>\n\n\n\n<ul class=\"wp-block-list\"><li>Legisla\u00e7\u00e3o Espec\u00edfica &#8211; 05 quest\u00f5es<\/li><li>Conhecimentos do cargo &#8211; 15 quest\u00f5es<\/li><\/ul>\n\n\n\n<h4 class=\"wp-block-heading\">N\u00edvel M\u00e9dio\/ T\u00e9cnico<\/h4>\n\n\n\n<p><em>Conhecimentos Gerais<\/em>: <\/p>\n\n\n\n<ul class=\"wp-block-list\"><li>L\u00edngua Portuguesa &#8211; 10 &#8211; quest\u00f5es<\/li><li>Racioc\u00ednio L\u00f3gico &#8211; 05 &#8211; quest\u00f5es<\/li><li>No\u00e7\u00f5es de Inform\u00e1tica &#8211; 05 quest\u00f5es<\/li><\/ul>\n\n\n\n<p><em>Conhecimentos Espec\u00edficos<\/em>: <\/p>\n\n\n\n<ul class=\"wp-block-list\"><li>Legisla\u00e7\u00e3o Espec\u00edfica &#8211; 05 quest\u00f5es<\/li><li>Conhecimentos do cargo &#8211; 15 quest\u00f5es<\/li><\/ul>\n\n\n\n<h4 class=\"wp-block-heading\">N\u00edvel M\u00e9dio\/ T\u00e9cnico &#8211; T.I e Comunica\u00e7\u00e3o <\/h4>\n\n\n\n<p><em>Conhecimentos Gerais<\/em>: <\/p>\n\n\n\n<ul class=\"wp-block-list\"><li>L\u00edngua Portuguesa &#8211; 10 &#8211; quest\u00f5es<\/li><li>Racioc\u00ednio L\u00f3gico &#8211; 05 &#8211; quest\u00f5es<\/li><li>Conhecimentos Gerais &#8211; 05 quest\u00f5es<\/li><\/ul>\n\n\n\n<p><em>Conhecimentos Espec\u00edficos<\/em>: <\/p>\n\n\n\n<ul class=\"wp-block-list\"><li>Legisla\u00e7\u00e3o Espec\u00edfica &#8211; 05 quest\u00f5es<\/li><li>Conhecimentos do cargo &#8211; 15 quest\u00f5es<\/li><\/ul>\n\n\n\n<h3 class=\"wp-block-heading\">Prova Discursiva<\/h3>\n\n\n\n<p>A prova discursiva possui car\u00e1ter eliminat\u00f3rio e classificat\u00f3rio e ser\u00e1 realizada no mesmo dia da prova objetiva. O exame dever\u00e1 ser feito por todos os cargos.<\/p>\n\n\n\n<p>A prova discursiva \u00e9 constitu\u00edda da elabora\u00e7\u00e3o de 1 disserta\u00e7\u00e3o, visando avaliar o conhecimento t\u00e9cnico na \u00e1rea de atua\u00e7\u00e3o, a capacidade de express\u00e3o na modalidade escrita e o uso das normas do registro formal culto da L\u00edngua Portuguesa.  <\/p>\n\n\n\n<p><strong><em>Confira abaixo os crit\u00e9rios de avalia\u00e7\u00e3o:<\/em><\/strong><\/p>\n\n\n\n<div class=\"wp-block-image\"><figure class=\"aligncenter\"><img loading=\"lazy\" decoding=\"async\" width=\"907\" height=\"373\" src=\"https:\/\/dhg1h5j42swfq.cloudfront.net\/2019\/11\/08092918\/image33.png\" alt=\"\" class=\"wp-image-445567\" srcset=\"https:\/\/dhg1h5j42swfq.cloudfront.net\/2019\/11\/08092918\/image33.png 907w, https:\/\/dhg1h5j42swfq.cloudfront.net\/2019\/11\/08092918\/image33.png 300w, https:\/\/dhg1h5j42swfq.cloudfront.net\/2019\/11\/08092918\/image33.png 768w, https:\/\/dhg1h5j42swfq.cloudfront.net\/2019\/11\/08092918\/image33.png 610w\" sizes=\"auto, (max-width: 907px) 100vw, 907px\" \/><\/figure><\/div>\n\n\n\n<h2 class=\"wp-block-heading\">Edital Estrat\u00e9gico<\/h2>\n\n\n\n<p>Para ajudar a refor\u00e7ar sua prepara\u00e7\u00e3o, a equipe de professores do Estrat\u00e9gia Concursos desenvolveu o&nbsp;<strong>Edital Estrat\u00e9gico<\/strong>. Nada mais \u00e9 do que planilhas personalizadas, focadas no edital do concurso, com recursos para ajud\u00e1-los no registro das diferentes tarefas de estudo: teoria, revis\u00e3o e exerc\u00edcios. Clique abaixo e acesse o artigo explicativo: <\/p>\n\n\n\n<p class=\"has-background has-text-align-center has-medium-font-size has-very-light-gray-background-color\"><a href=\"https:\/\/www.estrategiaconcursos.com.br\/blog\/?p=446250\"><strong>Edital Estrat\u00e9gico CRQ RJ<\/strong><\/a><\/p>\n\n\n\n<h2 class=\"has-text-align-center wp-block-heading\" id=\"cursos-crq-rj\">Quer estudar para o CRQ RJ? Confira nossos cursos<\/h2>\n\n\n\n<p style=\"font-size:25px\" class=\"has-text-align-center\"><em><strong><span style=\"text-decoration: underline;\"><a href=\"https:\/\/www.estrategiaconcursos.com.br\/cursosPorConcurso\/conselho-regional-de-quimica-da-3-regiao-crq-rj\/\" target=\"_blank\" rel=\"noreferrer noopener\" aria-label=\"Curso CRQ RJ (abre numa nova aba)\">Curso CRQ RJ<\/a><\/span><\/strong><\/em><\/p>\n\n\n\n<p style=\"font-size:23px\" class=\"has-background has-text-align-center has-pale-cyan-blue-background-color\"><strong><em>Mais informa\u00e7\u00f5es: <\/em><\/strong><a href=\"https:\/\/www.estrategiaconcursos.com.br\/blog\/concurso-crq-rj\/\"><strong><em>concurso CRQ RJ<\/em><\/strong><\/a><\/p>\n\n\n\n<p class=\"has-text-align-center\"><em><strong>Assinatura Anual Ilimitada*<\/strong><\/em><\/p>\n\n\n\n<p class=\"has-text-align-center\"><em>Prepare-se com o melhor material e com quem mais aprova em&nbsp;Concursos P\u00fablicos de todo o pa\u00eds. Assine agora a nossa Assinatura Anual e tenha acesso ilimitado a todos os nossos cursos.<\/em><\/p>\n\n\n\n<p class=\"has-background has-text-align-center has-light-green-cyan-background-color\"><strong>ASSINE AGORA<\/strong>\u00a0\u2013\u00a0<a rel=\"noreferrer noopener\" href=\"https:\/\/www.estrategiaconcursos.com.br\/assinaturas\" target=\"_blank\"><strong>Assinatura Ilimitada<\/strong><\/a><\/p>\n\n\n\n<p class=\"has-text-align-center\"><strong><em>Fique por dentro dos concursos vigentes:<\/em><\/strong><\/p>\n\n\n\n<p style=\"font-size:23px\" class=\"has-background has-text-align-center has-pale-cyan-blue-background-color\"><strong><a href=\"https:\/\/www.estrategiaconcursos.com.br\/blog\/concursos-abertos\/\" target=\"_blank\" rel=\"noreferrer noopener\">CONCURSOS ABERTOS<\/a><\/strong><\/p>\n\n\n\n<p style=\"font-size:23px\" class=\"has-background has-text-align-center has-pale-cyan-blue-background-color\"><strong><a href=\"https:\/\/www.estrategiaconcursos.com.br\/blog\/concursos-2020\/\" target=\"_blank\" rel=\"noreferrer noopener\">CONCURSOS&nbsp;2020<\/a><\/strong><\/p>\n\n\n\n<figure class=\"wp-block-image\"><img loading=\"lazy\" decoding=\"async\" width=\"300\" height=\"102\" src=\"https:\/\/dhg1h5j42swfq.cloudfront.net\/2017\/03\/28152500\/coruja-ficha-tecnica-300x102.png\" alt=\"Ficha t\u00e9cnica Concurso Detran PA\" class=\"wp-image-68542\"\/><\/figure>\n\n\n\n<h4 class=\"wp-block-heading\" id=\"ficha-tecnica-crq-rj\"><strong>\u2666Informa\u00e7\u00f5es do Concurso CRQ RJ<\/strong><\/h4>\n\n\n\n<p>\u25ba<strong>Data: <\/strong>8 de mar\u00e7o de 2020<strong><br \/>\u25baVagas: <\/strong>15<strong><br \/>\u25baLota\u00e7\u00f5es: <\/strong>Rio de Janeiro<strong><br \/>\u25baRequisito: <\/strong>N\u00edvel M\u00e9dio\/T\u00e9cnico e Superior<strong><br \/>\u25baBanca: <\/strong>Instituto Consulplan<strong><br \/>\u25baEdital:<\/strong> <a href=\"http:\/\/www.in.gov.br\/web\/dou\/-\/edital-n-1-de-7-de-novembro-de-2019-226922177\">Edital CRQ RJ 2019<\/a><\/p>\n","protected":false},"excerpt":{"rendered":"<p>O candidatos interessados puderam realizar as inscri\u00e7\u00f5es de acordo com o \u00f3rg\u00e3o, atrav\u00e9s do portal online da banca organizadora do certame, o Instituto Consulplan\u00a0at\u00e9 o dia 30 de janeiro de 2020. A prova objetiva deve acontecer no dia 8 de mar\u00e7o de 2020 nas cidades do Rio de Janeiro (Capital\/Regi\u00e3o Metropolitana), Maca\u00e9\/Campos dos Goytacazes e [&hellip;]<\/p>\n","protected":false},"author":260,"featured_media":444278,"comment_status":"open","ping_status":"closed","sticky":false,"template":"","format":"standard","meta":{"post_tipo":"article","footnotes":""},"categories":[1],"tags":[],"tax_estado":[],"class_list":["post-445534","post","type-post","status-publish","format-standard","has-post-thumbnail","hentry","category-cursos-e-concursos"],"acf":[],"yoast_head":"<!-- This site is optimized with the Yoast SEO Premium plugin v27.2 (Yoast SEO v27.2) - https:\/\/yoast.com\/product\/yoast-seo-premium-wordpress\/ -->\n<title>Edital CRQ RJ: inscri\u00e7\u00f5es encerradas para Analistas e T\u00e9cnicos<\/title>\n<meta name=\"robots\" content=\"index, follow, max-snippet:-1, max-image-preview:large, max-video-preview:-1\" \/>\n<link rel=\"canonical\" href=\"https:\/\/www.estrategiaconcursos.com.br\/blog\/edital-crq-rj\/\" \/>\n<meta property=\"og:locale\" content=\"pt_BR\" \/>\n<meta property=\"og:type\" content=\"article\" \/>\n<meta property=\"og:title\" content=\"Edital CRQ RJ: inscri\u00e7\u00f5es encerradas para Analistas e T\u00e9cnicos\" \/>\n<meta property=\"og:description\" content=\"O candidatos interessados puderam realizar as inscri\u00e7\u00f5es de acordo com o \u00f3rg\u00e3o, atrav\u00e9s do portal online da banca organizadora do certame, o Instituto Consulplan\u00a0at\u00e9 o dia 30 de janeiro de 2020. A prova objetiva deve acontecer no dia 8 de mar\u00e7o de 2020 nas cidades do Rio de Janeiro (Capital\/Regi\u00e3o Metropolitana), Maca\u00e9\/Campos dos Goytacazes e [&hellip;]\" \/>\n<meta property=\"og:url\" content=\"https:\/\/www.estrategiaconcursos.com.br\/blog\/edital-crq-rj\/\" \/>\n<meta property=\"og:site_name\" content=\"Estrat\u00e9gia Concursos\" \/>\n<meta property=\"article:published_time\" content=\"2019-11-25T03:00:02+00:00\" \/>\n<meta property=\"article:modified_time\" content=\"2020-01-31T13:08:51+00:00\" \/>\n<meta property=\"og:image\" content=\"https:\/\/dhg1h5j42swfq.cloudfront.net\/2019\/11\/05113900\/SAIU-EDITAL1.jpg\" \/>\n\t<meta property=\"og:image:width\" content=\"1200\" \/>\n\t<meta property=\"og:image:height\" content=\"628\" \/>\n\t<meta property=\"og:image:type\" content=\"image\/jpeg\" \/>\n<meta name=\"author\" content=\"Diego Cerqueira Berbert Vasconcelos\" \/>\n<meta name=\"twitter:card\" content=\"summary_large_image\" \/>\n<meta name=\"twitter:creator\" content=\"@EstratConcursos\" \/>\n<meta name=\"twitter:site\" content=\"@EstratConcursos\" \/>\n<meta name=\"twitter:label1\" content=\"Escrito por\" \/>\n\t<meta name=\"twitter:data1\" content=\"Diego Cerqueira Berbert Vasconcelos\" \/>\n\t<meta name=\"twitter:label2\" content=\"Est. tempo de leitura\" \/>\n\t<meta name=\"twitter:data2\" content=\"4 minutos\" \/>\n<script type=\"application\/ld+json\" class=\"yoast-schema-graph\">{\"@context\":\"https:\/\/schema.org\",\"@graph\":[{\"@type\":\"NewsArticle\",\"@id\":\"https:\/\/www.estrategiaconcursos.com.br\/blog\/edital-crq-rj\/#article\",\"isPartOf\":{\"@id\":\"https:\/\/www.estrategiaconcursos.com.br\/blog\/edital-crq-rj\/\"},\"author\":{\"name\":\"Diego Cerqueira Berbert Vasconcelos\",\"@id\":\"https:\/\/www.estrategiaconcursos.com.br\/blog\/#\/schema\/person\/7fbf898fd336f5ce58a961518beff68c\"},\"headline\":\"Edital CRQ RJ: inscri\u00e7\u00f5es encerradas para Analistas e T\u00e9cnicos\",\"datePublished\":\"2019-11-25T03:00:02+00:00\",\"dateModified\":\"2020-01-31T13:08:51+00:00\",\"mainEntityOfPage\":{\"@id\":\"https:\/\/www.estrategiaconcursos.com.br\/blog\/edital-crq-rj\/\"},\"wordCount\":797,\"commentCount\":0,\"publisher\":{\"@id\":\"https:\/\/www.estrategiaconcursos.com.br\/blog\/#organization\"},\"image\":{\"@id\":\"https:\/\/www.estrategiaconcursos.com.br\/blog\/edital-crq-rj\/#primaryimage\"},\"thumbnailUrl\":\"https:\/\/dhg1h5j42swfq.cloudfront.net\/2019\/11\/05113900\/SAIU-EDITAL1.jpg\",\"articleSection\":[\"Concursos P\u00fablicos\"],\"inLanguage\":\"pt-BR\",\"potentialAction\":[{\"@type\":\"CommentAction\",\"name\":\"Comment\",\"target\":[\"https:\/\/www.estrategiaconcursos.com.br\/blog\/edital-crq-rj\/#respond\"]}],\"copyrightYear\":\"2019\",\"copyrightHolder\":{\"@id\":\"https:\/\/www.estrategiaconcursos.com.br\/blog\/#organization\"}},{\"@type\":\"WebPage\",\"@id\":\"https:\/\/www.estrategiaconcursos.com.br\/blog\/edital-crq-rj\/\",\"url\":\"https:\/\/www.estrategiaconcursos.com.br\/blog\/edital-crq-rj\/\",\"name\":\"Edital CRQ RJ: inscri\u00e7\u00f5es encerradas para Analistas e T\u00e9cnicos\",\"isPartOf\":{\"@id\":\"https:\/\/www.estrategiaconcursos.com.br\/blog\/#website\"},\"primaryImageOfPage\":{\"@id\":\"https:\/\/www.estrategiaconcursos.com.br\/blog\/edital-crq-rj\/#primaryimage\"},\"image\":{\"@id\":\"https:\/\/www.estrategiaconcursos.com.br\/blog\/edital-crq-rj\/#primaryimage\"},\"thumbnailUrl\":\"https:\/\/dhg1h5j42swfq.cloudfront.net\/2019\/11\/05113900\/SAIU-EDITAL1.jpg\",\"datePublished\":\"2019-11-25T03:00:02+00:00\",\"dateModified\":\"2020-01-31T13:08:51+00:00\",\"breadcrumb\":{\"@id\":\"https:\/\/www.estrategiaconcursos.com.br\/blog\/edital-crq-rj\/#breadcrumb\"},\"inLanguage\":\"pt-BR\",\"potentialAction\":[{\"@type\":\"ReadAction\",\"target\":[\"https:\/\/www.estrategiaconcursos.com.br\/blog\/edital-crq-rj\/\"]}]},{\"@type\":\"ImageObject\",\"inLanguage\":\"pt-BR\",\"@id\":\"https:\/\/www.estrategiaconcursos.com.br\/blog\/edital-crq-rj\/#primaryimage\",\"url\":\"https:\/\/dhg1h5j42swfq.cloudfront.net\/2019\/11\/05113900\/SAIU-EDITAL1.jpg\",\"contentUrl\":\"https:\/\/dhg1h5j42swfq.cloudfront.net\/2019\/11\/05113900\/SAIU-EDITAL1.jpg\",\"width\":1200,\"height\":628,\"caption\":\"Concurso PGM Barra do Bugres\"},{\"@type\":\"BreadcrumbList\",\"@id\":\"https:\/\/www.estrategiaconcursos.com.br\/blog\/edital-crq-rj\/#breadcrumb\",\"itemListElement\":[{\"@type\":\"ListItem\",\"position\":1,\"name\":\"In\u00edcio\",\"item\":\"https:\/\/www.estrategiaconcursos.com.br\/blog\/\"},{\"@type\":\"ListItem\",\"position\":2,\"name\":\"Edital CRQ RJ: inscri\u00e7\u00f5es encerradas para Analistas e T\u00e9cnicos\"}]},{\"@type\":\"WebSite\",\"@id\":\"https:\/\/www.estrategiaconcursos.com.br\/blog\/#website\",\"url\":\"https:\/\/www.estrategiaconcursos.com.br\/blog\/\",\"name\":\"Estrat\u00e9gia Concursos\",\"description\":\"O blog da Estrat\u00e9gia Concursos traz not\u00edcias sobre concursos e artigos de professores oferecendo cursos para concursos (pdf + videaulas) no site.\",\"publisher\":{\"@id\":\"https:\/\/www.estrategiaconcursos.com.br\/blog\/#organization\"},\"potentialAction\":[{\"@type\":\"SearchAction\",\"target\":{\"@type\":\"EntryPoint\",\"urlTemplate\":\"https:\/\/www.estrategiaconcursos.com.br\/blog\/?s={search_term_string}\"},\"query-input\":{\"@type\":\"PropertyValueSpecification\",\"valueRequired\":true,\"valueName\":\"search_term_string\"}}],\"inLanguage\":\"pt-BR\"},{\"@type\":\"Organization\",\"@id\":\"https:\/\/www.estrategiaconcursos.com.br\/blog\/#organization\",\"name\":\"Estrat\u00e9gia Concursos\",\"url\":\"https:\/\/www.estrategiaconcursos.com.br\/blog\/\",\"logo\":{\"@type\":\"ImageObject\",\"inLanguage\":\"pt-BR\",\"@id\":\"https:\/\/www.estrategiaconcursos.com.br\/blog\/#\/schema\/logo\/image\/\",\"url\":\"https:\/\/dhg1h5j42swfq.cloudfront.net\/2025\/06\/03203428\/logo_concursos-1.jpg\",\"contentUrl\":\"https:\/\/dhg1h5j42swfq.cloudfront.net\/2025\/06\/03203428\/logo_concursos-1.jpg\",\"width\":230,\"height\":60,\"caption\":\"Estrat\u00e9gia Concursos\"},\"image\":{\"@id\":\"https:\/\/www.estrategiaconcursos.com.br\/blog\/#\/schema\/logo\/image\/\"},\"sameAs\":[\"https:\/\/x.com\/EstratConcursos\"]},{\"@type\":\"Person\",\"@id\":\"https:\/\/www.estrategiaconcursos.com.br\/blog\/#\/schema\/person\/7fbf898fd336f5ce58a961518beff68c\",\"name\":\"Diego Cerqueira Berbert Vasconcelos\",\"image\":{\"@type\":\"ImageObject\",\"inLanguage\":\"pt-BR\",\"@id\":\"https:\/\/secure.gravatar.com\/avatar\/ed2d045a7390980cad1a92d24dcc39d10ef55b88fcb9fb9c047979bf4ddeb1ce?s=96&d=mm&r=g\",\"url\":\"https:\/\/secure.gravatar.com\/avatar\/ed2d045a7390980cad1a92d24dcc39d10ef55b88fcb9fb9c047979bf4ddeb1ce?s=96&d=mm&r=g\",\"contentUrl\":\"https:\/\/secure.gravatar.com\/avatar\/ed2d045a7390980cad1a92d24dcc39d10ef55b88fcb9fb9c047979bf4ddeb1ce?s=96&d=mm&r=g\",\"caption\":\"Diego Cerqueira Berbert Vasconcelos\"},\"url\":\"https:\/\/www.estrategiaconcursos.com.br\/blog\/author\/diegocerqueiraestrategiaconcursos-com-br\/\"}]}<\/script>\n<!-- \/ Yoast SEO Premium plugin. -->","yoast_head_json":{"title":"Edital CRQ RJ: inscri\u00e7\u00f5es encerradas para Analistas e T\u00e9cnicos","robots":{"index":"index","follow":"follow","max-snippet":"max-snippet:-1","max-image-preview":"max-image-preview:large","max-video-preview":"max-video-preview:-1"},"canonical":"https:\/\/www.estrategiaconcursos.com.br\/blog\/edital-crq-rj\/","og_locale":"pt_BR","og_type":"article","og_title":"Edital CRQ RJ: inscri\u00e7\u00f5es encerradas para Analistas e T\u00e9cnicos","og_description":"O candidatos interessados puderam realizar as inscri\u00e7\u00f5es de acordo com o \u00f3rg\u00e3o, atrav\u00e9s do portal online da banca organizadora do certame, o Instituto Consulplan\u00a0at\u00e9 o dia 30 de janeiro de 2020. A prova objetiva deve acontecer no dia 8 de mar\u00e7o de 2020 nas cidades do Rio de Janeiro (Capital\/Regi\u00e3o Metropolitana), Maca\u00e9\/Campos dos Goytacazes e [&hellip;]","og_url":"https:\/\/www.estrategiaconcursos.com.br\/blog\/edital-crq-rj\/","og_site_name":"Estrat\u00e9gia Concursos","article_published_time":"2019-11-25T03:00:02+00:00","article_modified_time":"2020-01-31T13:08:51+00:00","og_image":[{"width":1200,"height":628,"url":"https:\/\/dhg1h5j42swfq.cloudfront.net\/2019\/11\/05113900\/SAIU-EDITAL1.jpg","type":"image\/jpeg"}],"author":"Diego Cerqueira Berbert Vasconcelos","twitter_card":"summary_large_image","twitter_creator":"@EstratConcursos","twitter_site":"@EstratConcursos","twitter_misc":{"Escrito por":"Diego Cerqueira Berbert Vasconcelos","Est. tempo de leitura":"4 minutos"},"schema":{"@context":"https:\/\/schema.org","@graph":[{"@type":"NewsArticle","@id":"https:\/\/www.estrategiaconcursos.com.br\/blog\/edital-crq-rj\/#article","isPartOf":{"@id":"https:\/\/www.estrategiaconcursos.com.br\/blog\/edital-crq-rj\/"},"author":{"name":"Diego Cerqueira Berbert Vasconcelos","@id":"https:\/\/www.estrategiaconcursos.com.br\/blog\/#\/schema\/person\/7fbf898fd336f5ce58a961518beff68c"},"headline":"Edital CRQ RJ: inscri\u00e7\u00f5es encerradas para Analistas e T\u00e9cnicos","datePublished":"2019-11-25T03:00:02+00:00","dateModified":"2020-01-31T13:08:51+00:00","mainEntityOfPage":{"@id":"https:\/\/www.estrategiaconcursos.com.br\/blog\/edital-crq-rj\/"},"wordCount":797,"commentCount":0,"publisher":{"@id":"https:\/\/www.estrategiaconcursos.com.br\/blog\/#organization"},"image":{"@id":"https:\/\/www.estrategiaconcursos.com.br\/blog\/edital-crq-rj\/#primaryimage"},"thumbnailUrl":"https:\/\/dhg1h5j42swfq.cloudfront.net\/2019\/11\/05113900\/SAIU-EDITAL1.jpg","articleSection":["Concursos P\u00fablicos"],"inLanguage":"pt-BR","potentialAction":[{"@type":"CommentAction","name":"Comment","target":["https:\/\/www.estrategiaconcursos.com.br\/blog\/edital-crq-rj\/#respond"]}],"copyrightYear":"2019","copyrightHolder":{"@id":"https:\/\/www.estrategiaconcursos.com.br\/blog\/#organization"}},{"@type":"WebPage","@id":"https:\/\/www.estrategiaconcursos.com.br\/blog\/edital-crq-rj\/","url":"https:\/\/www.estrategiaconcursos.com.br\/blog\/edital-crq-rj\/","name":"Edital CRQ RJ: inscri\u00e7\u00f5es encerradas para Analistas e T\u00e9cnicos","isPartOf":{"@id":"https:\/\/www.estrategiaconcursos.com.br\/blog\/#website"},"primaryImageOfPage":{"@id":"https:\/\/www.estrategiaconcursos.com.br\/blog\/edital-crq-rj\/#primaryimage"},"image":{"@id":"https:\/\/www.estrategiaconcursos.com.br\/blog\/edital-crq-rj\/#primaryimage"},"thumbnailUrl":"https:\/\/dhg1h5j42swfq.cloudfront.net\/2019\/11\/05113900\/SAIU-EDITAL1.jpg","datePublished":"2019-11-25T03:00:02+00:00","dateModified":"2020-01-31T13:08:51+00:00","breadcrumb":{"@id":"https:\/\/www.estrategiaconcursos.com.br\/blog\/edital-crq-rj\/#breadcrumb"},"inLanguage":"pt-BR","potentialAction":[{"@type":"ReadAction","target":["https:\/\/www.estrategiaconcursos.com.br\/blog\/edital-crq-rj\/"]}]},{"@type":"ImageObject","inLanguage":"pt-BR","@id":"https:\/\/www.estrategiaconcursos.com.br\/blog\/edital-crq-rj\/#primaryimage","url":"https:\/\/dhg1h5j42swfq.cloudfront.net\/2019\/11\/05113900\/SAIU-EDITAL1.jpg","contentUrl":"https:\/\/dhg1h5j42swfq.cloudfront.net\/2019\/11\/05113900\/SAIU-EDITAL1.jpg","width":1200,"height":628,"caption":"Concurso PGM Barra do Bugres"},{"@type":"BreadcrumbList","@id":"https:\/\/www.estrategiaconcursos.com.br\/blog\/edital-crq-rj\/#breadcrumb","itemListElement":[{"@type":"ListItem","position":1,"name":"In\u00edcio","item":"https:\/\/www.estrategiaconcursos.com.br\/blog\/"},{"@type":"ListItem","position":2,"name":"Edital CRQ RJ: inscri\u00e7\u00f5es encerradas para Analistas e T\u00e9cnicos"}]},{"@type":"WebSite","@id":"https:\/\/www.estrategiaconcursos.com.br\/blog\/#website","url":"https:\/\/www.estrategiaconcursos.com.br\/blog\/","name":"Estrat\u00e9gia Concursos","description":"O blog da Estrat\u00e9gia Concursos traz not\u00edcias sobre concursos e artigos de professores oferecendo cursos para concursos (pdf + videaulas) no site.","publisher":{"@id":"https:\/\/www.estrategiaconcursos.com.br\/blog\/#organization"},"potentialAction":[{"@type":"SearchAction","target":{"@type":"EntryPoint","urlTemplate":"https:\/\/www.estrategiaconcursos.com.br\/blog\/?s={search_term_string}"},"query-input":{"@type":"PropertyValueSpecification","valueRequired":true,"valueName":"search_term_string"}}],"inLanguage":"pt-BR"},{"@type":"Organization","@id":"https:\/\/www.estrategiaconcursos.com.br\/blog\/#organization","name":"Estrat\u00e9gia Concursos","url":"https:\/\/www.estrategiaconcursos.com.br\/blog\/","logo":{"@type":"ImageObject","inLanguage":"pt-BR","@id":"https:\/\/www.estrategiaconcursos.com.br\/blog\/#\/schema\/logo\/image\/","url":"https:\/\/dhg1h5j42swfq.cloudfront.net\/2025\/06\/03203428\/logo_concursos-1.jpg","contentUrl":"https:\/\/dhg1h5j42swfq.cloudfront.net\/2025\/06\/03203428\/logo_concursos-1.jpg","width":230,"height":60,"caption":"Estrat\u00e9gia Concursos"},"image":{"@id":"https:\/\/www.estrategiaconcursos.com.br\/blog\/#\/schema\/logo\/image\/"},"sameAs":["https:\/\/x.com\/EstratConcursos"]},{"@type":"Person","@id":"https:\/\/www.estrategiaconcursos.com.br\/blog\/#\/schema\/person\/7fbf898fd336f5ce58a961518beff68c","name":"Diego Cerqueira Berbert Vasconcelos","image":{"@type":"ImageObject","inLanguage":"pt-BR","@id":"https:\/\/secure.gravatar.com\/avatar\/ed2d045a7390980cad1a92d24dcc39d10ef55b88fcb9fb9c047979bf4ddeb1ce?s=96&d=mm&r=g","url":"https:\/\/secure.gravatar.com\/avatar\/ed2d045a7390980cad1a92d24dcc39d10ef55b88fcb9fb9c047979bf4ddeb1ce?s=96&d=mm&r=g","contentUrl":"https:\/\/secure.gravatar.com\/avatar\/ed2d045a7390980cad1a92d24dcc39d10ef55b88fcb9fb9c047979bf4ddeb1ce?s=96&d=mm&r=g","caption":"Diego Cerqueira Berbert Vasconcelos"},"url":"https:\/\/www.estrategiaconcursos.com.br\/blog\/author\/diegocerqueiraestrategiaconcursos-com-br\/"}]}},"_links":{"self":[{"href":"https:\/\/www.estrategiaconcursos.com.br\/blog\/wp-json\/wp\/v2\/posts\/445534","targetHints":{"allow":["GET"]}}],"collection":[{"href":"https:\/\/www.estrategiaconcursos.com.br\/blog\/wp-json\/wp\/v2\/posts"}],"about":[{"href":"https:\/\/www.estrategiaconcursos.com.br\/blog\/wp-json\/wp\/v2\/types\/post"}],"author":[{"embeddable":true,"href":"https:\/\/www.estrategiaconcursos.com.br\/blog\/wp-json\/wp\/v2\/users\/260"}],"replies":[{"embeddable":true,"href":"https:\/\/www.estrategiaconcursos.com.br\/blog\/wp-json\/wp\/v2\/comments?post=445534"}],"version-history":[{"count":11,"href":"https:\/\/www.estrategiaconcursos.com.br\/blog\/wp-json\/wp\/v2\/posts\/445534\/revisions"}],"predecessor-version":[{"id":476237,"href":"https:\/\/www.estrategiaconcursos.com.br\/blog\/wp-json\/wp\/v2\/posts\/445534\/revisions\/476237"}],"wp:featuredmedia":[{"embeddable":true,"href":"https:\/\/www.estrategiaconcursos.com.br\/blog\/wp-json\/wp\/v2\/media\/444278"}],"wp:attachment":[{"href":"https:\/\/www.estrategiaconcursos.com.br\/blog\/wp-json\/wp\/v2\/media?parent=445534"}],"wp:term":[{"taxonomy":"category","embeddable":true,"href":"https:\/\/www.estrategiaconcursos.com.br\/blog\/wp-json\/wp\/v2\/categories?post=445534"},{"taxonomy":"post_tag","embeddable":true,"href":"https:\/\/www.estrategiaconcursos.com.br\/blog\/wp-json\/wp\/v2\/tags?post=445534"},{"taxonomy":"tax_estado","embeddable":true,"href":"https:\/\/www.estrategiaconcursos.com.br\/blog\/wp-json\/wp\/v2\/tax_estado?post=445534"}],"curies":[{"name":"wp","href":"https:\/\/api.w.org\/{rel}","templated":true}]}}