{"id":445518,"date":"2019-11-08T15:50:12","date_gmt":"2019-11-08T18:50:12","guid":{"rendered":"https:\/\/www.estrategiaconcursos.com.br\/blog\/?p=445518"},"modified":"2019-12-10T09:04:46","modified_gmt":"2019-12-10T12:04:46","slug":"edital-prefeitura-de-santos","status":"publish","type":"post","link":"https:\/\/www.estrategiaconcursos.com.br\/blog\/edital-prefeitura-de-santos\/","title":{"rendered":"Edital Prefeitura de Santos: s\u00e3o 52 vagas para todas as escolaridades"},"content":{"rendered":"\n<p>Foram publicados <strong>dois editais de concurso p\u00fablico para a Prefeitura de Santos<\/strong>, munic\u00edpio litor\u00e2neo do estado de S\u00e3o Paulo. Juntos, os documentos ofertam <strong>52 vagas<\/strong> para cargos de n\u00edvel fundamental, m\u00e9dio, t\u00e9cnico e superior na \u00e1rea da Sa\u00fade, Educa\u00e7\u00e3o e outros.<\/p>\n\n\n\n<p>Aqueles interessados em garantir sua <em>inscri\u00e7\u00e3o <\/em>puderam acessar o site da banca organizadora, o Instituto Brasileiro de Administra\u00e7\u00e3o Municipal \u2013 IBAM, at\u00e9 o dia<strong> 09 de dezembro<\/strong>.<\/p>\n\n\n\n<p>Ao longo deste artigo reunimos as principais informa\u00e7\u00f5es sobre o certame para que voc\u00ea possa se preparar e garantir a t\u00e3o sonhada vaga.<\/p>\n\n\n<figure class=\"wp-block-embed-youtube wp-block-embed is-type-video is-provider-youtube wp-embed-aspect-16-9 wp-has-aspect-ratio lyte-align aligncenter\"><div class=\"lyte-wrapper\" style=\"width:853px;max-width:100%;margin:5px;\"><div class=\"lyMe\" id=\"WYL_hAK8Sp8EcVY\"><div id=\"lyte_hAK8Sp8EcVY\" data-src=\"\/\/i.ytimg.com\/vi\/hAK8Sp8EcVY\/hqdefault.jpg\" class=\"pL\"><div class=\"tC\"><div class=\"tT\"><\/div><\/div><div class=\"play\"><\/div><div class=\"ctrl\"><div class=\"Lctrl\"><\/div><div class=\"Rctrl\"><\/div><\/div><\/div><noscript><a href=\"https:\/\/youtu.be\/hAK8Sp8EcVY\" rel=\"nofollow\"><img loading=\"lazy\" decoding=\"async\" src=\"https:\/\/i.ytimg.com\/vi\/hAK8Sp8EcVY\/0.jpg\" alt=\"YouTube video thumbnail\" width=\"853\" height=\"460\" \/><br \/>Assista a este v\u00eddeo no YouTube<\/a><\/noscript><\/div><\/div><div class=\"lL\" style=\"max-width:100%;width:853px;margin:5px;\"><\/div><figcaption><\/figcaption><\/figure>\n\n\n<h2 class=\"wp-block-heading\">Distribui\u00e7\u00e3o das vagas<\/h2>\n\n\n\n<h3 class=\"wp-block-heading\">Cargos Gerais:<\/h3>\n\n\n\n<table class=\"wp-block-table has-subtle-pale-blue-background-color has-fixed-layout has-background is-style-stripes\"><tbody><tr><td><strong>Cargos<\/strong><\/td><td><strong>Escolaridade<\/strong><\/td><td><strong>Vagas<\/strong><\/td><td><strong>Remunera\u00e7\u00e3o<\/strong><\/td><\/tr><tr><td>Agente de Portaria <\/td><td>N\u00edvel fundamental<\/td><td>03<\/td><td>R$ 1.457,26* <\/td><\/tr><tr><td>Atendente de Ouvidoria <\/td><td>N\u00edvel m\u00e9dio<\/td><td>01<\/td><td>R$ 2.264,47*<\/td><\/tr><tr><td>Fiscal de Posturas Municipais <\/td><td>N\u00edvel m\u00e9dio<\/td><td>01<\/td><td>R$ 2.728,15*<\/td><\/tr><tr><td>Inspetor de Alunos <\/td><td>N\u00edvel fundamental<\/td><td>15<\/td><td>R$ 1.982,78*<\/td><\/tr><tr><td>Secret\u00e1rio de Unidade Escolar <\/td><td>N\u00edvel m\u00e9dio <\/td><td>03<\/td><td>R$ 2.728,15*<\/td><\/tr><tr><td>T\u00e9cnico de Contabilidade <\/td><td>N\u00edvel t\u00e9cnico<\/td><td>01<\/td><td>R$ 2.728,15* <\/td><\/tr><\/tbody><\/table>\n\n\n\n<p><strong>*<\/strong> mais aux\u00edlio-alimenta\u00e7\u00e3o no valor de R$ 456,94.<\/p>\n\n\n\n<h3 class=\"wp-block-heading\">Cargos de M\u00e9dico:<\/h3>\n\n\n\n<table class=\"wp-block-table has-subtle-pale-blue-background-color has-fixed-layout has-background is-style-stripes\"><tbody><tr><td><strong>M\u00e9dicos<\/strong><\/td><td><strong>Escolaridade<\/strong><\/td><td><strong>Vagas<\/strong><\/td><td><strong>Remunera\u00e7\u00e3o<\/strong><\/td><\/tr><tr><td>Acupunturista <\/td><td>N\u00edvel superior<\/td><td>01 <\/td><td>R$ 4.044,98<\/td><\/tr><tr><td>Alergista e Imunologista <\/td><td>N\u00edvel superior <\/td><td>01 <\/td><td>R$ 4.044,98<\/td><\/tr><tr><td>Cardiologista <\/td><td>N\u00edvel superior <\/td><td>01 <\/td><td>R$ 4.044,98 <\/td><\/tr><tr><td>Cirurgia Vascular <\/td><td>N\u00edvel superior <\/td><td>01 <\/td><td>R$ 4.044,98 <\/td><\/tr><tr><td>Dermatologista <\/td><td>N\u00edvel superior <\/td><td>01 <\/td><td>R$ 4.044,98 <\/td><\/tr><tr><td>M\u00e9dico do Trabalho <\/td><td>N\u00edvel superior <\/td><td>01<\/td><td>R$ 8.089,96 <\/td><\/tr><tr><td>Endocrinologista e Metabologista <\/td><td>N\u00edvel superior  <\/td><td>01 <\/td><td>R$ 4.044,98 <\/td><\/tr><tr><td>Endocrinologista e Metabologista Infantil <\/td><td>N\u00edvel superior  <\/td><td>01 <\/td><td>R$ 4.044,98 <\/td><\/tr><tr><td>Gastroenterologista <\/td><td>N\u00edvel superior  <\/td><td>01 <\/td><td>R$ 4.044,98 <\/td><\/tr><tr><td>Ginecologista e Obstetra (Ambulat\u00f3rio) <\/td><td>N\u00edvel superior  <\/td><td>01 <\/td><td>R$ 7.280,96 <\/td><\/tr><tr><td>Ginecologista e Obstetra \u2013 Urg\u00eancia e Emerg\u00eancia <\/td><td>N\u00edvel superior  <\/td><td>01 <\/td><td>R$ 7.280,96  <\/td><\/tr><tr><td>Hematologista e Hemoterapista <\/td><td>N\u00edvel superior  <\/td><td>01 <\/td><td>R$ 4.044,98 <\/td><\/tr><tr><td>Infectologista <\/td><td>N\u00edvel superior  <\/td><td>01 <\/td><td>R$ 4.044,98 <\/td><\/tr><tr><td>Intensivista <\/td><td>N\u00edvel superior  <\/td><td>01 <\/td><td>R$ 7.280,96  <\/td><\/tr><tr><td>Mastologista <\/td><td>N\u00edvel superior  <\/td><td>01 <\/td><td>R$ 4.044,98 <\/td><\/tr><tr><td>Nefrologista <\/td><td>N\u00edvel superior  <\/td><td>01 <\/td><td>R$ 4.044,98 <\/td><\/tr><tr><td>Neonatologista <\/td><td>N\u00edvel superior  <\/td><td>01 <\/td><td>R$ 7.280,96  <\/td><\/tr><tr><td>Neurologista <\/td><td>N\u00edvel superior  <\/td><td>01 <\/td><td>R$ 4.044,98<\/td><\/tr><tr><td>Neuropediatra <\/td><td>N\u00edvel superior  <\/td><td>01 <\/td><td>R$ 4.044,98<\/td><\/tr><tr><td>Oftalmologista <\/td><td>N\u00edvel superior  <\/td><td>01 <\/td><td>R$ 4.044,98 <\/td><\/tr><tr><td>Oncologista <\/td><td>N\u00edvel superior  <\/td><td>01 <\/td><td>R$ 4.044,98 <\/td><\/tr><tr><td>Ortopedista e Traumatologista <\/td><td>N\u00edvel superior  <\/td><td>01 <\/td><td>R$ 4.044,98 <\/td><\/tr><tr><td>Otorrinolaringologista <\/td><td>N\u00edvel superior  <\/td><td>01 <\/td><td>R$ 4.044,98 <\/td><\/tr><tr><td>Pneumologista <\/td><td>N\u00edvel superior  <\/td><td>01 <\/td><td>R$ 4.044,98 <\/td><\/tr><tr><td>Proctologista <\/td><td>N\u00edvel superior  <\/td><td>01 <\/td><td>R$ 4.044,98 <\/td><\/tr><tr><td>Psiquiatra <\/td><td>N\u00edvel superior  <\/td><td>01 <\/td><td>R$ 8.089,96 <\/td><\/tr><tr><td>Reumatologista <\/td><td>N\u00edvel superior  <\/td><td>01 <\/td><td>R$ 4.044,98<\/td><\/tr><tr><td>Urologista <\/td><td>N\u00edvel superior  <\/td><td>01 <\/td><td>R$ 4.044,98<\/td><\/tr><\/tbody><\/table>\n\n\n\n<h2 class=\"wp-block-heading\">Confira as principais datas do certame<\/h2>\n\n\n\n<ul class=\"wp-block-list\"><li><strong>Inscri\u00e7\u00f5es:<\/strong> <s>08 de novembro a 09 de dezembro<\/s> [ENCERRADO]<\/li><li><strong>Pagamento da taxa:<\/strong> at\u00e9 o dia 10 de dezembro<\/li><li><strong>Taxa de inscri\u00e7\u00e3o:<\/strong><ul><li><em>Fundamental:<\/em> R$ 56,00 <\/li><li><em>M\u00e9dio: <\/em>R$ 74,00 <\/li><li><em>Superior:<\/em> R$ 92,00 <\/li><\/ul><\/li><li><strong>Data prevista da prova:<\/strong> 12 de janeiro de 2020<\/li><\/ul>\n\n\n\n<p>\u00c9 permitido ao candidato inscrever-se para mais de um cargo desde que pertencentes a blocos diferentes conforme tabela abaixo: <\/p>\n\n\n\n<p><\/p>\n\n\n\n<table class=\"wp-block-table has-subtle-pale-blue-background-color has-fixed-layout has-background is-style-stripes\"><tbody><tr><td><strong>Bloco A  <\/strong><\/td><td><strong>Bloco B <\/strong><\/td><\/tr><tr><td>\u2022 Agente de Portaria <br \/>\u2022 Inspetor de Alunos<br \/>\u2022 Fiscal de Posturas Municipais <\/td><td>\u2022 Atendente de Ouvidoria <br \/>\u2022 Secret\u00e1rio de Unidade Escolar <br \/>\u2022 T\u00e9cnico de Contabilidade <\/td><\/tr><\/tbody><\/table>\n\n\n\n<h2 class=\"wp-block-heading\">Etapas do concurso<\/h2>\n\n\n\n<ul class=\"wp-block-list\"><li><strong>Prova Objetiva<\/strong> para todos os cargos (eliminat\u00f3rio e classificat\u00f3rio); <\/li><li><strong>Prova de T\u00edtulos<\/strong> somente para os cargos de M\u00e9dico (classificat\u00f3rio). <\/li><\/ul>\n\n\n\n<h4 class=\"wp-block-heading\"><em>Agente de Portaria \/ Inspetor de Alunos <\/em><\/h4>\n\n\n\n<ul class=\"wp-block-list\"><li>L\u00edngua Portuguesa &#8211; 10 quest\u00f5es<\/li><li>Matem\u00e1tica\/ Racioc\u00ednio L\u00f3gico &#8211; 05 quest\u00f5es<\/li><li>Conhecimentos Gerais &#8211; 03 quest\u00f5es<\/li><li>Conhecimentos Espec\u00edficos &#8211; 22 quest\u00f5es<\/li><\/ul>\n\n\n\n<h4 class=\"wp-block-heading\"><em>Atendente de Ouvidoria \/ Fiscal de Posturas \/ Secret\u00e1rio de Unidade Escolar \/ T\u00e9cnico em Contabilidade <\/em><\/h4>\n\n\n\n<ul class=\"wp-block-list\"><li>L\u00edngua Portuguesa &#8211; 10 quest\u00f5es<\/li><li>Matem\u00e1tica\/ Racioc\u00ednio L\u00f3gico &#8211; 05 quest\u00f5es<\/li><li>Conhecimentos Gerais &#8211; 03 quest\u00f5es<\/li><li>Conhecimentos Espec\u00edficos &#8211; 22 quest\u00f5es<\/li><\/ul>\n\n\n\n<h4 class=\"wp-block-heading\"><em>M\u00e9dicos<\/em><\/h4>\n\n\n\n<ul class=\"wp-block-list\"><li>L\u00edngua Portuguesa &#8211; 10 quest\u00f5es<\/li><li>Conhecimentos Espec\u00edficos &#8211; 30 quest\u00f5es<\/li><\/ul>\n\n\n\n<h2 class=\"wp-block-heading\">Prova de T\u00edtulos para os cargos de M\u00e9dico<\/h2>\n\n\n\n<p>Ser\u00e3o analisados e concorrer\u00e3o \u00e0 contagem de pontos por t\u00edtulos os candidatos habilitados na prova objetiva. Ser\u00e3o considerados como t\u00edtulos apenas os relacionados a tabela abaixo, limitada a pontua\u00e7\u00e3o total da prova de t\u00edtulos ao valor m\u00e1ximo de 10 pontos, desde que relacionados com a \u00e1rea em que concorre. <\/p>\n\n\n\n<p><\/p>\n\n\n\n<table class=\"wp-block-table has-subtle-pale-blue-background-color has-fixed-layout has-background is-style-stripes\"><tbody><tr><td><strong>T\u00edtulos<\/strong><\/td><td><strong>Valor unit\u00e1rio<\/strong><\/td><td><strong>Comprovantes<\/strong><\/td><\/tr><tr><td>Doutorado relacionado \u00e0 \u00e1rea em que concorre <\/td><td>5,0 pontos<\/td><td>Diploma e\/ ou certificado\/ certid\u00e3o acompanhados de Hist\u00f3rico Escolar <\/td><\/tr><tr><td>Mestrado relacionado \u00e0 \u00e1rea em que concorre <\/td><td>2,5 pontos <\/td><td>Diploma e\/ ou certificado\/ certid\u00e3o acompanhados de Hist\u00f3rico Escolar <\/td><\/tr><tr><td>Curso de Especializa\u00e7\u00e3o, N\u00edvel Superior \u2013 <em>Latu<\/em>&#8211;<em>Sensu <\/em>com carga hor\u00e1ria m\u00ednima de 360 horas, relacionado \u00e0 \u00e1rea em que concorre <\/td><td>1,0 ponto<\/td><td>Diploma e\/ ou certificado\/ certid\u00e3o acompanhados de Hist\u00f3rico Escolar <\/td><\/tr><\/tbody><\/table>\n\n\n\n<h2 class=\"wp-block-heading\">Edital Estrat\u00e9gico<\/h2>\n\n\n\n<p style=\"font-size:22px;text-align:center\" class=\"has-background has-very-light-gray-background-color\"><a rel=\"noreferrer noopener\" aria-label=\"Fiscal de Posturas Municipais (abre numa nova aba)\" href=\"https:\/\/drive.google.com\/open?id=1DYExkh0yy2hibE5Uhymv1OmHJTXz93PI\" target=\"_blank\"><strong>Fiscal de Posturas Municipais<\/strong><\/a><\/p>\n\n\n\n<p style=\"font-size:22px;text-align:center\" class=\"has-background has-very-light-gray-background-color\"><a rel=\"noreferrer noopener\" aria-label=\"T\u00e9cnico de Contabilidade (abre numa nova aba)\" href=\"https:\/\/drive.google.com\/open?id=1j8saoSr-wCopYKiwhJQQWJDCEUzliFHz\" target=\"_blank\"><strong>T\u00e9cnico de Contabilidade<\/strong><\/a><\/p>\n\n\n\n<p><strong>IMPORTANTE<\/strong>: Ao clicar no link acima, vai ser aberta uma janela do Google Drive que tentar\u00e1 carregar a visualiza\u00e7\u00e3o da planilha no seu navegador. N\u00e3o h\u00e1 necessidade de esperar essa visualiza\u00e7\u00e3o (talvez at\u00e9 nem carregue, j\u00e1 que os arquivos s\u00e3o pesados).<\/p>\n\n\n\n<p>Fa\u00e7a o download clicando na seta para baixo no canto superior direito da janela do Google Drive que vai ser aberta ao clicar nos links acima.<\/p>\n\n\n\n<p>Todos os arquivos foram testados em diferentes computadores e celulares e est\u00e3o ok. Talvez alguma incompatibilidade (ou mensagem de erro, como &#8220;arquivo inv\u00e1lido&#8221;) ocorra em virtude do seu pr\u00f3prio computador ou do tamanho dos arquivos que possuem mais conte\u00fado.<\/p>\n\n\n\n<hr class=\"wp-block-separator\"\/>\n\n\n\n<p style=\"text-align:center\" class=\"has-background has-medium-font-size has-light-green-cyan-background-color\"><strong><a rel=\"noreferrer noopener\" aria-label=\"CURSOS PREFEITURA DE SANTOS (abre numa nova aba)\" href=\"https:\/\/www.estrategiaconcursos.com.br\/cursosPorConcurso\/prefeitura-municipal-de-santos-sp\/\" target=\"_blank\">CURSOS PREFEITURA DE SANTOS<\/a><\/strong><\/p>\n\n\n\n<p style=\"text-align:center\"><em><strong>Assinatura Anual Ilimitada*<\/strong><\/em><\/p>\n\n\n\n<p style=\"text-align:center\"><em>Prepare-se com o melhor material e com quem mais aprova em Concursos P\u00fablicos em todo o pa\u00eds. Assine agora a nossa Assinatura Anual e tenha acesso ilimitado* a todos os nossos cursos.<\/em><\/p>\n\n\n\n<p style=\"font-size:22px;text-align:center\" class=\"has-background has-luminous-vivid-amber-background-color\"><strong>ASSINE AGORA&nbsp;\u2013&nbsp;<\/strong><a rel=\"noreferrer noopener\" href=\"https:\/\/www.estrategiaconcursos.com.br\/assinaturas\" target=\"_blank\"><strong>Assinatura Ilimitada<\/strong><\/a><\/p>\n\n\n\n<p style=\"text-align:center\"><strong><em>Fique por dentro dos concursos vigentes:<\/em><\/strong><\/p>\n\n\n\n<p style=\"text-align:center\" class=\"has-background has-medium-font-size has-pale-cyan-blue-background-color\"><strong><a href=\"https:\/\/www.estrategiaconcursos.com.br\/blog\/concursos-abertos\/\" target=\"_blank\" rel=\"noreferrer noopener\">CONCURSOS ABERTOS<\/a><\/strong><\/p>\n\n\n\n<p style=\"text-align:center\" class=\"has-background has-medium-font-size has-pale-cyan-blue-background-color\"><strong><a href=\"https:\/\/www.estrategiaconcursos.com.br\/blog\/concursos-2019\/\" target=\"_blank\" rel=\"noreferrer noopener\">CONCURSOS 2019<\/a><\/strong><\/p>\n\n\n\n<p style=\"text-align:center\" class=\"has-background has-medium-font-size has-pale-cyan-blue-background-color\"><strong><a href=\"https:\/\/www.estrategiaconcursos.com.br\/blog\/concursos-2020\/\" target=\"_blank\" rel=\"noreferrer noopener\">CONCURSOS&nbsp;2020<\/a><\/strong><\/p>\n\n\n\n<figure class=\"wp-block-image\"><img loading=\"lazy\" decoding=\"async\" width=\"300\" height=\"102\" src=\"https:\/\/dhg1h5j42swfq.cloudfront.net\/2019\/05\/24111300\/coruja-ficha-tecnica-300x1022.png\" alt=\"\" class=\"wp-image-377479\"\/><\/figure>\n\n\n\n<h3 class=\"wp-block-heading\" id=\"ficha\"><strong>Informa\u00e7\u00f5es do Edital Prefeitura de Santos<\/strong><\/h3>\n\n\n\n<p>\u25ba<strong>Data prevista da prova:<\/strong>&nbsp;12 de janeiro de 2020 <br \/>\u25ba<strong>Vagas<\/strong>: 52<br \/>\u25ba<strong>Cargos<\/strong>: V\u00e1rios<br \/>\u25ba<strong>Banca<\/strong>: IBAM<br \/>\u25ba<strong>Escolaridade<\/strong>: N\u00edvel fundamental, m\u00e9dio, t\u00e9cnico e superior<br \/>\u25ba<strong>Editais:<\/strong> <a rel=\"noreferrer noopener\" aria-label=\"Edital Geral (abre numa nova aba)\" href=\"https:\/\/dhg1h5j42swfq.cloudfront.net\/2019\/11\/08083700\/Edital_Prefeitura_de_Santos_N%C2%BA_62_Agente_de_Portaria_Atendente_de_Ouvidoria_Fiscal_de_Posturas_Inspetor_de_Alunos_Secret%C3%A1rio_Escolar_T%C3%A9cnico_em_Contabilidade.pdf\" target=\"_blank\">Edital Geral<\/a> \/\/ <a rel=\"noreferrer noopener\" aria-label=\"Edital Sa\u00fade (abre numa nova aba)\" href=\"https:\/\/dhg1h5j42swfq.cloudfront.net\/2019\/11\/08083655\/Edital_Prefeitura_de_Santos_N%C2%BA_63_Sa%C3%BAde.pdf\" target=\"_blank\">Edital Sa\u00fade<\/a><\/p>\n\n\n\n<p><br \/><em>Ascom Estrat\u00e9gia<br \/><\/em>ascomestrategia@gmail.com<\/p>\n","protected":false},"excerpt":{"rendered":"<p>Foram publicados dois editais de concurso p\u00fablico para a Prefeitura de Santos, munic\u00edpio litor\u00e2neo do estado de S\u00e3o Paulo. Juntos, os documentos ofertam 52 vagas para cargos de n\u00edvel fundamental, m\u00e9dio, t\u00e9cnico e superior na \u00e1rea da Sa\u00fade, Educa\u00e7\u00e3o e outros. Aqueles interessados em garantir sua inscri\u00e7\u00e3o puderam acessar o site da banca organizadora, o [&hellip;]<\/p>\n","protected":false},"author":1276,"featured_media":444275,"comment_status":"open","ping_status":"closed","sticky":false,"template":"","format":"standard","meta":{"post_tipo":"article","footnotes":""},"categories":[1],"tags":[],"tax_estado":[],"class_list":["post-445518","post","type-post","status-publish","format-standard","has-post-thumbnail","hentry","category-cursos-e-concursos"],"acf":[],"yoast_head":"<!-- This site is optimized with the Yoast SEO Premium plugin v27.2 (Yoast SEO v27.2) - https:\/\/yoast.com\/product\/yoast-seo-premium-wordpress\/ -->\n<title>Edital Prefeitura de Santos: s\u00e3o 52 vagas para todas as escolaridades<\/title>\n<meta name=\"robots\" content=\"index, follow, max-snippet:-1, max-image-preview:large, max-video-preview:-1\" \/>\n<link rel=\"canonical\" href=\"https:\/\/www.estrategiaconcursos.com.br\/blog\/edital-prefeitura-de-santos\/\" \/>\n<meta property=\"og:locale\" content=\"pt_BR\" \/>\n<meta property=\"og:type\" content=\"article\" \/>\n<meta property=\"og:title\" content=\"Edital Prefeitura de Santos: s\u00e3o 52 vagas para todas as escolaridades\" \/>\n<meta property=\"og:description\" content=\"Foram publicados dois editais de concurso p\u00fablico para a Prefeitura de Santos, munic\u00edpio litor\u00e2neo do estado de S\u00e3o Paulo. Juntos, os documentos ofertam 52 vagas para cargos de n\u00edvel fundamental, m\u00e9dio, t\u00e9cnico e superior na \u00e1rea da Sa\u00fade, Educa\u00e7\u00e3o e outros. Aqueles interessados em garantir sua inscri\u00e7\u00e3o puderam acessar o site da banca organizadora, o [&hellip;]\" \/>\n<meta property=\"og:url\" content=\"https:\/\/www.estrategiaconcursos.com.br\/blog\/edital-prefeitura-de-santos\/\" \/>\n<meta property=\"og:site_name\" content=\"Estrat\u00e9gia Concursos\" \/>\n<meta property=\"article:published_time\" content=\"2019-11-08T18:50:12+00:00\" \/>\n<meta property=\"article:modified_time\" content=\"2019-12-10T12:04:46+00:00\" \/>\n<meta property=\"og:image\" content=\"https:\/\/dhg1h5j42swfq.cloudfront.net\/2019\/11\/05113847\/Saiu-Edital-6.png\" \/>\n\t<meta property=\"og:image:width\" content=\"1200\" \/>\n\t<meta property=\"og:image:height\" content=\"628\" \/>\n\t<meta property=\"og:image:type\" content=\"image\/png\" \/>\n<meta name=\"author\" content=\"Victor Shinichi Tanaka\" \/>\n<meta name=\"twitter:card\" content=\"summary_large_image\" \/>\n<meta name=\"twitter:creator\" content=\"@EstratConcursos\" \/>\n<meta name=\"twitter:site\" content=\"@EstratConcursos\" \/>\n<meta name=\"twitter:label1\" content=\"Escrito por\" \/>\n\t<meta name=\"twitter:data1\" content=\"Victor Shinichi Tanaka\" \/>\n\t<meta name=\"twitter:label2\" content=\"Est. tempo de leitura\" \/>\n\t<meta name=\"twitter:data2\" content=\"4 minutos\" \/>\n<script type=\"application\/ld+json\" class=\"yoast-schema-graph\">{\"@context\":\"https:\/\/schema.org\",\"@graph\":[{\"@type\":\"NewsArticle\",\"@id\":\"https:\/\/www.estrategiaconcursos.com.br\/blog\/edital-prefeitura-de-santos\/#article\",\"isPartOf\":{\"@id\":\"https:\/\/www.estrategiaconcursos.com.br\/blog\/edital-prefeitura-de-santos\/\"},\"author\":{\"name\":\"Victor Shinichi Tanaka\",\"@id\":\"https:\/\/www.estrategiaconcursos.com.br\/blog\/#\/schema\/person\/602a4eaf2bed921c107675da3a65b0e0\"},\"headline\":\"Edital Prefeitura de Santos: s\u00e3o 52 vagas para todas as escolaridades\",\"datePublished\":\"2019-11-08T18:50:12+00:00\",\"dateModified\":\"2019-12-10T12:04:46+00:00\",\"mainEntityOfPage\":{\"@id\":\"https:\/\/www.estrategiaconcursos.com.br\/blog\/edital-prefeitura-de-santos\/\"},\"wordCount\":931,\"commentCount\":2,\"publisher\":{\"@id\":\"https:\/\/www.estrategiaconcursos.com.br\/blog\/#organization\"},\"image\":{\"@id\":\"https:\/\/www.estrategiaconcursos.com.br\/blog\/edital-prefeitura-de-santos\/#primaryimage\"},\"thumbnailUrl\":\"https:\/\/dhg1h5j42swfq.cloudfront.net\/2019\/11\/05113847\/Saiu-Edital-6.png\",\"articleSection\":[\"Concursos P\u00fablicos\"],\"inLanguage\":\"pt-BR\",\"potentialAction\":[{\"@type\":\"CommentAction\",\"name\":\"Comment\",\"target\":[\"https:\/\/www.estrategiaconcursos.com.br\/blog\/edital-prefeitura-de-santos\/#respond\"]}],\"copyrightYear\":\"2019\",\"copyrightHolder\":{\"@id\":\"https:\/\/www.estrategiaconcursos.com.br\/blog\/#organization\"}},{\"@type\":\"WebPage\",\"@id\":\"https:\/\/www.estrategiaconcursos.com.br\/blog\/edital-prefeitura-de-santos\/\",\"url\":\"https:\/\/www.estrategiaconcursos.com.br\/blog\/edital-prefeitura-de-santos\/\",\"name\":\"Edital Prefeitura de Santos: s\u00e3o 52 vagas para todas as escolaridades\",\"isPartOf\":{\"@id\":\"https:\/\/www.estrategiaconcursos.com.br\/blog\/#website\"},\"primaryImageOfPage\":{\"@id\":\"https:\/\/www.estrategiaconcursos.com.br\/blog\/edital-prefeitura-de-santos\/#primaryimage\"},\"image\":{\"@id\":\"https:\/\/www.estrategiaconcursos.com.br\/blog\/edital-prefeitura-de-santos\/#primaryimage\"},\"thumbnailUrl\":\"https:\/\/dhg1h5j42swfq.cloudfront.net\/2019\/11\/05113847\/Saiu-Edital-6.png\",\"datePublished\":\"2019-11-08T18:50:12+00:00\",\"dateModified\":\"2019-12-10T12:04:46+00:00\",\"breadcrumb\":{\"@id\":\"https:\/\/www.estrategiaconcursos.com.br\/blog\/edital-prefeitura-de-santos\/#breadcrumb\"},\"inLanguage\":\"pt-BR\",\"potentialAction\":[{\"@type\":\"ReadAction\",\"target\":[\"https:\/\/www.estrategiaconcursos.com.br\/blog\/edital-prefeitura-de-santos\/\"]}]},{\"@type\":\"ImageObject\",\"inLanguage\":\"pt-BR\",\"@id\":\"https:\/\/www.estrategiaconcursos.com.br\/blog\/edital-prefeitura-de-santos\/#primaryimage\",\"url\":\"https:\/\/dhg1h5j42swfq.cloudfront.net\/2019\/11\/05113847\/Saiu-Edital-6.png\",\"contentUrl\":\"https:\/\/dhg1h5j42swfq.cloudfront.net\/2019\/11\/05113847\/Saiu-Edital-6.png\",\"width\":1200,\"height\":628,\"caption\":\"Concurso CRBM 14\"},{\"@type\":\"BreadcrumbList\",\"@id\":\"https:\/\/www.estrategiaconcursos.com.br\/blog\/edital-prefeitura-de-santos\/#breadcrumb\",\"itemListElement\":[{\"@type\":\"ListItem\",\"position\":1,\"name\":\"In\u00edcio\",\"item\":\"https:\/\/www.estrategiaconcursos.com.br\/blog\/\"},{\"@type\":\"ListItem\",\"position\":2,\"name\":\"Edital Prefeitura de Santos: s\u00e3o 52 vagas para todas as escolaridades\"}]},{\"@type\":\"WebSite\",\"@id\":\"https:\/\/www.estrategiaconcursos.com.br\/blog\/#website\",\"url\":\"https:\/\/www.estrategiaconcursos.com.br\/blog\/\",\"name\":\"Estrat\u00e9gia Concursos\",\"description\":\"O blog da Estrat\u00e9gia Concursos traz not\u00edcias sobre concursos e artigos de professores oferecendo cursos para concursos (pdf + videaulas) no site.\",\"publisher\":{\"@id\":\"https:\/\/www.estrategiaconcursos.com.br\/blog\/#organization\"},\"potentialAction\":[{\"@type\":\"SearchAction\",\"target\":{\"@type\":\"EntryPoint\",\"urlTemplate\":\"https:\/\/www.estrategiaconcursos.com.br\/blog\/?s={search_term_string}\"},\"query-input\":{\"@type\":\"PropertyValueSpecification\",\"valueRequired\":true,\"valueName\":\"search_term_string\"}}],\"inLanguage\":\"pt-BR\"},{\"@type\":\"Organization\",\"@id\":\"https:\/\/www.estrategiaconcursos.com.br\/blog\/#organization\",\"name\":\"Estrat\u00e9gia Concursos\",\"url\":\"https:\/\/www.estrategiaconcursos.com.br\/blog\/\",\"logo\":{\"@type\":\"ImageObject\",\"inLanguage\":\"pt-BR\",\"@id\":\"https:\/\/www.estrategiaconcursos.com.br\/blog\/#\/schema\/logo\/image\/\",\"url\":\"https:\/\/dhg1h5j42swfq.cloudfront.net\/2025\/06\/03203428\/logo_concursos-1.jpg\",\"contentUrl\":\"https:\/\/dhg1h5j42swfq.cloudfront.net\/2025\/06\/03203428\/logo_concursos-1.jpg\",\"width\":230,\"height\":60,\"caption\":\"Estrat\u00e9gia Concursos\"},\"image\":{\"@id\":\"https:\/\/www.estrategiaconcursos.com.br\/blog\/#\/schema\/logo\/image\/\"},\"sameAs\":[\"https:\/\/x.com\/EstratConcursos\"]},{\"@type\":\"Person\",\"@id\":\"https:\/\/www.estrategiaconcursos.com.br\/blog\/#\/schema\/person\/602a4eaf2bed921c107675da3a65b0e0\",\"name\":\"Victor Shinichi Tanaka\",\"image\":{\"@type\":\"ImageObject\",\"inLanguage\":\"pt-BR\",\"@id\":\"https:\/\/secure.gravatar.com\/avatar\/3772723eea77b2e6a2231e357d6339c6c129c6fb65cda4d02d0f3ca700221333?s=96&d=mm&r=g\",\"url\":\"https:\/\/secure.gravatar.com\/avatar\/3772723eea77b2e6a2231e357d6339c6c129c6fb65cda4d02d0f3ca700221333?s=96&d=mm&r=g\",\"contentUrl\":\"https:\/\/secure.gravatar.com\/avatar\/3772723eea77b2e6a2231e357d6339c6c129c6fb65cda4d02d0f3ca700221333?s=96&d=mm&r=g\",\"caption\":\"Victor Shinichi Tanaka\"},\"url\":\"https:\/\/www.estrategiaconcursos.com.br\/blog\/author\/victorstanakagmail-com\/\"}]}<\/script>\n<!-- \/ Yoast SEO Premium plugin. -->","yoast_head_json":{"title":"Edital Prefeitura de Santos: s\u00e3o 52 vagas para todas as escolaridades","robots":{"index":"index","follow":"follow","max-snippet":"max-snippet:-1","max-image-preview":"max-image-preview:large","max-video-preview":"max-video-preview:-1"},"canonical":"https:\/\/www.estrategiaconcursos.com.br\/blog\/edital-prefeitura-de-santos\/","og_locale":"pt_BR","og_type":"article","og_title":"Edital Prefeitura de Santos: s\u00e3o 52 vagas para todas as escolaridades","og_description":"Foram publicados dois editais de concurso p\u00fablico para a Prefeitura de Santos, munic\u00edpio litor\u00e2neo do estado de S\u00e3o Paulo. Juntos, os documentos ofertam 52 vagas para cargos de n\u00edvel fundamental, m\u00e9dio, t\u00e9cnico e superior na \u00e1rea da Sa\u00fade, Educa\u00e7\u00e3o e outros. Aqueles interessados em garantir sua inscri\u00e7\u00e3o puderam acessar o site da banca organizadora, o [&hellip;]","og_url":"https:\/\/www.estrategiaconcursos.com.br\/blog\/edital-prefeitura-de-santos\/","og_site_name":"Estrat\u00e9gia Concursos","article_published_time":"2019-11-08T18:50:12+00:00","article_modified_time":"2019-12-10T12:04:46+00:00","og_image":[{"width":1200,"height":628,"url":"https:\/\/dhg1h5j42swfq.cloudfront.net\/2019\/11\/05113847\/Saiu-Edital-6.png","type":"image\/png"}],"author":"Victor Shinichi Tanaka","twitter_card":"summary_large_image","twitter_creator":"@EstratConcursos","twitter_site":"@EstratConcursos","twitter_misc":{"Escrito por":"Victor Shinichi Tanaka","Est. tempo de leitura":"4 minutos"},"schema":{"@context":"https:\/\/schema.org","@graph":[{"@type":"NewsArticle","@id":"https:\/\/www.estrategiaconcursos.com.br\/blog\/edital-prefeitura-de-santos\/#article","isPartOf":{"@id":"https:\/\/www.estrategiaconcursos.com.br\/blog\/edital-prefeitura-de-santos\/"},"author":{"name":"Victor Shinichi Tanaka","@id":"https:\/\/www.estrategiaconcursos.com.br\/blog\/#\/schema\/person\/602a4eaf2bed921c107675da3a65b0e0"},"headline":"Edital Prefeitura de Santos: s\u00e3o 52 vagas para todas as escolaridades","datePublished":"2019-11-08T18:50:12+00:00","dateModified":"2019-12-10T12:04:46+00:00","mainEntityOfPage":{"@id":"https:\/\/www.estrategiaconcursos.com.br\/blog\/edital-prefeitura-de-santos\/"},"wordCount":931,"commentCount":2,"publisher":{"@id":"https:\/\/www.estrategiaconcursos.com.br\/blog\/#organization"},"image":{"@id":"https:\/\/www.estrategiaconcursos.com.br\/blog\/edital-prefeitura-de-santos\/#primaryimage"},"thumbnailUrl":"https:\/\/dhg1h5j42swfq.cloudfront.net\/2019\/11\/05113847\/Saiu-Edital-6.png","articleSection":["Concursos P\u00fablicos"],"inLanguage":"pt-BR","potentialAction":[{"@type":"CommentAction","name":"Comment","target":["https:\/\/www.estrategiaconcursos.com.br\/blog\/edital-prefeitura-de-santos\/#respond"]}],"copyrightYear":"2019","copyrightHolder":{"@id":"https:\/\/www.estrategiaconcursos.com.br\/blog\/#organization"}},{"@type":"WebPage","@id":"https:\/\/www.estrategiaconcursos.com.br\/blog\/edital-prefeitura-de-santos\/","url":"https:\/\/www.estrategiaconcursos.com.br\/blog\/edital-prefeitura-de-santos\/","name":"Edital Prefeitura de Santos: s\u00e3o 52 vagas para todas as escolaridades","isPartOf":{"@id":"https:\/\/www.estrategiaconcursos.com.br\/blog\/#website"},"primaryImageOfPage":{"@id":"https:\/\/www.estrategiaconcursos.com.br\/blog\/edital-prefeitura-de-santos\/#primaryimage"},"image":{"@id":"https:\/\/www.estrategiaconcursos.com.br\/blog\/edital-prefeitura-de-santos\/#primaryimage"},"thumbnailUrl":"https:\/\/dhg1h5j42swfq.cloudfront.net\/2019\/11\/05113847\/Saiu-Edital-6.png","datePublished":"2019-11-08T18:50:12+00:00","dateModified":"2019-12-10T12:04:46+00:00","breadcrumb":{"@id":"https:\/\/www.estrategiaconcursos.com.br\/blog\/edital-prefeitura-de-santos\/#breadcrumb"},"inLanguage":"pt-BR","potentialAction":[{"@type":"ReadAction","target":["https:\/\/www.estrategiaconcursos.com.br\/blog\/edital-prefeitura-de-santos\/"]}]},{"@type":"ImageObject","inLanguage":"pt-BR","@id":"https:\/\/www.estrategiaconcursos.com.br\/blog\/edital-prefeitura-de-santos\/#primaryimage","url":"https:\/\/dhg1h5j42swfq.cloudfront.net\/2019\/11\/05113847\/Saiu-Edital-6.png","contentUrl":"https:\/\/dhg1h5j42swfq.cloudfront.net\/2019\/11\/05113847\/Saiu-Edital-6.png","width":1200,"height":628,"caption":"Concurso CRBM 14"},{"@type":"BreadcrumbList","@id":"https:\/\/www.estrategiaconcursos.com.br\/blog\/edital-prefeitura-de-santos\/#breadcrumb","itemListElement":[{"@type":"ListItem","position":1,"name":"In\u00edcio","item":"https:\/\/www.estrategiaconcursos.com.br\/blog\/"},{"@type":"ListItem","position":2,"name":"Edital Prefeitura de Santos: s\u00e3o 52 vagas para todas as escolaridades"}]},{"@type":"WebSite","@id":"https:\/\/www.estrategiaconcursos.com.br\/blog\/#website","url":"https:\/\/www.estrategiaconcursos.com.br\/blog\/","name":"Estrat\u00e9gia Concursos","description":"O blog da Estrat\u00e9gia Concursos traz not\u00edcias sobre concursos e artigos de professores oferecendo cursos para concursos (pdf + videaulas) no site.","publisher":{"@id":"https:\/\/www.estrategiaconcursos.com.br\/blog\/#organization"},"potentialAction":[{"@type":"SearchAction","target":{"@type":"EntryPoint","urlTemplate":"https:\/\/www.estrategiaconcursos.com.br\/blog\/?s={search_term_string}"},"query-input":{"@type":"PropertyValueSpecification","valueRequired":true,"valueName":"search_term_string"}}],"inLanguage":"pt-BR"},{"@type":"Organization","@id":"https:\/\/www.estrategiaconcursos.com.br\/blog\/#organization","name":"Estrat\u00e9gia Concursos","url":"https:\/\/www.estrategiaconcursos.com.br\/blog\/","logo":{"@type":"ImageObject","inLanguage":"pt-BR","@id":"https:\/\/www.estrategiaconcursos.com.br\/blog\/#\/schema\/logo\/image\/","url":"https:\/\/dhg1h5j42swfq.cloudfront.net\/2025\/06\/03203428\/logo_concursos-1.jpg","contentUrl":"https:\/\/dhg1h5j42swfq.cloudfront.net\/2025\/06\/03203428\/logo_concursos-1.jpg","width":230,"height":60,"caption":"Estrat\u00e9gia Concursos"},"image":{"@id":"https:\/\/www.estrategiaconcursos.com.br\/blog\/#\/schema\/logo\/image\/"},"sameAs":["https:\/\/x.com\/EstratConcursos"]},{"@type":"Person","@id":"https:\/\/www.estrategiaconcursos.com.br\/blog\/#\/schema\/person\/602a4eaf2bed921c107675da3a65b0e0","name":"Victor Shinichi Tanaka","image":{"@type":"ImageObject","inLanguage":"pt-BR","@id":"https:\/\/secure.gravatar.com\/avatar\/3772723eea77b2e6a2231e357d6339c6c129c6fb65cda4d02d0f3ca700221333?s=96&d=mm&r=g","url":"https:\/\/secure.gravatar.com\/avatar\/3772723eea77b2e6a2231e357d6339c6c129c6fb65cda4d02d0f3ca700221333?s=96&d=mm&r=g","contentUrl":"https:\/\/secure.gravatar.com\/avatar\/3772723eea77b2e6a2231e357d6339c6c129c6fb65cda4d02d0f3ca700221333?s=96&d=mm&r=g","caption":"Victor Shinichi Tanaka"},"url":"https:\/\/www.estrategiaconcursos.com.br\/blog\/author\/victorstanakagmail-com\/"}]}},"_links":{"self":[{"href":"https:\/\/www.estrategiaconcursos.com.br\/blog\/wp-json\/wp\/v2\/posts\/445518","targetHints":{"allow":["GET"]}}],"collection":[{"href":"https:\/\/www.estrategiaconcursos.com.br\/blog\/wp-json\/wp\/v2\/posts"}],"about":[{"href":"https:\/\/www.estrategiaconcursos.com.br\/blog\/wp-json\/wp\/v2\/types\/post"}],"author":[{"embeddable":true,"href":"https:\/\/www.estrategiaconcursos.com.br\/blog\/wp-json\/wp\/v2\/users\/1276"}],"replies":[{"embeddable":true,"href":"https:\/\/www.estrategiaconcursos.com.br\/blog\/wp-json\/wp\/v2\/comments?post=445518"}],"version-history":[{"count":17,"href":"https:\/\/www.estrategiaconcursos.com.br\/blog\/wp-json\/wp\/v2\/posts\/445518\/revisions"}],"predecessor-version":[{"id":458065,"href":"https:\/\/www.estrategiaconcursos.com.br\/blog\/wp-json\/wp\/v2\/posts\/445518\/revisions\/458065"}],"wp:featuredmedia":[{"embeddable":true,"href":"https:\/\/www.estrategiaconcursos.com.br\/blog\/wp-json\/wp\/v2\/media\/444275"}],"wp:attachment":[{"href":"https:\/\/www.estrategiaconcursos.com.br\/blog\/wp-json\/wp\/v2\/media?parent=445518"}],"wp:term":[{"taxonomy":"category","embeddable":true,"href":"https:\/\/www.estrategiaconcursos.com.br\/blog\/wp-json\/wp\/v2\/categories?post=445518"},{"taxonomy":"post_tag","embeddable":true,"href":"https:\/\/www.estrategiaconcursos.com.br\/blog\/wp-json\/wp\/v2\/tags?post=445518"},{"taxonomy":"tax_estado","embeddable":true,"href":"https:\/\/www.estrategiaconcursos.com.br\/blog\/wp-json\/wp\/v2\/tax_estado?post=445518"}],"curies":[{"name":"wp","href":"https:\/\/api.w.org\/{rel}","templated":true}]}}