{"id":445220,"date":"2020-04-29T00:39:00","date_gmt":"2020-04-29T03:39:00","guid":{"rendered":"https:\/\/www.estrategiaconcursos.com.br\/blog\/?p=445220"},"modified":"2023-06-19T13:57:48","modified_gmt":"2023-06-19T16:57:48","slug":"concurso-pgm-goiania","status":"publish","type":"post","link":"https:\/\/www.estrategiaconcursos.com.br\/blog\/concurso-pgm-goiania\/","title":{"rendered":"Concurso PGM Goi\u00e2nia:  prazo de validade do \u00faltimo certame \u00e9 SUSPENSO"},"content":{"rendered":"\n<p>O desembargador Olavo Junqueira de Andrade, da 5.\u00aa c\u00e2mara C\u00edvel do Tribunal de Justi\u00e7a de Goi\u00e1s, <strong>suspendeu provisoriamente o prazo de validade <\/strong>do concurso p\u00fablico para Procurador Municipal de Goi\u00e2nia realizado em 2015. <\/p>\n\n\n\n<p>O concurso, com validade de dois anos, foi homologado em 22 de mar\u00e7o de 2016, e teve sua validade prorrogada por mais dois anoa em 2018. Assim, venceria em 23 de mar\u00e7o de 2020. Contudo, no dia 20 de mar\u00e7o deste ano, passou a vigorar o Decreto Legislativo n.\u00ba 6, reconhecendo o estado de calamidade p\u00fablica em todo o pa\u00eds devido \u00e0 pandemia de coronav\u00edrus. <\/p>\n\n\n\n<p>E, diante da publica\u00e7\u00e3o do decreto tr\u00eas dias antes do prazo final de validade do concurso, n\u00e3o haveria tempo suficiente para a nomea\u00e7\u00e3o e posse de muitos candidatos classificados dentro do n\u00famero de vagas. <\/p>\n\n\n\n<p>Por essa raz\u00e3o, os candidatos ingressaram com uma a\u00e7\u00e3o em face do Munic\u00edpio, a fim de suspenderem o prazo do concurso. Por\u00e9m, a decis\u00e3o em primeiro grau lhes foi desfavor\u00e1vel, o que fez com que impetrassem agravo de instrumento com pedido liminar no Tribunal de Justi\u00e7a. <\/p>\n\n\n\n<p>A liminar foi concedida e a suspens\u00e3o provis\u00f3ria do concurso determinada em uma <a rel=\"noreferrer noopener\" href=\"https:\/\/dhg1h5j42swfq.cloudfront.net\/2020\/04\/29181041\/suspensao-pgm-goiania.pdf\" target=\"_blank\">decis\u00e3o monocr\u00e1tica do desembargador<\/a>, que valer\u00e1 at\u00e9 julgamento final do recurso pela c\u00e2mara do Tribunal.<\/p>\n\n\n\n<p>Neste artigo voc\u00ea saber\u00e1 todas as informa\u00e7\u00f5es relevantes sobre o cargo, seus requisitos e as etapas do processo seletivo para que j\u00e1 come\u00e7ar a aprimorar sua prepara\u00e7\u00e3o at\u00e9 a publica\u00e7\u00e3o de um novo edital. <\/p>\n\n\n\n<ul class=\"wp-block-list\">\n<li><em><a href=\"#situacao-concurso\">Sobre o \u00f3rg\u00e3o<\/a><\/em><\/li>\n\n\n\n<li><em><a href=\"#requisitos-atribuicoes\">Requisitos e atribui\u00e7\u00f5es da carreira<\/a><\/em><\/li>\n\n\n\n<li><em><a href=\"#cargos-remuneracoes\">Remunera\u00e7\u00e3o na carreira<\/a><\/em><\/li>\n\n\n\n<li><em><a href=\"#ultimo-concurso\">O \u00faltimo concurso<\/a><\/em><\/li>\n\n\n\n<li><em><a href=\"#etapas-ultimo\">Etapas do \u00faltimo certame <\/a><\/em><\/li>\n\n\n\n<li><em><a href=\"#assinatura-cursos\">Cursos e Assinatura Ilimitada<\/a> <\/em><\/li>\n<\/ul>\n\n\n\n<h2 class=\"wp-block-heading\" id=\"situacao-concurso\">PGM Goi\u00e2nia <\/h2>\n\n\n\n<p>A Procuradoria Geral  \u00e9 o \u00f3rg\u00e3o de assessoramento e controle, integrante da estrutura organizacional do Poder Executivo, que tem por finalidade a assist\u00eancia e assessoramento jur\u00eddico ao Prefeito e aos \u00f3rg\u00e3os\/entidades da Administra\u00e7\u00e3o Municipal no desempenho de suas atribui\u00e7\u00f5es, em especial, a representa\u00e7\u00e3o judicial e extrajudicial do Munic\u00edpio.<\/p>\n\n\n\n<p>A Procuradoria pode ainda firmar contratos, acordos e conv\u00eanios com outras entidades p\u00fablicas e desenvolver planos e programas que demandem uma a\u00e7\u00e3o governamental conjunta. <\/p>\n\n\n\n<h2 class=\"wp-block-heading\" id=\"requisitos-atribuicoes\">Requisitos e atribui\u00e7\u00f5es no concurso PGM Goi\u00e2nia<\/h2>\n\n\n\n<p>Para ser Procurador do Munic\u00edpio, o candidato deve possuir n\u00edvel superior em Direito, em institui\u00e7\u00e3o registrada no Minist\u00e9rio da Educa\u00e7\u00e3o (MEC) bem como estar inscrito nos quadros da OAB. <\/p>\n\n\n\n<p>De acordo com a Lei Complementar 313\/2018, o ingresso na carreira tamb\u00e9m passou a exigir a comprova\u00e7\u00e3o de <strong>tr\u00eas anos de atividade jur\u00eddica<\/strong>.<\/p>\n\n\n\n<p>S\u00e3o atribui\u00e7\u00f5es do Procurador Municipal: <\/p>\n\n\n\n<ul class=\"wp-block-list\">\n<li><em>Representar o Munic\u00edpio judicialmente, perante qualquer ju\u00edzo ou tribunal, conforme documento h\u00e1bil;<\/em><\/li>\n\n\n\n<li><em>Assistir juridicamente aos \u00f3rg\u00e3os e entidades da Administra\u00e7\u00e3o Direta, Indireta e Fundacional para defender os interesses da Municipalidade;<\/em><\/li>\n\n\n\n<li><em>Atuar nos procedimentos administrativos concernentes ao controle interno da legalidade dos atos da Administra\u00e7\u00e3o Municipal;<\/em><\/li>\n\n\n\n<li><em>Analisar a aplica\u00e7\u00e3o das normas jur\u00eddicas, dando-lhes interpreta\u00e7\u00e3o, e propondo os atos necess\u00e1rios ao seu esclarecimento;<\/em><\/li>\n\n\n\n<li><em>Subsidiar estudos e propostas visando ao aperfei\u00e7oamento e \u00e0 adequa\u00e7\u00e3o da legisla\u00e7\u00e3o municipal;<\/em><\/li>\n\n\n\n<li><em>Examinar e elaborar pareceres jur\u00eddicos em processos e documentos da \u00e1rea de sua especialidade.<\/em><\/li>\n<\/ul>\n\n\n\n<h2 class=\"wp-block-heading\" id=\"cargos-remuneracoes\">Remunera\u00e7\u00e3o na PGM Goi\u00e2nia<\/h2>\n\n\n\n<p>A remunera\u00e7\u00e3o inicial da carreira \u00e9 de R$ 2.723,78 + <em>Adicional de Representa\u00e7\u00e3o  \u00e0 raz\u00e3o de 100% da Classe e Padr\u00e3o<\/em> em que o servidor estiver posicionado na Tabela do Cargo, totalizando <strong>R$ 5.447,56<\/strong>. <\/p>\n\n\n\n<p>Al\u00e9m disso, <em>ap\u00f3s o Est\u00e1gio Probat\u00f3rio<\/em>, poder\u00e1 o Procurador auferir ainda<em> o Adicional de Titula\u00e7\u00e3o e Aperfei\u00e7oamento. <\/em>A jornada de trabalho atribu\u00edda \u00e9 de 6 horas di\u00e1rias, totalizando <strong>30 horas semanais. <\/strong> <\/p>\n\n\n\n<p>Al\u00e9m da remunera\u00e7\u00e3o b\u00e1sica, disp\u00f5e a Lei Complementar n.\u00ba 313\/2018 que o Procurador Municipal de Goi\u00e2nia fara jus \u00e0 <strong>participa\u00e7\u00e3o no rateio dos honor\u00e1rios de sucumb\u00eancia<\/strong>, que ficam divididos em 90% para divis\u00e3o entre os procuradores e 10% para o fundo da Procuradoria. <\/p>\n\n\n\n<p>Em complemento, a lei 6055\/83 determina que os cargos de natureza especial, dentre os quais os de assessoramento direto ao Chefe do Executivo dever\u00e3o atuar com dedica\u00e7\u00e3o exclusiva, o que muito provavelmente inclui os cargos de procurador municipal. <\/p>\n\n\n\n<h4 class=\"wp-block-heading\">Tabela de vencimento b\u00e1sico da carreira de Procurador do Munic\u00edpio de Goi\u00e2nia<\/h4>\n\n\n\n<figure class=\"wp-block-table is-style-stripes\"><table class=\"has-fixed-layout\"><tbody><tr><td>\n  <strong>PADR\u00c3O<\/strong>\n  <\/td><td>\n  <strong>CLASSE I<\/strong>\n  <\/td><td>\n  <strong>CLASSE II<\/strong>\n  <\/td><\/tr><tr><td>\n  A\n  <\/td><td>\n  2.723,78\n  <\/td><td>\n  3.066,11\n  <\/td><\/tr><tr><td>\n  B\n  <\/td><td>\n  2.859,97\n  <\/td><td>\n  3.253,76\n  <\/td><\/tr><tr><td>\n  C\n  <\/td><td>\n  3.002,89\n  <\/td><td>\n  3.452,93\n  <\/td><\/tr><tr><td>\n  D\n  <\/td><td>\n  3.153,03\n  <\/td><td>\n  3.664,29\n  <\/td><\/tr><tr><td>\n  E\n  <\/td><td>\n  3.310,69\n  <\/td><td>\n  3.888,58\n  <\/td><\/tr><tr><td>\n  F\n  <\/td><td>\n  3.476,20\n  <\/td><td>\n  4.126,57\n  <\/td><\/tr><tr><td>\n  G\n  <\/td><td>\n  3.650,01\n  <\/td><td>\n  4.379,14\n  <\/td><\/tr><tr><td>\n  H\n  <\/td><td>\n  3.832,50\n  <\/td><td>\n  4.647,17\n  <\/td><\/tr><tr><td>\n  I\n  <\/td><td>\n  4.024,04\n  <\/td><td>\n  4.931,64\n  <\/td><\/tr><tr><td>\n  J\n  <\/td><td>\n  4.225,26\n  <\/td><td>\n  5.233,51\n  <\/td><\/tr><tr><td>\n  L\n  <\/td><td>\n  4.436,52\n  <\/td><td>\n  5.553,83\n  <\/td><\/tr><tr><td>\n  M\n  <\/td><td>\n  4.658,33\n  <\/td><td>\n  5.893,76\n  <\/td><\/tr><tr><td>\n  N\n  <\/td><td>\n  4.891,24\n  <\/td><td>\n  6.254,51\n  <\/td><\/tr><tr><td>\n  O\n  <\/td><td>\n  5.135,77\n  <\/td><td>\n  6.637,33\n  <\/td><\/tr><tr><td>\n  P\n  <\/td><td>\n  5.392,57\n  <\/td><td>\n  7.043,60\n  <\/td><\/tr><\/tbody><\/table><\/figure>\n\n\n\n<h2 class=\"wp-block-heading\" id=\"ultimo-concurso\">O \u00faltimo concurso para Procurador de Goi\u00e2nia<\/h2>\n\n\n\n<p>O edital do \u00faltimo certame para Procurador do Munic\u00edpio, publicado em 2015, ofertou <strong>40 vagas diretas<\/strong>, sendo 38 vagas para ampla concorr\u00eancia e 02 vagas destinadas a pessoas com defici\u00eancia al\u00e9m de forma\u00e7\u00e3o de cadastro reserva. A remunera\u00e7\u00e3o inicial era de R$ 3.492,56, para jornada de 30 horas semanais, e o valor da taxa de inscri\u00e7\u00e3o foi de R$ 130,00.  <\/p>\n\n\n\n<h2 class=\"wp-block-heading\" id=\"etapas-ultimo\">Etapas do \u00faltimo concurso PGM Goi\u00e2nia <\/h2>\n\n\n\n<p>O ultimo concurso de Procurador do Munic\u00edpio contou com as seguintes fases: <\/p>\n\n\n\n<ul class=\"wp-block-list\">\n<li><em><strong>Prova Objetiva<\/strong><\/em>, de car\u00e1ter eliminat\u00f3rio e classificat\u00f3rio;<\/li>\n\n\n\n<li><strong><em>Prova Discursiva<\/em><\/strong>, de car\u00e1ter eliminat\u00f3rio e classificat\u00f3rio  <\/li>\n<\/ul>\n\n\n\n<h3 class=\"wp-block-heading\">Prova Objetiva <\/h3>\n\n\n\n<p>A prova objetiva foi constitu\u00edda de <strong>70 quest\u00f5es<\/strong> de m\u00faltipla escolha, cada qual com quatro alternativas e dura\u00e7\u00e3o de 4 horas para ser resolvida. As disciplinas e pontua\u00e7\u00f5es foram assim divididas: <\/p>\n\n\n\n<p><\/p>\n\n\n\n<figure class=\"wp-block-table aligncenter is-style-stripes\"><table class=\"has-background has-fixed-layout\" style=\"background-color:#e7f5fe\"><tbody><tr><td><strong>Disciplinas <\/strong><\/td><td><strong>N.\u00ba quest\u00f5es <\/strong><\/td><\/tr><tr><td> Direito Administrativo e Previdenci\u00e1rio  <\/td><td>09<\/td><\/tr><tr><td> Direito Civil <\/td><td>05<\/td><\/tr><tr><td> Direito Constitucional <\/td><td>09<\/td><\/tr><tr><td> Direito Eleitoral <\/td><td>02<\/td><\/tr><tr><td> Processo Eletr\u00f4nico <\/td><td>02<\/td><\/tr><tr><td> Direito do Trabalho e Processual do Trabalho <\/td><td>06<\/td><\/tr><tr><td> Direito Financeiro e Tribut\u00e1rio <\/td><td>09<\/td><\/tr><tr><td> Direito Imobili\u00e1rio  <\/td><td>02<\/td><\/tr><tr><td> Direito Processual Civil  <\/td><td>09<\/td><\/tr><tr><td> Direito Urban\u00edstico e Ambiental <\/td><td>05<\/td><\/tr><tr><td> Geografia, Hist\u00f3ria e Conhecimentos Gerais de Goi\u00e2nia e do Estado de Goi\u00e1s <\/td><td>03<\/td><\/tr><tr><td> Legisla\u00e7\u00e3o Municipal  <\/td><td>09<\/td><\/tr><\/tbody><\/table><\/figure>\n\n\n\n<p>O resultado da Prova Objetiva se deu pela soma dos pontos obtidos, sendo eliminado o candidato que obteve nota inferior a 35 pontos e convocados para a realiza\u00e7\u00e3o da Prova Discursiva os primeiros 228 candidatos da ampla concorr\u00eancia e os primeiros 12 das vagas para pessoas com defici\u00eancia, classificados em ordem decrescente, mantidos os candidatos empatados em \u00faltimo lugar, ainda que ultrapassados esses limites. <\/p>\n\n\n\n<h3 class=\"wp-block-heading\">Prova Discursiva <\/h3>\n\n\n\n<p>A prova discursiva, tamb\u00e9m de car\u00e1ter classificat\u00f3rio e eliminat\u00f3rio, foi composta de <strong>4 quest\u00f5es<\/strong> <strong>discursivas<\/strong>, valendo 10 pontos cada e <strong>uma pe\u00e7a jur\u00eddica<\/strong>, tamb\u00e9m com valor de 10 pontos, envolvendo as seguintes disciplinas: <\/p>\n\n\n\n<ul class=\"wp-block-list\">\n<li><em>Direito Administrativo e Previdenci\u00e1rio ; <\/em><\/li>\n\n\n\n<li><em>Direito Civil e Processual Civil; <\/em><\/li>\n\n\n\n<li><em>Direito Constitucional; <\/em><\/li>\n\n\n\n<li><em>Direito Financeiro e Tribut\u00e1rio; <\/em><\/li>\n\n\n\n<li><em>Direito Urban\u00edstico e Ambiental<\/em>.<\/li>\n<\/ul>\n\n\n\n<p>O candidato deveria elaborar as respostas \u00e0s quest\u00f5es discursivas em, no m\u00ednimo, 20 e no m\u00e1ximo 30 linhas para cada uma e, utilizar, para pe\u00e7a jur\u00eddica, no m\u00ednimo 35  e no m\u00e1ximo 50 linhas. <\/p>\n\n\n\n<p>A pontua\u00e7\u00e3o m\u00e1xima da pe\u00e7a jur\u00eddica  foi dividida em 8 pontos para o dom\u00ednio do conte\u00fado e fundamenta\u00e7\u00e3o adequada e 2 pontos para dom\u00ednio da modalidade escrita (ortografia, morfossintaxe e propriedade vocabular).   <\/p>\n\n\n\n<p>A cada quest\u00e3o foi atribu\u00eddo o peso 2,0 e para pe\u00e7a foi atribu\u00eddo o peso 4,0, sendo eliminado do certame o candidato que n\u00e3o atingisse a pontua\u00e7\u00e3o m\u00ednima de 60 pontos. <\/p>\n\n\n\n<p class=\"has-text-align-center has-medium-font-size\"><strong><em><strong>Sistema de Quest\u00f5es<\/strong><\/em><\/strong><\/p>\n\n\n\n<p class=\"has-text-align-center\">Estrat\u00e9gia Quest\u00f5es nasceu maior do que todos os concorrentes, com mais quest\u00f5es cadastradas e mais solu\u00e7\u00f5es por professores. Clique no link e aproveite os descontos e b\u00f4nus imperd\u00edveis!<\/p>\n\n\n\n<p class=\"has-text-align-center has-very-dark-gray-color has-vivid-green-cyan-background-color has-text-color has-background\" style=\"font-size:clamp(14.642px, 0.915rem + ((1vw - 3.2px) * 0.721), 22px);px\"><strong>ASSINE AGORA &#8211; <a href=\"https:\/\/www.estrategiaconcursos.com.br\/cursosPorConcurso\/sistema-de-questoes\/#\/\" target=\"_blank\" rel=\"noreferrer noopener\">Sistema de Quest\u00f5es<\/a><\/strong><\/p>\n\n\n\n<h2 class=\"wp-block-heading has-text-align-center\" id=\"assinatura-cursos\">Quer se preparar para o concurso PGM Goi\u00e2nia? <\/h2>\n\n\n\n<p class=\"has-text-align-center has-light-green-cyan-background-color has-background\" style=\"font-size:clamp(16.293px, 1.018rem + ((1vw - 3.2px) * 0.854), 25px);px\"><a rel=\"noreferrer noopener\" href=\"https:\/\/www.estrategiaconcursos.com.br\/cursos\/concurso\/\" target=\"_blank\"><strong>CURSOS PARA CONCURSOS<\/strong><\/a><\/p>\n\n\n\n<p class=\"has-text-align-center\"><strong><em>Fique por dentro dos concursos vigentes:<\/em><\/strong><\/p>\n\n\n\n<p class=\"has-text-align-center has-pale-cyan-blue-background-color has-background has-medium-font-size\"><strong><a href=\"https:\/\/www.estrategiaconcursos.com.br\/blog\/concursos-abertos\/\" target=\"_blank\" rel=\"noreferrer noopener\">Concursos abertos<\/a><\/strong><\/p>\n\n\n\n<figure class=\"wp-block-image\"><img loading=\"lazy\" decoding=\"async\" width=\"300\" height=\"102\" src=\"https:\/\/dhg1h5j42swfq.cloudfront.net\/2017\/03\/28152500\/coruja-ficha-tecnica-300x102.png\" alt=\"concurso PGM Goi\u00e2nia \" class=\"wp-image-68542\"\/><\/figure>\n\n\n\n<h3 class=\"wp-block-heading\" id=\"ficha\"><strong>Informa\u00e7\u00f5es&nbsp;<\/strong>do \u00faltimo concurso PGM Goi\u00e2nia <\/h3>\n\n\n\n<p>\u25ba<strong>Vagas<\/strong>: 40 vagas diretas + CR<br \/>\u25ba<strong>Cargos<\/strong>: Procurador do Munic\u00edpio<br \/>\u25ba<strong>Banca<\/strong>: Centro de Sele\u00e7\u00e3o da UFG <br \/>\u25ba<strong>Escolaridade<\/strong>: N\u00edvel superior<br \/>\u25ba<strong>Edital<\/strong>:&nbsp;<a href=\"https:\/\/dhg1h5j42swfq.cloudfront.net\/2019\/11\/07163330\/Edital-001-2015-procurador_prefeitura_gyn.pdf\">Edital PGM Goi\u00e2nia 2015<\/a><\/p>\n\n\n\n<p><em>Ascom Estrat\u00e9gia<\/em><br \/>ascomestrategia@gmail.com<\/p>\n","protected":false},"excerpt":{"rendered":"<p>O desembargador Olavo Junqueira de Andrade, da 5.\u00aa c\u00e2mara C\u00edvel do Tribunal de Justi\u00e7a de Goi\u00e1s, suspendeu provisoriamente o prazo de validade do concurso p\u00fablico para Procurador Municipal de Goi\u00e2nia realizado em 2015. O concurso, com validade de dois anos, foi homologado em 22 de mar\u00e7o de 2016, e teve sua validade prorrogada por mais [&hellip;]<\/p>\n","protected":false},"author":545,"featured_media":445236,"comment_status":"open","ping_status":"closed","sticky":false,"template":"","format":"standard","meta":{"post_tipo":"article","footnotes":""},"categories":[1,2185],"tags":[],"tax_estado":[],"class_list":["post-445220","post","type-post","status-publish","format-standard","has-post-thumbnail","hentry","category-cursos-e-concursos","category-carreiras-juridicas"],"acf":[],"yoast_head":"<!-- This site is optimized with the Yoast SEO Premium plugin v27.2 (Yoast SEO v27.2) - https:\/\/yoast.com\/product\/yoast-seo-premium-wordpress\/ -->\n<title>Concurso PGM Goi\u00e2nia: prazo de validade do \u00faltimo certame \u00e9 SUSPENSO<\/title>\n<meta name=\"description\" content=\"Concurso PGM Goi\u00e2nia: decis\u00e3o judicial suspende prazo de validade do concurso realizado em 2015 para a Procuradoria Municipal de Goi\u00e2nia.\" \/>\n<meta name=\"robots\" content=\"index, follow, max-snippet:-1, max-image-preview:large, max-video-preview:-1\" \/>\n<link rel=\"canonical\" href=\"https:\/\/www.estrategiaconcursos.com.br\/blog\/concurso-pgm-goiania\/\" \/>\n<meta property=\"og:locale\" content=\"pt_BR\" \/>\n<meta property=\"og:type\" content=\"article\" \/>\n<meta property=\"og:title\" content=\"Concurso PGM Goi\u00e2nia: prazo de validade do \u00faltimo certame \u00e9 SUSPENSO\" \/>\n<meta property=\"og:description\" content=\"Concurso PGM Goi\u00e2nia: decis\u00e3o judicial suspende prazo de validade do concurso realizado em 2015 para a Procuradoria Municipal de Goi\u00e2nia.\" \/>\n<meta property=\"og:url\" content=\"https:\/\/www.estrategiaconcursos.com.br\/blog\/concurso-pgm-goiania\/\" \/>\n<meta property=\"og:site_name\" content=\"Estrat\u00e9gia Concursos\" \/>\n<meta property=\"article:published_time\" content=\"2020-04-29T03:39:00+00:00\" \/>\n<meta property=\"article:modified_time\" content=\"2023-06-19T16:57:48+00:00\" \/>\n<meta property=\"og:image\" content=\"https:\/\/dhg1h5j42swfq.cloudfront.net\/2019\/11\/07140914\/pgm-go.png\" \/>\n\t<meta property=\"og:image:width\" content=\"990\" \/>\n\t<meta property=\"og:image:height\" content=\"744\" \/>\n\t<meta property=\"og:image:type\" content=\"image\/png\" \/>\n<meta name=\"author\" content=\"Priscila Ferreira\" \/>\n<meta name=\"twitter:card\" content=\"summary_large_image\" \/>\n<meta name=\"twitter:creator\" content=\"@EstratConcursos\" \/>\n<meta name=\"twitter:site\" content=\"@EstratConcursos\" \/>\n<meta name=\"twitter:label1\" content=\"Escrito por\" \/>\n\t<meta name=\"twitter:data1\" content=\"Priscila Ferreira\" \/>\n\t<meta name=\"twitter:label2\" content=\"Est. tempo de leitura\" \/>\n\t<meta name=\"twitter:data2\" content=\"6 minutos\" \/>\n<script type=\"application\/ld+json\" class=\"yoast-schema-graph\">{\"@context\":\"https:\/\/schema.org\",\"@graph\":[{\"@type\":\"NewsArticle\",\"@id\":\"https:\/\/www.estrategiaconcursos.com.br\/blog\/concurso-pgm-goiania\/#article\",\"isPartOf\":{\"@id\":\"https:\/\/www.estrategiaconcursos.com.br\/blog\/concurso-pgm-goiania\/\"},\"author\":{\"name\":\"Priscila Ferreira\",\"@id\":\"https:\/\/www.estrategiaconcursos.com.br\/blog\/#\/schema\/person\/75dcd757b9d160f278f7513e9964e3b8\"},\"headline\":\"Concurso PGM Goi\u00e2nia: prazo de validade do \u00faltimo certame \u00e9 SUSPENSO\",\"datePublished\":\"2020-04-29T03:39:00+00:00\",\"dateModified\":\"2023-06-19T16:57:48+00:00\",\"mainEntityOfPage\":{\"@id\":\"https:\/\/www.estrategiaconcursos.com.br\/blog\/concurso-pgm-goiania\/\"},\"wordCount\":1304,\"commentCount\":0,\"publisher\":{\"@id\":\"https:\/\/www.estrategiaconcursos.com.br\/blog\/#organization\"},\"image\":{\"@id\":\"https:\/\/www.estrategiaconcursos.com.br\/blog\/concurso-pgm-goiania\/#primaryimage\"},\"thumbnailUrl\":\"https:\/\/dhg1h5j42swfq.cloudfront.net\/2019\/11\/07140914\/pgm-go.png\",\"articleSection\":[\"Concursos P\u00fablicos\",\"Jur\u00eddico\"],\"inLanguage\":\"pt-BR\",\"potentialAction\":[{\"@type\":\"CommentAction\",\"name\":\"Comment\",\"target\":[\"https:\/\/www.estrategiaconcursos.com.br\/blog\/concurso-pgm-goiania\/#respond\"]}],\"copyrightYear\":\"2020\",\"copyrightHolder\":{\"@id\":\"https:\/\/www.estrategiaconcursos.com.br\/blog\/#organization\"}},{\"@type\":\"WebPage\",\"@id\":\"https:\/\/www.estrategiaconcursos.com.br\/blog\/concurso-pgm-goiania\/\",\"url\":\"https:\/\/www.estrategiaconcursos.com.br\/blog\/concurso-pgm-goiania\/\",\"name\":\"Concurso PGM Goi\u00e2nia: prazo de validade do \u00faltimo certame \u00e9 SUSPENSO\",\"isPartOf\":{\"@id\":\"https:\/\/www.estrategiaconcursos.com.br\/blog\/#website\"},\"primaryImageOfPage\":{\"@id\":\"https:\/\/www.estrategiaconcursos.com.br\/blog\/concurso-pgm-goiania\/#primaryimage\"},\"image\":{\"@id\":\"https:\/\/www.estrategiaconcursos.com.br\/blog\/concurso-pgm-goiania\/#primaryimage\"},\"thumbnailUrl\":\"https:\/\/dhg1h5j42swfq.cloudfront.net\/2019\/11\/07140914\/pgm-go.png\",\"datePublished\":\"2020-04-29T03:39:00+00:00\",\"dateModified\":\"2023-06-19T16:57:48+00:00\",\"description\":\"Concurso PGM Goi\u00e2nia: decis\u00e3o judicial suspende prazo de validade do concurso realizado em 2015 para a Procuradoria Municipal de Goi\u00e2nia.\",\"breadcrumb\":{\"@id\":\"https:\/\/www.estrategiaconcursos.com.br\/blog\/concurso-pgm-goiania\/#breadcrumb\"},\"inLanguage\":\"pt-BR\",\"potentialAction\":[{\"@type\":\"ReadAction\",\"target\":[\"https:\/\/www.estrategiaconcursos.com.br\/blog\/concurso-pgm-goiania\/\"]}]},{\"@type\":\"ImageObject\",\"inLanguage\":\"pt-BR\",\"@id\":\"https:\/\/www.estrategiaconcursos.com.br\/blog\/concurso-pgm-goiania\/#primaryimage\",\"url\":\"https:\/\/dhg1h5j42swfq.cloudfront.net\/2019\/11\/07140914\/pgm-go.png\",\"contentUrl\":\"https:\/\/dhg1h5j42swfq.cloudfront.net\/2019\/11\/07140914\/pgm-go.png\",\"width\":990,\"height\":744,\"caption\":\"Concurso PGM Goi\u00e2nia\"},{\"@type\":\"BreadcrumbList\",\"@id\":\"https:\/\/www.estrategiaconcursos.com.br\/blog\/concurso-pgm-goiania\/#breadcrumb\",\"itemListElement\":[{\"@type\":\"ListItem\",\"position\":1,\"name\":\"In\u00edcio\",\"item\":\"https:\/\/www.estrategiaconcursos.com.br\/blog\/\"},{\"@type\":\"ListItem\",\"position\":2,\"name\":\"Concurso PGM Goi\u00e2nia: prazo de validade do \u00faltimo certame \u00e9 SUSPENSO\"}]},{\"@type\":\"WebSite\",\"@id\":\"https:\/\/www.estrategiaconcursos.com.br\/blog\/#website\",\"url\":\"https:\/\/www.estrategiaconcursos.com.br\/blog\/\",\"name\":\"Estrat\u00e9gia Concursos\",\"description\":\"O blog da Estrat\u00e9gia Concursos traz not\u00edcias sobre concursos e artigos de professores oferecendo cursos para concursos (pdf + videaulas) no site.\",\"publisher\":{\"@id\":\"https:\/\/www.estrategiaconcursos.com.br\/blog\/#organization\"},\"potentialAction\":[{\"@type\":\"SearchAction\",\"target\":{\"@type\":\"EntryPoint\",\"urlTemplate\":\"https:\/\/www.estrategiaconcursos.com.br\/blog\/?s={search_term_string}\"},\"query-input\":{\"@type\":\"PropertyValueSpecification\",\"valueRequired\":true,\"valueName\":\"search_term_string\"}}],\"inLanguage\":\"pt-BR\"},{\"@type\":\"Organization\",\"@id\":\"https:\/\/www.estrategiaconcursos.com.br\/blog\/#organization\",\"name\":\"Estrat\u00e9gia Concursos\",\"url\":\"https:\/\/www.estrategiaconcursos.com.br\/blog\/\",\"logo\":{\"@type\":\"ImageObject\",\"inLanguage\":\"pt-BR\",\"@id\":\"https:\/\/www.estrategiaconcursos.com.br\/blog\/#\/schema\/logo\/image\/\",\"url\":\"https:\/\/dhg1h5j42swfq.cloudfront.net\/2025\/06\/03203428\/logo_concursos-1.jpg\",\"contentUrl\":\"https:\/\/dhg1h5j42swfq.cloudfront.net\/2025\/06\/03203428\/logo_concursos-1.jpg\",\"width\":230,\"height\":60,\"caption\":\"Estrat\u00e9gia Concursos\"},\"image\":{\"@id\":\"https:\/\/www.estrategiaconcursos.com.br\/blog\/#\/schema\/logo\/image\/\"},\"sameAs\":[\"https:\/\/x.com\/EstratConcursos\"]},{\"@type\":\"Person\",\"@id\":\"https:\/\/www.estrategiaconcursos.com.br\/blog\/#\/schema\/person\/75dcd757b9d160f278f7513e9964e3b8\",\"name\":\"Priscila Ferreira\",\"image\":{\"@type\":\"ImageObject\",\"inLanguage\":\"pt-BR\",\"@id\":\"https:\/\/secure.gravatar.com\/avatar\/e8eec4f3a7f5e57631cb11a38fe3ce4b99c1efe7d24b59d6c3433c374d04a68c?s=96&d=mm&r=g\",\"url\":\"https:\/\/secure.gravatar.com\/avatar\/e8eec4f3a7f5e57631cb11a38fe3ce4b99c1efe7d24b59d6c3433c374d04a68c?s=96&d=mm&r=g\",\"contentUrl\":\"https:\/\/secure.gravatar.com\/avatar\/e8eec4f3a7f5e57631cb11a38fe3ce4b99c1efe7d24b59d6c3433c374d04a68c?s=96&d=mm&r=g\",\"caption\":\"Priscila Ferreira\"},\"url\":\"https:\/\/www.estrategiaconcursos.com.br\/blog\/author\/prof-prisfergmail-com\/\"}]}<\/script>\n<!-- \/ Yoast SEO Premium plugin. -->","yoast_head_json":{"title":"Concurso PGM Goi\u00e2nia: prazo de validade do \u00faltimo certame \u00e9 SUSPENSO","description":"Concurso PGM Goi\u00e2nia: decis\u00e3o judicial suspende prazo de validade do concurso realizado em 2015 para a Procuradoria Municipal de Goi\u00e2nia.","robots":{"index":"index","follow":"follow","max-snippet":"max-snippet:-1","max-image-preview":"max-image-preview:large","max-video-preview":"max-video-preview:-1"},"canonical":"https:\/\/www.estrategiaconcursos.com.br\/blog\/concurso-pgm-goiania\/","og_locale":"pt_BR","og_type":"article","og_title":"Concurso PGM Goi\u00e2nia: prazo de validade do \u00faltimo certame \u00e9 SUSPENSO","og_description":"Concurso PGM Goi\u00e2nia: decis\u00e3o judicial suspende prazo de validade do concurso realizado em 2015 para a Procuradoria Municipal de Goi\u00e2nia.","og_url":"https:\/\/www.estrategiaconcursos.com.br\/blog\/concurso-pgm-goiania\/","og_site_name":"Estrat\u00e9gia Concursos","article_published_time":"2020-04-29T03:39:00+00:00","article_modified_time":"2023-06-19T16:57:48+00:00","og_image":[{"width":990,"height":744,"url":"https:\/\/dhg1h5j42swfq.cloudfront.net\/2019\/11\/07140914\/pgm-go.png","type":"image\/png"}],"author":"Priscila Ferreira","twitter_card":"summary_large_image","twitter_creator":"@EstratConcursos","twitter_site":"@EstratConcursos","twitter_misc":{"Escrito por":"Priscila Ferreira","Est. tempo de leitura":"6 minutos"},"schema":{"@context":"https:\/\/schema.org","@graph":[{"@type":"NewsArticle","@id":"https:\/\/www.estrategiaconcursos.com.br\/blog\/concurso-pgm-goiania\/#article","isPartOf":{"@id":"https:\/\/www.estrategiaconcursos.com.br\/blog\/concurso-pgm-goiania\/"},"author":{"name":"Priscila Ferreira","@id":"https:\/\/www.estrategiaconcursos.com.br\/blog\/#\/schema\/person\/75dcd757b9d160f278f7513e9964e3b8"},"headline":"Concurso PGM Goi\u00e2nia: prazo de validade do \u00faltimo certame \u00e9 SUSPENSO","datePublished":"2020-04-29T03:39:00+00:00","dateModified":"2023-06-19T16:57:48+00:00","mainEntityOfPage":{"@id":"https:\/\/www.estrategiaconcursos.com.br\/blog\/concurso-pgm-goiania\/"},"wordCount":1304,"commentCount":0,"publisher":{"@id":"https:\/\/www.estrategiaconcursos.com.br\/blog\/#organization"},"image":{"@id":"https:\/\/www.estrategiaconcursos.com.br\/blog\/concurso-pgm-goiania\/#primaryimage"},"thumbnailUrl":"https:\/\/dhg1h5j42swfq.cloudfront.net\/2019\/11\/07140914\/pgm-go.png","articleSection":["Concursos P\u00fablicos","Jur\u00eddico"],"inLanguage":"pt-BR","potentialAction":[{"@type":"CommentAction","name":"Comment","target":["https:\/\/www.estrategiaconcursos.com.br\/blog\/concurso-pgm-goiania\/#respond"]}],"copyrightYear":"2020","copyrightHolder":{"@id":"https:\/\/www.estrategiaconcursos.com.br\/blog\/#organization"}},{"@type":"WebPage","@id":"https:\/\/www.estrategiaconcursos.com.br\/blog\/concurso-pgm-goiania\/","url":"https:\/\/www.estrategiaconcursos.com.br\/blog\/concurso-pgm-goiania\/","name":"Concurso PGM Goi\u00e2nia: prazo de validade do \u00faltimo certame \u00e9 SUSPENSO","isPartOf":{"@id":"https:\/\/www.estrategiaconcursos.com.br\/blog\/#website"},"primaryImageOfPage":{"@id":"https:\/\/www.estrategiaconcursos.com.br\/blog\/concurso-pgm-goiania\/#primaryimage"},"image":{"@id":"https:\/\/www.estrategiaconcursos.com.br\/blog\/concurso-pgm-goiania\/#primaryimage"},"thumbnailUrl":"https:\/\/dhg1h5j42swfq.cloudfront.net\/2019\/11\/07140914\/pgm-go.png","datePublished":"2020-04-29T03:39:00+00:00","dateModified":"2023-06-19T16:57:48+00:00","description":"Concurso PGM Goi\u00e2nia: decis\u00e3o judicial suspende prazo de validade do concurso realizado em 2015 para a Procuradoria Municipal de Goi\u00e2nia.","breadcrumb":{"@id":"https:\/\/www.estrategiaconcursos.com.br\/blog\/concurso-pgm-goiania\/#breadcrumb"},"inLanguage":"pt-BR","potentialAction":[{"@type":"ReadAction","target":["https:\/\/www.estrategiaconcursos.com.br\/blog\/concurso-pgm-goiania\/"]}]},{"@type":"ImageObject","inLanguage":"pt-BR","@id":"https:\/\/www.estrategiaconcursos.com.br\/blog\/concurso-pgm-goiania\/#primaryimage","url":"https:\/\/dhg1h5j42swfq.cloudfront.net\/2019\/11\/07140914\/pgm-go.png","contentUrl":"https:\/\/dhg1h5j42swfq.cloudfront.net\/2019\/11\/07140914\/pgm-go.png","width":990,"height":744,"caption":"Concurso PGM Goi\u00e2nia"},{"@type":"BreadcrumbList","@id":"https:\/\/www.estrategiaconcursos.com.br\/blog\/concurso-pgm-goiania\/#breadcrumb","itemListElement":[{"@type":"ListItem","position":1,"name":"In\u00edcio","item":"https:\/\/www.estrategiaconcursos.com.br\/blog\/"},{"@type":"ListItem","position":2,"name":"Concurso PGM Goi\u00e2nia: prazo de validade do \u00faltimo certame \u00e9 SUSPENSO"}]},{"@type":"WebSite","@id":"https:\/\/www.estrategiaconcursos.com.br\/blog\/#website","url":"https:\/\/www.estrategiaconcursos.com.br\/blog\/","name":"Estrat\u00e9gia Concursos","description":"O blog da Estrat\u00e9gia Concursos traz not\u00edcias sobre concursos e artigos de professores oferecendo cursos para concursos (pdf + videaulas) no site.","publisher":{"@id":"https:\/\/www.estrategiaconcursos.com.br\/blog\/#organization"},"potentialAction":[{"@type":"SearchAction","target":{"@type":"EntryPoint","urlTemplate":"https:\/\/www.estrategiaconcursos.com.br\/blog\/?s={search_term_string}"},"query-input":{"@type":"PropertyValueSpecification","valueRequired":true,"valueName":"search_term_string"}}],"inLanguage":"pt-BR"},{"@type":"Organization","@id":"https:\/\/www.estrategiaconcursos.com.br\/blog\/#organization","name":"Estrat\u00e9gia Concursos","url":"https:\/\/www.estrategiaconcursos.com.br\/blog\/","logo":{"@type":"ImageObject","inLanguage":"pt-BR","@id":"https:\/\/www.estrategiaconcursos.com.br\/blog\/#\/schema\/logo\/image\/","url":"https:\/\/dhg1h5j42swfq.cloudfront.net\/2025\/06\/03203428\/logo_concursos-1.jpg","contentUrl":"https:\/\/dhg1h5j42swfq.cloudfront.net\/2025\/06\/03203428\/logo_concursos-1.jpg","width":230,"height":60,"caption":"Estrat\u00e9gia Concursos"},"image":{"@id":"https:\/\/www.estrategiaconcursos.com.br\/blog\/#\/schema\/logo\/image\/"},"sameAs":["https:\/\/x.com\/EstratConcursos"]},{"@type":"Person","@id":"https:\/\/www.estrategiaconcursos.com.br\/blog\/#\/schema\/person\/75dcd757b9d160f278f7513e9964e3b8","name":"Priscila Ferreira","image":{"@type":"ImageObject","inLanguage":"pt-BR","@id":"https:\/\/secure.gravatar.com\/avatar\/e8eec4f3a7f5e57631cb11a38fe3ce4b99c1efe7d24b59d6c3433c374d04a68c?s=96&d=mm&r=g","url":"https:\/\/secure.gravatar.com\/avatar\/e8eec4f3a7f5e57631cb11a38fe3ce4b99c1efe7d24b59d6c3433c374d04a68c?s=96&d=mm&r=g","contentUrl":"https:\/\/secure.gravatar.com\/avatar\/e8eec4f3a7f5e57631cb11a38fe3ce4b99c1efe7d24b59d6c3433c374d04a68c?s=96&d=mm&r=g","caption":"Priscila Ferreira"},"url":"https:\/\/www.estrategiaconcursos.com.br\/blog\/author\/prof-prisfergmail-com\/"}]}},"_links":{"self":[{"href":"https:\/\/www.estrategiaconcursos.com.br\/blog\/wp-json\/wp\/v2\/posts\/445220","targetHints":{"allow":["GET"]}}],"collection":[{"href":"https:\/\/www.estrategiaconcursos.com.br\/blog\/wp-json\/wp\/v2\/posts"}],"about":[{"href":"https:\/\/www.estrategiaconcursos.com.br\/blog\/wp-json\/wp\/v2\/types\/post"}],"author":[{"embeddable":true,"href":"https:\/\/www.estrategiaconcursos.com.br\/blog\/wp-json\/wp\/v2\/users\/545"}],"replies":[{"embeddable":true,"href":"https:\/\/www.estrategiaconcursos.com.br\/blog\/wp-json\/wp\/v2\/comments?post=445220"}],"version-history":[{"count":40,"href":"https:\/\/www.estrategiaconcursos.com.br\/blog\/wp-json\/wp\/v2\/posts\/445220\/revisions"}],"predecessor-version":[{"id":1234688,"href":"https:\/\/www.estrategiaconcursos.com.br\/blog\/wp-json\/wp\/v2\/posts\/445220\/revisions\/1234688"}],"wp:featuredmedia":[{"embeddable":true,"href":"https:\/\/www.estrategiaconcursos.com.br\/blog\/wp-json\/wp\/v2\/media\/445236"}],"wp:attachment":[{"href":"https:\/\/www.estrategiaconcursos.com.br\/blog\/wp-json\/wp\/v2\/media?parent=445220"}],"wp:term":[{"taxonomy":"category","embeddable":true,"href":"https:\/\/www.estrategiaconcursos.com.br\/blog\/wp-json\/wp\/v2\/categories?post=445220"},{"taxonomy":"post_tag","embeddable":true,"href":"https:\/\/www.estrategiaconcursos.com.br\/blog\/wp-json\/wp\/v2\/tags?post=445220"},{"taxonomy":"tax_estado","embeddable":true,"href":"https:\/\/www.estrategiaconcursos.com.br\/blog\/wp-json\/wp\/v2\/tax_estado?post=445220"}],"curies":[{"name":"wp","href":"https:\/\/api.w.org\/{rel}","templated":true}]}}