{"id":445174,"date":"2019-12-20T04:00:00","date_gmt":"2019-12-20T07:00:00","guid":{"rendered":"https:\/\/www.estrategiaconcursos.com.br\/blog\/?p=445174"},"modified":"2020-01-21T08:39:59","modified_gmt":"2020-01-21T11:39:59","slug":"edital-prefeitura-de-tres-coracoes-edital","status":"publish","type":"post","link":"https:\/\/www.estrategiaconcursos.com.br\/blog\/edital-prefeitura-de-tres-coracoes-edital\/","title":{"rendered":"Edital Prefeitura de Tr\u00eas Cora\u00e7\u00f5es: certame oferta 96 vagas"},"content":{"rendered":"\n<h2 class=\"wp-block-heading\"><em>Provas previstas para mar\u00e7o<\/em><\/h2>\n\n\n\n<p>O concurso p\u00fablico da Prefeitura de Tr\u00eas Cora\u00e7\u00f5es, munic\u00edpio do estado de Minas Gerais, est\u00e1 com as inscri\u00e7\u00f5es oficialmente encerradas. Aqueles interessados puderam acessar o site da banca organizadora, a <strong>ELO Assessoria em Servi\u00e7os P\u00fablicos<\/strong>, at\u00e9 o dia 20 de janeiro.<\/p>\n\n\n\n<p>S\u00e3o ofertadas no certame <strong>96 vagas<\/strong> para cargos de n\u00edvel fundamental, m\u00e9dio, t\u00e9cnico e superior e remunera\u00e7\u00e3o de at\u00e9 R$ 5.147,50.<\/p>\n\n\n\n<h2 class=\"wp-block-heading\">Principais datas:<\/h2>\n\n\n\n<p class=\"has-background has-text-align-justify has-very-light-gray-background-color\"><strong>Inscri\u00e7\u00f5es<\/strong>: <s>20\/12 a 20\/01\/2020<\/s> [ENCERRADO]<br \/><strong>Solicita\u00e7\u00e3o de isen\u00e7\u00e3o<\/strong>: <s>20\/12 a 26\/12\/2019<\/s> [ENCERRADO] <br \/><strong>Prova<\/strong>: 08\/03\/2020 <\/p>\n\n\n\n<h2 class=\"wp-block-heading\" id=\"cargos\">Cargos ofertados no concurso Prefeitura de Tr\u00eas Cora\u00e7\u00f5es<\/h2>\n\n\n\n<h3 class=\"wp-block-heading\">N\u00edvel fundamental:<\/h3>\n\n\n\n<figure class=\"wp-block-table is-style-stripes\"><table class=\"has-subtle-pale-blue-background-color has-fixed-layout has-background\"><tbody><tr><td><strong>CARGOS<\/strong><\/td><td><strong>VAGAS<\/strong><\/td><td><strong>REMUNERA\u00c7\u00c3O<\/strong><\/td><\/tr><tr><td>Agente de Servi\u00e7o Educacional<\/td><td>5<\/td><td>R$ 963,275<\/td><\/tr><tr><td>Calceteiro<\/td><td>1<\/td><td>R$ 963,27<\/td><\/tr><tr><td>Coveiro<\/td><td>1<\/td><td>R$ 963,27<\/td><\/tr><tr><td>Faxineiro<\/td><td>5<\/td><td>R$ 963,27<\/td><\/tr><tr><td>Lavador de Ve\u00edculos<\/td><td>1<\/td><td>R$ 963,27<\/td><\/tr><tr><td>Servente<\/td><td>1<\/td><td>R$ 963,27<\/td><\/tr><tr><td>Vigia<\/td><td>2<\/td><td>R$ 963,27<\/td><\/tr><tr><td>Coleto de Lixo<\/td><td>1<\/td><td>R$ 963,27<\/td><\/tr><tr><td>Cozinheiro<\/td><td>1<\/td><td>R$ 963,27<\/td><\/tr><tr><td>Monitor de Apoio e Transporte Escolar<\/td><td>1<\/td><td>R$ 963,27<\/td><\/tr><tr><td>Mec\u00e2nico<\/td><td>1<\/td><td>R$ 1.165,49<\/td><\/tr><tr><td>Torneiro Mec\u00e2nico<\/td><td>1<\/td><td>R$ 1.165,49<\/td><\/tr><tr><td>Motorista<\/td><td>10<\/td><td>R$ 1.165,49<\/td><\/tr><tr><td>Operador de M\u00e1quina Pesada<\/td><td>1<\/td><td>R$ 1.165,49<\/td><\/tr><tr><td>Operador de Serra<\/td><td>1<\/td><td>R$ 1.165,49<\/td><\/tr><tr><td>Armador de Ferragem<\/td><td>1<\/td><td>R$ 1.165,49<\/td><\/tr><tr><td>Bombeiro Hidr\u00e1ulico<\/td><td>1<\/td><td>R$ 1.165,49<\/td><\/tr><tr><td>Borracheiro<\/td><td>1<\/td><td>R$ 1.165,49<\/td><\/tr><tr><td>Carpinteiro<\/td><td>1<\/td><td>R$ 1.165,49<\/td><\/tr><tr><td>Eletricista<\/td><td>1<\/td><td>R$ 1.165,49<\/td><\/tr><tr><td>Eletricista de Viaturas<\/td><td>1<\/td><td>R$ 1.165,49<\/td><\/tr><tr><td>Lanterneiro-Funileiro<\/td><td>1<\/td><td>R$ 1.165,49<\/td><\/tr><tr><td>Operador de Usina de Asfalto<\/td><td>1<\/td><td>R$ 1.165,49<\/td><\/tr><tr><td>Pedreiro<\/td><td>1<\/td><td>R$ 1.165,49<\/td><\/tr><tr><td>Pintor<\/td><td>1<\/td><td>R$ 1.165,49<\/td><\/tr><tr><td>Serralheiro<\/td><td>1<\/td><td>R$ 1.165,49<\/td><\/tr><tr><td>Soldador<\/td><td>1<\/td><td>R$ 1.165,49<\/td><\/tr><\/tbody><\/table><\/figure>\n\n\n\n<h3 class=\"wp-block-heading\">N\u00edvel m\u00e9dio e t\u00e9cnico:<\/h3>\n\n\n\n<figure class=\"wp-block-table is-style-stripes\"><table class=\"has-subtle-pale-blue-background-color has-fixed-layout has-background\"><tbody><tr><td><strong>CARGOS<\/strong><\/td><td><strong>VAGAS<\/strong><\/td><td><strong>REMUNERA\u00c7\u00c3O<\/strong><\/td><\/tr><tr><td>Agente de Autoridade de Transporte e Tr\u00e2nsito<\/td><td>5<\/td><td>R$ 1.556,04<\/td><\/tr><tr><td>Auxiliar de Sa\u00fade Bucal<\/td><td>1<\/td><td>R$ 1.155,49<\/td><\/tr><tr><td>T\u00e9cnico em Higiene Dental<\/td><td>1<\/td><td>R$ 1.555,97<\/td><\/tr><\/tbody><\/table><\/figure>\n\n\n\n<h3 class=\"wp-block-heading\">N\u00edvel superior:<\/h3>\n\n\n\n<figure class=\"wp-block-table is-style-stripes\"><table class=\"has-subtle-pale-blue-background-color has-fixed-layout has-background\"><tbody><tr><td><strong>CARGOS<\/strong><\/td><td><strong>VAGAS<\/strong><\/td><td><strong>REMUNERA\u00c7\u00c3O<\/strong><\/td><\/tr><tr><td>Assistente Social<\/td><td>2<\/td><td>R$ 1.857,68<\/td><\/tr><tr><td>Bibliotec\u00e1rio<\/td><td>1<\/td><td>R$ 2.270,54<\/td><\/tr><tr><td>Contador<\/td><td>1<\/td><td>R$ 2.270,54<\/td><\/tr><tr><td>Engenheiro Ambiental<\/td><td>1<\/td><td>R$ 1.857,68<\/td><\/tr><tr><td>Engenheiro Civil<\/td><td>1<\/td><td>R$ 1.857,68<\/td><\/tr><tr><td>Fonoaudi\u00f3logo<\/td><td>1<\/td><td>R$ 1.857,68<\/td><\/tr><tr><td>Jornalista<\/td><td>1<\/td><td>R$ 2.270,54<\/td><\/tr><tr><td>Psic\u00f3logo<\/td><td>5<\/td><td>R$ 1.857,68<\/td><\/tr><tr><td>Redator<\/td><td>1<\/td><td>R$ 2.270,54<\/td><\/tr><tr><td>Terapeuta Ocupacional<\/td><td>1<\/td><td>R$ 1.857,68<\/td><\/tr><tr><td>Veterin\u00e1rio<\/td><td>1<\/td><td>R$ 1.857,68<\/td><\/tr><tr><td>Professor de Educa\u00e7\u00e3o B\u00e1sica I<\/td><td>2<\/td><td>R$ 1.210,91<\/td><\/tr><tr><td>M\u00e9dico (diversas especialidades)<\/td><td>26<\/td><td>R$ 5.147,50<\/td><\/tr><\/tbody><\/table><\/figure>\n\n\n\n<p><strong>*<\/strong>As vagas para o cargo de&nbsp;<em>M\u00e9dico&nbsp;<\/em>ser\u00e3o distribu\u00eddas igualmente entre as seguintes especialidades:<\/p>\n\n\n\n<p>\u2022 M\u00e9dico do Trabalho<br \/>\u2022 Cardiologista<br \/>\u2022 Cl\u00ednico Geral<br \/>\u2022 Urologista<br \/>\u2022 Dermatologista<br \/>\u2022 Endocrinologista<br \/>\u2022 Gastroenterologista<br \/>\u2022 Ginecologista<br \/>\u2022 Infectologista<br \/>\u2022 Mastologista<br \/>\u2022 Neurologista<br \/>\u2022 Oftalmologista<br \/>\u2022 Ortopedista<br \/>\u2022  Otorrinolaringologista<br \/>\u2022 Radiologista<br \/>\u2022 Reumatologista<br \/>\u2022 Pediatra<br \/>\u2022 Pneumologista<br \/>\u2022 Psiquiatra<br \/>\u2022 Cirurgi\u00e3o Geral<br \/>\u2022 Cirurgi\u00e3o Cabe\u00e7a e Pesco\u00e7o<br \/>\u2022 Cirurgi\u00e3o Pedi\u00e1trico<br \/>\u2022 Cirurgi\u00e3o Pl\u00e1stico<br \/>\u2022 Hematologista<br \/>\u2022 Proctologista<br \/>\u2022 Neuropediatra<\/p>\n\n\n\n<h2 class=\"wp-block-heading\" id=\"provas\">Etapas do concurso Prefeitura de Tr\u00eas Cora\u00e7\u00f5es<\/h2>\n\n\n\n<ol class=\"wp-block-list\"><li><strong>Prova Objetiva<\/strong>&nbsp;para todos os cargos (eliminat\u00f3rio e classificat\u00f3rio);<\/li><li><strong>Prova de T\u00edtulos<\/strong>&nbsp;somente para os cargos de M\u00e9dico (classificat\u00f3rio);<\/li><li><strong>Prova Pr\u00e1tica<\/strong>&nbsp;somente para os cargos de n\u00edvel fundamental (eliminat\u00f3rio).<\/li><\/ol>\n\n\n\n<h2 class=\"wp-block-heading\" id=\"prova-objetiva\">Prova Objetiva do concurso Prefeitura de Tr\u00eas Cora\u00e7\u00f5es<\/h2>\n\n\n\n<p>Com dura\u00e7\u00e3o de 3 horas, a prova objetiva ser\u00e1 composta por 30 quest\u00f5es de m\u00faltipla escolha (A, B, C , D ou E). Ser\u00e1 aprovado o candidato que obtiver, no m\u00ednimo, 50% do total de pontos.<\/p>\n\n\n\n<h2 class=\"wp-block-heading\" id=\"prova-de-titulos\">Prova de T\u00edtulos do concurso Prefeitura de Tr\u00eas Cora\u00e7\u00f5es<\/h2>\n\n\n\n<p>Os t\u00edtulos poder\u00e3o ser somados concomitantemente at\u00e9 o limite de 10 pontos e somente ser\u00e3o considerados aqueles que forem compat\u00edveis com o cargo optado pelo candidato.<\/p>\n\n\n\n<p>A pontua\u00e7\u00e3o para tempo de servi\u00e7o \u00e9 m\u00ednima de 1 ano (sem interrup\u00e7\u00e3o) para cada t\u00edtulo informado, podendo ser somados a outros meses sobressalentes. Ser\u00e1 considerada apenas uma contagem de tempo por per\u00edodo, n\u00e3o sendo aceito atividades desenvolvidas de forma concomitante.<\/p>\n\n\n\n<div class=\"wp-block-image\"><figure class=\"aligncenter\"><img loading=\"lazy\" decoding=\"async\" width=\"887\" height=\"177\" src=\"https:\/\/dhg1h5j42swfq.cloudfront.net\/2019\/11\/07115342\/image28.png\" alt=\"\" class=\"wp-image-445175\" srcset=\"https:\/\/dhg1h5j42swfq.cloudfront.net\/2019\/11\/07115342\/image28.png 887w, https:\/\/dhg1h5j42swfq.cloudfront.net\/2019\/11\/07115342\/image28.png 300w, https:\/\/dhg1h5j42swfq.cloudfront.net\/2019\/11\/07115342\/image28.png 768w, https:\/\/dhg1h5j42swfq.cloudfront.net\/2019\/11\/07115342\/image28.png 610w\" sizes=\"auto, (max-width: 887px) 100vw, 887px\" \/><\/figure><\/div>\n\n\n\n<h2 class=\"wp-block-heading\" id=\"prova-pratica\">Prova Pr\u00e1tica do concurso Prefeitura de Tr\u00eas Cora\u00e7\u00f5es<\/h2>\n\n\n\n<p>A Prova Pr\u00e1tica valer\u00e1 100 pontos, e ser\u00e3o avaliados atrav\u00e9s dos conceitos APTO ou INAPTO sendo considerado APTO o candidato que obtiver nota igual ou superior a 50 pontos. A Prova ser\u00e1 aplicada somente aos candidatos inscritos nos cargos de:<\/p>\n\n\n\n<p>Agente de Servi\u00e7os P\u00fablicos \/ Calceteiro \/ Coletor de Lixo \/ Coveiro \/ Lavador de Ve\u00edculos \/ Servente \/ Mec\u00e2nico \/ Armador de Ferragem \/ Bombeiro Hidr\u00e1ulico \/ Borracheiro \/ Carpinteiro \/ Eletricista \/ Eletricista de Viaturas \/ Lanterneiro-Funileiro \/ Operador de Usina de Asfalto \/ Pedreiro \/ Pintor \/ Serralheiro \/ Soldador, Operador de M\u00e1quina Pesada, Operador de Serra, Torneiro Mec\u00e2nico.<\/p>\n\n\n\n<h2 class=\"has-text-align-center wp-block-heading\" id=\"cursos-assinatura\"><strong><em>Quer estudar para o Concurso Prefeitura de Tr\u00eas Cora\u00e7\u00f5es?<\/em><\/strong><\/h2>\n\n\n\n<p class=\"has-text-align-center\"><em>Gostou desta oportunidade e deseja come\u00e7ar se preparar agora mesmo? Ent\u00e3o, confira os nossos cursos e comece a estudar:<\/em><\/p>\n\n\n\n<p class=\"has-background has-text-align-center has-medium-font-size has-very-light-gray-background-color\"><strong><a rel=\"noreferrer noopener\" href=\"https:\/\/www.estrategiaconcursos.com.br\/cursosPorConcurso\/prefeitura-municipal-de-tres-coracoes-mg\/\" target=\"_blank\">Curso Prefeitura de Tr\u00eas Cora\u00e7\u00f5es<\/a><\/strong><\/p>\n\n\n\n<p class=\"has-text-align-center has-medium-font-size\"><em><strong>Assinatura Anual Ilimitada*<\/strong><\/em><\/p>\n\n\n\n<p class=\"has-text-align-center\"><em>Prepare-se com o melhor material e com quem mais aprova em Concursos P\u00fablicos em todo o pa\u00eds. Assine agora a nossa Assinatura Anual e tenha acesso ilimitado* a todos os nossos cursos.<\/em><\/p>\n\n\n\n<p style=\"font-size:22px\" class=\"has-background has-text-align-center has-luminous-vivid-amber-background-color\"><strong>ASSINE AGORA&nbsp;\u2013&nbsp;<\/strong><a rel=\"noreferrer noopener\" href=\"https:\/\/www.estrategiaconcursos.com.br\/assinaturas\" target=\"_blank\"><strong>Assinatura Ilimitada<\/strong><\/a><\/p>\n\n\n\n<p class=\"has-text-align-center\"><em><strong>Fique por dentro de todos os concursos<\/strong><\/em>:<\/p>\n\n\n\n<p class=\"has-background has-text-align-center has-medium-font-size has-pale-cyan-blue-background-color\"><a rel=\"noreferrer noopener\" href=\"https:\/\/www.estrategiaconcursos.com.br\/blog\/concursos-abertos\/\" target=\"_blank\"><strong>Concursos abertos<\/strong><\/a><\/p>\n\n\n\n<p class=\"has-background has-text-align-center has-medium-font-size has-pale-cyan-blue-background-color\"><a rel=\"noreferrer noopener\" href=\"https:\/\/www.estrategiaconcursos.com.br\/blog\/concursos-2020\/\" target=\"_blank\"><strong>Concursos 2020<\/strong><\/a><\/p>\n\n\n\n<figure class=\"wp-block-image\"><img loading=\"lazy\" decoding=\"async\" width=\"300\" height=\"102\" src=\"https:\/\/dhg1h5j42swfq.cloudfront.net\/2017\/03\/28152500\/coruja-ficha-tecnica-300x102.png\" alt=\"\" class=\"wp-image-68542\"\/><\/figure>\n\n\n\n<h3 class=\"wp-block-heading\" id=\"ficha-tecnica\"><strong>Informa\u00e7\u00f5es sobre o concurso Prefeitura de Tr\u00eas Cora\u00e7\u00f5es<\/strong><\/h3>\n\n\n\n<p>\u25ba<strong>Data prevista da prova<\/strong>: 08 e 15 de mar\u00e7o<br \/>\u25ba<strong>Vagas<\/strong>: 96<br \/>\u25ba<strong>Cargos<\/strong>: Diversos<br \/>\u25ba<strong>Banca<\/strong>: Elo Assessoria em Servi\u00e7os P\u00fablicos<br \/>\u25ba<strong>Escolaridade<\/strong>: N\u00edvel fundamental, m\u00e9dio, t\u00e9cnico e superior<br \/>\u25ba<strong>Edital<\/strong>:\u00a0<strong><a rel=\"noreferrer noopener\" href=\"https:\/\/dhg1h5j42swfq.cloudfront.net\/2019\/11\/07114816\/edital.pdf\" target=\"_blank\">Edital Tr\u00eas Cora\u00e7\u00f5es \u2013 2019<\/a><\/strong><\/p>\n\n\n\n<p><br \/>Ascom Estrat\u00e9gia<br \/>ascomestrategia@gmail.com<\/p>\n","protected":false},"excerpt":{"rendered":"<p>Provas previstas para mar\u00e7o O concurso p\u00fablico da Prefeitura de Tr\u00eas Cora\u00e7\u00f5es, munic\u00edpio do estado de Minas Gerais, est\u00e1 com as inscri\u00e7\u00f5es oficialmente encerradas. Aqueles interessados puderam acessar o site da banca organizadora, a ELO Assessoria em Servi\u00e7os P\u00fablicos, at\u00e9 o dia 20 de janeiro. S\u00e3o ofertadas no certame 96 vagas para cargos de n\u00edvel [&hellip;]<\/p>\n","protected":false},"author":221,"featured_media":446470,"comment_status":"open","ping_status":"closed","sticky":false,"template":"","format":"standard","meta":{"post_tipo":"article","footnotes":""},"categories":[1],"tags":[],"tax_estado":[],"class_list":["post-445174","post","type-post","status-publish","format-standard","has-post-thumbnail","hentry","category-cursos-e-concursos"],"acf":[],"yoast_head":"<!-- This site is optimized with the Yoast SEO Premium plugin v27.2 (Yoast SEO v27.2) - https:\/\/yoast.com\/product\/yoast-seo-premium-wordpress\/ -->\n<title>Edital Prefeitura de Tr\u00eas Cora\u00e7\u00f5es: certame oferta 96 vagas<\/title>\n<meta name=\"description\" content=\"Edital Prefeitura de Tr\u00eas Cora\u00e7\u00f5es est\u00e1 com as inscri\u00e7\u00f5es encerradas para 96 vagas. Provas previstas para 08 de mar\u00e7o. Confira mais detalhes.\" \/>\n<meta name=\"robots\" content=\"index, follow, max-snippet:-1, max-image-preview:large, max-video-preview:-1\" \/>\n<link rel=\"canonical\" href=\"https:\/\/www.estrategiaconcursos.com.br\/blog\/edital-prefeitura-de-tres-coracoes-edital\/\" \/>\n<meta property=\"og:locale\" content=\"pt_BR\" \/>\n<meta property=\"og:type\" content=\"article\" \/>\n<meta property=\"og:title\" content=\"Edital Prefeitura de Tr\u00eas Cora\u00e7\u00f5es: certame oferta 96 vagas\" \/>\n<meta property=\"og:description\" content=\"Edital Prefeitura de Tr\u00eas Cora\u00e7\u00f5es est\u00e1 com as inscri\u00e7\u00f5es encerradas para 96 vagas. Provas previstas para 08 de mar\u00e7o. Confira mais detalhes.\" \/>\n<meta property=\"og:url\" content=\"https:\/\/www.estrategiaconcursos.com.br\/blog\/edital-prefeitura-de-tres-coracoes-edital\/\" \/>\n<meta property=\"og:site_name\" content=\"Estrat\u00e9gia Concursos\" \/>\n<meta property=\"article:published_time\" content=\"2019-12-20T07:00:00+00:00\" \/>\n<meta property=\"article:modified_time\" content=\"2020-01-21T11:39:59+00:00\" \/>\n<meta property=\"og:image\" content=\"https:\/\/dhg1h5j42swfq.cloudfront.net\/2019\/11\/11090855\/prefeitura-de-tre%CC%82s-corac%CC%A7o%CC%83es.jpg\" \/>\n\t<meta property=\"og:image:width\" content=\"1200\" \/>\n\t<meta property=\"og:image:height\" content=\"628\" \/>\n\t<meta property=\"og:image:type\" content=\"image\/jpeg\" \/>\n<meta name=\"author\" content=\"Tulio Lages\" \/>\n<meta name=\"twitter:card\" content=\"summary_large_image\" \/>\n<meta name=\"twitter:creator\" content=\"@EstratConcursos\" \/>\n<meta name=\"twitter:site\" content=\"@EstratConcursos\" \/>\n<meta name=\"twitter:label1\" content=\"Escrito por\" \/>\n\t<meta name=\"twitter:data1\" content=\"Tulio Lages\" \/>\n\t<meta name=\"twitter:label2\" content=\"Est. tempo de leitura\" \/>\n\t<meta name=\"twitter:data2\" content=\"4 minutos\" \/>\n<script type=\"application\/ld+json\" class=\"yoast-schema-graph\">{\"@context\":\"https:\/\/schema.org\",\"@graph\":[{\"@type\":\"NewsArticle\",\"@id\":\"https:\/\/www.estrategiaconcursos.com.br\/blog\/edital-prefeitura-de-tres-coracoes-edital\/#article\",\"isPartOf\":{\"@id\":\"https:\/\/www.estrategiaconcursos.com.br\/blog\/edital-prefeitura-de-tres-coracoes-edital\/\"},\"author\":{\"name\":\"Tulio Lages\",\"@id\":\"https:\/\/www.estrategiaconcursos.com.br\/blog\/#\/schema\/person\/80581c41357e3666d4b56f2db6910639\"},\"headline\":\"Edital Prefeitura de Tr\u00eas Cora\u00e7\u00f5es: certame oferta 96 vagas\",\"datePublished\":\"2019-12-20T07:00:00+00:00\",\"dateModified\":\"2020-01-21T11:39:59+00:00\",\"mainEntityOfPage\":{\"@id\":\"https:\/\/www.estrategiaconcursos.com.br\/blog\/edital-prefeitura-de-tres-coracoes-edital\/\"},\"wordCount\":778,\"commentCount\":1,\"publisher\":{\"@id\":\"https:\/\/www.estrategiaconcursos.com.br\/blog\/#organization\"},\"image\":{\"@id\":\"https:\/\/www.estrategiaconcursos.com.br\/blog\/edital-prefeitura-de-tres-coracoes-edital\/#primaryimage\"},\"thumbnailUrl\":\"https:\/\/dhg1h5j42swfq.cloudfront.net\/2019\/11\/11090855\/prefeitura-de-tre%CC%82s-corac%CC%A7o%CC%83es.jpg\",\"articleSection\":[\"Concursos P\u00fablicos\"],\"inLanguage\":\"pt-BR\",\"potentialAction\":[{\"@type\":\"CommentAction\",\"name\":\"Comment\",\"target\":[\"https:\/\/www.estrategiaconcursos.com.br\/blog\/edital-prefeitura-de-tres-coracoes-edital\/#respond\"]}],\"copyrightYear\":\"2019\",\"copyrightHolder\":{\"@id\":\"https:\/\/www.estrategiaconcursos.com.br\/blog\/#organization\"}},{\"@type\":\"WebPage\",\"@id\":\"https:\/\/www.estrategiaconcursos.com.br\/blog\/edital-prefeitura-de-tres-coracoes-edital\/\",\"url\":\"https:\/\/www.estrategiaconcursos.com.br\/blog\/edital-prefeitura-de-tres-coracoes-edital\/\",\"name\":\"Edital Prefeitura de Tr\u00eas Cora\u00e7\u00f5es: certame oferta 96 vagas\",\"isPartOf\":{\"@id\":\"https:\/\/www.estrategiaconcursos.com.br\/blog\/#website\"},\"primaryImageOfPage\":{\"@id\":\"https:\/\/www.estrategiaconcursos.com.br\/blog\/edital-prefeitura-de-tres-coracoes-edital\/#primaryimage\"},\"image\":{\"@id\":\"https:\/\/www.estrategiaconcursos.com.br\/blog\/edital-prefeitura-de-tres-coracoes-edital\/#primaryimage\"},\"thumbnailUrl\":\"https:\/\/dhg1h5j42swfq.cloudfront.net\/2019\/11\/11090855\/prefeitura-de-tre%CC%82s-corac%CC%A7o%CC%83es.jpg\",\"datePublished\":\"2019-12-20T07:00:00+00:00\",\"dateModified\":\"2020-01-21T11:39:59+00:00\",\"description\":\"Edital Prefeitura de Tr\u00eas Cora\u00e7\u00f5es est\u00e1 com as inscri\u00e7\u00f5es encerradas para 96 vagas. Provas previstas para 08 de mar\u00e7o. Confira mais detalhes.\",\"breadcrumb\":{\"@id\":\"https:\/\/www.estrategiaconcursos.com.br\/blog\/edital-prefeitura-de-tres-coracoes-edital\/#breadcrumb\"},\"inLanguage\":\"pt-BR\",\"potentialAction\":[{\"@type\":\"ReadAction\",\"target\":[\"https:\/\/www.estrategiaconcursos.com.br\/blog\/edital-prefeitura-de-tres-coracoes-edital\/\"]}]},{\"@type\":\"ImageObject\",\"inLanguage\":\"pt-BR\",\"@id\":\"https:\/\/www.estrategiaconcursos.com.br\/blog\/edital-prefeitura-de-tres-coracoes-edital\/#primaryimage\",\"url\":\"https:\/\/dhg1h5j42swfq.cloudfront.net\/2019\/11\/11090855\/prefeitura-de-tre%CC%82s-corac%CC%A7o%CC%83es.jpg\",\"contentUrl\":\"https:\/\/dhg1h5j42swfq.cloudfront.net\/2019\/11\/11090855\/prefeitura-de-tre%CC%82s-corac%CC%A7o%CC%83es.jpg\",\"width\":1200,\"height\":628},{\"@type\":\"BreadcrumbList\",\"@id\":\"https:\/\/www.estrategiaconcursos.com.br\/blog\/edital-prefeitura-de-tres-coracoes-edital\/#breadcrumb\",\"itemListElement\":[{\"@type\":\"ListItem\",\"position\":1,\"name\":\"In\u00edcio\",\"item\":\"https:\/\/www.estrategiaconcursos.com.br\/blog\/\"},{\"@type\":\"ListItem\",\"position\":2,\"name\":\"Edital Prefeitura de Tr\u00eas Cora\u00e7\u00f5es: certame oferta 96 vagas\"}]},{\"@type\":\"WebSite\",\"@id\":\"https:\/\/www.estrategiaconcursos.com.br\/blog\/#website\",\"url\":\"https:\/\/www.estrategiaconcursos.com.br\/blog\/\",\"name\":\"Estrat\u00e9gia Concursos\",\"description\":\"O blog da Estrat\u00e9gia Concursos traz not\u00edcias sobre concursos e artigos de professores oferecendo cursos para concursos (pdf + videaulas) no site.\",\"publisher\":{\"@id\":\"https:\/\/www.estrategiaconcursos.com.br\/blog\/#organization\"},\"potentialAction\":[{\"@type\":\"SearchAction\",\"target\":{\"@type\":\"EntryPoint\",\"urlTemplate\":\"https:\/\/www.estrategiaconcursos.com.br\/blog\/?s={search_term_string}\"},\"query-input\":{\"@type\":\"PropertyValueSpecification\",\"valueRequired\":true,\"valueName\":\"search_term_string\"}}],\"inLanguage\":\"pt-BR\"},{\"@type\":\"Organization\",\"@id\":\"https:\/\/www.estrategiaconcursos.com.br\/blog\/#organization\",\"name\":\"Estrat\u00e9gia Concursos\",\"url\":\"https:\/\/www.estrategiaconcursos.com.br\/blog\/\",\"logo\":{\"@type\":\"ImageObject\",\"inLanguage\":\"pt-BR\",\"@id\":\"https:\/\/www.estrategiaconcursos.com.br\/blog\/#\/schema\/logo\/image\/\",\"url\":\"https:\/\/dhg1h5j42swfq.cloudfront.net\/2025\/06\/03203428\/logo_concursos-1.jpg\",\"contentUrl\":\"https:\/\/dhg1h5j42swfq.cloudfront.net\/2025\/06\/03203428\/logo_concursos-1.jpg\",\"width\":230,\"height\":60,\"caption\":\"Estrat\u00e9gia Concursos\"},\"image\":{\"@id\":\"https:\/\/www.estrategiaconcursos.com.br\/blog\/#\/schema\/logo\/image\/\"},\"sameAs\":[\"https:\/\/x.com\/EstratConcursos\"]},{\"@type\":\"Person\",\"@id\":\"https:\/\/www.estrategiaconcursos.com.br\/blog\/#\/schema\/person\/80581c41357e3666d4b56f2db6910639\",\"name\":\"Tulio Lages\",\"image\":{\"@type\":\"ImageObject\",\"inLanguage\":\"pt-BR\",\"@id\":\"https:\/\/secure.gravatar.com\/avatar\/d24e31d7062c4ca48f968843d2bcad20a2ba1a5cf087b6f34171db005b925941?s=96&d=mm&r=g\",\"url\":\"https:\/\/secure.gravatar.com\/avatar\/d24e31d7062c4ca48f968843d2bcad20a2ba1a5cf087b6f34171db005b925941?s=96&d=mm&r=g\",\"contentUrl\":\"https:\/\/secure.gravatar.com\/avatar\/d24e31d7062c4ca48f968843d2bcad20a2ba1a5cf087b6f34171db005b925941?s=96&d=mm&r=g\",\"caption\":\"Tulio Lages\"},\"url\":\"https:\/\/www.estrategiaconcursos.com.br\/blog\/author\/tuliolagesestrategiaconcursos-com-br\/\"}]}<\/script>\n<!-- \/ Yoast SEO Premium plugin. -->","yoast_head_json":{"title":"Edital Prefeitura de Tr\u00eas Cora\u00e7\u00f5es: certame oferta 96 vagas","description":"Edital Prefeitura de Tr\u00eas Cora\u00e7\u00f5es est\u00e1 com as inscri\u00e7\u00f5es encerradas para 96 vagas. Provas previstas para 08 de mar\u00e7o. Confira mais detalhes.","robots":{"index":"index","follow":"follow","max-snippet":"max-snippet:-1","max-image-preview":"max-image-preview:large","max-video-preview":"max-video-preview:-1"},"canonical":"https:\/\/www.estrategiaconcursos.com.br\/blog\/edital-prefeitura-de-tres-coracoes-edital\/","og_locale":"pt_BR","og_type":"article","og_title":"Edital Prefeitura de Tr\u00eas Cora\u00e7\u00f5es: certame oferta 96 vagas","og_description":"Edital Prefeitura de Tr\u00eas Cora\u00e7\u00f5es est\u00e1 com as inscri\u00e7\u00f5es encerradas para 96 vagas. Provas previstas para 08 de mar\u00e7o. Confira mais detalhes.","og_url":"https:\/\/www.estrategiaconcursos.com.br\/blog\/edital-prefeitura-de-tres-coracoes-edital\/","og_site_name":"Estrat\u00e9gia Concursos","article_published_time":"2019-12-20T07:00:00+00:00","article_modified_time":"2020-01-21T11:39:59+00:00","og_image":[{"width":1200,"height":628,"url":"https:\/\/dhg1h5j42swfq.cloudfront.net\/2019\/11\/11090855\/prefeitura-de-tre%CC%82s-corac%CC%A7o%CC%83es.jpg","type":"image\/jpeg"}],"author":"Tulio Lages","twitter_card":"summary_large_image","twitter_creator":"@EstratConcursos","twitter_site":"@EstratConcursos","twitter_misc":{"Escrito por":"Tulio Lages","Est. tempo de leitura":"4 minutos"},"schema":{"@context":"https:\/\/schema.org","@graph":[{"@type":"NewsArticle","@id":"https:\/\/www.estrategiaconcursos.com.br\/blog\/edital-prefeitura-de-tres-coracoes-edital\/#article","isPartOf":{"@id":"https:\/\/www.estrategiaconcursos.com.br\/blog\/edital-prefeitura-de-tres-coracoes-edital\/"},"author":{"name":"Tulio Lages","@id":"https:\/\/www.estrategiaconcursos.com.br\/blog\/#\/schema\/person\/80581c41357e3666d4b56f2db6910639"},"headline":"Edital Prefeitura de Tr\u00eas Cora\u00e7\u00f5es: certame oferta 96 vagas","datePublished":"2019-12-20T07:00:00+00:00","dateModified":"2020-01-21T11:39:59+00:00","mainEntityOfPage":{"@id":"https:\/\/www.estrategiaconcursos.com.br\/blog\/edital-prefeitura-de-tres-coracoes-edital\/"},"wordCount":778,"commentCount":1,"publisher":{"@id":"https:\/\/www.estrategiaconcursos.com.br\/blog\/#organization"},"image":{"@id":"https:\/\/www.estrategiaconcursos.com.br\/blog\/edital-prefeitura-de-tres-coracoes-edital\/#primaryimage"},"thumbnailUrl":"https:\/\/dhg1h5j42swfq.cloudfront.net\/2019\/11\/11090855\/prefeitura-de-tre%CC%82s-corac%CC%A7o%CC%83es.jpg","articleSection":["Concursos P\u00fablicos"],"inLanguage":"pt-BR","potentialAction":[{"@type":"CommentAction","name":"Comment","target":["https:\/\/www.estrategiaconcursos.com.br\/blog\/edital-prefeitura-de-tres-coracoes-edital\/#respond"]}],"copyrightYear":"2019","copyrightHolder":{"@id":"https:\/\/www.estrategiaconcursos.com.br\/blog\/#organization"}},{"@type":"WebPage","@id":"https:\/\/www.estrategiaconcursos.com.br\/blog\/edital-prefeitura-de-tres-coracoes-edital\/","url":"https:\/\/www.estrategiaconcursos.com.br\/blog\/edital-prefeitura-de-tres-coracoes-edital\/","name":"Edital Prefeitura de Tr\u00eas Cora\u00e7\u00f5es: certame oferta 96 vagas","isPartOf":{"@id":"https:\/\/www.estrategiaconcursos.com.br\/blog\/#website"},"primaryImageOfPage":{"@id":"https:\/\/www.estrategiaconcursos.com.br\/blog\/edital-prefeitura-de-tres-coracoes-edital\/#primaryimage"},"image":{"@id":"https:\/\/www.estrategiaconcursos.com.br\/blog\/edital-prefeitura-de-tres-coracoes-edital\/#primaryimage"},"thumbnailUrl":"https:\/\/dhg1h5j42swfq.cloudfront.net\/2019\/11\/11090855\/prefeitura-de-tre%CC%82s-corac%CC%A7o%CC%83es.jpg","datePublished":"2019-12-20T07:00:00+00:00","dateModified":"2020-01-21T11:39:59+00:00","description":"Edital Prefeitura de Tr\u00eas Cora\u00e7\u00f5es est\u00e1 com as inscri\u00e7\u00f5es encerradas para 96 vagas. Provas previstas para 08 de mar\u00e7o. Confira mais detalhes.","breadcrumb":{"@id":"https:\/\/www.estrategiaconcursos.com.br\/blog\/edital-prefeitura-de-tres-coracoes-edital\/#breadcrumb"},"inLanguage":"pt-BR","potentialAction":[{"@type":"ReadAction","target":["https:\/\/www.estrategiaconcursos.com.br\/blog\/edital-prefeitura-de-tres-coracoes-edital\/"]}]},{"@type":"ImageObject","inLanguage":"pt-BR","@id":"https:\/\/www.estrategiaconcursos.com.br\/blog\/edital-prefeitura-de-tres-coracoes-edital\/#primaryimage","url":"https:\/\/dhg1h5j42swfq.cloudfront.net\/2019\/11\/11090855\/prefeitura-de-tre%CC%82s-corac%CC%A7o%CC%83es.jpg","contentUrl":"https:\/\/dhg1h5j42swfq.cloudfront.net\/2019\/11\/11090855\/prefeitura-de-tre%CC%82s-corac%CC%A7o%CC%83es.jpg","width":1200,"height":628},{"@type":"BreadcrumbList","@id":"https:\/\/www.estrategiaconcursos.com.br\/blog\/edital-prefeitura-de-tres-coracoes-edital\/#breadcrumb","itemListElement":[{"@type":"ListItem","position":1,"name":"In\u00edcio","item":"https:\/\/www.estrategiaconcursos.com.br\/blog\/"},{"@type":"ListItem","position":2,"name":"Edital Prefeitura de Tr\u00eas Cora\u00e7\u00f5es: certame oferta 96 vagas"}]},{"@type":"WebSite","@id":"https:\/\/www.estrategiaconcursos.com.br\/blog\/#website","url":"https:\/\/www.estrategiaconcursos.com.br\/blog\/","name":"Estrat\u00e9gia Concursos","description":"O blog da Estrat\u00e9gia Concursos traz not\u00edcias sobre concursos e artigos de professores oferecendo cursos para concursos (pdf + videaulas) no site.","publisher":{"@id":"https:\/\/www.estrategiaconcursos.com.br\/blog\/#organization"},"potentialAction":[{"@type":"SearchAction","target":{"@type":"EntryPoint","urlTemplate":"https:\/\/www.estrategiaconcursos.com.br\/blog\/?s={search_term_string}"},"query-input":{"@type":"PropertyValueSpecification","valueRequired":true,"valueName":"search_term_string"}}],"inLanguage":"pt-BR"},{"@type":"Organization","@id":"https:\/\/www.estrategiaconcursos.com.br\/blog\/#organization","name":"Estrat\u00e9gia Concursos","url":"https:\/\/www.estrategiaconcursos.com.br\/blog\/","logo":{"@type":"ImageObject","inLanguage":"pt-BR","@id":"https:\/\/www.estrategiaconcursos.com.br\/blog\/#\/schema\/logo\/image\/","url":"https:\/\/dhg1h5j42swfq.cloudfront.net\/2025\/06\/03203428\/logo_concursos-1.jpg","contentUrl":"https:\/\/dhg1h5j42swfq.cloudfront.net\/2025\/06\/03203428\/logo_concursos-1.jpg","width":230,"height":60,"caption":"Estrat\u00e9gia Concursos"},"image":{"@id":"https:\/\/www.estrategiaconcursos.com.br\/blog\/#\/schema\/logo\/image\/"},"sameAs":["https:\/\/x.com\/EstratConcursos"]},{"@type":"Person","@id":"https:\/\/www.estrategiaconcursos.com.br\/blog\/#\/schema\/person\/80581c41357e3666d4b56f2db6910639","name":"Tulio Lages","image":{"@type":"ImageObject","inLanguage":"pt-BR","@id":"https:\/\/secure.gravatar.com\/avatar\/d24e31d7062c4ca48f968843d2bcad20a2ba1a5cf087b6f34171db005b925941?s=96&d=mm&r=g","url":"https:\/\/secure.gravatar.com\/avatar\/d24e31d7062c4ca48f968843d2bcad20a2ba1a5cf087b6f34171db005b925941?s=96&d=mm&r=g","contentUrl":"https:\/\/secure.gravatar.com\/avatar\/d24e31d7062c4ca48f968843d2bcad20a2ba1a5cf087b6f34171db005b925941?s=96&d=mm&r=g","caption":"Tulio Lages"},"url":"https:\/\/www.estrategiaconcursos.com.br\/blog\/author\/tuliolagesestrategiaconcursos-com-br\/"}]}},"_links":{"self":[{"href":"https:\/\/www.estrategiaconcursos.com.br\/blog\/wp-json\/wp\/v2\/posts\/445174","targetHints":{"allow":["GET"]}}],"collection":[{"href":"https:\/\/www.estrategiaconcursos.com.br\/blog\/wp-json\/wp\/v2\/posts"}],"about":[{"href":"https:\/\/www.estrategiaconcursos.com.br\/blog\/wp-json\/wp\/v2\/types\/post"}],"author":[{"embeddable":true,"href":"https:\/\/www.estrategiaconcursos.com.br\/blog\/wp-json\/wp\/v2\/users\/221"}],"replies":[{"embeddable":true,"href":"https:\/\/www.estrategiaconcursos.com.br\/blog\/wp-json\/wp\/v2\/comments?post=445174"}],"version-history":[{"count":8,"href":"https:\/\/www.estrategiaconcursos.com.br\/blog\/wp-json\/wp\/v2\/posts\/445174\/revisions"}],"predecessor-version":[{"id":472381,"href":"https:\/\/www.estrategiaconcursos.com.br\/blog\/wp-json\/wp\/v2\/posts\/445174\/revisions\/472381"}],"wp:featuredmedia":[{"embeddable":true,"href":"https:\/\/www.estrategiaconcursos.com.br\/blog\/wp-json\/wp\/v2\/media\/446470"}],"wp:attachment":[{"href":"https:\/\/www.estrategiaconcursos.com.br\/blog\/wp-json\/wp\/v2\/media?parent=445174"}],"wp:term":[{"taxonomy":"category","embeddable":true,"href":"https:\/\/www.estrategiaconcursos.com.br\/blog\/wp-json\/wp\/v2\/categories?post=445174"},{"taxonomy":"post_tag","embeddable":true,"href":"https:\/\/www.estrategiaconcursos.com.br\/blog\/wp-json\/wp\/v2\/tags?post=445174"},{"taxonomy":"tax_estado","embeddable":true,"href":"https:\/\/www.estrategiaconcursos.com.br\/blog\/wp-json\/wp\/v2\/tax_estado?post=445174"}],"curies":[{"name":"wp","href":"https:\/\/api.w.org\/{rel}","templated":true}]}}