{"id":445150,"date":"2019-11-07T11:40:32","date_gmt":"2019-11-07T14:40:32","guid":{"rendered":"https:\/\/www.estrategiaconcursos.com.br\/blog\/?p=445150"},"modified":"2023-06-14T16:15:25","modified_gmt":"2023-06-14T19:15:25","slug":"concurso-guarda-de-palmas-to-banca-esta-definida-e-sera-divulgada-em-breve","status":"publish","type":"post","link":"https:\/\/www.estrategiaconcursos.com.br\/blog\/concurso-guarda-de-palmas-to-banca-esta-definida-e-sera-divulgada-em-breve\/","title":{"rendered":"Concurso Guarda de Palmas TO: banca est\u00e1 definida e ser\u00e1 divulgada em breve"},"content":{"rendered":"\n<p>O concurso Guarda de Palmas j\u00e1 tem banca organizadora definida e o edital  est\u00e1 previsto para ser publicado at\u00e9 o final deste ano. A prefeitura de Palmas enviou esta semana a proposta da empresa para a Procuradoria Geral do Munic\u00edpio e do Controle Interno, segundo o \u00f3rg\u00e3o:<\/p>\n\n\n\n<blockquote class=\"wp-block-quote is-layout-flow wp-block-quote-is-layout-flow\">\n<p><em>Somente a partir da manifesta\u00e7\u00e3o desses \u00e9 que ser\u00e1 poss\u00edvel divulgar a institui\u00e7\u00e3o respons\u00e1vel pela execu\u00e7\u00e3o do concurso e dar prosseguimento aos demais tr\u00e2mites<\/em>\u201d <\/p>\n<\/blockquote>\n\n\n\n<p>Os integrantes da comiss\u00e3o organizadora do certame foram divulgados em mar\u00e7o para Guarda Metropolitana de Palmas (GMP) \u2013 Classe A. Apesar de existirem 412 vagas dispon\u00edveis no quadro de servidores da GMP, foram autorizadas apenas&nbsp;<strong><em>50 vagas&nbsp;<\/em><\/strong>mais cadastro&nbsp;de&nbsp;reserva.  <\/p>\n\n\n\n<p>Para prestar o certame \u00e9 necess\u00e1rio possuir Ensino M\u00e9dio Completo, ter idade m\u00ednima de 18 anos e m\u00e1xima de 45 anos, al\u00e9m de altura m\u00ednima de 1,65m para o sexo masculino e 1,60m para o sexo feminino. <\/p>\n\n\n\n<p>Faz mais de 10 anos que a Guarda Municipal n\u00e3o realiza concurso p\u00fablico, o \u00faltimo foi realizado em 2007 e ofertou 100 vagas, sendo composto de 6 etapas:<\/p>\n\n\n\n<ul class=\"wp-block-list\">\n<li>Prova intelectual (eliminat\u00f3rio e classificat\u00f3rio);<\/li>\n\n\n\n<li>Avalia\u00e7\u00e3o m\u00e9dica (eliminat\u00f3rio);<\/li>\n\n\n\n<li>Teste de aptid\u00e3o f\u00edsica (eliminat\u00f3rio);<\/li>\n\n\n\n<li>Avalia\u00e7\u00e3o psicol\u00f3gica (eliminat\u00f3rio);<\/li>\n\n\n\n<li>Investiga\u00e7\u00e3o social da vida pregressa (eliminat\u00f3rio);<\/li>\n\n\n\n<li>Curso de Forma\u00e7\u00e3o de Guarda Metropolitano (eliminat\u00f3rio e classificat\u00f3rio).<\/li>\n<\/ul>\n\n\n\n<h3 class=\"wp-block-heading\" id=\"h-como-foi-a-prova-intelectual\">Como foi a Prova Intelectual?<\/h3>\n\n\n\n<p>A prova intelectual obteve 50 quest\u00f5es de m\u00faltipla escolha, cada quest\u00e3o valeu 2 pontos, obtidos 100 pontos como valor total da avalia\u00e7\u00e3o. Confira a seguir as disciplinas cobradas:<\/p>\n\n\n\n<p class=\"has-very-light-gray-background-color has-background\">Portugu\u00eas \u2013 20 quest\u00f5es<br \/>Matem\u00e1tica \u2013 06 quest\u00f5es<br \/>Geografia do Tocantins \u2013 07 quest\u00f5es<br \/>Hist\u00f3ria do Tocantins \u2013 07 quest\u00f5es<br \/>Conhecimento Espec\u00edfico \u2013 10 quest\u00f5es <\/p>\n\n\n\n<p><strong>Para saber mais informa\u00e7\u00f5es sobre o \u00faltimo concurso acesse o artigo abaixo.<\/strong><\/p>\n\n\n\n<p class=\"has-text-align-center has-light-green-cyan-background-color has-background\" style=\"font-size:clamp(15.197px, 0.95rem + ((1vw - 3.2px) * 0.765), 23px);px\"><a rel=\"noreferrer noopener\" aria-label=\"Artigo Guarda de Palmas (abre numa nova aba)\" href=\"https:\/\/www.estrategiaconcursos.com.br\/blog\/concurso-guarda-de-palmas\/\" target=\"_blank\"><strong>Artigo Guarda de Palmas<\/strong><\/a><\/p>\n\n\n\n<p class=\"has-text-align-center\"><em><strong>Gostou dessa oportunidade e deseja se preparar?&nbsp;O Estrat\u00e9gia Concursos pode lan\u00e7ar cursos para este certame. Acompanhe&nbsp;as&nbsp;novidades:&nbsp;<\/strong><\/em><\/p>\n\n\n\n<p class=\"has-text-align-center has-luminous-vivid-amber-background-color has-background has-medium-font-size\"><strong><a rel=\"noreferrer noopener\" href=\"https:\/\/www.estrategiaconcursos.com.br\/cursos\/concurso\/\" target=\"_blank\">CURSOS&nbsp;ESTRAT\u00c9GIA&nbsp;CONCURSOS<\/a><\/strong><\/p>\n\n\n\n<p class=\"has-text-align-center\"><em><strong>Assinatura Anual Ilimitada*<\/strong><\/em><\/p>\n\n\n\n<p><em>Prepare-se com o melhor material e com quem mais aprova em&nbsp;Concursos P\u00fablicos de todo o pa\u00eds. Assine agora a nossa Assinatura Anual e tenha acesso ilimitado* a todos os nossos cursos.<\/em><\/p>\n\n\n\n<p class=\"has-text-align-center has-light-green-cyan-background-color has-background has-medium-font-size\"><strong>ASSINE AGORA<\/strong>&nbsp;\u2013&nbsp;<strong><a rel=\"noreferrer noopener\" href=\"https:\/\/www.estrategiaconcursos.com.br\/assinaturas\" target=\"_blank\">Assinatura Ilimitada<\/a><\/strong><\/p>\n\n\n\n<p class=\"has-text-align-center has-pale-cyan-blue-background-color has-background has-medium-font-size\"><strong><a href=\"https:\/\/www.estrategiaconcursos.com.br\/blog\/concursos-abertos\/\">CONCURSOS ABERTOS<\/a><\/strong><\/p>\n","protected":false},"excerpt":{"rendered":"<p>O concurso Guarda de Palmas j\u00e1 tem banca organizadora definida e o edital est\u00e1 previsto para ser publicado at\u00e9 o final deste ano. A prefeitura de Palmas enviou esta semana a proposta da empresa para a Procuradoria Geral do Munic\u00edpio e do Controle Interno, segundo o \u00f3rg\u00e3o: Somente a partir da manifesta\u00e7\u00e3o desses \u00e9 que [&hellip;]<\/p>\n","protected":false},"author":29,"featured_media":175681,"comment_status":"open","ping_status":"closed","sticky":false,"template":"","format":"standard","meta":{"post_tipo":"article","footnotes":""},"categories":[1],"tags":[],"tax_estado":[],"class_list":["post-445150","post","type-post","status-publish","format-standard","has-post-thumbnail","hentry","category-cursos-e-concursos"],"acf":[],"yoast_head":"<!-- This site is optimized with the Yoast SEO Premium plugin v27.2 (Yoast SEO v27.2) - https:\/\/yoast.com\/product\/yoast-seo-premium-wordpress\/ -->\n<title>Concurso Guarda de Palmas TO: banca est\u00e1 definida e ser\u00e1 divulgada em breve<\/title>\n<meta name=\"robots\" content=\"index, follow, max-snippet:-1, max-image-preview:large, max-video-preview:-1\" \/>\n<link rel=\"canonical\" href=\"https:\/\/www.estrategiaconcursos.com.br\/blog\/concurso-guarda-de-palmas-to-banca-esta-definida-e-sera-divulgada-em-breve\/\" \/>\n<meta property=\"og:locale\" content=\"pt_BR\" \/>\n<meta property=\"og:type\" content=\"article\" \/>\n<meta property=\"og:title\" content=\"Concurso Guarda de Palmas TO: banca est\u00e1 definida e ser\u00e1 divulgada em breve\" \/>\n<meta property=\"og:description\" content=\"O concurso Guarda de Palmas j\u00e1 tem banca organizadora definida e o edital est\u00e1 previsto para ser publicado at\u00e9 o final deste ano. A prefeitura de Palmas enviou esta semana a proposta da empresa para a Procuradoria Geral do Munic\u00edpio e do Controle Interno, segundo o \u00f3rg\u00e3o: Somente a partir da manifesta\u00e7\u00e3o desses \u00e9 que [&hellip;]\" \/>\n<meta property=\"og:url\" content=\"https:\/\/www.estrategiaconcursos.com.br\/blog\/concurso-guarda-de-palmas-to-banca-esta-definida-e-sera-divulgada-em-breve\/\" \/>\n<meta property=\"og:site_name\" content=\"Estrat\u00e9gia Concursos\" \/>\n<meta property=\"article:author\" content=\"https:\/\/www.facebook.com\/profsergiomendes\" \/>\n<meta property=\"article:published_time\" content=\"2019-11-07T14:40:32+00:00\" \/>\n<meta property=\"article:modified_time\" content=\"2023-06-14T19:15:25+00:00\" \/>\n<meta property=\"og:image\" content=\"https:\/\/dhg1h5j42swfq.cloudfront.net\/2019\/03\/01160616\/Guarda-Palmas-nome-Jornalismo-e1554145584234.jpg\" \/>\n\t<meta property=\"og:image:width\" content=\"400\" \/>\n\t<meta property=\"og:image:height\" content=\"209\" \/>\n\t<meta property=\"og:image:type\" content=\"image\/jpeg\" \/>\n<meta name=\"author\" content=\"S\u00e9rgio Mendes\" \/>\n<meta name=\"twitter:card\" content=\"summary_large_image\" \/>\n<meta name=\"twitter:creator\" content=\"@EstratConcursos\" \/>\n<meta name=\"twitter:site\" content=\"@EstratConcursos\" \/>\n<meta name=\"twitter:label1\" content=\"Escrito por\" \/>\n\t<meta name=\"twitter:data1\" content=\"S\u00e9rgio Mendes\" \/>\n\t<meta name=\"twitter:label2\" content=\"Est. tempo de leitura\" \/>\n\t<meta name=\"twitter:data2\" content=\"2 minutos\" \/>\n<script type=\"application\/ld+json\" class=\"yoast-schema-graph\">{\"@context\":\"https:\/\/schema.org\",\"@graph\":[{\"@type\":\"NewsArticle\",\"@id\":\"https:\/\/www.estrategiaconcursos.com.br\/blog\/concurso-guarda-de-palmas-to-banca-esta-definida-e-sera-divulgada-em-breve\/#article\",\"isPartOf\":{\"@id\":\"https:\/\/www.estrategiaconcursos.com.br\/blog\/concurso-guarda-de-palmas-to-banca-esta-definida-e-sera-divulgada-em-breve\/\"},\"author\":{\"name\":\"S\u00e9rgio Mendes\",\"@id\":\"https:\/\/www.estrategiaconcursos.com.br\/blog\/#\/schema\/person\/4ddc4a162b4fdffa2ea9956dbf62f583\"},\"headline\":\"Concurso Guarda de Palmas TO: banca est\u00e1 definida e ser\u00e1 divulgada em breve\",\"datePublished\":\"2019-11-07T14:40:32+00:00\",\"dateModified\":\"2023-06-14T19:15:25+00:00\",\"mainEntityOfPage\":{\"@id\":\"https:\/\/www.estrategiaconcursos.com.br\/blog\/concurso-guarda-de-palmas-to-banca-esta-definida-e-sera-divulgada-em-breve\/\"},\"wordCount\":397,\"commentCount\":0,\"publisher\":{\"@id\":\"https:\/\/www.estrategiaconcursos.com.br\/blog\/#organization\"},\"image\":{\"@id\":\"https:\/\/www.estrategiaconcursos.com.br\/blog\/concurso-guarda-de-palmas-to-banca-esta-definida-e-sera-divulgada-em-breve\/#primaryimage\"},\"thumbnailUrl\":\"https:\/\/dhg1h5j42swfq.cloudfront.net\/2019\/03\/01160616\/Guarda-Palmas-nome-Jornalismo-e1554145584234.jpg\",\"articleSection\":[\"Concursos P\u00fablicos\"],\"inLanguage\":\"pt-BR\",\"potentialAction\":[{\"@type\":\"CommentAction\",\"name\":\"Comment\",\"target\":[\"https:\/\/www.estrategiaconcursos.com.br\/blog\/concurso-guarda-de-palmas-to-banca-esta-definida-e-sera-divulgada-em-breve\/#respond\"]}],\"copyrightYear\":\"2019\",\"copyrightHolder\":{\"@id\":\"https:\/\/www.estrategiaconcursos.com.br\/blog\/#organization\"}},{\"@type\":\"WebPage\",\"@id\":\"https:\/\/www.estrategiaconcursos.com.br\/blog\/concurso-guarda-de-palmas-to-banca-esta-definida-e-sera-divulgada-em-breve\/\",\"url\":\"https:\/\/www.estrategiaconcursos.com.br\/blog\/concurso-guarda-de-palmas-to-banca-esta-definida-e-sera-divulgada-em-breve\/\",\"name\":\"Concurso Guarda de Palmas TO: banca est\u00e1 definida e ser\u00e1 divulgada em breve\",\"isPartOf\":{\"@id\":\"https:\/\/www.estrategiaconcursos.com.br\/blog\/#website\"},\"primaryImageOfPage\":{\"@id\":\"https:\/\/www.estrategiaconcursos.com.br\/blog\/concurso-guarda-de-palmas-to-banca-esta-definida-e-sera-divulgada-em-breve\/#primaryimage\"},\"image\":{\"@id\":\"https:\/\/www.estrategiaconcursos.com.br\/blog\/concurso-guarda-de-palmas-to-banca-esta-definida-e-sera-divulgada-em-breve\/#primaryimage\"},\"thumbnailUrl\":\"https:\/\/dhg1h5j42swfq.cloudfront.net\/2019\/03\/01160616\/Guarda-Palmas-nome-Jornalismo-e1554145584234.jpg\",\"datePublished\":\"2019-11-07T14:40:32+00:00\",\"dateModified\":\"2023-06-14T19:15:25+00:00\",\"breadcrumb\":{\"@id\":\"https:\/\/www.estrategiaconcursos.com.br\/blog\/concurso-guarda-de-palmas-to-banca-esta-definida-e-sera-divulgada-em-breve\/#breadcrumb\"},\"inLanguage\":\"pt-BR\",\"potentialAction\":[{\"@type\":\"ReadAction\",\"target\":[\"https:\/\/www.estrategiaconcursos.com.br\/blog\/concurso-guarda-de-palmas-to-banca-esta-definida-e-sera-divulgada-em-breve\/\"]}]},{\"@type\":\"ImageObject\",\"inLanguage\":\"pt-BR\",\"@id\":\"https:\/\/www.estrategiaconcursos.com.br\/blog\/concurso-guarda-de-palmas-to-banca-esta-definida-e-sera-divulgada-em-breve\/#primaryimage\",\"url\":\"https:\/\/dhg1h5j42swfq.cloudfront.net\/2019\/03\/01160616\/Guarda-Palmas-nome-Jornalismo-e1554145584234.jpg\",\"contentUrl\":\"https:\/\/dhg1h5j42swfq.cloudfront.net\/2019\/03\/01160616\/Guarda-Palmas-nome-Jornalismo-e1554145584234.jpg\",\"width\":400,\"height\":209,\"caption\":\"Concurso Guarda de Palmas\"},{\"@type\":\"BreadcrumbList\",\"@id\":\"https:\/\/www.estrategiaconcursos.com.br\/blog\/concurso-guarda-de-palmas-to-banca-esta-definida-e-sera-divulgada-em-breve\/#breadcrumb\",\"itemListElement\":[{\"@type\":\"ListItem\",\"position\":1,\"name\":\"In\u00edcio\",\"item\":\"https:\/\/www.estrategiaconcursos.com.br\/blog\/\"},{\"@type\":\"ListItem\",\"position\":2,\"name\":\"Concurso Guarda de Palmas TO: banca est\u00e1 definida e ser\u00e1 divulgada em breve\"}]},{\"@type\":\"WebSite\",\"@id\":\"https:\/\/www.estrategiaconcursos.com.br\/blog\/#website\",\"url\":\"https:\/\/www.estrategiaconcursos.com.br\/blog\/\",\"name\":\"Estrat\u00e9gia Concursos\",\"description\":\"O blog da Estrat\u00e9gia Concursos traz not\u00edcias sobre concursos e artigos de professores oferecendo cursos para concursos (pdf + videaulas) no site.\",\"publisher\":{\"@id\":\"https:\/\/www.estrategiaconcursos.com.br\/blog\/#organization\"},\"potentialAction\":[{\"@type\":\"SearchAction\",\"target\":{\"@type\":\"EntryPoint\",\"urlTemplate\":\"https:\/\/www.estrategiaconcursos.com.br\/blog\/?s={search_term_string}\"},\"query-input\":{\"@type\":\"PropertyValueSpecification\",\"valueRequired\":true,\"valueName\":\"search_term_string\"}}],\"inLanguage\":\"pt-BR\"},{\"@type\":\"Organization\",\"@id\":\"https:\/\/www.estrategiaconcursos.com.br\/blog\/#organization\",\"name\":\"Estrat\u00e9gia Concursos\",\"url\":\"https:\/\/www.estrategiaconcursos.com.br\/blog\/\",\"logo\":{\"@type\":\"ImageObject\",\"inLanguage\":\"pt-BR\",\"@id\":\"https:\/\/www.estrategiaconcursos.com.br\/blog\/#\/schema\/logo\/image\/\",\"url\":\"https:\/\/dhg1h5j42swfq.cloudfront.net\/2025\/06\/03203428\/logo_concursos-1.jpg\",\"contentUrl\":\"https:\/\/dhg1h5j42swfq.cloudfront.net\/2025\/06\/03203428\/logo_concursos-1.jpg\",\"width\":230,\"height\":60,\"caption\":\"Estrat\u00e9gia Concursos\"},\"image\":{\"@id\":\"https:\/\/www.estrategiaconcursos.com.br\/blog\/#\/schema\/logo\/image\/\"},\"sameAs\":[\"https:\/\/x.com\/EstratConcursos\"]},{\"@type\":\"Person\",\"@id\":\"https:\/\/www.estrategiaconcursos.com.br\/blog\/#\/schema\/person\/4ddc4a162b4fdffa2ea9956dbf62f583\",\"name\":\"S\u00e9rgio Mendes\",\"image\":{\"@type\":\"ImageObject\",\"inLanguage\":\"pt-BR\",\"@id\":\"https:\/\/secure.gravatar.com\/avatar\/4eb4b562c33f40d6f7f76579da7e07350c69579df7db305d32a69ed32ecfd5ce?s=96&d=mm&r=g\",\"url\":\"https:\/\/secure.gravatar.com\/avatar\/4eb4b562c33f40d6f7f76579da7e07350c69579df7db305d32a69ed32ecfd5ce?s=96&d=mm&r=g\",\"contentUrl\":\"https:\/\/secure.gravatar.com\/avatar\/4eb4b562c33f40d6f7f76579da7e07350c69579df7db305d32a69ed32ecfd5ce?s=96&d=mm&r=g\",\"caption\":\"S\u00e9rgio Mendes\"},\"sameAs\":[\"https:\/\/www.facebook.com\/profsergiomendes\"],\"url\":\"https:\/\/www.estrategiaconcursos.com.br\/blog\/author\/sergiomendesestrategiaconcursos-com-br\/\"}]}<\/script>\n<!-- \/ Yoast SEO Premium plugin. -->","yoast_head_json":{"title":"Concurso Guarda de Palmas TO: banca est\u00e1 definida e ser\u00e1 divulgada em breve","robots":{"index":"index","follow":"follow","max-snippet":"max-snippet:-1","max-image-preview":"max-image-preview:large","max-video-preview":"max-video-preview:-1"},"canonical":"https:\/\/www.estrategiaconcursos.com.br\/blog\/concurso-guarda-de-palmas-to-banca-esta-definida-e-sera-divulgada-em-breve\/","og_locale":"pt_BR","og_type":"article","og_title":"Concurso Guarda de Palmas TO: banca est\u00e1 definida e ser\u00e1 divulgada em breve","og_description":"O concurso Guarda de Palmas j\u00e1 tem banca organizadora definida e o edital est\u00e1 previsto para ser publicado at\u00e9 o final deste ano. A prefeitura de Palmas enviou esta semana a proposta da empresa para a Procuradoria Geral do Munic\u00edpio e do Controle Interno, segundo o \u00f3rg\u00e3o: Somente a partir da manifesta\u00e7\u00e3o desses \u00e9 que [&hellip;]","og_url":"https:\/\/www.estrategiaconcursos.com.br\/blog\/concurso-guarda-de-palmas-to-banca-esta-definida-e-sera-divulgada-em-breve\/","og_site_name":"Estrat\u00e9gia Concursos","article_author":"https:\/\/www.facebook.com\/profsergiomendes","article_published_time":"2019-11-07T14:40:32+00:00","article_modified_time":"2023-06-14T19:15:25+00:00","og_image":[{"width":400,"height":209,"url":"https:\/\/dhg1h5j42swfq.cloudfront.net\/2019\/03\/01160616\/Guarda-Palmas-nome-Jornalismo-e1554145584234.jpg","type":"image\/jpeg"}],"author":"S\u00e9rgio Mendes","twitter_card":"summary_large_image","twitter_creator":"@EstratConcursos","twitter_site":"@EstratConcursos","twitter_misc":{"Escrito por":"S\u00e9rgio Mendes","Est. tempo de leitura":"2 minutos"},"schema":{"@context":"https:\/\/schema.org","@graph":[{"@type":"NewsArticle","@id":"https:\/\/www.estrategiaconcursos.com.br\/blog\/concurso-guarda-de-palmas-to-banca-esta-definida-e-sera-divulgada-em-breve\/#article","isPartOf":{"@id":"https:\/\/www.estrategiaconcursos.com.br\/blog\/concurso-guarda-de-palmas-to-banca-esta-definida-e-sera-divulgada-em-breve\/"},"author":{"name":"S\u00e9rgio Mendes","@id":"https:\/\/www.estrategiaconcursos.com.br\/blog\/#\/schema\/person\/4ddc4a162b4fdffa2ea9956dbf62f583"},"headline":"Concurso Guarda de Palmas TO: banca est\u00e1 definida e ser\u00e1 divulgada em breve","datePublished":"2019-11-07T14:40:32+00:00","dateModified":"2023-06-14T19:15:25+00:00","mainEntityOfPage":{"@id":"https:\/\/www.estrategiaconcursos.com.br\/blog\/concurso-guarda-de-palmas-to-banca-esta-definida-e-sera-divulgada-em-breve\/"},"wordCount":397,"commentCount":0,"publisher":{"@id":"https:\/\/www.estrategiaconcursos.com.br\/blog\/#organization"},"image":{"@id":"https:\/\/www.estrategiaconcursos.com.br\/blog\/concurso-guarda-de-palmas-to-banca-esta-definida-e-sera-divulgada-em-breve\/#primaryimage"},"thumbnailUrl":"https:\/\/dhg1h5j42swfq.cloudfront.net\/2019\/03\/01160616\/Guarda-Palmas-nome-Jornalismo-e1554145584234.jpg","articleSection":["Concursos P\u00fablicos"],"inLanguage":"pt-BR","potentialAction":[{"@type":"CommentAction","name":"Comment","target":["https:\/\/www.estrategiaconcursos.com.br\/blog\/concurso-guarda-de-palmas-to-banca-esta-definida-e-sera-divulgada-em-breve\/#respond"]}],"copyrightYear":"2019","copyrightHolder":{"@id":"https:\/\/www.estrategiaconcursos.com.br\/blog\/#organization"}},{"@type":"WebPage","@id":"https:\/\/www.estrategiaconcursos.com.br\/blog\/concurso-guarda-de-palmas-to-banca-esta-definida-e-sera-divulgada-em-breve\/","url":"https:\/\/www.estrategiaconcursos.com.br\/blog\/concurso-guarda-de-palmas-to-banca-esta-definida-e-sera-divulgada-em-breve\/","name":"Concurso Guarda de Palmas TO: banca est\u00e1 definida e ser\u00e1 divulgada em breve","isPartOf":{"@id":"https:\/\/www.estrategiaconcursos.com.br\/blog\/#website"},"primaryImageOfPage":{"@id":"https:\/\/www.estrategiaconcursos.com.br\/blog\/concurso-guarda-de-palmas-to-banca-esta-definida-e-sera-divulgada-em-breve\/#primaryimage"},"image":{"@id":"https:\/\/www.estrategiaconcursos.com.br\/blog\/concurso-guarda-de-palmas-to-banca-esta-definida-e-sera-divulgada-em-breve\/#primaryimage"},"thumbnailUrl":"https:\/\/dhg1h5j42swfq.cloudfront.net\/2019\/03\/01160616\/Guarda-Palmas-nome-Jornalismo-e1554145584234.jpg","datePublished":"2019-11-07T14:40:32+00:00","dateModified":"2023-06-14T19:15:25+00:00","breadcrumb":{"@id":"https:\/\/www.estrategiaconcursos.com.br\/blog\/concurso-guarda-de-palmas-to-banca-esta-definida-e-sera-divulgada-em-breve\/#breadcrumb"},"inLanguage":"pt-BR","potentialAction":[{"@type":"ReadAction","target":["https:\/\/www.estrategiaconcursos.com.br\/blog\/concurso-guarda-de-palmas-to-banca-esta-definida-e-sera-divulgada-em-breve\/"]}]},{"@type":"ImageObject","inLanguage":"pt-BR","@id":"https:\/\/www.estrategiaconcursos.com.br\/blog\/concurso-guarda-de-palmas-to-banca-esta-definida-e-sera-divulgada-em-breve\/#primaryimage","url":"https:\/\/dhg1h5j42swfq.cloudfront.net\/2019\/03\/01160616\/Guarda-Palmas-nome-Jornalismo-e1554145584234.jpg","contentUrl":"https:\/\/dhg1h5j42swfq.cloudfront.net\/2019\/03\/01160616\/Guarda-Palmas-nome-Jornalismo-e1554145584234.jpg","width":400,"height":209,"caption":"Concurso Guarda de Palmas"},{"@type":"BreadcrumbList","@id":"https:\/\/www.estrategiaconcursos.com.br\/blog\/concurso-guarda-de-palmas-to-banca-esta-definida-e-sera-divulgada-em-breve\/#breadcrumb","itemListElement":[{"@type":"ListItem","position":1,"name":"In\u00edcio","item":"https:\/\/www.estrategiaconcursos.com.br\/blog\/"},{"@type":"ListItem","position":2,"name":"Concurso Guarda de Palmas TO: banca est\u00e1 definida e ser\u00e1 divulgada em breve"}]},{"@type":"WebSite","@id":"https:\/\/www.estrategiaconcursos.com.br\/blog\/#website","url":"https:\/\/www.estrategiaconcursos.com.br\/blog\/","name":"Estrat\u00e9gia Concursos","description":"O blog da Estrat\u00e9gia Concursos traz not\u00edcias sobre concursos e artigos de professores oferecendo cursos para concursos (pdf + videaulas) no site.","publisher":{"@id":"https:\/\/www.estrategiaconcursos.com.br\/blog\/#organization"},"potentialAction":[{"@type":"SearchAction","target":{"@type":"EntryPoint","urlTemplate":"https:\/\/www.estrategiaconcursos.com.br\/blog\/?s={search_term_string}"},"query-input":{"@type":"PropertyValueSpecification","valueRequired":true,"valueName":"search_term_string"}}],"inLanguage":"pt-BR"},{"@type":"Organization","@id":"https:\/\/www.estrategiaconcursos.com.br\/blog\/#organization","name":"Estrat\u00e9gia Concursos","url":"https:\/\/www.estrategiaconcursos.com.br\/blog\/","logo":{"@type":"ImageObject","inLanguage":"pt-BR","@id":"https:\/\/www.estrategiaconcursos.com.br\/blog\/#\/schema\/logo\/image\/","url":"https:\/\/dhg1h5j42swfq.cloudfront.net\/2025\/06\/03203428\/logo_concursos-1.jpg","contentUrl":"https:\/\/dhg1h5j42swfq.cloudfront.net\/2025\/06\/03203428\/logo_concursos-1.jpg","width":230,"height":60,"caption":"Estrat\u00e9gia Concursos"},"image":{"@id":"https:\/\/www.estrategiaconcursos.com.br\/blog\/#\/schema\/logo\/image\/"},"sameAs":["https:\/\/x.com\/EstratConcursos"]},{"@type":"Person","@id":"https:\/\/www.estrategiaconcursos.com.br\/blog\/#\/schema\/person\/4ddc4a162b4fdffa2ea9956dbf62f583","name":"S\u00e9rgio Mendes","image":{"@type":"ImageObject","inLanguage":"pt-BR","@id":"https:\/\/secure.gravatar.com\/avatar\/4eb4b562c33f40d6f7f76579da7e07350c69579df7db305d32a69ed32ecfd5ce?s=96&d=mm&r=g","url":"https:\/\/secure.gravatar.com\/avatar\/4eb4b562c33f40d6f7f76579da7e07350c69579df7db305d32a69ed32ecfd5ce?s=96&d=mm&r=g","contentUrl":"https:\/\/secure.gravatar.com\/avatar\/4eb4b562c33f40d6f7f76579da7e07350c69579df7db305d32a69ed32ecfd5ce?s=96&d=mm&r=g","caption":"S\u00e9rgio Mendes"},"sameAs":["https:\/\/www.facebook.com\/profsergiomendes"],"url":"https:\/\/www.estrategiaconcursos.com.br\/blog\/author\/sergiomendesestrategiaconcursos-com-br\/"}]}},"_links":{"self":[{"href":"https:\/\/www.estrategiaconcursos.com.br\/blog\/wp-json\/wp\/v2\/posts\/445150","targetHints":{"allow":["GET"]}}],"collection":[{"href":"https:\/\/www.estrategiaconcursos.com.br\/blog\/wp-json\/wp\/v2\/posts"}],"about":[{"href":"https:\/\/www.estrategiaconcursos.com.br\/blog\/wp-json\/wp\/v2\/types\/post"}],"author":[{"embeddable":true,"href":"https:\/\/www.estrategiaconcursos.com.br\/blog\/wp-json\/wp\/v2\/users\/29"}],"replies":[{"embeddable":true,"href":"https:\/\/www.estrategiaconcursos.com.br\/blog\/wp-json\/wp\/v2\/comments?post=445150"}],"version-history":[{"count":5,"href":"https:\/\/www.estrategiaconcursos.com.br\/blog\/wp-json\/wp\/v2\/posts\/445150\/revisions"}],"predecessor-version":[{"id":1232358,"href":"https:\/\/www.estrategiaconcursos.com.br\/blog\/wp-json\/wp\/v2\/posts\/445150\/revisions\/1232358"}],"wp:featuredmedia":[{"embeddable":true,"href":"https:\/\/www.estrategiaconcursos.com.br\/blog\/wp-json\/wp\/v2\/media\/175681"}],"wp:attachment":[{"href":"https:\/\/www.estrategiaconcursos.com.br\/blog\/wp-json\/wp\/v2\/media?parent=445150"}],"wp:term":[{"taxonomy":"category","embeddable":true,"href":"https:\/\/www.estrategiaconcursos.com.br\/blog\/wp-json\/wp\/v2\/categories?post=445150"},{"taxonomy":"post_tag","embeddable":true,"href":"https:\/\/www.estrategiaconcursos.com.br\/blog\/wp-json\/wp\/v2\/tags?post=445150"},{"taxonomy":"tax_estado","embeddable":true,"href":"https:\/\/www.estrategiaconcursos.com.br\/blog\/wp-json\/wp\/v2\/tax_estado?post=445150"}],"curies":[{"name":"wp","href":"https:\/\/api.w.org\/{rel}","templated":true}]}}