{"id":445042,"date":"2019-11-07T10:23:29","date_gmt":"2019-11-07T13:23:29","guid":{"rendered":"https:\/\/www.estrategiaconcursos.com.br\/blog\/?p=445042"},"modified":"2023-06-07T14:56:11","modified_gmt":"2023-06-07T17:56:11","slug":"aprovada-a-criacao-da-policia-penal-no-pais","status":"publish","type":"post","link":"https:\/\/www.estrategiaconcursos.com.br\/blog\/aprovada-a-criacao-da-policia-penal-no-pais\/","title":{"rendered":"Aprovada a cria\u00e7\u00e3o da pol\u00edcia penal no pa\u00eds"},"content":{"rendered":"\n<p>Na \u00faltima quarta-feira (6) foi aprovada na C\u00e2mara dos Deputados, em 2\u00ba turno, a PEC 372\/2017, proposta de emenda \u00e0 Constitui\u00e7\u00e3o Federal que cria as pol\u00edcias penais dos estados e do Distrito Federal.<\/p>\n\n\n\n<p>O objetivo da PEC, de autoria do senador C\u00e1ssio Cunha Lima, \u00e9 dar aos Agentes Penitenci\u00e1rios os mesmos direitos que os membros da pol\u00edcia civil possuem, ou seja, a carreira estar\u00e1 dentro do sistema p\u00fablico de seguran\u00e7a do pa\u00eds e ser\u00e1 transformada em carreira policial. <\/p>\n\n\n\n<p>Entre as responsabilidades da profiss\u00e3o est\u00e3o a escolta de presos e a seguran\u00e7a de estabelecimentos penais. O texto foi aprovado por 385 votos a 16 e ser\u00e1 enviado \u00e0 Comiss\u00e3o de Constitui\u00e7\u00e3o e Justi\u00e7a e de Cidadania (CCJ) para reda\u00e7\u00e3o final e posterior publica\u00e7\u00e3o da lei.<\/p>\n\n\n\n<p>As pol\u00edcias penais estar\u00e3o subordinadas aos Governadores dos Estados, do Distrito Federal e dos Territ\u00f3rios, assim como as pol\u00edcias civis.<\/p>\n\n\n\n<p>Segundo a PEC 372\/2017, a contrata\u00e7\u00e3o de servidores da pol\u00edcia penal ser\u00e1 feito por meio de concurso p\u00fablico da transforma\u00e7\u00e3o dos cargos isolados ou dos cargos de carreira dos atuais agentes penitenci\u00e1rios ou equivalentes. <\/p>\n\n\n\n<p>A emenda constitucional est\u00e1 dividindo opini\u00f5es, os defensores acrescentam que a noval lei vai trazer mais qualidade e reconhecimento para a profiss\u00e3o de Agente Penitenci\u00e1rio, como melhor remunera\u00e7\u00e3o e impediria a privatiza\u00e7\u00e3o do setor. <\/p>\n\n\n\n<p>No entanto, alguns especialistas defendem que a constru\u00e7\u00e3o de uma pol\u00edtica voltada para garantia de direitos deve passar por uma melhor organiza\u00e7\u00e3o sindical.<\/p>\n\n\n\n<p>Segundo o Relat\u00f3rio de 2014 do Departamento Penitenci\u00e1rio Nacional,&nbsp;h\u00e1 em m\u00e9dia uma propor\u00e7\u00e3o de oito pessoas presas para cada agente de cust\u00f3dia no Brasil numa taxa que n\u00e3o atende \u00e0 recomenda\u00e7\u00e3o do Conselho Nacional de Pol\u00edtica Criminal e Penitenci\u00e1ria (CNPCP) \u2013 que \u00e9 de um agente para cada cinco presos.&nbsp;  <\/p>\n\n\n\n<p><strong>Para os concurseiros de carreira policial preparamos um artigo completo com todos os concursos de seguran\u00e7a p\u00fablica do pa\u00eds que podem acontecer em 2019\/2020. N\u00e3o deixe de conferir! <\/strong><\/p>\n\n\n\n<p class=\"has-text-align-center has-luminous-vivid-amber-background-color has-background has-medium-font-size\"><a rel=\"noreferrer noopener\" aria-label=\"Artigo Concursos de Seguran\u00e7a P\u00fablica (abre numa nova aba)\" href=\"https:\/\/www.estrategiaconcursos.com.br\/blog\/concursos-de-policia\/\" target=\"_blank\"><strong>Artigo Concursos de Seguran\u00e7a P\u00fablica<\/strong><\/a><\/p>\n\n\n\n<p class=\"has-text-align-center has-very-light-gray-background-color has-background has-medium-font-size\"><a rel=\"noreferrer noopener\" aria-label=\" PEC 327\/2017 (abre numa nova aba)\" href=\"https:\/\/dhg1h5j42swfq.cloudfront.net\/2019\/11\/07095143\/PEC-372-2017.pdf\" target=\"_blank\"> <strong>PEC 327\/2017<\/strong><\/a><\/p>\n\n\n\n<p class=\"has-text-align-center has-luminous-vivid-amber-background-color has-background has-medium-font-size\"><em><strong><a rel=\"noreferrer noopener\" href=\"https:\/\/www.estrategiaconcursos.com.br\/cursos\/concurso\/\" target=\"_blank\">Cursos para concursos<\/a><\/strong><\/em><\/p>\n\n\n\n<p class=\"has-text-align-center\"><em><strong>Assinatura Anual Ilimitada*<\/strong><\/em><\/p>\n\n\n\n<p><em>Prepare-se com o melhor material e com quem mais aprova em&nbsp;Concursos P\u00fablicos de todo o pa\u00eds. Assine agora a nossa Assinatura Anual e tenha acesso ilimitado a todos os nossos cursos.<\/em><\/p>\n\n\n\n<p class=\"has-text-align-center has-light-green-cyan-background-color has-background\"><strong>ASSINE AGORA<\/strong>&nbsp;\u2013&nbsp;<a rel=\"noreferrer noopener\" href=\"https:\/\/www.estrategiaconcursos.com.br\/assinaturas\" target=\"_blank\"><strong>Assinatura Ilimitada<\/strong><\/a><\/p>\n\n\n\n<p class=\"has-text-align-center\"><strong><em>Fique por dentro dos concursos vigentes:<\/em><\/strong><\/p>\n\n\n\n<p class=\"has-text-align-center has-pale-cyan-blue-background-color has-background has-medium-font-size\"><strong><a href=\"https:\/\/www.estrategiaconcursos.com.br\/blog\/concursos-abertos\/\" target=\"_blank\" rel=\"noreferrer noopener\">CONCURSOS ABERTOS<\/a><\/strong><\/p>\n","protected":false},"excerpt":{"rendered":"<p>Na \u00faltima quarta-feira (6) foi aprovada na C\u00e2mara dos Deputados, em 2\u00ba turno, a PEC 372\/2017, proposta de emenda \u00e0 Constitui\u00e7\u00e3o Federal que cria as pol\u00edcias penais dos estados e do Distrito Federal. O objetivo da PEC, de autoria do senador C\u00e1ssio Cunha Lima, \u00e9 dar aos Agentes Penitenci\u00e1rios os mesmos direitos que os membros [&hellip;]<\/p>\n","protected":false},"author":552,"featured_media":445113,"comment_status":"open","ping_status":"closed","sticky":false,"template":"","format":"standard","meta":{"post_tipo":"article","footnotes":""},"categories":[1],"tags":[],"tax_estado":[],"class_list":["post-445042","post","type-post","status-publish","format-standard","has-post-thumbnail","hentry","category-cursos-e-concursos"],"acf":[],"yoast_head":"<!-- This site is optimized with the Yoast SEO Premium plugin v27.2 (Yoast SEO v27.2) - https:\/\/yoast.com\/product\/yoast-seo-premium-wordpress\/ -->\n<title>Aprovada a cria\u00e7\u00e3o da pol\u00edcia penal no pa\u00eds<\/title>\n<meta name=\"robots\" content=\"index, follow, max-snippet:-1, max-image-preview:large, max-video-preview:-1\" \/>\n<link rel=\"canonical\" href=\"https:\/\/www.estrategiaconcursos.com.br\/blog\/aprovada-a-criacao-da-policia-penal-no-pais\/\" \/>\n<meta property=\"og:locale\" content=\"pt_BR\" \/>\n<meta property=\"og:type\" content=\"article\" \/>\n<meta property=\"og:title\" content=\"Aprovada a cria\u00e7\u00e3o da pol\u00edcia penal no pa\u00eds\" \/>\n<meta property=\"og:description\" content=\"Na \u00faltima quarta-feira (6) foi aprovada na C\u00e2mara dos Deputados, em 2\u00ba turno, a PEC 372\/2017, proposta de emenda \u00e0 Constitui\u00e7\u00e3o Federal que cria as pol\u00edcias penais dos estados e do Distrito Federal. O objetivo da PEC, de autoria do senador C\u00e1ssio Cunha Lima, \u00e9 dar aos Agentes Penitenci\u00e1rios os mesmos direitos que os membros [&hellip;]\" \/>\n<meta property=\"og:url\" content=\"https:\/\/www.estrategiaconcursos.com.br\/blog\/aprovada-a-criacao-da-policia-penal-no-pais\/\" \/>\n<meta property=\"og:site_name\" content=\"Estrat\u00e9gia Concursos\" \/>\n<meta property=\"article:published_time\" content=\"2019-11-07T13:23:29+00:00\" \/>\n<meta property=\"article:modified_time\" content=\"2023-06-07T17:56:11+00:00\" \/>\n<meta property=\"og:image\" content=\"https:\/\/dhg1h5j42swfq.cloudfront.net\/2019\/11\/07102256\/policia-penal.jpg\" \/>\n\t<meta property=\"og:image:width\" content=\"1050\" \/>\n\t<meta property=\"og:image:height\" content=\"699\" \/>\n\t<meta property=\"og:image:type\" content=\"image\/jpeg\" \/>\n<meta name=\"author\" content=\"Paulo Bilynskyj\" \/>\n<meta name=\"twitter:card\" content=\"summary_large_image\" \/>\n<meta name=\"twitter:creator\" content=\"@EstratConcursos\" \/>\n<meta name=\"twitter:site\" content=\"@EstratConcursos\" \/>\n<meta name=\"twitter:label1\" content=\"Escrito por\" \/>\n\t<meta name=\"twitter:data1\" content=\"Paulo Bilynskyj\" \/>\n\t<meta name=\"twitter:label2\" content=\"Est. tempo de leitura\" \/>\n\t<meta name=\"twitter:data2\" content=\"2 minutos\" \/>\n<script type=\"application\/ld+json\" class=\"yoast-schema-graph\">{\"@context\":\"https:\/\/schema.org\",\"@graph\":[{\"@type\":\"NewsArticle\",\"@id\":\"https:\/\/www.estrategiaconcursos.com.br\/blog\/aprovada-a-criacao-da-policia-penal-no-pais\/#article\",\"isPartOf\":{\"@id\":\"https:\/\/www.estrategiaconcursos.com.br\/blog\/aprovada-a-criacao-da-policia-penal-no-pais\/\"},\"author\":{\"name\":\"Paulo Bilynskyj\",\"@id\":\"https:\/\/www.estrategiaconcursos.com.br\/blog\/#\/schema\/person\/a630b15e36f45b4c21fed01219843cb5\"},\"headline\":\"Aprovada a cria\u00e7\u00e3o da pol\u00edcia penal no pa\u00eds\",\"datePublished\":\"2019-11-07T13:23:29+00:00\",\"dateModified\":\"2023-06-07T17:56:11+00:00\",\"mainEntityOfPage\":{\"@id\":\"https:\/\/www.estrategiaconcursos.com.br\/blog\/aprovada-a-criacao-da-policia-penal-no-pais\/\"},\"wordCount\":423,\"commentCount\":3,\"publisher\":{\"@id\":\"https:\/\/www.estrategiaconcursos.com.br\/blog\/#organization\"},\"image\":{\"@id\":\"https:\/\/www.estrategiaconcursos.com.br\/blog\/aprovada-a-criacao-da-policia-penal-no-pais\/#primaryimage\"},\"thumbnailUrl\":\"https:\/\/dhg1h5j42swfq.cloudfront.net\/2019\/11\/07102256\/policia-penal.jpg\",\"articleSection\":[\"Concursos P\u00fablicos\"],\"inLanguage\":\"pt-BR\",\"potentialAction\":[{\"@type\":\"CommentAction\",\"name\":\"Comment\",\"target\":[\"https:\/\/www.estrategiaconcursos.com.br\/blog\/aprovada-a-criacao-da-policia-penal-no-pais\/#respond\"]}],\"copyrightYear\":\"2019\",\"copyrightHolder\":{\"@id\":\"https:\/\/www.estrategiaconcursos.com.br\/blog\/#organization\"}},{\"@type\":\"WebPage\",\"@id\":\"https:\/\/www.estrategiaconcursos.com.br\/blog\/aprovada-a-criacao-da-policia-penal-no-pais\/\",\"url\":\"https:\/\/www.estrategiaconcursos.com.br\/blog\/aprovada-a-criacao-da-policia-penal-no-pais\/\",\"name\":\"Aprovada a cria\u00e7\u00e3o da pol\u00edcia penal no pa\u00eds\",\"isPartOf\":{\"@id\":\"https:\/\/www.estrategiaconcursos.com.br\/blog\/#website\"},\"primaryImageOfPage\":{\"@id\":\"https:\/\/www.estrategiaconcursos.com.br\/blog\/aprovada-a-criacao-da-policia-penal-no-pais\/#primaryimage\"},\"image\":{\"@id\":\"https:\/\/www.estrategiaconcursos.com.br\/blog\/aprovada-a-criacao-da-policia-penal-no-pais\/#primaryimage\"},\"thumbnailUrl\":\"https:\/\/dhg1h5j42swfq.cloudfront.net\/2019\/11\/07102256\/policia-penal.jpg\",\"datePublished\":\"2019-11-07T13:23:29+00:00\",\"dateModified\":\"2023-06-07T17:56:11+00:00\",\"breadcrumb\":{\"@id\":\"https:\/\/www.estrategiaconcursos.com.br\/blog\/aprovada-a-criacao-da-policia-penal-no-pais\/#breadcrumb\"},\"inLanguage\":\"pt-BR\",\"potentialAction\":[{\"@type\":\"ReadAction\",\"target\":[\"https:\/\/www.estrategiaconcursos.com.br\/blog\/aprovada-a-criacao-da-policia-penal-no-pais\/\"]}]},{\"@type\":\"ImageObject\",\"inLanguage\":\"pt-BR\",\"@id\":\"https:\/\/www.estrategiaconcursos.com.br\/blog\/aprovada-a-criacao-da-policia-penal-no-pais\/#primaryimage\",\"url\":\"https:\/\/dhg1h5j42swfq.cloudfront.net\/2019\/11\/07102256\/policia-penal.jpg\",\"contentUrl\":\"https:\/\/dhg1h5j42swfq.cloudfront.net\/2019\/11\/07102256\/policia-penal.jpg\",\"width\":1050,\"height\":699,\"caption\":\"agepen\"},{\"@type\":\"BreadcrumbList\",\"@id\":\"https:\/\/www.estrategiaconcursos.com.br\/blog\/aprovada-a-criacao-da-policia-penal-no-pais\/#breadcrumb\",\"itemListElement\":[{\"@type\":\"ListItem\",\"position\":1,\"name\":\"In\u00edcio\",\"item\":\"https:\/\/www.estrategiaconcursos.com.br\/blog\/\"},{\"@type\":\"ListItem\",\"position\":2,\"name\":\"Aprovada a cria\u00e7\u00e3o da pol\u00edcia penal no pa\u00eds\"}]},{\"@type\":\"WebSite\",\"@id\":\"https:\/\/www.estrategiaconcursos.com.br\/blog\/#website\",\"url\":\"https:\/\/www.estrategiaconcursos.com.br\/blog\/\",\"name\":\"Estrat\u00e9gia Concursos\",\"description\":\"O blog da Estrat\u00e9gia Concursos traz not\u00edcias sobre concursos e artigos de professores oferecendo cursos para concursos (pdf + videaulas) no site.\",\"publisher\":{\"@id\":\"https:\/\/www.estrategiaconcursos.com.br\/blog\/#organization\"},\"potentialAction\":[{\"@type\":\"SearchAction\",\"target\":{\"@type\":\"EntryPoint\",\"urlTemplate\":\"https:\/\/www.estrategiaconcursos.com.br\/blog\/?s={search_term_string}\"},\"query-input\":{\"@type\":\"PropertyValueSpecification\",\"valueRequired\":true,\"valueName\":\"search_term_string\"}}],\"inLanguage\":\"pt-BR\"},{\"@type\":\"Organization\",\"@id\":\"https:\/\/www.estrategiaconcursos.com.br\/blog\/#organization\",\"name\":\"Estrat\u00e9gia Concursos\",\"url\":\"https:\/\/www.estrategiaconcursos.com.br\/blog\/\",\"logo\":{\"@type\":\"ImageObject\",\"inLanguage\":\"pt-BR\",\"@id\":\"https:\/\/www.estrategiaconcursos.com.br\/blog\/#\/schema\/logo\/image\/\",\"url\":\"https:\/\/dhg1h5j42swfq.cloudfront.net\/2025\/06\/03203428\/logo_concursos-1.jpg\",\"contentUrl\":\"https:\/\/dhg1h5j42swfq.cloudfront.net\/2025\/06\/03203428\/logo_concursos-1.jpg\",\"width\":230,\"height\":60,\"caption\":\"Estrat\u00e9gia Concursos\"},\"image\":{\"@id\":\"https:\/\/www.estrategiaconcursos.com.br\/blog\/#\/schema\/logo\/image\/\"},\"sameAs\":[\"https:\/\/x.com\/EstratConcursos\"]},{\"@type\":\"Person\",\"@id\":\"https:\/\/www.estrategiaconcursos.com.br\/blog\/#\/schema\/person\/a630b15e36f45b4c21fed01219843cb5\",\"name\":\"Paulo Bilynskyj\",\"image\":{\"@type\":\"ImageObject\",\"inLanguage\":\"pt-BR\",\"@id\":\"https:\/\/secure.gravatar.com\/avatar\/37e21f70c9042e7456beffdc6d31fe051f3f6dcbf252f69343a791b144852057?s=96&d=mm&r=g\",\"url\":\"https:\/\/secure.gravatar.com\/avatar\/37e21f70c9042e7456beffdc6d31fe051f3f6dcbf252f69343a791b144852057?s=96&d=mm&r=g\",\"contentUrl\":\"https:\/\/secure.gravatar.com\/avatar\/37e21f70c9042e7456beffdc6d31fe051f3f6dcbf252f69343a791b144852057?s=96&d=mm&r=g\",\"caption\":\"Paulo Bilynskyj\"},\"url\":\"https:\/\/www.estrategiaconcursos.com.br\/blog\/author\/pbilynskyjgmail-com\/\"}]}<\/script>\n<!-- \/ Yoast SEO Premium plugin. -->","yoast_head_json":{"title":"Aprovada a cria\u00e7\u00e3o da pol\u00edcia penal no pa\u00eds","robots":{"index":"index","follow":"follow","max-snippet":"max-snippet:-1","max-image-preview":"max-image-preview:large","max-video-preview":"max-video-preview:-1"},"canonical":"https:\/\/www.estrategiaconcursos.com.br\/blog\/aprovada-a-criacao-da-policia-penal-no-pais\/","og_locale":"pt_BR","og_type":"article","og_title":"Aprovada a cria\u00e7\u00e3o da pol\u00edcia penal no pa\u00eds","og_description":"Na \u00faltima quarta-feira (6) foi aprovada na C\u00e2mara dos Deputados, em 2\u00ba turno, a PEC 372\/2017, proposta de emenda \u00e0 Constitui\u00e7\u00e3o Federal que cria as pol\u00edcias penais dos estados e do Distrito Federal. O objetivo da PEC, de autoria do senador C\u00e1ssio Cunha Lima, \u00e9 dar aos Agentes Penitenci\u00e1rios os mesmos direitos que os membros [&hellip;]","og_url":"https:\/\/www.estrategiaconcursos.com.br\/blog\/aprovada-a-criacao-da-policia-penal-no-pais\/","og_site_name":"Estrat\u00e9gia Concursos","article_published_time":"2019-11-07T13:23:29+00:00","article_modified_time":"2023-06-07T17:56:11+00:00","og_image":[{"width":1050,"height":699,"url":"https:\/\/dhg1h5j42swfq.cloudfront.net\/2019\/11\/07102256\/policia-penal.jpg","type":"image\/jpeg"}],"author":"Paulo Bilynskyj","twitter_card":"summary_large_image","twitter_creator":"@EstratConcursos","twitter_site":"@EstratConcursos","twitter_misc":{"Escrito por":"Paulo Bilynskyj","Est. tempo de leitura":"2 minutos"},"schema":{"@context":"https:\/\/schema.org","@graph":[{"@type":"NewsArticle","@id":"https:\/\/www.estrategiaconcursos.com.br\/blog\/aprovada-a-criacao-da-policia-penal-no-pais\/#article","isPartOf":{"@id":"https:\/\/www.estrategiaconcursos.com.br\/blog\/aprovada-a-criacao-da-policia-penal-no-pais\/"},"author":{"name":"Paulo Bilynskyj","@id":"https:\/\/www.estrategiaconcursos.com.br\/blog\/#\/schema\/person\/a630b15e36f45b4c21fed01219843cb5"},"headline":"Aprovada a cria\u00e7\u00e3o da pol\u00edcia penal no pa\u00eds","datePublished":"2019-11-07T13:23:29+00:00","dateModified":"2023-06-07T17:56:11+00:00","mainEntityOfPage":{"@id":"https:\/\/www.estrategiaconcursos.com.br\/blog\/aprovada-a-criacao-da-policia-penal-no-pais\/"},"wordCount":423,"commentCount":3,"publisher":{"@id":"https:\/\/www.estrategiaconcursos.com.br\/blog\/#organization"},"image":{"@id":"https:\/\/www.estrategiaconcursos.com.br\/blog\/aprovada-a-criacao-da-policia-penal-no-pais\/#primaryimage"},"thumbnailUrl":"https:\/\/dhg1h5j42swfq.cloudfront.net\/2019\/11\/07102256\/policia-penal.jpg","articleSection":["Concursos P\u00fablicos"],"inLanguage":"pt-BR","potentialAction":[{"@type":"CommentAction","name":"Comment","target":["https:\/\/www.estrategiaconcursos.com.br\/blog\/aprovada-a-criacao-da-policia-penal-no-pais\/#respond"]}],"copyrightYear":"2019","copyrightHolder":{"@id":"https:\/\/www.estrategiaconcursos.com.br\/blog\/#organization"}},{"@type":"WebPage","@id":"https:\/\/www.estrategiaconcursos.com.br\/blog\/aprovada-a-criacao-da-policia-penal-no-pais\/","url":"https:\/\/www.estrategiaconcursos.com.br\/blog\/aprovada-a-criacao-da-policia-penal-no-pais\/","name":"Aprovada a cria\u00e7\u00e3o da pol\u00edcia penal no pa\u00eds","isPartOf":{"@id":"https:\/\/www.estrategiaconcursos.com.br\/blog\/#website"},"primaryImageOfPage":{"@id":"https:\/\/www.estrategiaconcursos.com.br\/blog\/aprovada-a-criacao-da-policia-penal-no-pais\/#primaryimage"},"image":{"@id":"https:\/\/www.estrategiaconcursos.com.br\/blog\/aprovada-a-criacao-da-policia-penal-no-pais\/#primaryimage"},"thumbnailUrl":"https:\/\/dhg1h5j42swfq.cloudfront.net\/2019\/11\/07102256\/policia-penal.jpg","datePublished":"2019-11-07T13:23:29+00:00","dateModified":"2023-06-07T17:56:11+00:00","breadcrumb":{"@id":"https:\/\/www.estrategiaconcursos.com.br\/blog\/aprovada-a-criacao-da-policia-penal-no-pais\/#breadcrumb"},"inLanguage":"pt-BR","potentialAction":[{"@type":"ReadAction","target":["https:\/\/www.estrategiaconcursos.com.br\/blog\/aprovada-a-criacao-da-policia-penal-no-pais\/"]}]},{"@type":"ImageObject","inLanguage":"pt-BR","@id":"https:\/\/www.estrategiaconcursos.com.br\/blog\/aprovada-a-criacao-da-policia-penal-no-pais\/#primaryimage","url":"https:\/\/dhg1h5j42swfq.cloudfront.net\/2019\/11\/07102256\/policia-penal.jpg","contentUrl":"https:\/\/dhg1h5j42swfq.cloudfront.net\/2019\/11\/07102256\/policia-penal.jpg","width":1050,"height":699,"caption":"agepen"},{"@type":"BreadcrumbList","@id":"https:\/\/www.estrategiaconcursos.com.br\/blog\/aprovada-a-criacao-da-policia-penal-no-pais\/#breadcrumb","itemListElement":[{"@type":"ListItem","position":1,"name":"In\u00edcio","item":"https:\/\/www.estrategiaconcursos.com.br\/blog\/"},{"@type":"ListItem","position":2,"name":"Aprovada a cria\u00e7\u00e3o da pol\u00edcia penal no pa\u00eds"}]},{"@type":"WebSite","@id":"https:\/\/www.estrategiaconcursos.com.br\/blog\/#website","url":"https:\/\/www.estrategiaconcursos.com.br\/blog\/","name":"Estrat\u00e9gia Concursos","description":"O blog da Estrat\u00e9gia Concursos traz not\u00edcias sobre concursos e artigos de professores oferecendo cursos para concursos (pdf + videaulas) no site.","publisher":{"@id":"https:\/\/www.estrategiaconcursos.com.br\/blog\/#organization"},"potentialAction":[{"@type":"SearchAction","target":{"@type":"EntryPoint","urlTemplate":"https:\/\/www.estrategiaconcursos.com.br\/blog\/?s={search_term_string}"},"query-input":{"@type":"PropertyValueSpecification","valueRequired":true,"valueName":"search_term_string"}}],"inLanguage":"pt-BR"},{"@type":"Organization","@id":"https:\/\/www.estrategiaconcursos.com.br\/blog\/#organization","name":"Estrat\u00e9gia Concursos","url":"https:\/\/www.estrategiaconcursos.com.br\/blog\/","logo":{"@type":"ImageObject","inLanguage":"pt-BR","@id":"https:\/\/www.estrategiaconcursos.com.br\/blog\/#\/schema\/logo\/image\/","url":"https:\/\/dhg1h5j42swfq.cloudfront.net\/2025\/06\/03203428\/logo_concursos-1.jpg","contentUrl":"https:\/\/dhg1h5j42swfq.cloudfront.net\/2025\/06\/03203428\/logo_concursos-1.jpg","width":230,"height":60,"caption":"Estrat\u00e9gia Concursos"},"image":{"@id":"https:\/\/www.estrategiaconcursos.com.br\/blog\/#\/schema\/logo\/image\/"},"sameAs":["https:\/\/x.com\/EstratConcursos"]},{"@type":"Person","@id":"https:\/\/www.estrategiaconcursos.com.br\/blog\/#\/schema\/person\/a630b15e36f45b4c21fed01219843cb5","name":"Paulo Bilynskyj","image":{"@type":"ImageObject","inLanguage":"pt-BR","@id":"https:\/\/secure.gravatar.com\/avatar\/37e21f70c9042e7456beffdc6d31fe051f3f6dcbf252f69343a791b144852057?s=96&d=mm&r=g","url":"https:\/\/secure.gravatar.com\/avatar\/37e21f70c9042e7456beffdc6d31fe051f3f6dcbf252f69343a791b144852057?s=96&d=mm&r=g","contentUrl":"https:\/\/secure.gravatar.com\/avatar\/37e21f70c9042e7456beffdc6d31fe051f3f6dcbf252f69343a791b144852057?s=96&d=mm&r=g","caption":"Paulo Bilynskyj"},"url":"https:\/\/www.estrategiaconcursos.com.br\/blog\/author\/pbilynskyjgmail-com\/"}]}},"_links":{"self":[{"href":"https:\/\/www.estrategiaconcursos.com.br\/blog\/wp-json\/wp\/v2\/posts\/445042","targetHints":{"allow":["GET"]}}],"collection":[{"href":"https:\/\/www.estrategiaconcursos.com.br\/blog\/wp-json\/wp\/v2\/posts"}],"about":[{"href":"https:\/\/www.estrategiaconcursos.com.br\/blog\/wp-json\/wp\/v2\/types\/post"}],"author":[{"embeddable":true,"href":"https:\/\/www.estrategiaconcursos.com.br\/blog\/wp-json\/wp\/v2\/users\/552"}],"replies":[{"embeddable":true,"href":"https:\/\/www.estrategiaconcursos.com.br\/blog\/wp-json\/wp\/v2\/comments?post=445042"}],"version-history":[{"count":6,"href":"https:\/\/www.estrategiaconcursos.com.br\/blog\/wp-json\/wp\/v2\/posts\/445042\/revisions"}],"predecessor-version":[{"id":1229225,"href":"https:\/\/www.estrategiaconcursos.com.br\/blog\/wp-json\/wp\/v2\/posts\/445042\/revisions\/1229225"}],"wp:featuredmedia":[{"embeddable":true,"href":"https:\/\/www.estrategiaconcursos.com.br\/blog\/wp-json\/wp\/v2\/media\/445113"}],"wp:attachment":[{"href":"https:\/\/www.estrategiaconcursos.com.br\/blog\/wp-json\/wp\/v2\/media?parent=445042"}],"wp:term":[{"taxonomy":"category","embeddable":true,"href":"https:\/\/www.estrategiaconcursos.com.br\/blog\/wp-json\/wp\/v2\/categories?post=445042"},{"taxonomy":"post_tag","embeddable":true,"href":"https:\/\/www.estrategiaconcursos.com.br\/blog\/wp-json\/wp\/v2\/tags?post=445042"},{"taxonomy":"tax_estado","embeddable":true,"href":"https:\/\/www.estrategiaconcursos.com.br\/blog\/wp-json\/wp\/v2\/tax_estado?post=445042"}],"curies":[{"name":"wp","href":"https:\/\/api.w.org\/{rel}","templated":true}]}}