{"id":445036,"date":"2019-11-07T10:18:57","date_gmt":"2019-11-07T13:18:57","guid":{"rendered":"https:\/\/www.estrategiaconcursos.com.br\/blog\/?p=445036"},"modified":"2019-11-07T10:19:00","modified_gmt":"2019-11-07T13:19:00","slug":"concurso-fundacao-saude-rjcomissao-especial-e-formada-para-novo-certame","status":"publish","type":"post","link":"https:\/\/www.estrategiaconcursos.com.br\/blog\/concurso-fundacao-saude-rjcomissao-especial-e-formada-para-novo-certame\/","title":{"rendered":"Concurso Funda\u00e7\u00e3o Sa\u00fade RJ:Comiss\u00e3o Especial \u00e9 formada para novo certame"},"content":{"rendered":"\n<p>Foi publicado na \u00faltima ter\u00e7a-feira, 7 de novembro,  a Comiss\u00e3o Especial para o concurso da Funda\u00e7\u00e3o Sa\u00fade do Estado do Rio de Janeiro.<\/p>\n\n\n\n<p>A Comiss\u00e3o ser\u00e1 respons\u00e1vel pela organiza\u00e7\u00e3o do concurso e elabora\u00e7\u00e3o do edital simplificado da Funda\u00e7\u00e3o Sa\u00fade.<\/p>\n\n\n\n<p>Comp\u00f5em a Comiss\u00e3o os seguintes membros:<\/p>\n\n\n\n<p><strong>Comiss\u00e3o I<\/strong><\/p>\n\n\n\n<ul class=\"wp-block-list\"><li><em> <strong>Presidente da Comiss\u00e3o: <\/strong><\/em><\/li><li><em>VERA LUCIA NEVES MARRA<\/em><\/li><li><em><strong>Membros:<\/strong><\/em><\/li><li><em>MARCIA MARIA VILLA NOVA DA SILVA<\/em><\/li><li><em>ISABELLE CAVALCANTE MURY <\/em><\/li><li><em>ANA PAULA DE ALMEIDA QUEIROZ<\/em><\/li><li><em>MILENA SIQUEIRA ELIAS<\/em><\/li><\/ul>\n\n\n\n<p><strong>Comiss\u00e3o II<\/strong><\/p>\n\n\n\n<ul class=\"wp-block-list\"><li><strong><em>Presidente da Comiss\u00e3o: <\/em><\/strong><\/li><li><em>GLEIDSON MONTEIRO BARROS DA SILVA<\/em><\/li><li><strong><em>Membros <\/em><\/strong><\/li><li><em>GABRIEL MAGALHAES DE SOUZA, <\/em><\/li><li><em>MICHELE VIEIRA DE OLIVEIRA NASCIMENTO <\/em><\/li><\/ul>\n\n\n\n<p>Anteriormente, no final de outubro, o governador Wilson Witzel havia autorizado um novo concurso para a Funda\u00e7\u00e3o Sa\u00fade com <a href=\"https:\/\/www.estrategiaconcursos.com.br\/blog\/concurso-fundacao-saude-rj\/\">1.791 vagas<\/a>.<\/p>\n\n\n\n<p>As oportunidades ser\u00e3o distribu\u00eddas da seguinte forma:<\/p>\n\n\n\n<ul class=\"wp-block-list\"><li><em>Assistentes Sociais (24 vagas)<\/em><\/li><li><em>Bi\u00f3logos em especialidades a serem definidas (25 vagas)<\/em><\/li><li><em>Enfermeiros em especialidades a serem definidas (251 vagas)<\/em><\/li><li><em>Engenheiro de Seguran\u00e7a do Trabalho (1 vaga)<\/em><\/li><li><em>Farmac\u00eauticos (36 vagas)<\/em><\/li><li><em>F\u00edsico Nuclear (1 vaga)<\/em><\/li><li><em>Fonoaudi\u00f3logos (9 vagas)<\/em><\/li><li><em>M\u00e9dicos em especialidades a serem definidas (549 vagas) no 14 Nutricionistas (14 vagas)<\/em><\/li><li><em>Odont\u00f3logos (4 vagas)<\/em><\/li><li><em>Psic\u00f3logos (10 vagas)<\/em><\/li><li><em>Qu\u00edmicos ( 3 vagas)<\/em><\/li><li><em>T\u00e9cnicos de Enfermagem (747 vagas)<\/em><\/li><li><em>T\u00e9cnico de Farm\u00e1cia (44 vagas)<\/em><\/li><li><em>T\u00e9cnicos de Laborat\u00f3rio em especialidades a serem definidas (67 vagas)<\/em><\/li><li><em>T\u00e9cnicos em Sa\u00fade Bucal (6 vagas)<\/em><\/li><\/ul>\n\n\n\n<p style=\"text-align:center\" class=\"has-background has-very-light-gray-background-color\"><strong>Saiba mais: <a href=\"https:\/\/www.estrategiaconcursos.com.br\/blog\/concurso-fundacao-saude-rj\/\" target=\"_blank\" rel=\"noreferrer noopener\" aria-label=\"Funda\u00e7\u00e3o Sa\u00fade RJ (abre numa nova aba)\">Funda\u00e7\u00e3o Sa\u00fade RJ<\/a><\/strong><\/p>\n\n\n\n<p style=\"text-align:center\" class=\"has-background has-luminous-vivid-amber-background-color\"><a rel=\"noreferrer noopener\" href=\"https:\/\/www.estrategiaconcursos.com.br\/cursos\/concurso\/\" target=\"_blank\"><strong>CURSOS FUNDA\u00c7\u00c3O SA\u00daDE RJ<\/strong><\/a><\/p>\n\n\n\n<p style=\"text-align:center\"><em><strong>Assinatura Anual Ilimitada*<\/strong><\/em><\/p>\n\n\n\n<p style=\"text-align:center\"><em>Prepare-se com o melhor material e com quem mais aprova em&nbsp;Concursos P\u00fablicos de todo o pa\u00eds. Assine agora a nossa Assinatura Anual e tenha acesso ilimitado* a todos os nossos cursos.<\/em><\/p>\n\n\n\n<p style=\"text-align:center\" class=\"has-background has-light-green-cyan-background-color\"><strong>ASSINE AGORA<\/strong>&nbsp;\u2013&nbsp;<a rel=\"noreferrer noopener\" href=\"https:\/\/www.estrategiaconcursos.com.br\/assinaturas\" target=\"_blank\"><strong>Assinatura Ilimitada<\/strong><\/a><\/p>\n\n\n\n<p style=\"text-align:center\" class=\"has-background has-pale-cyan-blue-background-color\"><strong><a href=\"https:\/\/www.estrategiaconcursos.com.br\/blog\/concursos-abertos\/\">CONCURSOS ABERTOS<\/a><\/strong><\/p>\n\n\n\n<p style=\"text-align:center\" class=\"has-background has-pale-cyan-blue-background-color\"><a href=\"https:\/\/www.estrategiaconcursos.com.br\/blog\/concursos-2019\/\"><strong>CONCURSOS 2019<\/strong><\/a><\/p>\n\n\n\n<p style=\"text-align:center\" class=\"has-background has-pale-cyan-blue-background-color\"><a href=\"https:\/\/www.estrategiaconcursos.com.br\/blog\/concursos-2020\/\"><strong>CONCURSOS<\/strong><\/a><strong><a href=\"https:\/\/www.estrategiaconcursos.com.br\/blog\/concursos-2020\/\">&nbsp;2020<\/a><\/strong><\/p>\n","protected":false},"excerpt":{"rendered":"<p>Foi publicado na \u00faltima ter\u00e7a-feira, 7 de novembro, a Comiss\u00e3o Especial para o concurso da Funda\u00e7\u00e3o Sa\u00fade do Estado do Rio de Janeiro. A Comiss\u00e3o ser\u00e1 respons\u00e1vel pela organiza\u00e7\u00e3o do concurso e elabora\u00e7\u00e3o do edital simplificado da Funda\u00e7\u00e3o Sa\u00fade. Comp\u00f5em a Comiss\u00e3o os seguintes membros: Comiss\u00e3o I Presidente da Comiss\u00e3o: VERA LUCIA NEVES MARRA Membros: [&hellip;]<\/p>\n","protected":false},"author":561,"featured_media":0,"comment_status":"open","ping_status":"closed","sticky":false,"template":"","format":"standard","meta":{"post_tipo":"article","footnotes":""},"categories":[1],"tags":[],"tax_estado":[],"class_list":["post-445036","post","type-post","status-publish","format-standard","hentry","category-cursos-e-concursos"],"acf":[],"yoast_head":"<!-- This site is optimized with the Yoast SEO Premium plugin v27.2 (Yoast SEO v27.2) - https:\/\/yoast.com\/product\/yoast-seo-premium-wordpress\/ -->\n<title>Concurso Funda\u00e7\u00e3o Sa\u00fade RJ:Comiss\u00e3o Especial \u00e9 formada para novo certame<\/title>\n<meta name=\"robots\" content=\"index, follow, max-snippet:-1, max-image-preview:large, max-video-preview:-1\" \/>\n<link rel=\"canonical\" href=\"https:\/\/www.estrategiaconcursos.com.br\/blog\/concurso-fundacao-saude-rjcomissao-especial-e-formada-para-novo-certame\/\" \/>\n<meta property=\"og:locale\" content=\"pt_BR\" \/>\n<meta property=\"og:type\" content=\"article\" \/>\n<meta property=\"og:title\" content=\"Concurso Funda\u00e7\u00e3o Sa\u00fade RJ:Comiss\u00e3o Especial \u00e9 formada para novo certame\" \/>\n<meta property=\"og:description\" content=\"Foi publicado na \u00faltima ter\u00e7a-feira, 7 de novembro, a Comiss\u00e3o Especial para o concurso da Funda\u00e7\u00e3o Sa\u00fade do Estado do Rio de Janeiro. A Comiss\u00e3o ser\u00e1 respons\u00e1vel pela organiza\u00e7\u00e3o do concurso e elabora\u00e7\u00e3o do edital simplificado da Funda\u00e7\u00e3o Sa\u00fade. Comp\u00f5em a Comiss\u00e3o os seguintes membros: Comiss\u00e3o I Presidente da Comiss\u00e3o: VERA LUCIA NEVES MARRA Membros: [&hellip;]\" \/>\n<meta property=\"og:url\" content=\"https:\/\/www.estrategiaconcursos.com.br\/blog\/concurso-fundacao-saude-rjcomissao-especial-e-formada-para-novo-certame\/\" \/>\n<meta property=\"og:site_name\" content=\"Estrat\u00e9gia Concursos\" \/>\n<meta property=\"article:published_time\" content=\"2019-11-07T13:18:57+00:00\" \/>\n<meta property=\"article:modified_time\" content=\"2019-11-07T13:19:00+00:00\" \/>\n<meta name=\"author\" content=\"Ligia Carvalheiro Fernandes\" \/>\n<meta name=\"twitter:card\" content=\"summary_large_image\" \/>\n<meta name=\"twitter:creator\" content=\"@EstratConcursos\" \/>\n<meta name=\"twitter:site\" content=\"@EstratConcursos\" \/>\n<meta name=\"twitter:label1\" content=\"Escrito por\" \/>\n\t<meta name=\"twitter:data1\" content=\"Ligia Carvalheiro Fernandes\" \/>\n\t<meta name=\"twitter:label2\" content=\"Est. tempo de leitura\" \/>\n\t<meta name=\"twitter:data2\" content=\"1 minuto\" \/>\n<script type=\"application\/ld+json\" class=\"yoast-schema-graph\">{\"@context\":\"https:\/\/schema.org\",\"@graph\":[{\"@type\":\"NewsArticle\",\"@id\":\"https:\/\/www.estrategiaconcursos.com.br\/blog\/concurso-fundacao-saude-rjcomissao-especial-e-formada-para-novo-certame\/#article\",\"isPartOf\":{\"@id\":\"https:\/\/www.estrategiaconcursos.com.br\/blog\/concurso-fundacao-saude-rjcomissao-especial-e-formada-para-novo-certame\/\"},\"author\":{\"name\":\"Ligia Carvalheiro Fernandes\",\"@id\":\"https:\/\/www.estrategiaconcursos.com.br\/blog\/#\/schema\/person\/cc76e9dac392d5e35e7d00c493eee792\"},\"headline\":\"Concurso Funda\u00e7\u00e3o Sa\u00fade RJ:Comiss\u00e3o Especial \u00e9 formada para novo certame\",\"datePublished\":\"2019-11-07T13:18:57+00:00\",\"dateModified\":\"2019-11-07T13:19:00+00:00\",\"mainEntityOfPage\":{\"@id\":\"https:\/\/www.estrategiaconcursos.com.br\/blog\/concurso-fundacao-saude-rjcomissao-especial-e-formada-para-novo-certame\/\"},\"wordCount\":297,\"commentCount\":0,\"publisher\":{\"@id\":\"https:\/\/www.estrategiaconcursos.com.br\/blog\/#organization\"},\"articleSection\":[\"Concursos P\u00fablicos\"],\"inLanguage\":\"pt-BR\",\"potentialAction\":[{\"@type\":\"CommentAction\",\"name\":\"Comment\",\"target\":[\"https:\/\/www.estrategiaconcursos.com.br\/blog\/concurso-fundacao-saude-rjcomissao-especial-e-formada-para-novo-certame\/#respond\"]}],\"copyrightYear\":\"2019\",\"copyrightHolder\":{\"@id\":\"https:\/\/www.estrategiaconcursos.com.br\/blog\/#organization\"}},{\"@type\":\"WebPage\",\"@id\":\"https:\/\/www.estrategiaconcursos.com.br\/blog\/concurso-fundacao-saude-rjcomissao-especial-e-formada-para-novo-certame\/\",\"url\":\"https:\/\/www.estrategiaconcursos.com.br\/blog\/concurso-fundacao-saude-rjcomissao-especial-e-formada-para-novo-certame\/\",\"name\":\"Concurso Funda\u00e7\u00e3o Sa\u00fade RJ:Comiss\u00e3o Especial \u00e9 formada para novo certame\",\"isPartOf\":{\"@id\":\"https:\/\/www.estrategiaconcursos.com.br\/blog\/#website\"},\"datePublished\":\"2019-11-07T13:18:57+00:00\",\"dateModified\":\"2019-11-07T13:19:00+00:00\",\"breadcrumb\":{\"@id\":\"https:\/\/www.estrategiaconcursos.com.br\/blog\/concurso-fundacao-saude-rjcomissao-especial-e-formada-para-novo-certame\/#breadcrumb\"},\"inLanguage\":\"pt-BR\",\"potentialAction\":[{\"@type\":\"ReadAction\",\"target\":[\"https:\/\/www.estrategiaconcursos.com.br\/blog\/concurso-fundacao-saude-rjcomissao-especial-e-formada-para-novo-certame\/\"]}]},{\"@type\":\"BreadcrumbList\",\"@id\":\"https:\/\/www.estrategiaconcursos.com.br\/blog\/concurso-fundacao-saude-rjcomissao-especial-e-formada-para-novo-certame\/#breadcrumb\",\"itemListElement\":[{\"@type\":\"ListItem\",\"position\":1,\"name\":\"In\u00edcio\",\"item\":\"https:\/\/www.estrategiaconcursos.com.br\/blog\/\"},{\"@type\":\"ListItem\",\"position\":2,\"name\":\"Concurso Funda\u00e7\u00e3o Sa\u00fade RJ:Comiss\u00e3o Especial \u00e9 formada para novo certame\"}]},{\"@type\":\"WebSite\",\"@id\":\"https:\/\/www.estrategiaconcursos.com.br\/blog\/#website\",\"url\":\"https:\/\/www.estrategiaconcursos.com.br\/blog\/\",\"name\":\"Estrat\u00e9gia Concursos\",\"description\":\"O blog da Estrat\u00e9gia Concursos traz not\u00edcias sobre concursos e artigos de professores oferecendo cursos para concursos (pdf + videaulas) no site.\",\"publisher\":{\"@id\":\"https:\/\/www.estrategiaconcursos.com.br\/blog\/#organization\"},\"potentialAction\":[{\"@type\":\"SearchAction\",\"target\":{\"@type\":\"EntryPoint\",\"urlTemplate\":\"https:\/\/www.estrategiaconcursos.com.br\/blog\/?s={search_term_string}\"},\"query-input\":{\"@type\":\"PropertyValueSpecification\",\"valueRequired\":true,\"valueName\":\"search_term_string\"}}],\"inLanguage\":\"pt-BR\"},{\"@type\":\"Organization\",\"@id\":\"https:\/\/www.estrategiaconcursos.com.br\/blog\/#organization\",\"name\":\"Estrat\u00e9gia Concursos\",\"url\":\"https:\/\/www.estrategiaconcursos.com.br\/blog\/\",\"logo\":{\"@type\":\"ImageObject\",\"inLanguage\":\"pt-BR\",\"@id\":\"https:\/\/www.estrategiaconcursos.com.br\/blog\/#\/schema\/logo\/image\/\",\"url\":\"https:\/\/dhg1h5j42swfq.cloudfront.net\/2025\/06\/03203428\/logo_concursos-1.jpg\",\"contentUrl\":\"https:\/\/dhg1h5j42swfq.cloudfront.net\/2025\/06\/03203428\/logo_concursos-1.jpg\",\"width\":230,\"height\":60,\"caption\":\"Estrat\u00e9gia Concursos\"},\"image\":{\"@id\":\"https:\/\/www.estrategiaconcursos.com.br\/blog\/#\/schema\/logo\/image\/\"},\"sameAs\":[\"https:\/\/x.com\/EstratConcursos\"]},{\"@type\":\"Person\",\"@id\":\"https:\/\/www.estrategiaconcursos.com.br\/blog\/#\/schema\/person\/cc76e9dac392d5e35e7d00c493eee792\",\"name\":\"Ligia Carvalheiro Fernandes\",\"image\":{\"@type\":\"ImageObject\",\"inLanguage\":\"pt-BR\",\"@id\":\"https:\/\/secure.gravatar.com\/avatar\/26e4636c44dabc043eaf634f767ecd1d80505b210d3981d4ebd176a3f373e3ec?s=96&d=mm&r=g\",\"url\":\"https:\/\/secure.gravatar.com\/avatar\/26e4636c44dabc043eaf634f767ecd1d80505b210d3981d4ebd176a3f373e3ec?s=96&d=mm&r=g\",\"contentUrl\":\"https:\/\/secure.gravatar.com\/avatar\/26e4636c44dabc043eaf634f767ecd1d80505b210d3981d4ebd176a3f373e3ec?s=96&d=mm&r=g\",\"caption\":\"Ligia Carvalheiro Fernandes\"},\"url\":\"https:\/\/www.estrategiaconcursos.com.br\/blog\/author\/licarfegmail-com\/\"}]}<\/script>\n<!-- \/ Yoast SEO Premium plugin. -->","yoast_head_json":{"title":"Concurso Funda\u00e7\u00e3o Sa\u00fade RJ:Comiss\u00e3o Especial \u00e9 formada para novo certame","robots":{"index":"index","follow":"follow","max-snippet":"max-snippet:-1","max-image-preview":"max-image-preview:large","max-video-preview":"max-video-preview:-1"},"canonical":"https:\/\/www.estrategiaconcursos.com.br\/blog\/concurso-fundacao-saude-rjcomissao-especial-e-formada-para-novo-certame\/","og_locale":"pt_BR","og_type":"article","og_title":"Concurso Funda\u00e7\u00e3o Sa\u00fade RJ:Comiss\u00e3o Especial \u00e9 formada para novo certame","og_description":"Foi publicado na \u00faltima ter\u00e7a-feira, 7 de novembro, a Comiss\u00e3o Especial para o concurso da Funda\u00e7\u00e3o Sa\u00fade do Estado do Rio de Janeiro. A Comiss\u00e3o ser\u00e1 respons\u00e1vel pela organiza\u00e7\u00e3o do concurso e elabora\u00e7\u00e3o do edital simplificado da Funda\u00e7\u00e3o Sa\u00fade. Comp\u00f5em a Comiss\u00e3o os seguintes membros: Comiss\u00e3o I Presidente da Comiss\u00e3o: VERA LUCIA NEVES MARRA Membros: [&hellip;]","og_url":"https:\/\/www.estrategiaconcursos.com.br\/blog\/concurso-fundacao-saude-rjcomissao-especial-e-formada-para-novo-certame\/","og_site_name":"Estrat\u00e9gia Concursos","article_published_time":"2019-11-07T13:18:57+00:00","article_modified_time":"2019-11-07T13:19:00+00:00","author":"Ligia Carvalheiro Fernandes","twitter_card":"summary_large_image","twitter_creator":"@EstratConcursos","twitter_site":"@EstratConcursos","twitter_misc":{"Escrito por":"Ligia Carvalheiro Fernandes","Est. tempo de leitura":"1 minuto"},"schema":{"@context":"https:\/\/schema.org","@graph":[{"@type":"NewsArticle","@id":"https:\/\/www.estrategiaconcursos.com.br\/blog\/concurso-fundacao-saude-rjcomissao-especial-e-formada-para-novo-certame\/#article","isPartOf":{"@id":"https:\/\/www.estrategiaconcursos.com.br\/blog\/concurso-fundacao-saude-rjcomissao-especial-e-formada-para-novo-certame\/"},"author":{"name":"Ligia Carvalheiro Fernandes","@id":"https:\/\/www.estrategiaconcursos.com.br\/blog\/#\/schema\/person\/cc76e9dac392d5e35e7d00c493eee792"},"headline":"Concurso Funda\u00e7\u00e3o Sa\u00fade RJ:Comiss\u00e3o Especial \u00e9 formada para novo certame","datePublished":"2019-11-07T13:18:57+00:00","dateModified":"2019-11-07T13:19:00+00:00","mainEntityOfPage":{"@id":"https:\/\/www.estrategiaconcursos.com.br\/blog\/concurso-fundacao-saude-rjcomissao-especial-e-formada-para-novo-certame\/"},"wordCount":297,"commentCount":0,"publisher":{"@id":"https:\/\/www.estrategiaconcursos.com.br\/blog\/#organization"},"articleSection":["Concursos P\u00fablicos"],"inLanguage":"pt-BR","potentialAction":[{"@type":"CommentAction","name":"Comment","target":["https:\/\/www.estrategiaconcursos.com.br\/blog\/concurso-fundacao-saude-rjcomissao-especial-e-formada-para-novo-certame\/#respond"]}],"copyrightYear":"2019","copyrightHolder":{"@id":"https:\/\/www.estrategiaconcursos.com.br\/blog\/#organization"}},{"@type":"WebPage","@id":"https:\/\/www.estrategiaconcursos.com.br\/blog\/concurso-fundacao-saude-rjcomissao-especial-e-formada-para-novo-certame\/","url":"https:\/\/www.estrategiaconcursos.com.br\/blog\/concurso-fundacao-saude-rjcomissao-especial-e-formada-para-novo-certame\/","name":"Concurso Funda\u00e7\u00e3o Sa\u00fade RJ:Comiss\u00e3o Especial \u00e9 formada para novo certame","isPartOf":{"@id":"https:\/\/www.estrategiaconcursos.com.br\/blog\/#website"},"datePublished":"2019-11-07T13:18:57+00:00","dateModified":"2019-11-07T13:19:00+00:00","breadcrumb":{"@id":"https:\/\/www.estrategiaconcursos.com.br\/blog\/concurso-fundacao-saude-rjcomissao-especial-e-formada-para-novo-certame\/#breadcrumb"},"inLanguage":"pt-BR","potentialAction":[{"@type":"ReadAction","target":["https:\/\/www.estrategiaconcursos.com.br\/blog\/concurso-fundacao-saude-rjcomissao-especial-e-formada-para-novo-certame\/"]}]},{"@type":"BreadcrumbList","@id":"https:\/\/www.estrategiaconcursos.com.br\/blog\/concurso-fundacao-saude-rjcomissao-especial-e-formada-para-novo-certame\/#breadcrumb","itemListElement":[{"@type":"ListItem","position":1,"name":"In\u00edcio","item":"https:\/\/www.estrategiaconcursos.com.br\/blog\/"},{"@type":"ListItem","position":2,"name":"Concurso Funda\u00e7\u00e3o Sa\u00fade RJ:Comiss\u00e3o Especial \u00e9 formada para novo certame"}]},{"@type":"WebSite","@id":"https:\/\/www.estrategiaconcursos.com.br\/blog\/#website","url":"https:\/\/www.estrategiaconcursos.com.br\/blog\/","name":"Estrat\u00e9gia Concursos","description":"O blog da Estrat\u00e9gia Concursos traz not\u00edcias sobre concursos e artigos de professores oferecendo cursos para concursos (pdf + videaulas) no site.","publisher":{"@id":"https:\/\/www.estrategiaconcursos.com.br\/blog\/#organization"},"potentialAction":[{"@type":"SearchAction","target":{"@type":"EntryPoint","urlTemplate":"https:\/\/www.estrategiaconcursos.com.br\/blog\/?s={search_term_string}"},"query-input":{"@type":"PropertyValueSpecification","valueRequired":true,"valueName":"search_term_string"}}],"inLanguage":"pt-BR"},{"@type":"Organization","@id":"https:\/\/www.estrategiaconcursos.com.br\/blog\/#organization","name":"Estrat\u00e9gia Concursos","url":"https:\/\/www.estrategiaconcursos.com.br\/blog\/","logo":{"@type":"ImageObject","inLanguage":"pt-BR","@id":"https:\/\/www.estrategiaconcursos.com.br\/blog\/#\/schema\/logo\/image\/","url":"https:\/\/dhg1h5j42swfq.cloudfront.net\/2025\/06\/03203428\/logo_concursos-1.jpg","contentUrl":"https:\/\/dhg1h5j42swfq.cloudfront.net\/2025\/06\/03203428\/logo_concursos-1.jpg","width":230,"height":60,"caption":"Estrat\u00e9gia Concursos"},"image":{"@id":"https:\/\/www.estrategiaconcursos.com.br\/blog\/#\/schema\/logo\/image\/"},"sameAs":["https:\/\/x.com\/EstratConcursos"]},{"@type":"Person","@id":"https:\/\/www.estrategiaconcursos.com.br\/blog\/#\/schema\/person\/cc76e9dac392d5e35e7d00c493eee792","name":"Ligia Carvalheiro Fernandes","image":{"@type":"ImageObject","inLanguage":"pt-BR","@id":"https:\/\/secure.gravatar.com\/avatar\/26e4636c44dabc043eaf634f767ecd1d80505b210d3981d4ebd176a3f373e3ec?s=96&d=mm&r=g","url":"https:\/\/secure.gravatar.com\/avatar\/26e4636c44dabc043eaf634f767ecd1d80505b210d3981d4ebd176a3f373e3ec?s=96&d=mm&r=g","contentUrl":"https:\/\/secure.gravatar.com\/avatar\/26e4636c44dabc043eaf634f767ecd1d80505b210d3981d4ebd176a3f373e3ec?s=96&d=mm&r=g","caption":"Ligia Carvalheiro Fernandes"},"url":"https:\/\/www.estrategiaconcursos.com.br\/blog\/author\/licarfegmail-com\/"}]}},"_links":{"self":[{"href":"https:\/\/www.estrategiaconcursos.com.br\/blog\/wp-json\/wp\/v2\/posts\/445036","targetHints":{"allow":["GET"]}}],"collection":[{"href":"https:\/\/www.estrategiaconcursos.com.br\/blog\/wp-json\/wp\/v2\/posts"}],"about":[{"href":"https:\/\/www.estrategiaconcursos.com.br\/blog\/wp-json\/wp\/v2\/types\/post"}],"author":[{"embeddable":true,"href":"https:\/\/www.estrategiaconcursos.com.br\/blog\/wp-json\/wp\/v2\/users\/561"}],"replies":[{"embeddable":true,"href":"https:\/\/www.estrategiaconcursos.com.br\/blog\/wp-json\/wp\/v2\/comments?post=445036"}],"version-history":[{"count":3,"href":"https:\/\/www.estrategiaconcursos.com.br\/blog\/wp-json\/wp\/v2\/posts\/445036\/revisions"}],"predecessor-version":[{"id":445110,"href":"https:\/\/www.estrategiaconcursos.com.br\/blog\/wp-json\/wp\/v2\/posts\/445036\/revisions\/445110"}],"wp:attachment":[{"href":"https:\/\/www.estrategiaconcursos.com.br\/blog\/wp-json\/wp\/v2\/media?parent=445036"}],"wp:term":[{"taxonomy":"category","embeddable":true,"href":"https:\/\/www.estrategiaconcursos.com.br\/blog\/wp-json\/wp\/v2\/categories?post=445036"},{"taxonomy":"post_tag","embeddable":true,"href":"https:\/\/www.estrategiaconcursos.com.br\/blog\/wp-json\/wp\/v2\/tags?post=445036"},{"taxonomy":"tax_estado","embeddable":true,"href":"https:\/\/www.estrategiaconcursos.com.br\/blog\/wp-json\/wp\/v2\/tax_estado?post=445036"}],"curies":[{"name":"wp","href":"https:\/\/api.w.org\/{rel}","templated":true}]}}