{"id":444944,"date":"2019-11-06T17:11:24","date_gmt":"2019-11-06T20:11:24","guid":{"rendered":"https:\/\/www.estrategiaconcursos.com.br\/blog\/?p=444944"},"modified":"2023-06-14T15:52:42","modified_gmt":"2023-06-14T18:52:42","slug":"concurso-ebserh-edital-com-mais-de-2-mil-vagas-sofre-retificacoes","status":"publish","type":"post","link":"https:\/\/www.estrategiaconcursos.com.br\/blog\/concurso-ebserh-edital-com-mais-de-2-mil-vagas-sofre-retificacoes\/","title":{"rendered":"Edital EBSERH com mais de 2 mil vagas sofre retifica\u00e7\u00f5es"},"content":{"rendered":"\n<p>Foi divulgado nesta quarta-feira, 6 de outubro, um <strong>documento que retifica os editais do concurso EBSERH<\/strong>. As mudan\u00e7as dizem respeito, entre outros, aos programas de provas e requisitos para concorrer \u00e0 vaga.<br \/>Em todos os editais ocorreu a altera\u00e7\u00e3o do conte\u00fado program\u00e1tico da prova da prova de legisla\u00e7\u00e3o.<\/p>\n\n\n\n<p>Para os concursos nacionais, foi incluso o requisito para ingressar na carreira de analista administrativo. \u00c9 necess\u00e1rio agora ter gradua\u00e7\u00e3o na \u00e1rea de Gest\u00e3o Hospitalar ou p\u00f3s-gradua\u00e7\u00e3o em Gest\u00e3o Hospitalar.<\/p>\n\n\n\n<p>Confira abaixo os documentos publicados que retificam o edital: <\/p>\n\n\n\n<ul class=\"wp-block-list\">\n<li><strong><em>Retifica\u00e7\u00e3o: <a rel=\"noreferrer noopener\" aria-label=\"\u00e1rea m\u00e9dica (abre numa nova aba)\" href=\"https:\/\/fs.ibfc.org.br\/arquivos\/bfe247ca5fb9d11c771e4b0960f86843.pdf\" target=\"_blank\">\u00e1rea m\u00e9dica<\/a><\/em><\/strong><\/li>\n\n\n\n<li><strong><em>Retifica\u00e7\u00e3o:<a rel=\"noreferrer noopener\" aria-label=\" \u00e1rea assistencial (abre numa nova aba)\" href=\"https:\/\/fs.ibfc.org.br\/arquivos\/dee631460ae42e5d2504fc490c76eca0.pdf\" target=\"_blank\"> \u00e1rea assistencial<\/a><\/em><\/strong><\/li>\n\n\n\n<li><strong><em>Retifica\u00e7\u00e3o: <a rel=\"noreferrer noopener\" aria-label=\"\u00e1rea administrativa  (abre numa nova aba)\" href=\"https:\/\/fs.ibfc.org.br\/arquivos\/4cea101a5bb5c2ff2d61da8b0781ac73.pdf\" target=\"_blank\">\u00e1rea administrativa <\/a><\/em><\/strong><\/li>\n<\/ul>\n\n\n\n<p>&nbsp;Concurso EBSERH conta com a oferta de 1.660 vagas distribu\u00eddas em 03 editais, com vagas para n\u00edvel m\u00e9dio, m\u00e9dio\/t\u00e9cnico e superior, sendo:<\/p>\n\n\n\n<ul class=\"wp-block-list\">\n<li>553 vagas + CR para \u00c1rea M\u00e9dica<\/li>\n\n\n\n<li>998 vagas + CR para \u00c1rea Assistencial<\/li>\n\n\n\n<li>129 vagas + CR para \u00c1rea Administrativa<\/li>\n<\/ul>\n\n\n\n<p>As provas objetivas contam com 4 horas de realiza\u00e7\u00e3o e m\u00faltipla escolha, ser\u00e3o aplicadas no&nbsp;<strong>dia 02 de fevereiro de 2020<\/strong>.<\/p>\n\n\n\n<p class=\"has-text-align-center has-very-light-gray-background-color has-background\"><strong>Saiba mais: <a href=\"https:\/\/www.estrategiaconcursos.com.br\/blog\/concurso-ebserh-4\/\" target=\"_blank\" rel=\"noreferrer noopener\" aria-label=\"concurso EBSERH (abre numa nova aba)\">concurso EBSERH<\/a><\/strong><\/p>\n\n\n\n<p class=\"has-text-align-center has-luminous-vivid-amber-background-color has-background\"><a href=\"https:\/\/www.estrategiaconcursos.com.br\/cursosPorConcurso\/promocao-pacotes-para-ebserh\/\"><strong>CURSOS PARA Concurso EBSERH<\/strong><\/a><\/p>\n\n\n\n<p class=\"has-text-align-center\"><em>Prepare-se com o melhor material e com quem mais aprova em Concursos P\u00fablicos em todo o pa\u00eds. Assine agora a nossa Assinatura Anual e tenha acesso ilimitado* a todos os nossos cursos.<\/em><\/p>\n\n\n\n<p class=\"has-text-align-center has-light-green-cyan-background-color has-background\"><strong>ASSINE AGORA<\/strong>&nbsp;\u2013&nbsp;<a rel=\"noreferrer noopener\" href=\"https:\/\/www.estrategiaconcursos.com.br\/assinaturas\" target=\"_blank\"><strong>Assinatura Ilimitada<\/strong><\/a><\/p>\n\n\n\n<p class=\"has-text-align-center has-pale-cyan-blue-background-color has-background\"><a href=\"https:\/\/www.estrategiaconcursos.com.br\/blog\/concursos-abertos\/\"><strong>CONCURSOS ABERTOS<\/strong><\/a><\/p>\n","protected":false},"excerpt":{"rendered":"<p>Foi divulgado nesta quarta-feira, 6 de outubro, um documento que retifica os editais do concurso EBSERH. As mudan\u00e7as dizem respeito, entre outros, aos programas de provas e requisitos para concorrer \u00e0 vaga.Em todos os editais ocorreu a altera\u00e7\u00e3o do conte\u00fado program\u00e1tico da prova da prova de legisla\u00e7\u00e3o. Para os concursos nacionais, foi incluso o requisito [&hellip;]<\/p>\n","protected":false},"author":561,"featured_media":0,"comment_status":"open","ping_status":"closed","sticky":false,"template":"","format":"standard","meta":{"post_tipo":"article","footnotes":""},"categories":[1,1981],"tags":[2148,508],"tax_estado":[],"class_list":["post-444944","post","type-post","status-publish","format-standard","hentry","category-cursos-e-concursos","category-saude","tag-concurso-ebserh","tag-ebserh"],"acf":[],"yoast_head":"<!-- This site is optimized with the Yoast SEO Premium plugin v27.2 (Yoast SEO v27.2) - https:\/\/yoast.com\/product\/yoast-seo-premium-wordpress\/ -->\n<title>Edital EBSERH com mais de 2 mil vagas sofre retifica\u00e7\u00f5es<\/title>\n<meta name=\"description\" content=\"Foi divulgado um documento que retifica os editais do concurso EBSERH. As mudan\u00e7as dizem respeito aos programas de provas e requisitos.\" \/>\n<meta name=\"robots\" content=\"index, follow, max-snippet:-1, max-image-preview:large, max-video-preview:-1\" \/>\n<link rel=\"canonical\" href=\"https:\/\/www.estrategiaconcursos.com.br\/blog\/concurso-ebserh-edital-com-mais-de-2-mil-vagas-sofre-retificacoes\/\" \/>\n<meta property=\"og:locale\" content=\"pt_BR\" \/>\n<meta property=\"og:type\" content=\"article\" \/>\n<meta property=\"og:title\" content=\"Edital EBSERH com mais de 2 mil vagas sofre retifica\u00e7\u00f5es\" \/>\n<meta property=\"og:description\" content=\"Foi divulgado um documento que retifica os editais do concurso EBSERH. As mudan\u00e7as dizem respeito aos programas de provas e requisitos.\" \/>\n<meta property=\"og:url\" content=\"https:\/\/www.estrategiaconcursos.com.br\/blog\/concurso-ebserh-edital-com-mais-de-2-mil-vagas-sofre-retificacoes\/\" \/>\n<meta property=\"og:site_name\" content=\"Estrat\u00e9gia Concursos\" \/>\n<meta property=\"article:published_time\" content=\"2019-11-06T20:11:24+00:00\" \/>\n<meta property=\"article:modified_time\" content=\"2023-06-14T18:52:42+00:00\" \/>\n<meta name=\"author\" content=\"Ligia Carvalheiro Fernandes\" \/>\n<meta name=\"twitter:card\" content=\"summary_large_image\" \/>\n<meta name=\"twitter:creator\" content=\"@EstratConcursos\" \/>\n<meta name=\"twitter:site\" content=\"@EstratConcursos\" \/>\n<meta name=\"twitter:label1\" content=\"Escrito por\" \/>\n\t<meta name=\"twitter:data1\" content=\"Ligia Carvalheiro Fernandes\" \/>\n\t<meta name=\"twitter:label2\" content=\"Est. tempo de leitura\" \/>\n\t<meta name=\"twitter:data2\" content=\"1 minuto\" \/>\n<script type=\"application\/ld+json\" class=\"yoast-schema-graph\">{\"@context\":\"https:\/\/schema.org\",\"@graph\":[{\"@type\":\"NewsArticle\",\"@id\":\"https:\/\/www.estrategiaconcursos.com.br\/blog\/concurso-ebserh-edital-com-mais-de-2-mil-vagas-sofre-retificacoes\/#article\",\"isPartOf\":{\"@id\":\"https:\/\/www.estrategiaconcursos.com.br\/blog\/concurso-ebserh-edital-com-mais-de-2-mil-vagas-sofre-retificacoes\/\"},\"author\":{\"name\":\"Ligia Carvalheiro Fernandes\",\"@id\":\"https:\/\/www.estrategiaconcursos.com.br\/blog\/#\/schema\/person\/cc76e9dac392d5e35e7d00c493eee792\"},\"headline\":\"Edital EBSERH com mais de 2 mil vagas sofre retifica\u00e7\u00f5es\",\"datePublished\":\"2019-11-06T20:11:24+00:00\",\"dateModified\":\"2023-06-14T18:52:42+00:00\",\"mainEntityOfPage\":{\"@id\":\"https:\/\/www.estrategiaconcursos.com.br\/blog\/concurso-ebserh-edital-com-mais-de-2-mil-vagas-sofre-retificacoes\/\"},\"wordCount\":233,\"commentCount\":0,\"publisher\":{\"@id\":\"https:\/\/www.estrategiaconcursos.com.br\/blog\/#organization\"},\"keywords\":[\"concurso ebserh\",\"EBSERH\"],\"articleSection\":[\"Concursos P\u00fablicos\",\"Sa\u00fade\"],\"inLanguage\":\"pt-BR\",\"potentialAction\":[{\"@type\":\"CommentAction\",\"name\":\"Comment\",\"target\":[\"https:\/\/www.estrategiaconcursos.com.br\/blog\/concurso-ebserh-edital-com-mais-de-2-mil-vagas-sofre-retificacoes\/#respond\"]}],\"copyrightYear\":\"2019\",\"copyrightHolder\":{\"@id\":\"https:\/\/www.estrategiaconcursos.com.br\/blog\/#organization\"}},{\"@type\":\"WebPage\",\"@id\":\"https:\/\/www.estrategiaconcursos.com.br\/blog\/concurso-ebserh-edital-com-mais-de-2-mil-vagas-sofre-retificacoes\/\",\"url\":\"https:\/\/www.estrategiaconcursos.com.br\/blog\/concurso-ebserh-edital-com-mais-de-2-mil-vagas-sofre-retificacoes\/\",\"name\":\"Edital EBSERH com mais de 2 mil vagas sofre retifica\u00e7\u00f5es\",\"isPartOf\":{\"@id\":\"https:\/\/www.estrategiaconcursos.com.br\/blog\/#website\"},\"datePublished\":\"2019-11-06T20:11:24+00:00\",\"dateModified\":\"2023-06-14T18:52:42+00:00\",\"description\":\"Foi divulgado um documento que retifica os editais do concurso EBSERH. As mudan\u00e7as dizem respeito aos programas de provas e requisitos.\",\"breadcrumb\":{\"@id\":\"https:\/\/www.estrategiaconcursos.com.br\/blog\/concurso-ebserh-edital-com-mais-de-2-mil-vagas-sofre-retificacoes\/#breadcrumb\"},\"inLanguage\":\"pt-BR\",\"potentialAction\":[{\"@type\":\"ReadAction\",\"target\":[\"https:\/\/www.estrategiaconcursos.com.br\/blog\/concurso-ebserh-edital-com-mais-de-2-mil-vagas-sofre-retificacoes\/\"]}]},{\"@type\":\"BreadcrumbList\",\"@id\":\"https:\/\/www.estrategiaconcursos.com.br\/blog\/concurso-ebserh-edital-com-mais-de-2-mil-vagas-sofre-retificacoes\/#breadcrumb\",\"itemListElement\":[{\"@type\":\"ListItem\",\"position\":1,\"name\":\"In\u00edcio\",\"item\":\"https:\/\/www.estrategiaconcursos.com.br\/blog\/\"},{\"@type\":\"ListItem\",\"position\":2,\"name\":\"Edital EBSERH com mais de 2 mil vagas sofre retifica\u00e7\u00f5es\"}]},{\"@type\":\"WebSite\",\"@id\":\"https:\/\/www.estrategiaconcursos.com.br\/blog\/#website\",\"url\":\"https:\/\/www.estrategiaconcursos.com.br\/blog\/\",\"name\":\"Estrat\u00e9gia Concursos\",\"description\":\"O blog da Estrat\u00e9gia Concursos traz not\u00edcias sobre concursos e artigos de professores oferecendo cursos para concursos (pdf + videaulas) no site.\",\"publisher\":{\"@id\":\"https:\/\/www.estrategiaconcursos.com.br\/blog\/#organization\"},\"potentialAction\":[{\"@type\":\"SearchAction\",\"target\":{\"@type\":\"EntryPoint\",\"urlTemplate\":\"https:\/\/www.estrategiaconcursos.com.br\/blog\/?s={search_term_string}\"},\"query-input\":{\"@type\":\"PropertyValueSpecification\",\"valueRequired\":true,\"valueName\":\"search_term_string\"}}],\"inLanguage\":\"pt-BR\"},{\"@type\":\"Organization\",\"@id\":\"https:\/\/www.estrategiaconcursos.com.br\/blog\/#organization\",\"name\":\"Estrat\u00e9gia Concursos\",\"url\":\"https:\/\/www.estrategiaconcursos.com.br\/blog\/\",\"logo\":{\"@type\":\"ImageObject\",\"inLanguage\":\"pt-BR\",\"@id\":\"https:\/\/www.estrategiaconcursos.com.br\/blog\/#\/schema\/logo\/image\/\",\"url\":\"https:\/\/dhg1h5j42swfq.cloudfront.net\/2025\/06\/03203428\/logo_concursos-1.jpg\",\"contentUrl\":\"https:\/\/dhg1h5j42swfq.cloudfront.net\/2025\/06\/03203428\/logo_concursos-1.jpg\",\"width\":230,\"height\":60,\"caption\":\"Estrat\u00e9gia Concursos\"},\"image\":{\"@id\":\"https:\/\/www.estrategiaconcursos.com.br\/blog\/#\/schema\/logo\/image\/\"},\"sameAs\":[\"https:\/\/x.com\/EstratConcursos\"]},{\"@type\":\"Person\",\"@id\":\"https:\/\/www.estrategiaconcursos.com.br\/blog\/#\/schema\/person\/cc76e9dac392d5e35e7d00c493eee792\",\"name\":\"Ligia Carvalheiro Fernandes\",\"image\":{\"@type\":\"ImageObject\",\"inLanguage\":\"pt-BR\",\"@id\":\"https:\/\/secure.gravatar.com\/avatar\/26e4636c44dabc043eaf634f767ecd1d80505b210d3981d4ebd176a3f373e3ec?s=96&d=mm&r=g\",\"url\":\"https:\/\/secure.gravatar.com\/avatar\/26e4636c44dabc043eaf634f767ecd1d80505b210d3981d4ebd176a3f373e3ec?s=96&d=mm&r=g\",\"contentUrl\":\"https:\/\/secure.gravatar.com\/avatar\/26e4636c44dabc043eaf634f767ecd1d80505b210d3981d4ebd176a3f373e3ec?s=96&d=mm&r=g\",\"caption\":\"Ligia Carvalheiro Fernandes\"},\"url\":\"https:\/\/www.estrategiaconcursos.com.br\/blog\/author\/licarfegmail-com\/\"}]}<\/script>\n<!-- \/ Yoast SEO Premium plugin. -->","yoast_head_json":{"title":"Edital EBSERH com mais de 2 mil vagas sofre retifica\u00e7\u00f5es","description":"Foi divulgado um documento que retifica os editais do concurso EBSERH. As mudan\u00e7as dizem respeito aos programas de provas e requisitos.","robots":{"index":"index","follow":"follow","max-snippet":"max-snippet:-1","max-image-preview":"max-image-preview:large","max-video-preview":"max-video-preview:-1"},"canonical":"https:\/\/www.estrategiaconcursos.com.br\/blog\/concurso-ebserh-edital-com-mais-de-2-mil-vagas-sofre-retificacoes\/","og_locale":"pt_BR","og_type":"article","og_title":"Edital EBSERH com mais de 2 mil vagas sofre retifica\u00e7\u00f5es","og_description":"Foi divulgado um documento que retifica os editais do concurso EBSERH. As mudan\u00e7as dizem respeito aos programas de provas e requisitos.","og_url":"https:\/\/www.estrategiaconcursos.com.br\/blog\/concurso-ebserh-edital-com-mais-de-2-mil-vagas-sofre-retificacoes\/","og_site_name":"Estrat\u00e9gia Concursos","article_published_time":"2019-11-06T20:11:24+00:00","article_modified_time":"2023-06-14T18:52:42+00:00","author":"Ligia Carvalheiro Fernandes","twitter_card":"summary_large_image","twitter_creator":"@EstratConcursos","twitter_site":"@EstratConcursos","twitter_misc":{"Escrito por":"Ligia Carvalheiro Fernandes","Est. tempo de leitura":"1 minuto"},"schema":{"@context":"https:\/\/schema.org","@graph":[{"@type":"NewsArticle","@id":"https:\/\/www.estrategiaconcursos.com.br\/blog\/concurso-ebserh-edital-com-mais-de-2-mil-vagas-sofre-retificacoes\/#article","isPartOf":{"@id":"https:\/\/www.estrategiaconcursos.com.br\/blog\/concurso-ebserh-edital-com-mais-de-2-mil-vagas-sofre-retificacoes\/"},"author":{"name":"Ligia Carvalheiro Fernandes","@id":"https:\/\/www.estrategiaconcursos.com.br\/blog\/#\/schema\/person\/cc76e9dac392d5e35e7d00c493eee792"},"headline":"Edital EBSERH com mais de 2 mil vagas sofre retifica\u00e7\u00f5es","datePublished":"2019-11-06T20:11:24+00:00","dateModified":"2023-06-14T18:52:42+00:00","mainEntityOfPage":{"@id":"https:\/\/www.estrategiaconcursos.com.br\/blog\/concurso-ebserh-edital-com-mais-de-2-mil-vagas-sofre-retificacoes\/"},"wordCount":233,"commentCount":0,"publisher":{"@id":"https:\/\/www.estrategiaconcursos.com.br\/blog\/#organization"},"keywords":["concurso ebserh","EBSERH"],"articleSection":["Concursos P\u00fablicos","Sa\u00fade"],"inLanguage":"pt-BR","potentialAction":[{"@type":"CommentAction","name":"Comment","target":["https:\/\/www.estrategiaconcursos.com.br\/blog\/concurso-ebserh-edital-com-mais-de-2-mil-vagas-sofre-retificacoes\/#respond"]}],"copyrightYear":"2019","copyrightHolder":{"@id":"https:\/\/www.estrategiaconcursos.com.br\/blog\/#organization"}},{"@type":"WebPage","@id":"https:\/\/www.estrategiaconcursos.com.br\/blog\/concurso-ebserh-edital-com-mais-de-2-mil-vagas-sofre-retificacoes\/","url":"https:\/\/www.estrategiaconcursos.com.br\/blog\/concurso-ebserh-edital-com-mais-de-2-mil-vagas-sofre-retificacoes\/","name":"Edital EBSERH com mais de 2 mil vagas sofre retifica\u00e7\u00f5es","isPartOf":{"@id":"https:\/\/www.estrategiaconcursos.com.br\/blog\/#website"},"datePublished":"2019-11-06T20:11:24+00:00","dateModified":"2023-06-14T18:52:42+00:00","description":"Foi divulgado um documento que retifica os editais do concurso EBSERH. As mudan\u00e7as dizem respeito aos programas de provas e requisitos.","breadcrumb":{"@id":"https:\/\/www.estrategiaconcursos.com.br\/blog\/concurso-ebserh-edital-com-mais-de-2-mil-vagas-sofre-retificacoes\/#breadcrumb"},"inLanguage":"pt-BR","potentialAction":[{"@type":"ReadAction","target":["https:\/\/www.estrategiaconcursos.com.br\/blog\/concurso-ebserh-edital-com-mais-de-2-mil-vagas-sofre-retificacoes\/"]}]},{"@type":"BreadcrumbList","@id":"https:\/\/www.estrategiaconcursos.com.br\/blog\/concurso-ebserh-edital-com-mais-de-2-mil-vagas-sofre-retificacoes\/#breadcrumb","itemListElement":[{"@type":"ListItem","position":1,"name":"In\u00edcio","item":"https:\/\/www.estrategiaconcursos.com.br\/blog\/"},{"@type":"ListItem","position":2,"name":"Edital EBSERH com mais de 2 mil vagas sofre retifica\u00e7\u00f5es"}]},{"@type":"WebSite","@id":"https:\/\/www.estrategiaconcursos.com.br\/blog\/#website","url":"https:\/\/www.estrategiaconcursos.com.br\/blog\/","name":"Estrat\u00e9gia Concursos","description":"O blog da Estrat\u00e9gia Concursos traz not\u00edcias sobre concursos e artigos de professores oferecendo cursos para concursos (pdf + videaulas) no site.","publisher":{"@id":"https:\/\/www.estrategiaconcursos.com.br\/blog\/#organization"},"potentialAction":[{"@type":"SearchAction","target":{"@type":"EntryPoint","urlTemplate":"https:\/\/www.estrategiaconcursos.com.br\/blog\/?s={search_term_string}"},"query-input":{"@type":"PropertyValueSpecification","valueRequired":true,"valueName":"search_term_string"}}],"inLanguage":"pt-BR"},{"@type":"Organization","@id":"https:\/\/www.estrategiaconcursos.com.br\/blog\/#organization","name":"Estrat\u00e9gia Concursos","url":"https:\/\/www.estrategiaconcursos.com.br\/blog\/","logo":{"@type":"ImageObject","inLanguage":"pt-BR","@id":"https:\/\/www.estrategiaconcursos.com.br\/blog\/#\/schema\/logo\/image\/","url":"https:\/\/dhg1h5j42swfq.cloudfront.net\/2025\/06\/03203428\/logo_concursos-1.jpg","contentUrl":"https:\/\/dhg1h5j42swfq.cloudfront.net\/2025\/06\/03203428\/logo_concursos-1.jpg","width":230,"height":60,"caption":"Estrat\u00e9gia Concursos"},"image":{"@id":"https:\/\/www.estrategiaconcursos.com.br\/blog\/#\/schema\/logo\/image\/"},"sameAs":["https:\/\/x.com\/EstratConcursos"]},{"@type":"Person","@id":"https:\/\/www.estrategiaconcursos.com.br\/blog\/#\/schema\/person\/cc76e9dac392d5e35e7d00c493eee792","name":"Ligia Carvalheiro Fernandes","image":{"@type":"ImageObject","inLanguage":"pt-BR","@id":"https:\/\/secure.gravatar.com\/avatar\/26e4636c44dabc043eaf634f767ecd1d80505b210d3981d4ebd176a3f373e3ec?s=96&d=mm&r=g","url":"https:\/\/secure.gravatar.com\/avatar\/26e4636c44dabc043eaf634f767ecd1d80505b210d3981d4ebd176a3f373e3ec?s=96&d=mm&r=g","contentUrl":"https:\/\/secure.gravatar.com\/avatar\/26e4636c44dabc043eaf634f767ecd1d80505b210d3981d4ebd176a3f373e3ec?s=96&d=mm&r=g","caption":"Ligia Carvalheiro Fernandes"},"url":"https:\/\/www.estrategiaconcursos.com.br\/blog\/author\/licarfegmail-com\/"}]}},"_links":{"self":[{"href":"https:\/\/www.estrategiaconcursos.com.br\/blog\/wp-json\/wp\/v2\/posts\/444944","targetHints":{"allow":["GET"]}}],"collection":[{"href":"https:\/\/www.estrategiaconcursos.com.br\/blog\/wp-json\/wp\/v2\/posts"}],"about":[{"href":"https:\/\/www.estrategiaconcursos.com.br\/blog\/wp-json\/wp\/v2\/types\/post"}],"author":[{"embeddable":true,"href":"https:\/\/www.estrategiaconcursos.com.br\/blog\/wp-json\/wp\/v2\/users\/561"}],"replies":[{"embeddable":true,"href":"https:\/\/www.estrategiaconcursos.com.br\/blog\/wp-json\/wp\/v2\/comments?post=444944"}],"version-history":[{"count":8,"href":"https:\/\/www.estrategiaconcursos.com.br\/blog\/wp-json\/wp\/v2\/posts\/444944\/revisions"}],"predecessor-version":[{"id":1232326,"href":"https:\/\/www.estrategiaconcursos.com.br\/blog\/wp-json\/wp\/v2\/posts\/444944\/revisions\/1232326"}],"wp:attachment":[{"href":"https:\/\/www.estrategiaconcursos.com.br\/blog\/wp-json\/wp\/v2\/media?parent=444944"}],"wp:term":[{"taxonomy":"category","embeddable":true,"href":"https:\/\/www.estrategiaconcursos.com.br\/blog\/wp-json\/wp\/v2\/categories?post=444944"},{"taxonomy":"post_tag","embeddable":true,"href":"https:\/\/www.estrategiaconcursos.com.br\/blog\/wp-json\/wp\/v2\/tags?post=444944"},{"taxonomy":"tax_estado","embeddable":true,"href":"https:\/\/www.estrategiaconcursos.com.br\/blog\/wp-json\/wp\/v2\/tax_estado?post=444944"}],"curies":[{"name":"wp","href":"https:\/\/api.w.org\/{rel}","templated":true}]}}