{"id":444742,"date":"2019-11-09T16:00:24","date_gmt":"2019-11-09T19:00:24","guid":{"rendered":"https:\/\/www.estrategiaconcursos.com.br\/blog\/?p=444742"},"modified":"2023-08-28T16:40:16","modified_gmt":"2023-08-28T19:40:16","slug":"maratona-inss","status":"publish","type":"post","link":"https:\/\/www.estrategiaconcursos.com.br\/blog\/maratona-inss\/","title":{"rendered":"Concurso INSS: eleve sua prepara\u00e7\u00e3o em nossa maratona de aulas"},"content":{"rendered":"\n<p>A realiza\u00e7\u00e3o de concurso p\u00fablico para o <strong>Instituto Nacional de Seguridade Social <\/strong>foi uma das principais exig\u00eancias da A\u00e7\u00e3o Civil P\u00fablica, ajuizada pelo Minist\u00e9rio P\u00fablico Federal, visto o alto n\u00famero de vac\u00e2ncia atual.<\/p>\n\n\n\n<p>Um levantamento feito pela equipe de jornalismo do Estrat\u00e9gia Concursos, apontou que 3.363 servidores deixaram a autarquia entre janeiro e maio de 2019. A Regi\u00e3o Sudeste \u00e9 a campe\u00e3 neste quesito, com 1533 vac\u00e2ncias registradas at\u00e9 maio de 2019.<\/p>\n\n\n\n<p>O pedido de abertura de um novo concurso INSS j\u00e1 tramitou por diversas vezes desde o in\u00edcio de 2019. A \u00faltima movimenta\u00e7\u00e3o do processo foi registrada em 17 de janeiro de 2019, ap\u00f3s an\u00e1lise da Coordena\u00e7\u00e3o-Geral de Benef\u00edcios Previdenci\u00e1rios.<\/p>\n\n\n\n<p class=\"has-text-align-center has-very-light-gray-background-color has-background\" style=\"font-size:clamp(14.642px, 0.915rem + ((1vw - 3.2px) * 0.721), 22px);px\"><strong>Saiba mais: <\/strong><a rel=\"noreferrer noopener\" aria-label=\"Concurso INSS (abre numa nova aba)\" href=\"https:\/\/www.estrategiaconcursos.com.br\/blog\/concurso-inss-2\/\" target=\"_blank\"><strong>Concurso INSS<\/strong><\/a><\/p>\n\n\n\n<p>Com todos esses fatores, fica evidente a necessidade de realiza\u00e7\u00e3o de um novo concurso INSS. E, pensando l\u00e1 na frente, <strong>positivamente<\/strong>, j\u00e1 queremos te preparar para o certame do \u00f3rg\u00e3o.<\/p>\n\n\n\n<p> Venha participar da nossa <strong>Maratona INSS<\/strong>, onde iremos abordar assuntos de extrema valia que potencializar\u00e3o a sua prepara\u00e7\u00e3o. O evento acontece neste <strong>domingo, 10 de novembro, \u00e0s 08:30<\/strong>. Voc\u00ea n\u00e3o pode faltar!<\/p>\n\n\n\n<p>Nossos professores ir\u00e3o ministrar diversas aulas focadas no cargo de <strong>T\u00e9cnico do Seguro Social<\/strong>.<\/p>\n\n\n\n<h2 class=\"wp-block-heading\" id=\"h-cronograma-de-aulas-da-maratona-inss\">Cronograma de aulas da Maratona INSS<\/h2>\n\n\n\n<p><\/p>\n\n\n\n<figure class=\"wp-block-table aligncenter is-style-stripes\"><table class=\"has-subtle-pale-blue-background-color has-background has-fixed-layout\"><tbody><tr><td><strong>Professor<\/strong><\/td><td><strong>Disciplina<\/strong><\/td><td><strong>Hor\u00e1rio<\/strong><\/td><\/tr><tr><td>Adriana Menezes<\/td><td>Direito Previdenci\u00e1rio<\/td><td>8h30 \u00e0s 10h30<\/td><\/tr><tr><td>Thiago Pac\u00edfico<\/td><td>Racioc\u00ednio L\u00f3gico-Matem\u00e1tico<\/td><td>10h30 \u00e0s 11h30<\/td><\/tr><tr><td>Jana\u00edna Arruda<\/td><td>Portugu\u00eas<\/td><td>11h30 \u00e0s 12h30<\/td><\/tr><tr><td><strong>&#8212;&#8212;&#8212;<\/strong> <\/td><td><strong>INTERVALO<\/strong><\/td><td><strong>&#8212;&#8212;&#8212;<\/strong><\/td><\/tr><tr><td>Herbert Almeida<\/td><td>Direito Administrativo e Regime Jur\u00eddico<\/td><td>13h \u00e0s 15h<\/td><\/tr><tr><td>Nelma Fontana<\/td><td>Direito Constitucional<\/td><td>15h \u00e0s 16h<\/td><\/tr><tr><td>Rani Passos<\/td><td>No\u00e7\u00f5es de Inform\u00e1tica<\/td><td>16h \u00e0s 17h<\/td><\/tr><\/tbody><\/table><\/figure>\n\n\n\n<p class=\"has-text-align-center has-medium-font-size\"><strong><em>N\u00e3o perca nossa transmiss\u00e3o ao vivo e gratuita neste domingo, 10 de novembro, a partir das 8h30<\/em><\/strong>.<\/p>\n\n\n\n<hr class=\"wp-block-separator has-css-opacity\"\/>\n\n\n\n<p class=\"has-text-align-center has-light-green-cyan-background-color has-background\" style=\"font-size:clamp(14.642px, 0.915rem + ((1vw - 3.2px) * 0.721), 22px);px\"><a href=\"https:\/\/www.estrategiaconcursos.com.br\/cursosPorConcurso\/inss-tecnico-do-seguro-social-101\/\" target=\"_blank\" rel=\"noreferrer noopener\"><strong>CURSOS INSS<\/strong><\/a><\/p>\n\n\n\n<p class=\"has-text-align-center has-medium-font-size\"><strong><em>Fique por dentro de todos os concursos<\/em><\/strong><\/p>\n\n\n\n<p class=\"has-text-align-center has-pale-cyan-blue-background-color has-background\" style=\"font-size:clamp(14.642px, 0.915rem + ((1vw - 3.2px) * 0.721), 22px);px\"><a aria-label=\"CONCURSOS ABERTOS (abre numa nova aba)\" href=\"https:\/\/www.estrategiaconcursos.com.br\/blog\/concursos-abertos\/\" target=\"_blank\" rel=\"noreferrer noopener\"><strong>CONCURSOS ABERTOS<\/strong><\/a><\/p>\n","protected":false},"excerpt":{"rendered":"<p>A realiza\u00e7\u00e3o de concurso p\u00fablico para o Instituto Nacional de Seguridade Social foi uma das principais exig\u00eancias da A\u00e7\u00e3o Civil P\u00fablica, ajuizada pelo Minist\u00e9rio P\u00fablico Federal, visto o alto n\u00famero de vac\u00e2ncia atual. Um levantamento feito pela equipe de jornalismo do Estrat\u00e9gia Concursos, apontou que 3.363 servidores deixaram a autarquia entre janeiro e maio de [&hellip;]<\/p>\n","protected":false},"author":129,"featured_media":445455,"comment_status":"open","ping_status":"closed","sticky":false,"template":"","format":"standard","meta":{"post_tipo":"article","footnotes":""},"categories":[1],"tags":[],"tax_estado":[],"class_list":["post-444742","post","type-post","status-publish","format-standard","has-post-thumbnail","hentry","category-cursos-e-concursos"],"acf":[],"yoast_head":"<!-- This site is optimized with the Yoast SEO Premium plugin v27.2 (Yoast SEO v27.2) - https:\/\/yoast.com\/product\/yoast-seo-premium-wordpress\/ -->\n<title>Concurso INSS: eleve sua prepara\u00e7\u00e3o em nossa maratona de aulas<\/title>\n<meta name=\"robots\" content=\"index, follow, max-snippet:-1, max-image-preview:large, max-video-preview:-1\" \/>\n<link rel=\"canonical\" href=\"https:\/\/www.estrategiaconcursos.com.br\/blog\/maratona-inss\/\" \/>\n<meta property=\"og:locale\" content=\"pt_BR\" \/>\n<meta property=\"og:type\" content=\"article\" \/>\n<meta property=\"og:title\" content=\"Concurso INSS: eleve sua prepara\u00e7\u00e3o em nossa maratona de aulas\" \/>\n<meta property=\"og:description\" content=\"A realiza\u00e7\u00e3o de concurso p\u00fablico para o Instituto Nacional de Seguridade Social foi uma das principais exig\u00eancias da A\u00e7\u00e3o Civil P\u00fablica, ajuizada pelo Minist\u00e9rio P\u00fablico Federal, visto o alto n\u00famero de vac\u00e2ncia atual. Um levantamento feito pela equipe de jornalismo do Estrat\u00e9gia Concursos, apontou que 3.363 servidores deixaram a autarquia entre janeiro e maio de [&hellip;]\" \/>\n<meta property=\"og:url\" content=\"https:\/\/www.estrategiaconcursos.com.br\/blog\/maratona-inss\/\" \/>\n<meta property=\"og:site_name\" content=\"Estrat\u00e9gia Concursos\" \/>\n<meta property=\"article:published_time\" content=\"2019-11-09T19:00:24+00:00\" \/>\n<meta property=\"article:modified_time\" content=\"2023-08-28T19:40:16+00:00\" \/>\n<meta property=\"og:image\" content=\"https:\/\/dhg1h5j42swfq.cloudfront.net\/2019\/11\/07190245\/YTB_INSS.jpg\" \/>\n\t<meta property=\"og:image:width\" content=\"1200\" \/>\n\t<meta property=\"og:image:height\" content=\"675\" \/>\n\t<meta property=\"og:image:type\" content=\"image\/jpeg\" \/>\n<meta name=\"author\" content=\"Herbert Almeida\" \/>\n<meta name=\"twitter:card\" content=\"summary_large_image\" \/>\n<meta name=\"twitter:creator\" content=\"@EstratConcursos\" \/>\n<meta name=\"twitter:site\" content=\"@EstratConcursos\" \/>\n<meta name=\"twitter:label1\" content=\"Escrito por\" \/>\n\t<meta name=\"twitter:data1\" content=\"Herbert Almeida\" \/>\n\t<meta name=\"twitter:label2\" content=\"Est. tempo de leitura\" \/>\n\t<meta name=\"twitter:data2\" content=\"1 minuto\" \/>\n<script type=\"application\/ld+json\" class=\"yoast-schema-graph\">{\"@context\":\"https:\/\/schema.org\",\"@graph\":[{\"@type\":\"NewsArticle\",\"@id\":\"https:\/\/www.estrategiaconcursos.com.br\/blog\/maratona-inss\/#article\",\"isPartOf\":{\"@id\":\"https:\/\/www.estrategiaconcursos.com.br\/blog\/maratona-inss\/\"},\"author\":{\"name\":\"Herbert Almeida\",\"@id\":\"https:\/\/www.estrategiaconcursos.com.br\/blog\/#\/schema\/person\/59717c75350fa01aa0fd68a52a8d02e0\"},\"headline\":\"Concurso INSS: eleve sua prepara\u00e7\u00e3o em nossa maratona de aulas\",\"datePublished\":\"2019-11-09T19:00:24+00:00\",\"dateModified\":\"2023-08-28T19:40:16+00:00\",\"mainEntityOfPage\":{\"@id\":\"https:\/\/www.estrategiaconcursos.com.br\/blog\/maratona-inss\/\"},\"wordCount\":315,\"commentCount\":0,\"publisher\":{\"@id\":\"https:\/\/www.estrategiaconcursos.com.br\/blog\/#organization\"},\"image\":{\"@id\":\"https:\/\/www.estrategiaconcursos.com.br\/blog\/maratona-inss\/#primaryimage\"},\"thumbnailUrl\":\"https:\/\/dhg1h5j42swfq.cloudfront.net\/2019\/11\/07190245\/YTB_INSS.jpg\",\"articleSection\":[\"Concursos P\u00fablicos\"],\"inLanguage\":\"pt-BR\",\"potentialAction\":[{\"@type\":\"CommentAction\",\"name\":\"Comment\",\"target\":[\"https:\/\/www.estrategiaconcursos.com.br\/blog\/maratona-inss\/#respond\"]}],\"copyrightYear\":\"2019\",\"copyrightHolder\":{\"@id\":\"https:\/\/www.estrategiaconcursos.com.br\/blog\/#organization\"}},{\"@type\":\"WebPage\",\"@id\":\"https:\/\/www.estrategiaconcursos.com.br\/blog\/maratona-inss\/\",\"url\":\"https:\/\/www.estrategiaconcursos.com.br\/blog\/maratona-inss\/\",\"name\":\"Concurso INSS: eleve sua prepara\u00e7\u00e3o em nossa maratona de aulas\",\"isPartOf\":{\"@id\":\"https:\/\/www.estrategiaconcursos.com.br\/blog\/#website\"},\"primaryImageOfPage\":{\"@id\":\"https:\/\/www.estrategiaconcursos.com.br\/blog\/maratona-inss\/#primaryimage\"},\"image\":{\"@id\":\"https:\/\/www.estrategiaconcursos.com.br\/blog\/maratona-inss\/#primaryimage\"},\"thumbnailUrl\":\"https:\/\/dhg1h5j42swfq.cloudfront.net\/2019\/11\/07190245\/YTB_INSS.jpg\",\"datePublished\":\"2019-11-09T19:00:24+00:00\",\"dateModified\":\"2023-08-28T19:40:16+00:00\",\"breadcrumb\":{\"@id\":\"https:\/\/www.estrategiaconcursos.com.br\/blog\/maratona-inss\/#breadcrumb\"},\"inLanguage\":\"pt-BR\",\"potentialAction\":[{\"@type\":\"ReadAction\",\"target\":[\"https:\/\/www.estrategiaconcursos.com.br\/blog\/maratona-inss\/\"]}]},{\"@type\":\"ImageObject\",\"inLanguage\":\"pt-BR\",\"@id\":\"https:\/\/www.estrategiaconcursos.com.br\/blog\/maratona-inss\/#primaryimage\",\"url\":\"https:\/\/dhg1h5j42swfq.cloudfront.net\/2019\/11\/07190245\/YTB_INSS.jpg\",\"contentUrl\":\"https:\/\/dhg1h5j42swfq.cloudfront.net\/2019\/11\/07190245\/YTB_INSS.jpg\",\"width\":1200,\"height\":675},{\"@type\":\"BreadcrumbList\",\"@id\":\"https:\/\/www.estrategiaconcursos.com.br\/blog\/maratona-inss\/#breadcrumb\",\"itemListElement\":[{\"@type\":\"ListItem\",\"position\":1,\"name\":\"In\u00edcio\",\"item\":\"https:\/\/www.estrategiaconcursos.com.br\/blog\/\"},{\"@type\":\"ListItem\",\"position\":2,\"name\":\"Concurso INSS: eleve sua prepara\u00e7\u00e3o em nossa maratona de aulas\"}]},{\"@type\":\"WebSite\",\"@id\":\"https:\/\/www.estrategiaconcursos.com.br\/blog\/#website\",\"url\":\"https:\/\/www.estrategiaconcursos.com.br\/blog\/\",\"name\":\"Estrat\u00e9gia Concursos\",\"description\":\"O blog da Estrat\u00e9gia Concursos traz not\u00edcias sobre concursos e artigos de professores oferecendo cursos para concursos (pdf + videaulas) no site.\",\"publisher\":{\"@id\":\"https:\/\/www.estrategiaconcursos.com.br\/blog\/#organization\"},\"potentialAction\":[{\"@type\":\"SearchAction\",\"target\":{\"@type\":\"EntryPoint\",\"urlTemplate\":\"https:\/\/www.estrategiaconcursos.com.br\/blog\/?s={search_term_string}\"},\"query-input\":{\"@type\":\"PropertyValueSpecification\",\"valueRequired\":true,\"valueName\":\"search_term_string\"}}],\"inLanguage\":\"pt-BR\"},{\"@type\":\"Organization\",\"@id\":\"https:\/\/www.estrategiaconcursos.com.br\/blog\/#organization\",\"name\":\"Estrat\u00e9gia Concursos\",\"url\":\"https:\/\/www.estrategiaconcursos.com.br\/blog\/\",\"logo\":{\"@type\":\"ImageObject\",\"inLanguage\":\"pt-BR\",\"@id\":\"https:\/\/www.estrategiaconcursos.com.br\/blog\/#\/schema\/logo\/image\/\",\"url\":\"https:\/\/dhg1h5j42swfq.cloudfront.net\/2025\/06\/03203428\/logo_concursos-1.jpg\",\"contentUrl\":\"https:\/\/dhg1h5j42swfq.cloudfront.net\/2025\/06\/03203428\/logo_concursos-1.jpg\",\"width\":230,\"height\":60,\"caption\":\"Estrat\u00e9gia Concursos\"},\"image\":{\"@id\":\"https:\/\/www.estrategiaconcursos.com.br\/blog\/#\/schema\/logo\/image\/\"},\"sameAs\":[\"https:\/\/x.com\/EstratConcursos\"]},{\"@type\":\"Person\",\"@id\":\"https:\/\/www.estrategiaconcursos.com.br\/blog\/#\/schema\/person\/59717c75350fa01aa0fd68a52a8d02e0\",\"name\":\"Herbert Almeida\",\"image\":{\"@type\":\"ImageObject\",\"inLanguage\":\"pt-BR\",\"@id\":\"https:\/\/secure.gravatar.com\/avatar\/b6461a43893c24d5fc91efc433971ffec025c84c0341129f4578034d77f9a536?s=96&d=mm&r=g\",\"url\":\"https:\/\/secure.gravatar.com\/avatar\/b6461a43893c24d5fc91efc433971ffec025c84c0341129f4578034d77f9a536?s=96&d=mm&r=g\",\"contentUrl\":\"https:\/\/secure.gravatar.com\/avatar\/b6461a43893c24d5fc91efc433971ffec025c84c0341129f4578034d77f9a536?s=96&d=mm&r=g\",\"caption\":\"Herbert Almeida\"},\"url\":\"https:\/\/www.estrategiaconcursos.com.br\/blog\/author\/herbertestrategiaconcursos-com-br\/\"}]}<\/script>\n<!-- \/ Yoast SEO Premium plugin. -->","yoast_head_json":{"title":"Concurso INSS: eleve sua prepara\u00e7\u00e3o em nossa maratona de aulas","robots":{"index":"index","follow":"follow","max-snippet":"max-snippet:-1","max-image-preview":"max-image-preview:large","max-video-preview":"max-video-preview:-1"},"canonical":"https:\/\/www.estrategiaconcursos.com.br\/blog\/maratona-inss\/","og_locale":"pt_BR","og_type":"article","og_title":"Concurso INSS: eleve sua prepara\u00e7\u00e3o em nossa maratona de aulas","og_description":"A realiza\u00e7\u00e3o de concurso p\u00fablico para o Instituto Nacional de Seguridade Social foi uma das principais exig\u00eancias da A\u00e7\u00e3o Civil P\u00fablica, ajuizada pelo Minist\u00e9rio P\u00fablico Federal, visto o alto n\u00famero de vac\u00e2ncia atual. Um levantamento feito pela equipe de jornalismo do Estrat\u00e9gia Concursos, apontou que 3.363 servidores deixaram a autarquia entre janeiro e maio de [&hellip;]","og_url":"https:\/\/www.estrategiaconcursos.com.br\/blog\/maratona-inss\/","og_site_name":"Estrat\u00e9gia Concursos","article_published_time":"2019-11-09T19:00:24+00:00","article_modified_time":"2023-08-28T19:40:16+00:00","og_image":[{"width":1200,"height":675,"url":"https:\/\/dhg1h5j42swfq.cloudfront.net\/2019\/11\/07190245\/YTB_INSS.jpg","type":"image\/jpeg"}],"author":"Herbert Almeida","twitter_card":"summary_large_image","twitter_creator":"@EstratConcursos","twitter_site":"@EstratConcursos","twitter_misc":{"Escrito por":"Herbert Almeida","Est. tempo de leitura":"1 minuto"},"schema":{"@context":"https:\/\/schema.org","@graph":[{"@type":"NewsArticle","@id":"https:\/\/www.estrategiaconcursos.com.br\/blog\/maratona-inss\/#article","isPartOf":{"@id":"https:\/\/www.estrategiaconcursos.com.br\/blog\/maratona-inss\/"},"author":{"name":"Herbert Almeida","@id":"https:\/\/www.estrategiaconcursos.com.br\/blog\/#\/schema\/person\/59717c75350fa01aa0fd68a52a8d02e0"},"headline":"Concurso INSS: eleve sua prepara\u00e7\u00e3o em nossa maratona de aulas","datePublished":"2019-11-09T19:00:24+00:00","dateModified":"2023-08-28T19:40:16+00:00","mainEntityOfPage":{"@id":"https:\/\/www.estrategiaconcursos.com.br\/blog\/maratona-inss\/"},"wordCount":315,"commentCount":0,"publisher":{"@id":"https:\/\/www.estrategiaconcursos.com.br\/blog\/#organization"},"image":{"@id":"https:\/\/www.estrategiaconcursos.com.br\/blog\/maratona-inss\/#primaryimage"},"thumbnailUrl":"https:\/\/dhg1h5j42swfq.cloudfront.net\/2019\/11\/07190245\/YTB_INSS.jpg","articleSection":["Concursos P\u00fablicos"],"inLanguage":"pt-BR","potentialAction":[{"@type":"CommentAction","name":"Comment","target":["https:\/\/www.estrategiaconcursos.com.br\/blog\/maratona-inss\/#respond"]}],"copyrightYear":"2019","copyrightHolder":{"@id":"https:\/\/www.estrategiaconcursos.com.br\/blog\/#organization"}},{"@type":"WebPage","@id":"https:\/\/www.estrategiaconcursos.com.br\/blog\/maratona-inss\/","url":"https:\/\/www.estrategiaconcursos.com.br\/blog\/maratona-inss\/","name":"Concurso INSS: eleve sua prepara\u00e7\u00e3o em nossa maratona de aulas","isPartOf":{"@id":"https:\/\/www.estrategiaconcursos.com.br\/blog\/#website"},"primaryImageOfPage":{"@id":"https:\/\/www.estrategiaconcursos.com.br\/blog\/maratona-inss\/#primaryimage"},"image":{"@id":"https:\/\/www.estrategiaconcursos.com.br\/blog\/maratona-inss\/#primaryimage"},"thumbnailUrl":"https:\/\/dhg1h5j42swfq.cloudfront.net\/2019\/11\/07190245\/YTB_INSS.jpg","datePublished":"2019-11-09T19:00:24+00:00","dateModified":"2023-08-28T19:40:16+00:00","breadcrumb":{"@id":"https:\/\/www.estrategiaconcursos.com.br\/blog\/maratona-inss\/#breadcrumb"},"inLanguage":"pt-BR","potentialAction":[{"@type":"ReadAction","target":["https:\/\/www.estrategiaconcursos.com.br\/blog\/maratona-inss\/"]}]},{"@type":"ImageObject","inLanguage":"pt-BR","@id":"https:\/\/www.estrategiaconcursos.com.br\/blog\/maratona-inss\/#primaryimage","url":"https:\/\/dhg1h5j42swfq.cloudfront.net\/2019\/11\/07190245\/YTB_INSS.jpg","contentUrl":"https:\/\/dhg1h5j42swfq.cloudfront.net\/2019\/11\/07190245\/YTB_INSS.jpg","width":1200,"height":675},{"@type":"BreadcrumbList","@id":"https:\/\/www.estrategiaconcursos.com.br\/blog\/maratona-inss\/#breadcrumb","itemListElement":[{"@type":"ListItem","position":1,"name":"In\u00edcio","item":"https:\/\/www.estrategiaconcursos.com.br\/blog\/"},{"@type":"ListItem","position":2,"name":"Concurso INSS: eleve sua prepara\u00e7\u00e3o em nossa maratona de aulas"}]},{"@type":"WebSite","@id":"https:\/\/www.estrategiaconcursos.com.br\/blog\/#website","url":"https:\/\/www.estrategiaconcursos.com.br\/blog\/","name":"Estrat\u00e9gia Concursos","description":"O blog da Estrat\u00e9gia Concursos traz not\u00edcias sobre concursos e artigos de professores oferecendo cursos para concursos (pdf + videaulas) no site.","publisher":{"@id":"https:\/\/www.estrategiaconcursos.com.br\/blog\/#organization"},"potentialAction":[{"@type":"SearchAction","target":{"@type":"EntryPoint","urlTemplate":"https:\/\/www.estrategiaconcursos.com.br\/blog\/?s={search_term_string}"},"query-input":{"@type":"PropertyValueSpecification","valueRequired":true,"valueName":"search_term_string"}}],"inLanguage":"pt-BR"},{"@type":"Organization","@id":"https:\/\/www.estrategiaconcursos.com.br\/blog\/#organization","name":"Estrat\u00e9gia Concursos","url":"https:\/\/www.estrategiaconcursos.com.br\/blog\/","logo":{"@type":"ImageObject","inLanguage":"pt-BR","@id":"https:\/\/www.estrategiaconcursos.com.br\/blog\/#\/schema\/logo\/image\/","url":"https:\/\/dhg1h5j42swfq.cloudfront.net\/2025\/06\/03203428\/logo_concursos-1.jpg","contentUrl":"https:\/\/dhg1h5j42swfq.cloudfront.net\/2025\/06\/03203428\/logo_concursos-1.jpg","width":230,"height":60,"caption":"Estrat\u00e9gia Concursos"},"image":{"@id":"https:\/\/www.estrategiaconcursos.com.br\/blog\/#\/schema\/logo\/image\/"},"sameAs":["https:\/\/x.com\/EstratConcursos"]},{"@type":"Person","@id":"https:\/\/www.estrategiaconcursos.com.br\/blog\/#\/schema\/person\/59717c75350fa01aa0fd68a52a8d02e0","name":"Herbert Almeida","image":{"@type":"ImageObject","inLanguage":"pt-BR","@id":"https:\/\/secure.gravatar.com\/avatar\/b6461a43893c24d5fc91efc433971ffec025c84c0341129f4578034d77f9a536?s=96&d=mm&r=g","url":"https:\/\/secure.gravatar.com\/avatar\/b6461a43893c24d5fc91efc433971ffec025c84c0341129f4578034d77f9a536?s=96&d=mm&r=g","contentUrl":"https:\/\/secure.gravatar.com\/avatar\/b6461a43893c24d5fc91efc433971ffec025c84c0341129f4578034d77f9a536?s=96&d=mm&r=g","caption":"Herbert Almeida"},"url":"https:\/\/www.estrategiaconcursos.com.br\/blog\/author\/herbertestrategiaconcursos-com-br\/"}]}},"_links":{"self":[{"href":"https:\/\/www.estrategiaconcursos.com.br\/blog\/wp-json\/wp\/v2\/posts\/444742","targetHints":{"allow":["GET"]}}],"collection":[{"href":"https:\/\/www.estrategiaconcursos.com.br\/blog\/wp-json\/wp\/v2\/posts"}],"about":[{"href":"https:\/\/www.estrategiaconcursos.com.br\/blog\/wp-json\/wp\/v2\/types\/post"}],"author":[{"embeddable":true,"href":"https:\/\/www.estrategiaconcursos.com.br\/blog\/wp-json\/wp\/v2\/users\/129"}],"replies":[{"embeddable":true,"href":"https:\/\/www.estrategiaconcursos.com.br\/blog\/wp-json\/wp\/v2\/comments?post=444742"}],"version-history":[{"count":6,"href":"https:\/\/www.estrategiaconcursos.com.br\/blog\/wp-json\/wp\/v2\/posts\/444742\/revisions"}],"predecessor-version":[{"id":1270327,"href":"https:\/\/www.estrategiaconcursos.com.br\/blog\/wp-json\/wp\/v2\/posts\/444742\/revisions\/1270327"}],"wp:featuredmedia":[{"embeddable":true,"href":"https:\/\/www.estrategiaconcursos.com.br\/blog\/wp-json\/wp\/v2\/media\/445455"}],"wp:attachment":[{"href":"https:\/\/www.estrategiaconcursos.com.br\/blog\/wp-json\/wp\/v2\/media?parent=444742"}],"wp:term":[{"taxonomy":"category","embeddable":true,"href":"https:\/\/www.estrategiaconcursos.com.br\/blog\/wp-json\/wp\/v2\/categories?post=444742"},{"taxonomy":"post_tag","embeddable":true,"href":"https:\/\/www.estrategiaconcursos.com.br\/blog\/wp-json\/wp\/v2\/tags?post=444742"},{"taxonomy":"tax_estado","embeddable":true,"href":"https:\/\/www.estrategiaconcursos.com.br\/blog\/wp-json\/wp\/v2\/tax_estado?post=444742"}],"curies":[{"name":"wp","href":"https:\/\/api.w.org\/{rel}","templated":true}]}}