{"id":444645,"date":"2019-11-23T01:00:00","date_gmt":"2019-11-23T04:00:00","guid":{"rendered":"https:\/\/www.estrategiaconcursos.com.br\/blog\/?p=444645"},"modified":"2019-11-23T09:18:52","modified_gmt":"2019-11-23T12:18:52","slug":"concurso-prefeitura-de-navegantes-sc","status":"publish","type":"post","link":"https:\/\/www.estrategiaconcursos.com.br\/blog\/concurso-prefeitura-de-navegantes-sc\/","title":{"rendered":"Concurso Prefeitura de Navegantes SC: inscri\u00e7\u00f5es ENCERRADAS para \u00e1rea da educa\u00e7\u00e3o"},"content":{"rendered":"\n<h2 class=\"wp-block-heading\">Inscri\u00e7\u00f5es terminaram na sexta, 22 de novembro <\/h2>\n\n\n\n<p>Foram publicado no Di\u00e1rio Catarinense e no Di\u00e1rio Oficial do Munic\u00edpio de Santa Catarina, dois editais referentes ao processo seletivo simplificado e ao concurso da Prefeitura de Navegantes SC.  <\/p>\n\n\n\n<p>O primeiro \u00e9 pertencente ao certame que oferta ao todo 3 vagas para cargos de Professor de S\u00e9ries\/ Anos Iniciais do Ensino Fundamental, Professor de Educa\u00e7\u00e3o Infantil e Professor de Matem\u00e1tica.<\/p>\n\n\n\n<p> J\u00e1 o processo seletivo \u00e9 para cadastro de reserva e visa preencher diversas outras vagas na \u00e1rea da educa\u00e7\u00e3o. <\/p>\n\n\n\n<p>Todos os candidatos interessados em participar do concurso p\u00fablico deveriam entrar no site da banca organizadora <strong>Objetivas <\/strong>at\u00e9 o dia <strong>22 de novembro de 2019. <\/strong>Al\u00e9m disso, era necess\u00e1rio efetuar o pagamento da taxa fixada que variava entre R$ 30,00 a R$ 100,00.<\/p>\n\n\n\n<h2 class=\"wp-block-heading\">Principais datas:<\/h2>\n\n\n\n<p class=\"has-background has-very-light-gray-background-color\"><strong>Inscri\u00e7\u00f5es<\/strong>: 31 de outubro a 22 de novembro de 2019<br \/><strong>Prova<\/strong>: 22 de dezembro de 2019<\/p>\n\n\n\n<h2 class=\"wp-block-heading\">Cargos\/vagas e remunera\u00e7\u00f5es do concurso Prefeitura de Navegantes SC<\/h2>\n\n\n\n<p>As vagas destinadas para o concurso p\u00fablico s\u00e3o de Professor de Educa\u00e7\u00e3o Infantil, Anos Finais e Anos Iniciais do Ensino Fundamental com vencimentos iniciais de <strong>R$ 1.598,96<\/strong> como segue na tabela abaixo: <\/p>\n\n\n\n<div class=\"wp-block-image\"><figure class=\"aligncenter is-resized\"><img loading=\"lazy\" decoding=\"async\" src=\"https:\/\/dhg1h5j42swfq.cloudfront.net\/2019\/11\/06094750\/PROFESSOR.png.png\" alt=\"\" class=\"wp-image-444665\" width=\"648\" height=\"152\" srcset=\"https:\/\/dhg1h5j42swfq.cloudfront.net\/2019\/11\/06094750\/PROFESSOR.png.png 826w, https:\/\/dhg1h5j42swfq.cloudfront.net\/2019\/11\/06094750\/PROFESSOR.png.png 300w, https:\/\/dhg1h5j42swfq.cloudfront.net\/2019\/11\/06094750\/PROFESSOR.png.png 768w, https:\/\/dhg1h5j42swfq.cloudfront.net\/2019\/11\/06094750\/PROFESSOR.png.png 610w\" sizes=\"auto, (max-width: 648px) 100vw, 648px\" \/><\/figure><\/div>\n\n\n\n<h2 class=\"wp-block-heading\">Cargos\/vagas e remunera\u00e7\u00f5es do Processo seletivo simplificado<\/h2>\n\n\n\n<p>J\u00e1 o processo seletivo simplificado traz diversas outras vagas na \u00e1rea da educa\u00e7\u00e3o. A remunera\u00e7\u00e3o para estes cargos pode variar entre <strong>R$ 1.102,15 a R$ 3.453,78.<\/strong> Confira todos os detalhes na tabela abaixo!<\/p>\n\n\n\n<div class=\"wp-block-image\"><figure class=\"aligncenter is-resized\"><img loading=\"lazy\" decoding=\"async\" src=\"https:\/\/dhg1h5j42swfq.cloudfront.net\/2019\/11\/06095015\/PSS.png.png\" alt=\"\" class=\"wp-image-444670\" width=\"603\" height=\"764\" srcset=\"https:\/\/dhg1h5j42swfq.cloudfront.net\/2019\/11\/06095015\/PSS.png.png 742w, https:\/\/dhg1h5j42swfq.cloudfront.net\/2019\/11\/06095015\/PSS.png.png 237w, https:\/\/dhg1h5j42swfq.cloudfront.net\/2019\/11\/06095015\/PSS.png.png 610w\" sizes=\"auto, (max-width: 603px) 100vw, 603px\" \/><\/figure><\/div>\n\n\n\n<div class=\"wp-block-image\"><figure class=\"aligncenter is-resized\"><img loading=\"lazy\" decoding=\"async\" src=\"https:\/\/dhg1h5j42swfq.cloudfront.net\/2019\/11\/06095027\/PSS-2.png.png\" alt=\"\" class=\"wp-image-444671\" width=\"609\" height=\"442\" srcset=\"https:\/\/dhg1h5j42swfq.cloudfront.net\/2019\/11\/06095027\/PSS-2.png.png 699w, https:\/\/dhg1h5j42swfq.cloudfront.net\/2019\/11\/06095027\/PSS-2.png.png 300w, https:\/\/dhg1h5j42swfq.cloudfront.net\/2019\/11\/06095027\/PSS-2.png.png 610w\" sizes=\"auto, (max-width: 609px) 100vw, 609px\" \/><\/figure><\/div>\n\n\n\n<h2 class=\"wp-block-heading\">Etapas do concurso e processo seletivo simplificado<\/h2>\n\n\n\n<p>As avalia\u00e7\u00f5es do concurso da Prefeitura de Navegantes SC e do processo seletivo ser\u00e3o aplicadas no dia <strong>22 de dezembro<\/strong>, em locais e hor\u00e1rios a serem informados no dia 20 de dezembro. <\/p>\n\n\n\n<p>O certame contar\u00e1 com uma Prova objetiva de car\u00e1ter eliminat\u00f3rio\/classificat\u00f3rio, em primeira etapa, com quest\u00f5es objetivas, de m\u00faltipla escolha, com 4 alternativas, compat\u00edveis com o n\u00edvel de escolaridade, forma\u00e7\u00e3o acad\u00eamica exigida e com as atribui\u00e7\u00f5es dos cargos.<\/p>\n\n\n\n<p>Al\u00e9m de uma prova de t\u00edtulos, de car\u00e1ter classificat\u00f3rio, como \u00faltima etapa, para TODOS os candidatos, desde que habilitados na prova eliminat\u00f3ria.<\/p>\n\n\n\n<p>Confira abaixo as disciplinas que ser\u00e3o cobradas no certame e as respectivas pontua\u00e7\u00f5es:<\/p>\n\n\n\n<div class=\"wp-block-image\"><figure class=\"aligncenter is-resized\"><img loading=\"lazy\" decoding=\"async\" src=\"https:\/\/dhg1h5j42swfq.cloudfront.net\/2019\/11\/06100928\/certame.png.png\" alt=\"\" class=\"wp-image-444693\" width=\"663\" height=\"95\" srcset=\"https:\/\/dhg1h5j42swfq.cloudfront.net\/2019\/11\/06100928\/certame.png.png 720w, https:\/\/dhg1h5j42swfq.cloudfront.net\/2019\/11\/06100928\/certame.png.png 300w, https:\/\/dhg1h5j42swfq.cloudfront.net\/2019\/11\/06100928\/certame.png.png 610w\" sizes=\"auto, (max-width: 663px) 100vw, 663px\" \/><\/figure><\/div>\n\n\n\n<p>J\u00e1 os cargos do processo seletivo tamb\u00e9m far\u00e3o uma prova objetiva, de car\u00e1ter eliminat\u00f3rio\/classificat\u00f3rio, em primeira etapa, com quest\u00f5es objetivas, de m\u00faltipla escolha, com 4 alternativas. <\/p>\n\n\n\n<p>Al\u00e9m disso, ser\u00e1 aplicada uma prova de t\u00edtulos, de car\u00e1ter classificat\u00f3rio, como \u00faltima etapa, para os candidatos<strong> \u00e0 ESPECIALISTA EM ASSUNTOS EDUCACIONAIS &#8211; ORIENTA\u00c7\u00c3O ESCOLAR, ESPECIALISTA EM ASSUNTOS EDUCACIONAIS &#8211; SUPERVIS\u00c3O ESCOLAR e PROFESSOR (TODOS<\/strong>).  <\/p>\n\n\n\n<p>Confira abaixo as disciplinas do PSS (Processo seletivo simplificado) e pontua\u00e7\u00f5es:<\/p>\n\n\n\n<div class=\"wp-block-image\"><figure class=\"aligncenter is-resized\"><img loading=\"lazy\" decoding=\"async\" src=\"https:\/\/dhg1h5j42swfq.cloudfront.net\/2019\/11\/06101229\/PSS.png1.png\" alt=\"\" class=\"wp-image-444697\" width=\"650\" height=\"205\" srcset=\"https:\/\/dhg1h5j42swfq.cloudfront.net\/2019\/11\/06101229\/PSS.png1.png 791w, https:\/\/dhg1h5j42swfq.cloudfront.net\/2019\/11\/06101229\/PSS.png1.png 300w, https:\/\/dhg1h5j42swfq.cloudfront.net\/2019\/11\/06101229\/PSS.png1.png 768w, https:\/\/dhg1h5j42swfq.cloudfront.net\/2019\/11\/06101229\/PSS.png1.png 610w\" sizes=\"auto, (max-width: 650px) 100vw, 650px\" \/><\/figure><\/div>\n\n\n\n<p>O concurso p\u00fablico \u00e9 v\u00e1lido por 24 meses e o processo seletivo por 12 meses, a contar da data de homologa\u00e7\u00e3o do resultado final, prazo este que poder\u00e1 ser prorrogado uma vez, por igual per\u00edodo, a crit\u00e9rio da administra\u00e7\u00e3o municipal.<\/p>\n\n\n\n<p style=\"text-align:center\"><em><strong>Gostou desta oportunidade e deseja come\u00e7ar se preparar agora mesmo? Ent\u00e3o, confira os nossos cursos e comece a estudar!<\/strong><\/em><\/p>\n\n\n\n<p style=\"font-size:22px;text-align:center\" class=\"has-background has-very-light-gray-background-color\"><strong><a rel=\"noreferrer noopener\" aria-label=\"CURSO para CONCURSO  (abre numa nova aba)\" href=\"https:\/\/www.estrategiaconcursos.com.br\/cursos\/concurso\/\" target=\"_blank\">CURSO para CONCURSO <\/a><\/strong><\/p>\n\n\n\n<p style=\"font-size:22px;text-align:center\" class=\"has-background has-luminous-vivid-amber-background-color\"><strong><a href=\"https:\/\/www.estrategiaconcursos.com.br\/gratis\/melhor-black-friday\/\" target=\"_blank\" rel=\"noreferrer noopener\">PROMO\u00c7\u00c3O: \u00c9 MELHOR QUE BLACK FRIDAY!<\/a><\/strong><\/p>\n\n\n\n<p style=\"text-align:center\"><em><strong>Fique por dentro de todos os concursos<\/strong><\/em>:<\/p>\n\n\n\n<p style=\"font-size:22px;text-align:center\" class=\"has-background has-pale-cyan-blue-background-color\"><a rel=\"noreferrer noopener\" href=\"https:\/\/www.estrategiaconcursos.com.br\/blog\/concursos-abertos\/\" target=\"_blank\"><strong>Concursos abertos<\/strong><\/a><\/p>\n\n\n\n<p style=\"font-size:22px;text-align:center\" class=\"has-background has-pale-cyan-blue-background-color\"><a rel=\"noreferrer noopener\" href=\"https:\/\/www.estrategiaconcursos.com.br\/blog\/concursos-2019\/\" target=\"_blank\"><strong>Concursos 2019<\/strong><\/a><\/p>\n\n\n\n<p style=\"font-size:22px;text-align:center\" class=\"has-background has-pale-cyan-blue-background-color\"><a rel=\"noreferrer noopener\" href=\"https:\/\/www.estrategiaconcursos.com.br\/blog\/concursos-2020\/\" target=\"_blank\"><strong>Concursos 2020<\/strong><\/a><\/p>\n\n\n\n<figure class=\"wp-block-image\"><img loading=\"lazy\" decoding=\"async\" width=\"300\" height=\"102\" src=\"https:\/\/dhg1h5j42swfq.cloudfront.net\/2017\/03\/28152500\/coruja-ficha-tecnica-300x102.png\" alt=\"Ficha t\u00e9cnica concurso celesc\" class=\"wp-image-68542\"\/><\/figure>\n\n\n\n<h4 class=\"wp-block-heading\" id=\"ficha-tecnica\"><strong>\u2666Informa\u00e7\u00f5es do concurso <\/strong>Prefeitura de Navegantes SC<\/h4>\n\n\n\n<p>\u25ba<strong>Data<\/strong> <strong>da prova<\/strong>:&nbsp;22 de dezembro <br \/><strong>\u25baVagas:&nbsp;<\/strong>3 + CR<br \/><strong>\u25baCargos:<\/strong>&nbsp;diversos<br \/><strong>\u25baEscolaridade:&nbsp;<\/strong>N\u00edvel fundamental, m\u00e9dio e superior<br \/><strong>\u25baBanca:&nbsp;<\/strong>Objetivas<br \/><strong>\u25baEdital:<\/strong>&nbsp;<a rel=\"noreferrer noopener\" aria-label=\"Edital Concurso Prefeitura de Navegantes SC (abre numa nova aba)\" href=\"https:\/\/dhg1h5j42swfq.cloudfront.net\/2019\/11\/06102324\/CONCURSO.pdf\" target=\"_blank\"><strong>Edital Concurso Prefeitura de Navegantes SC<\/strong><\/a><br \/><strong><a href=\"https:\/\/dhg1h5j42swfq.cloudfront.net\/2019\/11\/06102353\/PSS.pdf\" target=\"_blank\" rel=\"noreferrer noopener\" aria-label=\"Edital PSS Prefeitura de Navegantes SC (abre numa nova aba)\">Edital PSS Prefeitura de Navegantes SC<\/a><\/strong><\/p>\n","protected":false},"excerpt":{"rendered":"<p>Inscri\u00e7\u00f5es terminaram na sexta, 22 de novembro Foram publicado no Di\u00e1rio Catarinense e no Di\u00e1rio Oficial do Munic\u00edpio de Santa Catarina, dois editais referentes ao processo seletivo simplificado e ao concurso da Prefeitura de Navegantes SC. O primeiro \u00e9 pertencente ao certame que oferta ao todo 3 vagas para cargos de Professor de S\u00e9ries\/ Anos [&hellip;]<\/p>\n","protected":false},"author":1,"featured_media":444273,"comment_status":"open","ping_status":"closed","sticky":false,"template":"","format":"standard","meta":{"post_tipo":"article","footnotes":""},"categories":[1],"tags":[],"tax_estado":[],"class_list":["post-444645","post","type-post","status-publish","format-standard","has-post-thumbnail","hentry","category-cursos-e-concursos"],"acf":[],"yoast_head":"<!-- This site is optimized with the Yoast SEO Premium plugin v27.2 (Yoast SEO v27.2) - https:\/\/yoast.com\/product\/yoast-seo-premium-wordpress\/ -->\n<title>Concurso Prefeitura de Navegantes SC: inscri\u00e7\u00f5es ENCERRADAS para \u00e1rea da educa\u00e7\u00e3o<\/title>\n<meta name=\"robots\" content=\"index, follow, max-snippet:-1, max-image-preview:large, max-video-preview:-1\" \/>\n<link rel=\"canonical\" href=\"https:\/\/www.estrategiaconcursos.com.br\/blog\/concurso-prefeitura-de-navegantes-sc\/\" \/>\n<meta property=\"og:locale\" content=\"pt_BR\" \/>\n<meta property=\"og:type\" content=\"article\" \/>\n<meta property=\"og:title\" content=\"Concurso Prefeitura de Navegantes SC: inscri\u00e7\u00f5es ENCERRADAS para \u00e1rea da educa\u00e7\u00e3o\" \/>\n<meta property=\"og:description\" content=\"Inscri\u00e7\u00f5es terminaram na sexta, 22 de novembro Foram publicado no Di\u00e1rio Catarinense e no Di\u00e1rio Oficial do Munic\u00edpio de Santa Catarina, dois editais referentes ao processo seletivo simplificado e ao concurso da Prefeitura de Navegantes SC. O primeiro \u00e9 pertencente ao certame que oferta ao todo 3 vagas para cargos de Professor de S\u00e9ries\/ Anos [&hellip;]\" \/>\n<meta property=\"og:url\" content=\"https:\/\/www.estrategiaconcursos.com.br\/blog\/concurso-prefeitura-de-navegantes-sc\/\" \/>\n<meta property=\"og:site_name\" content=\"Estrat\u00e9gia Concursos\" \/>\n<meta property=\"article:author\" content=\"https:\/\/www.facebook.com\/EstrategiaConcursos\" \/>\n<meta property=\"article:published_time\" content=\"2019-11-23T04:00:00+00:00\" \/>\n<meta property=\"article:modified_time\" content=\"2019-11-23T12:18:52+00:00\" \/>\n<meta property=\"og:image\" content=\"https:\/\/dhg1h5j42swfq.cloudfront.net\/2019\/11\/05113826\/Saiu-Edital-8.png\" \/>\n\t<meta property=\"og:image:width\" content=\"1200\" \/>\n\t<meta property=\"og:image:height\" content=\"628\" \/>\n\t<meta property=\"og:image:type\" content=\"image\/png\" \/>\n<meta name=\"author\" content=\"Coordena\u00e7\u00e3o\" \/>\n<meta name=\"twitter:card\" content=\"summary_large_image\" \/>\n<meta name=\"twitter:creator\" content=\"@EstratConcursos\" \/>\n<meta name=\"twitter:site\" content=\"@EstratConcursos\" \/>\n<meta name=\"twitter:label1\" content=\"Escrito por\" \/>\n\t<meta name=\"twitter:data1\" content=\"Coordena\u00e7\u00e3o\" \/>\n\t<meta name=\"twitter:label2\" content=\"Est. tempo de leitura\" \/>\n\t<meta name=\"twitter:data2\" content=\"3 minutos\" \/>\n<script type=\"application\/ld+json\" class=\"yoast-schema-graph\">{\"@context\":\"https:\/\/schema.org\",\"@graph\":[{\"@type\":\"NewsArticle\",\"@id\":\"https:\/\/www.estrategiaconcursos.com.br\/blog\/concurso-prefeitura-de-navegantes-sc\/#article\",\"isPartOf\":{\"@id\":\"https:\/\/www.estrategiaconcursos.com.br\/blog\/concurso-prefeitura-de-navegantes-sc\/\"},\"author\":{\"name\":\"Coordena\u00e7\u00e3o\",\"@id\":\"https:\/\/www.estrategiaconcursos.com.br\/blog\/#\/schema\/person\/b4a388c97673c5f483d72185668afa1f\"},\"headline\":\"Concurso Prefeitura de Navegantes SC: inscri\u00e7\u00f5es ENCERRADAS para \u00e1rea da educa\u00e7\u00e3o\",\"datePublished\":\"2019-11-23T04:00:00+00:00\",\"dateModified\":\"2019-11-23T12:18:52+00:00\",\"mainEntityOfPage\":{\"@id\":\"https:\/\/www.estrategiaconcursos.com.br\/blog\/concurso-prefeitura-de-navegantes-sc\/\"},\"wordCount\":590,\"commentCount\":0,\"publisher\":{\"@id\":\"https:\/\/www.estrategiaconcursos.com.br\/blog\/#organization\"},\"image\":{\"@id\":\"https:\/\/www.estrategiaconcursos.com.br\/blog\/concurso-prefeitura-de-navegantes-sc\/#primaryimage\"},\"thumbnailUrl\":\"https:\/\/dhg1h5j42swfq.cloudfront.net\/2019\/11\/05113826\/Saiu-Edital-8.png\",\"articleSection\":[\"Concursos P\u00fablicos\"],\"inLanguage\":\"pt-BR\",\"potentialAction\":[{\"@type\":\"CommentAction\",\"name\":\"Comment\",\"target\":[\"https:\/\/www.estrategiaconcursos.com.br\/blog\/concurso-prefeitura-de-navegantes-sc\/#respond\"]}],\"copyrightYear\":\"2019\",\"copyrightHolder\":{\"@id\":\"https:\/\/www.estrategiaconcursos.com.br\/blog\/#organization\"}},{\"@type\":\"WebPage\",\"@id\":\"https:\/\/www.estrategiaconcursos.com.br\/blog\/concurso-prefeitura-de-navegantes-sc\/\",\"url\":\"https:\/\/www.estrategiaconcursos.com.br\/blog\/concurso-prefeitura-de-navegantes-sc\/\",\"name\":\"Concurso Prefeitura de Navegantes SC: inscri\u00e7\u00f5es ENCERRADAS para \u00e1rea da educa\u00e7\u00e3o\",\"isPartOf\":{\"@id\":\"https:\/\/www.estrategiaconcursos.com.br\/blog\/#website\"},\"primaryImageOfPage\":{\"@id\":\"https:\/\/www.estrategiaconcursos.com.br\/blog\/concurso-prefeitura-de-navegantes-sc\/#primaryimage\"},\"image\":{\"@id\":\"https:\/\/www.estrategiaconcursos.com.br\/blog\/concurso-prefeitura-de-navegantes-sc\/#primaryimage\"},\"thumbnailUrl\":\"https:\/\/dhg1h5j42swfq.cloudfront.net\/2019\/11\/05113826\/Saiu-Edital-8.png\",\"datePublished\":\"2019-11-23T04:00:00+00:00\",\"dateModified\":\"2019-11-23T12:18:52+00:00\",\"breadcrumb\":{\"@id\":\"https:\/\/www.estrategiaconcursos.com.br\/blog\/concurso-prefeitura-de-navegantes-sc\/#breadcrumb\"},\"inLanguage\":\"pt-BR\",\"potentialAction\":[{\"@type\":\"ReadAction\",\"target\":[\"https:\/\/www.estrategiaconcursos.com.br\/blog\/concurso-prefeitura-de-navegantes-sc\/\"]}]},{\"@type\":\"ImageObject\",\"inLanguage\":\"pt-BR\",\"@id\":\"https:\/\/www.estrategiaconcursos.com.br\/blog\/concurso-prefeitura-de-navegantes-sc\/#primaryimage\",\"url\":\"https:\/\/dhg1h5j42swfq.cloudfront.net\/2019\/11\/05113826\/Saiu-Edital-8.png\",\"contentUrl\":\"https:\/\/dhg1h5j42swfq.cloudfront.net\/2019\/11\/05113826\/Saiu-Edital-8.png\",\"width\":1200,\"height\":628,\"caption\":\"PSS NOVA IGUA\u00c7U RJ\"},{\"@type\":\"BreadcrumbList\",\"@id\":\"https:\/\/www.estrategiaconcursos.com.br\/blog\/concurso-prefeitura-de-navegantes-sc\/#breadcrumb\",\"itemListElement\":[{\"@type\":\"ListItem\",\"position\":1,\"name\":\"In\u00edcio\",\"item\":\"https:\/\/www.estrategiaconcursos.com.br\/blog\/\"},{\"@type\":\"ListItem\",\"position\":2,\"name\":\"Concurso Prefeitura de Navegantes SC: inscri\u00e7\u00f5es ENCERRADAS para \u00e1rea da educa\u00e7\u00e3o\"}]},{\"@type\":\"WebSite\",\"@id\":\"https:\/\/www.estrategiaconcursos.com.br\/blog\/#website\",\"url\":\"https:\/\/www.estrategiaconcursos.com.br\/blog\/\",\"name\":\"Estrat\u00e9gia Concursos\",\"description\":\"O blog da Estrat\u00e9gia Concursos traz not\u00edcias sobre concursos e artigos de professores oferecendo cursos para concursos (pdf + videaulas) no site.\",\"publisher\":{\"@id\":\"https:\/\/www.estrategiaconcursos.com.br\/blog\/#organization\"},\"potentialAction\":[{\"@type\":\"SearchAction\",\"target\":{\"@type\":\"EntryPoint\",\"urlTemplate\":\"https:\/\/www.estrategiaconcursos.com.br\/blog\/?s={search_term_string}\"},\"query-input\":{\"@type\":\"PropertyValueSpecification\",\"valueRequired\":true,\"valueName\":\"search_term_string\"}}],\"inLanguage\":\"pt-BR\"},{\"@type\":\"Organization\",\"@id\":\"https:\/\/www.estrategiaconcursos.com.br\/blog\/#organization\",\"name\":\"Estrat\u00e9gia Concursos\",\"url\":\"https:\/\/www.estrategiaconcursos.com.br\/blog\/\",\"logo\":{\"@type\":\"ImageObject\",\"inLanguage\":\"pt-BR\",\"@id\":\"https:\/\/www.estrategiaconcursos.com.br\/blog\/#\/schema\/logo\/image\/\",\"url\":\"https:\/\/dhg1h5j42swfq.cloudfront.net\/2025\/06\/03203428\/logo_concursos-1.jpg\",\"contentUrl\":\"https:\/\/dhg1h5j42swfq.cloudfront.net\/2025\/06\/03203428\/logo_concursos-1.jpg\",\"width\":230,\"height\":60,\"caption\":\"Estrat\u00e9gia Concursos\"},\"image\":{\"@id\":\"https:\/\/www.estrategiaconcursos.com.br\/blog\/#\/schema\/logo\/image\/\"},\"sameAs\":[\"https:\/\/x.com\/EstratConcursos\"]},{\"@type\":\"Person\",\"@id\":\"https:\/\/www.estrategiaconcursos.com.br\/blog\/#\/schema\/person\/b4a388c97673c5f483d72185668afa1f\",\"name\":\"Coordena\u00e7\u00e3o\",\"image\":{\"@type\":\"ImageObject\",\"inLanguage\":\"pt-BR\",\"@id\":\"https:\/\/secure.gravatar.com\/avatar\/b720319e4c9a967eb58678d110f4fe35452fc5d5f97b202bac7b8acceb18c6ad?s=96&d=mm&r=g\",\"url\":\"https:\/\/secure.gravatar.com\/avatar\/b720319e4c9a967eb58678d110f4fe35452fc5d5f97b202bac7b8acceb18c6ad?s=96&d=mm&r=g\",\"contentUrl\":\"https:\/\/secure.gravatar.com\/avatar\/b720319e4c9a967eb58678d110f4fe35452fc5d5f97b202bac7b8acceb18c6ad?s=96&d=mm&r=g\",\"caption\":\"Coordena\u00e7\u00e3o\"},\"sameAs\":[\"https:\/\/www.facebook.com\/EstrategiaConcursos\",\"https:\/\/x.com\/EstratConcursos\"],\"url\":\"https:\/\/www.estrategiaconcursos.com.br\/blog\/author\/estrategia2013\/\"}]}<\/script>\n<!-- \/ Yoast SEO Premium plugin. -->","yoast_head_json":{"title":"Concurso Prefeitura de Navegantes SC: inscri\u00e7\u00f5es ENCERRADAS para \u00e1rea da educa\u00e7\u00e3o","robots":{"index":"index","follow":"follow","max-snippet":"max-snippet:-1","max-image-preview":"max-image-preview:large","max-video-preview":"max-video-preview:-1"},"canonical":"https:\/\/www.estrategiaconcursos.com.br\/blog\/concurso-prefeitura-de-navegantes-sc\/","og_locale":"pt_BR","og_type":"article","og_title":"Concurso Prefeitura de Navegantes SC: inscri\u00e7\u00f5es ENCERRADAS para \u00e1rea da educa\u00e7\u00e3o","og_description":"Inscri\u00e7\u00f5es terminaram na sexta, 22 de novembro Foram publicado no Di\u00e1rio Catarinense e no Di\u00e1rio Oficial do Munic\u00edpio de Santa Catarina, dois editais referentes ao processo seletivo simplificado e ao concurso da Prefeitura de Navegantes SC. O primeiro \u00e9 pertencente ao certame que oferta ao todo 3 vagas para cargos de Professor de S\u00e9ries\/ Anos [&hellip;]","og_url":"https:\/\/www.estrategiaconcursos.com.br\/blog\/concurso-prefeitura-de-navegantes-sc\/","og_site_name":"Estrat\u00e9gia Concursos","article_author":"https:\/\/www.facebook.com\/EstrategiaConcursos","article_published_time":"2019-11-23T04:00:00+00:00","article_modified_time":"2019-11-23T12:18:52+00:00","og_image":[{"width":1200,"height":628,"url":"https:\/\/dhg1h5j42swfq.cloudfront.net\/2019\/11\/05113826\/Saiu-Edital-8.png","type":"image\/png"}],"author":"Coordena\u00e7\u00e3o","twitter_card":"summary_large_image","twitter_creator":"@EstratConcursos","twitter_site":"@EstratConcursos","twitter_misc":{"Escrito por":"Coordena\u00e7\u00e3o","Est. tempo de leitura":"3 minutos"},"schema":{"@context":"https:\/\/schema.org","@graph":[{"@type":"NewsArticle","@id":"https:\/\/www.estrategiaconcursos.com.br\/blog\/concurso-prefeitura-de-navegantes-sc\/#article","isPartOf":{"@id":"https:\/\/www.estrategiaconcursos.com.br\/blog\/concurso-prefeitura-de-navegantes-sc\/"},"author":{"name":"Coordena\u00e7\u00e3o","@id":"https:\/\/www.estrategiaconcursos.com.br\/blog\/#\/schema\/person\/b4a388c97673c5f483d72185668afa1f"},"headline":"Concurso Prefeitura de Navegantes SC: inscri\u00e7\u00f5es ENCERRADAS para \u00e1rea da educa\u00e7\u00e3o","datePublished":"2019-11-23T04:00:00+00:00","dateModified":"2019-11-23T12:18:52+00:00","mainEntityOfPage":{"@id":"https:\/\/www.estrategiaconcursos.com.br\/blog\/concurso-prefeitura-de-navegantes-sc\/"},"wordCount":590,"commentCount":0,"publisher":{"@id":"https:\/\/www.estrategiaconcursos.com.br\/blog\/#organization"},"image":{"@id":"https:\/\/www.estrategiaconcursos.com.br\/blog\/concurso-prefeitura-de-navegantes-sc\/#primaryimage"},"thumbnailUrl":"https:\/\/dhg1h5j42swfq.cloudfront.net\/2019\/11\/05113826\/Saiu-Edital-8.png","articleSection":["Concursos P\u00fablicos"],"inLanguage":"pt-BR","potentialAction":[{"@type":"CommentAction","name":"Comment","target":["https:\/\/www.estrategiaconcursos.com.br\/blog\/concurso-prefeitura-de-navegantes-sc\/#respond"]}],"copyrightYear":"2019","copyrightHolder":{"@id":"https:\/\/www.estrategiaconcursos.com.br\/blog\/#organization"}},{"@type":"WebPage","@id":"https:\/\/www.estrategiaconcursos.com.br\/blog\/concurso-prefeitura-de-navegantes-sc\/","url":"https:\/\/www.estrategiaconcursos.com.br\/blog\/concurso-prefeitura-de-navegantes-sc\/","name":"Concurso Prefeitura de Navegantes SC: inscri\u00e7\u00f5es ENCERRADAS para \u00e1rea da educa\u00e7\u00e3o","isPartOf":{"@id":"https:\/\/www.estrategiaconcursos.com.br\/blog\/#website"},"primaryImageOfPage":{"@id":"https:\/\/www.estrategiaconcursos.com.br\/blog\/concurso-prefeitura-de-navegantes-sc\/#primaryimage"},"image":{"@id":"https:\/\/www.estrategiaconcursos.com.br\/blog\/concurso-prefeitura-de-navegantes-sc\/#primaryimage"},"thumbnailUrl":"https:\/\/dhg1h5j42swfq.cloudfront.net\/2019\/11\/05113826\/Saiu-Edital-8.png","datePublished":"2019-11-23T04:00:00+00:00","dateModified":"2019-11-23T12:18:52+00:00","breadcrumb":{"@id":"https:\/\/www.estrategiaconcursos.com.br\/blog\/concurso-prefeitura-de-navegantes-sc\/#breadcrumb"},"inLanguage":"pt-BR","potentialAction":[{"@type":"ReadAction","target":["https:\/\/www.estrategiaconcursos.com.br\/blog\/concurso-prefeitura-de-navegantes-sc\/"]}]},{"@type":"ImageObject","inLanguage":"pt-BR","@id":"https:\/\/www.estrategiaconcursos.com.br\/blog\/concurso-prefeitura-de-navegantes-sc\/#primaryimage","url":"https:\/\/dhg1h5j42swfq.cloudfront.net\/2019\/11\/05113826\/Saiu-Edital-8.png","contentUrl":"https:\/\/dhg1h5j42swfq.cloudfront.net\/2019\/11\/05113826\/Saiu-Edital-8.png","width":1200,"height":628,"caption":"PSS NOVA IGUA\u00c7U RJ"},{"@type":"BreadcrumbList","@id":"https:\/\/www.estrategiaconcursos.com.br\/blog\/concurso-prefeitura-de-navegantes-sc\/#breadcrumb","itemListElement":[{"@type":"ListItem","position":1,"name":"In\u00edcio","item":"https:\/\/www.estrategiaconcursos.com.br\/blog\/"},{"@type":"ListItem","position":2,"name":"Concurso Prefeitura de Navegantes SC: inscri\u00e7\u00f5es ENCERRADAS para \u00e1rea da educa\u00e7\u00e3o"}]},{"@type":"WebSite","@id":"https:\/\/www.estrategiaconcursos.com.br\/blog\/#website","url":"https:\/\/www.estrategiaconcursos.com.br\/blog\/","name":"Estrat\u00e9gia Concursos","description":"O blog da Estrat\u00e9gia Concursos traz not\u00edcias sobre concursos e artigos de professores oferecendo cursos para concursos (pdf + videaulas) no site.","publisher":{"@id":"https:\/\/www.estrategiaconcursos.com.br\/blog\/#organization"},"potentialAction":[{"@type":"SearchAction","target":{"@type":"EntryPoint","urlTemplate":"https:\/\/www.estrategiaconcursos.com.br\/blog\/?s={search_term_string}"},"query-input":{"@type":"PropertyValueSpecification","valueRequired":true,"valueName":"search_term_string"}}],"inLanguage":"pt-BR"},{"@type":"Organization","@id":"https:\/\/www.estrategiaconcursos.com.br\/blog\/#organization","name":"Estrat\u00e9gia Concursos","url":"https:\/\/www.estrategiaconcursos.com.br\/blog\/","logo":{"@type":"ImageObject","inLanguage":"pt-BR","@id":"https:\/\/www.estrategiaconcursos.com.br\/blog\/#\/schema\/logo\/image\/","url":"https:\/\/dhg1h5j42swfq.cloudfront.net\/2025\/06\/03203428\/logo_concursos-1.jpg","contentUrl":"https:\/\/dhg1h5j42swfq.cloudfront.net\/2025\/06\/03203428\/logo_concursos-1.jpg","width":230,"height":60,"caption":"Estrat\u00e9gia Concursos"},"image":{"@id":"https:\/\/www.estrategiaconcursos.com.br\/blog\/#\/schema\/logo\/image\/"},"sameAs":["https:\/\/x.com\/EstratConcursos"]},{"@type":"Person","@id":"https:\/\/www.estrategiaconcursos.com.br\/blog\/#\/schema\/person\/b4a388c97673c5f483d72185668afa1f","name":"Coordena\u00e7\u00e3o","image":{"@type":"ImageObject","inLanguage":"pt-BR","@id":"https:\/\/secure.gravatar.com\/avatar\/b720319e4c9a967eb58678d110f4fe35452fc5d5f97b202bac7b8acceb18c6ad?s=96&d=mm&r=g","url":"https:\/\/secure.gravatar.com\/avatar\/b720319e4c9a967eb58678d110f4fe35452fc5d5f97b202bac7b8acceb18c6ad?s=96&d=mm&r=g","contentUrl":"https:\/\/secure.gravatar.com\/avatar\/b720319e4c9a967eb58678d110f4fe35452fc5d5f97b202bac7b8acceb18c6ad?s=96&d=mm&r=g","caption":"Coordena\u00e7\u00e3o"},"sameAs":["https:\/\/www.facebook.com\/EstrategiaConcursos","https:\/\/x.com\/EstratConcursos"],"url":"https:\/\/www.estrategiaconcursos.com.br\/blog\/author\/estrategia2013\/"}]}},"_links":{"self":[{"href":"https:\/\/www.estrategiaconcursos.com.br\/blog\/wp-json\/wp\/v2\/posts\/444645","targetHints":{"allow":["GET"]}}],"collection":[{"href":"https:\/\/www.estrategiaconcursos.com.br\/blog\/wp-json\/wp\/v2\/posts"}],"about":[{"href":"https:\/\/www.estrategiaconcursos.com.br\/blog\/wp-json\/wp\/v2\/types\/post"}],"author":[{"embeddable":true,"href":"https:\/\/www.estrategiaconcursos.com.br\/blog\/wp-json\/wp\/v2\/users\/1"}],"replies":[{"embeddable":true,"href":"https:\/\/www.estrategiaconcursos.com.br\/blog\/wp-json\/wp\/v2\/comments?post=444645"}],"version-history":[{"count":7,"href":"https:\/\/www.estrategiaconcursos.com.br\/blog\/wp-json\/wp\/v2\/posts\/444645\/revisions"}],"predecessor-version":[{"id":450667,"href":"https:\/\/www.estrategiaconcursos.com.br\/blog\/wp-json\/wp\/v2\/posts\/444645\/revisions\/450667"}],"wp:featuredmedia":[{"embeddable":true,"href":"https:\/\/www.estrategiaconcursos.com.br\/blog\/wp-json\/wp\/v2\/media\/444273"}],"wp:attachment":[{"href":"https:\/\/www.estrategiaconcursos.com.br\/blog\/wp-json\/wp\/v2\/media?parent=444645"}],"wp:term":[{"taxonomy":"category","embeddable":true,"href":"https:\/\/www.estrategiaconcursos.com.br\/blog\/wp-json\/wp\/v2\/categories?post=444645"},{"taxonomy":"post_tag","embeddable":true,"href":"https:\/\/www.estrategiaconcursos.com.br\/blog\/wp-json\/wp\/v2\/tags?post=444645"},{"taxonomy":"tax_estado","embeddable":true,"href":"https:\/\/www.estrategiaconcursos.com.br\/blog\/wp-json\/wp\/v2\/tax_estado?post=444645"}],"curies":[{"name":"wp","href":"https:\/\/api.w.org\/{rel}","templated":true}]}}