{"id":444422,"date":"2019-11-30T00:00:49","date_gmt":"2019-11-30T03:00:49","guid":{"rendered":"https:\/\/www.estrategiaconcursos.com.br\/blog\/?p=444422"},"modified":"2019-12-13T17:24:24","modified_gmt":"2019-12-13T20:24:24","slug":"concurso-prefeitura-de-sumidouro","status":"publish","type":"post","link":"https:\/\/www.estrategiaconcursos.com.br\/blog\/concurso-prefeitura-de-sumidouro\/","title":{"rendered":"Concurso Prefeitura de Sumidouro oferta vagas para todas escolaridades"},"content":{"rendered":"\n<p>Com inscri\u00e7\u00f5es j\u00e1 encerradas, o concurso p\u00fablico da<strong> Prefeitura de Sumidouro<\/strong>, munic\u00edpio do estado do Rio de Janeiro, oferta, ao todo, 162 vagas. Destas, 115 s\u00e3o para provimento imediato e 47 para forma\u00e7\u00e3o de cadastro reserva. A organiza\u00e7\u00e3o do certame ficou por conta do INCP Concursos. <\/p>\n\n\n\n<p>Os candidatos interessados puderam se inscrever <strong>at\u00e9 o dia 29 de novembro<\/strong>, no site da banca organizadora. Al\u00e9m disso, tamb\u00e9m foi necess\u00e1rio pagar uma taxa que varia entre R$ 24,90 e R$ 59,90 conforme a escolaridade, sendo:<\/p>\n\n\n\n<ul class=\"wp-block-list\"><li>N\u00edvel Fundamental Incompleto:<strong> R$ 24,90 <\/strong><\/li><li>N\u00edvel Fundamental Completo: <strong>R$ 29,90  <\/strong><\/li><li>N\u00edvel M\u00e9dio: <strong>R$ 54,90  <\/strong><\/li><li>N\u00edvel Superior: <strong>R$ 59,90  <\/strong><\/li><\/ul>\n\n\n\n<p>Se voc\u00ea quer saber mais detalhes sobre o Concurso Prefeitura de Sumidouro, chegou ao lugar certo. Ao longo deste artigo reunimos mais detalhes sobre o edital, como a distribui\u00e7\u00e3o das vagas, etapas de provas, entre outros.<\/p>\n\n\n\n<h2 class=\"wp-block-heading\">Distribui\u00e7\u00e3o das vagas<\/h2>\n\n\n\n<h3 class=\"wp-block-heading\">Cargos de N\u00edvel Fundamental Incompleto<\/h3>\n\n\n\n<table class=\"wp-block-table has-subtle-pale-blue-background-color has-fixed-layout has-background is-style-stripes\"><tbody><tr><td><strong>Cargos<\/strong><\/td><td><strong>Vagas<\/strong><\/td><td><strong>Remunera\u00e7\u00e3o (R$)<\/strong><\/td><\/tr><tr><td>Auxiliar de Servi\u00e7os Funer\u00e1rios  <\/td><td>1 CR<\/td><td>870,94 *  <\/td><\/tr><tr><td>Gari  <\/td><td>1<\/td><td>870,94 *  <\/td><\/tr><tr><td>Jardineiro <\/td><td>1<\/td><td>870,94 * <\/td><\/tr><tr><td>Merendeira <\/td><td>7<\/td><td>870,94 *  <\/td><\/tr><tr><td>Pedreiro <\/td><td>1 CR<\/td><td>878,42 *  <\/td><\/tr><tr><td>Vigia <\/td><td>1 CR<\/td><td>870,94 *   <\/td><\/tr><\/tbody><\/table>\n\n\n\n<h3 class=\"wp-block-heading\">Cargos de N\u00edvel Fundamental Completo<\/h3>\n\n\n\n<table class=\"wp-block-table has-subtle-pale-blue-background-color has-fixed-layout has-background is-style-stripes\"><tbody><tr><td><strong>Cargos<\/strong><\/td><td><strong>Vagas<\/strong><\/td><td><strong>Remunera\u00e7\u00e3o<\/strong><\/td><\/tr><tr><td>Auxiliar de Cuidador <\/td><td>1 CR <\/td><td>870,94 *  <\/td><\/tr><tr><td>Auxiliar de Lavanderia <\/td><td>1<\/td><td>870,94 *  <\/td><\/tr><tr><td>Auxiliar de Sa\u00fade Bucal  <\/td><td>1<\/td><td>870,94 * <\/td><\/tr><tr><td>Auxiliar de Servi\u00e7os Agropecu\u00e1rios  <\/td><td>1 CR  <\/td><td>870,94 *  <\/td><\/tr><tr><td>Cozinheiro <\/td><td>1<\/td><td>870,94 *  <\/td><\/tr><tr><td>Mensageiro <\/td><td>1 CR   <\/td><td>870,94 *  <\/td><\/tr><tr><td>Motorista <\/td><td>1<\/td><td>878,42 *  <\/td><\/tr><tr><td>Operador de M\u00e1quinas Pesadas  <\/td><td>2<\/td><td>878,42 *  <\/td><\/tr><tr><td>Maqueiro <\/td><td>1<\/td><td>870,94 *  <\/td><\/tr><tr><td>Recepcionista <\/td><td>4<\/td><td>870,94 * <\/td><\/tr><tr><td>Telefonista <\/td><td>1<\/td><td>870,94 *  <\/td><\/tr><\/tbody><\/table>\n\n\n\n<h3 class=\"wp-block-heading\">Cargos de N\u00edvel M\u00e9dio<\/h3>\n\n\n\n<table class=\"wp-block-table has-subtle-pale-blue-background-color has-fixed-layout has-background is-style-stripes\"><tbody><tr><td><strong>Cargos<\/strong><\/td><td><strong>Vagas<\/strong><\/td><td><strong>Remunera\u00e7\u00e3o<\/strong><\/td><\/tr><tr><td>Agente de Inspe\u00e7\u00e3o Municipal <\/td><td>1 CR<\/td><td>1.006,51  <\/td><\/tr><tr><td>Assistente Administrativo  <\/td><td>1<\/td><td>1.006,51  <\/td><\/tr><tr><td>Auxiliar de Farm\u00e1cia <\/td><td>1 CR<\/td><td>870,94 * <\/td><\/tr><tr><td>Auxiliar de Pr\u00f3tese Dent\u00e1ria  <\/td><td>1 CR<\/td><td>870,94 *  <\/td><\/tr><tr><td>Auxiliar de Educa\u00e7\u00e3o Infantil  <\/td><td>21<\/td><td>870,94 *  <\/td><\/tr><tr><td>Auxiliar Veterin\u00e1rio <\/td><td>1<\/td><td>870,94 * <\/td><\/tr><tr><td>Coordenador de Turno <\/td><td>3<\/td><td>915,03 *  <\/td><\/tr><tr><td>Cuidador <\/td><td>1 CR<\/td><td>870,94 * <\/td><\/tr><tr><td>Fiscal de Obras  <\/td><td>1<\/td><td>1.006,51 <\/td><\/tr><tr><td>Eletricista <\/td><td>1<\/td><td>870,94 *  <\/td><\/tr><tr><td>Fiscal de Posturas  <\/td><td>1 CR<\/td><td>1.006,51  <\/td><\/tr><tr><td>Guarda Municipal <\/td><td>1<\/td><td>1.006,51  <\/td><\/tr><tr><td>Professor II  <\/td><td>15<\/td><td>1.406,75  <\/td><\/tr><tr><td>T\u00e9cnico em Aparelho Gessado <\/td><td>1<\/td><td>1.006,51 <\/td><\/tr><tr><td>T\u00e9cnico em Contabilidade  <\/td><td>1<\/td><td>1.006,51 <\/td><\/tr><tr><td>T\u00e9cnico em Enfermagem  <\/td><td>16<\/td><td>1.006,51 <\/td><\/tr><tr><td>T\u00e9cnico em Meio Ambiente  <\/td><td>1 CR<\/td><td>1.006,51 <\/td><\/tr><tr><td>T\u00e9cnico em Pr\u00f3tese Dent\u00e1ria <\/td><td>1 CR<\/td><td>1.006,51 <\/td><\/tr><tr><td>T\u00e9cnico em Radiologia <\/td><td>1<\/td><td>1.006,51 <\/td><\/tr><tr><td>Tesoureiro <\/td><td>1 CR<\/td><td>1.006,51 <\/td><\/tr><\/tbody><\/table>\n\n\n\n<h3 class=\"wp-block-heading\">Cargos de N\u00edvel Superior<\/h3>\n\n\n\n<table class=\"wp-block-table has-subtle-pale-blue-background-color has-fixed-layout has-background is-style-stripes\"><tbody><tr><td><strong>Cargos<\/strong><\/td><td><strong>Vagas<\/strong><\/td><td><strong>Remunera\u00e7\u00e3o<\/strong><\/td><\/tr><tr><td>Procurador Municipal <\/td><td>1<\/td><td>1.738,56  <\/td><\/tr><tr><td>Advogado CREAS <\/td><td>1 CR<\/td><td>1.738,56  <\/td><\/tr><tr><td>Assistente Social  <\/td><td>7 CR<\/td><td>1.738,56  <\/td><\/tr><tr><td>Auditor Cont\u00e1bil do Controle Interno Municipal  <\/td><td>1<\/td><td>2.500,00 <\/td><\/tr><tr><td>Cirurgi\u00e3o Dentista <\/td><td>3<\/td><td>1.738,56 <\/td><\/tr><tr><td>Cirurgi\u00e3o Dentista &#8211; Endodontista  <\/td><td>1 CR<\/td><td>1.738,56 <\/td><\/tr><tr><td>Cirurgi\u00e3o Dentista &#8211; Odontopediatra <\/td><td>1<\/td><td>1.738,56 <\/td><\/tr><tr><td>Enfermeiro <\/td><td>8<\/td><td>2.000,00 <\/td><\/tr><tr><td>Engenheiro Civil  <\/td><td>1 CR<\/td><td>1.738,56 <\/td><\/tr><tr><td>Farmac\u00eautico Generalista  <\/td><td>1<\/td><td>1.738,56 <\/td><\/tr><tr><td>Fiscal de Tributos  <\/td><td>1 CR<\/td><td>1.006,51 <\/td><\/tr><tr><td>Fisioterapeuta <\/td><td>1 CR<\/td><td>1.738,56 <\/td><\/tr><tr><td>Fonoaudi\u00f3logo <\/td><td>1 CR<\/td><td>1.738,56 <\/td><\/tr><tr><td>M\u00e9dico (v\u00e1rias especialidades)<\/td><td>16 + 6 CR<\/td><td>1.738,56 <\/td><\/tr><tr><td>M\u00e9dico Veterin\u00e1rio <\/td><td>1 CR<\/td><td>1.738,56 <\/td><\/tr><tr><td>Nutricionista <\/td><td>1 CR<\/td><td>1.738,56 <\/td><\/tr><tr><td>Orientador Social <\/td><td>1 CR<\/td><td>870,94 * <\/td><\/tr><tr><td>Psic\u00f3logo <\/td><td>1 CR<\/td><td>1.738,56 <\/td><\/tr><tr><td>Terapeuta Ocupacional <\/td><td>1 CR<\/td><td>1.738,56 <\/td><\/tr><tr><td>Professor I (v\u00e1rias disciplinas)<\/td><td>8 CR<\/td><td>1.547,42 <\/td><\/tr><tr><td>Orientador Pedag\u00f3gico <\/td><td>1 CR<\/td><td>1.738,56  <\/td><\/tr><\/tbody><\/table>\n\n\n\n<p><strong>*<\/strong> Em conformidade com o disposto na S\u00famula Vinculante n\u00ba 16 do STF e Lei Municipal n\u00ba 1086, de 30 de Maio de 2014, <em>sempre que a remunera\u00e7\u00e3o do servidor p\u00fablico estiver abaixo do m\u00ednimo nacional a Administra\u00e7\u00e3o Municipal proceder\u00e1 \u00e0 adequa\u00e7\u00e3o <\/em>na forma do Artigo 2\u00ba da Lei Municipal retro citada.  <\/p>\n\n\n\n<h2 class=\"wp-block-heading\">Principais datas do edital<\/h2>\n\n\n\n<ul class=\"wp-block-list\"><li><strong>Inscri\u00e7\u00f5es:<\/strong> 28\/10 a 29\/11 [encerradas]<\/li><li><strong>Data prevista da prova: <\/strong>05\/01\/2020  <ul><li><em>Manh\u00e3 &#8211;<\/em> M\u00e9dio e Fundamental Incompleto <\/li><li><em>Tarde &#8211; <\/em>Superior e Fundamental Completo  <\/li><\/ul><\/li><li><strong>Data prevista da Prova Pr\u00e1tica:<\/strong> 02\/02\/2020  <\/li><li><strong>Data prevista do Teste de Aptid\u00e3o F\u00edsica:<\/strong> 02\/02\/2020  <\/li><\/ul>\n\n\n\n<h2 class=\"wp-block-heading\">Etapas do Concurso Prefeitura de Sumidouro<\/h2>\n\n\n\n<ol class=\"wp-block-list\"><li><strong>Prova Objetiva<\/strong> para todos os cargos (eliminat\u00f3rio e classificat\u00f3rio);<\/li><li><strong>Prova de T\u00edtulos<\/strong> somente para o cargo de Professor II, Professor I e Orientador Pedag\u00f3gico (classificat\u00f3rio);<\/li><li><strong>Teste de Aptid\u00e3o F\u00edsica<\/strong> somente para o cargo de Guarda Municipal (eliminat\u00f3rio);<\/li><li><strong>Avalia\u00e7\u00e3o Psicol\u00f3gica<\/strong> somente para o cargo de Guarda Municipal (eliminat\u00f3rio); <\/li><li><strong>Prova Pr\u00e1tica<\/strong> somente para os cargos de Motorista, Eletricista e Operador de M\u00e1quinas Pesadas (eliminat\u00f3rio e classificat\u00f3rio); <\/li><\/ol>\n\n\n\n<h2 class=\"wp-block-heading\">Prova Objetiva<\/h2>\n\n\n\n<figure class=\"wp-block-image\"><img loading=\"lazy\" decoding=\"async\" width=\"680\" height=\"68\" src=\"https:\/\/dhg1h5j42swfq.cloudfront.net\/2019\/11\/05161508\/1-min.png.png\" alt=\"\" class=\"wp-image-444459\" srcset=\"https:\/\/dhg1h5j42swfq.cloudfront.net\/2019\/11\/05161508\/1-min.png.png 680w, https:\/\/dhg1h5j42swfq.cloudfront.net\/2019\/11\/05161508\/1-min.png.png 300w, https:\/\/dhg1h5j42swfq.cloudfront.net\/2019\/11\/05161508\/1-min.png.png 610w\" sizes=\"auto, (max-width: 680px) 100vw, 680px\" \/><\/figure>\n\n\n\n<ul class=\"wp-block-list\"><li>L\u00edngua Portuguesa &#8211; 10 quest\u00f5es, peso 5.0 <\/li><li>Matem\u00e1tica &#8211; 10 quest\u00f5es, peso 3.0<\/li><li>Conhecimentos Gerais\/locais &#8211; 05 quest\u00f5es, peso 4.0  <\/li><\/ul>\n\n\n\n<figure class=\"wp-block-image\"><img loading=\"lazy\" decoding=\"async\" width=\"680\" height=\"64\" src=\"https:\/\/dhg1h5j42swfq.cloudfront.net\/2019\/11\/05161532\/2-min.png.png\" alt=\"\" class=\"wp-image-444460\" srcset=\"https:\/\/dhg1h5j42swfq.cloudfront.net\/2019\/11\/05161532\/2-min.png.png 680w, https:\/\/dhg1h5j42swfq.cloudfront.net\/2019\/11\/05161532\/2-min.png.png 300w, https:\/\/dhg1h5j42swfq.cloudfront.net\/2019\/11\/05161532\/2-min.png.png 610w\" sizes=\"auto, (max-width: 680px) 100vw, 680px\" \/><\/figure>\n\n\n\n<ul class=\"wp-block-list\"><li>L\u00edngua Portuguesa &#8211; 10 quest\u00f5es, peso 4.0 <\/li><li>Matem\u00e1tica (Racioc\u00ednio L\u00f3gico) &#8211; 10 quest\u00f5es, peso 3.0 <\/li><li>Conhecimentos Gerais\/locais &#8211; 10 quest\u00f5es, peso 3.0  <\/li><\/ul>\n\n\n\n<figure class=\"wp-block-image\"><img loading=\"lazy\" decoding=\"async\" width=\"680\" height=\"49\" src=\"https:\/\/dhg1h5j42swfq.cloudfront.net\/2019\/11\/05161543\/3-min.png1.png\" alt=\"\" class=\"wp-image-444462\" srcset=\"https:\/\/dhg1h5j42swfq.cloudfront.net\/2019\/11\/05161543\/3-min.png1.png 680w, https:\/\/dhg1h5j42swfq.cloudfront.net\/2019\/11\/05161543\/3-min.png1.png 300w, https:\/\/dhg1h5j42swfq.cloudfront.net\/2019\/11\/05161543\/3-min.png1.png 610w\" sizes=\"auto, (max-width: 680px) 100vw, 680px\" \/><\/figure>\n\n\n\n<ul class=\"wp-block-list\"><li>L\u00edngua Portuguesa &#8211; 10 quest\u00f5es, peso 3.0<\/li><li>Matem\u00e1tica (Racioc\u00ednio L\u00f3gico) &#8211; 10 quest\u00f5es, peso 2.0 <\/li><li>Conhecimentos Espec\u00edficos &#8211; 10 quest\u00f5es, peso 5.0 <\/li><\/ul>\n\n\n\n<figure class=\"wp-block-image\"><img loading=\"lazy\" decoding=\"async\" width=\"679\" height=\"50\" src=\"https:\/\/dhg1h5j42swfq.cloudfront.net\/2019\/11\/05161551\/4-min.png.png\" alt=\"\" class=\"wp-image-444463\" srcset=\"https:\/\/dhg1h5j42swfq.cloudfront.net\/2019\/11\/05161551\/4-min.png.png 679w, https:\/\/dhg1h5j42swfq.cloudfront.net\/2019\/11\/05161551\/4-min.png.png 300w, https:\/\/dhg1h5j42swfq.cloudfront.net\/2019\/11\/05161551\/4-min.png.png 610w\" sizes=\"auto, (max-width: 679px) 100vw, 679px\" \/><\/figure>\n\n\n\n<ul class=\"wp-block-list\"><li>L\u00edngua Portuguesa &#8211; 10 quest\u00f5es, peso 3.0 <\/li><li>Matem\u00e1tica (Racioc\u00ednio L\u00f3gico) &#8211; 10 quest\u00f5es, peso 2.0<\/li><li>Conhecimentos Espec\u00edficos &#8211; 10 quest\u00f5es, peso 5.0  <\/li><\/ul>\n\n\n\n<figure class=\"wp-block-image\"><img loading=\"lazy\" decoding=\"async\" width=\"679\" height=\"57\" src=\"https:\/\/dhg1h5j42swfq.cloudfront.net\/2019\/11\/05161611\/5-min.png.png\" alt=\"\" class=\"wp-image-444464\" srcset=\"https:\/\/dhg1h5j42swfq.cloudfront.net\/2019\/11\/05161611\/5-min.png.png 679w, https:\/\/dhg1h5j42swfq.cloudfront.net\/2019\/11\/05161611\/5-min.png.png 300w, https:\/\/dhg1h5j42swfq.cloudfront.net\/2019\/11\/05161611\/5-min.png.png 610w\" sizes=\"auto, (max-width: 679px) 100vw, 679px\" \/><\/figure>\n\n\n\n<ul class=\"wp-block-list\"><li>L\u00edngua Portuguesa &#8211; 10 quest\u00f5es, peso 2.0 <\/li><li>No\u00e7\u00f5es de Sa\u00fade P\u00fablica &#8211; 10 quest\u00f5es, peso 2.0 <\/li><li>Legisla\u00e7\u00e3o Municipal (LOM) &#8211; 5 quest\u00f5es, peso 2.0<\/li><li>Matem\u00e1tica (Racioc\u00ednio L\u00f3gico) &#8211; 5 quest\u00f5es, peso 2.0 <\/li><li>Conhecimentos Espec\u00edficos &#8211; 10 quest\u00f5es, peso 4.0  <\/li><\/ul>\n\n\n\n<figure class=\"wp-block-image\"><img loading=\"lazy\" decoding=\"async\" width=\"680\" height=\"50\" src=\"https:\/\/dhg1h5j42swfq.cloudfront.net\/2019\/11\/05161623\/6-min.png.png\" alt=\"\" class=\"wp-image-444465\" srcset=\"https:\/\/dhg1h5j42swfq.cloudfront.net\/2019\/11\/05161623\/6-min.png.png 680w, https:\/\/dhg1h5j42swfq.cloudfront.net\/2019\/11\/05161623\/6-min.png.png 300w, https:\/\/dhg1h5j42swfq.cloudfront.net\/2019\/11\/05161623\/6-min.png.png 610w\" sizes=\"auto, (max-width: 680px) 100vw, 680px\" \/><\/figure>\n\n\n\n<ul class=\"wp-block-list\"><li>L\u00edngua Portuguesa &#8211; 10 quest\u00f5es, peso 2.0 <\/li><li>Conhecimentos B\u00e1sicos de Inform\u00e1tica &#8211; 10 quest\u00f5es, peso 2.0 <\/li><li>Legisla\u00e7\u00e3o Municipal (LOM) &#8211; 5 quest\u00f5es, peso 2.0 <\/li><li>Matem\u00e1tica (Racioc\u00ednio L\u00f3gico) &#8211; 5 quest\u00f5es, peso 2.0<\/li><li>Conhecimentos Espec\u00edficos &#8211; 10 quest\u00f5es, peso 4.0  <\/li><\/ul>\n\n\n\n<figure class=\"wp-block-image\"><img loading=\"lazy\" decoding=\"async\" width=\"680\" height=\"61\" src=\"https:\/\/dhg1h5j42swfq.cloudfront.net\/2019\/11\/05161631\/7-min.png.png\" alt=\"\" class=\"wp-image-444466\" srcset=\"https:\/\/dhg1h5j42swfq.cloudfront.net\/2019\/11\/05161631\/7-min.png.png 680w, https:\/\/dhg1h5j42swfq.cloudfront.net\/2019\/11\/05161631\/7-min.png.png 300w, https:\/\/dhg1h5j42swfq.cloudfront.net\/2019\/11\/05161631\/7-min.png.png 610w\" sizes=\"auto, (max-width: 680px) 100vw, 680px\" \/><\/figure>\n\n\n\n<ul class=\"wp-block-list\"><li>L\u00edngua Portuguesa &#8211; 10 quest\u00f5es, peso 2.0<\/li><li>Conhecimentos B\u00e1sicos de Inform\u00e1tica &#8211; 10 quest\u00f5es, peso 2.0  <\/li><li>Legisla\u00e7\u00e3o Municipal (LOM) &#8211; 5 quest\u00f5es, peso 2.0 <\/li><li>Matem\u00e1tica (Racioc\u00ednio L\u00f3gico) &#8211; 5 quest\u00f5es, peso 2.0  <\/li><li>Conhecimentos Espec\u00edficos &#8211; 10 quest\u00f5es, peso 4.0  <\/li><\/ul>\n\n\n\n<figure class=\"wp-block-image\"><img loading=\"lazy\" decoding=\"async\" width=\"678\" height=\"63\" src=\"https:\/\/dhg1h5j42swfq.cloudfront.net\/2019\/11\/05161640\/8-min.png.png\" alt=\"\" class=\"wp-image-444467\" srcset=\"https:\/\/dhg1h5j42swfq.cloudfront.net\/2019\/11\/05161640\/8-min.png.png 678w, https:\/\/dhg1h5j42swfq.cloudfront.net\/2019\/11\/05161640\/8-min.png.png 300w, https:\/\/dhg1h5j42swfq.cloudfront.net\/2019\/11\/05161640\/8-min.png.png 610w\" sizes=\"auto, (max-width: 678px) 100vw, 678px\" \/><\/figure>\n\n\n\n<ul class=\"wp-block-list\"><li>L\u00edngua Portuguesa &#8211; 10 quest\u00f5es, peso 2.0<\/li><li>Legisla\u00e7\u00e3o Municipal (LOM) &#8211; 5 quest\u00f5es, peso 2.0 <\/li><li>Matem\u00e1tica (Racioc\u00ednio L\u00f3gico) &#8211; 5 quest\u00f5es, peso 2.0 <\/li><li>Conhecimentos Espec\u00edficos &#8211; 20 quest\u00f5es, peso 3.0  <\/li><\/ul>\n\n\n\n<figure class=\"wp-block-image\"><img loading=\"lazy\" decoding=\"async\" width=\"680\" height=\"89\" src=\"https:\/\/dhg1h5j42swfq.cloudfront.net\/2019\/11\/05161649\/9-min.png.png\" alt=\"\" class=\"wp-image-444468\" srcset=\"https:\/\/dhg1h5j42swfq.cloudfront.net\/2019\/11\/05161649\/9-min.png.png 680w, https:\/\/dhg1h5j42swfq.cloudfront.net\/2019\/11\/05161649\/9-min.png.png 300w, https:\/\/dhg1h5j42swfq.cloudfront.net\/2019\/11\/05161649\/9-min.png.png 610w\" sizes=\"auto, (max-width: 680px) 100vw, 680px\" \/><\/figure>\n\n\n\n<ul class=\"wp-block-list\"><li>L\u00edngua Portuguesa &#8211; 10 quest\u00f5es, peso 2.0  <\/li><li>SUS &#8211; 10 quest\u00f5es, peso 1.0  <\/li><li>Legisla\u00e7\u00e3o Municipal (LOM) &#8211; 5 quest\u00f5es, peso 2.0 <\/li><li>Matem\u00e1tica (Racioc\u00ednio L\u00f3gico) &#8211; 5 quest\u00f5es, peso 2.0 <\/li><li>Conhecimentos Espec\u00edficos &#8211; 10 quest\u00f5es, peso 5.0  <\/li><\/ul>\n\n\n\n<figure class=\"wp-block-image\"><img loading=\"lazy\" decoding=\"async\" width=\"679\" height=\"60\" src=\"https:\/\/dhg1h5j42swfq.cloudfront.net\/2019\/11\/05161658\/10-min.png.png\" alt=\"\" class=\"wp-image-444469\" srcset=\"https:\/\/dhg1h5j42swfq.cloudfront.net\/2019\/11\/05161658\/10-min.png.png 679w, https:\/\/dhg1h5j42swfq.cloudfront.net\/2019\/11\/05161658\/10-min.png.png 300w, https:\/\/dhg1h5j42swfq.cloudfront.net\/2019\/11\/05161658\/10-min.png.png 610w\" sizes=\"auto, (max-width: 679px) 100vw, 679px\" \/><\/figure>\n\n\n\n<ul class=\"wp-block-list\"><li>Portuguesa &#8211; 10 quest\u00f5es, peso 2.0<\/li><li>No\u00e7\u00f5es de Inform\u00e1tica &#8211; 5 quest\u00f5es, peso 1.0 <\/li><li>Legisla\u00e7\u00e3o Municipal (LOM) &#8211; 5 quest\u00f5es, peso 2.0<\/li><li>Matem\u00e1tica (Racioc\u00ednio L\u00f3gico) &#8211; 5 quest\u00f5es, peso 1.0 <\/li><li>Conhecimentos Espec\u00edficos &#8211; 15 quest\u00f5es, peso 4.0  <\/li><\/ul>\n\n\n\n<figure class=\"wp-block-image\"><img loading=\"lazy\" decoding=\"async\" width=\"681\" height=\"59\" src=\"https:\/\/dhg1h5j42swfq.cloudfront.net\/2019\/11\/05161706\/11-min.png.png\" alt=\"\" class=\"wp-image-444470\" srcset=\"https:\/\/dhg1h5j42swfq.cloudfront.net\/2019\/11\/05161706\/11-min.png.png 681w, https:\/\/dhg1h5j42swfq.cloudfront.net\/2019\/11\/05161706\/11-min.png.png 300w, https:\/\/dhg1h5j42swfq.cloudfront.net\/2019\/11\/05161706\/11-min.png.png 610w\" sizes=\"auto, (max-width: 681px) 100vw, 681px\" \/><\/figure>\n\n\n\n<ul class=\"wp-block-list\"><li>L\u00edngua Portuguesa &#8211; 10 quest\u00f5es, peso 2.0 <\/li><li>Legisla\u00e7\u00e3o Municipal (LOM) &#8211; 5 quest\u00f5es, peso 1.0 <\/li><li>Matem\u00e1tica (Racioc\u00ednio L\u00f3gico) &#8211; 5 quest\u00f5es, peso 1.0 <\/li><li>Conhecimentos Pedag\u00f3gicos &#8211; 10 quest\u00f5es, peso 2.0 <\/li><li>Conhecimentos Espec\u00edficos &#8211; 10 quest\u00f5es, peso 5.0 <\/li><\/ul>\n\n\n\n<h2 class=\"wp-block-heading\">Prova de T\u00edtulos<\/h2>\n\n\n\n<p>Dever\u00e3o enviar seus t\u00edtulos somente os candidatos que obtiverem, na prova escrita, o percentual m\u00ednimo exigido para a aprova\u00e7\u00e3o, que \u00e9 de 50% do total de pontos, e que n\u00e3o tenham zerado nenhuma das disciplinas. O candidato poder\u00e1 obter a<strong> pontua\u00e7\u00e3o m\u00e1xima de 10 pontos<\/strong>.   <\/p>\n\n\n\n<div class=\"wp-block-image\"><figure class=\"aligncenter\"><img loading=\"lazy\" decoding=\"async\" width=\"670\" height=\"412\" src=\"https:\/\/dhg1h5j42swfq.cloudfront.net\/2019\/11\/05163620\/Capturar.png.png\" alt=\"\" class=\"wp-image-444490\" srcset=\"https:\/\/dhg1h5j42swfq.cloudfront.net\/2019\/11\/05163620\/Capturar.png.png 670w, https:\/\/dhg1h5j42swfq.cloudfront.net\/2019\/11\/05163620\/Capturar.png.png 300w, https:\/\/dhg1h5j42swfq.cloudfront.net\/2019\/11\/05163620\/Capturar.png.png 610w\" sizes=\"auto, (max-width: 670px) 100vw, 670px\" \/><\/figure><\/div>\n\n\n\n<h2 class=\"wp-block-heading\">Teste de Aptid\u00e3o F\u00edsica<\/h2>\n\n\n\n<p>Os 20 primeiros candidatos aprovados na prova objetiva dever\u00e3o apresentar atestado de sa\u00fade, por conta pr\u00f3pria, sendo aceitos atestados originais, para se submeterem ao teste de aptid\u00e3o f\u00edsica. <\/p>\n\n\n\n<ul class=\"wp-block-list\"><li>Resist\u00eancia Abdominal<\/li><li>Resist\u00eancia de Membros Superiores<\/li><li>Avalia\u00e7\u00e3o de Componente Cardiorrespirat\u00f3rio<\/li><\/ul>\n\n\n\n<p><\/p>\n\n\n\n<p style=\"text-align:center\"><em><strong>Fique por dentro de todos os concursos<\/strong><\/em>:<\/p>\n\n\n\n<p style=\"text-align:center\" class=\"has-background has-medium-font-size has-pale-cyan-blue-background-color\"><a rel=\"noreferrer noopener\" href=\"https:\/\/www.estrategiaconcursos.com.br\/blog\/concursos-abertos\/\" target=\"_blank\"><strong>Concursos abertos<\/strong><\/a><\/p>\n\n\n\n<p style=\"text-align:center\" class=\"has-background has-medium-font-size has-pale-cyan-blue-background-color\"><a rel=\"noreferrer noopener\" href=\"https:\/\/www.estrategiaconcursos.com.br\/blog\/concursos-2019\/\" target=\"_blank\"><strong>Concursos 2019<\/strong><\/a><\/p>\n\n\n\n<p style=\"text-align:center\" class=\"has-background has-medium-font-size has-pale-cyan-blue-background-color\"><a rel=\"noreferrer noopener\" href=\"https:\/\/www.estrategiaconcursos.com.br\/blog\/concursos-2020\/\" target=\"_blank\"><strong>Concursos 2020<\/strong><\/a><\/p>\n\n\n\n<figure class=\"wp-block-image\"><img loading=\"lazy\" decoding=\"async\" width=\"300\" height=\"102\" src=\"https:\/\/dhg1h5j42swfq.cloudfront.net\/2017\/03\/28152500\/coruja-ficha-tecnica-300x102.png\" alt=\"\" class=\"wp-image-68542\"\/><\/figure>\n\n\n\n<h4 class=\"wp-block-heading\" id=\"ficha-tecnica\"><strong>\u2666Informa\u00e7\u00f5es do concurso Prefeitura de Sumidouro<\/strong><\/h4>\n\n\n\n<p>\u25ba<strong>Data prevista da prova:<\/strong> 05\/01\/2020  <br \/><strong>\u25baVagas:&nbsp;<\/strong>115 + 47 CR<br \/><strong>\u25baCargos:<\/strong>&nbsp;V\u00e1rios<br \/><strong>\u25baEscolaridade:&nbsp;<\/strong>N\u00edvel fundamental, m\u00e9dio e superior<br \/><strong>\u25baBanca:&nbsp;<\/strong>INCP<br \/><strong>\u25baEdital:<\/strong>&nbsp;<a rel=\"noreferrer noopener\" aria-label=\"Edital Prefeitura de Sumidouro (abre numa nova aba)\" href=\"https:\/\/dhg1h5j42swfq.cloudfront.net\/2019\/11\/05152558\/d168cf77653bfa9b2f12dbd37b74fa2d.pdf\" target=\"_blank\">Edital Prefeitura de Sumidouro<\/a><\/p>\n\n\n\n<p><br \/><em>Ascom Estrat\u00e9gia<br \/><\/em>ascomestratega@gmail.com<\/p>\n","protected":false},"excerpt":{"rendered":"<p>Com inscri\u00e7\u00f5es j\u00e1 encerradas, o concurso p\u00fablico da Prefeitura de Sumidouro, munic\u00edpio do estado do Rio de Janeiro, oferta, ao todo, 162 vagas. Destas, 115 s\u00e3o para provimento imediato e 47 para forma\u00e7\u00e3o de cadastro reserva. A organiza\u00e7\u00e3o do certame ficou por conta do INCP Concursos. Os candidatos interessados puderam se inscrever at\u00e9 o dia [&hellip;]<\/p>\n","protected":false},"author":260,"featured_media":444275,"comment_status":"open","ping_status":"closed","sticky":false,"template":"","format":"standard","meta":{"post_tipo":"article","footnotes":""},"categories":[1],"tags":[],"tax_estado":[],"class_list":["post-444422","post","type-post","status-publish","format-standard","has-post-thumbnail","hentry","category-cursos-e-concursos"],"acf":[],"yoast_head":"<!-- This site is optimized with the Yoast SEO Premium plugin v27.2 (Yoast SEO v27.2) - https:\/\/yoast.com\/product\/yoast-seo-premium-wordpress\/ -->\n<title>Concurso Prefeitura de Sumidouro oferta vagas para todas escolaridades<\/title>\n<meta name=\"robots\" content=\"index, follow, max-snippet:-1, max-image-preview:large, max-video-preview:-1\" \/>\n<link rel=\"canonical\" href=\"https:\/\/www.estrategiaconcursos.com.br\/blog\/concurso-prefeitura-de-sumidouro\/\" \/>\n<meta property=\"og:locale\" content=\"pt_BR\" \/>\n<meta property=\"og:type\" content=\"article\" \/>\n<meta property=\"og:title\" content=\"Concurso Prefeitura de Sumidouro oferta vagas para todas escolaridades\" \/>\n<meta property=\"og:description\" content=\"Com inscri\u00e7\u00f5es j\u00e1 encerradas, o concurso p\u00fablico da Prefeitura de Sumidouro, munic\u00edpio do estado do Rio de Janeiro, oferta, ao todo, 162 vagas. Destas, 115 s\u00e3o para provimento imediato e 47 para forma\u00e7\u00e3o de cadastro reserva. A organiza\u00e7\u00e3o do certame ficou por conta do INCP Concursos. Os candidatos interessados puderam se inscrever at\u00e9 o dia [&hellip;]\" \/>\n<meta property=\"og:url\" content=\"https:\/\/www.estrategiaconcursos.com.br\/blog\/concurso-prefeitura-de-sumidouro\/\" \/>\n<meta property=\"og:site_name\" content=\"Estrat\u00e9gia Concursos\" \/>\n<meta property=\"article:published_time\" content=\"2019-11-30T03:00:49+00:00\" \/>\n<meta property=\"article:modified_time\" content=\"2019-12-13T20:24:24+00:00\" \/>\n<meta property=\"og:image\" content=\"https:\/\/dhg1h5j42swfq.cloudfront.net\/2019\/11\/05113847\/Saiu-Edital-6.png\" \/>\n\t<meta property=\"og:image:width\" content=\"1200\" \/>\n\t<meta property=\"og:image:height\" content=\"628\" \/>\n\t<meta property=\"og:image:type\" content=\"image\/png\" \/>\n<meta name=\"author\" content=\"Diego Cerqueira Berbert Vasconcelos\" \/>\n<meta name=\"twitter:card\" content=\"summary_large_image\" \/>\n<meta name=\"twitter:creator\" content=\"@EstratConcursos\" \/>\n<meta name=\"twitter:site\" content=\"@EstratConcursos\" \/>\n<meta name=\"twitter:label1\" content=\"Escrito por\" \/>\n\t<meta name=\"twitter:data1\" content=\"Diego Cerqueira Berbert Vasconcelos\" \/>\n\t<meta name=\"twitter:label2\" content=\"Est. tempo de leitura\" \/>\n\t<meta name=\"twitter:data2\" content=\"5 minutos\" \/>\n<script type=\"application\/ld+json\" class=\"yoast-schema-graph\">{\"@context\":\"https:\/\/schema.org\",\"@graph\":[{\"@type\":\"NewsArticle\",\"@id\":\"https:\/\/www.estrategiaconcursos.com.br\/blog\/concurso-prefeitura-de-sumidouro\/#article\",\"isPartOf\":{\"@id\":\"https:\/\/www.estrategiaconcursos.com.br\/blog\/concurso-prefeitura-de-sumidouro\/\"},\"author\":{\"name\":\"Diego Cerqueira Berbert Vasconcelos\",\"@id\":\"https:\/\/www.estrategiaconcursos.com.br\/blog\/#\/schema\/person\/7fbf898fd336f5ce58a961518beff68c\"},\"headline\":\"Concurso Prefeitura de Sumidouro oferta vagas para todas escolaridades\",\"datePublished\":\"2019-11-30T03:00:49+00:00\",\"dateModified\":\"2019-12-13T20:24:24+00:00\",\"mainEntityOfPage\":{\"@id\":\"https:\/\/www.estrategiaconcursos.com.br\/blog\/concurso-prefeitura-de-sumidouro\/\"},\"wordCount\":1097,\"commentCount\":0,\"publisher\":{\"@id\":\"https:\/\/www.estrategiaconcursos.com.br\/blog\/#organization\"},\"image\":{\"@id\":\"https:\/\/www.estrategiaconcursos.com.br\/blog\/concurso-prefeitura-de-sumidouro\/#primaryimage\"},\"thumbnailUrl\":\"https:\/\/dhg1h5j42swfq.cloudfront.net\/2019\/11\/05113847\/Saiu-Edital-6.png\",\"articleSection\":[\"Concursos P\u00fablicos\"],\"inLanguage\":\"pt-BR\",\"potentialAction\":[{\"@type\":\"CommentAction\",\"name\":\"Comment\",\"target\":[\"https:\/\/www.estrategiaconcursos.com.br\/blog\/concurso-prefeitura-de-sumidouro\/#respond\"]}],\"copyrightYear\":\"2019\",\"copyrightHolder\":{\"@id\":\"https:\/\/www.estrategiaconcursos.com.br\/blog\/#organization\"}},{\"@type\":\"WebPage\",\"@id\":\"https:\/\/www.estrategiaconcursos.com.br\/blog\/concurso-prefeitura-de-sumidouro\/\",\"url\":\"https:\/\/www.estrategiaconcursos.com.br\/blog\/concurso-prefeitura-de-sumidouro\/\",\"name\":\"Concurso Prefeitura de Sumidouro oferta vagas para todas escolaridades\",\"isPartOf\":{\"@id\":\"https:\/\/www.estrategiaconcursos.com.br\/blog\/#website\"},\"primaryImageOfPage\":{\"@id\":\"https:\/\/www.estrategiaconcursos.com.br\/blog\/concurso-prefeitura-de-sumidouro\/#primaryimage\"},\"image\":{\"@id\":\"https:\/\/www.estrategiaconcursos.com.br\/blog\/concurso-prefeitura-de-sumidouro\/#primaryimage\"},\"thumbnailUrl\":\"https:\/\/dhg1h5j42swfq.cloudfront.net\/2019\/11\/05113847\/Saiu-Edital-6.png\",\"datePublished\":\"2019-11-30T03:00:49+00:00\",\"dateModified\":\"2019-12-13T20:24:24+00:00\",\"breadcrumb\":{\"@id\":\"https:\/\/www.estrategiaconcursos.com.br\/blog\/concurso-prefeitura-de-sumidouro\/#breadcrumb\"},\"inLanguage\":\"pt-BR\",\"potentialAction\":[{\"@type\":\"ReadAction\",\"target\":[\"https:\/\/www.estrategiaconcursos.com.br\/blog\/concurso-prefeitura-de-sumidouro\/\"]}]},{\"@type\":\"ImageObject\",\"inLanguage\":\"pt-BR\",\"@id\":\"https:\/\/www.estrategiaconcursos.com.br\/blog\/concurso-prefeitura-de-sumidouro\/#primaryimage\",\"url\":\"https:\/\/dhg1h5j42swfq.cloudfront.net\/2019\/11\/05113847\/Saiu-Edital-6.png\",\"contentUrl\":\"https:\/\/dhg1h5j42swfq.cloudfront.net\/2019\/11\/05113847\/Saiu-Edital-6.png\",\"width\":1200,\"height\":628,\"caption\":\"Concurso CRBM 14\"},{\"@type\":\"BreadcrumbList\",\"@id\":\"https:\/\/www.estrategiaconcursos.com.br\/blog\/concurso-prefeitura-de-sumidouro\/#breadcrumb\",\"itemListElement\":[{\"@type\":\"ListItem\",\"position\":1,\"name\":\"In\u00edcio\",\"item\":\"https:\/\/www.estrategiaconcursos.com.br\/blog\/\"},{\"@type\":\"ListItem\",\"position\":2,\"name\":\"Concurso Prefeitura de Sumidouro oferta vagas para todas escolaridades\"}]},{\"@type\":\"WebSite\",\"@id\":\"https:\/\/www.estrategiaconcursos.com.br\/blog\/#website\",\"url\":\"https:\/\/www.estrategiaconcursos.com.br\/blog\/\",\"name\":\"Estrat\u00e9gia Concursos\",\"description\":\"O blog da Estrat\u00e9gia Concursos traz not\u00edcias sobre concursos e artigos de professores oferecendo cursos para concursos (pdf + videaulas) no site.\",\"publisher\":{\"@id\":\"https:\/\/www.estrategiaconcursos.com.br\/blog\/#organization\"},\"potentialAction\":[{\"@type\":\"SearchAction\",\"target\":{\"@type\":\"EntryPoint\",\"urlTemplate\":\"https:\/\/www.estrategiaconcursos.com.br\/blog\/?s={search_term_string}\"},\"query-input\":{\"@type\":\"PropertyValueSpecification\",\"valueRequired\":true,\"valueName\":\"search_term_string\"}}],\"inLanguage\":\"pt-BR\"},{\"@type\":\"Organization\",\"@id\":\"https:\/\/www.estrategiaconcursos.com.br\/blog\/#organization\",\"name\":\"Estrat\u00e9gia Concursos\",\"url\":\"https:\/\/www.estrategiaconcursos.com.br\/blog\/\",\"logo\":{\"@type\":\"ImageObject\",\"inLanguage\":\"pt-BR\",\"@id\":\"https:\/\/www.estrategiaconcursos.com.br\/blog\/#\/schema\/logo\/image\/\",\"url\":\"https:\/\/dhg1h5j42swfq.cloudfront.net\/2025\/06\/03203428\/logo_concursos-1.jpg\",\"contentUrl\":\"https:\/\/dhg1h5j42swfq.cloudfront.net\/2025\/06\/03203428\/logo_concursos-1.jpg\",\"width\":230,\"height\":60,\"caption\":\"Estrat\u00e9gia Concursos\"},\"image\":{\"@id\":\"https:\/\/www.estrategiaconcursos.com.br\/blog\/#\/schema\/logo\/image\/\"},\"sameAs\":[\"https:\/\/x.com\/EstratConcursos\"]},{\"@type\":\"Person\",\"@id\":\"https:\/\/www.estrategiaconcursos.com.br\/blog\/#\/schema\/person\/7fbf898fd336f5ce58a961518beff68c\",\"name\":\"Diego Cerqueira Berbert Vasconcelos\",\"image\":{\"@type\":\"ImageObject\",\"inLanguage\":\"pt-BR\",\"@id\":\"https:\/\/secure.gravatar.com\/avatar\/ed2d045a7390980cad1a92d24dcc39d10ef55b88fcb9fb9c047979bf4ddeb1ce?s=96&d=mm&r=g\",\"url\":\"https:\/\/secure.gravatar.com\/avatar\/ed2d045a7390980cad1a92d24dcc39d10ef55b88fcb9fb9c047979bf4ddeb1ce?s=96&d=mm&r=g\",\"contentUrl\":\"https:\/\/secure.gravatar.com\/avatar\/ed2d045a7390980cad1a92d24dcc39d10ef55b88fcb9fb9c047979bf4ddeb1ce?s=96&d=mm&r=g\",\"caption\":\"Diego Cerqueira Berbert Vasconcelos\"},\"url\":\"https:\/\/www.estrategiaconcursos.com.br\/blog\/author\/diegocerqueiraestrategiaconcursos-com-br\/\"}]}<\/script>\n<!-- \/ Yoast SEO Premium plugin. -->","yoast_head_json":{"title":"Concurso Prefeitura de Sumidouro oferta vagas para todas escolaridades","robots":{"index":"index","follow":"follow","max-snippet":"max-snippet:-1","max-image-preview":"max-image-preview:large","max-video-preview":"max-video-preview:-1"},"canonical":"https:\/\/www.estrategiaconcursos.com.br\/blog\/concurso-prefeitura-de-sumidouro\/","og_locale":"pt_BR","og_type":"article","og_title":"Concurso Prefeitura de Sumidouro oferta vagas para todas escolaridades","og_description":"Com inscri\u00e7\u00f5es j\u00e1 encerradas, o concurso p\u00fablico da Prefeitura de Sumidouro, munic\u00edpio do estado do Rio de Janeiro, oferta, ao todo, 162 vagas. Destas, 115 s\u00e3o para provimento imediato e 47 para forma\u00e7\u00e3o de cadastro reserva. A organiza\u00e7\u00e3o do certame ficou por conta do INCP Concursos. Os candidatos interessados puderam se inscrever at\u00e9 o dia [&hellip;]","og_url":"https:\/\/www.estrategiaconcursos.com.br\/blog\/concurso-prefeitura-de-sumidouro\/","og_site_name":"Estrat\u00e9gia Concursos","article_published_time":"2019-11-30T03:00:49+00:00","article_modified_time":"2019-12-13T20:24:24+00:00","og_image":[{"width":1200,"height":628,"url":"https:\/\/dhg1h5j42swfq.cloudfront.net\/2019\/11\/05113847\/Saiu-Edital-6.png","type":"image\/png"}],"author":"Diego Cerqueira Berbert Vasconcelos","twitter_card":"summary_large_image","twitter_creator":"@EstratConcursos","twitter_site":"@EstratConcursos","twitter_misc":{"Escrito por":"Diego Cerqueira Berbert Vasconcelos","Est. tempo de leitura":"5 minutos"},"schema":{"@context":"https:\/\/schema.org","@graph":[{"@type":"NewsArticle","@id":"https:\/\/www.estrategiaconcursos.com.br\/blog\/concurso-prefeitura-de-sumidouro\/#article","isPartOf":{"@id":"https:\/\/www.estrategiaconcursos.com.br\/blog\/concurso-prefeitura-de-sumidouro\/"},"author":{"name":"Diego Cerqueira Berbert Vasconcelos","@id":"https:\/\/www.estrategiaconcursos.com.br\/blog\/#\/schema\/person\/7fbf898fd336f5ce58a961518beff68c"},"headline":"Concurso Prefeitura de Sumidouro oferta vagas para todas escolaridades","datePublished":"2019-11-30T03:00:49+00:00","dateModified":"2019-12-13T20:24:24+00:00","mainEntityOfPage":{"@id":"https:\/\/www.estrategiaconcursos.com.br\/blog\/concurso-prefeitura-de-sumidouro\/"},"wordCount":1097,"commentCount":0,"publisher":{"@id":"https:\/\/www.estrategiaconcursos.com.br\/blog\/#organization"},"image":{"@id":"https:\/\/www.estrategiaconcursos.com.br\/blog\/concurso-prefeitura-de-sumidouro\/#primaryimage"},"thumbnailUrl":"https:\/\/dhg1h5j42swfq.cloudfront.net\/2019\/11\/05113847\/Saiu-Edital-6.png","articleSection":["Concursos P\u00fablicos"],"inLanguage":"pt-BR","potentialAction":[{"@type":"CommentAction","name":"Comment","target":["https:\/\/www.estrategiaconcursos.com.br\/blog\/concurso-prefeitura-de-sumidouro\/#respond"]}],"copyrightYear":"2019","copyrightHolder":{"@id":"https:\/\/www.estrategiaconcursos.com.br\/blog\/#organization"}},{"@type":"WebPage","@id":"https:\/\/www.estrategiaconcursos.com.br\/blog\/concurso-prefeitura-de-sumidouro\/","url":"https:\/\/www.estrategiaconcursos.com.br\/blog\/concurso-prefeitura-de-sumidouro\/","name":"Concurso Prefeitura de Sumidouro oferta vagas para todas escolaridades","isPartOf":{"@id":"https:\/\/www.estrategiaconcursos.com.br\/blog\/#website"},"primaryImageOfPage":{"@id":"https:\/\/www.estrategiaconcursos.com.br\/blog\/concurso-prefeitura-de-sumidouro\/#primaryimage"},"image":{"@id":"https:\/\/www.estrategiaconcursos.com.br\/blog\/concurso-prefeitura-de-sumidouro\/#primaryimage"},"thumbnailUrl":"https:\/\/dhg1h5j42swfq.cloudfront.net\/2019\/11\/05113847\/Saiu-Edital-6.png","datePublished":"2019-11-30T03:00:49+00:00","dateModified":"2019-12-13T20:24:24+00:00","breadcrumb":{"@id":"https:\/\/www.estrategiaconcursos.com.br\/blog\/concurso-prefeitura-de-sumidouro\/#breadcrumb"},"inLanguage":"pt-BR","potentialAction":[{"@type":"ReadAction","target":["https:\/\/www.estrategiaconcursos.com.br\/blog\/concurso-prefeitura-de-sumidouro\/"]}]},{"@type":"ImageObject","inLanguage":"pt-BR","@id":"https:\/\/www.estrategiaconcursos.com.br\/blog\/concurso-prefeitura-de-sumidouro\/#primaryimage","url":"https:\/\/dhg1h5j42swfq.cloudfront.net\/2019\/11\/05113847\/Saiu-Edital-6.png","contentUrl":"https:\/\/dhg1h5j42swfq.cloudfront.net\/2019\/11\/05113847\/Saiu-Edital-6.png","width":1200,"height":628,"caption":"Concurso CRBM 14"},{"@type":"BreadcrumbList","@id":"https:\/\/www.estrategiaconcursos.com.br\/blog\/concurso-prefeitura-de-sumidouro\/#breadcrumb","itemListElement":[{"@type":"ListItem","position":1,"name":"In\u00edcio","item":"https:\/\/www.estrategiaconcursos.com.br\/blog\/"},{"@type":"ListItem","position":2,"name":"Concurso Prefeitura de Sumidouro oferta vagas para todas escolaridades"}]},{"@type":"WebSite","@id":"https:\/\/www.estrategiaconcursos.com.br\/blog\/#website","url":"https:\/\/www.estrategiaconcursos.com.br\/blog\/","name":"Estrat\u00e9gia Concursos","description":"O blog da Estrat\u00e9gia Concursos traz not\u00edcias sobre concursos e artigos de professores oferecendo cursos para concursos (pdf + videaulas) no site.","publisher":{"@id":"https:\/\/www.estrategiaconcursos.com.br\/blog\/#organization"},"potentialAction":[{"@type":"SearchAction","target":{"@type":"EntryPoint","urlTemplate":"https:\/\/www.estrategiaconcursos.com.br\/blog\/?s={search_term_string}"},"query-input":{"@type":"PropertyValueSpecification","valueRequired":true,"valueName":"search_term_string"}}],"inLanguage":"pt-BR"},{"@type":"Organization","@id":"https:\/\/www.estrategiaconcursos.com.br\/blog\/#organization","name":"Estrat\u00e9gia Concursos","url":"https:\/\/www.estrategiaconcursos.com.br\/blog\/","logo":{"@type":"ImageObject","inLanguage":"pt-BR","@id":"https:\/\/www.estrategiaconcursos.com.br\/blog\/#\/schema\/logo\/image\/","url":"https:\/\/dhg1h5j42swfq.cloudfront.net\/2025\/06\/03203428\/logo_concursos-1.jpg","contentUrl":"https:\/\/dhg1h5j42swfq.cloudfront.net\/2025\/06\/03203428\/logo_concursos-1.jpg","width":230,"height":60,"caption":"Estrat\u00e9gia Concursos"},"image":{"@id":"https:\/\/www.estrategiaconcursos.com.br\/blog\/#\/schema\/logo\/image\/"},"sameAs":["https:\/\/x.com\/EstratConcursos"]},{"@type":"Person","@id":"https:\/\/www.estrategiaconcursos.com.br\/blog\/#\/schema\/person\/7fbf898fd336f5ce58a961518beff68c","name":"Diego Cerqueira Berbert Vasconcelos","image":{"@type":"ImageObject","inLanguage":"pt-BR","@id":"https:\/\/secure.gravatar.com\/avatar\/ed2d045a7390980cad1a92d24dcc39d10ef55b88fcb9fb9c047979bf4ddeb1ce?s=96&d=mm&r=g","url":"https:\/\/secure.gravatar.com\/avatar\/ed2d045a7390980cad1a92d24dcc39d10ef55b88fcb9fb9c047979bf4ddeb1ce?s=96&d=mm&r=g","contentUrl":"https:\/\/secure.gravatar.com\/avatar\/ed2d045a7390980cad1a92d24dcc39d10ef55b88fcb9fb9c047979bf4ddeb1ce?s=96&d=mm&r=g","caption":"Diego Cerqueira Berbert Vasconcelos"},"url":"https:\/\/www.estrategiaconcursos.com.br\/blog\/author\/diegocerqueiraestrategiaconcursos-com-br\/"}]}},"_links":{"self":[{"href":"https:\/\/www.estrategiaconcursos.com.br\/blog\/wp-json\/wp\/v2\/posts\/444422","targetHints":{"allow":["GET"]}}],"collection":[{"href":"https:\/\/www.estrategiaconcursos.com.br\/blog\/wp-json\/wp\/v2\/posts"}],"about":[{"href":"https:\/\/www.estrategiaconcursos.com.br\/blog\/wp-json\/wp\/v2\/types\/post"}],"author":[{"embeddable":true,"href":"https:\/\/www.estrategiaconcursos.com.br\/blog\/wp-json\/wp\/v2\/users\/260"}],"replies":[{"embeddable":true,"href":"https:\/\/www.estrategiaconcursos.com.br\/blog\/wp-json\/wp\/v2\/comments?post=444422"}],"version-history":[{"count":37,"href":"https:\/\/www.estrategiaconcursos.com.br\/blog\/wp-json\/wp\/v2\/posts\/444422\/revisions"}],"predecessor-version":[{"id":460332,"href":"https:\/\/www.estrategiaconcursos.com.br\/blog\/wp-json\/wp\/v2\/posts\/444422\/revisions\/460332"}],"wp:featuredmedia":[{"embeddable":true,"href":"https:\/\/www.estrategiaconcursos.com.br\/blog\/wp-json\/wp\/v2\/media\/444275"}],"wp:attachment":[{"href":"https:\/\/www.estrategiaconcursos.com.br\/blog\/wp-json\/wp\/v2\/media?parent=444422"}],"wp:term":[{"taxonomy":"category","embeddable":true,"href":"https:\/\/www.estrategiaconcursos.com.br\/blog\/wp-json\/wp\/v2\/categories?post=444422"},{"taxonomy":"post_tag","embeddable":true,"href":"https:\/\/www.estrategiaconcursos.com.br\/blog\/wp-json\/wp\/v2\/tags?post=444422"},{"taxonomy":"tax_estado","embeddable":true,"href":"https:\/\/www.estrategiaconcursos.com.br\/blog\/wp-json\/wp\/v2\/tax_estado?post=444422"}],"curies":[{"name":"wp","href":"https:\/\/api.w.org\/{rel}","templated":true}]}}