{"id":444418,"date":"2019-11-06T16:45:58","date_gmt":"2019-11-06T19:45:58","guid":{"rendered":"https:\/\/www.estrategiaconcursos.com.br\/blog\/?p=444418"},"modified":"2023-09-14T13:41:23","modified_gmt":"2023-09-14T16:41:23","slug":"pacote-economico-comeca-a-ser-entregue-ao-congresso-confira-as-pecs-ja-enviadas","status":"publish","type":"post","link":"https:\/\/www.estrategiaconcursos.com.br\/blog\/pacote-economico-comeca-a-ser-entregue-ao-congresso-confira-as-pecs-ja-enviadas\/","title":{"rendered":"Pacote Econ\u00f4mico come\u00e7a a ser entregue ao Congresso: confira as PECs j\u00e1 enviadas"},"content":{"rendered":"\n<p>O presidente Jair Bolsonaro entregou na \u00faltima ter\u00e7a-feira (5), a primeira parte do Pacote Econ\u00f4mico, elaborado por sua equipe econ\u00f4mica, direcionada pelo Ministro da Economia, Paulo Guedes.<\/p>\n\n\n\n<p>Foram entregues tr\u00eas propostas de emenda \u00e0 Constitui\u00e7\u00e3o:<\/p>\n\n\n\n<ul class=\"wp-block-list\">\n<li><strong>PEC Emergencial<\/strong> &#8211; visa reduzir os gastos obrigat\u00f3rios<\/li>\n\n\n\n<li><strong>Pacto Federativo<\/strong> &#8211; redefine a distribui\u00e7\u00e3o de recursos entre Uni\u00e3o, estado e munic\u00edpios<\/li>\n\n\n\n<li><strong>Revis\u00e3o de Fundos P\u00fablicos<\/strong><\/li>\n<\/ul>\n\n\n\n<h2 class=\"wp-block-heading\" id=\"h-a-reforma-administrativa-a-pec-emergencial-e-os-concursos-publicos\">A Reforma Administrativa, a PEC Emergencial e os Concursos P\u00fablicos <\/h2>\n\n\n\n<p>Nesta <strong>quarta-feira, 6 de novembro, a partir das 22h<\/strong>, faremos uma transmiss\u00e3o ao vivo e gratuita, trazendo tudo o que voc\u00ea precisa saber sobre a <strong>Reforma Administrativa, PEC Emergencial e os Concursos P\u00fablicos<\/strong>.<\/p>\n\n\n\n<h2 class=\"wp-block-heading\" id=\"h-sobre-as-pecs\">Sobre as PECs<\/h2>\n\n\n\n<h4 class=\"wp-block-heading\" id=\"h-pec-emergencial\"><span style=\"text-decoration: underline;\">PEC <\/span><strong><span style=\"text-decoration: underline;\">Emergencial<\/span><\/strong><\/h4>\n\n\n\n<p>Prev\u00ea a conten\u00e7\u00e3o de gastos p\u00fablicos em caso de crise financeira da Uni\u00e3o, estados ou munic\u00edpios, proibindo o endividamento p\u00fablico para pagar despesas correntes (remunera\u00e7\u00f5es, benef\u00edcios de aposentadoria, contas de \u00e1gua, energia, entre outros).<\/p>\n\n\n\n<p>Est\u00e1 nesta PEC tamb\u00e9m a proposta de redu\u00e7\u00e3o de jornada de trabalho e de remunera\u00e7\u00f5es dos servidores p\u00fablicos.<\/p>\n\n\n\n<figure class=\"wp-block-image\"><img loading=\"lazy\" decoding=\"async\" width=\"1214\" height=\"824\" src=\"https:\/\/dhg1h5j42swfq.cloudfront.net\/2019\/11\/05163006\/atual.jpg.jpg\" alt=\"pec emergencial\" class=\"wp-image-444484\" srcset=\"https:\/\/dhg1h5j42swfq.cloudfront.net\/2019\/11\/05163006\/atual.jpg.jpg 1214w, https:\/\/dhg1h5j42swfq.cloudfront.net\/2019\/11\/05163006\/atual.jpg.jpg 300w, https:\/\/dhg1h5j42swfq.cloudfront.net\/2019\/11\/05163006\/atual.jpg.jpg 768w, https:\/\/dhg1h5j42swfq.cloudfront.net\/2019\/11\/05163006\/atual.jpg.jpg 1024w, https:\/\/dhg1h5j42swfq.cloudfront.net\/2019\/11\/05163006\/atual.jpg.jpg 610w\" sizes=\"auto, (max-width: 1214px) 100vw, 1214px\" \/><\/figure>\n\n\n\n<h4 class=\"wp-block-heading\" id=\"h-pacto-federativo\"><strong><span style=\"text-decoration: underline;\">Pacto Federativo<\/span><\/strong><\/h4>\n\n\n\n<p>O ministro Paulo Guedes prev\u00ea que as mudan\u00e7as no <strong>Pacto Federativo<\/strong>, que dar\u00e3o mais autonomia aos Estados e Munic\u00edpios, aumente a transfer\u00eancia de recursos em torno de R$500 bilh\u00f5es.<\/p>\n\n\n\n<p>Alguns pontos do texto prev\u00eam a descentraliza\u00e7\u00e3o de recursos, a cria\u00e7\u00e3o de um Conselho Fiscal da Rep\u00fablica para avaliar a situa\u00e7\u00e3o financeira dos estados e desindexa\u00e7\u00e3o e desobriga\u00e7\u00e3o do Or\u00e7amento (permitindo que os gestores tenham a flexibilidade de definir as prioridades para investimento dos recursos).<\/p>\n\n\n\n<figure class=\"wp-block-image\"><img loading=\"lazy\" decoding=\"async\" width=\"1147\" height=\"855\" src=\"https:\/\/dhg1h5j42swfq.cloudfront.net\/2019\/11\/05163152\/atual-1.jpg.jpg\" alt=\"pacto federativo\" class=\"wp-image-444486\" srcset=\"https:\/\/dhg1h5j42swfq.cloudfront.net\/2019\/11\/05163152\/atual-1.jpg.jpg 1147w, https:\/\/dhg1h5j42swfq.cloudfront.net\/2019\/11\/05163152\/atual-1.jpg.jpg 300w, https:\/\/dhg1h5j42swfq.cloudfront.net\/2019\/11\/05163152\/atual-1.jpg.jpg 768w, https:\/\/dhg1h5j42swfq.cloudfront.net\/2019\/11\/05163152\/atual-1.jpg.jpg 1024w, https:\/\/dhg1h5j42swfq.cloudfront.net\/2019\/11\/05163152\/atual-1.jpg.jpg 610w\" sizes=\"auto, (max-width: 1147px) 100vw, 1147px\" \/><\/figure>\n\n\n\n<h4 class=\"wp-block-heading\" id=\"h-revisao-de-fundos\"><strong><span style=\"text-decoration: underline;\">Revis\u00e3o de Fundos<\/span><\/strong><\/h4>\n\n\n\n<p>A PEC dos fundos p\u00fablicos prev\u00ea a revis\u00e3o de 281 fundos constitucionais e infraconstitucionais para a libera\u00e7\u00e3o de mais de R$200 milh\u00f5es, que hoje est\u00e3o estagnados para abater a d\u00edvida p\u00fablica.<\/p>\n\n\n\n<p>As medidas ser\u00e3o analisadas pelo Senador Federal e, caso aprovadas, seguir\u00e3o para a C\u00e2mara dos Deputados para an\u00e1lise.<\/p>\n\n\n\n<figure class=\"wp-block-image\"><img loading=\"lazy\" decoding=\"async\" width=\"1222\" height=\"866\" src=\"https:\/\/dhg1h5j42swfq.cloudfront.net\/2019\/11\/05163505\/atual2.jpg.jpg\" alt=\"pec fundos p\u00fablicos\" class=\"wp-image-444489\" srcset=\"https:\/\/dhg1h5j42swfq.cloudfront.net\/2019\/11\/05163505\/atual2.jpg.jpg 1222w, https:\/\/dhg1h5j42swfq.cloudfront.net\/2019\/11\/05163505\/atual2.jpg.jpg 300w, https:\/\/dhg1h5j42swfq.cloudfront.net\/2019\/11\/05163505\/atual2.jpg.jpg 768w, https:\/\/dhg1h5j42swfq.cloudfront.net\/2019\/11\/05163505\/atual2.jpg.jpg 1024w, https:\/\/dhg1h5j42swfq.cloudfront.net\/2019\/11\/05163505\/atual2.jpg.jpg 610w\" sizes=\"auto, (max-width: 1222px) 100vw, 1222px\" \/><\/figure>\n\n\n\n<p class=\"has-text-align-center\"><strong><em>A apresenta\u00e7\u00e3o completa das 3 PECs voc\u00ea confere ao final desta mat\u00e9ria<\/em><\/strong><\/p>\n\n\n\n<h4 class=\"wp-block-heading\" id=\"h-mais-reformas-em-planejamento\"><strong><span style=\"text-decoration: underline;\">Mais reformas em planejamento<\/span><\/strong><\/h4>\n\n\n\n<p>\u00c9 esperada ainda a entrega de duas reformas para an\u00e1lise do Congresso Nacional, a <strong>Reforma Tribut\u00e1ria e a Reforma Administrativa.<\/strong><\/p>\n\n\n\n<p>De acordo com o ministro, as duas reformas ainda precisam de ajustes para serem enviadas, mas deve ocorrer nas pr\u00f3ximas semanas de novembro.<\/p>\n\n\n\n<p>A <strong>Reforma Administrativa<\/strong> prev\u00ea algumas mudan\u00e7as nas regras do servi\u00e7o p\u00fablico,  trazendo como uma das principais altera\u00e7\u00f5es a quest\u00e3o da estabilidade do servidor, aumentando o tempo de 3 para 10 anos para alcance do status &#8220;est\u00e1vel&#8221;.<\/p>\n\n\n\n<p>Tamb\u00e9m ser\u00e3o debatidas novas formas de avalia\u00e7\u00e3o de desempenho, redu\u00e7\u00e3o do n\u00famero de carreiras em alguns \u00f3rg\u00e3os, a redu\u00e7\u00e3o em pelo menos 20% do peso de cargos e fun\u00e7\u00f5es de confian\u00e7a, ou seja, aqueles que trabalham no servi\u00e7o p\u00fablico por meio de indica\u00e7\u00e3o e n\u00e3o concurso p\u00fablico. <\/p>\n\n\n\n<p>J\u00e1 a <strong>Reforma Tribut\u00e1ria <\/strong>focar\u00e1 na desburocratiza\u00e7\u00e3o do sistema e a cria\u00e7\u00e3o de dois Impostos sobre Valor Agregado (IVA), um federal e outro estadual. <\/p>\n\n\n\n<p class=\"has-very-light-gray-background-color has-background\"><em><a rel=\"noreferrer noopener\" aria-label=\"Baixe a apresenta\u00e7\u00e3o do Plano Mais Brasil - Minist\u00e9rio da Economia. (abre numa nova aba)\" href=\"https:\/\/dhg1h5j42swfq.cloudfront.net\/2019\/11\/05163938\/plano-mais-brasil_01-1.pdf\" target=\"_blank\">Baixe a apresenta\u00e7\u00e3o do Plano Mais Brasil &#8211; Minist\u00e9rio da Economia<\/a><\/em><\/p>\n\n\n\n<hr class=\"wp-block-separator has-css-opacity\"\/>\n\n\n\n<p class=\"has-text-align-center has-medium-font-size\"><strong><em>Fique por dentro de todos os concursos<\/em><\/strong><\/p>\n\n\n\n<p class=\"has-text-align-center has-pale-cyan-blue-background-color has-background\" style=\"font-size:clamp(14.642px, 0.915rem + ((1vw - 3.2px) * 0.721), 22px);px\"><a aria-label=\"CONCURSOS ABERTOS (abre numa nova aba)\" href=\"https:\/\/www.estrategiaconcursos.com.br\/blog\/concursos-abertos\/\" target=\"_blank\" rel=\"noreferrer noopener\"><strong>CONCURSOS ABERTOS<\/strong><\/a><\/p>\n\n\n\n<p>Ascom<br \/>ascomestrategia@gmail.com<\/p>\n","protected":false},"excerpt":{"rendered":"<p>O presidente Jair Bolsonaro entregou na \u00faltima ter\u00e7a-feira (5), a primeira parte do Pacote Econ\u00f4mico, elaborado por sua equipe econ\u00f4mica, direcionada pelo Ministro da Economia, Paulo Guedes. Foram entregues tr\u00eas propostas de emenda \u00e0 Constitui\u00e7\u00e3o: A Reforma Administrativa, a PEC Emergencial e os Concursos P\u00fablicos Nesta quarta-feira, 6 de novembro, a partir das 22h, faremos [&hellip;]<\/p>\n","protected":false},"author":129,"featured_media":444503,"comment_status":"open","ping_status":"closed","sticky":false,"template":"","format":"standard","meta":{"post_tipo":"article","footnotes":""},"categories":[1],"tags":[],"tax_estado":[],"class_list":["post-444418","post","type-post","status-publish","format-standard","has-post-thumbnail","hentry","category-cursos-e-concursos"],"acf":[],"yoast_head":"<!-- This site is optimized with the Yoast SEO Premium plugin v27.2 (Yoast SEO v27.2) - https:\/\/yoast.com\/product\/yoast-seo-premium-wordpress\/ -->\n<title>A Reforma Administrativa, a PEC Emergencial e os Concursos<\/title>\n<meta name=\"description\" content=\"Entenda a Reforma Administrativa, a PEC Emergencial e o impacto nos Concursos P\u00fablicos. Confira os PEC&#039;s j\u00e1 enviados!\" \/>\n<meta name=\"robots\" content=\"index, follow, max-snippet:-1, max-image-preview:large, max-video-preview:-1\" \/>\n<link rel=\"canonical\" href=\"https:\/\/www.estrategiaconcursos.com.br\/blog\/pacote-economico-comeca-a-ser-entregue-ao-congresso-confira-as-pecs-ja-enviadas\/\" \/>\n<meta property=\"og:locale\" content=\"pt_BR\" \/>\n<meta property=\"og:type\" content=\"article\" \/>\n<meta property=\"og:title\" content=\"Pacote Econ\u00f4mico come\u00e7a a ser entregue ao Congresso: confira as PECs j\u00e1 enviadas\" \/>\n<meta property=\"og:description\" content=\"Entenda a Reforma Administrativa, a PEC Emergencial e o impacto nos Concursos P\u00fablicos. Confira os PEC&#039;s j\u00e1 enviados!\" \/>\n<meta property=\"og:url\" content=\"https:\/\/www.estrategiaconcursos.com.br\/blog\/pacote-economico-comeca-a-ser-entregue-ao-congresso-confira-as-pecs-ja-enviadas\/\" \/>\n<meta property=\"og:site_name\" content=\"Estrat\u00e9gia Concursos\" \/>\n<meta property=\"article:published_time\" content=\"2019-11-06T19:45:58+00:00\" \/>\n<meta property=\"article:modified_time\" content=\"2023-09-14T16:41:23+00:00\" \/>\n<meta property=\"og:image\" content=\"https:\/\/dhg1h5j42swfq.cloudfront.net\/2019\/11\/05164034\/cap.jpg.jpg\" \/>\n\t<meta property=\"og:image:width\" content=\"1164\" \/>\n\t<meta property=\"og:image:height\" content=\"668\" \/>\n\t<meta property=\"og:image:type\" content=\"image\/jpeg\" \/>\n<meta name=\"author\" content=\"Herbert Almeida\" \/>\n<meta name=\"twitter:card\" content=\"summary_large_image\" \/>\n<meta name=\"twitter:creator\" content=\"@EstratConcursos\" \/>\n<meta name=\"twitter:site\" content=\"@EstratConcursos\" \/>\n<meta name=\"twitter:label1\" content=\"Escrito por\" \/>\n\t<meta name=\"twitter:data1\" content=\"Herbert Almeida\" \/>\n\t<meta name=\"twitter:label2\" content=\"Est. tempo de leitura\" \/>\n\t<meta name=\"twitter:data2\" content=\"3 minutos\" \/>\n<script type=\"application\/ld+json\" class=\"yoast-schema-graph\">{\"@context\":\"https:\/\/schema.org\",\"@graph\":[{\"@type\":\"NewsArticle\",\"@id\":\"https:\/\/www.estrategiaconcursos.com.br\/blog\/pacote-economico-comeca-a-ser-entregue-ao-congresso-confira-as-pecs-ja-enviadas\/#article\",\"isPartOf\":{\"@id\":\"https:\/\/www.estrategiaconcursos.com.br\/blog\/pacote-economico-comeca-a-ser-entregue-ao-congresso-confira-as-pecs-ja-enviadas\/\"},\"author\":{\"name\":\"Herbert Almeida\",\"@id\":\"https:\/\/www.estrategiaconcursos.com.br\/blog\/#\/schema\/person\/59717c75350fa01aa0fd68a52a8d02e0\"},\"headline\":\"Pacote Econ\u00f4mico come\u00e7a a ser entregue ao Congresso: confira as PECs j\u00e1 enviadas\",\"datePublished\":\"2019-11-06T19:45:58+00:00\",\"dateModified\":\"2023-09-14T16:41:23+00:00\",\"mainEntityOfPage\":{\"@id\":\"https:\/\/www.estrategiaconcursos.com.br\/blog\/pacote-economico-comeca-a-ser-entregue-ao-congresso-confira-as-pecs-ja-enviadas\/\"},\"wordCount\":563,\"commentCount\":17,\"publisher\":{\"@id\":\"https:\/\/www.estrategiaconcursos.com.br\/blog\/#organization\"},\"image\":{\"@id\":\"https:\/\/www.estrategiaconcursos.com.br\/blog\/pacote-economico-comeca-a-ser-entregue-ao-congresso-confira-as-pecs-ja-enviadas\/#primaryimage\"},\"thumbnailUrl\":\"https:\/\/dhg1h5j42swfq.cloudfront.net\/2019\/11\/05164034\/cap.jpg.jpg\",\"articleSection\":[\"Concursos P\u00fablicos\"],\"inLanguage\":\"pt-BR\",\"potentialAction\":[{\"@type\":\"CommentAction\",\"name\":\"Comment\",\"target\":[\"https:\/\/www.estrategiaconcursos.com.br\/blog\/pacote-economico-comeca-a-ser-entregue-ao-congresso-confira-as-pecs-ja-enviadas\/#respond\"]}],\"copyrightYear\":\"2019\",\"copyrightHolder\":{\"@id\":\"https:\/\/www.estrategiaconcursos.com.br\/blog\/#organization\"}},{\"@type\":\"WebPage\",\"@id\":\"https:\/\/www.estrategiaconcursos.com.br\/blog\/pacote-economico-comeca-a-ser-entregue-ao-congresso-confira-as-pecs-ja-enviadas\/\",\"url\":\"https:\/\/www.estrategiaconcursos.com.br\/blog\/pacote-economico-comeca-a-ser-entregue-ao-congresso-confira-as-pecs-ja-enviadas\/\",\"name\":\"A Reforma Administrativa, a PEC Emergencial e os Concursos\",\"isPartOf\":{\"@id\":\"https:\/\/www.estrategiaconcursos.com.br\/blog\/#website\"},\"primaryImageOfPage\":{\"@id\":\"https:\/\/www.estrategiaconcursos.com.br\/blog\/pacote-economico-comeca-a-ser-entregue-ao-congresso-confira-as-pecs-ja-enviadas\/#primaryimage\"},\"image\":{\"@id\":\"https:\/\/www.estrategiaconcursos.com.br\/blog\/pacote-economico-comeca-a-ser-entregue-ao-congresso-confira-as-pecs-ja-enviadas\/#primaryimage\"},\"thumbnailUrl\":\"https:\/\/dhg1h5j42swfq.cloudfront.net\/2019\/11\/05164034\/cap.jpg.jpg\",\"datePublished\":\"2019-11-06T19:45:58+00:00\",\"dateModified\":\"2023-09-14T16:41:23+00:00\",\"description\":\"Entenda a Reforma Administrativa, a PEC Emergencial e o impacto nos Concursos P\u00fablicos. Confira os PEC's j\u00e1 enviados!\",\"breadcrumb\":{\"@id\":\"https:\/\/www.estrategiaconcursos.com.br\/blog\/pacote-economico-comeca-a-ser-entregue-ao-congresso-confira-as-pecs-ja-enviadas\/#breadcrumb\"},\"inLanguage\":\"pt-BR\",\"potentialAction\":[{\"@type\":\"ReadAction\",\"target\":[\"https:\/\/www.estrategiaconcursos.com.br\/blog\/pacote-economico-comeca-a-ser-entregue-ao-congresso-confira-as-pecs-ja-enviadas\/\"]}]},{\"@type\":\"ImageObject\",\"inLanguage\":\"pt-BR\",\"@id\":\"https:\/\/www.estrategiaconcursos.com.br\/blog\/pacote-economico-comeca-a-ser-entregue-ao-congresso-confira-as-pecs-ja-enviadas\/#primaryimage\",\"url\":\"https:\/\/dhg1h5j42swfq.cloudfront.net\/2019\/11\/05164034\/cap.jpg.jpg\",\"contentUrl\":\"https:\/\/dhg1h5j42swfq.cloudfront.net\/2019\/11\/05164034\/cap.jpg.jpg\",\"width\":1164,\"height\":668},{\"@type\":\"BreadcrumbList\",\"@id\":\"https:\/\/www.estrategiaconcursos.com.br\/blog\/pacote-economico-comeca-a-ser-entregue-ao-congresso-confira-as-pecs-ja-enviadas\/#breadcrumb\",\"itemListElement\":[{\"@type\":\"ListItem\",\"position\":1,\"name\":\"In\u00edcio\",\"item\":\"https:\/\/www.estrategiaconcursos.com.br\/blog\/\"},{\"@type\":\"ListItem\",\"position\":2,\"name\":\"Pacote Econ\u00f4mico come\u00e7a a ser entregue ao Congresso: confira as PECs j\u00e1 enviadas\"}]},{\"@type\":\"WebSite\",\"@id\":\"https:\/\/www.estrategiaconcursos.com.br\/blog\/#website\",\"url\":\"https:\/\/www.estrategiaconcursos.com.br\/blog\/\",\"name\":\"Estrat\u00e9gia Concursos\",\"description\":\"O blog da Estrat\u00e9gia Concursos traz not\u00edcias sobre concursos e artigos de professores oferecendo cursos para concursos (pdf + videaulas) no site.\",\"publisher\":{\"@id\":\"https:\/\/www.estrategiaconcursos.com.br\/blog\/#organization\"},\"potentialAction\":[{\"@type\":\"SearchAction\",\"target\":{\"@type\":\"EntryPoint\",\"urlTemplate\":\"https:\/\/www.estrategiaconcursos.com.br\/blog\/?s={search_term_string}\"},\"query-input\":{\"@type\":\"PropertyValueSpecification\",\"valueRequired\":true,\"valueName\":\"search_term_string\"}}],\"inLanguage\":\"pt-BR\"},{\"@type\":\"Organization\",\"@id\":\"https:\/\/www.estrategiaconcursos.com.br\/blog\/#organization\",\"name\":\"Estrat\u00e9gia Concursos\",\"url\":\"https:\/\/www.estrategiaconcursos.com.br\/blog\/\",\"logo\":{\"@type\":\"ImageObject\",\"inLanguage\":\"pt-BR\",\"@id\":\"https:\/\/www.estrategiaconcursos.com.br\/blog\/#\/schema\/logo\/image\/\",\"url\":\"https:\/\/dhg1h5j42swfq.cloudfront.net\/2025\/06\/03203428\/logo_concursos-1.jpg\",\"contentUrl\":\"https:\/\/dhg1h5j42swfq.cloudfront.net\/2025\/06\/03203428\/logo_concursos-1.jpg\",\"width\":230,\"height\":60,\"caption\":\"Estrat\u00e9gia Concursos\"},\"image\":{\"@id\":\"https:\/\/www.estrategiaconcursos.com.br\/blog\/#\/schema\/logo\/image\/\"},\"sameAs\":[\"https:\/\/x.com\/EstratConcursos\"]},{\"@type\":\"Person\",\"@id\":\"https:\/\/www.estrategiaconcursos.com.br\/blog\/#\/schema\/person\/59717c75350fa01aa0fd68a52a8d02e0\",\"name\":\"Herbert Almeida\",\"image\":{\"@type\":\"ImageObject\",\"inLanguage\":\"pt-BR\",\"@id\":\"https:\/\/secure.gravatar.com\/avatar\/b6461a43893c24d5fc91efc433971ffec025c84c0341129f4578034d77f9a536?s=96&d=mm&r=g\",\"url\":\"https:\/\/secure.gravatar.com\/avatar\/b6461a43893c24d5fc91efc433971ffec025c84c0341129f4578034d77f9a536?s=96&d=mm&r=g\",\"contentUrl\":\"https:\/\/secure.gravatar.com\/avatar\/b6461a43893c24d5fc91efc433971ffec025c84c0341129f4578034d77f9a536?s=96&d=mm&r=g\",\"caption\":\"Herbert Almeida\"},\"url\":\"https:\/\/www.estrategiaconcursos.com.br\/blog\/author\/herbertestrategiaconcursos-com-br\/\"}]}<\/script>\n<!-- \/ Yoast SEO Premium plugin. -->","yoast_head_json":{"title":"A Reforma Administrativa, a PEC Emergencial e os Concursos","description":"Entenda a Reforma Administrativa, a PEC Emergencial e o impacto nos Concursos P\u00fablicos. Confira os PEC's j\u00e1 enviados!","robots":{"index":"index","follow":"follow","max-snippet":"max-snippet:-1","max-image-preview":"max-image-preview:large","max-video-preview":"max-video-preview:-1"},"canonical":"https:\/\/www.estrategiaconcursos.com.br\/blog\/pacote-economico-comeca-a-ser-entregue-ao-congresso-confira-as-pecs-ja-enviadas\/","og_locale":"pt_BR","og_type":"article","og_title":"Pacote Econ\u00f4mico come\u00e7a a ser entregue ao Congresso: confira as PECs j\u00e1 enviadas","og_description":"Entenda a Reforma Administrativa, a PEC Emergencial e o impacto nos Concursos P\u00fablicos. Confira os PEC's j\u00e1 enviados!","og_url":"https:\/\/www.estrategiaconcursos.com.br\/blog\/pacote-economico-comeca-a-ser-entregue-ao-congresso-confira-as-pecs-ja-enviadas\/","og_site_name":"Estrat\u00e9gia Concursos","article_published_time":"2019-11-06T19:45:58+00:00","article_modified_time":"2023-09-14T16:41:23+00:00","og_image":[{"width":1164,"height":668,"url":"https:\/\/dhg1h5j42swfq.cloudfront.net\/2019\/11\/05164034\/cap.jpg.jpg","type":"image\/jpeg"}],"author":"Herbert Almeida","twitter_card":"summary_large_image","twitter_creator":"@EstratConcursos","twitter_site":"@EstratConcursos","twitter_misc":{"Escrito por":"Herbert Almeida","Est. tempo de leitura":"3 minutos"},"schema":{"@context":"https:\/\/schema.org","@graph":[{"@type":"NewsArticle","@id":"https:\/\/www.estrategiaconcursos.com.br\/blog\/pacote-economico-comeca-a-ser-entregue-ao-congresso-confira-as-pecs-ja-enviadas\/#article","isPartOf":{"@id":"https:\/\/www.estrategiaconcursos.com.br\/blog\/pacote-economico-comeca-a-ser-entregue-ao-congresso-confira-as-pecs-ja-enviadas\/"},"author":{"name":"Herbert Almeida","@id":"https:\/\/www.estrategiaconcursos.com.br\/blog\/#\/schema\/person\/59717c75350fa01aa0fd68a52a8d02e0"},"headline":"Pacote Econ\u00f4mico come\u00e7a a ser entregue ao Congresso: confira as PECs j\u00e1 enviadas","datePublished":"2019-11-06T19:45:58+00:00","dateModified":"2023-09-14T16:41:23+00:00","mainEntityOfPage":{"@id":"https:\/\/www.estrategiaconcursos.com.br\/blog\/pacote-economico-comeca-a-ser-entregue-ao-congresso-confira-as-pecs-ja-enviadas\/"},"wordCount":563,"commentCount":17,"publisher":{"@id":"https:\/\/www.estrategiaconcursos.com.br\/blog\/#organization"},"image":{"@id":"https:\/\/www.estrategiaconcursos.com.br\/blog\/pacote-economico-comeca-a-ser-entregue-ao-congresso-confira-as-pecs-ja-enviadas\/#primaryimage"},"thumbnailUrl":"https:\/\/dhg1h5j42swfq.cloudfront.net\/2019\/11\/05164034\/cap.jpg.jpg","articleSection":["Concursos P\u00fablicos"],"inLanguage":"pt-BR","potentialAction":[{"@type":"CommentAction","name":"Comment","target":["https:\/\/www.estrategiaconcursos.com.br\/blog\/pacote-economico-comeca-a-ser-entregue-ao-congresso-confira-as-pecs-ja-enviadas\/#respond"]}],"copyrightYear":"2019","copyrightHolder":{"@id":"https:\/\/www.estrategiaconcursos.com.br\/blog\/#organization"}},{"@type":"WebPage","@id":"https:\/\/www.estrategiaconcursos.com.br\/blog\/pacote-economico-comeca-a-ser-entregue-ao-congresso-confira-as-pecs-ja-enviadas\/","url":"https:\/\/www.estrategiaconcursos.com.br\/blog\/pacote-economico-comeca-a-ser-entregue-ao-congresso-confira-as-pecs-ja-enviadas\/","name":"A Reforma Administrativa, a PEC Emergencial e os Concursos","isPartOf":{"@id":"https:\/\/www.estrategiaconcursos.com.br\/blog\/#website"},"primaryImageOfPage":{"@id":"https:\/\/www.estrategiaconcursos.com.br\/blog\/pacote-economico-comeca-a-ser-entregue-ao-congresso-confira-as-pecs-ja-enviadas\/#primaryimage"},"image":{"@id":"https:\/\/www.estrategiaconcursos.com.br\/blog\/pacote-economico-comeca-a-ser-entregue-ao-congresso-confira-as-pecs-ja-enviadas\/#primaryimage"},"thumbnailUrl":"https:\/\/dhg1h5j42swfq.cloudfront.net\/2019\/11\/05164034\/cap.jpg.jpg","datePublished":"2019-11-06T19:45:58+00:00","dateModified":"2023-09-14T16:41:23+00:00","description":"Entenda a Reforma Administrativa, a PEC Emergencial e o impacto nos Concursos P\u00fablicos. Confira os PEC's j\u00e1 enviados!","breadcrumb":{"@id":"https:\/\/www.estrategiaconcursos.com.br\/blog\/pacote-economico-comeca-a-ser-entregue-ao-congresso-confira-as-pecs-ja-enviadas\/#breadcrumb"},"inLanguage":"pt-BR","potentialAction":[{"@type":"ReadAction","target":["https:\/\/www.estrategiaconcursos.com.br\/blog\/pacote-economico-comeca-a-ser-entregue-ao-congresso-confira-as-pecs-ja-enviadas\/"]}]},{"@type":"ImageObject","inLanguage":"pt-BR","@id":"https:\/\/www.estrategiaconcursos.com.br\/blog\/pacote-economico-comeca-a-ser-entregue-ao-congresso-confira-as-pecs-ja-enviadas\/#primaryimage","url":"https:\/\/dhg1h5j42swfq.cloudfront.net\/2019\/11\/05164034\/cap.jpg.jpg","contentUrl":"https:\/\/dhg1h5j42swfq.cloudfront.net\/2019\/11\/05164034\/cap.jpg.jpg","width":1164,"height":668},{"@type":"BreadcrumbList","@id":"https:\/\/www.estrategiaconcursos.com.br\/blog\/pacote-economico-comeca-a-ser-entregue-ao-congresso-confira-as-pecs-ja-enviadas\/#breadcrumb","itemListElement":[{"@type":"ListItem","position":1,"name":"In\u00edcio","item":"https:\/\/www.estrategiaconcursos.com.br\/blog\/"},{"@type":"ListItem","position":2,"name":"Pacote Econ\u00f4mico come\u00e7a a ser entregue ao Congresso: confira as PECs j\u00e1 enviadas"}]},{"@type":"WebSite","@id":"https:\/\/www.estrategiaconcursos.com.br\/blog\/#website","url":"https:\/\/www.estrategiaconcursos.com.br\/blog\/","name":"Estrat\u00e9gia Concursos","description":"O blog da Estrat\u00e9gia Concursos traz not\u00edcias sobre concursos e artigos de professores oferecendo cursos para concursos (pdf + videaulas) no site.","publisher":{"@id":"https:\/\/www.estrategiaconcursos.com.br\/blog\/#organization"},"potentialAction":[{"@type":"SearchAction","target":{"@type":"EntryPoint","urlTemplate":"https:\/\/www.estrategiaconcursos.com.br\/blog\/?s={search_term_string}"},"query-input":{"@type":"PropertyValueSpecification","valueRequired":true,"valueName":"search_term_string"}}],"inLanguage":"pt-BR"},{"@type":"Organization","@id":"https:\/\/www.estrategiaconcursos.com.br\/blog\/#organization","name":"Estrat\u00e9gia Concursos","url":"https:\/\/www.estrategiaconcursos.com.br\/blog\/","logo":{"@type":"ImageObject","inLanguage":"pt-BR","@id":"https:\/\/www.estrategiaconcursos.com.br\/blog\/#\/schema\/logo\/image\/","url":"https:\/\/dhg1h5j42swfq.cloudfront.net\/2025\/06\/03203428\/logo_concursos-1.jpg","contentUrl":"https:\/\/dhg1h5j42swfq.cloudfront.net\/2025\/06\/03203428\/logo_concursos-1.jpg","width":230,"height":60,"caption":"Estrat\u00e9gia Concursos"},"image":{"@id":"https:\/\/www.estrategiaconcursos.com.br\/blog\/#\/schema\/logo\/image\/"},"sameAs":["https:\/\/x.com\/EstratConcursos"]},{"@type":"Person","@id":"https:\/\/www.estrategiaconcursos.com.br\/blog\/#\/schema\/person\/59717c75350fa01aa0fd68a52a8d02e0","name":"Herbert Almeida","image":{"@type":"ImageObject","inLanguage":"pt-BR","@id":"https:\/\/secure.gravatar.com\/avatar\/b6461a43893c24d5fc91efc433971ffec025c84c0341129f4578034d77f9a536?s=96&d=mm&r=g","url":"https:\/\/secure.gravatar.com\/avatar\/b6461a43893c24d5fc91efc433971ffec025c84c0341129f4578034d77f9a536?s=96&d=mm&r=g","contentUrl":"https:\/\/secure.gravatar.com\/avatar\/b6461a43893c24d5fc91efc433971ffec025c84c0341129f4578034d77f9a536?s=96&d=mm&r=g","caption":"Herbert Almeida"},"url":"https:\/\/www.estrategiaconcursos.com.br\/blog\/author\/herbertestrategiaconcursos-com-br\/"}]}},"_links":{"self":[{"href":"https:\/\/www.estrategiaconcursos.com.br\/blog\/wp-json\/wp\/v2\/posts\/444418","targetHints":{"allow":["GET"]}}],"collection":[{"href":"https:\/\/www.estrategiaconcursos.com.br\/blog\/wp-json\/wp\/v2\/posts"}],"about":[{"href":"https:\/\/www.estrategiaconcursos.com.br\/blog\/wp-json\/wp\/v2\/types\/post"}],"author":[{"embeddable":true,"href":"https:\/\/www.estrategiaconcursos.com.br\/blog\/wp-json\/wp\/v2\/users\/129"}],"replies":[{"embeddable":true,"href":"https:\/\/www.estrategiaconcursos.com.br\/blog\/wp-json\/wp\/v2\/comments?post=444418"}],"version-history":[{"count":15,"href":"https:\/\/www.estrategiaconcursos.com.br\/blog\/wp-json\/wp\/v2\/posts\/444418\/revisions"}],"predecessor-version":[{"id":1277343,"href":"https:\/\/www.estrategiaconcursos.com.br\/blog\/wp-json\/wp\/v2\/posts\/444418\/revisions\/1277343"}],"wp:featuredmedia":[{"embeddable":true,"href":"https:\/\/www.estrategiaconcursos.com.br\/blog\/wp-json\/wp\/v2\/media\/444503"}],"wp:attachment":[{"href":"https:\/\/www.estrategiaconcursos.com.br\/blog\/wp-json\/wp\/v2\/media?parent=444418"}],"wp:term":[{"taxonomy":"category","embeddable":true,"href":"https:\/\/www.estrategiaconcursos.com.br\/blog\/wp-json\/wp\/v2\/categories?post=444418"},{"taxonomy":"post_tag","embeddable":true,"href":"https:\/\/www.estrategiaconcursos.com.br\/blog\/wp-json\/wp\/v2\/tags?post=444418"},{"taxonomy":"tax_estado","embeddable":true,"href":"https:\/\/www.estrategiaconcursos.com.br\/blog\/wp-json\/wp\/v2\/tax_estado?post=444418"}],"curies":[{"name":"wp","href":"https:\/\/api.w.org\/{rel}","templated":true}]}}