{"id":444249,"date":"2019-12-16T02:00:47","date_gmt":"2019-12-16T05:00:47","guid":{"rendered":"https:\/\/www.estrategiaconcursos.com.br\/blog\/?p=444249"},"modified":"2023-06-14T09:51:43","modified_gmt":"2023-06-14T12:51:43","slug":"concurso-camara-de-apucarana-pr","status":"publish","type":"post","link":"https:\/\/www.estrategiaconcursos.com.br\/blog\/concurso-camara-de-apucarana-pr\/","title":{"rendered":"Concurso C\u00e2mara de Apucarana PR: inscri\u00e7\u00f5es est\u00e3o encerradas"},"content":{"rendered":"\n<p>A <strong>C\u00e2mara de Apucarana<\/strong>, localizada do estado do Paran\u00e1, finalizou as inscri\u00e7\u00f5es para o certame no dia 13 de dezembro,<\/p>\n\n\n\n<p> A FAUEL (Funda\u00e7\u00e3o de Apoio ao Desenvolvimento da Universidade Estadual de Londrina) \u00e9 a banca organizadora do certame.<\/p>\n\n\n\n<p><em>Acompanhe a seguir mais informa\u00e7\u00f5es para prestar o concurso C\u00e2mara de Apucarana.<\/em><\/p>\n\n\n\n<h2 class=\"wp-block-heading\">Cargos Vagos e Remunera\u00e7\u00e3o &#8211; Concurso C\u00e2mara de Apucarana<\/h2>\n\n\n\n<p>O concurso C\u00e2mara de Apucarana oferta 3 vagas mais forma\u00e7\u00e3o de cadastro reserva (CR) para cargos de n\u00edvel fundamental, m\u00e9dio e superior. Verifique os cargos com vagas em aberto e suas respectivas remunera\u00e7\u00f5es.<\/p>\n\n\n\n<p class=\"has-medium-font-size\"><strong>Alfabetizado<\/strong><\/p>\n\n\n\n<ul class=\"wp-block-list\">\n<li><strong>Zelador &#8211; CR<\/strong><\/li>\n\n\n\n<li>Remunera\u00e7\u00e3o: R$ 1.427,07 (30h)<\/li>\n<\/ul>\n\n\n\n<p class=\"has-medium-font-size\"><strong>Ensino Fundamental Completo<\/strong><\/p>\n\n\n\n<ul class=\"wp-block-list\">\n<li><strong>Copeiro &#8211; 01 vaga + CR <\/strong><\/li>\n\n\n\n<li>Remunera\u00e7\u00e3o: R$ 1.427,07 (30h) <\/li>\n<\/ul>\n\n\n\n<p class=\"has-medium-font-size\"><strong>Ensino M\u00e9dio Completo<\/strong><\/p>\n\n\n\n<ul class=\"wp-block-list\">\n<li><strong>Adjunto Legislativo &#8211;  01 vaga  + CR<\/strong><\/li>\n\n\n\n<li>Remunera\u00e7\u00e3o: R$ 3.316,82 (30h)  <\/li>\n<\/ul>\n\n\n\n<ul class=\"wp-block-list\">\n<li><strong>Escritur\u00e1rio Legislativo &#8211; CR <\/strong><\/li>\n\n\n\n<li>Remunera\u00e7\u00e3o: R$ 3.242,29 (30h)<\/li>\n<\/ul>\n\n\n\n<ul class=\"wp-block-list\">\n<li><strong>Telefonista &#8211; CR<\/strong><\/li>\n\n\n\n<li>R$ 3.169,40 (30h) <\/li>\n<\/ul>\n\n\n\n<p class=\"has-medium-font-size\"><strong>Ensino Superior<\/strong><\/p>\n\n\n\n<ul class=\"wp-block-list\">\n<li><strong>Advogado &#8211; CR <\/strong><\/li>\n\n\n\n<li>Requisito: Curso de Gradua\u00e7\u00e3o em Direito e inscri\u00e7\u00e3o na Ordem dos Advogados do Brasil \u2013 OAB\/PR<\/li>\n\n\n\n<li>Remunera\u00e7\u00e3o: R$ 4.457,70 (20h)  <\/li>\n<\/ul>\n\n\n\n<ul class=\"wp-block-list\">\n<li><strong>Contador &#8211; 01 vaga + CR <\/strong><\/li>\n\n\n\n<li>Requisitos: Curso de Gradua\u00e7\u00e3o em Ci\u00eancias Cont\u00e1beis e registro no Conselho Regional de Contabilidade \u2013 CRC <\/li>\n\n\n\n<li>Remunera\u00e7\u00e3o: R$ 4.070,14 <\/li>\n<\/ul>\n\n\n\n<h2 class=\"wp-block-heading\">Etapas do concurso C\u00e2mara de Apucarana<\/h2>\n\n\n\n<p>A sele\u00e7\u00e3o dos candidatos inscritos para o concurso C\u00e2mara de Apucarana ter\u00e1 duas etapas, conforme o cargo p\u00fablico. <br \/>1\u00aa Etapa \u2013 avalia\u00e7\u00e3o de conhecimentos por meio de prova escrita objetiva de m\u00faltipla escolha para todos os cargos, de car\u00e1ter eliminat\u00f3rio e classificat\u00f3rio; <br \/>2\u00aa Etapa \u2013 prova discursiva para os cargos de Advogado e Contador, de car\u00e1ter eliminat\u00f3rio e classificat\u00f3rio.<\/p>\n\n\n\n<h3 class=\"wp-block-heading\">Prova Objetiva<\/h3>\n\n\n\n<p>A <strong>prova objetiva<\/strong> ser\u00e1 aplicada no dia <strong>02 de fevereiro de 2020<\/strong>, sendo composta de 30 quest\u00f5es de m\u00faltipla escolha, com 04 alternativas (a, b, c, d) e apenas 01 correta. <\/p>\n\n\n\n<p>Os candidatos aos cargos de Ensino Superior ter\u00e3o 5 horas para realizar a prova objetiva e discursiva, para os outros cargos a avalia\u00e7\u00e3o ter\u00e1 a dura\u00e7\u00e3o de 4 horas.<\/p>\n\n\n\n<p>Confira nos quadros abaixo as disciplinas cobradas e pontua\u00e7\u00e3o total da prova. <\/p>\n\n\n\n<p class=\"has-medium-font-size\"><strong>Ensino Superior<\/strong><\/p>\n\n\n\n<figure class=\"wp-block-table is-style-stripes\"><table class=\"has-subtle-pale-blue-background-color has-background has-fixed-layout\"><tbody><tr><td>\u00c1rea de Conhecimento<\/td><td>N\u00ba de Quest\u00f5es<\/td><td>Peso Individual<\/td><td>Total de Pontos<\/td><\/tr><tr><td>Conhecimentos Espec\u00edficos <\/td><td>18<\/td><td>3,00<\/td><td>54,00<\/td><\/tr><tr><td>Legisla\u00e7\u00e3o Municipal<\/td><td>12<\/td><td>3,00<\/td><td>36,00<\/td><\/tr><tr><td>Total<\/td><td>30<\/td><td><\/td><td>90,00<\/td><\/tr><\/tbody><\/table><\/figure>\n\n\n\n<p><\/p>\n\n\n\n<p class=\"has-medium-font-size\"><strong>Ensino M\u00e9dio<\/strong><\/p>\n\n\n\n<figure class=\"wp-block-table is-style-stripes\"><table class=\"has-subtle-pale-blue-background-color has-background has-fixed-layout\"><tbody><tr><td>\u00c1rea de Conhecimento<\/td><td>N\u00ba de Quest\u00f5es<\/td><td>Peso Individual<\/td><td>Total de Pontos<\/td><\/tr><tr><td>Portugu\u00eas<\/td><td>5<\/td><td>2,50<\/td><td>12,50<\/td><\/tr><tr><td>Conhecimentos Espec\u00edficos <\/td><td>18<\/td><td>3,50<\/td><td>24,50<\/td><\/tr><tr><td>Legisla\u00e7\u00e3o Municipal<\/td><td>7<\/td><td>3,50<\/td><td>63,00<\/td><\/tr><tr><td>Total<\/td><td>30<\/td><td><\/td><td>100,00<\/td><\/tr><\/tbody><\/table><\/figure>\n\n\n\n<p><\/p>\n\n\n\n<p class=\"has-medium-font-size\"><strong>Ensino Fundamental e Alfabetizado<\/strong><\/p>\n\n\n\n<figure class=\"wp-block-table is-style-stripes\"><table class=\"has-subtle-pale-blue-background-color has-background has-fixed-layout\"><tbody><tr><td>\u00c1rea de Conhecimento<\/td><td>N\u00ba de Quest\u00f5es<\/td><td>Peso Individual<\/td><td>Total de Pontos<\/td><\/tr><tr><td>Portugu\u00eas<\/td><td>10<\/td><td>3,00<\/td><td>30,00<\/td><\/tr><tr><td>Matem\u00e1tica<\/td><td>10<\/td><td>3,00<\/td><td>30,00<\/td><\/tr><tr><td>Conhecimentos Espec\u00edficos<\/td><td>10<\/td><td>4,00<\/td><td>40,00<\/td><\/tr><tr><td>Total<\/td><td>30<\/td><td><\/td><td>100,00<\/td><\/tr><\/tbody><\/table><\/figure>\n\n\n\n<p><\/p>\n\n\n\n<p>Para ser considerado aprovado o candidato deve obter, no m\u00ednimo, 60% do total de pontos previstos para a prova.<\/p>\n\n\n\n<h3 class=\"wp-block-heading\">Prova Discursiva<\/h3>\n\n\n\n<p>A <strong>prova discursiva<\/strong> do concurso C\u00e2mara de Apucarana ser\u00e1 aplicada na mesma data, hor\u00e1rio e local da prova objetiva para os cargos de Ensino Superior, ou seja, <strong>02 de fevereiro de 2020<\/strong>.<\/p>\n\n\n\n<p>No entanto, s\u00f3 ser\u00e3o corrigidas as provas dos candidatos que conseguirem classifica\u00e7\u00e3o at\u00e9 a 27\u00aa posi\u00e7\u00e3o para a listagem geral e at\u00e9 a 3\u00aa posi\u00e7\u00e3o para os candidatos considerados pessoas com defici\u00eancia.<\/p>\n\n\n\n<p>N\u00e3o havendo candidatos considerados pessoas com defici\u00eancia em n\u00famero suficiente para preenchimento das vagas reservadas, ter\u00e3o as provas discursivas corrigidas os demais candidatos da listagem geral de aprovados e classificados na prova objetiva at\u00e9 o limite total da 30\u00aa posi\u00e7\u00e3o, respeitados os empates na \u00faltima coloca\u00e7\u00e3o.<\/p>\n\n\n\n<p>A pontua\u00e7\u00e3o total da avalia\u00e7\u00e3o discursiva ser\u00e1 de 10 pontos, ser\u00e1 aprovado nesta etapa quem pontuar 5. <\/p>\n\n\n\n<h4 class=\"wp-block-heading\">Como ser\u00e1 a avalia\u00e7\u00e3o discursiva?<\/h4>\n\n\n\n<p>A prova discursiva para o cargo de advogado ser\u00e1 constitu\u00edda de uma quest\u00e3o discursiva, <strong>n\u00e3o ser\u00e1 pe\u00e7a processual<\/strong>, em que o candidato ir\u00e1 responder sobre um tema do conte\u00fado program\u00e1tico. Ser\u00e3o considerados os crit\u00e9rios abaixo de avalia\u00e7\u00e3o:<\/p>\n\n\n\n<p>I &#8211; Apresenta\u00e7\u00e3o e estrutura textual &#8211;  pontua\u00e7\u00e3o de 0 a 2 pontos;<br \/>II &#8211; Dom\u00ednio da l\u00edngua portuguesa &#8211; pontua\u00e7\u00e3o de 0 a 2 pontos; <br \/>III &#8211;  Fundamenta\u00e7\u00e3o jur\u00eddica &#8211; pontua\u00e7\u00e3o de 0 a 6 pontos. <\/p>\n\n\n\n<p>Tamb\u00e9m para o cargo de Contador a avalia\u00e7\u00e3o ser\u00e1 uma quest\u00e3o discursiva, mas os crit\u00e9rios de avalia\u00e7\u00e3o ser\u00e3o outros, conforme segue abaixo:<\/p>\n\n\n\n<p>I &#8211; produto final correto (verifica\u00e7\u00e3o de erros) &#8211; 0 a 3 pontos; <br \/>II &#8211; utiliza\u00e7\u00e3o do m\u00e9todo (forma) correto para realizar o trabalho &#8211; 0 a 3 pontos; <br \/>III &#8211; dom\u00ednio do recurso dispon\u00edvel para realiza\u00e7\u00e3o do trabalho &#8211; 0 a 2 pontos; <br \/>IV &#8211; concis\u00e3o e clareza &#8211; 0 a 2 pontos.  <\/p>\n\n\n\n<h2 class=\"wp-block-heading\">Classifica\u00e7\u00e3o Final do concurso C\u00e2mara de Apucarana<\/h2>\n\n\n\n<p>A classifica\u00e7\u00e3o final do certame ser\u00e1 publicada no site da FAEL e no Di\u00e1rio Oficial de Apucarana na data prevista de 30 de mar\u00e7o de 2020. A nota final ser\u00e1 obtida pelas f\u00f3rmulas abaixo:<\/p>\n\n\n\n<ul class=\"wp-block-list\">\n<li>Para o cargo de Advogado e Contador: <br \/>NF = PO + PD (nota m\u00e1xima 100,00) <\/li>\n\n\n\n<li>Para os cargos somente com prova objetiva: <br \/>NF = PO (nota m\u00e1xima 100,00) <\/li>\n<\/ul>\n\n\n\n<p>Sendo PO= Prova Objetiva; PD= Prova Discursiva e NF= Nota Final.<\/p>\n\n\n\n<p>Em caso de igualdade na nota final do concurso p\u00fablico e como crit\u00e9rio de desempate, ter\u00e1 prefer\u00eancia, sucessivamente, o candidato que: <\/p>\n\n\n\n<ol class=\"wp-block-list\">\n<li>Tiver idade mais elevada, dentre os de idade igual ou superior a 60 anos, II &#8211; Obtiver maior nota na prova objetiva; <\/li>\n\n\n\n<li>Obtiver maior nota na prova de conhecimentos espec\u00edficos da prova objetiva; <\/li>\n\n\n\n<li>Obtiver maior nota na prova de Legisla\u00e7\u00e3o espec\u00edfica da prova objetiva (quando houver); <\/li>\n\n\n\n<li>Obtiver maior nota na prova de l\u00edngua portuguesa da prova objetiva;<\/li>\n\n\n\n<li>Obtiver maior nota na prova de matem\u00e1tica da prova objetiva (quando houver); <\/li>\n\n\n\n<li>Obtiver maior nota na prova discursiva; <\/li>\n\n\n\n<li>Maior idade dentre os de idade inferior a 60 anos; <\/li>\n\n\n\n<li>Exerc\u00edcio na fun\u00e7\u00e3o de jurado no per\u00edodo entre a data de publica\u00e7\u00e3o da Lei n\u00ba 11.689\/2008 e a data de t\u00e9rmino das inscri\u00e7\u00f5es.<\/li>\n<\/ol>\n\n\n\n<p class=\"has-text-align-center has-luminous-vivid-amber-background-color has-background has-medium-font-size\"><em><strong><a href=\"https:\/\/www.estrategiaconcursos.com.br\/cursosPorConcurso\/camara-municipal-de-apucarana-pr\/\" target=\"_blank\" rel=\"noreferrer noopener\" aria-label=\"CURSOS C\u00c2MARA DE APUCARANA (abre numa nova aba)\">CURSOS C\u00c2MARA DE APUCARANA<\/a><\/strong><\/em><\/p>\n\n\n\n<p class=\"has-text-align-center\"><em><strong>Assinatura Anual Ilimitada*<\/strong><\/em><\/p>\n\n\n\n<p><em>Prepare-se com o melhor material e com quem mais aprova em&nbsp;Concursos P\u00fablicos de todo o pa\u00eds. Assine agora a nossa Assinatura Anual e tenha acesso ilimitado a todos os nossos cursos.<\/em><\/p>\n\n\n\n<p class=\"has-text-align-center has-light-green-cyan-background-color has-background has-medium-font-size\"><strong>ASSINE AGORA<\/strong>&nbsp;\u2013&nbsp;<a rel=\"noreferrer noopener\" href=\"https:\/\/www.estrategiaconcursos.com.br\/assinaturas\" target=\"_blank\"><strong>Assinatura Ilimitada<\/strong><\/a><\/p>\n\n\n\n<p class=\"has-text-align-center\"><strong><em>Fique por dentro dos concursos vigentes:<\/em><\/strong><\/p>\n\n\n\n<p class=\"has-text-align-center has-pale-cyan-blue-background-color has-background has-medium-font-size\"><strong><a href=\"https:\/\/www.estrategiaconcursos.com.br\/blog\/concursos-abertos\/\" target=\"_blank\" rel=\"noreferrer noopener\">CONCURSOS ABERTOS<\/a><\/strong><\/p>\n\n\n\n<figure class=\"wp-block-image\"><img loading=\"lazy\" decoding=\"async\" width=\"300\" height=\"102\" src=\"https:\/\/dhg1h5j42swfq.cloudfront.net\/2017\/03\/28152500\/coruja-ficha-tecnica-300x102.png\" alt=\"concurso c\u00e2mara de apucarana\" class=\"wp-image-68542\"\/><\/figure>\n\n\n\n<h3 class=\"wp-block-heading\" id=\"ficha-tecnica\"><strong>Informa\u00e7\u00f5es sobre o&nbsp;<\/strong>C\u00e2mara de Apucarana<\/h3>\n\n\n\n<p>\u25ba<strong>Inscri\u00e7\u00f5es<\/strong>: 18\/11 a 13\/12<br \/>\u25ba<strong>Prova Objetiva<\/strong>: 02\/02\/2020<br \/>\u25ba<strong>Vagas<\/strong>: 3 + cadastro de reserva<br \/>\u25ba<strong>Cargos<\/strong>: Diversos<br \/>\u25ba<strong>Banca<\/strong>: FAUEL<br \/>\u25ba<strong>Escolaridade<\/strong>: Alfabetizado, N\u00edvel fundamental, m\u00e9dio e superior<br \/>\u25ba<strong>Edital<\/strong>:&nbsp;<a href=\"https:\/\/dhg1h5j42swfq.cloudfront.net\/2019\/11\/05142515\/CamaraApucarana_001_2019_ED_Abertura.pdf\" target=\"_blank\" rel=\"noreferrer noopener\" aria-label=\"C\u00e2mara de Apucarana (abre numa nova aba)\">C\u00e2mara de Apucarana<\/a><\/p>\n","protected":false},"excerpt":{"rendered":"<p>A C\u00e2mara de Apucarana, localizada do estado do Paran\u00e1, finalizou as inscri\u00e7\u00f5es para o certame no dia 13 de dezembro, A FAUEL (Funda\u00e7\u00e3o de Apoio ao Desenvolvimento da Universidade Estadual de Londrina) \u00e9 a banca organizadora do certame. Acompanhe a seguir mais informa\u00e7\u00f5es para prestar o concurso C\u00e2mara de Apucarana. Cargos Vagos e Remunera\u00e7\u00e3o &#8211; [&hellip;]<\/p>\n","protected":false},"author":29,"featured_media":444277,"comment_status":"open","ping_status":"closed","sticky":false,"template":"","format":"standard","meta":{"post_tipo":"article","footnotes":""},"categories":[1],"tags":[],"tax_estado":[],"class_list":["post-444249","post","type-post","status-publish","format-standard","has-post-thumbnail","hentry","category-cursos-e-concursos"],"acf":[],"yoast_head":"<!-- This site is optimized with the Yoast SEO Premium plugin v27.2 (Yoast SEO v27.2) - https:\/\/yoast.com\/product\/yoast-seo-premium-wordpress\/ -->\n<title>Concurso C\u00e2mara de Apucarana PR: inscri\u00e7\u00f5es est\u00e3o encerradas<\/title>\n<meta name=\"description\" content=\"Concurso C\u00e2mara de Apucarana: edital publicado! S\u00e3o ofertadas vagas para todos os n\u00edveis de escolaridade. As inscri\u00e7\u00f5es come\u00e7am dia 18 de novembro. Veja!\" \/>\n<meta name=\"robots\" content=\"index, follow, max-snippet:-1, max-image-preview:large, max-video-preview:-1\" \/>\n<link rel=\"canonical\" href=\"https:\/\/www.estrategiaconcursos.com.br\/blog\/concurso-camara-de-apucarana-pr\/\" \/>\n<meta property=\"og:locale\" content=\"pt_BR\" \/>\n<meta property=\"og:type\" content=\"article\" \/>\n<meta property=\"og:title\" content=\"Concurso C\u00e2mara de Apucarana PR: inscri\u00e7\u00f5es est\u00e3o encerradas\" \/>\n<meta property=\"og:description\" content=\"Concurso C\u00e2mara de Apucarana: edital publicado! S\u00e3o ofertadas vagas para todos os n\u00edveis de escolaridade. As inscri\u00e7\u00f5es come\u00e7am dia 18 de novembro. Veja!\" \/>\n<meta property=\"og:url\" content=\"https:\/\/www.estrategiaconcursos.com.br\/blog\/concurso-camara-de-apucarana-pr\/\" \/>\n<meta property=\"og:site_name\" content=\"Estrat\u00e9gia Concursos\" \/>\n<meta property=\"article:author\" content=\"https:\/\/www.facebook.com\/profsergiomendes\" \/>\n<meta property=\"article:published_time\" content=\"2019-12-16T05:00:47+00:00\" \/>\n<meta property=\"article:modified_time\" content=\"2023-06-14T12:51:43+00:00\" \/>\n<meta property=\"og:image\" content=\"https:\/\/dhg1h5j42swfq.cloudfront.net\/2019\/11\/05113857\/Saiu-Edital-5.png\" \/>\n\t<meta property=\"og:image:width\" content=\"1200\" \/>\n\t<meta property=\"og:image:height\" content=\"628\" \/>\n\t<meta property=\"og:image:type\" content=\"image\/png\" \/>\n<meta name=\"author\" content=\"S\u00e9rgio Mendes\" \/>\n<meta name=\"twitter:card\" content=\"summary_large_image\" \/>\n<meta name=\"twitter:creator\" content=\"@EstratConcursos\" \/>\n<meta name=\"twitter:site\" content=\"@EstratConcursos\" \/>\n<meta name=\"twitter:label1\" content=\"Escrito por\" \/>\n\t<meta name=\"twitter:data1\" content=\"S\u00e9rgio Mendes\" \/>\n\t<meta name=\"twitter:label2\" content=\"Est. tempo de leitura\" \/>\n\t<meta name=\"twitter:data2\" content=\"5 minutos\" \/>\n<script type=\"application\/ld+json\" class=\"yoast-schema-graph\">{\"@context\":\"https:\/\/schema.org\",\"@graph\":[{\"@type\":\"NewsArticle\",\"@id\":\"https:\/\/www.estrategiaconcursos.com.br\/blog\/concurso-camara-de-apucarana-pr\/#article\",\"isPartOf\":{\"@id\":\"https:\/\/www.estrategiaconcursos.com.br\/blog\/concurso-camara-de-apucarana-pr\/\"},\"author\":{\"name\":\"S\u00e9rgio Mendes\",\"@id\":\"https:\/\/www.estrategiaconcursos.com.br\/blog\/#\/schema\/person\/4ddc4a162b4fdffa2ea9956dbf62f583\"},\"headline\":\"Concurso C\u00e2mara de Apucarana PR: inscri\u00e7\u00f5es est\u00e3o encerradas\",\"datePublished\":\"2019-12-16T05:00:47+00:00\",\"dateModified\":\"2023-06-14T12:51:43+00:00\",\"mainEntityOfPage\":{\"@id\":\"https:\/\/www.estrategiaconcursos.com.br\/blog\/concurso-camara-de-apucarana-pr\/\"},\"wordCount\":1068,\"commentCount\":0,\"publisher\":{\"@id\":\"https:\/\/www.estrategiaconcursos.com.br\/blog\/#organization\"},\"image\":{\"@id\":\"https:\/\/www.estrategiaconcursos.com.br\/blog\/concurso-camara-de-apucarana-pr\/#primaryimage\"},\"thumbnailUrl\":\"https:\/\/dhg1h5j42swfq.cloudfront.net\/2019\/11\/05113857\/Saiu-Edital-5.png\",\"articleSection\":[\"Concursos P\u00fablicos\"],\"inLanguage\":\"pt-BR\",\"potentialAction\":[{\"@type\":\"CommentAction\",\"name\":\"Comment\",\"target\":[\"https:\/\/www.estrategiaconcursos.com.br\/blog\/concurso-camara-de-apucarana-pr\/#respond\"]}],\"copyrightYear\":\"2019\",\"copyrightHolder\":{\"@id\":\"https:\/\/www.estrategiaconcursos.com.br\/blog\/#organization\"}},{\"@type\":\"WebPage\",\"@id\":\"https:\/\/www.estrategiaconcursos.com.br\/blog\/concurso-camara-de-apucarana-pr\/\",\"url\":\"https:\/\/www.estrategiaconcursos.com.br\/blog\/concurso-camara-de-apucarana-pr\/\",\"name\":\"Concurso C\u00e2mara de Apucarana PR: inscri\u00e7\u00f5es est\u00e3o encerradas\",\"isPartOf\":{\"@id\":\"https:\/\/www.estrategiaconcursos.com.br\/blog\/#website\"},\"primaryImageOfPage\":{\"@id\":\"https:\/\/www.estrategiaconcursos.com.br\/blog\/concurso-camara-de-apucarana-pr\/#primaryimage\"},\"image\":{\"@id\":\"https:\/\/www.estrategiaconcursos.com.br\/blog\/concurso-camara-de-apucarana-pr\/#primaryimage\"},\"thumbnailUrl\":\"https:\/\/dhg1h5j42swfq.cloudfront.net\/2019\/11\/05113857\/Saiu-Edital-5.png\",\"datePublished\":\"2019-12-16T05:00:47+00:00\",\"dateModified\":\"2023-06-14T12:51:43+00:00\",\"description\":\"Concurso C\u00e2mara de Apucarana: edital publicado! S\u00e3o ofertadas vagas para todos os n\u00edveis de escolaridade. As inscri\u00e7\u00f5es come\u00e7am dia 18 de novembro. Veja!\",\"breadcrumb\":{\"@id\":\"https:\/\/www.estrategiaconcursos.com.br\/blog\/concurso-camara-de-apucarana-pr\/#breadcrumb\"},\"inLanguage\":\"pt-BR\",\"potentialAction\":[{\"@type\":\"ReadAction\",\"target\":[\"https:\/\/www.estrategiaconcursos.com.br\/blog\/concurso-camara-de-apucarana-pr\/\"]}]},{\"@type\":\"ImageObject\",\"inLanguage\":\"pt-BR\",\"@id\":\"https:\/\/www.estrategiaconcursos.com.br\/blog\/concurso-camara-de-apucarana-pr\/#primaryimage\",\"url\":\"https:\/\/dhg1h5j42swfq.cloudfront.net\/2019\/11\/05113857\/Saiu-Edital-5.png\",\"contentUrl\":\"https:\/\/dhg1h5j42swfq.cloudfront.net\/2019\/11\/05113857\/Saiu-Edital-5.png\",\"width\":1200,\"height\":628,\"caption\":\"Edital CRF MA\"},{\"@type\":\"BreadcrumbList\",\"@id\":\"https:\/\/www.estrategiaconcursos.com.br\/blog\/concurso-camara-de-apucarana-pr\/#breadcrumb\",\"itemListElement\":[{\"@type\":\"ListItem\",\"position\":1,\"name\":\"In\u00edcio\",\"item\":\"https:\/\/www.estrategiaconcursos.com.br\/blog\/\"},{\"@type\":\"ListItem\",\"position\":2,\"name\":\"Concurso C\u00e2mara de Apucarana PR: inscri\u00e7\u00f5es est\u00e3o encerradas\"}]},{\"@type\":\"WebSite\",\"@id\":\"https:\/\/www.estrategiaconcursos.com.br\/blog\/#website\",\"url\":\"https:\/\/www.estrategiaconcursos.com.br\/blog\/\",\"name\":\"Estrat\u00e9gia Concursos\",\"description\":\"O blog da Estrat\u00e9gia Concursos traz not\u00edcias sobre concursos e artigos de professores oferecendo cursos para concursos (pdf + videaulas) no site.\",\"publisher\":{\"@id\":\"https:\/\/www.estrategiaconcursos.com.br\/blog\/#organization\"},\"potentialAction\":[{\"@type\":\"SearchAction\",\"target\":{\"@type\":\"EntryPoint\",\"urlTemplate\":\"https:\/\/www.estrategiaconcursos.com.br\/blog\/?s={search_term_string}\"},\"query-input\":{\"@type\":\"PropertyValueSpecification\",\"valueRequired\":true,\"valueName\":\"search_term_string\"}}],\"inLanguage\":\"pt-BR\"},{\"@type\":\"Organization\",\"@id\":\"https:\/\/www.estrategiaconcursos.com.br\/blog\/#organization\",\"name\":\"Estrat\u00e9gia Concursos\",\"url\":\"https:\/\/www.estrategiaconcursos.com.br\/blog\/\",\"logo\":{\"@type\":\"ImageObject\",\"inLanguage\":\"pt-BR\",\"@id\":\"https:\/\/www.estrategiaconcursos.com.br\/blog\/#\/schema\/logo\/image\/\",\"url\":\"https:\/\/dhg1h5j42swfq.cloudfront.net\/2025\/06\/03203428\/logo_concursos-1.jpg\",\"contentUrl\":\"https:\/\/dhg1h5j42swfq.cloudfront.net\/2025\/06\/03203428\/logo_concursos-1.jpg\",\"width\":230,\"height\":60,\"caption\":\"Estrat\u00e9gia Concursos\"},\"image\":{\"@id\":\"https:\/\/www.estrategiaconcursos.com.br\/blog\/#\/schema\/logo\/image\/\"},\"sameAs\":[\"https:\/\/x.com\/EstratConcursos\"]},{\"@type\":\"Person\",\"@id\":\"https:\/\/www.estrategiaconcursos.com.br\/blog\/#\/schema\/person\/4ddc4a162b4fdffa2ea9956dbf62f583\",\"name\":\"S\u00e9rgio Mendes\",\"image\":{\"@type\":\"ImageObject\",\"inLanguage\":\"pt-BR\",\"@id\":\"https:\/\/secure.gravatar.com\/avatar\/4eb4b562c33f40d6f7f76579da7e07350c69579df7db305d32a69ed32ecfd5ce?s=96&d=mm&r=g\",\"url\":\"https:\/\/secure.gravatar.com\/avatar\/4eb4b562c33f40d6f7f76579da7e07350c69579df7db305d32a69ed32ecfd5ce?s=96&d=mm&r=g\",\"contentUrl\":\"https:\/\/secure.gravatar.com\/avatar\/4eb4b562c33f40d6f7f76579da7e07350c69579df7db305d32a69ed32ecfd5ce?s=96&d=mm&r=g\",\"caption\":\"S\u00e9rgio Mendes\"},\"sameAs\":[\"https:\/\/www.facebook.com\/profsergiomendes\"],\"url\":\"https:\/\/www.estrategiaconcursos.com.br\/blog\/author\/sergiomendesestrategiaconcursos-com-br\/\"}]}<\/script>\n<!-- \/ Yoast SEO Premium plugin. -->","yoast_head_json":{"title":"Concurso C\u00e2mara de Apucarana PR: inscri\u00e7\u00f5es est\u00e3o encerradas","description":"Concurso C\u00e2mara de Apucarana: edital publicado! S\u00e3o ofertadas vagas para todos os n\u00edveis de escolaridade. As inscri\u00e7\u00f5es come\u00e7am dia 18 de novembro. Veja!","robots":{"index":"index","follow":"follow","max-snippet":"max-snippet:-1","max-image-preview":"max-image-preview:large","max-video-preview":"max-video-preview:-1"},"canonical":"https:\/\/www.estrategiaconcursos.com.br\/blog\/concurso-camara-de-apucarana-pr\/","og_locale":"pt_BR","og_type":"article","og_title":"Concurso C\u00e2mara de Apucarana PR: inscri\u00e7\u00f5es est\u00e3o encerradas","og_description":"Concurso C\u00e2mara de Apucarana: edital publicado! S\u00e3o ofertadas vagas para todos os n\u00edveis de escolaridade. As inscri\u00e7\u00f5es come\u00e7am dia 18 de novembro. Veja!","og_url":"https:\/\/www.estrategiaconcursos.com.br\/blog\/concurso-camara-de-apucarana-pr\/","og_site_name":"Estrat\u00e9gia Concursos","article_author":"https:\/\/www.facebook.com\/profsergiomendes","article_published_time":"2019-12-16T05:00:47+00:00","article_modified_time":"2023-06-14T12:51:43+00:00","og_image":[{"width":1200,"height":628,"url":"https:\/\/dhg1h5j42swfq.cloudfront.net\/2019\/11\/05113857\/Saiu-Edital-5.png","type":"image\/png"}],"author":"S\u00e9rgio Mendes","twitter_card":"summary_large_image","twitter_creator":"@EstratConcursos","twitter_site":"@EstratConcursos","twitter_misc":{"Escrito por":"S\u00e9rgio Mendes","Est. tempo de leitura":"5 minutos"},"schema":{"@context":"https:\/\/schema.org","@graph":[{"@type":"NewsArticle","@id":"https:\/\/www.estrategiaconcursos.com.br\/blog\/concurso-camara-de-apucarana-pr\/#article","isPartOf":{"@id":"https:\/\/www.estrategiaconcursos.com.br\/blog\/concurso-camara-de-apucarana-pr\/"},"author":{"name":"S\u00e9rgio Mendes","@id":"https:\/\/www.estrategiaconcursos.com.br\/blog\/#\/schema\/person\/4ddc4a162b4fdffa2ea9956dbf62f583"},"headline":"Concurso C\u00e2mara de Apucarana PR: inscri\u00e7\u00f5es est\u00e3o encerradas","datePublished":"2019-12-16T05:00:47+00:00","dateModified":"2023-06-14T12:51:43+00:00","mainEntityOfPage":{"@id":"https:\/\/www.estrategiaconcursos.com.br\/blog\/concurso-camara-de-apucarana-pr\/"},"wordCount":1068,"commentCount":0,"publisher":{"@id":"https:\/\/www.estrategiaconcursos.com.br\/blog\/#organization"},"image":{"@id":"https:\/\/www.estrategiaconcursos.com.br\/blog\/concurso-camara-de-apucarana-pr\/#primaryimage"},"thumbnailUrl":"https:\/\/dhg1h5j42swfq.cloudfront.net\/2019\/11\/05113857\/Saiu-Edital-5.png","articleSection":["Concursos P\u00fablicos"],"inLanguage":"pt-BR","potentialAction":[{"@type":"CommentAction","name":"Comment","target":["https:\/\/www.estrategiaconcursos.com.br\/blog\/concurso-camara-de-apucarana-pr\/#respond"]}],"copyrightYear":"2019","copyrightHolder":{"@id":"https:\/\/www.estrategiaconcursos.com.br\/blog\/#organization"}},{"@type":"WebPage","@id":"https:\/\/www.estrategiaconcursos.com.br\/blog\/concurso-camara-de-apucarana-pr\/","url":"https:\/\/www.estrategiaconcursos.com.br\/blog\/concurso-camara-de-apucarana-pr\/","name":"Concurso C\u00e2mara de Apucarana PR: inscri\u00e7\u00f5es est\u00e3o encerradas","isPartOf":{"@id":"https:\/\/www.estrategiaconcursos.com.br\/blog\/#website"},"primaryImageOfPage":{"@id":"https:\/\/www.estrategiaconcursos.com.br\/blog\/concurso-camara-de-apucarana-pr\/#primaryimage"},"image":{"@id":"https:\/\/www.estrategiaconcursos.com.br\/blog\/concurso-camara-de-apucarana-pr\/#primaryimage"},"thumbnailUrl":"https:\/\/dhg1h5j42swfq.cloudfront.net\/2019\/11\/05113857\/Saiu-Edital-5.png","datePublished":"2019-12-16T05:00:47+00:00","dateModified":"2023-06-14T12:51:43+00:00","description":"Concurso C\u00e2mara de Apucarana: edital publicado! S\u00e3o ofertadas vagas para todos os n\u00edveis de escolaridade. As inscri\u00e7\u00f5es come\u00e7am dia 18 de novembro. Veja!","breadcrumb":{"@id":"https:\/\/www.estrategiaconcursos.com.br\/blog\/concurso-camara-de-apucarana-pr\/#breadcrumb"},"inLanguage":"pt-BR","potentialAction":[{"@type":"ReadAction","target":["https:\/\/www.estrategiaconcursos.com.br\/blog\/concurso-camara-de-apucarana-pr\/"]}]},{"@type":"ImageObject","inLanguage":"pt-BR","@id":"https:\/\/www.estrategiaconcursos.com.br\/blog\/concurso-camara-de-apucarana-pr\/#primaryimage","url":"https:\/\/dhg1h5j42swfq.cloudfront.net\/2019\/11\/05113857\/Saiu-Edital-5.png","contentUrl":"https:\/\/dhg1h5j42swfq.cloudfront.net\/2019\/11\/05113857\/Saiu-Edital-5.png","width":1200,"height":628,"caption":"Edital CRF MA"},{"@type":"BreadcrumbList","@id":"https:\/\/www.estrategiaconcursos.com.br\/blog\/concurso-camara-de-apucarana-pr\/#breadcrumb","itemListElement":[{"@type":"ListItem","position":1,"name":"In\u00edcio","item":"https:\/\/www.estrategiaconcursos.com.br\/blog\/"},{"@type":"ListItem","position":2,"name":"Concurso C\u00e2mara de Apucarana PR: inscri\u00e7\u00f5es est\u00e3o encerradas"}]},{"@type":"WebSite","@id":"https:\/\/www.estrategiaconcursos.com.br\/blog\/#website","url":"https:\/\/www.estrategiaconcursos.com.br\/blog\/","name":"Estrat\u00e9gia Concursos","description":"O blog da Estrat\u00e9gia Concursos traz not\u00edcias sobre concursos e artigos de professores oferecendo cursos para concursos (pdf + videaulas) no site.","publisher":{"@id":"https:\/\/www.estrategiaconcursos.com.br\/blog\/#organization"},"potentialAction":[{"@type":"SearchAction","target":{"@type":"EntryPoint","urlTemplate":"https:\/\/www.estrategiaconcursos.com.br\/blog\/?s={search_term_string}"},"query-input":{"@type":"PropertyValueSpecification","valueRequired":true,"valueName":"search_term_string"}}],"inLanguage":"pt-BR"},{"@type":"Organization","@id":"https:\/\/www.estrategiaconcursos.com.br\/blog\/#organization","name":"Estrat\u00e9gia Concursos","url":"https:\/\/www.estrategiaconcursos.com.br\/blog\/","logo":{"@type":"ImageObject","inLanguage":"pt-BR","@id":"https:\/\/www.estrategiaconcursos.com.br\/blog\/#\/schema\/logo\/image\/","url":"https:\/\/dhg1h5j42swfq.cloudfront.net\/2025\/06\/03203428\/logo_concursos-1.jpg","contentUrl":"https:\/\/dhg1h5j42swfq.cloudfront.net\/2025\/06\/03203428\/logo_concursos-1.jpg","width":230,"height":60,"caption":"Estrat\u00e9gia Concursos"},"image":{"@id":"https:\/\/www.estrategiaconcursos.com.br\/blog\/#\/schema\/logo\/image\/"},"sameAs":["https:\/\/x.com\/EstratConcursos"]},{"@type":"Person","@id":"https:\/\/www.estrategiaconcursos.com.br\/blog\/#\/schema\/person\/4ddc4a162b4fdffa2ea9956dbf62f583","name":"S\u00e9rgio Mendes","image":{"@type":"ImageObject","inLanguage":"pt-BR","@id":"https:\/\/secure.gravatar.com\/avatar\/4eb4b562c33f40d6f7f76579da7e07350c69579df7db305d32a69ed32ecfd5ce?s=96&d=mm&r=g","url":"https:\/\/secure.gravatar.com\/avatar\/4eb4b562c33f40d6f7f76579da7e07350c69579df7db305d32a69ed32ecfd5ce?s=96&d=mm&r=g","contentUrl":"https:\/\/secure.gravatar.com\/avatar\/4eb4b562c33f40d6f7f76579da7e07350c69579df7db305d32a69ed32ecfd5ce?s=96&d=mm&r=g","caption":"S\u00e9rgio Mendes"},"sameAs":["https:\/\/www.facebook.com\/profsergiomendes"],"url":"https:\/\/www.estrategiaconcursos.com.br\/blog\/author\/sergiomendesestrategiaconcursos-com-br\/"}]}},"_links":{"self":[{"href":"https:\/\/www.estrategiaconcursos.com.br\/blog\/wp-json\/wp\/v2\/posts\/444249","targetHints":{"allow":["GET"]}}],"collection":[{"href":"https:\/\/www.estrategiaconcursos.com.br\/blog\/wp-json\/wp\/v2\/posts"}],"about":[{"href":"https:\/\/www.estrategiaconcursos.com.br\/blog\/wp-json\/wp\/v2\/types\/post"}],"author":[{"embeddable":true,"href":"https:\/\/www.estrategiaconcursos.com.br\/blog\/wp-json\/wp\/v2\/users\/29"}],"replies":[{"embeddable":true,"href":"https:\/\/www.estrategiaconcursos.com.br\/blog\/wp-json\/wp\/v2\/comments?post=444249"}],"version-history":[{"count":21,"href":"https:\/\/www.estrategiaconcursos.com.br\/blog\/wp-json\/wp\/v2\/posts\/444249\/revisions"}],"predecessor-version":[{"id":1231891,"href":"https:\/\/www.estrategiaconcursos.com.br\/blog\/wp-json\/wp\/v2\/posts\/444249\/revisions\/1231891"}],"wp:featuredmedia":[{"embeddable":true,"href":"https:\/\/www.estrategiaconcursos.com.br\/blog\/wp-json\/wp\/v2\/media\/444277"}],"wp:attachment":[{"href":"https:\/\/www.estrategiaconcursos.com.br\/blog\/wp-json\/wp\/v2\/media?parent=444249"}],"wp:term":[{"taxonomy":"category","embeddable":true,"href":"https:\/\/www.estrategiaconcursos.com.br\/blog\/wp-json\/wp\/v2\/categories?post=444249"},{"taxonomy":"post_tag","embeddable":true,"href":"https:\/\/www.estrategiaconcursos.com.br\/blog\/wp-json\/wp\/v2\/tags?post=444249"},{"taxonomy":"tax_estado","embeddable":true,"href":"https:\/\/www.estrategiaconcursos.com.br\/blog\/wp-json\/wp\/v2\/tax_estado?post=444249"}],"curies":[{"name":"wp","href":"https:\/\/api.w.org\/{rel}","templated":true}]}}