{"id":443716,"date":"2019-11-04T11:47:09","date_gmt":"2019-11-04T14:47:09","guid":{"rendered":"https:\/\/www.estrategiaconcursos.com.br\/blog\/?p=443716"},"modified":"2023-06-15T16:06:36","modified_gmt":"2023-06-15T19:06:36","slug":"concurso-magistratura-sc-formada-banca-da-prova-oral-para-inscritos-definitivos","status":"publish","type":"post","link":"https:\/\/www.estrategiaconcursos.com.br\/blog\/concurso-magistratura-sc-formada-banca-da-prova-oral-para-inscritos-definitivos\/","title":{"rendered":"Magistratura SC: formada banca da prova oral do concurso"},"content":{"rendered":"\n<p>Na \u00faltima sexta-feira, 01 de novembro, foi publicada a Portaria GVP n.\u00ba 6 por parte do Presidente da Comiss\u00e3o do Concurso Magistratura SC, definindo a banca examinadora para a quarta etapa do certame, a <strong>PROVA ORAL<\/strong>. <\/p>\n\n\n\n<figure class=\"wp-block-image aligncenter\"><img loading=\"lazy\" decoding=\"async\" width=\"425\" height=\"539\" src=\"https:\/\/dhg1h5j42swfq.cloudfront.net\/2019\/11\/04113452\/magistratura_sc.JPG.jpg\" alt=\"\" class=\"wp-image-443746\" srcset=\"https:\/\/dhg1h5j42swfq.cloudfront.net\/2019\/11\/04113452\/magistratura_sc.JPG.jpg 425w, https:\/\/dhg1h5j42swfq.cloudfront.net\/2019\/11\/04113452\/magistratura_sc.JPG.jpg 237w\" sizes=\"auto, (max-width: 425px) 100vw, 425px\" \/><\/figure>\n\n\n\n<p>Ser\u00e3o convocados para esta etapa os candidatos aprovados na prova pr\u00e1tica, que exigiu dos candidatos a elabora\u00e7\u00e3o de &nbsp;<strong>duas senten\u00e7as<\/strong>, uma de natureza&nbsp;<strong>c\u00edvel<\/strong>&nbsp;e outra&nbsp;<strong>criminal<\/strong>, realizada em 29 de junho. Os aprovados nesta etapa deveriam requerer, por formul\u00e1rio pr\u00f3prio, sua <strong>inscri\u00e7\u00e3o definitiva no certame<\/strong>. <\/p>\n\n\n\n<p>A lista dos inscritos definitivos no certame foi divulgada no dia 30 de outubro, dois dias antes da publica\u00e7\u00e3o da Portaria. <\/p>\n\n\n\n<p>A prova oral, de car\u00e1ter eliminat\u00f3rio e classificat\u00f3rio, ser\u00e1 realizada em sess\u00e3o p\u00fablica, na presen\u00e7a de todos os membros da Banca Examinadora ent\u00e3o definida, mediante exame individual dos candidatos. Cada examinador ter\u00e1 at\u00e9 15 minutos para arguir sua respectiva disciplina, atribuindo ao candidato nota de 0 a 10.<\/p>\n\n\n\n<p>Ser\u00e3o considerados habilitados para a pr\u00f3xima etapa, os candidatos que obtiverem nota final n\u00e3o inferior a 6, de um total de 10 pontos. A etapa final consistir\u00e1 na avalia\u00e7\u00e3o de t\u00edtulos e ter\u00e1 car\u00e1ter meramente classificat\u00f3rio. <\/p>\n\n\n\n<p class=\"has-text-align-center has-light-green-cyan-background-color has-background\" style=\"font-size:clamp(15.197px, 0.95rem + ((1vw - 3.2px) * 0.765), 23px);px\"><em><strong>Mais informa\u00e7\u00f5es: <\/strong><\/em><a href=\"https:\/\/www.estrategiaconcursos.com.br\/blog\/concurso-magistratura-sc\/\"><em><strong>concurso Magistratura SC<\/strong><\/em><\/a><\/p>\n\n\n\n<p class=\"has-text-align-center\"><strong><em>Gostou dessa oportunidade&nbsp;e deseja se preparar para este concurso?<\/em><\/strong><br \/><strong><em>Esteja mais preparado com nossos cursos. Acompanhe as novidades!<\/em><\/strong><\/p>\n\n\n\n<p class=\"has-text-align-center has-luminous-vivid-amber-background-color has-background\" style=\"font-size:clamp(15.197px, 0.95rem + ((1vw - 3.2px) * 0.765), 23px);px\"><strong><a rel=\"noreferrer noopener\" href=\"https:\/\/www.estrategiaconcursos.com.br\/cursosPorConcurso\/tj-sc-tribunal-de-justica-de-santa-catarina-juiz-substituto\/\" target=\"_blank\">CURSO MAGISTRATURA SC<\/a><\/strong><\/p>\n\n\n\n<p class=\"has-text-align-center\"><em><strong>Fique por dentro de todos os concursos<\/strong><\/em>:<\/p>\n\n\n\n<p class=\"has-text-align-center has-pale-cyan-blue-background-color has-background\" style=\"font-size:clamp(15.197px, 0.95rem + ((1vw - 3.2px) * 0.765), 23px);px\"><strong><a href=\"https:\/\/www.estrategiaconcursos.com.br\/blog\/concursos-abertos\/\" target=\"_blank\" rel=\"noreferrer noopener\">Concursos Abertos<\/a><\/strong><\/p>\n\n\n<p><!--EndFragment--><\/p>","protected":false},"excerpt":{"rendered":"<p>Na \u00faltima sexta-feira, 01 de novembro, foi publicada a Portaria GVP n.\u00ba 6 por parte do Presidente da Comiss\u00e3o do Concurso Magistratura SC, definindo a banca examinadora para a quarta etapa do certame, a PROVA ORAL. Ser\u00e3o convocados para esta etapa os candidatos aprovados na prova pr\u00e1tica, que exigiu dos candidatos a elabora\u00e7\u00e3o de &nbsp;duas [&hellip;]<\/p>\n","protected":false},"author":218,"featured_media":0,"comment_status":"open","ping_status":"closed","sticky":false,"template":"","format":"standard","meta":{"post_tipo":"article","footnotes":""},"categories":[1],"tags":[],"tax_estado":[],"class_list":["post-443716","post","type-post","status-publish","format-standard","hentry","category-cursos-e-concursos"],"acf":[],"yoast_head":"<!-- This site is optimized with the Yoast SEO Premium plugin v27.2 (Yoast SEO v27.2) - https:\/\/yoast.com\/product\/yoast-seo-premium-wordpress\/ -->\n<title>Magistratura SC: formada banca da prova oral do concurso<\/title>\n<meta name=\"robots\" content=\"index, follow, max-snippet:-1, max-image-preview:large, max-video-preview:-1\" \/>\n<link rel=\"canonical\" href=\"https:\/\/www.estrategiaconcursos.com.br\/blog\/concurso-magistratura-sc-formada-banca-da-prova-oral-para-inscritos-definitivos\/\" \/>\n<meta property=\"og:locale\" content=\"pt_BR\" \/>\n<meta property=\"og:type\" content=\"article\" \/>\n<meta property=\"og:title\" content=\"Magistratura SC: formada banca da prova oral do concurso\" \/>\n<meta property=\"og:description\" content=\"Na \u00faltima sexta-feira, 01 de novembro, foi publicada a Portaria GVP n.\u00ba 6 por parte do Presidente da Comiss\u00e3o do Concurso Magistratura SC, definindo a banca examinadora para a quarta etapa do certame, a PROVA ORAL. Ser\u00e3o convocados para esta etapa os candidatos aprovados na prova pr\u00e1tica, que exigiu dos candidatos a elabora\u00e7\u00e3o de &nbsp;duas [&hellip;]\" \/>\n<meta property=\"og:url\" content=\"https:\/\/www.estrategiaconcursos.com.br\/blog\/concurso-magistratura-sc-formada-banca-da-prova-oral-para-inscritos-definitivos\/\" \/>\n<meta property=\"og:site_name\" content=\"Estrat\u00e9gia Concursos\" \/>\n<meta property=\"article:published_time\" content=\"2019-11-04T14:47:09+00:00\" \/>\n<meta property=\"article:modified_time\" content=\"2023-06-15T19:06:36+00:00\" \/>\n<meta property=\"og:image\" content=\"https:\/\/www.estrategiaconcursos.com.br\/blog\/wp-content\/uploads\/2019\/11\/magistratura_sc.JPG.jpg\" \/>\n<meta name=\"author\" content=\"Paulo H M Sousa\" \/>\n<meta name=\"twitter:card\" content=\"summary_large_image\" \/>\n<meta name=\"twitter:creator\" content=\"@EstratConcursos\" \/>\n<meta name=\"twitter:site\" content=\"@EstratConcursos\" \/>\n<meta name=\"twitter:label1\" content=\"Escrito por\" \/>\n\t<meta name=\"twitter:data1\" content=\"Paulo H M Sousa\" \/>\n\t<meta name=\"twitter:label2\" content=\"Est. tempo de leitura\" \/>\n\t<meta name=\"twitter:data2\" content=\"1 minuto\" \/>\n<script type=\"application\/ld+json\" class=\"yoast-schema-graph\">{\"@context\":\"https:\/\/schema.org\",\"@graph\":[{\"@type\":\"NewsArticle\",\"@id\":\"https:\/\/www.estrategiaconcursos.com.br\/blog\/concurso-magistratura-sc-formada-banca-da-prova-oral-para-inscritos-definitivos\/#article\",\"isPartOf\":{\"@id\":\"https:\/\/www.estrategiaconcursos.com.br\/blog\/concurso-magistratura-sc-formada-banca-da-prova-oral-para-inscritos-definitivos\/\"},\"author\":{\"name\":\"Paulo H M Sousa\",\"@id\":\"https:\/\/www.estrategiaconcursos.com.br\/blog\/#\/schema\/person\/659a4992e582a2be87908edc68d3786f\"},\"headline\":\"Magistratura SC: formada banca da prova oral do concurso\",\"datePublished\":\"2019-11-04T14:47:09+00:00\",\"dateModified\":\"2023-06-15T19:06:36+00:00\",\"mainEntityOfPage\":{\"@id\":\"https:\/\/www.estrategiaconcursos.com.br\/blog\/concurso-magistratura-sc-formada-banca-da-prova-oral-para-inscritos-definitivos\/\"},\"wordCount\":253,\"commentCount\":0,\"publisher\":{\"@id\":\"https:\/\/www.estrategiaconcursos.com.br\/blog\/#organization\"},\"image\":{\"@id\":\"https:\/\/www.estrategiaconcursos.com.br\/blog\/concurso-magistratura-sc-formada-banca-da-prova-oral-para-inscritos-definitivos\/#primaryimage\"},\"thumbnailUrl\":\"https:\/\/www.estrategiaconcursos.com.br\/blog\/wp-content\/uploads\/2019\/11\/magistratura_sc.JPG.jpg\",\"articleSection\":[\"Concursos P\u00fablicos\"],\"inLanguage\":\"pt-BR\",\"potentialAction\":[{\"@type\":\"CommentAction\",\"name\":\"Comment\",\"target\":[\"https:\/\/www.estrategiaconcursos.com.br\/blog\/concurso-magistratura-sc-formada-banca-da-prova-oral-para-inscritos-definitivos\/#respond\"]}],\"copyrightYear\":\"2019\",\"copyrightHolder\":{\"@id\":\"https:\/\/www.estrategiaconcursos.com.br\/blog\/#organization\"}},{\"@type\":\"WebPage\",\"@id\":\"https:\/\/www.estrategiaconcursos.com.br\/blog\/concurso-magistratura-sc-formada-banca-da-prova-oral-para-inscritos-definitivos\/\",\"url\":\"https:\/\/www.estrategiaconcursos.com.br\/blog\/concurso-magistratura-sc-formada-banca-da-prova-oral-para-inscritos-definitivos\/\",\"name\":\"Magistratura SC: formada banca da prova oral do concurso\",\"isPartOf\":{\"@id\":\"https:\/\/www.estrategiaconcursos.com.br\/blog\/#website\"},\"primaryImageOfPage\":{\"@id\":\"https:\/\/www.estrategiaconcursos.com.br\/blog\/concurso-magistratura-sc-formada-banca-da-prova-oral-para-inscritos-definitivos\/#primaryimage\"},\"image\":{\"@id\":\"https:\/\/www.estrategiaconcursos.com.br\/blog\/concurso-magistratura-sc-formada-banca-da-prova-oral-para-inscritos-definitivos\/#primaryimage\"},\"thumbnailUrl\":\"https:\/\/www.estrategiaconcursos.com.br\/blog\/wp-content\/uploads\/2019\/11\/magistratura_sc.JPG.jpg\",\"datePublished\":\"2019-11-04T14:47:09+00:00\",\"dateModified\":\"2023-06-15T19:06:36+00:00\",\"breadcrumb\":{\"@id\":\"https:\/\/www.estrategiaconcursos.com.br\/blog\/concurso-magistratura-sc-formada-banca-da-prova-oral-para-inscritos-definitivos\/#breadcrumb\"},\"inLanguage\":\"pt-BR\",\"potentialAction\":[{\"@type\":\"ReadAction\",\"target\":[\"https:\/\/www.estrategiaconcursos.com.br\/blog\/concurso-magistratura-sc-formada-banca-da-prova-oral-para-inscritos-definitivos\/\"]}]},{\"@type\":\"ImageObject\",\"inLanguage\":\"pt-BR\",\"@id\":\"https:\/\/www.estrategiaconcursos.com.br\/blog\/concurso-magistratura-sc-formada-banca-da-prova-oral-para-inscritos-definitivos\/#primaryimage\",\"url\":\"https:\/\/dhg1h5j42swfq.cloudfront.net\/2019\/11\/04113452\/magistratura_sc.JPG.jpg\",\"contentUrl\":\"https:\/\/dhg1h5j42swfq.cloudfront.net\/2019\/11\/04113452\/magistratura_sc.JPG.jpg\",\"width\":425,\"height\":539},{\"@type\":\"BreadcrumbList\",\"@id\":\"https:\/\/www.estrategiaconcursos.com.br\/blog\/concurso-magistratura-sc-formada-banca-da-prova-oral-para-inscritos-definitivos\/#breadcrumb\",\"itemListElement\":[{\"@type\":\"ListItem\",\"position\":1,\"name\":\"In\u00edcio\",\"item\":\"https:\/\/www.estrategiaconcursos.com.br\/blog\/\"},{\"@type\":\"ListItem\",\"position\":2,\"name\":\"Magistratura SC: formada banca da prova oral do concurso\"}]},{\"@type\":\"WebSite\",\"@id\":\"https:\/\/www.estrategiaconcursos.com.br\/blog\/#website\",\"url\":\"https:\/\/www.estrategiaconcursos.com.br\/blog\/\",\"name\":\"Estrat\u00e9gia Concursos\",\"description\":\"O blog da Estrat\u00e9gia Concursos traz not\u00edcias sobre concursos e artigos de professores oferecendo cursos para concursos (pdf + videaulas) no site.\",\"publisher\":{\"@id\":\"https:\/\/www.estrategiaconcursos.com.br\/blog\/#organization\"},\"potentialAction\":[{\"@type\":\"SearchAction\",\"target\":{\"@type\":\"EntryPoint\",\"urlTemplate\":\"https:\/\/www.estrategiaconcursos.com.br\/blog\/?s={search_term_string}\"},\"query-input\":{\"@type\":\"PropertyValueSpecification\",\"valueRequired\":true,\"valueName\":\"search_term_string\"}}],\"inLanguage\":\"pt-BR\"},{\"@type\":\"Organization\",\"@id\":\"https:\/\/www.estrategiaconcursos.com.br\/blog\/#organization\",\"name\":\"Estrat\u00e9gia Concursos\",\"url\":\"https:\/\/www.estrategiaconcursos.com.br\/blog\/\",\"logo\":{\"@type\":\"ImageObject\",\"inLanguage\":\"pt-BR\",\"@id\":\"https:\/\/www.estrategiaconcursos.com.br\/blog\/#\/schema\/logo\/image\/\",\"url\":\"https:\/\/dhg1h5j42swfq.cloudfront.net\/2025\/06\/03203428\/logo_concursos-1.jpg\",\"contentUrl\":\"https:\/\/dhg1h5j42swfq.cloudfront.net\/2025\/06\/03203428\/logo_concursos-1.jpg\",\"width\":230,\"height\":60,\"caption\":\"Estrat\u00e9gia Concursos\"},\"image\":{\"@id\":\"https:\/\/www.estrategiaconcursos.com.br\/blog\/#\/schema\/logo\/image\/\"},\"sameAs\":[\"https:\/\/x.com\/EstratConcursos\"]},{\"@type\":\"Person\",\"@id\":\"https:\/\/www.estrategiaconcursos.com.br\/blog\/#\/schema\/person\/659a4992e582a2be87908edc68d3786f\",\"name\":\"Paulo H M Sousa\",\"image\":{\"@type\":\"ImageObject\",\"inLanguage\":\"pt-BR\",\"@id\":\"https:\/\/secure.gravatar.com\/avatar\/6c5538a36475e584e0a1a209a3b92f8b2ecca752f244b8d7db751faab2a292e2?s=96&d=mm&r=g\",\"url\":\"https:\/\/secure.gravatar.com\/avatar\/6c5538a36475e584e0a1a209a3b92f8b2ecca752f244b8d7db751faab2a292e2?s=96&d=mm&r=g\",\"contentUrl\":\"https:\/\/secure.gravatar.com\/avatar\/6c5538a36475e584e0a1a209a3b92f8b2ecca752f244b8d7db751faab2a292e2?s=96&d=mm&r=g\",\"caption\":\"Paulo H M Sousa\"},\"url\":\"https:\/\/www.estrategiaconcursos.com.br\/blog\/author\/paulosousaestrategiaconcursos-com-br\/\"}]}<\/script>\n<!-- \/ Yoast SEO Premium plugin. -->","yoast_head_json":{"title":"Magistratura SC: formada banca da prova oral do concurso","robots":{"index":"index","follow":"follow","max-snippet":"max-snippet:-1","max-image-preview":"max-image-preview:large","max-video-preview":"max-video-preview:-1"},"canonical":"https:\/\/www.estrategiaconcursos.com.br\/blog\/concurso-magistratura-sc-formada-banca-da-prova-oral-para-inscritos-definitivos\/","og_locale":"pt_BR","og_type":"article","og_title":"Magistratura SC: formada banca da prova oral do concurso","og_description":"Na \u00faltima sexta-feira, 01 de novembro, foi publicada a Portaria GVP n.\u00ba 6 por parte do Presidente da Comiss\u00e3o do Concurso Magistratura SC, definindo a banca examinadora para a quarta etapa do certame, a PROVA ORAL. Ser\u00e3o convocados para esta etapa os candidatos aprovados na prova pr\u00e1tica, que exigiu dos candidatos a elabora\u00e7\u00e3o de &nbsp;duas [&hellip;]","og_url":"https:\/\/www.estrategiaconcursos.com.br\/blog\/concurso-magistratura-sc-formada-banca-da-prova-oral-para-inscritos-definitivos\/","og_site_name":"Estrat\u00e9gia Concursos","article_published_time":"2019-11-04T14:47:09+00:00","article_modified_time":"2023-06-15T19:06:36+00:00","og_image":[{"url":"https:\/\/www.estrategiaconcursos.com.br\/blog\/wp-content\/uploads\/2019\/11\/magistratura_sc.JPG.jpg","type":"","width":"","height":""}],"author":"Paulo H M Sousa","twitter_card":"summary_large_image","twitter_creator":"@EstratConcursos","twitter_site":"@EstratConcursos","twitter_misc":{"Escrito por":"Paulo H M Sousa","Est. tempo de leitura":"1 minuto"},"schema":{"@context":"https:\/\/schema.org","@graph":[{"@type":"NewsArticle","@id":"https:\/\/www.estrategiaconcursos.com.br\/blog\/concurso-magistratura-sc-formada-banca-da-prova-oral-para-inscritos-definitivos\/#article","isPartOf":{"@id":"https:\/\/www.estrategiaconcursos.com.br\/blog\/concurso-magistratura-sc-formada-banca-da-prova-oral-para-inscritos-definitivos\/"},"author":{"name":"Paulo H M Sousa","@id":"https:\/\/www.estrategiaconcursos.com.br\/blog\/#\/schema\/person\/659a4992e582a2be87908edc68d3786f"},"headline":"Magistratura SC: formada banca da prova oral do concurso","datePublished":"2019-11-04T14:47:09+00:00","dateModified":"2023-06-15T19:06:36+00:00","mainEntityOfPage":{"@id":"https:\/\/www.estrategiaconcursos.com.br\/blog\/concurso-magistratura-sc-formada-banca-da-prova-oral-para-inscritos-definitivos\/"},"wordCount":253,"commentCount":0,"publisher":{"@id":"https:\/\/www.estrategiaconcursos.com.br\/blog\/#organization"},"image":{"@id":"https:\/\/www.estrategiaconcursos.com.br\/blog\/concurso-magistratura-sc-formada-banca-da-prova-oral-para-inscritos-definitivos\/#primaryimage"},"thumbnailUrl":"https:\/\/www.estrategiaconcursos.com.br\/blog\/wp-content\/uploads\/2019\/11\/magistratura_sc.JPG.jpg","articleSection":["Concursos P\u00fablicos"],"inLanguage":"pt-BR","potentialAction":[{"@type":"CommentAction","name":"Comment","target":["https:\/\/www.estrategiaconcursos.com.br\/blog\/concurso-magistratura-sc-formada-banca-da-prova-oral-para-inscritos-definitivos\/#respond"]}],"copyrightYear":"2019","copyrightHolder":{"@id":"https:\/\/www.estrategiaconcursos.com.br\/blog\/#organization"}},{"@type":"WebPage","@id":"https:\/\/www.estrategiaconcursos.com.br\/blog\/concurso-magistratura-sc-formada-banca-da-prova-oral-para-inscritos-definitivos\/","url":"https:\/\/www.estrategiaconcursos.com.br\/blog\/concurso-magistratura-sc-formada-banca-da-prova-oral-para-inscritos-definitivos\/","name":"Magistratura SC: formada banca da prova oral do concurso","isPartOf":{"@id":"https:\/\/www.estrategiaconcursos.com.br\/blog\/#website"},"primaryImageOfPage":{"@id":"https:\/\/www.estrategiaconcursos.com.br\/blog\/concurso-magistratura-sc-formada-banca-da-prova-oral-para-inscritos-definitivos\/#primaryimage"},"image":{"@id":"https:\/\/www.estrategiaconcursos.com.br\/blog\/concurso-magistratura-sc-formada-banca-da-prova-oral-para-inscritos-definitivos\/#primaryimage"},"thumbnailUrl":"https:\/\/www.estrategiaconcursos.com.br\/blog\/wp-content\/uploads\/2019\/11\/magistratura_sc.JPG.jpg","datePublished":"2019-11-04T14:47:09+00:00","dateModified":"2023-06-15T19:06:36+00:00","breadcrumb":{"@id":"https:\/\/www.estrategiaconcursos.com.br\/blog\/concurso-magistratura-sc-formada-banca-da-prova-oral-para-inscritos-definitivos\/#breadcrumb"},"inLanguage":"pt-BR","potentialAction":[{"@type":"ReadAction","target":["https:\/\/www.estrategiaconcursos.com.br\/blog\/concurso-magistratura-sc-formada-banca-da-prova-oral-para-inscritos-definitivos\/"]}]},{"@type":"ImageObject","inLanguage":"pt-BR","@id":"https:\/\/www.estrategiaconcursos.com.br\/blog\/concurso-magistratura-sc-formada-banca-da-prova-oral-para-inscritos-definitivos\/#primaryimage","url":"https:\/\/dhg1h5j42swfq.cloudfront.net\/2019\/11\/04113452\/magistratura_sc.JPG.jpg","contentUrl":"https:\/\/dhg1h5j42swfq.cloudfront.net\/2019\/11\/04113452\/magistratura_sc.JPG.jpg","width":425,"height":539},{"@type":"BreadcrumbList","@id":"https:\/\/www.estrategiaconcursos.com.br\/blog\/concurso-magistratura-sc-formada-banca-da-prova-oral-para-inscritos-definitivos\/#breadcrumb","itemListElement":[{"@type":"ListItem","position":1,"name":"In\u00edcio","item":"https:\/\/www.estrategiaconcursos.com.br\/blog\/"},{"@type":"ListItem","position":2,"name":"Magistratura SC: formada banca da prova oral do concurso"}]},{"@type":"WebSite","@id":"https:\/\/www.estrategiaconcursos.com.br\/blog\/#website","url":"https:\/\/www.estrategiaconcursos.com.br\/blog\/","name":"Estrat\u00e9gia Concursos","description":"O blog da Estrat\u00e9gia Concursos traz not\u00edcias sobre concursos e artigos de professores oferecendo cursos para concursos (pdf + videaulas) no site.","publisher":{"@id":"https:\/\/www.estrategiaconcursos.com.br\/blog\/#organization"},"potentialAction":[{"@type":"SearchAction","target":{"@type":"EntryPoint","urlTemplate":"https:\/\/www.estrategiaconcursos.com.br\/blog\/?s={search_term_string}"},"query-input":{"@type":"PropertyValueSpecification","valueRequired":true,"valueName":"search_term_string"}}],"inLanguage":"pt-BR"},{"@type":"Organization","@id":"https:\/\/www.estrategiaconcursos.com.br\/blog\/#organization","name":"Estrat\u00e9gia Concursos","url":"https:\/\/www.estrategiaconcursos.com.br\/blog\/","logo":{"@type":"ImageObject","inLanguage":"pt-BR","@id":"https:\/\/www.estrategiaconcursos.com.br\/blog\/#\/schema\/logo\/image\/","url":"https:\/\/dhg1h5j42swfq.cloudfront.net\/2025\/06\/03203428\/logo_concursos-1.jpg","contentUrl":"https:\/\/dhg1h5j42swfq.cloudfront.net\/2025\/06\/03203428\/logo_concursos-1.jpg","width":230,"height":60,"caption":"Estrat\u00e9gia Concursos"},"image":{"@id":"https:\/\/www.estrategiaconcursos.com.br\/blog\/#\/schema\/logo\/image\/"},"sameAs":["https:\/\/x.com\/EstratConcursos"]},{"@type":"Person","@id":"https:\/\/www.estrategiaconcursos.com.br\/blog\/#\/schema\/person\/659a4992e582a2be87908edc68d3786f","name":"Paulo H M Sousa","image":{"@type":"ImageObject","inLanguage":"pt-BR","@id":"https:\/\/secure.gravatar.com\/avatar\/6c5538a36475e584e0a1a209a3b92f8b2ecca752f244b8d7db751faab2a292e2?s=96&d=mm&r=g","url":"https:\/\/secure.gravatar.com\/avatar\/6c5538a36475e584e0a1a209a3b92f8b2ecca752f244b8d7db751faab2a292e2?s=96&d=mm&r=g","contentUrl":"https:\/\/secure.gravatar.com\/avatar\/6c5538a36475e584e0a1a209a3b92f8b2ecca752f244b8d7db751faab2a292e2?s=96&d=mm&r=g","caption":"Paulo H M Sousa"},"url":"https:\/\/www.estrategiaconcursos.com.br\/blog\/author\/paulosousaestrategiaconcursos-com-br\/"}]}},"_links":{"self":[{"href":"https:\/\/www.estrategiaconcursos.com.br\/blog\/wp-json\/wp\/v2\/posts\/443716","targetHints":{"allow":["GET"]}}],"collection":[{"href":"https:\/\/www.estrategiaconcursos.com.br\/blog\/wp-json\/wp\/v2\/posts"}],"about":[{"href":"https:\/\/www.estrategiaconcursos.com.br\/blog\/wp-json\/wp\/v2\/types\/post"}],"author":[{"embeddable":true,"href":"https:\/\/www.estrategiaconcursos.com.br\/blog\/wp-json\/wp\/v2\/users\/218"}],"replies":[{"embeddable":true,"href":"https:\/\/www.estrategiaconcursos.com.br\/blog\/wp-json\/wp\/v2\/comments?post=443716"}],"version-history":[{"count":12,"href":"https:\/\/www.estrategiaconcursos.com.br\/blog\/wp-json\/wp\/v2\/posts\/443716\/revisions"}],"predecessor-version":[{"id":1233027,"href":"https:\/\/www.estrategiaconcursos.com.br\/blog\/wp-json\/wp\/v2\/posts\/443716\/revisions\/1233027"}],"wp:attachment":[{"href":"https:\/\/www.estrategiaconcursos.com.br\/blog\/wp-json\/wp\/v2\/media?parent=443716"}],"wp:term":[{"taxonomy":"category","embeddable":true,"href":"https:\/\/www.estrategiaconcursos.com.br\/blog\/wp-json\/wp\/v2\/categories?post=443716"},{"taxonomy":"post_tag","embeddable":true,"href":"https:\/\/www.estrategiaconcursos.com.br\/blog\/wp-json\/wp\/v2\/tags?post=443716"},{"taxonomy":"tax_estado","embeddable":true,"href":"https:\/\/www.estrategiaconcursos.com.br\/blog\/wp-json\/wp\/v2\/tax_estado?post=443716"}],"curies":[{"name":"wp","href":"https:\/\/api.w.org\/{rel}","templated":true}]}}