{"id":443638,"date":"2019-12-05T01:00:21","date_gmt":"2019-12-05T04:00:21","guid":{"rendered":"https:\/\/www.estrategiaconcursos.com.br\/blog\/?p=443638"},"modified":"2019-12-13T17:23:38","modified_gmt":"2019-12-13T20:23:38","slug":"edital-foz-do-iguacu","status":"publish","type":"post","link":"https:\/\/www.estrategiaconcursos.com.br\/blog\/edital-foz-do-iguacu\/","title":{"rendered":"Edital Foz do Igua\u00e7u: inscri\u00e7\u00f5es encerradas com 79 vagas"},"content":{"rendered":"\n<h2 class=\"wp-block-heading\"><em>Provas previstas para o dia 12 de janeiro de 2020<\/em><\/h2>\n\n\n\n<p>O<strong> concurso p\u00fablico da Prefeitura Municipal de Foz do Igua\u00e7u<\/strong>, localizada no Estado do Paran\u00e1, encerrou o prazo de inscri\u00e7\u00f5es do seu processo seletivo. Ao todo s\u00e3o ofertadas 79 vagas distribu\u00eddas entre cargos de <em>n\u00edvel m\u00e9dio, t\u00e9cnico e superior<\/em>.<\/p>\n\n\n\n<p>Os interessados tiveram entre os dias <strong>06 de novembro a 05 de dezembro<\/strong>, para garantir a candidatura no concursos. O processo foi feito todo atrav\u00e9s do site da banca organizadora,<strong> a Fundatec<\/strong>. As taxas foram definidas de acordo com o cargo pretendido, sendo:<\/p>\n\n\n\n<ul class=\"wp-block-list\"><li><strong>N\u00edvel m\u00e9dio e t\u00e9cnico:<\/strong>&nbsp;R$ 70,00<\/li><li><strong>N\u00edvel superior:&nbsp;<\/strong>R$ 100,00<\/li><\/ul>\n\n\n\n<h2 class=\"wp-block-heading\" id=\"datas\">Principais datas<\/h2>\n\n\n\n<p class=\"has-background has-very-light-gray-background-color\"><strong>Inscri\u00e7\u00f5es<\/strong>: 06 de novembro a 05 de dezembro<br \/><strong>Isen\u00e7\u00e3o da taxa<\/strong>: 06 a 08 de novembro<br \/><strong>\u00daltimo dia para pagamento<\/strong>: 06 dezembro<br \/><strong>Prova<\/strong>: 12 de janeiro de 2020<\/p>\n\n\n\n<h2 class=\"wp-block-heading\" id=\"cargos-vagas\">Cargos e vagas<\/h2>\n\n\n\n<h3 class=\"wp-block-heading\">N\u00edvel m\u00e9dio<\/h3>\n\n\n\n<table class=\"wp-block-table has-subtle-pale-blue-background-color has-fixed-layout has-background is-style-stripes\"><tbody><tr><td><strong>Cargos<\/strong><\/td><td><strong>Vagas<\/strong><\/td><td><strong>Remunera\u00e7\u00e3o<\/strong><\/td><\/tr><tr><td>Agente de Combate \u00e0s Endemias<\/td><td>10 + CR<\/td><td>R$ 1.613,50<\/td><\/tr><tr><td>Agente de Combate \u00e0s Endemias Educador em Sa\u00fade<\/td><td>1 + CR<\/td><td>R$ 1.613,50<\/td><\/tr><tr><td>Auxiliar de Enfermagem do Trabalho J\u00fanior<\/td><td>1 + CR<\/td><td>R$ 1.661,98<\/td><\/tr><tr><td>Auxiliar de Sa\u00fade Bucal J\u00fanior<\/td><td>4 + CR<\/td><td>R$ 1.661,98<\/td><\/tr><tr><td>Instrutor de Libras<\/td><td>1 + CR<\/td><td>R$ 1.351,29<\/td><\/tr><tr><td>Operador de Computador J\u00fanior<\/td><td>1 + CR<\/td><td>R$ 2.513,87<\/td><\/tr><tr><td>Professor \u2013 N\u00edvel I<\/td><td>40 + CR<\/td><td>R$ 1.433,59<\/td><\/tr><\/tbody><\/table>\n\n\n\n<h3 class=\"wp-block-heading\">N\u00edvel t\u00e9cnico<\/h3>\n\n\n\n<table class=\"wp-block-table has-subtle-pale-blue-background-color has-fixed-layout has-background is-style-stripes\"><tbody><tr><td><strong>Cargos<\/strong><\/td><td><strong>Vagas<\/strong><\/td><td><strong>Remunera\u00e7\u00e3o<\/strong><\/td><\/tr><tr><td>Prot\u00e9tico<\/td><td>1 + CR<\/td><td>R$ 2.043,98<\/td><\/tr><tr><td>T\u00e9cnico de Gesso (Imobiliza\u00e7\u00e3o Ortop\u00e9dica)<\/td><td>1 + CR<\/td><td>$ 2.513,87<\/td><\/tr><tr><td>T\u00e9cnico em Agricultura J\u00fanior<\/td><td>1 + CR<\/td><td>R$ 2.513,87<\/td><\/tr><tr><td>T\u00e9cnico em Higiene Dental<\/td><td>1 + CR<\/td><td>R$ 2.513,87<\/td><\/tr><tr><td>T\u00e9cnico em Radiologia<\/td><td>4 + CR<\/td><td>R$ 2.513,87<\/td><\/tr><\/tbody><\/table>\n\n\n\n<h3 class=\"wp-block-heading\">N\u00edvel superior<\/h3>\n\n\n\n<table class=\"wp-block-table has-subtle-pale-blue-background-color has-fixed-layout has-background is-style-stripes\"><tbody><tr><td><strong>Cargos<\/strong><\/td><td><strong>Vagas<\/strong><\/td><td><strong>Remunera\u00e7\u00e3o<\/strong><\/td><\/tr><tr><td>Contador J\u00fanior<\/td><td>1 + CR<\/td><td>R$ 3.802,48<\/td><\/tr><tr><td>Engenheiro Cartogr\u00e1fico<\/td><td>1 + CR<\/td><td>R$ 3.802,48<\/td><\/tr><tr><td>M\u00e9dico Auditor<\/td><td>1 + CR<\/td><td>R$ 12.119,16<\/td><\/tr><tr><td>M\u00e9dico da Fam\u00edlia<\/td><td>1 + CR<\/td><td>R$ 16.158,88<\/td><\/tr><tr><td>M\u00e9dico Legista<\/td><td>1 + CR<\/td><td>R$ 12.119,16<\/td><\/tr><tr><td>M\u00e9dico Neuropediatra<\/td><td>1 + CR<\/td><td>R$ 12.119,16<\/td><\/tr><tr><td>M\u00e9dico Oftalmologista<\/td><td>1 + CR<\/td><td>R$ 12.119,16<\/td><\/tr><tr><td>M\u00e9dico Perito<\/td><td>1 + CR<\/td><td>R$ 12.119,16<\/td><\/tr><tr><td>Psic\u00f3logo Educacional J\u00fanior<\/td><td>5 + CR<\/td><td>R$ 3.802,48<\/td><\/tr><\/tbody><\/table>\n\n\n\n<h2 class=\"wp-block-heading\" id=\"etapas\">Etapas e provas<\/h2>\n\n\n\n<p>O concurso da Prefeitura de Foz do Igua\u00e7u sera composto das seguintes etapas:<\/p>\n\n\n\n<ul class=\"wp-block-list\"><li><strong>Prova Te\u00f3rico-Objetiva<\/strong> &#8211; para todos os cargos<\/li><li><strong>Prova Discursiva<\/strong> &#8211; para todos os cargos de n\u00edvel superior e t\u00e9cnico<\/li><li><strong>Prova de Reda\u00e7\u00e3o<\/strong> &#8211; para todos os cargos de n\u00edvel m\u00e9dio (exceto para Instrutor de Libras)<\/li><li><strong>Prova de Desempenho Did\u00e1tico<\/strong> &#8211; para o cargo de Professor &#8211; N\u00edvel I<\/li><li><strong>Prova Pr\u00e1tica<\/strong> &#8211; para os cargos de Instrutor de Libras e Operador de Computador J\u00fanior<\/li><li><strong>Prova de T\u00edtulos<\/strong> &#8211; para os cargos de n\u00edvel superior e Professor &#8211; N\u00edvel I<\/li><li><strong>Curso Introdut\u00f3rio<\/strong> &#8211; para os cargos de Agente de Combate \u00e0s Endemias e Agente de Combate \u00e0s Endemias Educador em Sa\u00fade<\/li><\/ul>\n\n\n\n<h3 class=\"wp-block-heading\">Prova Objetiva<\/h3>\n\n\n\n<p>De car\u00e1ter eliminat\u00f3rio e classificat\u00f3rio, a Prova Objetiva ser\u00e1 composta por quest\u00f5es de m\u00faltipla escolha, com dura\u00e7\u00e3o de 4 horas. Esta prova ser\u00e1  aplicada para todos os cargos, na data prov\u00e1vel de <strong>12 de janeiro de 2020<\/strong>, nos seguintes turnos:  <\/p>\n\n\n\n<p class=\"has-background has-very-light-gray-background-color\"><strong>Manh\u00e3: <\/strong>N\u00edvel Superior Completo, Professor &#8211; N\u00edvel I e Auxiliar de Sa\u00fade Bucal J\u00fanior<br \/><br \/><strong>Tarde:<\/strong> N\u00edvel T\u00e9cnico e M\u00e9dio Completo (Exceto Professor &#8211; N\u00edvel I e Auxiliar de Sa\u00fade Bucal J\u00fanior)<\/p>\n\n\n\n<ul class=\"wp-block-list\"><li><strong>N\u00edvel T\u00e9cnico Completo&nbsp;\/\/&nbsp;N\u00edvel Superior Completo (exceto cargo de Psic\u00f3logo Educacional J\u00fanior) \/\/ Auxiliar de Enfermagem do Trabalho J\u00fanior \/\/ Auxiliar de Sa\u00fade Bucal J\u00fanior<\/strong>:<ul><li>L\u00edngua Portuguesa \u2013 5 quest\u00f5es, peso 1,40<\/li><li>Matem\u00e1tica\/Racioc\u00ednio L\u00f3gico \u2013 5 quest\u00f5es, peso 1,40<\/li><li>No\u00e7\u00f5es de Inform\u00e1tica \u2013 5 quest\u00f5es, peso 1,40<\/li><li>Estatuto do Servidor \u2013 1 quest\u00e3o, peso 1,40<\/li><li>Conhecimentos Espec\u00edficos \u2013 34 quest\u00f5es, peso 1,40<\/li><\/ul><\/li><\/ul>\n\n\n\n<ul class=\"wp-block-list\"><li><strong>Psic\u00f3logo Educacional J\u00fanior<\/strong>:<ul><li><em>L\u00edngua Portuguesa \u2013 10 quest\u00e3o, peso 1,40<\/em><\/li><li><em>Matem\u00e1tica\/Racioc\u00ednio L\u00f3gico \u2013 5 quest\u00f5es, peso 1,40<\/em><\/li><li><em>No\u00e7\u00f5es de Inform\u00e1tica \u2013 5 quest\u00f5es, peso 1,40<\/em><\/li><li><em>Atualidades e Conhecimentos Gerais \u2013 5 quest\u00f5es, peso 1,40<\/em><\/li><li><em>Estatuto do Servidor \u2013 1 quest\u00f5es, peso 1,40<\/em><\/li><li><em>Conhecimentos Espec\u00edficos \u2013 34 quest\u00f5es, peso 1,40<\/em><\/li><\/ul><\/li><\/ul>\n\n\n\n<ul class=\"wp-block-list\"><li><strong>Instrutor de Libras<\/strong>:<ul><li><em>L\u00edngua Portuguesa \u2013 5 quest\u00f5es, peso 0,80<\/em><\/li><li><em>Matem\u00e1tica\/Racioc\u00ednio L\u00f3gico \u2013 5 quest\u00f5es, peso 0,80<\/em><\/li><li><em>No\u00e7\u00f5es de Inform\u00e1tica \u2013 5 quest\u00f5es, peso 0,80<\/em><\/li><li><em>Estatuto do Servidor \u2013 1 quest\u00e3o, peso 0,80<\/em><\/li><li><em>Conhecimentos Espec\u00edficos \u2013 34 quest\u00f5es, peso 0,80<\/em><\/li><\/ul><\/li><\/ul>\n\n\n\n<ul class=\"wp-block-list\"><li><strong>Operador de Computador J\u00fanior<\/strong>:<ul><li><em>L\u00edngua Portuguesa \u2013 5 quest\u00f5es, peso 1,20<\/em><\/li><li><em>Matem\u00e1tica\/Racioc\u00ednio L\u00f3gico \u2013 5 quest\u00f5es, peso 1,20<\/em><\/li><li><em>No\u00e7\u00f5es de Inform\u00e1tica \u2013 5 quest\u00f5es, peso 1,20<\/em><\/li><li><em>Estatuto do Servidor \u2013 1 quest\u00e3o, peso 1,20<\/em><\/li><li><em>Conhecimentos Espec\u00edficos \u2013 34 quest\u00f5es, peso 1,20<\/em><\/li><\/ul><\/li><\/ul>\n\n\n\n<ul class=\"wp-block-list\"><li><strong>Professor \u2013 N\u00edvel I<\/strong>:<ul><li><em>L\u00edngua Portuguesa \u2013 15 quest\u00f5es, peso 1,00<\/em><\/li><li><em>Matem\u00e1tica\/Racioc\u00ednio L\u00f3gico \u2013 10 quest\u00f5es, peso 1,00<\/em><\/li><li><em>Legisla\u00e7\u00e3o\/Estrutura e Funcionamento \u2013 5 quest\u00f5es, peso 1,00<\/em><\/li><li><em>Fundamentos da Educa\u00e7\u00e3o \u2013 14 quest\u00f5es, peso 1,00<\/em><\/li><li><em>Atualidades e Conhecimentos Gerais \u2013 5 quest\u00f5es, peso 1,00<\/em><\/li><li><em>Estatuto do Servidor \u2013 1 quest\u00e3o, peso 1,00<\/em><\/li><\/ul><\/li><\/ul>\n\n\n\n<ul class=\"wp-block-list\"><li><strong>Agente de Combate a Endemias e Agente de Combate a Endemias Educador em Sa\u00fade<\/strong>:<ul><li><em>L\u00edngua Portuguesa \u2013 10 quest\u00f5es, peso 1,20<\/em><\/li><li><em>Matem\u00e1tica\/Racioc\u00ednio L\u00f3gico \u2013 5 quest\u00f5es, peso 1,20<\/em><\/li><li><em>No\u00e7\u00f5es de Inform\u00e1tica \u2013 10 quest\u00f5es, peso 1,20<\/em><\/li><li><em>Atualidades e Conhecimentos Gerais \u2013 4 quest\u00f5es, peso 1,20<\/em><\/li><li><em>Estatuto do Servidor \u2013 1 quest\u00e3o, peso 1,20<\/em><\/li><li><em>Conhecimentos Espec\u00edficos \u2013 20 quest\u00f5es, peso 1,20<\/em><\/li><\/ul><\/li><\/ul>\n\n\n\n<h3 class=\"wp-block-heading\">Prova Discursiva<\/h3>\n\n\n\n<p>Haver\u00e1 Prova Discursiva para todos os cargos de n\u00edvel superior e t\u00e9cnico. As provas s\u00e3o de car\u00e1ter eliminat\u00f3rio e classificat\u00f3rio e ser\u00e1 aplicada junto a Prova Objetiva. <\/p>\n\n\n\n<p>A Prova Discursiva ser\u00e1 composta de 1 quest\u00e3o, na qual o candidato precisa se posicionar a respeito de um tema ou uma situa\u00e7\u00e3o apresentada pela Banca. Ser\u00e1 exigido no m\u00ednimo 15 e no m\u00e1ximo de 30 linhas. Qualquer texto al\u00e9m desta extens\u00e3o ser\u00e1 desconsiderado. <\/p>\n\n\n\n<h3 class=\"wp-block-heading\">Prova de Reda\u00e7\u00e3o<\/h3>\n\n\n\n<p>Haver\u00e1 Prova de Reda\u00e7\u00e3o para os candidatos dos cargos de n\u00edvel m\u00e9dio, exceto para o cargo de Instrutor de Libras. As provas s\u00e3o de car\u00e1ter eliminat\u00f3rio e classificat\u00f3rio e ser\u00e1 aplicada junto a Prova Objetiva. <\/p>\n\n\n\n<p>A Prova de Reda\u00e7\u00e3o ser\u00e1 composta de 1 proposta para elabora\u00e7\u00e3o de um texto dissertativo-argumentativo. Ser\u00e1 exigido o m\u00ednimo de 15 e o m\u00e1ximo de 30 linhas. Qualquer texto al\u00e9m desta extens\u00e3o ser\u00e1 desconsiderado.<\/p>\n\n\n\n<h3 class=\"wp-block-heading\">Prova de Desempenho Did\u00e1tico<\/h3>\n\n\n\n<p>Ser\u00e3o chamados para a Prova de Desempenho Did\u00e1tico os candidatos aprovados nas Provas Te\u00f3rico-Objetiva e de Reda\u00e7\u00e3o do cargo de Professor &#8211; N\u00edvel I.  <\/p>\n\n\n\n<p>Esta prova destina-se a avaliar o candidato quanto ao dom\u00ednio do assunto e \u00e0 adequa\u00e7\u00e3o da sua abordagem metodol\u00f3gica, consistindo de aula a ser ministrada perante uma Banca Examinadora, composta por 03 professores habilitados, sendo professores surdos e professores ouvintes. <\/p>\n\n\n\n<p>A Prova de Desempenho Did\u00e1tico ser\u00e1 classificat\u00f3ria e eliminat\u00f3ria e consistir\u00e1 de uma aula de 20 minutos, acrescido de mais 10 minutos para argui\u00e7\u00e3o.  <\/p>\n\n\n\n<h3 class=\"wp-block-heading\">Prova Pr\u00e1tica<\/h3>\n\n\n\n<p>Ser\u00e3o chamados para a Prova Pr\u00e1tica os candidatos aprovados nas etapas anteriores, do cargo de Operador de Computador J\u00fanior e Instrutor de Libras. <\/p>\n\n\n\n<p>De car\u00e1ter eliminat\u00f3rio e classificat\u00f3rio, a Prova Pr\u00e1tica consistir\u00e1 em avaliar a experi\u00eancia e os conhecimentos t\u00e9cnicos do candidato, que dever\u00e1 demonstrar na pr\u00e1tica a sua habilidade na execu\u00e7\u00e3o de tarefas, de acordo com as atribui\u00e7\u00f5es do cargo. <\/p>\n\n\n\n<h3 class=\"wp-block-heading\">Avalia\u00e7\u00e3o de T\u00edtulos<\/h3>\n\n\n\n<p>Esta etapa ser\u00e1 aplicada para os candidatos aprovados na Prova Te\u00f3rico-Objetiva e na Prova Discursiva dos cargos de n\u00edvel superior e aprovados na Prova de Desempenho Did\u00e1tico do Professor &#8211; N\u00edvel I. Seu car\u00e1ter \u00e9 apenas classificat\u00f3rio. <\/p>\n\n\n\n<p><\/p>\n\n\n\n<table class=\"wp-block-table has-subtle-pale-blue-background-color has-fixed-layout has-background is-style-stripes\"><tbody><tr><td><strong>Tipo<\/strong><\/td><td><strong> M\u00e1ximo de T\u00edtulos  <\/strong><\/td><td><strong> Valor Unit\u00e1rio <\/strong><\/td><td><strong> Valor M\u00e1ximo <\/strong><\/td><\/tr><tr><td> Doutorado <\/td><td>1<\/td><td> 4,00 <\/td><td> 4,00 <\/td><\/tr><tr><td> Mestrado <\/td><td>1<\/td><td> 3,00 <\/td><td> 3,00 <\/td><\/tr><tr><td> Especializa\u00e7\u00e3o Lato Sensu\/MBA\/Resid\u00eancia <\/td><td>2<\/td><td> 1,50 <\/td><td> 3,00 <\/td><\/tr><tr><td><strong> TOTAL <\/strong><\/td><td><\/td><td><\/td><td><strong> 10,00 <\/strong><\/td><\/tr><\/tbody><\/table>\n\n\n\n<h3 class=\"wp-block-heading\">Curso Introdut\u00f3rio<\/h3>\n\n\n\n<p>Esta etapa ser\u00e1 aplicada para os candidatos aprovados na Prova Objetiva e de Reda\u00e7\u00e3o dos empregos de Agente de Combate \u00e0s Endemias e Agente de Combate \u00e0s Endemias Educador em Sa\u00fade. O curso ter\u00e1 carga hor\u00e1ria de 40 horas e ser\u00e1 coordenado e ministrado pela Fundatec.<\/p>\n\n\n\n<p>Ser\u00e3o considerados aptos os candidatos que conclu\u00edrem, com aproveitamento, o Curso Introdut\u00f3rio de Forma\u00e7\u00e3o, o que equivale a 90% de frequ\u00eancia e obter a pontua\u00e7\u00e3o m\u00ednima de 25% na Avalia\u00e7\u00e3o Final do Curso, que consistir\u00e1 de uma prova objetiva de m\u00faltipla escolha com 20 quest\u00f5es.<\/p>\n\n\n\n<p style=\"font-size:22px;text-align:center\" class=\"has-background has-very-light-gray-background-color\"><strong>Saiba mais: <\/strong><a rel=\"noreferrer noopener\" aria-label=\"Concurso Foz do Igua\u00e7u (abre numa nova aba)\" href=\"https:\/\/www.estrategiaconcursos.com.br\/blog\/concurso-prefeitura-foz-do-iguacu\/\" target=\"_blank\"><strong>Concurso Foz do Igua\u00e7u<\/strong><\/a><\/p>\n\n\n\n<hr class=\"wp-block-separator\"\/>\n\n\n\n<h2 class=\"wp-block-heading\" style=\"text-align:center\" id=\"cursos-assinatura\">Quer estudar para o concurso Prefeitura de Foz do Igua\u00e7u?<\/h2>\n\n\n\n<p style=\"text-align:center\"><em>Gostou desta oportunidade e deseja come\u00e7ar se preparar agora mesmo? Ent\u00e3o, confira os nossos cursos e comece a estudar:<\/em><\/p>\n\n\n\n<p style=\"font-size:22px;text-align:center\" class=\"has-background has-light-green-cyan-background-color\"><strong><a rel=\"noreferrer noopener\" href=\"https:\/\/www.estrategiaconcursos.com.br\/cursosPorConcurso\/prefeitura-de-foz-do-iguacu\/\" target=\"_blank\">CURSOS PREFEITURA FOZ DO IGUA\u00c7U<\/a><\/strong> <\/p>\n\n\n\n<p style=\"text-align:center\" class=\"has-medium-font-size\"><strong><em>Fique por dentro de todos os concursos<\/em><\/strong><\/p>\n\n\n\n<p style=\"font-size:22px;text-align:center\" class=\"has-background has-pale-cyan-blue-background-color\"><a rel=\"noreferrer noopener\" href=\"https:\/\/www.estrategiaconcursos.com.br\/blog\/concursos-abertos\/\" target=\"_blank\"><strong>CONCURSOS ABERTOS<\/strong><\/a><\/p>\n\n\n\n<p style=\"font-size:22px;text-align:center\" class=\"has-background has-pale-cyan-blue-background-color\"><a rel=\"noreferrer noopener\" href=\"https:\/\/www.estrategiaconcursos.com.br\/blog\/concursos-2019\/\" target=\"_blank\"><strong>CONCURSOS 2019<\/strong><\/a><\/p>\n\n\n\n<p style=\"font-size:22px;text-align:center\" class=\"has-background has-pale-cyan-blue-background-color\"><a rel=\"noreferrer noopener\" href=\"https:\/\/www.estrategiaconcursos.com.br\/blog\/concursos-2020\/\" target=\"_blank\"><strong>CONCURSOS&nbsp;2020<\/strong><\/a><\/p>\n\n\n\n<figure class=\"wp-block-image\"><img loading=\"lazy\" decoding=\"async\" width=\"300\" height=\"102\" src=\"https:\/\/dhg1h5j42swfq.cloudfront.net\/2017\/03\/28152500\/coruja-ficha-tecnica-300x102.png\" alt=\"\" class=\"wp-image-68542\"\/><\/figure>\n\n\n\n<h3 class=\"wp-block-heading\" id=\"ficha-tecnica\"><strong>Informa\u00e7\u00f5es sobre o c<\/strong>oncurso de Foz do Igua\u00e7u<\/h3>\n\n\n\n<p>\u25ba<strong>Inscri\u00e7\u00f5es<\/strong>: 06\/11 a 05\/12<br \/>\u25ba<strong>Provas<\/strong>: 12 de janeiro de 2020<br \/>\u25ba<strong>Vagas<\/strong>: 79<br \/>\u25ba<strong>Cargos<\/strong>: Diversos<br \/>\u25ba<strong>Banca<\/strong>: Fundatec<br \/>\u25ba<strong>Escolaridade<\/strong>: N\u00edvel m\u00e9dio, t\u00e9cnico e superior<br \/>\u25ba<strong>Edital<\/strong>:&nbsp;<a href=\"https:\/\/dhg1h5j42swfq.cloudfront.net\/2019\/11\/04083344\/edital-concurso-fozdoiguacu-01-2019.pdf\" target=\"_blank\" rel=\"noreferrer noopener\" aria-label=\"Edital Prefeitura Foz do Igua\u00e7u (abre numa nova aba)\">Edital Prefeitura Foz do Igua\u00e7u<\/a><\/p>\n\n\n\n<p><em>Ascom Estrat\u00e9gia<\/em><br \/>ascomestrategia@gmail.com<\/p>\n","protected":false},"excerpt":{"rendered":"<p>Provas previstas para o dia 12 de janeiro de 2020 O concurso p\u00fablico da Prefeitura Municipal de Foz do Igua\u00e7u, localizada no Estado do Paran\u00e1, encerrou o prazo de inscri\u00e7\u00f5es do seu processo seletivo. Ao todo s\u00e3o ofertadas 79 vagas distribu\u00eddas entre cargos de n\u00edvel m\u00e9dio, t\u00e9cnico e superior. Os interessados tiveram entre os dias [&hellip;]<\/p>\n","protected":false},"author":388,"featured_media":443658,"comment_status":"open","ping_status":"closed","sticky":false,"template":"","format":"standard","meta":{"post_tipo":"article","footnotes":""},"categories":[1],"tags":[],"tax_estado":[],"class_list":["post-443638","post","type-post","status-publish","format-standard","has-post-thumbnail","hentry","category-cursos-e-concursos"],"acf":[],"yoast_head":"<!-- This site is optimized with the Yoast SEO Premium plugin v27.2 (Yoast SEO v27.2) - https:\/\/yoast.com\/product\/yoast-seo-premium-wordpress\/ -->\n<title>Edital Foz do Igua\u00e7u: inscri\u00e7\u00f5es encerradas com 79 vagas<\/title>\n<meta name=\"robots\" content=\"index, follow, max-snippet:-1, max-image-preview:large, max-video-preview:-1\" \/>\n<link rel=\"canonical\" href=\"https:\/\/www.estrategiaconcursos.com.br\/blog\/edital-foz-do-iguacu\/\" \/>\n<meta property=\"og:locale\" content=\"pt_BR\" \/>\n<meta property=\"og:type\" content=\"article\" \/>\n<meta property=\"og:title\" content=\"Edital Foz do Igua\u00e7u: inscri\u00e7\u00f5es encerradas com 79 vagas\" \/>\n<meta property=\"og:description\" content=\"Provas previstas para o dia 12 de janeiro de 2020 O concurso p\u00fablico da Prefeitura Municipal de Foz do Igua\u00e7u, localizada no Estado do Paran\u00e1, encerrou o prazo de inscri\u00e7\u00f5es do seu processo seletivo. Ao todo s\u00e3o ofertadas 79 vagas distribu\u00eddas entre cargos de n\u00edvel m\u00e9dio, t\u00e9cnico e superior. Os interessados tiveram entre os dias [&hellip;]\" \/>\n<meta property=\"og:url\" content=\"https:\/\/www.estrategiaconcursos.com.br\/blog\/edital-foz-do-iguacu\/\" \/>\n<meta property=\"og:site_name\" content=\"Estrat\u00e9gia Concursos\" \/>\n<meta property=\"article:published_time\" content=\"2019-12-05T04:00:21+00:00\" \/>\n<meta property=\"article:modified_time\" content=\"2019-12-13T20:23:38+00:00\" \/>\n<meta property=\"og:image\" content=\"https:\/\/dhg1h5j42swfq.cloudfront.net\/2019\/11\/04102558\/saiu-edital-ec.jpeg\" \/>\n\t<meta property=\"og:image:width\" content=\"1200\" \/>\n\t<meta property=\"og:image:height\" content=\"628\" \/>\n\t<meta property=\"og:image:type\" content=\"image\/jpeg\" \/>\n<meta name=\"author\" content=\"Tiago Zanolla\" \/>\n<meta name=\"twitter:card\" content=\"summary_large_image\" \/>\n<meta name=\"twitter:creator\" content=\"@EstratConcursos\" \/>\n<meta name=\"twitter:site\" content=\"@EstratConcursos\" \/>\n<meta name=\"twitter:label1\" content=\"Escrito por\" \/>\n\t<meta name=\"twitter:data1\" content=\"Tiago Zanolla\" \/>\n\t<meta name=\"twitter:label2\" content=\"Est. tempo de leitura\" \/>\n\t<meta name=\"twitter:data2\" content=\"7 minutos\" \/>\n<script type=\"application\/ld+json\" class=\"yoast-schema-graph\">{\"@context\":\"https:\/\/schema.org\",\"@graph\":[{\"@type\":\"NewsArticle\",\"@id\":\"https:\/\/www.estrategiaconcursos.com.br\/blog\/edital-foz-do-iguacu\/#article\",\"isPartOf\":{\"@id\":\"https:\/\/www.estrategiaconcursos.com.br\/blog\/edital-foz-do-iguacu\/\"},\"author\":{\"name\":\"Tiago Zanolla\",\"@id\":\"https:\/\/www.estrategiaconcursos.com.br\/blog\/#\/schema\/person\/1509739fd92a40c9b52116de04a90310\"},\"headline\":\"Edital Foz do Igua\u00e7u: inscri\u00e7\u00f5es encerradas com 79 vagas\",\"datePublished\":\"2019-12-05T04:00:21+00:00\",\"dateModified\":\"2019-12-13T20:23:38+00:00\",\"mainEntityOfPage\":{\"@id\":\"https:\/\/www.estrategiaconcursos.com.br\/blog\/edital-foz-do-iguacu\/\"},\"wordCount\":1439,\"commentCount\":0,\"publisher\":{\"@id\":\"https:\/\/www.estrategiaconcursos.com.br\/blog\/#organization\"},\"image\":{\"@id\":\"https:\/\/www.estrategiaconcursos.com.br\/blog\/edital-foz-do-iguacu\/#primaryimage\"},\"thumbnailUrl\":\"https:\/\/dhg1h5j42swfq.cloudfront.net\/2019\/11\/04102558\/saiu-edital-ec.jpeg\",\"articleSection\":[\"Concursos P\u00fablicos\"],\"inLanguage\":\"pt-BR\",\"potentialAction\":[{\"@type\":\"CommentAction\",\"name\":\"Comment\",\"target\":[\"https:\/\/www.estrategiaconcursos.com.br\/blog\/edital-foz-do-iguacu\/#respond\"]}],\"copyrightYear\":\"2019\",\"copyrightHolder\":{\"@id\":\"https:\/\/www.estrategiaconcursos.com.br\/blog\/#organization\"}},{\"@type\":\"WebPage\",\"@id\":\"https:\/\/www.estrategiaconcursos.com.br\/blog\/edital-foz-do-iguacu\/\",\"url\":\"https:\/\/www.estrategiaconcursos.com.br\/blog\/edital-foz-do-iguacu\/\",\"name\":\"Edital Foz do Igua\u00e7u: inscri\u00e7\u00f5es encerradas com 79 vagas\",\"isPartOf\":{\"@id\":\"https:\/\/www.estrategiaconcursos.com.br\/blog\/#website\"},\"primaryImageOfPage\":{\"@id\":\"https:\/\/www.estrategiaconcursos.com.br\/blog\/edital-foz-do-iguacu\/#primaryimage\"},\"image\":{\"@id\":\"https:\/\/www.estrategiaconcursos.com.br\/blog\/edital-foz-do-iguacu\/#primaryimage\"},\"thumbnailUrl\":\"https:\/\/dhg1h5j42swfq.cloudfront.net\/2019\/11\/04102558\/saiu-edital-ec.jpeg\",\"datePublished\":\"2019-12-05T04:00:21+00:00\",\"dateModified\":\"2019-12-13T20:23:38+00:00\",\"breadcrumb\":{\"@id\":\"https:\/\/www.estrategiaconcursos.com.br\/blog\/edital-foz-do-iguacu\/#breadcrumb\"},\"inLanguage\":\"pt-BR\",\"potentialAction\":[{\"@type\":\"ReadAction\",\"target\":[\"https:\/\/www.estrategiaconcursos.com.br\/blog\/edital-foz-do-iguacu\/\"]}]},{\"@type\":\"ImageObject\",\"inLanguage\":\"pt-BR\",\"@id\":\"https:\/\/www.estrategiaconcursos.com.br\/blog\/edital-foz-do-iguacu\/#primaryimage\",\"url\":\"https:\/\/dhg1h5j42swfq.cloudfront.net\/2019\/11\/04102558\/saiu-edital-ec.jpeg\",\"contentUrl\":\"https:\/\/dhg1h5j42swfq.cloudfront.net\/2019\/11\/04102558\/saiu-edital-ec.jpeg\",\"width\":1200,\"height\":628,\"caption\":\"Concurso cfq\"},{\"@type\":\"BreadcrumbList\",\"@id\":\"https:\/\/www.estrategiaconcursos.com.br\/blog\/edital-foz-do-iguacu\/#breadcrumb\",\"itemListElement\":[{\"@type\":\"ListItem\",\"position\":1,\"name\":\"In\u00edcio\",\"item\":\"https:\/\/www.estrategiaconcursos.com.br\/blog\/\"},{\"@type\":\"ListItem\",\"position\":2,\"name\":\"Edital Foz do Igua\u00e7u: inscri\u00e7\u00f5es encerradas com 79 vagas\"}]},{\"@type\":\"WebSite\",\"@id\":\"https:\/\/www.estrategiaconcursos.com.br\/blog\/#website\",\"url\":\"https:\/\/www.estrategiaconcursos.com.br\/blog\/\",\"name\":\"Estrat\u00e9gia Concursos\",\"description\":\"O blog da Estrat\u00e9gia Concursos traz not\u00edcias sobre concursos e artigos de professores oferecendo cursos para concursos (pdf + videaulas) no site.\",\"publisher\":{\"@id\":\"https:\/\/www.estrategiaconcursos.com.br\/blog\/#organization\"},\"potentialAction\":[{\"@type\":\"SearchAction\",\"target\":{\"@type\":\"EntryPoint\",\"urlTemplate\":\"https:\/\/www.estrategiaconcursos.com.br\/blog\/?s={search_term_string}\"},\"query-input\":{\"@type\":\"PropertyValueSpecification\",\"valueRequired\":true,\"valueName\":\"search_term_string\"}}],\"inLanguage\":\"pt-BR\"},{\"@type\":\"Organization\",\"@id\":\"https:\/\/www.estrategiaconcursos.com.br\/blog\/#organization\",\"name\":\"Estrat\u00e9gia Concursos\",\"url\":\"https:\/\/www.estrategiaconcursos.com.br\/blog\/\",\"logo\":{\"@type\":\"ImageObject\",\"inLanguage\":\"pt-BR\",\"@id\":\"https:\/\/www.estrategiaconcursos.com.br\/blog\/#\/schema\/logo\/image\/\",\"url\":\"https:\/\/dhg1h5j42swfq.cloudfront.net\/2025\/06\/03203428\/logo_concursos-1.jpg\",\"contentUrl\":\"https:\/\/dhg1h5j42swfq.cloudfront.net\/2025\/06\/03203428\/logo_concursos-1.jpg\",\"width\":230,\"height\":60,\"caption\":\"Estrat\u00e9gia Concursos\"},\"image\":{\"@id\":\"https:\/\/www.estrategiaconcursos.com.br\/blog\/#\/schema\/logo\/image\/\"},\"sameAs\":[\"https:\/\/x.com\/EstratConcursos\"]},{\"@type\":\"Person\",\"@id\":\"https:\/\/www.estrategiaconcursos.com.br\/blog\/#\/schema\/person\/1509739fd92a40c9b52116de04a90310\",\"name\":\"Tiago Zanolla\",\"image\":{\"@type\":\"ImageObject\",\"inLanguage\":\"pt-BR\",\"@id\":\"https:\/\/secure.gravatar.com\/avatar\/e647cb200c21008603a1760df42f3f713d32dd977761568b5689c47f0b1747ee?s=96&d=mm&r=g\",\"url\":\"https:\/\/secure.gravatar.com\/avatar\/e647cb200c21008603a1760df42f3f713d32dd977761568b5689c47f0b1747ee?s=96&d=mm&r=g\",\"contentUrl\":\"https:\/\/secure.gravatar.com\/avatar\/e647cb200c21008603a1760df42f3f713d32dd977761568b5689c47f0b1747ee?s=96&d=mm&r=g\",\"caption\":\"Tiago Zanolla\"},\"url\":\"https:\/\/www.estrategiaconcursos.com.br\/blog\/author\/zanolla-estrategiagmail-com\/\"}]}<\/script>\n<!-- \/ Yoast SEO Premium plugin. -->","yoast_head_json":{"title":"Edital Foz do Igua\u00e7u: inscri\u00e7\u00f5es encerradas com 79 vagas","robots":{"index":"index","follow":"follow","max-snippet":"max-snippet:-1","max-image-preview":"max-image-preview:large","max-video-preview":"max-video-preview:-1"},"canonical":"https:\/\/www.estrategiaconcursos.com.br\/blog\/edital-foz-do-iguacu\/","og_locale":"pt_BR","og_type":"article","og_title":"Edital Foz do Igua\u00e7u: inscri\u00e7\u00f5es encerradas com 79 vagas","og_description":"Provas previstas para o dia 12 de janeiro de 2020 O concurso p\u00fablico da Prefeitura Municipal de Foz do Igua\u00e7u, localizada no Estado do Paran\u00e1, encerrou o prazo de inscri\u00e7\u00f5es do seu processo seletivo. Ao todo s\u00e3o ofertadas 79 vagas distribu\u00eddas entre cargos de n\u00edvel m\u00e9dio, t\u00e9cnico e superior. Os interessados tiveram entre os dias [&hellip;]","og_url":"https:\/\/www.estrategiaconcursos.com.br\/blog\/edital-foz-do-iguacu\/","og_site_name":"Estrat\u00e9gia Concursos","article_published_time":"2019-12-05T04:00:21+00:00","article_modified_time":"2019-12-13T20:23:38+00:00","og_image":[{"width":1200,"height":628,"url":"https:\/\/dhg1h5j42swfq.cloudfront.net\/2019\/11\/04102558\/saiu-edital-ec.jpeg","type":"image\/jpeg"}],"author":"Tiago Zanolla","twitter_card":"summary_large_image","twitter_creator":"@EstratConcursos","twitter_site":"@EstratConcursos","twitter_misc":{"Escrito por":"Tiago Zanolla","Est. tempo de leitura":"7 minutos"},"schema":{"@context":"https:\/\/schema.org","@graph":[{"@type":"NewsArticle","@id":"https:\/\/www.estrategiaconcursos.com.br\/blog\/edital-foz-do-iguacu\/#article","isPartOf":{"@id":"https:\/\/www.estrategiaconcursos.com.br\/blog\/edital-foz-do-iguacu\/"},"author":{"name":"Tiago Zanolla","@id":"https:\/\/www.estrategiaconcursos.com.br\/blog\/#\/schema\/person\/1509739fd92a40c9b52116de04a90310"},"headline":"Edital Foz do Igua\u00e7u: inscri\u00e7\u00f5es encerradas com 79 vagas","datePublished":"2019-12-05T04:00:21+00:00","dateModified":"2019-12-13T20:23:38+00:00","mainEntityOfPage":{"@id":"https:\/\/www.estrategiaconcursos.com.br\/blog\/edital-foz-do-iguacu\/"},"wordCount":1439,"commentCount":0,"publisher":{"@id":"https:\/\/www.estrategiaconcursos.com.br\/blog\/#organization"},"image":{"@id":"https:\/\/www.estrategiaconcursos.com.br\/blog\/edital-foz-do-iguacu\/#primaryimage"},"thumbnailUrl":"https:\/\/dhg1h5j42swfq.cloudfront.net\/2019\/11\/04102558\/saiu-edital-ec.jpeg","articleSection":["Concursos P\u00fablicos"],"inLanguage":"pt-BR","potentialAction":[{"@type":"CommentAction","name":"Comment","target":["https:\/\/www.estrategiaconcursos.com.br\/blog\/edital-foz-do-iguacu\/#respond"]}],"copyrightYear":"2019","copyrightHolder":{"@id":"https:\/\/www.estrategiaconcursos.com.br\/blog\/#organization"}},{"@type":"WebPage","@id":"https:\/\/www.estrategiaconcursos.com.br\/blog\/edital-foz-do-iguacu\/","url":"https:\/\/www.estrategiaconcursos.com.br\/blog\/edital-foz-do-iguacu\/","name":"Edital Foz do Igua\u00e7u: inscri\u00e7\u00f5es encerradas com 79 vagas","isPartOf":{"@id":"https:\/\/www.estrategiaconcursos.com.br\/blog\/#website"},"primaryImageOfPage":{"@id":"https:\/\/www.estrategiaconcursos.com.br\/blog\/edital-foz-do-iguacu\/#primaryimage"},"image":{"@id":"https:\/\/www.estrategiaconcursos.com.br\/blog\/edital-foz-do-iguacu\/#primaryimage"},"thumbnailUrl":"https:\/\/dhg1h5j42swfq.cloudfront.net\/2019\/11\/04102558\/saiu-edital-ec.jpeg","datePublished":"2019-12-05T04:00:21+00:00","dateModified":"2019-12-13T20:23:38+00:00","breadcrumb":{"@id":"https:\/\/www.estrategiaconcursos.com.br\/blog\/edital-foz-do-iguacu\/#breadcrumb"},"inLanguage":"pt-BR","potentialAction":[{"@type":"ReadAction","target":["https:\/\/www.estrategiaconcursos.com.br\/blog\/edital-foz-do-iguacu\/"]}]},{"@type":"ImageObject","inLanguage":"pt-BR","@id":"https:\/\/www.estrategiaconcursos.com.br\/blog\/edital-foz-do-iguacu\/#primaryimage","url":"https:\/\/dhg1h5j42swfq.cloudfront.net\/2019\/11\/04102558\/saiu-edital-ec.jpeg","contentUrl":"https:\/\/dhg1h5j42swfq.cloudfront.net\/2019\/11\/04102558\/saiu-edital-ec.jpeg","width":1200,"height":628,"caption":"Concurso cfq"},{"@type":"BreadcrumbList","@id":"https:\/\/www.estrategiaconcursos.com.br\/blog\/edital-foz-do-iguacu\/#breadcrumb","itemListElement":[{"@type":"ListItem","position":1,"name":"In\u00edcio","item":"https:\/\/www.estrategiaconcursos.com.br\/blog\/"},{"@type":"ListItem","position":2,"name":"Edital Foz do Igua\u00e7u: inscri\u00e7\u00f5es encerradas com 79 vagas"}]},{"@type":"WebSite","@id":"https:\/\/www.estrategiaconcursos.com.br\/blog\/#website","url":"https:\/\/www.estrategiaconcursos.com.br\/blog\/","name":"Estrat\u00e9gia Concursos","description":"O blog da Estrat\u00e9gia Concursos traz not\u00edcias sobre concursos e artigos de professores oferecendo cursos para concursos (pdf + videaulas) no site.","publisher":{"@id":"https:\/\/www.estrategiaconcursos.com.br\/blog\/#organization"},"potentialAction":[{"@type":"SearchAction","target":{"@type":"EntryPoint","urlTemplate":"https:\/\/www.estrategiaconcursos.com.br\/blog\/?s={search_term_string}"},"query-input":{"@type":"PropertyValueSpecification","valueRequired":true,"valueName":"search_term_string"}}],"inLanguage":"pt-BR"},{"@type":"Organization","@id":"https:\/\/www.estrategiaconcursos.com.br\/blog\/#organization","name":"Estrat\u00e9gia Concursos","url":"https:\/\/www.estrategiaconcursos.com.br\/blog\/","logo":{"@type":"ImageObject","inLanguage":"pt-BR","@id":"https:\/\/www.estrategiaconcursos.com.br\/blog\/#\/schema\/logo\/image\/","url":"https:\/\/dhg1h5j42swfq.cloudfront.net\/2025\/06\/03203428\/logo_concursos-1.jpg","contentUrl":"https:\/\/dhg1h5j42swfq.cloudfront.net\/2025\/06\/03203428\/logo_concursos-1.jpg","width":230,"height":60,"caption":"Estrat\u00e9gia Concursos"},"image":{"@id":"https:\/\/www.estrategiaconcursos.com.br\/blog\/#\/schema\/logo\/image\/"},"sameAs":["https:\/\/x.com\/EstratConcursos"]},{"@type":"Person","@id":"https:\/\/www.estrategiaconcursos.com.br\/blog\/#\/schema\/person\/1509739fd92a40c9b52116de04a90310","name":"Tiago Zanolla","image":{"@type":"ImageObject","inLanguage":"pt-BR","@id":"https:\/\/secure.gravatar.com\/avatar\/e647cb200c21008603a1760df42f3f713d32dd977761568b5689c47f0b1747ee?s=96&d=mm&r=g","url":"https:\/\/secure.gravatar.com\/avatar\/e647cb200c21008603a1760df42f3f713d32dd977761568b5689c47f0b1747ee?s=96&d=mm&r=g","contentUrl":"https:\/\/secure.gravatar.com\/avatar\/e647cb200c21008603a1760df42f3f713d32dd977761568b5689c47f0b1747ee?s=96&d=mm&r=g","caption":"Tiago Zanolla"},"url":"https:\/\/www.estrategiaconcursos.com.br\/blog\/author\/zanolla-estrategiagmail-com\/"}]}},"_links":{"self":[{"href":"https:\/\/www.estrategiaconcursos.com.br\/blog\/wp-json\/wp\/v2\/posts\/443638","targetHints":{"allow":["GET"]}}],"collection":[{"href":"https:\/\/www.estrategiaconcursos.com.br\/blog\/wp-json\/wp\/v2\/posts"}],"about":[{"href":"https:\/\/www.estrategiaconcursos.com.br\/blog\/wp-json\/wp\/v2\/types\/post"}],"author":[{"embeddable":true,"href":"https:\/\/www.estrategiaconcursos.com.br\/blog\/wp-json\/wp\/v2\/users\/388"}],"replies":[{"embeddable":true,"href":"https:\/\/www.estrategiaconcursos.com.br\/blog\/wp-json\/wp\/v2\/comments?post=443638"}],"version-history":[{"count":10,"href":"https:\/\/www.estrategiaconcursos.com.br\/blog\/wp-json\/wp\/v2\/posts\/443638\/revisions"}],"predecessor-version":[{"id":460330,"href":"https:\/\/www.estrategiaconcursos.com.br\/blog\/wp-json\/wp\/v2\/posts\/443638\/revisions\/460330"}],"wp:featuredmedia":[{"embeddable":true,"href":"https:\/\/www.estrategiaconcursos.com.br\/blog\/wp-json\/wp\/v2\/media\/443658"}],"wp:attachment":[{"href":"https:\/\/www.estrategiaconcursos.com.br\/blog\/wp-json\/wp\/v2\/media?parent=443638"}],"wp:term":[{"taxonomy":"category","embeddable":true,"href":"https:\/\/www.estrategiaconcursos.com.br\/blog\/wp-json\/wp\/v2\/categories?post=443638"},{"taxonomy":"post_tag","embeddable":true,"href":"https:\/\/www.estrategiaconcursos.com.br\/blog\/wp-json\/wp\/v2\/tags?post=443638"},{"taxonomy":"tax_estado","embeddable":true,"href":"https:\/\/www.estrategiaconcursos.com.br\/blog\/wp-json\/wp\/v2\/tax_estado?post=443638"}],"curies":[{"name":"wp","href":"https:\/\/api.w.org\/{rel}","templated":true}]}}