{"id":44356,"date":"2016-07-25T08:13:33","date_gmt":"2016-07-25T11:13:33","guid":{"rendered":"https:\/\/www.estrategiaconcursos.com.br\/blog\/?p=44356"},"modified":"2023-04-19T10:31:17","modified_gmt":"2023-04-19T13:31:17","slug":"concurso-aft-bate-papo-sobre-carreira","status":"publish","type":"post","link":"https:\/\/www.estrategiaconcursos.com.br\/blog\/concurso-aft-bate-papo-sobre-carreira\/","title":{"rendered":"[Concurso AFT] Bate-papo sobre a carreira"},"content":{"rendered":"<p>Ol\u00e1 a todos!<\/p>\n<p>Caso ainda n\u00e3o saibam o <span style=\"color: #ff0000;\">Estrat\u00e9gia Concursos<\/span> far\u00e1 a <strong>Semana Especial AFT<\/strong> (dias 01, 02, 03 e 04 de agosto de 2016) e nessa semana voc\u00eas ter\u00e3o todas as informa\u00e7\u00f5es importantes para esse certame.<\/p>\n<p>Ser\u00e1 um dos v\u00e1rios webin\u00e1rios da <strong>Semana Especial AFT<\/strong>, focada em lhe passar tudo sobre o concurso de AFT.<br \/>\nPara acompanhar, basta clicar no banner abaixo e preencher seus dados, inscrevendo gratuitamente:<\/p>\n<p>Pensando nisso, estamos adiantando aqui um bate-papo sobre a carreira. Vamos fazer isso por meio de perguntas e respostas para facilitar o entendimento.<\/p>\n<p><span style=\"color: #0000ff;\"><strong>O que \u00e9 o Minist\u00e9rio do Trabalho?<\/strong><\/span><br \/>\nO Minist\u00e9rio do Trabalho foi criado em 1930 no governo de Get\u00falio Vargas.<br \/>\nFalando de forma bem resumida, esse minist\u00e9rio cuida das rela\u00e7\u00f5es de trabalho dos brasileiros. Mas n\u00e3o de todos os brasileiros. De forma bem simples, podemos dizer que o Minist\u00e9rio do Trabalho cuida dos trabalhadores regidos pela CLT (Consolida\u00e7\u00e3o das Leis do Trabalho).<br \/>\nAinda de forma resumida podemos citar alguns objetivos do Minist\u00e9rio do Trabalho: criar pol\u00edticas b\u00e1sicas para a gera\u00e7\u00e3o de emprego e renda; contribuir com os avan\u00e7os das rela\u00e7\u00f5es de trabalho; combater o trabalho escravo, combater o trabalho infantil, combater a informalidade; fiscalizar normas de seguran\u00e7a e sa\u00fade no trabalho.<\/p>\n<p><span style=\"color: #0000ff;\"><strong>Quais os cargos p\u00fablicos existentes no Minist\u00e9rio do Trabalho?<\/strong><\/span><br \/>\nDentro do Minist\u00e9rio do Trabalho temos v\u00e1rios cargos. No entanto, o que interessa para a grande maioria dos concurseiros \u00e9 o cargo de Auditor-Fiscal do Trabalho.<\/p>\n<p><span style=\"color: #0000ff;\"><strong>Qual a remunera\u00e7\u00e3o de Auditor-Fiscal do Trabalho?<\/strong><\/span><br \/>\nNa tabela que est\u00e1 em vigor, enquanto escrevemos este artigo, a remunera\u00e7\u00e3o inicial do Auditor-Fiscal do Trabalho \u00e9 de R$ 15.743,64 e a final \u00e9 de R$ 22.516,88.<br \/>\nContudo, em virtude das negocia\u00e7\u00f5es com o governo, a categoria espera que essa remunera\u00e7\u00e3o tenha um consider\u00e1vel aumento. O Prof. Ali Mohamad Jaha (aqui do <span style=\"color: #ff0000;\">Estrat\u00e9gia Concursos<\/span>), com base nas informa\u00e7\u00f5es sobre as negocia\u00e7\u00f5es, fez uma proje\u00e7\u00e3o de como poder\u00e1 ficar a remunera\u00e7\u00e3o dos Auditores-Fiscais do Trabalho. Segundo ele, o inicial poder\u00e1 ficar em torno de R$ 19.879,00 e o final em torno de R$ 30.600,00.<br \/>\nAbaixo seguem as tabelas para melhor visualiza\u00e7\u00e3o<\/p>\n<p><img loading=\"lazy\" decoding=\"async\" class=\"alignnone\" src=\"https:\/\/dhg1h5j42swfq.cloudfront.net\/2016\/04\/20134657\/salarioAuditor.png\" width=\"247\" height=\"300\" \/><\/p>\n<p><span style=\"color: #00ccff;\">Tabela de Remunera\u00e7\u00e3o dos Servidores P\u00fablicos Federais Civis e dos Ex-Territ\u00f3rios<\/span><br \/>\n<span style=\"color: #00ccff;\"> Fonte: site do Minist\u00e9rio do Planejamento<\/span><\/p>\n<p><img loading=\"lazy\" decoding=\"async\" class=\"alignnone\" src=\"https:\/\/dhg1h5j42swfq.cloudfront.net\/2016\/03\/28152421\/AFT-TAB-2017.png\" width=\"660\" height=\"321\" \/><\/p>\n<p><span style=\"color: #00ccff;\">Tabela de proje\u00e7\u00e3o para a remunera\u00e7\u00e3o do Auditor-Fiscal do Trabalho em 2017. Autor: Prof. Ali Mohamad Jaha<\/span><br \/>\n<span style=\"color: #00ccff;\"> Fonte: https:\/\/www.estrategiaconcursos.com.br\/blog\/auditor-fiscal-do-trabalho-um-novo-e-interessantissimo-cargo-em-2017-2\/<\/span><\/p>\n<p><span style=\"color: #0000ff;\"><strong>Como \u00e9 a rotina de trabalho de um Auditor-Fiscal do Trabalho?<\/strong><\/span><br \/>\nA rotina de trabalho de um Auditor-Fiscal do Trabalho depender\u00e1 muito da sua lota\u00e7\u00e3o. Por exemplo, se o auditor estiver lotado no Estado do Mato Grosso poder\u00e1 atuar fiscalizando, por exemplo, frigor\u00edficos e fazendas. J\u00e1, se estiver na cidade de Santos-SP poder\u00e1 atuar fiscalizando a \u00e1rea portu\u00e1ria.<br \/>\nEnt\u00e3o, podemos ter auditores fiscalizando com\u00e9rcio, constru\u00e7\u00e3o civil, fazendas, portos, aeroportos, caminh\u00f5es nas estradas, hospitais, ind\u00fastrias, e por a\u00ed vai.<br \/>\nDe forma bem simples, onde houver trabalhador regido pela CLT, poder\u00e1 haver atua\u00e7\u00e3o do Auditor-Fiscal do Trabalho.<\/p>\n<p><span style=\"color: #0000ff;\"><strong>Como \u00e9 a minha rotina?<\/strong><\/span><br \/>\nAtualmente, estou lotado em Rond\u00f4nia, na Superintend\u00eancia Regional do Trabalho e Emprego, na cidade Porto Velho.<br \/>\nTrabalho no N\u00facleo de Seguran\u00e7a e Sa\u00fade do Trabalho.<br \/>\nNesse n\u00facleo, trabalhamos fiscalizando com\u00e9rcio, ind\u00fastrias, constru\u00e7\u00e3o civil (edifica\u00e7\u00f5es), constru\u00e7\u00e3o pesada (infraestrutura), hospitais, etc.<br \/>\nVou falar um pouco da minha rotina \u201cmensal\u201d.<br \/>\nNo in\u00edcio do m\u00eas, os Auditores-Fiscais do Trabalho do meu n\u00facleo recebem em torno de 10 (dez) ordens de servi\u00e7o. Assim, preferencialmente at\u00e9 o final do m\u00eas essas ordens de servi\u00e7os devem ser cumpridas.<br \/>\nPor que preferencialmente?<br \/>\nPorque temos um prazo maior para concluir a fiscaliza\u00e7\u00e3o. Esse prazo pode ser de 4 (quatro) meses ou um pouquinho mais. \u00c9 complicado explicar isso agora. Quando voc\u00eas estiverem trabalhando no cargo ficar\u00e3o inteirados desse prazo com mais detalhes.<br \/>\nEssas 10 (dez) ordens de servi\u00e7os podem aumentar se aparecer alguma urg\u00eancia como, por exemplo, um acidente de trabalho.<br \/>\nAssim, dentro do m\u00eas temos que nos planejar para cumprir o trabalho, pois no in\u00edcio do outro m\u00eas l\u00e1 vem mais 10 (dez) ordens de servi\u00e7os. No final de um ano de trabalho, no meu n\u00facleo, cada auditor ter\u00e1 fiscalizado mais de 110 estabelecimentos.<br \/>\nAntes de sairmos para uma fiscaliza\u00e7\u00e3o, temos que planej\u00e1-la: verificar as informa\u00e7\u00f5es do empregador nos sistemas informatizados, verificar o endere\u00e7o, verificar se j\u00e1 houve fiscaliza\u00e7\u00e3o anterior, verificar se j\u00e1 houve algum tipo de embara\u00e7o na fiscaliza\u00e7\u00e3o anterior, verificar se h\u00e1 perigo e se precisa de ajuda policial, solicitar viatura, estudar alguma NR mais detalhadamente dependendo da fiscaliza\u00e7\u00e3o, etc.<br \/>\nDurante a fiscaliza\u00e7\u00e3o, inspecionamos o estabelecimento verificando documentos, condi\u00e7\u00f5es de seguran\u00e7a e sa\u00fade, conversando com o empregador, conversando com os empregados, conversando com terceiros, etc.<br \/>\nAp\u00f3s a fiscaliza\u00e7\u00e3o, analisamos documentos solicitados na inspe\u00e7\u00e3o f\u00edsica, voltamos a verificar os sistemas informatizados do minist\u00e9rio, elaboramos relat\u00f3rios e autos de infra\u00e7\u00e3o, voltamos a ter contato com o empregador para entregar notifica\u00e7\u00f5es e autos de infra\u00e7\u00e3o, informamos o resultado da fiscaliza\u00e7\u00e3o nos sistemas de fiscaliza\u00e7\u00e3o do minist\u00e9rio.<br \/>\nAl\u00e9m disso, ainda temos reuni\u00f5es de trabalho com as chefias e prestamos aux\u00edlio aos trabalhadores por meio de um plant\u00e3o fiscal. Aqui em Rond\u00f4nia, cada Auditor-Fiscal \u00e9 escalado para em um dia do m\u00eas estar no plant\u00e3o fiscal.<\/p>\n<p><span style=\"color: #0000ff;\"><strong>Qual a jornada di\u00e1ria de trabalho?<\/strong><\/span><br \/>\nA jornada de trabalho di\u00e1rio de um Auditor-Fiscal do Trabalho deve ser de 8 (oito) horas di\u00e1rias e 40 (quarenta) horas semanais, conforme a Lei 8.112\/90. No entanto, n\u00e3o \u00e9 isso que acontece na pr\u00e1tica.<br \/>\nVamos falar um pouco disso.<br \/>\nA grande maioria dos Auditores-Fiscais do Trabalho \u00e9 dispensada de \u201cbater ponto\u201d. No entanto, alguns auditores com cargo de chefia t\u00eam que \u201cbater ponto\u201d e cumprir a jornada prevista na lei.<br \/>\nOs auditores que n\u00e3o batem ponto t\u00eam fun\u00e7\u00e3o externa. Falando no popular, eles t\u00eam que ir para a rua e fiscalizar. Assim, esses auditores planejam o seu dia de trabalho, conforme a necessidade do trabalho. Alguns\u00a0dias trabalham mais de 8 (oito) horas; outros dias compensam o que foi trabalhado a mais.<br \/>\nEnt\u00e3o, para os auditores externos n\u00e3o h\u00e1 uma regra fixa que determine que ele tenha que trabalhar no hor\u00e1rio comercial (8h at\u00e9 12h | 14h at\u00e9 18h). Os \u201cexternos\u201d planejam o seu hor\u00e1rio de trabalho de acordo com as exig\u00eancias das suas ordens de servi\u00e7o. Por exemplo, se o auditor recebe ordens de servi\u00e7o para fiscalizar bares e restaurantes, fatalmente alguns desses estabelecimentos trabalhar\u00e1 em hor\u00e1rio noturno e o auditor ter\u00e1 que comparecer nesses locais no hor\u00e1rio noturno para verificar as condi\u00e7\u00f5es de trabalho dos empregados.<br \/>\nPara quem est\u00e1 de fora, parece que os \u201cexternos\u201d t\u00eam liberdade (n\u00e3o tem hora para entrar, n\u00e3o tem hora para sair), mas n\u00e3o \u00e9 bem assim. O auditor tem que ter um senso de organiza\u00e7\u00e3o e planejamento para que ele consiga cumprir suas 40 horas semanais e entregar suas fiscaliza\u00e7\u00f5es dentro do prazo legal.<\/p>\n<p><span style=\"color: #0000ff;\"><strong>Como funcionam as horas extras? Existe banco de horas?<\/strong><\/span><br \/>\nPara os Auditores-Fiscais do Trabalho que batem ponto h\u00e1 uma esp\u00e9cie de banco de horas. N\u00e3o h\u00e1 pagamento de horas extras.<br \/>\nPara os Auditores-Fiscais do Trabalho \u201cexternos\u201d cada um controla as suas horas. Pode trabalhar mais num dia e compensar no outro, e vice-versa.<\/p>\n<p><span style=\"color: #0000ff;\"><strong>Como \u00e9 feita a lota\u00e7\u00e3o inicial?<\/strong><\/span><br \/>\nA lota\u00e7\u00e3o inicial de um Auditor-Fiscal do Trabalho depende das vagas oferecidas no concurso p\u00fablico. Para se definir essas vagas \u00e9 feito um concurso de remo\u00e7\u00e3o interno. Nessa remo\u00e7\u00e3o os servidores em exerc\u00edcio podem escolher novas lota\u00e7\u00f5es. Assim, ap\u00f3s essa movimenta\u00e7\u00e3o os locais que perderam servidores ganham a oportunidade de receber os novos servidores.<br \/>\nNos \u00faltimos concursos, a maioria das vagas tem sido para a regi\u00e3o Norte.<br \/>\nMuitos candidatos \u201ctorcem o nariz\u201d quando se fala em regi\u00e3o Norte. No entanto, por experi\u00eancia pessoal e relatos de colegas, podemos afirmar que as lota\u00e7\u00f5es iniciais do cargo Auditor-Fiscal do Trabalho na regi\u00e3o Norte est\u00e3o entre as melhores dos concursos \u201ctop\u201d do Brasil.<br \/>\nVamos exemplificar isso.<br \/>\nAs vagas oferecidas aos Auditores-Fiscais do Trabalho na regi\u00e3o Norte s\u00e3o quase todas em capitais. Essas cidades possuem uma boa estrutura: boas escolas, bons mercados, bons centros comerciais, bons restaurantes, etc. Al\u00e9m disso, todas as capitais do Norte possuem aeroportos que possibilitam chegar a outras partes do Brasil de forma r\u00e1pida.<\/p>\n<p><span style=\"color: #0000ff;\"><strong>Como \u00e9 feita a escolha da lota\u00e7\u00e3o inicial pelo candidato aprovado?<\/strong><\/span><br \/>\nA escolha das cidades para a lota\u00e7\u00e3o inicial \u00e9 feita de acordo com a classifica\u00e7\u00e3o final do candidato aprovado no concurso. Assim, o primeiro colocado tem o direito de escolher em primeiro lugar. Ap\u00f3s esse candidato ter feito sua escolha, o segundo colocado faz a sua op\u00e7\u00e3o. Ap\u00f3s o segundo ter escolhido, o terceiro escolhe sua lota\u00e7\u00e3o. E assim por diante.<br \/>\n\u00c9 claro que n\u00e3o se chama candidato a candidato para fazer essa escolha. A escolha \u00e9 feita por meio de uma lista de escolha de cidades. Os candidatos aprovados recebem a lista de cidades em que h\u00e1 vagas e preenchem um formul\u00e1rio onde colocam as cidades de acordo com a sua prefer\u00eancia.<\/p>\n<p><span style=\"color: #0000ff;\"><strong>Quais os crit\u00e9rios para remo\u00e7\u00e3o?<\/strong><\/span><br \/>\nA remo\u00e7\u00e3o do Auditor-Fiscal do Trabalho, segundo as normas de hoje, depende apenas do tempo de trabalho no cargo, ou seja, quem \u00e9 mais velho \u201cna casa\u201d tem prefer\u00eancia sobre o mais novo. Em outras palavras, na remo\u00e7\u00e3o os mais velhos escolhem em primeiro lugar.<br \/>\nTamb\u00e9m pode haver remo\u00e7\u00e3o do Auditor-Fiscal do Trabalho sem um concurso de remo\u00e7\u00e3o interno. Isso pode acontecer por vontade da administra\u00e7\u00e3o central quando, por exemplo, nomeia um auditor para assumir uma chefia em localidade diferente da lota\u00e7\u00e3o em que ele est\u00e1 em exerc\u00edcio.<\/p>\n<p><span style=\"color: #0000ff;\"><strong>Existe a possibilidade do &#8220;home office&#8221;?<\/strong><\/span><br \/>\nSim, existe essa possibilidade. No Minist\u00e9rio do Trabalho, dentro da Secretaria de Inspe\u00e7\u00e3o do Trabalho, temos um setor que trabalha com multas e recursos.<br \/>\nEm palavras bem simples, esse setor \u201cjulga os autos de infra\u00e7\u00e3o\u201d. \u00c9 mais ou menos assim, o auditor dentro de uma fiscaliza\u00e7\u00e3o autua uma empresa (d\u00e1 para ela um auto de infra\u00e7\u00e3o). A empresa n\u00e3o concorda e entra com um recurso contra o auto de infra\u00e7\u00e3o. Ent\u00e3o, tem que existir algu\u00e9m para analisar o pedido da empresa. \u00c9 a\u00ed que entra o setor de multa e recursos.<br \/>\nO julgamento dos recursos \u00e9 feito por Auditores-Fiscais do Trabalho. N\u00f3s chamamos esses colegas de analistas.<br \/>\nEm alguns lugares os analistas podem analisar os recursos onde eles acharem melhor. Podem fazer isso dentro da reparti\u00e7\u00e3o, podem fazer isso na casa, podem fazer isso numa biblioteca. Enfim, em alguns lugares o auditor tem a liberdade de escolher o local para fazer essa an\u00e1lise.<br \/>\nA\u00ed \u00e9 que entra o \u201chome office\u201d.<br \/>\nNo entanto, \u00e9 importante deixar claro que isso n\u00e3o acontece em todas as unidades do Minist\u00e9rio do Trabalho. Isso fica a crit\u00e9rio da chefia local.<br \/>\nTamb\u00e9m \u00e9 importante deixar claro que o Minist\u00e9rio do Trabalho n\u00e3o cobre os custos de quem trabalha em casa. Ele n\u00e3o paga internet, energia el\u00e9trica, telefone, papel, tinta de impressora, computadores. Esses custos ficam por conta do auditor.<\/p>\n<p><span style=\"color: #0000ff;\"><strong>Qual a forma\u00e7\u00e3o necess\u00e1ria para assumir o cargo de Auditor-Fiscal do Trabalho?<\/strong><\/span><br \/>\nEssa \u00e9 uma pergunta frequente, pois em concursos passados exigia forma\u00e7\u00e3o espec\u00edfica em algumas \u00e1reas. Por\u00e9m, no \u00faltimo concurso, foi exigido apenas curso superior reconhecido pelo Minist\u00e9rio da Educa\u00e7\u00e3o.<\/p>\n<p><span style=\"color: #0000ff;\"><strong>Quais caracter\u00edsticas principais de quem deseja assumir a fun\u00e7\u00e3o e forma\u00e7\u00e3o necess\u00e1ria?<\/strong><\/span><br \/>\nN\u00e3o d\u00e1 para apontar e dizer que determinada pessoa n\u00e3o tem o \u201cperfil\u201d para ser um Auditor-Fiscal do Trabalho, pois dentro do cargo h\u00e1 v\u00e1rias \u00e1reas para se trabalhar. Por exemplo, h\u00e1 trabalho interno, h\u00e1 trabalho externo, h\u00e1 trabalho com aprendizagem, h\u00e1 trabalho com pessoas portadoras de defici\u00eancia, h\u00e1 trabalho com FGTS, h\u00e1 combate ao trabalho infantil, etc. \u00c0s vezes, \u00e9 preciso dar palestras ou participar de reuni\u00f5es com outros \u00f3rg\u00e3os. \u00c0s vezes, \u00e9 preciso participar de investiga\u00e7\u00f5es para descobrir trabalho escravo. E assim vai.<\/p>\n<p><span style=\"color: #0000ff;\"><strong>O trabalho do Auditor-Fiscal do Trabalho \u00e9 perigoso?<\/strong><\/span><br \/>\nN\u00e3o existe trabalho que n\u00e3o exista algum tipo de risco. O trabalho do Auditor-Fiscal do Trabalho pode ser mais ou menos perigoso dependendo da lota\u00e7\u00e3o e da atividade que ele exerce.<br \/>\nPor exemplo, o Auditor-Fiscal do Trabalho pode estar lotado na cidade mais violenta do pa\u00eds e n\u00e3o correr grandes riscos, quando tem uma fun\u00e7\u00e3o interna. J\u00e1 o auditor pode estar lotado no estado mais calmo do pa\u00eds e enfrentar uma situa\u00e7\u00e3o de risco ao, por exemplo, fazer um resgate de trabalho escravo.<br \/>\nNo entanto, \u00e9 importante deixar claro que as nossas a\u00e7\u00f5es, pelo no meu estado \u00e9 assim, s\u00e3o planejadas para expor o menos poss\u00edvel os auditores a qualquer tipo de risco. Por exemplo, as a\u00e7\u00f5es de combate ao trabalho escravo s\u00e3o realizadas apenas quando h\u00e1 apoio da Pol\u00edcia Federal ou da Pol\u00edcia Rodovi\u00e1ria Federal.<br \/>\nAl\u00e9m disso, a Secretaria de Inspe\u00e7\u00e3o do Trabalho est\u00e1 trabalhando em um protocolo\u00a0de seguran\u00e7a para o trabalho do auditor. Esse protocolo\u00a0trar\u00e1 v\u00e1rias medidas que dever\u00e3o ser efetuadas antes das fiscaliza\u00e7\u00f5es. O protocolo\u00a0dever\u00e1 melhor ainda mais o nosso trabalho de campo.<\/p>\n<p>Pessoal, \u00e9 isso que temos por hoje.<\/p>\n<p>Esperamos contar com a presen\u00e7a de todas na <strong>Semana Especial AFT<\/strong>. L\u00e1, voc\u00eas ter\u00e3o v\u00e1rias outras informa\u00e7\u00f5es sobre a nossa carreira.<\/p>\n","protected":false},"excerpt":{"rendered":"<p>Ol\u00e1 a todos! Caso ainda n\u00e3o saibam o Estrat\u00e9gia Concursos far\u00e1 a Semana Especial AFT (dias 01, 02, 03 e 04 de agosto de 2016) e nessa semana voc\u00eas ter\u00e3o todas as informa\u00e7\u00f5es importantes para esse certame. Ser\u00e1 um dos v\u00e1rios webin\u00e1rios da Semana Especial AFT, focada em lhe passar tudo sobre o concurso de [&hellip;]<\/p>\n","protected":false},"author":121,"featured_media":0,"comment_status":"open","ping_status":"open","sticky":false,"template":"","format":"standard","meta":{"post_tipo":"article","footnotes":""},"categories":[1],"tags":[542,1986],"tax_estado":[],"class_list":["post-44356","post","type-post","status-publish","format-standard","hentry","category-cursos-e-concursos","tag-aft","tag-auditor-fiscal-do-trabalho"],"acf":[],"yoast_head":"<!-- This site is optimized with the Yoast SEO Premium plugin v27.2 (Yoast SEO v27.2) - https:\/\/yoast.com\/product\/yoast-seo-premium-wordpress\/ -->\n<title>[Concurso AFT] Bate-papo sobre a carreira<\/title>\n<meta name=\"robots\" content=\"index, follow, max-snippet:-1, max-image-preview:large, max-video-preview:-1\" \/>\n<link rel=\"canonical\" href=\"https:\/\/www.estrategiaconcursos.com.br\/blog\/concurso-aft-bate-papo-sobre-carreira\/\" \/>\n<meta property=\"og:locale\" content=\"pt_BR\" \/>\n<meta property=\"og:type\" content=\"article\" \/>\n<meta property=\"og:title\" content=\"[Concurso AFT] Bate-papo sobre a carreira\" \/>\n<meta property=\"og:description\" content=\"Ol\u00e1 a todos! Caso ainda n\u00e3o saibam o Estrat\u00e9gia Concursos far\u00e1 a Semana Especial AFT (dias 01, 02, 03 e 04 de agosto de 2016) e nessa semana voc\u00eas ter\u00e3o todas as informa\u00e7\u00f5es importantes para esse certame. Ser\u00e1 um dos v\u00e1rios webin\u00e1rios da Semana Especial AFT, focada em lhe passar tudo sobre o concurso de [&hellip;]\" \/>\n<meta property=\"og:url\" content=\"https:\/\/www.estrategiaconcursos.com.br\/blog\/concurso-aft-bate-papo-sobre-carreira\/\" \/>\n<meta property=\"og:site_name\" content=\"Estrat\u00e9gia Concursos\" \/>\n<meta property=\"article:published_time\" content=\"2016-07-25T11:13:33+00:00\" \/>\n<meta property=\"article:modified_time\" content=\"2023-04-19T13:31:17+00:00\" \/>\n<meta property=\"og:image\" content=\"https:\/\/www.estrategiaconcursos.com.br\/blog\/wp-content\/uploads\/2016\/04\/salarioAuditor.png\" \/>\n<meta name=\"author\" content=\"Adino\u00e9l Sebasti\u00e3o\" \/>\n<meta name=\"twitter:card\" content=\"summary_large_image\" \/>\n<meta name=\"twitter:creator\" content=\"@EstratConcursos\" \/>\n<meta name=\"twitter:site\" content=\"@EstratConcursos\" \/>\n<meta name=\"twitter:label1\" content=\"Escrito por\" \/>\n\t<meta name=\"twitter:data1\" content=\"Adino\u00e9l Sebasti\u00e3o\" \/>\n\t<meta name=\"twitter:label2\" content=\"Est. tempo de leitura\" \/>\n\t<meta name=\"twitter:data2\" content=\"12 minutos\" \/>\n<script type=\"application\/ld+json\" class=\"yoast-schema-graph\">{\"@context\":\"https:\/\/schema.org\",\"@graph\":[{\"@type\":\"NewsArticle\",\"@id\":\"https:\/\/www.estrategiaconcursos.com.br\/blog\/concurso-aft-bate-papo-sobre-carreira\/#article\",\"isPartOf\":{\"@id\":\"https:\/\/www.estrategiaconcursos.com.br\/blog\/concurso-aft-bate-papo-sobre-carreira\/\"},\"author\":{\"name\":\"Adino\u00e9l Sebasti\u00e3o\",\"@id\":\"https:\/\/www.estrategiaconcursos.com.br\/blog\/#\/schema\/person\/e6feecd7273067598aae46392fc9f322\"},\"headline\":\"[Concurso AFT] Bate-papo sobre a carreira\",\"datePublished\":\"2016-07-25T11:13:33+00:00\",\"dateModified\":\"2023-04-19T13:31:17+00:00\",\"mainEntityOfPage\":{\"@id\":\"https:\/\/www.estrategiaconcursos.com.br\/blog\/concurso-aft-bate-papo-sobre-carreira\/\"},\"wordCount\":2332,\"commentCount\":6,\"publisher\":{\"@id\":\"https:\/\/www.estrategiaconcursos.com.br\/blog\/#organization\"},\"image\":{\"@id\":\"https:\/\/www.estrategiaconcursos.com.br\/blog\/concurso-aft-bate-papo-sobre-carreira\/#primaryimage\"},\"thumbnailUrl\":\"https:\/\/www.estrategiaconcursos.com.br\/blog\/wp-content\/uploads\/2016\/04\/salarioAuditor.png\",\"keywords\":[\"AFT\",\"Auditor Fiscal do Trabalho\"],\"articleSection\":[\"Concursos P\u00fablicos\"],\"inLanguage\":\"pt-BR\",\"potentialAction\":[{\"@type\":\"CommentAction\",\"name\":\"Comment\",\"target\":[\"https:\/\/www.estrategiaconcursos.com.br\/blog\/concurso-aft-bate-papo-sobre-carreira\/#respond\"]}],\"copyrightYear\":\"2016\",\"copyrightHolder\":{\"@id\":\"https:\/\/www.estrategiaconcursos.com.br\/blog\/#organization\"}},{\"@type\":\"WebPage\",\"@id\":\"https:\/\/www.estrategiaconcursos.com.br\/blog\/concurso-aft-bate-papo-sobre-carreira\/\",\"url\":\"https:\/\/www.estrategiaconcursos.com.br\/blog\/concurso-aft-bate-papo-sobre-carreira\/\",\"name\":\"[Concurso AFT] Bate-papo sobre a carreira\",\"isPartOf\":{\"@id\":\"https:\/\/www.estrategiaconcursos.com.br\/blog\/#website\"},\"primaryImageOfPage\":{\"@id\":\"https:\/\/www.estrategiaconcursos.com.br\/blog\/concurso-aft-bate-papo-sobre-carreira\/#primaryimage\"},\"image\":{\"@id\":\"https:\/\/www.estrategiaconcursos.com.br\/blog\/concurso-aft-bate-papo-sobre-carreira\/#primaryimage\"},\"thumbnailUrl\":\"https:\/\/www.estrategiaconcursos.com.br\/blog\/wp-content\/uploads\/2016\/04\/salarioAuditor.png\",\"datePublished\":\"2016-07-25T11:13:33+00:00\",\"dateModified\":\"2023-04-19T13:31:17+00:00\",\"breadcrumb\":{\"@id\":\"https:\/\/www.estrategiaconcursos.com.br\/blog\/concurso-aft-bate-papo-sobre-carreira\/#breadcrumb\"},\"inLanguage\":\"pt-BR\",\"potentialAction\":[{\"@type\":\"ReadAction\",\"target\":[\"https:\/\/www.estrategiaconcursos.com.br\/blog\/concurso-aft-bate-papo-sobre-carreira\/\"]}]},{\"@type\":\"ImageObject\",\"inLanguage\":\"pt-BR\",\"@id\":\"https:\/\/www.estrategiaconcursos.com.br\/blog\/concurso-aft-bate-papo-sobre-carreira\/#primaryimage\",\"url\":\"https:\/\/dhg1h5j42swfq.cloudfront.net\/2016\/04\/20134657\/salarioAuditor.png\",\"contentUrl\":\"https:\/\/dhg1h5j42swfq.cloudfront.net\/2016\/04\/20134657\/salarioAuditor.png\",\"width\":473,\"height\":575},{\"@type\":\"BreadcrumbList\",\"@id\":\"https:\/\/www.estrategiaconcursos.com.br\/blog\/concurso-aft-bate-papo-sobre-carreira\/#breadcrumb\",\"itemListElement\":[{\"@type\":\"ListItem\",\"position\":1,\"name\":\"In\u00edcio\",\"item\":\"https:\/\/www.estrategiaconcursos.com.br\/blog\/\"},{\"@type\":\"ListItem\",\"position\":2,\"name\":\"[Concurso AFT] Bate-papo sobre a carreira\"}]},{\"@type\":\"WebSite\",\"@id\":\"https:\/\/www.estrategiaconcursos.com.br\/blog\/#website\",\"url\":\"https:\/\/www.estrategiaconcursos.com.br\/blog\/\",\"name\":\"Estrat\u00e9gia Concursos\",\"description\":\"O blog da Estrat\u00e9gia Concursos traz not\u00edcias sobre concursos e artigos de professores oferecendo cursos para concursos (pdf + videaulas) no site.\",\"publisher\":{\"@id\":\"https:\/\/www.estrategiaconcursos.com.br\/blog\/#organization\"},\"potentialAction\":[{\"@type\":\"SearchAction\",\"target\":{\"@type\":\"EntryPoint\",\"urlTemplate\":\"https:\/\/www.estrategiaconcursos.com.br\/blog\/?s={search_term_string}\"},\"query-input\":{\"@type\":\"PropertyValueSpecification\",\"valueRequired\":true,\"valueName\":\"search_term_string\"}}],\"inLanguage\":\"pt-BR\"},{\"@type\":\"Organization\",\"@id\":\"https:\/\/www.estrategiaconcursos.com.br\/blog\/#organization\",\"name\":\"Estrat\u00e9gia Concursos\",\"url\":\"https:\/\/www.estrategiaconcursos.com.br\/blog\/\",\"logo\":{\"@type\":\"ImageObject\",\"inLanguage\":\"pt-BR\",\"@id\":\"https:\/\/www.estrategiaconcursos.com.br\/blog\/#\/schema\/logo\/image\/\",\"url\":\"https:\/\/dhg1h5j42swfq.cloudfront.net\/2025\/06\/03203428\/logo_concursos-1.jpg\",\"contentUrl\":\"https:\/\/dhg1h5j42swfq.cloudfront.net\/2025\/06\/03203428\/logo_concursos-1.jpg\",\"width\":230,\"height\":60,\"caption\":\"Estrat\u00e9gia Concursos\"},\"image\":{\"@id\":\"https:\/\/www.estrategiaconcursos.com.br\/blog\/#\/schema\/logo\/image\/\"},\"sameAs\":[\"https:\/\/x.com\/EstratConcursos\"]},{\"@type\":\"Person\",\"@id\":\"https:\/\/www.estrategiaconcursos.com.br\/blog\/#\/schema\/person\/e6feecd7273067598aae46392fc9f322\",\"name\":\"Adino\u00e9l Sebasti\u00e3o\",\"image\":{\"@type\":\"ImageObject\",\"inLanguage\":\"pt-BR\",\"@id\":\"https:\/\/secure.gravatar.com\/avatar\/d076dd9a00cb1c92545aae4fae60d3013922a1a2e7e9599a079da4450204b8cd?s=96&d=mm&r=g\",\"url\":\"https:\/\/secure.gravatar.com\/avatar\/d076dd9a00cb1c92545aae4fae60d3013922a1a2e7e9599a079da4450204b8cd?s=96&d=mm&r=g\",\"contentUrl\":\"https:\/\/secure.gravatar.com\/avatar\/d076dd9a00cb1c92545aae4fae60d3013922a1a2e7e9599a079da4450204b8cd?s=96&d=mm&r=g\",\"caption\":\"Adino\u00e9l Sebasti\u00e3o\"},\"description\":\"Meu nome \u00e9 ADINO\u00c9L SEBASTI\u00c3O. Sou formado em Ci\u00eancias Cont\u00e1beis pela Funda\u00e7\u00e3o Faculdade de Ci\u00eancias Econ\u00f4micas de Apucarana-PR (FECEA). Sou Auditor-Fiscal do Trabalho (AFT). Estou lotado em Bras\u00edlia-DF na Secretaria de Inspe\u00e7\u00e3o do Trabalho em Bras\u00edlia-DF. Fui aprovado no concurso de AFT-2013. Esse concurso, segundo o CESPE, teve 48.035. Fui Analista Tribut\u00e1rio da Receita Federal (ATRFB) por mais de 22 anos (1991 a 2013). Sou autor do site \\\"www.adinoel.com\\\" e sou colaborador com tradu\u00e7\u00f5es livres de Ingl\u00eas e de Espanhol em alguns sites de concursos. J\u00e1 atuei como professor e tutor online da ESAF (aulas de inform\u00e1tica, palestras, funcionamento do CAC, etc). Elaborei\/elaboro aulas de Espanhol, Ingl\u00eas e Portugu\u00eas para concursos. Possuo v\u00e1rios cursos de forma\u00e7\u00e3o pessoal, entre eles destaco: curso de Espanhol no Instituto Cervantes da Espanha; curso de Ingl\u00eas nas escolas FISK; curso online \\\"Mejores Pr\u00e1cticas en la Administraci\u00f3n Tributaria, Ed. 9\\\", do Instituto de Estudios Fiscales e da Fundaci\u00f3n CEDDET da Espanha.\",\"url\":\"https:\/\/www.estrategiaconcursos.com.br\/blog\/author\/adinoel-sebastiaogmail-com\/\"}]}<\/script>\n<!-- \/ Yoast SEO Premium plugin. -->","yoast_head_json":{"title":"[Concurso AFT] Bate-papo sobre a carreira","robots":{"index":"index","follow":"follow","max-snippet":"max-snippet:-1","max-image-preview":"max-image-preview:large","max-video-preview":"max-video-preview:-1"},"canonical":"https:\/\/www.estrategiaconcursos.com.br\/blog\/concurso-aft-bate-papo-sobre-carreira\/","og_locale":"pt_BR","og_type":"article","og_title":"[Concurso AFT] Bate-papo sobre a carreira","og_description":"Ol\u00e1 a todos! Caso ainda n\u00e3o saibam o Estrat\u00e9gia Concursos far\u00e1 a Semana Especial AFT (dias 01, 02, 03 e 04 de agosto de 2016) e nessa semana voc\u00eas ter\u00e3o todas as informa\u00e7\u00f5es importantes para esse certame. Ser\u00e1 um dos v\u00e1rios webin\u00e1rios da Semana Especial AFT, focada em lhe passar tudo sobre o concurso de [&hellip;]","og_url":"https:\/\/www.estrategiaconcursos.com.br\/blog\/concurso-aft-bate-papo-sobre-carreira\/","og_site_name":"Estrat\u00e9gia Concursos","article_published_time":"2016-07-25T11:13:33+00:00","article_modified_time":"2023-04-19T13:31:17+00:00","og_image":[{"url":"https:\/\/www.estrategiaconcursos.com.br\/blog\/wp-content\/uploads\/2016\/04\/salarioAuditor.png","type":"","width":"","height":""}],"author":"Adino\u00e9l Sebasti\u00e3o","twitter_card":"summary_large_image","twitter_creator":"@EstratConcursos","twitter_site":"@EstratConcursos","twitter_misc":{"Escrito por":"Adino\u00e9l Sebasti\u00e3o","Est. tempo de leitura":"12 minutos"},"schema":{"@context":"https:\/\/schema.org","@graph":[{"@type":"NewsArticle","@id":"https:\/\/www.estrategiaconcursos.com.br\/blog\/concurso-aft-bate-papo-sobre-carreira\/#article","isPartOf":{"@id":"https:\/\/www.estrategiaconcursos.com.br\/blog\/concurso-aft-bate-papo-sobre-carreira\/"},"author":{"name":"Adino\u00e9l Sebasti\u00e3o","@id":"https:\/\/www.estrategiaconcursos.com.br\/blog\/#\/schema\/person\/e6feecd7273067598aae46392fc9f322"},"headline":"[Concurso AFT] Bate-papo sobre a carreira","datePublished":"2016-07-25T11:13:33+00:00","dateModified":"2023-04-19T13:31:17+00:00","mainEntityOfPage":{"@id":"https:\/\/www.estrategiaconcursos.com.br\/blog\/concurso-aft-bate-papo-sobre-carreira\/"},"wordCount":2332,"commentCount":6,"publisher":{"@id":"https:\/\/www.estrategiaconcursos.com.br\/blog\/#organization"},"image":{"@id":"https:\/\/www.estrategiaconcursos.com.br\/blog\/concurso-aft-bate-papo-sobre-carreira\/#primaryimage"},"thumbnailUrl":"https:\/\/www.estrategiaconcursos.com.br\/blog\/wp-content\/uploads\/2016\/04\/salarioAuditor.png","keywords":["AFT","Auditor Fiscal do Trabalho"],"articleSection":["Concursos P\u00fablicos"],"inLanguage":"pt-BR","potentialAction":[{"@type":"CommentAction","name":"Comment","target":["https:\/\/www.estrategiaconcursos.com.br\/blog\/concurso-aft-bate-papo-sobre-carreira\/#respond"]}],"copyrightYear":"2016","copyrightHolder":{"@id":"https:\/\/www.estrategiaconcursos.com.br\/blog\/#organization"}},{"@type":"WebPage","@id":"https:\/\/www.estrategiaconcursos.com.br\/blog\/concurso-aft-bate-papo-sobre-carreira\/","url":"https:\/\/www.estrategiaconcursos.com.br\/blog\/concurso-aft-bate-papo-sobre-carreira\/","name":"[Concurso AFT] Bate-papo sobre a carreira","isPartOf":{"@id":"https:\/\/www.estrategiaconcursos.com.br\/blog\/#website"},"primaryImageOfPage":{"@id":"https:\/\/www.estrategiaconcursos.com.br\/blog\/concurso-aft-bate-papo-sobre-carreira\/#primaryimage"},"image":{"@id":"https:\/\/www.estrategiaconcursos.com.br\/blog\/concurso-aft-bate-papo-sobre-carreira\/#primaryimage"},"thumbnailUrl":"https:\/\/www.estrategiaconcursos.com.br\/blog\/wp-content\/uploads\/2016\/04\/salarioAuditor.png","datePublished":"2016-07-25T11:13:33+00:00","dateModified":"2023-04-19T13:31:17+00:00","breadcrumb":{"@id":"https:\/\/www.estrategiaconcursos.com.br\/blog\/concurso-aft-bate-papo-sobre-carreira\/#breadcrumb"},"inLanguage":"pt-BR","potentialAction":[{"@type":"ReadAction","target":["https:\/\/www.estrategiaconcursos.com.br\/blog\/concurso-aft-bate-papo-sobre-carreira\/"]}]},{"@type":"ImageObject","inLanguage":"pt-BR","@id":"https:\/\/www.estrategiaconcursos.com.br\/blog\/concurso-aft-bate-papo-sobre-carreira\/#primaryimage","url":"https:\/\/dhg1h5j42swfq.cloudfront.net\/2016\/04\/20134657\/salarioAuditor.png","contentUrl":"https:\/\/dhg1h5j42swfq.cloudfront.net\/2016\/04\/20134657\/salarioAuditor.png","width":473,"height":575},{"@type":"BreadcrumbList","@id":"https:\/\/www.estrategiaconcursos.com.br\/blog\/concurso-aft-bate-papo-sobre-carreira\/#breadcrumb","itemListElement":[{"@type":"ListItem","position":1,"name":"In\u00edcio","item":"https:\/\/www.estrategiaconcursos.com.br\/blog\/"},{"@type":"ListItem","position":2,"name":"[Concurso AFT] Bate-papo sobre a carreira"}]},{"@type":"WebSite","@id":"https:\/\/www.estrategiaconcursos.com.br\/blog\/#website","url":"https:\/\/www.estrategiaconcursos.com.br\/blog\/","name":"Estrat\u00e9gia Concursos","description":"O blog da Estrat\u00e9gia Concursos traz not\u00edcias sobre concursos e artigos de professores oferecendo cursos para concursos (pdf + videaulas) no site.","publisher":{"@id":"https:\/\/www.estrategiaconcursos.com.br\/blog\/#organization"},"potentialAction":[{"@type":"SearchAction","target":{"@type":"EntryPoint","urlTemplate":"https:\/\/www.estrategiaconcursos.com.br\/blog\/?s={search_term_string}"},"query-input":{"@type":"PropertyValueSpecification","valueRequired":true,"valueName":"search_term_string"}}],"inLanguage":"pt-BR"},{"@type":"Organization","@id":"https:\/\/www.estrategiaconcursos.com.br\/blog\/#organization","name":"Estrat\u00e9gia Concursos","url":"https:\/\/www.estrategiaconcursos.com.br\/blog\/","logo":{"@type":"ImageObject","inLanguage":"pt-BR","@id":"https:\/\/www.estrategiaconcursos.com.br\/blog\/#\/schema\/logo\/image\/","url":"https:\/\/dhg1h5j42swfq.cloudfront.net\/2025\/06\/03203428\/logo_concursos-1.jpg","contentUrl":"https:\/\/dhg1h5j42swfq.cloudfront.net\/2025\/06\/03203428\/logo_concursos-1.jpg","width":230,"height":60,"caption":"Estrat\u00e9gia Concursos"},"image":{"@id":"https:\/\/www.estrategiaconcursos.com.br\/blog\/#\/schema\/logo\/image\/"},"sameAs":["https:\/\/x.com\/EstratConcursos"]},{"@type":"Person","@id":"https:\/\/www.estrategiaconcursos.com.br\/blog\/#\/schema\/person\/e6feecd7273067598aae46392fc9f322","name":"Adino\u00e9l Sebasti\u00e3o","image":{"@type":"ImageObject","inLanguage":"pt-BR","@id":"https:\/\/secure.gravatar.com\/avatar\/d076dd9a00cb1c92545aae4fae60d3013922a1a2e7e9599a079da4450204b8cd?s=96&d=mm&r=g","url":"https:\/\/secure.gravatar.com\/avatar\/d076dd9a00cb1c92545aae4fae60d3013922a1a2e7e9599a079da4450204b8cd?s=96&d=mm&r=g","contentUrl":"https:\/\/secure.gravatar.com\/avatar\/d076dd9a00cb1c92545aae4fae60d3013922a1a2e7e9599a079da4450204b8cd?s=96&d=mm&r=g","caption":"Adino\u00e9l Sebasti\u00e3o"},"description":"Meu nome \u00e9 ADINO\u00c9L SEBASTI\u00c3O. Sou formado em Ci\u00eancias Cont\u00e1beis pela Funda\u00e7\u00e3o Faculdade de Ci\u00eancias Econ\u00f4micas de Apucarana-PR (FECEA). Sou Auditor-Fiscal do Trabalho (AFT). Estou lotado em Bras\u00edlia-DF na Secretaria de Inspe\u00e7\u00e3o do Trabalho em Bras\u00edlia-DF. Fui aprovado no concurso de AFT-2013. Esse concurso, segundo o CESPE, teve 48.035. Fui Analista Tribut\u00e1rio da Receita Federal (ATRFB) por mais de 22 anos (1991 a 2013). Sou autor do site \"www.adinoel.com\" e sou colaborador com tradu\u00e7\u00f5es livres de Ingl\u00eas e de Espanhol em alguns sites de concursos. J\u00e1 atuei como professor e tutor online da ESAF (aulas de inform\u00e1tica, palestras, funcionamento do CAC, etc). Elaborei\/elaboro aulas de Espanhol, Ingl\u00eas e Portugu\u00eas para concursos. Possuo v\u00e1rios cursos de forma\u00e7\u00e3o pessoal, entre eles destaco: curso de Espanhol no Instituto Cervantes da Espanha; curso de Ingl\u00eas nas escolas FISK; curso online \"Mejores Pr\u00e1cticas en la Administraci\u00f3n Tributaria, Ed. 9\", do Instituto de Estudios Fiscales e da Fundaci\u00f3n CEDDET da Espanha.","url":"https:\/\/www.estrategiaconcursos.com.br\/blog\/author\/adinoel-sebastiaogmail-com\/"}]}},"_links":{"self":[{"href":"https:\/\/www.estrategiaconcursos.com.br\/blog\/wp-json\/wp\/v2\/posts\/44356","targetHints":{"allow":["GET"]}}],"collection":[{"href":"https:\/\/www.estrategiaconcursos.com.br\/blog\/wp-json\/wp\/v2\/posts"}],"about":[{"href":"https:\/\/www.estrategiaconcursos.com.br\/blog\/wp-json\/wp\/v2\/types\/post"}],"author":[{"embeddable":true,"href":"https:\/\/www.estrategiaconcursos.com.br\/blog\/wp-json\/wp\/v2\/users\/121"}],"replies":[{"embeddable":true,"href":"https:\/\/www.estrategiaconcursos.com.br\/blog\/wp-json\/wp\/v2\/comments?post=44356"}],"version-history":[{"count":27,"href":"https:\/\/www.estrategiaconcursos.com.br\/blog\/wp-json\/wp\/v2\/posts\/44356\/revisions"}],"predecessor-version":[{"id":1204023,"href":"https:\/\/www.estrategiaconcursos.com.br\/blog\/wp-json\/wp\/v2\/posts\/44356\/revisions\/1204023"}],"wp:attachment":[{"href":"https:\/\/www.estrategiaconcursos.com.br\/blog\/wp-json\/wp\/v2\/media?parent=44356"}],"wp:term":[{"taxonomy":"category","embeddable":true,"href":"https:\/\/www.estrategiaconcursos.com.br\/blog\/wp-json\/wp\/v2\/categories?post=44356"},{"taxonomy":"post_tag","embeddable":true,"href":"https:\/\/www.estrategiaconcursos.com.br\/blog\/wp-json\/wp\/v2\/tags?post=44356"},{"taxonomy":"tax_estado","embeddable":true,"href":"https:\/\/www.estrategiaconcursos.com.br\/blog\/wp-json\/wp\/v2\/tax_estado?post=44356"}],"curies":[{"name":"wp","href":"https:\/\/api.w.org\/{rel}","templated":true}]}}