{"id":443554,"date":"2019-11-04T12:02:10","date_gmt":"2019-11-04T15:02:10","guid":{"rendered":"https:\/\/www.estrategiaconcursos.com.br\/blog\/?p=443554"},"modified":"2022-01-13T15:43:06","modified_gmt":"2022-01-13T18:43:06","slug":"edital-ebserh-2019","status":"publish","type":"post","link":"https:\/\/www.estrategiaconcursos.com.br\/blog\/edital-ebserh-2019\/","title":{"rendered":"Edital EBSERH: 1.660 vagas em 36 unidades"},"content":{"rendered":"\n<p>Sob organiza\u00e7\u00e3o do Instituto Brasileiro de Forma\u00e7\u00e3o e Capacita\u00e7\u00e3o- IBFC, o concurso nacional da Empresa Brasileira de Servi\u00e7os Hospitalares, EBSERH, lan\u00e7ou o <strong>Edital EBSERH<\/strong> <strong>2019<\/strong> nesta segunda-feira, 04 de novembro.<\/p>\n\n\n\n<p>De acordo com o documento do Edital EBSERH ser\u00e3o 1.660 vagas distribu\u00eddas em 03 editais, com vagas para n\u00edvel m\u00e9dio, m\u00e9dio\/t\u00e9cnico e superior, sendo:<\/p>\n\n\n\n<ul class=\"wp-block-list\"><li>553 vagas + CR para \u00c1rea M\u00e9dica<\/li><li>998 vagas + CR para \u00c1rea Assistencial<\/li><li>129 vagas + CR para \u00c1rea Administrativa<\/li><\/ul>\n\n\n\n<p>Al\u00e9m desses editais, a EBSERH lan\u00e7a edital tamb\u00e9m para o Hospital Universit\u00e1rio da Universidade Federal de Uberl\u00e2ndia &#8211; HC &#8211; UFU, com 804 vagas mais cadastro reserva para \u00e1rea m\u00e9dica, assistencial e administrativa.<\/p>\n\n\n\n<p class=\"has-text-align-center\"><strong>Abaixo voc\u00ea confere as principais informa\u00e7\u00f5es sobre o Edital EBSERH<\/strong><\/p>\n\n\n\n<h2 class=\"wp-block-heading\">Principais Informa\u00e7\u00f5es Edital EBSERH<\/h2>\n\n\n\n<p class=\"has-very-light-gray-background-color has-background\"><strong>Inscri\u00e7\u00f5es:<\/strong>  06\/11\/2019 at\u00e9 \u00e0s 22h do dia 10\/12\/2019 <br \/><strong>Isen\u00e7\u00e3o: <\/strong>dia 06\/11\/2019 at\u00e9 \u00e0s 17h do dia 08\/11\/2019 <br \/><strong>Valor:<\/strong> <span style=\"text-decoration: underline;\">\u00c1rea M\u00e9dica <\/span>&#8211; R$ 240,00;  <span style=\"text-decoration: underline;\">\u00c1rea Assistencial e \u00c1rea Administrativa- <\/span>R$ 80,00 para os cargos de n\u00edvel m\u00e9dio\/t\u00e9cnico e R$ 180,00 para os cargos de n\u00edvel superior. <br \/><strong>Data da Prova:<\/strong>  02\/02\/2020 para todos os cargos<\/p>\n\n\n\n<h2 class=\"wp-block-heading\">Vagas e cargos do Concurso EBSERH<\/h2>\n\n\n\n<h3 class=\"wp-block-heading\" id=\"medica\">\u00c1rea M\u00e9dica do concurso EBSERH <\/h3>\n\n\n\n<p>Para esta \u00e1rea s\u00e3o ofertadas 533 vagas. As provas objetivas ser\u00e3o aplicadas em <strong>02 de fevereiro de 2020<\/strong>, com 4 horas de dura\u00e7\u00e3o.  As remunera\u00e7\u00f5es para as v\u00e1rias especialidades da \u00e1rea M\u00e9dica s\u00e3o de R$ 8.647,57 para uma jornada de trabalho de 24&nbsp;horas&nbsp;semanais.&nbsp; <\/p>\n\n\n\n<p><strong>Confira as vagas clicando abaixo:<\/strong><\/p>\n\n\n\n<div class=\"wp-block-file\"><a href=\"https:\/\/dhg1h5j42swfq.cloudfront.net\/2019\/11\/04120636\/VAGAS-%C3%81REA-M%C3%89DICA-EDITAL-EBSERH.pdf\">VAGAS-\u00c1REA-M\u00c9DICA-EDITAL-EBSERH<\/a><a href=\"https:\/\/dhg1h5j42swfq.cloudfront.net\/2019\/11\/04120636\/VAGAS-%C3%81REA-M%C3%89DICA-EDITAL-EBSERH.pdf\" class=\"wp-block-file__button\" download>Baixar<\/a><\/div>\n\n\n\n<p>O certame possui duas fases: <\/p>\n\n\n\n<ul class=\"wp-block-list\"><li>Provas&nbsp;objetivas,&nbsp;de&nbsp;car\u00e1ter&nbsp;eliminat\u00f3rio&nbsp;e&nbsp;classificat\u00f3rio; <\/li><li>Avalia\u00e7\u00e3o&nbsp;de&nbsp;t\u00edtulos e de experi\u00eancia profissional,&nbsp;de&nbsp;car\u00e1ter&nbsp;classificat\u00f3rio.&nbsp; <\/li><\/ul>\n\n\n\n<p>A avalia\u00e7\u00e3o objetiva ter\u00e1 60 quest\u00f5es com valor m\u00e1ximo de 100 pontos. <\/p>\n\n\n\n<figure class=\"wp-block-table is-style-stripes\"><table class=\"has-subtle-pale-green-background-color has-background has-fixed-layout\"><tbody><tr><td><strong>Prova\/Tipo<\/strong><\/td><td><strong>\u00c1rea de Conhecimento<\/strong><\/td><td><strong>N\u00famero de itens<\/strong><\/td><td><strong>Pontos por quest\u00e3o<\/strong><\/td><\/tr><tr><td>Gerais<\/td><td>Conhecimentos B\u00e1sicos<\/td><td>15<\/td><td>1<\/td><\/tr><tr><td> <br \/>Legisla\u00e7\u00e3o<\/td><td>SUS<\/td><td>05<\/td><td>1,5<\/td><\/tr><tr><td>Legisla\u00e7\u00e3o<\/td><td>EBSERH<\/td><td>05<\/td><td>1,5<\/td><\/tr><tr><td> <br \/>Espec\u00edficos<\/td><td> Conhecimentos Espec\u00edficos<\/td><td>35<\/td><td>2<\/td><\/tr><\/tbody><\/table><\/figure>\n\n\n\n<p>Considera-se HABILITADO(A) o(a) candidato(a) que obtiver nota igual ou superior a 50 pontos.<\/p>\n\n\n\n<h2 class=\"wp-block-heading\" id=\"assistencial\">Assistencial &#8211; Edital EBSERH <\/h2>\n\n\n\n<p>S\u00e3o 998 vagas para os n\u00edveis m\u00e9dio, t\u00e9cnico e superior. As remunera\u00e7\u00f5es variam entre R$ 2.170,22 e R$10.350,46, a depender do cargo e carga hor\u00e1ria semanal. <\/p>\n\n\n\n<p><strong>Confira as vagas acessando abaixo:<\/strong><\/p>\n\n\n\n<div class=\"wp-block-file\"><a href=\"https:\/\/dhg1h5j42swfq.cloudfront.net\/2019\/11\/04122254\/VAGAS-%C3%81REA-ASSISTENCIAL.pdf\">VAGAS-\u00c1REA-ASSISTENCIAL<\/a><a href=\"https:\/\/dhg1h5j42swfq.cloudfront.net\/2019\/11\/04122254\/VAGAS-%C3%81REA-ASSISTENCIAL.pdf\" class=\"wp-block-file__button\" download>Baixar<\/a><\/div>\n\n\n\n<p>O certame possui duas fases: <\/p>\n\n\n\n<ul class=\"wp-block-list\"><li>Provas&nbsp;objetivas,&nbsp;de&nbsp;car\u00e1ter&nbsp;eliminat\u00f3rio&nbsp;e&nbsp;classificat\u00f3rio; <\/li><li>Avalia\u00e7\u00e3o&nbsp;de&nbsp;t\u00edtulos e de experi\u00eancia profissional,&nbsp;de&nbsp;car\u00e1ter&nbsp;classificat\u00f3rio.&nbsp; <\/li><\/ul>\n\n\n\n<p>As  provas objetivas contam com 4 horas de realiza\u00e7\u00e3o e m\u00faltipla escolha, ser\u00e3o aplicadas no <strong>dia 02 de fevereiro de 2020<\/strong> e est\u00e3o distribu\u00eddas da seguinte forma:<\/p>\n\n\n\n<p class=\"has-text-align-center has-medium-font-size\"><strong>Quadro da Avalia\u00e7\u00e3o Objetiva<\/strong> &#8211; <strong>M\u00e9dio\/T\u00e9cnico<\/strong><\/p>\n\n\n\n<figure class=\"wp-block-table is-style-stripes\"><table class=\"has-subtle-pale-blue-background-color has-background has-fixed-layout\"><tbody><tr><td><strong>Prova\/Tipo<\/strong><\/td><td><strong>\u00c1rea de Conhecimento<\/strong><\/td><td><strong>N\u00famero de itens<\/strong><\/td><td><strong>Ponto por quest\u00e3o<\/strong><\/td><\/tr><tr><td>Gerais<\/td><td> Portugu\u00eas<br \/>Racioc\u00ednio L\u00f3gico<\/td><td>15<br \/>05<\/td><td>1,5<br \/>1,5<\/td><\/tr><tr><td>Legisla\u00e7\u00e3o<\/td><td> SUS<br \/>EBSERH<\/td><td>05<br \/>05<\/td><td>2<br \/>2<\/td><\/tr><tr><td>Espec\u00edfico<\/td><td>Espec\u00edficas<\/td><td>20<\/td><td> 2,5<\/td><\/tr><\/tbody><\/table><\/figure>\n\n\n\n<p>A Prova Objetiva ser\u00e1 avaliada na escala de 0 a 100 pontos, considerando-se HABILITADO(A) o(a) candidato(a) que nela obtiver nota igual ou superior a 50 pontos.<\/p>\n\n\n\n<p class=\"has-text-align-center has-medium-font-size\"><strong>Quadro da Avalia\u00e7\u00e3o Objetiva<\/strong> &#8211; <strong>N\u00edvel Superior<\/strong><\/p>\n\n\n\n<figure class=\"wp-block-table is-style-stripes\"><table class=\"has-subtle-pale-blue-background-color has-background has-fixed-layout\"><tbody><tr><td><strong>Prova\/Tipo<\/strong><\/td><td><strong>\u00c1rea de Conhecimento<\/strong><\/td><td><strong>N\u00famero de itens<\/strong><\/td><td><strong>Ponto por quest\u00e3o<\/strong><\/td><\/tr><tr><td>Gerais<\/td><td> Portugu\u00eas<br \/>Racioc\u00ednio L\u00f3gico<\/td><td>15<br \/>05<\/td><td>1<br \/>1<\/td><\/tr><tr><td>Legisla\u00e7\u00e3o<\/td><td> SUS<br \/>EBSERH<\/td><td>05<br \/>05<\/td><td>1,25<br \/>1,25<\/td><\/tr><tr><td>Espec\u00edfico<\/td><td>Espec\u00edficas<\/td><td>30<\/td><td> 2,25<\/td><\/tr><\/tbody><\/table><\/figure>\n\n\n\n<h2 class=\"wp-block-heading\" id=\"administrativo\">\u00c1rea Administrativa &#8211; Edital EBSERH<\/h2>\n\n\n\n<p>O Edital EBSERH para a \u00e1rea Administrativa traz 129 vagas e remunera\u00e7\u00f5es que variam entre R$ 2.451,14 e R$ 10.350,46, a depender do cargo e carga hor\u00e1ria.<\/p>\n\n\n\n<p><strong>Acesse abaixo as vagas e cargos:<\/strong><\/p>\n\n\n\n<div class=\"wp-block-file\"><a href=\"https:\/\/dhg1h5j42swfq.cloudfront.net\/2019\/11\/04123809\/VAGAS-%C3%81REA-ADMINISTRATIVA.pdf\">VAGAS-\u00c1REA-ADMINISTRATIVA<\/a><a href=\"https:\/\/dhg1h5j42swfq.cloudfront.net\/2019\/11\/04123809\/VAGAS-%C3%81REA-ADMINISTRATIVA.pdf\" class=\"wp-block-file__button\" download>Baixar<\/a><\/div>\n\n\n\n<p>O certame possui duas fases: <\/p>\n\n\n\n<ul class=\"wp-block-list\"><li>Provas&nbsp;objetivas,&nbsp;de&nbsp;car\u00e1ter&nbsp;eliminat\u00f3rio&nbsp;e&nbsp;classificat\u00f3rio; <\/li><li>Avalia\u00e7\u00e3o&nbsp;de&nbsp;t\u00edtulos e de experi\u00eancia profissional,&nbsp;de&nbsp;car\u00e1ter&nbsp;classificat\u00f3rio.&nbsp; <\/li><\/ul>\n\n\n\n<p>As  provas objetivas contam com 4 horas de realiza\u00e7\u00e3o e m\u00faltipla escolha, ser\u00e3o aplicadas no <strong>dia 02 de fevereiro de 2020<\/strong> e est\u00e3o distribu\u00eddas da seguinte forma:<\/p>\n\n\n\n<p class=\"has-text-align-center has-medium-font-size\"><strong>Quadro da Avalia\u00e7\u00e3o Objetiva<\/strong> &#8211; <strong>N\u00edvel M\u00e9dio\/T\u00e9cnixo<\/strong><\/p>\n\n\n\n<figure class=\"wp-block-table is-style-stripes\"><table class=\"has-subtle-pale-pink-background-color has-background\"><tbody><tr><td><strong>Prova\/Tipo<\/strong><\/td><td><strong>\u00c1rea de Conhecimento<\/strong><\/td><td><strong>N\u00famero de itens<\/strong><\/td><td><strong>Pontos por Quest\u00e3o<\/strong><\/td><\/tr><tr><td> ConhecimentosGerais <\/td><td> Portugu\u00eas<br \/>Racioc\u00ednio L\u00f3gico<br \/>No\u00e7\u00f5es de Inform\u00e1tica<\/td><td>20<\/td><td> 1,5<\/td><\/tr><tr><td>Legisla\u00e7\u00e3o<\/td><td>SUS<br \/>EBSERH<\/td><td>10<\/td><td>2<\/td><\/tr><tr><td>  Conhecimentos Espec\u00edficos <\/td><td>Espec\u00edficas<\/td><td>20<\/td><td> <br \/>2,5<\/td><\/tr><\/tbody><\/table><\/figure>\n\n\n\n<p class=\"has-text-align-center has-medium-font-size\"><strong>Quadro da Avalia\u00e7\u00e3o Objetiva<\/strong> &#8211; <strong>N\u00edvel Superior<\/strong><\/p>\n\n\n\n<figure class=\"wp-block-table is-style-stripes\"><table class=\"has-subtle-pale-pink-background-color has-background\"><tbody><tr><td><strong>Prova\/Tipo<\/strong><\/td><td><strong>\u00c1rea de Conhecimento<\/strong><\/td><td><strong>N\u00famero de itens<\/strong><\/td><td><strong>Pontos por Quest\u00e3o<\/strong><\/td><\/tr><tr><td> ConhecimentosGerais <\/td><td> Portugu\u00eas<br \/>Racioc\u00ednio L\u00f3gico<br \/>No\u00e7\u00f5es de Inform\u00e1tica<\/td><td>20<\/td><td> 1,2<\/td><\/tr><tr><td>Legisla\u00e7\u00e3o<\/td><td>SUS<br \/>EBSERH<\/td><td>10<\/td><td>1,6<\/td><\/tr><tr><td>  Conhecimentos Espec\u00edficos <\/td><td>Espec\u00edficas<\/td><td>30<\/td><td> <br \/>2<\/td><\/tr><\/tbody><\/table><\/figure>\n\n\n\n<h2 class=\"wp-block-heading\">A avalia\u00e7\u00e3o de T\u00edtulos para todos os cargos<\/h2>\n\n\n\n<figure class=\"wp-block-image\"><img loading=\"lazy\" decoding=\"async\" width=\"723\" height=\"354\" src=\"https:\/\/dhg1h5j42swfq.cloudfront.net\/2019\/11\/04120143\/tit-med.png.png\" alt=\"\" class=\"wp-image-443790\" srcset=\"https:\/\/dhg1h5j42swfq.cloudfront.net\/2019\/11\/04120143\/tit-med.png.png 723w, https:\/\/dhg1h5j42swfq.cloudfront.net\/2019\/11\/04120143\/tit-med.png.png 300w, https:\/\/dhg1h5j42swfq.cloudfront.net\/2019\/11\/04120143\/tit-med.png.png 610w\" sizes=\"auto, (max-width: 723px) 100vw, 723px\" \/><\/figure>\n\n\n\n<figure class=\"wp-block-image\"><img loading=\"lazy\" decoding=\"async\" width=\"720\" height=\"246\" src=\"https:\/\/dhg1h5j42swfq.cloudfront.net\/2019\/11\/04120202\/tit-med-2.png.png\" alt=\"\" class=\"wp-image-443791\" srcset=\"https:\/\/dhg1h5j42swfq.cloudfront.net\/2019\/11\/04120202\/tit-med-2.png.png 720w, https:\/\/dhg1h5j42swfq.cloudfront.net\/2019\/11\/04120202\/tit-med-2.png.png 300w, https:\/\/dhg1h5j42swfq.cloudfront.net\/2019\/11\/04120202\/tit-med-2.png.png 610w\" sizes=\"auto, (max-width: 720px) 100vw, 720px\" \/><\/figure>\n\n\n\n<h3 class=\"wp-block-heading\"><span style=\"text-decoration: underline;\">Experi\u00eancia Profissional<\/span><\/h3>\n\n\n\n<figure class=\"wp-block-image\"><img loading=\"lazy\" decoding=\"async\" width=\"712\" height=\"123\" src=\"https:\/\/dhg1h5j42swfq.cloudfront.net\/2019\/11\/04120216\/exp-med.png.png\" alt=\"\" class=\"wp-image-443792\" srcset=\"https:\/\/dhg1h5j42swfq.cloudfront.net\/2019\/11\/04120216\/exp-med.png.png 712w, https:\/\/dhg1h5j42swfq.cloudfront.net\/2019\/11\/04120216\/exp-med.png.png 300w, https:\/\/dhg1h5j42swfq.cloudfront.net\/2019\/11\/04120216\/exp-med.png.png 610w\" sizes=\"auto, (max-width: 712px) 100vw, 712px\" \/><\/figure>\n\n\n\n<h2 class=\"wp-block-heading\">Quais s\u00e3o as unidades EBSERH?<\/h2>\n\n\n\n<p>As unidades da EBSERH est\u00e3o espalhadas por todo o pa\u00eds, para estes editais ser\u00e3o 37 unidades a receber os aprovados, confra abaixo:<\/p>\n\n\n\n<figure class=\"wp-block-table is-style-stripes\"><table class=\"has-subtle-pale-green-background-color has-background\"><tbody><tr><td>Hospital Universit\u00e1rio do Piau\u00ed \u2013 Teresina\/PI;<\/td><\/tr><tr><td>Complexo Hospitalar da UFC \u2013 Fortaleza\/CE;<\/td><\/tr><tr><td>Hospital de Doen\u00e7as Tropicais \u2013 Aragua\u00edna\/TO;<\/td><\/tr><tr><td>Hospital Universit\u00e1rio Ana Bezerra \u2013 Santa Cruz\/RN;<\/td><\/tr><tr><td>Hospital Universit\u00e1rio Onofre Lopes \u2013 Natal\/RN;<\/td><\/tr><tr><td>Maternidade Escola Janu\u00e1rio Cicco \u2013 Natal\/RN;<\/td><\/tr><tr><td>Hospital das Cl\u00ednicas da UFPE \u2013 Recife\/PE;<\/td><\/tr><tr><td>Hospital Universit\u00e1rio Lauro Wanderley \u2013 Jo\u00e3o Pessoa\/PB;<\/td><\/tr><tr><td>Hospital de Ensino Dr. Washington Ant\u00f4nio de Barros \u2013 Petrolina\/PE;<\/td><\/tr><tr><td>Hospital Universit\u00e1rio Alcides Carneiro \u2013 Campina Grande\/PB;<\/td><\/tr><tr><td>Hospital Universit\u00e1rio J\u00falio Bandeira \u2013 Cajazeiras\/PB;<\/td><\/tr><tr><td>Hospital Universit\u00e1rio da UFS \u2013 Aracaju\/SE;<\/td><\/tr><tr><td>Hospital Universit\u00e1rio de Lagarto \u2013 Lagarto\/SE;<\/td><\/tr><tr><td>Hospital Universit\u00e1rio Professor Edgard Santos \u2013 Salvador\/BA;<\/td><\/tr><tr><td>Maternidade Clim\u00e9rio De Oliveira \u2013 Salvador\/BA;<\/td><\/tr><tr><td>Hospital Universit\u00e1rio Professor Alberto Antunes \u2013 Macei\u00f3\/AL;<\/td><\/tr><tr><td>Empresa Brasileira de Servi\u00e7os Hospitalares \u2013 EBSERH Sede \u2013 Bras\u00edlia\/DF;<\/td><\/tr><tr><td>Hospital Universit\u00e1rio de Bras\u00edlia \u2013 Bras\u00edlia\/DF;<\/td><\/tr><tr><td>Hospital das Cl\u00ednicas da UFG \u2013 Goi\u00e2nia\/GO;<\/td><\/tr><tr><td>Hospital Universit\u00e1rio da UFJF \u2013 Juiz de Fora\/MG;<\/td><\/tr><tr><td>Hospital Universit\u00e1rio Gaffr\u00e9e e Guinle \u2013 Rio de Janeiro\/RJ;<\/td><\/tr><tr><td>Hospital Universit\u00e1rio Ant\u00f4nio Pedro \u2013 Niter\u00f3i\/RJ;<\/td><\/tr><tr><td>Hospital Universit\u00e1rio Cassiano Ant\u00f4nio de Moraes \u2013 Vit\u00f3ria\/ES;<\/td><\/tr><tr><td>Hospital das Cl\u00ednicas da UFMG \u2013 Belo Horizonte\/MG;<\/td><\/tr><tr><td>Hospital Universit\u00e1rio da Grande Dourados \u2013 Dourados\/MS;<\/td><\/tr><tr><td>Hospital Universit\u00e1rio Maria Aparecida Pedrossian \u2013 Campo Grande\/MS;<\/td><\/tr><tr><td>Hospital Universit\u00e1rio J\u00falio M\u00fcller \u2013 Cuiab\u00e1\/MG;<\/td><\/tr><tr><td>Hospital de Cl\u00ednicas da UFTM \u2013 Uberaba\/MG;<\/td><\/tr><tr><td>Hospital Universit\u00e1rio da UFSCar \u2013 S\u00e3o Carlos\/SP;<\/td><\/tr><tr><td>Complexo do Hospital da UFPR \u2013 Curitiba\/PR;<\/td><\/tr><tr><td>Hospital Universit\u00e1rio da UFSC \u2013 Florian\u00f3polis\/SC;<\/td><\/tr><tr><td>Hospital Universit\u00e1rio de Santa Maria \u2013 Santa Maria\/RS;<\/td><\/tr><tr><td>Hospital Escola da UFPEL \u2013 Pelotas\/RS;<\/td><\/tr><tr><td>Hospital Universit\u00e1rio Doutor Miguel Riet Corr\u00eaa Junior \u2013 Rio Grande\/RS;<\/td><\/tr><tr><td>Hospital Universit\u00e1rio Get\u00falio Vargas \u2013 Manaus\/AM; e<\/td><\/tr><tr><td>Complexo Hospitalar Universit\u00e1rio da UFPA \u2013 Bel\u00e9m\/PA.<br \/><\/td><\/tr><\/tbody><\/table><\/figure>\n\n\n\n<p class=\"has-text-align-center\"><em><strong>Gostou dessa oportunidade e deseja se preparar? Acesse nossos cursos!<\/strong><\/em><\/p>\n\n\n\n<p class=\"has-text-align-center has-luminous-vivid-amber-background-color has-background\"><a href=\"https:\/\/www.estrategiaconcursos.com.br\/cursosPorConcurso\/promocao-pacotes-para-ebserh\/\"><strong>CURSOS PARA EBSERH<\/strong><\/a><\/p>\n\n\n\n<p><em>Prepare-se com o melhor material e com quem mais aprova em Concursos P\u00fablicos em todo o pa\u00eds. Assine agora a nossa Assinatura Anual e tenha acesso ilimitado* a todos os nossos cursos.<\/em><\/p>\n\n\n\n<p class=\"has-text-align-center has-light-green-cyan-background-color has-background\"><strong>ASSINE AGORA<\/strong>&nbsp;\u2013&nbsp;<a rel=\"noreferrer noopener\" href=\"https:\/\/www.estrategiaconcursos.com.br\/assinaturas\" target=\"_blank\"><strong>Assinatura Ilimitada<\/strong><\/a><\/p>\n\n\n\n<p class=\"has-text-align-center has-pale-cyan-blue-background-color has-background\"><a href=\"https:\/\/www.estrategiaconcursos.com.br\/blog\/concursos-abertos\/\"><strong>CONCURSOS ABERTOS<\/strong><\/a><\/p>\n\n\n\n<p class=\"has-text-align-center has-pale-cyan-blue-background-color has-background\"><a href=\"https:\/\/www.estrategiaconcursos.com.br\/blog\/concursos-2019\/\"><strong>CONCURSOS 2019<\/strong><\/a><\/p>\n\n\n\n<p class=\"has-text-align-center has-pale-cyan-blue-background-color has-background\"><a href=\"https:\/\/www.estrategiaconcursos.com.br\/blog\/concursos-2020\/\"><strong>CONCURSOS<\/strong><\/a><strong><a href=\"https:\/\/www.estrategiaconcursos.com.br\/blog\/concursos-2020\/\">&nbsp;2020<\/a><\/strong><\/p>\n\n\n\n<figure class=\"wp-block-image\"><img decoding=\"async\" src=\"https:\/\/dhg1h5j42swfq.cloudfront.net\/2019\/05\/25091032\/coruja-ficha-tecnica-300x1023.png\" alt=\"concurso EBSERH\"\/><\/figure>\n\n\n\n<h4 class=\"wp-block-heading\"><strong>\u25baInforma\u00e7\u00f5es sobre o Edital <\/strong>EBSERH <\/h4>\n\n\n\n<p>\u25ba<strong>Data:<\/strong>&nbsp;02\/02\/2020<br \/>\u25ba<strong>Vagas:&nbsp;<\/strong>1.660<br \/>\u25ba<strong>Cargos:<\/strong>&nbsp;V\u00e1rios<br \/>\u25ba<strong>Lota\u00e7\u00f5es:<\/strong>&nbsp;V\u00e1rios Estados<br \/>\u25ba<strong>Banca:<\/strong> IBFC<br \/>\u25ba<strong>Escolaridade:<\/strong>&nbsp;N\u00edvel m\u00e9dio\/t\u00e9cnico e superior <br \/>\u25ba <strong>Editais<\/strong>: <\/p>\n\n\n\n<div class=\"wp-block-file\"><a href=\"https:\/\/dhg1h5j42swfq.cloudfront.net\/2019\/11\/04120751\/Edital-EBSERH-%C3%81rea-M%C3%A9dica.pdf\">Edital-EBSERH-\u00c1rea-M\u00e9dica<\/a><a href=\"https:\/\/dhg1h5j42swfq.cloudfront.net\/2019\/11\/04120751\/Edital-EBSERH-%C3%81rea-M%C3%A9dica.pdf\" class=\"wp-block-file__button\" download>Baixar<\/a><\/div>\n\n\n\n<div class=\"wp-block-file\"><a href=\"https:\/\/dhg1h5j42swfq.cloudfront.net\/2019\/11\/04122510\/Edital-EBSERH-%C3%81rea-Assistencial.pdf\">Edital-EBSERH-\u00c1rea-Assistencial<\/a><a href=\"https:\/\/dhg1h5j42swfq.cloudfront.net\/2019\/11\/04122510\/Edital-EBSERH-%C3%81rea-Assistencial.pdf\" class=\"wp-block-file__button\" download>Baixar<\/a><\/div>\n\n\n\n<div class=\"wp-block-file\"><a href=\"https:\/\/dhg1h5j42swfq.cloudfront.net\/2019\/11\/04124046\/Edital-EBSERH-%C3%81rea-ADMINISTRATIVA.pdf\">Edital-EBSERH-\u00c1rea-ADMINISTRATIVA<\/a><a href=\"https:\/\/dhg1h5j42swfq.cloudfront.net\/2019\/11\/04124046\/Edital-EBSERH-%C3%81rea-ADMINISTRATIVA.pdf\" class=\"wp-block-file__button\" download>Baixar<\/a><\/div>\n","protected":false},"excerpt":{"rendered":"<p>Sob organiza\u00e7\u00e3o do Instituto Brasileiro de Forma\u00e7\u00e3o e Capacita\u00e7\u00e3o- IBFC, o concurso nacional da Empresa Brasileira de Servi\u00e7os Hospitalares, EBSERH, lan\u00e7ou o Edital EBSERH 2019 nesta segunda-feira, 04 de novembro. De acordo com o documento do Edital EBSERH ser\u00e3o 1.660 vagas distribu\u00eddas em 03 editais, com vagas para n\u00edvel m\u00e9dio, m\u00e9dio\/t\u00e9cnico e superior, sendo: 553 [&hellip;]<\/p>\n","protected":false},"author":1,"featured_media":443656,"comment_status":"open","ping_status":"closed","sticky":false,"template":"","format":"standard","meta":{"post_tipo":"news","footnotes":""},"categories":[1981],"tags":[],"tax_estado":[219963],"class_list":["post-443554","post","type-post","status-publish","format-standard","has-post-thumbnail","hentry","category-saude","tax_estado-concursos-federais"],"acf":[],"yoast_head":"<!-- This site is optimized with the Yoast SEO Premium plugin v27.2 (Yoast SEO v27.2) - https:\/\/yoast.com\/product\/yoast-seo-premium-wordpress\/ -->\n<title>Edital EBSERH: 1.660 vagas em 36 unidades<\/title>\n<meta name=\"description\" content=\"Edital EBSERH 2019 Publicado! S\u00e3o 1.660 vagas para \u00e1rea m\u00e9dica, assistencial e administrativa + CR. Confira tudo sobre o Edital EBSERH aqui!\" \/>\n<meta name=\"robots\" content=\"index, follow, max-snippet:-1, max-image-preview:large, max-video-preview:-1\" \/>\n<link rel=\"canonical\" href=\"https:\/\/www.estrategiaconcursos.com.br\/blog\/edital-ebserh-2019\/\" \/>\n<meta property=\"og:locale\" content=\"pt_BR\" \/>\n<meta property=\"og:type\" content=\"article\" \/>\n<meta property=\"og:title\" content=\"Edital EBSERH: 1.660 vagas em 36 unidades\" \/>\n<meta property=\"og:description\" content=\"Edital EBSERH 2019 Publicado! S\u00e3o 1.660 vagas para \u00e1rea m\u00e9dica, assistencial e administrativa + CR. Confira tudo sobre o Edital EBSERH aqui!\" \/>\n<meta property=\"og:url\" content=\"https:\/\/www.estrategiaconcursos.com.br\/blog\/edital-ebserh-2019\/\" \/>\n<meta property=\"og:site_name\" content=\"Estrat\u00e9gia Concursos\" \/>\n<meta property=\"article:author\" content=\"https:\/\/www.facebook.com\/EstrategiaConcursos\" \/>\n<meta property=\"article:published_time\" content=\"2019-11-04T15:02:10+00:00\" \/>\n<meta property=\"article:modified_time\" content=\"2022-01-13T18:43:06+00:00\" \/>\n<meta property=\"og:image\" content=\"https:\/\/dhg1h5j42swfq.cloudfront.net\/2019\/11\/04102235\/WhatsApp-Image-2019-11-04-at-08.32.55.jpeg\" \/>\n\t<meta property=\"og:image:width\" content=\"1200\" \/>\n\t<meta property=\"og:image:height\" content=\"628\" \/>\n\t<meta property=\"og:image:type\" content=\"image\/jpeg\" \/>\n<meta name=\"author\" content=\"Coordena\u00e7\u00e3o\" \/>\n<meta name=\"twitter:card\" content=\"summary_large_image\" \/>\n<meta name=\"twitter:creator\" content=\"@EstratConcursos\" \/>\n<meta name=\"twitter:site\" content=\"@EstratConcursos\" \/>\n<meta name=\"twitter:label1\" content=\"Escrito por\" \/>\n\t<meta name=\"twitter:data1\" content=\"Coordena\u00e7\u00e3o\" \/>\n\t<meta name=\"twitter:label2\" content=\"Est. tempo de leitura\" \/>\n\t<meta name=\"twitter:data2\" content=\"7 minutos\" \/>\n<script type=\"application\/ld+json\" class=\"yoast-schema-graph\">{\"@context\":\"https:\/\/schema.org\",\"@graph\":[{\"@type\":\"NewsArticle\",\"@id\":\"https:\/\/www.estrategiaconcursos.com.br\/blog\/edital-ebserh-2019\/#article\",\"isPartOf\":{\"@id\":\"https:\/\/www.estrategiaconcursos.com.br\/blog\/edital-ebserh-2019\/\"},\"author\":{\"name\":\"Coordena\u00e7\u00e3o\",\"@id\":\"https:\/\/www.estrategiaconcursos.com.br\/blog\/#\/schema\/person\/b4a388c97673c5f483d72185668afa1f\"},\"headline\":\"Edital EBSERH: 1.660 vagas em 36 unidades\",\"datePublished\":\"2019-11-04T15:02:10+00:00\",\"dateModified\":\"2022-01-13T18:43:06+00:00\",\"mainEntityOfPage\":{\"@id\":\"https:\/\/www.estrategiaconcursos.com.br\/blog\/edital-ebserh-2019\/\"},\"wordCount\":1211,\"commentCount\":5,\"publisher\":{\"@id\":\"https:\/\/www.estrategiaconcursos.com.br\/blog\/#organization\"},\"image\":{\"@id\":\"https:\/\/www.estrategiaconcursos.com.br\/blog\/edital-ebserh-2019\/#primaryimage\"},\"thumbnailUrl\":\"https:\/\/dhg1h5j42swfq.cloudfront.net\/2019\/11\/04102235\/WhatsApp-Image-2019-11-04-at-08.32.55.jpeg\",\"articleSection\":[\"Sa\u00fade\"],\"inLanguage\":\"pt-BR\",\"potentialAction\":[{\"@type\":\"CommentAction\",\"name\":\"Comment\",\"target\":[\"https:\/\/www.estrategiaconcursos.com.br\/blog\/edital-ebserh-2019\/#respond\"]}],\"copyrightYear\":\"2019\",\"copyrightHolder\":{\"@id\":\"https:\/\/www.estrategiaconcursos.com.br\/blog\/#organization\"}},{\"@type\":\"WebPage\",\"@id\":\"https:\/\/www.estrategiaconcursos.com.br\/blog\/edital-ebserh-2019\/\",\"url\":\"https:\/\/www.estrategiaconcursos.com.br\/blog\/edital-ebserh-2019\/\",\"name\":\"Edital EBSERH: 1.660 vagas em 36 unidades\",\"isPartOf\":{\"@id\":\"https:\/\/www.estrategiaconcursos.com.br\/blog\/#website\"},\"primaryImageOfPage\":{\"@id\":\"https:\/\/www.estrategiaconcursos.com.br\/blog\/edital-ebserh-2019\/#primaryimage\"},\"image\":{\"@id\":\"https:\/\/www.estrategiaconcursos.com.br\/blog\/edital-ebserh-2019\/#primaryimage\"},\"thumbnailUrl\":\"https:\/\/dhg1h5j42swfq.cloudfront.net\/2019\/11\/04102235\/WhatsApp-Image-2019-11-04-at-08.32.55.jpeg\",\"datePublished\":\"2019-11-04T15:02:10+00:00\",\"dateModified\":\"2022-01-13T18:43:06+00:00\",\"description\":\"Edital EBSERH 2019 Publicado! S\u00e3o 1.660 vagas para \u00e1rea m\u00e9dica, assistencial e administrativa + CR. Confira tudo sobre o Edital EBSERH aqui!\",\"breadcrumb\":{\"@id\":\"https:\/\/www.estrategiaconcursos.com.br\/blog\/edital-ebserh-2019\/#breadcrumb\"},\"inLanguage\":\"pt-BR\",\"potentialAction\":[{\"@type\":\"ReadAction\",\"target\":[\"https:\/\/www.estrategiaconcursos.com.br\/blog\/edital-ebserh-2019\/\"]}]},{\"@type\":\"ImageObject\",\"inLanguage\":\"pt-BR\",\"@id\":\"https:\/\/www.estrategiaconcursos.com.br\/blog\/edital-ebserh-2019\/#primaryimage\",\"url\":\"https:\/\/dhg1h5j42swfq.cloudfront.net\/2019\/11\/04102235\/WhatsApp-Image-2019-11-04-at-08.32.55.jpeg\",\"contentUrl\":\"https:\/\/dhg1h5j42swfq.cloudfront.net\/2019\/11\/04102235\/WhatsApp-Image-2019-11-04-at-08.32.55.jpeg\",\"width\":1200,\"height\":628,\"caption\":\"Concurso Prefeitura de Paranava\u00ed\"},{\"@type\":\"BreadcrumbList\",\"@id\":\"https:\/\/www.estrategiaconcursos.com.br\/blog\/edital-ebserh-2019\/#breadcrumb\",\"itemListElement\":[{\"@type\":\"ListItem\",\"position\":1,\"name\":\"In\u00edcio\",\"item\":\"https:\/\/www.estrategiaconcursos.com.br\/blog\/\"},{\"@type\":\"ListItem\",\"position\":2,\"name\":\"Edital EBSERH: 1.660 vagas em 36 unidades\"}]},{\"@type\":\"WebSite\",\"@id\":\"https:\/\/www.estrategiaconcursos.com.br\/blog\/#website\",\"url\":\"https:\/\/www.estrategiaconcursos.com.br\/blog\/\",\"name\":\"Estrat\u00e9gia Concursos\",\"description\":\"O blog da Estrat\u00e9gia Concursos traz not\u00edcias sobre concursos e artigos de professores oferecendo cursos para concursos (pdf + videaulas) no site.\",\"publisher\":{\"@id\":\"https:\/\/www.estrategiaconcursos.com.br\/blog\/#organization\"},\"potentialAction\":[{\"@type\":\"SearchAction\",\"target\":{\"@type\":\"EntryPoint\",\"urlTemplate\":\"https:\/\/www.estrategiaconcursos.com.br\/blog\/?s={search_term_string}\"},\"query-input\":{\"@type\":\"PropertyValueSpecification\",\"valueRequired\":true,\"valueName\":\"search_term_string\"}}],\"inLanguage\":\"pt-BR\"},{\"@type\":\"Organization\",\"@id\":\"https:\/\/www.estrategiaconcursos.com.br\/blog\/#organization\",\"name\":\"Estrat\u00e9gia Concursos\",\"url\":\"https:\/\/www.estrategiaconcursos.com.br\/blog\/\",\"logo\":{\"@type\":\"ImageObject\",\"inLanguage\":\"pt-BR\",\"@id\":\"https:\/\/www.estrategiaconcursos.com.br\/blog\/#\/schema\/logo\/image\/\",\"url\":\"https:\/\/dhg1h5j42swfq.cloudfront.net\/2025\/06\/03203428\/logo_concursos-1.jpg\",\"contentUrl\":\"https:\/\/dhg1h5j42swfq.cloudfront.net\/2025\/06\/03203428\/logo_concursos-1.jpg\",\"width\":230,\"height\":60,\"caption\":\"Estrat\u00e9gia Concursos\"},\"image\":{\"@id\":\"https:\/\/www.estrategiaconcursos.com.br\/blog\/#\/schema\/logo\/image\/\"},\"sameAs\":[\"https:\/\/x.com\/EstratConcursos\"]},{\"@type\":\"Person\",\"@id\":\"https:\/\/www.estrategiaconcursos.com.br\/blog\/#\/schema\/person\/b4a388c97673c5f483d72185668afa1f\",\"name\":\"Coordena\u00e7\u00e3o\",\"image\":{\"@type\":\"ImageObject\",\"inLanguage\":\"pt-BR\",\"@id\":\"https:\/\/secure.gravatar.com\/avatar\/b720319e4c9a967eb58678d110f4fe35452fc5d5f97b202bac7b8acceb18c6ad?s=96&d=mm&r=g\",\"url\":\"https:\/\/secure.gravatar.com\/avatar\/b720319e4c9a967eb58678d110f4fe35452fc5d5f97b202bac7b8acceb18c6ad?s=96&d=mm&r=g\",\"contentUrl\":\"https:\/\/secure.gravatar.com\/avatar\/b720319e4c9a967eb58678d110f4fe35452fc5d5f97b202bac7b8acceb18c6ad?s=96&d=mm&r=g\",\"caption\":\"Coordena\u00e7\u00e3o\"},\"sameAs\":[\"https:\/\/www.facebook.com\/EstrategiaConcursos\",\"https:\/\/x.com\/EstratConcursos\"],\"url\":\"https:\/\/www.estrategiaconcursos.com.br\/blog\/author\/estrategia2013\/\"}]}<\/script>\n<!-- \/ Yoast SEO Premium plugin. -->","yoast_head_json":{"title":"Edital EBSERH: 1.660 vagas em 36 unidades","description":"Edital EBSERH 2019 Publicado! S\u00e3o 1.660 vagas para \u00e1rea m\u00e9dica, assistencial e administrativa + CR. Confira tudo sobre o Edital EBSERH aqui!","robots":{"index":"index","follow":"follow","max-snippet":"max-snippet:-1","max-image-preview":"max-image-preview:large","max-video-preview":"max-video-preview:-1"},"canonical":"https:\/\/www.estrategiaconcursos.com.br\/blog\/edital-ebserh-2019\/","og_locale":"pt_BR","og_type":"article","og_title":"Edital EBSERH: 1.660 vagas em 36 unidades","og_description":"Edital EBSERH 2019 Publicado! S\u00e3o 1.660 vagas para \u00e1rea m\u00e9dica, assistencial e administrativa + CR. Confira tudo sobre o Edital EBSERH aqui!","og_url":"https:\/\/www.estrategiaconcursos.com.br\/blog\/edital-ebserh-2019\/","og_site_name":"Estrat\u00e9gia Concursos","article_author":"https:\/\/www.facebook.com\/EstrategiaConcursos","article_published_time":"2019-11-04T15:02:10+00:00","article_modified_time":"2022-01-13T18:43:06+00:00","og_image":[{"width":1200,"height":628,"url":"https:\/\/dhg1h5j42swfq.cloudfront.net\/2019\/11\/04102235\/WhatsApp-Image-2019-11-04-at-08.32.55.jpeg","type":"image\/jpeg"}],"author":"Coordena\u00e7\u00e3o","twitter_card":"summary_large_image","twitter_creator":"@EstratConcursos","twitter_site":"@EstratConcursos","twitter_misc":{"Escrito por":"Coordena\u00e7\u00e3o","Est. tempo de leitura":"7 minutos"},"schema":{"@context":"https:\/\/schema.org","@graph":[{"@type":"NewsArticle","@id":"https:\/\/www.estrategiaconcursos.com.br\/blog\/edital-ebserh-2019\/#article","isPartOf":{"@id":"https:\/\/www.estrategiaconcursos.com.br\/blog\/edital-ebserh-2019\/"},"author":{"name":"Coordena\u00e7\u00e3o","@id":"https:\/\/www.estrategiaconcursos.com.br\/blog\/#\/schema\/person\/b4a388c97673c5f483d72185668afa1f"},"headline":"Edital EBSERH: 1.660 vagas em 36 unidades","datePublished":"2019-11-04T15:02:10+00:00","dateModified":"2022-01-13T18:43:06+00:00","mainEntityOfPage":{"@id":"https:\/\/www.estrategiaconcursos.com.br\/blog\/edital-ebserh-2019\/"},"wordCount":1211,"commentCount":5,"publisher":{"@id":"https:\/\/www.estrategiaconcursos.com.br\/blog\/#organization"},"image":{"@id":"https:\/\/www.estrategiaconcursos.com.br\/blog\/edital-ebserh-2019\/#primaryimage"},"thumbnailUrl":"https:\/\/dhg1h5j42swfq.cloudfront.net\/2019\/11\/04102235\/WhatsApp-Image-2019-11-04-at-08.32.55.jpeg","articleSection":["Sa\u00fade"],"inLanguage":"pt-BR","potentialAction":[{"@type":"CommentAction","name":"Comment","target":["https:\/\/www.estrategiaconcursos.com.br\/blog\/edital-ebserh-2019\/#respond"]}],"copyrightYear":"2019","copyrightHolder":{"@id":"https:\/\/www.estrategiaconcursos.com.br\/blog\/#organization"}},{"@type":"WebPage","@id":"https:\/\/www.estrategiaconcursos.com.br\/blog\/edital-ebserh-2019\/","url":"https:\/\/www.estrategiaconcursos.com.br\/blog\/edital-ebserh-2019\/","name":"Edital EBSERH: 1.660 vagas em 36 unidades","isPartOf":{"@id":"https:\/\/www.estrategiaconcursos.com.br\/blog\/#website"},"primaryImageOfPage":{"@id":"https:\/\/www.estrategiaconcursos.com.br\/blog\/edital-ebserh-2019\/#primaryimage"},"image":{"@id":"https:\/\/www.estrategiaconcursos.com.br\/blog\/edital-ebserh-2019\/#primaryimage"},"thumbnailUrl":"https:\/\/dhg1h5j42swfq.cloudfront.net\/2019\/11\/04102235\/WhatsApp-Image-2019-11-04-at-08.32.55.jpeg","datePublished":"2019-11-04T15:02:10+00:00","dateModified":"2022-01-13T18:43:06+00:00","description":"Edital EBSERH 2019 Publicado! S\u00e3o 1.660 vagas para \u00e1rea m\u00e9dica, assistencial e administrativa + CR. Confira tudo sobre o Edital EBSERH aqui!","breadcrumb":{"@id":"https:\/\/www.estrategiaconcursos.com.br\/blog\/edital-ebserh-2019\/#breadcrumb"},"inLanguage":"pt-BR","potentialAction":[{"@type":"ReadAction","target":["https:\/\/www.estrategiaconcursos.com.br\/blog\/edital-ebserh-2019\/"]}]},{"@type":"ImageObject","inLanguage":"pt-BR","@id":"https:\/\/www.estrategiaconcursos.com.br\/blog\/edital-ebserh-2019\/#primaryimage","url":"https:\/\/dhg1h5j42swfq.cloudfront.net\/2019\/11\/04102235\/WhatsApp-Image-2019-11-04-at-08.32.55.jpeg","contentUrl":"https:\/\/dhg1h5j42swfq.cloudfront.net\/2019\/11\/04102235\/WhatsApp-Image-2019-11-04-at-08.32.55.jpeg","width":1200,"height":628,"caption":"Concurso Prefeitura de Paranava\u00ed"},{"@type":"BreadcrumbList","@id":"https:\/\/www.estrategiaconcursos.com.br\/blog\/edital-ebserh-2019\/#breadcrumb","itemListElement":[{"@type":"ListItem","position":1,"name":"In\u00edcio","item":"https:\/\/www.estrategiaconcursos.com.br\/blog\/"},{"@type":"ListItem","position":2,"name":"Edital EBSERH: 1.660 vagas em 36 unidades"}]},{"@type":"WebSite","@id":"https:\/\/www.estrategiaconcursos.com.br\/blog\/#website","url":"https:\/\/www.estrategiaconcursos.com.br\/blog\/","name":"Estrat\u00e9gia Concursos","description":"O blog da Estrat\u00e9gia Concursos traz not\u00edcias sobre concursos e artigos de professores oferecendo cursos para concursos (pdf + videaulas) no site.","publisher":{"@id":"https:\/\/www.estrategiaconcursos.com.br\/blog\/#organization"},"potentialAction":[{"@type":"SearchAction","target":{"@type":"EntryPoint","urlTemplate":"https:\/\/www.estrategiaconcursos.com.br\/blog\/?s={search_term_string}"},"query-input":{"@type":"PropertyValueSpecification","valueRequired":true,"valueName":"search_term_string"}}],"inLanguage":"pt-BR"},{"@type":"Organization","@id":"https:\/\/www.estrategiaconcursos.com.br\/blog\/#organization","name":"Estrat\u00e9gia Concursos","url":"https:\/\/www.estrategiaconcursos.com.br\/blog\/","logo":{"@type":"ImageObject","inLanguage":"pt-BR","@id":"https:\/\/www.estrategiaconcursos.com.br\/blog\/#\/schema\/logo\/image\/","url":"https:\/\/dhg1h5j42swfq.cloudfront.net\/2025\/06\/03203428\/logo_concursos-1.jpg","contentUrl":"https:\/\/dhg1h5j42swfq.cloudfront.net\/2025\/06\/03203428\/logo_concursos-1.jpg","width":230,"height":60,"caption":"Estrat\u00e9gia Concursos"},"image":{"@id":"https:\/\/www.estrategiaconcursos.com.br\/blog\/#\/schema\/logo\/image\/"},"sameAs":["https:\/\/x.com\/EstratConcursos"]},{"@type":"Person","@id":"https:\/\/www.estrategiaconcursos.com.br\/blog\/#\/schema\/person\/b4a388c97673c5f483d72185668afa1f","name":"Coordena\u00e7\u00e3o","image":{"@type":"ImageObject","inLanguage":"pt-BR","@id":"https:\/\/secure.gravatar.com\/avatar\/b720319e4c9a967eb58678d110f4fe35452fc5d5f97b202bac7b8acceb18c6ad?s=96&d=mm&r=g","url":"https:\/\/secure.gravatar.com\/avatar\/b720319e4c9a967eb58678d110f4fe35452fc5d5f97b202bac7b8acceb18c6ad?s=96&d=mm&r=g","contentUrl":"https:\/\/secure.gravatar.com\/avatar\/b720319e4c9a967eb58678d110f4fe35452fc5d5f97b202bac7b8acceb18c6ad?s=96&d=mm&r=g","caption":"Coordena\u00e7\u00e3o"},"sameAs":["https:\/\/www.facebook.com\/EstrategiaConcursos","https:\/\/x.com\/EstratConcursos"],"url":"https:\/\/www.estrategiaconcursos.com.br\/blog\/author\/estrategia2013\/"}]}},"_links":{"self":[{"href":"https:\/\/www.estrategiaconcursos.com.br\/blog\/wp-json\/wp\/v2\/posts\/443554","targetHints":{"allow":["GET"]}}],"collection":[{"href":"https:\/\/www.estrategiaconcursos.com.br\/blog\/wp-json\/wp\/v2\/posts"}],"about":[{"href":"https:\/\/www.estrategiaconcursos.com.br\/blog\/wp-json\/wp\/v2\/types\/post"}],"author":[{"embeddable":true,"href":"https:\/\/www.estrategiaconcursos.com.br\/blog\/wp-json\/wp\/v2\/users\/1"}],"replies":[{"embeddable":true,"href":"https:\/\/www.estrategiaconcursos.com.br\/blog\/wp-json\/wp\/v2\/comments?post=443554"}],"version-history":[{"count":8,"href":"https:\/\/www.estrategiaconcursos.com.br\/blog\/wp-json\/wp\/v2\/posts\/443554\/revisions"}],"predecessor-version":[{"id":946846,"href":"https:\/\/www.estrategiaconcursos.com.br\/blog\/wp-json\/wp\/v2\/posts\/443554\/revisions\/946846"}],"wp:featuredmedia":[{"embeddable":true,"href":"https:\/\/www.estrategiaconcursos.com.br\/blog\/wp-json\/wp\/v2\/media\/443656"}],"wp:attachment":[{"href":"https:\/\/www.estrategiaconcursos.com.br\/blog\/wp-json\/wp\/v2\/media?parent=443554"}],"wp:term":[{"taxonomy":"category","embeddable":true,"href":"https:\/\/www.estrategiaconcursos.com.br\/blog\/wp-json\/wp\/v2\/categories?post=443554"},{"taxonomy":"post_tag","embeddable":true,"href":"https:\/\/www.estrategiaconcursos.com.br\/blog\/wp-json\/wp\/v2\/tags?post=443554"},{"taxonomy":"tax_estado","embeddable":true,"href":"https:\/\/www.estrategiaconcursos.com.br\/blog\/wp-json\/wp\/v2\/tax_estado?post=443554"}],"curies":[{"name":"wp","href":"https:\/\/api.w.org\/{rel}","templated":true}]}}