{"id":443031,"date":"2019-12-10T00:00:00","date_gmt":"2019-12-10T03:00:00","guid":{"rendered":"https:\/\/www.estrategiaconcursos.com.br\/blog\/?p=443031"},"modified":"2019-12-11T13:01:49","modified_gmt":"2019-12-11T16:01:49","slug":"edital-prefeitura-de-imperatriz","status":"publish","type":"post","link":"https:\/\/www.estrategiaconcursos.com.br\/blog\/edital-prefeitura-de-imperatriz\/","title":{"rendered":"Edital Prefeitura de Imperatriz: inscri\u00e7\u00f5es abertas para o edital 2"},"content":{"rendered":"\n<p>A <strong>Prefeitura de Imperatriz<\/strong> publicou <em>dois editais de concurso p\u00fablico<\/em>. O primeiro j\u00e1 est\u00e1 com inscri\u00e7\u00f5es encerradas e as provas previstas para o dia 15 de dezembro. J\u00e1 o segundo, as inscri\u00e7\u00f5es podem ser realizadas at\u00e9 o dia 26 de dezembro. <\/p>\n\n\n\n<p>O procedimento para candidatura deve ser realizado no site da <strong>Funda\u00e7\u00e3o Sous\u00e2ndrade de Apoio ao Desenvolvimento da UFMA<\/strong> \u2013 FSADU, banca organizadora.   <\/p>\n\n\n\n<h2 class=\"wp-block-heading\" id=\"datas\">Principais datas do concurso Prefeitura de Imperatriz<\/h2>\n\n\n\n<ul class=\"wp-block-list\"><li><strong>EDITAL 1:<\/strong><ul><li><strong>Inscri\u00e7\u00f5es<\/strong>:\u00a0<s>at\u00e9 02 de dezembro de 2019<\/s>\u00a0[ENCERRADAS]<\/li><li><strong>Prazo para pagamento<\/strong>:\u00a0<s>at\u00e9 03\/12\/2019<\/s>\u00a0[ENCERRADO]<\/li><li><strong>Prova<\/strong>: 15 de dezembro<\/li><\/ul><\/li><li><strong>EDITAL 2:<\/strong><ul><li><strong>Inscri\u00e7\u00f5es<\/strong>: at\u00e9 26 de dezembro de 2019<\/li><li><strong>Prazo para pagamento<\/strong>: at\u00e9 27\/12\/2019<\/li><li><strong>Prova<\/strong>: 26 de janeiro de 2020<\/li><\/ul><\/li><\/ul>\n\n\n\n<h2 class=\"wp-block-heading\" id=\"cargos-vagas\">Cargos e vagas &#8211; Edital 1<\/h2>\n\n\n\n<h3 class=\"wp-block-heading\">N\u00edvel m\u00e9dio e t\u00e9cnico<\/h3>\n\n\n\n<table class=\"wp-block-table has-subtle-pale-blue-background-color has-fixed-layout has-background is-style-stripes\"><tbody><tr><td><strong>CARGO<\/strong><\/td><td><strong>VAGAS<\/strong><\/td><td><strong>REMUNERA\u00c7\u00c3O<\/strong><\/td><\/tr><tr><td> Condutor de Ambul\u00e2ncia <\/td><td>6 + 6 CR<\/td><td> R$ 1.465,92 <\/td><\/tr><tr><td> T\u00e9cnico de Enfermagem <\/td><td>66 + 134 CR<\/td><td> R$ 1.150,00 <\/td><\/tr><tr><td> T\u00e9cnico de Imobiliza\u00e7\u00e3o Ortop\u00e9dica <\/td><td>2 + 3 CR<\/td><td> R$ 1.150,00 <\/td><\/tr><tr><td> T\u00e9cnico de Laborat\u00f3rio e An\u00e1lises Cl\u00ednicas <\/td><td>2 + 2 CR<\/td><td> R$ 1.150,00 <\/td><\/tr><tr><td> T\u00e9cnico em Radiologia <\/td><td>7 + 15 CR<\/td><td> R$ 1.619,00 <\/td><\/tr><\/tbody><\/table>\n\n\n\n<h3 class=\"wp-block-heading\">N\u00edvel superior<\/h3>\n\n\n\n<table class=\"wp-block-table has-subtle-pale-blue-background-color has-fixed-layout has-background is-style-stripes\"><tbody><tr><td><strong>CARGO<\/strong><\/td><td><strong>VAGAS<\/strong><\/td><td><strong>REMUNERA\u00c7\u00c3O<\/strong><\/td><\/tr><tr><td> Professor n\u00edvel III \u2013 Educa\u00e7\u00e3o Infantil e S\u00e9ries Iniciais <\/td><td>154 + 309 CR<\/td><td> R$ 1.950,00 <\/td><\/tr><tr><td> Professor n\u00edvel III \u2013 Fundamental (diversas disciplinas)<\/td><td>93 + 457 CR<\/td><td> R$ 2.557,73  <\/td><\/tr><tr><td> Pedagogo Educa\u00e7\u00e3o <\/td><td>30 + 85 CR<\/td><td> R$ 3.500,00 <\/td><\/tr><tr><td> Psicopedagogo <\/td><td>2 + 3 CR<\/td><td> R$ 1.986,85 <\/td><\/tr><tr><td> Cirurgi\u00e3o Dentista \u2013 Buco Maxilo <\/td><td>1 + 1 CR<\/td><td> R$ 1.986,85 <\/td><\/tr><tr><td> Cirurgi\u00e3o Dentista \u2013 Cl\u00ednico Geral <\/td><td>1<\/td><td> R$ 1.986,85 <\/td><\/tr><tr><td> Cirurgi\u00e3o Dentista \u2013 Pacientes Especiais <\/td><td>1<\/td><td> R$ 1.986,85 <\/td><\/tr><tr><td> Enfermeiro <\/td><td>11 + 33 CR<\/td><td> R$ 2.647,10 <\/td><\/tr><tr><td> Enfermeiro do Trabalho <\/td><td>1 + 1 CR<\/td><td> R$ 2.647,10 <\/td><\/tr><tr><td> Farmac\u00eautico <\/td><td>6 + 11 CR<\/td><td> R$ 1.986,85 <\/td><\/tr><tr><td> Fisioterapeuta <\/td><td>6 + 5 CR<\/td><td> R$ 1.986,85 <\/td><\/tr><tr><td> Fonoaudi\u00f3logo <\/td><td>1 + 4 CR<\/td><td> R$ 1.986,85 <\/td><\/tr><tr><td> M\u00e9dico (v\u00e1rias especialidades)<\/td><td>56 + 119 CR<\/td><td> R$ 5.578,74 <\/td><\/tr><tr><td> M\u00e9dico Generalista \u2013 PSF <\/td><td>12 + 30 CR<\/td><td> R$ 7.366,80 <\/td><\/tr><tr><td> M\u00e9dico SAMU Regulador\/ Intervencionista <\/td><td>4 + 9 CR<\/td><td> R$ 5.578,74 <\/td><\/tr><tr><td> Nutricionista <\/td><td>11 + 18 CR<\/td><td> R$ 1.986,85 <\/td><\/tr><tr><td> Psic\u00f3logo <\/td><td>6 + 17 CR<\/td><td> R$ 1.986,85 <\/td><\/tr><tr><td> Terapeuta Ocupacional <\/td><td>2 + 6 CR<\/td><td> R$ 1.986,85 <\/td><\/tr><\/tbody><\/table>\n\n\n\n<p>Para o cargo de <strong>Professor do Fundamental<\/strong> foram disponibilizadas as seguintes disciplinas espec\u00edficas para atuar na Zona Rural e Urbana:<\/p>\n\n\n\n<div class=\"wp-block-columns has-2-columns is-layout-flex wp-container-core-columns-is-layout-28f84493 wp-block-columns-is-layout-flex\">\n<div class=\"wp-block-column is-layout-flow wp-block-column-is-layout-flow\">\n<p>\u2022 Ci\u00eancias<br \/>\u2022 Educa\u00e7\u00e3o F\u00edsica<br \/>\u2022 Geografia<br \/>\u2022 Hist\u00f3ria<\/p>\n<\/div>\n\n\n\n<div class=\"wp-block-column is-layout-flow wp-block-column-is-layout-flow\">\n<p>\u2022 Ingl\u00eas<br \/>\u2022 L\u00edngua Portuguesa<br \/>\u2022 Matem\u00e1tica<\/p>\n<\/div>\n<\/div>\n\n\n\n<p>As especialidades do cargo de <strong>M\u00e9dico <\/strong>s\u00e3o:<\/p>\n\n\n\n<div class=\"wp-block-columns has-2-columns is-layout-flex wp-container-core-columns-is-layout-28f84493 wp-block-columns-is-layout-flex\">\n<div class=\"wp-block-column is-layout-flow wp-block-column-is-layout-flow\">\n<p>\u2022 Anestesista<br \/>\u2022 Angiologista<br \/>\u2022 Cardiologista<br \/>\u2022 Cirurgi\u00e3o Geral <br \/>\u2022 Cirurgi\u00e3o Pedi\u00e1trico<br \/>\u2022 Endocrinologista<br \/>\u2022 Gastroenterologista<br \/>\u2022 Gastroenterologista Pedi\u00e1trica<br \/>\u2022 Hematologista<br \/>\u2022 Infectologista<br \/>\u2022 Intensivista<br \/>\u2022 Nefrologista<br \/>\u2022 Nefrologista Pediatra<\/p>\n<\/div>\n\n\n\n<div class=\"wp-block-column is-layout-flow wp-block-column-is-layout-flow\">\n<p>\u2022 Neurocirurgi\u00e3o<br \/>\u2022 Neurologista<br \/>\u2022 Oftalmologista<br \/>\u2022 Ortopedista<br \/>\u2022 Otorrinolaringologista<br \/>\u2022 Pediatra<br \/>\u2022 Pneumologista<br \/>\u2022 Psiquiatra<br \/>\u2022 Radiologista<br \/>\u2022 Reumatologista<br \/>\u2022 Seguran\u00e7a do Trabalho<br \/>\u2022 Generalista<\/p>\n<\/div>\n<\/div>\n\n\n\n<h2 class=\"wp-block-heading\">Cargos e vagas &#8211; Edital 2 <\/h2>\n\n\n\n<h3 class=\"wp-block-heading\">N\u00edvel m\u00e9dio e t\u00e9cnico<\/h3>\n\n\n\n<table class=\"wp-block-table has-subtle-pale-blue-background-color has-fixed-layout has-background is-style-stripes\"><tbody><tr><td><strong>CARGO<\/strong><\/td><td><strong>VAGAS<\/strong><\/td><td><strong>REMUNERA\u00c7\u00c3O<\/strong><\/td><\/tr><tr><td> Agente de Defesa Civil <\/td><td>6 + 6 CR<\/td><td> R$ 1.150,00 <\/td><\/tr><tr><td> Agente de Fiscaliza\u00e7\u00e3o <\/td><td>11 + 34 CR<\/td><td> R$ 1.836,90 <\/td><\/tr><tr><td> Agente de Fiscaliza\u00e7\u00e3o Fazend\u00e1ria <\/td><td>7 + 6 CR<\/td><td> R$ 3.025,00 <\/td><\/tr><tr><td> Agente de Inspe\u00e7\u00e3o de Abate de Animais <\/td><td>1 + 1 CR<\/td><td> R$ 1.150,00 <\/td><\/tr><tr><td> Agente de Receita <\/td><td>2 + 3 CR<\/td><td> R$ 2.420,00 <\/td><\/tr><tr><td> Operador de Esta\u00e7\u00e3o de Capta\u00e7\u00e3o, Tratamento e Distribui\u00e7\u00e3o de \u00c1gua <\/td><td>4 + 6 CR<\/td><td> R$ 1.150,00 <\/td><\/tr><tr><td> T\u00e9cnico Agr\u00edcola <\/td><td>1 + 1 CR<\/td><td> R$ 1.150,00 <\/td><\/tr><tr><td> T\u00e9cnico em Contabilidade <\/td><td>2 + 3 CR<\/td><td> R$ 4.000,00 <\/td><\/tr><tr><td> T\u00e9cnico em Edifica\u00e7\u00f5es <\/td><td>4 + 5 CR<\/td><td> R$ 1.150,00 <\/td><\/tr><tr><td> T\u00e9cnico em Inform\u00e1tica <\/td><td>11 + 22 CR<\/td><td> R$ 1.150,00 <\/td><\/tr><tr><td> T\u00e9cnico em Seguran\u00e7a do Trabalho <\/td><td>4 + 6 CR<\/td><td> R$ 1.150,00 <\/td><\/tr><\/tbody><\/table>\n\n\n\n<h3 class=\"wp-block-heading\">N\u00edvel superior<\/h3>\n\n\n\n<table class=\"wp-block-table has-subtle-pale-blue-background-color has-fixed-layout has-background is-style-stripes\"><tbody><tr><td><strong>CARGO<\/strong><\/td><td><strong>VAGAS<\/strong><\/td><td><strong>REMUNERA\u00c7\u00c3O<\/strong><\/td><\/tr><tr><td> Auditor de Controle Interno <\/td><td>2 + 10 CR<\/td><td> R$ 1.986,85 <\/td><\/tr><tr><td> Auditor Fiscal de Tributos Municipais <\/td><td>5 + 6 CR<\/td><td> R$ 5.200,00 <\/td><\/tr><tr><td> Contador <\/td><td>2 + 3 CR<\/td><td> R$ 6.000,00 <\/td><\/tr><tr><td> Agente Municipal de Tr\u00e2nsito <\/td><td>11 + 19 CR<\/td><td> R$ 1.986,85 <\/td><\/tr><tr><td> Administrador <\/td><td>2 + 3 CR<\/td><td> R$ 1.986,85 <\/td><\/tr><tr><td> Analista de Sistemas \u2013 Desenvolvimento <\/td><td>2 + 3 CR<\/td><td> R$ 1.986,85 <\/td><\/tr><tr><td> Arquiteto Urbanista <\/td><td>4 + 5 CR<\/td><td> R$ 2.647,10 <\/td><\/tr><tr><td> Assistente Social<\/td><td>11 + 27 CR<\/td><td> R$ 1.986,85 <\/td><\/tr><tr><td> Bi\u00f3logo <\/td><td>2 + 4 CR<\/td><td> R$ 1.986,85 <\/td><\/tr><tr><td> Economista <\/td><td>2 + 3 CR<\/td><td> R$ 1.986,85 <\/td><\/tr><tr><td> Educador F\u00edsico <\/td><td>3 + 6 CR<\/td><td> R$ 1.986,85 <\/td><\/tr><tr><td> Engenheiro (v\u00e1rias \u00e1reas)<\/td><td>14 + 18 CR<\/td><td> R$ 2.647,10 <\/td><\/tr><tr><td> M\u00e9dico Veterin\u00e1rio <\/td><td>1 + 1 CR<\/td><td> R$ 1.986,85 <\/td><\/tr><tr><td> Pedagogo <\/td><td>4 + 7 CR<\/td><td> R$ 1.986,85 <\/td><\/tr><tr><td> Qu\u00edmico <\/td><td>1 + 2 CR<\/td><td> R$ 2.647,10 <\/td><\/tr><tr><td> Turism\u00f3logo <\/td><td>1 + 2 CR<\/td><td> R$ 1.986,85 <\/td><\/tr><\/tbody><\/table>\n\n\n\n<h2 class=\"wp-block-heading\" id=\"etapas\">Etapas e provas<\/h2>\n\n\n\n<h3 class=\"wp-block-heading\">EDITAL 1<\/h3>\n\n\n\n<h4 class=\"wp-block-heading\">Prova Objetiva &#8211; prevista para 15 de dezembro<\/h4>\n\n\n\n<p>Para todos os cargos, ser\u00e1 aplicada Prova Objetiva com quest\u00f5es de m\u00faltipla escolha, de car\u00e1ter eliminat\u00f3rio e classificat\u00f3rio, com dura\u00e7\u00e3o de 4 horas.<\/p>\n\n\n\n<ul class=\"wp-block-list\"><li><strong>Professor (todos):<\/strong><ul><li><em>L\u00edngua Portuguesa &#8211; 10<\/em><\/li><li><em>No\u00e7\u00f5es de Inform\u00e1tica &#8211; 05 <\/em><\/li><li><em>Fundamentos da Educa\u00e7\u00e3o &#8211; 09<\/em><\/li><li><em>Hist\u00f3ria e Geografia do Munic\u00edpio &#8211; 06 <\/em><\/li><li><em>Conhecimentos Espec\u00edficos &#8211; 30<\/em><\/li><\/ul><\/li><\/ul>\n\n\n\n<ul class=\"wp-block-list\"><li><strong>Pedagogo Educa\u00e7\u00e3o e Psicopedagogo:<\/strong><ul><li><em>L\u00edngua Portuguesa &#8211; 15 <\/em><\/li><li><em>No\u00e7\u00f5es de Inform\u00e1tica &#8211; 09 <\/em><\/li><li><em>Hist\u00f3ria e Geografia do Munic\u00edpio &#8211; 06 <\/em><\/li><li><em>Conhecimentos Espec\u00edficos &#8211; 30 <\/em><\/li><\/ul><\/li><\/ul>\n\n\n\n<ul class=\"wp-block-list\"><li><strong>Demais cargos de n\u00edvel superior:<\/strong><ul><li><em>L\u00edngua Portuguesa &#8211; 15 <\/em><\/li><li><em>No\u00e7\u00f5es de Inform\u00e1tica &#8211; 09 <\/em><\/li><li><em>Hist\u00f3ria e Geografia do Munic\u00edpio &#8211; 06 <\/em><\/li><li><em>Conhecimentos Espec\u00edficos &#8211; 30 <\/em><\/li><\/ul><\/li><\/ul>\n\n\n\n<ul class=\"wp-block-list\"><li><strong>Cargos de n\u00edvel m\u00e9dio:<\/strong><ul><li><em>L\u00edngua Portuguesa &#8211; 10 <\/em><\/li><li><em>Matem\u00e1tica &#8211; 09 <\/em><\/li><li><em>No\u00e7\u00f5es de Inform\u00e1tica &#8211; 05 <\/em><\/li><li><em>Hist\u00f3ria e Geografia do Munic\u00edpio &#8211; 06 <\/em><\/li><li><em>Conhecimentos Espec\u00edficos &#8211; 30 <\/em><\/li><\/ul><\/li><\/ul>\n\n\n\n<h4 class=\"wp-block-heading\">Prova de T\u00edtulos<\/h4>\n\n\n\n<p>Aos cargos de n\u00edvel superior ser\u00e1 cobrada uma avalia\u00e7\u00e3o de T\u00edtulos de car\u00e1ter apenas classificat\u00f3rio.<\/p>\n\n\n\n<ul class=\"wp-block-list\"><li><strong>a) Especializa\u00e7\u00e3o <\/strong>\u2013 curso em n\u00edvel de p\u00f3s-gradua\u00e7\u00e3o lato sensu, com dura\u00e7\u00e3o m\u00ednima de 360 horas, e oferecido por institui\u00e7\u00f5es de Ensino Superior oficialmente credenciadas. Confere ao participante o t\u00edtulo de Especialista<\/li><li><strong>b) Mestrado<\/strong> \u2013 curso em n\u00edvel de p\u00f3s-gradua\u00e7\u00e3o stricto sensu, devidamente autorizado e reconhecido pelo MEC. Confere ao participante o t\u00edtulo de Mestre<\/li><li><strong>c) Doutorado<\/strong> \u2013 curso em n\u00edvel de p\u00f3s-gradua\u00e7\u00e3o stricto sensu, devidamente autorizado e reconhecido pelo MEC. Confere ao participante o t\u00edtulo de Doutor<\/li><\/ul>\n\n\n\n<h3 class=\"wp-block-heading\">EDITAL 2<\/h3>\n\n\n\n<h4 class=\"wp-block-heading\">Prova Objetiva &#8211; prevista para 26 de janeiro de 2020<\/h4>\n\n\n\n<p>Para todos os cargos, ser\u00e1 aplicada Prova Objetiva com quest\u00f5es de m\u00faltipla escolha, de car\u00e1ter eliminat\u00f3rio e classificat\u00f3rio, com dura\u00e7\u00e3o de 4 horas. <\/p>\n\n\n\n<ul class=\"wp-block-list\"><li><strong>Auditor de Controle Interno, Auditor Fiscal de Tributos Municipais e Contador:<\/strong><ul><li><em>L\u00edngua Portuguesa &#8211; 10 <\/em><\/li><\/ul><ul><li><em>No\u00e7\u00f5es de Inform\u00e1tica &#8211; 09 <\/em><\/li><li><em>Hist\u00f3ria e Geografia do Munic\u00edpio &#8211; 06 <\/em><\/li><li><em>Conhecimentos Espec\u00edficos &#8211; 45 <\/em><\/li><\/ul><\/li><\/ul>\n\n\n\n<ul class=\"wp-block-list\"><li><strong>Demais cargos de n\u00edvel superior<\/strong><ul><li><em>L\u00edngua Portuguesa &#8211; 15 <\/em><\/li><li><em>No\u00e7\u00f5es de Inform\u00e1tica &#8211; 09 <\/em><\/li><li><em>Hist\u00f3ria e Geografia do Munic\u00edpio &#8211; 06 <\/em><\/li><li><em>Conhecimentos Espec\u00edficos &#8211; 30 <\/em><\/li><\/ul><\/li><\/ul>\n\n\n\n<ul class=\"wp-block-list\"><li><strong>Cargos de n\u00edvel m\u00e9dio:<\/strong><ul><li><em>L\u00edngua Portuguesa &#8211; 10 <\/em><\/li><li><em>Matem\u00e1tica &#8211; 09 <\/em><\/li><li><em>No\u00e7\u00f5es de Inform\u00e1tica &#8211; 05 <\/em><\/li><li><em>Hist\u00f3ria e Geografia do Munic\u00edpio &#8211; 06 <\/em><\/li><li><em>Conhecimentos Espec\u00edficos &#8211; 30 <\/em><\/li><\/ul><\/li><\/ul>\n\n\n\n<h3 class=\"wp-block-heading\">Prova de T\u00edtulos<\/h3>\n\n\n\n<p>A Prova de T\u00edtulos ter\u00e1 car\u00e1ter apenas classificat\u00f3rio e ser\u00e1 aplicada somente aos cargos de Auditor de Controle Interno, Auditor Fiscal de Tributos Municipais e Contador.<\/p>\n\n\n\n<ul class=\"wp-block-list\"><li><strong>a) Especializa\u00e7\u00e3o<\/strong> \u2013 curso em n\u00edvel de p\u00f3s-gradua\u00e7\u00e3o lato sensu, com dura\u00e7\u00e3o m\u00ednima de 360 horas, e oferecido por institui\u00e7\u00f5es de Ensino Superior oficialmente credenciadas. Confere ao participante o t\u00edtulo de Especialista<\/li><li><strong>b) Mestrado<\/strong> \u2013 curso em n\u00edvel de p\u00f3s-gradua\u00e7\u00e3o stricto sensu, devidamente autorizado e reconhecido pelo MEC. Confere ao participante o t\u00edtulo de Mestre<\/li><li><strong>c) Doutorado<\/strong> \u2013 curso em n\u00edvel de p\u00f3s-gradua\u00e7\u00e3o stricto sensu, devidamente autorizado e reconhecido pelo MEC. Confere ao participante o t\u00edtulo de Doutor <\/li><\/ul>\n\n\n\n<h3 class=\"wp-block-heading\">Teste de Aptid\u00e3o F\u00edsica<\/h3>\n\n\n\n<p>O Teste de Aptid\u00e3o F\u00edsica \u2013 TAF ter\u00e1 car\u00e1ter eliminat\u00f3rio, podendo participar desta etapa somente os candidatos inscritos para o cargo Agente Municipal de Tr\u00e2nsito, n\u00e3o eliminados na Prova Objetiva <\/p>\n\n\n\n<p><\/p>\n\n\n\n<table class=\"wp-block-table has-subtle-pale-blue-background-color has-fixed-layout has-background is-style-stripes\"><tbody><tr><td><strong>Teste<\/strong><\/td><td><strong>Masculino<\/strong><\/td><td><strong>Feminino<\/strong><\/td><\/tr><tr><td>Flex\u00e3o e extens\u00e3o de cotovelos na barra fixa<\/td><td>6 repeti\u00e7\u00f5es<\/td><td>&#8211;<\/td><\/tr><tr><td>Flex\u00e3o e extens\u00e3o de cotovelos com apoio de frente sobre o solo<\/td><td>&#8211;<\/td><td>10 execu\u00e7\u00f5es<\/td><\/tr><tr><td>Flex\u00e3o abdominal &#8211; 1 minuto<\/td><td>25 repeti\u00e7\u00f5es <\/td><td>15 repeti\u00e7\u00f5es <\/td><\/tr><tr><td>Corrida de 12 minutos<\/td><td>2.400 metros <\/td><td>2.000 metros <\/td><\/tr><\/tbody><\/table>\n\n\n\n<h2 class=\"wp-block-heading\">Edital Estrat\u00e9gico<\/h2>\n\n\n\n<p style=\"font-size:22px;text-align:center\" class=\"has-background has-very-light-gray-background-color\"><a rel=\"noreferrer noopener\" href=\"https:\/\/drive.google.com\/open?id=1NibfIffPKqqajDQ6hkK3KsPmHBXttZEQ\" target=\"_blank\"><strong>Administrador<\/strong><\/a><\/p>\n\n\n\n<p style=\"font-size:22px;text-align:center\" class=\"has-background has-very-light-gray-background-color\"><a rel=\"noreferrer noopener\" href=\"https:\/\/drive.google.com\/open?id=1fAe_H4HQRlcCsaiBICRujpSCtopsWXPO\" target=\"_blank\"><strong>Agente da Receita<\/strong><\/a><\/p>\n\n\n\n<p style=\"font-size:22px;text-align:center\" class=\"has-background has-very-light-gray-background-color\"><a rel=\"noreferrer noopener\" href=\"https:\/\/drive.google.com\/open?id=1TJKoidruV06gsVOcUNwW-1WLzUfazAGJ\" target=\"_blank\"><strong>Agente de Defesa Civil<\/strong><\/a><\/p>\n\n\n\n<p style=\"font-size:22px;text-align:center\" class=\"has-background has-very-light-gray-background-color\"><a rel=\"noreferrer noopener\" href=\"https:\/\/drive.google.com\/open?id=1Si9sXKL542ZGubxrH8pjMbsgrvySM0j_\" target=\"_blank\"><strong>Agente de Fiscaliza\u00e7\u00e3o<\/strong><\/a><\/p>\n\n\n\n<p style=\"font-size:22px;text-align:center\" class=\"has-background has-very-light-gray-background-color\"><a rel=\"noreferrer noopener\" href=\"https:\/\/drive.google.com\/open?id=1OLQ2pzluJlywHxluyhaDBhaBzyAXlxke\" target=\"_blank\"><strong>Agente de Fiscaliza\u00e7\u00e3o Fazend\u00e1ria<\/strong><\/a><\/p>\n\n\n\n<p style=\"font-size:22px;text-align:center\" class=\"has-background has-very-light-gray-background-color\"><a rel=\"noreferrer noopener\" href=\"https:\/\/drive.google.com\/open?id=1IzGFwBkaOPdnTZ--MzV5OFNFxFRrrU7k\" target=\"_blank\"><strong>Auditor de Controle Interno<\/strong><\/a><\/p>\n\n\n\n<p style=\"font-size:22px;text-align:center\" class=\"has-background has-very-light-gray-background-color\"><a rel=\"noreferrer noopener\" href=\"https:\/\/drive.google.com\/open?id=1GzNKESuZGkujqSV-2H4V70_gxUbj-0lm\" target=\"_blank\"><strong>Auditor Fiscal<\/strong><\/a><\/p>\n\n\n\n<p style=\"font-size:22px;text-align:center\" class=\"has-background has-very-light-gray-background-color\"><a rel=\"noreferrer noopener\" href=\"https:\/\/drive.google.com\/open?id=14yAd57yxPt0DBcCcK2BlFJzHJJyeXxpg\" target=\"_blank\"><strong>Contador<\/strong><\/a><\/p>\n\n\n\n<hr class=\"wp-block-separator\"\/>\n\n\n\n<h2 class=\"wp-block-heading\" style=\"text-align:center\" id=\"cursos-assinatura\">Quer estudar para o concurso Prefeitura de Imperatriz?<\/h2>\n\n\n\n<p style=\"text-align:center\"><em>Gostou desta oportunidade e deseja come\u00e7ar se preparar agora mesmo? Ent\u00e3o, confira os nossos cursos e comece a estudar:<\/em><\/p>\n\n\n\n<p style=\"font-size:22px;text-align:center\" class=\"has-background has-light-green-cyan-background-color\"><strong><a rel=\"noreferrer noopener\" aria-label=\"Cursos Prefeitura de Imperatriz (abre numa nova aba)\" href=\"https:\/\/www.estrategiaconcursos.com.br\/cursosPorConcurso\/prefeitura-municipal-de-imperatriz-ma\/\" target=\"_blank\">Cursos Prefeitura de Imperatriz<\/a><\/strong><\/p>\n\n\n\n<p style=\"text-align:center\" class=\"has-medium-font-size\"><strong><em>Fique por dentro de todos os concursos<\/em><\/strong><\/p>\n\n\n\n<p style=\"font-size:22px;text-align:center\" class=\"has-background has-pale-cyan-blue-background-color\"><a rel=\"noreferrer noopener\" href=\"https:\/\/www.estrategiaconcursos.com.br\/blog\/concursos-abertos\/\" target=\"_blank\"><strong>CONCURSOS ABERTOS<\/strong><\/a><\/p>\n\n\n\n<p style=\"font-size:22px;text-align:center\" class=\"has-background has-pale-cyan-blue-background-color\"><a rel=\"noreferrer noopener\" href=\"https:\/\/www.estrategiaconcursos.com.br\/blog\/concursos-2019\/\" target=\"_blank\"><strong>CONCURSOS 2019<\/strong><\/a><\/p>\n\n\n\n<p style=\"font-size:22px;text-align:center\" class=\"has-background has-pale-cyan-blue-background-color\"><a rel=\"noreferrer noopener\" href=\"https:\/\/www.estrategiaconcursos.com.br\/blog\/concursos-2020\/\" target=\"_blank\"><strong>CONCURSOS&nbsp;2020<\/strong><\/a><\/p>\n\n\n\n<figure class=\"wp-block-image\"><img loading=\"lazy\" decoding=\"async\" width=\"300\" height=\"102\" src=\"https:\/\/dhg1h5j42swfq.cloudfront.net\/2017\/03\/28152500\/coruja-ficha-tecnica-300x102.png\" alt=\"\" class=\"wp-image-68542\"\/><\/figure>\n\n\n\n<h3 class=\"wp-block-heading\" id=\"ficha-tecnica\"><strong>Informa\u00e7\u00f5es sobre o c<\/strong>oncurso Prefeitura de Imperatriz<\/h3>\n\n\n\n<p><strong>\u2666<span style=\"text-decoration: underline;\">EDITAL 1<\/span>:<br \/><\/strong>\u25ba<strong>Provas<\/strong>: 15\/12<br \/>\u25ba<strong>Vagas<\/strong>: 481 + 1.268 CR<br \/>\u25ba<strong>Cargos<\/strong>: Diversos<br \/>\u25ba<strong>Banca<\/strong>: FSADU<br \/>\u25ba<strong>Escolaridade<\/strong>: N\u00edvel m\u00e9dio e superior<br \/>\u25ba<strong>Edital<\/strong>:\u00a0<a rel=\"noreferrer noopener\" href=\"https:\/\/www.fsadu.org.br\/c\/1279\/get_doc.php?id=1&amp;c=f80a7f4a90f6c04462e545fd55a19c89cceb00bc\" target=\"_blank\">Edital Prefeitura de Imperatriz 1<\/a> <\/p>\n\n\n\n<p><strong>\u2666<span style=\"text-decoration: underline;\">EDITAL 2<\/span>:<br \/><\/strong>\u25ba<strong>Provas<\/strong>: 26\/01\/2020<br \/>\u25ba<strong>Vagas<\/strong>: 120 + 212 CR<br \/>\u25ba<strong>Cargos<\/strong>: Diversos<br \/>\u25ba<strong>Banca<\/strong>: FSADU<br \/>\u25ba<strong>Escolaridade<\/strong>: N\u00edvel m\u00e9dio e superior<br \/>\u25ba<strong>Edital<\/strong>:\u00a0<a rel=\"noreferrer noopener\" href=\"https:\/\/www.fsadu.org.br\/c\/1283\/get_doc.php?id=1&amp;c=f80a7f4a90f6c04462e545fd55a19c89cceb00bc\" target=\"_blank\">Edital Prefeitura de Imperatriz 2<\/a> <\/p>\n\n\n\n<p><br \/><em>Ascom Estrat\u00e9gia<\/em><br \/>ascomestrategia@gmail.com<\/p>\n","protected":false},"excerpt":{"rendered":"<p>A Prefeitura de Imperatriz publicou dois editais de concurso p\u00fablico. O primeiro j\u00e1 est\u00e1 com inscri\u00e7\u00f5es encerradas e as provas previstas para o dia 15 de dezembro. J\u00e1 o segundo, as inscri\u00e7\u00f5es podem ser realizadas at\u00e9 o dia 26 de dezembro. O procedimento para candidatura deve ser realizado no site da Funda\u00e7\u00e3o Sous\u00e2ndrade de Apoio [&hellip;]<\/p>\n","protected":false},"author":260,"featured_media":419116,"comment_status":"open","ping_status":"closed","sticky":false,"template":"","format":"standard","meta":{"post_tipo":"article","footnotes":""},"categories":[1],"tags":[],"tax_estado":[],"class_list":["post-443031","post","type-post","status-publish","format-standard","has-post-thumbnail","hentry","category-cursos-e-concursos"],"acf":[],"yoast_head":"<!-- This site is optimized with the Yoast SEO Premium plugin v27.2 (Yoast SEO v27.2) - https:\/\/yoast.com\/product\/yoast-seo-premium-wordpress\/ -->\n<title>Edital Prefeitura de Imperatriz: inscri\u00e7\u00f5es abertas para o edital 2<\/title>\n<meta name=\"robots\" content=\"index, follow, max-snippet:-1, max-image-preview:large, max-video-preview:-1\" \/>\n<link rel=\"canonical\" href=\"https:\/\/www.estrategiaconcursos.com.br\/blog\/edital-prefeitura-de-imperatriz\/\" \/>\n<meta property=\"og:locale\" content=\"pt_BR\" \/>\n<meta property=\"og:type\" content=\"article\" \/>\n<meta property=\"og:title\" content=\"Edital Prefeitura de Imperatriz: inscri\u00e7\u00f5es abertas para o edital 2\" \/>\n<meta property=\"og:description\" content=\"A Prefeitura de Imperatriz publicou dois editais de concurso p\u00fablico. O primeiro j\u00e1 est\u00e1 com inscri\u00e7\u00f5es encerradas e as provas previstas para o dia 15 de dezembro. J\u00e1 o segundo, as inscri\u00e7\u00f5es podem ser realizadas at\u00e9 o dia 26 de dezembro. O procedimento para candidatura deve ser realizado no site da Funda\u00e7\u00e3o Sous\u00e2ndrade de Apoio [&hellip;]\" \/>\n<meta property=\"og:url\" content=\"https:\/\/www.estrategiaconcursos.com.br\/blog\/edital-prefeitura-de-imperatriz\/\" \/>\n<meta property=\"og:site_name\" content=\"Estrat\u00e9gia Concursos\" \/>\n<meta property=\"article:published_time\" content=\"2019-12-10T03:00:00+00:00\" \/>\n<meta property=\"article:modified_time\" content=\"2019-12-11T16:01:49+00:00\" \/>\n<meta property=\"og:image\" content=\"https:\/\/dhg1h5j42swfq.cloudfront.net\/2019\/06\/12092058\/saiu-edital-2.jpg\" \/>\n\t<meta property=\"og:image:width\" content=\"1200\" \/>\n\t<meta property=\"og:image:height\" content=\"628\" \/>\n\t<meta property=\"og:image:type\" content=\"image\/jpeg\" \/>\n<meta name=\"author\" content=\"Diego Cerqueira Berbert Vasconcelos\" \/>\n<meta name=\"twitter:card\" content=\"summary_large_image\" \/>\n<meta name=\"twitter:creator\" content=\"@EstratConcursos\" \/>\n<meta name=\"twitter:site\" content=\"@EstratConcursos\" \/>\n<meta name=\"twitter:label1\" content=\"Escrito por\" \/>\n\t<meta name=\"twitter:data1\" content=\"Diego Cerqueira Berbert Vasconcelos\" \/>\n\t<meta name=\"twitter:label2\" content=\"Est. tempo de leitura\" \/>\n\t<meta name=\"twitter:data2\" content=\"6 minutos\" \/>\n<script type=\"application\/ld+json\" class=\"yoast-schema-graph\">{\"@context\":\"https:\/\/schema.org\",\"@graph\":[{\"@type\":\"NewsArticle\",\"@id\":\"https:\/\/www.estrategiaconcursos.com.br\/blog\/edital-prefeitura-de-imperatriz\/#article\",\"isPartOf\":{\"@id\":\"https:\/\/www.estrategiaconcursos.com.br\/blog\/edital-prefeitura-de-imperatriz\/\"},\"author\":{\"name\":\"Diego Cerqueira Berbert Vasconcelos\",\"@id\":\"https:\/\/www.estrategiaconcursos.com.br\/blog\/#\/schema\/person\/7fbf898fd336f5ce58a961518beff68c\"},\"headline\":\"Edital Prefeitura de Imperatriz: inscri\u00e7\u00f5es abertas para o edital 2\",\"datePublished\":\"2019-12-10T03:00:00+00:00\",\"dateModified\":\"2019-12-11T16:01:49+00:00\",\"mainEntityOfPage\":{\"@id\":\"https:\/\/www.estrategiaconcursos.com.br\/blog\/edital-prefeitura-de-imperatriz\/\"},\"wordCount\":1276,\"commentCount\":0,\"publisher\":{\"@id\":\"https:\/\/www.estrategiaconcursos.com.br\/blog\/#organization\"},\"image\":{\"@id\":\"https:\/\/www.estrategiaconcursos.com.br\/blog\/edital-prefeitura-de-imperatriz\/#primaryimage\"},\"thumbnailUrl\":\"https:\/\/dhg1h5j42swfq.cloudfront.net\/2019\/06\/12092058\/saiu-edital-2.jpg\",\"articleSection\":[\"Concursos P\u00fablicos\"],\"inLanguage\":\"pt-BR\",\"potentialAction\":[{\"@type\":\"CommentAction\",\"name\":\"Comment\",\"target\":[\"https:\/\/www.estrategiaconcursos.com.br\/blog\/edital-prefeitura-de-imperatriz\/#respond\"]}],\"copyrightYear\":\"2019\",\"copyrightHolder\":{\"@id\":\"https:\/\/www.estrategiaconcursos.com.br\/blog\/#organization\"}},{\"@type\":\"WebPage\",\"@id\":\"https:\/\/www.estrategiaconcursos.com.br\/blog\/edital-prefeitura-de-imperatriz\/\",\"url\":\"https:\/\/www.estrategiaconcursos.com.br\/blog\/edital-prefeitura-de-imperatriz\/\",\"name\":\"Edital Prefeitura de Imperatriz: inscri\u00e7\u00f5es abertas para o edital 2\",\"isPartOf\":{\"@id\":\"https:\/\/www.estrategiaconcursos.com.br\/blog\/#website\"},\"primaryImageOfPage\":{\"@id\":\"https:\/\/www.estrategiaconcursos.com.br\/blog\/edital-prefeitura-de-imperatriz\/#primaryimage\"},\"image\":{\"@id\":\"https:\/\/www.estrategiaconcursos.com.br\/blog\/edital-prefeitura-de-imperatriz\/#primaryimage\"},\"thumbnailUrl\":\"https:\/\/dhg1h5j42swfq.cloudfront.net\/2019\/06\/12092058\/saiu-edital-2.jpg\",\"datePublished\":\"2019-12-10T03:00:00+00:00\",\"dateModified\":\"2019-12-11T16:01:49+00:00\",\"breadcrumb\":{\"@id\":\"https:\/\/www.estrategiaconcursos.com.br\/blog\/edital-prefeitura-de-imperatriz\/#breadcrumb\"},\"inLanguage\":\"pt-BR\",\"potentialAction\":[{\"@type\":\"ReadAction\",\"target\":[\"https:\/\/www.estrategiaconcursos.com.br\/blog\/edital-prefeitura-de-imperatriz\/\"]}]},{\"@type\":\"ImageObject\",\"inLanguage\":\"pt-BR\",\"@id\":\"https:\/\/www.estrategiaconcursos.com.br\/blog\/edital-prefeitura-de-imperatriz\/#primaryimage\",\"url\":\"https:\/\/dhg1h5j42swfq.cloudfront.net\/2019\/06\/12092058\/saiu-edital-2.jpg\",\"contentUrl\":\"https:\/\/dhg1h5j42swfq.cloudfront.net\/2019\/06\/12092058\/saiu-edital-2.jpg\",\"width\":1200,\"height\":628,\"caption\":\"concurso creci ms\"},{\"@type\":\"BreadcrumbList\",\"@id\":\"https:\/\/www.estrategiaconcursos.com.br\/blog\/edital-prefeitura-de-imperatriz\/#breadcrumb\",\"itemListElement\":[{\"@type\":\"ListItem\",\"position\":1,\"name\":\"In\u00edcio\",\"item\":\"https:\/\/www.estrategiaconcursos.com.br\/blog\/\"},{\"@type\":\"ListItem\",\"position\":2,\"name\":\"Edital Prefeitura de Imperatriz: inscri\u00e7\u00f5es abertas para o edital 2\"}]},{\"@type\":\"WebSite\",\"@id\":\"https:\/\/www.estrategiaconcursos.com.br\/blog\/#website\",\"url\":\"https:\/\/www.estrategiaconcursos.com.br\/blog\/\",\"name\":\"Estrat\u00e9gia Concursos\",\"description\":\"O blog da Estrat\u00e9gia Concursos traz not\u00edcias sobre concursos e artigos de professores oferecendo cursos para concursos (pdf + videaulas) no site.\",\"publisher\":{\"@id\":\"https:\/\/www.estrategiaconcursos.com.br\/blog\/#organization\"},\"potentialAction\":[{\"@type\":\"SearchAction\",\"target\":{\"@type\":\"EntryPoint\",\"urlTemplate\":\"https:\/\/www.estrategiaconcursos.com.br\/blog\/?s={search_term_string}\"},\"query-input\":{\"@type\":\"PropertyValueSpecification\",\"valueRequired\":true,\"valueName\":\"search_term_string\"}}],\"inLanguage\":\"pt-BR\"},{\"@type\":\"Organization\",\"@id\":\"https:\/\/www.estrategiaconcursos.com.br\/blog\/#organization\",\"name\":\"Estrat\u00e9gia Concursos\",\"url\":\"https:\/\/www.estrategiaconcursos.com.br\/blog\/\",\"logo\":{\"@type\":\"ImageObject\",\"inLanguage\":\"pt-BR\",\"@id\":\"https:\/\/www.estrategiaconcursos.com.br\/blog\/#\/schema\/logo\/image\/\",\"url\":\"https:\/\/dhg1h5j42swfq.cloudfront.net\/2025\/06\/03203428\/logo_concursos-1.jpg\",\"contentUrl\":\"https:\/\/dhg1h5j42swfq.cloudfront.net\/2025\/06\/03203428\/logo_concursos-1.jpg\",\"width\":230,\"height\":60,\"caption\":\"Estrat\u00e9gia Concursos\"},\"image\":{\"@id\":\"https:\/\/www.estrategiaconcursos.com.br\/blog\/#\/schema\/logo\/image\/\"},\"sameAs\":[\"https:\/\/x.com\/EstratConcursos\"]},{\"@type\":\"Person\",\"@id\":\"https:\/\/www.estrategiaconcursos.com.br\/blog\/#\/schema\/person\/7fbf898fd336f5ce58a961518beff68c\",\"name\":\"Diego Cerqueira Berbert Vasconcelos\",\"image\":{\"@type\":\"ImageObject\",\"inLanguage\":\"pt-BR\",\"@id\":\"https:\/\/secure.gravatar.com\/avatar\/ed2d045a7390980cad1a92d24dcc39d10ef55b88fcb9fb9c047979bf4ddeb1ce?s=96&d=mm&r=g\",\"url\":\"https:\/\/secure.gravatar.com\/avatar\/ed2d045a7390980cad1a92d24dcc39d10ef55b88fcb9fb9c047979bf4ddeb1ce?s=96&d=mm&r=g\",\"contentUrl\":\"https:\/\/secure.gravatar.com\/avatar\/ed2d045a7390980cad1a92d24dcc39d10ef55b88fcb9fb9c047979bf4ddeb1ce?s=96&d=mm&r=g\",\"caption\":\"Diego Cerqueira Berbert Vasconcelos\"},\"url\":\"https:\/\/www.estrategiaconcursos.com.br\/blog\/author\/diegocerqueiraestrategiaconcursos-com-br\/\"}]}<\/script>\n<!-- \/ Yoast SEO Premium plugin. -->","yoast_head_json":{"title":"Edital Prefeitura de Imperatriz: inscri\u00e7\u00f5es abertas para o edital 2","robots":{"index":"index","follow":"follow","max-snippet":"max-snippet:-1","max-image-preview":"max-image-preview:large","max-video-preview":"max-video-preview:-1"},"canonical":"https:\/\/www.estrategiaconcursos.com.br\/blog\/edital-prefeitura-de-imperatriz\/","og_locale":"pt_BR","og_type":"article","og_title":"Edital Prefeitura de Imperatriz: inscri\u00e7\u00f5es abertas para o edital 2","og_description":"A Prefeitura de Imperatriz publicou dois editais de concurso p\u00fablico. O primeiro j\u00e1 est\u00e1 com inscri\u00e7\u00f5es encerradas e as provas previstas para o dia 15 de dezembro. J\u00e1 o segundo, as inscri\u00e7\u00f5es podem ser realizadas at\u00e9 o dia 26 de dezembro. O procedimento para candidatura deve ser realizado no site da Funda\u00e7\u00e3o Sous\u00e2ndrade de Apoio [&hellip;]","og_url":"https:\/\/www.estrategiaconcursos.com.br\/blog\/edital-prefeitura-de-imperatriz\/","og_site_name":"Estrat\u00e9gia Concursos","article_published_time":"2019-12-10T03:00:00+00:00","article_modified_time":"2019-12-11T16:01:49+00:00","og_image":[{"width":1200,"height":628,"url":"https:\/\/dhg1h5j42swfq.cloudfront.net\/2019\/06\/12092058\/saiu-edital-2.jpg","type":"image\/jpeg"}],"author":"Diego Cerqueira Berbert Vasconcelos","twitter_card":"summary_large_image","twitter_creator":"@EstratConcursos","twitter_site":"@EstratConcursos","twitter_misc":{"Escrito por":"Diego Cerqueira Berbert Vasconcelos","Est. tempo de leitura":"6 minutos"},"schema":{"@context":"https:\/\/schema.org","@graph":[{"@type":"NewsArticle","@id":"https:\/\/www.estrategiaconcursos.com.br\/blog\/edital-prefeitura-de-imperatriz\/#article","isPartOf":{"@id":"https:\/\/www.estrategiaconcursos.com.br\/blog\/edital-prefeitura-de-imperatriz\/"},"author":{"name":"Diego Cerqueira Berbert Vasconcelos","@id":"https:\/\/www.estrategiaconcursos.com.br\/blog\/#\/schema\/person\/7fbf898fd336f5ce58a961518beff68c"},"headline":"Edital Prefeitura de Imperatriz: inscri\u00e7\u00f5es abertas para o edital 2","datePublished":"2019-12-10T03:00:00+00:00","dateModified":"2019-12-11T16:01:49+00:00","mainEntityOfPage":{"@id":"https:\/\/www.estrategiaconcursos.com.br\/blog\/edital-prefeitura-de-imperatriz\/"},"wordCount":1276,"commentCount":0,"publisher":{"@id":"https:\/\/www.estrategiaconcursos.com.br\/blog\/#organization"},"image":{"@id":"https:\/\/www.estrategiaconcursos.com.br\/blog\/edital-prefeitura-de-imperatriz\/#primaryimage"},"thumbnailUrl":"https:\/\/dhg1h5j42swfq.cloudfront.net\/2019\/06\/12092058\/saiu-edital-2.jpg","articleSection":["Concursos P\u00fablicos"],"inLanguage":"pt-BR","potentialAction":[{"@type":"CommentAction","name":"Comment","target":["https:\/\/www.estrategiaconcursos.com.br\/blog\/edital-prefeitura-de-imperatriz\/#respond"]}],"copyrightYear":"2019","copyrightHolder":{"@id":"https:\/\/www.estrategiaconcursos.com.br\/blog\/#organization"}},{"@type":"WebPage","@id":"https:\/\/www.estrategiaconcursos.com.br\/blog\/edital-prefeitura-de-imperatriz\/","url":"https:\/\/www.estrategiaconcursos.com.br\/blog\/edital-prefeitura-de-imperatriz\/","name":"Edital Prefeitura de Imperatriz: inscri\u00e7\u00f5es abertas para o edital 2","isPartOf":{"@id":"https:\/\/www.estrategiaconcursos.com.br\/blog\/#website"},"primaryImageOfPage":{"@id":"https:\/\/www.estrategiaconcursos.com.br\/blog\/edital-prefeitura-de-imperatriz\/#primaryimage"},"image":{"@id":"https:\/\/www.estrategiaconcursos.com.br\/blog\/edital-prefeitura-de-imperatriz\/#primaryimage"},"thumbnailUrl":"https:\/\/dhg1h5j42swfq.cloudfront.net\/2019\/06\/12092058\/saiu-edital-2.jpg","datePublished":"2019-12-10T03:00:00+00:00","dateModified":"2019-12-11T16:01:49+00:00","breadcrumb":{"@id":"https:\/\/www.estrategiaconcursos.com.br\/blog\/edital-prefeitura-de-imperatriz\/#breadcrumb"},"inLanguage":"pt-BR","potentialAction":[{"@type":"ReadAction","target":["https:\/\/www.estrategiaconcursos.com.br\/blog\/edital-prefeitura-de-imperatriz\/"]}]},{"@type":"ImageObject","inLanguage":"pt-BR","@id":"https:\/\/www.estrategiaconcursos.com.br\/blog\/edital-prefeitura-de-imperatriz\/#primaryimage","url":"https:\/\/dhg1h5j42swfq.cloudfront.net\/2019\/06\/12092058\/saiu-edital-2.jpg","contentUrl":"https:\/\/dhg1h5j42swfq.cloudfront.net\/2019\/06\/12092058\/saiu-edital-2.jpg","width":1200,"height":628,"caption":"concurso creci ms"},{"@type":"BreadcrumbList","@id":"https:\/\/www.estrategiaconcursos.com.br\/blog\/edital-prefeitura-de-imperatriz\/#breadcrumb","itemListElement":[{"@type":"ListItem","position":1,"name":"In\u00edcio","item":"https:\/\/www.estrategiaconcursos.com.br\/blog\/"},{"@type":"ListItem","position":2,"name":"Edital Prefeitura de Imperatriz: inscri\u00e7\u00f5es abertas para o edital 2"}]},{"@type":"WebSite","@id":"https:\/\/www.estrategiaconcursos.com.br\/blog\/#website","url":"https:\/\/www.estrategiaconcursos.com.br\/blog\/","name":"Estrat\u00e9gia Concursos","description":"O blog da Estrat\u00e9gia Concursos traz not\u00edcias sobre concursos e artigos de professores oferecendo cursos para concursos (pdf + videaulas) no site.","publisher":{"@id":"https:\/\/www.estrategiaconcursos.com.br\/blog\/#organization"},"potentialAction":[{"@type":"SearchAction","target":{"@type":"EntryPoint","urlTemplate":"https:\/\/www.estrategiaconcursos.com.br\/blog\/?s={search_term_string}"},"query-input":{"@type":"PropertyValueSpecification","valueRequired":true,"valueName":"search_term_string"}}],"inLanguage":"pt-BR"},{"@type":"Organization","@id":"https:\/\/www.estrategiaconcursos.com.br\/blog\/#organization","name":"Estrat\u00e9gia Concursos","url":"https:\/\/www.estrategiaconcursos.com.br\/blog\/","logo":{"@type":"ImageObject","inLanguage":"pt-BR","@id":"https:\/\/www.estrategiaconcursos.com.br\/blog\/#\/schema\/logo\/image\/","url":"https:\/\/dhg1h5j42swfq.cloudfront.net\/2025\/06\/03203428\/logo_concursos-1.jpg","contentUrl":"https:\/\/dhg1h5j42swfq.cloudfront.net\/2025\/06\/03203428\/logo_concursos-1.jpg","width":230,"height":60,"caption":"Estrat\u00e9gia Concursos"},"image":{"@id":"https:\/\/www.estrategiaconcursos.com.br\/blog\/#\/schema\/logo\/image\/"},"sameAs":["https:\/\/x.com\/EstratConcursos"]},{"@type":"Person","@id":"https:\/\/www.estrategiaconcursos.com.br\/blog\/#\/schema\/person\/7fbf898fd336f5ce58a961518beff68c","name":"Diego Cerqueira Berbert Vasconcelos","image":{"@type":"ImageObject","inLanguage":"pt-BR","@id":"https:\/\/secure.gravatar.com\/avatar\/ed2d045a7390980cad1a92d24dcc39d10ef55b88fcb9fb9c047979bf4ddeb1ce?s=96&d=mm&r=g","url":"https:\/\/secure.gravatar.com\/avatar\/ed2d045a7390980cad1a92d24dcc39d10ef55b88fcb9fb9c047979bf4ddeb1ce?s=96&d=mm&r=g","contentUrl":"https:\/\/secure.gravatar.com\/avatar\/ed2d045a7390980cad1a92d24dcc39d10ef55b88fcb9fb9c047979bf4ddeb1ce?s=96&d=mm&r=g","caption":"Diego Cerqueira Berbert Vasconcelos"},"url":"https:\/\/www.estrategiaconcursos.com.br\/blog\/author\/diegocerqueiraestrategiaconcursos-com-br\/"}]}},"_links":{"self":[{"href":"https:\/\/www.estrategiaconcursos.com.br\/blog\/wp-json\/wp\/v2\/posts\/443031","targetHints":{"allow":["GET"]}}],"collection":[{"href":"https:\/\/www.estrategiaconcursos.com.br\/blog\/wp-json\/wp\/v2\/posts"}],"about":[{"href":"https:\/\/www.estrategiaconcursos.com.br\/blog\/wp-json\/wp\/v2\/types\/post"}],"author":[{"embeddable":true,"href":"https:\/\/www.estrategiaconcursos.com.br\/blog\/wp-json\/wp\/v2\/users\/260"}],"replies":[{"embeddable":true,"href":"https:\/\/www.estrategiaconcursos.com.br\/blog\/wp-json\/wp\/v2\/comments?post=443031"}],"version-history":[{"count":13,"href":"https:\/\/www.estrategiaconcursos.com.br\/blog\/wp-json\/wp\/v2\/posts\/443031\/revisions"}],"predecessor-version":[{"id":458987,"href":"https:\/\/www.estrategiaconcursos.com.br\/blog\/wp-json\/wp\/v2\/posts\/443031\/revisions\/458987"}],"wp:featuredmedia":[{"embeddable":true,"href":"https:\/\/www.estrategiaconcursos.com.br\/blog\/wp-json\/wp\/v2\/media\/419116"}],"wp:attachment":[{"href":"https:\/\/www.estrategiaconcursos.com.br\/blog\/wp-json\/wp\/v2\/media?parent=443031"}],"wp:term":[{"taxonomy":"category","embeddable":true,"href":"https:\/\/www.estrategiaconcursos.com.br\/blog\/wp-json\/wp\/v2\/categories?post=443031"},{"taxonomy":"post_tag","embeddable":true,"href":"https:\/\/www.estrategiaconcursos.com.br\/blog\/wp-json\/wp\/v2\/tags?post=443031"},{"taxonomy":"tax_estado","embeddable":true,"href":"https:\/\/www.estrategiaconcursos.com.br\/blog\/wp-json\/wp\/v2\/tax_estado?post=443031"}],"curies":[{"name":"wp","href":"https:\/\/api.w.org\/{rel}","templated":true}]}}