{"id":44268,"date":"2016-07-26T20:45:33","date_gmt":"2016-07-26T23:45:33","guid":{"rendered":"https:\/\/www.estrategiaconcursos.com.br\/blog\/?p=44268"},"modified":"2017-02-17T14:53:29","modified_gmt":"2017-02-17T17:53:29","slug":"defensor-publico-federal","status":"publish","type":"post","link":"https:\/\/www.estrategiaconcursos.com.br\/blog\/defensor-publico-federal\/","title":{"rendered":"Defensor P\u00fablico Federal: conhe\u00e7a minha carreira!"},"content":{"rendered":"<p style=\"text-align: justify;\">Ol\u00e1, pessoal! Meu nome \u00e9 Ricardo Schettini e sou professor de Direito do Consumidor do <img loading=\"lazy\" decoding=\"async\" class=\"alignleft wp-image-44558 size-full\" src=\"https:\/\/dhg1h5j42swfq.cloudfront.net\/2016\/07\/27082310\/defensor-publico-federal.jpg\" alt=\"defensor p\u00fablico federal\" width=\"200\" height=\"200\" srcset=\"https:\/\/dhg1h5j42swfq.cloudfront.net\/2016\/07\/27082310\/defensor-publico-federal.jpg 200w, https:\/\/dhg1h5j42swfq.cloudfront.net\/2016\/07\/27082310\/defensor-publico-federal.jpg 150w\" sizes=\"auto, (max-width: 200px) 100vw, 200px\" \/>Estrat\u00e9gia Concursos.\u00a0Hoje vou falar com voc\u00eas sobre a minha carreira: <em><strong>Defensor P\u00fablico Federal<\/strong><\/em>.<\/p>\n<p style=\"text-align: justify;\">Inicialmente, cabe um registro. A LC 132\/2009 alterou a nomenclatura do cargo de Defensor P\u00fablico da UNI\u00c3O para Defensor P\u00fablico FEDERAL. N\u00e3o obstante os sete anos de vig\u00eancia daquela lei complementar, ainda \u00e9 comum ser chamado nos f\u00f3runs de Defensor P\u00fablico da UNI\u00c3O.<\/p>\n<p style=\"text-align: justify;\">Pois bem. Ingressei na Defensoria P\u00fablica da UNI\u00c3O (o nome da institui\u00e7\u00e3o permanece o mesmo) em setembro de 2010. O concurso DPU exige muito do candidato, pois s\u00e3o cobradas 20 mat\u00e9rias aproximadamente (al\u00e9m das tradicionais, exige-se o conhecimento de Direito Penal Militar, Processo Penal Militar, Eleitoral e Princ\u00edpios Institucionais da Defensoria P\u00fablica). S\u00e3o realizadas 4 etapas: objetiva, discursiva (incluindo prova de peti\u00e7\u00e3o), oral e t\u00edtulos.<\/p>\n<p style=\"text-align: justify;\">Eu j\u00e1 vinha passando em algumas provas de primeira fase, mas com a DPU veio a surpresa: EU HAVIA SIDO APROVADO PARA A PROVA ORAL. Tens\u00e3o. N\u00e3o h\u00e1 outra palavra para descrever o sentimento de saber que em poucas semanas eu seria avaliado oralmente. Por falar em prova oral, os pontos s\u00e3o sorteados no mesmo dia, n\u00e3o havendo qualquer tempo para uma prepara\u00e7\u00e3o mais espec\u00edfica (h\u00e1 concursos em que os pontos s\u00e3o sorteados com 24 horas de anteced\u00eancia).<\/p>\n<p style=\"text-align: justify;\">A argui\u00e7\u00e3o \u00e9 feita em Bras\u00edlia\/DF. S\u00e3o 4 bancas, que ficam em 4 salas do local de prova. Em cada uma delas o candidato possui 10 minutos para responder as duas ou tr\u00eas perguntas que lhe s\u00e3o feitas. S\u00f3 duas ou tr\u00eas quest\u00f5es? Sim! Ent\u00e3o, deve ser bem tranquilo, n\u00e3o \u00e9? Ledo engano. Com esse baixo n\u00famero de quest\u00f5es, o candidato n\u00e3o pode dizer que n\u00e3o se recorda da resposta e seguir para a pr\u00f3xima quest\u00e3o. E foi por isso que ca\u00ed cerca de 65 posi\u00e7\u00f5es na prova oral. N\u00e3o sabia uma pergunta sobre Princ\u00edpios Institucionais da Defensoria P\u00fablica e, como n\u00e3o poderia pular a quest\u00e3o, o nervosismo ficou ainda maior. Acabei me enrolando. Resultado: minha lota\u00e7\u00e3o inicial, que at\u00e9 ent\u00e3o seria no Estado do Rio de Janeiro (meu Estado de origem), em instantes foi para a Regi\u00e3o Norte.<\/p>\n<p style=\"text-align: justify;\">Minha primeira lota\u00e7\u00e3o foi em Boa Vista\/RR. Quando soube que ficaria muito longe de casa, diversas pessoas me disseram para ir de peito aberto para a nova experi\u00eancia. Tentei. N\u00e3o consegui e n\u00e3o gostei. Nada contra a cidade, que, por sinal, possui diversas belezas naturais. Salvo o fato de ser uma cidade planejada e um tanto quanto pacata para um carioca da gema, Boa Vista \u00e9 uma boa cidade. O problema foi o excesso de trabalho. Nos tr\u00eas meses que fiquei l\u00e1, lembro-me de apenas um fim-de-semana que n\u00e3o passei trabalhando. Al\u00e9m disso, as pretens\u00f5es da popula\u00e7\u00e3o local, especialmente ligadas a quest\u00f5es agr\u00e1rias e \u00e0 aposentadoria rural n\u00e3o faziam parte da minha at\u00e9 ent\u00e3o realidade de cidade grande. Sem falar no pre\u00e7o da passagem, car\u00edssimo.<\/p>\n<p style=\"text-align: justify;\">Posteriormente, fui removido para S\u00e3o Bernardo do Campo\/SP, depois para Volta Redonda\/RJ e, em dezembro de 2013, finalmente para casa, Rio de Janeiro\/RJ. Em todas as unidades pelas quais passei, a realidade \u00e9 sempre a mesma: excesso de trabalho. Apenas acho que senti mais em Boa Vista pela natural inexperi\u00eancia de um novato.<\/p>\n<h3 style=\"text-align: justify;\"><strong>conhe\u00e7a a dpu<\/strong><\/h3>\n<p style=\"text-align: justify;\">Como voc\u00eas devem saber, a Defensoria P\u00fablica presta assist\u00eancia jur\u00eddica \u00e0s pessoas necessitadas. No \u00e2mbito federal, as pretens\u00f5es mais comuns s\u00e3o contra a Uni\u00e3o, a CEF, o INSS, as universidades federais etc. Al\u00e9m disso, temos a atua\u00e7\u00e3o criminal e eleitoral. Dever\u00edamos, ainda, atender \u00e0s demandas trabalhistas, mas por absoluta falta de estrutura apenas uma ou duas unidades atuam nessa \u00e1rea.<\/p>\n<p style=\"text-align: justify;\">Quanto \u00e0 estrutura, devo-lhes dizer que a DPU n\u00e3o conta com quadro pr\u00f3prio de servidores. A maioria dos servidores \u00e9 requisitada de outros \u00f3rg\u00e3os ou pertence ao Plano Geral de Cargos do Poder Executivo \u2013 PGPE. Assim, os Defensores P\u00fablicos Federais contam apenas com a ajuda de estagi\u00e1rios, normalmente quatro.<\/p>\n<p style=\"text-align: justify;\">O sistema de promo\u00e7\u00e3o n\u00e3o \u00e9 dos melhores. Vou explicar. A carreira \u00e9 dividida em 3 categorias: segunda, primeira e especial. Na DPU, a segunda categoria, que \u00e9 a inicial, atua na primeira inst\u00e2ncia. A primeira categoria perante os Tribunais Regionais (Federal e Eleitoral) e nas Turmas Recursais. Por fim, temos a categoria especial, que atua no Superior Tribunal de Justi\u00e7a. Como voc\u00ea j\u00e1 deve estar imaginando, a maioria da carreira permanece na segunda categoria.<\/p>\n<p style=\"text-align: justify;\">A DPU ainda \u00e9 uma carreira pequena, com pouco mais de 600 Defensores no pa\u00eds para atender a um potencial p\u00fablico de 130 milh\u00f5es de pessoas. Por essa raz\u00e3o, ela ainda n\u00e3o atua em todas as Se\u00e7\u00f5es Judici\u00e1rias existentes no Brasil. Qual \u00e9 a vantagem disso? Para voc\u00ea, a grande vantagem \u00e9 que a DPU possui unidades apenas nas capitais e em algumas poucas cidades do interior. Assim, h\u00e1 grandes chances de que sua lota\u00e7\u00e3o seja em uma cidade que possui aeroporto, fundamental para visitar a fam\u00edlia nos dias de folga. Al\u00e9m disso, por ainda ser uma carreira pequena, ser removido para o Estado de origem pode ser mais f\u00e1cil do que em outras carreiras maiores.<\/p>\n<p style=\"text-align: justify;\">A institui\u00e7\u00e3o pode e deve crescer muito. A Lei n\u00ba 12.763\/2012 criou 789 (setecentos e oitenta e nove) cargos de Defensor P\u00fablico Federal, sendo que apenas uma pequena parte (muito pequena mesmo) foi provida. Paralelamente, a EC 80\/2014 determinou que no prazo de 8 (oito) anos todas as unidades jurisdicionais contassem com Defensores P\u00fablicos. Contudo, com a atual crise econ\u00f4mica do pa\u00eds ser\u00e1 bastante improv\u00e1vel cumprir o prazo determinado pelo constituinte.<\/p>\n<p style=\"text-align: justify;\">Os desafios enfrentados pela DPU s\u00e3o enormes, \u00e9 necess\u00e1rio enfrentar resist\u00eancia de diversos atores no cen\u00e1rio pol\u00edtico, mas o futuro parece ser promissor.<\/p>\n<p style=\"text-align: justify;\"><span style=\"color: #008000;\"><em>Voc\u00ea j\u00e1 conhece o Informativo Estrat\u00e9gico? Veja essa novidade que preparamos para voc\u00eas: informativos do STF e STJ comentados pela equipe de professores do Estrat\u00e9gia.<\/em><\/span><\/p>\n<p><a href=\"https:\/\/www.estrategiaconcursos.com.br\/blog\/informativo-stj\/\">Informativo STJ<\/a><\/p>\n<p><a href=\"https:\/\/www.estrategiaconcursos.com.br\/blog\/informativo-stf\/\">Informativo STF<\/a><\/p>\n<h3 style=\"text-align: justify;\"><strong>QUANTO GANHA UM DEFENSOR P\u00daBLICO FEDERAL?<\/strong><\/h3>\n<p style=\"text-align: justify;\">Promissora tamb\u00e9m parece ser a remunera\u00e7\u00e3o. Atualmente, um Defensor P\u00fablico Federal de 2\u00aa Categoria recebe um subs\u00eddio de R$ 17.330,00, al\u00e9m de R$ 799,00 a t\u00edtulo de aux\u00edlio-alimenta\u00e7\u00e3o e de R$ 215,00 de reembolso de plano de sa\u00fade. Nada mais. N\u00e3o h\u00e1 verba para fins de substitui\u00e7\u00e3o (h\u00e1 um projeto de lei no Congresso para o pagamento) ou qualquer outro tipo de verba indenizat\u00f3ria. O sal\u00e1rio \u00e9 ruim? Certamente n\u00e3o. No entanto, comparando-se com as demais carreiras, especialmente as da Magistratura Federal e do Minist\u00e9rio P\u00fablico Federal, a carreira n\u00e3o se torna atraente. Felizmente, tramita no Senado Federal o PLC 32\/2016, que poder\u00e1 em breve corrigir essa distor\u00e7\u00e3o.<\/p>\n<p style=\"text-align: justify;\">A DPU tamb\u00e9m realiza trabalhos \u201cfora de gabinete\u201d. Basicamente, s\u00e3o duas formas: em Grupos de Trabalho (GT\u2019s) ou em projetos itinerantes. No \u00e2mbito dos GT\u2019s, os Defensores que dele quiserem participar poder\u00e3o atuar em quest\u00f5es relacionadas \u00e0 moradia, \u00e0 sa\u00fade, \u00e0s pessoas em situa\u00e7\u00e3o de rua, aos LGBTI etc. Nos projetos itinerantes, os Defensores permanecem em determinada cidade que n\u00e3o conta com unidade da DPU, para atender temporariamente a popula\u00e7\u00e3o local. Assim foi feito, por exemplo, com a popula\u00e7\u00e3o afetada pela constru\u00e7\u00e3o da usina de Belo Monte.<\/p>\n<p style=\"text-align: justify;\">Por fim, preciso lhes dizer o \u00f3bvio. Ajudar quem realmente necessita, quem se socorre da Defensoria P\u00fablica como sua \u00faltima esperan\u00e7a, \u00e9 extremamente gratificante.<\/p>\n<p style=\"text-align: justify;\"><span style=\"color: #008000;\"><em>O Estrat\u00e9gia Concursos possui cursos voltados para Carreiras Jur\u00eddicas. Nossos cursos s\u00e3o completos em PDF e videoaulas, sendo que o material escrito \u00e9 feito com foco 100% no edital e no que \u00e9 cobrado pelas bancas. O conte\u00fado \u00e9 composto por teoria e exerc\u00edcios comentados. Al\u00e9m disso, os alunos possuem uma ferramenta imprescind\u00edvel na sua prepara\u00e7\u00e3o: o f\u00f3rum de d\u00favidas para falar diretamente com os professores. Conhe\u00e7a nossos cursos, acesse uma aula gratuita.<\/em><\/span><\/p>\n<p><strong><a href=\"https:\/\/www.estrategiaconcursos.com.br\/pesquisa\/?q=defensoria\" target=\"_blank\">Cursos online Defesoria<\/a><\/strong><\/p>\n<p><strong><a href=\"https:\/\/www.estrategiaconcursos.com.br\/pesquisa\/?q=pge\" target=\"_blank\">Curso online PGE\u00b4s<\/a><\/strong><\/p>\n<p>&nbsp;<\/p>\n","protected":false},"excerpt":{"rendered":"<p>Ol\u00e1, pessoal! Meu nome \u00e9 Ricardo Schettini e sou professor de Direito do Consumidor do Estrat\u00e9gia Concursos.\u00a0Hoje vou falar com voc\u00eas sobre a minha carreira: Defensor P\u00fablico Federal. Inicialmente, cabe um registro. A LC 132\/2009 alterou a nomenclatura do cargo de Defensor P\u00fablico da UNI\u00c3O para Defensor P\u00fablico FEDERAL. N\u00e3o obstante os sete anos de [&hellip;]<\/p>\n","protected":false},"author":276,"featured_media":0,"comment_status":"open","ping_status":"open","sticky":false,"template":"","format":"standard","meta":{"post_tipo":"article","footnotes":""},"categories":[1,2185],"tags":[1926],"tax_estado":[],"class_list":["post-44268","post","type-post","status-publish","format-standard","hentry","category-cursos-e-concursos","category-carreiras-juridicas","tag-defensor-publico"],"acf":[],"yoast_head":"<!-- This site is optimized with the Yoast SEO Premium plugin v27.2 (Yoast SEO v27.2) - https:\/\/yoast.com\/product\/yoast-seo-premium-wordpress\/ -->\n<title>Defensor P\u00fablico Federal: conhe\u00e7a minha carreira!<\/title>\n<meta name=\"description\" content=\"Defensor p\u00fablico federal: voc\u00ea conhece essa carreira? Saiba tudo sobre ela: quanto ganha, onde pode trabalhar, quais as perspectivas.\" \/>\n<meta name=\"robots\" content=\"index, follow, max-snippet:-1, max-image-preview:large, max-video-preview:-1\" \/>\n<link rel=\"canonical\" href=\"https:\/\/www.estrategiaconcursos.com.br\/blog\/defensor-publico-federal\/\" \/>\n<meta property=\"og:locale\" content=\"pt_BR\" \/>\n<meta property=\"og:type\" content=\"article\" \/>\n<meta property=\"og:title\" content=\"Defensor P\u00fablico Federal: conhe\u00e7a minha carreira!\" \/>\n<meta property=\"og:description\" content=\"Defensor p\u00fablico federal: voc\u00ea conhece essa carreira? Saiba tudo sobre ela: quanto ganha, onde pode trabalhar, quais as perspectivas.\" \/>\n<meta property=\"og:url\" content=\"https:\/\/www.estrategiaconcursos.com.br\/blog\/defensor-publico-federal\/\" \/>\n<meta property=\"og:site_name\" content=\"Estrat\u00e9gia Concursos\" \/>\n<meta property=\"article:published_time\" content=\"2016-07-26T23:45:33+00:00\" \/>\n<meta property=\"article:modified_time\" content=\"2017-02-17T17:53:29+00:00\" \/>\n<meta property=\"og:image\" content=\"https:\/\/www.estrategiaconcursos.com.br\/blog\/wp-content\/uploads\/2016\/07\/defensor-publico-federal.jpg\" \/>\n<meta name=\"author\" content=\"Ricardo Schettini\" \/>\n<meta name=\"twitter:card\" content=\"summary_large_image\" \/>\n<meta name=\"twitter:creator\" content=\"@EstratConcursos\" \/>\n<meta name=\"twitter:site\" content=\"@EstratConcursos\" \/>\n<meta name=\"twitter:label1\" content=\"Escrito por\" \/>\n\t<meta name=\"twitter:data1\" content=\"Ricardo Schettini\" \/>\n\t<meta name=\"twitter:label2\" content=\"Est. tempo de leitura\" \/>\n\t<meta name=\"twitter:data2\" content=\"7 minutos\" \/>\n<script type=\"application\/ld+json\" class=\"yoast-schema-graph\">{\"@context\":\"https:\/\/schema.org\",\"@graph\":[{\"@type\":\"NewsArticle\",\"@id\":\"https:\/\/www.estrategiaconcursos.com.br\/blog\/defensor-publico-federal\/#article\",\"isPartOf\":{\"@id\":\"https:\/\/www.estrategiaconcursos.com.br\/blog\/defensor-publico-federal\/\"},\"author\":{\"name\":\"Ricardo Schettini\",\"@id\":\"https:\/\/www.estrategiaconcursos.com.br\/blog\/#\/schema\/person\/3f5df009a75a16d2aba701f2823e3de1\"},\"headline\":\"Defensor P\u00fablico Federal: conhe\u00e7a minha carreira!\",\"datePublished\":\"2016-07-26T23:45:33+00:00\",\"dateModified\":\"2017-02-17T17:53:29+00:00\",\"mainEntityOfPage\":{\"@id\":\"https:\/\/www.estrategiaconcursos.com.br\/blog\/defensor-publico-federal\/\"},\"wordCount\":1391,\"commentCount\":5,\"publisher\":{\"@id\":\"https:\/\/www.estrategiaconcursos.com.br\/blog\/#organization\"},\"image\":{\"@id\":\"https:\/\/www.estrategiaconcursos.com.br\/blog\/defensor-publico-federal\/#primaryimage\"},\"thumbnailUrl\":\"https:\/\/www.estrategiaconcursos.com.br\/blog\/wp-content\/uploads\/2016\/07\/defensor-publico-federal.jpg\",\"keywords\":[\"Defensor P\u00fablico\"],\"articleSection\":[\"Concursos P\u00fablicos\",\"Jur\u00eddico\"],\"inLanguage\":\"pt-BR\",\"potentialAction\":[{\"@type\":\"CommentAction\",\"name\":\"Comment\",\"target\":[\"https:\/\/www.estrategiaconcursos.com.br\/blog\/defensor-publico-federal\/#respond\"]}],\"copyrightYear\":\"2016\",\"copyrightHolder\":{\"@id\":\"https:\/\/www.estrategiaconcursos.com.br\/blog\/#organization\"}},{\"@type\":\"WebPage\",\"@id\":\"https:\/\/www.estrategiaconcursos.com.br\/blog\/defensor-publico-federal\/\",\"url\":\"https:\/\/www.estrategiaconcursos.com.br\/blog\/defensor-publico-federal\/\",\"name\":\"Defensor P\u00fablico Federal: conhe\u00e7a minha carreira!\",\"isPartOf\":{\"@id\":\"https:\/\/www.estrategiaconcursos.com.br\/blog\/#website\"},\"primaryImageOfPage\":{\"@id\":\"https:\/\/www.estrategiaconcursos.com.br\/blog\/defensor-publico-federal\/#primaryimage\"},\"image\":{\"@id\":\"https:\/\/www.estrategiaconcursos.com.br\/blog\/defensor-publico-federal\/#primaryimage\"},\"thumbnailUrl\":\"https:\/\/www.estrategiaconcursos.com.br\/blog\/wp-content\/uploads\/2016\/07\/defensor-publico-federal.jpg\",\"datePublished\":\"2016-07-26T23:45:33+00:00\",\"dateModified\":\"2017-02-17T17:53:29+00:00\",\"description\":\"Defensor p\u00fablico federal: voc\u00ea conhece essa carreira? Saiba tudo sobre ela: quanto ganha, onde pode trabalhar, quais as perspectivas.\",\"breadcrumb\":{\"@id\":\"https:\/\/www.estrategiaconcursos.com.br\/blog\/defensor-publico-federal\/#breadcrumb\"},\"inLanguage\":\"pt-BR\",\"potentialAction\":[{\"@type\":\"ReadAction\",\"target\":[\"https:\/\/www.estrategiaconcursos.com.br\/blog\/defensor-publico-federal\/\"]}]},{\"@type\":\"ImageObject\",\"inLanguage\":\"pt-BR\",\"@id\":\"https:\/\/www.estrategiaconcursos.com.br\/blog\/defensor-publico-federal\/#primaryimage\",\"url\":\"https:\/\/dhg1h5j42swfq.cloudfront.net\/2016\/07\/27082310\/defensor-publico-federal.jpg\",\"contentUrl\":\"https:\/\/dhg1h5j42swfq.cloudfront.net\/2016\/07\/27082310\/defensor-publico-federal.jpg\",\"width\":200,\"height\":200},{\"@type\":\"BreadcrumbList\",\"@id\":\"https:\/\/www.estrategiaconcursos.com.br\/blog\/defensor-publico-federal\/#breadcrumb\",\"itemListElement\":[{\"@type\":\"ListItem\",\"position\":1,\"name\":\"In\u00edcio\",\"item\":\"https:\/\/www.estrategiaconcursos.com.br\/blog\/\"},{\"@type\":\"ListItem\",\"position\":2,\"name\":\"Defensor P\u00fablico Federal: conhe\u00e7a minha carreira!\"}]},{\"@type\":\"WebSite\",\"@id\":\"https:\/\/www.estrategiaconcursos.com.br\/blog\/#website\",\"url\":\"https:\/\/www.estrategiaconcursos.com.br\/blog\/\",\"name\":\"Estrat\u00e9gia Concursos\",\"description\":\"O blog da Estrat\u00e9gia Concursos traz not\u00edcias sobre concursos e artigos de professores oferecendo cursos para concursos (pdf + videaulas) no site.\",\"publisher\":{\"@id\":\"https:\/\/www.estrategiaconcursos.com.br\/blog\/#organization\"},\"potentialAction\":[{\"@type\":\"SearchAction\",\"target\":{\"@type\":\"EntryPoint\",\"urlTemplate\":\"https:\/\/www.estrategiaconcursos.com.br\/blog\/?s={search_term_string}\"},\"query-input\":{\"@type\":\"PropertyValueSpecification\",\"valueRequired\":true,\"valueName\":\"search_term_string\"}}],\"inLanguage\":\"pt-BR\"},{\"@type\":\"Organization\",\"@id\":\"https:\/\/www.estrategiaconcursos.com.br\/blog\/#organization\",\"name\":\"Estrat\u00e9gia Concursos\",\"url\":\"https:\/\/www.estrategiaconcursos.com.br\/blog\/\",\"logo\":{\"@type\":\"ImageObject\",\"inLanguage\":\"pt-BR\",\"@id\":\"https:\/\/www.estrategiaconcursos.com.br\/blog\/#\/schema\/logo\/image\/\",\"url\":\"https:\/\/dhg1h5j42swfq.cloudfront.net\/2025\/06\/03203428\/logo_concursos-1.jpg\",\"contentUrl\":\"https:\/\/dhg1h5j42swfq.cloudfront.net\/2025\/06\/03203428\/logo_concursos-1.jpg\",\"width\":230,\"height\":60,\"caption\":\"Estrat\u00e9gia Concursos\"},\"image\":{\"@id\":\"https:\/\/www.estrategiaconcursos.com.br\/blog\/#\/schema\/logo\/image\/\"},\"sameAs\":[\"https:\/\/x.com\/EstratConcursos\"]},{\"@type\":\"Person\",\"@id\":\"https:\/\/www.estrategiaconcursos.com.br\/blog\/#\/schema\/person\/3f5df009a75a16d2aba701f2823e3de1\",\"name\":\"Ricardo Schettini\",\"image\":{\"@type\":\"ImageObject\",\"inLanguage\":\"pt-BR\",\"@id\":\"https:\/\/secure.gravatar.com\/avatar\/83e9897f704033313341ba18b699cf888ba9d8f384e5fd40e4da72c806e1d305?s=96&d=mm&r=g\",\"url\":\"https:\/\/secure.gravatar.com\/avatar\/83e9897f704033313341ba18b699cf888ba9d8f384e5fd40e4da72c806e1d305?s=96&d=mm&r=g\",\"contentUrl\":\"https:\/\/secure.gravatar.com\/avatar\/83e9897f704033313341ba18b699cf888ba9d8f384e5fd40e4da72c806e1d305?s=96&d=mm&r=g\",\"caption\":\"Ricardo Schettini\"},\"url\":\"https:\/\/www.estrategiaconcursos.com.br\/blog\/author\/ricschettiniyahoo-com-br\/\"}]}<\/script>\n<!-- \/ Yoast SEO Premium plugin. -->","yoast_head_json":{"title":"Defensor P\u00fablico Federal: conhe\u00e7a minha carreira!","description":"Defensor p\u00fablico federal: voc\u00ea conhece essa carreira? Saiba tudo sobre ela: quanto ganha, onde pode trabalhar, quais as perspectivas.","robots":{"index":"index","follow":"follow","max-snippet":"max-snippet:-1","max-image-preview":"max-image-preview:large","max-video-preview":"max-video-preview:-1"},"canonical":"https:\/\/www.estrategiaconcursos.com.br\/blog\/defensor-publico-federal\/","og_locale":"pt_BR","og_type":"article","og_title":"Defensor P\u00fablico Federal: conhe\u00e7a minha carreira!","og_description":"Defensor p\u00fablico federal: voc\u00ea conhece essa carreira? Saiba tudo sobre ela: quanto ganha, onde pode trabalhar, quais as perspectivas.","og_url":"https:\/\/www.estrategiaconcursos.com.br\/blog\/defensor-publico-federal\/","og_site_name":"Estrat\u00e9gia Concursos","article_published_time":"2016-07-26T23:45:33+00:00","article_modified_time":"2017-02-17T17:53:29+00:00","og_image":[{"url":"https:\/\/www.estrategiaconcursos.com.br\/blog\/wp-content\/uploads\/2016\/07\/defensor-publico-federal.jpg","type":"","width":"","height":""}],"author":"Ricardo Schettini","twitter_card":"summary_large_image","twitter_creator":"@EstratConcursos","twitter_site":"@EstratConcursos","twitter_misc":{"Escrito por":"Ricardo Schettini","Est. tempo de leitura":"7 minutos"},"schema":{"@context":"https:\/\/schema.org","@graph":[{"@type":"NewsArticle","@id":"https:\/\/www.estrategiaconcursos.com.br\/blog\/defensor-publico-federal\/#article","isPartOf":{"@id":"https:\/\/www.estrategiaconcursos.com.br\/blog\/defensor-publico-federal\/"},"author":{"name":"Ricardo Schettini","@id":"https:\/\/www.estrategiaconcursos.com.br\/blog\/#\/schema\/person\/3f5df009a75a16d2aba701f2823e3de1"},"headline":"Defensor P\u00fablico Federal: conhe\u00e7a minha carreira!","datePublished":"2016-07-26T23:45:33+00:00","dateModified":"2017-02-17T17:53:29+00:00","mainEntityOfPage":{"@id":"https:\/\/www.estrategiaconcursos.com.br\/blog\/defensor-publico-federal\/"},"wordCount":1391,"commentCount":5,"publisher":{"@id":"https:\/\/www.estrategiaconcursos.com.br\/blog\/#organization"},"image":{"@id":"https:\/\/www.estrategiaconcursos.com.br\/blog\/defensor-publico-federal\/#primaryimage"},"thumbnailUrl":"https:\/\/www.estrategiaconcursos.com.br\/blog\/wp-content\/uploads\/2016\/07\/defensor-publico-federal.jpg","keywords":["Defensor P\u00fablico"],"articleSection":["Concursos P\u00fablicos","Jur\u00eddico"],"inLanguage":"pt-BR","potentialAction":[{"@type":"CommentAction","name":"Comment","target":["https:\/\/www.estrategiaconcursos.com.br\/blog\/defensor-publico-federal\/#respond"]}],"copyrightYear":"2016","copyrightHolder":{"@id":"https:\/\/www.estrategiaconcursos.com.br\/blog\/#organization"}},{"@type":"WebPage","@id":"https:\/\/www.estrategiaconcursos.com.br\/blog\/defensor-publico-federal\/","url":"https:\/\/www.estrategiaconcursos.com.br\/blog\/defensor-publico-federal\/","name":"Defensor P\u00fablico Federal: conhe\u00e7a minha carreira!","isPartOf":{"@id":"https:\/\/www.estrategiaconcursos.com.br\/blog\/#website"},"primaryImageOfPage":{"@id":"https:\/\/www.estrategiaconcursos.com.br\/blog\/defensor-publico-federal\/#primaryimage"},"image":{"@id":"https:\/\/www.estrategiaconcursos.com.br\/blog\/defensor-publico-federal\/#primaryimage"},"thumbnailUrl":"https:\/\/www.estrategiaconcursos.com.br\/blog\/wp-content\/uploads\/2016\/07\/defensor-publico-federal.jpg","datePublished":"2016-07-26T23:45:33+00:00","dateModified":"2017-02-17T17:53:29+00:00","description":"Defensor p\u00fablico federal: voc\u00ea conhece essa carreira? Saiba tudo sobre ela: quanto ganha, onde pode trabalhar, quais as perspectivas.","breadcrumb":{"@id":"https:\/\/www.estrategiaconcursos.com.br\/blog\/defensor-publico-federal\/#breadcrumb"},"inLanguage":"pt-BR","potentialAction":[{"@type":"ReadAction","target":["https:\/\/www.estrategiaconcursos.com.br\/blog\/defensor-publico-federal\/"]}]},{"@type":"ImageObject","inLanguage":"pt-BR","@id":"https:\/\/www.estrategiaconcursos.com.br\/blog\/defensor-publico-federal\/#primaryimage","url":"https:\/\/dhg1h5j42swfq.cloudfront.net\/2016\/07\/27082310\/defensor-publico-federal.jpg","contentUrl":"https:\/\/dhg1h5j42swfq.cloudfront.net\/2016\/07\/27082310\/defensor-publico-federal.jpg","width":200,"height":200},{"@type":"BreadcrumbList","@id":"https:\/\/www.estrategiaconcursos.com.br\/blog\/defensor-publico-federal\/#breadcrumb","itemListElement":[{"@type":"ListItem","position":1,"name":"In\u00edcio","item":"https:\/\/www.estrategiaconcursos.com.br\/blog\/"},{"@type":"ListItem","position":2,"name":"Defensor P\u00fablico Federal: conhe\u00e7a minha carreira!"}]},{"@type":"WebSite","@id":"https:\/\/www.estrategiaconcursos.com.br\/blog\/#website","url":"https:\/\/www.estrategiaconcursos.com.br\/blog\/","name":"Estrat\u00e9gia Concursos","description":"O blog da Estrat\u00e9gia Concursos traz not\u00edcias sobre concursos e artigos de professores oferecendo cursos para concursos (pdf + videaulas) no site.","publisher":{"@id":"https:\/\/www.estrategiaconcursos.com.br\/blog\/#organization"},"potentialAction":[{"@type":"SearchAction","target":{"@type":"EntryPoint","urlTemplate":"https:\/\/www.estrategiaconcursos.com.br\/blog\/?s={search_term_string}"},"query-input":{"@type":"PropertyValueSpecification","valueRequired":true,"valueName":"search_term_string"}}],"inLanguage":"pt-BR"},{"@type":"Organization","@id":"https:\/\/www.estrategiaconcursos.com.br\/blog\/#organization","name":"Estrat\u00e9gia Concursos","url":"https:\/\/www.estrategiaconcursos.com.br\/blog\/","logo":{"@type":"ImageObject","inLanguage":"pt-BR","@id":"https:\/\/www.estrategiaconcursos.com.br\/blog\/#\/schema\/logo\/image\/","url":"https:\/\/dhg1h5j42swfq.cloudfront.net\/2025\/06\/03203428\/logo_concursos-1.jpg","contentUrl":"https:\/\/dhg1h5j42swfq.cloudfront.net\/2025\/06\/03203428\/logo_concursos-1.jpg","width":230,"height":60,"caption":"Estrat\u00e9gia Concursos"},"image":{"@id":"https:\/\/www.estrategiaconcursos.com.br\/blog\/#\/schema\/logo\/image\/"},"sameAs":["https:\/\/x.com\/EstratConcursos"]},{"@type":"Person","@id":"https:\/\/www.estrategiaconcursos.com.br\/blog\/#\/schema\/person\/3f5df009a75a16d2aba701f2823e3de1","name":"Ricardo Schettini","image":{"@type":"ImageObject","inLanguage":"pt-BR","@id":"https:\/\/secure.gravatar.com\/avatar\/83e9897f704033313341ba18b699cf888ba9d8f384e5fd40e4da72c806e1d305?s=96&d=mm&r=g","url":"https:\/\/secure.gravatar.com\/avatar\/83e9897f704033313341ba18b699cf888ba9d8f384e5fd40e4da72c806e1d305?s=96&d=mm&r=g","contentUrl":"https:\/\/secure.gravatar.com\/avatar\/83e9897f704033313341ba18b699cf888ba9d8f384e5fd40e4da72c806e1d305?s=96&d=mm&r=g","caption":"Ricardo Schettini"},"url":"https:\/\/www.estrategiaconcursos.com.br\/blog\/author\/ricschettiniyahoo-com-br\/"}]}},"_links":{"self":[{"href":"https:\/\/www.estrategiaconcursos.com.br\/blog\/wp-json\/wp\/v2\/posts\/44268","targetHints":{"allow":["GET"]}}],"collection":[{"href":"https:\/\/www.estrategiaconcursos.com.br\/blog\/wp-json\/wp\/v2\/posts"}],"about":[{"href":"https:\/\/www.estrategiaconcursos.com.br\/blog\/wp-json\/wp\/v2\/types\/post"}],"author":[{"embeddable":true,"href":"https:\/\/www.estrategiaconcursos.com.br\/blog\/wp-json\/wp\/v2\/users\/276"}],"replies":[{"embeddable":true,"href":"https:\/\/www.estrategiaconcursos.com.br\/blog\/wp-json\/wp\/v2\/comments?post=44268"}],"version-history":[{"count":5,"href":"https:\/\/www.estrategiaconcursos.com.br\/blog\/wp-json\/wp\/v2\/posts\/44268\/revisions"}],"predecessor-version":[{"id":65243,"href":"https:\/\/www.estrategiaconcursos.com.br\/blog\/wp-json\/wp\/v2\/posts\/44268\/revisions\/65243"}],"wp:attachment":[{"href":"https:\/\/www.estrategiaconcursos.com.br\/blog\/wp-json\/wp\/v2\/media?parent=44268"}],"wp:term":[{"taxonomy":"category","embeddable":true,"href":"https:\/\/www.estrategiaconcursos.com.br\/blog\/wp-json\/wp\/v2\/categories?post=44268"},{"taxonomy":"post_tag","embeddable":true,"href":"https:\/\/www.estrategiaconcursos.com.br\/blog\/wp-json\/wp\/v2\/tags?post=44268"},{"taxonomy":"tax_estado","embeddable":true,"href":"https:\/\/www.estrategiaconcursos.com.br\/blog\/wp-json\/wp\/v2\/tax_estado?post=44268"}],"curies":[{"name":"wp","href":"https:\/\/api.w.org\/{rel}","templated":true}]}}