{"id":442511,"date":"2019-10-31T13:10:03","date_gmt":"2019-10-31T16:10:03","guid":{"rendered":"https:\/\/www.estrategiaconcursos.com.br\/blog\/?p=442511"},"modified":"2022-12-05T15:16:52","modified_gmt":"2022-12-05T18:16:52","slug":"edital-prefeitura-de-esteio","status":"publish","type":"post","link":"https:\/\/www.estrategiaconcursos.com.br\/blog\/edital-prefeitura-de-esteio\/","title":{"rendered":"Edital Prefeitura de Esteio: publicado com vagas para todos os n\u00edveis"},"content":{"rendered":"\n<p>Foi publicado o edital do <strong>concurso p\u00fablico da Prefeitura de Esteio<\/strong>, munic\u00edpio do Rio Grande do Sul. S\u00e3o ofertadas <em>25 vagas<\/em> imediatas mais forma\u00e7\u00e3o de cadastro reserva, distribu\u00eddas entre cargos de <em><strong>n\u00edvel fundamental, m\u00e9dio, t\u00e9cnico e superior<\/strong><\/em>.<\/p>\n\n\n\n<p>Os interessados em participar da sele\u00e7\u00e3o puderam realizar as <em>inscri\u00e7\u00f5es <\/em>no per\u00edodo de <strong>31 de outubro a 18 de novembro<\/strong>, no site da banca organizadora, a Funda\u00e7\u00e3o La Salle. As taxas foram definidas de acordo com o cargo pretendido, sendo:<\/p>\n\n\n\n<p class=\"has-very-light-gray-background-color has-background\"><strong>N\u00edvel fundamental:<\/strong>&nbsp;R$ 55,00 <br \/><strong>N\u00edvel m\u00e9dio\/t\u00e9cnico:<\/strong>&nbsp;R$ 80,00<br \/><strong>N\u00edvel superior:&nbsp;<\/strong>R$ 120,00<\/p>\n\n\n\n<h2 class=\"wp-block-heading\">Principais datas<\/h2>\n\n\n\n<ul class=\"wp-block-list\"><li><strong>Inscri\u00e7\u00f5es<\/strong>: 31 de outubro a 18 de novembro [ENCERRADO]<\/li><li><strong>Isen\u00e7\u00e3o da taxa<\/strong>: 31 de outubro a 05 de novembro [ENCERRADO] <\/li><li><strong>\u00daltimo dia para pagamento<\/strong>: 19 de novembro<\/li><li><strong>Provas<\/strong>:<ul><li><strong>prova Objetiva<\/strong>: 15 de dezembro<\/li><li><strong>prova Pr\u00e1tica<\/strong>: 25 de janeiro de 2020<\/li><li><strong>prova de Aptid\u00e3o F\u00edsica<\/strong>: 25 de janeiro de 2020 <\/li><li><strong>prova Discursiva<\/strong>: 25 de janeiro de 2020 <\/li><\/ul><\/li><\/ul>\n\n\n\n<h2 class=\"wp-block-heading\">Cargos e vagas<\/h2>\n\n\n\n<h3 class=\"wp-block-heading\">N\u00edvel fundamental incompleto<\/h3>\n\n\n\n<p><\/p>\n\n\n\n<figure class=\"wp-block-table is-style-stripes\"><table class=\"has-subtle-pale-blue-background-color has-background has-fixed-layout\"><tbody><tr><td><strong>CARGO<\/strong><\/td><td><strong>VAGAS<\/strong><\/td><td><strong>REMUNERA\u00c7\u00c3O<\/strong><\/td><\/tr><tr><td> Sepultador <\/td><td>CR<\/td><td> R$ 1.577,34 <\/td><\/tr><\/tbody><\/table><\/figure>\n\n\n\n<h3 class=\"wp-block-heading\">N\u00edvel m\u00e9dio<\/h3>\n\n\n\n<p><\/p>\n\n\n\n<figure class=\"wp-block-table is-style-stripes\"><table class=\"has-subtle-pale-blue-background-color has-background has-fixed-layout\"><tbody><tr><td><strong>CARGO<\/strong><\/td><td><strong>VAGAS<\/strong><\/td><td><strong>REMUNERA\u00c7\u00c3O<\/strong><\/td><\/tr><tr><td> Agente de Combate \u00e0s Endemias <\/td><td> 15 + CR<\/td><td> R$ 1.396,93 <\/td><\/tr><tr><td> Agente Comunit\u00e1rio de Sa\u00fade <\/td><td> CR <\/td><td> R$ 1.396,93 <\/td><\/tr><tr><td> Assistente Administrativo <\/td><td> 5 + CR<\/td><td> R$ 1.577,34 <\/td><\/tr><tr><td> Fiscal <\/td><td> 2 + CR <\/td><td> R$ 1.577,34 <\/td><\/tr><tr><td> Guarda Municipal  <\/td><td> CR <\/td><td> R$ 1.898,83 <\/td><\/tr><\/tbody><\/table><\/figure>\n\n\n\n<h3 class=\"wp-block-heading\">N\u00edvel t\u00e9cnico<\/h3>\n\n\n\n<p><\/p>\n\n\n\n<figure class=\"wp-block-table is-style-stripes\"><table class=\"has-subtle-pale-blue-background-color has-background has-fixed-layout\"><tbody><tr><td><strong>CARGO<\/strong><\/td><td><strong>VAGAS<\/strong><\/td><td><strong>REMUNERA\u00c7\u00c3O<\/strong><\/td><\/tr><tr><td> T\u00e9cnico de Biblioteconomia <\/td><td> CR <\/td><td> R$ 1.984,39 <\/td><\/tr><tr><td> T\u00e9cnico de Enfermagem <\/td><td> 3 + CR <\/td><td> R$ 2.780,01 <\/td><\/tr><tr><td> T\u00e9cnico de Enfermagem do Trabalho <\/td><td>CR<\/td><td> R$ 2.780,01 <\/td><\/tr><tr><td> T\u00e9cnico em Edifica\u00e7\u00f5es <\/td><td>CR<\/td><td> R$ 1.577,34 <\/td><\/tr><tr><td> T\u00e9cnico em Inform\u00e1tica <\/td><td>CR<\/td><td> R$ 1.984,39 <\/td><\/tr><tr><td> T\u00e9cnico em Sa\u00fade Bucal <\/td><td>CR<\/td><td> R$ 2.780,01 <\/td><\/tr><tr><td> T\u00e9cnico em Seguran\u00e7a do Trabalho <\/td><td>CR<\/td><td> R$ 1.984,39 <\/td><\/tr><\/tbody><\/table><\/figure>\n\n\n\n<h3 class=\"wp-block-heading\">N\u00edvel superior<\/h3>\n\n\n\n<p><\/p>\n\n\n\n<figure class=\"wp-block-table is-style-stripes\"><table class=\"has-subtle-pale-blue-background-color has-background has-fixed-layout\"><tbody><tr><td><strong>CARGO<\/strong><\/td><td><strong>VAGAS<\/strong><\/td><td><strong>REMUNERA\u00c7\u00c3O<\/strong><\/td><\/tr><tr><td> Advogado <\/td><td>CR<\/td><td> R$ 3.671,61 <\/td><\/tr><tr><td> Analista Administrativo <\/td><td>CR<\/td><td> R$ 4.150,36 <\/td><\/tr><tr><td> Analista de Sistemas <\/td><td>CR<\/td><td> R$ 4.150,36 <\/td><\/tr><tr><td> Arquiteto <\/td><td>CR<\/td><td> R$ 3.671,61 <\/td><\/tr><tr><td> Arquivista <\/td><td>CR<\/td><td> R$ 3.671,61 <\/td><\/tr><tr><td> Assistente Social  <\/td><td>CR<\/td><td> R$ 3.671,61 <\/td><\/tr><tr><td> Auditor Fiscal de Tributos <\/td><td>CR<\/td><td> R$ 3.671,61 <\/td><\/tr><tr><td> Bi\u00f3logo <\/td><td>CR<\/td><td> R$ 3.671,61 <\/td><\/tr><tr><td> Contador <\/td><td>CR<\/td><td> R$ 3.671,61 <\/td><\/tr><tr><td> Enfermeiro Assistencial  <\/td><td>CR<\/td><td> R$ 5.984,42 <\/td><\/tr><tr><td> Engenheiro Agr\u00f4nomo <\/td><td>CR<\/td><td> R$ 3.671,61 <\/td><\/tr><tr><td> Engenheiro Civil  <\/td><td>CR<\/td><td> R$ 3.671,61 <\/td><\/tr><tr><td> Engenheiro do Trabalho <\/td><td>CR<\/td><td> R$ 3.671,61 <\/td><\/tr><tr><td> Engenheiro Qu\u00edmico <\/td><td>CR<\/td><td> R$ 3.671,61 <\/td><\/tr><tr><td> Farmac\u00eautico <\/td><td>CR<\/td><td> R$ 4.150,36 <\/td><\/tr><tr><td> Fisioterapeuta <\/td><td>CR<\/td><td> R$ 3.671,61 <\/td><\/tr><tr><td> Fonoaudi\u00f3logo <\/td><td>CR<\/td><td> R$ 3.671,61 <\/td><\/tr><tr><td> M\u00e9dico *<\/td><td>CR<\/td><td> R$ 3.671,61 <\/td><\/tr><tr><td> M\u00e9dico Generalista <\/td><td>CR<\/td><td> R$ 4.589,51 <\/td><\/tr><tr><td> M\u00e9dico Comunit\u00e1rio PSF  <\/td><td>CR<\/td><td> R$ 8.388,60 <\/td><\/tr><tr><td> M\u00e9dico Veterin\u00e1rio <\/td><td>CR<\/td><td> R$ 3.671,61 <\/td><\/tr><tr><td> Nutricionista <\/td><td>CR<\/td><td> R$ 3.671,61 <\/td><\/tr><tr><td> Odont\u00f3logo <\/td><td>CR<\/td><td> R$ 4.895,48 <\/td><\/tr><tr><td> Preparador F\u00edsico <\/td><td>CR<\/td><td> R$ 1.399,25 <\/td><\/tr><tr><td> Psic\u00f3logo <\/td><td>CR<\/td><td> R$ 3.671,61 <\/td><\/tr><tr><td> Psic\u00f3logo Infantil  <\/td><td>CR<\/td><td> R$ 3.671,61 <\/td><\/tr><tr><td> Psicopedagogo <\/td><td>CR<\/td><td> R$ 3.671,61 <\/td><\/tr><tr><td> Terapeuta Ocupacional <\/td><td>CR<\/td><td> R$ 3.671,61 <\/td><\/tr><\/tbody><\/table><\/figure>\n\n\n\n<p>*As <strong>especialidades <\/strong>do cargo de M\u00e9dico s\u00e3o:<\/p>\n\n\n\n<div class=\"wp-block-columns has-2-columns is-layout-flex wp-container-core-columns-is-layout-28f84493 wp-block-columns-is-layout-flex\">\n<div class=\"wp-block-column is-layout-flow wp-block-column-is-layout-flow\">\n<p>\u2022 Cardiologista<br \/>\u2022 Dermatologista<br \/>\u2022 do Trabalho<br \/>\u2022 Epidemiologista<br \/>\u2022 Gineco-Obstetra<br \/>\u2022 Infectologista<br \/>\u2022 Infectologista Infantil<br \/>\u2022 Neuro-Pediatra<\/p>\n<\/div>\n\n\n\n<div class=\"wp-block-column is-layout-flow wp-block-column-is-layout-flow\">\n<p>\u2022 Neurologista<br \/>\u2022 Orto-traumatologista<br \/>\u2022 Pediatra<br \/>\u2022 Proctologista<br \/>\u2022 Pneumologista<br \/>\u2022 Psiquiatra<br \/>\u2022 Psiquiatra Infantil <\/p>\n<\/div>\n<\/div>\n\n\n\n<p>Al\u00e9m da remunera\u00e7\u00e3o b\u00e1sica, o servidor recebe <strong>benef\u00edcios<\/strong>, como Vale-transporte, Vale-alimenta\u00e7\u00e3o e\/ou Vale-refei\u00e7\u00e3o (de R$ 16,00 a R$ 18,13 por dia) e Aux\u00edlio cesta b\u00e1sica (R$ 179,51).<\/p>\n\n\n\n<h2 class=\"wp-block-heading\">Etapas e provas<\/h2>\n\n\n\n<p>O concurso da Prefeitura de Esteio constar\u00e1 das seguintes etapas:<\/p>\n\n\n\n<ul class=\"wp-block-list\"><li><strong>Prova Objetiva<\/strong> &#8211; para todos os cargos<\/li><li><strong>Prova Discursiva<\/strong> &#8211; para o cargo de Advogado<\/li><li><strong>Prova de T\u00edtulos<\/strong> &#8211; para os cargos de Fiscal, Advogado, Analista Administrativo e Auditor Fiscal<\/li><li><strong>Prova Pr\u00e1tica<\/strong> &#8211; para o cargo de Sepultador<\/li><li><strong>Prova de Aptid\u00e3o F\u00edsica<\/strong> &#8211; para o cargo de Guarda Municipal<\/li><li><strong>Avalia\u00e7\u00e3o Psicol\u00f3gica<\/strong> &#8211; para os candidatos aprovados nas etapas anteriores<\/li><\/ul>\n\n\n\n<h3 class=\"wp-block-heading\">Prova Objetiva<\/h3>\n\n\n\n<p>A etapa de provas objetivas tem car\u00e1ter eliminat\u00f3rio e classificat\u00f3rio e ser\u00e1 composta por 50 quest\u00f5es de m\u00faltipla escolha. Prevista para acontecer em <strong>15 de dezembro<\/strong>, a avalia\u00e7\u00e3o ser\u00e1 dividida por disciplina, conforme descrito abaixo: <\/p>\n\n\n\n<ul class=\"wp-block-list\"><li>15 quest\u00f5es de Conhecimentos Espec\u00edficos<\/li><li>15 quest\u00f5es de L\u00edngua Portuguesa<\/li><li>10 quest\u00f5es de Legisla\u00e7\u00e3o<\/li><li>10 quest\u00f5es de Racioc\u00ednio L\u00f3gico<\/li><\/ul>\n\n\n\n<h3 class=\"wp-block-heading\">Prova de T\u00edtulos<\/h3>\n\n\n\n<p>A provas de t\u00edtulos tem car\u00e1ter classificat\u00f3rio e ser\u00e1 cobrada aos cargos de Fiscal, Advogado, Analista Administrativo e Auditor Fiscal de Tributos. Esta etapa consiste na avalia\u00e7\u00e3o de cursos de forma\u00e7\u00f5es acad\u00eamicas e experi\u00eancias profissionais, com pontua\u00e7\u00e3o m\u00e1xima de 10 pontos. <\/p>\n\n\n\n<p>A entrega dos documentos deve ser realizada nos dias <strong>17, 20 e 21 de janeiro de 2020<\/strong>. O candidato poder\u00e1 apresentar apenas um t\u00edtulo em cada categoria ou modalidade. A pontua\u00e7\u00e3o m\u00e1xima n\u00e3o ultrapassar\u00e1 10 pontos.<\/p>\n\n\n\n<ul class=\"wp-block-list\"><li><strong>Fiscal<\/strong>:<ul><li>Curso T\u00e9cnico &#8211; 2,0 pontos <\/li><li>Gradua\u00e7\u00e3o &#8211; 3,0 pontos <\/li><li>Experi\u00eancia Profissional de 03 anos em \u00d3rg\u00e3o P\u00fablico, Empresa Privada ou Empresa Mista &#8211; 5,0 pontos <\/li><\/ul><\/li><\/ul>\n\n\n\n<ul class=\"wp-block-list\"><li><strong>Analista Administrativo, Auditor Fiscal de Tributos e Advogado:<\/strong><ul><li>Especializa\u00e7\u00e3o ou MBA (<em>Lato Sensu<\/em>) &#8211; 3,0 pontos <\/li><li>Mestrado (<em>Stricto Sensu<\/em>) &#8211; 4,0 pontos  <\/li><li>Doutorado (<em>Stricto Sensu<\/em>) &#8211; 5,0 pontos <\/li><li>Experi\u00eancia Profissional de 03 anos em \u00d3rg\u00e3o P\u00fablico, Empresa Privada, Empresa Mista ou Aut\u00f4nomo &#8211; 5,0 pontos <\/li><\/ul><\/li><\/ul>\n\n\n\n<h3 class=\"wp-block-heading\"><strong>Prova Discursiva<\/strong><\/h3>\n\n\n\n<p>A prova discursiva tem car\u00e1ter eliminat\u00f3rio e classificat\u00f3rio, aplicada, exclusivamente, para o cargo de Advogado, sendo constitu\u00edda por 05 quest\u00f5es discursivas e por elabora\u00e7\u00e3o de pe\u00e7a processual, sobre os seguintes conte\u00fados program\u00e1ticos: Direito Constitucional; Direito Trabalhista; Direito Administrativo; Direito Civil e Direito Tribut\u00e1rio. <\/p>\n\n\n\n<p>Com dura\u00e7\u00e3o m\u00e1xima de 03 horas, a prova est\u00e1 prevista para acontecer no dia 25 de janeiro de 2020. Somente ser\u00e3o convocados os candidatos aprovados e classificados at\u00e9 a posi\u00e7\u00e3o 40\u00aa, a partir do resultado das provas objetivas. <\/p>\n\n\n\n<p>O candidato receber\u00e1 01 folha de texto definitivo, com 20 linhas, para cada uma das quest\u00f5es discursivas e 05 folhas de texto definitivas, com 30 linhas cada, para a Pe\u00e7a Processual. A prova deve ser aplicada em <strong>25 de janeiro de 2020<\/strong>.<\/p>\n\n\n\n<h3 class=\"wp-block-heading\"><strong>Prova Pr\u00e1tica<\/strong><\/h3>\n\n\n\n<p>A prova pr\u00e1tica tem car\u00e1ter eliminat\u00f3rio e classificat\u00f3rio, com avalia\u00e7\u00e3o individual por candidato, exclusivamente, para o cargo de Sepultador, com pontua\u00e7\u00e3o m\u00e1xima de 50 pontos. Sua aplica\u00e7\u00e3o est\u00e1 prevista para <strong>25 de janeiro de 2020<\/strong>.<\/p>\n\n\n\n<p>Ser\u00e3o convocados para esta etapa 20 candidatos classificados aprovados na prova objetiva, acrescida dos empates na \u00faltima coloca\u00e7\u00e3o, observada a ordem de classifica\u00e7\u00e3o.<\/p>\n\n\n\n<p>Esta prova consiste na avalia\u00e7\u00e3o sobre a demonstra\u00e7\u00e3o pr\u00e1tica dos conhecimentos, compet\u00eancias e habilidades dos candidatos em rela\u00e7\u00e3o \u00e0s fun\u00e7\u00f5es inerentes ao cargo.<\/p>\n\n\n\n<h3 class=\"wp-block-heading\"><strong>Prova de Aptid\u00e3o F\u00edsica<\/strong><\/h3>\n\n\n\n<p>A etapa de provas de aptid\u00e3o f\u00edsica tem car\u00e1ter eliminat\u00f3rio e ser\u00e1 cobrada ao cargo de Guarda Municipal, com avalia\u00e7\u00e3o individual, sendo atribu\u00eddo o resultado ao candidato de APTO ou INAPTO. Sua aplica\u00e7\u00e3o est\u00e1 prevista para o dia <strong>25 de janeiro de 2020<\/strong>.<\/p>\n\n\n\n<p>Ser\u00e3o convocados para o TAF, 40 candidatos classificados aprovados na etapa de prova objetiva, acrescida dos empates na \u00faltima coloca\u00e7\u00e3o, observada a ordem de classifica\u00e7\u00e3o.<\/p>\n\n\n\n<p><\/p>\n\n\n\n<figure class=\"wp-block-table is-style-stripes\"><table class=\"has-subtle-pale-blue-background-color has-background has-fixed-layout\"><tbody><tr><td><strong>Teste<\/strong><\/td><td><strong>Feminino<\/strong><\/td><td><strong>Masculino<\/strong><\/td><\/tr><tr><td>Resist\u00eancia Abdominal em 1 minuto <\/td><td>20 repeti\u00e7\u00f5es<\/td><td> 30 repeti\u00e7\u00f5es<\/td><\/tr><tr><td>Corrida de 12 minutos <\/td><td>2.000 metros<\/td><td> 2.400 metros<\/td><\/tr><tr><td>Flex\u00e3o de bra\u00e7o <\/td><td>10 flex\u00f5es (em at\u00e9 1 minuto <\/td><td> 10 flex\u00f5es (em at\u00e9 1 minuto <\/td><\/tr><\/tbody><\/table><\/figure>\n\n\n\n<hr class=\"wp-block-separator has-css-opacity\"\/>\n\n\n\n<p class=\"has-text-align-center has-very-light-gray-background-color has-background has-medium-font-size\"><strong>Mais informa\u00e7\u00f5es: <a href=\"https:\/\/www.estrategiaconcursos.com.br\/blog\/concurso-prefeitura-de-esteio-rs\/\" target=\"_blank\" rel=\"noreferrer noopener\" aria-label=\"Concurso Prefeitura de Esteio (abre numa nova aba)\">Concurso Prefeitura de Esteio<\/a><\/strong><\/p>\n\n\n\n<h2 class=\"has-text-align-center wp-block-heading\" id=\"cursos-assinatura\">Quer estudar para o concurso Prefeitura de Esteio?<\/h2>\n\n\n\n<p class=\"has-text-align-center\"><em>Gostou desta oportunidade e deseja come\u00e7ar se preparar agora mesmo? Ent\u00e3o, confira os nossos cursos e comece a estudar:<\/em><\/p>\n\n\n\n<p class=\"has-text-align-center has-light-green-cyan-background-color has-background\" style=\"font-size:clamp(14.642px, 0.915rem + ((1vw - 3.2px) * 0.721), 22px);px\"><strong><a href=\"https:\/\/www.estrategiaconcursos.com.br\/cursosPorConcurso\/prefeitura-municipal-de-esteio-rs\/\" target=\"_blank\" rel=\"noreferrer noopener\" aria-label=\"CURSOS PREFEITURA DE ESTEIO (abre numa nova aba)\">CURSOS PREFEITURA DE ESTEIO<\/a><\/strong><\/p>\n\n\n\n<p class=\"has-text-align-center has-medium-font-size\"><em><strong>Assinatura Anual Ilimitada*<\/strong><\/em><\/p>\n\n\n\n<p class=\"has-text-align-center\"><em>Prepare-se com o melhor material e com quem mais aprova em Concursos P\u00fablicos em todo o pa\u00eds. Assine agora a nossa Assinatura Anual e tenha acesso ilimitado* a todos os nossos cursos.<\/em><\/p>\n\n\n\n<p class=\"has-text-align-center has-luminous-vivid-amber-background-color has-background\" style=\"font-size:clamp(14.642px, 0.915rem + ((1vw - 3.2px) * 0.721), 22px);px\"><strong>ASSINE AGORA<\/strong>&nbsp;\u2013&nbsp;<strong><a rel=\"noreferrer noopener\" href=\"https:\/\/www.estrategiaconcursos.com.br\/assinaturas\" target=\"_blank\">Assinatura Ilimitada<\/a><\/strong><\/p>\n\n\n\n<p class=\"has-text-align-center has-medium-font-size\"><strong><em>Fique por dentro de todos os concursos<\/em><\/strong><\/p>\n\n\n\n<p class=\"has-text-align-center has-pale-cyan-blue-background-color has-background\" style=\"font-size:clamp(14.642px, 0.915rem + ((1vw - 3.2px) * 0.721), 22px);px\"><a rel=\"noreferrer noopener\" href=\"https:\/\/www.estrategiaconcursos.com.br\/blog\/concursos-abertos\/\" target=\"_blank\"><strong>CONCURSOS ABERTOS<\/strong><\/a><\/p>\n\n\n\n<p class=\"has-text-align-center has-pale-cyan-blue-background-color has-background\" style=\"font-size:clamp(14.642px, 0.915rem + ((1vw - 3.2px) * 0.721), 22px);px\"><a rel=\"noreferrer noopener\" href=\"https:\/\/www.estrategiaconcursos.com.br\/blog\/concursos-2019\/\" target=\"_blank\"><strong>CONCURSOS 2019<\/strong><\/a><\/p>\n\n\n\n<p class=\"has-text-align-center has-pale-cyan-blue-background-color has-background\" style=\"font-size:clamp(14.642px, 0.915rem + ((1vw - 3.2px) * 0.721), 22px);px\"><a rel=\"noreferrer noopener\" href=\"https:\/\/www.estrategiaconcursos.com.br\/blog\/concursos-2020\/\" target=\"_blank\"><strong>CONCURSOS&nbsp;2020<\/strong><\/a><\/p>\n\n\n\n<figure class=\"wp-block-image\"><img loading=\"lazy\" decoding=\"async\" width=\"300\" height=\"102\" src=\"https:\/\/dhg1h5j42swfq.cloudfront.net\/2017\/03\/28152500\/coruja-ficha-tecnica-300x102.png\" alt=\"\" class=\"wp-image-68542\"\/><\/figure>\n\n\n\n<h3 class=\"wp-block-heading\" id=\"ficha-tecnica\"><strong>Informa\u00e7\u00f5es sobre o c<\/strong>oncurso Prefeitura de Esteio<\/h3>\n\n\n\n<p>\u25ba<strong>Provas<\/strong>: 15\/12<br \/>\u25ba<strong>Vagas<\/strong>: 25 + CR<br \/>\u25ba<strong>Cargos<\/strong>: Diversos<br \/>\u25ba<strong>Banca<\/strong>: Funda\u00e7\u00e3o La Salle<br \/>\u25ba<strong>Escolaridade<\/strong>: N\u00edvel fundamental, m\u00e9dio, t\u00e9cnico e superior<br \/>\u25ba<strong>Edital<\/strong>:&nbsp;<a rel=\"noreferrer noopener\" aria-label=\"Edital Prefeitura de Esteio-RS (abre numa nova aba)\" href=\"https:\/\/dhg1h5j42swfq.cloudfront.net\/2019\/10\/31114149\/edital-esteio-rs-02-2019.pdf\" target=\"_blank\">Edital Prefeitura de Esteio-RS<\/a><\/p>\n\n\n\n<p><br \/><em>Ascom Estrat\u00e9gia<\/em><br \/>ascomestrategia@gmail.com<\/p>\n","protected":false},"excerpt":{"rendered":"<p>Foi publicado o edital do concurso p\u00fablico da Prefeitura de Esteio, munic\u00edpio do Rio Grande do Sul. S\u00e3o ofertadas 25 vagas imediatas mais forma\u00e7\u00e3o de cadastro reserva, distribu\u00eddas entre cargos de n\u00edvel fundamental, m\u00e9dio, t\u00e9cnico e superior. Os interessados em participar da sele\u00e7\u00e3o puderam realizar as inscri\u00e7\u00f5es no per\u00edodo de 31 de outubro a 18 [&hellip;]<\/p>\n","protected":false},"author":93,"featured_media":419117,"comment_status":"open","ping_status":"closed","sticky":false,"template":"","format":"standard","meta":{"post_tipo":"article","footnotes":""},"categories":[1],"tags":[],"tax_estado":[],"class_list":["post-442511","post","type-post","status-publish","format-standard","has-post-thumbnail","hentry","category-cursos-e-concursos"],"acf":[],"yoast_head":"<!-- This site is optimized with the Yoast SEO Premium plugin v27.2 (Yoast SEO v27.2) - https:\/\/yoast.com\/product\/yoast-seo-premium-wordpress\/ -->\n<title>Edital Prefeitura de Esteio: publicado com vagas para todos os n\u00edveis<\/title>\n<meta name=\"robots\" content=\"index, follow, max-snippet:-1, max-image-preview:large, max-video-preview:-1\" \/>\n<link rel=\"canonical\" href=\"https:\/\/www.estrategiaconcursos.com.br\/blog\/edital-prefeitura-de-esteio\/\" \/>\n<meta property=\"og:locale\" content=\"pt_BR\" \/>\n<meta property=\"og:type\" content=\"article\" \/>\n<meta property=\"og:title\" content=\"Edital Prefeitura de Esteio: publicado com vagas para todos os n\u00edveis\" \/>\n<meta property=\"og:description\" content=\"Foi publicado o edital do concurso p\u00fablico da Prefeitura de Esteio, munic\u00edpio do Rio Grande do Sul. S\u00e3o ofertadas 25 vagas imediatas mais forma\u00e7\u00e3o de cadastro reserva, distribu\u00eddas entre cargos de n\u00edvel fundamental, m\u00e9dio, t\u00e9cnico e superior. Os interessados em participar da sele\u00e7\u00e3o puderam realizar as inscri\u00e7\u00f5es no per\u00edodo de 31 de outubro a 18 [&hellip;]\" \/>\n<meta property=\"og:url\" content=\"https:\/\/www.estrategiaconcursos.com.br\/blog\/edital-prefeitura-de-esteio\/\" \/>\n<meta property=\"og:site_name\" content=\"Estrat\u00e9gia Concursos\" \/>\n<meta property=\"article:published_time\" content=\"2019-10-31T16:10:03+00:00\" \/>\n<meta property=\"article:modified_time\" content=\"2022-12-05T18:16:52+00:00\" \/>\n<meta property=\"og:image\" content=\"https:\/\/dhg1h5j42swfq.cloudfront.net\/2019\/06\/12092101\/saiu-edital-1.jpg\" \/>\n\t<meta property=\"og:image:width\" content=\"1200\" \/>\n\t<meta property=\"og:image:height\" content=\"628\" \/>\n\t<meta property=\"og:image:type\" content=\"image\/jpeg\" \/>\n<meta name=\"author\" content=\"Vinicius Silva\" \/>\n<meta name=\"twitter:card\" content=\"summary_large_image\" \/>\n<meta name=\"twitter:creator\" content=\"@EstratConcursos\" \/>\n<meta name=\"twitter:site\" content=\"@EstratConcursos\" \/>\n<meta name=\"twitter:label1\" content=\"Escrito por\" \/>\n\t<meta name=\"twitter:data1\" content=\"Vinicius Silva\" \/>\n\t<meta name=\"twitter:label2\" content=\"Est. tempo de leitura\" \/>\n\t<meta name=\"twitter:data2\" content=\"6 minutos\" \/>\n<script type=\"application\/ld+json\" class=\"yoast-schema-graph\">{\"@context\":\"https:\/\/schema.org\",\"@graph\":[{\"@type\":\"NewsArticle\",\"@id\":\"https:\/\/www.estrategiaconcursos.com.br\/blog\/edital-prefeitura-de-esteio\/#article\",\"isPartOf\":{\"@id\":\"https:\/\/www.estrategiaconcursos.com.br\/blog\/edital-prefeitura-de-esteio\/\"},\"author\":{\"name\":\"Vinicius Silva\",\"@id\":\"https:\/\/www.estrategiaconcursos.com.br\/blog\/#\/schema\/person\/20030622a981f9a942ad6b3561fe4ca4\"},\"headline\":\"Edital Prefeitura de Esteio: publicado com vagas para todos os n\u00edveis\",\"datePublished\":\"2019-10-31T16:10:03+00:00\",\"dateModified\":\"2022-12-05T18:16:52+00:00\",\"mainEntityOfPage\":{\"@id\":\"https:\/\/www.estrategiaconcursos.com.br\/blog\/edital-prefeitura-de-esteio\/\"},\"wordCount\":1238,\"commentCount\":0,\"publisher\":{\"@id\":\"https:\/\/www.estrategiaconcursos.com.br\/blog\/#organization\"},\"image\":{\"@id\":\"https:\/\/www.estrategiaconcursos.com.br\/blog\/edital-prefeitura-de-esteio\/#primaryimage\"},\"thumbnailUrl\":\"https:\/\/dhg1h5j42swfq.cloudfront.net\/2019\/06\/12092101\/saiu-edital-1.jpg\",\"articleSection\":[\"Concursos P\u00fablicos\"],\"inLanguage\":\"pt-BR\",\"potentialAction\":[{\"@type\":\"CommentAction\",\"name\":\"Comment\",\"target\":[\"https:\/\/www.estrategiaconcursos.com.br\/blog\/edital-prefeitura-de-esteio\/#respond\"]}],\"copyrightYear\":\"2019\",\"copyrightHolder\":{\"@id\":\"https:\/\/www.estrategiaconcursos.com.br\/blog\/#organization\"}},{\"@type\":\"WebPage\",\"@id\":\"https:\/\/www.estrategiaconcursos.com.br\/blog\/edital-prefeitura-de-esteio\/\",\"url\":\"https:\/\/www.estrategiaconcursos.com.br\/blog\/edital-prefeitura-de-esteio\/\",\"name\":\"Edital Prefeitura de Esteio: publicado com vagas para todos os n\u00edveis\",\"isPartOf\":{\"@id\":\"https:\/\/www.estrategiaconcursos.com.br\/blog\/#website\"},\"primaryImageOfPage\":{\"@id\":\"https:\/\/www.estrategiaconcursos.com.br\/blog\/edital-prefeitura-de-esteio\/#primaryimage\"},\"image\":{\"@id\":\"https:\/\/www.estrategiaconcursos.com.br\/blog\/edital-prefeitura-de-esteio\/#primaryimage\"},\"thumbnailUrl\":\"https:\/\/dhg1h5j42swfq.cloudfront.net\/2019\/06\/12092101\/saiu-edital-1.jpg\",\"datePublished\":\"2019-10-31T16:10:03+00:00\",\"dateModified\":\"2022-12-05T18:16:52+00:00\",\"breadcrumb\":{\"@id\":\"https:\/\/www.estrategiaconcursos.com.br\/blog\/edital-prefeitura-de-esteio\/#breadcrumb\"},\"inLanguage\":\"pt-BR\",\"potentialAction\":[{\"@type\":\"ReadAction\",\"target\":[\"https:\/\/www.estrategiaconcursos.com.br\/blog\/edital-prefeitura-de-esteio\/\"]}]},{\"@type\":\"ImageObject\",\"inLanguage\":\"pt-BR\",\"@id\":\"https:\/\/www.estrategiaconcursos.com.br\/blog\/edital-prefeitura-de-esteio\/#primaryimage\",\"url\":\"https:\/\/dhg1h5j42swfq.cloudfront.net\/2019\/06\/12092101\/saiu-edital-1.jpg\",\"contentUrl\":\"https:\/\/dhg1h5j42swfq.cloudfront.net\/2019\/06\/12092101\/saiu-edital-1.jpg\",\"width\":1200,\"height\":628,\"caption\":\"concurso crea sc\"},{\"@type\":\"BreadcrumbList\",\"@id\":\"https:\/\/www.estrategiaconcursos.com.br\/blog\/edital-prefeitura-de-esteio\/#breadcrumb\",\"itemListElement\":[{\"@type\":\"ListItem\",\"position\":1,\"name\":\"In\u00edcio\",\"item\":\"https:\/\/www.estrategiaconcursos.com.br\/blog\/\"},{\"@type\":\"ListItem\",\"position\":2,\"name\":\"Edital Prefeitura de Esteio: publicado com vagas para todos os n\u00edveis\"}]},{\"@type\":\"WebSite\",\"@id\":\"https:\/\/www.estrategiaconcursos.com.br\/blog\/#website\",\"url\":\"https:\/\/www.estrategiaconcursos.com.br\/blog\/\",\"name\":\"Estrat\u00e9gia Concursos\",\"description\":\"O blog da Estrat\u00e9gia Concursos traz not\u00edcias sobre concursos e artigos de professores oferecendo cursos para concursos (pdf + videaulas) no site.\",\"publisher\":{\"@id\":\"https:\/\/www.estrategiaconcursos.com.br\/blog\/#organization\"},\"potentialAction\":[{\"@type\":\"SearchAction\",\"target\":{\"@type\":\"EntryPoint\",\"urlTemplate\":\"https:\/\/www.estrategiaconcursos.com.br\/blog\/?s={search_term_string}\"},\"query-input\":{\"@type\":\"PropertyValueSpecification\",\"valueRequired\":true,\"valueName\":\"search_term_string\"}}],\"inLanguage\":\"pt-BR\"},{\"@type\":\"Organization\",\"@id\":\"https:\/\/www.estrategiaconcursos.com.br\/blog\/#organization\",\"name\":\"Estrat\u00e9gia Concursos\",\"url\":\"https:\/\/www.estrategiaconcursos.com.br\/blog\/\",\"logo\":{\"@type\":\"ImageObject\",\"inLanguage\":\"pt-BR\",\"@id\":\"https:\/\/www.estrategiaconcursos.com.br\/blog\/#\/schema\/logo\/image\/\",\"url\":\"https:\/\/dhg1h5j42swfq.cloudfront.net\/2025\/06\/03203428\/logo_concursos-1.jpg\",\"contentUrl\":\"https:\/\/dhg1h5j42swfq.cloudfront.net\/2025\/06\/03203428\/logo_concursos-1.jpg\",\"width\":230,\"height\":60,\"caption\":\"Estrat\u00e9gia Concursos\"},\"image\":{\"@id\":\"https:\/\/www.estrategiaconcursos.com.br\/blog\/#\/schema\/logo\/image\/\"},\"sameAs\":[\"https:\/\/x.com\/EstratConcursos\"]},{\"@type\":\"Person\",\"@id\":\"https:\/\/www.estrategiaconcursos.com.br\/blog\/#\/schema\/person\/20030622a981f9a942ad6b3561fe4ca4\",\"name\":\"Vinicius Silva\",\"image\":{\"@type\":\"ImageObject\",\"inLanguage\":\"pt-BR\",\"@id\":\"https:\/\/secure.gravatar.com\/avatar\/604d9670a4c7eea71feaa4381f3ae97e148292ac402671c5944aa67a3d127663?s=96&d=mm&r=g\",\"url\":\"https:\/\/secure.gravatar.com\/avatar\/604d9670a4c7eea71feaa4381f3ae97e148292ac402671c5944aa67a3d127663?s=96&d=mm&r=g\",\"contentUrl\":\"https:\/\/secure.gravatar.com\/avatar\/604d9670a4c7eea71feaa4381f3ae97e148292ac402671c5944aa67a3d127663?s=96&d=mm&r=g\",\"caption\":\"Vinicius Silva\"},\"url\":\"https:\/\/www.estrategiaconcursos.com.br\/blog\/author\/viniciussilvaestrategiaconcursos-com-br\/\"}]}<\/script>\n<!-- \/ Yoast SEO Premium plugin. -->","yoast_head_json":{"title":"Edital Prefeitura de Esteio: publicado com vagas para todos os n\u00edveis","robots":{"index":"index","follow":"follow","max-snippet":"max-snippet:-1","max-image-preview":"max-image-preview:large","max-video-preview":"max-video-preview:-1"},"canonical":"https:\/\/www.estrategiaconcursos.com.br\/blog\/edital-prefeitura-de-esteio\/","og_locale":"pt_BR","og_type":"article","og_title":"Edital Prefeitura de Esteio: publicado com vagas para todos os n\u00edveis","og_description":"Foi publicado o edital do concurso p\u00fablico da Prefeitura de Esteio, munic\u00edpio do Rio Grande do Sul. S\u00e3o ofertadas 25 vagas imediatas mais forma\u00e7\u00e3o de cadastro reserva, distribu\u00eddas entre cargos de n\u00edvel fundamental, m\u00e9dio, t\u00e9cnico e superior. Os interessados em participar da sele\u00e7\u00e3o puderam realizar as inscri\u00e7\u00f5es no per\u00edodo de 31 de outubro a 18 [&hellip;]","og_url":"https:\/\/www.estrategiaconcursos.com.br\/blog\/edital-prefeitura-de-esteio\/","og_site_name":"Estrat\u00e9gia Concursos","article_published_time":"2019-10-31T16:10:03+00:00","article_modified_time":"2022-12-05T18:16:52+00:00","og_image":[{"width":1200,"height":628,"url":"https:\/\/dhg1h5j42swfq.cloudfront.net\/2019\/06\/12092101\/saiu-edital-1.jpg","type":"image\/jpeg"}],"author":"Vinicius Silva","twitter_card":"summary_large_image","twitter_creator":"@EstratConcursos","twitter_site":"@EstratConcursos","twitter_misc":{"Escrito por":"Vinicius Silva","Est. tempo de leitura":"6 minutos"},"schema":{"@context":"https:\/\/schema.org","@graph":[{"@type":"NewsArticle","@id":"https:\/\/www.estrategiaconcursos.com.br\/blog\/edital-prefeitura-de-esteio\/#article","isPartOf":{"@id":"https:\/\/www.estrategiaconcursos.com.br\/blog\/edital-prefeitura-de-esteio\/"},"author":{"name":"Vinicius Silva","@id":"https:\/\/www.estrategiaconcursos.com.br\/blog\/#\/schema\/person\/20030622a981f9a942ad6b3561fe4ca4"},"headline":"Edital Prefeitura de Esteio: publicado com vagas para todos os n\u00edveis","datePublished":"2019-10-31T16:10:03+00:00","dateModified":"2022-12-05T18:16:52+00:00","mainEntityOfPage":{"@id":"https:\/\/www.estrategiaconcursos.com.br\/blog\/edital-prefeitura-de-esteio\/"},"wordCount":1238,"commentCount":0,"publisher":{"@id":"https:\/\/www.estrategiaconcursos.com.br\/blog\/#organization"},"image":{"@id":"https:\/\/www.estrategiaconcursos.com.br\/blog\/edital-prefeitura-de-esteio\/#primaryimage"},"thumbnailUrl":"https:\/\/dhg1h5j42swfq.cloudfront.net\/2019\/06\/12092101\/saiu-edital-1.jpg","articleSection":["Concursos P\u00fablicos"],"inLanguage":"pt-BR","potentialAction":[{"@type":"CommentAction","name":"Comment","target":["https:\/\/www.estrategiaconcursos.com.br\/blog\/edital-prefeitura-de-esteio\/#respond"]}],"copyrightYear":"2019","copyrightHolder":{"@id":"https:\/\/www.estrategiaconcursos.com.br\/blog\/#organization"}},{"@type":"WebPage","@id":"https:\/\/www.estrategiaconcursos.com.br\/blog\/edital-prefeitura-de-esteio\/","url":"https:\/\/www.estrategiaconcursos.com.br\/blog\/edital-prefeitura-de-esteio\/","name":"Edital Prefeitura de Esteio: publicado com vagas para todos os n\u00edveis","isPartOf":{"@id":"https:\/\/www.estrategiaconcursos.com.br\/blog\/#website"},"primaryImageOfPage":{"@id":"https:\/\/www.estrategiaconcursos.com.br\/blog\/edital-prefeitura-de-esteio\/#primaryimage"},"image":{"@id":"https:\/\/www.estrategiaconcursos.com.br\/blog\/edital-prefeitura-de-esteio\/#primaryimage"},"thumbnailUrl":"https:\/\/dhg1h5j42swfq.cloudfront.net\/2019\/06\/12092101\/saiu-edital-1.jpg","datePublished":"2019-10-31T16:10:03+00:00","dateModified":"2022-12-05T18:16:52+00:00","breadcrumb":{"@id":"https:\/\/www.estrategiaconcursos.com.br\/blog\/edital-prefeitura-de-esteio\/#breadcrumb"},"inLanguage":"pt-BR","potentialAction":[{"@type":"ReadAction","target":["https:\/\/www.estrategiaconcursos.com.br\/blog\/edital-prefeitura-de-esteio\/"]}]},{"@type":"ImageObject","inLanguage":"pt-BR","@id":"https:\/\/www.estrategiaconcursos.com.br\/blog\/edital-prefeitura-de-esteio\/#primaryimage","url":"https:\/\/dhg1h5j42swfq.cloudfront.net\/2019\/06\/12092101\/saiu-edital-1.jpg","contentUrl":"https:\/\/dhg1h5j42swfq.cloudfront.net\/2019\/06\/12092101\/saiu-edital-1.jpg","width":1200,"height":628,"caption":"concurso crea sc"},{"@type":"BreadcrumbList","@id":"https:\/\/www.estrategiaconcursos.com.br\/blog\/edital-prefeitura-de-esteio\/#breadcrumb","itemListElement":[{"@type":"ListItem","position":1,"name":"In\u00edcio","item":"https:\/\/www.estrategiaconcursos.com.br\/blog\/"},{"@type":"ListItem","position":2,"name":"Edital Prefeitura de Esteio: publicado com vagas para todos os n\u00edveis"}]},{"@type":"WebSite","@id":"https:\/\/www.estrategiaconcursos.com.br\/blog\/#website","url":"https:\/\/www.estrategiaconcursos.com.br\/blog\/","name":"Estrat\u00e9gia Concursos","description":"O blog da Estrat\u00e9gia Concursos traz not\u00edcias sobre concursos e artigos de professores oferecendo cursos para concursos (pdf + videaulas) no site.","publisher":{"@id":"https:\/\/www.estrategiaconcursos.com.br\/blog\/#organization"},"potentialAction":[{"@type":"SearchAction","target":{"@type":"EntryPoint","urlTemplate":"https:\/\/www.estrategiaconcursos.com.br\/blog\/?s={search_term_string}"},"query-input":{"@type":"PropertyValueSpecification","valueRequired":true,"valueName":"search_term_string"}}],"inLanguage":"pt-BR"},{"@type":"Organization","@id":"https:\/\/www.estrategiaconcursos.com.br\/blog\/#organization","name":"Estrat\u00e9gia Concursos","url":"https:\/\/www.estrategiaconcursos.com.br\/blog\/","logo":{"@type":"ImageObject","inLanguage":"pt-BR","@id":"https:\/\/www.estrategiaconcursos.com.br\/blog\/#\/schema\/logo\/image\/","url":"https:\/\/dhg1h5j42swfq.cloudfront.net\/2025\/06\/03203428\/logo_concursos-1.jpg","contentUrl":"https:\/\/dhg1h5j42swfq.cloudfront.net\/2025\/06\/03203428\/logo_concursos-1.jpg","width":230,"height":60,"caption":"Estrat\u00e9gia Concursos"},"image":{"@id":"https:\/\/www.estrategiaconcursos.com.br\/blog\/#\/schema\/logo\/image\/"},"sameAs":["https:\/\/x.com\/EstratConcursos"]},{"@type":"Person","@id":"https:\/\/www.estrategiaconcursos.com.br\/blog\/#\/schema\/person\/20030622a981f9a942ad6b3561fe4ca4","name":"Vinicius Silva","image":{"@type":"ImageObject","inLanguage":"pt-BR","@id":"https:\/\/secure.gravatar.com\/avatar\/604d9670a4c7eea71feaa4381f3ae97e148292ac402671c5944aa67a3d127663?s=96&d=mm&r=g","url":"https:\/\/secure.gravatar.com\/avatar\/604d9670a4c7eea71feaa4381f3ae97e148292ac402671c5944aa67a3d127663?s=96&d=mm&r=g","contentUrl":"https:\/\/secure.gravatar.com\/avatar\/604d9670a4c7eea71feaa4381f3ae97e148292ac402671c5944aa67a3d127663?s=96&d=mm&r=g","caption":"Vinicius Silva"},"url":"https:\/\/www.estrategiaconcursos.com.br\/blog\/author\/viniciussilvaestrategiaconcursos-com-br\/"}]}},"_links":{"self":[{"href":"https:\/\/www.estrategiaconcursos.com.br\/blog\/wp-json\/wp\/v2\/posts\/442511","targetHints":{"allow":["GET"]}}],"collection":[{"href":"https:\/\/www.estrategiaconcursos.com.br\/blog\/wp-json\/wp\/v2\/posts"}],"about":[{"href":"https:\/\/www.estrategiaconcursos.com.br\/blog\/wp-json\/wp\/v2\/types\/post"}],"author":[{"embeddable":true,"href":"https:\/\/www.estrategiaconcursos.com.br\/blog\/wp-json\/wp\/v2\/users\/93"}],"replies":[{"embeddable":true,"href":"https:\/\/www.estrategiaconcursos.com.br\/blog\/wp-json\/wp\/v2\/comments?post=442511"}],"version-history":[{"count":9,"href":"https:\/\/www.estrategiaconcursos.com.br\/blog\/wp-json\/wp\/v2\/posts\/442511\/revisions"}],"predecessor-version":[{"id":1134645,"href":"https:\/\/www.estrategiaconcursos.com.br\/blog\/wp-json\/wp\/v2\/posts\/442511\/revisions\/1134645"}],"wp:featuredmedia":[{"embeddable":true,"href":"https:\/\/www.estrategiaconcursos.com.br\/blog\/wp-json\/wp\/v2\/media\/419117"}],"wp:attachment":[{"href":"https:\/\/www.estrategiaconcursos.com.br\/blog\/wp-json\/wp\/v2\/media?parent=442511"}],"wp:term":[{"taxonomy":"category","embeddable":true,"href":"https:\/\/www.estrategiaconcursos.com.br\/blog\/wp-json\/wp\/v2\/categories?post=442511"},{"taxonomy":"post_tag","embeddable":true,"href":"https:\/\/www.estrategiaconcursos.com.br\/blog\/wp-json\/wp\/v2\/tags?post=442511"},{"taxonomy":"tax_estado","embeddable":true,"href":"https:\/\/www.estrategiaconcursos.com.br\/blog\/wp-json\/wp\/v2\/tax_estado?post=442511"}],"curies":[{"name":"wp","href":"https:\/\/api.w.org\/{rel}","templated":true}]}}