{"id":442503,"date":"2019-11-03T08:00:16","date_gmt":"2019-11-03T11:00:16","guid":{"rendered":"https:\/\/www.estrategiaconcursos.com.br\/blog\/?p=442503"},"modified":"2020-02-19T19:44:11","modified_gmt":"2020-02-19T22:44:11","slug":"concurso-tj-rs-oficial-maratona-aulas","status":"publish","type":"post","link":"https:\/\/www.estrategiaconcursos.com.br\/blog\/concurso-tj-rs-oficial-maratona-aulas\/","title":{"rendered":"TJ RS Oficial de Justi\u00e7a: Maratona de aulas durante o domingo inteiro"},"content":{"rendered":"\n<p>Est\u00e3o abertas as inscri\u00e7\u00f5es para o <strong>concurso TJ RS Oficial de Justi\u00e7a<\/strong>, com oferta de tr\u00eas vagas imediatas mais cadastro de reserva. A prova objetiva est\u00e1 prevista para <strong>16 de fevereiro de 2020<\/strong> e a remunera\u00e7\u00e3o inicial do cargo \u00e9 de <strong>R$ 9.305,55<\/strong>. <\/p>\n\n\n\n<p>Para os que se preparam para esse tipo de certame, h\u00e1 um tempo consider\u00e1vel para aprimorar a prepara\u00e7\u00e3o, estudar as especificidades da prova, revisar as mat\u00e9rias mais importante e tirar todas as d\u00favidas. <\/p>\n\n\n\n<p>E para contribuir nesta jornada, n\u00f3s, da equipe de professores do Estrat\u00e9gia Concursos preparamos uma maratona de aulas, que ser\u00e1 transmitida, <em><strong>ao vivo e gratuitamente<\/strong><\/em>, durante todo este <em><strong>domingo<\/strong><\/em>, <em><strong>03 de novembro<\/strong><\/em>, a partir das <strong><em>08h30<\/em><\/strong>, diretamente do <em><strong>canal do Estrat\u00e9gia Concursos no youtube<\/strong><\/em>. <\/p>\n\n\n\n<p> Voc\u00ea, concurseiro de plant\u00e3o, sabe que fim de semana tamb\u00e9m \u00e9 tempo de estudar, principalmente quando o edital j\u00e1 est\u00e1 aberto. Por isso, n\u00e3o perca essa oportunidade e inscreva-se agora clicando no link abaixo: <\/p>\n\n\n\n<figure class=\"wp-block-image\"><a href=\"https:\/\/www.estrategiaconcursos.com.br\/gratis\/tj-rs-4\/\" target=\"_blank\" rel=\"noreferrer noopener\"><img loading=\"lazy\" decoding=\"async\" width=\"1200\" height=\"300\" src=\"https:\/\/dhg1h5j42swfq.cloudfront.net\/2019\/11\/01160615\/BANNER_TJ-RS.jpg\" alt=\"\" class=\"wp-image-443196\" srcset=\"https:\/\/dhg1h5j42swfq.cloudfront.net\/2019\/11\/01160615\/BANNER_TJ-RS.jpg 1200w, https:\/\/dhg1h5j42swfq.cloudfront.net\/2019\/11\/01160615\/BANNER_TJ-RS.jpg 300w, https:\/\/dhg1h5j42swfq.cloudfront.net\/2019\/11\/01160615\/BANNER_TJ-RS.jpg 768w, https:\/\/dhg1h5j42swfq.cloudfront.net\/2019\/11\/01160615\/BANNER_TJ-RS.jpg 1024w, https:\/\/dhg1h5j42swfq.cloudfront.net\/2019\/11\/01160615\/BANNER_TJ-RS.jpg 610w\" sizes=\"auto, (max-width: 1200px) 100vw, 1200px\" \/><\/a><\/figure>\n\n\n\n<p>Para j\u00e1 ir se preparando, acompanhe a programa\u00e7\u00e3o do evento: <\/p>\n\n\n\n<p><\/p>\n\n\n\n<figure class=\"wp-block-table aligncenter is-style-stripes\"><table class=\"has-subtle-pale-blue-background-color has-fixed-layout has-background\"><tbody><tr><td><strong>Professor<\/strong><\/td><td><strong>Disciplina <\/strong><\/td><td><strong>Hor\u00e1rio <\/strong><\/td><\/tr><tr><td>Ricardo Vale <\/td><td>Direito Constitucional <\/td><td>08:30 \u00e0s 09:30<\/td><\/tr><tr><td>Renato da Costa <\/td><td>Inform\u00e1tica<\/td><td>09:30 \u00e0s 10:30<\/td><\/tr><tr><td>Tiago Zanolla <\/td><td>Regimento Interno <\/td><td>10:30 \u00e0s 11:30<\/td><\/tr><tr><td>Ricardo Torques <\/td><td>Legisla\u00e7\u00e3o Especial <\/td><td>11:30 \u00e0s 12:30<\/td><\/tr><tr><td><\/td><td><strong> INTERVALO <\/strong><\/td><td><\/td><\/tr><tr><td>M\u00e1rio Godoy <\/td><td>Direito Civil <\/td><td>13:30 \u00e0s 14:30<\/td><\/tr><tr><td>Fabiano Pereira <\/td><td>Direito Administrativo <\/td><td>14:30 \u00e0s 15:30<\/td><\/tr><tr><td>Fabr\u00edcio Dutra <\/td><td>Portugu\u00eas<\/td><td>15:30 \u00e0s 16:30<\/td><\/tr><\/tbody><\/table><\/figure>\n\n\n\n<p>N\u00e3o perca tempo e seja direcionado \u00e0 transmiss\u00e3o acessando nosso banner neste artigo: <\/p>\n\n\n\n<figure class=\"wp-block-image\"><a href=\"https:\/\/www.youtube.com\/watch?v=rPvGp-gBQWE\" target=\"_blank\" rel=\"noreferrer noopener\"><img loading=\"lazy\" decoding=\"async\" width=\"1200\" height=\"675\" src=\"https:\/\/dhg1h5j42swfq.cloudfront.net\/2019\/11\/01160353\/YTB_TJ-RS1.jpg\" alt=\"\" class=\"wp-image-443191\" srcset=\"https:\/\/dhg1h5j42swfq.cloudfront.net\/2019\/11\/01160353\/YTB_TJ-RS1.jpg 1200w, https:\/\/dhg1h5j42swfq.cloudfront.net\/2019\/11\/01160353\/YTB_TJ-RS1.jpg 300w, https:\/\/dhg1h5j42swfq.cloudfront.net\/2019\/11\/01160353\/YTB_TJ-RS1.jpg 768w, https:\/\/dhg1h5j42swfq.cloudfront.net\/2019\/11\/01160353\/YTB_TJ-RS1.jpg 1024w, https:\/\/dhg1h5j42swfq.cloudfront.net\/2019\/11\/01160353\/YTB_TJ-RS1.jpg 610w\" sizes=\"auto, (max-width: 1200px) 100vw, 1200px\" \/><\/a><\/figure>\n\n\n\n<h2 class=\"has-text-align-center wp-block-heading\" id=\"cursos-assinatura\"><strong><em>Quer estudar para Concurso TJ RS?<\/em><\/strong><\/h2>\n\n\n\n<p class=\"has-text-align-center\"><em>Gostou desta oportunidade e deseja come\u00e7ar se preparar agora mesmo? Ent\u00e3o, confira os nossos cursos e comece a estudar para TJ RS:<\/em><\/p>\n\n\n\n<p style=\"font-size:25px\" class=\"has-background has-text-align-center has-light-green-cyan-background-color\"><strong><a rel=\"noreferrer noopener\" href=\"https:\/\/www.estrategiaconcursos.com.br\/cursosPorConcurso\/promocao-pacotes-para-tj-rs\/\" target=\"_blank\">CURSO TJ RS <\/a><\/strong><\/p>\n\n\n\n<p style=\"font-size:25px\" class=\"has-background has-text-align-center has-very-light-gray-background-color\"><strong><a rel=\"noreferrer noopener\" href=\"https:\/\/www.estrategiaconcursos.com.br\/cursosPorConcurso\/assinaturas-promocionais\/\" target=\"_blank\">ASSINATURA TRIBUNAIS<\/a><\/strong><\/p>\n\n\n\n<figure class=\"wp-block-image\"><a href=\"https:\/\/www.estrategiaconcursos.com.br\/gratis\/melhor-black-friday\/\" target=\"_blank\" rel=\"noreferrer noopener\"><img decoding=\"async\" src=\"https:\/\/dhg1h5j42swfq.cloudfront.net\/2019\/10\/22090037\/promo%C3%A7%C3%A3o.jpeg\" alt=\"\" class=\"wp-image-437884\"\/><\/a><\/figure>\n\n\n\n<p style=\"font-size:22px\" class=\"has-background has-text-align-center has-luminous-vivid-amber-background-color\"><strong><a href=\"https:\/\/www.estrategiaconcursos.com.br\/gratis\/melhor-black-friday\/\" target=\"_blank\" rel=\"noreferrer noopener\">PROMO\u00c7\u00c3O: \u00c9 MELHOR QUE BLACK FRIDAY!<\/a><\/strong><\/p>\n\n\n\n<p class=\"has-text-align-center\"><em><strong>Assinatura Anual Ilimitada*<\/strong><\/em><\/p>\n\n\n\n<p class=\"has-text-align-center\"><em>Prepare-se com o melhor material e com quem mais aprova em Concursos P\u00fablicos em todo o pa\u00eds. Assine agora a nossa Assinatura Anual e tenha acesso ilimitado* a todos os nossos cursos.<\/em><\/p>\n\n\n\n<p style=\"font-size:25px\" class=\"has-background has-text-align-center has-light-green-cyan-background-color\"><strong>ASSINE AGORA<\/strong>&nbsp;\u2013<a rel=\"noreferrer noopener\" href=\"https:\/\/www.estrategiaconcursos.com.br\/assinaturas\" target=\"_blank\"><strong>Assinatura Ilimitada<\/strong><\/a><\/p>\n\n\n\n<p class=\"has-text-align-center\"><em><strong>Fique por dentro de todos os concursos<\/strong><\/em>:<\/p>\n\n\n\n<p style=\"font-size:25px\" class=\"has-background has-text-align-center has-pale-cyan-blue-background-color\"><strong><a href=\"https:\/\/www.estrategiaconcursos.com.br\/blog\/concursos-abertos\/\" target=\"_blank\" rel=\"noreferrer noopener\">Concursos abertos<\/a><\/strong><\/p>\n\n\n\n<p style=\"font-size:25px\" class=\"has-background has-text-align-center has-pale-cyan-blue-background-color\"><strong><a href=\"https:\/\/www.estrategiaconcursos.com.br\/blog\/concursos-2019\/\" target=\"_blank\" rel=\"noreferrer noopener\">Concursos 2019<\/a><\/strong><\/p>\n\n\n\n<p style=\"font-size:25px\" class=\"has-background has-text-align-center has-pale-cyan-blue-background-color\"><a rel=\"noreferrer noopener\" href=\"https:\/\/www.estrategiaconcursos.com.br\/blog\/concursos-2020\/\" target=\"_blank\"><strong>Concursos 2020<\/strong><\/a><\/p>\n","protected":false},"excerpt":{"rendered":"<p>Est\u00e3o abertas as inscri\u00e7\u00f5es para o concurso TJ RS Oficial de Justi\u00e7a, com oferta de tr\u00eas vagas imediatas mais cadastro de reserva. A prova objetiva est\u00e1 prevista para 16 de fevereiro de 2020 e a remunera\u00e7\u00e3o inicial do cargo \u00e9 de R$ 9.305,55. Para os que se preparam para esse tipo de certame, h\u00e1 um [&hellip;]<\/p>\n","protected":false},"author":180,"featured_media":443190,"comment_status":"open","ping_status":"closed","sticky":false,"template":"","format":"standard","meta":{"post_tipo":"article","footnotes":""},"categories":[1],"tags":[],"tax_estado":[],"class_list":["post-442503","post","type-post","status-publish","format-standard","has-post-thumbnail","hentry","category-cursos-e-concursos"],"acf":[],"yoast_head":"<!-- This site is optimized with the Yoast SEO Premium plugin v27.2 (Yoast SEO v27.2) - https:\/\/yoast.com\/product\/yoast-seo-premium-wordpress\/ -->\n<title>TJ RS Oficial de Justi\u00e7a: Maratona de aulas durante o domingo inteiro<\/title>\n<meta name=\"robots\" content=\"index, follow, max-snippet:-1, max-image-preview:large, max-video-preview:-1\" \/>\n<link rel=\"canonical\" href=\"https:\/\/www.estrategiaconcursos.com.br\/blog\/concurso-tj-rs-oficial-maratona-aulas\/\" \/>\n<meta property=\"og:locale\" content=\"pt_BR\" \/>\n<meta property=\"og:type\" content=\"article\" \/>\n<meta property=\"og:title\" content=\"TJ RS Oficial de Justi\u00e7a: Maratona de aulas durante o domingo inteiro\" \/>\n<meta property=\"og:description\" content=\"Est\u00e3o abertas as inscri\u00e7\u00f5es para o concurso TJ RS Oficial de Justi\u00e7a, com oferta de tr\u00eas vagas imediatas mais cadastro de reserva. A prova objetiva est\u00e1 prevista para 16 de fevereiro de 2020 e a remunera\u00e7\u00e3o inicial do cargo \u00e9 de R$ 9.305,55. Para os que se preparam para esse tipo de certame, h\u00e1 um [&hellip;]\" \/>\n<meta property=\"og:url\" content=\"https:\/\/www.estrategiaconcursos.com.br\/blog\/concurso-tj-rs-oficial-maratona-aulas\/\" \/>\n<meta property=\"og:site_name\" content=\"Estrat\u00e9gia Concursos\" \/>\n<meta property=\"article:author\" content=\"https:\/\/www.facebook.com\/ricardo.s.torques\" \/>\n<meta property=\"article:published_time\" content=\"2019-11-03T11:00:16+00:00\" \/>\n<meta property=\"article:modified_time\" content=\"2020-02-19T22:44:11+00:00\" \/>\n<meta property=\"og:image\" content=\"https:\/\/dhg1h5j42swfq.cloudfront.net\/2019\/11\/01160330\/YTB_TJ-RS.jpg\" \/>\n\t<meta property=\"og:image:width\" content=\"1200\" \/>\n\t<meta property=\"og:image:height\" content=\"675\" \/>\n\t<meta property=\"og:image:type\" content=\"image\/jpeg\" \/>\n<meta name=\"author\" content=\"Ricardo Torques\" \/>\n<meta name=\"twitter:card\" content=\"summary_large_image\" \/>\n<meta name=\"twitter:creator\" content=\"@EstratConcursos\" \/>\n<meta name=\"twitter:site\" content=\"@EstratConcursos\" \/>\n<meta name=\"twitter:label1\" content=\"Escrito por\" \/>\n\t<meta name=\"twitter:data1\" content=\"Ricardo Torques\" \/>\n\t<meta name=\"twitter:label2\" content=\"Est. tempo de leitura\" \/>\n\t<meta name=\"twitter:data2\" content=\"2 minutos\" \/>\n<script type=\"application\/ld+json\" class=\"yoast-schema-graph\">{\"@context\":\"https:\/\/schema.org\",\"@graph\":[{\"@type\":\"NewsArticle\",\"@id\":\"https:\/\/www.estrategiaconcursos.com.br\/blog\/concurso-tj-rs-oficial-maratona-aulas\/#article\",\"isPartOf\":{\"@id\":\"https:\/\/www.estrategiaconcursos.com.br\/blog\/concurso-tj-rs-oficial-maratona-aulas\/\"},\"author\":{\"name\":\"Ricardo Torques\",\"@id\":\"https:\/\/www.estrategiaconcursos.com.br\/blog\/#\/schema\/person\/aa39cf5ddb518e5bdce27c35788405e2\"},\"headline\":\"TJ RS Oficial de Justi\u00e7a: Maratona de aulas durante o domingo inteiro\",\"datePublished\":\"2019-11-03T11:00:16+00:00\",\"dateModified\":\"2020-02-19T22:44:11+00:00\",\"mainEntityOfPage\":{\"@id\":\"https:\/\/www.estrategiaconcursos.com.br\/blog\/concurso-tj-rs-oficial-maratona-aulas\/\"},\"wordCount\":339,\"commentCount\":0,\"publisher\":{\"@id\":\"https:\/\/www.estrategiaconcursos.com.br\/blog\/#organization\"},\"image\":{\"@id\":\"https:\/\/www.estrategiaconcursos.com.br\/blog\/concurso-tj-rs-oficial-maratona-aulas\/#primaryimage\"},\"thumbnailUrl\":\"https:\/\/dhg1h5j42swfq.cloudfront.net\/2019\/11\/01160330\/YTB_TJ-RS.jpg\",\"articleSection\":[\"Concursos P\u00fablicos\"],\"inLanguage\":\"pt-BR\",\"potentialAction\":[{\"@type\":\"CommentAction\",\"name\":\"Comment\",\"target\":[\"https:\/\/www.estrategiaconcursos.com.br\/blog\/concurso-tj-rs-oficial-maratona-aulas\/#respond\"]}],\"copyrightYear\":\"2019\",\"copyrightHolder\":{\"@id\":\"https:\/\/www.estrategiaconcursos.com.br\/blog\/#organization\"}},{\"@type\":\"WebPage\",\"@id\":\"https:\/\/www.estrategiaconcursos.com.br\/blog\/concurso-tj-rs-oficial-maratona-aulas\/\",\"url\":\"https:\/\/www.estrategiaconcursos.com.br\/blog\/concurso-tj-rs-oficial-maratona-aulas\/\",\"name\":\"TJ RS Oficial de Justi\u00e7a: Maratona de aulas durante o domingo inteiro\",\"isPartOf\":{\"@id\":\"https:\/\/www.estrategiaconcursos.com.br\/blog\/#website\"},\"primaryImageOfPage\":{\"@id\":\"https:\/\/www.estrategiaconcursos.com.br\/blog\/concurso-tj-rs-oficial-maratona-aulas\/#primaryimage\"},\"image\":{\"@id\":\"https:\/\/www.estrategiaconcursos.com.br\/blog\/concurso-tj-rs-oficial-maratona-aulas\/#primaryimage\"},\"thumbnailUrl\":\"https:\/\/dhg1h5j42swfq.cloudfront.net\/2019\/11\/01160330\/YTB_TJ-RS.jpg\",\"datePublished\":\"2019-11-03T11:00:16+00:00\",\"dateModified\":\"2020-02-19T22:44:11+00:00\",\"breadcrumb\":{\"@id\":\"https:\/\/www.estrategiaconcursos.com.br\/blog\/concurso-tj-rs-oficial-maratona-aulas\/#breadcrumb\"},\"inLanguage\":\"pt-BR\",\"potentialAction\":[{\"@type\":\"ReadAction\",\"target\":[\"https:\/\/www.estrategiaconcursos.com.br\/blog\/concurso-tj-rs-oficial-maratona-aulas\/\"]}]},{\"@type\":\"ImageObject\",\"inLanguage\":\"pt-BR\",\"@id\":\"https:\/\/www.estrategiaconcursos.com.br\/blog\/concurso-tj-rs-oficial-maratona-aulas\/#primaryimage\",\"url\":\"https:\/\/dhg1h5j42swfq.cloudfront.net\/2019\/11\/01160330\/YTB_TJ-RS.jpg\",\"contentUrl\":\"https:\/\/dhg1h5j42swfq.cloudfront.net\/2019\/11\/01160330\/YTB_TJ-RS.jpg\",\"width\":1200,\"height\":675},{\"@type\":\"BreadcrumbList\",\"@id\":\"https:\/\/www.estrategiaconcursos.com.br\/blog\/concurso-tj-rs-oficial-maratona-aulas\/#breadcrumb\",\"itemListElement\":[{\"@type\":\"ListItem\",\"position\":1,\"name\":\"In\u00edcio\",\"item\":\"https:\/\/www.estrategiaconcursos.com.br\/blog\/\"},{\"@type\":\"ListItem\",\"position\":2,\"name\":\"TJ RS Oficial de Justi\u00e7a: Maratona de aulas durante o domingo inteiro\"}]},{\"@type\":\"WebSite\",\"@id\":\"https:\/\/www.estrategiaconcursos.com.br\/blog\/#website\",\"url\":\"https:\/\/www.estrategiaconcursos.com.br\/blog\/\",\"name\":\"Estrat\u00e9gia Concursos\",\"description\":\"O blog da Estrat\u00e9gia Concursos traz not\u00edcias sobre concursos e artigos de professores oferecendo cursos para concursos (pdf + videaulas) no site.\",\"publisher\":{\"@id\":\"https:\/\/www.estrategiaconcursos.com.br\/blog\/#organization\"},\"potentialAction\":[{\"@type\":\"SearchAction\",\"target\":{\"@type\":\"EntryPoint\",\"urlTemplate\":\"https:\/\/www.estrategiaconcursos.com.br\/blog\/?s={search_term_string}\"},\"query-input\":{\"@type\":\"PropertyValueSpecification\",\"valueRequired\":true,\"valueName\":\"search_term_string\"}}],\"inLanguage\":\"pt-BR\"},{\"@type\":\"Organization\",\"@id\":\"https:\/\/www.estrategiaconcursos.com.br\/blog\/#organization\",\"name\":\"Estrat\u00e9gia Concursos\",\"url\":\"https:\/\/www.estrategiaconcursos.com.br\/blog\/\",\"logo\":{\"@type\":\"ImageObject\",\"inLanguage\":\"pt-BR\",\"@id\":\"https:\/\/www.estrategiaconcursos.com.br\/blog\/#\/schema\/logo\/image\/\",\"url\":\"https:\/\/dhg1h5j42swfq.cloudfront.net\/2025\/06\/03203428\/logo_concursos-1.jpg\",\"contentUrl\":\"https:\/\/dhg1h5j42swfq.cloudfront.net\/2025\/06\/03203428\/logo_concursos-1.jpg\",\"width\":230,\"height\":60,\"caption\":\"Estrat\u00e9gia Concursos\"},\"image\":{\"@id\":\"https:\/\/www.estrategiaconcursos.com.br\/blog\/#\/schema\/logo\/image\/\"},\"sameAs\":[\"https:\/\/x.com\/EstratConcursos\"]},{\"@type\":\"Person\",\"@id\":\"https:\/\/www.estrategiaconcursos.com.br\/blog\/#\/schema\/person\/aa39cf5ddb518e5bdce27c35788405e2\",\"name\":\"Ricardo Torques\",\"image\":{\"@type\":\"ImageObject\",\"inLanguage\":\"pt-BR\",\"@id\":\"https:\/\/secure.gravatar.com\/avatar\/ce9ac6c3cff25fe86d15ed568ebc64d1724baf5c0693133bcb1f6073f712f92a?s=96&d=mm&r=g\",\"url\":\"https:\/\/secure.gravatar.com\/avatar\/ce9ac6c3cff25fe86d15ed568ebc64d1724baf5c0693133bcb1f6073f712f92a?s=96&d=mm&r=g\",\"contentUrl\":\"https:\/\/secure.gravatar.com\/avatar\/ce9ac6c3cff25fe86d15ed568ebc64d1724baf5c0693133bcb1f6073f712f92a?s=96&d=mm&r=g\",\"caption\":\"Ricardo Torques\"},\"sameAs\":[\"https:\/\/www.facebook.com\/ricardo.s.torques\"],\"url\":\"https:\/\/www.estrategiaconcursos.com.br\/blog\/author\/ricardotorquesestrategiaconcursos-com-br\/\"}]}<\/script>\n<!-- \/ Yoast SEO Premium plugin. -->","yoast_head_json":{"title":"TJ RS Oficial de Justi\u00e7a: Maratona de aulas durante o domingo inteiro","robots":{"index":"index","follow":"follow","max-snippet":"max-snippet:-1","max-image-preview":"max-image-preview:large","max-video-preview":"max-video-preview:-1"},"canonical":"https:\/\/www.estrategiaconcursos.com.br\/blog\/concurso-tj-rs-oficial-maratona-aulas\/","og_locale":"pt_BR","og_type":"article","og_title":"TJ RS Oficial de Justi\u00e7a: Maratona de aulas durante o domingo inteiro","og_description":"Est\u00e3o abertas as inscri\u00e7\u00f5es para o concurso TJ RS Oficial de Justi\u00e7a, com oferta de tr\u00eas vagas imediatas mais cadastro de reserva. A prova objetiva est\u00e1 prevista para 16 de fevereiro de 2020 e a remunera\u00e7\u00e3o inicial do cargo \u00e9 de R$ 9.305,55. Para os que se preparam para esse tipo de certame, h\u00e1 um [&hellip;]","og_url":"https:\/\/www.estrategiaconcursos.com.br\/blog\/concurso-tj-rs-oficial-maratona-aulas\/","og_site_name":"Estrat\u00e9gia Concursos","article_author":"https:\/\/www.facebook.com\/ricardo.s.torques","article_published_time":"2019-11-03T11:00:16+00:00","article_modified_time":"2020-02-19T22:44:11+00:00","og_image":[{"width":1200,"height":675,"url":"https:\/\/dhg1h5j42swfq.cloudfront.net\/2019\/11\/01160330\/YTB_TJ-RS.jpg","type":"image\/jpeg"}],"author":"Ricardo Torques","twitter_card":"summary_large_image","twitter_creator":"@EstratConcursos","twitter_site":"@EstratConcursos","twitter_misc":{"Escrito por":"Ricardo Torques","Est. tempo de leitura":"2 minutos"},"schema":{"@context":"https:\/\/schema.org","@graph":[{"@type":"NewsArticle","@id":"https:\/\/www.estrategiaconcursos.com.br\/blog\/concurso-tj-rs-oficial-maratona-aulas\/#article","isPartOf":{"@id":"https:\/\/www.estrategiaconcursos.com.br\/blog\/concurso-tj-rs-oficial-maratona-aulas\/"},"author":{"name":"Ricardo Torques","@id":"https:\/\/www.estrategiaconcursos.com.br\/blog\/#\/schema\/person\/aa39cf5ddb518e5bdce27c35788405e2"},"headline":"TJ RS Oficial de Justi\u00e7a: Maratona de aulas durante o domingo inteiro","datePublished":"2019-11-03T11:00:16+00:00","dateModified":"2020-02-19T22:44:11+00:00","mainEntityOfPage":{"@id":"https:\/\/www.estrategiaconcursos.com.br\/blog\/concurso-tj-rs-oficial-maratona-aulas\/"},"wordCount":339,"commentCount":0,"publisher":{"@id":"https:\/\/www.estrategiaconcursos.com.br\/blog\/#organization"},"image":{"@id":"https:\/\/www.estrategiaconcursos.com.br\/blog\/concurso-tj-rs-oficial-maratona-aulas\/#primaryimage"},"thumbnailUrl":"https:\/\/dhg1h5j42swfq.cloudfront.net\/2019\/11\/01160330\/YTB_TJ-RS.jpg","articleSection":["Concursos P\u00fablicos"],"inLanguage":"pt-BR","potentialAction":[{"@type":"CommentAction","name":"Comment","target":["https:\/\/www.estrategiaconcursos.com.br\/blog\/concurso-tj-rs-oficial-maratona-aulas\/#respond"]}],"copyrightYear":"2019","copyrightHolder":{"@id":"https:\/\/www.estrategiaconcursos.com.br\/blog\/#organization"}},{"@type":"WebPage","@id":"https:\/\/www.estrategiaconcursos.com.br\/blog\/concurso-tj-rs-oficial-maratona-aulas\/","url":"https:\/\/www.estrategiaconcursos.com.br\/blog\/concurso-tj-rs-oficial-maratona-aulas\/","name":"TJ RS Oficial de Justi\u00e7a: Maratona de aulas durante o domingo inteiro","isPartOf":{"@id":"https:\/\/www.estrategiaconcursos.com.br\/blog\/#website"},"primaryImageOfPage":{"@id":"https:\/\/www.estrategiaconcursos.com.br\/blog\/concurso-tj-rs-oficial-maratona-aulas\/#primaryimage"},"image":{"@id":"https:\/\/www.estrategiaconcursos.com.br\/blog\/concurso-tj-rs-oficial-maratona-aulas\/#primaryimage"},"thumbnailUrl":"https:\/\/dhg1h5j42swfq.cloudfront.net\/2019\/11\/01160330\/YTB_TJ-RS.jpg","datePublished":"2019-11-03T11:00:16+00:00","dateModified":"2020-02-19T22:44:11+00:00","breadcrumb":{"@id":"https:\/\/www.estrategiaconcursos.com.br\/blog\/concurso-tj-rs-oficial-maratona-aulas\/#breadcrumb"},"inLanguage":"pt-BR","potentialAction":[{"@type":"ReadAction","target":["https:\/\/www.estrategiaconcursos.com.br\/blog\/concurso-tj-rs-oficial-maratona-aulas\/"]}]},{"@type":"ImageObject","inLanguage":"pt-BR","@id":"https:\/\/www.estrategiaconcursos.com.br\/blog\/concurso-tj-rs-oficial-maratona-aulas\/#primaryimage","url":"https:\/\/dhg1h5j42swfq.cloudfront.net\/2019\/11\/01160330\/YTB_TJ-RS.jpg","contentUrl":"https:\/\/dhg1h5j42swfq.cloudfront.net\/2019\/11\/01160330\/YTB_TJ-RS.jpg","width":1200,"height":675},{"@type":"BreadcrumbList","@id":"https:\/\/www.estrategiaconcursos.com.br\/blog\/concurso-tj-rs-oficial-maratona-aulas\/#breadcrumb","itemListElement":[{"@type":"ListItem","position":1,"name":"In\u00edcio","item":"https:\/\/www.estrategiaconcursos.com.br\/blog\/"},{"@type":"ListItem","position":2,"name":"TJ RS Oficial de Justi\u00e7a: Maratona de aulas durante o domingo inteiro"}]},{"@type":"WebSite","@id":"https:\/\/www.estrategiaconcursos.com.br\/blog\/#website","url":"https:\/\/www.estrategiaconcursos.com.br\/blog\/","name":"Estrat\u00e9gia Concursos","description":"O blog da Estrat\u00e9gia Concursos traz not\u00edcias sobre concursos e artigos de professores oferecendo cursos para concursos (pdf + videaulas) no site.","publisher":{"@id":"https:\/\/www.estrategiaconcursos.com.br\/blog\/#organization"},"potentialAction":[{"@type":"SearchAction","target":{"@type":"EntryPoint","urlTemplate":"https:\/\/www.estrategiaconcursos.com.br\/blog\/?s={search_term_string}"},"query-input":{"@type":"PropertyValueSpecification","valueRequired":true,"valueName":"search_term_string"}}],"inLanguage":"pt-BR"},{"@type":"Organization","@id":"https:\/\/www.estrategiaconcursos.com.br\/blog\/#organization","name":"Estrat\u00e9gia Concursos","url":"https:\/\/www.estrategiaconcursos.com.br\/blog\/","logo":{"@type":"ImageObject","inLanguage":"pt-BR","@id":"https:\/\/www.estrategiaconcursos.com.br\/blog\/#\/schema\/logo\/image\/","url":"https:\/\/dhg1h5j42swfq.cloudfront.net\/2025\/06\/03203428\/logo_concursos-1.jpg","contentUrl":"https:\/\/dhg1h5j42swfq.cloudfront.net\/2025\/06\/03203428\/logo_concursos-1.jpg","width":230,"height":60,"caption":"Estrat\u00e9gia Concursos"},"image":{"@id":"https:\/\/www.estrategiaconcursos.com.br\/blog\/#\/schema\/logo\/image\/"},"sameAs":["https:\/\/x.com\/EstratConcursos"]},{"@type":"Person","@id":"https:\/\/www.estrategiaconcursos.com.br\/blog\/#\/schema\/person\/aa39cf5ddb518e5bdce27c35788405e2","name":"Ricardo Torques","image":{"@type":"ImageObject","inLanguage":"pt-BR","@id":"https:\/\/secure.gravatar.com\/avatar\/ce9ac6c3cff25fe86d15ed568ebc64d1724baf5c0693133bcb1f6073f712f92a?s=96&d=mm&r=g","url":"https:\/\/secure.gravatar.com\/avatar\/ce9ac6c3cff25fe86d15ed568ebc64d1724baf5c0693133bcb1f6073f712f92a?s=96&d=mm&r=g","contentUrl":"https:\/\/secure.gravatar.com\/avatar\/ce9ac6c3cff25fe86d15ed568ebc64d1724baf5c0693133bcb1f6073f712f92a?s=96&d=mm&r=g","caption":"Ricardo Torques"},"sameAs":["https:\/\/www.facebook.com\/ricardo.s.torques"],"url":"https:\/\/www.estrategiaconcursos.com.br\/blog\/author\/ricardotorquesestrategiaconcursos-com-br\/"}]}},"_links":{"self":[{"href":"https:\/\/www.estrategiaconcursos.com.br\/blog\/wp-json\/wp\/v2\/posts\/442503","targetHints":{"allow":["GET"]}}],"collection":[{"href":"https:\/\/www.estrategiaconcursos.com.br\/blog\/wp-json\/wp\/v2\/posts"}],"about":[{"href":"https:\/\/www.estrategiaconcursos.com.br\/blog\/wp-json\/wp\/v2\/types\/post"}],"author":[{"embeddable":true,"href":"https:\/\/www.estrategiaconcursos.com.br\/blog\/wp-json\/wp\/v2\/users\/180"}],"replies":[{"embeddable":true,"href":"https:\/\/www.estrategiaconcursos.com.br\/blog\/wp-json\/wp\/v2\/comments?post=442503"}],"version-history":[{"count":14,"href":"https:\/\/www.estrategiaconcursos.com.br\/blog\/wp-json\/wp\/v2\/posts\/442503\/revisions"}],"predecessor-version":[{"id":484089,"href":"https:\/\/www.estrategiaconcursos.com.br\/blog\/wp-json\/wp\/v2\/posts\/442503\/revisions\/484089"}],"wp:featuredmedia":[{"embeddable":true,"href":"https:\/\/www.estrategiaconcursos.com.br\/blog\/wp-json\/wp\/v2\/media\/443190"}],"wp:attachment":[{"href":"https:\/\/www.estrategiaconcursos.com.br\/blog\/wp-json\/wp\/v2\/media?parent=442503"}],"wp:term":[{"taxonomy":"category","embeddable":true,"href":"https:\/\/www.estrategiaconcursos.com.br\/blog\/wp-json\/wp\/v2\/categories?post=442503"},{"taxonomy":"post_tag","embeddable":true,"href":"https:\/\/www.estrategiaconcursos.com.br\/blog\/wp-json\/wp\/v2\/tags?post=442503"},{"taxonomy":"tax_estado","embeddable":true,"href":"https:\/\/www.estrategiaconcursos.com.br\/blog\/wp-json\/wp\/v2\/tax_estado?post=442503"}],"curies":[{"name":"wp","href":"https:\/\/api.w.org\/{rel}","templated":true}]}}