{"id":442458,"date":"2019-12-16T00:00:50","date_gmt":"2019-12-16T03:00:50","guid":{"rendered":"https:\/\/www.estrategiaconcursos.com.br\/blog\/?p=442458"},"modified":"2020-01-17T18:04:24","modified_gmt":"2020-01-17T21:04:24","slug":"edital-prefeitura-boa-vista","status":"publish","type":"post","link":"https:\/\/www.estrategiaconcursos.com.br\/blog\/edital-prefeitura-boa-vista\/","title":{"rendered":"Edital Prefeitura Boa Vista: inscri\u00e7\u00f5es encerradas com oferta de 520 vagas"},"content":{"rendered":"\n<p>As inscri\u00e7\u00f5es do processo seletivo do concurso p\u00fablico da Prefeitura de Boa Vista, munic\u00edpio do Estado de Roraima, est\u00e3o encerradas. O per\u00edodo para participar do concurso era at\u00e9 o dia 15 de dezembro de 2019.<\/p>\n\n\n\n<p>Al\u00e9m disso, todo o processo ocorreu no site da banca organizadora, a <strong>Selecon<\/strong>, as taxas foram definidas de acordo com o cargo pretendido, sendo:<\/p>\n\n\n\n<p><strong>N\u00edvel m\u00e9dio:<\/strong>\u00a0R$ 59,00<br \/><strong>N\u00edvel superior:\u00a0<\/strong>R$ 75,00<\/p>\n\n\n\n<p>O \u00f3rg\u00e3o publicou dois editais para o concurso, sendo o primeiro com oferta de <strong>470 vagas <\/strong>para cargos de n\u00edvel m\u00e9dio, t\u00e9cnico e superior. J\u00e1 o segundo edital trouxe 50 vagas para o cargo de Guarda Municipal. Ao todo o certame oferta 520 vagas para diversos cargos.  <\/p>\n\n\n\n<p>Confira neste artigo todas as informa\u00e7\u00f5es de ambos os editais divulgados pela Prefeitura de Boa Vista!<\/p>\n\n\n\n<h2 class=\"wp-block-heading\">Principais datas<\/h2>\n\n\n\n<p class=\"has-background has-very-light-gray-background-color\"><strong>Inscri\u00e7\u00f5es<\/strong>: 04\/11 at\u00e9 15\/12<br \/><strong>\u00daltimo dia para pagamento<\/strong>: 16\/12<br \/><strong>Isen\u00e7\u00e3o da taxa<\/strong>:  01\/11 at\u00e9 03\/11<br \/><strong>Prova<\/strong>: 26\/01\/2020<\/p>\n\n\n\n<h2 class=\"wp-block-heading\">Cargos e vagas<\/h2>\n\n\n\n<h3 class=\"wp-block-heading\">Edital 1<\/h3>\n\n\n\n<h4 class=\"wp-block-heading\"><em>N\u00edvel m\u00e9dio e m\u00e9dio t\u00e9cnico<\/em><\/h4>\n\n\n\n<p><\/p>\n\n\n\n<table class=\"wp-block-table has-subtle-pale-blue-background-color has-fixed-layout has-background is-style-stripes\"><tbody><tr><td><strong>CARGO<\/strong><\/td><td><strong>VAGAS<\/strong><\/td><td><strong>REMUNERA\u00c7\u00c3O<\/strong><\/td><\/tr><tr><td>Assistente de Aluno<\/td><td>24<\/td><td>R$1.297,17<\/td><\/tr><tr><td>Condutor de Unidade M\u00f3vel de Sa\u00fade<\/td><td>28<\/td><td>R$1.405,27<\/td><\/tr><tr><td>T\u00e9cnico em Enfermagem<\/td><td>80<\/td><td> R$1.405,27 <\/td><\/tr><tr><td>T\u00e9cnico em Laborat\u00f3rio<\/td><td>10<\/td><td> R$1.405,27 <\/td><\/tr><tr><td>T\u00e9cnico em Nutri\u00e7\u00e3o Diet\u00e9tica<\/td><td>02<\/td><td> R$1.405,27 <\/td><\/tr><tr><td>T\u00e9cnico em Patologia<\/td><td>04<\/td><td> R$1.405,27  <\/td><\/tr><tr><td>T\u00e9cnico em Radiologia<\/td><td>10<\/td><td> R$1.405,27  <\/td><\/tr><tr><td>T\u00e9cnico em Sa\u00fade Bucal<\/td><td>12<\/td><td> R$1.405,27  <\/td><\/tr><tr><td>T\u00e9cnico em Imobiliza\u00e7\u00f5es Ortop\u00e9dicas<\/td><td>08<\/td><td> R$1.405,27  <\/td><\/tr><tr><td>T\u00e9cnico em Citologia<\/td><td>01<\/td><td> R$1.405,27  <\/td><\/tr><tr><td>T\u00e9cnico em Seguran\u00e7a do Trabalho<\/td><td>08<\/td><td>R$ 1.297,17<\/td><\/tr><\/tbody><\/table>\n\n\n\n<h4 class=\"wp-block-heading\"><em>N\u00edvel superior<\/em><\/h4>\n\n\n\n<p><\/p>\n\n\n\n<table class=\"wp-block-table has-subtle-pale-blue-background-color has-fixed-layout has-background is-style-stripes\"><tbody><tr><td><strong>CARGO<\/strong><\/td><td><strong>VAGAS<\/strong><\/td><td><strong>REMUNERA\u00c7\u00c3O<\/strong><\/td><\/tr><tr><td>M\u00e9dico (Diversas Especialidades)<\/td><td>141<\/td><td>R$ 5.404,88 &#8211; R$ 10.809,75  <\/td><\/tr><tr><td>Nutricionista<\/td><td>06<\/td><td>R$ 3.585,31  <\/td><\/tr><tr><td>Psic\u00f3logo<\/td><td>09<\/td><td>R$ 3.585,31  <\/td><\/tr><tr><td>Terapeuta Ocupacional<\/td><td>03<\/td><td>R$ 3.585,31  <\/td><\/tr><tr><td>Analista Especialista em Epidemiologia e Vigil\u00e2ncia em Sa\u00fade<\/td><td>01<\/td><td>R$3.585,31<\/td><\/tr><tr><td>Assistente Social <\/td><td>06<\/td><td> R$3.585,31 <\/td><\/tr><tr><td>Bioqu\u00edmico <\/td><td>04<\/td><td> R$3.585,31 <\/td><\/tr><tr><td>Cirurgi\u00e3o-Dentista (diversas especialidades)<\/td><td>13<\/td><td>R$5.404,88<\/td><\/tr><tr><td>Enfermeiro (diversas especialidades)<\/td><td>43<\/td><td> R$3.585,31 <\/td><\/tr><tr><td>Farmac\u00eautico <\/td><td>30<\/td><td> R$3.585,31 <\/td><\/tr><tr><td>Fisioterapeuta <\/td><td>09<\/td><td> R$3.585,31 <\/td><\/tr><tr><td>Fonoaudi\u00f3logo<\/td><td>06<\/td><td> R$3.585,31 <\/td><\/tr><tr><td>Auditor de Controle Interno de Contas P\u00fablicas<\/td><td>04<\/td><td>R$1.837,66<\/td><\/tr><tr><td>Auditor de Controle Interno de Obras P\u00fablicas<\/td><td>04<\/td><td> R$1.837,66 <\/td><\/tr><\/tbody><\/table>\n\n\n\n<h2 class=\"wp-block-heading\">Etapas e provas<\/h2>\n\n\n\n<p>O concurso Prefeitura de Boa Vista constar\u00e1 de duas etapas, sendo elas:<\/p>\n\n\n\n<ul class=\"wp-block-list\"><li><strong>Prova Objetiva<\/strong> &#8211; para todos os cargos<\/li><li><strong>Prova de T\u00edtulos<\/strong> &#8211; para cargos de n\u00edvel superior<\/li><\/ul>\n\n\n\n<h3 class=\"wp-block-heading\">Prova Objetiva<\/h3>\n\n\n\n<p>As provas contar\u00e3o com quest\u00f5es de m\u00faltipla escolha, valendo 80 pontos para n\u00edvel superior e m\u00e9dio t\u00e9cnico, e 100 pontos para n\u00edvel m\u00e9dio.<\/p>\n\n\n\n<p>Para n\u00edvel superior, ocorrer\u00e3o no turno matutino, com dura\u00e7\u00e3o de 3 horas para sua realiza\u00e7\u00e3o. J\u00e1 para n\u00edvel m\u00e9dio e m\u00e9dio t\u00e9cnico, ocorrer\u00e3o no turno vespertino com a mesma dura\u00e7\u00e3o.<\/p>\n\n\n\n<p><strong><span style=\"text-decoration: underline;\">Para os cargos de n\u00edvel superior (Cargos das \u00e1reas de Sa\u00fade e Controladoria)<\/span><\/strong><\/p>\n\n\n\n<ul class=\"wp-block-list\"><li>L\u00edngua Portuguesa &#8211; 10 quest\u00f5es (01 ponto cada)<\/li><li>\u00c9tica na Administra\u00e7\u00e3o P\u00fablica e Legisla\u00e7\u00e3o Municipal &#8211; 20 quest\u00f5es (01 ponto cada)<\/li><li>Atualidades &#8211; 05 quest\u00f5es (01 ponto cada)<\/li><li>No\u00e7\u00f5es de Inform\u00e1tica &#8211; 05 quest\u00f5es (01 ponto cada)<\/li><li>Conhecimentos Espec\u00edficos &#8211; 20 quest\u00f5es  (02 pontos cada)<\/li><\/ul>\n\n\n\n<p><strong><span style=\"text-decoration: underline;\">Para os cargos de n\u00edvel m\u00e9dio e m\u00e9dio t\u00e9cnico (Cargos das \u00e1reas de Sa\u00fade e Seguran\u00e7a do Trabalho)<\/span><\/strong><\/p>\n\n\n\n<ul class=\"wp-block-list\"><li>L\u00edngua Portuguesa &#8211; 10 quest\u00f5es (01 ponto cada)<\/li><li>\u00c9tica na Administra\u00e7\u00e3o P\u00fablica e Legisla\u00e7\u00e3o Municipal &#8211; 20 quest\u00f5es (01 ponto cada)<\/li><li>Atualidades &#8211; 05 quest\u00f5es (01 ponto cada)<\/li><li>No\u00e7\u00f5es de Inform\u00e1tica &#8211; 05 quest\u00f5es (01 ponto cada)<\/li><li>Conhecimentos Espec\u00edficos &#8211; 20 quest\u00f5es  (02 pontos cada)<\/li><\/ul>\n\n\n\n<p><strong><span style=\"text-decoration: underline;\">Para o cargo de n\u00edvel m\u00e9dio (cargo da \u00e1rea de Educa\u00e7\u00e3o &#8211; Assistente de aluno) <\/span><\/strong><\/p>\n\n\n\n<ul class=\"wp-block-list\"><li>L\u00edngua Portuguesa &#8211; 20 quest\u00f5es (1,5 ponto cada)<\/li><li>\u00c9tica na Administra\u00e7\u00e3o P\u00fablica e Legisla\u00e7\u00e3o Municipal &#8211; 10 quest\u00f5es (01 ponto cada)<\/li><li>Atualidades &#8211; 05 quest\u00f5es (01 ponto cada)<\/li><li>No\u00e7\u00f5es de Inform\u00e1tica &#8211; 05 quest\u00f5es (01 ponto cada)<\/li><li>Conhecimentos Espec\u00edficos &#8211; 25 quest\u00f5es  (02 pontos cada)<\/li><\/ul>\n\n\n\n<p>Para ser aprovado, o candidato precisa acertar 50% da prova.<\/p>\n\n\n\n<h2 class=\"wp-block-heading\">Prova de T\u00edtulos  <\/h2>\n\n\n\n<p><span style=\"text-decoration: underline;\">EXCETO PARA O CARGO ASSISTENTE DE ALUNO DA \u00c1REA DE EDUCA\u00c7\u00c3O <\/span><\/p>\n\n\n\n<p>Ser\u00e3o convocados para a Avalia\u00e7\u00e3o de T\u00edtulos, somente os candidatos habilitados na prova objetiva e que atinjam a condi\u00e7\u00e3o de classificados, no Resultado Final da Prova Objetiva, at\u00e9 o limite da classifica\u00e7\u00e3o de refer\u00eancia estabelecida no quadro anexado ao edital.<\/p>\n\n\n\n<p>A Avalia\u00e7\u00e3o de T\u00edtulos, de car\u00e1ter exclusivamente classificat\u00f3rio, ter\u00e1 a pontua\u00e7\u00e3o m\u00e1xima de 20,0 pontos, ainda que a soma dos valores dos t\u00edtulos e dos comprovantes apresentados seja superior a este valor. <\/p>\n\n\n\n<p><strong><span style=\"text-decoration: underline;\">Para N\u00edvel Superior<\/span><\/strong><\/p>\n\n\n\n<figure class=\"wp-block-image\"><img loading=\"lazy\" decoding=\"async\" width=\"621\" height=\"674\" src=\"https:\/\/dhg1h5j42swfq.cloudfront.net\/2019\/11\/01082620\/bv-saude.jpg.jpg\" alt=\"\" class=\"wp-image-442844\" srcset=\"https:\/\/dhg1h5j42swfq.cloudfront.net\/2019\/11\/01082620\/bv-saude.jpg.jpg 621w, https:\/\/dhg1h5j42swfq.cloudfront.net\/2019\/11\/01082620\/bv-saude.jpg.jpg 276w, https:\/\/dhg1h5j42swfq.cloudfront.net\/2019\/11\/01082620\/bv-saude.jpg.jpg 610w, https:\/\/dhg1h5j42swfq.cloudfront.net\/2019\/11\/01082620\/bv-saude.jpg.jpg 120w\" sizes=\"auto, (max-width: 621px) 100vw, 621px\" \/><\/figure>\n\n\n\n<figure class=\"wp-block-image\"><img loading=\"lazy\" decoding=\"async\" width=\"616\" height=\"248\" src=\"https:\/\/dhg1h5j42swfq.cloudfront.net\/2019\/11\/01082715\/proc-bv.jpg.jpg\" alt=\"\" class=\"wp-image-442845\" srcset=\"https:\/\/dhg1h5j42swfq.cloudfront.net\/2019\/11\/01082715\/proc-bv.jpg.jpg 616w, https:\/\/dhg1h5j42swfq.cloudfront.net\/2019\/11\/01082715\/proc-bv.jpg.jpg 300w, https:\/\/dhg1h5j42swfq.cloudfront.net\/2019\/11\/01082715\/proc-bv.jpg.jpg 610w\" sizes=\"auto, (max-width: 616px) 100vw, 616px\" \/><\/figure>\n\n\n\n<figure class=\"wp-block-image\"><img loading=\"lazy\" decoding=\"async\" width=\"598\" height=\"182\" src=\"https:\/\/dhg1h5j42swfq.cloudfront.net\/2019\/11\/01082726\/proc-bv1.jpg.jpg\" alt=\"\" class=\"wp-image-442847\" srcset=\"https:\/\/dhg1h5j42swfq.cloudfront.net\/2019\/11\/01082726\/proc-bv1.jpg.jpg 598w, https:\/\/dhg1h5j42swfq.cloudfront.net\/2019\/11\/01082726\/proc-bv1.jpg.jpg 300w\" sizes=\"auto, (max-width: 598px) 100vw, 598px\" \/><\/figure>\n\n\n\n<p><strong><span style=\"text-decoration: underline;\">Para N\u00edvel m\u00e9dio e m\u00e9dio t\u00e9cnico<\/span><\/strong><\/p>\n\n\n\n<figure class=\"wp-block-image\"><img loading=\"lazy\" decoding=\"async\" width=\"608\" height=\"450\" src=\"https:\/\/dhg1h5j42swfq.cloudfront.net\/2019\/11\/01082825\/demais-bv.jpg.jpg\" alt=\"\" class=\"wp-image-442848\" srcset=\"https:\/\/dhg1h5j42swfq.cloudfront.net\/2019\/11\/01082825\/demais-bv.jpg.jpg 608w, https:\/\/dhg1h5j42swfq.cloudfront.net\/2019\/11\/01082825\/demais-bv.jpg.jpg 300w\" sizes=\"auto, (max-width: 608px) 100vw, 608px\" \/><\/figure>\n\n\n\n<h2 class=\"wp-block-heading\">Edital Estrat\u00e9gico<\/h2>\n\n\n\n<p style=\"font-size:22px;text-align:center\" class=\"has-background has-very-light-gray-background-color\"><a rel=\"noreferrer noopener\" href=\"https:\/\/drive.google.com\/open?id=1VbKfuAFMXLmafYaScImqZFwq9KV7_H-g\" target=\"_blank\"><strong>Auditor de Controle Interno de Obras P\u00fablicas<\/strong><\/a><\/p>\n\n\n\n<p style=\"font-size:22px;text-align:center\" class=\"has-background has-very-light-gray-background-color\"><a rel=\"noreferrer noopener\" href=\"https:\/\/drive.google.com\/open?id=1p8BKLxDtJCKJuU9H6XUnsoH6skcVt5LJ\" target=\"_blank\"><strong>Auditor de Controle Interno de Contas P\u00fablicas<\/strong><\/a><\/p>\n\n\n\n<p style=\"font-size:22px;text-align:center\" class=\"has-background has-very-light-gray-background-color\"><a href=\"https:\/\/drive.google.com\/open?id=1SA-N2lpWAjRhHWFbdvxPS9JFp7eLwJ-0\" target=\"_blank\" rel=\"noreferrer noopener\"><strong>Guarda Civil Municipal<\/strong><\/a><\/p>\n\n\n\n<p style=\"text-align:center\" class=\"has-background has-medium-font-size has-pale-cyan-blue-background-color\">Saiba mais: <strong><a href=\"https:\/\/www.estrategiaconcursos.com.br\/blog\/edital-guarda-municipal-de-boa-vista\/\">Guarda Municipal de Boa Vista<\/a><\/strong><\/p>\n\n\n\n<hr class=\"wp-block-separator\"\/>\n\n\n\n<h2 class=\"wp-block-heading\" style=\"text-align:center\" id=\"cursos-assinatura\">Quer estudar para o concurso Prefeitura Boa Vista?<\/h2>\n\n\n\n<p style=\"text-align:center\"><em>Gostou desta oportunidade e deseja come\u00e7ar se preparar agora mesmo? Ent\u00e3o, confira os nossos cursos e comece a estudar:<\/em><\/p>\n\n\n\n<p style=\"font-size:22px;text-align:center\" class=\"has-background has-light-green-cyan-background-color\"><strong><a href=\"https:\/\/www.estrategiaconcursos.com.br\/cursosPorConcurso\/prefeitura-municipal-de-boa-vista-rr\/\" target=\"_blank\" rel=\"noreferrer noopener\" aria-label=\"CURSO PREFEITURA BOA VISTA (abre numa nova aba)\">CURSO PREFEITURA BOA VISTA<\/a><\/strong><\/p>\n\n\n\n<p style=\"text-align:center\" class=\"has-medium-font-size\"><em><strong>Assinatura Anual Ilimitada*<\/strong><\/em><\/p>\n\n\n\n<p style=\"text-align:center\"><em>Prepare-se com o melhor material e com quem mais aprova em Concursos P\u00fablicos em todo o pa\u00eds. Assine agora a nossa Assinatura Anual e tenha acesso ilimitado* a todos os nossos cursos.<\/em><\/p>\n\n\n\n<p style=\"font-size:22px;text-align:center\" class=\"has-background has-luminous-vivid-amber-background-color\"><strong>ASSINE AGORA<\/strong>&nbsp;\u2013&nbsp;<strong><a rel=\"noreferrer noopener\" href=\"https:\/\/www.estrategiaconcursos.com.br\/assinaturas\" target=\"_blank\">Assinatura Ilimitada<\/a><\/strong><\/p>\n\n\n\n<p style=\"text-align:center\" class=\"has-medium-font-size\"><strong><em>Fique por dentro de todos os concursos<\/em><\/strong><\/p>\n\n\n\n<p style=\"font-size:22px;text-align:center\" class=\"has-background has-pale-cyan-blue-background-color\"><a rel=\"noreferrer noopener\" href=\"https:\/\/www.estrategiaconcursos.com.br\/blog\/concursos-abertos\/\" target=\"_blank\"><strong>CONCURSOS ABERTOS<\/strong><\/a><\/p>\n\n\n\n<p style=\"font-size:22px;text-align:center\" class=\"has-background has-pale-cyan-blue-background-color\"><a rel=\"noreferrer noopener\" href=\"https:\/\/www.estrategiaconcursos.com.br\/blog\/concursos-2019\/\" target=\"_blank\"><strong>CONCURSOS 2019<\/strong><\/a><\/p>\n\n\n\n<p style=\"font-size:22px;text-align:center\" class=\"has-background has-pale-cyan-blue-background-color\"><a rel=\"noreferrer noopener\" href=\"https:\/\/www.estrategiaconcursos.com.br\/blog\/concursos-2020\/\" target=\"_blank\"><strong>CONCURSOS&nbsp;2020<\/strong><\/a><\/p>\n\n\n\n<figure class=\"wp-block-image\"><img loading=\"lazy\" decoding=\"async\" width=\"300\" height=\"102\" src=\"https:\/\/dhg1h5j42swfq.cloudfront.net\/2017\/03\/28152500\/coruja-ficha-tecnica-300x102.png\" alt=\"\" class=\"wp-image-68542\"\/><\/figure>\n\n\n\n<h3 class=\"wp-block-heading\" id=\"ficha-tecnica\"><strong>Informa\u00e7\u00f5es sobre o c<\/strong>oncurso Prefeitura de Boa Vista-RR<\/h3>\n\n\n\n<p>\u25ba<strong>Inscri\u00e7\u00f5es<\/strong>: 04\/11 at\u00e9 15\/12<br \/>\u25ba<strong>Provas<\/strong>: 26\/01\/2020<br \/>\u25ba<strong>Vagas<\/strong>: 470<br \/>\u25ba<strong>Cargos<\/strong>: Diversos<br \/>\u25ba<strong>Banca<\/strong>: Selecon<br \/>\u25ba<strong>Escolaridade<\/strong>: N\u00edvel m\u00e9dio, t\u00e9cnico e superior<\/p>\n\n\n\n<p style=\"text-align:left\">\u25ba<strong>Edital: <\/strong><a rel=\"noreferrer noopener\" href=\"https:\/\/dhg1h5j42swfq.cloudfront.net\/2019\/11\/01082116\/Edital-n%C2%BA-002-Concurso-P%C3%BAblico-da-SMAG-CGM-SMSA-SMEC.pdf\" target=\"_blank\">Edital 02 &#8211; Prefeitura de Boa Vista<\/a><\/p>\n\n\n\n<p><br \/><em>Ascom Estrat\u00e9gia<\/em><br \/>ascomestrategia@gmail.com<\/p>\n","protected":false},"excerpt":{"rendered":"<p>As inscri\u00e7\u00f5es do processo seletivo do concurso p\u00fablico da Prefeitura de Boa Vista, munic\u00edpio do Estado de Roraima, est\u00e3o encerradas. O per\u00edodo para participar do concurso era at\u00e9 o dia 15 de dezembro de 2019. Al\u00e9m disso, todo o processo ocorreu no site da banca organizadora, a Selecon, as taxas foram definidas de acordo com [&hellip;]<\/p>\n","protected":false},"author":260,"featured_media":403705,"comment_status":"open","ping_status":"closed","sticky":false,"template":"","format":"standard","meta":{"post_tipo":"article","footnotes":""},"categories":[1],"tags":[],"tax_estado":[],"class_list":["post-442458","post","type-post","status-publish","format-standard","has-post-thumbnail","hentry","category-cursos-e-concursos"],"acf":[],"yoast_head":"<!-- This site is optimized with the Yoast SEO Premium plugin v27.2 (Yoast SEO v27.2) - https:\/\/yoast.com\/product\/yoast-seo-premium-wordpress\/ -->\n<title>Edital Prefeitura Boa Vista: inscri\u00e7\u00f5es encerradas com oferta de 520 vagas<\/title>\n<meta name=\"robots\" content=\"index, follow, max-snippet:-1, max-image-preview:large, max-video-preview:-1\" \/>\n<link rel=\"canonical\" href=\"https:\/\/www.estrategiaconcursos.com.br\/blog\/edital-prefeitura-boa-vista\/\" \/>\n<meta property=\"og:locale\" content=\"pt_BR\" \/>\n<meta property=\"og:type\" content=\"article\" \/>\n<meta property=\"og:title\" content=\"Edital Prefeitura Boa Vista: inscri\u00e7\u00f5es encerradas com oferta de 520 vagas\" \/>\n<meta property=\"og:description\" content=\"As inscri\u00e7\u00f5es do processo seletivo do concurso p\u00fablico da Prefeitura de Boa Vista, munic\u00edpio do Estado de Roraima, est\u00e3o encerradas. O per\u00edodo para participar do concurso era at\u00e9 o dia 15 de dezembro de 2019. Al\u00e9m disso, todo o processo ocorreu no site da banca organizadora, a Selecon, as taxas foram definidas de acordo com [&hellip;]\" \/>\n<meta property=\"og:url\" content=\"https:\/\/www.estrategiaconcursos.com.br\/blog\/edital-prefeitura-boa-vista\/\" \/>\n<meta property=\"og:site_name\" content=\"Estrat\u00e9gia Concursos\" \/>\n<meta property=\"article:published_time\" content=\"2019-12-16T03:00:50+00:00\" \/>\n<meta property=\"article:modified_time\" content=\"2020-01-17T21:04:24+00:00\" \/>\n<meta property=\"og:image\" content=\"https:\/\/dhg1h5j42swfq.cloudfront.net\/2019\/07\/29164925\/PREFEITURA-DE-BOA-VISTA1.jpg\" \/>\n\t<meta property=\"og:image:width\" content=\"1200\" \/>\n\t<meta property=\"og:image:height\" content=\"628\" \/>\n\t<meta property=\"og:image:type\" content=\"image\/jpeg\" \/>\n<meta name=\"author\" content=\"Diego Cerqueira Berbert Vasconcelos\" \/>\n<meta name=\"twitter:card\" content=\"summary_large_image\" \/>\n<meta name=\"twitter:creator\" content=\"@EstratConcursos\" \/>\n<meta name=\"twitter:site\" content=\"@EstratConcursos\" \/>\n<meta name=\"twitter:label1\" content=\"Escrito por\" \/>\n\t<meta name=\"twitter:data1\" content=\"Diego Cerqueira Berbert Vasconcelos\" \/>\n\t<meta name=\"twitter:label2\" content=\"Est. tempo de leitura\" \/>\n\t<meta name=\"twitter:data2\" content=\"4 minutos\" \/>\n<script type=\"application\/ld+json\" class=\"yoast-schema-graph\">{\"@context\":\"https:\/\/schema.org\",\"@graph\":[{\"@type\":\"NewsArticle\",\"@id\":\"https:\/\/www.estrategiaconcursos.com.br\/blog\/edital-prefeitura-boa-vista\/#article\",\"isPartOf\":{\"@id\":\"https:\/\/www.estrategiaconcursos.com.br\/blog\/edital-prefeitura-boa-vista\/\"},\"author\":{\"name\":\"Diego Cerqueira Berbert Vasconcelos\",\"@id\":\"https:\/\/www.estrategiaconcursos.com.br\/blog\/#\/schema\/person\/7fbf898fd336f5ce58a961518beff68c\"},\"headline\":\"Edital Prefeitura Boa Vista: inscri\u00e7\u00f5es encerradas com oferta de 520 vagas\",\"datePublished\":\"2019-12-16T03:00:50+00:00\",\"dateModified\":\"2020-01-17T21:04:24+00:00\",\"mainEntityOfPage\":{\"@id\":\"https:\/\/www.estrategiaconcursos.com.br\/blog\/edital-prefeitura-boa-vista\/\"},\"wordCount\":905,\"commentCount\":4,\"publisher\":{\"@id\":\"https:\/\/www.estrategiaconcursos.com.br\/blog\/#organization\"},\"image\":{\"@id\":\"https:\/\/www.estrategiaconcursos.com.br\/blog\/edital-prefeitura-boa-vista\/#primaryimage\"},\"thumbnailUrl\":\"https:\/\/dhg1h5j42swfq.cloudfront.net\/2019\/07\/29164925\/PREFEITURA-DE-BOA-VISTA1.jpg\",\"articleSection\":[\"Concursos P\u00fablicos\"],\"inLanguage\":\"pt-BR\",\"potentialAction\":[{\"@type\":\"CommentAction\",\"name\":\"Comment\",\"target\":[\"https:\/\/www.estrategiaconcursos.com.br\/blog\/edital-prefeitura-boa-vista\/#respond\"]}],\"copyrightYear\":\"2019\",\"copyrightHolder\":{\"@id\":\"https:\/\/www.estrategiaconcursos.com.br\/blog\/#organization\"}},{\"@type\":\"WebPage\",\"@id\":\"https:\/\/www.estrategiaconcursos.com.br\/blog\/edital-prefeitura-boa-vista\/\",\"url\":\"https:\/\/www.estrategiaconcursos.com.br\/blog\/edital-prefeitura-boa-vista\/\",\"name\":\"Edital Prefeitura Boa Vista: inscri\u00e7\u00f5es encerradas com oferta de 520 vagas\",\"isPartOf\":{\"@id\":\"https:\/\/www.estrategiaconcursos.com.br\/blog\/#website\"},\"primaryImageOfPage\":{\"@id\":\"https:\/\/www.estrategiaconcursos.com.br\/blog\/edital-prefeitura-boa-vista\/#primaryimage\"},\"image\":{\"@id\":\"https:\/\/www.estrategiaconcursos.com.br\/blog\/edital-prefeitura-boa-vista\/#primaryimage\"},\"thumbnailUrl\":\"https:\/\/dhg1h5j42swfq.cloudfront.net\/2019\/07\/29164925\/PREFEITURA-DE-BOA-VISTA1.jpg\",\"datePublished\":\"2019-12-16T03:00:50+00:00\",\"dateModified\":\"2020-01-17T21:04:24+00:00\",\"breadcrumb\":{\"@id\":\"https:\/\/www.estrategiaconcursos.com.br\/blog\/edital-prefeitura-boa-vista\/#breadcrumb\"},\"inLanguage\":\"pt-BR\",\"potentialAction\":[{\"@type\":\"ReadAction\",\"target\":[\"https:\/\/www.estrategiaconcursos.com.br\/blog\/edital-prefeitura-boa-vista\/\"]}]},{\"@type\":\"ImageObject\",\"inLanguage\":\"pt-BR\",\"@id\":\"https:\/\/www.estrategiaconcursos.com.br\/blog\/edital-prefeitura-boa-vista\/#primaryimage\",\"url\":\"https:\/\/dhg1h5j42swfq.cloudfront.net\/2019\/07\/29164925\/PREFEITURA-DE-BOA-VISTA1.jpg\",\"contentUrl\":\"https:\/\/dhg1h5j42swfq.cloudfront.net\/2019\/07\/29164925\/PREFEITURA-DE-BOA-VISTA1.jpg\",\"width\":1200,\"height\":628,\"caption\":\"Prefeitura de Boa Vista\"},{\"@type\":\"BreadcrumbList\",\"@id\":\"https:\/\/www.estrategiaconcursos.com.br\/blog\/edital-prefeitura-boa-vista\/#breadcrumb\",\"itemListElement\":[{\"@type\":\"ListItem\",\"position\":1,\"name\":\"In\u00edcio\",\"item\":\"https:\/\/www.estrategiaconcursos.com.br\/blog\/\"},{\"@type\":\"ListItem\",\"position\":2,\"name\":\"Edital Prefeitura Boa Vista: inscri\u00e7\u00f5es encerradas com oferta de 520 vagas\"}]},{\"@type\":\"WebSite\",\"@id\":\"https:\/\/www.estrategiaconcursos.com.br\/blog\/#website\",\"url\":\"https:\/\/www.estrategiaconcursos.com.br\/blog\/\",\"name\":\"Estrat\u00e9gia Concursos\",\"description\":\"O blog da Estrat\u00e9gia Concursos traz not\u00edcias sobre concursos e artigos de professores oferecendo cursos para concursos (pdf + videaulas) no site.\",\"publisher\":{\"@id\":\"https:\/\/www.estrategiaconcursos.com.br\/blog\/#organization\"},\"potentialAction\":[{\"@type\":\"SearchAction\",\"target\":{\"@type\":\"EntryPoint\",\"urlTemplate\":\"https:\/\/www.estrategiaconcursos.com.br\/blog\/?s={search_term_string}\"},\"query-input\":{\"@type\":\"PropertyValueSpecification\",\"valueRequired\":true,\"valueName\":\"search_term_string\"}}],\"inLanguage\":\"pt-BR\"},{\"@type\":\"Organization\",\"@id\":\"https:\/\/www.estrategiaconcursos.com.br\/blog\/#organization\",\"name\":\"Estrat\u00e9gia Concursos\",\"url\":\"https:\/\/www.estrategiaconcursos.com.br\/blog\/\",\"logo\":{\"@type\":\"ImageObject\",\"inLanguage\":\"pt-BR\",\"@id\":\"https:\/\/www.estrategiaconcursos.com.br\/blog\/#\/schema\/logo\/image\/\",\"url\":\"https:\/\/dhg1h5j42swfq.cloudfront.net\/2025\/06\/03203428\/logo_concursos-1.jpg\",\"contentUrl\":\"https:\/\/dhg1h5j42swfq.cloudfront.net\/2025\/06\/03203428\/logo_concursos-1.jpg\",\"width\":230,\"height\":60,\"caption\":\"Estrat\u00e9gia Concursos\"},\"image\":{\"@id\":\"https:\/\/www.estrategiaconcursos.com.br\/blog\/#\/schema\/logo\/image\/\"},\"sameAs\":[\"https:\/\/x.com\/EstratConcursos\"]},{\"@type\":\"Person\",\"@id\":\"https:\/\/www.estrategiaconcursos.com.br\/blog\/#\/schema\/person\/7fbf898fd336f5ce58a961518beff68c\",\"name\":\"Diego Cerqueira Berbert Vasconcelos\",\"image\":{\"@type\":\"ImageObject\",\"inLanguage\":\"pt-BR\",\"@id\":\"https:\/\/secure.gravatar.com\/avatar\/ed2d045a7390980cad1a92d24dcc39d10ef55b88fcb9fb9c047979bf4ddeb1ce?s=96&d=mm&r=g\",\"url\":\"https:\/\/secure.gravatar.com\/avatar\/ed2d045a7390980cad1a92d24dcc39d10ef55b88fcb9fb9c047979bf4ddeb1ce?s=96&d=mm&r=g\",\"contentUrl\":\"https:\/\/secure.gravatar.com\/avatar\/ed2d045a7390980cad1a92d24dcc39d10ef55b88fcb9fb9c047979bf4ddeb1ce?s=96&d=mm&r=g\",\"caption\":\"Diego Cerqueira Berbert Vasconcelos\"},\"url\":\"https:\/\/www.estrategiaconcursos.com.br\/blog\/author\/diegocerqueiraestrategiaconcursos-com-br\/\"}]}<\/script>\n<!-- \/ Yoast SEO Premium plugin. -->","yoast_head_json":{"title":"Edital Prefeitura Boa Vista: inscri\u00e7\u00f5es encerradas com oferta de 520 vagas","robots":{"index":"index","follow":"follow","max-snippet":"max-snippet:-1","max-image-preview":"max-image-preview:large","max-video-preview":"max-video-preview:-1"},"canonical":"https:\/\/www.estrategiaconcursos.com.br\/blog\/edital-prefeitura-boa-vista\/","og_locale":"pt_BR","og_type":"article","og_title":"Edital Prefeitura Boa Vista: inscri\u00e7\u00f5es encerradas com oferta de 520 vagas","og_description":"As inscri\u00e7\u00f5es do processo seletivo do concurso p\u00fablico da Prefeitura de Boa Vista, munic\u00edpio do Estado de Roraima, est\u00e3o encerradas. O per\u00edodo para participar do concurso era at\u00e9 o dia 15 de dezembro de 2019. Al\u00e9m disso, todo o processo ocorreu no site da banca organizadora, a Selecon, as taxas foram definidas de acordo com [&hellip;]","og_url":"https:\/\/www.estrategiaconcursos.com.br\/blog\/edital-prefeitura-boa-vista\/","og_site_name":"Estrat\u00e9gia Concursos","article_published_time":"2019-12-16T03:00:50+00:00","article_modified_time":"2020-01-17T21:04:24+00:00","og_image":[{"width":1200,"height":628,"url":"https:\/\/dhg1h5j42swfq.cloudfront.net\/2019\/07\/29164925\/PREFEITURA-DE-BOA-VISTA1.jpg","type":"image\/jpeg"}],"author":"Diego Cerqueira Berbert Vasconcelos","twitter_card":"summary_large_image","twitter_creator":"@EstratConcursos","twitter_site":"@EstratConcursos","twitter_misc":{"Escrito por":"Diego Cerqueira Berbert Vasconcelos","Est. tempo de leitura":"4 minutos"},"schema":{"@context":"https:\/\/schema.org","@graph":[{"@type":"NewsArticle","@id":"https:\/\/www.estrategiaconcursos.com.br\/blog\/edital-prefeitura-boa-vista\/#article","isPartOf":{"@id":"https:\/\/www.estrategiaconcursos.com.br\/blog\/edital-prefeitura-boa-vista\/"},"author":{"name":"Diego Cerqueira Berbert Vasconcelos","@id":"https:\/\/www.estrategiaconcursos.com.br\/blog\/#\/schema\/person\/7fbf898fd336f5ce58a961518beff68c"},"headline":"Edital Prefeitura Boa Vista: inscri\u00e7\u00f5es encerradas com oferta de 520 vagas","datePublished":"2019-12-16T03:00:50+00:00","dateModified":"2020-01-17T21:04:24+00:00","mainEntityOfPage":{"@id":"https:\/\/www.estrategiaconcursos.com.br\/blog\/edital-prefeitura-boa-vista\/"},"wordCount":905,"commentCount":4,"publisher":{"@id":"https:\/\/www.estrategiaconcursos.com.br\/blog\/#organization"},"image":{"@id":"https:\/\/www.estrategiaconcursos.com.br\/blog\/edital-prefeitura-boa-vista\/#primaryimage"},"thumbnailUrl":"https:\/\/dhg1h5j42swfq.cloudfront.net\/2019\/07\/29164925\/PREFEITURA-DE-BOA-VISTA1.jpg","articleSection":["Concursos P\u00fablicos"],"inLanguage":"pt-BR","potentialAction":[{"@type":"CommentAction","name":"Comment","target":["https:\/\/www.estrategiaconcursos.com.br\/blog\/edital-prefeitura-boa-vista\/#respond"]}],"copyrightYear":"2019","copyrightHolder":{"@id":"https:\/\/www.estrategiaconcursos.com.br\/blog\/#organization"}},{"@type":"WebPage","@id":"https:\/\/www.estrategiaconcursos.com.br\/blog\/edital-prefeitura-boa-vista\/","url":"https:\/\/www.estrategiaconcursos.com.br\/blog\/edital-prefeitura-boa-vista\/","name":"Edital Prefeitura Boa Vista: inscri\u00e7\u00f5es encerradas com oferta de 520 vagas","isPartOf":{"@id":"https:\/\/www.estrategiaconcursos.com.br\/blog\/#website"},"primaryImageOfPage":{"@id":"https:\/\/www.estrategiaconcursos.com.br\/blog\/edital-prefeitura-boa-vista\/#primaryimage"},"image":{"@id":"https:\/\/www.estrategiaconcursos.com.br\/blog\/edital-prefeitura-boa-vista\/#primaryimage"},"thumbnailUrl":"https:\/\/dhg1h5j42swfq.cloudfront.net\/2019\/07\/29164925\/PREFEITURA-DE-BOA-VISTA1.jpg","datePublished":"2019-12-16T03:00:50+00:00","dateModified":"2020-01-17T21:04:24+00:00","breadcrumb":{"@id":"https:\/\/www.estrategiaconcursos.com.br\/blog\/edital-prefeitura-boa-vista\/#breadcrumb"},"inLanguage":"pt-BR","potentialAction":[{"@type":"ReadAction","target":["https:\/\/www.estrategiaconcursos.com.br\/blog\/edital-prefeitura-boa-vista\/"]}]},{"@type":"ImageObject","inLanguage":"pt-BR","@id":"https:\/\/www.estrategiaconcursos.com.br\/blog\/edital-prefeitura-boa-vista\/#primaryimage","url":"https:\/\/dhg1h5j42swfq.cloudfront.net\/2019\/07\/29164925\/PREFEITURA-DE-BOA-VISTA1.jpg","contentUrl":"https:\/\/dhg1h5j42swfq.cloudfront.net\/2019\/07\/29164925\/PREFEITURA-DE-BOA-VISTA1.jpg","width":1200,"height":628,"caption":"Prefeitura de Boa Vista"},{"@type":"BreadcrumbList","@id":"https:\/\/www.estrategiaconcursos.com.br\/blog\/edital-prefeitura-boa-vista\/#breadcrumb","itemListElement":[{"@type":"ListItem","position":1,"name":"In\u00edcio","item":"https:\/\/www.estrategiaconcursos.com.br\/blog\/"},{"@type":"ListItem","position":2,"name":"Edital Prefeitura Boa Vista: inscri\u00e7\u00f5es encerradas com oferta de 520 vagas"}]},{"@type":"WebSite","@id":"https:\/\/www.estrategiaconcursos.com.br\/blog\/#website","url":"https:\/\/www.estrategiaconcursos.com.br\/blog\/","name":"Estrat\u00e9gia Concursos","description":"O blog da Estrat\u00e9gia Concursos traz not\u00edcias sobre concursos e artigos de professores oferecendo cursos para concursos (pdf + videaulas) no site.","publisher":{"@id":"https:\/\/www.estrategiaconcursos.com.br\/blog\/#organization"},"potentialAction":[{"@type":"SearchAction","target":{"@type":"EntryPoint","urlTemplate":"https:\/\/www.estrategiaconcursos.com.br\/blog\/?s={search_term_string}"},"query-input":{"@type":"PropertyValueSpecification","valueRequired":true,"valueName":"search_term_string"}}],"inLanguage":"pt-BR"},{"@type":"Organization","@id":"https:\/\/www.estrategiaconcursos.com.br\/blog\/#organization","name":"Estrat\u00e9gia Concursos","url":"https:\/\/www.estrategiaconcursos.com.br\/blog\/","logo":{"@type":"ImageObject","inLanguage":"pt-BR","@id":"https:\/\/www.estrategiaconcursos.com.br\/blog\/#\/schema\/logo\/image\/","url":"https:\/\/dhg1h5j42swfq.cloudfront.net\/2025\/06\/03203428\/logo_concursos-1.jpg","contentUrl":"https:\/\/dhg1h5j42swfq.cloudfront.net\/2025\/06\/03203428\/logo_concursos-1.jpg","width":230,"height":60,"caption":"Estrat\u00e9gia Concursos"},"image":{"@id":"https:\/\/www.estrategiaconcursos.com.br\/blog\/#\/schema\/logo\/image\/"},"sameAs":["https:\/\/x.com\/EstratConcursos"]},{"@type":"Person","@id":"https:\/\/www.estrategiaconcursos.com.br\/blog\/#\/schema\/person\/7fbf898fd336f5ce58a961518beff68c","name":"Diego Cerqueira Berbert Vasconcelos","image":{"@type":"ImageObject","inLanguage":"pt-BR","@id":"https:\/\/secure.gravatar.com\/avatar\/ed2d045a7390980cad1a92d24dcc39d10ef55b88fcb9fb9c047979bf4ddeb1ce?s=96&d=mm&r=g","url":"https:\/\/secure.gravatar.com\/avatar\/ed2d045a7390980cad1a92d24dcc39d10ef55b88fcb9fb9c047979bf4ddeb1ce?s=96&d=mm&r=g","contentUrl":"https:\/\/secure.gravatar.com\/avatar\/ed2d045a7390980cad1a92d24dcc39d10ef55b88fcb9fb9c047979bf4ddeb1ce?s=96&d=mm&r=g","caption":"Diego Cerqueira Berbert Vasconcelos"},"url":"https:\/\/www.estrategiaconcursos.com.br\/blog\/author\/diegocerqueiraestrategiaconcursos-com-br\/"}]}},"_links":{"self":[{"href":"https:\/\/www.estrategiaconcursos.com.br\/blog\/wp-json\/wp\/v2\/posts\/442458","targetHints":{"allow":["GET"]}}],"collection":[{"href":"https:\/\/www.estrategiaconcursos.com.br\/blog\/wp-json\/wp\/v2\/posts"}],"about":[{"href":"https:\/\/www.estrategiaconcursos.com.br\/blog\/wp-json\/wp\/v2\/types\/post"}],"author":[{"embeddable":true,"href":"https:\/\/www.estrategiaconcursos.com.br\/blog\/wp-json\/wp\/v2\/users\/260"}],"replies":[{"embeddable":true,"href":"https:\/\/www.estrategiaconcursos.com.br\/blog\/wp-json\/wp\/v2\/comments?post=442458"}],"version-history":[{"count":15,"href":"https:\/\/www.estrategiaconcursos.com.br\/blog\/wp-json\/wp\/v2\/posts\/442458\/revisions"}],"predecessor-version":[{"id":460920,"href":"https:\/\/www.estrategiaconcursos.com.br\/blog\/wp-json\/wp\/v2\/posts\/442458\/revisions\/460920"}],"wp:featuredmedia":[{"embeddable":true,"href":"https:\/\/www.estrategiaconcursos.com.br\/blog\/wp-json\/wp\/v2\/media\/403705"}],"wp:attachment":[{"href":"https:\/\/www.estrategiaconcursos.com.br\/blog\/wp-json\/wp\/v2\/media?parent=442458"}],"wp:term":[{"taxonomy":"category","embeddable":true,"href":"https:\/\/www.estrategiaconcursos.com.br\/blog\/wp-json\/wp\/v2\/categories?post=442458"},{"taxonomy":"post_tag","embeddable":true,"href":"https:\/\/www.estrategiaconcursos.com.br\/blog\/wp-json\/wp\/v2\/tags?post=442458"},{"taxonomy":"tax_estado","embeddable":true,"href":"https:\/\/www.estrategiaconcursos.com.br\/blog\/wp-json\/wp\/v2\/tax_estado?post=442458"}],"curies":[{"name":"wp","href":"https:\/\/api.w.org\/{rel}","templated":true}]}}