{"id":442375,"date":"2019-12-13T00:00:50","date_gmt":"2019-12-13T03:00:50","guid":{"rendered":"https:\/\/www.estrategiaconcursos.com.br\/blog\/?p=442375"},"modified":"2020-01-22T18:38:33","modified_gmt":"2020-01-22T21:38:33","slug":"edital-crefito-3","status":"publish","type":"post","link":"https:\/\/www.estrategiaconcursos.com.br\/blog\/edital-crefito-3\/","title":{"rendered":"Edital CREFITO 3 SP: inscri\u00e7\u00f5es encerradas e provas para fevereiro!!"},"content":{"rendered":"\n<p>As inscri\u00e7\u00f5es para o concurso p\u00fablico CREFITO 3 SP est\u00e3o oficialmente encerradas. Os candidatos inscritos no certame devem agora se preparar para a fase de provas que deve ocorrer no dia 02 de fevereiro de 2020.<\/p>\n\n\n\n<p>Como revelado pelo Estrat\u00e9gia Concursos anteriormente a organiza\u00e7\u00e3o do certame ficar\u00e1 por conta da <strong>VUNESP<\/strong>. S\u00e3o ofertadas 11 vagas para o cargo de Fiscal que exige n\u00edvel superior.<\/p>\n\n\n\n<h2 class=\"wp-block-heading\" id=\"data\">Principais datas do concurso CREFITO 3 SP<\/h2>\n\n\n\n<p class=\"has-background has-very-light-gray-background-color\"><strong><em>Inscri\u00e7\u00f5es: 11 de novembro a 12 de dezembro<br \/>Isen\u00e7\u00e3o da taxa: 11 e 12 de novembro<\/em><\/strong> <br \/><strong><em>Provas: 02 de fevereiro de 2020<\/em><\/strong> <\/p>\n\n\n\n<h2 class=\"wp-block-heading\" id=\"cargos\">Cargos\/Vagas e sal\u00e1rio inicial do  <br \/>concurso CREFITO 3  SP <\/h2>\n\n\n\n<h3 class=\"wp-block-heading\">N\u00edvel Superior<\/h3>\n\n\n\n<figure class=\"wp-block-table aligncenter is-style-stripes\"><table class=\"has-subtle-pale-blue-background-color has-fixed-layout has-background\"><tbody><tr><td><strong>Cargos<\/strong><\/td><td><strong>Cidades<\/strong><\/td><td><strong>Vagas<\/strong><\/td><td><strong>Remunera\u00e7\u00f5es<\/strong><\/td><\/tr><tr><td>Fiscal<\/td><td>Mar\u00edlia<\/td><td>2<\/td><td> R$ 5.599,80 <\/td><\/tr><tr><td>Fiscal<\/td><td>Osasco<\/td><td>1<\/td><td> R$ 5.599,80 <\/td><\/tr><tr><td>Fiscal<\/td><td>Presidente Prudente<\/td><td>1<\/td><td> R$ 5.599,80 <\/td><\/tr><tr><td>Fiscal<\/td><td>Ribeir\u00e3o Preto<\/td><td>1<\/td><td> R$ 5.599,80 <\/td><\/tr><tr><td>Fiscal<\/td><td>S\u00e3o Jos\u00e9 dos Campos<\/td><td>1<\/td><td> R$ 5.599,80 <\/td><\/tr><tr><td>Fiscal<\/td><td>S\u00e3o Paulo<\/td><td>3<\/td><td> R$ 5.599,80 <\/td><\/tr><tr><td>Fiscal<\/td><td>Guarulhos<\/td><td>1<\/td><td> R$ 5.599,80 <\/td><\/tr><tr><td>Fiscal<\/td><td>Sorocaba<\/td><td>1<\/td><td> R$ 5.599,80 <\/td><\/tr><\/tbody><\/table><\/figure>\n\n\n\n<h2 class=\"wp-block-heading\" id=\"etapas\">Etapas de provas do concurso do  <br \/>concurso CREFITO 3 SP<\/h2>\n\n\n\n<p>O certame contar\u00e1 com duas Etapas de provas, sendo elas objetiva e dissertativa.  <\/p>\n\n\n\n<h3 class=\"wp-block-heading\">Prova Objetiva<\/h3>\n\n\n\n<p>A prova objetiva possui car\u00e1ter eliminat\u00f3rio e classificat\u00f3rio e visa avaliar o grau de conhecimento geral do candidato, bem como a capacidade de an\u00e1lise, entendimento e interpreta\u00e7\u00e3o de informa\u00e7\u00f5es, habilidade de trabalhar com estrutura l\u00f3gica das rela\u00e7\u00f5es, capacidade dedutiva e conhecimentos t\u00e9cnicos espec\u00edficos do cargo. <\/p>\n\n\n\n<p>A prova objetiva ser\u00e1 composta de quest\u00f5es de m\u00faltipla escolha com 5 alternativas cada uma, sendo apenas uma alternativa correta. A prova objetiva ter\u00e1 dura\u00e7\u00e3o de 3h30min.<\/p>\n\n\n\n<div class=\"wp-block-image\"><figure class=\"aligncenter\"><img loading=\"lazy\" decoding=\"async\" width=\"716\" height=\"155\" src=\"https:\/\/dhg1h5j42swfq.cloudfront.net\/2019\/10\/31092100\/image182.png\" alt=\"\" class=\"wp-image-442371\" srcset=\"https:\/\/dhg1h5j42swfq.cloudfront.net\/2019\/10\/31092100\/image182.png 716w, https:\/\/dhg1h5j42swfq.cloudfront.net\/2019\/10\/31092100\/image182.png 300w, https:\/\/dhg1h5j42swfq.cloudfront.net\/2019\/10\/31092100\/image182.png 610w\" sizes=\"auto, (max-width: 716px) 100vw, 716px\" \/><\/figure><\/div>\n\n\n\n<h3 class=\"wp-block-heading\">Prova dissertativa<\/h3>\n\n\n\n<p>A prova dissertativa possui car\u00e1ter eliminat\u00f3rio e classificat\u00f3rio e visa avaliar os conhecimentos necess\u00e1rios ao desempenho pleno das atribui\u00e7\u00f5es do candidato ao cargo, al\u00e9m de considerar sua capacidade de leitura, de interpreta\u00e7\u00e3o e de escrita, na forma culta da l\u00edngua portuguesa. <\/p>\n\n\n\n<p>A prova dissertativa ser\u00e1 composta de 1 estudo de caso. A prova dissertativa ter\u00e1 dura\u00e7\u00e3o de 2 horas. <\/p>\n\n\n\n<h2 class=\"wp-block-heading\" id=\"remunera\u00e7\u00e3o\">Remunera\u00e7\u00e3o CREFITO 3 do concurso CREFITO 3 SP    <\/h2>\n\n\n\n<figure class=\"wp-block-table aligncenter is-style-stripes\"><table class=\"has-subtle-pale-blue-background-color has-fixed-layout has-background\"><tbody><tr><td><strong><em>Cargos <\/em><\/strong><\/td><td><strong><em>Remunera\u00e7\u00f5es<\/em><\/strong><\/td><\/tr><tr><td>Fiscal <\/td><td>R$ 7.491,80<\/td><\/tr><\/tbody><\/table><\/figure>\n\n\n\n<h2 class=\"wp-block-heading\" id=\"\u00faltimo\">\u00daltimo concurso CREFITO 3 SP<\/h2>\n\n\n\n<p>O&nbsp;\u00faltimo concurso ocorreu em 2013 e teve como banca examinadora o Instituto de Educa\u00e7\u00e3o e Desenvolvimento Social Nosso Rumo, quando foram preenchidas 10 vagas para Escritur\u00e1rio e Telefonista. Na \u00e9poca, a remunera\u00e7\u00e3o era de R$ 2.702,70 e R$ 1.817,48, respectivamente. Veja o detalha das vagas e cargos abaixo:<\/p>\n\n\n\n<ul class=\"wp-block-list\"><li><em> Escritur\u00e1rio  \u2013 (3 vagas) \u2013  R$ 2.702,70  &#8211; Ensino M\u00e9dio<\/em><\/li><li><em> Telefonista  \u2013  (6 vagas) \u2013 R$ 1.817,48   &#8211; Ensino M\u00e9dio<\/em><\/li><\/ul>\n\n\n\n<p>As oportunidades do concurso foram para cidades de S\u00e3o Paulo, Guarulhos, Osasco e Sorocaba. <\/p>\n\n\n\n<p style=\"font-size:23px\" class=\"has-background has-text-align-center has-pale-cyan-blue-background-color\"><strong><em>Mais informa\u00e7\u00f5es: <\/em><\/strong><a href=\"https:\/\/www.estrategiaconcursos.com.br\/blog\/concurso-crefito-3\/\"><strong><em>concurso CREFITO 3 <\/em><\/strong><\/a><\/p>\n\n\n\n<h2 class=\"has-text-align-center wp-block-heading\" id=\"cursos-assinatura\"><strong><em>Quer estudar para Concurso <\/em><\/strong><em>CREFITO-3<\/em><strong><em>?<\/em><\/strong><\/h2>\n\n\n\n<p class=\"has-text-align-center\"><em><strong>Gostou desta oportunidade e deseja come\u00e7ar se preparar agora mesmo? Ent\u00e3o, confira os nossos cursos e comece a estudar para <\/strong><\/em><strong><em>CREFITO-3<\/em><\/strong><em><strong>:<\/strong><\/em><\/p>\n\n\n\n<p style=\"font-size:25px\" class=\"has-background has-text-align-center has-luminous-vivid-amber-background-color\"><strong><em><a rel=\"noreferrer noopener\" aria-label=\"CURSOS CREFITO 3 (abre numa nova aba)\" href=\"https:\/\/www.estrategiaconcursos.com.br\/cursosPorConcurso\/conselho-regional-de-fisioterapia-e-terapia-ocupacional-da-3-regiao-crefito-sp\/\" target=\"_blank\">CURSOS CREFITO 3<\/a><\/em><\/strong><\/p>\n\n\n\n<figure class=\"wp-block-image\"><img loading=\"lazy\" decoding=\"async\" width=\"1280\" height=\"320\" src=\"https:\/\/dhg1h5j42swfq.cloudfront.net\/2019\/10\/28093240\/WhatsApp-Image-2019-10-28-at-08.41.481.jpeg\" alt=\"\" class=\"wp-image-440765\" srcset=\"https:\/\/dhg1h5j42swfq.cloudfront.net\/2019\/10\/28093240\/WhatsApp-Image-2019-10-28-at-08.41.481.jpeg 1280w, https:\/\/dhg1h5j42swfq.cloudfront.net\/2019\/10\/28093240\/WhatsApp-Image-2019-10-28-at-08.41.481.jpeg 300w, https:\/\/dhg1h5j42swfq.cloudfront.net\/2019\/10\/28093240\/WhatsApp-Image-2019-10-28-at-08.41.481.jpeg 768w, https:\/\/dhg1h5j42swfq.cloudfront.net\/2019\/10\/28093240\/WhatsApp-Image-2019-10-28-at-08.41.481.jpeg 1024w, https:\/\/dhg1h5j42swfq.cloudfront.net\/2019\/10\/28093240\/WhatsApp-Image-2019-10-28-at-08.41.481.jpeg 610w\" sizes=\"auto, (max-width: 1280px) 100vw, 1280px\" \/><\/figure>\n\n\n\n<p class=\"has-background has-text-align-center has-medium-font-size has-luminous-vivid-amber-background-color\"><strong><a href=\"https:\/\/www.estrategiaconcursos.com.br\/gratis\/melhor-black-friday\/\" target=\"_blank\" rel=\"noreferrer noopener\" aria-label=\"PROMO\u00c7\u00c3O: \u00c9 MELHOR QUE BLACK FRIDAY! (abre numa nova aba)\">PROMO\u00c7\u00c3O: \u00c9 MELHOR QUE BLACK FRIDAY!<\/a><\/strong><\/p>\n\n\n\n<p class=\"has-text-align-center\"><em>Prepare-se com o melhor material e com quem mais aprova em&nbsp;Concursos P\u00fablicos de todo o pa\u00eds. Assine agora a nossa Assinatura Anual e tenha acesso ilimitado* a todos os nossos cursos.<\/em><\/p>\n\n\n\n<p style=\"font-size:23px\" class=\"has-background has-text-align-center has-light-green-cyan-background-color\"><strong>ASSINE AGORA<\/strong>&nbsp;\u2013&nbsp;<a rel=\"noreferrer noopener\" href=\"https:\/\/www.estrategiaconcursos.com.br\/assinaturas\/\" target=\"_blank\">Assinatura Ilimitada<\/a><\/p>\n\n\n\n<p class=\"has-text-align-center\"><em><strong>Fique por dentro de todos os concursos<\/strong><\/em>:<\/p>\n\n\n\n<p style=\"font-size:25px\" class=\"has-background has-text-align-center has-pale-cyan-blue-background-color\"><a rel=\"noreferrer noopener\" href=\"https:\/\/www.estrategiaconcursos.com.br\/blog\/concursos-abertos\/\" target=\"_blank\"><strong>Concursos abertos<\/strong><\/a><\/p>\n\n\n\n<p style=\"font-size:25px\" class=\"has-background has-text-align-center has-pale-cyan-blue-background-color\"><a rel=\"noreferrer noopener\" href=\"https:\/\/www.estrategiaconcursos.com.br\/blog\/concursos-2020\/\" target=\"_blank\"><strong>Concursos 2020<\/strong><\/a><\/p>\n\n\n\n<figure class=\"wp-block-image\"><img loading=\"lazy\" decoding=\"async\" width=\"300\" height=\"102\" src=\"https:\/\/dhg1h5j42swfq.cloudfront.net\/2017\/03\/28152500\/coruja-ficha-tecnica-300x102.png\" alt=\"\" class=\"wp-image-68542\"\/><\/figure>\n\n\n\n<h3 class=\"wp-block-heading\" id=\"ficha-tecnica\"><strong>Informa\u00e7\u00f5es sobre o Concurso CREFITO 3<\/strong><\/h3>\n\n\n\n<p>\u25ba<strong>Vagas<\/strong>: 11 vagas<br \/>\u25ba<strong>Cargos:<\/strong>&nbsp;Fiscal<br \/>\u25ba<strong>Banca<\/strong>: VUNESP<br \/>\u25ba<strong>Escolaridade<\/strong>: <strong>Superior<\/strong><br \/>\u25ba<strong>Edital<\/strong>:&nbsp;<a href=\"https:\/\/dhg1h5j42swfq.cloudfront.net\/2019\/10\/31092728\/Edital_CREFITO_3_SP_2019.pdf\">Edital CREFITO 3<\/a><\/p>\n","protected":false},"excerpt":{"rendered":"<p>As inscri\u00e7\u00f5es para o concurso p\u00fablico CREFITO 3 SP est\u00e3o oficialmente encerradas. Os candidatos inscritos no certame devem agora se preparar para a fase de provas que deve ocorrer no dia 02 de fevereiro de 2020. Como revelado pelo Estrat\u00e9gia Concursos anteriormente a organiza\u00e7\u00e3o do certame ficar\u00e1 por conta da VUNESP. S\u00e3o ofertadas 11 vagas [&hellip;]<\/p>\n","protected":false},"author":129,"featured_media":428164,"comment_status":"open","ping_status":"closed","sticky":false,"template":"","format":"standard","meta":{"post_tipo":"article","footnotes":""},"categories":[1],"tags":[],"tax_estado":[],"class_list":["post-442375","post","type-post","status-publish","format-standard","has-post-thumbnail","hentry","category-cursos-e-concursos"],"acf":[],"yoast_head":"<!-- This site is optimized with the Yoast SEO Premium plugin v27.2 (Yoast SEO v27.2) - https:\/\/yoast.com\/product\/yoast-seo-premium-wordpress\/ -->\n<title>Edital CREFITO 3 SP: inscri\u00e7\u00f5es encerradas e provas para fevereiro!!<\/title>\n<meta name=\"robots\" content=\"index, follow, max-snippet:-1, max-image-preview:large, max-video-preview:-1\" \/>\n<link rel=\"canonical\" href=\"https:\/\/www.estrategiaconcursos.com.br\/blog\/edital-crefito-3\/\" \/>\n<meta property=\"og:locale\" content=\"pt_BR\" \/>\n<meta property=\"og:type\" content=\"article\" \/>\n<meta property=\"og:title\" content=\"Edital CREFITO 3 SP: inscri\u00e7\u00f5es encerradas e provas para fevereiro!!\" \/>\n<meta property=\"og:description\" content=\"As inscri\u00e7\u00f5es para o concurso p\u00fablico CREFITO 3 SP est\u00e3o oficialmente encerradas. Os candidatos inscritos no certame devem agora se preparar para a fase de provas que deve ocorrer no dia 02 de fevereiro de 2020. Como revelado pelo Estrat\u00e9gia Concursos anteriormente a organiza\u00e7\u00e3o do certame ficar\u00e1 por conta da VUNESP. S\u00e3o ofertadas 11 vagas [&hellip;]\" \/>\n<meta property=\"og:url\" content=\"https:\/\/www.estrategiaconcursos.com.br\/blog\/edital-crefito-3\/\" \/>\n<meta property=\"og:site_name\" content=\"Estrat\u00e9gia Concursos\" \/>\n<meta property=\"article:published_time\" content=\"2019-12-13T03:00:50+00:00\" \/>\n<meta property=\"article:modified_time\" content=\"2020-01-22T21:38:33+00:00\" \/>\n<meta property=\"og:image\" content=\"https:\/\/dhg1h5j42swfq.cloudfront.net\/2019\/09\/30154634\/crefito-3.png\" \/>\n\t<meta property=\"og:image:width\" content=\"512\" \/>\n\t<meta property=\"og:image:height\" content=\"289\" \/>\n\t<meta property=\"og:image:type\" content=\"image\/png\" \/>\n<meta name=\"author\" content=\"Herbert Almeida\" \/>\n<meta name=\"twitter:card\" content=\"summary_large_image\" \/>\n<meta name=\"twitter:creator\" content=\"@EstratConcursos\" \/>\n<meta name=\"twitter:site\" content=\"@EstratConcursos\" \/>\n<meta name=\"twitter:label1\" content=\"Escrito por\" \/>\n\t<meta name=\"twitter:data1\" content=\"Herbert Almeida\" \/>\n\t<meta name=\"twitter:label2\" content=\"Est. tempo de leitura\" \/>\n\t<meta name=\"twitter:data2\" content=\"3 minutos\" \/>\n<script type=\"application\/ld+json\" class=\"yoast-schema-graph\">{\"@context\":\"https:\/\/schema.org\",\"@graph\":[{\"@type\":\"NewsArticle\",\"@id\":\"https:\/\/www.estrategiaconcursos.com.br\/blog\/edital-crefito-3\/#article\",\"isPartOf\":{\"@id\":\"https:\/\/www.estrategiaconcursos.com.br\/blog\/edital-crefito-3\/\"},\"author\":{\"name\":\"Herbert Almeida\",\"@id\":\"https:\/\/www.estrategiaconcursos.com.br\/blog\/#\/schema\/person\/59717c75350fa01aa0fd68a52a8d02e0\"},\"headline\":\"Edital CREFITO 3 SP: inscri\u00e7\u00f5es encerradas e provas para fevereiro!!\",\"datePublished\":\"2019-12-13T03:00:50+00:00\",\"dateModified\":\"2020-01-22T21:38:33+00:00\",\"mainEntityOfPage\":{\"@id\":\"https:\/\/www.estrategiaconcursos.com.br\/blog\/edital-crefito-3\/\"},\"wordCount\":535,\"commentCount\":0,\"publisher\":{\"@id\":\"https:\/\/www.estrategiaconcursos.com.br\/blog\/#organization\"},\"image\":{\"@id\":\"https:\/\/www.estrategiaconcursos.com.br\/blog\/edital-crefito-3\/#primaryimage\"},\"thumbnailUrl\":\"https:\/\/dhg1h5j42swfq.cloudfront.net\/2019\/09\/30154634\/crefito-3.png\",\"articleSection\":[\"Concursos P\u00fablicos\"],\"inLanguage\":\"pt-BR\",\"potentialAction\":[{\"@type\":\"CommentAction\",\"name\":\"Comment\",\"target\":[\"https:\/\/www.estrategiaconcursos.com.br\/blog\/edital-crefito-3\/#respond\"]}],\"copyrightYear\":\"2019\",\"copyrightHolder\":{\"@id\":\"https:\/\/www.estrategiaconcursos.com.br\/blog\/#organization\"}},{\"@type\":\"WebPage\",\"@id\":\"https:\/\/www.estrategiaconcursos.com.br\/blog\/edital-crefito-3\/\",\"url\":\"https:\/\/www.estrategiaconcursos.com.br\/blog\/edital-crefito-3\/\",\"name\":\"Edital CREFITO 3 SP: inscri\u00e7\u00f5es encerradas e provas para fevereiro!!\",\"isPartOf\":{\"@id\":\"https:\/\/www.estrategiaconcursos.com.br\/blog\/#website\"},\"primaryImageOfPage\":{\"@id\":\"https:\/\/www.estrategiaconcursos.com.br\/blog\/edital-crefito-3\/#primaryimage\"},\"image\":{\"@id\":\"https:\/\/www.estrategiaconcursos.com.br\/blog\/edital-crefito-3\/#primaryimage\"},\"thumbnailUrl\":\"https:\/\/dhg1h5j42swfq.cloudfront.net\/2019\/09\/30154634\/crefito-3.png\",\"datePublished\":\"2019-12-13T03:00:50+00:00\",\"dateModified\":\"2020-01-22T21:38:33+00:00\",\"breadcrumb\":{\"@id\":\"https:\/\/www.estrategiaconcursos.com.br\/blog\/edital-crefito-3\/#breadcrumb\"},\"inLanguage\":\"pt-BR\",\"potentialAction\":[{\"@type\":\"ReadAction\",\"target\":[\"https:\/\/www.estrategiaconcursos.com.br\/blog\/edital-crefito-3\/\"]}]},{\"@type\":\"ImageObject\",\"inLanguage\":\"pt-BR\",\"@id\":\"https:\/\/www.estrategiaconcursos.com.br\/blog\/edital-crefito-3\/#primaryimage\",\"url\":\"https:\/\/dhg1h5j42swfq.cloudfront.net\/2019\/09\/30154634\/crefito-3.png\",\"contentUrl\":\"https:\/\/dhg1h5j42swfq.cloudfront.net\/2019\/09\/30154634\/crefito-3.png\",\"width\":512,\"height\":289},{\"@type\":\"BreadcrumbList\",\"@id\":\"https:\/\/www.estrategiaconcursos.com.br\/blog\/edital-crefito-3\/#breadcrumb\",\"itemListElement\":[{\"@type\":\"ListItem\",\"position\":1,\"name\":\"In\u00edcio\",\"item\":\"https:\/\/www.estrategiaconcursos.com.br\/blog\/\"},{\"@type\":\"ListItem\",\"position\":2,\"name\":\"Edital CREFITO 3 SP: inscri\u00e7\u00f5es encerradas e provas para fevereiro!!\"}]},{\"@type\":\"WebSite\",\"@id\":\"https:\/\/www.estrategiaconcursos.com.br\/blog\/#website\",\"url\":\"https:\/\/www.estrategiaconcursos.com.br\/blog\/\",\"name\":\"Estrat\u00e9gia Concursos\",\"description\":\"O blog da Estrat\u00e9gia Concursos traz not\u00edcias sobre concursos e artigos de professores oferecendo cursos para concursos (pdf + videaulas) no site.\",\"publisher\":{\"@id\":\"https:\/\/www.estrategiaconcursos.com.br\/blog\/#organization\"},\"potentialAction\":[{\"@type\":\"SearchAction\",\"target\":{\"@type\":\"EntryPoint\",\"urlTemplate\":\"https:\/\/www.estrategiaconcursos.com.br\/blog\/?s={search_term_string}\"},\"query-input\":{\"@type\":\"PropertyValueSpecification\",\"valueRequired\":true,\"valueName\":\"search_term_string\"}}],\"inLanguage\":\"pt-BR\"},{\"@type\":\"Organization\",\"@id\":\"https:\/\/www.estrategiaconcursos.com.br\/blog\/#organization\",\"name\":\"Estrat\u00e9gia Concursos\",\"url\":\"https:\/\/www.estrategiaconcursos.com.br\/blog\/\",\"logo\":{\"@type\":\"ImageObject\",\"inLanguage\":\"pt-BR\",\"@id\":\"https:\/\/www.estrategiaconcursos.com.br\/blog\/#\/schema\/logo\/image\/\",\"url\":\"https:\/\/dhg1h5j42swfq.cloudfront.net\/2025\/06\/03203428\/logo_concursos-1.jpg\",\"contentUrl\":\"https:\/\/dhg1h5j42swfq.cloudfront.net\/2025\/06\/03203428\/logo_concursos-1.jpg\",\"width\":230,\"height\":60,\"caption\":\"Estrat\u00e9gia Concursos\"},\"image\":{\"@id\":\"https:\/\/www.estrategiaconcursos.com.br\/blog\/#\/schema\/logo\/image\/\"},\"sameAs\":[\"https:\/\/x.com\/EstratConcursos\"]},{\"@type\":\"Person\",\"@id\":\"https:\/\/www.estrategiaconcursos.com.br\/blog\/#\/schema\/person\/59717c75350fa01aa0fd68a52a8d02e0\",\"name\":\"Herbert Almeida\",\"image\":{\"@type\":\"ImageObject\",\"inLanguage\":\"pt-BR\",\"@id\":\"https:\/\/secure.gravatar.com\/avatar\/b6461a43893c24d5fc91efc433971ffec025c84c0341129f4578034d77f9a536?s=96&d=mm&r=g\",\"url\":\"https:\/\/secure.gravatar.com\/avatar\/b6461a43893c24d5fc91efc433971ffec025c84c0341129f4578034d77f9a536?s=96&d=mm&r=g\",\"contentUrl\":\"https:\/\/secure.gravatar.com\/avatar\/b6461a43893c24d5fc91efc433971ffec025c84c0341129f4578034d77f9a536?s=96&d=mm&r=g\",\"caption\":\"Herbert Almeida\"},\"url\":\"https:\/\/www.estrategiaconcursos.com.br\/blog\/author\/herbertestrategiaconcursos-com-br\/\"}]}<\/script>\n<!-- \/ Yoast SEO Premium plugin. -->","yoast_head_json":{"title":"Edital CREFITO 3 SP: inscri\u00e7\u00f5es encerradas e provas para fevereiro!!","robots":{"index":"index","follow":"follow","max-snippet":"max-snippet:-1","max-image-preview":"max-image-preview:large","max-video-preview":"max-video-preview:-1"},"canonical":"https:\/\/www.estrategiaconcursos.com.br\/blog\/edital-crefito-3\/","og_locale":"pt_BR","og_type":"article","og_title":"Edital CREFITO 3 SP: inscri\u00e7\u00f5es encerradas e provas para fevereiro!!","og_description":"As inscri\u00e7\u00f5es para o concurso p\u00fablico CREFITO 3 SP est\u00e3o oficialmente encerradas. Os candidatos inscritos no certame devem agora se preparar para a fase de provas que deve ocorrer no dia 02 de fevereiro de 2020. Como revelado pelo Estrat\u00e9gia Concursos anteriormente a organiza\u00e7\u00e3o do certame ficar\u00e1 por conta da VUNESP. S\u00e3o ofertadas 11 vagas [&hellip;]","og_url":"https:\/\/www.estrategiaconcursos.com.br\/blog\/edital-crefito-3\/","og_site_name":"Estrat\u00e9gia Concursos","article_published_time":"2019-12-13T03:00:50+00:00","article_modified_time":"2020-01-22T21:38:33+00:00","og_image":[{"width":512,"height":289,"url":"https:\/\/dhg1h5j42swfq.cloudfront.net\/2019\/09\/30154634\/crefito-3.png","type":"image\/png"}],"author":"Herbert Almeida","twitter_card":"summary_large_image","twitter_creator":"@EstratConcursos","twitter_site":"@EstratConcursos","twitter_misc":{"Escrito por":"Herbert Almeida","Est. tempo de leitura":"3 minutos"},"schema":{"@context":"https:\/\/schema.org","@graph":[{"@type":"NewsArticle","@id":"https:\/\/www.estrategiaconcursos.com.br\/blog\/edital-crefito-3\/#article","isPartOf":{"@id":"https:\/\/www.estrategiaconcursos.com.br\/blog\/edital-crefito-3\/"},"author":{"name":"Herbert Almeida","@id":"https:\/\/www.estrategiaconcursos.com.br\/blog\/#\/schema\/person\/59717c75350fa01aa0fd68a52a8d02e0"},"headline":"Edital CREFITO 3 SP: inscri\u00e7\u00f5es encerradas e provas para fevereiro!!","datePublished":"2019-12-13T03:00:50+00:00","dateModified":"2020-01-22T21:38:33+00:00","mainEntityOfPage":{"@id":"https:\/\/www.estrategiaconcursos.com.br\/blog\/edital-crefito-3\/"},"wordCount":535,"commentCount":0,"publisher":{"@id":"https:\/\/www.estrategiaconcursos.com.br\/blog\/#organization"},"image":{"@id":"https:\/\/www.estrategiaconcursos.com.br\/blog\/edital-crefito-3\/#primaryimage"},"thumbnailUrl":"https:\/\/dhg1h5j42swfq.cloudfront.net\/2019\/09\/30154634\/crefito-3.png","articleSection":["Concursos P\u00fablicos"],"inLanguage":"pt-BR","potentialAction":[{"@type":"CommentAction","name":"Comment","target":["https:\/\/www.estrategiaconcursos.com.br\/blog\/edital-crefito-3\/#respond"]}],"copyrightYear":"2019","copyrightHolder":{"@id":"https:\/\/www.estrategiaconcursos.com.br\/blog\/#organization"}},{"@type":"WebPage","@id":"https:\/\/www.estrategiaconcursos.com.br\/blog\/edital-crefito-3\/","url":"https:\/\/www.estrategiaconcursos.com.br\/blog\/edital-crefito-3\/","name":"Edital CREFITO 3 SP: inscri\u00e7\u00f5es encerradas e provas para fevereiro!!","isPartOf":{"@id":"https:\/\/www.estrategiaconcursos.com.br\/blog\/#website"},"primaryImageOfPage":{"@id":"https:\/\/www.estrategiaconcursos.com.br\/blog\/edital-crefito-3\/#primaryimage"},"image":{"@id":"https:\/\/www.estrategiaconcursos.com.br\/blog\/edital-crefito-3\/#primaryimage"},"thumbnailUrl":"https:\/\/dhg1h5j42swfq.cloudfront.net\/2019\/09\/30154634\/crefito-3.png","datePublished":"2019-12-13T03:00:50+00:00","dateModified":"2020-01-22T21:38:33+00:00","breadcrumb":{"@id":"https:\/\/www.estrategiaconcursos.com.br\/blog\/edital-crefito-3\/#breadcrumb"},"inLanguage":"pt-BR","potentialAction":[{"@type":"ReadAction","target":["https:\/\/www.estrategiaconcursos.com.br\/blog\/edital-crefito-3\/"]}]},{"@type":"ImageObject","inLanguage":"pt-BR","@id":"https:\/\/www.estrategiaconcursos.com.br\/blog\/edital-crefito-3\/#primaryimage","url":"https:\/\/dhg1h5j42swfq.cloudfront.net\/2019\/09\/30154634\/crefito-3.png","contentUrl":"https:\/\/dhg1h5j42swfq.cloudfront.net\/2019\/09\/30154634\/crefito-3.png","width":512,"height":289},{"@type":"BreadcrumbList","@id":"https:\/\/www.estrategiaconcursos.com.br\/blog\/edital-crefito-3\/#breadcrumb","itemListElement":[{"@type":"ListItem","position":1,"name":"In\u00edcio","item":"https:\/\/www.estrategiaconcursos.com.br\/blog\/"},{"@type":"ListItem","position":2,"name":"Edital CREFITO 3 SP: inscri\u00e7\u00f5es encerradas e provas para fevereiro!!"}]},{"@type":"WebSite","@id":"https:\/\/www.estrategiaconcursos.com.br\/blog\/#website","url":"https:\/\/www.estrategiaconcursos.com.br\/blog\/","name":"Estrat\u00e9gia Concursos","description":"O blog da Estrat\u00e9gia Concursos traz not\u00edcias sobre concursos e artigos de professores oferecendo cursos para concursos (pdf + videaulas) no site.","publisher":{"@id":"https:\/\/www.estrategiaconcursos.com.br\/blog\/#organization"},"potentialAction":[{"@type":"SearchAction","target":{"@type":"EntryPoint","urlTemplate":"https:\/\/www.estrategiaconcursos.com.br\/blog\/?s={search_term_string}"},"query-input":{"@type":"PropertyValueSpecification","valueRequired":true,"valueName":"search_term_string"}}],"inLanguage":"pt-BR"},{"@type":"Organization","@id":"https:\/\/www.estrategiaconcursos.com.br\/blog\/#organization","name":"Estrat\u00e9gia Concursos","url":"https:\/\/www.estrategiaconcursos.com.br\/blog\/","logo":{"@type":"ImageObject","inLanguage":"pt-BR","@id":"https:\/\/www.estrategiaconcursos.com.br\/blog\/#\/schema\/logo\/image\/","url":"https:\/\/dhg1h5j42swfq.cloudfront.net\/2025\/06\/03203428\/logo_concursos-1.jpg","contentUrl":"https:\/\/dhg1h5j42swfq.cloudfront.net\/2025\/06\/03203428\/logo_concursos-1.jpg","width":230,"height":60,"caption":"Estrat\u00e9gia Concursos"},"image":{"@id":"https:\/\/www.estrategiaconcursos.com.br\/blog\/#\/schema\/logo\/image\/"},"sameAs":["https:\/\/x.com\/EstratConcursos"]},{"@type":"Person","@id":"https:\/\/www.estrategiaconcursos.com.br\/blog\/#\/schema\/person\/59717c75350fa01aa0fd68a52a8d02e0","name":"Herbert Almeida","image":{"@type":"ImageObject","inLanguage":"pt-BR","@id":"https:\/\/secure.gravatar.com\/avatar\/b6461a43893c24d5fc91efc433971ffec025c84c0341129f4578034d77f9a536?s=96&d=mm&r=g","url":"https:\/\/secure.gravatar.com\/avatar\/b6461a43893c24d5fc91efc433971ffec025c84c0341129f4578034d77f9a536?s=96&d=mm&r=g","contentUrl":"https:\/\/secure.gravatar.com\/avatar\/b6461a43893c24d5fc91efc433971ffec025c84c0341129f4578034d77f9a536?s=96&d=mm&r=g","caption":"Herbert Almeida"},"url":"https:\/\/www.estrategiaconcursos.com.br\/blog\/author\/herbertestrategiaconcursos-com-br\/"}]}},"_links":{"self":[{"href":"https:\/\/www.estrategiaconcursos.com.br\/blog\/wp-json\/wp\/v2\/posts\/442375","targetHints":{"allow":["GET"]}}],"collection":[{"href":"https:\/\/www.estrategiaconcursos.com.br\/blog\/wp-json\/wp\/v2\/posts"}],"about":[{"href":"https:\/\/www.estrategiaconcursos.com.br\/blog\/wp-json\/wp\/v2\/types\/post"}],"author":[{"embeddable":true,"href":"https:\/\/www.estrategiaconcursos.com.br\/blog\/wp-json\/wp\/v2\/users\/129"}],"replies":[{"embeddable":true,"href":"https:\/\/www.estrategiaconcursos.com.br\/blog\/wp-json\/wp\/v2\/comments?post=442375"}],"version-history":[{"count":18,"href":"https:\/\/www.estrategiaconcursos.com.br\/blog\/wp-json\/wp\/v2\/posts\/442375\/revisions"}],"predecessor-version":[{"id":466102,"href":"https:\/\/www.estrategiaconcursos.com.br\/blog\/wp-json\/wp\/v2\/posts\/442375\/revisions\/466102"}],"wp:featuredmedia":[{"embeddable":true,"href":"https:\/\/www.estrategiaconcursos.com.br\/blog\/wp-json\/wp\/v2\/media\/428164"}],"wp:attachment":[{"href":"https:\/\/www.estrategiaconcursos.com.br\/blog\/wp-json\/wp\/v2\/media?parent=442375"}],"wp:term":[{"taxonomy":"category","embeddable":true,"href":"https:\/\/www.estrategiaconcursos.com.br\/blog\/wp-json\/wp\/v2\/categories?post=442375"},{"taxonomy":"post_tag","embeddable":true,"href":"https:\/\/www.estrategiaconcursos.com.br\/blog\/wp-json\/wp\/v2\/tags?post=442375"},{"taxonomy":"tax_estado","embeddable":true,"href":"https:\/\/www.estrategiaconcursos.com.br\/blog\/wp-json\/wp\/v2\/tax_estado?post=442375"}],"curies":[{"name":"wp","href":"https:\/\/api.w.org\/{rel}","templated":true}]}}