{"id":441906,"date":"2019-01-07T00:00:57","date_gmt":"2019-01-07T03:00:57","guid":{"rendered":"https:\/\/www.estrategiaconcursos.com.br\/blog\/?p=441906"},"modified":"2020-01-22T18:37:40","modified_gmt":"2020-01-22T21:37:40","slug":"edital-crefono5-go-df-saiu-edital","status":"publish","type":"post","link":"https:\/\/www.estrategiaconcursos.com.br\/blog\/edital-crefono5-go-df-saiu-edital\/","title":{"rendered":"Edital CREFONO5\/GO-DF: \u00f3rg\u00e3o encerra as inscri\u00e7\u00f5es do certame"},"content":{"rendered":"\n<p>As inscri\u00e7\u00f5es para o concurso CREFONO5\/GO-DF est\u00e3o encerradas. O <strong>certame<\/strong>  oferta 165 vagas no total divididas para  os cargos de <strong>Assistente Administrativo, Fonoaudi\u00f3logo Fiscal e Auxiliar Administrativo<\/strong>.<\/p>\n\n\n\n<p> As provas objetiva e discursiva ser\u00e3o realizadas no dia 9 de fevereiro de 2020. <\/p>\n\n\n\n<h2 class=\"wp-block-heading\" id=\"datas\">Principais datas <\/h2>\n\n\n\n<p class=\"has-background has-very-light-gray-background-color\"><strong><em>Inscri\u00e7\u00f5es &#8211; 30 de outubro a 9 de dezembro<br \/>Isen\u00e7\u00e3o da taxa &#8211; 30 de outubro a 5 de novembro<br \/>Provas &#8211; 9 de fevereiro de 2020 <\/em><\/strong><\/p>\n\n\n\n<h2 class=\"wp-block-heading\" id=\"cargos\">Cargos\/Vagas e sal\u00e1rio inicial <\/h2>\n\n\n\n<h3 class=\"wp-block-heading\">N\u00edvel M\u00e9dio<\/h3>\n\n\n\n<figure class=\"wp-block-table aligncenter is-style-stripes\"><table class=\"has-subtle-pale-green-background-color has-fixed-layout has-background\"><tbody><tr><td><strong>Cargos<\/strong><\/td><td><strong>Vagas <\/strong><\/td><td><strong>Remunera\u00e7\u00e3o<\/strong><\/td><\/tr><tr><td>Auxiliar Administrativo <\/td><td>25 CR<\/td><td>R$ 1.461,58 + benef\u00edcios <\/td><\/tr><tr><td>Auxiliar Administrativo <\/td><td>25 CR<\/td><td>R$ 1.461,58 + benef\u00edcios <\/td><\/tr><\/tbody><\/table><\/figure>\n\n\n\n<h3 class=\"wp-block-heading\">N\u00edvel Superior<\/h3>\n\n\n\n<figure class=\"wp-block-table aligncenter is-style-stripes\"><table class=\"has-subtle-pale-blue-background-color has-fixed-layout has-background\"><tbody><tr><td><strong>Cargos<\/strong><\/td><td><strong>Vagas<\/strong><\/td><td><strong>Remunera\u00e7\u00e3o<\/strong><\/td><\/tr><tr><td>Assistente Administrativo <\/td><td>25 CR<\/td><td>R$ 2.009,67 + benef\u00edcios <\/td><\/tr><tr><td>Assistente Administrativo <\/td><td>1 + 29 CR<\/td><td>R$ 2.009,67 + benef\u00edcios <\/td><\/tr><tr><td>Fonoaudi\u00f3logo Fiscal <\/td><td>1 + 29 CR<\/td><td>R$ 3.816,00 + benef\u00edcios <\/td><\/tr><tr><td>Fonoaudi\u00f3logo Fiscal <\/td><td>1 + 29 CR <\/td><td>R$ 3.816,00 + benef\u00edcios <\/td><\/tr><\/tbody><\/table><\/figure>\n\n\n\n<h2 class=\"wp-block-heading\" id=\"etapas\">Etapas de provas do concurso<\/h2>\n\n\n\n<p>As provas objetiva e discursiva ser\u00e3o aplicadas na data prov\u00e1vel de 09 de fevereiro de 2020, no turno da tarde, e ter\u00e3o a dura\u00e7\u00e3o de 3 horas e 30 minutos para os cargos de n\u00edvel m\u00e9dio e 4 horas para os cargos de n\u00edvel superior. <\/p>\n\n\n\n<h3 class=\"wp-block-heading\">Prova Objetiva<\/h3>\n\n\n\n<p>A prova objetiva, de car\u00e1ter eliminat\u00f3rio e classificat\u00f3rio, ser\u00e1 composta de 120 itens, valer\u00e1 120,00 pontos e avaliar\u00e1 as habilidades e os conhecimentos do candidato.<\/p>\n\n\n\n<p><em>Confira abaixo as disciplinas cobradas no certame<\/em>: <\/p>\n\n\n\n<div class=\"wp-block-image\"><figure class=\"aligncenter is-resized\"><img loading=\"lazy\" decoding=\"async\" src=\"https:\/\/dhg1h5j42swfq.cloudfront.net\/2019\/10\/30100412\/image172.png\" alt=\"\" class=\"wp-image-441900\" width=\"650\" height=\"167\" srcset=\"https:\/\/dhg1h5j42swfq.cloudfront.net\/2019\/10\/30100412\/image172.png 979w, https:\/\/dhg1h5j42swfq.cloudfront.net\/2019\/10\/30100412\/image172.png 300w, https:\/\/dhg1h5j42swfq.cloudfront.net\/2019\/10\/30100412\/image172.png 768w, https:\/\/dhg1h5j42swfq.cloudfront.net\/2019\/10\/30100412\/image172.png 610w\" sizes=\"auto, (max-width: 650px) 100vw, 650px\" \/><\/figure><\/div>\n\n\n\n<h3 class=\"wp-block-heading\">Prova Discursiva <\/h3>\n\n\n\n<p>A prova discursiva, de car\u00e1ter eliminat\u00f3rio e classificat\u00f3rio, ser\u00e1 aplicada, somente para os candidatos inscritos nos cargos de n\u00edvel superior, no mesmo dia e dentro dos prazos de dura\u00e7\u00e3o previstos para a realiza\u00e7\u00e3o da prova objetiva.<\/p>\n\n\n\n<p> O exame valer\u00e1 10,00 pontos. A prova consistir\u00e1 em reda\u00e7\u00e3o de texto dissertativo, de at\u00e9 30 linhas, acerca de tema baseado nos conhecimentos espec\u00edficos do respectivo cargo. <\/p>\n\n\n\n<p style=\"font-size:22px\" class=\"has-text-align-center\"><strong>Q<em>uer estudar para Concurso CREFONO5 GO-DF?<\/em><\/strong><\/p>\n\n\n\n<p class=\"has-text-align-center\"><em><strong>Gostou desta oportunidade e deseja come\u00e7ar se preparar agora mesmo? Ent\u00e3o, confira os nossos cursos e comece a estudar para CREFONO5\/ GO-DF:<\/strong><\/em><\/p>\n\n\n\n<p style=\"font-size:25px\" class=\"has-background has-text-align-center has-luminous-vivid-amber-background-color\"><strong><a href=\"https:\/\/www.estrategiaconcursos.com.br\/cursos\/concurso\/\" target=\"_blank\" rel=\"noreferrer noopener\" aria-label=\"Curso para concurso (abre numa nova aba)\">Curso para concurso<\/a><\/strong><\/p>\n\n\n\n<p style=\"font-size:21px\" class=\"has-text-align-center\"><em><strong>Assinatura Anual Ilimitada*<\/strong><\/em><\/p>\n\n\n\n<p class=\"has-text-align-center\"><em>Prepare-se com o melhor material e com quem mais aprova em Concursos P\u00fablicos em todo o pa\u00eds. Assine agora a nossa Assinatura Anual e tenha acesso ilimitado a todos os nossos cursos.<\/em><\/p>\n\n\n\n<p style=\"font-size:22px\" class=\"has-background has-text-align-center has-light-green-cyan-background-color\"><strong>ASSINE AGORA<\/strong>&nbsp;\u2013&nbsp;<a rel=\"noreferrer noopener\" href=\"https:\/\/www.estrategiaconcursos.com.br\/assinaturas\" target=\"_blank\">Assinatura Ilimitada<\/a><\/p>\n\n\n\n<p class=\"has-text-align-center\"><em><strong>Fique por dentro de todos os concursos<\/strong><\/em>:<\/p>\n\n\n\n<p style=\"font-size:23px\" class=\"has-background has-text-align-center has-pale-cyan-blue-background-color\"><strong><a href=\"https:\/\/www.estrategiaconcursos.com.br\/blog\/concursos-abertos\/\" target=\"_blank\" rel=\"noreferrer noopener\">Concursos abertos<\/a><\/strong><\/p>\n\n\n\n<p style=\"font-size:23px\" class=\"has-background has-text-align-center has-pale-cyan-blue-background-color\"><strong><a href=\"https:\/\/www.estrategiaconcursos.com.br\/blog\/concursos-2019\/\" target=\"_blank\" rel=\"noreferrer noopener\">Concursos 2019<\/a><\/strong><\/p>\n\n\n\n<p style=\"font-size:23px\" class=\"has-background has-text-align-center has-pale-cyan-blue-background-color\"><a rel=\"noreferrer noopener\" href=\"https:\/\/www.estrategiaconcursos.com.br\/blog\/concursos-2020\/\" target=\"_blank\"><strong>Concursos 2020<\/strong><\/a><\/p>\n\n\n\n<figure class=\"wp-block-image\"><img loading=\"lazy\" decoding=\"async\" width=\"300\" height=\"102\" src=\"https:\/\/dhg1h5j42swfq.cloudfront.net\/2017\/03\/28152500\/coruja-ficha-tecnica-300x102.png\" alt=\"Ficha t\u00e9cnica Concurso TJ PA\" class=\"wp-image-68542\"\/><\/figure>\n\n\n\n<h3 class=\"wp-block-heading\" id=\"ficha-tecnica\"><strong>\u2666Informa\u00e7\u00f5es do edital CREFONO 5<\/strong><\/h3>\n\n\n\n<p><strong>\u25baData da prova:&nbsp;<\/strong>9 de fevereiro de 2020<br \/><strong>\u25baVagas:&nbsp;<\/strong>165 <br \/><strong>\u25baCargo:&nbsp;<\/strong>Auxiliar Administrativo, Assistente Administrativo e Fonoaudi\u00f3logo Fiscal <br \/><strong>\u25baRequisito:&nbsp;<\/strong>N\u00edvel M\u00e9dio e Superior<br \/>\u25baBanca: Quadrix <br \/><strong>\u25baEdital:<\/strong> <a href=\"https:\/\/dhg1h5j42swfq.cloudfront.net\/2019\/10\/30101206\/1_CRFa-5_concurso_publico_2019_edital_1.pdf\">Edital CREFONO 5 <\/a><\/p>\n","protected":false},"excerpt":{"rendered":"<p>As inscri\u00e7\u00f5es para o concurso CREFONO5\/GO-DF est\u00e3o encerradas. O certame oferta 165 vagas no total divididas para os cargos de Assistente Administrativo, Fonoaudi\u00f3logo Fiscal e Auxiliar Administrativo. As provas objetiva e discursiva ser\u00e3o realizadas no dia 9 de fevereiro de 2020. Principais datas Inscri\u00e7\u00f5es &#8211; 30 de outubro a 9 de dezembroIsen\u00e7\u00e3o da taxa &#8211; [&hellip;]<\/p>\n","protected":false},"author":1276,"featured_media":441912,"comment_status":"open","ping_status":"closed","sticky":false,"template":"","format":"standard","meta":{"post_tipo":"article","footnotes":""},"categories":[1],"tags":[],"tax_estado":[],"class_list":["post-441906","post","type-post","status-publish","format-standard","has-post-thumbnail","hentry","category-cursos-e-concursos"],"acf":[],"yoast_head":"<!-- This site is optimized with the Yoast SEO Premium plugin v27.2 (Yoast SEO v27.2) - https:\/\/yoast.com\/product\/yoast-seo-premium-wordpress\/ -->\n<title>Edital CREFONO5\/GO-DF: \u00f3rg\u00e3o encerra as inscri\u00e7\u00f5es do certame<\/title>\n<meta name=\"robots\" content=\"index, follow, max-snippet:-1, max-image-preview:large, max-video-preview:-1\" \/>\n<link rel=\"canonical\" href=\"https:\/\/www.estrategiaconcursos.com.br\/blog\/edital-crefono5-go-df-saiu-edital\/\" \/>\n<meta property=\"og:locale\" content=\"pt_BR\" \/>\n<meta property=\"og:type\" content=\"article\" \/>\n<meta property=\"og:title\" content=\"Edital CREFONO5\/GO-DF: \u00f3rg\u00e3o encerra as inscri\u00e7\u00f5es do certame\" \/>\n<meta property=\"og:description\" content=\"As inscri\u00e7\u00f5es para o concurso CREFONO5\/GO-DF est\u00e3o encerradas. O certame oferta 165 vagas no total divididas para os cargos de Assistente Administrativo, Fonoaudi\u00f3logo Fiscal e Auxiliar Administrativo. As provas objetiva e discursiva ser\u00e3o realizadas no dia 9 de fevereiro de 2020. Principais datas Inscri\u00e7\u00f5es &#8211; 30 de outubro a 9 de dezembroIsen\u00e7\u00e3o da taxa &#8211; [&hellip;]\" \/>\n<meta property=\"og:url\" content=\"https:\/\/www.estrategiaconcursos.com.br\/blog\/edital-crefono5-go-df-saiu-edital\/\" \/>\n<meta property=\"og:site_name\" content=\"Estrat\u00e9gia Concursos\" \/>\n<meta property=\"article:published_time\" content=\"2019-01-07T03:00:57+00:00\" \/>\n<meta property=\"article:modified_time\" content=\"2020-01-22T21:37:40+00:00\" \/>\n<meta property=\"og:image\" content=\"https:\/\/dhg1h5j42swfq.cloudfront.net\/2019\/10\/30101646\/crefono.png\" \/>\n\t<meta property=\"og:image:width\" content=\"310\" \/>\n\t<meta property=\"og:image:height\" content=\"163\" \/>\n\t<meta property=\"og:image:type\" content=\"image\/png\" \/>\n<meta name=\"author\" content=\"Victor Shinichi Tanaka\" \/>\n<meta name=\"twitter:card\" content=\"summary_large_image\" \/>\n<meta name=\"twitter:creator\" content=\"@EstratConcursos\" \/>\n<meta name=\"twitter:site\" content=\"@EstratConcursos\" \/>\n<meta name=\"twitter:label1\" content=\"Escrito por\" \/>\n\t<meta name=\"twitter:data1\" content=\"Victor Shinichi Tanaka\" \/>\n\t<meta name=\"twitter:label2\" content=\"Est. tempo de leitura\" \/>\n\t<meta name=\"twitter:data2\" content=\"2 minutos\" \/>\n<script type=\"application\/ld+json\" class=\"yoast-schema-graph\">{\"@context\":\"https:\/\/schema.org\",\"@graph\":[{\"@type\":\"NewsArticle\",\"@id\":\"https:\/\/www.estrategiaconcursos.com.br\/blog\/edital-crefono5-go-df-saiu-edital\/#article\",\"isPartOf\":{\"@id\":\"https:\/\/www.estrategiaconcursos.com.br\/blog\/edital-crefono5-go-df-saiu-edital\/\"},\"author\":{\"name\":\"Victor Shinichi Tanaka\",\"@id\":\"https:\/\/www.estrategiaconcursos.com.br\/blog\/#\/schema\/person\/602a4eaf2bed921c107675da3a65b0e0\"},\"headline\":\"Edital CREFONO5\/GO-DF: \u00f3rg\u00e3o encerra as inscri\u00e7\u00f5es do certame\",\"datePublished\":\"2019-01-07T03:00:57+00:00\",\"dateModified\":\"2020-01-22T21:37:40+00:00\",\"mainEntityOfPage\":{\"@id\":\"https:\/\/www.estrategiaconcursos.com.br\/blog\/edital-crefono5-go-df-saiu-edital\/\"},\"wordCount\":418,\"commentCount\":0,\"publisher\":{\"@id\":\"https:\/\/www.estrategiaconcursos.com.br\/blog\/#organization\"},\"image\":{\"@id\":\"https:\/\/www.estrategiaconcursos.com.br\/blog\/edital-crefono5-go-df-saiu-edital\/#primaryimage\"},\"thumbnailUrl\":\"https:\/\/dhg1h5j42swfq.cloudfront.net\/2019\/10\/30101646\/crefono.png\",\"articleSection\":[\"Concursos P\u00fablicos\"],\"inLanguage\":\"pt-BR\",\"potentialAction\":[{\"@type\":\"CommentAction\",\"name\":\"Comment\",\"target\":[\"https:\/\/www.estrategiaconcursos.com.br\/blog\/edital-crefono5-go-df-saiu-edital\/#respond\"]}],\"copyrightYear\":\"2019\",\"copyrightHolder\":{\"@id\":\"https:\/\/www.estrategiaconcursos.com.br\/blog\/#organization\"}},{\"@type\":\"WebPage\",\"@id\":\"https:\/\/www.estrategiaconcursos.com.br\/blog\/edital-crefono5-go-df-saiu-edital\/\",\"url\":\"https:\/\/www.estrategiaconcursos.com.br\/blog\/edital-crefono5-go-df-saiu-edital\/\",\"name\":\"Edital CREFONO5\/GO-DF: \u00f3rg\u00e3o encerra as inscri\u00e7\u00f5es do certame\",\"isPartOf\":{\"@id\":\"https:\/\/www.estrategiaconcursos.com.br\/blog\/#website\"},\"primaryImageOfPage\":{\"@id\":\"https:\/\/www.estrategiaconcursos.com.br\/blog\/edital-crefono5-go-df-saiu-edital\/#primaryimage\"},\"image\":{\"@id\":\"https:\/\/www.estrategiaconcursos.com.br\/blog\/edital-crefono5-go-df-saiu-edital\/#primaryimage\"},\"thumbnailUrl\":\"https:\/\/dhg1h5j42swfq.cloudfront.net\/2019\/10\/30101646\/crefono.png\",\"datePublished\":\"2019-01-07T03:00:57+00:00\",\"dateModified\":\"2020-01-22T21:37:40+00:00\",\"breadcrumb\":{\"@id\":\"https:\/\/www.estrategiaconcursos.com.br\/blog\/edital-crefono5-go-df-saiu-edital\/#breadcrumb\"},\"inLanguage\":\"pt-BR\",\"potentialAction\":[{\"@type\":\"ReadAction\",\"target\":[\"https:\/\/www.estrategiaconcursos.com.br\/blog\/edital-crefono5-go-df-saiu-edital\/\"]}]},{\"@type\":\"ImageObject\",\"inLanguage\":\"pt-BR\",\"@id\":\"https:\/\/www.estrategiaconcursos.com.br\/blog\/edital-crefono5-go-df-saiu-edital\/#primaryimage\",\"url\":\"https:\/\/dhg1h5j42swfq.cloudfront.net\/2019\/10\/30101646\/crefono.png\",\"contentUrl\":\"https:\/\/dhg1h5j42swfq.cloudfront.net\/2019\/10\/30101646\/crefono.png\",\"width\":310,\"height\":163,\"caption\":\"crefono 5\"},{\"@type\":\"BreadcrumbList\",\"@id\":\"https:\/\/www.estrategiaconcursos.com.br\/blog\/edital-crefono5-go-df-saiu-edital\/#breadcrumb\",\"itemListElement\":[{\"@type\":\"ListItem\",\"position\":1,\"name\":\"In\u00edcio\",\"item\":\"https:\/\/www.estrategiaconcursos.com.br\/blog\/\"},{\"@type\":\"ListItem\",\"position\":2,\"name\":\"Edital CREFONO5\/GO-DF: \u00f3rg\u00e3o encerra as inscri\u00e7\u00f5es do certame\"}]},{\"@type\":\"WebSite\",\"@id\":\"https:\/\/www.estrategiaconcursos.com.br\/blog\/#website\",\"url\":\"https:\/\/www.estrategiaconcursos.com.br\/blog\/\",\"name\":\"Estrat\u00e9gia Concursos\",\"description\":\"O blog da Estrat\u00e9gia Concursos traz not\u00edcias sobre concursos e artigos de professores oferecendo cursos para concursos (pdf + videaulas) no site.\",\"publisher\":{\"@id\":\"https:\/\/www.estrategiaconcursos.com.br\/blog\/#organization\"},\"potentialAction\":[{\"@type\":\"SearchAction\",\"target\":{\"@type\":\"EntryPoint\",\"urlTemplate\":\"https:\/\/www.estrategiaconcursos.com.br\/blog\/?s={search_term_string}\"},\"query-input\":{\"@type\":\"PropertyValueSpecification\",\"valueRequired\":true,\"valueName\":\"search_term_string\"}}],\"inLanguage\":\"pt-BR\"},{\"@type\":\"Organization\",\"@id\":\"https:\/\/www.estrategiaconcursos.com.br\/blog\/#organization\",\"name\":\"Estrat\u00e9gia Concursos\",\"url\":\"https:\/\/www.estrategiaconcursos.com.br\/blog\/\",\"logo\":{\"@type\":\"ImageObject\",\"inLanguage\":\"pt-BR\",\"@id\":\"https:\/\/www.estrategiaconcursos.com.br\/blog\/#\/schema\/logo\/image\/\",\"url\":\"https:\/\/dhg1h5j42swfq.cloudfront.net\/2025\/06\/03203428\/logo_concursos-1.jpg\",\"contentUrl\":\"https:\/\/dhg1h5j42swfq.cloudfront.net\/2025\/06\/03203428\/logo_concursos-1.jpg\",\"width\":230,\"height\":60,\"caption\":\"Estrat\u00e9gia Concursos\"},\"image\":{\"@id\":\"https:\/\/www.estrategiaconcursos.com.br\/blog\/#\/schema\/logo\/image\/\"},\"sameAs\":[\"https:\/\/x.com\/EstratConcursos\"]},{\"@type\":\"Person\",\"@id\":\"https:\/\/www.estrategiaconcursos.com.br\/blog\/#\/schema\/person\/602a4eaf2bed921c107675da3a65b0e0\",\"name\":\"Victor Shinichi Tanaka\",\"image\":{\"@type\":\"ImageObject\",\"inLanguage\":\"pt-BR\",\"@id\":\"https:\/\/secure.gravatar.com\/avatar\/3772723eea77b2e6a2231e357d6339c6c129c6fb65cda4d02d0f3ca700221333?s=96&d=mm&r=g\",\"url\":\"https:\/\/secure.gravatar.com\/avatar\/3772723eea77b2e6a2231e357d6339c6c129c6fb65cda4d02d0f3ca700221333?s=96&d=mm&r=g\",\"contentUrl\":\"https:\/\/secure.gravatar.com\/avatar\/3772723eea77b2e6a2231e357d6339c6c129c6fb65cda4d02d0f3ca700221333?s=96&d=mm&r=g\",\"caption\":\"Victor Shinichi Tanaka\"},\"url\":\"https:\/\/www.estrategiaconcursos.com.br\/blog\/author\/victorstanakagmail-com\/\"}]}<\/script>\n<!-- \/ Yoast SEO Premium plugin. -->","yoast_head_json":{"title":"Edital CREFONO5\/GO-DF: \u00f3rg\u00e3o encerra as inscri\u00e7\u00f5es do certame","robots":{"index":"index","follow":"follow","max-snippet":"max-snippet:-1","max-image-preview":"max-image-preview:large","max-video-preview":"max-video-preview:-1"},"canonical":"https:\/\/www.estrategiaconcursos.com.br\/blog\/edital-crefono5-go-df-saiu-edital\/","og_locale":"pt_BR","og_type":"article","og_title":"Edital CREFONO5\/GO-DF: \u00f3rg\u00e3o encerra as inscri\u00e7\u00f5es do certame","og_description":"As inscri\u00e7\u00f5es para o concurso CREFONO5\/GO-DF est\u00e3o encerradas. O certame oferta 165 vagas no total divididas para os cargos de Assistente Administrativo, Fonoaudi\u00f3logo Fiscal e Auxiliar Administrativo. As provas objetiva e discursiva ser\u00e3o realizadas no dia 9 de fevereiro de 2020. Principais datas Inscri\u00e7\u00f5es &#8211; 30 de outubro a 9 de dezembroIsen\u00e7\u00e3o da taxa &#8211; [&hellip;]","og_url":"https:\/\/www.estrategiaconcursos.com.br\/blog\/edital-crefono5-go-df-saiu-edital\/","og_site_name":"Estrat\u00e9gia Concursos","article_published_time":"2019-01-07T03:00:57+00:00","article_modified_time":"2020-01-22T21:37:40+00:00","og_image":[{"width":310,"height":163,"url":"https:\/\/dhg1h5j42swfq.cloudfront.net\/2019\/10\/30101646\/crefono.png","type":"image\/png"}],"author":"Victor Shinichi Tanaka","twitter_card":"summary_large_image","twitter_creator":"@EstratConcursos","twitter_site":"@EstratConcursos","twitter_misc":{"Escrito por":"Victor Shinichi Tanaka","Est. tempo de leitura":"2 minutos"},"schema":{"@context":"https:\/\/schema.org","@graph":[{"@type":"NewsArticle","@id":"https:\/\/www.estrategiaconcursos.com.br\/blog\/edital-crefono5-go-df-saiu-edital\/#article","isPartOf":{"@id":"https:\/\/www.estrategiaconcursos.com.br\/blog\/edital-crefono5-go-df-saiu-edital\/"},"author":{"name":"Victor Shinichi Tanaka","@id":"https:\/\/www.estrategiaconcursos.com.br\/blog\/#\/schema\/person\/602a4eaf2bed921c107675da3a65b0e0"},"headline":"Edital CREFONO5\/GO-DF: \u00f3rg\u00e3o encerra as inscri\u00e7\u00f5es do certame","datePublished":"2019-01-07T03:00:57+00:00","dateModified":"2020-01-22T21:37:40+00:00","mainEntityOfPage":{"@id":"https:\/\/www.estrategiaconcursos.com.br\/blog\/edital-crefono5-go-df-saiu-edital\/"},"wordCount":418,"commentCount":0,"publisher":{"@id":"https:\/\/www.estrategiaconcursos.com.br\/blog\/#organization"},"image":{"@id":"https:\/\/www.estrategiaconcursos.com.br\/blog\/edital-crefono5-go-df-saiu-edital\/#primaryimage"},"thumbnailUrl":"https:\/\/dhg1h5j42swfq.cloudfront.net\/2019\/10\/30101646\/crefono.png","articleSection":["Concursos P\u00fablicos"],"inLanguage":"pt-BR","potentialAction":[{"@type":"CommentAction","name":"Comment","target":["https:\/\/www.estrategiaconcursos.com.br\/blog\/edital-crefono5-go-df-saiu-edital\/#respond"]}],"copyrightYear":"2019","copyrightHolder":{"@id":"https:\/\/www.estrategiaconcursos.com.br\/blog\/#organization"}},{"@type":"WebPage","@id":"https:\/\/www.estrategiaconcursos.com.br\/blog\/edital-crefono5-go-df-saiu-edital\/","url":"https:\/\/www.estrategiaconcursos.com.br\/blog\/edital-crefono5-go-df-saiu-edital\/","name":"Edital CREFONO5\/GO-DF: \u00f3rg\u00e3o encerra as inscri\u00e7\u00f5es do certame","isPartOf":{"@id":"https:\/\/www.estrategiaconcursos.com.br\/blog\/#website"},"primaryImageOfPage":{"@id":"https:\/\/www.estrategiaconcursos.com.br\/blog\/edital-crefono5-go-df-saiu-edital\/#primaryimage"},"image":{"@id":"https:\/\/www.estrategiaconcursos.com.br\/blog\/edital-crefono5-go-df-saiu-edital\/#primaryimage"},"thumbnailUrl":"https:\/\/dhg1h5j42swfq.cloudfront.net\/2019\/10\/30101646\/crefono.png","datePublished":"2019-01-07T03:00:57+00:00","dateModified":"2020-01-22T21:37:40+00:00","breadcrumb":{"@id":"https:\/\/www.estrategiaconcursos.com.br\/blog\/edital-crefono5-go-df-saiu-edital\/#breadcrumb"},"inLanguage":"pt-BR","potentialAction":[{"@type":"ReadAction","target":["https:\/\/www.estrategiaconcursos.com.br\/blog\/edital-crefono5-go-df-saiu-edital\/"]}]},{"@type":"ImageObject","inLanguage":"pt-BR","@id":"https:\/\/www.estrategiaconcursos.com.br\/blog\/edital-crefono5-go-df-saiu-edital\/#primaryimage","url":"https:\/\/dhg1h5j42swfq.cloudfront.net\/2019\/10\/30101646\/crefono.png","contentUrl":"https:\/\/dhg1h5j42swfq.cloudfront.net\/2019\/10\/30101646\/crefono.png","width":310,"height":163,"caption":"crefono 5"},{"@type":"BreadcrumbList","@id":"https:\/\/www.estrategiaconcursos.com.br\/blog\/edital-crefono5-go-df-saiu-edital\/#breadcrumb","itemListElement":[{"@type":"ListItem","position":1,"name":"In\u00edcio","item":"https:\/\/www.estrategiaconcursos.com.br\/blog\/"},{"@type":"ListItem","position":2,"name":"Edital CREFONO5\/GO-DF: \u00f3rg\u00e3o encerra as inscri\u00e7\u00f5es do certame"}]},{"@type":"WebSite","@id":"https:\/\/www.estrategiaconcursos.com.br\/blog\/#website","url":"https:\/\/www.estrategiaconcursos.com.br\/blog\/","name":"Estrat\u00e9gia Concursos","description":"O blog da Estrat\u00e9gia Concursos traz not\u00edcias sobre concursos e artigos de professores oferecendo cursos para concursos (pdf + videaulas) no site.","publisher":{"@id":"https:\/\/www.estrategiaconcursos.com.br\/blog\/#organization"},"potentialAction":[{"@type":"SearchAction","target":{"@type":"EntryPoint","urlTemplate":"https:\/\/www.estrategiaconcursos.com.br\/blog\/?s={search_term_string}"},"query-input":{"@type":"PropertyValueSpecification","valueRequired":true,"valueName":"search_term_string"}}],"inLanguage":"pt-BR"},{"@type":"Organization","@id":"https:\/\/www.estrategiaconcursos.com.br\/blog\/#organization","name":"Estrat\u00e9gia Concursos","url":"https:\/\/www.estrategiaconcursos.com.br\/blog\/","logo":{"@type":"ImageObject","inLanguage":"pt-BR","@id":"https:\/\/www.estrategiaconcursos.com.br\/blog\/#\/schema\/logo\/image\/","url":"https:\/\/dhg1h5j42swfq.cloudfront.net\/2025\/06\/03203428\/logo_concursos-1.jpg","contentUrl":"https:\/\/dhg1h5j42swfq.cloudfront.net\/2025\/06\/03203428\/logo_concursos-1.jpg","width":230,"height":60,"caption":"Estrat\u00e9gia Concursos"},"image":{"@id":"https:\/\/www.estrategiaconcursos.com.br\/blog\/#\/schema\/logo\/image\/"},"sameAs":["https:\/\/x.com\/EstratConcursos"]},{"@type":"Person","@id":"https:\/\/www.estrategiaconcursos.com.br\/blog\/#\/schema\/person\/602a4eaf2bed921c107675da3a65b0e0","name":"Victor Shinichi Tanaka","image":{"@type":"ImageObject","inLanguage":"pt-BR","@id":"https:\/\/secure.gravatar.com\/avatar\/3772723eea77b2e6a2231e357d6339c6c129c6fb65cda4d02d0f3ca700221333?s=96&d=mm&r=g","url":"https:\/\/secure.gravatar.com\/avatar\/3772723eea77b2e6a2231e357d6339c6c129c6fb65cda4d02d0f3ca700221333?s=96&d=mm&r=g","contentUrl":"https:\/\/secure.gravatar.com\/avatar\/3772723eea77b2e6a2231e357d6339c6c129c6fb65cda4d02d0f3ca700221333?s=96&d=mm&r=g","caption":"Victor Shinichi Tanaka"},"url":"https:\/\/www.estrategiaconcursos.com.br\/blog\/author\/victorstanakagmail-com\/"}]}},"_links":{"self":[{"href":"https:\/\/www.estrategiaconcursos.com.br\/blog\/wp-json\/wp\/v2\/posts\/441906","targetHints":{"allow":["GET"]}}],"collection":[{"href":"https:\/\/www.estrategiaconcursos.com.br\/blog\/wp-json\/wp\/v2\/posts"}],"about":[{"href":"https:\/\/www.estrategiaconcursos.com.br\/blog\/wp-json\/wp\/v2\/types\/post"}],"author":[{"embeddable":true,"href":"https:\/\/www.estrategiaconcursos.com.br\/blog\/wp-json\/wp\/v2\/users\/1276"}],"replies":[{"embeddable":true,"href":"https:\/\/www.estrategiaconcursos.com.br\/blog\/wp-json\/wp\/v2\/comments?post=441906"}],"version-history":[{"count":8,"href":"https:\/\/www.estrategiaconcursos.com.br\/blog\/wp-json\/wp\/v2\/posts\/441906\/revisions"}],"predecessor-version":[{"id":467551,"href":"https:\/\/www.estrategiaconcursos.com.br\/blog\/wp-json\/wp\/v2\/posts\/441906\/revisions\/467551"}],"wp:featuredmedia":[{"embeddable":true,"href":"https:\/\/www.estrategiaconcursos.com.br\/blog\/wp-json\/wp\/v2\/media\/441912"}],"wp:attachment":[{"href":"https:\/\/www.estrategiaconcursos.com.br\/blog\/wp-json\/wp\/v2\/media?parent=441906"}],"wp:term":[{"taxonomy":"category","embeddable":true,"href":"https:\/\/www.estrategiaconcursos.com.br\/blog\/wp-json\/wp\/v2\/categories?post=441906"},{"taxonomy":"post_tag","embeddable":true,"href":"https:\/\/www.estrategiaconcursos.com.br\/blog\/wp-json\/wp\/v2\/tags?post=441906"},{"taxonomy":"tax_estado","embeddable":true,"href":"https:\/\/www.estrategiaconcursos.com.br\/blog\/wp-json\/wp\/v2\/tax_estado?post=441906"}],"curies":[{"name":"wp","href":"https:\/\/api.w.org\/{rel}","templated":true}]}}