{"id":441719,"date":"2019-10-29T19:27:29","date_gmt":"2019-10-29T22:27:29","guid":{"rendered":"https:\/\/www.estrategiaconcursos.com.br\/blog\/?p=441719"},"modified":"2019-10-29T19:27:50","modified_gmt":"2019-10-29T22:27:50","slug":"crea-mg-prova-comentada-direito-administrativo-fiscal-nivel-superior","status":"publish","type":"post","link":"https:\/\/www.estrategiaconcursos.com.br\/blog\/crea-mg-prova-comentada-direito-administrativo-fiscal-nivel-superior\/","title":{"rendered":"CREA-MG &#8211; prova comentada &#8211; Direito Administrativo &#8211; fiscal n\u00edvel superior"},"content":{"rendered":"\n<p>Ol\u00e1, pessoal, tudo bem? :)<\/p>\n\n\n\n<p>Aqui \u00e9 o Prof. Antonio Daud e hoje estou passando aqui para comentar a prova do concurso do\u00a0<strong>CREA-MG<\/strong>, aplicada neste domingo pela <strong>banca IUDS<\/strong>. Neste artigo estamos comentado a prova de <strong>fiscal &#8211; n\u00edvel superior<\/strong>.<\/p>\n\n\n\n<p>Espero que tenham se sa\u00eddo bem! <\/p>\n\n\n\n<p>A prova apresentou algumas quest\u00f5es bastante pol\u00eamicas, motivo pelo qual estamos sugerindo a interposi\u00e7\u00e3o de recursos nas quest\u00f5es 21, 23 e 28.<\/p>\n\n\n\n<p>De toda forma, continuamos \u00e0 disposi\u00e7\u00e3o para eventuais d\u00favidas ou questionamentos por meio das nossas<a href=\"https:\/\/www.instagram.com\/professordaud\/?hl=en\">\u00a0redes sociais<\/a>.<\/p>\n\n\n\n<p>Obrigado a todos que nos encaminharam fotos das quest\u00f5es =)<\/p>\n\n\n\n<p>Seguem abaixo as quest\u00f5es de <strong>n\u00edvel superior<\/strong>, fiscal:<\/p>\n\n\n\n<p> <\/p>\n\n\n\n<figure class=\"wp-block-embed-slideshare wp-block-embed is-type-rich is-provider-slideshare [slideshare id=188346209&amp;doc=iuds-crea-mg-fiscal-191029220715&amp;type=d]\"><div class=\"wp-block-embed__wrapper\">\n<iframe loading=\"lazy\" title=\"Iuds   crea-mg - fiscal\" src=\"https:\/\/www.slideshare.net\/slideshow\/embed_code\/key\/oONbjIWlfJBt8I\" width=\"479\" height=\"511\" frameborder=\"0\" marginwidth=\"0\" marginheight=\"0\" scrolling=\"no\" style=\"border:1px solid #CCC; border-width:1px; margin-bottom:5px; max-width: 100%;\" allowfullscreen> <\/iframe> <div style=\"margin-bottom:5px\"> <strong> <a href=\"https:\/\/pt.slideshare.net\/ProfAntonioDaud\/iuds-creamg-fiscal\" title=\"Iuds crea-mg - fiscal\" target=\"_blank\">Iuds crea-mg &#8211; fiscal<\/a> <\/strong> from <strong><a href=\"https:\/\/www.slideshare.net\/ProfAntonioDaud\" target=\"_blank\">Prof. Antonio Daud Jr<\/a><\/strong> <\/div>\n<\/div><\/figure>\n","protected":false},"excerpt":{"rendered":"<p>Ol\u00e1, pessoal, tudo bem? :) Aqui \u00e9 o Prof. Antonio Daud e hoje estou passando aqui para comentar a prova do concurso do\u00a0CREA-MG, aplicada neste domingo pela banca IUDS. Neste artigo estamos comentado a prova de fiscal &#8211; n\u00edvel superior. Espero que tenham se sa\u00eddo bem! A prova apresentou algumas quest\u00f5es bastante pol\u00eamicas, motivo pelo [&hellip;]<\/p>\n","protected":false},"author":135,"featured_media":0,"comment_status":"open","ping_status":"closed","sticky":false,"template":"","format":"standard","meta":{"post_tipo":"article","footnotes":""},"categories":[1],"tags":[],"tax_estado":[],"class_list":["post-441719","post","type-post","status-publish","format-standard","hentry","category-cursos-e-concursos"],"acf":[],"yoast_head":"<!-- This site is optimized with the Yoast SEO Premium plugin v27.2 (Yoast SEO v27.2) - https:\/\/yoast.com\/product\/yoast-seo-premium-wordpress\/ -->\n<title>CREA-MG - prova comentada - Direito Administrativo - fiscal n\u00edvel superior<\/title>\n<meta name=\"robots\" content=\"index, follow, max-snippet:-1, max-image-preview:large, max-video-preview:-1\" \/>\n<link rel=\"canonical\" href=\"https:\/\/www.estrategiaconcursos.com.br\/blog\/crea-mg-prova-comentada-direito-administrativo-fiscal-nivel-superior\/\" \/>\n<meta property=\"og:locale\" content=\"pt_BR\" \/>\n<meta property=\"og:type\" content=\"article\" \/>\n<meta property=\"og:title\" content=\"CREA-MG - prova comentada - Direito Administrativo - fiscal n\u00edvel superior\" \/>\n<meta property=\"og:description\" content=\"Ol\u00e1, pessoal, tudo bem? :) Aqui \u00e9 o Prof. Antonio Daud e hoje estou passando aqui para comentar a prova do concurso do\u00a0CREA-MG, aplicada neste domingo pela banca IUDS. Neste artigo estamos comentado a prova de fiscal &#8211; n\u00edvel superior. Espero que tenham se sa\u00eddo bem! A prova apresentou algumas quest\u00f5es bastante pol\u00eamicas, motivo pelo [&hellip;]\" \/>\n<meta property=\"og:url\" content=\"https:\/\/www.estrategiaconcursos.com.br\/blog\/crea-mg-prova-comentada-direito-administrativo-fiscal-nivel-superior\/\" \/>\n<meta property=\"og:site_name\" content=\"Estrat\u00e9gia Concursos\" \/>\n<meta property=\"article:published_time\" content=\"2019-10-29T22:27:29+00:00\" \/>\n<meta property=\"article:modified_time\" content=\"2019-10-29T22:27:50+00:00\" \/>\n<meta name=\"author\" content=\"Antonio Daud\" \/>\n<meta name=\"twitter:card\" content=\"summary_large_image\" \/>\n<meta name=\"twitter:creator\" content=\"@EstratConcursos\" \/>\n<meta name=\"twitter:site\" content=\"@EstratConcursos\" \/>\n<meta name=\"twitter:label1\" content=\"Escrito por\" \/>\n\t<meta name=\"twitter:data1\" content=\"Antonio Daud\" \/>\n\t<meta name=\"twitter:label2\" content=\"Est. tempo de leitura\" \/>\n\t<meta name=\"twitter:data2\" content=\"1 minuto\" \/>\n<script type=\"application\/ld+json\" class=\"yoast-schema-graph\">{\"@context\":\"https:\/\/schema.org\",\"@graph\":[{\"@type\":\"NewsArticle\",\"@id\":\"https:\/\/www.estrategiaconcursos.com.br\/blog\/crea-mg-prova-comentada-direito-administrativo-fiscal-nivel-superior\/#article\",\"isPartOf\":{\"@id\":\"https:\/\/www.estrategiaconcursos.com.br\/blog\/crea-mg-prova-comentada-direito-administrativo-fiscal-nivel-superior\/\"},\"author\":{\"name\":\"Antonio Daud\",\"@id\":\"https:\/\/www.estrategiaconcursos.com.br\/blog\/#\/schema\/person\/90692507130b147bb9128fc093141dad\"},\"headline\":\"CREA-MG &#8211; prova comentada &#8211; Direito Administrativo &#8211; fiscal n\u00edvel superior\",\"datePublished\":\"2019-10-29T22:27:29+00:00\",\"dateModified\":\"2019-10-29T22:27:50+00:00\",\"mainEntityOfPage\":{\"@id\":\"https:\/\/www.estrategiaconcursos.com.br\/blog\/crea-mg-prova-comentada-direito-administrativo-fiscal-nivel-superior\/\"},\"wordCount\":126,\"commentCount\":2,\"publisher\":{\"@id\":\"https:\/\/www.estrategiaconcursos.com.br\/blog\/#organization\"},\"articleSection\":[\"Concursos P\u00fablicos\"],\"inLanguage\":\"pt-BR\",\"potentialAction\":[{\"@type\":\"CommentAction\",\"name\":\"Comment\",\"target\":[\"https:\/\/www.estrategiaconcursos.com.br\/blog\/crea-mg-prova-comentada-direito-administrativo-fiscal-nivel-superior\/#respond\"]}],\"copyrightYear\":\"2019\",\"copyrightHolder\":{\"@id\":\"https:\/\/www.estrategiaconcursos.com.br\/blog\/#organization\"}},{\"@type\":\"WebPage\",\"@id\":\"https:\/\/www.estrategiaconcursos.com.br\/blog\/crea-mg-prova-comentada-direito-administrativo-fiscal-nivel-superior\/\",\"url\":\"https:\/\/www.estrategiaconcursos.com.br\/blog\/crea-mg-prova-comentada-direito-administrativo-fiscal-nivel-superior\/\",\"name\":\"CREA-MG - prova comentada - Direito Administrativo - fiscal n\u00edvel superior\",\"isPartOf\":{\"@id\":\"https:\/\/www.estrategiaconcursos.com.br\/blog\/#website\"},\"datePublished\":\"2019-10-29T22:27:29+00:00\",\"dateModified\":\"2019-10-29T22:27:50+00:00\",\"breadcrumb\":{\"@id\":\"https:\/\/www.estrategiaconcursos.com.br\/blog\/crea-mg-prova-comentada-direito-administrativo-fiscal-nivel-superior\/#breadcrumb\"},\"inLanguage\":\"pt-BR\",\"potentialAction\":[{\"@type\":\"ReadAction\",\"target\":[\"https:\/\/www.estrategiaconcursos.com.br\/blog\/crea-mg-prova-comentada-direito-administrativo-fiscal-nivel-superior\/\"]}]},{\"@type\":\"BreadcrumbList\",\"@id\":\"https:\/\/www.estrategiaconcursos.com.br\/blog\/crea-mg-prova-comentada-direito-administrativo-fiscal-nivel-superior\/#breadcrumb\",\"itemListElement\":[{\"@type\":\"ListItem\",\"position\":1,\"name\":\"In\u00edcio\",\"item\":\"https:\/\/www.estrategiaconcursos.com.br\/blog\/\"},{\"@type\":\"ListItem\",\"position\":2,\"name\":\"CREA-MG &#8211; prova comentada &#8211; Direito Administrativo &#8211; fiscal n\u00edvel superior\"}]},{\"@type\":\"WebSite\",\"@id\":\"https:\/\/www.estrategiaconcursos.com.br\/blog\/#website\",\"url\":\"https:\/\/www.estrategiaconcursos.com.br\/blog\/\",\"name\":\"Estrat\u00e9gia Concursos\",\"description\":\"O blog da Estrat\u00e9gia Concursos traz not\u00edcias sobre concursos e artigos de professores oferecendo cursos para concursos (pdf + videaulas) no site.\",\"publisher\":{\"@id\":\"https:\/\/www.estrategiaconcursos.com.br\/blog\/#organization\"},\"potentialAction\":[{\"@type\":\"SearchAction\",\"target\":{\"@type\":\"EntryPoint\",\"urlTemplate\":\"https:\/\/www.estrategiaconcursos.com.br\/blog\/?s={search_term_string}\"},\"query-input\":{\"@type\":\"PropertyValueSpecification\",\"valueRequired\":true,\"valueName\":\"search_term_string\"}}],\"inLanguage\":\"pt-BR\"},{\"@type\":\"Organization\",\"@id\":\"https:\/\/www.estrategiaconcursos.com.br\/blog\/#organization\",\"name\":\"Estrat\u00e9gia Concursos\",\"url\":\"https:\/\/www.estrategiaconcursos.com.br\/blog\/\",\"logo\":{\"@type\":\"ImageObject\",\"inLanguage\":\"pt-BR\",\"@id\":\"https:\/\/www.estrategiaconcursos.com.br\/blog\/#\/schema\/logo\/image\/\",\"url\":\"https:\/\/dhg1h5j42swfq.cloudfront.net\/2025\/06\/03203428\/logo_concursos-1.jpg\",\"contentUrl\":\"https:\/\/dhg1h5j42swfq.cloudfront.net\/2025\/06\/03203428\/logo_concursos-1.jpg\",\"width\":230,\"height\":60,\"caption\":\"Estrat\u00e9gia Concursos\"},\"image\":{\"@id\":\"https:\/\/www.estrategiaconcursos.com.br\/blog\/#\/schema\/logo\/image\/\"},\"sameAs\":[\"https:\/\/x.com\/EstratConcursos\"]},{\"@type\":\"Person\",\"@id\":\"https:\/\/www.estrategiaconcursos.com.br\/blog\/#\/schema\/person\/90692507130b147bb9128fc093141dad\",\"name\":\"Antonio Daud\",\"image\":{\"@type\":\"ImageObject\",\"inLanguage\":\"pt-BR\",\"@id\":\"https:\/\/secure.gravatar.com\/avatar\/9a6539d0d807c3d7c2aaa709166f9aa9824103126593f30916973bcaedf16896?s=96&d=mm&r=g\",\"url\":\"https:\/\/secure.gravatar.com\/avatar\/9a6539d0d807c3d7c2aaa709166f9aa9824103126593f30916973bcaedf16896?s=96&d=mm&r=g\",\"contentUrl\":\"https:\/\/secure.gravatar.com\/avatar\/9a6539d0d807c3d7c2aaa709166f9aa9824103126593f30916973bcaedf16896?s=96&d=mm&r=g\",\"caption\":\"Antonio Daud\"},\"description\":\"Antonio Daud J\u00fanior \u00e9 bacharel em Engenharia El\u00e9trica e em Direito. Foi Analista de Finan\u00e7as e Controle da Controladoria-Geral da Uni\u00e3o\/Presid\u00eancia da Rep\u00fablica (CGU\/PR), aprovado no concurso de 2008. Atualmente \u00e9 Auditor Federal de Controle Externo (AUFC) do Tribunal de Contas da Uni\u00e3o (TCU), aprovado tamb\u00e9m em 2008.\",\"sameAs\":[\"https:\/\/www.instagram.com\/professordaud\/?hl=en\"],\"url\":\"https:\/\/www.estrategiaconcursos.com.br\/blog\/author\/antoniodaudestrategiaconcursos-com-br\/\"}]}<\/script>\n<!-- \/ Yoast SEO Premium plugin. -->","yoast_head_json":{"title":"CREA-MG - prova comentada - Direito Administrativo - fiscal n\u00edvel superior","robots":{"index":"index","follow":"follow","max-snippet":"max-snippet:-1","max-image-preview":"max-image-preview:large","max-video-preview":"max-video-preview:-1"},"canonical":"https:\/\/www.estrategiaconcursos.com.br\/blog\/crea-mg-prova-comentada-direito-administrativo-fiscal-nivel-superior\/","og_locale":"pt_BR","og_type":"article","og_title":"CREA-MG - prova comentada - Direito Administrativo - fiscal n\u00edvel superior","og_description":"Ol\u00e1, pessoal, tudo bem? :) Aqui \u00e9 o Prof. Antonio Daud e hoje estou passando aqui para comentar a prova do concurso do\u00a0CREA-MG, aplicada neste domingo pela banca IUDS. Neste artigo estamos comentado a prova de fiscal &#8211; n\u00edvel superior. Espero que tenham se sa\u00eddo bem! A prova apresentou algumas quest\u00f5es bastante pol\u00eamicas, motivo pelo [&hellip;]","og_url":"https:\/\/www.estrategiaconcursos.com.br\/blog\/crea-mg-prova-comentada-direito-administrativo-fiscal-nivel-superior\/","og_site_name":"Estrat\u00e9gia Concursos","article_published_time":"2019-10-29T22:27:29+00:00","article_modified_time":"2019-10-29T22:27:50+00:00","author":"Antonio Daud","twitter_card":"summary_large_image","twitter_creator":"@EstratConcursos","twitter_site":"@EstratConcursos","twitter_misc":{"Escrito por":"Antonio Daud","Est. tempo de leitura":"1 minuto"},"schema":{"@context":"https:\/\/schema.org","@graph":[{"@type":"NewsArticle","@id":"https:\/\/www.estrategiaconcursos.com.br\/blog\/crea-mg-prova-comentada-direito-administrativo-fiscal-nivel-superior\/#article","isPartOf":{"@id":"https:\/\/www.estrategiaconcursos.com.br\/blog\/crea-mg-prova-comentada-direito-administrativo-fiscal-nivel-superior\/"},"author":{"name":"Antonio Daud","@id":"https:\/\/www.estrategiaconcursos.com.br\/blog\/#\/schema\/person\/90692507130b147bb9128fc093141dad"},"headline":"CREA-MG &#8211; prova comentada &#8211; Direito Administrativo &#8211; fiscal n\u00edvel superior","datePublished":"2019-10-29T22:27:29+00:00","dateModified":"2019-10-29T22:27:50+00:00","mainEntityOfPage":{"@id":"https:\/\/www.estrategiaconcursos.com.br\/blog\/crea-mg-prova-comentada-direito-administrativo-fiscal-nivel-superior\/"},"wordCount":126,"commentCount":2,"publisher":{"@id":"https:\/\/www.estrategiaconcursos.com.br\/blog\/#organization"},"articleSection":["Concursos P\u00fablicos"],"inLanguage":"pt-BR","potentialAction":[{"@type":"CommentAction","name":"Comment","target":["https:\/\/www.estrategiaconcursos.com.br\/blog\/crea-mg-prova-comentada-direito-administrativo-fiscal-nivel-superior\/#respond"]}],"copyrightYear":"2019","copyrightHolder":{"@id":"https:\/\/www.estrategiaconcursos.com.br\/blog\/#organization"}},{"@type":"WebPage","@id":"https:\/\/www.estrategiaconcursos.com.br\/blog\/crea-mg-prova-comentada-direito-administrativo-fiscal-nivel-superior\/","url":"https:\/\/www.estrategiaconcursos.com.br\/blog\/crea-mg-prova-comentada-direito-administrativo-fiscal-nivel-superior\/","name":"CREA-MG - prova comentada - Direito Administrativo - fiscal n\u00edvel superior","isPartOf":{"@id":"https:\/\/www.estrategiaconcursos.com.br\/blog\/#website"},"datePublished":"2019-10-29T22:27:29+00:00","dateModified":"2019-10-29T22:27:50+00:00","breadcrumb":{"@id":"https:\/\/www.estrategiaconcursos.com.br\/blog\/crea-mg-prova-comentada-direito-administrativo-fiscal-nivel-superior\/#breadcrumb"},"inLanguage":"pt-BR","potentialAction":[{"@type":"ReadAction","target":["https:\/\/www.estrategiaconcursos.com.br\/blog\/crea-mg-prova-comentada-direito-administrativo-fiscal-nivel-superior\/"]}]},{"@type":"BreadcrumbList","@id":"https:\/\/www.estrategiaconcursos.com.br\/blog\/crea-mg-prova-comentada-direito-administrativo-fiscal-nivel-superior\/#breadcrumb","itemListElement":[{"@type":"ListItem","position":1,"name":"In\u00edcio","item":"https:\/\/www.estrategiaconcursos.com.br\/blog\/"},{"@type":"ListItem","position":2,"name":"CREA-MG &#8211; prova comentada &#8211; Direito Administrativo &#8211; fiscal n\u00edvel superior"}]},{"@type":"WebSite","@id":"https:\/\/www.estrategiaconcursos.com.br\/blog\/#website","url":"https:\/\/www.estrategiaconcursos.com.br\/blog\/","name":"Estrat\u00e9gia Concursos","description":"O blog da Estrat\u00e9gia Concursos traz not\u00edcias sobre concursos e artigos de professores oferecendo cursos para concursos (pdf + videaulas) no site.","publisher":{"@id":"https:\/\/www.estrategiaconcursos.com.br\/blog\/#organization"},"potentialAction":[{"@type":"SearchAction","target":{"@type":"EntryPoint","urlTemplate":"https:\/\/www.estrategiaconcursos.com.br\/blog\/?s={search_term_string}"},"query-input":{"@type":"PropertyValueSpecification","valueRequired":true,"valueName":"search_term_string"}}],"inLanguage":"pt-BR"},{"@type":"Organization","@id":"https:\/\/www.estrategiaconcursos.com.br\/blog\/#organization","name":"Estrat\u00e9gia Concursos","url":"https:\/\/www.estrategiaconcursos.com.br\/blog\/","logo":{"@type":"ImageObject","inLanguage":"pt-BR","@id":"https:\/\/www.estrategiaconcursos.com.br\/blog\/#\/schema\/logo\/image\/","url":"https:\/\/dhg1h5j42swfq.cloudfront.net\/2025\/06\/03203428\/logo_concursos-1.jpg","contentUrl":"https:\/\/dhg1h5j42swfq.cloudfront.net\/2025\/06\/03203428\/logo_concursos-1.jpg","width":230,"height":60,"caption":"Estrat\u00e9gia Concursos"},"image":{"@id":"https:\/\/www.estrategiaconcursos.com.br\/blog\/#\/schema\/logo\/image\/"},"sameAs":["https:\/\/x.com\/EstratConcursos"]},{"@type":"Person","@id":"https:\/\/www.estrategiaconcursos.com.br\/blog\/#\/schema\/person\/90692507130b147bb9128fc093141dad","name":"Antonio Daud","image":{"@type":"ImageObject","inLanguage":"pt-BR","@id":"https:\/\/secure.gravatar.com\/avatar\/9a6539d0d807c3d7c2aaa709166f9aa9824103126593f30916973bcaedf16896?s=96&d=mm&r=g","url":"https:\/\/secure.gravatar.com\/avatar\/9a6539d0d807c3d7c2aaa709166f9aa9824103126593f30916973bcaedf16896?s=96&d=mm&r=g","contentUrl":"https:\/\/secure.gravatar.com\/avatar\/9a6539d0d807c3d7c2aaa709166f9aa9824103126593f30916973bcaedf16896?s=96&d=mm&r=g","caption":"Antonio Daud"},"description":"Antonio Daud J\u00fanior \u00e9 bacharel em Engenharia El\u00e9trica e em Direito. Foi Analista de Finan\u00e7as e Controle da Controladoria-Geral da Uni\u00e3o\/Presid\u00eancia da Rep\u00fablica (CGU\/PR), aprovado no concurso de 2008. Atualmente \u00e9 Auditor Federal de Controle Externo (AUFC) do Tribunal de Contas da Uni\u00e3o (TCU), aprovado tamb\u00e9m em 2008.","sameAs":["https:\/\/www.instagram.com\/professordaud\/?hl=en"],"url":"https:\/\/www.estrategiaconcursos.com.br\/blog\/author\/antoniodaudestrategiaconcursos-com-br\/"}]}},"_links":{"self":[{"href":"https:\/\/www.estrategiaconcursos.com.br\/blog\/wp-json\/wp\/v2\/posts\/441719","targetHints":{"allow":["GET"]}}],"collection":[{"href":"https:\/\/www.estrategiaconcursos.com.br\/blog\/wp-json\/wp\/v2\/posts"}],"about":[{"href":"https:\/\/www.estrategiaconcursos.com.br\/blog\/wp-json\/wp\/v2\/types\/post"}],"author":[{"embeddable":true,"href":"https:\/\/www.estrategiaconcursos.com.br\/blog\/wp-json\/wp\/v2\/users\/135"}],"replies":[{"embeddable":true,"href":"https:\/\/www.estrategiaconcursos.com.br\/blog\/wp-json\/wp\/v2\/comments?post=441719"}],"version-history":[{"count":3,"href":"https:\/\/www.estrategiaconcursos.com.br\/blog\/wp-json\/wp\/v2\/posts\/441719\/revisions"}],"predecessor-version":[{"id":441728,"href":"https:\/\/www.estrategiaconcursos.com.br\/blog\/wp-json\/wp\/v2\/posts\/441719\/revisions\/441728"}],"wp:attachment":[{"href":"https:\/\/www.estrategiaconcursos.com.br\/blog\/wp-json\/wp\/v2\/media?parent=441719"}],"wp:term":[{"taxonomy":"category","embeddable":true,"href":"https:\/\/www.estrategiaconcursos.com.br\/blog\/wp-json\/wp\/v2\/categories?post=441719"},{"taxonomy":"post_tag","embeddable":true,"href":"https:\/\/www.estrategiaconcursos.com.br\/blog\/wp-json\/wp\/v2\/tags?post=441719"},{"taxonomy":"tax_estado","embeddable":true,"href":"https:\/\/www.estrategiaconcursos.com.br\/blog\/wp-json\/wp\/v2\/tax_estado?post=441719"}],"curies":[{"name":"wp","href":"https:\/\/api.w.org\/{rel}","templated":true}]}}