{"id":441602,"date":"2019-10-29T17:41:58","date_gmt":"2019-10-29T20:41:58","guid":{"rendered":"https:\/\/www.estrategiaconcursos.com.br\/blog\/?p=441602"},"modified":"2019-10-29T17:51:50","modified_gmt":"2019-10-29T20:51:50","slug":"edital-estrategico-crmv-am","status":"publish","type":"post","link":"https:\/\/www.estrategiaconcursos.com.br\/blog\/edital-estrategico-crmv-am\/","title":{"rendered":"Edital Estrat\u00e9gico CRMV AM: concurso aberto"},"content":{"rendered":"\n<p>Foi publicado o edital do concurso para o Conselho Regional de Medicina Veterin\u00e1ria do Estado do Amazonas, com previs\u00e3o de <strong>100 vagas<\/strong> no total, divididas em efetivas e cadastro reserva. Os cargos dispon\u00edveis s\u00e3o para n\u00edvel fundamental e m\u00e9dio de escolaridade. <\/p>\n\n\n\n<p>Houve dispensa de licita\u00e7\u00e3o e abanca escolhida foi o Instituto Quadrix. As inscri\u00e7\u00f5es est\u00e3o abertas at\u00e9 09 de dezembro e as taxas variam de R$ <strong>40,00 a R$ 60,00<\/strong>. As remunera\u00e7\u00f5es transitam de <strong>R$ 1.100,00 a R$ 1.900,00<\/strong>. A prova objetiva, \u00fanica etapa do certame, est\u00e1 prevista para ocorrer dia <strong>19 de janeiro de 2020.<\/strong><\/p>\n\n\n\n<h2 class=\"wp-block-heading\">Edital Estrat\u00e9gico: baixe gratuitamente<\/h2>\n\n\n\n<p>Buscando colaborar com a sua prepara\u00e7\u00e3o, a equipe do Estrat\u00e9gia Concursos desenvolveu o&nbsp;<strong>Edital Estrat\u00e9gico<\/strong>. S\u00e3o planilhas personalizadas, focadas no edital do certame, com diversos recursos que auxiliam no registro das diferentes tarefas de estudo: teoria, revis\u00e3o e exerc\u00edcios. <\/p>\n\n\n\n<p>A partir das informa\u00e7\u00f5es preenchidas pelo aluno, uma \u201caba\u201d do Edital Estrat\u00e9gico ir\u00e1 demonstrar a progress\u00e3o em cada tarefa e assunto. A edi\u00e7\u00e3o poder\u00e1 ser realizada apenas na 3\u00aa aba, relativa ao preenchimento do progresso nas disciplinas. Caso voc\u00ea queira fazer outras modifica\u00e7\u00f5es no arquivo, \u00e9 s\u00f3 usar a&nbsp;senha \u201cadmin\u201d&nbsp;na op\u00e7\u00e3o&nbsp;<em><strong>desproteger<\/strong><\/em>&nbsp;planilha do Excel.<\/p>\n\n\n\n<p>Dando um espa\u00e7o para o Edital Estrat\u00e9gico entrar em sua rotina de estudos, ser\u00e1 poss\u00edvel acompanhar seu desempenho atrav\u00e9s de gr\u00e1ficos, garantindo uma vis\u00e3o completa das mat\u00e9rias que necessitam de mais revis\u00f5es.<\/p>\n\n\n\n<p style=\"text-align:center\" class=\"has-background has-medium-font-size has-luminous-vivid-amber-background-color\"><strong><a href=\"https:\/\/dhg1h5j42swfq.cloudfront.net\/2019\/10\/29172426\/Edital-Estrat%C3%A9gico_CRMV-AM_AUXILIAR-ADMINISTRATIVO-FINANCEIRO1.xlsx\">AUXILIAR ADMINISTRATIVO FINANCEIRO <\/a><\/strong><\/p>\n\n\n\n<p style=\"text-align:center\" class=\"has-background has-medium-font-size has-light-green-cyan-background-color\"><strong><a href=\"https:\/\/dhg1h5j42swfq.cloudfront.net\/2019\/10\/29172259\/Edital-Estrat%C3%A9gico_CRMV-AM_ASSISTENTE-ADMINISTRATIVO.xlsx\">ASSISTENTE ADMINISTRATIVO<\/a><\/strong><\/p>\n\n\n\n<p><strong>IMPORTANTE<\/strong>: Ao clicar no link acima, ser\u00e1 aberta uma janela do Google Drive que tentar\u00e1 carregar a visualiza\u00e7\u00e3o da planilha no seu navegador. N\u00e3o h\u00e1 necessidade de esperar essa visualiza\u00e7\u00e3o (talvez at\u00e9 nem carregue, j\u00e1 que os arquivos s\u00e3o pesados).<\/p>\n\n\n\n<p>Fa\u00e7a o download clicando na seta para baixo no canto superior direito da janela do Google Drive que vai ser aberta ao clicar nos links acima.<\/p>\n\n\n\n<p>Todos os arquivos foram testados em diferentes computadores e celulares e est\u00e3o ok. Talvez alguma incompatibilidade (ou mensagem de erro, como \u201carquivo inv\u00e1lido\u201d) ocorra em virtude do seu pr\u00f3prio computador ou do tamanho dos arquivos que possuem mais conte\u00fado.<\/p>\n\n\n\n<p style=\"font-size:22px;text-align:center\" class=\"has-background has-very-light-gray-background-color\"><em><strong>Mais informa\u00e7\u00f5es<\/strong><\/em>: <a href=\"https:\/\/www.estrategiaconcursos.com.br\/blog\/concurso-crmv-am\/\">Concurso CRMV AM<\/a><\/p>\n\n\n\n<h2 class=\"wp-block-heading\" style=\"text-align:center\">Cursos para o concurso CRMV AM? <\/h2>\n\n\n\n<p style=\"text-align:center\"><strong><em>Gostou desta oportunidade e deseja se preparar? Acompanhe as novidades:<\/em><\/strong><\/p>\n\n\n\n<p style=\"font-size:22px;text-align:center\" class=\"has-background has-pale-cyan-blue-background-color\"><strong><a href=\"https:\/\/www.estrategiaconcursos.com.br\/curso\/promocao-pacote-conhecimentos-basicos-p-crmv-am-cargos-nivel-medio-pos-edital\/\" target=\"_blank\" rel=\"noreferrer noopener\">Curso CRMV AM<\/a><\/strong><\/p>\n\n\n\n<figure class=\"wp-block-image\"><a href=\"https:\/\/www.estrategiaconcursos.com.br\/gratis\/melhor-black-friday\/\" target=\"_blank\" rel=\"noreferrer noopener\"><img decoding=\"async\" src=\"https:\/\/dhg1h5j42swfq.cloudfront.net\/2019\/10\/22090037\/promo%C3%A7%C3%A3o.jpeg\" alt=\"\" class=\"wp-image-437884\"\/><\/a><\/figure>\n\n\n\n<p style=\"font-size:22px;text-align:center\" class=\"has-background has-luminous-vivid-amber-background-color\"><strong><a href=\"https:\/\/www.estrategiaconcursos.com.br\/gratis\/melhor-black-friday\/\" target=\"_blank\" rel=\"noreferrer noopener\">PROMO\u00c7\u00c3O: \u00c9 MELHOR QUE BLACK FRIDAY!<\/a><\/strong><\/p>\n\n\n\n<p style=\"text-align:center\"><em><strong>Assinatura Anual Ilimitada*<\/strong><\/em><\/p>\n\n\n\n<p style=\"text-align:center\"><em>Prepare-se com o melhor material e com quem mais aprova em&nbsp;Concursos P\u00fablicos de todo o pa\u00eds. Assine agora a nossa Assinatura Anual e tenha acesso ilimitado* a todos os nossos cursos.<\/em><\/p>\n\n\n\n<p style=\"font-size:22px;text-align:center\" class=\"has-background has-light-green-cyan-background-color\"><strong>ASSINE AGORA<\/strong>&nbsp;\u2013&nbsp;<strong><a rel=\"noreferrer noopener\" href=\"https:\/\/www.estrategiaconcursos.com.br\/assinaturas\" target=\"_blank\">Assinatura Ilimitada<\/a><\/strong><\/p>\n\n\n\n<p style=\"text-align:center\"><strong><em>Fique por dentro de todos os concursos<\/em><\/strong><\/p>\n\n\n\n<p style=\"font-size:25px;text-align:center\" class=\"has-background has-pale-cyan-blue-background-color\"><a rel=\"noreferrer noopener\" href=\"https:\/\/www.estrategiaconcursos.com.br\/blog\/concursos-abertos\/\" target=\"_blank\"><strong>CONCURSOS ABERTOS<\/strong><\/a><\/p>\n\n\n\n<p style=\"font-size:25px;text-align:center\" class=\"has-background has-pale-cyan-blue-background-color\"><a rel=\"noreferrer noopener\" href=\"https:\/\/www.estrategiaconcursos.com.br\/blog\/concursos-2019\/\" target=\"_blank\"><strong>CONCURSOS 2019<\/strong><\/a><\/p>\n\n\n\n<p style=\"font-size:25px;text-align:center\" class=\"has-background has-pale-cyan-blue-background-color\"><a rel=\"noreferrer noopener\" href=\"https:\/\/www.estrategiaconcursos.com.br\/blog\/concursos-2020\/\" target=\"_blank\"><strong>CONCURSOS&nbsp;2020<\/strong><\/a><\/p>\n","protected":false},"excerpt":{"rendered":"<p>Foi publicado o edital do concurso para o Conselho Regional de Medicina Veterin\u00e1ria do Estado do Amazonas, com previs\u00e3o de 100 vagas no total, divididas em efetivas e cadastro reserva. Os cargos dispon\u00edveis s\u00e3o para n\u00edvel fundamental e m\u00e9dio de escolaridade. Houve dispensa de licita\u00e7\u00e3o e abanca escolhida foi o Instituto Quadrix. As inscri\u00e7\u00f5es est\u00e3o [&hellip;]<\/p>\n","protected":false},"author":129,"featured_media":403703,"comment_status":"open","ping_status":"closed","sticky":false,"template":"","format":"standard","meta":{"post_tipo":"article","footnotes":""},"categories":[1],"tags":[],"tax_estado":[],"class_list":["post-441602","post","type-post","status-publish","format-standard","has-post-thumbnail","hentry","category-cursos-e-concursos"],"acf":[],"yoast_head":"<!-- This site is optimized with the Yoast SEO Premium plugin v27.2 (Yoast SEO v27.2) - https:\/\/yoast.com\/product\/yoast-seo-premium-wordpress\/ -->\n<title>Edital Estrat\u00e9gico CRMV AM: concurso aberto<\/title>\n<meta name=\"robots\" content=\"index, follow, max-snippet:-1, max-image-preview:large, max-video-preview:-1\" \/>\n<link rel=\"canonical\" href=\"https:\/\/www.estrategiaconcursos.com.br\/blog\/edital-estrategico-crmv-am\/\" \/>\n<meta property=\"og:locale\" content=\"pt_BR\" \/>\n<meta property=\"og:type\" content=\"article\" \/>\n<meta property=\"og:title\" content=\"Edital Estrat\u00e9gico CRMV AM: concurso aberto\" \/>\n<meta property=\"og:description\" content=\"Foi publicado o edital do concurso para o Conselho Regional de Medicina Veterin\u00e1ria do Estado do Amazonas, com previs\u00e3o de 100 vagas no total, divididas em efetivas e cadastro reserva. Os cargos dispon\u00edveis s\u00e3o para n\u00edvel fundamental e m\u00e9dio de escolaridade. Houve dispensa de licita\u00e7\u00e3o e abanca escolhida foi o Instituto Quadrix. As inscri\u00e7\u00f5es est\u00e3o [&hellip;]\" \/>\n<meta property=\"og:url\" content=\"https:\/\/www.estrategiaconcursos.com.br\/blog\/edital-estrategico-crmv-am\/\" \/>\n<meta property=\"og:site_name\" content=\"Estrat\u00e9gia Concursos\" \/>\n<meta property=\"article:published_time\" content=\"2019-10-29T20:41:58+00:00\" \/>\n<meta property=\"article:modified_time\" content=\"2019-10-29T20:51:50+00:00\" \/>\n<meta property=\"og:image\" content=\"https:\/\/dhg1h5j42swfq.cloudfront.net\/2019\/07\/29164810\/CRMV-AM.jpg\" \/>\n\t<meta property=\"og:image:width\" content=\"1200\" \/>\n\t<meta property=\"og:image:height\" content=\"628\" \/>\n\t<meta property=\"og:image:type\" content=\"image\/jpeg\" \/>\n<meta name=\"author\" content=\"Herbert Almeida\" \/>\n<meta name=\"twitter:card\" content=\"summary_large_image\" \/>\n<meta name=\"twitter:creator\" content=\"@EstratConcursos\" \/>\n<meta name=\"twitter:site\" content=\"@EstratConcursos\" \/>\n<meta name=\"twitter:label1\" content=\"Escrito por\" \/>\n\t<meta name=\"twitter:data1\" content=\"Herbert Almeida\" \/>\n\t<meta name=\"twitter:label2\" content=\"Est. tempo de leitura\" \/>\n\t<meta name=\"twitter:data2\" content=\"2 minutos\" \/>\n<script type=\"application\/ld+json\" class=\"yoast-schema-graph\">{\"@context\":\"https:\/\/schema.org\",\"@graph\":[{\"@type\":\"NewsArticle\",\"@id\":\"https:\/\/www.estrategiaconcursos.com.br\/blog\/edital-estrategico-crmv-am\/#article\",\"isPartOf\":{\"@id\":\"https:\/\/www.estrategiaconcursos.com.br\/blog\/edital-estrategico-crmv-am\/\"},\"author\":{\"name\":\"Herbert Almeida\",\"@id\":\"https:\/\/www.estrategiaconcursos.com.br\/blog\/#\/schema\/person\/59717c75350fa01aa0fd68a52a8d02e0\"},\"headline\":\"Edital Estrat\u00e9gico CRMV AM: concurso aberto\",\"datePublished\":\"2019-10-29T20:41:58+00:00\",\"dateModified\":\"2019-10-29T20:51:50+00:00\",\"mainEntityOfPage\":{\"@id\":\"https:\/\/www.estrategiaconcursos.com.br\/blog\/edital-estrategico-crmv-am\/\"},\"wordCount\":467,\"commentCount\":0,\"publisher\":{\"@id\":\"https:\/\/www.estrategiaconcursos.com.br\/blog\/#organization\"},\"image\":{\"@id\":\"https:\/\/www.estrategiaconcursos.com.br\/blog\/edital-estrategico-crmv-am\/#primaryimage\"},\"thumbnailUrl\":\"https:\/\/dhg1h5j42swfq.cloudfront.net\/2019\/07\/29164810\/CRMV-AM.jpg\",\"articleSection\":[\"Concursos P\u00fablicos\"],\"inLanguage\":\"pt-BR\",\"potentialAction\":[{\"@type\":\"CommentAction\",\"name\":\"Comment\",\"target\":[\"https:\/\/www.estrategiaconcursos.com.br\/blog\/edital-estrategico-crmv-am\/#respond\"]}],\"copyrightYear\":\"2019\",\"copyrightHolder\":{\"@id\":\"https:\/\/www.estrategiaconcursos.com.br\/blog\/#organization\"}},{\"@type\":\"WebPage\",\"@id\":\"https:\/\/www.estrategiaconcursos.com.br\/blog\/edital-estrategico-crmv-am\/\",\"url\":\"https:\/\/www.estrategiaconcursos.com.br\/blog\/edital-estrategico-crmv-am\/\",\"name\":\"Edital Estrat\u00e9gico CRMV AM: concurso aberto\",\"isPartOf\":{\"@id\":\"https:\/\/www.estrategiaconcursos.com.br\/blog\/#website\"},\"primaryImageOfPage\":{\"@id\":\"https:\/\/www.estrategiaconcursos.com.br\/blog\/edital-estrategico-crmv-am\/#primaryimage\"},\"image\":{\"@id\":\"https:\/\/www.estrategiaconcursos.com.br\/blog\/edital-estrategico-crmv-am\/#primaryimage\"},\"thumbnailUrl\":\"https:\/\/dhg1h5j42swfq.cloudfront.net\/2019\/07\/29164810\/CRMV-AM.jpg\",\"datePublished\":\"2019-10-29T20:41:58+00:00\",\"dateModified\":\"2019-10-29T20:51:50+00:00\",\"breadcrumb\":{\"@id\":\"https:\/\/www.estrategiaconcursos.com.br\/blog\/edital-estrategico-crmv-am\/#breadcrumb\"},\"inLanguage\":\"pt-BR\",\"potentialAction\":[{\"@type\":\"ReadAction\",\"target\":[\"https:\/\/www.estrategiaconcursos.com.br\/blog\/edital-estrategico-crmv-am\/\"]}]},{\"@type\":\"ImageObject\",\"inLanguage\":\"pt-BR\",\"@id\":\"https:\/\/www.estrategiaconcursos.com.br\/blog\/edital-estrategico-crmv-am\/#primaryimage\",\"url\":\"https:\/\/dhg1h5j42swfq.cloudfront.net\/2019\/07\/29164810\/CRMV-AM.jpg\",\"contentUrl\":\"https:\/\/dhg1h5j42swfq.cloudfront.net\/2019\/07\/29164810\/CRMV-AM.jpg\",\"width\":1200,\"height\":628},{\"@type\":\"BreadcrumbList\",\"@id\":\"https:\/\/www.estrategiaconcursos.com.br\/blog\/edital-estrategico-crmv-am\/#breadcrumb\",\"itemListElement\":[{\"@type\":\"ListItem\",\"position\":1,\"name\":\"In\u00edcio\",\"item\":\"https:\/\/www.estrategiaconcursos.com.br\/blog\/\"},{\"@type\":\"ListItem\",\"position\":2,\"name\":\"Edital Estrat\u00e9gico CRMV AM: concurso aberto\"}]},{\"@type\":\"WebSite\",\"@id\":\"https:\/\/www.estrategiaconcursos.com.br\/blog\/#website\",\"url\":\"https:\/\/www.estrategiaconcursos.com.br\/blog\/\",\"name\":\"Estrat\u00e9gia Concursos\",\"description\":\"O blog da Estrat\u00e9gia Concursos traz not\u00edcias sobre concursos e artigos de professores oferecendo cursos para concursos (pdf + videaulas) no site.\",\"publisher\":{\"@id\":\"https:\/\/www.estrategiaconcursos.com.br\/blog\/#organization\"},\"potentialAction\":[{\"@type\":\"SearchAction\",\"target\":{\"@type\":\"EntryPoint\",\"urlTemplate\":\"https:\/\/www.estrategiaconcursos.com.br\/blog\/?s={search_term_string}\"},\"query-input\":{\"@type\":\"PropertyValueSpecification\",\"valueRequired\":true,\"valueName\":\"search_term_string\"}}],\"inLanguage\":\"pt-BR\"},{\"@type\":\"Organization\",\"@id\":\"https:\/\/www.estrategiaconcursos.com.br\/blog\/#organization\",\"name\":\"Estrat\u00e9gia Concursos\",\"url\":\"https:\/\/www.estrategiaconcursos.com.br\/blog\/\",\"logo\":{\"@type\":\"ImageObject\",\"inLanguage\":\"pt-BR\",\"@id\":\"https:\/\/www.estrategiaconcursos.com.br\/blog\/#\/schema\/logo\/image\/\",\"url\":\"https:\/\/dhg1h5j42swfq.cloudfront.net\/2025\/06\/03203428\/logo_concursos-1.jpg\",\"contentUrl\":\"https:\/\/dhg1h5j42swfq.cloudfront.net\/2025\/06\/03203428\/logo_concursos-1.jpg\",\"width\":230,\"height\":60,\"caption\":\"Estrat\u00e9gia Concursos\"},\"image\":{\"@id\":\"https:\/\/www.estrategiaconcursos.com.br\/blog\/#\/schema\/logo\/image\/\"},\"sameAs\":[\"https:\/\/x.com\/EstratConcursos\"]},{\"@type\":\"Person\",\"@id\":\"https:\/\/www.estrategiaconcursos.com.br\/blog\/#\/schema\/person\/59717c75350fa01aa0fd68a52a8d02e0\",\"name\":\"Herbert Almeida\",\"image\":{\"@type\":\"ImageObject\",\"inLanguage\":\"pt-BR\",\"@id\":\"https:\/\/secure.gravatar.com\/avatar\/b6461a43893c24d5fc91efc433971ffec025c84c0341129f4578034d77f9a536?s=96&d=mm&r=g\",\"url\":\"https:\/\/secure.gravatar.com\/avatar\/b6461a43893c24d5fc91efc433971ffec025c84c0341129f4578034d77f9a536?s=96&d=mm&r=g\",\"contentUrl\":\"https:\/\/secure.gravatar.com\/avatar\/b6461a43893c24d5fc91efc433971ffec025c84c0341129f4578034d77f9a536?s=96&d=mm&r=g\",\"caption\":\"Herbert Almeida\"},\"url\":\"https:\/\/www.estrategiaconcursos.com.br\/blog\/author\/herbertestrategiaconcursos-com-br\/\"}]}<\/script>\n<!-- \/ Yoast SEO Premium plugin. -->","yoast_head_json":{"title":"Edital Estrat\u00e9gico CRMV AM: concurso aberto","robots":{"index":"index","follow":"follow","max-snippet":"max-snippet:-1","max-image-preview":"max-image-preview:large","max-video-preview":"max-video-preview:-1"},"canonical":"https:\/\/www.estrategiaconcursos.com.br\/blog\/edital-estrategico-crmv-am\/","og_locale":"pt_BR","og_type":"article","og_title":"Edital Estrat\u00e9gico CRMV AM: concurso aberto","og_description":"Foi publicado o edital do concurso para o Conselho Regional de Medicina Veterin\u00e1ria do Estado do Amazonas, com previs\u00e3o de 100 vagas no total, divididas em efetivas e cadastro reserva. Os cargos dispon\u00edveis s\u00e3o para n\u00edvel fundamental e m\u00e9dio de escolaridade. Houve dispensa de licita\u00e7\u00e3o e abanca escolhida foi o Instituto Quadrix. As inscri\u00e7\u00f5es est\u00e3o [&hellip;]","og_url":"https:\/\/www.estrategiaconcursos.com.br\/blog\/edital-estrategico-crmv-am\/","og_site_name":"Estrat\u00e9gia Concursos","article_published_time":"2019-10-29T20:41:58+00:00","article_modified_time":"2019-10-29T20:51:50+00:00","og_image":[{"width":1200,"height":628,"url":"https:\/\/dhg1h5j42swfq.cloudfront.net\/2019\/07\/29164810\/CRMV-AM.jpg","type":"image\/jpeg"}],"author":"Herbert Almeida","twitter_card":"summary_large_image","twitter_creator":"@EstratConcursos","twitter_site":"@EstratConcursos","twitter_misc":{"Escrito por":"Herbert Almeida","Est. tempo de leitura":"2 minutos"},"schema":{"@context":"https:\/\/schema.org","@graph":[{"@type":"NewsArticle","@id":"https:\/\/www.estrategiaconcursos.com.br\/blog\/edital-estrategico-crmv-am\/#article","isPartOf":{"@id":"https:\/\/www.estrategiaconcursos.com.br\/blog\/edital-estrategico-crmv-am\/"},"author":{"name":"Herbert Almeida","@id":"https:\/\/www.estrategiaconcursos.com.br\/blog\/#\/schema\/person\/59717c75350fa01aa0fd68a52a8d02e0"},"headline":"Edital Estrat\u00e9gico CRMV AM: concurso aberto","datePublished":"2019-10-29T20:41:58+00:00","dateModified":"2019-10-29T20:51:50+00:00","mainEntityOfPage":{"@id":"https:\/\/www.estrategiaconcursos.com.br\/blog\/edital-estrategico-crmv-am\/"},"wordCount":467,"commentCount":0,"publisher":{"@id":"https:\/\/www.estrategiaconcursos.com.br\/blog\/#organization"},"image":{"@id":"https:\/\/www.estrategiaconcursos.com.br\/blog\/edital-estrategico-crmv-am\/#primaryimage"},"thumbnailUrl":"https:\/\/dhg1h5j42swfq.cloudfront.net\/2019\/07\/29164810\/CRMV-AM.jpg","articleSection":["Concursos P\u00fablicos"],"inLanguage":"pt-BR","potentialAction":[{"@type":"CommentAction","name":"Comment","target":["https:\/\/www.estrategiaconcursos.com.br\/blog\/edital-estrategico-crmv-am\/#respond"]}],"copyrightYear":"2019","copyrightHolder":{"@id":"https:\/\/www.estrategiaconcursos.com.br\/blog\/#organization"}},{"@type":"WebPage","@id":"https:\/\/www.estrategiaconcursos.com.br\/blog\/edital-estrategico-crmv-am\/","url":"https:\/\/www.estrategiaconcursos.com.br\/blog\/edital-estrategico-crmv-am\/","name":"Edital Estrat\u00e9gico CRMV AM: concurso aberto","isPartOf":{"@id":"https:\/\/www.estrategiaconcursos.com.br\/blog\/#website"},"primaryImageOfPage":{"@id":"https:\/\/www.estrategiaconcursos.com.br\/blog\/edital-estrategico-crmv-am\/#primaryimage"},"image":{"@id":"https:\/\/www.estrategiaconcursos.com.br\/blog\/edital-estrategico-crmv-am\/#primaryimage"},"thumbnailUrl":"https:\/\/dhg1h5j42swfq.cloudfront.net\/2019\/07\/29164810\/CRMV-AM.jpg","datePublished":"2019-10-29T20:41:58+00:00","dateModified":"2019-10-29T20:51:50+00:00","breadcrumb":{"@id":"https:\/\/www.estrategiaconcursos.com.br\/blog\/edital-estrategico-crmv-am\/#breadcrumb"},"inLanguage":"pt-BR","potentialAction":[{"@type":"ReadAction","target":["https:\/\/www.estrategiaconcursos.com.br\/blog\/edital-estrategico-crmv-am\/"]}]},{"@type":"ImageObject","inLanguage":"pt-BR","@id":"https:\/\/www.estrategiaconcursos.com.br\/blog\/edital-estrategico-crmv-am\/#primaryimage","url":"https:\/\/dhg1h5j42swfq.cloudfront.net\/2019\/07\/29164810\/CRMV-AM.jpg","contentUrl":"https:\/\/dhg1h5j42swfq.cloudfront.net\/2019\/07\/29164810\/CRMV-AM.jpg","width":1200,"height":628},{"@type":"BreadcrumbList","@id":"https:\/\/www.estrategiaconcursos.com.br\/blog\/edital-estrategico-crmv-am\/#breadcrumb","itemListElement":[{"@type":"ListItem","position":1,"name":"In\u00edcio","item":"https:\/\/www.estrategiaconcursos.com.br\/blog\/"},{"@type":"ListItem","position":2,"name":"Edital Estrat\u00e9gico CRMV AM: concurso aberto"}]},{"@type":"WebSite","@id":"https:\/\/www.estrategiaconcursos.com.br\/blog\/#website","url":"https:\/\/www.estrategiaconcursos.com.br\/blog\/","name":"Estrat\u00e9gia Concursos","description":"O blog da Estrat\u00e9gia Concursos traz not\u00edcias sobre concursos e artigos de professores oferecendo cursos para concursos (pdf + videaulas) no site.","publisher":{"@id":"https:\/\/www.estrategiaconcursos.com.br\/blog\/#organization"},"potentialAction":[{"@type":"SearchAction","target":{"@type":"EntryPoint","urlTemplate":"https:\/\/www.estrategiaconcursos.com.br\/blog\/?s={search_term_string}"},"query-input":{"@type":"PropertyValueSpecification","valueRequired":true,"valueName":"search_term_string"}}],"inLanguage":"pt-BR"},{"@type":"Organization","@id":"https:\/\/www.estrategiaconcursos.com.br\/blog\/#organization","name":"Estrat\u00e9gia Concursos","url":"https:\/\/www.estrategiaconcursos.com.br\/blog\/","logo":{"@type":"ImageObject","inLanguage":"pt-BR","@id":"https:\/\/www.estrategiaconcursos.com.br\/blog\/#\/schema\/logo\/image\/","url":"https:\/\/dhg1h5j42swfq.cloudfront.net\/2025\/06\/03203428\/logo_concursos-1.jpg","contentUrl":"https:\/\/dhg1h5j42swfq.cloudfront.net\/2025\/06\/03203428\/logo_concursos-1.jpg","width":230,"height":60,"caption":"Estrat\u00e9gia Concursos"},"image":{"@id":"https:\/\/www.estrategiaconcursos.com.br\/blog\/#\/schema\/logo\/image\/"},"sameAs":["https:\/\/x.com\/EstratConcursos"]},{"@type":"Person","@id":"https:\/\/www.estrategiaconcursos.com.br\/blog\/#\/schema\/person\/59717c75350fa01aa0fd68a52a8d02e0","name":"Herbert Almeida","image":{"@type":"ImageObject","inLanguage":"pt-BR","@id":"https:\/\/secure.gravatar.com\/avatar\/b6461a43893c24d5fc91efc433971ffec025c84c0341129f4578034d77f9a536?s=96&d=mm&r=g","url":"https:\/\/secure.gravatar.com\/avatar\/b6461a43893c24d5fc91efc433971ffec025c84c0341129f4578034d77f9a536?s=96&d=mm&r=g","contentUrl":"https:\/\/secure.gravatar.com\/avatar\/b6461a43893c24d5fc91efc433971ffec025c84c0341129f4578034d77f9a536?s=96&d=mm&r=g","caption":"Herbert Almeida"},"url":"https:\/\/www.estrategiaconcursos.com.br\/blog\/author\/herbertestrategiaconcursos-com-br\/"}]}},"_links":{"self":[{"href":"https:\/\/www.estrategiaconcursos.com.br\/blog\/wp-json\/wp\/v2\/posts\/441602","targetHints":{"allow":["GET"]}}],"collection":[{"href":"https:\/\/www.estrategiaconcursos.com.br\/blog\/wp-json\/wp\/v2\/posts"}],"about":[{"href":"https:\/\/www.estrategiaconcursos.com.br\/blog\/wp-json\/wp\/v2\/types\/post"}],"author":[{"embeddable":true,"href":"https:\/\/www.estrategiaconcursos.com.br\/blog\/wp-json\/wp\/v2\/users\/129"}],"replies":[{"embeddable":true,"href":"https:\/\/www.estrategiaconcursos.com.br\/blog\/wp-json\/wp\/v2\/comments?post=441602"}],"version-history":[{"count":9,"href":"https:\/\/www.estrategiaconcursos.com.br\/blog\/wp-json\/wp\/v2\/posts\/441602\/revisions"}],"predecessor-version":[{"id":441642,"href":"https:\/\/www.estrategiaconcursos.com.br\/blog\/wp-json\/wp\/v2\/posts\/441602\/revisions\/441642"}],"wp:featuredmedia":[{"embeddable":true,"href":"https:\/\/www.estrategiaconcursos.com.br\/blog\/wp-json\/wp\/v2\/media\/403703"}],"wp:attachment":[{"href":"https:\/\/www.estrategiaconcursos.com.br\/blog\/wp-json\/wp\/v2\/media?parent=441602"}],"wp:term":[{"taxonomy":"category","embeddable":true,"href":"https:\/\/www.estrategiaconcursos.com.br\/blog\/wp-json\/wp\/v2\/categories?post=441602"},{"taxonomy":"post_tag","embeddable":true,"href":"https:\/\/www.estrategiaconcursos.com.br\/blog\/wp-json\/wp\/v2\/tags?post=441602"},{"taxonomy":"tax_estado","embeddable":true,"href":"https:\/\/www.estrategiaconcursos.com.br\/blog\/wp-json\/wp\/v2\/tax_estado?post=441602"}],"curies":[{"name":"wp","href":"https:\/\/api.w.org\/{rel}","templated":true}]}}