{"id":441594,"date":"2019-10-31T15:02:14","date_gmt":"2019-10-31T18:02:14","guid":{"rendered":"https:\/\/www.estrategiaconcursos.com.br\/blog\/?p=441594"},"modified":"2023-10-10T17:46:02","modified_gmt":"2023-10-10T20:46:02","slug":"concurso-ebserh-notas-corte","status":"publish","type":"post","link":"https:\/\/www.estrategiaconcursos.com.br\/blog\/concurso-ebserh-notas-corte\/","title":{"rendered":"Notas de corte EBSERH e n\u00famero de convocados do concurso anterior"},"content":{"rendered":"\n<p>Neste artigo, traremos algumas <strong>informa\u00e7\u00f5es espec\u00edficas acerca do \u00faltimo concurso da EBSERH<\/strong> realizado em 2018. Para se inteirar sobre as informa\u00e7\u00f5es gerais do certame anterior e a atual situa\u00e7\u00e3o de cargos vagos do \u00f3rg\u00e3o, acesse o nosso artigo j\u00e1 publicado sobre o <a href=\"https:\/\/www.estrategiaconcursos.com.br\/blog\/concurso-ebserh\/\" target=\"_blank\" rel=\"noreferrer noopener\">Concurso EBSERH<\/a>.<\/p>\n\n\n\n<p>Novos editais para o concurso da Empresa Brasileira de Servi\u00e7os Hospitalares (EBSERH) est\u00e3o previstos para o dia 4 de novembro de 2019, de acordo com informa\u00e7\u00f5es do \u00f3rg\u00e3o. Os extratos de dispensa de licita\u00e7\u00e3o para o Concurso EBSERH (banca IFBC) e Concurso EBSERH-UFU (banca VUNESP) foram publicados no Di\u00e1rio Oficial da Uni\u00e3o no dia 8 de outubro de 2019.<\/p>\n\n\n\n<h2 class=\"wp-block-heading\" id=\"h-total-de-vagas-do-concurso-ebserh-2018\"><strong>Total de Vagas do Concurso EBSERH 2018<\/strong><\/h2>\n\n\n\n<p>O Concurso EBSERH 2018 contemplou um total de <strong>1.189 vagas<\/strong> distribu\u00eddas em tr\u00eas \u00e1reas principais (\u00c1rea M\u00e9dica, Assistencial e Administrativa). <\/p>\n\n\n\n<p>Para a <a href=\"http:\/\/www.cespe.unb.br\/concursos\/EBSERH_18_MEDICA\/arquivos\/ED_2_EBSEHR_M__DICA___ABERTURA.PDF\">\u00c1rea M\u00e9dica<\/a> foram ofertadas <strong>339 vagas imediatas <\/strong>divididas em <strong>83 cargos<\/strong> de diferentes especialidades m\u00e9dicas. A <a href=\"http:\/\/www.cespe.unb.br\/concursos\/EBSERH_18_ASSISTENCIAL\/arquivos\/ED_3_EBSEHR_ASSISTENCIAL___ABERTURA.PDF\">\u00c1rea Assistencial<\/a> contou com um total de <strong>706 vagas para 57 cargos distintos<\/strong>, enquanto a <a href=\"http:\/\/www.cespe.unb.br\/concursos\/EBSERH_18_ADMINISTRATIVA\/arquivos\/ED_4_EBSEHR_ADMINISTRATIVA___ABERTURA.PDF\">\u00c1rea Administrativa<\/a> englobou <strong>144 vagas<\/strong> imediatas para<strong> 19 esp\u00e9cies de cargos<\/strong>.  <\/p>\n\n\n\n<h2 class=\"wp-block-heading\" id=\"h-regioes-e-unidades-de-lotacao-do-concurso-ebserh-2018\"><strong>Regi\u00f5es e unidades de lota\u00e7\u00e3o do Concurso EBSERH 2018<\/strong><\/h2>\n\n\n\n<p>Ao se inscrever no \u00faltimo Concurso EBSERH, o candidato deveria optar pelo cargo, especialidade, regi\u00e3o e por <strong>at\u00e9 tr\u00eas unidades hospitalares de lota\u00e7\u00e3o <\/strong>inseridas na regi\u00e3o \u00e0 qual desejasse concorrer.  <\/p>\n\n\n\n<p>A divis\u00e3o das 10 regi\u00f5es e suas respectivas unidades hospitalares e cidades de lota\u00e7\u00e3o podem ser vistas na tabela abaixo. A convoca\u00e7\u00e3o dos candidatos aprovados segue a ordem de classifica\u00e7\u00e3o da unidade hospitalar escolhida como primeira op\u00e7\u00e3o pelo candidato. <\/p>\n\n\n\n<figure class=\"wp-block-image aligncenter\"><img decoding=\"async\" src=\"https:\/\/dhg1h5j42swfq.cloudfront.net\/2019\/10\/29180309\/REGI%C3%95ES-EBSERH.jpg\" alt=\"concurso EBSERH 2018\" class=\"wp-image-441666\"\/><figcaption class=\"wp-element-caption\">Regi\u00f5es, unidades hospitalares e lota\u00e7\u00f5es EBSERH<\/figcaption><\/figure>\n\n\n\n<h2 class=\"wp-block-heading\" id=\"h-numero-de-inscritos-do-concurso-ebserh-2018\"><strong>N\u00famero de Inscritos do Concurso EBSERH 2018<\/strong><\/h2>\n\n\n\n<p>De acordo com informa\u00e7\u00f5es do Cebraspe, banca organizadora do \u00faltimo Concurso EBSERH, o certame contou com um <strong>total de 77.874 inscritos <\/strong>distribu\u00eddos da seguinte forma entre as tr\u00eas \u00e1reas ofertadas:<\/p>\n\n\n\n<ul class=\"wp-block-list\">\n<li> \u00c1rea M\u00e9dica: <strong>4.009 inscritos<\/strong>; <\/li>\n\n\n\n<li> \u00c1rea Assistencial: <strong>53.709 inscritos<\/strong>; <\/li>\n\n\n\n<li> \u00c1rea Administrativa:<strong> 20.156 inscritos<\/strong>. <\/li>\n<\/ul>\n\n\n\n<h2 class=\"wp-block-heading\" id=\"h-demanda-de-candidatos-por-vaga-do-concurso-ebserh-2018\"><strong>Demanda de candidatos por vaga do Concurso EBSERH 2018<\/strong><\/h2>\n\n\n\n<p>A concorr\u00eancia para cada um dos cargos ofertados e suas respectivas regi\u00f5es pode ser acessada pelo site da banca examinadora. <em>Confira abaixo<\/em>.<\/p>\n\n\n\n<ul class=\"wp-block-list\">\n<li> Concorr\u00eancia por cargo: <a href=\"https:\/\/cdn.cebraspe.org.br\/concursos\/EBSERH_18_MEDICA\/arquivos\/EBSERH_18_MEDICA___DEMANDA.PDF\">\u00c1rea M\u00e9dica<\/a> <\/li>\n\n\n\n<li> Concorr\u00eancia por cargo: <a href=\"https:\/\/cdn.cebraspe.org.br\/concursos\/EBSERH_18_ASSISTENCIAL\/arquivos\/EBSERH_18_ASSISTENCIAL___DEMANDA.PDF\">\u00c1rea Assistencial<\/a> <\/li>\n\n\n\n<li> Concorr\u00eancia por cargo: <a href=\"https:\/\/cdn.cebraspe.org.br\/concursos\/EBSERH_18_ADMINISTRATIVO\/arquivos\/EBSERH_18_ADMINISTRATIVO___DEMANDA.PDF\">\u00c1rea Administrativa<\/a><\/li>\n<\/ul>\n\n\n\n<p>De acordo com o Cebraspe, na <strong>\u00c1rea M\u00e9dica<\/strong>, a especialidade de Pediatria na Regi\u00e3o 4 foi o cargo com maior demanda de candidatos por vagas (105 inscritos para 1 vaga imediata). Contudo, para algumas especialidades, tais como Hepatologia (Regi\u00e3o 8) e Nutrologia (Regi\u00e3o 3), houve apenas 1 inscrito por vaga. <\/p>\n\n\n\n<p>Na <strong>\u00c1rea Assistencial<\/strong>, o cargo de maior concorr\u00eancia foi T\u00e9cnico de Enfermagem da Regi\u00e3o 1 (835 candidatos por vaga) e o de menor concorr\u00eancia foi o cargo de F\u00edsico (Regi\u00e3o 10), na \u00e1rea F\u00edsica M\u00e9dica com especialidade em Radioterapia, com um total de 3 candidatos por vaga.  <\/p>\n\n\n\n<p>Na<strong> \u00c1rea Administrativa<\/strong>, a maior demanda de candidatos por vaga ocorreu no cargo de Assistente Administrativo da Regi\u00e3o 1 (868 candidatos por vaga) e a menor demanda no cargo de Analista Administrativo, especialidade Rela\u00e7\u00f5es P\u00fablicas, da Regi\u00e3o 7 (13 candidatos por vaga).<\/p>\n\n\n\n<h2 class=\"wp-block-heading\" id=\"h-notas-de-corte-do-concurso-ebserh-2018\"><strong>Notas de corte do Concurso EBSERH 2018<\/strong><\/h2>\n\n\n\n<p>As provas objetivas aplicadas para cada \u00e1rea do \u00faltimo certame totalizavam 100 itens de julgamento CERTO ou ERRADO, com <strong>valor m\u00e1ximo de 100 pontos<\/strong>. Seguindo o j\u00e1 conhecido esquema de avalia\u00e7\u00e3o do Cebraspe, para <strong>cada acerto<\/strong> do candidato era atribu\u00eddo <strong>um ponto positivo<\/strong>, para<strong> cada item em branco<\/strong> era atribu\u00eddo <strong>zero pontos<\/strong> e para <strong>cada erro<\/strong> era atribu\u00eddo <strong>um ponto negativo<\/strong>.  <\/p>\n\n\n\n<p>As notas de corte da prova objetiva em pontos l\u00edquidos <em>(ou seja, ap\u00f3s desconto de erros e acertos)<\/em> por cargo da <strong>\u00c1rea M\u00e9dica<\/strong> est\u00e3o listadas na tabela a seguir, considerando como corte<strong> <\/strong>a <strong>m\u00e9dia da pontua\u00e7\u00e3o final dos \u00faltimos aprovados de todas as regi\u00f5es ofertadas.<\/strong><\/p>\n\n\n\n<figure class=\"wp-block-image aligncenter\"><img loading=\"lazy\" decoding=\"async\" width=\"887\" height=\"1613\" src=\"https:\/\/dhg1h5j42swfq.cloudfront.net\/2019\/10\/29180442\/NOTA-DE-CORTE-MEDICOS-EBSERH.png\" alt=\"M\u00e9dia das notas de corte (\u00e1rea m\u00e9dica) - Concurso EBSERH 2018\" class=\"wp-image-441667\" srcset=\"https:\/\/dhg1h5j42swfq.cloudfront.net\/2019\/10\/29180442\/NOTA-DE-CORTE-MEDICOS-EBSERH.png 887w, https:\/\/dhg1h5j42swfq.cloudfront.net\/2019\/10\/29180442\/NOTA-DE-CORTE-MEDICOS-EBSERH.png 165w, https:\/\/dhg1h5j42swfq.cloudfront.net\/2019\/10\/29180442\/NOTA-DE-CORTE-MEDICOS-EBSERH.png 768w, https:\/\/dhg1h5j42swfq.cloudfront.net\/2019\/10\/29180442\/NOTA-DE-CORTE-MEDICOS-EBSERH.png 563w, https:\/\/dhg1h5j42swfq.cloudfront.net\/2019\/10\/29180442\/NOTA-DE-CORTE-MEDICOS-EBSERH.png 610w\" sizes=\"auto, (max-width: 887px) 100vw, 887px\" \/><figcaption class=\"wp-element-caption\">M\u00e9dia das notas de corte (\u00c1rea M\u00e9dica) &#8211; Concurso EBSERH 2018<\/figcaption><\/figure>\n\n\n\n<p> Para a <strong>\u00c1rea Assistencial<\/strong>, foram obtidas as seguintes m\u00e9dias de notas de corte entre todas as regi\u00f5es:<\/p>\n\n\n\n<figure class=\"wp-block-image aligncenter\"><img loading=\"lazy\" decoding=\"async\" width=\"811\" height=\"614\" src=\"https:\/\/dhg1h5j42swfq.cloudfront.net\/2019\/10\/29180600\/NOTA-DE-CORTE-ASSISTENCIAL-EBSERH.png\" alt=\"M\u00e9dia das notas de corte (\u00c1rea Assistencial) - Concurso EBSERH 2018\" class=\"wp-image-441668\" srcset=\"https:\/\/dhg1h5j42swfq.cloudfront.net\/2019\/10\/29180600\/NOTA-DE-CORTE-ASSISTENCIAL-EBSERH.png 811w, https:\/\/dhg1h5j42swfq.cloudfront.net\/2019\/10\/29180600\/NOTA-DE-CORTE-ASSISTENCIAL-EBSERH.png 300w, https:\/\/dhg1h5j42swfq.cloudfront.net\/2019\/10\/29180600\/NOTA-DE-CORTE-ASSISTENCIAL-EBSERH.png 768w, https:\/\/dhg1h5j42swfq.cloudfront.net\/2019\/10\/29180600\/NOTA-DE-CORTE-ASSISTENCIAL-EBSERH.png 610w\" sizes=\"auto, (max-width: 811px) 100vw, 811px\" \/><figcaption class=\"wp-element-caption\">M\u00e9dia das notas de corte (\u00c1rea Assistencial) &#8211; Concurso EBSERH 2018<\/figcaption><\/figure>\n\n\n\n<p>Para a <strong>\u00c1rea Administrativa<\/strong>, as m\u00e9dias das notas de corte encontram-se na tabela a seguir.<\/p>\n\n\n\n<figure class=\"wp-block-image aligncenter\"><img loading=\"lazy\" decoding=\"async\" width=\"859\" height=\"538\" src=\"https:\/\/dhg1h5j42swfq.cloudfront.net\/2019\/10\/29180644\/NOTA-DE-CORTE-ADMINISTRATIVO-EBSERH.jpg\" alt=\"M\u00e9dia das notas de corte (\u00c1rea Administrativa) - Concurso EBSERH 2018 \" class=\"wp-image-441669\" srcset=\"https:\/\/dhg1h5j42swfq.cloudfront.net\/2019\/10\/29180644\/NOTA-DE-CORTE-ADMINISTRATIVO-EBSERH.jpg 859w, https:\/\/dhg1h5j42swfq.cloudfront.net\/2019\/10\/29180644\/NOTA-DE-CORTE-ADMINISTRATIVO-EBSERH.jpg 300w, https:\/\/dhg1h5j42swfq.cloudfront.net\/2019\/10\/29180644\/NOTA-DE-CORTE-ADMINISTRATIVO-EBSERH.jpg 768w, https:\/\/dhg1h5j42swfq.cloudfront.net\/2019\/10\/29180644\/NOTA-DE-CORTE-ADMINISTRATIVO-EBSERH.jpg 610w\" sizes=\"auto, (max-width: 859px) 100vw, 859px\" \/><figcaption class=\"wp-element-caption\"> <br \/>M\u00e9dia das notas de corte (\u00c1rea Administrativa) &#8211; Concurso EBSERH 2018 <\/figcaption><\/figure>\n\n\n\n<p class=\"has-text-align-center has-luminous-vivid-amber-background-color has-background\"><a href=\"https:\/\/youtu.be\/o3GuJLkrCa8\"><strong>TIRE SUAS D\u00daVIDAS DE COMO ESTUDAR! <br \/>MONITORIA EBSERH AO VIVO AMANH\u00c3 31\/10\/2019<\/strong><\/a><\/p>\n\n\n\n<h2 class=\"wp-block-heading\" id=\"h-homologacao-e-convocacoes-do-concurso-ebserh-2018\"><strong>Homologa\u00e7\u00e3o e Convoca\u00e7\u00f5es do Concurso EBSERH 2018<\/strong><\/h2>\n\n\n\n<p>Tendo a prova objetiva sido realizada no dia 6 de maio de 2018, a homologa\u00e7\u00e3o do resultado final do concurso EBSERH ocorreu aproximadamente 2 meses depois, no dia <strong>5 de julho de 2018<\/strong>.  <\/p>\n\n\n\n<p>A<strong> primeira convoca\u00e7\u00e3o<\/strong> de aprovados foi publicada no Di\u00e1rio Oficial da Uni\u00e3o no dia 9 de outubro de 2018, <strong>3 meses ap\u00f3s a homologa\u00e7\u00e3o<\/strong>. Desde ent\u00e3o, outras nomea\u00e7\u00f5es aconteceram em novembro de 2018 e nos meses de janeiro, mar\u00e7o, abril, maio, junho e julho de 2019.  <\/p>\n\n\n\n<p>De acordo com o informativo de situa\u00e7\u00e3o de convoca\u00e7\u00f5es da pr\u00f3pria EBSERH, o somat\u00f3rio de nomea\u00e7\u00f5es do \u00faltimo concurso corresponde aos n\u00fameros abaixo:<\/p>\n\n\n\n<ul class=\"wp-block-list\">\n<li> At\u00e9 dezembro de 2018: <strong>417<\/strong> <a href=\"http:\/\/www2.ebserh.gov.br\/documents\/2860760\/0\/Quadro+de+convoca%C3%A7%C3%B5es+concurso+nacional+dezembro.pdf\/386a1d1e-7a60-4ed1-bf8c-41b4928f1143\">candidatos convocados<\/a>; <\/li>\n\n\n\n<li> At\u00e9 maio de 2019: <strong>1.196<\/strong> <a href=\"http:\/\/www2.ebserh.gov.br\/documents\/2860760\/4095975\/RESUMO+CONTROLE+DE+CONVOCA%C3%87%C3%83O+01+2018+Atualizado+JUNHO+2019.pdf\/798b325a-b30b-48cc-97f3-f5146a744ebe\">candidatos convocados<\/a>; <\/li>\n\n\n\n<li><strong> <\/strong>At\u00e9 setembro de 2019: <strong>2.678<\/strong> <a href=\"http:\/\/www2.ebserh.gov.br\/documents\/15792\/0\/ATUALIZA%C3%87%C3%83O+SITUA%C3%87%C3%83O+DAS+CONVOCA%C3%87%C3%95ES+-+SETEMBRO.pdf\/3c714da8-7327-4250-9fcd-d127d9be908b\">candidatos convocados<\/a>. <\/li>\n<\/ul>\n\n\n\n<p>Percebe-se, portanto, que em pouco mais de um ano ap\u00f3s a homologa\u00e7\u00e3o do \u00faltimo Concurso EBSERH foram convocadas n\u00e3o apenas <strong>todas as 1.189 vagas imediatas<\/strong>, mas tamb\u00e9m uma <strong>grande parte do cadastro de reserva<\/strong> do \u00f3rg\u00e3o.  <\/p>\n\n\n\n<p><strong>N\u00e3o perca a chance de ser aprovado no novo Concurso ESBERH! Inicie o quanto antes a sua prepara\u00e7\u00e3o conosco!<\/strong><\/p>\n\n\n\n<p class=\"has-text-align-center has-luminous-vivid-amber-background-color has-background\"><a href=\"https:\/\/www.estrategiaconcursos.com.br\/cursosPorConcurso\/promocao-pacotes-para-ebserh\/\"><strong>CURSOS \u2013 PROMO\u00c7\u00c3O \u2013 PACOTES PARA EBSERH<\/strong><\/a><\/p>\n\n\n\n<p class=\"has-text-align-center\"><em>Assine agora a nossa Assinatura Anual e tenha acesso ilimitado a todos os nossos cursos.<\/em><\/p>\n\n\n\n<p class=\"has-text-align-center has-vivid-green-cyan-background-color has-background\"><strong>ASSINE AGORA<\/strong>&nbsp;\u2013&nbsp;<a rel=\"noreferrer noopener\" href=\"https:\/\/www.estrategiaconcursos.com.br\/assinaturas\" target=\"_blank\"><strong>Assinatura Ilimitada<\/strong><\/a><\/p>\n\n\n\n<p class=\"has-text-align-center has-pale-cyan-blue-background-color has-background\"><a href=\"https:\/\/www.estrategiaconcursos.com.br\/blog\/concursos-abertos\/\"><strong>CONCURSOS ABERTOS<\/strong><\/a><\/p>\n","protected":false},"excerpt":{"rendered":"<p>Neste artigo, traremos algumas informa\u00e7\u00f5es espec\u00edficas acerca do \u00faltimo concurso da EBSERH realizado em 2018. Para se inteirar sobre as informa\u00e7\u00f5es gerais do certame anterior e a atual situa\u00e7\u00e3o de cargos vagos do \u00f3rg\u00e3o, acesse o nosso artigo j\u00e1 publicado sobre o Concurso EBSERH. Novos editais para o concurso da Empresa Brasileira de Servi\u00e7os Hospitalares [&hellip;]<\/p>\n","protected":false},"author":1,"featured_media":441702,"comment_status":"open","ping_status":"closed","sticky":false,"template":"","format":"standard","meta":{"post_tipo":"news","footnotes":""},"categories":[1,1981],"tags":[],"tax_estado":[],"class_list":["post-441594","post","type-post","status-publish","format-standard","has-post-thumbnail","hentry","category-cursos-e-concursos","category-saude"],"acf":[],"yoast_head":"<!-- This site is optimized with the Yoast SEO Premium plugin v27.2 (Yoast SEO v27.2) - https:\/\/yoast.com\/product\/yoast-seo-premium-wordpress\/ -->\n<title>Notas de corte EBSERH e n\u00famero de convocados do concurso anterior<\/title>\n<meta name=\"description\" content=\"Saiba tudo sobre o \u00faltimo concurso EBSERH e impulsione sua prepara\u00e7\u00e3o para o novo certame! Notas de corte, n\u00famero de convocados, concorr\u00eancia, e muito mais.\" \/>\n<meta name=\"robots\" content=\"index, follow, max-snippet:-1, max-image-preview:large, max-video-preview:-1\" \/>\n<link rel=\"canonical\" href=\"https:\/\/www.estrategiaconcursos.com.br\/blog\/concurso-ebserh-notas-corte\/\" \/>\n<meta property=\"og:locale\" content=\"pt_BR\" \/>\n<meta property=\"og:type\" content=\"article\" \/>\n<meta property=\"og:title\" content=\"Notas de corte EBSERH e n\u00famero de convocados do concurso anterior\" \/>\n<meta property=\"og:description\" content=\"Saiba tudo sobre o \u00faltimo concurso EBSERH e impulsione sua prepara\u00e7\u00e3o para o novo certame! Notas de corte, n\u00famero de convocados, concorr\u00eancia, e muito mais.\" \/>\n<meta property=\"og:url\" content=\"https:\/\/www.estrategiaconcursos.com.br\/blog\/concurso-ebserh-notas-corte\/\" \/>\n<meta property=\"og:site_name\" content=\"Estrat\u00e9gia Concursos\" \/>\n<meta property=\"article:author\" content=\"https:\/\/www.facebook.com\/EstrategiaConcursos\" \/>\n<meta property=\"article:published_time\" content=\"2019-10-31T18:02:14+00:00\" \/>\n<meta property=\"article:modified_time\" content=\"2023-10-10T20:46:02+00:00\" \/>\n<meta property=\"og:image\" content=\"https:\/\/dhg1h5j42swfq.cloudfront.net\/2019\/10\/29184400\/ebserh-e15206088839871.jpg\" \/>\n\t<meta property=\"og:image:width\" content=\"400\" \/>\n\t<meta property=\"og:image:height\" content=\"209\" \/>\n\t<meta property=\"og:image:type\" content=\"image\/jpeg\" \/>\n<meta name=\"author\" content=\"Coordena\u00e7\u00e3o\" \/>\n<meta name=\"twitter:card\" content=\"summary_large_image\" \/>\n<meta name=\"twitter:creator\" content=\"@EstratConcursos\" \/>\n<meta name=\"twitter:site\" content=\"@EstratConcursos\" \/>\n<meta name=\"twitter:label1\" content=\"Escrito por\" \/>\n\t<meta name=\"twitter:data1\" content=\"Coordena\u00e7\u00e3o\" \/>\n\t<meta name=\"twitter:label2\" content=\"Est. tempo de leitura\" \/>\n\t<meta name=\"twitter:data2\" content=\"5 minutos\" \/>\n<script type=\"application\/ld+json\" class=\"yoast-schema-graph\">{\"@context\":\"https:\/\/schema.org\",\"@graph\":[{\"@type\":\"NewsArticle\",\"@id\":\"https:\/\/www.estrategiaconcursos.com.br\/blog\/concurso-ebserh-notas-corte\/#article\",\"isPartOf\":{\"@id\":\"https:\/\/www.estrategiaconcursos.com.br\/blog\/concurso-ebserh-notas-corte\/\"},\"author\":{\"name\":\"Coordena\u00e7\u00e3o\",\"@id\":\"https:\/\/www.estrategiaconcursos.com.br\/blog\/#\/schema\/person\/b4a388c97673c5f483d72185668afa1f\"},\"headline\":\"Notas de corte EBSERH e n\u00famero de convocados do concurso anterior\",\"datePublished\":\"2019-10-31T18:02:14+00:00\",\"dateModified\":\"2023-10-10T20:46:02+00:00\",\"mainEntityOfPage\":{\"@id\":\"https:\/\/www.estrategiaconcursos.com.br\/blog\/concurso-ebserh-notas-corte\/\"},\"wordCount\":949,\"commentCount\":0,\"publisher\":{\"@id\":\"https:\/\/www.estrategiaconcursos.com.br\/blog\/#organization\"},\"image\":{\"@id\":\"https:\/\/www.estrategiaconcursos.com.br\/blog\/concurso-ebserh-notas-corte\/#primaryimage\"},\"thumbnailUrl\":\"https:\/\/dhg1h5j42swfq.cloudfront.net\/2019\/10\/29184400\/ebserh-e15206088839871.jpg\",\"articleSection\":[\"Concursos P\u00fablicos\",\"Sa\u00fade\"],\"inLanguage\":\"pt-BR\",\"potentialAction\":[{\"@type\":\"CommentAction\",\"name\":\"Comment\",\"target\":[\"https:\/\/www.estrategiaconcursos.com.br\/blog\/concurso-ebserh-notas-corte\/#respond\"]}],\"copyrightYear\":\"2019\",\"copyrightHolder\":{\"@id\":\"https:\/\/www.estrategiaconcursos.com.br\/blog\/#organization\"}},{\"@type\":\"WebPage\",\"@id\":\"https:\/\/www.estrategiaconcursos.com.br\/blog\/concurso-ebserh-notas-corte\/\",\"url\":\"https:\/\/www.estrategiaconcursos.com.br\/blog\/concurso-ebserh-notas-corte\/\",\"name\":\"Notas de corte EBSERH e n\u00famero de convocados do concurso anterior\",\"isPartOf\":{\"@id\":\"https:\/\/www.estrategiaconcursos.com.br\/blog\/#website\"},\"primaryImageOfPage\":{\"@id\":\"https:\/\/www.estrategiaconcursos.com.br\/blog\/concurso-ebserh-notas-corte\/#primaryimage\"},\"image\":{\"@id\":\"https:\/\/www.estrategiaconcursos.com.br\/blog\/concurso-ebserh-notas-corte\/#primaryimage\"},\"thumbnailUrl\":\"https:\/\/dhg1h5j42swfq.cloudfront.net\/2019\/10\/29184400\/ebserh-e15206088839871.jpg\",\"datePublished\":\"2019-10-31T18:02:14+00:00\",\"dateModified\":\"2023-10-10T20:46:02+00:00\",\"description\":\"Saiba tudo sobre o \u00faltimo concurso EBSERH e impulsione sua prepara\u00e7\u00e3o para o novo certame! Notas de corte, n\u00famero de convocados, concorr\u00eancia, e muito mais.\",\"breadcrumb\":{\"@id\":\"https:\/\/www.estrategiaconcursos.com.br\/blog\/concurso-ebserh-notas-corte\/#breadcrumb\"},\"inLanguage\":\"pt-BR\",\"potentialAction\":[{\"@type\":\"ReadAction\",\"target\":[\"https:\/\/www.estrategiaconcursos.com.br\/blog\/concurso-ebserh-notas-corte\/\"]}]},{\"@type\":\"ImageObject\",\"inLanguage\":\"pt-BR\",\"@id\":\"https:\/\/www.estrategiaconcursos.com.br\/blog\/concurso-ebserh-notas-corte\/#primaryimage\",\"url\":\"https:\/\/dhg1h5j42swfq.cloudfront.net\/2019\/10\/29184400\/ebserh-e15206088839871.jpg\",\"contentUrl\":\"https:\/\/dhg1h5j42swfq.cloudfront.net\/2019\/10\/29184400\/ebserh-e15206088839871.jpg\",\"width\":400,\"height\":209,\"caption\":\"Resid\u00eancia Multiprofissional EBSERH\"},{\"@type\":\"BreadcrumbList\",\"@id\":\"https:\/\/www.estrategiaconcursos.com.br\/blog\/concurso-ebserh-notas-corte\/#breadcrumb\",\"itemListElement\":[{\"@type\":\"ListItem\",\"position\":1,\"name\":\"In\u00edcio\",\"item\":\"https:\/\/www.estrategiaconcursos.com.br\/blog\/\"},{\"@type\":\"ListItem\",\"position\":2,\"name\":\"Notas de corte EBSERH e n\u00famero de convocados do concurso anterior\"}]},{\"@type\":\"WebSite\",\"@id\":\"https:\/\/www.estrategiaconcursos.com.br\/blog\/#website\",\"url\":\"https:\/\/www.estrategiaconcursos.com.br\/blog\/\",\"name\":\"Estrat\u00e9gia Concursos\",\"description\":\"O blog da Estrat\u00e9gia Concursos traz not\u00edcias sobre concursos e artigos de professores oferecendo cursos para concursos (pdf + videaulas) no site.\",\"publisher\":{\"@id\":\"https:\/\/www.estrategiaconcursos.com.br\/blog\/#organization\"},\"potentialAction\":[{\"@type\":\"SearchAction\",\"target\":{\"@type\":\"EntryPoint\",\"urlTemplate\":\"https:\/\/www.estrategiaconcursos.com.br\/blog\/?s={search_term_string}\"},\"query-input\":{\"@type\":\"PropertyValueSpecification\",\"valueRequired\":true,\"valueName\":\"search_term_string\"}}],\"inLanguage\":\"pt-BR\"},{\"@type\":\"Organization\",\"@id\":\"https:\/\/www.estrategiaconcursos.com.br\/blog\/#organization\",\"name\":\"Estrat\u00e9gia Concursos\",\"url\":\"https:\/\/www.estrategiaconcursos.com.br\/blog\/\",\"logo\":{\"@type\":\"ImageObject\",\"inLanguage\":\"pt-BR\",\"@id\":\"https:\/\/www.estrategiaconcursos.com.br\/blog\/#\/schema\/logo\/image\/\",\"url\":\"https:\/\/dhg1h5j42swfq.cloudfront.net\/2025\/06\/03203428\/logo_concursos-1.jpg\",\"contentUrl\":\"https:\/\/dhg1h5j42swfq.cloudfront.net\/2025\/06\/03203428\/logo_concursos-1.jpg\",\"width\":230,\"height\":60,\"caption\":\"Estrat\u00e9gia Concursos\"},\"image\":{\"@id\":\"https:\/\/www.estrategiaconcursos.com.br\/blog\/#\/schema\/logo\/image\/\"},\"sameAs\":[\"https:\/\/x.com\/EstratConcursos\"]},{\"@type\":\"Person\",\"@id\":\"https:\/\/www.estrategiaconcursos.com.br\/blog\/#\/schema\/person\/b4a388c97673c5f483d72185668afa1f\",\"name\":\"Coordena\u00e7\u00e3o\",\"image\":{\"@type\":\"ImageObject\",\"inLanguage\":\"pt-BR\",\"@id\":\"https:\/\/secure.gravatar.com\/avatar\/b720319e4c9a967eb58678d110f4fe35452fc5d5f97b202bac7b8acceb18c6ad?s=96&d=mm&r=g\",\"url\":\"https:\/\/secure.gravatar.com\/avatar\/b720319e4c9a967eb58678d110f4fe35452fc5d5f97b202bac7b8acceb18c6ad?s=96&d=mm&r=g\",\"contentUrl\":\"https:\/\/secure.gravatar.com\/avatar\/b720319e4c9a967eb58678d110f4fe35452fc5d5f97b202bac7b8acceb18c6ad?s=96&d=mm&r=g\",\"caption\":\"Coordena\u00e7\u00e3o\"},\"sameAs\":[\"https:\/\/www.facebook.com\/EstrategiaConcursos\",\"https:\/\/x.com\/EstratConcursos\"],\"url\":\"https:\/\/www.estrategiaconcursos.com.br\/blog\/author\/estrategia2013\/\"}]}<\/script>\n<!-- \/ Yoast SEO Premium plugin. -->","yoast_head_json":{"title":"Notas de corte EBSERH e n\u00famero de convocados do concurso anterior","description":"Saiba tudo sobre o \u00faltimo concurso EBSERH e impulsione sua prepara\u00e7\u00e3o para o novo certame! Notas de corte, n\u00famero de convocados, concorr\u00eancia, e muito mais.","robots":{"index":"index","follow":"follow","max-snippet":"max-snippet:-1","max-image-preview":"max-image-preview:large","max-video-preview":"max-video-preview:-1"},"canonical":"https:\/\/www.estrategiaconcursos.com.br\/blog\/concurso-ebserh-notas-corte\/","og_locale":"pt_BR","og_type":"article","og_title":"Notas de corte EBSERH e n\u00famero de convocados do concurso anterior","og_description":"Saiba tudo sobre o \u00faltimo concurso EBSERH e impulsione sua prepara\u00e7\u00e3o para o novo certame! Notas de corte, n\u00famero de convocados, concorr\u00eancia, e muito mais.","og_url":"https:\/\/www.estrategiaconcursos.com.br\/blog\/concurso-ebserh-notas-corte\/","og_site_name":"Estrat\u00e9gia Concursos","article_author":"https:\/\/www.facebook.com\/EstrategiaConcursos","article_published_time":"2019-10-31T18:02:14+00:00","article_modified_time":"2023-10-10T20:46:02+00:00","og_image":[{"width":400,"height":209,"url":"https:\/\/dhg1h5j42swfq.cloudfront.net\/2019\/10\/29184400\/ebserh-e15206088839871.jpg","type":"image\/jpeg"}],"author":"Coordena\u00e7\u00e3o","twitter_card":"summary_large_image","twitter_creator":"@EstratConcursos","twitter_site":"@EstratConcursos","twitter_misc":{"Escrito por":"Coordena\u00e7\u00e3o","Est. tempo de leitura":"5 minutos"},"schema":{"@context":"https:\/\/schema.org","@graph":[{"@type":"NewsArticle","@id":"https:\/\/www.estrategiaconcursos.com.br\/blog\/concurso-ebserh-notas-corte\/#article","isPartOf":{"@id":"https:\/\/www.estrategiaconcursos.com.br\/blog\/concurso-ebserh-notas-corte\/"},"author":{"name":"Coordena\u00e7\u00e3o","@id":"https:\/\/www.estrategiaconcursos.com.br\/blog\/#\/schema\/person\/b4a388c97673c5f483d72185668afa1f"},"headline":"Notas de corte EBSERH e n\u00famero de convocados do concurso anterior","datePublished":"2019-10-31T18:02:14+00:00","dateModified":"2023-10-10T20:46:02+00:00","mainEntityOfPage":{"@id":"https:\/\/www.estrategiaconcursos.com.br\/blog\/concurso-ebserh-notas-corte\/"},"wordCount":949,"commentCount":0,"publisher":{"@id":"https:\/\/www.estrategiaconcursos.com.br\/blog\/#organization"},"image":{"@id":"https:\/\/www.estrategiaconcursos.com.br\/blog\/concurso-ebserh-notas-corte\/#primaryimage"},"thumbnailUrl":"https:\/\/dhg1h5j42swfq.cloudfront.net\/2019\/10\/29184400\/ebserh-e15206088839871.jpg","articleSection":["Concursos P\u00fablicos","Sa\u00fade"],"inLanguage":"pt-BR","potentialAction":[{"@type":"CommentAction","name":"Comment","target":["https:\/\/www.estrategiaconcursos.com.br\/blog\/concurso-ebserh-notas-corte\/#respond"]}],"copyrightYear":"2019","copyrightHolder":{"@id":"https:\/\/www.estrategiaconcursos.com.br\/blog\/#organization"}},{"@type":"WebPage","@id":"https:\/\/www.estrategiaconcursos.com.br\/blog\/concurso-ebserh-notas-corte\/","url":"https:\/\/www.estrategiaconcursos.com.br\/blog\/concurso-ebserh-notas-corte\/","name":"Notas de corte EBSERH e n\u00famero de convocados do concurso anterior","isPartOf":{"@id":"https:\/\/www.estrategiaconcursos.com.br\/blog\/#website"},"primaryImageOfPage":{"@id":"https:\/\/www.estrategiaconcursos.com.br\/blog\/concurso-ebserh-notas-corte\/#primaryimage"},"image":{"@id":"https:\/\/www.estrategiaconcursos.com.br\/blog\/concurso-ebserh-notas-corte\/#primaryimage"},"thumbnailUrl":"https:\/\/dhg1h5j42swfq.cloudfront.net\/2019\/10\/29184400\/ebserh-e15206088839871.jpg","datePublished":"2019-10-31T18:02:14+00:00","dateModified":"2023-10-10T20:46:02+00:00","description":"Saiba tudo sobre o \u00faltimo concurso EBSERH e impulsione sua prepara\u00e7\u00e3o para o novo certame! Notas de corte, n\u00famero de convocados, concorr\u00eancia, e muito mais.","breadcrumb":{"@id":"https:\/\/www.estrategiaconcursos.com.br\/blog\/concurso-ebserh-notas-corte\/#breadcrumb"},"inLanguage":"pt-BR","potentialAction":[{"@type":"ReadAction","target":["https:\/\/www.estrategiaconcursos.com.br\/blog\/concurso-ebserh-notas-corte\/"]}]},{"@type":"ImageObject","inLanguage":"pt-BR","@id":"https:\/\/www.estrategiaconcursos.com.br\/blog\/concurso-ebserh-notas-corte\/#primaryimage","url":"https:\/\/dhg1h5j42swfq.cloudfront.net\/2019\/10\/29184400\/ebserh-e15206088839871.jpg","contentUrl":"https:\/\/dhg1h5j42swfq.cloudfront.net\/2019\/10\/29184400\/ebserh-e15206088839871.jpg","width":400,"height":209,"caption":"Resid\u00eancia Multiprofissional EBSERH"},{"@type":"BreadcrumbList","@id":"https:\/\/www.estrategiaconcursos.com.br\/blog\/concurso-ebserh-notas-corte\/#breadcrumb","itemListElement":[{"@type":"ListItem","position":1,"name":"In\u00edcio","item":"https:\/\/www.estrategiaconcursos.com.br\/blog\/"},{"@type":"ListItem","position":2,"name":"Notas de corte EBSERH e n\u00famero de convocados do concurso anterior"}]},{"@type":"WebSite","@id":"https:\/\/www.estrategiaconcursos.com.br\/blog\/#website","url":"https:\/\/www.estrategiaconcursos.com.br\/blog\/","name":"Estrat\u00e9gia Concursos","description":"O blog da Estrat\u00e9gia Concursos traz not\u00edcias sobre concursos e artigos de professores oferecendo cursos para concursos (pdf + videaulas) no site.","publisher":{"@id":"https:\/\/www.estrategiaconcursos.com.br\/blog\/#organization"},"potentialAction":[{"@type":"SearchAction","target":{"@type":"EntryPoint","urlTemplate":"https:\/\/www.estrategiaconcursos.com.br\/blog\/?s={search_term_string}"},"query-input":{"@type":"PropertyValueSpecification","valueRequired":true,"valueName":"search_term_string"}}],"inLanguage":"pt-BR"},{"@type":"Organization","@id":"https:\/\/www.estrategiaconcursos.com.br\/blog\/#organization","name":"Estrat\u00e9gia Concursos","url":"https:\/\/www.estrategiaconcursos.com.br\/blog\/","logo":{"@type":"ImageObject","inLanguage":"pt-BR","@id":"https:\/\/www.estrategiaconcursos.com.br\/blog\/#\/schema\/logo\/image\/","url":"https:\/\/dhg1h5j42swfq.cloudfront.net\/2025\/06\/03203428\/logo_concursos-1.jpg","contentUrl":"https:\/\/dhg1h5j42swfq.cloudfront.net\/2025\/06\/03203428\/logo_concursos-1.jpg","width":230,"height":60,"caption":"Estrat\u00e9gia Concursos"},"image":{"@id":"https:\/\/www.estrategiaconcursos.com.br\/blog\/#\/schema\/logo\/image\/"},"sameAs":["https:\/\/x.com\/EstratConcursos"]},{"@type":"Person","@id":"https:\/\/www.estrategiaconcursos.com.br\/blog\/#\/schema\/person\/b4a388c97673c5f483d72185668afa1f","name":"Coordena\u00e7\u00e3o","image":{"@type":"ImageObject","inLanguage":"pt-BR","@id":"https:\/\/secure.gravatar.com\/avatar\/b720319e4c9a967eb58678d110f4fe35452fc5d5f97b202bac7b8acceb18c6ad?s=96&d=mm&r=g","url":"https:\/\/secure.gravatar.com\/avatar\/b720319e4c9a967eb58678d110f4fe35452fc5d5f97b202bac7b8acceb18c6ad?s=96&d=mm&r=g","contentUrl":"https:\/\/secure.gravatar.com\/avatar\/b720319e4c9a967eb58678d110f4fe35452fc5d5f97b202bac7b8acceb18c6ad?s=96&d=mm&r=g","caption":"Coordena\u00e7\u00e3o"},"sameAs":["https:\/\/www.facebook.com\/EstrategiaConcursos","https:\/\/x.com\/EstratConcursos"],"url":"https:\/\/www.estrategiaconcursos.com.br\/blog\/author\/estrategia2013\/"}]}},"_links":{"self":[{"href":"https:\/\/www.estrategiaconcursos.com.br\/blog\/wp-json\/wp\/v2\/posts\/441594","targetHints":{"allow":["GET"]}}],"collection":[{"href":"https:\/\/www.estrategiaconcursos.com.br\/blog\/wp-json\/wp\/v2\/posts"}],"about":[{"href":"https:\/\/www.estrategiaconcursos.com.br\/blog\/wp-json\/wp\/v2\/types\/post"}],"author":[{"embeddable":true,"href":"https:\/\/www.estrategiaconcursos.com.br\/blog\/wp-json\/wp\/v2\/users\/1"}],"replies":[{"embeddable":true,"href":"https:\/\/www.estrategiaconcursos.com.br\/blog\/wp-json\/wp\/v2\/comments?post=441594"}],"version-history":[{"count":18,"href":"https:\/\/www.estrategiaconcursos.com.br\/blog\/wp-json\/wp\/v2\/posts\/441594\/revisions"}],"predecessor-version":[{"id":1290992,"href":"https:\/\/www.estrategiaconcursos.com.br\/blog\/wp-json\/wp\/v2\/posts\/441594\/revisions\/1290992"}],"wp:featuredmedia":[{"embeddable":true,"href":"https:\/\/www.estrategiaconcursos.com.br\/blog\/wp-json\/wp\/v2\/media\/441702"}],"wp:attachment":[{"href":"https:\/\/www.estrategiaconcursos.com.br\/blog\/wp-json\/wp\/v2\/media?parent=441594"}],"wp:term":[{"taxonomy":"category","embeddable":true,"href":"https:\/\/www.estrategiaconcursos.com.br\/blog\/wp-json\/wp\/v2\/categories?post=441594"},{"taxonomy":"post_tag","embeddable":true,"href":"https:\/\/www.estrategiaconcursos.com.br\/blog\/wp-json\/wp\/v2\/tags?post=441594"},{"taxonomy":"tax_estado","embeddable":true,"href":"https:\/\/www.estrategiaconcursos.com.br\/blog\/wp-json\/wp\/v2\/tax_estado?post=441594"}],"curies":[{"name":"wp","href":"https:\/\/api.w.org\/{rel}","templated":true}]}}