{"id":44141,"date":"2016-07-24T08:47:31","date_gmt":"2016-07-24T11:47:31","guid":{"rendered":"https:\/\/www.estrategiaconcursos.com.br\/blog\/?p=44141"},"modified":"2016-12-07T17:08:10","modified_gmt":"2016-12-07T20:08:10","slug":"escola-sem-partido-voce-sabe-o-que-significa","status":"publish","type":"post","link":"https:\/\/www.estrategiaconcursos.com.br\/blog\/escola-sem-partido-voce-sabe-o-que-significa\/","title":{"rendered":"Escola sem partido.  Voc\u00ea sabe o que significa?"},"content":{"rendered":"<p style=\"text-align: justify;\">Ol\u00e1!<br \/>\nQue bom estar aqui.<\/p>\n<p style=\"text-align: justify;\">Vim falar um pouco sobre \u201c<strong>Escola sem partido<\/strong>\u201d.\u00a0Voc\u00ea sabe o que significa?<br \/>\nProjeto de lei para a implementa\u00e7\u00e3o da escola sem partido bate recorde diante da ferramenta de consulta p\u00fablica!<\/p>\n<p style=\"text-align: justify;\">A tem\u00e1tica ocasionou alvoro\u00e7o entre os professores e as institui\u00e7\u00f5es nos \u00faltimos dias. Fique atento, este assunto pode aparecer na nossa prova!<\/p>\n<p style=\"text-align: justify;\">A consulta difundida no Senado Federal sobre o pol\u00eamico projeto de Lei do programa da escola sem partido vem recebendo diversas manifesta\u00e7\u00f5es. De autoria do senador Magno Malta (PR-ES) o projeto de lei PLS 193\/2016 pode ser consultado atrav\u00e9s do portal e-cidadania. Todos podem votar a favor ou contra o projeto. At\u00e9 o dia 21-07 a disputa estava equilibrada, segundo o pr\u00f3prio Senado.<\/p>\n<p style=\"text-align: justify;\">Este programa (que j\u00e1 existia desde 2004) ressalta a proposi\u00e7\u00e3o que permeia a ideia ao veto do ensino de quest\u00f5es e conte\u00fados que possam divergir com as convic\u00e7\u00f5es e cren\u00e7as dos pais ou respons\u00e1veis do aluno.<\/p>\n<p style=\"text-align: justify;\"><strong>Qual a Pol\u00eamica da Escola sem Partido?<\/strong><\/p>\n<p style=\"text-align: justify;\">\nUm dos pontos mais pol\u00eamicos est\u00e1 na proposta de colocar nas paredes das salas de aulas do pa\u00eds um cartaz contendo os deveres do professor. Assim, os docentes, devem apresentar neutralidade diante de quest\u00f5es que envolvem pol\u00edtica, ideologia e religi\u00e3o.<\/p>\n<p style=\"text-align: justify;\">Alagoas foi o primeiro Estado a aprovar a ideia. Em abril deste ano, mais especificamente dia 26, os deputados da Assembleia Legislativa de Alagoas conseguiram derrubar o veto do governador Renan Filho (PMDB) ao Projeto Escola Livre. Alagoas ent\u00e3o foi primeiro Estado com a lei 7.800\/2016 a determinar imparcialidade por parte do professor.<\/p>\n<p style=\"text-align: justify;\">De um lado, temos a defesa de que a presen\u00e7a dos deveres do professor proporciona aos alunos o direito a informa\u00e7\u00e3o de que <strong>n\u00e3o podem ser doutrinados facilmente<\/strong>. Por outro lado, os que se posicionam contra, criticam a proposta deixando claro que n<strong>\u00e3o existe educa\u00e7\u00e3o efetiva sem ideologia<\/strong> que possa proporcionar um pensamento cr\u00edtico.<\/p>\n<p style=\"text-align: justify;\">Para acompanhar a tramita\u00e7\u00e3o do projeto Escola Sem Partido, acesse: <a href=\"https:\/\/www12.senado.leg.br\/ecidadania\/visualizacaomateria?id=125666\">https:\/\/www12.senado.leg.br\/ecidadania\/visualizacaomateria?id=125666<\/a><\/p>\n<p style=\"text-align: justify;\">Veja na \u00edntegra o projeto:<\/p>\n<p style=\"text-align: justify;\"><strong>PROJETO DE LEI DO SENADO No , DE 2016.<\/strong><\/p>\n<p style=\"text-align: justify;\">\n<strong>Art.1o.<\/strong> Esta lei dispo\u0303e sobre a inclusa\u0303o entre as diretrizes e bases da educac\u0327a\u0303o nacional, de que trata a Lei no 9.394, de 20 de dezembro de 1996, do &#8220;Programa Escola sem Partido\u201d.<\/p>\n<p style=\"text-align: justify;\">\n<strong>Art. 2o<\/strong>. A educac\u0327a\u0303o nacional atendera\u0301 aos seguintes princi\u0301pios:<\/p>\n<p style=\"text-align: justify;\">\nI &#8211; neutralidade poli\u0301tica, ideolo\u0301gica e religiosa do Estado;<br \/>\nII &#8211; pluralismo de ideias no ambiente acade\u0302mico;<br \/>\nIII &#8211; liberdade de aprender e de ensinar;<br \/>\nIV &#8211; liberdade de conscie\u0302ncia e de crenc\u0327a;<br \/>\nV &#8211; reconhecimento da vulnerabilidade do educando como parte mais fraca na relac\u0327a\u0303o de aprendizado;<br \/>\nVI &#8211; educac\u0327a\u0303o e informac\u0327a\u0303o do estudante quanto aos direitos compreendidos em sua liberdade de conscie\u0302ncia e de crenc\u0327a;<br \/>\nVII &#8211; direito dos pais a que seus filhos recebam a educac\u0327a\u0303o religiosa e moral que esteja de acordo com as suas pro\u0301prias convicc\u0327o\u0303es.<br \/>\nPara\u0301grafo u\u0301nico. O Poder Pu\u0301blico na\u0303o se imiscuira\u0301 na opc\u0327a\u0303o sexual dos alunos nem permitira\u0301 qualquer pra\u0301tica capaz de comprometer, precipitar ou direcionar o natural amadurecimento e desenvolvimento de sua personalidade, em harmonia com a respectiva identidade biolo\u0301gica de sexo, sendo vedada, especialmente, a aplicac\u0327a\u0303o dos postulados da teoria ou ideologia de ge\u0302nero.<\/p>\n<p style=\"text-align: justify;\">\n<strong>Art.3.<\/strong> As institui\u00e7\u00f5es de educa\u00e7\u00e3o b\u00e1sica afixar\u00e3o nas salas de aula e nas salas dos professores cartazes com o conteu\u0301do previsto no anexo desta Lei, com, no mi\u0301nimo, 90 centi\u0301metros de altura por 70 centi\u0301metros de largura, e fonte com tamanho compati\u0301vel com as dimenso\u0303es adotadas.<br \/>\nPara\u0301grafo u\u0301nico. Nas instituic\u0327o\u0303es de educac\u0327a\u0303o infantil, os cartazes referidos no caput deste artigo sera\u0303o afixados somente nas salas dos professores.<\/p>\n<p style=\"text-align: justify;\">\n<strong> Art. 4o<\/strong>. As escolas confessionais e tambe\u0301m as particulares cujas pra\u0301ticas educativas sejam orientadas por concepc\u0327o\u0303es, princi\u0301pios e valores morais, religiosos ou ideolo\u0301gicos, devera\u0303o obter dos pais ou responsa\u0301veis pelos estudantes, no ato da matri\u0301cula, autorizac\u0327a\u0303o expressa para a veiculac\u0327a\u0303o de conteu\u0301dos identificados com os referidos princi\u0301pios, valores e concepc\u0327o\u0303es.<br \/>\nPara\u0301grafo u\u0301nico. Para os fins do disposto no caput deste artigo, as escolas devera\u0303o apresentar e entregar aos pais ou responsa\u0301veis pelos estudantes material informativo que possibilite o pleno conhecimento dos temas ministrados e dos enfoques adotados.<\/p>\n<p style=\"text-align: justify;\">\n<strong>Art. 5o.<\/strong> No exerci\u0301cio de suas func\u0327o\u0303es, o professor:<br \/>\nI \u2013 n\u00e3o se aproveitar\u00e1 da audi\u00eancia cativa dos alunos, para promover os seus pro\u0301prios interesses, opinio\u0303es, concepc\u0327o\u0303es ou prefere\u0302ncias<br \/>\nideolo\u0301gicas, religiosas, morais, poli\u0301ticas e partida\u0301rias; II &#8211; na\u0303o favorecera\u0301 nem prejudicara\u0301 ou constrangera\u0301 os alunos em raza\u0303o de suas convicc\u0327o\u0303es poli\u0301ticas, ideolo\u0301gicas, morais ou religiosas, ou da falta delas;<br \/>\nIII &#8211; na\u0303o fara\u0301 propaganda poli\u0301tico-partida\u0301ria em sala de aula nem incitara\u0301 seus alunos a participar de manifestac\u0327o\u0303es, atos pu\u0301blicos e passeatas;<br \/>\nIV &#8211; ao tratar de questo\u0303es poli\u0301ticas, socioculturais e econo\u0302micas, apresentara\u0301 aos alunos, de forma justa, as principais verso\u0303es, teorias, opinio\u0303es e perspectivas concorrentes a respeito;<br \/>\nV &#8211; respeitara\u0301 o direito dos pais dos alunos a que seus filhos recebam a educac\u0327a\u0303o religiosa e moral que esteja de acordo com as suas pro\u0301prias convicc\u0327o\u0303es;<br \/>\nVI \u2013 n\u00e3o permitir\u00e1 que os direitos assegurados nos itens sejam violados pela ac\u0327a\u0303o de estudantes ou terceiros, dentro da sala de aula.<\/p>\n<p style=\"text-align: justify;\"><strong>Art. 6o.<\/strong> Os alunos matriculados no ensino fundamental e no ensino me\u0301dio sera\u0303o informados e educados sobre os direitos que decorrem da liberdade de conscie\u0302ncia e de crenc\u0327a assegurada pela Constituic\u0327a\u0303o Federal, especialmente sobre o disposto no art. 5o desta Lei.<\/p>\n<p style=\"text-align: justify;\"><strong>Art. 7o.<\/strong> Os professores, os estudantes e os pais ou responsa\u0301veis sera\u0303o informados e educados sobre os limites e\u0301ticos e juri\u0301dicos da atividade docente, especialmente no que tange aos princi\u0301pios referidos no art. 1o desta Lei.<\/p>\n<p style=\"text-align: justify;\"><strong>Art. 8o.<\/strong> O ministe\u0301rio e as secretarias de educac\u0327a\u0303o contara\u0303o com um canal de comunicac\u0327a\u0303o destinado ao recebimento de reclamac\u0327o\u0303es relacionadas ao descumprimento desta Lei, assegurado o anonimato.<br \/>\nPara\u0301grafo u\u0301nico. As reclamac\u0327o\u0303es referidas no caput deste artigo devera\u0303o ser encaminhadas ao o\u0301rga\u0303o do Ministe\u0301rio Pu\u0301blico incumbido da defesa dos interesses da crianc\u0327a e do adolescente, sob pena de responsabilidade.<\/p>\n<p style=\"text-align: justify;\"><strong>Art. 9o.<\/strong> O disposto nesta Lei aplica-se, no que couber:<br \/>\nI \u2013 a\u0300s poli\u0301ticas e planos educacionais e aos conteu\u0301dos curriculares; II &#8211; aos materiais dida\u0301ticos e paradida\u0301ticos;<br \/>\nIII &#8211; a\u0300s avaliac\u0327o\u0303es para o ingresso no ensino superior;<br \/>\nIV &#8211; a\u0300s provas de concurso para o ingresso na carreira docente;<br \/>\nV &#8211; a\u0300s instituic\u0327o\u0303es de ensino superior, respeitado o disposto no art. 207 da Constituic\u0327a\u0303o Federal. Art. 10. Esta Lei entra em vigor no prazo de sessenta dias, a partir da data de sua publicac\u0327a\u0303o.<br \/>\nJ UST I FI CATI VA<\/p>\n<p style=\"text-align: justify;\">O presente projeto de lei foi <strong>inspirado na luta do Movimento Escola Sem Partido<\/strong>.<br \/>\nE\u0301 fato noto\u0301rio que professores e autores de materiais dida\u0301ticos ve\u0302m se utilizando de suas aulas e de suas obras para tentar obter a adesa\u0303o dos estudantes a\u0300 determinadas correntes poli\u0301ticas e ideolo\u0301gicas para fazer com que eles adotem padro\u0303es de julgamento e de conduta moral \u2013 especialmente moral sexual\u2013incompati\u0301veis com os que lhes sa\u0303o ensinados por seus pais ou responsa\u0301veis.<\/p>\n<p style=\"text-align: justify;\">Diante dessa realidade \u2013 conhecida por experie\u0302ncia direta de todos os que passaram pelo sistema de ensino nos u\u0301ltimos 20 ou 30 anos \u2013, entendemos que e\u0301 necessa\u0301rio e urgente adotar medidas eficazes para prevenir a pra\u0301tica da doutrinac\u0327a\u0303o poli\u0301tica e ideolo\u0301gica nas escolas, e a usurpac\u0327a\u0303o do direito dos pais a que seus filhos recebam a educac\u0327a\u0303o moral que esteja de acordo com suas pro\u0301prias convicc\u0327o\u0303es.<br \/>\nTrata-se, afinal, de pra\u0301ticas ili\u0301citas, violadoras de direitos e liberdades fundamentais dos estudantes e de seus pais ou responsa\u0301veis, como se passa a demonstrar:<\/p>\n<p style=\"text-align: justify;\">\n<strong>1 &#8211; A liberdade de conscie\u0302ncia<\/strong> \u2013 assegurada pelo art. 5o, VI, da Constituic\u0327a\u0303o Federal \u2013 compreende o direito do estudante a que o seu conhecimento da realidade na\u0303o seja manipulado para fins poli\u0301ticos e ideolo\u0301gicos, pela ac\u0327a\u0303o dos seus professores;<\/p>\n<p style=\"text-align: justify;\">\n<strong>2 &#8211; O cara\u0301ter obrigato\u0301rio do ensino na\u0303o anula e na\u0303o restringe a liberdade de conscie\u0302ncia do indivi\u0301duo.<\/strong> Por isso, o fato de o estudante ser obrigado a assistir a\u0300s aulas de um professor implica para esse profissional o dever de na\u0303o utilizar sua disciplina como instrumento de cooptac\u0327a\u0303o poli\u0301tico-partida\u0301ria ou ideolo\u0301gica;<\/p>\n<p style=\"text-align: justify;\">\n<strong>3 &#8211;<\/strong> Ora, e\u0301 evidente que a <strong>liberdade de conscie\u0302ncia dos estudantes<\/strong> restara\u0301 violada se o professor puder se aproveitar de sua audie\u0302ncia cativa para promover em sala de aula suas pro\u0301prias concepc\u0327o\u0303es poli\u0301ticas, ideolo\u0301gicas e morais;<\/p>\n<p style=\"text-align: justify;\">\n<strong>4 &#8211; Liberdade de ensinar<\/strong> \u2013 assegurada pelo art. 206, II, da Constituic\u0327a\u0303o Federal \u2013 na\u0303o se confunde com a liberdade de expressa\u0303o. Na\u0303o existe liberdade de expressa\u0303o no exerci\u0301cio estrito da atividade docente, sob pena de ser anulada a liberdade de conscie\u0302ncia e de crenc\u0327a dos estudantes, que formam, em sala de aula, uma audie\u0302ncia cativa;<\/p>\n<p style=\"text-align: justify;\">\n<strong>5 &#8211;<\/strong> De forma ana\u0301loga, na\u0303o desfrutam os estudantes de <strong>liberdade de escolha<\/strong> em relac\u0327a\u0303o a\u0300s obras dida\u0301ticas e paradida\u0301ticas cuja leitura lhes e\u0301 imposta por seus professores, o que justifica o disposto no art. 9o, II, do projeto de lei;<\/p>\n<p style=\"text-align: justify;\">\n<strong>6 &#8211;<\/strong> Ale\u0301m disso, a doutrinac\u0327a\u0303o poli\u0301tica e ideolo\u0301gica em sala de aula compromete gravemente a l<strong>iberdade poli\u0301tica do estudante<\/strong>, na medida em que visa a induzi- lo a fazer determinadas escolhas poli\u0301ticas e ideolo\u0301gicas, que beneficiam, direta ou indiretamente as poli\u0301ticas, os movimentos, as organizac\u0327o\u0303es, os governos, os partidos e os candidatos que desfrutam da simpatia do professor;<\/p>\n<p style=\"text-align: justify;\">\n<strong>7 &#8211;<\/strong> Sendo assim, na\u0303o ha\u0301 du\u0301vida de que os estudantes que se encontram em tal situac\u0327a\u0303o esta\u0303o sendo manipulados e explorados politicamente, o que <strong>ofende o art. 5o do Estatuto da Crianc\u0327a e do Adolescente (ECA)<\/strong>, segundo o qual \u201cnenhuma crianc\u0327a ou adolescente sera\u0301 objeto de qualquer forma de explorac\u0327a\u0303o\u201d;<\/p>\n<p style=\"text-align: justify;\">\n<strong>8 &#8211;<\/strong> Ao estigmatizar determinadas perspectivas poli\u0301ticas e ideolo\u0301gicas, a doutrinac\u0327a\u0303o <strong>cria as condic\u0327o\u0303es para o bullying poli\u0301tico e ideolo\u0301gico<\/strong> que e\u0301 praticado pelos pro\u0301prios estudantes contra seus colegas. Em certos ambientes, um aluno que assuma publicamente uma milita\u0302ncia ou postura que na\u0303o seja a da corrente dominante corre se\u0301rio risco de ser isolado, hostilizado e ate\u0301 agredido fisicamente pelos colegas. E isso se deve, principalmente, ao ambiente de sectarismo criado pela doutrinac\u0327a\u0303o;<\/p>\n<p style=\"text-align: justify;\">\n<strong>9 &#8211;<\/strong> A doutrinac\u0327a\u0303o <strong>infringe, tambe\u0301m, o disposto no art. 53 do Estatuto da Crianc\u0327a<\/strong> e do Adolescente, que garante aos estudantes \u201co direito de ser respeitado por seus educadores\u201d. Com efeito, um professor que deseja transformar seus alunos em re\u0301plicas ideolo\u0301gicas de si mesmo evidentemente na\u0303o os estara\u0301 respeitando;<\/p>\n<p style=\"text-align: justify;\">\n<strong>10 &#8211;<\/strong> A pra\u0301tica da doutrinac\u0327a\u0303o poli\u0301tica e ideolo\u0301gica nas escolas configura, ademais, uma clara <strong>violac\u0327a\u0303o ao pro\u0301prio regime democra\u0301tico<\/strong>, na medida em que ela instrumentaliza o sistema pu\u0301blico de ensino com o objetivo de desequilibrar o jogo poli\u0301tico em favor de determinados competidores;<\/p>\n<p style=\"text-align: justify;\">\n<strong>11 &#8211;<\/strong> Por outro lado, e\u0301 inega\u0301vel que, como entidades pertencentes a\u0300 Administrac\u0327a\u0303o Pu\u0301blica, as escolas pu\u0301blicas esta\u0303o sujeitas ao <strong>princi\u0301pio constitucional da impessoalidade<\/strong>, e isto significa, nas palavras de Celso Antonio Bandeira de Mello (Curso de Direito Administrativo, Malheiros, 15a ed., p. 104), que \u201cnem favoritismo nem perseguic\u0327o\u0303es sa\u0303o tolera\u0301veis. Simpatias ou animosidades pessoais, poli\u0301ticas ou ideolo\u0301gicas na\u0303o podem interferir na atuac\u0327a\u0303o administrativa e muito menos interesses secta\u0301rios, de facc\u0327o\u0303es ou grupos de qualquer espe\u0301cie.\u201d;<\/p>\n<p style=\"text-align: justify;\">\n<strong>12 &#8211;<\/strong> E na\u0303o e\u0301 so\u0301. O uso da ma\u0301quina do Estado \u2013 que compreende o sistema de ensino \u2013 para a difusa\u0303o das concepc\u0327o\u0303es poli\u0301ticas ou ideolo\u0301gicas de seus agentes e\u0301 incompati\u0301vel com o <strong>princi\u0301pio da neutralidade poli\u0301tica e ideolo\u0301gica do Estado<\/strong>.<br \/>\nTambe\u0301m, com o princi\u0301pio republicano, com o princi\u0301pio da isonomia (igualdade de todos perante a lei) e com o princi\u0301pio do pluralismo poli\u0301tico e de ideias, todos previstos, expli\u0301cita ou implicitamente, na Constituic\u0327a\u0303o Federal;<\/p>\n<p style=\"text-align: justify;\">\n<strong>13 &#8211;<\/strong> No que se refere a\u0300 educac\u0327a\u0303o moral, referida no art. 2o, VII, do projeto de lei, a Convenc\u0327a\u0303o Americana sobre Direitos Humanos,vigente no Brasil, estabelece em seu art. 12 que <strong>\u201cos pais te\u0302m direito a que seus filhos recebam a educac\u0327a\u0303o religiosa e moral que esteja de acordo com suas pro\u0301prias convicc\u0327o\u0303es\u201d;<\/strong><\/p>\n<p style=\"text-align: justify;\">\n<strong>14 &#8211;<\/strong> Ora, se <strong>cabe aos pais decidir<\/strong> o que seus filhos devem aprender em mate\u0301ria de moral, nem o governo, nem a escola, nem os professores te\u0302m o direito de usar a sala de aula para tratar de conteu\u0301dos morais que na\u0303o tenham sido previamente aprovados pelos pais dos alunos;<\/p>\n<p style=\"text-align: justify;\">\n<strong>15 &#8211;<\/strong> Finalmente, um <strong>Estado que se define como laico<\/strong> \u2013 e que, portanto, d<strong>eve ser neutro<\/strong> em relac\u0327a\u0303o a todas as religio\u0303es \u2013 na\u0303o pode usar o sistema de ensino para promover uma determinada moralidade, ja\u0301 que a moral e\u0301 em regra insepara\u0301vel da religia\u0303o;<\/p>\n<p style=\"text-align: justify;\">\n<strong>16.<\/strong> Permitir que o governo de turno ou seus agentes utilizem o sistema de ensino para promover uma determinada moralidade e\u0301 dar-lhes o direito de vilipendiar e destruir, indiretamente, a crenc\u0327a religiosa dos estudantes, o que <strong>ofende os artigos 5o, VI, e 19, I, da Constituic\u0327a\u0303o Federal<\/strong>.<\/p>\n<p style=\"text-align: justify;\">\nAnte o exposto, entendemos que a melhor forma de combater o abuso da liberdade de ensinar e\u0301 informar os estudantes sobre o direito que eles te\u0302m de na\u0303o ser doutrinados por seus professores, a fim de que eles mesmos possam exercer a defesa desse direito, ja\u0301 que, dentro das salas de aula, ningue\u0301m mais podera\u0301 fazer isso por eles.<br \/>\nNesse sentido, o projeto que ora se apresenta esta\u0301 em perfeita sintonia com o art. 2o da Lei de Diretrizes e Bases da Educac\u0327a\u0303o Nacional, que prescreve, entre as finalidades da educac\u0327a\u0303o, o preparo do educando para o exerci\u0301cio da cidadania. Afinal, o direito de ser informado sobre os pro\u0301prios direitos e\u0301 uma questa\u0303o de estrita cidadania.<\/p>\n<p style=\"text-align: justify;\">Note-se por fim, que o projeto na\u0303o deixa de atender a\u0300 especificidade das instituic\u0327o\u0303es confessionais e particulares cujas pra\u0301ticas educativas sejam orientadas por concepc\u0327o\u0303es, princi\u0301pios e valores morais, a\u0300s quais reconhece expressamente o direito de veicular e promover os princi\u0301pios, valores e concepc\u0327o\u0303es que as definem, exigindo-se, apenas, a cie\u0302ncia e o consentimento expressos por parte dos pais ou responsa\u0301veis pelos estudantes.<\/p>\n<p style=\"text-align: justify;\">Sala das Sesso\u0303es, de de 2016.<br \/>\nMagno Malta<br \/>\nSenador<\/p>\n<p style=\"text-align: justify;\">Bem, agora que voc\u00ea j\u00e1 est\u00e1 por dentro desse assunto da Escola sem Partido, qual \u00e9 a sua opini\u00e3o?<\/p>\n<p style=\"text-align: justify;\">Veja tamb\u00e9m:<\/p>\n<p style=\"text-align: justify;\"><a href=\"https:\/\/www.estrategiaconcursos.com.br\/cursosPorMateria\/pedagogia-151\/\">Cursos de Pedagogia para Concursos<\/a><\/p>\n<p style=\"text-align: justify;\"><a href=\"https:\/\/www.estrategiaconcursos.com.br\/cursosPorMateria\/conhecimentos-pedagogicos-334\/\">Cursos de Conhecimentos Pedagogicos<\/a><\/p>\n<p style=\"text-align: justify;\">Estamos juntos at\u00e9 sua posse.<\/p>\n<p style=\"text-align: justify;\">Bons estudos.<br \/>\nFabiana Firmino<\/p>\n","protected":false},"excerpt":{"rendered":"<p>Ol\u00e1! Que bom estar aqui. Vim falar um pouco sobre \u201cEscola sem partido\u201d.\u00a0Voc\u00ea sabe o que significa? Projeto de lei para a implementa\u00e7\u00e3o da escola sem partido bate recorde diante da ferramenta de consulta p\u00fablica! A tem\u00e1tica ocasionou alvoro\u00e7o entre os professores e as institui\u00e7\u00f5es nos \u00faltimos dias. Fique atento, este assunto pode aparecer na [&hellip;]<\/p>\n","protected":false},"author":128,"featured_media":0,"comment_status":"open","ping_status":"open","sticky":false,"template":"","format":"standard","meta":{"post_tipo":"article","footnotes":""},"categories":[1],"tags":[2334],"tax_estado":[],"class_list":["post-44141","post","type-post","status-publish","format-standard","hentry","category-cursos-e-concursos","tag-escola-sem-partido"],"acf":[],"yoast_head":"<!-- This site is optimized with the Yoast SEO Premium plugin v27.2 (Yoast SEO v27.2) - https:\/\/yoast.com\/product\/yoast-seo-premium-wordpress\/ -->\n<title>Escola sem partido. Voc\u00ea sabe o que significa?<\/title>\n<meta name=\"description\" content=\"Saiba o que significa &#039;Escola Sem Partido&#039; e leia a proposta do Senado assim que coment\u00e1rios a favor e contra o conceito da Escola sem Partido.\" \/>\n<meta name=\"robots\" content=\"index, follow, max-snippet:-1, max-image-preview:large, max-video-preview:-1\" \/>\n<link rel=\"canonical\" href=\"https:\/\/www.estrategiaconcursos.com.br\/blog\/escola-sem-partido-voce-sabe-o-que-significa\/\" \/>\n<meta property=\"og:locale\" content=\"pt_BR\" \/>\n<meta property=\"og:type\" content=\"article\" \/>\n<meta property=\"og:title\" content=\"Escola sem partido. Voc\u00ea sabe o que significa?\" \/>\n<meta property=\"og:description\" content=\"Saiba o que significa &#039;Escola Sem Partido&#039; e leia a proposta do Senado assim que coment\u00e1rios a favor e contra o conceito da Escola sem Partido.\" \/>\n<meta property=\"og:url\" content=\"https:\/\/www.estrategiaconcursos.com.br\/blog\/escola-sem-partido-voce-sabe-o-que-significa\/\" \/>\n<meta property=\"og:site_name\" content=\"Estrat\u00e9gia Concursos\" \/>\n<meta property=\"article:published_time\" content=\"2016-07-24T11:47:31+00:00\" \/>\n<meta property=\"article:modified_time\" content=\"2016-12-07T20:08:10+00:00\" \/>\n<meta name=\"author\" content=\"Fabiana Firmino\" \/>\n<meta name=\"twitter:card\" content=\"summary_large_image\" \/>\n<meta name=\"twitter:creator\" content=\"@EstratConcursos\" \/>\n<meta name=\"twitter:site\" content=\"@EstratConcursos\" \/>\n<meta name=\"twitter:label1\" content=\"Escrito por\" \/>\n\t<meta name=\"twitter:data1\" content=\"Fabiana Firmino\" \/>\n\t<meta name=\"twitter:label2\" content=\"Est. tempo de leitura\" \/>\n\t<meta name=\"twitter:data2\" content=\"13 minutos\" \/>\n<script type=\"application\/ld+json\" class=\"yoast-schema-graph\">{\"@context\":\"https:\/\/schema.org\",\"@graph\":[{\"@type\":\"NewsArticle\",\"@id\":\"https:\/\/www.estrategiaconcursos.com.br\/blog\/escola-sem-partido-voce-sabe-o-que-significa\/#article\",\"isPartOf\":{\"@id\":\"https:\/\/www.estrategiaconcursos.com.br\/blog\/escola-sem-partido-voce-sabe-o-que-significa\/\"},\"author\":{\"name\":\"Fabiana Firmino\",\"@id\":\"https:\/\/www.estrategiaconcursos.com.br\/blog\/#\/schema\/person\/1a93bd543aac8f2fde618aae6dcbbda8\"},\"headline\":\"Escola sem partido. Voc\u00ea sabe o que significa?\",\"datePublished\":\"2016-07-24T11:47:31+00:00\",\"dateModified\":\"2016-12-07T20:08:10+00:00\",\"mainEntityOfPage\":{\"@id\":\"https:\/\/www.estrategiaconcursos.com.br\/blog\/escola-sem-partido-voce-sabe-o-que-significa\/\"},\"wordCount\":2674,\"commentCount\":5,\"publisher\":{\"@id\":\"https:\/\/www.estrategiaconcursos.com.br\/blog\/#organization\"},\"keywords\":[\"Escola sem partido\"],\"articleSection\":[\"Concursos P\u00fablicos\"],\"inLanguage\":\"pt-BR\",\"potentialAction\":[{\"@type\":\"CommentAction\",\"name\":\"Comment\",\"target\":[\"https:\/\/www.estrategiaconcursos.com.br\/blog\/escola-sem-partido-voce-sabe-o-que-significa\/#respond\"]}],\"copyrightYear\":\"2016\",\"copyrightHolder\":{\"@id\":\"https:\/\/www.estrategiaconcursos.com.br\/blog\/#organization\"}},{\"@type\":\"WebPage\",\"@id\":\"https:\/\/www.estrategiaconcursos.com.br\/blog\/escola-sem-partido-voce-sabe-o-que-significa\/\",\"url\":\"https:\/\/www.estrategiaconcursos.com.br\/blog\/escola-sem-partido-voce-sabe-o-que-significa\/\",\"name\":\"Escola sem partido. Voc\u00ea sabe o que significa?\",\"isPartOf\":{\"@id\":\"https:\/\/www.estrategiaconcursos.com.br\/blog\/#website\"},\"datePublished\":\"2016-07-24T11:47:31+00:00\",\"dateModified\":\"2016-12-07T20:08:10+00:00\",\"description\":\"Saiba o que significa 'Escola Sem Partido' e leia a proposta do Senado assim que coment\u00e1rios a favor e contra o conceito da Escola sem Partido.\",\"breadcrumb\":{\"@id\":\"https:\/\/www.estrategiaconcursos.com.br\/blog\/escola-sem-partido-voce-sabe-o-que-significa\/#breadcrumb\"},\"inLanguage\":\"pt-BR\",\"potentialAction\":[{\"@type\":\"ReadAction\",\"target\":[\"https:\/\/www.estrategiaconcursos.com.br\/blog\/escola-sem-partido-voce-sabe-o-que-significa\/\"]}]},{\"@type\":\"BreadcrumbList\",\"@id\":\"https:\/\/www.estrategiaconcursos.com.br\/blog\/escola-sem-partido-voce-sabe-o-que-significa\/#breadcrumb\",\"itemListElement\":[{\"@type\":\"ListItem\",\"position\":1,\"name\":\"In\u00edcio\",\"item\":\"https:\/\/www.estrategiaconcursos.com.br\/blog\/\"},{\"@type\":\"ListItem\",\"position\":2,\"name\":\"Escola sem partido. Voc\u00ea sabe o que significa?\"}]},{\"@type\":\"WebSite\",\"@id\":\"https:\/\/www.estrategiaconcursos.com.br\/blog\/#website\",\"url\":\"https:\/\/www.estrategiaconcursos.com.br\/blog\/\",\"name\":\"Estrat\u00e9gia Concursos\",\"description\":\"O blog da Estrat\u00e9gia Concursos traz not\u00edcias sobre concursos e artigos de professores oferecendo cursos para concursos (pdf + videaulas) no site.\",\"publisher\":{\"@id\":\"https:\/\/www.estrategiaconcursos.com.br\/blog\/#organization\"},\"potentialAction\":[{\"@type\":\"SearchAction\",\"target\":{\"@type\":\"EntryPoint\",\"urlTemplate\":\"https:\/\/www.estrategiaconcursos.com.br\/blog\/?s={search_term_string}\"},\"query-input\":{\"@type\":\"PropertyValueSpecification\",\"valueRequired\":true,\"valueName\":\"search_term_string\"}}],\"inLanguage\":\"pt-BR\"},{\"@type\":\"Organization\",\"@id\":\"https:\/\/www.estrategiaconcursos.com.br\/blog\/#organization\",\"name\":\"Estrat\u00e9gia Concursos\",\"url\":\"https:\/\/www.estrategiaconcursos.com.br\/blog\/\",\"logo\":{\"@type\":\"ImageObject\",\"inLanguage\":\"pt-BR\",\"@id\":\"https:\/\/www.estrategiaconcursos.com.br\/blog\/#\/schema\/logo\/image\/\",\"url\":\"https:\/\/dhg1h5j42swfq.cloudfront.net\/2025\/06\/03203428\/logo_concursos-1.jpg\",\"contentUrl\":\"https:\/\/dhg1h5j42swfq.cloudfront.net\/2025\/06\/03203428\/logo_concursos-1.jpg\",\"width\":230,\"height\":60,\"caption\":\"Estrat\u00e9gia Concursos\"},\"image\":{\"@id\":\"https:\/\/www.estrategiaconcursos.com.br\/blog\/#\/schema\/logo\/image\/\"},\"sameAs\":[\"https:\/\/x.com\/EstratConcursos\"]},{\"@type\":\"Person\",\"@id\":\"https:\/\/www.estrategiaconcursos.com.br\/blog\/#\/schema\/person\/1a93bd543aac8f2fde618aae6dcbbda8\",\"name\":\"Fabiana Firmino\",\"image\":{\"@type\":\"ImageObject\",\"inLanguage\":\"pt-BR\",\"@id\":\"https:\/\/secure.gravatar.com\/avatar\/bd563e47f59f4fab0086d431c8576fc967190456ef10160dae4549b559dd3ce4?s=96&d=mm&r=g\",\"url\":\"https:\/\/secure.gravatar.com\/avatar\/bd563e47f59f4fab0086d431c8576fc967190456ef10160dae4549b559dd3ce4?s=96&d=mm&r=g\",\"contentUrl\":\"https:\/\/secure.gravatar.com\/avatar\/bd563e47f59f4fab0086d431c8576fc967190456ef10160dae4549b559dd3ce4?s=96&d=mm&r=g\",\"caption\":\"Fabiana Firmino\"},\"description\":\"Pedagoga formada pela Universidade de Bras\u00edlia \u00e9 especialista em Gest\u00e3o\/Orienta\u00e7\u00e3o educacional e Doc\u00eancia no Ensino Superior. Atuou como coordenadora pedag\u00f3gica em uma grande empresa de cursos preparat\u00f3rios, desempenhando as fun\u00e7\u00f5es de administra\u00e7\u00e3o escolar, orienta\u00e7\u00e3o de professores e alunos; planejamento de estudo; prepara\u00e7\u00e3o emocional dos estudantes e coordena\u00e7\u00e3o de projetos. \u00c9 educadora do Sistema S, ap\u00f3s aprova\u00e7\u00e3o em Processo Seletivo Externo. Tamb\u00e9m \u00e9 docente em cursos preparat\u00f3rios, ministrando os conte\u00fados de conhecimentos Pedag\u00f3gicos, com \u00eanfase em Concursos P\u00fablicos.\",\"url\":\"https:\/\/www.estrategiaconcursos.com.br\/blog\/author\/fabianafirminoestrategiaconcursos-com-br\/\"}]}<\/script>\n<!-- \/ Yoast SEO Premium plugin. -->","yoast_head_json":{"title":"Escola sem partido. Voc\u00ea sabe o que significa?","description":"Saiba o que significa 'Escola Sem Partido' e leia a proposta do Senado assim que coment\u00e1rios a favor e contra o conceito da Escola sem Partido.","robots":{"index":"index","follow":"follow","max-snippet":"max-snippet:-1","max-image-preview":"max-image-preview:large","max-video-preview":"max-video-preview:-1"},"canonical":"https:\/\/www.estrategiaconcursos.com.br\/blog\/escola-sem-partido-voce-sabe-o-que-significa\/","og_locale":"pt_BR","og_type":"article","og_title":"Escola sem partido. Voc\u00ea sabe o que significa?","og_description":"Saiba o que significa 'Escola Sem Partido' e leia a proposta do Senado assim que coment\u00e1rios a favor e contra o conceito da Escola sem Partido.","og_url":"https:\/\/www.estrategiaconcursos.com.br\/blog\/escola-sem-partido-voce-sabe-o-que-significa\/","og_site_name":"Estrat\u00e9gia Concursos","article_published_time":"2016-07-24T11:47:31+00:00","article_modified_time":"2016-12-07T20:08:10+00:00","author":"Fabiana Firmino","twitter_card":"summary_large_image","twitter_creator":"@EstratConcursos","twitter_site":"@EstratConcursos","twitter_misc":{"Escrito por":"Fabiana Firmino","Est. tempo de leitura":"13 minutos"},"schema":{"@context":"https:\/\/schema.org","@graph":[{"@type":"NewsArticle","@id":"https:\/\/www.estrategiaconcursos.com.br\/blog\/escola-sem-partido-voce-sabe-o-que-significa\/#article","isPartOf":{"@id":"https:\/\/www.estrategiaconcursos.com.br\/blog\/escola-sem-partido-voce-sabe-o-que-significa\/"},"author":{"name":"Fabiana Firmino","@id":"https:\/\/www.estrategiaconcursos.com.br\/blog\/#\/schema\/person\/1a93bd543aac8f2fde618aae6dcbbda8"},"headline":"Escola sem partido. Voc\u00ea sabe o que significa?","datePublished":"2016-07-24T11:47:31+00:00","dateModified":"2016-12-07T20:08:10+00:00","mainEntityOfPage":{"@id":"https:\/\/www.estrategiaconcursos.com.br\/blog\/escola-sem-partido-voce-sabe-o-que-significa\/"},"wordCount":2674,"commentCount":5,"publisher":{"@id":"https:\/\/www.estrategiaconcursos.com.br\/blog\/#organization"},"keywords":["Escola sem partido"],"articleSection":["Concursos P\u00fablicos"],"inLanguage":"pt-BR","potentialAction":[{"@type":"CommentAction","name":"Comment","target":["https:\/\/www.estrategiaconcursos.com.br\/blog\/escola-sem-partido-voce-sabe-o-que-significa\/#respond"]}],"copyrightYear":"2016","copyrightHolder":{"@id":"https:\/\/www.estrategiaconcursos.com.br\/blog\/#organization"}},{"@type":"WebPage","@id":"https:\/\/www.estrategiaconcursos.com.br\/blog\/escola-sem-partido-voce-sabe-o-que-significa\/","url":"https:\/\/www.estrategiaconcursos.com.br\/blog\/escola-sem-partido-voce-sabe-o-que-significa\/","name":"Escola sem partido. Voc\u00ea sabe o que significa?","isPartOf":{"@id":"https:\/\/www.estrategiaconcursos.com.br\/blog\/#website"},"datePublished":"2016-07-24T11:47:31+00:00","dateModified":"2016-12-07T20:08:10+00:00","description":"Saiba o que significa 'Escola Sem Partido' e leia a proposta do Senado assim que coment\u00e1rios a favor e contra o conceito da Escola sem Partido.","breadcrumb":{"@id":"https:\/\/www.estrategiaconcursos.com.br\/blog\/escola-sem-partido-voce-sabe-o-que-significa\/#breadcrumb"},"inLanguage":"pt-BR","potentialAction":[{"@type":"ReadAction","target":["https:\/\/www.estrategiaconcursos.com.br\/blog\/escola-sem-partido-voce-sabe-o-que-significa\/"]}]},{"@type":"BreadcrumbList","@id":"https:\/\/www.estrategiaconcursos.com.br\/blog\/escola-sem-partido-voce-sabe-o-que-significa\/#breadcrumb","itemListElement":[{"@type":"ListItem","position":1,"name":"In\u00edcio","item":"https:\/\/www.estrategiaconcursos.com.br\/blog\/"},{"@type":"ListItem","position":2,"name":"Escola sem partido. Voc\u00ea sabe o que significa?"}]},{"@type":"WebSite","@id":"https:\/\/www.estrategiaconcursos.com.br\/blog\/#website","url":"https:\/\/www.estrategiaconcursos.com.br\/blog\/","name":"Estrat\u00e9gia Concursos","description":"O blog da Estrat\u00e9gia Concursos traz not\u00edcias sobre concursos e artigos de professores oferecendo cursos para concursos (pdf + videaulas) no site.","publisher":{"@id":"https:\/\/www.estrategiaconcursos.com.br\/blog\/#organization"},"potentialAction":[{"@type":"SearchAction","target":{"@type":"EntryPoint","urlTemplate":"https:\/\/www.estrategiaconcursos.com.br\/blog\/?s={search_term_string}"},"query-input":{"@type":"PropertyValueSpecification","valueRequired":true,"valueName":"search_term_string"}}],"inLanguage":"pt-BR"},{"@type":"Organization","@id":"https:\/\/www.estrategiaconcursos.com.br\/blog\/#organization","name":"Estrat\u00e9gia Concursos","url":"https:\/\/www.estrategiaconcursos.com.br\/blog\/","logo":{"@type":"ImageObject","inLanguage":"pt-BR","@id":"https:\/\/www.estrategiaconcursos.com.br\/blog\/#\/schema\/logo\/image\/","url":"https:\/\/dhg1h5j42swfq.cloudfront.net\/2025\/06\/03203428\/logo_concursos-1.jpg","contentUrl":"https:\/\/dhg1h5j42swfq.cloudfront.net\/2025\/06\/03203428\/logo_concursos-1.jpg","width":230,"height":60,"caption":"Estrat\u00e9gia Concursos"},"image":{"@id":"https:\/\/www.estrategiaconcursos.com.br\/blog\/#\/schema\/logo\/image\/"},"sameAs":["https:\/\/x.com\/EstratConcursos"]},{"@type":"Person","@id":"https:\/\/www.estrategiaconcursos.com.br\/blog\/#\/schema\/person\/1a93bd543aac8f2fde618aae6dcbbda8","name":"Fabiana Firmino","image":{"@type":"ImageObject","inLanguage":"pt-BR","@id":"https:\/\/secure.gravatar.com\/avatar\/bd563e47f59f4fab0086d431c8576fc967190456ef10160dae4549b559dd3ce4?s=96&d=mm&r=g","url":"https:\/\/secure.gravatar.com\/avatar\/bd563e47f59f4fab0086d431c8576fc967190456ef10160dae4549b559dd3ce4?s=96&d=mm&r=g","contentUrl":"https:\/\/secure.gravatar.com\/avatar\/bd563e47f59f4fab0086d431c8576fc967190456ef10160dae4549b559dd3ce4?s=96&d=mm&r=g","caption":"Fabiana Firmino"},"description":"Pedagoga formada pela Universidade de Bras\u00edlia \u00e9 especialista em Gest\u00e3o\/Orienta\u00e7\u00e3o educacional e Doc\u00eancia no Ensino Superior. Atuou como coordenadora pedag\u00f3gica em uma grande empresa de cursos preparat\u00f3rios, desempenhando as fun\u00e7\u00f5es de administra\u00e7\u00e3o escolar, orienta\u00e7\u00e3o de professores e alunos; planejamento de estudo; prepara\u00e7\u00e3o emocional dos estudantes e coordena\u00e7\u00e3o de projetos. \u00c9 educadora do Sistema S, ap\u00f3s aprova\u00e7\u00e3o em Processo Seletivo Externo. Tamb\u00e9m \u00e9 docente em cursos preparat\u00f3rios, ministrando os conte\u00fados de conhecimentos Pedag\u00f3gicos, com \u00eanfase em Concursos P\u00fablicos.","url":"https:\/\/www.estrategiaconcursos.com.br\/blog\/author\/fabianafirminoestrategiaconcursos-com-br\/"}]}},"_links":{"self":[{"href":"https:\/\/www.estrategiaconcursos.com.br\/blog\/wp-json\/wp\/v2\/posts\/44141","targetHints":{"allow":["GET"]}}],"collection":[{"href":"https:\/\/www.estrategiaconcursos.com.br\/blog\/wp-json\/wp\/v2\/posts"}],"about":[{"href":"https:\/\/www.estrategiaconcursos.com.br\/blog\/wp-json\/wp\/v2\/types\/post"}],"author":[{"embeddable":true,"href":"https:\/\/www.estrategiaconcursos.com.br\/blog\/wp-json\/wp\/v2\/users\/128"}],"replies":[{"embeddable":true,"href":"https:\/\/www.estrategiaconcursos.com.br\/blog\/wp-json\/wp\/v2\/comments?post=44141"}],"version-history":[{"count":3,"href":"https:\/\/www.estrategiaconcursos.com.br\/blog\/wp-json\/wp\/v2\/posts\/44141\/revisions"}],"predecessor-version":[{"id":57389,"href":"https:\/\/www.estrategiaconcursos.com.br\/blog\/wp-json\/wp\/v2\/posts\/44141\/revisions\/57389"}],"wp:attachment":[{"href":"https:\/\/www.estrategiaconcursos.com.br\/blog\/wp-json\/wp\/v2\/media?parent=44141"}],"wp:term":[{"taxonomy":"category","embeddable":true,"href":"https:\/\/www.estrategiaconcursos.com.br\/blog\/wp-json\/wp\/v2\/categories?post=44141"},{"taxonomy":"post_tag","embeddable":true,"href":"https:\/\/www.estrategiaconcursos.com.br\/blog\/wp-json\/wp\/v2\/tags?post=44141"},{"taxonomy":"tax_estado","embeddable":true,"href":"https:\/\/www.estrategiaconcursos.com.br\/blog\/wp-json\/wp\/v2\/tax_estado?post=44141"}],"curies":[{"name":"wp","href":"https:\/\/api.w.org\/{rel}","templated":true}]}}