{"id":440815,"date":"2025-12-03T14:03:27","date_gmt":"2025-12-03T17:03:27","guid":{"rendered":"https:\/\/www.estrategiaconcursos.com.br\/blog\/?p=440815"},"modified":"2026-04-14T14:54:29","modified_gmt":"2026-04-14T17:54:29","slug":"concurso-prefeitura-sao-joao-da-barra","status":"publish","type":"post","link":"https:\/\/www.estrategiaconcursos.com.br\/blog\/concurso-prefeitura-sao-joao-da-barra\/","title":{"rendered":"Concurso Prefeitura S\u00e3o Jo\u00e3o da Barra \u00e9 autorizado!"},"content":{"rendered":"\n<p>A <strong>Prefeitura de S\u00e3o Jo\u00e3o da Barra<\/strong>, munic\u00edpio do Rio de Janeiro, foi autorizada a promover um novo <strong>concurso p\u00fablico<\/strong>.<\/p>\n\n\n\n<p>Atrav\u00e9s da Lei n\u00ba 1435\/2025, de 3 de dezembro de 2025, foram criados <strong>345 novos cargos<\/strong> para diversos cargos de n\u00edvel superior.<\/p>\n\n\n\n<p>As carreiras s\u00e3o das \u00e1reas da Educa\u00e7\u00e3o e Sa\u00fade, possuem carga hor\u00e1ria semanal de 18 a 30 horas e sal\u00e1rios de <strong>R$ 2.932,78 a R$ 4.176,78.<\/strong><\/p>\n\n\n\n<p>Agora, o munic\u00edpio deve formar uma comiss\u00e3o respons\u00e1vel pela viabilidade e fiscaliza\u00e7\u00e3o do certame, al\u00e9m de uma banca que ter\u00e1 de organizar e publicar o pr\u00f3ximo edital.<\/p>\n\n\n\n<p>Ademais, sob organiza\u00e7\u00e3o do Instituto IBDO, o \u00faltimo concurso da <strong>Prefeitura de S\u00e3o Jo\u00e3o da Barra<\/strong> aconteceu em 2019 e contou com 87 vagas imediatas para cargos de n\u00edveis m\u00e9dio e superior. <\/p>\n\n\n\n<ul class=\"wp-block-list has-very-light-gray-to-cyan-bluish-gray-gradient-background has-background\">\n<li><strong>Prefeitura Municipal de S\u00e3o Jo\u00e3o da Barra &#8211; RJ<\/strong><\/li>\n\n\n\n<li><strong style=\"color: initial;\">Status:&nbsp;<\/strong>autorizado<\/li>\n\n\n\n<li><strong>Banca:<\/strong>&nbsp;a definir<\/li>\n\n\n\n<li><strong>Vagas:<\/strong> 345<\/li>\n\n\n\n<li><strong>Sal\u00e1rio inicial:<\/strong>&nbsp;R$ 2.932,78 a R$ 4.176,78<\/li>\n\n\n\n<li><strong>\u00daltimo edital<\/strong>:&nbsp;<a href=\"https:\/\/dhg1h5j42swfq.cloudfront.net\/2019\/10\/28102446\/Edital_S%C3%A3o_Jo%C3%A3o_da_Barra_RJ.pdf?utm_source=google&amp;utm_medium=cpc&amp;utm_campaign=ec-adm-vd-gsh-curn-web-170326\" target=\"_blank\" rel=\"noreferrer noopener nofollow\">S\u00e3o Jo\u00e3o da Barra RJ 2019<\/a><\/li>\n<\/ul>\n\n\n\n<p>Neste artigo voc\u00ea encontra as principais informa\u00e7\u00f5es do Concurso S\u00e3o Jo\u00e3o da Barra. Acompanhe os t\u00f3picos abaixo e n\u00e3o perca nenhum detalhe:<\/p>\n\n\n\n<ul id=\"indice\" class=\"wp-block-list\">\n<li><a href=\"#proximo\" type=\"internal\" id=\"#proximo\"><strong>Cargos do pr\u00f3ximo edital<\/strong><\/a><\/li>\n\n\n\n<li><strong><a href=\"#ultimo\" type=\"internal\" id=\"#ultimo\">\u00daltimo concurso<\/a><\/strong>\n<ul class=\"wp-block-list\">\n<li><a href=\"#cargo\">Cargos, vagas e sal\u00e1rios<\/a><\/li>\n\n\n\n<li><a href=\"#etapas\"><strong>Etapa de prova<\/strong><\/a><\/li>\n<\/ul>\n<\/li>\n\n\n\n<li><a href=\"#cursos\"><strong>Assinatura e cursos<\/strong><\/a><\/li>\n\n\n\n<li><a href=\"#ficha\"><strong>Ficha t\u00e9cnica<\/strong><\/a><\/li>\n<\/ul>\n\n\n\n<div class=\"container\" id=\"boxes\">\n  <div class=\"row\">\n\n    <div class=\"col-sm\">\n      <div class=\"banner-prefeituras-ec\" id=\"box-assinatura\">\n        <h2 class=\"titulo-assinatura\" style=\"text-align: left;\">Concursos Prefeituras<\/h2>\n        <p class=\"subtitulo-assinatura\" style=\"text-align: left;\">Prepara\u00e7\u00e3o completa para a carreira!<\/p>\n        <div class=\"box-botao\" style=\"text-align: left;\">\n          <a class=\"btn-assinatura\" target=\"_blank\" href=\"https:\/\/www.estrategiaconcursos.com.br\/pesquisa\/?q=prefeitura+s\u00e3o+jo\u00e3o+da+barra\" role=\"button\" rel=\"noopener noreferrer\">EXPLORAR CURSOS<\/a>\n        <\/div>\n      <\/div><\/div><\/div><\/div>\n\n\n\n<h2 class=\"wp-block-heading\" id=\"proximo\">Concurso S\u00e3o Jo\u00e3o da Barra: cargos do pr\u00f3ximo edital<\/h2>\n\n\n\n<p>A  <a href=\"https:\/\/dhg1h5j42swfq.cloudfront.net\/2026\/04\/13140312\/219_25_do-03122025-ed219.pdf\" target=\"_blank\" rel=\"noreferrer noopener nofollow\">Lei n\u00ba 1435\/2025<\/a> criou e autorizou a realiza\u00e7\u00e3o de um novo concurso para os cargos de:<\/p>\n\n\n\n<figure class=\"wp-block-table is-style-stripes\"><table class=\"has-fixed-layout\"><thead><tr><td class=\"has-text-align-center\" data-align=\"center\"><strong>Cargo<\/strong><\/td><td class=\"has-text-align-center\" data-align=\"center\"><strong>Carga Hor\u00e1ria Semanal<\/strong><\/td><td class=\"has-text-align-center\" data-align=\"center\"><strong>N.\u00ba de Vagas<\/strong><\/td><td class=\"has-text-align-center\" data-align=\"center\"><strong>Sal\u00e1rio Base (R$)<\/strong><\/td><\/tr><\/thead><tbody><tr><td class=\"has-text-align-center\" data-align=\"center\">Professor Auxiliar de Creche*<\/td><td class=\"has-text-align-center\" data-align=\"center\">30 h<\/td><td class=\"has-text-align-center\" data-align=\"center\">15<\/td><td class=\"has-text-align-center\" data-align=\"center\">3.847,53<\/td><\/tr><tr><td class=\"has-text-align-center\" data-align=\"center\">Professor II \u2013 1\u00ba ao 5\u00ba Ano<\/td><td class=\"has-text-align-center\" data-align=\"center\">30 h<\/td><td class=\"has-text-align-center\" data-align=\"center\">20<\/td><td class=\"has-text-align-center\" data-align=\"center\">3.847,53<\/td><\/tr><tr><td class=\"has-text-align-center\" data-align=\"center\">Professor Infantil Pr\u00e9-Escola<\/td><td class=\"has-text-align-center\" data-align=\"center\">30 h<\/td><td class=\"has-text-align-center\" data-align=\"center\">21<\/td><td class=\"has-text-align-center\" data-align=\"center\">3.847,53<\/td><\/tr><tr><td class=\"has-text-align-center\" data-align=\"center\">Professor Infantil Creche<\/td><td class=\"has-text-align-center\" data-align=\"center\">30 h<\/td><td class=\"has-text-align-center\" data-align=\"center\">16<\/td><td class=\"has-text-align-center\" data-align=\"center\">3.847,53<\/td><\/tr><tr><td class=\"has-text-align-center\" data-align=\"center\">Professor L\u00edngua Portuguesa (Prof. I)<\/td><td class=\"has-text-align-center\" data-align=\"center\">18 h<\/td><td class=\"has-text-align-center\" data-align=\"center\">09<\/td><td class=\"has-text-align-center\" data-align=\"center\">2.932,78<\/td><\/tr><tr><td class=\"has-text-align-center\" data-align=\"center\">Professor Matem\u00e1tica (Prof. I)<\/td><td class=\"has-text-align-center\" data-align=\"center\">18 h<\/td><td class=\"has-text-align-center\" data-align=\"center\">18<\/td><td class=\"has-text-align-center\" data-align=\"center\">2.932,78<\/td><\/tr><tr><td class=\"has-text-align-center\" data-align=\"center\">Professor Ci\u00eancias (Prof. I)<\/td><td class=\"has-text-align-center\" data-align=\"center\">18 h<\/td><td class=\"has-text-align-center\" data-align=\"center\">07<\/td><td class=\"has-text-align-center\" data-align=\"center\">2.932,78<\/td><\/tr><tr><td class=\"has-text-align-center\" data-align=\"center\">Professor Hist\u00f3ria (Prof. I)<\/td><td class=\"has-text-align-center\" data-align=\"center\">18 h<\/td><td class=\"has-text-align-center\" data-align=\"center\">12<\/td><td class=\"has-text-align-center\" data-align=\"center\">2.932,78<\/td><\/tr><tr><td class=\"has-text-align-center\" data-align=\"center\">Professor Geografia (Prof. I)<\/td><td class=\"has-text-align-center\" data-align=\"center\">18 h<\/td><td class=\"has-text-align-center\" data-align=\"center\">07<\/td><td class=\"has-text-align-center\" data-align=\"center\">2.932,78<\/td><\/tr><tr><td class=\"has-text-align-center\" data-align=\"center\">Professor Ingl\u00eas (Prof. I)<\/td><td class=\"has-text-align-center\" data-align=\"center\">18 h<\/td><td class=\"has-text-align-center\" data-align=\"center\">04<\/td><td class=\"has-text-align-center\" data-align=\"center\">2.932,78<\/td><\/tr><tr><td class=\"has-text-align-center\" data-align=\"center\">Professor Espanhol (Prof. I)<\/td><td class=\"has-text-align-center\" data-align=\"center\">18 h<\/td><td class=\"has-text-align-center\" data-align=\"center\">04<\/td><td class=\"has-text-align-center\" data-align=\"center\">2.932,78<\/td><\/tr><tr><td class=\"has-text-align-center\" data-align=\"center\">Professor Educa\u00e7\u00e3o F\u00edsica (Prof. I)<\/td><td class=\"has-text-align-center\" data-align=\"center\">18 h<\/td><td class=\"has-text-align-center\" data-align=\"center\">34<\/td><td class=\"has-text-align-center\" data-align=\"center\">2.932,78<\/td><\/tr><tr><td class=\"has-text-align-center\" data-align=\"center\">Professor Artes (Prof. I)<\/td><td class=\"has-text-align-center\" data-align=\"center\">18 h<\/td><td class=\"has-text-align-center\" data-align=\"center\">09<\/td><td class=\"has-text-align-center\" data-align=\"center\">2.932,78<\/td><\/tr><tr><td class=\"has-text-align-center\" data-align=\"center\">Pedagogo<\/td><td class=\"has-text-align-center\" data-align=\"center\">20 h<\/td><td class=\"has-text-align-center\" data-align=\"center\">38<\/td><td class=\"has-text-align-center\" data-align=\"center\">4.176,78<\/td><\/tr><tr><td class=\"has-text-align-center\" data-align=\"center\">Psicopedagogo<\/td><td class=\"has-text-align-center\" data-align=\"center\">20 h<\/td><td class=\"has-text-align-center\" data-align=\"center\">18<\/td><td class=\"has-text-align-center\" data-align=\"center\">4.176,78<\/td><\/tr><tr><td class=\"has-text-align-center\" data-align=\"center\">Assistente Social<\/td><td class=\"has-text-align-center\" data-align=\"center\">20 h<\/td><td class=\"has-text-align-center\" data-align=\"center\">15<\/td><td class=\"has-text-align-center\" data-align=\"center\">4.176,78<\/td><\/tr><tr><td class=\"has-text-align-center\" data-align=\"center\">Psic\u00f3logo<\/td><td class=\"has-text-align-center\" data-align=\"center\">20 h<\/td><td class=\"has-text-align-center\" data-align=\"center\">23<\/td><td class=\"has-text-align-center\" data-align=\"center\">4.176,78<\/td><\/tr><tr><td class=\"has-text-align-center\" data-align=\"center\">Fonoaudi\u00f3logo<\/td><td class=\"has-text-align-center\" data-align=\"center\">20 h<\/td><td class=\"has-text-align-center\" data-align=\"center\">14<\/td><td class=\"has-text-align-center\" data-align=\"center\">4.176,78<\/td><\/tr><tr><td class=\"has-text-align-center\" data-align=\"center\">Nutricionista<\/td><td class=\"has-text-align-center\" data-align=\"center\">20 h<\/td><td class=\"has-text-align-center\" data-align=\"center\">06<\/td><td class=\"has-text-align-center\" data-align=\"center\">4.176,78<\/td><\/tr><tr><td class=\"has-text-align-center\" data-align=\"center\">Fisioterapeuta<\/td><td class=\"has-text-align-center\" data-align=\"center\">20 h<\/td><td class=\"has-text-align-center\" data-align=\"center\">24<\/td><td class=\"has-text-align-center\" data-align=\"center\">4.176,78<\/td><\/tr><tr><td class=\"has-text-align-center\" data-align=\"center\">Musicoterapeuta<\/td><td class=\"has-text-align-center\" data-align=\"center\">20 h<\/td><td class=\"has-text-align-center\" data-align=\"center\">01<\/td><td class=\"has-text-align-center\" data-align=\"center\">4.176,78<\/td><\/tr><tr><td class=\"has-text-align-center\" data-align=\"center\">Orientador Educacional<\/td><td class=\"has-text-align-center\" data-align=\"center\">20 h<\/td><td class=\"has-text-align-center\" data-align=\"center\">30<\/td><td class=\"has-text-align-center\" data-align=\"center\">4.176,78<\/td><\/tr><\/tbody><\/table><\/figure>\n\n\n\n<h2 class=\"wp-block-heading\" id=\"ultimo\">Concurso S\u00e3o Jo\u00e3o da Barra: \u00faltimo edital<\/h2>\n\n\n\n<p>Sob organiza\u00e7\u00e3o do Instituto IBDO, o \u00faltimo certame aconteceu em 2019 e ofertou <strong>87 vagas imediatas<\/strong>. Dessas, 79 foram para ampla concorr\u00eancia e 8 para Pessoas com Defici\u00eancia, para diversos cargos com exig\u00eancia de n\u00edvel m\u00e9dio e superior.<\/p>\n\n\n\n<h3 class=\"wp-block-heading\" id=\"cargo\">Cargos, vagas e sal\u00e1rios<\/h3>\n\n\n\n<h4 class=\"wp-block-heading\" id=\"med\">N\u00edvel m\u00e9dio\/t\u00e9cnico<\/h4>\n\n\n\n<figure class=\"wp-block-table is-style-stripes\"><table class=\"has-fixed-layout\"><thead><tr><th class=\"has-text-align-center\" data-align=\"center\"><strong>Cargos<\/strong><\/th><th class=\"has-text-align-center\" data-align=\"center\"><strong>Vagas AC<\/strong><\/th><th class=\"has-text-align-center\" data-align=\"center\"><strong>Vagas PcD<\/strong><\/th><th class=\"has-text-align-center\" data-align=\"center\"><strong>Remunera\u00e7\u00e3o<\/strong><\/th><th class=\"has-text-align-center\" data-align=\"center\"><strong>Carga hor\u00e1ria<\/strong><\/th><\/tr><\/thead><tbody><tr><td class=\"has-text-align-center\" data-align=\"center\">Guarda Municipal<\/td><td class=\"has-text-align-center\" data-align=\"center\">18<\/td><td class=\"has-text-align-center\" data-align=\"center\">2<\/td><td class=\"has-text-align-center\" data-align=\"center\">R$ 1.499,31<\/td><td class=\"has-text-align-center\" data-align=\"center\">44h<\/td><\/tr><tr><td class=\"has-text-align-center\" data-align=\"center\">Agente de Tributos<\/td><td class=\"has-text-align-center\" data-align=\"center\">5<\/td><td class=\"has-text-align-center\" data-align=\"center\">1<\/td><td class=\"has-text-align-center\" data-align=\"center\">R$ 1.772,40<\/td><td class=\"has-text-align-center\" data-align=\"center\">40h<\/td><\/tr><tr><td class=\"has-text-align-center\" data-align=\"center\">Agente de Fiscaliza\u00e7\u00e3o de Obras<\/td><td class=\"has-text-align-center\" data-align=\"center\">4<\/td><td class=\"has-text-align-center\" data-align=\"center\">\u2013<\/td><td class=\"has-text-align-center\" data-align=\"center\">R$ 1.772,40<\/td><td class=\"has-text-align-center\" data-align=\"center\">40h<\/td><\/tr><tr><td class=\"has-text-align-center\" data-align=\"center\">Agente de Fiscaliza\u00e7\u00e3o de Postura<\/td><td class=\"has-text-align-center\" data-align=\"center\">5<\/td><td class=\"has-text-align-center\" data-align=\"center\">1<\/td><td class=\"has-text-align-center\" data-align=\"center\">R$ 1.772,40<\/td><td class=\"has-text-align-center\" data-align=\"center\">40h<\/td><\/tr><tr><td class=\"has-text-align-center\" data-align=\"center\">Agente de Fiscaliza\u00e7\u00e3o em Sa\u00fade<\/td><td class=\"has-text-align-center\" data-align=\"center\">5<\/td><td class=\"has-text-align-center\" data-align=\"center\">1<\/td><td class=\"has-text-align-center\" data-align=\"center\">R$ 1.772,40<\/td><td class=\"has-text-align-center\" data-align=\"center\">40h<\/td><\/tr><tr><td class=\"has-text-align-center\" data-align=\"center\">Agente de Fiscaliza\u00e7\u00e3o de Transporte P\u00fablico<\/td><td class=\"has-text-align-center\" data-align=\"center\">5<\/td><td class=\"has-text-align-center\" data-align=\"center\">1<\/td><td class=\"has-text-align-center\" data-align=\"center\">R$ 1.772,40<\/td><td class=\"has-text-align-center\" data-align=\"center\">40h<\/td><\/tr><\/tbody><\/table><\/figure>\n\n\n\n<h4 class=\"wp-block-heading\" id=\"sup\">N\u00edvel superior<\/h4>\n\n\n\n<figure class=\"wp-block-table is-style-stripes\"><table class=\"has-fixed-layout\"><thead><tr><th class=\"has-text-align-center\" data-align=\"center\"><strong>Cargos<\/strong><\/th><th class=\"has-text-align-center\" data-align=\"center\"><strong>Vagas<\/strong>&nbsp;<strong>AC<\/strong><\/th><th class=\"has-text-align-center\" data-align=\"center\"><strong>Vagas PcD<\/strong><\/th><th class=\"has-text-align-center\" data-align=\"center\"><strong>Remunera\u00e7\u00e3o<\/strong><\/th><th class=\"has-text-align-center\" data-align=\"center\"><strong>Carga hor\u00e1ria<\/strong><\/th><\/tr><\/thead><tbody><tr><td class=\"has-text-align-center\" data-align=\"center\">Engenheiro Civil<\/td><td class=\"has-text-align-center\" data-align=\"center\">1<\/td><td class=\"has-text-align-center\" data-align=\"center\">2<\/td><td class=\"has-text-align-center\" data-align=\"center\">R$ 3.807,19<\/td><td class=\"has-text-align-center\" data-align=\"center\">40h<\/td><\/tr><tr><td class=\"has-text-align-center\" data-align=\"center\">Contador<\/td><td class=\"has-text-align-center\" data-align=\"center\">5<\/td><td class=\"has-text-align-center\" data-align=\"center\">1<\/td><td class=\"has-text-align-center\" data-align=\"center\">R$ 3.807,19<\/td><td class=\"has-text-align-center\" data-align=\"center\">40h<\/td><\/tr><tr><td class=\"has-text-align-center\" data-align=\"center\">Auditor Fiscal de Obras<\/td><td class=\"has-text-align-center\" data-align=\"center\">5<\/td><td class=\"has-text-align-center\" data-align=\"center\">1<\/td><td class=\"has-text-align-center\" data-align=\"center\">R$ 3.807,19<\/td><td class=\"has-text-align-center\" data-align=\"center\">40h<\/td><\/tr><tr><td class=\"has-text-align-center\" data-align=\"center\">Auditor Fiscal de Tributos<\/td><td class=\"has-text-align-center\" data-align=\"center\">9<\/td><td class=\"has-text-align-center\" data-align=\"center\">1<\/td><td class=\"has-text-align-center\" data-align=\"center\">R$ 3.807,19<strong>*<\/strong><\/td><td class=\"has-text-align-center\" data-align=\"center\">40h<\/td><\/tr><tr><td class=\"has-text-align-center\" data-align=\"center\">Auditor Fiscal de Vigil\u00e2ncia Sanit\u00e1ria \u2013 Especialidade I a V<\/td><td class=\"has-text-align-center\" data-align=\"center\">5<\/td><td class=\"has-text-align-center\" data-align=\"center\">\u2013<\/td><td class=\"has-text-align-center\" data-align=\"center\">R$ 3.807,19<\/td><td class=\"has-text-align-center\" data-align=\"center\">40h<\/td><\/tr><tr><td class=\"has-text-align-center\" data-align=\"center\">Analista Fiscal de Meio Ambiente \u2013 Especialidade I a VI<\/td><td class=\"has-text-align-center\" data-align=\"center\">8<\/td><td class=\"has-text-align-center\" data-align=\"center\">\u2013<\/td><td class=\"has-text-align-center\" data-align=\"center\">R$ 3.807,19<\/td><td class=\"has-text-align-center\" data-align=\"center\">40h<\/td><\/tr><tr><td class=\"has-text-align-center\" data-align=\"center\">Auditor Municipal de Controle Interno<\/td><td class=\"has-text-align-center\" data-align=\"center\">2<\/td><td class=\"has-text-align-center\" data-align=\"center\">\u2013<\/td><td class=\"has-text-align-center\" data-align=\"center\">R$ 3.807,19<\/td><td class=\"has-text-align-center\" data-align=\"center\">40h<\/td><\/tr><tr><td class=\"has-text-align-center\" data-align=\"center\">Auditor Fiscal de Inspe\u00e7\u00e3o Sanit\u00e1ria \u2013 Especialidade I e II<\/td><td class=\"has-text-align-center\" data-align=\"center\">2<\/td><td class=\"has-text-align-center\" data-align=\"center\">\u2013<\/td><td class=\"has-text-align-center\" data-align=\"center\">R$ 3.807,19<\/td><td class=\"has-text-align-center\" data-align=\"center\">40h<\/td><\/tr><\/tbody><\/table><\/figure>\n\n\n\n<h3 class=\"wp-block-heading\" id=\"etapas\">Etapas de avalia\u00e7\u00f5es<\/h3>\n\n\n\n<p>O certame constituiu-se de:<\/p>\n\n\n\n<ul class=\"wp-block-list\">\n<li><strong>Prova Objetiva de M\u00faltipla Escolha<\/strong>&nbsp;para todos os cargos (eliminat\u00f3rio e classificat\u00f3rio);<\/li>\n\n\n\n<li><strong>Prova de T\u00edtulos<\/strong>&nbsp;somente para os cargos de n\u00edvel superior (classificat\u00f3ria);<\/li>\n\n\n\n<li><strong>Teste de Aptid\u00e3o F\u00edsica<\/strong>&nbsp;exclusivamente para o cargo de Guarda Municipal (eliminat\u00f3ria).<\/li>\n<\/ul>\n\n\n\n<h4 class=\"wp-block-heading\" id=\"objetiva\">Prova objetiva<\/h4>\n\n\n\n<p>Com dura\u00e7\u00e3o de 4 horas, a prova objetiva foi composta por&nbsp;<strong>50 quest\u00f5es<\/strong>&nbsp;de m\u00faltipla escolha, contendo quatro alternativas (A, B, C, D) cada. Foi considerado aprovado o candidato que obtiver no m\u00ednimo 50% da pontua\u00e7\u00e3o total da prova.<\/p>\n\n\n\n<ul class=\"wp-block-list\">\n<li>Conhecimentos Espec\u00edficos \u2013 30 quest\u00f5es, peso 3<\/li>\n\n\n\n<li>L\u00edngua Portuguesa \u2013 10 quest\u00f5es, peso 2<\/li>\n\n\n\n<li>Racioc\u00ednio Logico-Matem\u00e1tico \u2013 5 quest\u00f5es, peso 1<\/li>\n\n\n\n<li>Legisla\u00e7\u00e3o \u2013 5 quest\u00f5es, peso 1<\/li>\n<\/ul>\n\n\n\n<h4 class=\"wp-block-heading\" id=\"titulos\">Prova de t\u00edtulos<\/h4>\n\n\n\n<p>A prova de t\u00edtulos visou avaliar as titula\u00e7\u00f5es acad\u00eamicas dos candidatos a partir de crit\u00e9rios e pontua\u00e7\u00f5es para fins classificat\u00f3rios.<\/p>\n\n\n\n<figure class=\"wp-block-table is-style-stripes\"><table class=\"has-fixed-layout\"><thead><tr><th class=\"has-text-align-center\" data-align=\"center\"><strong>Al\u00ednea<\/strong><\/th><th class=\"has-text-align-center\" data-align=\"center\"><strong>T\u00edtulo<\/strong><\/th><th class=\"has-text-align-center\" data-align=\"center\"><strong>Valor Unit\u00e1rio<\/strong><\/th><\/tr><\/thead><tbody><tr><td class=\"has-text-align-center\" data-align=\"center\">A<\/td><td class=\"has-text-align-center\" data-align=\"center\">Certificado ou declara\u00e7\u00e3o ou atestado de conclus\u00e3o de Curso de P\u00f3s-gradua\u00e7\u00e3o&nbsp;<em>Lato Sensu<\/em>, com carga hor\u00e1ria m\u00ednima de 360 horas.<\/td><td class=\"has-text-align-center\" data-align=\"center\">02 pontos<\/td><\/tr><tr><td class=\"has-text-align-center\" data-align=\"center\">B<\/td><td class=\"has-text-align-center\" data-align=\"center\">Certificado ou declara\u00e7\u00e3o ou atestado de conclus\u00e3o de Curso de P\u00f3s-gradua\u00e7\u00e3o<em>&nbsp;Stricto Sensu<\/em>&nbsp;(Mestrado).<\/td><td class=\"has-text-align-center\" data-align=\"center\">03 pontos<\/td><\/tr><tr><td class=\"has-text-align-center\" data-align=\"center\">C<\/td><td class=\"has-text-align-center\" data-align=\"center\">Certificado ou declara\u00e7\u00e3o ou atestado de conclus\u00e3o de Curso de P\u00f3s-gradua\u00e7\u00e3o&nbsp;<em>Stricto Sensu&nbsp;<\/em>(Doutorado).<\/td><td class=\"has-text-align-center\" data-align=\"center\">05 pontos<\/td><\/tr><\/tbody><\/table><\/figure>\n\n\n\n<h4 class=\"wp-block-heading\" id=\"taf\">Teste de aptid\u00e3o f\u00edsica<\/h4>\n\n\n\n<p>Participaram desta etapa os candidatos classificados ao cargo de Guarda Municipal, devidamente aprovados na Prova Objetiva, dentro do quantitativo de tr\u00eas vezes o n\u00famero de vagas. Os exerc\u00edcios f\u00edsicos para a realiza\u00e7\u00e3o da Prova de Capacidade F\u00edsica foram os seguintes:<\/p>\n\n\n\n<ul class=\"wp-block-list\">\n<li><strong>Apoio de frente sobre o solo:&nbsp;<\/strong>o exerc\u00edcio foi executado sem contagem de tempo, em que o m\u00ednimo de repeti\u00e7\u00f5es exigidas foi 15, sendo com 06 apoios para os candidatos do sexo feminino, e 20 repeti\u00e7\u00f5es com 04 apoios para os do sexo masculino.<\/li>\n\n\n\n<li><strong>Flex\u00e3o Abdominal:&nbsp;<\/strong>foi executada sequ\u00eancia de abdominais de, no m\u00ednimo, 17 repeti\u00e7\u00f5es para o sexo feminino e de 22 repeti\u00e7\u00f5es para o sexo masculino, no tempo de 1 minuto.<\/li>\n\n\n\n<li><strong>Corrida em 12 minutos:<\/strong>&nbsp;Efetuou um deslocamento cont\u00ednuo, podendo andar ou correr, onde a dist\u00e2ncia m\u00ednima exigida foide 1.600m para o sexo feminino e 2.100m para o sexo masculino.<\/li>\n<\/ul>\n\n\n\n<hr class=\"wp-block-separator has-alpha-channel-opacity\"\/>\n\n\n\n<p class=\"has-text-align-center has-x-large-font-size\" id=\"cursos\"><em>Quer estudar para o concurso?<\/em><\/p>\n\n\n\n<div class=\"container\" id=\"boxes\">\n  <div class=\"row\">\n\n    <div class=\"col-sm\">\n      <div class=\"banner-prefeituras-ec\" id=\"box-assinatura\">\n        <h2 class=\"titulo-assinatura\" style=\"text-align: left;\">Concursos Prefeituras<\/h2>\n        <p class=\"subtitulo-assinatura\" style=\"text-align: left;\">Prepara\u00e7\u00e3o completa para a carreira!<\/p>\n        <div class=\"box-botao\" style=\"text-align: left;\">\n          <a class=\"btn-assinatura\" target=\"_blank\" href=\"https:\/\/www.estrategiaconcursos.com.br\/pesquisa\/?q=prefeitura+s\u00e3o+jo\u00e3o+da+barra\" role=\"button\" rel=\"noopener noreferrer\">EXPLORAR CURSOS<\/a>\n        <\/div>\n      <\/div><\/div><\/div><\/div>\n\n\n\n<div class=\"container\" id=\"boxes\">\n  <div class=\"row\">\n\n    <div class=\"col-sm\">\n      <div class=\"estrategia\" id=\"box-assinatura\">\n        <h3 class=\"titulo-assinatura\">Assinatura Concursos<\/h3>\n        <p class=\"subtitulo-assinatura\">Assinatura de 1 ano ou 2 anos<\/p>\n        <div class=\"box-botao\">\n          <a class=\"btn-assinatura\" target=\"_blank\" href=\"https:\/\/www.estrategiaconcursos.com.br\/assinaturas\/\" role=\"button\" rel=\"noopener noreferrer\">ASSINE AGORA<\/a>\n        <\/div>\n      <\/div><\/div><\/div><\/div>\n\n\n\n<p class=\"has-text-align-center has-x-large-font-size\" id=\"h-quer-saber-tudo-sobre-concursos-previstos-confira-os-nossos-artigos\">Quer saber tudo sobre concursos previstos?<br \/>Confira os nossos artigos!<\/p>\n\n\n\n<ul class=\"wp-block-list\">\n<li><a href=\"https:\/\/www.estrategiaconcursos.com.br\/blog\/concursos-abertos\/\" target=\"_blank\" rel=\"noreferrer noopener\">Concursos Abertos<\/a><\/li>\n\n\n\n<li><a href=\"https:\/\/www.estrategiaconcursos.com.br\/blog\/concursos-abertos-prefeituras\/?srsltid=AfmBOoqFWRgstAdShu3KWy5n7AcJBl-fkHeMc1_9f6PHsVgg__40c37J\" target=\"_blank\" rel=\"noreferrer noopener\">Concursos Abertos de Prefeituras<\/a><\/li>\n\n\n\n<li><a href=\"https:\/\/www.estrategiaconcursos.com.br\/blog\/concursos-prefeituras\/?srsltid=AfmBOorp0jdmPvhohqUpcOPqtdgGzza7gaSiuJGE4abLyOza9ZuL4Nex\" target=\"_blank\" rel=\"noreferrer noopener\">Concursos Prefeituras<\/a><\/li>\n\n\n\n<li><a href=\"https:\/\/www.estrategiaconcursos.com.br\/blog\/concursos-2026\/\" target=\"_blank\" rel=\"noreferrer noopener\">Concursos 2026<\/a><\/li>\n<\/ul>\n\n\n\n<figure class=\"wp-block-image is-resized\"><img loading=\"lazy\" decoding=\"async\" width=\"1024\" height=\"632\" src=\"https:\/\/dhg1h5j42swfq.cloudfront.net\/2021\/04\/01161145\/ficha-tecnica-5-1024x632.png\" alt=\"Informa\u00e7\u00f5es do concurso Prefeitura de S\u00e3o Jo\u00e3o da Barra - RJ\" class=\"wp-image-706736\" style=\"width:236px;height:145px\" srcset=\"https:\/\/dhg1h5j42swfq.cloudfront.net\/2021\/04\/01161145\/ficha-tecnica-5-1024x632.png 1024w, https:\/\/dhg1h5j42swfq.cloudfront.net\/2021\/04\/01161145\/ficha-tecnica-5-300x185.png 300w, https:\/\/dhg1h5j42swfq.cloudfront.net\/2021\/04\/01161145\/ficha-tecnica-5-768x474.png 768w, https:\/\/dhg1h5j42swfq.cloudfront.net\/2021\/04\/01161145\/ficha-tecnica-5-1536x948.png 1536w, https:\/\/dhg1h5j42swfq.cloudfront.net\/2021\/04\/01161145\/ficha-tecnica-5-610x377.png 610w, https:\/\/dhg1h5j42swfq.cloudfront.net\/2021\/04\/01161145\/ficha-tecnica-5.png 1571w\" sizes=\"auto, (max-width: 1024px) 100vw, 1024px\" \/><\/figure>\n\n\n\n<h3 class=\"wp-block-heading\" id=\"ficha-tecnica\">Informa\u00e7\u00f5es do pr\u00f3ximo Concurso S\u00e3o Jo\u00e3o da Barra &#8211; RJ<\/h3>\n\n\n\n<ul class=\"wp-block-list\">\n<li><strong>Data prevista:<\/strong> 2026<\/li>\n\n\n\n<li><strong>Banca<\/strong>: a definir<\/li>\n\n\n\n<li><strong>Escolaridade<\/strong>: superior<\/li>\n\n\n\n<li><strong>Vagas:<\/strong> 345<\/li>\n\n\n\n<li><strong>Cargos<\/strong>: diversos<\/li>\n\n\n\n<li><strong>\u00daltimo edital:<\/strong> <a href=\"https:\/\/dhg1h5j42swfq.cloudfront.net\/2019\/10\/28102446\/Edital_S%C3%A3o_Jo%C3%A3o_da_Barra_RJ.pdf?utm_source=google&amp;utm_medium=cpc&amp;utm_campaign=ec-adm-vd-gsh-curn-web-170326\" target=\"_blank\" rel=\"noreferrer noopener nofollow\">Edital Prefeitura S\u00e3o Jo\u00e3o da Barra<\/a><\/li>\n<\/ul>\n","protected":false},"excerpt":{"rendered":"<p>A Prefeitura de S\u00e3o Jo\u00e3o da Barra, munic\u00edpio do Rio de Janeiro, foi autorizada a promover um novo concurso p\u00fablico. Atrav\u00e9s da Lei n\u00ba 1435\/2025, de 3 de dezembro de 2025, foram criados 345 novos cargos para diversos cargos de n\u00edvel superior. As carreiras s\u00e3o das \u00e1reas da Educa\u00e7\u00e3o e Sa\u00fade, possuem carga hor\u00e1ria semanal [&hellip;]<\/p>\n","protected":false},"author":2991,"featured_media":1540739,"comment_status":"open","ping_status":"closed","sticky":false,"template":"","format":"standard","meta":{"post_tipo":"news","footnotes":""},"categories":[222278],"tags":[],"tax_estado":[],"class_list":["post-440815","post","type-post","status-publish","format-standard","has-post-thumbnail","hentry","category-prefeituras"],"acf":[],"yoast_head":"<!-- This site is optimized with the Yoast SEO Premium plugin v27.2 (Yoast SEO v27.2) - https:\/\/yoast.com\/product\/yoast-seo-premium-wordpress\/ -->\n<title>Concurso Prefeitura S\u00e3o Jo\u00e3o da Barra \u00e9 autorizado!<\/title>\n<meta name=\"description\" content=\"Concurso Prefeitura de S\u00e3o Jo\u00e3o da Barra \u00e9 autorizado; ser\u00e3o at\u00e9 345 vagas para cargos de n\u00edvel Superior. Sal\u00e1rios de at\u00e9 R$ 4,1 mil.\" \/>\n<meta name=\"robots\" content=\"index, follow, max-snippet:-1, max-image-preview:large, max-video-preview:-1\" \/>\n<link rel=\"canonical\" href=\"https:\/\/www.estrategiaconcursos.com.br\/blog\/concurso-prefeitura-sao-joao-da-barra\/\" \/>\n<meta property=\"og:locale\" content=\"pt_BR\" \/>\n<meta property=\"og:type\" content=\"article\" \/>\n<meta property=\"og:title\" content=\"Concurso Prefeitura S\u00e3o Jo\u00e3o da Barra \u00e9 autorizado!\" \/>\n<meta property=\"og:description\" content=\"Concurso Prefeitura de S\u00e3o Jo\u00e3o da Barra \u00e9 autorizado; ser\u00e3o at\u00e9 345 vagas para cargos de n\u00edvel Superior. Sal\u00e1rios de at\u00e9 R$ 4,1 mil.\" \/>\n<meta property=\"og:url\" content=\"https:\/\/www.estrategiaconcursos.com.br\/blog\/concurso-prefeitura-sao-joao-da-barra\/\" \/>\n<meta property=\"og:site_name\" content=\"Estrat\u00e9gia Concursos\" \/>\n<meta property=\"article:published_time\" content=\"2025-12-03T17:03:27+00:00\" \/>\n<meta property=\"article:modified_time\" content=\"2026-04-14T17:54:29+00:00\" \/>\n<meta property=\"og:image\" content=\"https:\/\/dhg1h5j42swfq.cloudfront.net\/2025\/03\/05201612\/concursos-prefeituras-1024x536-1.jpg\" \/>\n\t<meta property=\"og:image:width\" content=\"1024\" \/>\n\t<meta property=\"og:image:height\" content=\"536\" \/>\n\t<meta property=\"og:image:type\" content=\"image\/jpeg\" \/>\n<meta name=\"author\" content=\"Melmuara Thaiane Doneg\u00e1 C\u00e2ndido\" \/>\n<meta name=\"twitter:card\" content=\"summary_large_image\" \/>\n<meta name=\"twitter:creator\" content=\"@EstratConcursos\" \/>\n<meta name=\"twitter:site\" content=\"@EstratConcursos\" \/>\n<meta name=\"twitter:label1\" content=\"Escrito por\" \/>\n\t<meta name=\"twitter:data1\" content=\"Melmuara Thaiane Doneg\u00e1 C\u00e2ndido\" \/>\n\t<meta name=\"twitter:label2\" content=\"Est. tempo de leitura\" \/>\n\t<meta name=\"twitter:data2\" content=\"5 minutos\" \/>\n<script type=\"application\/ld+json\" class=\"yoast-schema-graph\">{\"@context\":\"https:\/\/schema.org\",\"@graph\":[{\"@type\":\"NewsArticle\",\"@id\":\"https:\/\/www.estrategiaconcursos.com.br\/blog\/concurso-prefeitura-sao-joao-da-barra\/#article\",\"isPartOf\":{\"@id\":\"https:\/\/www.estrategiaconcursos.com.br\/blog\/concurso-prefeitura-sao-joao-da-barra\/\"},\"author\":{\"name\":\"Melmuara Thaiane Doneg\u00e1 C\u00e2ndido\",\"@id\":\"https:\/\/www.estrategiaconcursos.com.br\/blog\/#\/schema\/person\/f33ffe5648e36a1ec7be14cb98aec31a\"},\"headline\":\"Concurso Prefeitura S\u00e3o Jo\u00e3o da Barra \u00e9 autorizado!\",\"datePublished\":\"2025-12-03T17:03:27+00:00\",\"dateModified\":\"2026-04-14T17:54:29+00:00\",\"mainEntityOfPage\":{\"@id\":\"https:\/\/www.estrategiaconcursos.com.br\/blog\/concurso-prefeitura-sao-joao-da-barra\/\"},\"wordCount\":1040,\"commentCount\":2,\"publisher\":{\"@id\":\"https:\/\/www.estrategiaconcursos.com.br\/blog\/#organization\"},\"image\":{\"@id\":\"https:\/\/www.estrategiaconcursos.com.br\/blog\/concurso-prefeitura-sao-joao-da-barra\/#primaryimage\"},\"thumbnailUrl\":\"https:\/\/dhg1h5j42swfq.cloudfront.net\/2025\/03\/05201612\/concursos-prefeituras-1024x536-1.jpg\",\"articleSection\":[\"Prefeituras\"],\"inLanguage\":\"pt-BR\",\"potentialAction\":[{\"@type\":\"CommentAction\",\"name\":\"Comment\",\"target\":[\"https:\/\/www.estrategiaconcursos.com.br\/blog\/concurso-prefeitura-sao-joao-da-barra\/#respond\"]}],\"copyrightYear\":\"2025\",\"copyrightHolder\":{\"@id\":\"https:\/\/www.estrategiaconcursos.com.br\/blog\/#organization\"}},{\"@type\":\"WebPage\",\"@id\":\"https:\/\/www.estrategiaconcursos.com.br\/blog\/concurso-prefeitura-sao-joao-da-barra\/\",\"url\":\"https:\/\/www.estrategiaconcursos.com.br\/blog\/concurso-prefeitura-sao-joao-da-barra\/\",\"name\":\"Concurso Prefeitura S\u00e3o Jo\u00e3o da Barra \u00e9 autorizado!\",\"isPartOf\":{\"@id\":\"https:\/\/www.estrategiaconcursos.com.br\/blog\/#website\"},\"primaryImageOfPage\":{\"@id\":\"https:\/\/www.estrategiaconcursos.com.br\/blog\/concurso-prefeitura-sao-joao-da-barra\/#primaryimage\"},\"image\":{\"@id\":\"https:\/\/www.estrategiaconcursos.com.br\/blog\/concurso-prefeitura-sao-joao-da-barra\/#primaryimage\"},\"thumbnailUrl\":\"https:\/\/dhg1h5j42swfq.cloudfront.net\/2025\/03\/05201612\/concursos-prefeituras-1024x536-1.jpg\",\"datePublished\":\"2025-12-03T17:03:27+00:00\",\"dateModified\":\"2026-04-14T17:54:29+00:00\",\"description\":\"Concurso Prefeitura de S\u00e3o Jo\u00e3o da Barra \u00e9 autorizado; ser\u00e3o at\u00e9 345 vagas para cargos de n\u00edvel Superior. Sal\u00e1rios de at\u00e9 R$ 4,1 mil.\",\"breadcrumb\":{\"@id\":\"https:\/\/www.estrategiaconcursos.com.br\/blog\/concurso-prefeitura-sao-joao-da-barra\/#breadcrumb\"},\"inLanguage\":\"pt-BR\",\"potentialAction\":[{\"@type\":\"ReadAction\",\"target\":[\"https:\/\/www.estrategiaconcursos.com.br\/blog\/concurso-prefeitura-sao-joao-da-barra\/\"]}]},{\"@type\":\"ImageObject\",\"inLanguage\":\"pt-BR\",\"@id\":\"https:\/\/www.estrategiaconcursos.com.br\/blog\/concurso-prefeitura-sao-joao-da-barra\/#primaryimage\",\"url\":\"https:\/\/dhg1h5j42swfq.cloudfront.net\/2025\/03\/05201612\/concursos-prefeituras-1024x536-1.jpg\",\"contentUrl\":\"https:\/\/dhg1h5j42swfq.cloudfront.net\/2025\/03\/05201612\/concursos-prefeituras-1024x536-1.jpg\",\"width\":1024,\"height\":536,\"caption\":\"Concurso Lagoa da Prata MG\"},{\"@type\":\"BreadcrumbList\",\"@id\":\"https:\/\/www.estrategiaconcursos.com.br\/blog\/concurso-prefeitura-sao-joao-da-barra\/#breadcrumb\",\"itemListElement\":[{\"@type\":\"ListItem\",\"position\":1,\"name\":\"In\u00edcio\",\"item\":\"https:\/\/www.estrategiaconcursos.com.br\/blog\/\"},{\"@type\":\"ListItem\",\"position\":2,\"name\":\"Concurso Prefeitura S\u00e3o Jo\u00e3o da Barra \u00e9 autorizado!\"}]},{\"@type\":\"WebSite\",\"@id\":\"https:\/\/www.estrategiaconcursos.com.br\/blog\/#website\",\"url\":\"https:\/\/www.estrategiaconcursos.com.br\/blog\/\",\"name\":\"Estrat\u00e9gia Concursos\",\"description\":\"O blog da Estrat\u00e9gia Concursos traz not\u00edcias sobre concursos e artigos de professores oferecendo cursos para concursos (pdf + videaulas) no site.\",\"publisher\":{\"@id\":\"https:\/\/www.estrategiaconcursos.com.br\/blog\/#organization\"},\"potentialAction\":[{\"@type\":\"SearchAction\",\"target\":{\"@type\":\"EntryPoint\",\"urlTemplate\":\"https:\/\/www.estrategiaconcursos.com.br\/blog\/?s={search_term_string}\"},\"query-input\":{\"@type\":\"PropertyValueSpecification\",\"valueRequired\":true,\"valueName\":\"search_term_string\"}}],\"inLanguage\":\"pt-BR\"},{\"@type\":\"Organization\",\"@id\":\"https:\/\/www.estrategiaconcursos.com.br\/blog\/#organization\",\"name\":\"Estrat\u00e9gia Concursos\",\"url\":\"https:\/\/www.estrategiaconcursos.com.br\/blog\/\",\"logo\":{\"@type\":\"ImageObject\",\"inLanguage\":\"pt-BR\",\"@id\":\"https:\/\/www.estrategiaconcursos.com.br\/blog\/#\/schema\/logo\/image\/\",\"url\":\"https:\/\/dhg1h5j42swfq.cloudfront.net\/2025\/06\/03203428\/logo_concursos-1.jpg\",\"contentUrl\":\"https:\/\/dhg1h5j42swfq.cloudfront.net\/2025\/06\/03203428\/logo_concursos-1.jpg\",\"width\":230,\"height\":60,\"caption\":\"Estrat\u00e9gia Concursos\"},\"image\":{\"@id\":\"https:\/\/www.estrategiaconcursos.com.br\/blog\/#\/schema\/logo\/image\/\"},\"sameAs\":[\"https:\/\/x.com\/EstratConcursos\"]},{\"@type\":\"Person\",\"@id\":\"https:\/\/www.estrategiaconcursos.com.br\/blog\/#\/schema\/person\/f33ffe5648e36a1ec7be14cb98aec31a\",\"name\":\"Melmuara Thaiane Doneg\u00e1 C\u00e2ndido\",\"image\":{\"@type\":\"ImageObject\",\"inLanguage\":\"pt-BR\",\"@id\":\"https:\/\/secure.gravatar.com\/avatar\/72c23c49ace6e781125178efe440f336ae4f50fbfb902780beb369688b387c4f?s=96&d=mm&r=g\",\"url\":\"https:\/\/secure.gravatar.com\/avatar\/72c23c49ace6e781125178efe440f336ae4f50fbfb902780beb369688b387c4f?s=96&d=mm&r=g\",\"contentUrl\":\"https:\/\/secure.gravatar.com\/avatar\/72c23c49ace6e781125178efe440f336ae4f50fbfb902780beb369688b387c4f?s=96&d=mm&r=g\",\"caption\":\"Melmuara Thaiane Doneg\u00e1 C\u00e2ndido\"},\"description\":\"Formada em Jornalismo em 2011 pela UniSEB-COC, Ribeir\u00e3o Preto-SP, atua desde 2017 na produ\u00e7\u00e3o de conte\u00fado para prefeituras, passando da \u00e1rea publicit\u00e1ria para a cria\u00e7\u00e3o de textos estrat\u00e9gicos e not\u00edcias sobre concursos, mantendo os concurseiros bem informados sobre os principais editais de prefeituras e concursos municipais.\",\"birthDate\":\"1990-04-21\",\"gender\":\"feminino\",\"url\":\"https:\/\/www.estrategiaconcursos.com.br\/blog\/author\/melmuara-candidoestrategia-com\/\"}]}<\/script>\n<!-- \/ Yoast SEO Premium plugin. -->","yoast_head_json":{"title":"Concurso Prefeitura S\u00e3o Jo\u00e3o da Barra \u00e9 autorizado!","description":"Concurso Prefeitura de S\u00e3o Jo\u00e3o da Barra \u00e9 autorizado; ser\u00e3o at\u00e9 345 vagas para cargos de n\u00edvel Superior. Sal\u00e1rios de at\u00e9 R$ 4,1 mil.","robots":{"index":"index","follow":"follow","max-snippet":"max-snippet:-1","max-image-preview":"max-image-preview:large","max-video-preview":"max-video-preview:-1"},"canonical":"https:\/\/www.estrategiaconcursos.com.br\/blog\/concurso-prefeitura-sao-joao-da-barra\/","og_locale":"pt_BR","og_type":"article","og_title":"Concurso Prefeitura S\u00e3o Jo\u00e3o da Barra \u00e9 autorizado!","og_description":"Concurso Prefeitura de S\u00e3o Jo\u00e3o da Barra \u00e9 autorizado; ser\u00e3o at\u00e9 345 vagas para cargos de n\u00edvel Superior. Sal\u00e1rios de at\u00e9 R$ 4,1 mil.","og_url":"https:\/\/www.estrategiaconcursos.com.br\/blog\/concurso-prefeitura-sao-joao-da-barra\/","og_site_name":"Estrat\u00e9gia Concursos","article_published_time":"2025-12-03T17:03:27+00:00","article_modified_time":"2026-04-14T17:54:29+00:00","og_image":[{"width":1024,"height":536,"url":"https:\/\/dhg1h5j42swfq.cloudfront.net\/2025\/03\/05201612\/concursos-prefeituras-1024x536-1.jpg","type":"image\/jpeg"}],"author":"Melmuara Thaiane Doneg\u00e1 C\u00e2ndido","twitter_card":"summary_large_image","twitter_creator":"@EstratConcursos","twitter_site":"@EstratConcursos","twitter_misc":{"Escrito por":"Melmuara Thaiane Doneg\u00e1 C\u00e2ndido","Est. tempo de leitura":"5 minutos"},"schema":{"@context":"https:\/\/schema.org","@graph":[{"@type":"NewsArticle","@id":"https:\/\/www.estrategiaconcursos.com.br\/blog\/concurso-prefeitura-sao-joao-da-barra\/#article","isPartOf":{"@id":"https:\/\/www.estrategiaconcursos.com.br\/blog\/concurso-prefeitura-sao-joao-da-barra\/"},"author":{"name":"Melmuara Thaiane Doneg\u00e1 C\u00e2ndido","@id":"https:\/\/www.estrategiaconcursos.com.br\/blog\/#\/schema\/person\/f33ffe5648e36a1ec7be14cb98aec31a"},"headline":"Concurso Prefeitura S\u00e3o Jo\u00e3o da Barra \u00e9 autorizado!","datePublished":"2025-12-03T17:03:27+00:00","dateModified":"2026-04-14T17:54:29+00:00","mainEntityOfPage":{"@id":"https:\/\/www.estrategiaconcursos.com.br\/blog\/concurso-prefeitura-sao-joao-da-barra\/"},"wordCount":1040,"commentCount":2,"publisher":{"@id":"https:\/\/www.estrategiaconcursos.com.br\/blog\/#organization"},"image":{"@id":"https:\/\/www.estrategiaconcursos.com.br\/blog\/concurso-prefeitura-sao-joao-da-barra\/#primaryimage"},"thumbnailUrl":"https:\/\/dhg1h5j42swfq.cloudfront.net\/2025\/03\/05201612\/concursos-prefeituras-1024x536-1.jpg","articleSection":["Prefeituras"],"inLanguage":"pt-BR","potentialAction":[{"@type":"CommentAction","name":"Comment","target":["https:\/\/www.estrategiaconcursos.com.br\/blog\/concurso-prefeitura-sao-joao-da-barra\/#respond"]}],"copyrightYear":"2025","copyrightHolder":{"@id":"https:\/\/www.estrategiaconcursos.com.br\/blog\/#organization"}},{"@type":"WebPage","@id":"https:\/\/www.estrategiaconcursos.com.br\/blog\/concurso-prefeitura-sao-joao-da-barra\/","url":"https:\/\/www.estrategiaconcursos.com.br\/blog\/concurso-prefeitura-sao-joao-da-barra\/","name":"Concurso Prefeitura S\u00e3o Jo\u00e3o da Barra \u00e9 autorizado!","isPartOf":{"@id":"https:\/\/www.estrategiaconcursos.com.br\/blog\/#website"},"primaryImageOfPage":{"@id":"https:\/\/www.estrategiaconcursos.com.br\/blog\/concurso-prefeitura-sao-joao-da-barra\/#primaryimage"},"image":{"@id":"https:\/\/www.estrategiaconcursos.com.br\/blog\/concurso-prefeitura-sao-joao-da-barra\/#primaryimage"},"thumbnailUrl":"https:\/\/dhg1h5j42swfq.cloudfront.net\/2025\/03\/05201612\/concursos-prefeituras-1024x536-1.jpg","datePublished":"2025-12-03T17:03:27+00:00","dateModified":"2026-04-14T17:54:29+00:00","description":"Concurso Prefeitura de S\u00e3o Jo\u00e3o da Barra \u00e9 autorizado; ser\u00e3o at\u00e9 345 vagas para cargos de n\u00edvel Superior. Sal\u00e1rios de at\u00e9 R$ 4,1 mil.","breadcrumb":{"@id":"https:\/\/www.estrategiaconcursos.com.br\/blog\/concurso-prefeitura-sao-joao-da-barra\/#breadcrumb"},"inLanguage":"pt-BR","potentialAction":[{"@type":"ReadAction","target":["https:\/\/www.estrategiaconcursos.com.br\/blog\/concurso-prefeitura-sao-joao-da-barra\/"]}]},{"@type":"ImageObject","inLanguage":"pt-BR","@id":"https:\/\/www.estrategiaconcursos.com.br\/blog\/concurso-prefeitura-sao-joao-da-barra\/#primaryimage","url":"https:\/\/dhg1h5j42swfq.cloudfront.net\/2025\/03\/05201612\/concursos-prefeituras-1024x536-1.jpg","contentUrl":"https:\/\/dhg1h5j42swfq.cloudfront.net\/2025\/03\/05201612\/concursos-prefeituras-1024x536-1.jpg","width":1024,"height":536,"caption":"Concurso Lagoa da Prata MG"},{"@type":"BreadcrumbList","@id":"https:\/\/www.estrategiaconcursos.com.br\/blog\/concurso-prefeitura-sao-joao-da-barra\/#breadcrumb","itemListElement":[{"@type":"ListItem","position":1,"name":"In\u00edcio","item":"https:\/\/www.estrategiaconcursos.com.br\/blog\/"},{"@type":"ListItem","position":2,"name":"Concurso Prefeitura S\u00e3o Jo\u00e3o da Barra \u00e9 autorizado!"}]},{"@type":"WebSite","@id":"https:\/\/www.estrategiaconcursos.com.br\/blog\/#website","url":"https:\/\/www.estrategiaconcursos.com.br\/blog\/","name":"Estrat\u00e9gia Concursos","description":"O blog da Estrat\u00e9gia Concursos traz not\u00edcias sobre concursos e artigos de professores oferecendo cursos para concursos (pdf + videaulas) no site.","publisher":{"@id":"https:\/\/www.estrategiaconcursos.com.br\/blog\/#organization"},"potentialAction":[{"@type":"SearchAction","target":{"@type":"EntryPoint","urlTemplate":"https:\/\/www.estrategiaconcursos.com.br\/blog\/?s={search_term_string}"},"query-input":{"@type":"PropertyValueSpecification","valueRequired":true,"valueName":"search_term_string"}}],"inLanguage":"pt-BR"},{"@type":"Organization","@id":"https:\/\/www.estrategiaconcursos.com.br\/blog\/#organization","name":"Estrat\u00e9gia Concursos","url":"https:\/\/www.estrategiaconcursos.com.br\/blog\/","logo":{"@type":"ImageObject","inLanguage":"pt-BR","@id":"https:\/\/www.estrategiaconcursos.com.br\/blog\/#\/schema\/logo\/image\/","url":"https:\/\/dhg1h5j42swfq.cloudfront.net\/2025\/06\/03203428\/logo_concursos-1.jpg","contentUrl":"https:\/\/dhg1h5j42swfq.cloudfront.net\/2025\/06\/03203428\/logo_concursos-1.jpg","width":230,"height":60,"caption":"Estrat\u00e9gia Concursos"},"image":{"@id":"https:\/\/www.estrategiaconcursos.com.br\/blog\/#\/schema\/logo\/image\/"},"sameAs":["https:\/\/x.com\/EstratConcursos"]},{"@type":"Person","@id":"https:\/\/www.estrategiaconcursos.com.br\/blog\/#\/schema\/person\/f33ffe5648e36a1ec7be14cb98aec31a","name":"Melmuara Thaiane Doneg\u00e1 C\u00e2ndido","image":{"@type":"ImageObject","inLanguage":"pt-BR","@id":"https:\/\/secure.gravatar.com\/avatar\/72c23c49ace6e781125178efe440f336ae4f50fbfb902780beb369688b387c4f?s=96&d=mm&r=g","url":"https:\/\/secure.gravatar.com\/avatar\/72c23c49ace6e781125178efe440f336ae4f50fbfb902780beb369688b387c4f?s=96&d=mm&r=g","contentUrl":"https:\/\/secure.gravatar.com\/avatar\/72c23c49ace6e781125178efe440f336ae4f50fbfb902780beb369688b387c4f?s=96&d=mm&r=g","caption":"Melmuara Thaiane Doneg\u00e1 C\u00e2ndido"},"description":"Formada em Jornalismo em 2011 pela UniSEB-COC, Ribeir\u00e3o Preto-SP, atua desde 2017 na produ\u00e7\u00e3o de conte\u00fado para prefeituras, passando da \u00e1rea publicit\u00e1ria para a cria\u00e7\u00e3o de textos estrat\u00e9gicos e not\u00edcias sobre concursos, mantendo os concurseiros bem informados sobre os principais editais de prefeituras e concursos municipais.","birthDate":"1990-04-21","gender":"feminino","url":"https:\/\/www.estrategiaconcursos.com.br\/blog\/author\/melmuara-candidoestrategia-com\/"}]}},"_links":{"self":[{"href":"https:\/\/www.estrategiaconcursos.com.br\/blog\/wp-json\/wp\/v2\/posts\/440815","targetHints":{"allow":["GET"]}}],"collection":[{"href":"https:\/\/www.estrategiaconcursos.com.br\/blog\/wp-json\/wp\/v2\/posts"}],"about":[{"href":"https:\/\/www.estrategiaconcursos.com.br\/blog\/wp-json\/wp\/v2\/types\/post"}],"author":[{"embeddable":true,"href":"https:\/\/www.estrategiaconcursos.com.br\/blog\/wp-json\/wp\/v2\/users\/2991"}],"replies":[{"embeddable":true,"href":"https:\/\/www.estrategiaconcursos.com.br\/blog\/wp-json\/wp\/v2\/comments?post=440815"}],"version-history":[{"count":31,"href":"https:\/\/www.estrategiaconcursos.com.br\/blog\/wp-json\/wp\/v2\/posts\/440815\/revisions"}],"predecessor-version":[{"id":1753439,"href":"https:\/\/www.estrategiaconcursos.com.br\/blog\/wp-json\/wp\/v2\/posts\/440815\/revisions\/1753439"}],"wp:featuredmedia":[{"embeddable":true,"href":"https:\/\/www.estrategiaconcursos.com.br\/blog\/wp-json\/wp\/v2\/media\/1540739"}],"wp:attachment":[{"href":"https:\/\/www.estrategiaconcursos.com.br\/blog\/wp-json\/wp\/v2\/media?parent=440815"}],"wp:term":[{"taxonomy":"category","embeddable":true,"href":"https:\/\/www.estrategiaconcursos.com.br\/blog\/wp-json\/wp\/v2\/categories?post=440815"},{"taxonomy":"post_tag","embeddable":true,"href":"https:\/\/www.estrategiaconcursos.com.br\/blog\/wp-json\/wp\/v2\/tags?post=440815"},{"taxonomy":"tax_estado","embeddable":true,"href":"https:\/\/www.estrategiaconcursos.com.br\/blog\/wp-json\/wp\/v2\/tax_estado?post=440815"}],"curies":[{"name":"wp","href":"https:\/\/api.w.org\/{rel}","templated":true}]}}